{"id":60727,"date":"2025-07-22T15:00:37","date_gmt":"2025-07-22T18:00:37","guid":{"rendered":"https:\/\/jornalfatosenoticias.com.br\/?p=60727"},"modified":"2025-07-22T15:00:39","modified_gmt":"2025-07-22T18:00:39","slug":"tubarao-azul-tem-pele-que-pode-mudar-de-cor","status":"publish","type":"post","link":"https:\/\/jornalfatosenoticias.com.br\/index.php\/2025\/07\/22\/tubarao-azul-tem-pele-que-pode-mudar-de-cor\/","title":{"rendered":"Tubar\u00e3o-azul tem pele que pode mudar de cor"},"content":{"rendered":"\n<p><em><span class=\"has-inline-color has-black-color\">Nova pesquisa revela que a pele do tubar\u00e3o-azul tem estrutura nanosc\u00f3pica capaz de mudar de cor conforme press\u00e3o e ambiente<\/span><\/em><\/p>\n\n\n\n<p><span class=\"has-inline-color has-black-color\">Por <strong><a href=\"https:\/\/olhardigital.com.br\/author\/ana-figueiredo\/\">Ana Luiza Figueiredo<\/a><\/strong><\/span><\/p>\n\n\n\n<div class=\"wp-block-image\"><figure class=\"aligncenter size-large\"><a href=\"https:\/\/mizu.com.br\/\"><img loading=\"lazy\" decoding=\"async\" width=\"729\" height=\"90\" src=\"https:\/\/jornalfatosenoticias.com.br\/wp-content\/uploads\/2020\/02\/Logo_Mizu.png\" alt=\"\" class=\"wp-image-1441\" srcset=\"https:\/\/jornalfatosenoticias.com.br\/wp-content\/uploads\/2020\/02\/Logo_Mizu.png 729w, https:\/\/jornalfatosenoticias.com.br\/wp-content\/uploads\/2020\/02\/Logo_Mizu-300x37.png 300w\" sizes=\"auto, (max-width: 729px) 100vw, 729px\" \/><\/a><\/figure><\/div>\n\n\n\n<p>Uma nova pesquisa revelou detalhes in\u00e9ditos sobre a colora\u00e7\u00e3o do <strong>tubar\u00e3o-azul (<\/strong><em><span style=\"text-decoration: underline;\">Prionace glauca<\/span><\/em><strong>)<\/strong>, sugerindo que esses animais podem ser capazes de\u00a0<strong>mudar de cor de forma din\u00e2mica<\/strong>\u00a0\u2014 um comportamento compar\u00e1vel ao de um\u00a0<strong><a href=\"https:\/\/olhardigital.com.br\/2025\/04\/10\/ciencia-e-espaco\/como-os-camaleoes-mudam-de-cor-entenda-a-fisiologia-desse-animal\" target=\"_blank\" rel=\"noreferrer noopener\">camale\u00e3o<\/a><\/strong>. Cientistas da Universidade da Cidade de Hong Kong identificaram estruturas nanosc\u00f3picas na pele do\u00a0<strong><a href=\"https:\/\/olhardigital.com.br\/tag\/animais\/\" target=\"_blank\" rel=\"noreferrer noopener\">animal<\/a>,<\/strong> respons\u00e1veis pela tonalidade azul caracter\u00edstica (um dos tons mais raros do reino animal).<br>A descoberta mostra que a colora\u00e7\u00e3o azul n\u00e3o vem apenas de pigmentos, mas de uma combina\u00e7\u00e3o de cristais de guanina e ves\u00edculas contendo melanina, organizadas dentro das escamas do tubar\u00e3o, conhecidas como dent\u00edculos d\u00e9rmicos. Esses componentes atuam como refletores e absorvedores seletivos de luz, trabalhando em conjunto para intensificar a cor.<\/p>\n\n\n\n<div class=\"wp-block-image\"><figure class=\"aligncenter size-large is-resized\"><a href=\"https:\/\/www.facebook.com\/profile.php?id=100069289606145\"><img loading=\"lazy\" decoding=\"async\" src=\"https:\/\/jornalfatosenoticias.com.br\/wp-content\/uploads\/2024\/11\/Guaitolini-Contabilidade-1024x714.jpeg\" alt=\"\" class=\"wp-image-55808\" width=\"367\" height=\"256\" srcset=\"https:\/\/jornalfatosenoticias.com.br\/wp-content\/uploads\/2024\/11\/Guaitolini-Contabilidade-1024x714.jpeg 1024w, https:\/\/jornalfatosenoticias.com.br\/wp-content\/uploads\/2024\/11\/Guaitolini-Contabilidade-300x209.jpeg 300w, https:\/\/jornalfatosenoticias.com.br\/wp-content\/uploads\/2024\/11\/Guaitolini-Contabilidade-768x535.jpeg 768w, https:\/\/jornalfatosenoticias.com.br\/wp-content\/uploads\/2024\/11\/Guaitolini-Contabilidade.jpeg 1280w\" sizes=\"auto, (max-width: 367px) 100vw, 367px\" \/><\/a><\/figure><\/div>\n\n\n\n<p>O estudo foi financiado pelo Comit\u00ea de Subs\u00eddios Universit\u00e1rios de Hong Kong e apresentado no dia 9 de julho de 2025 na Confer\u00eancia Anual da Society for Experimental Biology, em Antu\u00e9rpia, na B\u00e9lgica. De acordo com a pesquisadora Viktoriia Kamska, os cristais de guanina funcionam como pequenos espelhos que refletem a luz azul, enquanto os melanossomos absorvem outros comprimentos de onda.<\/p>\n\n\n\n<div class=\"wp-block-image\"><figure class=\"aligncenter size-large\"><a href=\"http:\/\/www.ferrarimaquinas.com.br\/\"><img loading=\"lazy\" decoding=\"async\" width=\"300\" height=\"250\" src=\"https:\/\/jornalfatosenoticias.com.br\/wp-content\/uploads\/2022\/02\/FERRARI_MAQUINAS-E-FERRAMENTAS2.jpg\" alt=\"\" class=\"wp-image-27860\"\/><\/a><\/figure><\/div>\n\n\n\n<blockquote class=\"wp-block-quote is-layout-flow wp-block-quote-is-layout-flow\"><p><span class=\"has-inline-color has-luminous-vivid-orange-color\">\u00c9 como se fossem sacos cheios de espelhos e sacos com absorvedores pretos, organizados de forma coordenada para atuar juntos\u201d, explicou Kamska em um comunicado. Esse mecanismo foi detalhado por meio de uma combina\u00e7\u00e3o de disseca\u00e7\u00e3o de precis\u00e3o, microscopia \u00f3ptica e eletr\u00f4nica, espectroscopia e simula\u00e7\u00f5es computacionais.<\/span><\/p><\/blockquote>\n\n\n\n<div class=\"wp-block-image\"><figure class=\"aligncenter size-large is-resized\"><a href=\"https:\/\/hotelmarquetti.com.br\/\"><img loading=\"lazy\" decoding=\"async\" src=\"https:\/\/jornalfatosenoticias.com.br\/wp-content\/uploads\/2020\/02\/LOGO-MQ-1024x680.jpg\" alt=\"\" class=\"wp-image-58299\" width=\"295\" height=\"196\" srcset=\"https:\/\/jornalfatosenoticias.com.br\/wp-content\/uploads\/2020\/02\/LOGO-MQ-1024x680.jpg 1024w, https:\/\/jornalfatosenoticias.com.br\/wp-content\/uploads\/2020\/02\/LOGO-MQ-300x199.jpg 300w, https:\/\/jornalfatosenoticias.com.br\/wp-content\/uploads\/2020\/02\/LOGO-MQ-768x510.jpg 768w, https:\/\/jornalfatosenoticias.com.br\/wp-content\/uploads\/2020\/02\/LOGO-MQ-1536x1020.jpg 1536w, https:\/\/jornalfatosenoticias.com.br\/wp-content\/uploads\/2020\/02\/LOGO-MQ-2048x1360.jpg 2048w\" sizes=\"auto, (max-width: 295px) 100vw, 295px\" \/><\/a><\/figure><\/div>\n\n\n\n<p>A equipe analisou desde a escala do corpo inteiro at\u00e9 estruturas com medidas na ordem de nan\u00f4metros. Segundo o professor Mason Dean, \u201ccombinar esses materiais permite produzir e modificar cores de forma eficiente\u201d. As simula\u00e7\u00f5es indicaram que pequenas altera\u00e7\u00f5es na dist\u00e2ncia entre as camadas de cristais de guanina podem alterar a tonalidade da pele. <\/p>\n\n\n\n<div class=\"wp-block-image\"><figure class=\"aligncenter size-large is-resized\"><a href=\"https:\/\/www.controlsystems.com.br\/\"><img loading=\"lazy\" decoding=\"async\" src=\"https:\/\/jornalfatosenoticias.com.br\/wp-content\/uploads\/2020\/02\/CONTROL-CS.jpg\" alt=\"\" class=\"wp-image-44991\" width=\"261\" height=\"313\" srcset=\"https:\/\/jornalfatosenoticias.com.br\/wp-content\/uploads\/2020\/02\/CONTROL-CS.jpg 834w, https:\/\/jornalfatosenoticias.com.br\/wp-content\/uploads\/2020\/02\/CONTROL-CS-250x300.jpg 250w, https:\/\/jornalfatosenoticias.com.br\/wp-content\/uploads\/2020\/02\/CONTROL-CS-768x921.jpg 768w\" sizes=\"auto, (max-width: 261px) 100vw, 261px\" \/><\/a><\/figure><\/div>\n\n\n\n<p>Quando essas camadas est\u00e3o mais pr\u00f3ximas, o <strong><a href=\"https:\/\/olhardigital.com.br\/tag\/tubarao\/\" target=\"_blank\" rel=\"noreferrer noopener\">tubar\u00e3o<\/a><\/strong> apresenta tons azulados; se a dist\u00e2ncia aumenta, a cor pode mudar para verdes ou dourados. Essas mudan\u00e7as podem ser desencadeadas por fatores do ambiente, como press\u00e3o da \u00e1gua ou umidade, afetando o espa\u00e7amento entre os cristais. Isso significa que o tubar\u00e3o pode ajustar sua cor conforme nada em diferentes profundidades, um recurso potencialmente \u00fatil para camuflagem ou contra-sombreamento.<\/p>\n\n\n\n<div class=\"wp-block-image\"><figure class=\"aligncenter size-large is-resized\"><a href=\"https:\/\/www.instagram.com\/gruposei\/\"><img loading=\"lazy\" decoding=\"async\" src=\"https:\/\/jornalfatosenoticias.com.br\/wp-content\/uploads\/2022\/07\/Logo-Grupo-SEI.jpg\" alt=\"\" class=\"wp-image-31973\" width=\"357\" height=\"187\" srcset=\"https:\/\/jornalfatosenoticias.com.br\/wp-content\/uploads\/2022\/07\/Logo-Grupo-SEI.jpg 713w, https:\/\/jornalfatosenoticias.com.br\/wp-content\/uploads\/2022\/07\/Logo-Grupo-SEI-300x158.jpg 300w\" sizes=\"auto, (max-width: 357px) 100vw, 357px\" \/><\/a><\/figure><\/div>\n\n\n\n<p><strong><span class=\"has-inline-color has-vivid-green-cyan-color\">Aplica\u00e7\u00f5es tecnol\u00f3gicas e potencial sustent\u00e1vel<br><\/span><\/strong>Al\u00e9m de contribuir para a compreens\u00e3o da evolu\u00e7\u00e3o dos tubar\u00f5es, o estudo tamb\u00e9m sugere caminhos para aplica\u00e7\u00f5es em <strong><a href=\"https:\/\/olhardigital.com.br\/tag\/engenharia\/\" target=\"_blank\" rel=\"noreferrer noopener\">engenharia<\/a><\/strong> bioinspirada. As escamas do tubar\u00e3o j\u00e1 s\u00e3o conhecidas por oferecer benef\u00edcios hidrodin\u00e2micos e antifouling (a capacidade de evitar o ac\u00famulo de organismos marinhos na superf\u00edcie, como algas, cracas e bact\u00e9rias), e agora se mostra que elas tamb\u00e9m est\u00e3o envolvidas na produ\u00e7\u00e3o e poss\u00edvel varia\u00e7\u00e3o de cor.<\/p>\n\n\n\n<div class=\"wp-block-image\"><figure class=\"aligncenter size-large is-resized\"><a href=\"https:\/\/panper.com.br\/\"><img loading=\"lazy\" decoding=\"async\" src=\"https:\/\/jornalfatosenoticias.com.br\/wp-content\/uploads\/2023\/03\/logo-Panper_portal.jpg\" alt=\"\" class=\"wp-image-40208\" width=\"299\" height=\"207\" srcset=\"https:\/\/jornalfatosenoticias.com.br\/wp-content\/uploads\/2023\/03\/logo-Panper_portal.jpg 400w, https:\/\/jornalfatosenoticias.com.br\/wp-content\/uploads\/2023\/03\/logo-Panper_portal-300x208.jpg 300w\" sizes=\"auto, (max-width: 299px) 100vw, 299px\" \/><\/a><\/figure><\/div>\n\n\n\n<p>Segundo Dean, essa combina\u00e7\u00e3o de fun\u00e7\u00f5es ainda n\u00e3o havia sido observada em superf\u00edcies marinhas. Para a ind\u00fastria, isso pode representar uma oportunidade de desenvolver materiais sustent\u00e1veis com colora\u00e7\u00e3o estrutural, evitando o uso de pigmentos qu\u00edmicos e reduzindo a polui\u00e7\u00e3o.<\/p>\n\n\n\n<p><strong>Fonte: <a href=\"https:\/\/olhardigital.com.br\/2025\/07\/17\/ciencia-e-espaco\/camaleao-dos-mares-tubarao-azul-tem-pele-que-pode-mudar-de-cor\/\">Olhar Digital<\/a><\/strong><\/p>\n","protected":false},"excerpt":{"rendered":"<p>Nova pesquisa revela que a pele do tubar\u00e3o-azul tem estrutura nanosc\u00f3pica capaz de mudar de cor conforme press\u00e3o e ambiente Por Ana Luiza Figueiredo Uma nova pesquisa revelou detalhes in\u00e9ditos sobre a colora\u00e7\u00e3o do tubar\u00e3o-azul (Prionace glauca), sugerindo que esses animais podem ser capazes de\u00a0mudar de cor de forma din\u00e2mica\u00a0\u2014 um comportamento compar\u00e1vel ao de [&hellip;]<\/p>\n","protected":false},"author":2,"featured_media":60728,"comment_status":"open","ping_status":"open","sticky":false,"template":"","format":"standard","meta":{"footnotes":""},"categories":[8],"tags":[3001,3015,25125,3971],"class_list":["post-60727","post","type-post","status-publish","format-standard","has-post-thumbnail","hentry","category-meio-ambiente","tag-camuflagem","tag-tubarao","tag-tubarao-azul","tag-tubaroes"],"yoast_head":"<!-- This site is optimized with the Yoast SEO plugin v26.5 - https:\/\/yoast.com\/wordpress\/plugins\/seo\/ -->\n<title>Tubar\u00e3o-azul tem pele que pode mudar de cor - Jornal Fatos e Not\u00edcias<\/title>\n<meta name=\"robots\" content=\"index, follow, max-snippet:-1, max-image-preview:large, max-video-preview:-1\" \/>\n<link rel=\"canonical\" href=\"https:\/\/jornalfatosenoticias.com.br\/index.php\/2025\/07\/22\/tubarao-azul-tem-pele-que-pode-mudar-de-cor\/\" \/>\n<meta property=\"og:locale\" content=\"pt_BR\" \/>\n<meta property=\"og:type\" content=\"article\" \/>\n<meta property=\"og:title\" content=\"Tubar\u00e3o-azul tem pele que pode mudar de cor - Jornal Fatos e Not\u00edcias\" \/>\n<meta property=\"og:description\" content=\"Nova pesquisa revela que a pele do tubar\u00e3o-azul tem estrutura nanosc\u00f3pica capaz de mudar de cor conforme press\u00e3o e ambiente Por Ana Luiza Figueiredo Uma nova pesquisa revelou detalhes in\u00e9ditos sobre a colora\u00e7\u00e3o do tubar\u00e3o-azul (Prionace glauca), sugerindo que esses animais podem ser capazes de\u00a0mudar de cor de forma din\u00e2mica\u00a0\u2014 um comportamento compar\u00e1vel ao de [&hellip;]\" \/>\n<meta property=\"og:url\" content=\"https:\/\/jornalfatosenoticias.com.br\/index.php\/2025\/07\/22\/tubarao-azul-tem-pele-que-pode-mudar-de-cor\/\" \/>\n<meta property=\"og:site_name\" content=\"Jornal Fatos e Not\u00edcias\" \/>\n<meta property=\"article:published_time\" content=\"2025-07-22T18:00:37+00:00\" \/>\n<meta property=\"article:modified_time\" content=\"2025-07-22T18:00:39+00:00\" \/>\n<meta property=\"og:image\" content=\"https:\/\/jornalfatosenoticias.com.br\/wp-content\/uploads\/2025\/07\/tubarao-azul_pexels.jpg\" \/>\n\t<meta property=\"og:image:width\" content=\"1000\" \/>\n\t<meta property=\"og:image:height\" content=\"662\" \/>\n\t<meta property=\"og:image:type\" content=\"image\/jpeg\" \/>\n<meta name=\"author\" content=\"Luzimara Fernandes\" \/>\n<meta name=\"twitter:card\" content=\"summary_large_image\" \/>\n<meta name=\"twitter:label1\" content=\"Escrito por\" \/>\n\t<meta name=\"twitter:data1\" content=\"Luzimara Fernandes\" \/>\n\t<meta name=\"twitter:label2\" content=\"Est. tempo de leitura\" \/>\n\t<meta name=\"twitter:data2\" content=\"3 minutos\" \/>\n<script type=\"application\/ld+json\" class=\"yoast-schema-graph\">{\"@context\":\"https:\/\/schema.org\",\"@graph\":[{\"@type\":\"Article\",\"@id\":\"https:\/\/jornalfatosenoticias.com.br\/index.php\/2025\/07\/22\/tubarao-azul-tem-pele-que-pode-mudar-de-cor\/#article\",\"isPartOf\":{\"@id\":\"https:\/\/jornalfatosenoticias.com.br\/index.php\/2025\/07\/22\/tubarao-azul-tem-pele-que-pode-mudar-de-cor\/\"},\"author\":{\"name\":\"Luzimara Fernandes\",\"@id\":\"https:\/\/jornalfatosenoticias.com.br\/#\/schema\/person\/d63837fa13ac8666eb9e74e0985d6f81\"},\"headline\":\"Tubar\u00e3o-azul tem pele que pode mudar de cor\",\"datePublished\":\"2025-07-22T18:00:37+00:00\",\"dateModified\":\"2025-07-22T18:00:39+00:00\",\"mainEntityOfPage\":{\"@id\":\"https:\/\/jornalfatosenoticias.com.br\/index.php\/2025\/07\/22\/tubarao-azul-tem-pele-que-pode-mudar-de-cor\/\"},\"wordCount\":553,\"commentCount\":0,\"publisher\":{\"@id\":\"https:\/\/jornalfatosenoticias.com.br\/#organization\"},\"image\":{\"@id\":\"https:\/\/jornalfatosenoticias.com.br\/index.php\/2025\/07\/22\/tubarao-azul-tem-pele-que-pode-mudar-de-cor\/#primaryimage\"},\"thumbnailUrl\":\"https:\/\/jornalfatosenoticias.com.br\/wp-content\/uploads\/2025\/07\/tubarao-azul_pexels.jpg\",\"keywords\":[\"camuflagem\",\"tubar\u00e3o\",\"tubar\u00e3o-azul\",\"tubar\u00f5es\"],\"articleSection\":[\"Meio ambiente\"],\"inLanguage\":\"pt-BR\",\"potentialAction\":[{\"@type\":\"CommentAction\",\"name\":\"Comment\",\"target\":[\"https:\/\/jornalfatosenoticias.com.br\/index.php\/2025\/07\/22\/tubarao-azul-tem-pele-que-pode-mudar-de-cor\/#respond\"]}]},{\"@type\":\"WebPage\",\"@id\":\"https:\/\/jornalfatosenoticias.com.br\/index.php\/2025\/07\/22\/tubarao-azul-tem-pele-que-pode-mudar-de-cor\/\",\"url\":\"https:\/\/jornalfatosenoticias.com.br\/index.php\/2025\/07\/22\/tubarao-azul-tem-pele-que-pode-mudar-de-cor\/\",\"name\":\"Tubar\u00e3o-azul tem pele que pode mudar de cor - Jornal Fatos e Not\u00edcias\",\"isPartOf\":{\"@id\":\"https:\/\/jornalfatosenoticias.com.br\/#website\"},\"primaryImageOfPage\":{\"@id\":\"https:\/\/jornalfatosenoticias.com.br\/index.php\/2025\/07\/22\/tubarao-azul-tem-pele-que-pode-mudar-de-cor\/#primaryimage\"},\"image\":{\"@id\":\"https:\/\/jornalfatosenoticias.com.br\/index.php\/2025\/07\/22\/tubarao-azul-tem-pele-que-pode-mudar-de-cor\/#primaryimage\"},\"thumbnailUrl\":\"https:\/\/jornalfatosenoticias.com.br\/wp-content\/uploads\/2025\/07\/tubarao-azul_pexels.jpg\",\"datePublished\":\"2025-07-22T18:00:37+00:00\",\"dateModified\":\"2025-07-22T18:00:39+00:00\",\"breadcrumb\":{\"@id\":\"https:\/\/jornalfatosenoticias.com.br\/index.php\/2025\/07\/22\/tubarao-azul-tem-pele-que-pode-mudar-de-cor\/#breadcrumb\"},\"inLanguage\":\"pt-BR\",\"potentialAction\":[{\"@type\":\"ReadAction\",\"target\":[\"https:\/\/jornalfatosenoticias.com.br\/index.php\/2025\/07\/22\/tubarao-azul-tem-pele-que-pode-mudar-de-cor\/\"]}]},{\"@type\":\"ImageObject\",\"inLanguage\":\"pt-BR\",\"@id\":\"https:\/\/jornalfatosenoticias.com.br\/index.php\/2025\/07\/22\/tubarao-azul-tem-pele-que-pode-mudar-de-cor\/#primaryimage\",\"url\":\"https:\/\/jornalfatosenoticias.com.br\/wp-content\/uploads\/2025\/07\/tubarao-azul_pexels.jpg\",\"contentUrl\":\"https:\/\/jornalfatosenoticias.com.br\/wp-content\/uploads\/2025\/07\/tubarao-azul_pexels.jpg\",\"width\":1000,\"height\":662},{\"@type\":\"BreadcrumbList\",\"@id\":\"https:\/\/jornalfatosenoticias.com.br\/index.php\/2025\/07\/22\/tubarao-azul-tem-pele-que-pode-mudar-de-cor\/#breadcrumb\",\"itemListElement\":[{\"@type\":\"ListItem\",\"position\":1,\"name\":\"In\u00edcio\",\"item\":\"https:\/\/jornalfatosenoticias.com.br\/\"},{\"@type\":\"ListItem\",\"position\":2,\"name\":\"Tubar\u00e3o-azul tem pele que pode mudar de cor\"}]},{\"@type\":\"WebSite\",\"@id\":\"https:\/\/jornalfatosenoticias.com.br\/#website\",\"url\":\"https:\/\/jornalfatosenoticias.com.br\/\",\"name\":\"Jornal Fatos e Not\u00edcias\",\"description\":\"Not\u00edcias em geral\",\"publisher\":{\"@id\":\"https:\/\/jornalfatosenoticias.com.br\/#organization\"},\"potentialAction\":[{\"@type\":\"SearchAction\",\"target\":{\"@type\":\"EntryPoint\",\"urlTemplate\":\"https:\/\/jornalfatosenoticias.com.br\/?s={search_term_string}\"},\"query-input\":{\"@type\":\"PropertyValueSpecification\",\"valueRequired\":true,\"valueName\":\"search_term_string\"}}],\"inLanguage\":\"pt-BR\"},{\"@type\":\"Organization\",\"@id\":\"https:\/\/jornalfatosenoticias.com.br\/#organization\",\"name\":\"Jornal Fatos e Not\u00edcias\",\"url\":\"https:\/\/jornalfatosenoticias.com.br\/\",\"logo\":{\"@type\":\"ImageObject\",\"inLanguage\":\"pt-BR\",\"@id\":\"https:\/\/jornalfatosenoticias.com.br\/#\/schema\/logo\/image\/\",\"url\":\"https:\/\/jornalfatosenoticias.com.br\/wp-content\/uploads\/2020\/02\/logo120.png\",\"contentUrl\":\"https:\/\/jornalfatosenoticias.com.br\/wp-content\/uploads\/2020\/02\/logo120.png\",\"width\":1227,\"height\":120,\"caption\":\"Jornal Fatos e Not\u00edcias\"},\"image\":{\"@id\":\"https:\/\/jornalfatosenoticias.com.br\/#\/schema\/logo\/image\/\"}},{\"@type\":\"Person\",\"@id\":\"https:\/\/jornalfatosenoticias.com.br\/#\/schema\/person\/d63837fa13ac8666eb9e74e0985d6f81\",\"name\":\"Luzimara Fernandes\",\"image\":{\"@type\":\"ImageObject\",\"inLanguage\":\"pt-BR\",\"@id\":\"https:\/\/jornalfatosenoticias.com.br\/#\/schema\/person\/image\/\",\"url\":\"https:\/\/jornalfatosenoticias.com.br\/wp-content\/uploads\/2025\/05\/EU_portal.jpg\",\"contentUrl\":\"https:\/\/jornalfatosenoticias.com.br\/wp-content\/uploads\/2025\/05\/EU_portal.jpg\",\"caption\":\"Luzimara Fernandes\"},\"description\":\"Jornalista MTB 2358-ES\",\"sameAs\":[\"https:\/\/jornalfatosenoticias.com.br\"],\"url\":\"https:\/\/jornalfatosenoticias.com.br\/index.php\/author\/luzimara\/\"}]}<\/script>\n<!-- \/ Yoast SEO plugin. -->","yoast_head_json":{"title":"Tubar\u00e3o-azul tem pele que pode mudar de cor - Jornal Fatos e Not\u00edcias","robots":{"index":"index","follow":"follow","max-snippet":"max-snippet:-1","max-image-preview":"max-image-preview:large","max-video-preview":"max-video-preview:-1"},"canonical":"https:\/\/jornalfatosenoticias.com.br\/index.php\/2025\/07\/22\/tubarao-azul-tem-pele-que-pode-mudar-de-cor\/","og_locale":"pt_BR","og_type":"article","og_title":"Tubar\u00e3o-azul tem pele que pode mudar de cor - Jornal Fatos e Not\u00edcias","og_description":"Nova pesquisa revela que a pele do tubar\u00e3o-azul tem estrutura nanosc\u00f3pica capaz de mudar de cor conforme press\u00e3o e ambiente Por Ana Luiza Figueiredo Uma nova pesquisa revelou detalhes in\u00e9ditos sobre a colora\u00e7\u00e3o do tubar\u00e3o-azul (Prionace glauca), sugerindo que esses animais podem ser capazes de\u00a0mudar de cor de forma din\u00e2mica\u00a0\u2014 um comportamento compar\u00e1vel ao de [&hellip;]","og_url":"https:\/\/jornalfatosenoticias.com.br\/index.php\/2025\/07\/22\/tubarao-azul-tem-pele-que-pode-mudar-de-cor\/","og_site_name":"Jornal Fatos e Not\u00edcias","article_published_time":"2025-07-22T18:00:37+00:00","article_modified_time":"2025-07-22T18:00:39+00:00","og_image":[{"width":1000,"height":662,"url":"https:\/\/jornalfatosenoticias.com.br\/wp-content\/uploads\/2025\/07\/tubarao-azul_pexels.jpg","type":"image\/jpeg"}],"author":"Luzimara Fernandes","twitter_card":"summary_large_image","twitter_misc":{"Escrito por":"Luzimara Fernandes","Est. tempo de leitura":"3 minutos"},"schema":{"@context":"https:\/\/schema.org","@graph":[{"@type":"Article","@id":"https:\/\/jornalfatosenoticias.com.br\/index.php\/2025\/07\/22\/tubarao-azul-tem-pele-que-pode-mudar-de-cor\/#article","isPartOf":{"@id":"https:\/\/jornalfatosenoticias.com.br\/index.php\/2025\/07\/22\/tubarao-azul-tem-pele-que-pode-mudar-de-cor\/"},"author":{"name":"Luzimara Fernandes","@id":"https:\/\/jornalfatosenoticias.com.br\/#\/schema\/person\/d63837fa13ac8666eb9e74e0985d6f81"},"headline":"Tubar\u00e3o-azul tem pele que pode mudar de cor","datePublished":"2025-07-22T18:00:37+00:00","dateModified":"2025-07-22T18:00:39+00:00","mainEntityOfPage":{"@id":"https:\/\/jornalfatosenoticias.com.br\/index.php\/2025\/07\/22\/tubarao-azul-tem-pele-que-pode-mudar-de-cor\/"},"wordCount":553,"commentCount":0,"publisher":{"@id":"https:\/\/jornalfatosenoticias.com.br\/#organization"},"image":{"@id":"https:\/\/jornalfatosenoticias.com.br\/index.php\/2025\/07\/22\/tubarao-azul-tem-pele-que-pode-mudar-de-cor\/#primaryimage"},"thumbnailUrl":"https:\/\/jornalfatosenoticias.com.br\/wp-content\/uploads\/2025\/07\/tubarao-azul_pexels.jpg","keywords":["camuflagem","tubar\u00e3o","tubar\u00e3o-azul","tubar\u00f5es"],"articleSection":["Meio ambiente"],"inLanguage":"pt-BR","potentialAction":[{"@type":"CommentAction","name":"Comment","target":["https:\/\/jornalfatosenoticias.com.br\/index.php\/2025\/07\/22\/tubarao-azul-tem-pele-que-pode-mudar-de-cor\/#respond"]}]},{"@type":"WebPage","@id":"https:\/\/jornalfatosenoticias.com.br\/index.php\/2025\/07\/22\/tubarao-azul-tem-pele-que-pode-mudar-de-cor\/","url":"https:\/\/jornalfatosenoticias.com.br\/index.php\/2025\/07\/22\/tubarao-azul-tem-pele-que-pode-mudar-de-cor\/","name":"Tubar\u00e3o-azul tem pele que pode mudar de cor - Jornal Fatos e Not\u00edcias","isPartOf":{"@id":"https:\/\/jornalfatosenoticias.com.br\/#website"},"primaryImageOfPage":{"@id":"https:\/\/jornalfatosenoticias.com.br\/index.php\/2025\/07\/22\/tubarao-azul-tem-pele-que-pode-mudar-de-cor\/#primaryimage"},"image":{"@id":"https:\/\/jornalfatosenoticias.com.br\/index.php\/2025\/07\/22\/tubarao-azul-tem-pele-que-pode-mudar-de-cor\/#primaryimage"},"thumbnailUrl":"https:\/\/jornalfatosenoticias.com.br\/wp-content\/uploads\/2025\/07\/tubarao-azul_pexels.jpg","datePublished":"2025-07-22T18:00:37+00:00","dateModified":"2025-07-22T18:00:39+00:00","breadcrumb":{"@id":"https:\/\/jornalfatosenoticias.com.br\/index.php\/2025\/07\/22\/tubarao-azul-tem-pele-que-pode-mudar-de-cor\/#breadcrumb"},"inLanguage":"pt-BR","potentialAction":[{"@type":"ReadAction","target":["https:\/\/jornalfatosenoticias.com.br\/index.php\/2025\/07\/22\/tubarao-azul-tem-pele-que-pode-mudar-de-cor\/"]}]},{"@type":"ImageObject","inLanguage":"pt-BR","@id":"https:\/\/jornalfatosenoticias.com.br\/index.php\/2025\/07\/22\/tubarao-azul-tem-pele-que-pode-mudar-de-cor\/#primaryimage","url":"https:\/\/jornalfatosenoticias.com.br\/wp-content\/uploads\/2025\/07\/tubarao-azul_pexels.jpg","contentUrl":"https:\/\/jornalfatosenoticias.com.br\/wp-content\/uploads\/2025\/07\/tubarao-azul_pexels.jpg","width":1000,"height":662},{"@type":"BreadcrumbList","@id":"https:\/\/jornalfatosenoticias.com.br\/index.php\/2025\/07\/22\/tubarao-azul-tem-pele-que-pode-mudar-de-cor\/#breadcrumb","itemListElement":[{"@type":"ListItem","position":1,"name":"In\u00edcio","item":"https:\/\/jornalfatosenoticias.com.br\/"},{"@type":"ListItem","position":2,"name":"Tubar\u00e3o-azul tem pele que pode mudar de cor"}]},{"@type":"WebSite","@id":"https:\/\/jornalfatosenoticias.com.br\/#website","url":"https:\/\/jornalfatosenoticias.com.br\/","name":"Jornal Fatos e Not\u00edcias","description":"Not\u00edcias em geral","publisher":{"@id":"https:\/\/jornalfatosenoticias.com.br\/#organization"},"potentialAction":[{"@type":"SearchAction","target":{"@type":"EntryPoint","urlTemplate":"https:\/\/jornalfatosenoticias.com.br\/?s={search_term_string}"},"query-input":{"@type":"PropertyValueSpecification","valueRequired":true,"valueName":"search_term_string"}}],"inLanguage":"pt-BR"},{"@type":"Organization","@id":"https:\/\/jornalfatosenoticias.com.br\/#organization","name":"Jornal Fatos e Not\u00edcias","url":"https:\/\/jornalfatosenoticias.com.br\/","logo":{"@type":"ImageObject","inLanguage":"pt-BR","@id":"https:\/\/jornalfatosenoticias.com.br\/#\/schema\/logo\/image\/","url":"https:\/\/jornalfatosenoticias.com.br\/wp-content\/uploads\/2020\/02\/logo120.png","contentUrl":"https:\/\/jornalfatosenoticias.com.br\/wp-content\/uploads\/2020\/02\/logo120.png","width":1227,"height":120,"caption":"Jornal Fatos e Not\u00edcias"},"image":{"@id":"https:\/\/jornalfatosenoticias.com.br\/#\/schema\/logo\/image\/"}},{"@type":"Person","@id":"https:\/\/jornalfatosenoticias.com.br\/#\/schema\/person\/d63837fa13ac8666eb9e74e0985d6f81","name":"Luzimara Fernandes","image":{"@type":"ImageObject","inLanguage":"pt-BR","@id":"https:\/\/jornalfatosenoticias.com.br\/#\/schema\/person\/image\/","url":"https:\/\/jornalfatosenoticias.com.br\/wp-content\/uploads\/2025\/05\/EU_portal.jpg","contentUrl":"https:\/\/jornalfatosenoticias.com.br\/wp-content\/uploads\/2025\/05\/EU_portal.jpg","caption":"Luzimara Fernandes"},"description":"Jornalista MTB 2358-ES","sameAs":["https:\/\/jornalfatosenoticias.com.br"],"url":"https:\/\/jornalfatosenoticias.com.br\/index.php\/author\/luzimara\/"}]}},"cc_featured_image_caption":{"caption_text":"(Foto: Pexels) ","source_text":"","source_url":""},"jetpack_featured_media_url":"https:\/\/jornalfatosenoticias.com.br\/wp-content\/uploads\/2025\/07\/tubarao-azul_pexels.jpg","_links":{"self":[{"href":"https:\/\/jornalfatosenoticias.com.br\/index.php\/wp-json\/wp\/v2\/posts\/60727","targetHints":{"allow":["GET"]}}],"collection":[{"href":"https:\/\/jornalfatosenoticias.com.br\/index.php\/wp-json\/wp\/v2\/posts"}],"about":[{"href":"https:\/\/jornalfatosenoticias.com.br\/index.php\/wp-json\/wp\/v2\/types\/post"}],"author":[{"embeddable":true,"href":"https:\/\/jornalfatosenoticias.com.br\/index.php\/wp-json\/wp\/v2\/users\/2"}],"replies":[{"embeddable":true,"href":"https:\/\/jornalfatosenoticias.com.br\/index.php\/wp-json\/wp\/v2\/comments?post=60727"}],"version-history":[{"count":0,"href":"https:\/\/jornalfatosenoticias.com.br\/index.php\/wp-json\/wp\/v2\/posts\/60727\/revisions"}],"wp:featuredmedia":[{"embeddable":true,"href":"https:\/\/jornalfatosenoticias.com.br\/index.php\/wp-json\/wp\/v2\/media\/60728"}],"wp:attachment":[{"href":"https:\/\/jornalfatosenoticias.com.br\/index.php\/wp-json\/wp\/v2\/media?parent=60727"}],"wp:term":[{"taxonomy":"category","embeddable":true,"href":"https:\/\/jornalfatosenoticias.com.br\/index.php\/wp-json\/wp\/v2\/categories?post=60727"},{"taxonomy":"post_tag","embeddable":true,"href":"https:\/\/jornalfatosenoticias.com.br\/index.php\/wp-json\/wp\/v2\/tags?post=60727"}],"curies":[{"name":"wp","href":"https:\/\/api.w.org\/{rel}","templated":true}]}}