{"id":60730,"date":"2025-07-22T15:10:10","date_gmt":"2025-07-22T18:10:10","guid":{"rendered":"https:\/\/jornalfatosenoticias.com.br\/?p=60730"},"modified":"2025-07-22T15:10:11","modified_gmt":"2025-07-22T18:10:11","slug":"saiba-como-a-meditacao-transforma-a-terceira-idade","status":"publish","type":"post","link":"https:\/\/jornalfatosenoticias.com.br\/index.php\/2025\/07\/22\/saiba-como-a-meditacao-transforma-a-terceira-idade\/","title":{"rendered":"Saiba como a medita\u00e7\u00e3o transforma a terceira idade"},"content":{"rendered":"\n<p><em><span class=\"has-inline-color has-black-color\">A pr\u00e1tica milenar oferece benef\u00edcios surpreendentes para a sa\u00fade f\u00edsica e mental dos idosos, ajudando a prolongar a vida<\/span><\/em><\/p>\n\n\n\n<p><span class=\"has-inline-color has-black-color\">Por <strong><a href=\"https:\/\/www.bonsfluidos.com.br\/author\/maria-clara\">Maria Clara Pinheiro<\/a><\/strong><\/span><\/p>\n\n\n\n<div class=\"wp-block-image\"><figure class=\"aligncenter size-large\"><a href=\"https:\/\/www.instagram.com\/rcradiadores\/\"><img loading=\"lazy\" decoding=\"async\" width=\"560\" height=\"60\" src=\"https:\/\/jornalfatosenoticias.com.br\/wp-content\/uploads\/2022\/10\/Propaganda-RC-Radiadores-Jornal_page-0001.jpg\" alt=\"\" class=\"wp-image-35270\" srcset=\"https:\/\/jornalfatosenoticias.com.br\/wp-content\/uploads\/2022\/10\/Propaganda-RC-Radiadores-Jornal_page-0001.jpg 560w, https:\/\/jornalfatosenoticias.com.br\/wp-content\/uploads\/2022\/10\/Propaganda-RC-Radiadores-Jornal_page-0001-300x32.jpg 300w\" sizes=\"auto, (max-width: 560px) 100vw, 560px\" \/><\/a><\/figure><\/div>\n\n\n\n<p>Com o passar dos anos, a vida pode apresentar novos desafios. S\u00e3o eles, a adapta\u00e7\u00e3o \u00e0 aposentadoria e a lida com quest\u00f5es de sa\u00fade. Nesse cen\u00e1rio, a medita\u00e7\u00e3o surge como uma ferramenta poderosa. Ela \u00e9 capaz de proporcionar n\u00e3o apenas <a href=\"https:\/\/www.bonsfluidos.com.br\/bem-estar\/o-que-e-bambuterapia-tecnica-de-relaxamento-garante-bem-estar-para-o-corpo-e-a-mente.phtml\">relaxamento<\/a> profundo, mas tamb\u00e9m uma significativa melhoria na qualidade de vida dos idosos. Contrariando a ideia de que \u00e9 uma pr\u00e1tica complexa, a medita\u00e7\u00e3o pode ser simples, acess\u00edvel e profundamente ben\u00e9fica para a mente e o corpo que envelhecem.<br>A medita\u00e7\u00e3o regular tem se mostrado eficaz na redu\u00e7\u00e3o do estresse e da ansiedade. Estes s\u00e3o problemas que afetam muitos idosos. A pr\u00e1tica de focar no presente e na respira\u00e7\u00e3o ajuda a acalmar a <a href=\"https:\/\/www.bonsfluidos.com.br\/coluna-jessica-martani\/codigo-da-mente-codigo-da-prosperidade-e-mindset-da-felicidade.phtml\">mente<\/a>. Assim, diminui a rumina\u00e7\u00e3o sobre preocupa\u00e7\u00f5es passadas ou futuras. Por exemplo, estudos publicados em peri\u00f3dicos como o <strong>Journal of the American Medical Association (JAMA)<\/strong> t\u00eam evidenciado que programas de <em>mindfulness<\/em>, uma forma de medita\u00e7\u00e3o, podem ser t\u00e3o eficazes quanto certos tratamentos para transtornos de <a href=\"https:\/\/www.bonsfluidos.com.br\/coluna-jessica-martani\/codigo-da-mente-codigo-da-prosperidade-e-mindset-da-felicidade.phtml\">ansiedade<\/a>. <\/p>\n\n\n\n<div class=\"wp-block-image\"><figure class=\"aligncenter size-large\"><a href=\"https:\/\/www.cesconetto.com.br\/\"><img loading=\"lazy\" decoding=\"async\" width=\"300\" height=\"250\" src=\"https:\/\/jornalfatosenoticias.com.br\/wp-content\/uploads\/2022\/02\/Banner-2.png\" alt=\"\" class=\"wp-image-27877\"\/><\/a><\/figure><\/div>\n\n\n\n<p>Consequentemente, para os idosos, isso significa mais tranquilidade e uma melhor capacidade de lidar com os altos e baixos do dia a dia. Al\u00e9m dos benef\u00edcios mentais, a medita\u00e7\u00e3o tamb\u00e9m impacta positivamente a sa\u00fade f\u00edsica. Primeiramente, a redu\u00e7\u00e3o do estresse, por exemplo, est\u00e1 diretamente ligada \u00e0 diminui\u00e7\u00e3o da <a href=\"https:\/\/www.bonsfluidos.com.br\/saude\/qual-e-a-pressao-arterial-ideal-para-cada-idade-saiba-o-que-dizem-os-especialistas.phtml\">press\u00e3o<\/a> arterial. Este \u00e9 um fator crucial para prevenir doen\u00e7as cardiovasculares. Ademais, a pr\u00e1tica meditativa tamb\u00e9m pode melhorar a qualidade do sono. <\/p>\n\n\n\n<div class=\"wp-block-image\"><figure class=\"aligncenter size-large is-resized\"><a href=\"https:\/\/www.legisjuris.com.br\/\"><img loading=\"lazy\" decoding=\"async\" src=\"https:\/\/jornalfatosenoticias.com.br\/wp-content\/uploads\/2024\/09\/Legis-Juris-Consultoria_logo.jpg\" alt=\"\" class=\"wp-image-53915\" width=\"463\" height=\"194\" srcset=\"https:\/\/jornalfatosenoticias.com.br\/wp-content\/uploads\/2024\/09\/Legis-Juris-Consultoria_logo.jpg 969w, https:\/\/jornalfatosenoticias.com.br\/wp-content\/uploads\/2024\/09\/Legis-Juris-Consultoria_logo-300x126.jpg 300w, https:\/\/jornalfatosenoticias.com.br\/wp-content\/uploads\/2024\/09\/Legis-Juris-Consultoria_logo-768x322.jpg 768w\" sizes=\"auto, (max-width: 463px) 100vw, 463px\" \/><\/a><\/figure><\/div>\n\n\n\n<p>Este \u00e9 um problema comum na terceira idade, proporcionando noites mais reparadoras. H\u00e1 evid\u00eancias, inclusive, de que a medita\u00e7\u00e3o pode ter um efeito positivo na dor cr\u00f4nica. Ao mudar a percep\u00e7\u00e3o da <a href=\"https:\/\/www.bonsfluidos.com.br\/saude\/voce-sabe-o-que-significa-a-sua-dor-medico-explica.phtml\">dor<\/a> e aumentar a capacidade de conviver com ela, os idosos podem experimentar um al\u00edvio significativo e uma maior funcionalidade em suas atividades di\u00e1rias.<\/p>\n\n\n\n<div class=\"wp-block-image\"><figure class=\"aligncenter size-large is-resized\"><a href=\"https:\/\/www.instagram.com\/serra4x4cambioautomatico\/\"><img loading=\"lazy\" decoding=\"async\" src=\"https:\/\/jornalfatosenoticias.com.br\/wp-content\/uploads\/2024\/08\/Serra-4x4-1-886x1024.jpg\" alt=\"\" class=\"wp-image-53632\" width=\"298\" height=\"344\" srcset=\"https:\/\/jornalfatosenoticias.com.br\/wp-content\/uploads\/2024\/08\/Serra-4x4-1-886x1024.jpg 886w, https:\/\/jornalfatosenoticias.com.br\/wp-content\/uploads\/2024\/08\/Serra-4x4-1-260x300.jpg 260w, https:\/\/jornalfatosenoticias.com.br\/wp-content\/uploads\/2024\/08\/Serra-4x4-1-768x888.jpg 768w, https:\/\/jornalfatosenoticias.com.br\/wp-content\/uploads\/2024\/08\/Serra-4x4-1.jpg 1181w\" sizes=\"auto, (max-width: 298px) 100vw, 298px\" \/><\/a><\/figure><\/div>\n\n\n\n<p>Para iniciar, n\u00e3o \u00e9 preciso muito. Um local tranquilo, alguns minutos por dia e uma postura confort\u00e1vel s\u00e3o o suficiente. Desse modo, comece com sess\u00f5es curtas, de cinco a 10 minutos, focando na sua <a href=\"https:\/\/www.bonsfluidos.com.br\/bem-estar\/a-ciencia-da-respiracao-como-o-ar-pode-mudar-seu-cerebro-e-sua-vida.phtml\">respira\u00e7\u00e3o<\/a>. Preste aten\u00e7\u00e3o \u00e0 sensa\u00e7\u00e3o do ar entrando e saindo. Sempre que sua mente divagar (o que \u00e9 natural), gentilmente traga sua aten\u00e7\u00e3o de volta para a respira\u00e7\u00e3o. Aplicativos de medita\u00e7\u00e3o guiada, como o Headspace ou o Calm, ou v\u00eddeos no YouTube, podem ser \u00f3timos recursos para iniciantes. Afinal, eles oferecem orienta\u00e7\u00f5es passo a passo que facilitam a pr\u00e1tica.<\/p>\n\n\n\n<div class=\"wp-block-image\"><figure class=\"aligncenter size-large is-resized\"><a href=\"https:\/\/www.facebook.com\/profile.php?id=100069289606145\"><img loading=\"lazy\" decoding=\"async\" src=\"https:\/\/jornalfatosenoticias.com.br\/wp-content\/uploads\/2024\/11\/Guaitolini-Contabilidade-1024x714.jpeg\" alt=\"\" class=\"wp-image-55808\" width=\"327\" height=\"228\" srcset=\"https:\/\/jornalfatosenoticias.com.br\/wp-content\/uploads\/2024\/11\/Guaitolini-Contabilidade-1024x714.jpeg 1024w, https:\/\/jornalfatosenoticias.com.br\/wp-content\/uploads\/2024\/11\/Guaitolini-Contabilidade-300x209.jpeg 300w, https:\/\/jornalfatosenoticias.com.br\/wp-content\/uploads\/2024\/11\/Guaitolini-Contabilidade-768x535.jpeg 768w, https:\/\/jornalfatosenoticias.com.br\/wp-content\/uploads\/2024\/11\/Guaitolini-Contabilidade.jpeg 1280w\" sizes=\"auto, (max-width: 327px) 100vw, 327px\" \/><\/a><\/figure><\/div>\n\n\n\n<p>Em suma, a medita\u00e7\u00e3o n\u00e3o \u00e9 sobre \u201cparar de pensar\u201d. Ao contr\u00e1rio, \u00e9 sobre observar os pensamentos sem julgamento e sem se prender a eles. \u00c9, portanto, uma jornada de autoconhecimento e aceita\u00e7\u00e3o. Na terceira idade, esta pr\u00e1tica pode florescer como um caminho para viver com mais presen\u00e7a, gratid\u00e3o e serenidade. Assim, cultivando uma mente e um <a href=\"https:\/\/www.bonsfluidos.com.br\/saude\/366oc-nao-e-mais-a-temperatura-normal-do-corpo-humano-entenda.phtml\">corpo<\/a> mais resilientes.<\/p>\n\n\n\n<div class=\"wp-block-image\"><figure class=\"aligncenter size-large is-resized\"><a href=\"https:\/\/www.facebook.com\/vetor.vix\/\"><img loading=\"lazy\" decoding=\"async\" src=\"https:\/\/jornalfatosenoticias.com.br\/wp-content\/uploads\/2023\/09\/vetorvix1024_1.jpg\" alt=\"\" class=\"wp-image-44868\" width=\"516\" height=\"137\" srcset=\"https:\/\/jornalfatosenoticias.com.br\/wp-content\/uploads\/2023\/09\/vetorvix1024_1.jpg 1024w, https:\/\/jornalfatosenoticias.com.br\/wp-content\/uploads\/2023\/09\/vetorvix1024_1-300x80.jpg 300w, https:\/\/jornalfatosenoticias.com.br\/wp-content\/uploads\/2023\/09\/vetorvix1024_1-768x205.jpg 768w\" sizes=\"auto, (max-width: 516px) 100vw, 516px\" \/><\/a><\/figure><\/div>\n\n\n\n<p><strong>Fonte: <a href=\"https:\/\/www.bonsfluidos.com.br\/bem-estar\/longevidade-saiba-como-a-meditacao-transforma-a-terceira-idade.phtml\">Bons Fluidos<\/a><\/strong><\/p>\n","protected":false},"excerpt":{"rendered":"<p>A pr\u00e1tica milenar oferece benef\u00edcios surpreendentes para a sa\u00fade f\u00edsica e mental dos idosos, ajudando a prolongar a vida Por Maria Clara Pinheiro Com o passar dos anos, a vida pode apresentar novos desafios. S\u00e3o eles, a adapta\u00e7\u00e3o \u00e0 aposentadoria e a lida com quest\u00f5es de sa\u00fade. Nesse cen\u00e1rio, a medita\u00e7\u00e3o surge como uma ferramenta [&hellip;]<\/p>\n","protected":false},"author":2,"featured_media":60731,"comment_status":"open","ping_status":"open","sticky":false,"template":"","format":"standard","meta":{"footnotes":""},"categories":[42],"tags":[12674,27706,2586,5867,27707,5050,7742,3924,3471,13390,7226,688,1138],"class_list":["post-60730","post","type-post","status-publish","format-standard","has-post-thumbnail","hentry","category-bem-estar","tag-atividade","tag-bem-estar-na-terceira-idade","tag-envelhecimento","tag-longevidade","tag-meditacao-para-idosos","tag-mindfulness","tag-postura","tag-pratica","tag-psicologico","tag-relaxamento","tag-respiracao","tag-saude-mental","tag-sono"],"yoast_head":"<!-- This site is optimized with the Yoast SEO plugin v26.5 - https:\/\/yoast.com\/wordpress\/plugins\/seo\/ -->\n<title>Saiba como a medita\u00e7\u00e3o transforma a terceira idade - Jornal Fatos e Not\u00edcias<\/title>\n<meta name=\"robots\" content=\"index, follow, max-snippet:-1, max-image-preview:large, max-video-preview:-1\" \/>\n<link rel=\"canonical\" href=\"https:\/\/jornalfatosenoticias.com.br\/index.php\/2025\/07\/22\/saiba-como-a-meditacao-transforma-a-terceira-idade\/\" \/>\n<meta property=\"og:locale\" content=\"pt_BR\" \/>\n<meta property=\"og:type\" content=\"article\" \/>\n<meta property=\"og:title\" content=\"Saiba como a medita\u00e7\u00e3o transforma a terceira idade - Jornal Fatos e Not\u00edcias\" \/>\n<meta property=\"og:description\" content=\"A pr\u00e1tica milenar oferece benef\u00edcios surpreendentes para a sa\u00fade f\u00edsica e mental dos idosos, ajudando a prolongar a vida Por Maria Clara Pinheiro Com o passar dos anos, a vida pode apresentar novos desafios. S\u00e3o eles, a adapta\u00e7\u00e3o \u00e0 aposentadoria e a lida com quest\u00f5es de sa\u00fade. Nesse cen\u00e1rio, a medita\u00e7\u00e3o surge como uma ferramenta [&hellip;]\" \/>\n<meta property=\"og:url\" content=\"https:\/\/jornalfatosenoticias.com.br\/index.php\/2025\/07\/22\/saiba-como-a-meditacao-transforma-a-terceira-idade\/\" \/>\n<meta property=\"og:site_name\" content=\"Jornal Fatos e Not\u00edcias\" \/>\n<meta property=\"article:published_time\" content=\"2025-07-22T18:10:10+00:00\" \/>\n<meta property=\"article:modified_time\" content=\"2025-07-22T18:10:11+00:00\" \/>\n<meta property=\"og:image\" content=\"https:\/\/jornalfatosenoticias.com.br\/wp-content\/uploads\/2025\/07\/meditacao-3-idade_freepik.png\" \/>\n\t<meta property=\"og:image:width\" content=\"1000\" \/>\n\t<meta property=\"og:image:height\" content=\"562\" \/>\n\t<meta property=\"og:image:type\" content=\"image\/png\" \/>\n<meta name=\"author\" content=\"Luzimara Fernandes\" \/>\n<meta name=\"twitter:card\" content=\"summary_large_image\" \/>\n<meta name=\"twitter:label1\" content=\"Escrito por\" \/>\n\t<meta name=\"twitter:data1\" content=\"Luzimara Fernandes\" \/>\n\t<meta name=\"twitter:label2\" content=\"Est. tempo de leitura\" \/>\n\t<meta name=\"twitter:data2\" content=\"3 minutos\" \/>\n<script type=\"application\/ld+json\" class=\"yoast-schema-graph\">{\"@context\":\"https:\/\/schema.org\",\"@graph\":[{\"@type\":\"Article\",\"@id\":\"https:\/\/jornalfatosenoticias.com.br\/index.php\/2025\/07\/22\/saiba-como-a-meditacao-transforma-a-terceira-idade\/#article\",\"isPartOf\":{\"@id\":\"https:\/\/jornalfatosenoticias.com.br\/index.php\/2025\/07\/22\/saiba-como-a-meditacao-transforma-a-terceira-idade\/\"},\"author\":{\"name\":\"Luzimara Fernandes\",\"@id\":\"https:\/\/jornalfatosenoticias.com.br\/#\/schema\/person\/d63837fa13ac8666eb9e74e0985d6f81\"},\"headline\":\"Saiba como a medita\u00e7\u00e3o transforma a terceira idade\",\"datePublished\":\"2025-07-22T18:10:10+00:00\",\"dateModified\":\"2025-07-22T18:10:11+00:00\",\"mainEntityOfPage\":{\"@id\":\"https:\/\/jornalfatosenoticias.com.br\/index.php\/2025\/07\/22\/saiba-como-a-meditacao-transforma-a-terceira-idade\/\"},\"wordCount\":525,\"commentCount\":0,\"publisher\":{\"@id\":\"https:\/\/jornalfatosenoticias.com.br\/#organization\"},\"image\":{\"@id\":\"https:\/\/jornalfatosenoticias.com.br\/index.php\/2025\/07\/22\/saiba-como-a-meditacao-transforma-a-terceira-idade\/#primaryimage\"},\"thumbnailUrl\":\"https:\/\/jornalfatosenoticias.com.br\/wp-content\/uploads\/2025\/07\/meditacao-3-idade_freepik.png\",\"keywords\":[\"atividade\",\"bem-estar na terceira idade\",\"envelhecimento\",\"longevidade\",\"medita\u00e7\u00e3o para idosos\",\"mindfulness\",\"postura\",\"pr\u00e1tica\",\"psicol\u00f3gico\",\"relaxamento\",\"respira\u00e7\u00e3o\",\"sa\u00fade mental\",\"sono\"],\"articleSection\":[\"Bem-estar\"],\"inLanguage\":\"pt-BR\",\"potentialAction\":[{\"@type\":\"CommentAction\",\"name\":\"Comment\",\"target\":[\"https:\/\/jornalfatosenoticias.com.br\/index.php\/2025\/07\/22\/saiba-como-a-meditacao-transforma-a-terceira-idade\/#respond\"]}]},{\"@type\":\"WebPage\",\"@id\":\"https:\/\/jornalfatosenoticias.com.br\/index.php\/2025\/07\/22\/saiba-como-a-meditacao-transforma-a-terceira-idade\/\",\"url\":\"https:\/\/jornalfatosenoticias.com.br\/index.php\/2025\/07\/22\/saiba-como-a-meditacao-transforma-a-terceira-idade\/\",\"name\":\"Saiba como a medita\u00e7\u00e3o transforma a terceira idade - Jornal Fatos e Not\u00edcias\",\"isPartOf\":{\"@id\":\"https:\/\/jornalfatosenoticias.com.br\/#website\"},\"primaryImageOfPage\":{\"@id\":\"https:\/\/jornalfatosenoticias.com.br\/index.php\/2025\/07\/22\/saiba-como-a-meditacao-transforma-a-terceira-idade\/#primaryimage\"},\"image\":{\"@id\":\"https:\/\/jornalfatosenoticias.com.br\/index.php\/2025\/07\/22\/saiba-como-a-meditacao-transforma-a-terceira-idade\/#primaryimage\"},\"thumbnailUrl\":\"https:\/\/jornalfatosenoticias.com.br\/wp-content\/uploads\/2025\/07\/meditacao-3-idade_freepik.png\",\"datePublished\":\"2025-07-22T18:10:10+00:00\",\"dateModified\":\"2025-07-22T18:10:11+00:00\",\"breadcrumb\":{\"@id\":\"https:\/\/jornalfatosenoticias.com.br\/index.php\/2025\/07\/22\/saiba-como-a-meditacao-transforma-a-terceira-idade\/#breadcrumb\"},\"inLanguage\":\"pt-BR\",\"potentialAction\":[{\"@type\":\"ReadAction\",\"target\":[\"https:\/\/jornalfatosenoticias.com.br\/index.php\/2025\/07\/22\/saiba-como-a-meditacao-transforma-a-terceira-idade\/\"]}]},{\"@type\":\"ImageObject\",\"inLanguage\":\"pt-BR\",\"@id\":\"https:\/\/jornalfatosenoticias.com.br\/index.php\/2025\/07\/22\/saiba-como-a-meditacao-transforma-a-terceira-idade\/#primaryimage\",\"url\":\"https:\/\/jornalfatosenoticias.com.br\/wp-content\/uploads\/2025\/07\/meditacao-3-idade_freepik.png\",\"contentUrl\":\"https:\/\/jornalfatosenoticias.com.br\/wp-content\/uploads\/2025\/07\/meditacao-3-idade_freepik.png\",\"width\":1000,\"height\":562},{\"@type\":\"BreadcrumbList\",\"@id\":\"https:\/\/jornalfatosenoticias.com.br\/index.php\/2025\/07\/22\/saiba-como-a-meditacao-transforma-a-terceira-idade\/#breadcrumb\",\"itemListElement\":[{\"@type\":\"ListItem\",\"position\":1,\"name\":\"In\u00edcio\",\"item\":\"https:\/\/jornalfatosenoticias.com.br\/\"},{\"@type\":\"ListItem\",\"position\":2,\"name\":\"Saiba como a medita\u00e7\u00e3o transforma a terceira idade\"}]},{\"@type\":\"WebSite\",\"@id\":\"https:\/\/jornalfatosenoticias.com.br\/#website\",\"url\":\"https:\/\/jornalfatosenoticias.com.br\/\",\"name\":\"Jornal Fatos e Not\u00edcias\",\"description\":\"Not\u00edcias em geral\",\"publisher\":{\"@id\":\"https:\/\/jornalfatosenoticias.com.br\/#organization\"},\"potentialAction\":[{\"@type\":\"SearchAction\",\"target\":{\"@type\":\"EntryPoint\",\"urlTemplate\":\"https:\/\/jornalfatosenoticias.com.br\/?s={search_term_string}\"},\"query-input\":{\"@type\":\"PropertyValueSpecification\",\"valueRequired\":true,\"valueName\":\"search_term_string\"}}],\"inLanguage\":\"pt-BR\"},{\"@type\":\"Organization\",\"@id\":\"https:\/\/jornalfatosenoticias.com.br\/#organization\",\"name\":\"Jornal Fatos e Not\u00edcias\",\"url\":\"https:\/\/jornalfatosenoticias.com.br\/\",\"logo\":{\"@type\":\"ImageObject\",\"inLanguage\":\"pt-BR\",\"@id\":\"https:\/\/jornalfatosenoticias.com.br\/#\/schema\/logo\/image\/\",\"url\":\"https:\/\/jornalfatosenoticias.com.br\/wp-content\/uploads\/2020\/02\/logo120.png\",\"contentUrl\":\"https:\/\/jornalfatosenoticias.com.br\/wp-content\/uploads\/2020\/02\/logo120.png\",\"width\":1227,\"height\":120,\"caption\":\"Jornal Fatos e Not\u00edcias\"},\"image\":{\"@id\":\"https:\/\/jornalfatosenoticias.com.br\/#\/schema\/logo\/image\/\"}},{\"@type\":\"Person\",\"@id\":\"https:\/\/jornalfatosenoticias.com.br\/#\/schema\/person\/d63837fa13ac8666eb9e74e0985d6f81\",\"name\":\"Luzimara Fernandes\",\"image\":{\"@type\":\"ImageObject\",\"inLanguage\":\"pt-BR\",\"@id\":\"https:\/\/jornalfatosenoticias.com.br\/#\/schema\/person\/image\/\",\"url\":\"https:\/\/jornalfatosenoticias.com.br\/wp-content\/uploads\/2025\/05\/EU_portal.jpg\",\"contentUrl\":\"https:\/\/jornalfatosenoticias.com.br\/wp-content\/uploads\/2025\/05\/EU_portal.jpg\",\"caption\":\"Luzimara Fernandes\"},\"description\":\"Jornalista MTB 2358-ES\",\"sameAs\":[\"https:\/\/jornalfatosenoticias.com.br\"],\"url\":\"https:\/\/jornalfatosenoticias.com.br\/index.php\/author\/luzimara\/\"}]}<\/script>\n<!-- \/ Yoast SEO plugin. -->","yoast_head_json":{"title":"Saiba como a medita\u00e7\u00e3o transforma a terceira idade - Jornal Fatos e Not\u00edcias","robots":{"index":"index","follow":"follow","max-snippet":"max-snippet:-1","max-image-preview":"max-image-preview:large","max-video-preview":"max-video-preview:-1"},"canonical":"https:\/\/jornalfatosenoticias.com.br\/index.php\/2025\/07\/22\/saiba-como-a-meditacao-transforma-a-terceira-idade\/","og_locale":"pt_BR","og_type":"article","og_title":"Saiba como a medita\u00e7\u00e3o transforma a terceira idade - Jornal Fatos e Not\u00edcias","og_description":"A pr\u00e1tica milenar oferece benef\u00edcios surpreendentes para a sa\u00fade f\u00edsica e mental dos idosos, ajudando a prolongar a vida Por Maria Clara Pinheiro Com o passar dos anos, a vida pode apresentar novos desafios. S\u00e3o eles, a adapta\u00e7\u00e3o \u00e0 aposentadoria e a lida com quest\u00f5es de sa\u00fade. Nesse cen\u00e1rio, a medita\u00e7\u00e3o surge como uma ferramenta [&hellip;]","og_url":"https:\/\/jornalfatosenoticias.com.br\/index.php\/2025\/07\/22\/saiba-como-a-meditacao-transforma-a-terceira-idade\/","og_site_name":"Jornal Fatos e Not\u00edcias","article_published_time":"2025-07-22T18:10:10+00:00","article_modified_time":"2025-07-22T18:10:11+00:00","og_image":[{"width":1000,"height":562,"url":"https:\/\/jornalfatosenoticias.com.br\/wp-content\/uploads\/2025\/07\/meditacao-3-idade_freepik.png","type":"image\/png"}],"author":"Luzimara Fernandes","twitter_card":"summary_large_image","twitter_misc":{"Escrito por":"Luzimara Fernandes","Est. tempo de leitura":"3 minutos"},"schema":{"@context":"https:\/\/schema.org","@graph":[{"@type":"Article","@id":"https:\/\/jornalfatosenoticias.com.br\/index.php\/2025\/07\/22\/saiba-como-a-meditacao-transforma-a-terceira-idade\/#article","isPartOf":{"@id":"https:\/\/jornalfatosenoticias.com.br\/index.php\/2025\/07\/22\/saiba-como-a-meditacao-transforma-a-terceira-idade\/"},"author":{"name":"Luzimara Fernandes","@id":"https:\/\/jornalfatosenoticias.com.br\/#\/schema\/person\/d63837fa13ac8666eb9e74e0985d6f81"},"headline":"Saiba como a medita\u00e7\u00e3o transforma a terceira idade","datePublished":"2025-07-22T18:10:10+00:00","dateModified":"2025-07-22T18:10:11+00:00","mainEntityOfPage":{"@id":"https:\/\/jornalfatosenoticias.com.br\/index.php\/2025\/07\/22\/saiba-como-a-meditacao-transforma-a-terceira-idade\/"},"wordCount":525,"commentCount":0,"publisher":{"@id":"https:\/\/jornalfatosenoticias.com.br\/#organization"},"image":{"@id":"https:\/\/jornalfatosenoticias.com.br\/index.php\/2025\/07\/22\/saiba-como-a-meditacao-transforma-a-terceira-idade\/#primaryimage"},"thumbnailUrl":"https:\/\/jornalfatosenoticias.com.br\/wp-content\/uploads\/2025\/07\/meditacao-3-idade_freepik.png","keywords":["atividade","bem-estar na terceira idade","envelhecimento","longevidade","medita\u00e7\u00e3o para idosos","mindfulness","postura","pr\u00e1tica","psicol\u00f3gico","relaxamento","respira\u00e7\u00e3o","sa\u00fade mental","sono"],"articleSection":["Bem-estar"],"inLanguage":"pt-BR","potentialAction":[{"@type":"CommentAction","name":"Comment","target":["https:\/\/jornalfatosenoticias.com.br\/index.php\/2025\/07\/22\/saiba-como-a-meditacao-transforma-a-terceira-idade\/#respond"]}]},{"@type":"WebPage","@id":"https:\/\/jornalfatosenoticias.com.br\/index.php\/2025\/07\/22\/saiba-como-a-meditacao-transforma-a-terceira-idade\/","url":"https:\/\/jornalfatosenoticias.com.br\/index.php\/2025\/07\/22\/saiba-como-a-meditacao-transforma-a-terceira-idade\/","name":"Saiba como a medita\u00e7\u00e3o transforma a terceira idade - Jornal Fatos e Not\u00edcias","isPartOf":{"@id":"https:\/\/jornalfatosenoticias.com.br\/#website"},"primaryImageOfPage":{"@id":"https:\/\/jornalfatosenoticias.com.br\/index.php\/2025\/07\/22\/saiba-como-a-meditacao-transforma-a-terceira-idade\/#primaryimage"},"image":{"@id":"https:\/\/jornalfatosenoticias.com.br\/index.php\/2025\/07\/22\/saiba-como-a-meditacao-transforma-a-terceira-idade\/#primaryimage"},"thumbnailUrl":"https:\/\/jornalfatosenoticias.com.br\/wp-content\/uploads\/2025\/07\/meditacao-3-idade_freepik.png","datePublished":"2025-07-22T18:10:10+00:00","dateModified":"2025-07-22T18:10:11+00:00","breadcrumb":{"@id":"https:\/\/jornalfatosenoticias.com.br\/index.php\/2025\/07\/22\/saiba-como-a-meditacao-transforma-a-terceira-idade\/#breadcrumb"},"inLanguage":"pt-BR","potentialAction":[{"@type":"ReadAction","target":["https:\/\/jornalfatosenoticias.com.br\/index.php\/2025\/07\/22\/saiba-como-a-meditacao-transforma-a-terceira-idade\/"]}]},{"@type":"ImageObject","inLanguage":"pt-BR","@id":"https:\/\/jornalfatosenoticias.com.br\/index.php\/2025\/07\/22\/saiba-como-a-meditacao-transforma-a-terceira-idade\/#primaryimage","url":"https:\/\/jornalfatosenoticias.com.br\/wp-content\/uploads\/2025\/07\/meditacao-3-idade_freepik.png","contentUrl":"https:\/\/jornalfatosenoticias.com.br\/wp-content\/uploads\/2025\/07\/meditacao-3-idade_freepik.png","width":1000,"height":562},{"@type":"BreadcrumbList","@id":"https:\/\/jornalfatosenoticias.com.br\/index.php\/2025\/07\/22\/saiba-como-a-meditacao-transforma-a-terceira-idade\/#breadcrumb","itemListElement":[{"@type":"ListItem","position":1,"name":"In\u00edcio","item":"https:\/\/jornalfatosenoticias.com.br\/"},{"@type":"ListItem","position":2,"name":"Saiba como a medita\u00e7\u00e3o transforma a terceira idade"}]},{"@type":"WebSite","@id":"https:\/\/jornalfatosenoticias.com.br\/#website","url":"https:\/\/jornalfatosenoticias.com.br\/","name":"Jornal Fatos e Not\u00edcias","description":"Not\u00edcias em geral","publisher":{"@id":"https:\/\/jornalfatosenoticias.com.br\/#organization"},"potentialAction":[{"@type":"SearchAction","target":{"@type":"EntryPoint","urlTemplate":"https:\/\/jornalfatosenoticias.com.br\/?s={search_term_string}"},"query-input":{"@type":"PropertyValueSpecification","valueRequired":true,"valueName":"search_term_string"}}],"inLanguage":"pt-BR"},{"@type":"Organization","@id":"https:\/\/jornalfatosenoticias.com.br\/#organization","name":"Jornal Fatos e Not\u00edcias","url":"https:\/\/jornalfatosenoticias.com.br\/","logo":{"@type":"ImageObject","inLanguage":"pt-BR","@id":"https:\/\/jornalfatosenoticias.com.br\/#\/schema\/logo\/image\/","url":"https:\/\/jornalfatosenoticias.com.br\/wp-content\/uploads\/2020\/02\/logo120.png","contentUrl":"https:\/\/jornalfatosenoticias.com.br\/wp-content\/uploads\/2020\/02\/logo120.png","width":1227,"height":120,"caption":"Jornal Fatos e Not\u00edcias"},"image":{"@id":"https:\/\/jornalfatosenoticias.com.br\/#\/schema\/logo\/image\/"}},{"@type":"Person","@id":"https:\/\/jornalfatosenoticias.com.br\/#\/schema\/person\/d63837fa13ac8666eb9e74e0985d6f81","name":"Luzimara Fernandes","image":{"@type":"ImageObject","inLanguage":"pt-BR","@id":"https:\/\/jornalfatosenoticias.com.br\/#\/schema\/person\/image\/","url":"https:\/\/jornalfatosenoticias.com.br\/wp-content\/uploads\/2025\/05\/EU_portal.jpg","contentUrl":"https:\/\/jornalfatosenoticias.com.br\/wp-content\/uploads\/2025\/05\/EU_portal.jpg","caption":"Luzimara Fernandes"},"description":"Jornalista MTB 2358-ES","sameAs":["https:\/\/jornalfatosenoticias.com.br"],"url":"https:\/\/jornalfatosenoticias.com.br\/index.php\/author\/luzimara\/"}]}},"cc_featured_image_caption":{"caption_text":"(Foto: Freepik)","source_text":"","source_url":""},"jetpack_featured_media_url":"https:\/\/jornalfatosenoticias.com.br\/wp-content\/uploads\/2025\/07\/meditacao-3-idade_freepik.png","_links":{"self":[{"href":"https:\/\/jornalfatosenoticias.com.br\/index.php\/wp-json\/wp\/v2\/posts\/60730","targetHints":{"allow":["GET"]}}],"collection":[{"href":"https:\/\/jornalfatosenoticias.com.br\/index.php\/wp-json\/wp\/v2\/posts"}],"about":[{"href":"https:\/\/jornalfatosenoticias.com.br\/index.php\/wp-json\/wp\/v2\/types\/post"}],"author":[{"embeddable":true,"href":"https:\/\/jornalfatosenoticias.com.br\/index.php\/wp-json\/wp\/v2\/users\/2"}],"replies":[{"embeddable":true,"href":"https:\/\/jornalfatosenoticias.com.br\/index.php\/wp-json\/wp\/v2\/comments?post=60730"}],"version-history":[{"count":0,"href":"https:\/\/jornalfatosenoticias.com.br\/index.php\/wp-json\/wp\/v2\/posts\/60730\/revisions"}],"wp:featuredmedia":[{"embeddable":true,"href":"https:\/\/jornalfatosenoticias.com.br\/index.php\/wp-json\/wp\/v2\/media\/60731"}],"wp:attachment":[{"href":"https:\/\/jornalfatosenoticias.com.br\/index.php\/wp-json\/wp\/v2\/media?parent=60730"}],"wp:term":[{"taxonomy":"category","embeddable":true,"href":"https:\/\/jornalfatosenoticias.com.br\/index.php\/wp-json\/wp\/v2\/categories?post=60730"},{"taxonomy":"post_tag","embeddable":true,"href":"https:\/\/jornalfatosenoticias.com.br\/index.php\/wp-json\/wp\/v2\/tags?post=60730"}],"curies":[{"name":"wp","href":"https:\/\/api.w.org\/{rel}","templated":true}]}}