{"id":60733,"date":"2025-07-23T08:56:14","date_gmt":"2025-07-23T11:56:14","guid":{"rendered":"https:\/\/jornalfatosenoticias.com.br\/?p=60733"},"modified":"2025-07-23T08:56:15","modified_gmt":"2025-07-23T11:56:15","slug":"carros-movidos-a-hidrogenio-podem-poluir-mais-do-que-imaginavamos-diz-estudo","status":"publish","type":"post","link":"https:\/\/jornalfatosenoticias.com.br\/index.php\/2025\/07\/23\/carros-movidos-a-hidrogenio-podem-poluir-mais-do-que-imaginavamos-diz-estudo\/","title":{"rendered":"Carros movidos a hidrog\u00eanio podem poluir mais do que imagin\u00e1vamos, diz estudo"},"content":{"rendered":"\n<p><span class=\"has-inline-color has-black-color\"><em>De acordo com os pesquisadores, o problema n\u00e3o est\u00e1 na tecnologia em si, mas sim na forma como esse hidrog\u00eanio \u00e9 produzido hoje<\/em><\/span><\/p>\n\n\n\n<p><span class=\"has-inline-color has-black-color\">Por <strong><a href=\"https:\/\/olhardigital.com.br\/author\/bob-furuya\/\">Bob Furuya<\/a><\/strong><\/span><\/p>\n\n\n\n<div class=\"wp-block-image\"><figure class=\"aligncenter size-large\"><a href=\"https:\/\/www.instagram.com\/rcradiadores\/\"><img loading=\"lazy\" decoding=\"async\" width=\"560\" height=\"60\" src=\"https:\/\/jornalfatosenoticias.com.br\/wp-content\/uploads\/2022\/10\/Propaganda-RC-Radiadores-Jornal_page-0001.jpg\" alt=\"\" class=\"wp-image-35270\" srcset=\"https:\/\/jornalfatosenoticias.com.br\/wp-content\/uploads\/2022\/10\/Propaganda-RC-Radiadores-Jornal_page-0001.jpg 560w, https:\/\/jornalfatosenoticias.com.br\/wp-content\/uploads\/2022\/10\/Propaganda-RC-Radiadores-Jornal_page-0001-300x32.jpg 300w\" sizes=\"auto, (max-width: 560px) 100vw, 560px\" \/><\/a><\/figure><\/div>\n\n\n\n<p>H\u00e1 alguns anos, havia uma d\u00favida sobre qual a alternativa mais limpa para substituir os carros tradicionais: os <a href=\"https:\/\/olhardigital.com.br\/tag\/carro-eletrico\/\" target=\"_blank\" rel=\"noreferrer noopener\"><strong>el\u00e9tricos<\/strong><\/a>\u00a0ou os ve\u00edculos com\u00a0<a href=\"https:\/\/olhardigital.com.br\/tag\/carro-a-hidrogenio\/\" target=\"_blank\" rel=\"noreferrer noopener\"><strong>c\u00e9lula de hidrog\u00eanio<\/strong><\/a>? Hoje, podemos dizer que os <strong><a href=\"https:\/\/olhardigital.com.br\/tag\/veiculos-eletricos\/\" target=\"_blank\" rel=\"noreferrer noopener\">EVs<\/a><\/strong> venceram essa corrida \u2014 praticamente todas as marcas ou j\u00e1 possuem ou planejam lan\u00e7amentos nesses padr\u00f5es. Por outro lado, s\u00e3o poucas as montadoras que ainda investem na segunda op\u00e7\u00e3o, como as japonesas <strong><a href=\"https:\/\/olhardigital.com.br\/tag\/toyota\/\" target=\"_blank\" rel=\"noreferrer noopener\">Toyota<\/a>\u00a0<\/strong>e<strong>\u00a0<a href=\"https:\/\/olhardigital.com.br\/tag\/honda\/\" target=\"_blank\" rel=\"noreferrer noopener\">Honda<\/a><\/strong>.<br>E a aposta da maioria se mostrou mais acertada. \u00c9 o que revela <strong><a href=\"https:\/\/theicct.org\/publication\/electric-cars-life-cycle-analysis-emissions-europe-jul25\/\" target=\"_blank\" rel=\"noreferrer noopener\">um novo estudo do Conselho Internacional de Transporte Limpo<\/a><\/strong> (ICCT, na sigla em Ingl\u00eas). Os pesquisadores fizeram uma compara\u00e7\u00e3o entre os mais variados tipos de ve\u00edculos e chegaram \u00e0 conclus\u00e3o que os el\u00e9tricos puros s\u00e3o, de fato, os que menos emitem gases nocivos ao meio ambiente.<\/p>\n\n\n\n<div class=\"wp-block-image\"><figure class=\"aligncenter size-large is-resized\"><a href=\"https:\/\/www.instagram.com\/serra4x4cambioautomatico\/\"><img loading=\"lazy\" decoding=\"async\" src=\"https:\/\/jornalfatosenoticias.com.br\/wp-content\/uploads\/2024\/08\/Serra-4x4-1-886x1024.jpg\" alt=\"\" class=\"wp-image-53632\" width=\"254\" height=\"293\" srcset=\"https:\/\/jornalfatosenoticias.com.br\/wp-content\/uploads\/2024\/08\/Serra-4x4-1-886x1024.jpg 886w, https:\/\/jornalfatosenoticias.com.br\/wp-content\/uploads\/2024\/08\/Serra-4x4-1-260x300.jpg 260w, https:\/\/jornalfatosenoticias.com.br\/wp-content\/uploads\/2024\/08\/Serra-4x4-1-768x888.jpg 768w, https:\/\/jornalfatosenoticias.com.br\/wp-content\/uploads\/2024\/08\/Serra-4x4-1.jpg 1181w\" sizes=\"auto, (max-width: 254px) 100vw, 254px\" \/><\/a><\/figure><\/div>\n\n\n\n<p>Essa constata\u00e7\u00e3o \u00e9 importante, mas n\u00e3o foi o que mais chamou a aten\u00e7\u00e3o nesse artigo. O que surpreendeu mesmo foi a conclus\u00e3o de que os carros movidos a hidrog\u00eanio s\u00e3o mais \u201csujos\u201d do que imagin\u00e1vamos. Os cientistas deixaram claro que n\u00e3o tem nada de errado com a tecnologia em si. O problema est\u00e1 na produ\u00e7\u00e3o desse combust\u00edvel.<\/p>\n\n\n\n<div class=\"wp-block-image\"><figure class=\"aligncenter size-large is-resized\"><a href=\"https:\/\/www.instagram.com\/restaurantepegoretti\/\"><img loading=\"lazy\" decoding=\"async\" src=\"https:\/\/jornalfatosenoticias.com.br\/wp-content\/uploads\/2023\/12\/pegoretti-logo-pdf-1024x389.jpg\" alt=\"\" class=\"wp-image-47536\" width=\"494\" height=\"187\" srcset=\"https:\/\/jornalfatosenoticias.com.br\/wp-content\/uploads\/2023\/12\/pegoretti-logo-pdf-1024x389.jpg 1024w, https:\/\/jornalfatosenoticias.com.br\/wp-content\/uploads\/2023\/12\/pegoretti-logo-pdf-300x114.jpg 300w, https:\/\/jornalfatosenoticias.com.br\/wp-content\/uploads\/2023\/12\/pegoretti-logo-pdf-768x291.jpg 768w, https:\/\/jornalfatosenoticias.com.br\/wp-content\/uploads\/2023\/12\/pegoretti-logo-pdf.jpg 1120w\" sizes=\"auto, (max-width: 494px) 100vw, 494px\" \/><\/a><\/figure><\/div>\n\n\n\n<p>Como dissemos acima, o estudo tra\u00e7ou uma compara\u00e7\u00e3o entre diferentes tipos de ve\u00edculos e levou em conta fatores como o impacto ambiental da fabrica\u00e7\u00e3o, uso, reparo e descarte de um carro ao longo de uma vida \u00fatil m\u00e9dia de 20 anos. O ICCT concluiu que um ve\u00edculo movido a c\u00e9lula de combust\u00edvel de hidrog\u00eanio vendido em 2025 emitir\u00e1 175 gramas de CO\u2082 por quil\u00f4metro percorrido.<\/p>\n\n\n\n<div class=\"wp-block-image\"><figure class=\"aligncenter size-large is-resized\"><a href=\"https:\/\/www.facebook.com\/postobkr\/?locale=pt_BR\"><img loading=\"lazy\" decoding=\"async\" src=\"https:\/\/jornalfatosenoticias.com.br\/wp-content\/uploads\/2023\/08\/BKR-1024x1021.jpg\" alt=\"\" class=\"wp-image-44494\" width=\"290\" height=\"289\" srcset=\"https:\/\/jornalfatosenoticias.com.br\/wp-content\/uploads\/2023\/08\/BKR-1024x1021.jpg 1024w, https:\/\/jornalfatosenoticias.com.br\/wp-content\/uploads\/2023\/08\/BKR-300x300.jpg 300w, https:\/\/jornalfatosenoticias.com.br\/wp-content\/uploads\/2023\/08\/BKR-150x150.jpg 150w, https:\/\/jornalfatosenoticias.com.br\/wp-content\/uploads\/2023\/08\/BKR-768x766.jpg 768w, https:\/\/jornalfatosenoticias.com.br\/wp-content\/uploads\/2023\/08\/BKR.jpg 1080w\" sizes=\"auto, (max-width: 290px) 100vw, 290px\" \/><\/a><\/figure><\/div>\n\n\n\n<p>Isso representa uma redu\u00e7\u00e3o de apenas 26% em rela\u00e7\u00e3o aos carros a <strong><a href=\"https:\/\/olhardigital.com.br\/tag\/gasolina\/\" target=\"_blank\" rel=\"noreferrer noopener\">gasolina<\/a><\/strong> ou a diesel. Os EVs, por sua vez, devem emitir apenas 63 gramas de\u00a0<a href=\"https:\/\/olhardigital.com.br\/tag\/dioxido-de-carbono\/\" target=\"_blank\" rel=\"noreferrer noopener\"><strong>CO\u2082<\/strong><\/a> por quil\u00f4metro \u2014 ou 73% a menos do que os ve\u00edculos a combust\u00e3o. Vale destacar que os motores el\u00e9tricos a hidrog\u00eanio n\u00e3o expelem gases nocivos durante a opera\u00e7\u00e3o, apenas \u00e1gua. O problema, portanto, est\u00e1 todo na produ\u00e7\u00e3o e no armazenamento desse g\u00e1s.<\/p>\n\n\n\n<div class=\"wp-block-image\"><figure class=\"aligncenter size-large is-resized\"><a href=\"https:\/\/www.instagram.com\/esteio.churrascaria\/\"><img loading=\"lazy\" decoding=\"async\" src=\"https:\/\/jornalfatosenoticias.com.br\/wp-content\/uploads\/2022\/02\/LOGO-ESTEIO-1024x730.png\" alt=\"\" class=\"wp-image-27942\" width=\"321\" height=\"228\" srcset=\"https:\/\/jornalfatosenoticias.com.br\/wp-content\/uploads\/2022\/02\/LOGO-ESTEIO-1024x730.png 1024w, https:\/\/jornalfatosenoticias.com.br\/wp-content\/uploads\/2022\/02\/LOGO-ESTEIO-300x214.png 300w, https:\/\/jornalfatosenoticias.com.br\/wp-content\/uploads\/2022\/02\/LOGO-ESTEIO-768x548.png 768w, https:\/\/jornalfatosenoticias.com.br\/wp-content\/uploads\/2022\/02\/LOGO-ESTEIO.png 1123w\" sizes=\"auto, (max-width: 321px) 100vw, 321px\" \/><\/a><\/figure><\/div>\n\n\n\n<p>Quase todo o hidrog\u00eanio produzido comercialmente vem do g\u00e1s natural e \u00e9 criado por meio de um processo chamado reforma a vapor. Nesse processo, o metano reage com vapor de alta temperatura para produzir hidrog\u00eanio e CO\u2082 como subproduto. \u00c9 verdade que tamb\u00e9m existe o \u201chidrog\u00eanio verde\u201d, produzido pela divis\u00e3o da \u00e1gua em hidrog\u00eanio e oxig\u00eanio usando eletricidade renov\u00e1vel.<br>Essa t\u00e9cnica, no entanto, \u00e9 escassa na Europa, onde o estudo foi feito. <\/p>\n\n\n\n<div class=\"wp-block-image\"><figure class=\"aligncenter size-large is-resized\"><a href=\"https:\/\/www.controlsystems.com.br\/\"><img loading=\"lazy\" decoding=\"async\" src=\"https:\/\/jornalfatosenoticias.com.br\/wp-content\/uploads\/2020\/02\/CONTROL-CS.jpg\" alt=\"\" class=\"wp-image-44991\" width=\"258\" height=\"309\" srcset=\"https:\/\/jornalfatosenoticias.com.br\/wp-content\/uploads\/2020\/02\/CONTROL-CS.jpg 834w, https:\/\/jornalfatosenoticias.com.br\/wp-content\/uploads\/2020\/02\/CONTROL-CS-250x300.jpg 250w, https:\/\/jornalfatosenoticias.com.br\/wp-content\/uploads\/2020\/02\/CONTROL-CS-768x921.jpg 768w\" sizes=\"auto, (max-width: 258px) 100vw, 258px\" \/><\/a><\/figure><\/div>\n\n\n\n<p>Vale destacar que a origem do \u201ccombust\u00edvel\u201d tamb\u00e9m importa para os carros el\u00e9tricos. Agora, a quest\u00e3o dos EVs \u00e9 que, na <strong><a href=\"https:\/\/olhardigital.com.br\/tag\/uniao-europeia\/\" target=\"_blank\" rel=\"noreferrer noopener\">Uni\u00e3o Europeia<\/a><\/strong>, uma grande parte da eletricidade j\u00e1 prov\u00e9m de fontes como a nuclear, a solar, a e\u00f3lica e a hidrel\u00e9trica. Ou seja, s\u00e3o fontes limpas. E \u00e9 por isso os n\u00fameros foram t\u00e3o superiores no gr\u00e1fico acima.<\/p>\n\n\n\n<div class=\"wp-block-image\"><figure class=\"aligncenter size-large is-resized\"><a href=\"https:\/\/www.instagram.com\/gruposei\/\"><img loading=\"lazy\" decoding=\"async\" src=\"https:\/\/jornalfatosenoticias.com.br\/wp-content\/uploads\/2022\/07\/Logo-Grupo-SEI.jpg\" alt=\"\" class=\"wp-image-31973\" width=\"353\" height=\"185\" srcset=\"https:\/\/jornalfatosenoticias.com.br\/wp-content\/uploads\/2022\/07\/Logo-Grupo-SEI.jpg 713w, https:\/\/jornalfatosenoticias.com.br\/wp-content\/uploads\/2022\/07\/Logo-Grupo-SEI-300x158.jpg 300w\" sizes=\"auto, (max-width: 353px) 100vw, 353px\" \/><\/a><\/figure><\/div>\n\n\n\n<p>No mais, a produ\u00e7\u00e3o das <strong><a href=\"https:\/\/olhardigital.com.br\/tag\/bateria\/\" target=\"_blank\" rel=\"noreferrer noopener\">baterias<\/a><\/strong> tamb\u00e9m emite carbono por a\u00ed, assim como o processo de recarga delas. Outro ponto \u00e9 que os el\u00e9tricos s\u00e3o naturalmente mais pesados, o que acaba desgastando mais os pneus. E pneus usados tamb\u00e9m representam uma fonte importante de polui\u00e7\u00e3o. Mesmo com essas pondera\u00e7\u00f5es, os EVs s\u00e3o hoje, definitivamente, a nossa melhor op\u00e7\u00e3o. O fato \u00e9 que ainda n\u00e3o inventaram o carro perfeito, 100% livre de emiss\u00f5es. E talvez isso nem aconte\u00e7a. O que cabe a n\u00f3s agora \u00e9 desacelerar o ritmo dessas emiss\u00f5es \u2014 e os ve\u00edculos el\u00e9tricos ter\u00e3o um papel determinante nessa hist\u00f3ria. As informa\u00e7\u00f5es s\u00e3o do <strong><a href=\"https:\/\/insideevs.com\/news\/765638\/hydrogen-cars-evs-emissions-study\/\" target=\"_blank\" rel=\"noreferrer noopener\">Inside EVs<\/a>.<\/strong><\/p>\n\n\n\n<div class=\"wp-block-image\"><figure class=\"aligncenter size-large\"><a href=\"http:\/\/www.ferrarimaquinas.com.br\/\"><img loading=\"lazy\" decoding=\"async\" width=\"300\" height=\"250\" src=\"https:\/\/jornalfatosenoticias.com.br\/wp-content\/uploads\/2022\/02\/FERRARI_MAQUINAS-E-FERRAMENTAS2.jpg\" alt=\"\" class=\"wp-image-27860\"\/><\/a><\/figure><\/div>\n\n\n\n<p><strong>Fonte: <a href=\"https:\/\/olhardigital.com.br\/2025\/07\/18\/carros-e-tecnologia\/carros-movidos-a-hidrogenio-podem-poluir-mais-do-que-imaginavamos-diz-estudo\/\">Olhar Digital<\/a><\/strong><\/p>\n","protected":false},"excerpt":{"rendered":"<p>De acordo com os pesquisadores, o problema n\u00e3o est\u00e1 na tecnologia em si, mas sim na forma como esse hidrog\u00eanio \u00e9 produzido hoje Por Bob Furuya H\u00e1 alguns anos, havia uma d\u00favida sobre qual a alternativa mais limpa para substituir os carros tradicionais: os el\u00e9tricos\u00a0ou os ve\u00edculos com\u00a0c\u00e9lula de hidrog\u00eanio? Hoje, podemos dizer que os [&hellip;]<\/p>\n","protected":false},"author":2,"featured_media":60734,"comment_status":"open","ping_status":"open","sticky":false,"template":"","format":"standard","meta":{"footnotes":""},"categories":[9923,3],"tags":[27708,3362,24493,3167,17189],"class_list":["post-60733","post","type-post","status-publish","format-standard","has-post-thumbnail","hentry","category-mobilidade","category-tecnologia","tag-carro-a-hidrogenio","tag-carro-hidrogenio","tag-celula-de-hidrogenio","tag-dioxido-de-carbono","tag-hidrogenio-verde"],"yoast_head":"<!-- This site is optimized with the Yoast SEO plugin v26.5 - https:\/\/yoast.com\/wordpress\/plugins\/seo\/ -->\n<title>Carros movidos a hidrog\u00eanio podem poluir mais do que imagin\u00e1vamos, diz estudo - Jornal Fatos e Not\u00edcias<\/title>\n<meta name=\"robots\" content=\"index, follow, max-snippet:-1, max-image-preview:large, max-video-preview:-1\" \/>\n<link rel=\"canonical\" href=\"https:\/\/jornalfatosenoticias.com.br\/index.php\/2025\/07\/23\/carros-movidos-a-hidrogenio-podem-poluir-mais-do-que-imaginavamos-diz-estudo\/\" \/>\n<meta property=\"og:locale\" content=\"pt_BR\" \/>\n<meta property=\"og:type\" content=\"article\" \/>\n<meta property=\"og:title\" content=\"Carros movidos a hidrog\u00eanio podem poluir mais do que imagin\u00e1vamos, diz estudo - Jornal Fatos e Not\u00edcias\" \/>\n<meta property=\"og:description\" content=\"De acordo com os pesquisadores, o problema n\u00e3o est\u00e1 na tecnologia em si, mas sim na forma como esse hidrog\u00eanio \u00e9 produzido hoje Por Bob Furuya H\u00e1 alguns anos, havia uma d\u00favida sobre qual a alternativa mais limpa para substituir os carros tradicionais: os el\u00e9tricos\u00a0ou os ve\u00edculos com\u00a0c\u00e9lula de hidrog\u00eanio? Hoje, podemos dizer que os [&hellip;]\" \/>\n<meta property=\"og:url\" content=\"https:\/\/jornalfatosenoticias.com.br\/index.php\/2025\/07\/23\/carros-movidos-a-hidrogenio-podem-poluir-mais-do-que-imaginavamos-diz-estudo\/\" \/>\n<meta property=\"og:site_name\" content=\"Jornal Fatos e Not\u00edcias\" \/>\n<meta property=\"article:published_time\" content=\"2025-07-23T11:56:14+00:00\" \/>\n<meta property=\"article:modified_time\" content=\"2025-07-23T11:56:15+00:00\" \/>\n<meta property=\"og:image\" content=\"https:\/\/jornalfatosenoticias.com.br\/wp-content\/uploads\/2025\/07\/carro-hidrogenio_freepik.jpg\" \/>\n\t<meta property=\"og:image:width\" content=\"1000\" \/>\n\t<meta property=\"og:image:height\" content=\"846\" \/>\n\t<meta property=\"og:image:type\" content=\"image\/jpeg\" \/>\n<meta name=\"author\" content=\"Luzimara Fernandes\" \/>\n<meta name=\"twitter:card\" content=\"summary_large_image\" \/>\n<meta name=\"twitter:label1\" content=\"Escrito por\" \/>\n\t<meta name=\"twitter:data1\" content=\"Luzimara Fernandes\" \/>\n\t<meta name=\"twitter:label2\" content=\"Est. tempo de leitura\" \/>\n\t<meta name=\"twitter:data2\" content=\"3 minutos\" \/>\n<script type=\"application\/ld+json\" class=\"yoast-schema-graph\">{\"@context\":\"https:\/\/schema.org\",\"@graph\":[{\"@type\":\"Article\",\"@id\":\"https:\/\/jornalfatosenoticias.com.br\/index.php\/2025\/07\/23\/carros-movidos-a-hidrogenio-podem-poluir-mais-do-que-imaginavamos-diz-estudo\/#article\",\"isPartOf\":{\"@id\":\"https:\/\/jornalfatosenoticias.com.br\/index.php\/2025\/07\/23\/carros-movidos-a-hidrogenio-podem-poluir-mais-do-que-imaginavamos-diz-estudo\/\"},\"author\":{\"name\":\"Luzimara Fernandes\",\"@id\":\"https:\/\/jornalfatosenoticias.com.br\/#\/schema\/person\/d63837fa13ac8666eb9e74e0985d6f81\"},\"headline\":\"Carros movidos a hidrog\u00eanio podem poluir mais do que imagin\u00e1vamos, diz estudo\",\"datePublished\":\"2025-07-23T11:56:14+00:00\",\"dateModified\":\"2025-07-23T11:56:15+00:00\",\"mainEntityOfPage\":{\"@id\":\"https:\/\/jornalfatosenoticias.com.br\/index.php\/2025\/07\/23\/carros-movidos-a-hidrogenio-podem-poluir-mais-do-que-imaginavamos-diz-estudo\/\"},\"wordCount\":666,\"commentCount\":0,\"publisher\":{\"@id\":\"https:\/\/jornalfatosenoticias.com.br\/#organization\"},\"image\":{\"@id\":\"https:\/\/jornalfatosenoticias.com.br\/index.php\/2025\/07\/23\/carros-movidos-a-hidrogenio-podem-poluir-mais-do-que-imaginavamos-diz-estudo\/#primaryimage\"},\"thumbnailUrl\":\"https:\/\/jornalfatosenoticias.com.br\/wp-content\/uploads\/2025\/07\/carro-hidrogenio_freepik.jpg\",\"keywords\":[\"carro a hidrog\u00eanio\",\"carro hidrog\u00eanio\",\"c\u00e9lula de hidrog\u00eanio\",\"di\u00f3xido de carbono\",\"hidrog\u00eanio verde\"],\"articleSection\":[\"Mobilidade\",\"Tecnologia &amp; Inova\u00e7\u00e3o\"],\"inLanguage\":\"pt-BR\",\"potentialAction\":[{\"@type\":\"CommentAction\",\"name\":\"Comment\",\"target\":[\"https:\/\/jornalfatosenoticias.com.br\/index.php\/2025\/07\/23\/carros-movidos-a-hidrogenio-podem-poluir-mais-do-que-imaginavamos-diz-estudo\/#respond\"]}]},{\"@type\":\"WebPage\",\"@id\":\"https:\/\/jornalfatosenoticias.com.br\/index.php\/2025\/07\/23\/carros-movidos-a-hidrogenio-podem-poluir-mais-do-que-imaginavamos-diz-estudo\/\",\"url\":\"https:\/\/jornalfatosenoticias.com.br\/index.php\/2025\/07\/23\/carros-movidos-a-hidrogenio-podem-poluir-mais-do-que-imaginavamos-diz-estudo\/\",\"name\":\"Carros movidos a hidrog\u00eanio podem poluir mais do que imagin\u00e1vamos, diz estudo - Jornal Fatos e Not\u00edcias\",\"isPartOf\":{\"@id\":\"https:\/\/jornalfatosenoticias.com.br\/#website\"},\"primaryImageOfPage\":{\"@id\":\"https:\/\/jornalfatosenoticias.com.br\/index.php\/2025\/07\/23\/carros-movidos-a-hidrogenio-podem-poluir-mais-do-que-imaginavamos-diz-estudo\/#primaryimage\"},\"image\":{\"@id\":\"https:\/\/jornalfatosenoticias.com.br\/index.php\/2025\/07\/23\/carros-movidos-a-hidrogenio-podem-poluir-mais-do-que-imaginavamos-diz-estudo\/#primaryimage\"},\"thumbnailUrl\":\"https:\/\/jornalfatosenoticias.com.br\/wp-content\/uploads\/2025\/07\/carro-hidrogenio_freepik.jpg\",\"datePublished\":\"2025-07-23T11:56:14+00:00\",\"dateModified\":\"2025-07-23T11:56:15+00:00\",\"breadcrumb\":{\"@id\":\"https:\/\/jornalfatosenoticias.com.br\/index.php\/2025\/07\/23\/carros-movidos-a-hidrogenio-podem-poluir-mais-do-que-imaginavamos-diz-estudo\/#breadcrumb\"},\"inLanguage\":\"pt-BR\",\"potentialAction\":[{\"@type\":\"ReadAction\",\"target\":[\"https:\/\/jornalfatosenoticias.com.br\/index.php\/2025\/07\/23\/carros-movidos-a-hidrogenio-podem-poluir-mais-do-que-imaginavamos-diz-estudo\/\"]}]},{\"@type\":\"ImageObject\",\"inLanguage\":\"pt-BR\",\"@id\":\"https:\/\/jornalfatosenoticias.com.br\/index.php\/2025\/07\/23\/carros-movidos-a-hidrogenio-podem-poluir-mais-do-que-imaginavamos-diz-estudo\/#primaryimage\",\"url\":\"https:\/\/jornalfatosenoticias.com.br\/wp-content\/uploads\/2025\/07\/carro-hidrogenio_freepik.jpg\",\"contentUrl\":\"https:\/\/jornalfatosenoticias.com.br\/wp-content\/uploads\/2025\/07\/carro-hidrogenio_freepik.jpg\",\"width\":1000,\"height\":846},{\"@type\":\"BreadcrumbList\",\"@id\":\"https:\/\/jornalfatosenoticias.com.br\/index.php\/2025\/07\/23\/carros-movidos-a-hidrogenio-podem-poluir-mais-do-que-imaginavamos-diz-estudo\/#breadcrumb\",\"itemListElement\":[{\"@type\":\"ListItem\",\"position\":1,\"name\":\"In\u00edcio\",\"item\":\"https:\/\/jornalfatosenoticias.com.br\/\"},{\"@type\":\"ListItem\",\"position\":2,\"name\":\"Carros movidos a hidrog\u00eanio podem poluir mais do que imagin\u00e1vamos, diz estudo\"}]},{\"@type\":\"WebSite\",\"@id\":\"https:\/\/jornalfatosenoticias.com.br\/#website\",\"url\":\"https:\/\/jornalfatosenoticias.com.br\/\",\"name\":\"Jornal Fatos e Not\u00edcias\",\"description\":\"Not\u00edcias em geral\",\"publisher\":{\"@id\":\"https:\/\/jornalfatosenoticias.com.br\/#organization\"},\"potentialAction\":[{\"@type\":\"SearchAction\",\"target\":{\"@type\":\"EntryPoint\",\"urlTemplate\":\"https:\/\/jornalfatosenoticias.com.br\/?s={search_term_string}\"},\"query-input\":{\"@type\":\"PropertyValueSpecification\",\"valueRequired\":true,\"valueName\":\"search_term_string\"}}],\"inLanguage\":\"pt-BR\"},{\"@type\":\"Organization\",\"@id\":\"https:\/\/jornalfatosenoticias.com.br\/#organization\",\"name\":\"Jornal Fatos e Not\u00edcias\",\"url\":\"https:\/\/jornalfatosenoticias.com.br\/\",\"logo\":{\"@type\":\"ImageObject\",\"inLanguage\":\"pt-BR\",\"@id\":\"https:\/\/jornalfatosenoticias.com.br\/#\/schema\/logo\/image\/\",\"url\":\"https:\/\/jornalfatosenoticias.com.br\/wp-content\/uploads\/2020\/02\/logo120.png\",\"contentUrl\":\"https:\/\/jornalfatosenoticias.com.br\/wp-content\/uploads\/2020\/02\/logo120.png\",\"width\":1227,\"height\":120,\"caption\":\"Jornal Fatos e Not\u00edcias\"},\"image\":{\"@id\":\"https:\/\/jornalfatosenoticias.com.br\/#\/schema\/logo\/image\/\"}},{\"@type\":\"Person\",\"@id\":\"https:\/\/jornalfatosenoticias.com.br\/#\/schema\/person\/d63837fa13ac8666eb9e74e0985d6f81\",\"name\":\"Luzimara Fernandes\",\"image\":{\"@type\":\"ImageObject\",\"inLanguage\":\"pt-BR\",\"@id\":\"https:\/\/jornalfatosenoticias.com.br\/#\/schema\/person\/image\/\",\"url\":\"https:\/\/jornalfatosenoticias.com.br\/wp-content\/uploads\/2025\/05\/EU_portal.jpg\",\"contentUrl\":\"https:\/\/jornalfatosenoticias.com.br\/wp-content\/uploads\/2025\/05\/EU_portal.jpg\",\"caption\":\"Luzimara Fernandes\"},\"description\":\"Jornalista MTB 2358-ES\",\"sameAs\":[\"https:\/\/jornalfatosenoticias.com.br\"],\"url\":\"https:\/\/jornalfatosenoticias.com.br\/index.php\/author\/luzimara\/\"}]}<\/script>\n<!-- \/ Yoast SEO plugin. -->","yoast_head_json":{"title":"Carros movidos a hidrog\u00eanio podem poluir mais do que imagin\u00e1vamos, diz estudo - Jornal Fatos e Not\u00edcias","robots":{"index":"index","follow":"follow","max-snippet":"max-snippet:-1","max-image-preview":"max-image-preview:large","max-video-preview":"max-video-preview:-1"},"canonical":"https:\/\/jornalfatosenoticias.com.br\/index.php\/2025\/07\/23\/carros-movidos-a-hidrogenio-podem-poluir-mais-do-que-imaginavamos-diz-estudo\/","og_locale":"pt_BR","og_type":"article","og_title":"Carros movidos a hidrog\u00eanio podem poluir mais do que imagin\u00e1vamos, diz estudo - Jornal Fatos e Not\u00edcias","og_description":"De acordo com os pesquisadores, o problema n\u00e3o est\u00e1 na tecnologia em si, mas sim na forma como esse hidrog\u00eanio \u00e9 produzido hoje Por Bob Furuya H\u00e1 alguns anos, havia uma d\u00favida sobre qual a alternativa mais limpa para substituir os carros tradicionais: os el\u00e9tricos\u00a0ou os ve\u00edculos com\u00a0c\u00e9lula de hidrog\u00eanio? Hoje, podemos dizer que os [&hellip;]","og_url":"https:\/\/jornalfatosenoticias.com.br\/index.php\/2025\/07\/23\/carros-movidos-a-hidrogenio-podem-poluir-mais-do-que-imaginavamos-diz-estudo\/","og_site_name":"Jornal Fatos e Not\u00edcias","article_published_time":"2025-07-23T11:56:14+00:00","article_modified_time":"2025-07-23T11:56:15+00:00","og_image":[{"width":1000,"height":846,"url":"https:\/\/jornalfatosenoticias.com.br\/wp-content\/uploads\/2025\/07\/carro-hidrogenio_freepik.jpg","type":"image\/jpeg"}],"author":"Luzimara Fernandes","twitter_card":"summary_large_image","twitter_misc":{"Escrito por":"Luzimara Fernandes","Est. tempo de leitura":"3 minutos"},"schema":{"@context":"https:\/\/schema.org","@graph":[{"@type":"Article","@id":"https:\/\/jornalfatosenoticias.com.br\/index.php\/2025\/07\/23\/carros-movidos-a-hidrogenio-podem-poluir-mais-do-que-imaginavamos-diz-estudo\/#article","isPartOf":{"@id":"https:\/\/jornalfatosenoticias.com.br\/index.php\/2025\/07\/23\/carros-movidos-a-hidrogenio-podem-poluir-mais-do-que-imaginavamos-diz-estudo\/"},"author":{"name":"Luzimara Fernandes","@id":"https:\/\/jornalfatosenoticias.com.br\/#\/schema\/person\/d63837fa13ac8666eb9e74e0985d6f81"},"headline":"Carros movidos a hidrog\u00eanio podem poluir mais do que imagin\u00e1vamos, diz estudo","datePublished":"2025-07-23T11:56:14+00:00","dateModified":"2025-07-23T11:56:15+00:00","mainEntityOfPage":{"@id":"https:\/\/jornalfatosenoticias.com.br\/index.php\/2025\/07\/23\/carros-movidos-a-hidrogenio-podem-poluir-mais-do-que-imaginavamos-diz-estudo\/"},"wordCount":666,"commentCount":0,"publisher":{"@id":"https:\/\/jornalfatosenoticias.com.br\/#organization"},"image":{"@id":"https:\/\/jornalfatosenoticias.com.br\/index.php\/2025\/07\/23\/carros-movidos-a-hidrogenio-podem-poluir-mais-do-que-imaginavamos-diz-estudo\/#primaryimage"},"thumbnailUrl":"https:\/\/jornalfatosenoticias.com.br\/wp-content\/uploads\/2025\/07\/carro-hidrogenio_freepik.jpg","keywords":["carro a hidrog\u00eanio","carro hidrog\u00eanio","c\u00e9lula de hidrog\u00eanio","di\u00f3xido de carbono","hidrog\u00eanio verde"],"articleSection":["Mobilidade","Tecnologia &amp; Inova\u00e7\u00e3o"],"inLanguage":"pt-BR","potentialAction":[{"@type":"CommentAction","name":"Comment","target":["https:\/\/jornalfatosenoticias.com.br\/index.php\/2025\/07\/23\/carros-movidos-a-hidrogenio-podem-poluir-mais-do-que-imaginavamos-diz-estudo\/#respond"]}]},{"@type":"WebPage","@id":"https:\/\/jornalfatosenoticias.com.br\/index.php\/2025\/07\/23\/carros-movidos-a-hidrogenio-podem-poluir-mais-do-que-imaginavamos-diz-estudo\/","url":"https:\/\/jornalfatosenoticias.com.br\/index.php\/2025\/07\/23\/carros-movidos-a-hidrogenio-podem-poluir-mais-do-que-imaginavamos-diz-estudo\/","name":"Carros movidos a hidrog\u00eanio podem poluir mais do que imagin\u00e1vamos, diz estudo - Jornal Fatos e Not\u00edcias","isPartOf":{"@id":"https:\/\/jornalfatosenoticias.com.br\/#website"},"primaryImageOfPage":{"@id":"https:\/\/jornalfatosenoticias.com.br\/index.php\/2025\/07\/23\/carros-movidos-a-hidrogenio-podem-poluir-mais-do-que-imaginavamos-diz-estudo\/#primaryimage"},"image":{"@id":"https:\/\/jornalfatosenoticias.com.br\/index.php\/2025\/07\/23\/carros-movidos-a-hidrogenio-podem-poluir-mais-do-que-imaginavamos-diz-estudo\/#primaryimage"},"thumbnailUrl":"https:\/\/jornalfatosenoticias.com.br\/wp-content\/uploads\/2025\/07\/carro-hidrogenio_freepik.jpg","datePublished":"2025-07-23T11:56:14+00:00","dateModified":"2025-07-23T11:56:15+00:00","breadcrumb":{"@id":"https:\/\/jornalfatosenoticias.com.br\/index.php\/2025\/07\/23\/carros-movidos-a-hidrogenio-podem-poluir-mais-do-que-imaginavamos-diz-estudo\/#breadcrumb"},"inLanguage":"pt-BR","potentialAction":[{"@type":"ReadAction","target":["https:\/\/jornalfatosenoticias.com.br\/index.php\/2025\/07\/23\/carros-movidos-a-hidrogenio-podem-poluir-mais-do-que-imaginavamos-diz-estudo\/"]}]},{"@type":"ImageObject","inLanguage":"pt-BR","@id":"https:\/\/jornalfatosenoticias.com.br\/index.php\/2025\/07\/23\/carros-movidos-a-hidrogenio-podem-poluir-mais-do-que-imaginavamos-diz-estudo\/#primaryimage","url":"https:\/\/jornalfatosenoticias.com.br\/wp-content\/uploads\/2025\/07\/carro-hidrogenio_freepik.jpg","contentUrl":"https:\/\/jornalfatosenoticias.com.br\/wp-content\/uploads\/2025\/07\/carro-hidrogenio_freepik.jpg","width":1000,"height":846},{"@type":"BreadcrumbList","@id":"https:\/\/jornalfatosenoticias.com.br\/index.php\/2025\/07\/23\/carros-movidos-a-hidrogenio-podem-poluir-mais-do-que-imaginavamos-diz-estudo\/#breadcrumb","itemListElement":[{"@type":"ListItem","position":1,"name":"In\u00edcio","item":"https:\/\/jornalfatosenoticias.com.br\/"},{"@type":"ListItem","position":2,"name":"Carros movidos a hidrog\u00eanio podem poluir mais do que imagin\u00e1vamos, diz estudo"}]},{"@type":"WebSite","@id":"https:\/\/jornalfatosenoticias.com.br\/#website","url":"https:\/\/jornalfatosenoticias.com.br\/","name":"Jornal Fatos e Not\u00edcias","description":"Not\u00edcias em geral","publisher":{"@id":"https:\/\/jornalfatosenoticias.com.br\/#organization"},"potentialAction":[{"@type":"SearchAction","target":{"@type":"EntryPoint","urlTemplate":"https:\/\/jornalfatosenoticias.com.br\/?s={search_term_string}"},"query-input":{"@type":"PropertyValueSpecification","valueRequired":true,"valueName":"search_term_string"}}],"inLanguage":"pt-BR"},{"@type":"Organization","@id":"https:\/\/jornalfatosenoticias.com.br\/#organization","name":"Jornal Fatos e Not\u00edcias","url":"https:\/\/jornalfatosenoticias.com.br\/","logo":{"@type":"ImageObject","inLanguage":"pt-BR","@id":"https:\/\/jornalfatosenoticias.com.br\/#\/schema\/logo\/image\/","url":"https:\/\/jornalfatosenoticias.com.br\/wp-content\/uploads\/2020\/02\/logo120.png","contentUrl":"https:\/\/jornalfatosenoticias.com.br\/wp-content\/uploads\/2020\/02\/logo120.png","width":1227,"height":120,"caption":"Jornal Fatos e Not\u00edcias"},"image":{"@id":"https:\/\/jornalfatosenoticias.com.br\/#\/schema\/logo\/image\/"}},{"@type":"Person","@id":"https:\/\/jornalfatosenoticias.com.br\/#\/schema\/person\/d63837fa13ac8666eb9e74e0985d6f81","name":"Luzimara Fernandes","image":{"@type":"ImageObject","inLanguage":"pt-BR","@id":"https:\/\/jornalfatosenoticias.com.br\/#\/schema\/person\/image\/","url":"https:\/\/jornalfatosenoticias.com.br\/wp-content\/uploads\/2025\/05\/EU_portal.jpg","contentUrl":"https:\/\/jornalfatosenoticias.com.br\/wp-content\/uploads\/2025\/05\/EU_portal.jpg","caption":"Luzimara Fernandes"},"description":"Jornalista MTB 2358-ES","sameAs":["https:\/\/jornalfatosenoticias.com.br"],"url":"https:\/\/jornalfatosenoticias.com.br\/index.php\/author\/luzimara\/"}]}},"cc_featured_image_caption":{"caption_text":"(Foto: Freepik)","source_text":"","source_url":""},"jetpack_featured_media_url":"https:\/\/jornalfatosenoticias.com.br\/wp-content\/uploads\/2025\/07\/carro-hidrogenio_freepik.jpg","_links":{"self":[{"href":"https:\/\/jornalfatosenoticias.com.br\/index.php\/wp-json\/wp\/v2\/posts\/60733","targetHints":{"allow":["GET"]}}],"collection":[{"href":"https:\/\/jornalfatosenoticias.com.br\/index.php\/wp-json\/wp\/v2\/posts"}],"about":[{"href":"https:\/\/jornalfatosenoticias.com.br\/index.php\/wp-json\/wp\/v2\/types\/post"}],"author":[{"embeddable":true,"href":"https:\/\/jornalfatosenoticias.com.br\/index.php\/wp-json\/wp\/v2\/users\/2"}],"replies":[{"embeddable":true,"href":"https:\/\/jornalfatosenoticias.com.br\/index.php\/wp-json\/wp\/v2\/comments?post=60733"}],"version-history":[{"count":0,"href":"https:\/\/jornalfatosenoticias.com.br\/index.php\/wp-json\/wp\/v2\/posts\/60733\/revisions"}],"wp:featuredmedia":[{"embeddable":true,"href":"https:\/\/jornalfatosenoticias.com.br\/index.php\/wp-json\/wp\/v2\/media\/60734"}],"wp:attachment":[{"href":"https:\/\/jornalfatosenoticias.com.br\/index.php\/wp-json\/wp\/v2\/media?parent=60733"}],"wp:term":[{"taxonomy":"category","embeddable":true,"href":"https:\/\/jornalfatosenoticias.com.br\/index.php\/wp-json\/wp\/v2\/categories?post=60733"},{"taxonomy":"post_tag","embeddable":true,"href":"https:\/\/jornalfatosenoticias.com.br\/index.php\/wp-json\/wp\/v2\/tags?post=60733"}],"curies":[{"name":"wp","href":"https:\/\/api.w.org\/{rel}","templated":true}]}}