{"id":60764,"date":"2025-07-23T11:01:10","date_gmt":"2025-07-23T14:01:10","guid":{"rendered":"https:\/\/jornalfatosenoticias.com.br\/?p=60764"},"modified":"2025-07-23T11:01:12","modified_gmt":"2025-07-23T14:01:12","slug":"seu-filho-esta-ficando-mais-isolado-veja-seis-problemas-da-modernidade-que-afetam-o-comportamento-infantil","status":"publish","type":"post","link":"https:\/\/jornalfatosenoticias.com.br\/index.php\/2025\/07\/23\/seu-filho-esta-ficando-mais-isolado-veja-seis-problemas-da-modernidade-que-afetam-o-comportamento-infantil\/","title":{"rendered":"Seu filho est\u00e1 ficando mais isolado? Veja seis problemas da modernidade que afetam o comportamento infantil"},"content":{"rendered":"\n<p><em><span class=\"has-inline-color has-black-color\">Ansiedade, cansa\u00e7o e irritabilidade t\u00eam sido respostas comuns ao ritmo imposto pela rotina moderna<\/span><\/em><\/p>\n\n\n\n<p><span class=\"has-inline-color has-black-color\">Por <strong><a href=\"https:\/\/revistacrescer.globo.com\/autores\/camila-pergentino\/\">Camila Pergentino<\/a><\/strong><\/span><\/p>\n\n\n\n<div class=\"wp-block-image\"><figure class=\"aligncenter size-large\"><a href=\"http:\/\/www.ferrarimaquinas.com.br\/\"><img loading=\"lazy\" decoding=\"async\" width=\"1024\" height=\"100\" src=\"https:\/\/jornalfatosenoticias.com.br\/wp-content\/uploads\/2020\/02\/banner_ferramentas-1024x100.jpg\" alt=\"\" class=\"wp-image-1258\" srcset=\"https:\/\/jornalfatosenoticias.com.br\/wp-content\/uploads\/2020\/02\/banner_ferramentas-1024x100.jpg 1024w, https:\/\/jornalfatosenoticias.com.br\/wp-content\/uploads\/2020\/02\/banner_ferramentas-300x29.jpg 300w, https:\/\/jornalfatosenoticias.com.br\/wp-content\/uploads\/2020\/02\/banner_ferramentas-768x75.jpg 768w, https:\/\/jornalfatosenoticias.com.br\/wp-content\/uploads\/2020\/02\/banner_ferramentas.jpg 1227w\" sizes=\"auto, (max-width: 1024px) 100vw, 1024px\" \/><\/a><\/figure><\/div>\n\n\n\n<p>Talvez voc\u00ea j\u00e1 tenha notado seu filho mais quieto, impaciente ou at\u00e9 desanimado, mas n\u00e3o consiga apontar exatamente o motivo. O ritmo da vida atual tem imposto \u00e0s crian\u00e7as um cotidiano cheio de pressa, cobran\u00e7a e falta de conex\u00e3o real. N\u00e3o \u00e9 \u00e0 toa que psic\u00f3logos e pediatras observam um aumento nos casos de ansiedade, dist\u00farbios do sono, estresse e dificuldades emocionais em crian\u00e7as. Especialistas consultados pela Crescer apontaram os principais fatores ligados \u00e0 vida contempor\u00e2nea que interferem diretamente no bem-estar das crian\u00e7as.<\/p>\n\n\n\n<p><span class=\"has-inline-color has-vivid-purple-color\"><strong>1. Falta de tempo livre<br><\/strong><\/span>A rotina de muitas crian\u00e7as imita a de adultos. \u201cQuando a inf\u00e2ncia se enche de hor\u00e1rios e obriga\u00e7\u00f5es, sobra pouco espa\u00e7o para ser crian\u00e7a\u201d, afirma a psic\u00f3loga infantil Katherine Sorroche \u00e0 Crescer. Para ela, o excesso de compromissos diminui o tempo de brincar e de imaginar. <\/p>\n\n\n\n<div class=\"wp-block-image\"><figure class=\"aligncenter size-large is-resized\"><a href=\"https:\/\/www.instagram.com\/esteio.churrascaria\/\"><img loading=\"lazy\" decoding=\"async\" src=\"https:\/\/jornalfatosenoticias.com.br\/wp-content\/uploads\/2022\/02\/LOGO-ESTEIO-1024x730.png\" alt=\"\" class=\"wp-image-27942\" width=\"353\" height=\"251\" srcset=\"https:\/\/jornalfatosenoticias.com.br\/wp-content\/uploads\/2022\/02\/LOGO-ESTEIO-1024x730.png 1024w, https:\/\/jornalfatosenoticias.com.br\/wp-content\/uploads\/2022\/02\/LOGO-ESTEIO-300x214.png 300w, https:\/\/jornalfatosenoticias.com.br\/wp-content\/uploads\/2022\/02\/LOGO-ESTEIO-768x548.png 768w, https:\/\/jornalfatosenoticias.com.br\/wp-content\/uploads\/2022\/02\/LOGO-ESTEIO.png 1123w\" sizes=\"auto, (max-width: 353px) 100vw, 353px\" \/><\/a><\/figure><\/div>\n\n\n\n<blockquote class=\"wp-block-quote is-layout-flow wp-block-quote-is-layout-flow\"><p><span class=\"has-inline-color has-luminous-vivid-orange-color\">A crian\u00e7a perde o contato com a leveza e a criatividade que deveriam marcar essa fase da vida\u201d.<\/span><\/p><\/blockquote>\n\n\n\n<div class=\"wp-block-image\"><figure class=\"aligncenter size-large is-resized\"><a href=\"https:\/\/www.instagram.com\/restaurantepegoretti\/\"><img loading=\"lazy\" decoding=\"async\" src=\"https:\/\/jornalfatosenoticias.com.br\/wp-content\/uploads\/2023\/12\/pegoretti-logo-pdf-1024x389.jpg\" alt=\"\" class=\"wp-image-47536\" width=\"498\" height=\"189\" srcset=\"https:\/\/jornalfatosenoticias.com.br\/wp-content\/uploads\/2023\/12\/pegoretti-logo-pdf-1024x389.jpg 1024w, https:\/\/jornalfatosenoticias.com.br\/wp-content\/uploads\/2023\/12\/pegoretti-logo-pdf-300x114.jpg 300w, https:\/\/jornalfatosenoticias.com.br\/wp-content\/uploads\/2023\/12\/pegoretti-logo-pdf-768x291.jpg 768w, https:\/\/jornalfatosenoticias.com.br\/wp-content\/uploads\/2023\/12\/pegoretti-logo-pdf.jpg 1120w\" sizes=\"auto, (max-width: 498px) 100vw, 498px\" \/><\/a><\/figure><\/div>\n\n\n\n<p>A pediatra Cec\u00edlia Gama observa que o impacto vai al\u00e9m do emocional. \u201cPriva\u00e7\u00e3o de sono, fadiga, maior vulnerabilidade a doen\u00e7as e at\u00e9 altera\u00e7\u00f5es no apetite podem surgir quando o corpo e a mente n\u00e3o t\u00eam tempo suficiente para descansar\u201d.<\/p>\n\n\n\n<div class=\"wp-block-image\"><figure class=\"aligncenter size-large is-resized\"><a href=\"https:\/\/www.facebook.com\/profile.php?id=100069289606145\"><img loading=\"lazy\" decoding=\"async\" src=\"https:\/\/jornalfatosenoticias.com.br\/wp-content\/uploads\/2024\/11\/Guaitolini-Contabilidade-1024x714.jpeg\" alt=\"\" class=\"wp-image-55808\" width=\"365\" height=\"254\" srcset=\"https:\/\/jornalfatosenoticias.com.br\/wp-content\/uploads\/2024\/11\/Guaitolini-Contabilidade-1024x714.jpeg 1024w, https:\/\/jornalfatosenoticias.com.br\/wp-content\/uploads\/2024\/11\/Guaitolini-Contabilidade-300x209.jpeg 300w, https:\/\/jornalfatosenoticias.com.br\/wp-content\/uploads\/2024\/11\/Guaitolini-Contabilidade-768x535.jpeg 768w, https:\/\/jornalfatosenoticias.com.br\/wp-content\/uploads\/2024\/11\/Guaitolini-Contabilidade.jpeg 1280w\" sizes=\"auto, (max-width: 365px) 100vw, 365px\" \/><\/a><\/figure><\/div>\n\n\n\n<p><strong><span class=\"has-inline-color has-vivid-purple-color\">2. Press\u00e3o por desempenho<br><\/span><\/strong>Tanto na escola quanto nas atividades extracurriculares, a expectativa de que a crian\u00e7a tenha um bom rendimento pode pesar demais. \u201cA crian\u00e7a pode come\u00e7ar a acreditar que s\u00f3 vale a pena quando acerta, e isso afeta diretamente sua autoestima\u201d, comenta a psic\u00f3loga. A especialista explica que esse tipo de press\u00e3o reduz a disposi\u00e7\u00e3o para tentar coisas novas e pode levar \u00e0 desmotiva\u00e7\u00e3o. J\u00e1 a pediatra ressalta que, ao serem expostas a avalia\u00e7\u00f5es constantes, muitas crian\u00e7as desenvolvem medo de errar. <\/p>\n\n\n\n<div class=\"wp-block-image\"><figure class=\"aligncenter size-large is-resized\"><a href=\"https:\/\/www.facebook.com\/postobkr\/?locale=pt_BR\"><img loading=\"lazy\" decoding=\"async\" src=\"https:\/\/jornalfatosenoticias.com.br\/wp-content\/uploads\/2023\/08\/BKR-1024x1021.jpg\" alt=\"\" class=\"wp-image-44494\" width=\"308\" height=\"307\" srcset=\"https:\/\/jornalfatosenoticias.com.br\/wp-content\/uploads\/2023\/08\/BKR-1024x1021.jpg 1024w, https:\/\/jornalfatosenoticias.com.br\/wp-content\/uploads\/2023\/08\/BKR-300x300.jpg 300w, https:\/\/jornalfatosenoticias.com.br\/wp-content\/uploads\/2023\/08\/BKR-150x150.jpg 150w, https:\/\/jornalfatosenoticias.com.br\/wp-content\/uploads\/2023\/08\/BKR-768x766.jpg 768w, https:\/\/jornalfatosenoticias.com.br\/wp-content\/uploads\/2023\/08\/BKR.jpg 1080w\" sizes=\"auto, (max-width: 308px) 100vw, 308px\" \/><\/a><\/figure><\/div>\n\n\n\n<blockquote class=\"wp-block-quote is-layout-flow wp-block-quote-is-layout-flow\"><p><span class=\"has-inline-color has-luminous-vivid-orange-color\">Atividades que poderiam ser fonte de alegria se tornam fonte de estresse. Quando s\u00f3 existe um jeito certo, sobra pouco espa\u00e7o para explorar, imaginar e errar\u201d.<\/span><\/p><\/blockquote>\n\n\n\n<div class=\"wp-block-image\"><figure class=\"aligncenter size-large is-resized\"><a href=\"https:\/\/hotelmarquetti.com.br\/\"><img loading=\"lazy\" decoding=\"async\" src=\"https:\/\/jornalfatosenoticias.com.br\/wp-content\/uploads\/2020\/02\/LOGO-MQ-1024x680.jpg\" alt=\"\" class=\"wp-image-58299\" width=\"353\" height=\"234\" srcset=\"https:\/\/jornalfatosenoticias.com.br\/wp-content\/uploads\/2020\/02\/LOGO-MQ-1024x680.jpg 1024w, https:\/\/jornalfatosenoticias.com.br\/wp-content\/uploads\/2020\/02\/LOGO-MQ-300x199.jpg 300w, https:\/\/jornalfatosenoticias.com.br\/wp-content\/uploads\/2020\/02\/LOGO-MQ-768x510.jpg 768w, https:\/\/jornalfatosenoticias.com.br\/wp-content\/uploads\/2020\/02\/LOGO-MQ-1536x1020.jpg 1536w, https:\/\/jornalfatosenoticias.com.br\/wp-content\/uploads\/2020\/02\/LOGO-MQ-2048x1360.jpg 2048w\" sizes=\"auto, (max-width: 353px) 100vw, 353px\" \/><\/a><\/figure><\/div>\n\n\n\n<p><strong><span class=\"has-inline-color has-vivid-purple-color\">3. Uso excessivo de telas<br><\/span><\/strong>Dispositivos eletr\u00f4nicos preenchem boa parte do tempo das crian\u00e7as. \u201cQuando a tela toma conta, o corpo fica parado e a mente agitada\u201d, aponta a psic\u00f3loga. Segundo ela, esse uso prolongado afeta o sono e a disposi\u00e7\u00e3o para brincar.<br>Essa interfer\u00eancia provoca efeitos f\u00edsicos. \u201cA luz azul atrapalha a produ\u00e7\u00e3o de melatonina e dificulta o sono. Al\u00e9m disso, o sedentarismo e a m\u00e1 postura aumentam dores musculares e risco de obesidade. Muitas crian\u00e7as relatam ard\u00eancia, vis\u00e3o emba\u00e7ada e dor de cabe\u00e7a\u201d, conta a pediatra.<\/p>\n\n\n\n<div class=\"wp-block-image\"><figure class=\"aligncenter size-large is-resized\"><a href=\"https:\/\/www.instagram.com\/serra4x4cambioautomatico\/\"><img loading=\"lazy\" decoding=\"async\" src=\"https:\/\/jornalfatosenoticias.com.br\/wp-content\/uploads\/2024\/08\/Serra-4x4-1-886x1024.jpg\" alt=\"\" class=\"wp-image-53632\" width=\"292\" height=\"337\" srcset=\"https:\/\/jornalfatosenoticias.com.br\/wp-content\/uploads\/2024\/08\/Serra-4x4-1-886x1024.jpg 886w, https:\/\/jornalfatosenoticias.com.br\/wp-content\/uploads\/2024\/08\/Serra-4x4-1-260x300.jpg 260w, https:\/\/jornalfatosenoticias.com.br\/wp-content\/uploads\/2024\/08\/Serra-4x4-1-768x888.jpg 768w, https:\/\/jornalfatosenoticias.com.br\/wp-content\/uploads\/2024\/08\/Serra-4x4-1.jpg 1181w\" sizes=\"auto, (max-width: 292px) 100vw, 292px\" \/><\/a><\/figure><\/div>\n\n\n\n<p><strong><span class=\"has-inline-color has-vivid-purple-color\">4. Est\u00edmulos em excesso e pouco v\u00ednculo<br><\/span><\/strong>As crian\u00e7as vivem sob bombardeio de informa\u00e7\u00f5es e falta espa\u00e7o para conv\u00edvio real. \u201cO excesso de est\u00edmulos, a falta de tempo de qualidade com os pais e a depend\u00eancia das telas tiram delas a oportunidade de simplesmente serem elas mesmas\u201d, ressalta a psic\u00f3loga. A pediatra acrescenta: \u201cCom menos tempo para conversas leves e brincadeiras em fam\u00edlia, a crian\u00e7a pode se sentir mais distante dos pais, o que afeta seu senso de seguran\u00e7a emocional\u201d.<\/p>\n\n\n\n<div class=\"wp-block-image\"><figure class=\"aligncenter size-large is-resized\"><a href=\"https:\/\/www.instagram.com\/gruposei\/\"><img loading=\"lazy\" decoding=\"async\" src=\"https:\/\/jornalfatosenoticias.com.br\/wp-content\/uploads\/2022\/07\/Logo-Grupo-SEI.jpg\" alt=\"\" class=\"wp-image-31973\" width=\"415\" height=\"218\" srcset=\"https:\/\/jornalfatosenoticias.com.br\/wp-content\/uploads\/2022\/07\/Logo-Grupo-SEI.jpg 713w, https:\/\/jornalfatosenoticias.com.br\/wp-content\/uploads\/2022\/07\/Logo-Grupo-SEI-300x158.jpg 300w\" sizes=\"auto, (max-width: 415px) 100vw, 415px\" \/><\/a><\/figure><\/div>\n\n\n\n<p><strong><span class=\"has-inline-color has-vivid-purple-color\">5. Isolamento social<br><\/span><\/strong>Apesar de conectadas digitalmente, muitas crian\u00e7as est\u00e3o isoladas. \u201cCrian\u00e7as evitam colegas por vergonha de n\u00e3o ser boas o suficiente. O medo de falhar faz com que se afastem at\u00e9 de atividades que antes gostavam\u201d, diz a pediatra.<br>O reflexo pode aparecer no corpo. \u201cBirras, choro f\u00e1cil, dificuldades para dormir, dores sem causa f\u00edsica clara\u201d, conta a psic\u00f3loga infantil. \u201cToda crian\u00e7a fala por meio do corpo e do comportamento\u201d.<\/p>\n\n\n\n<div class=\"wp-block-image\"><figure class=\"aligncenter size-large\"><a href=\"https:\/\/www.cesconetto.com.br\/\"><img loading=\"lazy\" decoding=\"async\" width=\"300\" height=\"250\" src=\"https:\/\/jornalfatosenoticias.com.br\/wp-content\/uploads\/2022\/02\/Banner-2.png\" alt=\"\" class=\"wp-image-27877\"\/><\/a><\/figure><\/div>\n\n\n\n<p><strong><span class=\"has-inline-color has-vivid-purple-color\">6. Dificuldades para lidar com frustra\u00e7\u00e3o<br><\/span><\/strong>Segundo as especialistas, a falta de tempo para o brincar livre e a constante vigil\u00e2ncia dos adultos dificultam o desenvolvimento da autonomia. \u201cMuitas n\u00e3o sabem brincar sozinhas, n\u00e3o suportam se frustrar e se sentem inseguras mesmo quando parecem confiantes\u201d, afirma a psic\u00f3loga. Para a pediatra, isso tem efeitos no longo prazo. \u201cCrian\u00e7as com dificuldade em lidar com frustra\u00e7\u00e3o, raiva ou perdas crescem com baixa toler\u00e2ncia ao erro e dificuldade de regula\u00e7\u00e3o emocional\u201d.<\/p>\n\n\n\n<div class=\"wp-block-image\"><figure class=\"aligncenter size-large is-resized\"><a href=\"https:\/\/www.facebook.com\/vetor.vix\/\"><img loading=\"lazy\" decoding=\"async\" src=\"https:\/\/jornalfatosenoticias.com.br\/wp-content\/uploads\/2023\/09\/vetorvix1024_1.jpg\" alt=\"\" class=\"wp-image-44868\" width=\"535\" height=\"142\" srcset=\"https:\/\/jornalfatosenoticias.com.br\/wp-content\/uploads\/2023\/09\/vetorvix1024_1.jpg 1024w, https:\/\/jornalfatosenoticias.com.br\/wp-content\/uploads\/2023\/09\/vetorvix1024_1-300x80.jpg 300w, https:\/\/jornalfatosenoticias.com.br\/wp-content\/uploads\/2023\/09\/vetorvix1024_1-768x205.jpg 768w\" sizes=\"auto, (max-width: 535px) 100vw, 535px\" \/><\/a><\/figure><\/div>\n\n\n\n<p><strong><span class=\"has-inline-color has-vivid-purple-color\">E os adultos nisso tudo?<br><\/span><\/strong>As especialistas alertam que os h\u00e1bitos das crian\u00e7as refletem os modelos adultos. <\/p>\n\n\n\n<blockquote class=\"wp-block-quote is-layout-flow wp-block-quote-is-layout-flow\"><p><span class=\"has-inline-color has-luminous-vivid-orange-color\">O estilo de vida da crian\u00e7a \u00e9 impresso pelo adulto\u201d, diz a psic\u00f3loga. \u201cN\u00e3o adianta pedir que desacelerem se seguimos correndo. N\u00e3o faz sentido exigir que larguem as telas se n\u00f3s tamb\u00e9m estamos sempre grudados nelas\u201d, orienta a pediatra.<\/span><\/p><\/blockquote>\n\n\n\n<div class=\"wp-block-image\"><figure class=\"aligncenter size-large\"><a href=\"https:\/\/www.controlsystems.com.br\/\"><img loading=\"lazy\" decoding=\"async\" width=\"1024\" height=\"109\" src=\"https:\/\/jornalfatosenoticias.com.br\/wp-content\/uploads\/2020\/02\/CONTROL-CS2-1024x109.jpg\" alt=\"\" class=\"wp-image-44989\" srcset=\"https:\/\/jornalfatosenoticias.com.br\/wp-content\/uploads\/2020\/02\/CONTROL-CS2-1024x109.jpg 1024w, https:\/\/jornalfatosenoticias.com.br\/wp-content\/uploads\/2020\/02\/CONTROL-CS2-300x32.jpg 300w, https:\/\/jornalfatosenoticias.com.br\/wp-content\/uploads\/2020\/02\/CONTROL-CS2-768x82.jpg 768w, https:\/\/jornalfatosenoticias.com.br\/wp-content\/uploads\/2020\/02\/CONTROL-CS2.jpg 1120w\" sizes=\"auto, (max-width: 1024px) 100vw, 1024px\" \/><\/a><\/figure><\/div>\n\n\n\n<p><strong>Fonte: <a href=\"https:\/\/revistacrescer.globo.com\/criancas\/comportamento\/noticia\/2025\/07\/seu-filho-esta-ficando-mais-isolado-veja-6-problemas-da-modernidade-que-afetam-o-comportamento-infantil.ghtml\">Crescer<\/a><\/strong><\/p>\n","protected":false},"excerpt":{"rendered":"<p>Ansiedade, cansa\u00e7o e irritabilidade t\u00eam sido respostas comuns ao ritmo imposto pela rotina moderna Por Camila Pergentino Talvez voc\u00ea j\u00e1 tenha notado seu filho mais quieto, impaciente ou at\u00e9 desanimado, mas n\u00e3o consiga apontar exatamente o motivo. O ritmo da vida atual tem imposto \u00e0s crian\u00e7as um cotidiano cheio de pressa, cobran\u00e7a e falta de [&hellip;]<\/p>\n","protected":false},"author":2,"featured_media":60765,"comment_status":"open","ping_status":"open","sticky":false,"template":"","format":"standard","meta":{"footnotes":""},"categories":[2522,7],"tags":[1779,670,4678,393,862,2169,17362],"class_list":["post-60764","post","type-post","status-publish","format-standard","has-post-thumbnail","hentry","category-comportamento","category-educacao","tag-comportamento-infantil","tag-criancas","tag-irritabilidade","tag-isolamento","tag-isolamento-social","tag-rotina","tag-uso-excessivo-de-telas"],"yoast_head":"<!-- This site is optimized with the Yoast SEO plugin v26.5 - https:\/\/yoast.com\/wordpress\/plugins\/seo\/ -->\n<title>Seu filho est\u00e1 ficando mais isolado? Veja seis problemas da modernidade que afetam o comportamento infantil - Jornal Fatos e Not\u00edcias<\/title>\n<meta name=\"robots\" content=\"index, follow, max-snippet:-1, max-image-preview:large, max-video-preview:-1\" \/>\n<link rel=\"canonical\" href=\"https:\/\/jornalfatosenoticias.com.br\/index.php\/2025\/07\/23\/seu-filho-esta-ficando-mais-isolado-veja-seis-problemas-da-modernidade-que-afetam-o-comportamento-infantil\/\" \/>\n<meta property=\"og:locale\" content=\"pt_BR\" \/>\n<meta property=\"og:type\" content=\"article\" \/>\n<meta property=\"og:title\" content=\"Seu filho est\u00e1 ficando mais isolado? Veja seis problemas da modernidade que afetam o comportamento infantil - Jornal Fatos e Not\u00edcias\" \/>\n<meta property=\"og:description\" content=\"Ansiedade, cansa\u00e7o e irritabilidade t\u00eam sido respostas comuns ao ritmo imposto pela rotina moderna Por Camila Pergentino Talvez voc\u00ea j\u00e1 tenha notado seu filho mais quieto, impaciente ou at\u00e9 desanimado, mas n\u00e3o consiga apontar exatamente o motivo. O ritmo da vida atual tem imposto \u00e0s crian\u00e7as um cotidiano cheio de pressa, cobran\u00e7a e falta de [&hellip;]\" \/>\n<meta property=\"og:url\" content=\"https:\/\/jornalfatosenoticias.com.br\/index.php\/2025\/07\/23\/seu-filho-esta-ficando-mais-isolado-veja-seis-problemas-da-modernidade-que-afetam-o-comportamento-infantil\/\" \/>\n<meta property=\"og:site_name\" content=\"Jornal Fatos e Not\u00edcias\" \/>\n<meta property=\"article:published_time\" content=\"2025-07-23T14:01:10+00:00\" \/>\n<meta property=\"article:modified_time\" content=\"2025-07-23T14:01:12+00:00\" \/>\n<meta property=\"og:image\" content=\"https:\/\/jornalfatosenoticias.com.br\/wp-content\/uploads\/2025\/07\/Seu-filho-esta-ficando-mais-isolado_freepik.jpg\" \/>\n\t<meta property=\"og:image:width\" content=\"1000\" \/>\n\t<meta property=\"og:image:height\" content=\"667\" \/>\n\t<meta property=\"og:image:type\" content=\"image\/jpeg\" \/>\n<meta name=\"author\" content=\"Luzimara Fernandes\" \/>\n<meta name=\"twitter:card\" content=\"summary_large_image\" \/>\n<meta name=\"twitter:label1\" content=\"Escrito por\" \/>\n\t<meta name=\"twitter:data1\" content=\"Luzimara Fernandes\" \/>\n\t<meta name=\"twitter:label2\" content=\"Est. tempo de leitura\" \/>\n\t<meta name=\"twitter:data2\" content=\"4 minutos\" \/>\n<script type=\"application\/ld+json\" class=\"yoast-schema-graph\">{\"@context\":\"https:\/\/schema.org\",\"@graph\":[{\"@type\":\"Article\",\"@id\":\"https:\/\/jornalfatosenoticias.com.br\/index.php\/2025\/07\/23\/seu-filho-esta-ficando-mais-isolado-veja-seis-problemas-da-modernidade-que-afetam-o-comportamento-infantil\/#article\",\"isPartOf\":{\"@id\":\"https:\/\/jornalfatosenoticias.com.br\/index.php\/2025\/07\/23\/seu-filho-esta-ficando-mais-isolado-veja-seis-problemas-da-modernidade-que-afetam-o-comportamento-infantil\/\"},\"author\":{\"name\":\"Luzimara Fernandes\",\"@id\":\"https:\/\/jornalfatosenoticias.com.br\/#\/schema\/person\/d63837fa13ac8666eb9e74e0985d6f81\"},\"headline\":\"Seu filho est\u00e1 ficando mais isolado? Veja seis problemas da modernidade que afetam o comportamento infantil\",\"datePublished\":\"2025-07-23T14:01:10+00:00\",\"dateModified\":\"2025-07-23T14:01:12+00:00\",\"mainEntityOfPage\":{\"@id\":\"https:\/\/jornalfatosenoticias.com.br\/index.php\/2025\/07\/23\/seu-filho-esta-ficando-mais-isolado-veja-seis-problemas-da-modernidade-que-afetam-o-comportamento-infantil\/\"},\"wordCount\":784,\"commentCount\":0,\"publisher\":{\"@id\":\"https:\/\/jornalfatosenoticias.com.br\/#organization\"},\"image\":{\"@id\":\"https:\/\/jornalfatosenoticias.com.br\/index.php\/2025\/07\/23\/seu-filho-esta-ficando-mais-isolado-veja-seis-problemas-da-modernidade-que-afetam-o-comportamento-infantil\/#primaryimage\"},\"thumbnailUrl\":\"https:\/\/jornalfatosenoticias.com.br\/wp-content\/uploads\/2025\/07\/Seu-filho-esta-ficando-mais-isolado_freepik.jpg\",\"keywords\":[\"comportamento infantil\",\"crian\u00e7as\",\"irritabilidade\",\"isolamento\",\"isolamento social\",\"rotina\",\"uso excessivo de telas\"],\"articleSection\":[\"Comportamento &amp; Equil\u00edbrio\",\"Educa\u00e7\u00e3o\"],\"inLanguage\":\"pt-BR\",\"potentialAction\":[{\"@type\":\"CommentAction\",\"name\":\"Comment\",\"target\":[\"https:\/\/jornalfatosenoticias.com.br\/index.php\/2025\/07\/23\/seu-filho-esta-ficando-mais-isolado-veja-seis-problemas-da-modernidade-que-afetam-o-comportamento-infantil\/#respond\"]}]},{\"@type\":\"WebPage\",\"@id\":\"https:\/\/jornalfatosenoticias.com.br\/index.php\/2025\/07\/23\/seu-filho-esta-ficando-mais-isolado-veja-seis-problemas-da-modernidade-que-afetam-o-comportamento-infantil\/\",\"url\":\"https:\/\/jornalfatosenoticias.com.br\/index.php\/2025\/07\/23\/seu-filho-esta-ficando-mais-isolado-veja-seis-problemas-da-modernidade-que-afetam-o-comportamento-infantil\/\",\"name\":\"Seu filho est\u00e1 ficando mais isolado? Veja seis problemas da modernidade que afetam o comportamento infantil - Jornal Fatos e Not\u00edcias\",\"isPartOf\":{\"@id\":\"https:\/\/jornalfatosenoticias.com.br\/#website\"},\"primaryImageOfPage\":{\"@id\":\"https:\/\/jornalfatosenoticias.com.br\/index.php\/2025\/07\/23\/seu-filho-esta-ficando-mais-isolado-veja-seis-problemas-da-modernidade-que-afetam-o-comportamento-infantil\/#primaryimage\"},\"image\":{\"@id\":\"https:\/\/jornalfatosenoticias.com.br\/index.php\/2025\/07\/23\/seu-filho-esta-ficando-mais-isolado-veja-seis-problemas-da-modernidade-que-afetam-o-comportamento-infantil\/#primaryimage\"},\"thumbnailUrl\":\"https:\/\/jornalfatosenoticias.com.br\/wp-content\/uploads\/2025\/07\/Seu-filho-esta-ficando-mais-isolado_freepik.jpg\",\"datePublished\":\"2025-07-23T14:01:10+00:00\",\"dateModified\":\"2025-07-23T14:01:12+00:00\",\"breadcrumb\":{\"@id\":\"https:\/\/jornalfatosenoticias.com.br\/index.php\/2025\/07\/23\/seu-filho-esta-ficando-mais-isolado-veja-seis-problemas-da-modernidade-que-afetam-o-comportamento-infantil\/#breadcrumb\"},\"inLanguage\":\"pt-BR\",\"potentialAction\":[{\"@type\":\"ReadAction\",\"target\":[\"https:\/\/jornalfatosenoticias.com.br\/index.php\/2025\/07\/23\/seu-filho-esta-ficando-mais-isolado-veja-seis-problemas-da-modernidade-que-afetam-o-comportamento-infantil\/\"]}]},{\"@type\":\"ImageObject\",\"inLanguage\":\"pt-BR\",\"@id\":\"https:\/\/jornalfatosenoticias.com.br\/index.php\/2025\/07\/23\/seu-filho-esta-ficando-mais-isolado-veja-seis-problemas-da-modernidade-que-afetam-o-comportamento-infantil\/#primaryimage\",\"url\":\"https:\/\/jornalfatosenoticias.com.br\/wp-content\/uploads\/2025\/07\/Seu-filho-esta-ficando-mais-isolado_freepik.jpg\",\"contentUrl\":\"https:\/\/jornalfatosenoticias.com.br\/wp-content\/uploads\/2025\/07\/Seu-filho-esta-ficando-mais-isolado_freepik.jpg\",\"width\":1000,\"height\":667},{\"@type\":\"BreadcrumbList\",\"@id\":\"https:\/\/jornalfatosenoticias.com.br\/index.php\/2025\/07\/23\/seu-filho-esta-ficando-mais-isolado-veja-seis-problemas-da-modernidade-que-afetam-o-comportamento-infantil\/#breadcrumb\",\"itemListElement\":[{\"@type\":\"ListItem\",\"position\":1,\"name\":\"In\u00edcio\",\"item\":\"https:\/\/jornalfatosenoticias.com.br\/\"},{\"@type\":\"ListItem\",\"position\":2,\"name\":\"Seu filho est\u00e1 ficando mais isolado? Veja seis problemas da modernidade que afetam o comportamento infantil\"}]},{\"@type\":\"WebSite\",\"@id\":\"https:\/\/jornalfatosenoticias.com.br\/#website\",\"url\":\"https:\/\/jornalfatosenoticias.com.br\/\",\"name\":\"Jornal Fatos e Not\u00edcias\",\"description\":\"Not\u00edcias em geral\",\"publisher\":{\"@id\":\"https:\/\/jornalfatosenoticias.com.br\/#organization\"},\"potentialAction\":[{\"@type\":\"SearchAction\",\"target\":{\"@type\":\"EntryPoint\",\"urlTemplate\":\"https:\/\/jornalfatosenoticias.com.br\/?s={search_term_string}\"},\"query-input\":{\"@type\":\"PropertyValueSpecification\",\"valueRequired\":true,\"valueName\":\"search_term_string\"}}],\"inLanguage\":\"pt-BR\"},{\"@type\":\"Organization\",\"@id\":\"https:\/\/jornalfatosenoticias.com.br\/#organization\",\"name\":\"Jornal Fatos e Not\u00edcias\",\"url\":\"https:\/\/jornalfatosenoticias.com.br\/\",\"logo\":{\"@type\":\"ImageObject\",\"inLanguage\":\"pt-BR\",\"@id\":\"https:\/\/jornalfatosenoticias.com.br\/#\/schema\/logo\/image\/\",\"url\":\"https:\/\/jornalfatosenoticias.com.br\/wp-content\/uploads\/2020\/02\/logo120.png\",\"contentUrl\":\"https:\/\/jornalfatosenoticias.com.br\/wp-content\/uploads\/2020\/02\/logo120.png\",\"width\":1227,\"height\":120,\"caption\":\"Jornal Fatos e Not\u00edcias\"},\"image\":{\"@id\":\"https:\/\/jornalfatosenoticias.com.br\/#\/schema\/logo\/image\/\"}},{\"@type\":\"Person\",\"@id\":\"https:\/\/jornalfatosenoticias.com.br\/#\/schema\/person\/d63837fa13ac8666eb9e74e0985d6f81\",\"name\":\"Luzimara Fernandes\",\"image\":{\"@type\":\"ImageObject\",\"inLanguage\":\"pt-BR\",\"@id\":\"https:\/\/jornalfatosenoticias.com.br\/#\/schema\/person\/image\/\",\"url\":\"https:\/\/jornalfatosenoticias.com.br\/wp-content\/uploads\/2025\/05\/EU_portal.jpg\",\"contentUrl\":\"https:\/\/jornalfatosenoticias.com.br\/wp-content\/uploads\/2025\/05\/EU_portal.jpg\",\"caption\":\"Luzimara Fernandes\"},\"description\":\"Jornalista MTB 2358-ES\",\"sameAs\":[\"https:\/\/jornalfatosenoticias.com.br\"],\"url\":\"https:\/\/jornalfatosenoticias.com.br\/index.php\/author\/luzimara\/\"}]}<\/script>\n<!-- \/ Yoast SEO plugin. -->","yoast_head_json":{"title":"Seu filho est\u00e1 ficando mais isolado? Veja seis problemas da modernidade que afetam o comportamento infantil - Jornal Fatos e Not\u00edcias","robots":{"index":"index","follow":"follow","max-snippet":"max-snippet:-1","max-image-preview":"max-image-preview:large","max-video-preview":"max-video-preview:-1"},"canonical":"https:\/\/jornalfatosenoticias.com.br\/index.php\/2025\/07\/23\/seu-filho-esta-ficando-mais-isolado-veja-seis-problemas-da-modernidade-que-afetam-o-comportamento-infantil\/","og_locale":"pt_BR","og_type":"article","og_title":"Seu filho est\u00e1 ficando mais isolado? Veja seis problemas da modernidade que afetam o comportamento infantil - Jornal Fatos e Not\u00edcias","og_description":"Ansiedade, cansa\u00e7o e irritabilidade t\u00eam sido respostas comuns ao ritmo imposto pela rotina moderna Por Camila Pergentino Talvez voc\u00ea j\u00e1 tenha notado seu filho mais quieto, impaciente ou at\u00e9 desanimado, mas n\u00e3o consiga apontar exatamente o motivo. O ritmo da vida atual tem imposto \u00e0s crian\u00e7as um cotidiano cheio de pressa, cobran\u00e7a e falta de [&hellip;]","og_url":"https:\/\/jornalfatosenoticias.com.br\/index.php\/2025\/07\/23\/seu-filho-esta-ficando-mais-isolado-veja-seis-problemas-da-modernidade-que-afetam-o-comportamento-infantil\/","og_site_name":"Jornal Fatos e Not\u00edcias","article_published_time":"2025-07-23T14:01:10+00:00","article_modified_time":"2025-07-23T14:01:12+00:00","og_image":[{"width":1000,"height":667,"url":"https:\/\/jornalfatosenoticias.com.br\/wp-content\/uploads\/2025\/07\/Seu-filho-esta-ficando-mais-isolado_freepik.jpg","type":"image\/jpeg"}],"author":"Luzimara Fernandes","twitter_card":"summary_large_image","twitter_misc":{"Escrito por":"Luzimara Fernandes","Est. tempo de leitura":"4 minutos"},"schema":{"@context":"https:\/\/schema.org","@graph":[{"@type":"Article","@id":"https:\/\/jornalfatosenoticias.com.br\/index.php\/2025\/07\/23\/seu-filho-esta-ficando-mais-isolado-veja-seis-problemas-da-modernidade-que-afetam-o-comportamento-infantil\/#article","isPartOf":{"@id":"https:\/\/jornalfatosenoticias.com.br\/index.php\/2025\/07\/23\/seu-filho-esta-ficando-mais-isolado-veja-seis-problemas-da-modernidade-que-afetam-o-comportamento-infantil\/"},"author":{"name":"Luzimara Fernandes","@id":"https:\/\/jornalfatosenoticias.com.br\/#\/schema\/person\/d63837fa13ac8666eb9e74e0985d6f81"},"headline":"Seu filho est\u00e1 ficando mais isolado? Veja seis problemas da modernidade que afetam o comportamento infantil","datePublished":"2025-07-23T14:01:10+00:00","dateModified":"2025-07-23T14:01:12+00:00","mainEntityOfPage":{"@id":"https:\/\/jornalfatosenoticias.com.br\/index.php\/2025\/07\/23\/seu-filho-esta-ficando-mais-isolado-veja-seis-problemas-da-modernidade-que-afetam-o-comportamento-infantil\/"},"wordCount":784,"commentCount":0,"publisher":{"@id":"https:\/\/jornalfatosenoticias.com.br\/#organization"},"image":{"@id":"https:\/\/jornalfatosenoticias.com.br\/index.php\/2025\/07\/23\/seu-filho-esta-ficando-mais-isolado-veja-seis-problemas-da-modernidade-que-afetam-o-comportamento-infantil\/#primaryimage"},"thumbnailUrl":"https:\/\/jornalfatosenoticias.com.br\/wp-content\/uploads\/2025\/07\/Seu-filho-esta-ficando-mais-isolado_freepik.jpg","keywords":["comportamento infantil","crian\u00e7as","irritabilidade","isolamento","isolamento social","rotina","uso excessivo de telas"],"articleSection":["Comportamento &amp; Equil\u00edbrio","Educa\u00e7\u00e3o"],"inLanguage":"pt-BR","potentialAction":[{"@type":"CommentAction","name":"Comment","target":["https:\/\/jornalfatosenoticias.com.br\/index.php\/2025\/07\/23\/seu-filho-esta-ficando-mais-isolado-veja-seis-problemas-da-modernidade-que-afetam-o-comportamento-infantil\/#respond"]}]},{"@type":"WebPage","@id":"https:\/\/jornalfatosenoticias.com.br\/index.php\/2025\/07\/23\/seu-filho-esta-ficando-mais-isolado-veja-seis-problemas-da-modernidade-que-afetam-o-comportamento-infantil\/","url":"https:\/\/jornalfatosenoticias.com.br\/index.php\/2025\/07\/23\/seu-filho-esta-ficando-mais-isolado-veja-seis-problemas-da-modernidade-que-afetam-o-comportamento-infantil\/","name":"Seu filho est\u00e1 ficando mais isolado? Veja seis problemas da modernidade que afetam o comportamento infantil - Jornal Fatos e Not\u00edcias","isPartOf":{"@id":"https:\/\/jornalfatosenoticias.com.br\/#website"},"primaryImageOfPage":{"@id":"https:\/\/jornalfatosenoticias.com.br\/index.php\/2025\/07\/23\/seu-filho-esta-ficando-mais-isolado-veja-seis-problemas-da-modernidade-que-afetam-o-comportamento-infantil\/#primaryimage"},"image":{"@id":"https:\/\/jornalfatosenoticias.com.br\/index.php\/2025\/07\/23\/seu-filho-esta-ficando-mais-isolado-veja-seis-problemas-da-modernidade-que-afetam-o-comportamento-infantil\/#primaryimage"},"thumbnailUrl":"https:\/\/jornalfatosenoticias.com.br\/wp-content\/uploads\/2025\/07\/Seu-filho-esta-ficando-mais-isolado_freepik.jpg","datePublished":"2025-07-23T14:01:10+00:00","dateModified":"2025-07-23T14:01:12+00:00","breadcrumb":{"@id":"https:\/\/jornalfatosenoticias.com.br\/index.php\/2025\/07\/23\/seu-filho-esta-ficando-mais-isolado-veja-seis-problemas-da-modernidade-que-afetam-o-comportamento-infantil\/#breadcrumb"},"inLanguage":"pt-BR","potentialAction":[{"@type":"ReadAction","target":["https:\/\/jornalfatosenoticias.com.br\/index.php\/2025\/07\/23\/seu-filho-esta-ficando-mais-isolado-veja-seis-problemas-da-modernidade-que-afetam-o-comportamento-infantil\/"]}]},{"@type":"ImageObject","inLanguage":"pt-BR","@id":"https:\/\/jornalfatosenoticias.com.br\/index.php\/2025\/07\/23\/seu-filho-esta-ficando-mais-isolado-veja-seis-problemas-da-modernidade-que-afetam-o-comportamento-infantil\/#primaryimage","url":"https:\/\/jornalfatosenoticias.com.br\/wp-content\/uploads\/2025\/07\/Seu-filho-esta-ficando-mais-isolado_freepik.jpg","contentUrl":"https:\/\/jornalfatosenoticias.com.br\/wp-content\/uploads\/2025\/07\/Seu-filho-esta-ficando-mais-isolado_freepik.jpg","width":1000,"height":667},{"@type":"BreadcrumbList","@id":"https:\/\/jornalfatosenoticias.com.br\/index.php\/2025\/07\/23\/seu-filho-esta-ficando-mais-isolado-veja-seis-problemas-da-modernidade-que-afetam-o-comportamento-infantil\/#breadcrumb","itemListElement":[{"@type":"ListItem","position":1,"name":"In\u00edcio","item":"https:\/\/jornalfatosenoticias.com.br\/"},{"@type":"ListItem","position":2,"name":"Seu filho est\u00e1 ficando mais isolado? Veja seis problemas da modernidade que afetam o comportamento infantil"}]},{"@type":"WebSite","@id":"https:\/\/jornalfatosenoticias.com.br\/#website","url":"https:\/\/jornalfatosenoticias.com.br\/","name":"Jornal Fatos e Not\u00edcias","description":"Not\u00edcias em geral","publisher":{"@id":"https:\/\/jornalfatosenoticias.com.br\/#organization"},"potentialAction":[{"@type":"SearchAction","target":{"@type":"EntryPoint","urlTemplate":"https:\/\/jornalfatosenoticias.com.br\/?s={search_term_string}"},"query-input":{"@type":"PropertyValueSpecification","valueRequired":true,"valueName":"search_term_string"}}],"inLanguage":"pt-BR"},{"@type":"Organization","@id":"https:\/\/jornalfatosenoticias.com.br\/#organization","name":"Jornal Fatos e Not\u00edcias","url":"https:\/\/jornalfatosenoticias.com.br\/","logo":{"@type":"ImageObject","inLanguage":"pt-BR","@id":"https:\/\/jornalfatosenoticias.com.br\/#\/schema\/logo\/image\/","url":"https:\/\/jornalfatosenoticias.com.br\/wp-content\/uploads\/2020\/02\/logo120.png","contentUrl":"https:\/\/jornalfatosenoticias.com.br\/wp-content\/uploads\/2020\/02\/logo120.png","width":1227,"height":120,"caption":"Jornal Fatos e Not\u00edcias"},"image":{"@id":"https:\/\/jornalfatosenoticias.com.br\/#\/schema\/logo\/image\/"}},{"@type":"Person","@id":"https:\/\/jornalfatosenoticias.com.br\/#\/schema\/person\/d63837fa13ac8666eb9e74e0985d6f81","name":"Luzimara Fernandes","image":{"@type":"ImageObject","inLanguage":"pt-BR","@id":"https:\/\/jornalfatosenoticias.com.br\/#\/schema\/person\/image\/","url":"https:\/\/jornalfatosenoticias.com.br\/wp-content\/uploads\/2025\/05\/EU_portal.jpg","contentUrl":"https:\/\/jornalfatosenoticias.com.br\/wp-content\/uploads\/2025\/05\/EU_portal.jpg","caption":"Luzimara Fernandes"},"description":"Jornalista MTB 2358-ES","sameAs":["https:\/\/jornalfatosenoticias.com.br"],"url":"https:\/\/jornalfatosenoticias.com.br\/index.php\/author\/luzimara\/"}]}},"cc_featured_image_caption":{"caption_text":"(Foto: Freepik) ","source_text":"","source_url":""},"jetpack_featured_media_url":"https:\/\/jornalfatosenoticias.com.br\/wp-content\/uploads\/2025\/07\/Seu-filho-esta-ficando-mais-isolado_freepik.jpg","_links":{"self":[{"href":"https:\/\/jornalfatosenoticias.com.br\/index.php\/wp-json\/wp\/v2\/posts\/60764","targetHints":{"allow":["GET"]}}],"collection":[{"href":"https:\/\/jornalfatosenoticias.com.br\/index.php\/wp-json\/wp\/v2\/posts"}],"about":[{"href":"https:\/\/jornalfatosenoticias.com.br\/index.php\/wp-json\/wp\/v2\/types\/post"}],"author":[{"embeddable":true,"href":"https:\/\/jornalfatosenoticias.com.br\/index.php\/wp-json\/wp\/v2\/users\/2"}],"replies":[{"embeddable":true,"href":"https:\/\/jornalfatosenoticias.com.br\/index.php\/wp-json\/wp\/v2\/comments?post=60764"}],"version-history":[{"count":0,"href":"https:\/\/jornalfatosenoticias.com.br\/index.php\/wp-json\/wp\/v2\/posts\/60764\/revisions"}],"wp:featuredmedia":[{"embeddable":true,"href":"https:\/\/jornalfatosenoticias.com.br\/index.php\/wp-json\/wp\/v2\/media\/60765"}],"wp:attachment":[{"href":"https:\/\/jornalfatosenoticias.com.br\/index.php\/wp-json\/wp\/v2\/media?parent=60764"}],"wp:term":[{"taxonomy":"category","embeddable":true,"href":"https:\/\/jornalfatosenoticias.com.br\/index.php\/wp-json\/wp\/v2\/categories?post=60764"},{"taxonomy":"post_tag","embeddable":true,"href":"https:\/\/jornalfatosenoticias.com.br\/index.php\/wp-json\/wp\/v2\/tags?post=60764"}],"curies":[{"name":"wp","href":"https:\/\/api.w.org\/{rel}","templated":true}]}}