{"id":60778,"date":"2025-07-24T15:54:55","date_gmt":"2025-07-24T18:54:55","guid":{"rendered":"https:\/\/jornalfatosenoticias.com.br\/?p=60778"},"modified":"2025-07-24T15:54:56","modified_gmt":"2025-07-24T18:54:56","slug":"tributacao-de-dividendos-a-partir-de-2026-o-que-muda-e-como-se-preparar","status":"publish","type":"post","link":"https:\/\/jornalfatosenoticias.com.br\/index.php\/2025\/07\/24\/tributacao-de-dividendos-a-partir-de-2026-o-que-muda-e-como-se-preparar\/","title":{"rendered":"Tributa\u00e7\u00e3o de dividendos a partir de 2026, o que muda e como se preparar"},"content":{"rendered":"\n<div class=\"wp-block-image\"><figure class=\"aligncenter size-large is-resized\"><a href=\"https:\/\/www.legisjuris.com.br\/\"><img loading=\"lazy\" decoding=\"async\" src=\"https:\/\/jornalfatosenoticias.com.br\/wp-content\/uploads\/2024\/09\/Legis-Juris-Consultoria_logo.jpg\" alt=\"\" class=\"wp-image-53915\" width=\"444\" height=\"186\" srcset=\"https:\/\/jornalfatosenoticias.com.br\/wp-content\/uploads\/2024\/09\/Legis-Juris-Consultoria_logo.jpg 969w, https:\/\/jornalfatosenoticias.com.br\/wp-content\/uploads\/2024\/09\/Legis-Juris-Consultoria_logo-300x126.jpg 300w, https:\/\/jornalfatosenoticias.com.br\/wp-content\/uploads\/2024\/09\/Legis-Juris-Consultoria_logo-768x322.jpg 768w\" sizes=\"auto, (max-width: 444px) 100vw, 444px\" \/><\/a><\/figure><\/div>\n\n\n\n<p>Uma mudan\u00e7a relevante est\u00e1 em discuss\u00e3o no Congresso Nacional e pode alterar, de forma significativa, o planejamento tribut\u00e1rio de empresas e empres\u00e1rios no Brasil. Trata-se do Projeto de Lei n.\u00ba 1.087\/2025, tamb\u00e9m chamado de \u201cTributa\u00e7\u00e3o de Altas Rendas\u201d, que prop\u00f5e o fim da isen\u00e7\u00e3o sobre dividendos a partir de 1.\u00ba de janeiro de 2026.<br>Apesar de ainda estar em tramita\u00e7\u00e3o, a proposta j\u00e1 chama a aten\u00e7\u00e3o por seu potencial impacto sobre os resultados das empresas e a remunera\u00e7\u00e3o dos s\u00f3cios e acionistas. Entender o que est\u00e1 em jogo e como se preparar desde j\u00e1 \u00e9 essencial para tomar decis\u00f5es assertivas.<\/p>\n\n\n\n<div class=\"wp-block-image\"><figure class=\"aligncenter size-large\"><a href=\"http:\/\/www.ferrarimaquinas.com.br\/\"><img loading=\"lazy\" decoding=\"async\" width=\"300\" height=\"250\" src=\"https:\/\/jornalfatosenoticias.com.br\/wp-content\/uploads\/2022\/02\/FERRARI_MAQUINAS-E-FERRAMENTAS2.jpg\" alt=\"\" class=\"wp-image-27860\"\/><\/a><\/figure><\/div>\n\n\n\n<p><span class=\"has-inline-color has-black-color\"><strong><span style=\"text-decoration: underline;\">O sistema atual: dividendos isentos desde 1996<br><\/span><\/strong><\/span>Atualmente, os dividendos distribu\u00eddos por pessoas jur\u00eddicas tributadas com base no lucro real, presumido ou arbitrado s\u00e3o <strong>isentos do Imposto de Renda da Pessoa F\u00edsica (IRPF).<\/strong> Essa regra foi institu\u00edda pela <strong>Lei n.\u00ba 9.249\/1995,<\/strong> em vigor desde 1996, sob a justificativa de que os lucros das empresas j\u00e1 s\u00e3o tributados na fonte, e uma nova incid\u00eancia representaria bitributa\u00e7\u00e3o.<\/p>\n\n\n\n<div class=\"wp-block-image\"><figure class=\"aligncenter size-large is-resized\"><a href=\"https:\/\/www.facebook.com\/profile.php?id=100069289606145\"><img loading=\"lazy\" decoding=\"async\" src=\"https:\/\/jornalfatosenoticias.com.br\/wp-content\/uploads\/2024\/11\/Guaitolini-Contabilidade-1024x714.jpeg\" alt=\"\" class=\"wp-image-55808\" width=\"335\" height=\"233\" srcset=\"https:\/\/jornalfatosenoticias.com.br\/wp-content\/uploads\/2024\/11\/Guaitolini-Contabilidade-1024x714.jpeg 1024w, https:\/\/jornalfatosenoticias.com.br\/wp-content\/uploads\/2024\/11\/Guaitolini-Contabilidade-300x209.jpeg 300w, https:\/\/jornalfatosenoticias.com.br\/wp-content\/uploads\/2024\/11\/Guaitolini-Contabilidade-768x535.jpeg 768w, https:\/\/jornalfatosenoticias.com.br\/wp-content\/uploads\/2024\/11\/Guaitolini-Contabilidade.jpeg 1280w\" sizes=\"auto, (max-width: 335px) 100vw, 335px\" \/><\/a><\/figure><\/div>\n\n\n\n<p>Assim, ao longo de quase tr\u00eas d\u00e9cadas, <strong>os lucros e dividendos pagos aos s\u00f3cios n\u00e3o sofreram qualquer tributa\u00e7\u00e3o adicional<\/strong> na distribui\u00e7\u00e3o, o que transformou esse modelo em um dos principais atrativos para a constitui\u00e7\u00e3o de empresas, especialmente para profissionais liberais, prestadores de servi\u00e7os e investidores.<\/p>\n\n\n\n<div class=\"wp-block-image\"><figure class=\"aligncenter size-large is-resized\"><a href=\"https:\/\/www.controlsystems.com.br\/\"><img loading=\"lazy\" decoding=\"async\" src=\"https:\/\/jornalfatosenoticias.com.br\/wp-content\/uploads\/2020\/02\/CONTROL-CS.jpg\" alt=\"\" class=\"wp-image-44991\" width=\"283\" height=\"339\" srcset=\"https:\/\/jornalfatosenoticias.com.br\/wp-content\/uploads\/2020\/02\/CONTROL-CS.jpg 834w, https:\/\/jornalfatosenoticias.com.br\/wp-content\/uploads\/2020\/02\/CONTROL-CS-250x300.jpg 250w, https:\/\/jornalfatosenoticias.com.br\/wp-content\/uploads\/2020\/02\/CONTROL-CS-768x921.jpg 768w\" sizes=\"auto, (max-width: 283px) 100vw, 283px\" \/><\/a><\/figure><\/div>\n\n\n\n<p><span class=\"has-inline-color has-black-color\"><strong><span style=\"text-decoration: underline;\">A proposta do PL 1.087\/2025: retorno da tributa\u00e7\u00e3o sobre dividendos<br><\/span><\/strong><\/span>O Projeto de Lei n.\u00ba 1.087\/2025 prop\u00f5e uma mudan\u00e7a dr\u00e1stica: a <strong>tributa\u00e7\u00e3o de dividendos \u00e0 al\u00edquota de 15% <\/strong>a partir de 2026. O projeto faz parte de um conjunto de medidas que visam aumentar a carga tribut\u00e1ria sobre as chamadas \u201caltas rendas\u201d e busca, segundo seus defensores, promover maior justi\u00e7a fiscal.<br>No entanto, a proposta <strong>mant\u00e9m uma regra de transi\u00e7\u00e3o: os dividendos pagos, creditados ou disponibilizados at\u00e9 31 de dezembro de 2025 continuam isentos,<\/strong> conforme o modelo atual. Isso cria uma oportunidade relevante de planejamento: <strong>antecipar a distribui\u00e7\u00e3o de lucros<\/strong> pode significar economia real e legal.<\/p>\n\n\n\n<div class=\"wp-block-image\"><figure class=\"aligncenter size-large\"><img loading=\"lazy\" decoding=\"async\" width=\"1000\" height=\"562\" src=\"https:\/\/jornalfatosenoticias.com.br\/wp-content\/uploads\/2025\/07\/tributacao-de-dividendos2_freepik.jpg\" alt=\"\" class=\"wp-image-60779\" srcset=\"https:\/\/jornalfatosenoticias.com.br\/wp-content\/uploads\/2025\/07\/tributacao-de-dividendos2_freepik.jpg 1000w, https:\/\/jornalfatosenoticias.com.br\/wp-content\/uploads\/2025\/07\/tributacao-de-dividendos2_freepik-300x169.jpg 300w, https:\/\/jornalfatosenoticias.com.br\/wp-content\/uploads\/2025\/07\/tributacao-de-dividendos2_freepik-768x432.jpg 768w\" sizes=\"auto, (max-width: 1000px) 100vw, 1000px\" \/><figcaption><em><span class=\"has-inline-color has-black-color\">(Foto: Freepik)<\/span><\/em><\/figcaption><\/figure><\/div>\n\n\n\n<p><span class=\"has-inline-color has-black-color\"><strong><span style=\"text-decoration: underline;\">Como se planejar: antecipa\u00e7\u00e3o e estrat\u00e9gias legais<br><\/span><\/strong><\/span>A janela de tempo at\u00e9 o final de 2025 permite que empresas fa\u00e7am avalia\u00e7\u00f5es criteriosas. <strong>Distribuir lucros acumulados antes da mudan\u00e7a entrar em vigor pode ser uma forma eficiente de evitar a nova tributa\u00e7\u00e3o.<\/strong> Para isso, \u00e9 importante observar:<\/p>\n\n\n\n<div class=\"wp-block-image\"><figure class=\"aligncenter size-large is-resized\"><a href=\"https:\/\/www.instagram.com\/gruposei\/\"><img loading=\"lazy\" decoding=\"async\" src=\"https:\/\/jornalfatosenoticias.com.br\/wp-content\/uploads\/2022\/07\/Logo-Grupo-SEI.jpg\" alt=\"\" class=\"wp-image-31973\" width=\"316\" height=\"166\" srcset=\"https:\/\/jornalfatosenoticias.com.br\/wp-content\/uploads\/2022\/07\/Logo-Grupo-SEI.jpg 713w, https:\/\/jornalfatosenoticias.com.br\/wp-content\/uploads\/2022\/07\/Logo-Grupo-SEI-300x158.jpg 300w\" sizes=\"auto, (max-width: 316px) 100vw, 316px\" \/><\/a><\/figure><\/div>\n\n\n\n<p><strong>\u2022<\/strong> O saldo de <strong>lucros acumulados registrados no Patrim\u00f4nio L\u00edquido;<\/strong><br><strong>\u2022<\/strong> A exist\u00eancia de <strong>reservas de lucros dispon\u00edveis<\/strong> para distribui\u00e7\u00e3o;<br><strong>\u2022<\/strong> A possibilidade de utiliza\u00e7\u00e3o desses valores na <strong>apura\u00e7\u00e3o de Juros sobre o Capital Pr\u00f3prio (JCP) <\/strong>antes da distribui\u00e7\u00e3o, o que pode gerar economia tribut\u00e1ria adicional.<\/p>\n\n\n\n<div class=\"wp-block-image\"><figure class=\"aligncenter size-large is-resized\"><a href=\"https:\/\/www.instagram.com\/serra4x4cambioautomatico\/\"><img loading=\"lazy\" decoding=\"async\" src=\"https:\/\/jornalfatosenoticias.com.br\/wp-content\/uploads\/2024\/08\/Serra-4x4-1-886x1024.jpg\" alt=\"\" class=\"wp-image-53632\" width=\"259\" height=\"299\" srcset=\"https:\/\/jornalfatosenoticias.com.br\/wp-content\/uploads\/2024\/08\/Serra-4x4-1-886x1024.jpg 886w, https:\/\/jornalfatosenoticias.com.br\/wp-content\/uploads\/2024\/08\/Serra-4x4-1-260x300.jpg 260w, https:\/\/jornalfatosenoticias.com.br\/wp-content\/uploads\/2024\/08\/Serra-4x4-1-768x888.jpg 768w, https:\/\/jornalfatosenoticias.com.br\/wp-content\/uploads\/2024\/08\/Serra-4x4-1.jpg 1181w\" sizes=\"auto, (max-width: 259px) 100vw, 259px\" \/><\/a><\/figure><\/div>\n\n\n\n<p>Realizar simula\u00e7\u00f5es e compara\u00e7\u00f5es entre diferentes cen\u00e1rios \u00e9 fundamental. A decis\u00e3o de distribuir ou n\u00e3o antecipadamente depende do perfil de cada empresa, da disponibilidade de caixa e dos objetivos dos s\u00f3cios.<\/p>\n\n\n\n<div class=\"wp-block-image\"><figure class=\"aligncenter size-large is-resized\"><a href=\"https:\/\/www.instagram.com\/restaurantepegoretti\/\"><img loading=\"lazy\" decoding=\"async\" src=\"https:\/\/jornalfatosenoticias.com.br\/wp-content\/uploads\/2023\/12\/pegoretti-logo-pdf-1024x389.jpg\" alt=\"\" class=\"wp-image-47536\" width=\"475\" height=\"180\" srcset=\"https:\/\/jornalfatosenoticias.com.br\/wp-content\/uploads\/2023\/12\/pegoretti-logo-pdf-1024x389.jpg 1024w, https:\/\/jornalfatosenoticias.com.br\/wp-content\/uploads\/2023\/12\/pegoretti-logo-pdf-300x114.jpg 300w, https:\/\/jornalfatosenoticias.com.br\/wp-content\/uploads\/2023\/12\/pegoretti-logo-pdf-768x291.jpg 768w, https:\/\/jornalfatosenoticias.com.br\/wp-content\/uploads\/2023\/12\/pegoretti-logo-pdf.jpg 1120w\" sizes=\"auto, (max-width: 475px) 100vw, 475px\" \/><\/a><\/figure><\/div>\n\n\n\n<p><strong><span class=\"has-inline-color has-black-color\"><span style=\"text-decoration: underline;\">O momento de agir \u00e9 agora<br><\/span><\/span><\/strong>Mesmo que o projeto ainda esteja em debate, \u00e9 prudente considerar o cen\u00e1rio da sua poss\u00edvel aprova\u00e7\u00e3o. <strong>O tempo para reagir est\u00e1 correndo, <\/strong>e quanto mais cedo forem iniciadas as an\u00e1lises, maiores ser\u00e3o as chances de implementar estrat\u00e9gias eficazes e seguras.<\/p>\n\n\n\n<div class=\"wp-block-image\"><figure class=\"aligncenter size-large is-resized\"><a href=\"https:\/\/www.instagram.com\/esteio.churrascaria\/\"><img loading=\"lazy\" decoding=\"async\" src=\"https:\/\/jornalfatosenoticias.com.br\/wp-content\/uploads\/2022\/02\/LOGO-ESTEIO-1024x730.png\" alt=\"\" class=\"wp-image-27942\" width=\"338\" height=\"241\" srcset=\"https:\/\/jornalfatosenoticias.com.br\/wp-content\/uploads\/2022\/02\/LOGO-ESTEIO-1024x730.png 1024w, https:\/\/jornalfatosenoticias.com.br\/wp-content\/uploads\/2022\/02\/LOGO-ESTEIO-300x214.png 300w, https:\/\/jornalfatosenoticias.com.br\/wp-content\/uploads\/2022\/02\/LOGO-ESTEIO-768x548.png 768w, https:\/\/jornalfatosenoticias.com.br\/wp-content\/uploads\/2022\/02\/LOGO-ESTEIO.png 1123w\" sizes=\"auto, (max-width: 338px) 100vw, 338px\" \/><\/a><\/figure><\/div>\n\n\n\n<p>Planejamento tribut\u00e1rio n\u00e3o se faz \u00e0s pressas. \u00c9 uma constru\u00e7\u00e3o que exige vis\u00e3o, dados, simula\u00e7\u00f5es e, principalmente, <strong>atitude proativa diante das mudan\u00e7as legais.<\/strong> Diante da iminente mudan\u00e7a na tributa\u00e7\u00e3o dos dividendos, cabe aos empres\u00e1rios, contadores e profissionais da \u00e1rea tribut\u00e1ria se anteciparem. O momento de agir \u00e9 agora. Avaliar saldos de lucros acumulados, projetar cen\u00e1rios e buscar alternativas legais como o uso do JCP s\u00e3o a\u00e7\u00f5es que podem fazer a diferen\u00e7a entre pagar mais ou manter a rentabilidade dos neg\u00f3cios.<\/p>\n\n\n\n<div class=\"wp-block-image\"><figure class=\"aligncenter size-large is-resized\"><a href=\"https:\/\/panper.com.br\/\"><img loading=\"lazy\" decoding=\"async\" src=\"https:\/\/jornalfatosenoticias.com.br\/wp-content\/uploads\/2023\/03\/logo-Panper_portal.jpg\" alt=\"\" class=\"wp-image-40208\" width=\"317\" height=\"219\" srcset=\"https:\/\/jornalfatosenoticias.com.br\/wp-content\/uploads\/2023\/03\/logo-Panper_portal.jpg 400w, https:\/\/jornalfatosenoticias.com.br\/wp-content\/uploads\/2023\/03\/logo-Panper_portal-300x208.jpg 300w\" sizes=\"auto, (max-width: 317px) 100vw, 317px\" \/><\/a><\/figure><\/div>\n\n\n\n<p>A informa\u00e7\u00e3o, quando bem aplicada, \u00e9 um ativo valioso. E no campo tribut\u00e1rio, quem se antecipa quase sempre sai na frente. <strong>&#8220;Em se tratando da gest\u00e3o tribut\u00e1ria, conhecimento n\u00e3o \u00e9 custo \u00e9 investimento com retorno garantido&#8221;.<\/strong><br>At\u00e9 a pr\u00f3xima semana!<\/p>\n","protected":false},"excerpt":{"rendered":"<p>Uma mudan\u00e7a relevante est\u00e1 em discuss\u00e3o no Congresso Nacional e pode alterar, de forma significativa, o planejamento tribut\u00e1rio de empresas e empres\u00e1rios no Brasil. Trata-se do Projeto de Lei n.\u00ba 1.087\/2025, tamb\u00e9m chamado de \u201cTributa\u00e7\u00e3o de Altas Rendas\u201d, que prop\u00f5e o fim da isen\u00e7\u00e3o sobre dividendos a partir de 1.\u00ba de janeiro de 2026.Apesar de [&hellip;]<\/p>\n","protected":false},"author":39,"featured_media":60780,"comment_status":"open","ping_status":"open","sticky":false,"template":"","format":"standard","meta":{"footnotes":""},"categories":[9],"tags":[27729,27730,1402,27728,8611],"class_list":["post-60778","post","type-post","status-publish","format-standard","has-post-thumbnail","hentry","category-economia","tag-area-tributaria","tag-dividendos","tag-imposto-de-renda","tag-mudancas-legais","tag-tributacao"],"yoast_head":"<!-- This site is optimized with the Yoast SEO plugin v26.5 - https:\/\/yoast.com\/wordpress\/plugins\/seo\/ -->\n<title>Tributa\u00e7\u00e3o de dividendos a partir de 2026, o que muda e como se preparar - Jornal Fatos e Not\u00edcias<\/title>\n<meta name=\"robots\" content=\"index, follow, max-snippet:-1, max-image-preview:large, max-video-preview:-1\" \/>\n<link rel=\"canonical\" href=\"https:\/\/jornalfatosenoticias.com.br\/index.php\/2025\/07\/24\/tributacao-de-dividendos-a-partir-de-2026-o-que-muda-e-como-se-preparar\/\" \/>\n<meta property=\"og:locale\" content=\"pt_BR\" \/>\n<meta property=\"og:type\" content=\"article\" \/>\n<meta property=\"og:title\" content=\"Tributa\u00e7\u00e3o de dividendos a partir de 2026, o que muda e como se preparar - Jornal Fatos e Not\u00edcias\" \/>\n<meta property=\"og:description\" content=\"Uma mudan\u00e7a relevante est\u00e1 em discuss\u00e3o no Congresso Nacional e pode alterar, de forma significativa, o planejamento tribut\u00e1rio de empresas e empres\u00e1rios no Brasil. Trata-se do Projeto de Lei n.\u00ba 1.087\/2025, tamb\u00e9m chamado de \u201cTributa\u00e7\u00e3o de Altas Rendas\u201d, que prop\u00f5e o fim da isen\u00e7\u00e3o sobre dividendos a partir de 1.\u00ba de janeiro de 2026.Apesar de [&hellip;]\" \/>\n<meta property=\"og:url\" content=\"https:\/\/jornalfatosenoticias.com.br\/index.php\/2025\/07\/24\/tributacao-de-dividendos-a-partir-de-2026-o-que-muda-e-como-se-preparar\/\" \/>\n<meta property=\"og:site_name\" content=\"Jornal Fatos e Not\u00edcias\" \/>\n<meta property=\"article:published_time\" content=\"2025-07-24T18:54:55+00:00\" \/>\n<meta property=\"article:modified_time\" content=\"2025-07-24T18:54:56+00:00\" \/>\n<meta property=\"og:image\" content=\"https:\/\/jornalfatosenoticias.com.br\/wp-content\/uploads\/2025\/07\/tributacao-de-dividendos_freepik.jpg\" \/>\n\t<meta property=\"og:image:width\" content=\"1000\" \/>\n\t<meta property=\"og:image:height\" content=\"714\" \/>\n\t<meta property=\"og:image:type\" content=\"image\/jpeg\" \/>\n<meta name=\"author\" content=\"Rogerio Fernandes e Kalyne Calais\" \/>\n<meta name=\"twitter:card\" content=\"summary_large_image\" \/>\n<meta name=\"twitter:label1\" content=\"Escrito por\" \/>\n\t<meta name=\"twitter:data1\" content=\"Rogerio Fernandes e Kalyne Calais\" \/>\n\t<meta name=\"twitter:label2\" content=\"Est. tempo de leitura\" \/>\n\t<meta name=\"twitter:data2\" content=\"3 minutos\" \/>\n<script type=\"application\/ld+json\" class=\"yoast-schema-graph\">{\"@context\":\"https:\/\/schema.org\",\"@graph\":[{\"@type\":\"Article\",\"@id\":\"https:\/\/jornalfatosenoticias.com.br\/index.php\/2025\/07\/24\/tributacao-de-dividendos-a-partir-de-2026-o-que-muda-e-como-se-preparar\/#article\",\"isPartOf\":{\"@id\":\"https:\/\/jornalfatosenoticias.com.br\/index.php\/2025\/07\/24\/tributacao-de-dividendos-a-partir-de-2026-o-que-muda-e-como-se-preparar\/\"},\"author\":{\"name\":\"Rogerio Fernandes e Kalyne Calais\",\"@id\":\"https:\/\/jornalfatosenoticias.com.br\/#\/schema\/person\/dbe3a29c2a0ae01a892d7aef31d6c0b6\"},\"headline\":\"Tributa\u00e7\u00e3o de dividendos a partir de 2026, o que muda e como se preparar\",\"datePublished\":\"2025-07-24T18:54:55+00:00\",\"dateModified\":\"2025-07-24T18:54:56+00:00\",\"mainEntityOfPage\":{\"@id\":\"https:\/\/jornalfatosenoticias.com.br\/index.php\/2025\/07\/24\/tributacao-de-dividendos-a-partir-de-2026-o-que-muda-e-como-se-preparar\/\"},\"wordCount\":684,\"commentCount\":0,\"publisher\":{\"@id\":\"https:\/\/jornalfatosenoticias.com.br\/#organization\"},\"image\":{\"@id\":\"https:\/\/jornalfatosenoticias.com.br\/index.php\/2025\/07\/24\/tributacao-de-dividendos-a-partir-de-2026-o-que-muda-e-como-se-preparar\/#primaryimage\"},\"thumbnailUrl\":\"https:\/\/jornalfatosenoticias.com.br\/wp-content\/uploads\/2025\/07\/tributacao-de-dividendos_freepik.jpg\",\"keywords\":[\"\u00e1rea tribut\u00e1ria\",\"dividendos\",\"Imposto de Renda\",\"mudan\u00e7as legais\",\"tributa\u00e7\u00e3o\"],\"articleSection\":[\"Economia\"],\"inLanguage\":\"pt-BR\",\"potentialAction\":[{\"@type\":\"CommentAction\",\"name\":\"Comment\",\"target\":[\"https:\/\/jornalfatosenoticias.com.br\/index.php\/2025\/07\/24\/tributacao-de-dividendos-a-partir-de-2026-o-que-muda-e-como-se-preparar\/#respond\"]}]},{\"@type\":\"WebPage\",\"@id\":\"https:\/\/jornalfatosenoticias.com.br\/index.php\/2025\/07\/24\/tributacao-de-dividendos-a-partir-de-2026-o-que-muda-e-como-se-preparar\/\",\"url\":\"https:\/\/jornalfatosenoticias.com.br\/index.php\/2025\/07\/24\/tributacao-de-dividendos-a-partir-de-2026-o-que-muda-e-como-se-preparar\/\",\"name\":\"Tributa\u00e7\u00e3o de dividendos a partir de 2026, o que muda e como se preparar - Jornal Fatos e Not\u00edcias\",\"isPartOf\":{\"@id\":\"https:\/\/jornalfatosenoticias.com.br\/#website\"},\"primaryImageOfPage\":{\"@id\":\"https:\/\/jornalfatosenoticias.com.br\/index.php\/2025\/07\/24\/tributacao-de-dividendos-a-partir-de-2026-o-que-muda-e-como-se-preparar\/#primaryimage\"},\"image\":{\"@id\":\"https:\/\/jornalfatosenoticias.com.br\/index.php\/2025\/07\/24\/tributacao-de-dividendos-a-partir-de-2026-o-que-muda-e-como-se-preparar\/#primaryimage\"},\"thumbnailUrl\":\"https:\/\/jornalfatosenoticias.com.br\/wp-content\/uploads\/2025\/07\/tributacao-de-dividendos_freepik.jpg\",\"datePublished\":\"2025-07-24T18:54:55+00:00\",\"dateModified\":\"2025-07-24T18:54:56+00:00\",\"breadcrumb\":{\"@id\":\"https:\/\/jornalfatosenoticias.com.br\/index.php\/2025\/07\/24\/tributacao-de-dividendos-a-partir-de-2026-o-que-muda-e-como-se-preparar\/#breadcrumb\"},\"inLanguage\":\"pt-BR\",\"potentialAction\":[{\"@type\":\"ReadAction\",\"target\":[\"https:\/\/jornalfatosenoticias.com.br\/index.php\/2025\/07\/24\/tributacao-de-dividendos-a-partir-de-2026-o-que-muda-e-como-se-preparar\/\"]}]},{\"@type\":\"ImageObject\",\"inLanguage\":\"pt-BR\",\"@id\":\"https:\/\/jornalfatosenoticias.com.br\/index.php\/2025\/07\/24\/tributacao-de-dividendos-a-partir-de-2026-o-que-muda-e-como-se-preparar\/#primaryimage\",\"url\":\"https:\/\/jornalfatosenoticias.com.br\/wp-content\/uploads\/2025\/07\/tributacao-de-dividendos_freepik.jpg\",\"contentUrl\":\"https:\/\/jornalfatosenoticias.com.br\/wp-content\/uploads\/2025\/07\/tributacao-de-dividendos_freepik.jpg\",\"width\":1000,\"height\":714},{\"@type\":\"BreadcrumbList\",\"@id\":\"https:\/\/jornalfatosenoticias.com.br\/index.php\/2025\/07\/24\/tributacao-de-dividendos-a-partir-de-2026-o-que-muda-e-como-se-preparar\/#breadcrumb\",\"itemListElement\":[{\"@type\":\"ListItem\",\"position\":1,\"name\":\"In\u00edcio\",\"item\":\"https:\/\/jornalfatosenoticias.com.br\/\"},{\"@type\":\"ListItem\",\"position\":2,\"name\":\"Tributa\u00e7\u00e3o de dividendos a partir de 2026, o que muda e como se preparar\"}]},{\"@type\":\"WebSite\",\"@id\":\"https:\/\/jornalfatosenoticias.com.br\/#website\",\"url\":\"https:\/\/jornalfatosenoticias.com.br\/\",\"name\":\"Jornal Fatos e Not\u00edcias\",\"description\":\"Not\u00edcias em geral\",\"publisher\":{\"@id\":\"https:\/\/jornalfatosenoticias.com.br\/#organization\"},\"potentialAction\":[{\"@type\":\"SearchAction\",\"target\":{\"@type\":\"EntryPoint\",\"urlTemplate\":\"https:\/\/jornalfatosenoticias.com.br\/?s={search_term_string}\"},\"query-input\":{\"@type\":\"PropertyValueSpecification\",\"valueRequired\":true,\"valueName\":\"search_term_string\"}}],\"inLanguage\":\"pt-BR\"},{\"@type\":\"Organization\",\"@id\":\"https:\/\/jornalfatosenoticias.com.br\/#organization\",\"name\":\"Jornal Fatos e Not\u00edcias\",\"url\":\"https:\/\/jornalfatosenoticias.com.br\/\",\"logo\":{\"@type\":\"ImageObject\",\"inLanguage\":\"pt-BR\",\"@id\":\"https:\/\/jornalfatosenoticias.com.br\/#\/schema\/logo\/image\/\",\"url\":\"https:\/\/jornalfatosenoticias.com.br\/wp-content\/uploads\/2020\/02\/logo120.png\",\"contentUrl\":\"https:\/\/jornalfatosenoticias.com.br\/wp-content\/uploads\/2020\/02\/logo120.png\",\"width\":1227,\"height\":120,\"caption\":\"Jornal Fatos e Not\u00edcias\"},\"image\":{\"@id\":\"https:\/\/jornalfatosenoticias.com.br\/#\/schema\/logo\/image\/\"}},{\"@type\":\"Person\",\"@id\":\"https:\/\/jornalfatosenoticias.com.br\/#\/schema\/person\/dbe3a29c2a0ae01a892d7aef31d6c0b6\",\"name\":\"Rogerio Fernandes e Kalyne Calais\",\"image\":{\"@type\":\"ImageObject\",\"inLanguage\":\"pt-BR\",\"@id\":\"https:\/\/jornalfatosenoticias.com.br\/#\/schema\/person\/image\/\",\"url\":\"https:\/\/jornalfatosenoticias.com.br\/wp-content\/uploads\/2026\/01\/Rogerio-Kalyne_PORTAL-1-150x150.jpeg\",\"contentUrl\":\"https:\/\/jornalfatosenoticias.com.br\/wp-content\/uploads\/2026\/01\/Rogerio-Kalyne_PORTAL-1-150x150.jpeg\",\"caption\":\"Rogerio Fernandes e Kalyne Calais\"},\"description\":\"Especialistas em Direito Tribut\u00e1rio Legis Juris Consultoria https:\/\/www.instagram.com\/kalynecalais\/ https:\/\/www.linkedin.com\/company\/legis-juris\/\",\"url\":\"https:\/\/jornalfatosenoticias.com.br\/index.php\/author\/rogerio-e-kalyne\/\"}]}<\/script>\n<!-- \/ Yoast SEO plugin. -->","yoast_head_json":{"title":"Tributa\u00e7\u00e3o de dividendos a partir de 2026, o que muda e como se preparar - Jornal Fatos e Not\u00edcias","robots":{"index":"index","follow":"follow","max-snippet":"max-snippet:-1","max-image-preview":"max-image-preview:large","max-video-preview":"max-video-preview:-1"},"canonical":"https:\/\/jornalfatosenoticias.com.br\/index.php\/2025\/07\/24\/tributacao-de-dividendos-a-partir-de-2026-o-que-muda-e-como-se-preparar\/","og_locale":"pt_BR","og_type":"article","og_title":"Tributa\u00e7\u00e3o de dividendos a partir de 2026, o que muda e como se preparar - Jornal Fatos e Not\u00edcias","og_description":"Uma mudan\u00e7a relevante est\u00e1 em discuss\u00e3o no Congresso Nacional e pode alterar, de forma significativa, o planejamento tribut\u00e1rio de empresas e empres\u00e1rios no Brasil. Trata-se do Projeto de Lei n.\u00ba 1.087\/2025, tamb\u00e9m chamado de \u201cTributa\u00e7\u00e3o de Altas Rendas\u201d, que prop\u00f5e o fim da isen\u00e7\u00e3o sobre dividendos a partir de 1.\u00ba de janeiro de 2026.Apesar de [&hellip;]","og_url":"https:\/\/jornalfatosenoticias.com.br\/index.php\/2025\/07\/24\/tributacao-de-dividendos-a-partir-de-2026-o-que-muda-e-como-se-preparar\/","og_site_name":"Jornal Fatos e Not\u00edcias","article_published_time":"2025-07-24T18:54:55+00:00","article_modified_time":"2025-07-24T18:54:56+00:00","og_image":[{"width":1000,"height":714,"url":"https:\/\/jornalfatosenoticias.com.br\/wp-content\/uploads\/2025\/07\/tributacao-de-dividendos_freepik.jpg","type":"image\/jpeg"}],"author":"Rogerio Fernandes e Kalyne Calais","twitter_card":"summary_large_image","twitter_misc":{"Escrito por":"Rogerio Fernandes e Kalyne Calais","Est. tempo de leitura":"3 minutos"},"schema":{"@context":"https:\/\/schema.org","@graph":[{"@type":"Article","@id":"https:\/\/jornalfatosenoticias.com.br\/index.php\/2025\/07\/24\/tributacao-de-dividendos-a-partir-de-2026-o-que-muda-e-como-se-preparar\/#article","isPartOf":{"@id":"https:\/\/jornalfatosenoticias.com.br\/index.php\/2025\/07\/24\/tributacao-de-dividendos-a-partir-de-2026-o-que-muda-e-como-se-preparar\/"},"author":{"name":"Rogerio Fernandes e Kalyne Calais","@id":"https:\/\/jornalfatosenoticias.com.br\/#\/schema\/person\/dbe3a29c2a0ae01a892d7aef31d6c0b6"},"headline":"Tributa\u00e7\u00e3o de dividendos a partir de 2026, o que muda e como se preparar","datePublished":"2025-07-24T18:54:55+00:00","dateModified":"2025-07-24T18:54:56+00:00","mainEntityOfPage":{"@id":"https:\/\/jornalfatosenoticias.com.br\/index.php\/2025\/07\/24\/tributacao-de-dividendos-a-partir-de-2026-o-que-muda-e-como-se-preparar\/"},"wordCount":684,"commentCount":0,"publisher":{"@id":"https:\/\/jornalfatosenoticias.com.br\/#organization"},"image":{"@id":"https:\/\/jornalfatosenoticias.com.br\/index.php\/2025\/07\/24\/tributacao-de-dividendos-a-partir-de-2026-o-que-muda-e-como-se-preparar\/#primaryimage"},"thumbnailUrl":"https:\/\/jornalfatosenoticias.com.br\/wp-content\/uploads\/2025\/07\/tributacao-de-dividendos_freepik.jpg","keywords":["\u00e1rea tribut\u00e1ria","dividendos","Imposto de Renda","mudan\u00e7as legais","tributa\u00e7\u00e3o"],"articleSection":["Economia"],"inLanguage":"pt-BR","potentialAction":[{"@type":"CommentAction","name":"Comment","target":["https:\/\/jornalfatosenoticias.com.br\/index.php\/2025\/07\/24\/tributacao-de-dividendos-a-partir-de-2026-o-que-muda-e-como-se-preparar\/#respond"]}]},{"@type":"WebPage","@id":"https:\/\/jornalfatosenoticias.com.br\/index.php\/2025\/07\/24\/tributacao-de-dividendos-a-partir-de-2026-o-que-muda-e-como-se-preparar\/","url":"https:\/\/jornalfatosenoticias.com.br\/index.php\/2025\/07\/24\/tributacao-de-dividendos-a-partir-de-2026-o-que-muda-e-como-se-preparar\/","name":"Tributa\u00e7\u00e3o de dividendos a partir de 2026, o que muda e como se preparar - Jornal Fatos e Not\u00edcias","isPartOf":{"@id":"https:\/\/jornalfatosenoticias.com.br\/#website"},"primaryImageOfPage":{"@id":"https:\/\/jornalfatosenoticias.com.br\/index.php\/2025\/07\/24\/tributacao-de-dividendos-a-partir-de-2026-o-que-muda-e-como-se-preparar\/#primaryimage"},"image":{"@id":"https:\/\/jornalfatosenoticias.com.br\/index.php\/2025\/07\/24\/tributacao-de-dividendos-a-partir-de-2026-o-que-muda-e-como-se-preparar\/#primaryimage"},"thumbnailUrl":"https:\/\/jornalfatosenoticias.com.br\/wp-content\/uploads\/2025\/07\/tributacao-de-dividendos_freepik.jpg","datePublished":"2025-07-24T18:54:55+00:00","dateModified":"2025-07-24T18:54:56+00:00","breadcrumb":{"@id":"https:\/\/jornalfatosenoticias.com.br\/index.php\/2025\/07\/24\/tributacao-de-dividendos-a-partir-de-2026-o-que-muda-e-como-se-preparar\/#breadcrumb"},"inLanguage":"pt-BR","potentialAction":[{"@type":"ReadAction","target":["https:\/\/jornalfatosenoticias.com.br\/index.php\/2025\/07\/24\/tributacao-de-dividendos-a-partir-de-2026-o-que-muda-e-como-se-preparar\/"]}]},{"@type":"ImageObject","inLanguage":"pt-BR","@id":"https:\/\/jornalfatosenoticias.com.br\/index.php\/2025\/07\/24\/tributacao-de-dividendos-a-partir-de-2026-o-que-muda-e-como-se-preparar\/#primaryimage","url":"https:\/\/jornalfatosenoticias.com.br\/wp-content\/uploads\/2025\/07\/tributacao-de-dividendos_freepik.jpg","contentUrl":"https:\/\/jornalfatosenoticias.com.br\/wp-content\/uploads\/2025\/07\/tributacao-de-dividendos_freepik.jpg","width":1000,"height":714},{"@type":"BreadcrumbList","@id":"https:\/\/jornalfatosenoticias.com.br\/index.php\/2025\/07\/24\/tributacao-de-dividendos-a-partir-de-2026-o-que-muda-e-como-se-preparar\/#breadcrumb","itemListElement":[{"@type":"ListItem","position":1,"name":"In\u00edcio","item":"https:\/\/jornalfatosenoticias.com.br\/"},{"@type":"ListItem","position":2,"name":"Tributa\u00e7\u00e3o de dividendos a partir de 2026, o que muda e como se preparar"}]},{"@type":"WebSite","@id":"https:\/\/jornalfatosenoticias.com.br\/#website","url":"https:\/\/jornalfatosenoticias.com.br\/","name":"Jornal Fatos e Not\u00edcias","description":"Not\u00edcias em geral","publisher":{"@id":"https:\/\/jornalfatosenoticias.com.br\/#organization"},"potentialAction":[{"@type":"SearchAction","target":{"@type":"EntryPoint","urlTemplate":"https:\/\/jornalfatosenoticias.com.br\/?s={search_term_string}"},"query-input":{"@type":"PropertyValueSpecification","valueRequired":true,"valueName":"search_term_string"}}],"inLanguage":"pt-BR"},{"@type":"Organization","@id":"https:\/\/jornalfatosenoticias.com.br\/#organization","name":"Jornal Fatos e Not\u00edcias","url":"https:\/\/jornalfatosenoticias.com.br\/","logo":{"@type":"ImageObject","inLanguage":"pt-BR","@id":"https:\/\/jornalfatosenoticias.com.br\/#\/schema\/logo\/image\/","url":"https:\/\/jornalfatosenoticias.com.br\/wp-content\/uploads\/2020\/02\/logo120.png","contentUrl":"https:\/\/jornalfatosenoticias.com.br\/wp-content\/uploads\/2020\/02\/logo120.png","width":1227,"height":120,"caption":"Jornal Fatos e Not\u00edcias"},"image":{"@id":"https:\/\/jornalfatosenoticias.com.br\/#\/schema\/logo\/image\/"}},{"@type":"Person","@id":"https:\/\/jornalfatosenoticias.com.br\/#\/schema\/person\/dbe3a29c2a0ae01a892d7aef31d6c0b6","name":"Rogerio Fernandes e Kalyne Calais","image":{"@type":"ImageObject","inLanguage":"pt-BR","@id":"https:\/\/jornalfatosenoticias.com.br\/#\/schema\/person\/image\/","url":"https:\/\/jornalfatosenoticias.com.br\/wp-content\/uploads\/2026\/01\/Rogerio-Kalyne_PORTAL-1-150x150.jpeg","contentUrl":"https:\/\/jornalfatosenoticias.com.br\/wp-content\/uploads\/2026\/01\/Rogerio-Kalyne_PORTAL-1-150x150.jpeg","caption":"Rogerio Fernandes e Kalyne Calais"},"description":"Especialistas em Direito Tribut\u00e1rio Legis Juris Consultoria https:\/\/www.instagram.com\/kalynecalais\/ https:\/\/www.linkedin.com\/company\/legis-juris\/","url":"https:\/\/jornalfatosenoticias.com.br\/index.php\/author\/rogerio-e-kalyne\/"}]}},"cc_featured_image_caption":{"caption_text":"(Foto: Freepik) ","source_text":"","source_url":""},"jetpack_featured_media_url":"https:\/\/jornalfatosenoticias.com.br\/wp-content\/uploads\/2025\/07\/tributacao-de-dividendos_freepik.jpg","_links":{"self":[{"href":"https:\/\/jornalfatosenoticias.com.br\/index.php\/wp-json\/wp\/v2\/posts\/60778","targetHints":{"allow":["GET"]}}],"collection":[{"href":"https:\/\/jornalfatosenoticias.com.br\/index.php\/wp-json\/wp\/v2\/posts"}],"about":[{"href":"https:\/\/jornalfatosenoticias.com.br\/index.php\/wp-json\/wp\/v2\/types\/post"}],"author":[{"embeddable":true,"href":"https:\/\/jornalfatosenoticias.com.br\/index.php\/wp-json\/wp\/v2\/users\/39"}],"replies":[{"embeddable":true,"href":"https:\/\/jornalfatosenoticias.com.br\/index.php\/wp-json\/wp\/v2\/comments?post=60778"}],"version-history":[{"count":0,"href":"https:\/\/jornalfatosenoticias.com.br\/index.php\/wp-json\/wp\/v2\/posts\/60778\/revisions"}],"wp:featuredmedia":[{"embeddable":true,"href":"https:\/\/jornalfatosenoticias.com.br\/index.php\/wp-json\/wp\/v2\/media\/60780"}],"wp:attachment":[{"href":"https:\/\/jornalfatosenoticias.com.br\/index.php\/wp-json\/wp\/v2\/media?parent=60778"}],"wp:term":[{"taxonomy":"category","embeddable":true,"href":"https:\/\/jornalfatosenoticias.com.br\/index.php\/wp-json\/wp\/v2\/categories?post=60778"},{"taxonomy":"post_tag","embeddable":true,"href":"https:\/\/jornalfatosenoticias.com.br\/index.php\/wp-json\/wp\/v2\/tags?post=60778"}],"curies":[{"name":"wp","href":"https:\/\/api.w.org\/{rel}","templated":true}]}}