{"id":60785,"date":"2025-07-24T16:14:28","date_gmt":"2025-07-24T19:14:28","guid":{"rendered":"https:\/\/jornalfatosenoticias.com.br\/?p=60785"},"modified":"2025-07-24T16:15:36","modified_gmt":"2025-07-24T19:15:36","slug":"o-poder-da-comemoracao","status":"publish","type":"post","link":"https:\/\/jornalfatosenoticias.com.br\/index.php\/2025\/07\/24\/o-poder-da-comemoracao\/","title":{"rendered":"O poder da COMEMORA\u00c7\u00c3O"},"content":{"rendered":"\n<p><span class=\"has-inline-color has-black-color\">Por <strong><strong><a href=\"https:\/\/jornalfatosenoticias.com.br\/index.php\/2025\/06\/26\/a-arte-de-superar-como-a-adversidade-nos-faz-mais-forte\/\">Kelly Mantovani<\/a><\/strong><\/strong><\/span><\/p>\n\n\n\n<div class=\"wp-block-image\"><figure class=\"aligncenter size-large\"><a href=\"https:\/\/mizu.com.br\/\"><img loading=\"lazy\" decoding=\"async\" width=\"729\" height=\"90\" src=\"https:\/\/jornalfatosenoticias.com.br\/wp-content\/uploads\/2020\/02\/Logo_Mizu.png\" alt=\"\" class=\"wp-image-1441\" srcset=\"https:\/\/jornalfatosenoticias.com.br\/wp-content\/uploads\/2020\/02\/Logo_Mizu.png 729w, https:\/\/jornalfatosenoticias.com.br\/wp-content\/uploads\/2020\/02\/Logo_Mizu-300x37.png 300w\" sizes=\"auto, (max-width: 729px) 100vw, 729px\" \/><\/a><\/figure><\/div>\n\n\n\n<div class=\"wp-block-image is-style-rounded\"><figure class=\"alignleft size-large\"><img loading=\"lazy\" decoding=\"async\" width=\"100\" height=\"112\" src=\"https:\/\/jornalfatosenoticias.com.br\/wp-content\/uploads\/2025\/05\/KELLY_MANTOVANI-removebg-preview-1-e1746192995531.png\" alt=\"\" class=\"wp-image-58920\"\/><\/figure><\/div>\n\n\n\n<p>Que tal a gente bater um papo sobre algo que, muitas vezes, deixamos passar batido, mas que \u00e9 superimportante para o nosso bem-estar e sucesso? Estou falando de <strong>celebrar cada conquista,<\/strong> por menor que ela pare\u00e7a. Sabe aquela sensa\u00e7\u00e3o de dever cumprido, de ter alcan\u00e7ado algo que voc\u00ea tanto queria, mesmo que fosse s\u00f3 um pequeno passo? Pois \u00e9, essa sensa\u00e7\u00e3o \u00e9 um combust\u00edvel poderoso, e a ci\u00eancia est\u00e1 a\u00ed para provar!<\/p>\n\n\n\n<p><strong><span class=\"has-inline-color has-vivid-purple-color\">A ci\u00eancia por tr\u00e1s da celebra\u00e7\u00e3o<br><\/span><\/strong>A gente vive em um mundo que nos empurra para buscar sempre o pr\u00f3ximo grande objetivo. \u00c9 como se s\u00f3 as vit\u00f3rias \u00e9picas merecessem fogos de artif\u00edcio e confetes. Mas, e se eu te disser que o seu c\u00e9rebro n\u00e3o concorda muito com isso? Na verdade, ele \u00e9 um f\u00e3 incondicional das pequenas vit\u00f3rias!<\/p>\n\n\n\n<div class=\"wp-block-image\"><figure class=\"aligncenter size-large\"><a href=\"https:\/\/www.cesconetto.com.br\/\"><img loading=\"lazy\" decoding=\"async\" width=\"300\" height=\"250\" src=\"https:\/\/jornalfatosenoticias.com.br\/wp-content\/uploads\/2020\/02\/Banner-2.png\" alt=\"\" class=\"wp-image-43787\"\/><\/a><\/figure><\/div>\n\n\n\n<p>Quando voc\u00ea celebra uma conquista, por mais simples que seja, tipo finalmente conseguir caminhar por 30 minutos sem parar, algo que parecia imposs\u00edvel antes, ou terminar de ler aquele livro que estava na cabeceira h\u00e1 meses, seu c\u00e9rebro libera uma dose de <strong>dopamina.<\/strong> E a dopamina, meu amigo, \u00e9 o neurotransmissor da recompensa e do prazer. \u00c9 ela que te faz sentir bem, te d\u00e1 aquela sensa\u00e7\u00e3o de &#8220;eu consegui!&#8221;.<\/p>\n\n\n\n<div class=\"wp-block-image\"><figure class=\"aligncenter size-large is-resized\"><a href=\"https:\/\/www.instagram.com\/gruposei\/\"><img loading=\"lazy\" decoding=\"async\" src=\"https:\/\/jornalfatosenoticias.com.br\/wp-content\/uploads\/2022\/07\/Logo-Grupo-SEI.jpg\" alt=\"\" class=\"wp-image-31973\" width=\"333\" height=\"175\" srcset=\"https:\/\/jornalfatosenoticias.com.br\/wp-content\/uploads\/2022\/07\/Logo-Grupo-SEI.jpg 713w, https:\/\/jornalfatosenoticias.com.br\/wp-content\/uploads\/2022\/07\/Logo-Grupo-SEI-300x158.jpg 300w\" sizes=\"auto, (max-width: 333px) 100vw, 333px\" \/><\/a><\/figure><\/div>\n\n\n\n<p><strong><span class=\"has-inline-color has-vivid-purple-color\">O ciclo vicioso do bem<br><\/span><\/strong>E qual \u00e9 a m\u00e1gica disso tudo? Simples: seu c\u00e9rebro associa aquela a\u00e7\u00e3o (a caminhada, a leitura, a tarefa que voc\u00ea procrastinou) com uma sensa\u00e7\u00e3o boa. \u00c9 como se ele pensasse: &#8220;hummm, isso foi bom! Vamos repetir?&#8221;. \u00c9 um ciclo vicioso do bem! Quanto mais voc\u00ea celebra, mais seu c\u00e9rebro entende que aquela atividade \u00e9 recompensadora, e mais ele te motiva a continuar.<\/p>\n\n\n\n<div class=\"wp-block-image\"><figure class=\"aligncenter size-large is-resized\"><a href=\"https:\/\/www.facebook.com\/postobkr\/?locale=pt_BR\"><img loading=\"lazy\" decoding=\"async\" src=\"https:\/\/jornalfatosenoticias.com.br\/wp-content\/uploads\/2023\/08\/BKR-1024x1021.jpg\" alt=\"\" class=\"wp-image-44494\" width=\"276\" height=\"275\" srcset=\"https:\/\/jornalfatosenoticias.com.br\/wp-content\/uploads\/2023\/08\/BKR-1024x1021.jpg 1024w, https:\/\/jornalfatosenoticias.com.br\/wp-content\/uploads\/2023\/08\/BKR-300x300.jpg 300w, https:\/\/jornalfatosenoticias.com.br\/wp-content\/uploads\/2023\/08\/BKR-150x150.jpg 150w, https:\/\/jornalfatosenoticias.com.br\/wp-content\/uploads\/2023\/08\/BKR-768x766.jpg 768w, https:\/\/jornalfatosenoticias.com.br\/wp-content\/uploads\/2023\/08\/BKR.jpg 1080w\" sizes=\"auto, (max-width: 276px) 100vw, 276px\" \/><\/a><\/figure><\/div>\n\n\n\n<p>Pense comigo: voc\u00ea finalmente cria coragem para organizar aquela gaveta bagun\u00e7ada que te incomodava h\u00e1 tempos. A sensa\u00e7\u00e3o de ver tudo no lugar \u00e9 \u00f3tima, n\u00e3o \u00e9? Se voc\u00ea para por um segundo para reconhecer essa pequena vit\u00f3ria, seu c\u00e9rebro registra: &#8220;organizar \u00e9 bom!&#8221;. Na pr\u00f3xima vez que a bagun\u00e7a tentar se instalar, a resist\u00eancia ser\u00e1 menor, porque seu sistema de recompensa j\u00e1 foi ativado.<\/p>\n\n\n\n<div class=\"wp-block-image\"><figure class=\"aligncenter size-large is-resized\"><a href=\"https:\/\/www.facebook.com\/vetor.vix\/\"><img loading=\"lazy\" decoding=\"async\" src=\"https:\/\/jornalfatosenoticias.com.br\/wp-content\/uploads\/2023\/09\/vetorvix1024_1.jpg\" alt=\"\" class=\"wp-image-44868\" width=\"546\" height=\"145\" srcset=\"https:\/\/jornalfatosenoticias.com.br\/wp-content\/uploads\/2023\/09\/vetorvix1024_1.jpg 1024w, https:\/\/jornalfatosenoticias.com.br\/wp-content\/uploads\/2023\/09\/vetorvix1024_1-300x80.jpg 300w, https:\/\/jornalfatosenoticias.com.br\/wp-content\/uploads\/2023\/09\/vetorvix1024_1-768x205.jpg 768w\" sizes=\"auto, (max-width: 546px) 100vw, 546px\" \/><\/a><\/figure><\/div>\n\n\n\n<p><strong><span class=\"has-inline-color has-vivid-purple-color\">Da procrastina\u00e7\u00e3o \u00e0 a\u00e7\u00e3o<br><\/span><\/strong>Isso \u00e9 especialmente poderoso quando falamos de <strong>procrastina\u00e7\u00e3o.<\/strong> A gente sabe como \u00e9: aquela tarefa que fica pulando de um dia para o outro na sua lista, sugando sua energia e te deixando com uma sensa\u00e7\u00e3o de culpa. Quando voc\u00ea finalmente se joga e faz, mesmo que seja s\u00f3 a primeira parte, e celebra essa miniconquista, voc\u00ea est\u00e1 quebrando o ciclo da procrastina\u00e7\u00e3o.<\/p>\n\n\n\n<div class=\"wp-block-image\"><figure class=\"aligncenter size-large\"><a href=\"http:\/\/www.ferrarimaquinas.com.br\/\"><img loading=\"lazy\" decoding=\"async\" width=\"300\" height=\"250\" src=\"https:\/\/jornalfatosenoticias.com.br\/wp-content\/uploads\/2022\/02\/FERRARI_MAQUINAS-E-FERRAMENTAS2.jpg\" alt=\"\" class=\"wp-image-27860\"\/><\/a><\/figure><\/div>\n\n\n\n<p>Se voc\u00ea est\u00e1 tentando come\u00e7ar a se exercitar e a ideia de ir para a academia te parece um monstro, que tal celebrar o fato de ter colocado a roupa de gin\u00e1stica? Ou ter caminhado por dez minutos? Ou at\u00e9 mesmo ter pesquisado sobre exerc\u00edcios no YouTube? Cada um desses passos, por menor que seja, \u00e9 uma vit\u00f3ria que merece ser reconhecida.<\/p>\n\n\n\n<div class=\"wp-block-image\"><figure class=\"aligncenter size-large is-resized\"><a href=\"https:\/\/panper.com.br\/\"><img loading=\"lazy\" decoding=\"async\" src=\"https:\/\/jornalfatosenoticias.com.br\/wp-content\/uploads\/2023\/03\/logo-Panper_portal.jpg\" alt=\"\" class=\"wp-image-40208\" width=\"332\" height=\"230\" srcset=\"https:\/\/jornalfatosenoticias.com.br\/wp-content\/uploads\/2023\/03\/logo-Panper_portal.jpg 400w, https:\/\/jornalfatosenoticias.com.br\/wp-content\/uploads\/2023\/03\/logo-Panper_portal-300x208.jpg 300w\" sizes=\"auto, (max-width: 332px) 100vw, 332px\" \/><\/a><\/figure><\/div>\n\n\n\n<p><strong><span class=\"has-inline-color has-vivid-purple-color\">Como celebrar?<br><\/span><\/strong>E como a gente celebra essas pequenas vit\u00f3rias? N\u00e3o precisa de fogos de artif\u00edcio, n\u00e3o! Pode ser algo simples como:<br><strong>\u25cf Um sorriso sincero: <\/strong>olhe para si mesmo no espelho e sorria. Voc\u00ea conseguiu!<br><strong>\u25cf Uma pausa para saborear: <\/strong>d\u00ea um tempo, respire fundo e sinta a satisfa\u00e7\u00e3o do dever cumprido.<br><strong>\u25cf Contar para algu\u00e9m: <\/strong>compartilhe sua alegria com um amigo ou familiar que te apoia.<br><strong>\u25cf Um pequeno agrado:<\/strong> tome um caf\u00e9 especial, ou\u00e7a sua m\u00fasica favorita, assista um epis\u00f3dio daquela s\u00e9rie que voc\u00ea gosta.<br><strong>\u25cf Anotar: <\/strong>tenha um di\u00e1rio de conquistas e registre cada uma delas. \u00c9 um \u00f3timo jeito de ver seu progresso!<\/p>\n\n\n\n<div class=\"wp-block-image\"><figure class=\"aligncenter size-large is-resized\"><a href=\"https:\/\/www.instagram.com\/rcradiadores\/\"><img loading=\"lazy\" decoding=\"async\" src=\"https:\/\/jornalfatosenoticias.com.br\/wp-content\/uploads\/2022\/10\/RC_800x750_page-0001.jpg\" alt=\"\" class=\"wp-image-35338\" width=\"299\" height=\"280\" srcset=\"https:\/\/jornalfatosenoticias.com.br\/wp-content\/uploads\/2022\/10\/RC_800x750_page-0001.jpg 400w, https:\/\/jornalfatosenoticias.com.br\/wp-content\/uploads\/2022\/10\/RC_800x750_page-0001-300x281.jpg 300w\" sizes=\"auto, (max-width: 299px) 100vw, 299px\" \/><\/a><\/figure><\/div>\n\n\n\n<p><strong><span class=\"has-inline-color has-vivid-purple-color\">O poder da acumula\u00e7\u00e3o<br><\/span><\/strong>As pequenas conquistas, quando acumuladas, se transformam em grandes avan\u00e7os. \u00c9 como construir uma casa tijolo por tijolo. Cada tijolo \u00e9 uma pequena conquista, e juntos, eles formam a estrutura. Ao reconhecer e celebrar cada tijolo, voc\u00ea mant\u00e9m a motiva\u00e7\u00e3o e a energia para continuar construindo.<\/p>\n\n\n\n<div class=\"wp-block-image\"><figure class=\"aligncenter size-large is-resized\"><a href=\"https:\/\/www.instagram.com\/serra4x4cambioautomatico\/\"><img loading=\"lazy\" decoding=\"async\" src=\"https:\/\/jornalfatosenoticias.com.br\/wp-content\/uploads\/2024\/08\/Serra-4x4-1-886x1024.jpg\" alt=\"\" class=\"wp-image-53632\" width=\"269\" height=\"311\" srcset=\"https:\/\/jornalfatosenoticias.com.br\/wp-content\/uploads\/2024\/08\/Serra-4x4-1-886x1024.jpg 886w, https:\/\/jornalfatosenoticias.com.br\/wp-content\/uploads\/2024\/08\/Serra-4x4-1-260x300.jpg 260w, https:\/\/jornalfatosenoticias.com.br\/wp-content\/uploads\/2024\/08\/Serra-4x4-1-768x888.jpg 768w, https:\/\/jornalfatosenoticias.com.br\/wp-content\/uploads\/2024\/08\/Serra-4x4-1.jpg 1181w\" sizes=\"auto, (max-width: 269px) 100vw, 269px\" \/><\/a><\/figure><\/div>\n\n\n\n<p>Ent\u00e3o, da pr\u00f3xima vez que voc\u00ea fizer algo que te desafiava, que voc\u00ea estava adiando, ou que simplesmente parecia imposs\u00edvel, <strong>pare, respire e celebre.<\/strong> Seu c\u00e9rebro vai te agradecer, e voc\u00ea estar\u00e1 pavimentando o caminho para um futuro com mais bem-estar, mais motiva\u00e7\u00e3o e, claro, muito mais conquistas!<br>Que pequena vit\u00f3ria voc\u00ea vai celebrar hoje?<\/p>\n\n\n\n<div class=\"wp-block-image\"><figure class=\"aligncenter size-large is-resized\"><a href=\"https:\/\/www.legisjuris.com.br\/\"><img loading=\"lazy\" decoding=\"async\" src=\"https:\/\/jornalfatosenoticias.com.br\/wp-content\/uploads\/2024\/09\/Legis-Juris-Consultoria_logo.jpg\" alt=\"\" class=\"wp-image-53915\" width=\"485\" height=\"203\" srcset=\"https:\/\/jornalfatosenoticias.com.br\/wp-content\/uploads\/2024\/09\/Legis-Juris-Consultoria_logo.jpg 969w, https:\/\/jornalfatosenoticias.com.br\/wp-content\/uploads\/2024\/09\/Legis-Juris-Consultoria_logo-300x126.jpg 300w, https:\/\/jornalfatosenoticias.com.br\/wp-content\/uploads\/2024\/09\/Legis-Juris-Consultoria_logo-768x322.jpg 768w\" sizes=\"auto, (max-width: 485px) 100vw, 485px\" \/><\/a><\/figure><\/div>\n\n\n\n<p><strong><span class=\"has-inline-color has-black-color\">Kelly Mantovani<br><\/span><\/strong><em><span class=\"has-inline-color has-black-color\">Formada em Educa\u00e7\u00e3o F\u00edsica, p\u00f3s-graduada em Nutri\u00e7\u00e3o Esportiva, com especializa\u00e7\u00e3o em Intelig\u00eancia Emocional, uma profissional apaixonada por sa\u00fade e bem-estar<\/span><\/em><\/p>\n","protected":false},"excerpt":{"rendered":"<p>Por Kelly Mantovani Que tal a gente bater um papo sobre algo que, muitas vezes, deixamos passar batido, mas que \u00e9 superimportante para o nosso bem-estar e sucesso? Estou falando de celebrar cada conquista, por menor que ela pare\u00e7a. Sabe aquela sensa\u00e7\u00e3o de dever cumprido, de ter alcan\u00e7ado algo que voc\u00ea tanto queria, mesmo que [&hellip;]<\/p>\n","protected":false},"author":2,"featured_media":60786,"comment_status":"open","ping_status":"open","sticky":false,"template":"","format":"standard","meta":{"footnotes":""},"categories":[42,2522],"tags":[385,1616,16268,2779,27732,24657,904],"class_list":["post-60785","post","type-post","status-publish","format-standard","has-post-thumbnail","hentry","category-bem-estar","category-comportamento","tag-bem-estar","tag-celebracao","tag-comemoracao","tag-conquista","tag-o-poder-da-comemoracao","tag-procrastinacao","tag-sucesso"],"yoast_head":"<!-- This site is optimized with the Yoast SEO plugin v26.5 - https:\/\/yoast.com\/wordpress\/plugins\/seo\/ -->\n<title>O poder da COMEMORA\u00c7\u00c3O - Jornal Fatos e Not\u00edcias<\/title>\n<meta name=\"robots\" content=\"index, follow, max-snippet:-1, max-image-preview:large, max-video-preview:-1\" \/>\n<link rel=\"canonical\" href=\"https:\/\/jornalfatosenoticias.com.br\/index.php\/2025\/07\/24\/o-poder-da-comemoracao\/\" \/>\n<meta property=\"og:locale\" content=\"pt_BR\" \/>\n<meta property=\"og:type\" content=\"article\" \/>\n<meta property=\"og:title\" content=\"O poder da COMEMORA\u00c7\u00c3O - Jornal Fatos e Not\u00edcias\" \/>\n<meta property=\"og:description\" content=\"Por Kelly Mantovani Que tal a gente bater um papo sobre algo que, muitas vezes, deixamos passar batido, mas que \u00e9 superimportante para o nosso bem-estar e sucesso? Estou falando de celebrar cada conquista, por menor que ela pare\u00e7a. Sabe aquela sensa\u00e7\u00e3o de dever cumprido, de ter alcan\u00e7ado algo que voc\u00ea tanto queria, mesmo que [&hellip;]\" \/>\n<meta property=\"og:url\" content=\"https:\/\/jornalfatosenoticias.com.br\/index.php\/2025\/07\/24\/o-poder-da-comemoracao\/\" \/>\n<meta property=\"og:site_name\" content=\"Jornal Fatos e Not\u00edcias\" \/>\n<meta property=\"article:published_time\" content=\"2025-07-24T19:14:28+00:00\" \/>\n<meta property=\"article:modified_time\" content=\"2025-07-24T19:15:36+00:00\" \/>\n<meta property=\"og:image\" content=\"https:\/\/jornalfatosenoticias.com.br\/wp-content\/uploads\/2025\/07\/o-poder-da-comemoracao_freepik.jpg\" \/>\n\t<meta property=\"og:image:width\" content=\"1000\" \/>\n\t<meta property=\"og:image:height\" content=\"666\" \/>\n\t<meta property=\"og:image:type\" content=\"image\/jpeg\" \/>\n<meta name=\"author\" content=\"Luzimara Fernandes\" \/>\n<meta name=\"twitter:card\" content=\"summary_large_image\" \/>\n<meta name=\"twitter:label1\" content=\"Escrito por\" \/>\n\t<meta name=\"twitter:data1\" content=\"Luzimara Fernandes\" \/>\n\t<meta name=\"twitter:label2\" content=\"Est. tempo de leitura\" \/>\n\t<meta name=\"twitter:data2\" content=\"4 minutos\" \/>\n<script type=\"application\/ld+json\" class=\"yoast-schema-graph\">{\"@context\":\"https:\/\/schema.org\",\"@graph\":[{\"@type\":\"Article\",\"@id\":\"https:\/\/jornalfatosenoticias.com.br\/index.php\/2025\/07\/24\/o-poder-da-comemoracao\/#article\",\"isPartOf\":{\"@id\":\"https:\/\/jornalfatosenoticias.com.br\/index.php\/2025\/07\/24\/o-poder-da-comemoracao\/\"},\"author\":{\"name\":\"Luzimara Fernandes\",\"@id\":\"https:\/\/jornalfatosenoticias.com.br\/#\/schema\/person\/d63837fa13ac8666eb9e74e0985d6f81\"},\"headline\":\"O poder da COMEMORA\u00c7\u00c3O\",\"datePublished\":\"2025-07-24T19:14:28+00:00\",\"dateModified\":\"2025-07-24T19:15:36+00:00\",\"mainEntityOfPage\":{\"@id\":\"https:\/\/jornalfatosenoticias.com.br\/index.php\/2025\/07\/24\/o-poder-da-comemoracao\/\"},\"wordCount\":748,\"commentCount\":0,\"publisher\":{\"@id\":\"https:\/\/jornalfatosenoticias.com.br\/#organization\"},\"image\":{\"@id\":\"https:\/\/jornalfatosenoticias.com.br\/index.php\/2025\/07\/24\/o-poder-da-comemoracao\/#primaryimage\"},\"thumbnailUrl\":\"https:\/\/jornalfatosenoticias.com.br\/wp-content\/uploads\/2025\/07\/o-poder-da-comemoracao_freepik.jpg\",\"keywords\":[\"bem-estar\",\"celebra\u00e7\u00e3o\",\"comemora\u00e7\u00e3o\",\"conquista\",\"o poder da comemora\u00e7\u00e3o\",\"procrastina\u00e7\u00e3o\",\"sucesso\"],\"articleSection\":[\"Bem-estar\",\"Comportamento &amp; Equil\u00edbrio\"],\"inLanguage\":\"pt-BR\",\"potentialAction\":[{\"@type\":\"CommentAction\",\"name\":\"Comment\",\"target\":[\"https:\/\/jornalfatosenoticias.com.br\/index.php\/2025\/07\/24\/o-poder-da-comemoracao\/#respond\"]}]},{\"@type\":\"WebPage\",\"@id\":\"https:\/\/jornalfatosenoticias.com.br\/index.php\/2025\/07\/24\/o-poder-da-comemoracao\/\",\"url\":\"https:\/\/jornalfatosenoticias.com.br\/index.php\/2025\/07\/24\/o-poder-da-comemoracao\/\",\"name\":\"O poder da COMEMORA\u00c7\u00c3O - Jornal Fatos e Not\u00edcias\",\"isPartOf\":{\"@id\":\"https:\/\/jornalfatosenoticias.com.br\/#website\"},\"primaryImageOfPage\":{\"@id\":\"https:\/\/jornalfatosenoticias.com.br\/index.php\/2025\/07\/24\/o-poder-da-comemoracao\/#primaryimage\"},\"image\":{\"@id\":\"https:\/\/jornalfatosenoticias.com.br\/index.php\/2025\/07\/24\/o-poder-da-comemoracao\/#primaryimage\"},\"thumbnailUrl\":\"https:\/\/jornalfatosenoticias.com.br\/wp-content\/uploads\/2025\/07\/o-poder-da-comemoracao_freepik.jpg\",\"datePublished\":\"2025-07-24T19:14:28+00:00\",\"dateModified\":\"2025-07-24T19:15:36+00:00\",\"breadcrumb\":{\"@id\":\"https:\/\/jornalfatosenoticias.com.br\/index.php\/2025\/07\/24\/o-poder-da-comemoracao\/#breadcrumb\"},\"inLanguage\":\"pt-BR\",\"potentialAction\":[{\"@type\":\"ReadAction\",\"target\":[\"https:\/\/jornalfatosenoticias.com.br\/index.php\/2025\/07\/24\/o-poder-da-comemoracao\/\"]}]},{\"@type\":\"ImageObject\",\"inLanguage\":\"pt-BR\",\"@id\":\"https:\/\/jornalfatosenoticias.com.br\/index.php\/2025\/07\/24\/o-poder-da-comemoracao\/#primaryimage\",\"url\":\"https:\/\/jornalfatosenoticias.com.br\/wp-content\/uploads\/2025\/07\/o-poder-da-comemoracao_freepik.jpg\",\"contentUrl\":\"https:\/\/jornalfatosenoticias.com.br\/wp-content\/uploads\/2025\/07\/o-poder-da-comemoracao_freepik.jpg\",\"width\":1000,\"height\":666,\"caption\":\"Expressing true positive emotions of young joyful woman with cut curly hair having fun in falling tinsels on couch in modern apartment. Home cosines, joy, smiling\"},{\"@type\":\"BreadcrumbList\",\"@id\":\"https:\/\/jornalfatosenoticias.com.br\/index.php\/2025\/07\/24\/o-poder-da-comemoracao\/#breadcrumb\",\"itemListElement\":[{\"@type\":\"ListItem\",\"position\":1,\"name\":\"In\u00edcio\",\"item\":\"https:\/\/jornalfatosenoticias.com.br\/\"},{\"@type\":\"ListItem\",\"position\":2,\"name\":\"O poder da COMEMORA\u00c7\u00c3O\"}]},{\"@type\":\"WebSite\",\"@id\":\"https:\/\/jornalfatosenoticias.com.br\/#website\",\"url\":\"https:\/\/jornalfatosenoticias.com.br\/\",\"name\":\"Jornal Fatos e Not\u00edcias\",\"description\":\"Not\u00edcias em geral\",\"publisher\":{\"@id\":\"https:\/\/jornalfatosenoticias.com.br\/#organization\"},\"potentialAction\":[{\"@type\":\"SearchAction\",\"target\":{\"@type\":\"EntryPoint\",\"urlTemplate\":\"https:\/\/jornalfatosenoticias.com.br\/?s={search_term_string}\"},\"query-input\":{\"@type\":\"PropertyValueSpecification\",\"valueRequired\":true,\"valueName\":\"search_term_string\"}}],\"inLanguage\":\"pt-BR\"},{\"@type\":\"Organization\",\"@id\":\"https:\/\/jornalfatosenoticias.com.br\/#organization\",\"name\":\"Jornal Fatos e Not\u00edcias\",\"url\":\"https:\/\/jornalfatosenoticias.com.br\/\",\"logo\":{\"@type\":\"ImageObject\",\"inLanguage\":\"pt-BR\",\"@id\":\"https:\/\/jornalfatosenoticias.com.br\/#\/schema\/logo\/image\/\",\"url\":\"https:\/\/jornalfatosenoticias.com.br\/wp-content\/uploads\/2020\/02\/logo120.png\",\"contentUrl\":\"https:\/\/jornalfatosenoticias.com.br\/wp-content\/uploads\/2020\/02\/logo120.png\",\"width\":1227,\"height\":120,\"caption\":\"Jornal Fatos e Not\u00edcias\"},\"image\":{\"@id\":\"https:\/\/jornalfatosenoticias.com.br\/#\/schema\/logo\/image\/\"}},{\"@type\":\"Person\",\"@id\":\"https:\/\/jornalfatosenoticias.com.br\/#\/schema\/person\/d63837fa13ac8666eb9e74e0985d6f81\",\"name\":\"Luzimara Fernandes\",\"image\":{\"@type\":\"ImageObject\",\"inLanguage\":\"pt-BR\",\"@id\":\"https:\/\/jornalfatosenoticias.com.br\/#\/schema\/person\/image\/\",\"url\":\"https:\/\/jornalfatosenoticias.com.br\/wp-content\/uploads\/2025\/05\/EU_portal.jpg\",\"contentUrl\":\"https:\/\/jornalfatosenoticias.com.br\/wp-content\/uploads\/2025\/05\/EU_portal.jpg\",\"caption\":\"Luzimara Fernandes\"},\"description\":\"Jornalista MTB 2358-ES\",\"sameAs\":[\"https:\/\/jornalfatosenoticias.com.br\"],\"url\":\"https:\/\/jornalfatosenoticias.com.br\/index.php\/author\/luzimara\/\"}]}<\/script>\n<!-- \/ Yoast SEO plugin. -->","yoast_head_json":{"title":"O poder da COMEMORA\u00c7\u00c3O - Jornal Fatos e Not\u00edcias","robots":{"index":"index","follow":"follow","max-snippet":"max-snippet:-1","max-image-preview":"max-image-preview:large","max-video-preview":"max-video-preview:-1"},"canonical":"https:\/\/jornalfatosenoticias.com.br\/index.php\/2025\/07\/24\/o-poder-da-comemoracao\/","og_locale":"pt_BR","og_type":"article","og_title":"O poder da COMEMORA\u00c7\u00c3O - Jornal Fatos e Not\u00edcias","og_description":"Por Kelly Mantovani Que tal a gente bater um papo sobre algo que, muitas vezes, deixamos passar batido, mas que \u00e9 superimportante para o nosso bem-estar e sucesso? Estou falando de celebrar cada conquista, por menor que ela pare\u00e7a. Sabe aquela sensa\u00e7\u00e3o de dever cumprido, de ter alcan\u00e7ado algo que voc\u00ea tanto queria, mesmo que [&hellip;]","og_url":"https:\/\/jornalfatosenoticias.com.br\/index.php\/2025\/07\/24\/o-poder-da-comemoracao\/","og_site_name":"Jornal Fatos e Not\u00edcias","article_published_time":"2025-07-24T19:14:28+00:00","article_modified_time":"2025-07-24T19:15:36+00:00","og_image":[{"width":1000,"height":666,"url":"https:\/\/jornalfatosenoticias.com.br\/wp-content\/uploads\/2025\/07\/o-poder-da-comemoracao_freepik.jpg","type":"image\/jpeg"}],"author":"Luzimara Fernandes","twitter_card":"summary_large_image","twitter_misc":{"Escrito por":"Luzimara Fernandes","Est. tempo de leitura":"4 minutos"},"schema":{"@context":"https:\/\/schema.org","@graph":[{"@type":"Article","@id":"https:\/\/jornalfatosenoticias.com.br\/index.php\/2025\/07\/24\/o-poder-da-comemoracao\/#article","isPartOf":{"@id":"https:\/\/jornalfatosenoticias.com.br\/index.php\/2025\/07\/24\/o-poder-da-comemoracao\/"},"author":{"name":"Luzimara Fernandes","@id":"https:\/\/jornalfatosenoticias.com.br\/#\/schema\/person\/d63837fa13ac8666eb9e74e0985d6f81"},"headline":"O poder da COMEMORA\u00c7\u00c3O","datePublished":"2025-07-24T19:14:28+00:00","dateModified":"2025-07-24T19:15:36+00:00","mainEntityOfPage":{"@id":"https:\/\/jornalfatosenoticias.com.br\/index.php\/2025\/07\/24\/o-poder-da-comemoracao\/"},"wordCount":748,"commentCount":0,"publisher":{"@id":"https:\/\/jornalfatosenoticias.com.br\/#organization"},"image":{"@id":"https:\/\/jornalfatosenoticias.com.br\/index.php\/2025\/07\/24\/o-poder-da-comemoracao\/#primaryimage"},"thumbnailUrl":"https:\/\/jornalfatosenoticias.com.br\/wp-content\/uploads\/2025\/07\/o-poder-da-comemoracao_freepik.jpg","keywords":["bem-estar","celebra\u00e7\u00e3o","comemora\u00e7\u00e3o","conquista","o poder da comemora\u00e7\u00e3o","procrastina\u00e7\u00e3o","sucesso"],"articleSection":["Bem-estar","Comportamento &amp; Equil\u00edbrio"],"inLanguage":"pt-BR","potentialAction":[{"@type":"CommentAction","name":"Comment","target":["https:\/\/jornalfatosenoticias.com.br\/index.php\/2025\/07\/24\/o-poder-da-comemoracao\/#respond"]}]},{"@type":"WebPage","@id":"https:\/\/jornalfatosenoticias.com.br\/index.php\/2025\/07\/24\/o-poder-da-comemoracao\/","url":"https:\/\/jornalfatosenoticias.com.br\/index.php\/2025\/07\/24\/o-poder-da-comemoracao\/","name":"O poder da COMEMORA\u00c7\u00c3O - Jornal Fatos e Not\u00edcias","isPartOf":{"@id":"https:\/\/jornalfatosenoticias.com.br\/#website"},"primaryImageOfPage":{"@id":"https:\/\/jornalfatosenoticias.com.br\/index.php\/2025\/07\/24\/o-poder-da-comemoracao\/#primaryimage"},"image":{"@id":"https:\/\/jornalfatosenoticias.com.br\/index.php\/2025\/07\/24\/o-poder-da-comemoracao\/#primaryimage"},"thumbnailUrl":"https:\/\/jornalfatosenoticias.com.br\/wp-content\/uploads\/2025\/07\/o-poder-da-comemoracao_freepik.jpg","datePublished":"2025-07-24T19:14:28+00:00","dateModified":"2025-07-24T19:15:36+00:00","breadcrumb":{"@id":"https:\/\/jornalfatosenoticias.com.br\/index.php\/2025\/07\/24\/o-poder-da-comemoracao\/#breadcrumb"},"inLanguage":"pt-BR","potentialAction":[{"@type":"ReadAction","target":["https:\/\/jornalfatosenoticias.com.br\/index.php\/2025\/07\/24\/o-poder-da-comemoracao\/"]}]},{"@type":"ImageObject","inLanguage":"pt-BR","@id":"https:\/\/jornalfatosenoticias.com.br\/index.php\/2025\/07\/24\/o-poder-da-comemoracao\/#primaryimage","url":"https:\/\/jornalfatosenoticias.com.br\/wp-content\/uploads\/2025\/07\/o-poder-da-comemoracao_freepik.jpg","contentUrl":"https:\/\/jornalfatosenoticias.com.br\/wp-content\/uploads\/2025\/07\/o-poder-da-comemoracao_freepik.jpg","width":1000,"height":666,"caption":"Expressing true positive emotions of young joyful woman with cut curly hair having fun in falling tinsels on couch in modern apartment. Home cosines, joy, smiling"},{"@type":"BreadcrumbList","@id":"https:\/\/jornalfatosenoticias.com.br\/index.php\/2025\/07\/24\/o-poder-da-comemoracao\/#breadcrumb","itemListElement":[{"@type":"ListItem","position":1,"name":"In\u00edcio","item":"https:\/\/jornalfatosenoticias.com.br\/"},{"@type":"ListItem","position":2,"name":"O poder da COMEMORA\u00c7\u00c3O"}]},{"@type":"WebSite","@id":"https:\/\/jornalfatosenoticias.com.br\/#website","url":"https:\/\/jornalfatosenoticias.com.br\/","name":"Jornal Fatos e Not\u00edcias","description":"Not\u00edcias em geral","publisher":{"@id":"https:\/\/jornalfatosenoticias.com.br\/#organization"},"potentialAction":[{"@type":"SearchAction","target":{"@type":"EntryPoint","urlTemplate":"https:\/\/jornalfatosenoticias.com.br\/?s={search_term_string}"},"query-input":{"@type":"PropertyValueSpecification","valueRequired":true,"valueName":"search_term_string"}}],"inLanguage":"pt-BR"},{"@type":"Organization","@id":"https:\/\/jornalfatosenoticias.com.br\/#organization","name":"Jornal Fatos e Not\u00edcias","url":"https:\/\/jornalfatosenoticias.com.br\/","logo":{"@type":"ImageObject","inLanguage":"pt-BR","@id":"https:\/\/jornalfatosenoticias.com.br\/#\/schema\/logo\/image\/","url":"https:\/\/jornalfatosenoticias.com.br\/wp-content\/uploads\/2020\/02\/logo120.png","contentUrl":"https:\/\/jornalfatosenoticias.com.br\/wp-content\/uploads\/2020\/02\/logo120.png","width":1227,"height":120,"caption":"Jornal Fatos e Not\u00edcias"},"image":{"@id":"https:\/\/jornalfatosenoticias.com.br\/#\/schema\/logo\/image\/"}},{"@type":"Person","@id":"https:\/\/jornalfatosenoticias.com.br\/#\/schema\/person\/d63837fa13ac8666eb9e74e0985d6f81","name":"Luzimara Fernandes","image":{"@type":"ImageObject","inLanguage":"pt-BR","@id":"https:\/\/jornalfatosenoticias.com.br\/#\/schema\/person\/image\/","url":"https:\/\/jornalfatosenoticias.com.br\/wp-content\/uploads\/2025\/05\/EU_portal.jpg","contentUrl":"https:\/\/jornalfatosenoticias.com.br\/wp-content\/uploads\/2025\/05\/EU_portal.jpg","caption":"Luzimara Fernandes"},"description":"Jornalista MTB 2358-ES","sameAs":["https:\/\/jornalfatosenoticias.com.br"],"url":"https:\/\/jornalfatosenoticias.com.br\/index.php\/author\/luzimara\/"}]}},"cc_featured_image_caption":{"caption_text":"(Foto: Freepik) ","source_text":"","source_url":""},"jetpack_featured_media_url":"https:\/\/jornalfatosenoticias.com.br\/wp-content\/uploads\/2025\/07\/o-poder-da-comemoracao_freepik.jpg","_links":{"self":[{"href":"https:\/\/jornalfatosenoticias.com.br\/index.php\/wp-json\/wp\/v2\/posts\/60785","targetHints":{"allow":["GET"]}}],"collection":[{"href":"https:\/\/jornalfatosenoticias.com.br\/index.php\/wp-json\/wp\/v2\/posts"}],"about":[{"href":"https:\/\/jornalfatosenoticias.com.br\/index.php\/wp-json\/wp\/v2\/types\/post"}],"author":[{"embeddable":true,"href":"https:\/\/jornalfatosenoticias.com.br\/index.php\/wp-json\/wp\/v2\/users\/2"}],"replies":[{"embeddable":true,"href":"https:\/\/jornalfatosenoticias.com.br\/index.php\/wp-json\/wp\/v2\/comments?post=60785"}],"version-history":[{"count":0,"href":"https:\/\/jornalfatosenoticias.com.br\/index.php\/wp-json\/wp\/v2\/posts\/60785\/revisions"}],"wp:featuredmedia":[{"embeddable":true,"href":"https:\/\/jornalfatosenoticias.com.br\/index.php\/wp-json\/wp\/v2\/media\/60786"}],"wp:attachment":[{"href":"https:\/\/jornalfatosenoticias.com.br\/index.php\/wp-json\/wp\/v2\/media?parent=60785"}],"wp:term":[{"taxonomy":"category","embeddable":true,"href":"https:\/\/jornalfatosenoticias.com.br\/index.php\/wp-json\/wp\/v2\/categories?post=60785"},{"taxonomy":"post_tag","embeddable":true,"href":"https:\/\/jornalfatosenoticias.com.br\/index.php\/wp-json\/wp\/v2\/tags?post=60785"}],"curies":[{"name":"wp","href":"https:\/\/api.w.org\/{rel}","templated":true}]}}