{"id":60789,"date":"2025-07-24T16:25:17","date_gmt":"2025-07-24T19:25:17","guid":{"rendered":"https:\/\/jornalfatosenoticias.com.br\/?p=60789"},"modified":"2025-07-24T16:25:19","modified_gmt":"2025-07-24T19:25:19","slug":"alienacao-parental-a-lei-emboscada-parte-ii","status":"publish","type":"post","link":"https:\/\/jornalfatosenoticias.com.br\/index.php\/2025\/07\/24\/alienacao-parental-a-lei-emboscada-parte-ii\/","title":{"rendered":"Aliena\u00e7\u00e3o Parental, a lei emboscada \u2014 Parte II"},"content":{"rendered":"\n<p><em><span class=\"has-inline-color has-black-color\">Quem inventou as \u201cfalsas mem\u00f3rias\u201d da crian\u00e7a que relata os atos lascivos? N\u00e3o tem sustenta\u00e7\u00e3o, nem cient\u00edfica nem emp\u00edrica. N\u00e3o existem falsas mem\u00f3rias na inf\u00e2ncia<\/span><\/em><\/p>\n\n\n\n<div class=\"wp-block-image\"><figure class=\"aligncenter size-large\"><a href=\"https:\/\/mizu.com.br\/\"><img loading=\"lazy\" decoding=\"async\" width=\"729\" height=\"90\" src=\"https:\/\/jornalfatosenoticias.com.br\/wp-content\/uploads\/2020\/02\/Logo_Mizu.png\" alt=\"\" class=\"wp-image-1441\" srcset=\"https:\/\/jornalfatosenoticias.com.br\/wp-content\/uploads\/2020\/02\/Logo_Mizu.png 729w, https:\/\/jornalfatosenoticias.com.br\/wp-content\/uploads\/2020\/02\/Logo_Mizu-300x37.png 300w\" sizes=\"auto, (max-width: 729px) 100vw, 729px\" \/><\/a><\/figure><\/div>\n\n\n\n<p>Na lei emboscada, quem \u00e9 tachado com o seu t\u00edtulo, \u201calienadora\u201d, nunca mais perde o t\u00edtulo. E cada movimento de contradizer o t\u00edtulo, \u00e9, imediatamente, travestido como mais uma prova de aliena\u00e7\u00e3o. \u00c9 uma lei circular, com v\u00edcio em sua raiz, que volta ao ponto zero sempre. Tamb\u00e9m os procedimentos s\u00e3o circulares. Quando um fato novo acontece, ou seja, um ind\u00edcio ou prova de outros abusos sexuais, o juiz ou ju\u00edza determina as mesmas peritas ou mesmos peritos, que j\u00e1 laudaram atos de aliena\u00e7\u00e3o parental, alienando por completo os abusos.<br>Assim tamb\u00e9m, seguem em c\u00edrculos viciosos as in\u00fameras tentativas de Revoga\u00e7\u00e3o dessa lei que promove a prote\u00e7\u00e3o de agressores ao mesmo tempo que patrocina a adoecedora Priva\u00e7\u00e3o Materna Judicial. A crian\u00e7a perde a m\u00e3e e \u00e9 entregue, pela justi\u00e7a, ao seu agressor. Interessante observar que a ret\u00f3rica \u00e9 que \u00e9 imposs\u00edvel uma crian\u00e7a se desenvolver bem sem a conviv\u00eancia do genitor, mesmo quando reconhece que ele faz uso da viol\u00eancia f\u00edsica ou da viol\u00eancia sexual. Mas, se \u00e9 dado o t\u00edtulo de \u201calienadora\u201d para a m\u00e3e, a crian\u00e7a \u00e9 completamente afastada dela, por vezes ainda lactante, e isso n\u00e3o lhe far\u00e1 mal algum. \u00c9 o mesmo objeto que foi o \u201cmotivo\u201d do processo que \u00e9 praticado pela justi\u00e7a. A m\u00e3e \u00e9 vista como criminosa de alt\u00edssima periculosidade. Mas, quem violou o corpo da crian\u00e7a n\u00e3o foi ela. S\u00f3 ousou denunciar um homem por comportamento inadequado, ainda considerado criminoso.<\/p>\n\n\n\n<div class=\"wp-block-image\"><figure class=\"aligncenter size-large is-resized\"><a href=\"https:\/\/www.facebook.com\/profile.php?id=100069289606145\"><img loading=\"lazy\" decoding=\"async\" src=\"https:\/\/jornalfatosenoticias.com.br\/wp-content\/uploads\/2024\/11\/Guaitolini-Contabilidade-1024x714.jpeg\" alt=\"\" class=\"wp-image-55808\" width=\"323\" height=\"225\" srcset=\"https:\/\/jornalfatosenoticias.com.br\/wp-content\/uploads\/2024\/11\/Guaitolini-Contabilidade-1024x714.jpeg 1024w, https:\/\/jornalfatosenoticias.com.br\/wp-content\/uploads\/2024\/11\/Guaitolini-Contabilidade-300x209.jpeg 300w, https:\/\/jornalfatosenoticias.com.br\/wp-content\/uploads\/2024\/11\/Guaitolini-Contabilidade-768x535.jpeg 768w, https:\/\/jornalfatosenoticias.com.br\/wp-content\/uploads\/2024\/11\/Guaitolini-Contabilidade.jpeg 1280w\" sizes=\"auto, (max-width: 323px) 100vw, 323px\" \/><\/a><\/figure><\/div>\n\n\n\n<p>Agentes de justi\u00e7a bradam que um mau marido pode ser um bom pai. N\u00e3o cabe na l\u00f3gica comum que algu\u00e9m que maltrata, espanca, mata a m\u00e3e de uma crian\u00e7a possa ser considerado um bom pai. \u00c9 a m\u00e3e de seu filho, sua filha. <strong>Quantas vezes a viol\u00eancia foi praticada na presen\u00e7a das crian\u00e7as. E, mesmo quando fica restrita ao quarto, a crian\u00e7a ouve os gritos de dor de sua m\u00e3e,<\/strong> e convive com a m\u00e3e de \u00f3culos escuros dentro de casa por dias, ou percebe a cara de dor quando a m\u00e3e pega uma sacola para carregar com uma ou duas costelas fraturadas. Isso \u00e9 ser um bom pai?<\/p>\n\n\n\n<div class=\"wp-block-image\"><figure class=\"aligncenter size-large\"><img loading=\"lazy\" decoding=\"async\" width=\"1000\" height=\"666\" src=\"https:\/\/jornalfatosenoticias.com.br\/wp-content\/uploads\/2025\/07\/alienacao-parental-guarda-compartilhada3_freepik.jpg\" alt=\"\" class=\"wp-image-60791\" srcset=\"https:\/\/jornalfatosenoticias.com.br\/wp-content\/uploads\/2025\/07\/alienacao-parental-guarda-compartilhada3_freepik.jpg 1000w, https:\/\/jornalfatosenoticias.com.br\/wp-content\/uploads\/2025\/07\/alienacao-parental-guarda-compartilhada3_freepik-300x200.jpg 300w, https:\/\/jornalfatosenoticias.com.br\/wp-content\/uploads\/2025\/07\/alienacao-parental-guarda-compartilhada3_freepik-768x511.jpg 768w\" sizes=\"auto, (max-width: 1000px) 100vw, 1000px\" \/><figcaption><em><span class=\"has-inline-color has-black-color\">(Foto: Freepik)<\/span><\/em><\/figcaption><\/figure><\/div>\n\n\n\n<p>Vamos fazer um exerc\u00edcio de pensamento l\u00f3gico. Se a crian\u00e7a v\u00ea ou sabe do espancamento da m\u00e3e pelo pai, ela tem tr\u00eas caminhos principais a seguir. Qualquer outra varia\u00e7\u00e3o como caminho, ser\u00e1, igualmente, danosa.<br>O primeiro: ela empatiza com as dores da m\u00e3e e sentir\u00e1 medo e raiva do agressor, seu pai. Isso vai atrapalhar ou obstruir a aquisi\u00e7\u00e3o de seu processo de relacionamento afetivo, porque tamb\u00e9m implica em ter raiva pela impot\u00eancia da m\u00e3e. Para a crian\u00e7a a m\u00e3e tem que reagir, principalmente porque se ela n\u00e3o reage para se defender e n\u00e3o permitir a viol\u00eancia, a crian\u00e7a se sente muito mais vulner\u00e1vel. Sua m\u00e3e \u00e9 uma derrotada.<\/p>\n\n\n\n<div class=\"wp-block-image\"><figure class=\"aligncenter size-large is-resized\"><a href=\"https:\/\/www.controlsystems.com.br\/\"><img loading=\"lazy\" decoding=\"async\" src=\"https:\/\/jornalfatosenoticias.com.br\/wp-content\/uploads\/2020\/02\/CONTROL-CS.jpg\" alt=\"\" class=\"wp-image-44991\" width=\"285\" height=\"341\" srcset=\"https:\/\/jornalfatosenoticias.com.br\/wp-content\/uploads\/2020\/02\/CONTROL-CS.jpg 834w, https:\/\/jornalfatosenoticias.com.br\/wp-content\/uploads\/2020\/02\/CONTROL-CS-250x300.jpg 250w, https:\/\/jornalfatosenoticias.com.br\/wp-content\/uploads\/2020\/02\/CONTROL-CS-768x921.jpg 768w\" sizes=\"auto, (max-width: 285px) 100vw, 285px\" \/><\/a><\/figure><\/div>\n\n\n\n<p>O segundo: ela se identificar\u00e1, por medo, como defesa, com o pai, e tender\u00e1 a repetir o modelo de viol\u00eancia contra mulheres pela vida toda. Afinal, ele \u00e9 perigoso, \u00e9 forte, \u00e9 vencedor sobre a m\u00e3e. E o medo \u00e9 grande, a ansiedade produzida por esse medo \u00e9 desconfort\u00e1vel demais, ent\u00e3o a \u201csolu\u00e7\u00e3o\u201d \u00e9 se juntar ao perigoso para que ele n\u00e3o venha bater nela. Esse Mecanismo de Defesa do Ego segue ativo na grande maioria dos adultos mesmo que n\u00e3o tenham passado por essa nefasta experi\u00eancia de viol\u00eancia contra a m\u00e3e na inf\u00e2ncia. \u00c9 a Identifica\u00e7\u00e3o com o Agressor. Quando o jogo \u00e9 o Poder sobre o Outro esse Mecanismo Mental entra em a\u00e7\u00e3o. Evidentemente, que fica f\u00e1cil imaginar o que se produz com essa identifica\u00e7\u00e3o com um violento. \u00c9 a perpetua\u00e7\u00e3o da viol\u00eancia intrafamiliar. Um pai bom n\u00e3o coloca seu filho diante desses tr\u00eas desfiladeiros sem volta.<\/p>\n\n\n\n<div class=\"wp-block-image\"><figure class=\"aligncenter size-large\"><img loading=\"lazy\" decoding=\"async\" width=\"1000\" height=\"666\" src=\"https:\/\/jornalfatosenoticias.com.br\/wp-content\/uploads\/2025\/07\/alienacao-parental-guarda-compartilhada_freepik.jpg\" alt=\"\" class=\"wp-image-60792\" srcset=\"https:\/\/jornalfatosenoticias.com.br\/wp-content\/uploads\/2025\/07\/alienacao-parental-guarda-compartilhada_freepik.jpg 1000w, https:\/\/jornalfatosenoticias.com.br\/wp-content\/uploads\/2025\/07\/alienacao-parental-guarda-compartilhada_freepik-300x200.jpg 300w, https:\/\/jornalfatosenoticias.com.br\/wp-content\/uploads\/2025\/07\/alienacao-parental-guarda-compartilhada_freepik-768x511.jpg 768w\" sizes=\"auto, (max-width: 1000px) 100vw, 1000px\" \/><figcaption><em><span class=\"has-inline-color has-black-color\">(Foto: Freepik)<\/span><\/em><\/figcaption><\/figure><\/div>\n\n\n\n<p>O terceiro caminho que \u00e9 oferecido \u00e0 crian\u00e7a \u00e9 a ruptura com a realidade, um quadro psic\u00f3tico. Ela passa a viver \u2014 sempre que surge a ansiedade e a ang\u00fastia promovidas pela viol\u00eancia contra a m\u00e3e \u2014 num mundo paralelo, buscando se alhear daquela realidade dolorosa. Al\u00e9m do quadro psic\u00f3tico que ir\u00e1 se cristalizando, ela pode desenvolver quadros de inadequa\u00e7\u00e3o social, como um quadro de TDAH, quando sua ansiedade transborda e a agita\u00e7\u00e3o psicomotora se instala, afetando a aten\u00e7\u00e3o. \u00c9 um tipo de Mecanismo de Defesa para \u201csair\u201d do sofrimento do ambiente violento.<\/p>\n\n\n\n<div class=\"wp-block-image\"><figure class=\"aligncenter size-large\"><a href=\"https:\/\/www.cesconetto.com.br\/\"><img loading=\"lazy\" decoding=\"async\" width=\"300\" height=\"250\" src=\"https:\/\/jornalfatosenoticias.com.br\/wp-content\/uploads\/2022\/02\/Banner-2.png\" alt=\"\" class=\"wp-image-27877\"\/><\/a><\/figure><\/div>\n\n\n\n<p>Quem inventou as \u201cfalsas mem\u00f3rias\u201d da crian\u00e7a que relata os atos lascivos? N\u00e3o tem sustenta\u00e7\u00e3o, nem cient\u00edfica nem emp\u00edrica. N\u00e3o existem falsas mem\u00f3rias na inf\u00e2ncia. Todas as tentativas de pesquisa deram em \u00e1gua. Ao contr\u00e1rio. A crian\u00e7a n\u00e3o possui ainda o filtro social em sua comunica\u00e7\u00e3o. Todos conhecemos a saia justa que entramos quando uma crian\u00e7a nossa fala uma verdade nem t\u00e3o social, que cai na conversa dos adultos. Aquela exclama\u00e7\u00e3o puxando a roupa da m\u00e3e dentro do elevador do pr\u00e9dio, perguntando: m\u00e3e por que voc\u00ea est\u00e1 t\u00e3o boazinha com ela se voc\u00ea diz que odeia ela, que ela \u00e9 chata?<\/p>\n\n\n\n<div class=\"wp-block-image\"><figure class=\"aligncenter size-large is-resized\"><a href=\"https:\/\/hotelmarquetti.com.br\/\"><img loading=\"lazy\" decoding=\"async\" src=\"https:\/\/jornalfatosenoticias.com.br\/wp-content\/uploads\/2020\/02\/LOGO-MQ-1024x680.jpg\" alt=\"\" class=\"wp-image-58299\" width=\"327\" height=\"217\" srcset=\"https:\/\/jornalfatosenoticias.com.br\/wp-content\/uploads\/2020\/02\/LOGO-MQ-1024x680.jpg 1024w, https:\/\/jornalfatosenoticias.com.br\/wp-content\/uploads\/2020\/02\/LOGO-MQ-300x199.jpg 300w, https:\/\/jornalfatosenoticias.com.br\/wp-content\/uploads\/2020\/02\/LOGO-MQ-768x510.jpg 768w, https:\/\/jornalfatosenoticias.com.br\/wp-content\/uploads\/2020\/02\/LOGO-MQ-1536x1020.jpg 1536w, https:\/\/jornalfatosenoticias.com.br\/wp-content\/uploads\/2020\/02\/LOGO-MQ-2048x1360.jpg 2048w\" sizes=\"auto, (max-width: 327px) 100vw, 327px\" \/><\/a><\/figure><\/div>\n\n\n\n<p>Mas, se a crian\u00e7a tivesse uma implanta\u00e7\u00e3o de um chip em sua cabe\u00e7a para relatar os atos de abusos sexuais praticados pelo seu genitor, como explicar esse fen\u00f4meno? E mais, como explicar que ela desenha os atos, a representa\u00e7\u00e3o do pai com muitas m\u00e3os, aspecto de monstro, grande em rela\u00e7\u00e3o \u00e0s outras figuras do desenho, ou encena com bonecos e bonecas ou bichinhos posi\u00e7\u00f5es que comunicam atos sexuais? A m\u00e3e tamb\u00e9m \u201cimplantou\u201d, g\u00eanio da implanta\u00e7\u00e3o, de maneira que na aus\u00eancia dela e espontaneamente revela a sexualidade produzida em seu corpo. Lembrando que esse tipo de chip implantado no c\u00e9rebro funcionaria por controle remoto.<\/p>\n\n\n\n<div class=\"wp-block-image\"><figure class=\"aligncenter size-large\"><a href=\"http:\/\/www.ferrarimaquinas.com.br\/\"><img loading=\"lazy\" decoding=\"async\" width=\"300\" height=\"250\" src=\"https:\/\/jornalfatosenoticias.com.br\/wp-content\/uploads\/2022\/02\/FERRARI_MAQUINAS-E-FERRAMENTAS2.jpg\" alt=\"\" class=\"wp-image-27860\"\/><\/a><\/figure><\/div>\n\n\n\n<p>De onde saiu a mentira sobre os benef\u00edcios da guarda compartilhada compuls\u00f3ria? Sempre que se tem um regramento que n\u00e3o respeita a crian\u00e7a em suas fases de crescimento, em suas varia\u00e7\u00f5es de desenvolvimento, temos um autoritarismo d\u00e9spota que causa adoecimento \u00e0 crian\u00e7a. N\u00e3o h\u00e1 como defender que uma crian\u00e7a com 15 dias sofra uma guarda compartilhada: a manh\u00e3 do beb\u00ea \u00e9 do pai, a tarde do beb\u00ea \u00e9 da m\u00e3e. Ou seja, pela manh\u00e3 o beb\u00ea toma mamadeira, \u00e0 tarde ele \u00e9 amamentado ao seio da m\u00e3e. O juiz sabe que a regularidade das mamadas fazem a produ\u00e7\u00e3o do leite? E num regime desse tipo o que \u00e9 produzido \u00e9 um entumecimento das gl\u00e2ndulas mam\u00e1rias, que levam \u00e0 infec\u00e7\u00e3o? A m\u00e3e vai ter febre, dor e, por vezes, precisar de interven\u00e7\u00e3o m\u00e9dica. Talvez isso venha a ser a justifica\u00e7\u00e3o para a retirada do beb\u00ea da maternagem a que tem direito e necessidade, e seja entregue ao pai.<\/p>\n\n\n\n<div class=\"wp-block-image\"><figure class=\"aligncenter size-large is-resized\"><a href=\"https:\/\/www.instagram.com\/gruposei\/\"><img loading=\"lazy\" decoding=\"async\" src=\"https:\/\/jornalfatosenoticias.com.br\/wp-content\/uploads\/2022\/07\/Logo-Grupo-SEI.jpg\" alt=\"\" class=\"wp-image-31973\" width=\"356\" height=\"187\" srcset=\"https:\/\/jornalfatosenoticias.com.br\/wp-content\/uploads\/2022\/07\/Logo-Grupo-SEI.jpg 713w, https:\/\/jornalfatosenoticias.com.br\/wp-content\/uploads\/2022\/07\/Logo-Grupo-SEI-300x158.jpg 300w\" sizes=\"auto, (max-width: 356px) 100vw, 356px\" \/><\/a><\/figure><\/div>\n\n\n\n<p>S\u00e3o muitas mentiras aceitas e em vigor. A come\u00e7ar pelo termo aliena\u00e7\u00e3o parental que tem sido altamente lucrativa para trabalhadores que n\u00e3o se importam com a crian\u00e7a. Al\u00e9m da mentira da aliena\u00e7\u00e3o parental, o desprezo pelas provas apresentadas, a mentira das falsas mem\u00f3rias para desqualificar a voz da crian\u00e7a, a mentira de benef\u00edcio da guarda compartilhada, a mentira do bom pai que espanca e mata a m\u00e3e. Acredito que a justi\u00e7a foi enganada por um lobby que conseguiu proteger predadores. E parece que n\u00e3o quer ver que est\u00e1 sendo usada como arma contra a crian\u00e7a. A LAP empunha essa arma.<\/p>\n\n\n\n<div class=\"wp-block-image\"><figure class=\"aligncenter size-large is-resized\"><a href=\"https:\/\/www.facebook.com\/vetor.vix\/\"><img loading=\"lazy\" decoding=\"async\" src=\"https:\/\/jornalfatosenoticias.com.br\/wp-content\/uploads\/2023\/09\/vetorvix1024_1.jpg\" alt=\"\" class=\"wp-image-44868\" width=\"498\" height=\"132\" srcset=\"https:\/\/jornalfatosenoticias.com.br\/wp-content\/uploads\/2023\/09\/vetorvix1024_1.jpg 1024w, https:\/\/jornalfatosenoticias.com.br\/wp-content\/uploads\/2023\/09\/vetorvix1024_1-300x80.jpg 300w, https:\/\/jornalfatosenoticias.com.br\/wp-content\/uploads\/2023\/09\/vetorvix1024_1-768x205.jpg 768w\" sizes=\"auto, (max-width: 498px) 100vw, 498px\" \/><\/a><\/figure><\/div>\n\n\n\n<p><\/p>\n","protected":false},"excerpt":{"rendered":"<p>Quem inventou as \u201cfalsas mem\u00f3rias\u201d da crian\u00e7a que relata os atos lascivos? N\u00e3o tem sustenta\u00e7\u00e3o, nem cient\u00edfica nem emp\u00edrica. N\u00e3o existem falsas mem\u00f3rias na inf\u00e2ncia Na lei emboscada, quem \u00e9 tachado com o seu t\u00edtulo, \u201calienadora\u201d, nunca mais perde o t\u00edtulo. E cada movimento de contradizer o t\u00edtulo, \u00e9, imediatamente, travestido como mais uma prova [&hellip;]<\/p>\n","protected":false},"author":8,"featured_media":60790,"comment_status":"open","ping_status":"open","sticky":false,"template":"","format":"standard","meta":{"footnotes":""},"categories":[2522],"tags":[27733,27735,2607,10151,27734,6335],"class_list":["post-60789","post","type-post","status-publish","format-standard","has-post-thumbnail","hentry","category-comportamento","tag-falsas-memorias-na-infancia","tag-guarda-compartilhada-compulsoria","tag-infancia","tag-lei-da-alienacao-parental","tag-lei-emboscada","tag-memorias"],"yoast_head":"<!-- This site is optimized with the Yoast SEO plugin v26.5 - https:\/\/yoast.com\/wordpress\/plugins\/seo\/ -->\n<title>Aliena\u00e7\u00e3o Parental, a lei emboscada \u2014 Parte II - Jornal Fatos e Not\u00edcias<\/title>\n<meta name=\"robots\" content=\"index, follow, max-snippet:-1, max-image-preview:large, max-video-preview:-1\" \/>\n<link rel=\"canonical\" href=\"https:\/\/jornalfatosenoticias.com.br\/index.php\/2025\/07\/24\/alienacao-parental-a-lei-emboscada-parte-ii\/\" \/>\n<meta property=\"og:locale\" content=\"pt_BR\" \/>\n<meta property=\"og:type\" content=\"article\" \/>\n<meta property=\"og:title\" content=\"Aliena\u00e7\u00e3o Parental, a lei emboscada \u2014 Parte II - Jornal Fatos e Not\u00edcias\" \/>\n<meta property=\"og:description\" content=\"Quem inventou as \u201cfalsas mem\u00f3rias\u201d da crian\u00e7a que relata os atos lascivos? N\u00e3o tem sustenta\u00e7\u00e3o, nem cient\u00edfica nem emp\u00edrica. N\u00e3o existem falsas mem\u00f3rias na inf\u00e2ncia Na lei emboscada, quem \u00e9 tachado com o seu t\u00edtulo, \u201calienadora\u201d, nunca mais perde o t\u00edtulo. E cada movimento de contradizer o t\u00edtulo, \u00e9, imediatamente, travestido como mais uma prova [&hellip;]\" \/>\n<meta property=\"og:url\" content=\"https:\/\/jornalfatosenoticias.com.br\/index.php\/2025\/07\/24\/alienacao-parental-a-lei-emboscada-parte-ii\/\" \/>\n<meta property=\"og:site_name\" content=\"Jornal Fatos e Not\u00edcias\" \/>\n<meta property=\"article:published_time\" content=\"2025-07-24T19:25:17+00:00\" \/>\n<meta property=\"article:modified_time\" content=\"2025-07-24T19:25:19+00:00\" \/>\n<meta property=\"og:image\" content=\"https:\/\/jornalfatosenoticias.com.br\/wp-content\/uploads\/2025\/07\/alienacao-parental-guarda-compartilhada2_freepik.jpg\" \/>\n\t<meta property=\"og:image:width\" content=\"1000\" \/>\n\t<meta property=\"og:image:height\" content=\"750\" \/>\n\t<meta property=\"og:image:type\" content=\"image\/jpeg\" \/>\n<meta name=\"author\" content=\"Ana Maria Iencarelli\" \/>\n<meta name=\"twitter:card\" content=\"summary_large_image\" \/>\n<meta name=\"twitter:label1\" content=\"Escrito por\" \/>\n\t<meta name=\"twitter:data1\" content=\"Ana Maria Iencarelli\" \/>\n\t<meta name=\"twitter:label2\" content=\"Est. tempo de leitura\" \/>\n\t<meta name=\"twitter:data2\" content=\"7 minutos\" \/>\n<script type=\"application\/ld+json\" class=\"yoast-schema-graph\">{\"@context\":\"https:\/\/schema.org\",\"@graph\":[{\"@type\":\"Article\",\"@id\":\"https:\/\/jornalfatosenoticias.com.br\/index.php\/2025\/07\/24\/alienacao-parental-a-lei-emboscada-parte-ii\/#article\",\"isPartOf\":{\"@id\":\"https:\/\/jornalfatosenoticias.com.br\/index.php\/2025\/07\/24\/alienacao-parental-a-lei-emboscada-parte-ii\/\"},\"author\":{\"name\":\"Ana Maria Iencarelli\",\"@id\":\"https:\/\/jornalfatosenoticias.com.br\/#\/schema\/person\/c33fcf5fb02d729d3fec92c6737a22d1\"},\"headline\":\"Aliena\u00e7\u00e3o Parental, a lei emboscada \u2014 Parte II\",\"datePublished\":\"2025-07-24T19:25:17+00:00\",\"dateModified\":\"2025-07-24T19:25:19+00:00\",\"mainEntityOfPage\":{\"@id\":\"https:\/\/jornalfatosenoticias.com.br\/index.php\/2025\/07\/24\/alienacao-parental-a-lei-emboscada-parte-ii\/\"},\"wordCount\":1330,\"commentCount\":0,\"publisher\":{\"@id\":\"https:\/\/jornalfatosenoticias.com.br\/#organization\"},\"image\":{\"@id\":\"https:\/\/jornalfatosenoticias.com.br\/index.php\/2025\/07\/24\/alienacao-parental-a-lei-emboscada-parte-ii\/#primaryimage\"},\"thumbnailUrl\":\"https:\/\/jornalfatosenoticias.com.br\/wp-content\/uploads\/2025\/07\/alienacao-parental-guarda-compartilhada2_freepik.jpg\",\"keywords\":[\"falsas mem\u00f3rias na inf\u00e2ncia\",\"guarda compartilhada compuls\u00f3ria\",\"inf\u00e2ncia\",\"Lei da Aliena\u00e7\u00e3o Parental\",\"lei emboscada\",\"mem\u00f3rias\"],\"articleSection\":[\"Comportamento &amp; Equil\u00edbrio\"],\"inLanguage\":\"pt-BR\",\"potentialAction\":[{\"@type\":\"CommentAction\",\"name\":\"Comment\",\"target\":[\"https:\/\/jornalfatosenoticias.com.br\/index.php\/2025\/07\/24\/alienacao-parental-a-lei-emboscada-parte-ii\/#respond\"]}]},{\"@type\":\"WebPage\",\"@id\":\"https:\/\/jornalfatosenoticias.com.br\/index.php\/2025\/07\/24\/alienacao-parental-a-lei-emboscada-parte-ii\/\",\"url\":\"https:\/\/jornalfatosenoticias.com.br\/index.php\/2025\/07\/24\/alienacao-parental-a-lei-emboscada-parte-ii\/\",\"name\":\"Aliena\u00e7\u00e3o Parental, a lei emboscada \u2014 Parte II - Jornal Fatos e Not\u00edcias\",\"isPartOf\":{\"@id\":\"https:\/\/jornalfatosenoticias.com.br\/#website\"},\"primaryImageOfPage\":{\"@id\":\"https:\/\/jornalfatosenoticias.com.br\/index.php\/2025\/07\/24\/alienacao-parental-a-lei-emboscada-parte-ii\/#primaryimage\"},\"image\":{\"@id\":\"https:\/\/jornalfatosenoticias.com.br\/index.php\/2025\/07\/24\/alienacao-parental-a-lei-emboscada-parte-ii\/#primaryimage\"},\"thumbnailUrl\":\"https:\/\/jornalfatosenoticias.com.br\/wp-content\/uploads\/2025\/07\/alienacao-parental-guarda-compartilhada2_freepik.jpg\",\"datePublished\":\"2025-07-24T19:25:17+00:00\",\"dateModified\":\"2025-07-24T19:25:19+00:00\",\"breadcrumb\":{\"@id\":\"https:\/\/jornalfatosenoticias.com.br\/index.php\/2025\/07\/24\/alienacao-parental-a-lei-emboscada-parte-ii\/#breadcrumb\"},\"inLanguage\":\"pt-BR\",\"potentialAction\":[{\"@type\":\"ReadAction\",\"target\":[\"https:\/\/jornalfatosenoticias.com.br\/index.php\/2025\/07\/24\/alienacao-parental-a-lei-emboscada-parte-ii\/\"]}]},{\"@type\":\"ImageObject\",\"inLanguage\":\"pt-BR\",\"@id\":\"https:\/\/jornalfatosenoticias.com.br\/index.php\/2025\/07\/24\/alienacao-parental-a-lei-emboscada-parte-ii\/#primaryimage\",\"url\":\"https:\/\/jornalfatosenoticias.com.br\/wp-content\/uploads\/2025\/07\/alienacao-parental-guarda-compartilhada2_freepik.jpg\",\"contentUrl\":\"https:\/\/jornalfatosenoticias.com.br\/wp-content\/uploads\/2025\/07\/alienacao-parental-guarda-compartilhada2_freepik.jpg\",\"width\":1000,\"height\":750},{\"@type\":\"BreadcrumbList\",\"@id\":\"https:\/\/jornalfatosenoticias.com.br\/index.php\/2025\/07\/24\/alienacao-parental-a-lei-emboscada-parte-ii\/#breadcrumb\",\"itemListElement\":[{\"@type\":\"ListItem\",\"position\":1,\"name\":\"In\u00edcio\",\"item\":\"https:\/\/jornalfatosenoticias.com.br\/\"},{\"@type\":\"ListItem\",\"position\":2,\"name\":\"Aliena\u00e7\u00e3o Parental, a lei emboscada \u2014 Parte II\"}]},{\"@type\":\"WebSite\",\"@id\":\"https:\/\/jornalfatosenoticias.com.br\/#website\",\"url\":\"https:\/\/jornalfatosenoticias.com.br\/\",\"name\":\"Jornal Fatos e Not\u00edcias\",\"description\":\"Not\u00edcias em geral\",\"publisher\":{\"@id\":\"https:\/\/jornalfatosenoticias.com.br\/#organization\"},\"potentialAction\":[{\"@type\":\"SearchAction\",\"target\":{\"@type\":\"EntryPoint\",\"urlTemplate\":\"https:\/\/jornalfatosenoticias.com.br\/?s={search_term_string}\"},\"query-input\":{\"@type\":\"PropertyValueSpecification\",\"valueRequired\":true,\"valueName\":\"search_term_string\"}}],\"inLanguage\":\"pt-BR\"},{\"@type\":\"Organization\",\"@id\":\"https:\/\/jornalfatosenoticias.com.br\/#organization\",\"name\":\"Jornal Fatos e Not\u00edcias\",\"url\":\"https:\/\/jornalfatosenoticias.com.br\/\",\"logo\":{\"@type\":\"ImageObject\",\"inLanguage\":\"pt-BR\",\"@id\":\"https:\/\/jornalfatosenoticias.com.br\/#\/schema\/logo\/image\/\",\"url\":\"https:\/\/jornalfatosenoticias.com.br\/wp-content\/uploads\/2020\/02\/logo120.png\",\"contentUrl\":\"https:\/\/jornalfatosenoticias.com.br\/wp-content\/uploads\/2020\/02\/logo120.png\",\"width\":1227,\"height\":120,\"caption\":\"Jornal Fatos e Not\u00edcias\"},\"image\":{\"@id\":\"https:\/\/jornalfatosenoticias.com.br\/#\/schema\/logo\/image\/\"}},{\"@type\":\"Person\",\"@id\":\"https:\/\/jornalfatosenoticias.com.br\/#\/schema\/person\/c33fcf5fb02d729d3fec92c6737a22d1\",\"name\":\"Ana Maria Iencarelli\",\"image\":{\"@type\":\"ImageObject\",\"inLanguage\":\"pt-BR\",\"@id\":\"https:\/\/jornalfatosenoticias.com.br\/#\/schema\/person\/image\/\",\"url\":\"https:\/\/jornalfatosenoticias.com.br\/wp-content\/uploads\/2020\/02\/Ana-Maria-Iencarelli-1-150x150.jpg\",\"contentUrl\":\"https:\/\/jornalfatosenoticias.com.br\/wp-content\/uploads\/2020\/02\/Ana-Maria-Iencarelli-1-150x150.jpg\",\"caption\":\"Ana Maria Iencarelli\"},\"description\":\"Psicanalista Cl\u00ednica, especializada no atendimento a Crian\u00e7as e Adolescentes. Presidente da ONG Vozes de Anjos.\",\"url\":\"https:\/\/jornalfatosenoticias.com.br\/index.php\/author\/anamaria\/\"}]}<\/script>\n<!-- \/ Yoast SEO plugin. -->","yoast_head_json":{"title":"Aliena\u00e7\u00e3o Parental, a lei emboscada \u2014 Parte II - Jornal Fatos e Not\u00edcias","robots":{"index":"index","follow":"follow","max-snippet":"max-snippet:-1","max-image-preview":"max-image-preview:large","max-video-preview":"max-video-preview:-1"},"canonical":"https:\/\/jornalfatosenoticias.com.br\/index.php\/2025\/07\/24\/alienacao-parental-a-lei-emboscada-parte-ii\/","og_locale":"pt_BR","og_type":"article","og_title":"Aliena\u00e7\u00e3o Parental, a lei emboscada \u2014 Parte II - Jornal Fatos e Not\u00edcias","og_description":"Quem inventou as \u201cfalsas mem\u00f3rias\u201d da crian\u00e7a que relata os atos lascivos? N\u00e3o tem sustenta\u00e7\u00e3o, nem cient\u00edfica nem emp\u00edrica. N\u00e3o existem falsas mem\u00f3rias na inf\u00e2ncia Na lei emboscada, quem \u00e9 tachado com o seu t\u00edtulo, \u201calienadora\u201d, nunca mais perde o t\u00edtulo. E cada movimento de contradizer o t\u00edtulo, \u00e9, imediatamente, travestido como mais uma prova [&hellip;]","og_url":"https:\/\/jornalfatosenoticias.com.br\/index.php\/2025\/07\/24\/alienacao-parental-a-lei-emboscada-parte-ii\/","og_site_name":"Jornal Fatos e Not\u00edcias","article_published_time":"2025-07-24T19:25:17+00:00","article_modified_time":"2025-07-24T19:25:19+00:00","og_image":[{"width":1000,"height":750,"url":"https:\/\/jornalfatosenoticias.com.br\/wp-content\/uploads\/2025\/07\/alienacao-parental-guarda-compartilhada2_freepik.jpg","type":"image\/jpeg"}],"author":"Ana Maria Iencarelli","twitter_card":"summary_large_image","twitter_misc":{"Escrito por":"Ana Maria Iencarelli","Est. tempo de leitura":"7 minutos"},"schema":{"@context":"https:\/\/schema.org","@graph":[{"@type":"Article","@id":"https:\/\/jornalfatosenoticias.com.br\/index.php\/2025\/07\/24\/alienacao-parental-a-lei-emboscada-parte-ii\/#article","isPartOf":{"@id":"https:\/\/jornalfatosenoticias.com.br\/index.php\/2025\/07\/24\/alienacao-parental-a-lei-emboscada-parte-ii\/"},"author":{"name":"Ana Maria Iencarelli","@id":"https:\/\/jornalfatosenoticias.com.br\/#\/schema\/person\/c33fcf5fb02d729d3fec92c6737a22d1"},"headline":"Aliena\u00e7\u00e3o Parental, a lei emboscada \u2014 Parte II","datePublished":"2025-07-24T19:25:17+00:00","dateModified":"2025-07-24T19:25:19+00:00","mainEntityOfPage":{"@id":"https:\/\/jornalfatosenoticias.com.br\/index.php\/2025\/07\/24\/alienacao-parental-a-lei-emboscada-parte-ii\/"},"wordCount":1330,"commentCount":0,"publisher":{"@id":"https:\/\/jornalfatosenoticias.com.br\/#organization"},"image":{"@id":"https:\/\/jornalfatosenoticias.com.br\/index.php\/2025\/07\/24\/alienacao-parental-a-lei-emboscada-parte-ii\/#primaryimage"},"thumbnailUrl":"https:\/\/jornalfatosenoticias.com.br\/wp-content\/uploads\/2025\/07\/alienacao-parental-guarda-compartilhada2_freepik.jpg","keywords":["falsas mem\u00f3rias na inf\u00e2ncia","guarda compartilhada compuls\u00f3ria","inf\u00e2ncia","Lei da Aliena\u00e7\u00e3o Parental","lei emboscada","mem\u00f3rias"],"articleSection":["Comportamento &amp; Equil\u00edbrio"],"inLanguage":"pt-BR","potentialAction":[{"@type":"CommentAction","name":"Comment","target":["https:\/\/jornalfatosenoticias.com.br\/index.php\/2025\/07\/24\/alienacao-parental-a-lei-emboscada-parte-ii\/#respond"]}]},{"@type":"WebPage","@id":"https:\/\/jornalfatosenoticias.com.br\/index.php\/2025\/07\/24\/alienacao-parental-a-lei-emboscada-parte-ii\/","url":"https:\/\/jornalfatosenoticias.com.br\/index.php\/2025\/07\/24\/alienacao-parental-a-lei-emboscada-parte-ii\/","name":"Aliena\u00e7\u00e3o Parental, a lei emboscada \u2014 Parte II - Jornal Fatos e Not\u00edcias","isPartOf":{"@id":"https:\/\/jornalfatosenoticias.com.br\/#website"},"primaryImageOfPage":{"@id":"https:\/\/jornalfatosenoticias.com.br\/index.php\/2025\/07\/24\/alienacao-parental-a-lei-emboscada-parte-ii\/#primaryimage"},"image":{"@id":"https:\/\/jornalfatosenoticias.com.br\/index.php\/2025\/07\/24\/alienacao-parental-a-lei-emboscada-parte-ii\/#primaryimage"},"thumbnailUrl":"https:\/\/jornalfatosenoticias.com.br\/wp-content\/uploads\/2025\/07\/alienacao-parental-guarda-compartilhada2_freepik.jpg","datePublished":"2025-07-24T19:25:17+00:00","dateModified":"2025-07-24T19:25:19+00:00","breadcrumb":{"@id":"https:\/\/jornalfatosenoticias.com.br\/index.php\/2025\/07\/24\/alienacao-parental-a-lei-emboscada-parte-ii\/#breadcrumb"},"inLanguage":"pt-BR","potentialAction":[{"@type":"ReadAction","target":["https:\/\/jornalfatosenoticias.com.br\/index.php\/2025\/07\/24\/alienacao-parental-a-lei-emboscada-parte-ii\/"]}]},{"@type":"ImageObject","inLanguage":"pt-BR","@id":"https:\/\/jornalfatosenoticias.com.br\/index.php\/2025\/07\/24\/alienacao-parental-a-lei-emboscada-parte-ii\/#primaryimage","url":"https:\/\/jornalfatosenoticias.com.br\/wp-content\/uploads\/2025\/07\/alienacao-parental-guarda-compartilhada2_freepik.jpg","contentUrl":"https:\/\/jornalfatosenoticias.com.br\/wp-content\/uploads\/2025\/07\/alienacao-parental-guarda-compartilhada2_freepik.jpg","width":1000,"height":750},{"@type":"BreadcrumbList","@id":"https:\/\/jornalfatosenoticias.com.br\/index.php\/2025\/07\/24\/alienacao-parental-a-lei-emboscada-parte-ii\/#breadcrumb","itemListElement":[{"@type":"ListItem","position":1,"name":"In\u00edcio","item":"https:\/\/jornalfatosenoticias.com.br\/"},{"@type":"ListItem","position":2,"name":"Aliena\u00e7\u00e3o Parental, a lei emboscada \u2014 Parte II"}]},{"@type":"WebSite","@id":"https:\/\/jornalfatosenoticias.com.br\/#website","url":"https:\/\/jornalfatosenoticias.com.br\/","name":"Jornal Fatos e Not\u00edcias","description":"Not\u00edcias em geral","publisher":{"@id":"https:\/\/jornalfatosenoticias.com.br\/#organization"},"potentialAction":[{"@type":"SearchAction","target":{"@type":"EntryPoint","urlTemplate":"https:\/\/jornalfatosenoticias.com.br\/?s={search_term_string}"},"query-input":{"@type":"PropertyValueSpecification","valueRequired":true,"valueName":"search_term_string"}}],"inLanguage":"pt-BR"},{"@type":"Organization","@id":"https:\/\/jornalfatosenoticias.com.br\/#organization","name":"Jornal Fatos e Not\u00edcias","url":"https:\/\/jornalfatosenoticias.com.br\/","logo":{"@type":"ImageObject","inLanguage":"pt-BR","@id":"https:\/\/jornalfatosenoticias.com.br\/#\/schema\/logo\/image\/","url":"https:\/\/jornalfatosenoticias.com.br\/wp-content\/uploads\/2020\/02\/logo120.png","contentUrl":"https:\/\/jornalfatosenoticias.com.br\/wp-content\/uploads\/2020\/02\/logo120.png","width":1227,"height":120,"caption":"Jornal Fatos e Not\u00edcias"},"image":{"@id":"https:\/\/jornalfatosenoticias.com.br\/#\/schema\/logo\/image\/"}},{"@type":"Person","@id":"https:\/\/jornalfatosenoticias.com.br\/#\/schema\/person\/c33fcf5fb02d729d3fec92c6737a22d1","name":"Ana Maria Iencarelli","image":{"@type":"ImageObject","inLanguage":"pt-BR","@id":"https:\/\/jornalfatosenoticias.com.br\/#\/schema\/person\/image\/","url":"https:\/\/jornalfatosenoticias.com.br\/wp-content\/uploads\/2020\/02\/Ana-Maria-Iencarelli-1-150x150.jpg","contentUrl":"https:\/\/jornalfatosenoticias.com.br\/wp-content\/uploads\/2020\/02\/Ana-Maria-Iencarelli-1-150x150.jpg","caption":"Ana Maria Iencarelli"},"description":"Psicanalista Cl\u00ednica, especializada no atendimento a Crian\u00e7as e Adolescentes. Presidente da ONG Vozes de Anjos.","url":"https:\/\/jornalfatosenoticias.com.br\/index.php\/author\/anamaria\/"}]}},"cc_featured_image_caption":{"caption_text":"(Foto: Freepik) ","source_text":"","source_url":""},"jetpack_featured_media_url":"https:\/\/jornalfatosenoticias.com.br\/wp-content\/uploads\/2025\/07\/alienacao-parental-guarda-compartilhada2_freepik.jpg","_links":{"self":[{"href":"https:\/\/jornalfatosenoticias.com.br\/index.php\/wp-json\/wp\/v2\/posts\/60789","targetHints":{"allow":["GET"]}}],"collection":[{"href":"https:\/\/jornalfatosenoticias.com.br\/index.php\/wp-json\/wp\/v2\/posts"}],"about":[{"href":"https:\/\/jornalfatosenoticias.com.br\/index.php\/wp-json\/wp\/v2\/types\/post"}],"author":[{"embeddable":true,"href":"https:\/\/jornalfatosenoticias.com.br\/index.php\/wp-json\/wp\/v2\/users\/8"}],"replies":[{"embeddable":true,"href":"https:\/\/jornalfatosenoticias.com.br\/index.php\/wp-json\/wp\/v2\/comments?post=60789"}],"version-history":[{"count":0,"href":"https:\/\/jornalfatosenoticias.com.br\/index.php\/wp-json\/wp\/v2\/posts\/60789\/revisions"}],"wp:featuredmedia":[{"embeddable":true,"href":"https:\/\/jornalfatosenoticias.com.br\/index.php\/wp-json\/wp\/v2\/media\/60790"}],"wp:attachment":[{"href":"https:\/\/jornalfatosenoticias.com.br\/index.php\/wp-json\/wp\/v2\/media?parent=60789"}],"wp:term":[{"taxonomy":"category","embeddable":true,"href":"https:\/\/jornalfatosenoticias.com.br\/index.php\/wp-json\/wp\/v2\/categories?post=60789"},{"taxonomy":"post_tag","embeddable":true,"href":"https:\/\/jornalfatosenoticias.com.br\/index.php\/wp-json\/wp\/v2\/tags?post=60789"}],"curies":[{"name":"wp","href":"https:\/\/api.w.org\/{rel}","templated":true}]}}