{"id":60804,"date":"2025-07-24T20:06:51","date_gmt":"2025-07-24T23:06:51","guid":{"rendered":"https:\/\/jornalfatosenoticias.com.br\/?p=60804"},"modified":"2025-07-24T20:09:03","modified_gmt":"2025-07-24T23:09:03","slug":"ensino-fundamental-inicio-de-nova-etapa-pode-gerar-um-medo-simbolico-de-crescer","status":"publish","type":"post","link":"https:\/\/jornalfatosenoticias.com.br\/index.php\/2025\/07\/24\/ensino-fundamental-inicio-de-nova-etapa-pode-gerar-um-medo-simbolico-de-crescer\/","title":{"rendered":"Ensino fundamental: in\u00edcio de nova etapa pode gerar um medo simb\u00f3lico de crescer"},"content":{"rendered":"\n<div class=\"wp-block-image\"><figure class=\"aligncenter size-large\"><a href=\"https:\/\/panper.com.br\/\"><img loading=\"lazy\" decoding=\"async\" width=\"1024\" height=\"111\" src=\"https:\/\/jornalfatosenoticias.com.br\/wp-content\/uploads\/2020\/02\/WhatsApp-Image-2022-09-23-at-12.09.18-1024x111.jpeg\" alt=\"\" class=\"wp-image-34527\" srcset=\"https:\/\/jornalfatosenoticias.com.br\/wp-content\/uploads\/2020\/02\/WhatsApp-Image-2022-09-23-at-12.09.18-1024x111.jpeg 1024w, https:\/\/jornalfatosenoticias.com.br\/wp-content\/uploads\/2020\/02\/WhatsApp-Image-2022-09-23-at-12.09.18-300x32.jpeg 300w, https:\/\/jornalfatosenoticias.com.br\/wp-content\/uploads\/2020\/02\/WhatsApp-Image-2022-09-23-at-12.09.18-768x83.jpeg 768w, https:\/\/jornalfatosenoticias.com.br\/wp-content\/uploads\/2020\/02\/WhatsApp-Image-2022-09-23-at-12.09.18.jpeg 1121w\" sizes=\"auto, (max-width: 1024px) 100vw, 1024px\" \/><\/a><\/figure><\/div>\n\n\n\n<p>Menos brincadeiras, mais conte\u00fados e atividades estruturadas em um espa\u00e7o diferente, com novos professores e colegas. Para algumas crian\u00e7as, a transi\u00e7\u00e3o da educa\u00e7\u00e3o infantil para o ensino fundamental pode implicar em um medo simb\u00f3lico de crescer, que acontece n\u00e3o apenas pelas mudan\u00e7as pr\u00e1ticas, mas pela sensa\u00e7\u00e3o de que ter\u00e3o novas responsabilidades. Segundo Mariana Melhado, coordenadora pedag\u00f3gica da Escola Gracinha, em S\u00e3o Paulo, essa percep\u00e7\u00e3o gera inseguran\u00e7a, uma vez que traz a expectativa de um novo comportamento na pr\u00f3xima etapa escolar.<br>\u201cA constru\u00e7\u00e3o social em torno do ensino fundamental, muitas vezes refor\u00e7ada pelos adultos, pode gerar receio. Coment\u00e1rios como \u2018agora acabou a brincadeira\u2019 contribuem para a percep\u00e7\u00e3o de que o 1.\u00ba ano ser\u00e1 dif\u00edcil e repleto de exig\u00eancias, criando barreiras emocionais desde o in\u00edcio\u201d, afirma Mariana.<\/p>\n\n\n\n<div class=\"wp-block-image\"><figure class=\"aligncenter size-large is-resized\"><a href=\"https:\/\/www.controlsystems.com.br\/\"><img loading=\"lazy\" decoding=\"async\" src=\"https:\/\/jornalfatosenoticias.com.br\/wp-content\/uploads\/2020\/02\/CONTROL-CS.jpg\" alt=\"\" class=\"wp-image-44991\" width=\"255\" height=\"306\" srcset=\"https:\/\/jornalfatosenoticias.com.br\/wp-content\/uploads\/2020\/02\/CONTROL-CS.jpg 834w, https:\/\/jornalfatosenoticias.com.br\/wp-content\/uploads\/2020\/02\/CONTROL-CS-250x300.jpg 250w, https:\/\/jornalfatosenoticias.com.br\/wp-content\/uploads\/2020\/02\/CONTROL-CS-768x921.jpg 768w\" sizes=\"auto, (max-width: 255px) 100vw, 255px\" \/><\/a><\/figure><\/div>\n\n\n\n<p>A mudan\u00e7a de ciclo \u00e9 um marco importante no percurso escolar. Contudo, para as crian\u00e7as, \u00e9 essencial que essa passagem preserve elementos que j\u00e1 eram vividos na fase anterior, como brincadeiras, acolhimento e escuta ativa, que devem ganhar novos contornos. \u201cMuitas crian\u00e7as acreditam que, ao ingressar no 1\u00ba ano, perder\u00e3o o tempo de brincar e o acolhimento das intera\u00e7\u00f5es l\u00fadicas, que s\u00e3o aspectos essenciais que seguem presentes na rotina\u201d, refor\u00e7a Tatiana Laviola, professora da educa\u00e7\u00e3o infantil da Escola Gracinha. \u201c\u00c9 preciso combater a falsa ideia de que a escola deixar\u00e1 de ser um espa\u00e7o de afeto e brincadeira\u201d, refor\u00e7a.<\/p>\n\n\n\n<div class=\"wp-block-image\"><figure class=\"aligncenter size-large is-resized\"><a href=\"https:\/\/www.legisjuris.com.br\/\"><img loading=\"lazy\" decoding=\"async\" src=\"https:\/\/jornalfatosenoticias.com.br\/wp-content\/uploads\/2024\/09\/Legis-Juris-Consultoria_logo.jpg\" alt=\"\" class=\"wp-image-53915\" width=\"475\" height=\"199\" srcset=\"https:\/\/jornalfatosenoticias.com.br\/wp-content\/uploads\/2024\/09\/Legis-Juris-Consultoria_logo.jpg 969w, https:\/\/jornalfatosenoticias.com.br\/wp-content\/uploads\/2024\/09\/Legis-Juris-Consultoria_logo-300x126.jpg 300w, https:\/\/jornalfatosenoticias.com.br\/wp-content\/uploads\/2024\/09\/Legis-Juris-Consultoria_logo-768x322.jpg 768w\" sizes=\"auto, (max-width: 475px) 100vw, 475px\" \/><\/a><\/figure><\/div>\n\n\n\n<p>Para isso, o papel da escola \u00e9 decisivo. Promover uma transi\u00e7\u00e3o gradual e respeitosa, que valorize a escuta dos alunos e o v\u00ednculo entre as equipes pedag\u00f3gicas dos dois segmentos, \u00e9 um dos pilares para que o processo ocorra de forma leve e significativa. <\/p>\n\n\n\n<div class=\"wp-block-image\"><figure class=\"aligncenter size-large is-resized\"><a href=\"https:\/\/www.instagram.com\/esteio.churrascaria\/\"><img loading=\"lazy\" decoding=\"async\" src=\"https:\/\/jornalfatosenoticias.com.br\/wp-content\/uploads\/2022\/02\/LOGO-ESTEIO-1024x730.png\" alt=\"\" class=\"wp-image-27942\" width=\"313\" height=\"223\" srcset=\"https:\/\/jornalfatosenoticias.com.br\/wp-content\/uploads\/2022\/02\/LOGO-ESTEIO-1024x730.png 1024w, https:\/\/jornalfatosenoticias.com.br\/wp-content\/uploads\/2022\/02\/LOGO-ESTEIO-300x214.png 300w, https:\/\/jornalfatosenoticias.com.br\/wp-content\/uploads\/2022\/02\/LOGO-ESTEIO-768x548.png 768w, https:\/\/jornalfatosenoticias.com.br\/wp-content\/uploads\/2022\/02\/LOGO-ESTEIO.png 1123w\" sizes=\"auto, (max-width: 313px) 100vw, 313px\" \/><\/a><\/figure><\/div>\n\n\n\n<blockquote class=\"wp-block-quote is-layout-flow wp-block-quote-is-layout-flow\"><p><span class=\"has-inline-color has-luminous-vivid-orange-color\">A escola precisa acolher as ang\u00fastias que surgem com a mudan\u00e7a. \u00c9 natural que os alunos expressem medos e d\u00favidas, e esses sentimentos devem ser reconhecidos com empatia, nunca minimizados\u201d, pontua a coordenadora pedag\u00f3gica.<\/span><\/p><\/blockquote>\n\n\n\n<div class=\"wp-block-image\"><figure class=\"aligncenter size-large is-resized\"><a href=\"https:\/\/www.instagram.com\/serra4x4cambioautomatico\/\"><img loading=\"lazy\" decoding=\"async\" src=\"https:\/\/jornalfatosenoticias.com.br\/wp-content\/uploads\/2024\/08\/Serra-4x4-1-886x1024.jpg\" alt=\"\" class=\"wp-image-53632\" width=\"256\" height=\"295\" srcset=\"https:\/\/jornalfatosenoticias.com.br\/wp-content\/uploads\/2024\/08\/Serra-4x4-1-886x1024.jpg 886w, https:\/\/jornalfatosenoticias.com.br\/wp-content\/uploads\/2024\/08\/Serra-4x4-1-260x300.jpg 260w, https:\/\/jornalfatosenoticias.com.br\/wp-content\/uploads\/2024\/08\/Serra-4x4-1-768x888.jpg 768w, https:\/\/jornalfatosenoticias.com.br\/wp-content\/uploads\/2024\/08\/Serra-4x4-1.jpg 1181w\" sizes=\"auto, (max-width: 256px) 100vw, 256px\" \/><\/a><\/figure><\/div>\n\n\n\n<p>Ela comenta que, entre as pr\u00e1ticas que ajudam a preparar emocionalmente os alunos, est\u00e3o as trocas entre os pr\u00f3prios estudantes, como rodas de conversa e visitas \u00e0s salas do 1.\u00ba ano, que ajudam a diminuir a ansiedade e a criar familiaridade com o novo espa\u00e7o. Do ponto de vista pedag\u00f3gico, o momento exige tamb\u00e9m aten\u00e7\u00e3o ao ritmo de cada aluno. <\/p>\n\n\n\n<div class=\"wp-block-image\"><figure class=\"aligncenter size-large is-resized\"><a href=\"https:\/\/www.facebook.com\/postobkr\/?locale=pt_BR\"><img loading=\"lazy\" decoding=\"async\" src=\"https:\/\/jornalfatosenoticias.com.br\/wp-content\/uploads\/2023\/08\/BKR-1024x1021.jpg\" alt=\"\" class=\"wp-image-44494\" width=\"291\" height=\"290\" srcset=\"https:\/\/jornalfatosenoticias.com.br\/wp-content\/uploads\/2023\/08\/BKR-1024x1021.jpg 1024w, https:\/\/jornalfatosenoticias.com.br\/wp-content\/uploads\/2023\/08\/BKR-300x300.jpg 300w, https:\/\/jornalfatosenoticias.com.br\/wp-content\/uploads\/2023\/08\/BKR-150x150.jpg 150w, https:\/\/jornalfatosenoticias.com.br\/wp-content\/uploads\/2023\/08\/BKR-768x766.jpg 768w, https:\/\/jornalfatosenoticias.com.br\/wp-content\/uploads\/2023\/08\/BKR.jpg 1080w\" sizes=\"auto, (max-width: 291px) 100vw, 291px\" \/><\/a><\/figure><\/div>\n\n\n\n<blockquote class=\"wp-block-quote is-layout-flow wp-block-quote-is-layout-flow\"><p><span class=\"has-inline-color has-luminous-vivid-orange-color\">O desenvolvimento da leitura e da escrita deve ser conduzido com sensibilidade. Na educa\u00e7\u00e3o infantil, trabalhamos para que os alunos se sintam seguros diante de suas hip\u00f3teses de escrita, reconhecendo que errar, experimentar e testar s\u00e3o partes leg\u00edtimas e valiosas do processo de aprendizagem\u201d, explica Tatiana. Nesse contexto, escrever bilhetes, listas ou receitas, por exemplo, s\u00e3o experi\u00eancias reais de uso da linguagem, que continuam presentes no 1.\u00ba ano e refor\u00e7am o prazer pela escrita.<\/span><\/p><\/blockquote>\n\n\n\n<div class=\"wp-block-image\"><figure class=\"aligncenter size-large is-resized\"><a href=\"https:\/\/hotelmarquetti.com.br\/\"><img loading=\"lazy\" decoding=\"async\" src=\"https:\/\/jornalfatosenoticias.com.br\/wp-content\/uploads\/2020\/02\/LOGO-MQ-1024x680.jpg\" alt=\"\" class=\"wp-image-58299\" width=\"312\" height=\"207\" srcset=\"https:\/\/jornalfatosenoticias.com.br\/wp-content\/uploads\/2020\/02\/LOGO-MQ-1024x680.jpg 1024w, https:\/\/jornalfatosenoticias.com.br\/wp-content\/uploads\/2020\/02\/LOGO-MQ-300x199.jpg 300w, https:\/\/jornalfatosenoticias.com.br\/wp-content\/uploads\/2020\/02\/LOGO-MQ-768x510.jpg 768w, https:\/\/jornalfatosenoticias.com.br\/wp-content\/uploads\/2020\/02\/LOGO-MQ-1536x1020.jpg 1536w, https:\/\/jornalfatosenoticias.com.br\/wp-content\/uploads\/2020\/02\/LOGO-MQ-2048x1360.jpg 2048w\" sizes=\"auto, (max-width: 312px) 100vw, 312px\" \/><\/a><\/figure><\/div>\n\n\n\n<p><strong><span class=\"has-inline-color has-vivid-cyan-blue-color\">Parceria com a fam\u00edlia<br><\/span><\/strong>Outro ponto central \u00e9 o papel da fam\u00edlia, que precisa ser reconhecido e envolvido nesse processo. \u201cQuando os respons\u00e1veis se sentem apoiados, conseguem sustentar emocionalmente a crian\u00e7a e transmitir tranquilidade sobre o que est\u00e1 por vir\u201d, ressalta Mariana.<\/p>\n\n\n\n<div class=\"wp-block-image\"><figure class=\"aligncenter size-large\"><a href=\"http:\/\/www.ferrarimaquinas.com.br\/\"><img loading=\"lazy\" decoding=\"async\" width=\"300\" height=\"250\" src=\"https:\/\/jornalfatosenoticias.com.br\/wp-content\/uploads\/2022\/02\/FERRARI_MAQUINAS-E-FERRAMENTAS2.jpg\" alt=\"\" class=\"wp-image-27860\"\/><\/a><\/figure><\/div>\n\n\n\n<p>Por sua vez, Tatiana observa que a parceria entre escola e fam\u00edlia tamb\u00e9m ajuda a desconstruir a ideia de ruptura entre os ciclos. Mesmo com mudan\u00e7as naturais nas abordagens pedag\u00f3gicas, o brincar continua tendo seu espa\u00e7o. \u201cSim, h\u00e1 diferen\u00e7as entre as abordagens, mas isso n\u00e3o significa rompimento. O brincar, a escuta e a investiga\u00e7\u00e3o continuam presentes, agora com uma amplia\u00e7\u00e3o de repert\u00f3rio e intencionalidade pedag\u00f3gica\u201d, conclui.<\/p>\n\n\n\n<div class=\"wp-block-image\"><figure class=\"aligncenter size-large is-resized\"><a href=\"https:\/\/www.instagram.com\/gruposei\/\"><img loading=\"lazy\" decoding=\"async\" src=\"https:\/\/jornalfatosenoticias.com.br\/wp-content\/uploads\/2022\/07\/Logo-Grupo-SEI.jpg\" alt=\"\" class=\"wp-image-31973\" width=\"356\" height=\"187\" srcset=\"https:\/\/jornalfatosenoticias.com.br\/wp-content\/uploads\/2022\/07\/Logo-Grupo-SEI.jpg 713w, https:\/\/jornalfatosenoticias.com.br\/wp-content\/uploads\/2022\/07\/Logo-Grupo-SEI-300x158.jpg 300w\" sizes=\"auto, (max-width: 356px) 100vw, 356px\" \/><\/a><\/figure><\/div>\n\n\n\n<p><strong>Fonte: <a href=\"https:\/\/cangurunews.com.br\/ensino-fundamental-inicio-de-nova-etapa-pode-gerar-um-medo-simbolico-de-crescer\/\">Canguru News<\/a><\/strong><\/p>\n","protected":false},"excerpt":{"rendered":"<p>Menos brincadeiras, mais conte\u00fados e atividades estruturadas em um espa\u00e7o diferente, com novos professores e colegas. Para algumas crian\u00e7as, a transi\u00e7\u00e3o da educa\u00e7\u00e3o infantil para o ensino fundamental pode implicar em um medo simb\u00f3lico de crescer, que acontece n\u00e3o apenas pelas mudan\u00e7as pr\u00e1ticas, mas pela sensa\u00e7\u00e3o de que ter\u00e3o novas responsabilidades. Segundo Mariana Melhado, coordenadora [&hellip;]<\/p>\n","protected":false},"author":2,"featured_media":60805,"comment_status":"open","ping_status":"open","sticky":false,"template":"","format":"standard","meta":{"footnotes":""},"categories":[7],"tags":[27738,1870,2203,6477,4860,27737],"class_list":["post-60804","post","type-post","status-publish","format-standard","has-post-thumbnail","hentry","category-educacao","tag-abordagens-pedagogicas","tag-educacao-infantil","tag-ensino-fundamental","tag-escrita","tag-leitura","tag-percurso-escolar"],"yoast_head":"<!-- This site is optimized with the Yoast SEO plugin v26.5 - https:\/\/yoast.com\/wordpress\/plugins\/seo\/ -->\n<title>Ensino fundamental: in\u00edcio de nova etapa pode gerar um medo simb\u00f3lico de crescer - Jornal Fatos e Not\u00edcias<\/title>\n<meta name=\"robots\" content=\"index, follow, max-snippet:-1, max-image-preview:large, max-video-preview:-1\" \/>\n<link rel=\"canonical\" href=\"https:\/\/jornalfatosenoticias.com.br\/index.php\/2025\/07\/24\/ensino-fundamental-inicio-de-nova-etapa-pode-gerar-um-medo-simbolico-de-crescer\/\" \/>\n<meta property=\"og:locale\" content=\"pt_BR\" \/>\n<meta property=\"og:type\" content=\"article\" \/>\n<meta property=\"og:title\" content=\"Ensino fundamental: in\u00edcio de nova etapa pode gerar um medo simb\u00f3lico de crescer - Jornal Fatos e Not\u00edcias\" \/>\n<meta property=\"og:description\" content=\"Menos brincadeiras, mais conte\u00fados e atividades estruturadas em um espa\u00e7o diferente, com novos professores e colegas. Para algumas crian\u00e7as, a transi\u00e7\u00e3o da educa\u00e7\u00e3o infantil para o ensino fundamental pode implicar em um medo simb\u00f3lico de crescer, que acontece n\u00e3o apenas pelas mudan\u00e7as pr\u00e1ticas, mas pela sensa\u00e7\u00e3o de que ter\u00e3o novas responsabilidades. Segundo Mariana Melhado, coordenadora [&hellip;]\" \/>\n<meta property=\"og:url\" content=\"https:\/\/jornalfatosenoticias.com.br\/index.php\/2025\/07\/24\/ensino-fundamental-inicio-de-nova-etapa-pode-gerar-um-medo-simbolico-de-crescer\/\" \/>\n<meta property=\"og:site_name\" content=\"Jornal Fatos e Not\u00edcias\" \/>\n<meta property=\"article:published_time\" content=\"2025-07-24T23:06:51+00:00\" \/>\n<meta property=\"article:modified_time\" content=\"2025-07-24T23:09:03+00:00\" \/>\n<meta property=\"og:image\" content=\"https:\/\/jornalfatosenoticias.com.br\/wp-content\/uploads\/2025\/07\/ensino-fundamental_pexels.jpg\" \/>\n\t<meta property=\"og:image:width\" content=\"1000\" \/>\n\t<meta property=\"og:image:height\" content=\"666\" \/>\n\t<meta property=\"og:image:type\" content=\"image\/jpeg\" \/>\n<meta name=\"author\" content=\"Luzimara Fernandes\" \/>\n<meta name=\"twitter:card\" content=\"summary_large_image\" \/>\n<meta name=\"twitter:label1\" content=\"Escrito por\" \/>\n\t<meta name=\"twitter:data1\" content=\"Luzimara Fernandes\" \/>\n\t<meta name=\"twitter:label2\" content=\"Est. tempo de leitura\" \/>\n\t<meta name=\"twitter:data2\" content=\"3 minutos\" \/>\n<script type=\"application\/ld+json\" class=\"yoast-schema-graph\">{\"@context\":\"https:\/\/schema.org\",\"@graph\":[{\"@type\":\"Article\",\"@id\":\"https:\/\/jornalfatosenoticias.com.br\/index.php\/2025\/07\/24\/ensino-fundamental-inicio-de-nova-etapa-pode-gerar-um-medo-simbolico-de-crescer\/#article\",\"isPartOf\":{\"@id\":\"https:\/\/jornalfatosenoticias.com.br\/index.php\/2025\/07\/24\/ensino-fundamental-inicio-de-nova-etapa-pode-gerar-um-medo-simbolico-de-crescer\/\"},\"author\":{\"name\":\"Luzimara Fernandes\",\"@id\":\"https:\/\/jornalfatosenoticias.com.br\/#\/schema\/person\/d63837fa13ac8666eb9e74e0985d6f81\"},\"headline\":\"Ensino fundamental: in\u00edcio de nova etapa pode gerar um medo simb\u00f3lico de crescer\",\"datePublished\":\"2025-07-24T23:06:51+00:00\",\"dateModified\":\"2025-07-24T23:09:03+00:00\",\"mainEntityOfPage\":{\"@id\":\"https:\/\/jornalfatosenoticias.com.br\/index.php\/2025\/07\/24\/ensino-fundamental-inicio-de-nova-etapa-pode-gerar-um-medo-simbolico-de-crescer\/\"},\"wordCount\":621,\"commentCount\":0,\"publisher\":{\"@id\":\"https:\/\/jornalfatosenoticias.com.br\/#organization\"},\"image\":{\"@id\":\"https:\/\/jornalfatosenoticias.com.br\/index.php\/2025\/07\/24\/ensino-fundamental-inicio-de-nova-etapa-pode-gerar-um-medo-simbolico-de-crescer\/#primaryimage\"},\"thumbnailUrl\":\"https:\/\/jornalfatosenoticias.com.br\/wp-content\/uploads\/2025\/07\/ensino-fundamental_pexels.jpg\",\"keywords\":[\"abordagens pedag\u00f3gicas\",\"educa\u00e7\u00e3o infantil\",\"ensino fundamental\",\"escrita\",\"leitura\",\"percurso escolar\"],\"articleSection\":[\"Educa\u00e7\u00e3o\"],\"inLanguage\":\"pt-BR\",\"potentialAction\":[{\"@type\":\"CommentAction\",\"name\":\"Comment\",\"target\":[\"https:\/\/jornalfatosenoticias.com.br\/index.php\/2025\/07\/24\/ensino-fundamental-inicio-de-nova-etapa-pode-gerar-um-medo-simbolico-de-crescer\/#respond\"]}]},{\"@type\":\"WebPage\",\"@id\":\"https:\/\/jornalfatosenoticias.com.br\/index.php\/2025\/07\/24\/ensino-fundamental-inicio-de-nova-etapa-pode-gerar-um-medo-simbolico-de-crescer\/\",\"url\":\"https:\/\/jornalfatosenoticias.com.br\/index.php\/2025\/07\/24\/ensino-fundamental-inicio-de-nova-etapa-pode-gerar-um-medo-simbolico-de-crescer\/\",\"name\":\"Ensino fundamental: in\u00edcio de nova etapa pode gerar um medo simb\u00f3lico de crescer - Jornal Fatos e Not\u00edcias\",\"isPartOf\":{\"@id\":\"https:\/\/jornalfatosenoticias.com.br\/#website\"},\"primaryImageOfPage\":{\"@id\":\"https:\/\/jornalfatosenoticias.com.br\/index.php\/2025\/07\/24\/ensino-fundamental-inicio-de-nova-etapa-pode-gerar-um-medo-simbolico-de-crescer\/#primaryimage\"},\"image\":{\"@id\":\"https:\/\/jornalfatosenoticias.com.br\/index.php\/2025\/07\/24\/ensino-fundamental-inicio-de-nova-etapa-pode-gerar-um-medo-simbolico-de-crescer\/#primaryimage\"},\"thumbnailUrl\":\"https:\/\/jornalfatosenoticias.com.br\/wp-content\/uploads\/2025\/07\/ensino-fundamental_pexels.jpg\",\"datePublished\":\"2025-07-24T23:06:51+00:00\",\"dateModified\":\"2025-07-24T23:09:03+00:00\",\"breadcrumb\":{\"@id\":\"https:\/\/jornalfatosenoticias.com.br\/index.php\/2025\/07\/24\/ensino-fundamental-inicio-de-nova-etapa-pode-gerar-um-medo-simbolico-de-crescer\/#breadcrumb\"},\"inLanguage\":\"pt-BR\",\"potentialAction\":[{\"@type\":\"ReadAction\",\"target\":[\"https:\/\/jornalfatosenoticias.com.br\/index.php\/2025\/07\/24\/ensino-fundamental-inicio-de-nova-etapa-pode-gerar-um-medo-simbolico-de-crescer\/\"]}]},{\"@type\":\"ImageObject\",\"inLanguage\":\"pt-BR\",\"@id\":\"https:\/\/jornalfatosenoticias.com.br\/index.php\/2025\/07\/24\/ensino-fundamental-inicio-de-nova-etapa-pode-gerar-um-medo-simbolico-de-crescer\/#primaryimage\",\"url\":\"https:\/\/jornalfatosenoticias.com.br\/wp-content\/uploads\/2025\/07\/ensino-fundamental_pexels.jpg\",\"contentUrl\":\"https:\/\/jornalfatosenoticias.com.br\/wp-content\/uploads\/2025\/07\/ensino-fundamental_pexels.jpg\",\"width\":1000,\"height\":666},{\"@type\":\"BreadcrumbList\",\"@id\":\"https:\/\/jornalfatosenoticias.com.br\/index.php\/2025\/07\/24\/ensino-fundamental-inicio-de-nova-etapa-pode-gerar-um-medo-simbolico-de-crescer\/#breadcrumb\",\"itemListElement\":[{\"@type\":\"ListItem\",\"position\":1,\"name\":\"In\u00edcio\",\"item\":\"https:\/\/jornalfatosenoticias.com.br\/\"},{\"@type\":\"ListItem\",\"position\":2,\"name\":\"Ensino fundamental: in\u00edcio de nova etapa pode gerar um medo simb\u00f3lico de crescer\"}]},{\"@type\":\"WebSite\",\"@id\":\"https:\/\/jornalfatosenoticias.com.br\/#website\",\"url\":\"https:\/\/jornalfatosenoticias.com.br\/\",\"name\":\"Jornal Fatos e Not\u00edcias\",\"description\":\"Not\u00edcias em geral\",\"publisher\":{\"@id\":\"https:\/\/jornalfatosenoticias.com.br\/#organization\"},\"potentialAction\":[{\"@type\":\"SearchAction\",\"target\":{\"@type\":\"EntryPoint\",\"urlTemplate\":\"https:\/\/jornalfatosenoticias.com.br\/?s={search_term_string}\"},\"query-input\":{\"@type\":\"PropertyValueSpecification\",\"valueRequired\":true,\"valueName\":\"search_term_string\"}}],\"inLanguage\":\"pt-BR\"},{\"@type\":\"Organization\",\"@id\":\"https:\/\/jornalfatosenoticias.com.br\/#organization\",\"name\":\"Jornal Fatos e Not\u00edcias\",\"url\":\"https:\/\/jornalfatosenoticias.com.br\/\",\"logo\":{\"@type\":\"ImageObject\",\"inLanguage\":\"pt-BR\",\"@id\":\"https:\/\/jornalfatosenoticias.com.br\/#\/schema\/logo\/image\/\",\"url\":\"https:\/\/jornalfatosenoticias.com.br\/wp-content\/uploads\/2020\/02\/logo120.png\",\"contentUrl\":\"https:\/\/jornalfatosenoticias.com.br\/wp-content\/uploads\/2020\/02\/logo120.png\",\"width\":1227,\"height\":120,\"caption\":\"Jornal Fatos e Not\u00edcias\"},\"image\":{\"@id\":\"https:\/\/jornalfatosenoticias.com.br\/#\/schema\/logo\/image\/\"}},{\"@type\":\"Person\",\"@id\":\"https:\/\/jornalfatosenoticias.com.br\/#\/schema\/person\/d63837fa13ac8666eb9e74e0985d6f81\",\"name\":\"Luzimara Fernandes\",\"image\":{\"@type\":\"ImageObject\",\"inLanguage\":\"pt-BR\",\"@id\":\"https:\/\/jornalfatosenoticias.com.br\/#\/schema\/person\/image\/\",\"url\":\"https:\/\/jornalfatosenoticias.com.br\/wp-content\/uploads\/2025\/05\/EU_portal.jpg\",\"contentUrl\":\"https:\/\/jornalfatosenoticias.com.br\/wp-content\/uploads\/2025\/05\/EU_portal.jpg\",\"caption\":\"Luzimara Fernandes\"},\"description\":\"Jornalista MTB 2358-ES\",\"sameAs\":[\"https:\/\/jornalfatosenoticias.com.br\"],\"url\":\"https:\/\/jornalfatosenoticias.com.br\/index.php\/author\/luzimara\/\"}]}<\/script>\n<!-- \/ Yoast SEO plugin. -->","yoast_head_json":{"title":"Ensino fundamental: in\u00edcio de nova etapa pode gerar um medo simb\u00f3lico de crescer - Jornal Fatos e Not\u00edcias","robots":{"index":"index","follow":"follow","max-snippet":"max-snippet:-1","max-image-preview":"max-image-preview:large","max-video-preview":"max-video-preview:-1"},"canonical":"https:\/\/jornalfatosenoticias.com.br\/index.php\/2025\/07\/24\/ensino-fundamental-inicio-de-nova-etapa-pode-gerar-um-medo-simbolico-de-crescer\/","og_locale":"pt_BR","og_type":"article","og_title":"Ensino fundamental: in\u00edcio de nova etapa pode gerar um medo simb\u00f3lico de crescer - Jornal Fatos e Not\u00edcias","og_description":"Menos brincadeiras, mais conte\u00fados e atividades estruturadas em um espa\u00e7o diferente, com novos professores e colegas. Para algumas crian\u00e7as, a transi\u00e7\u00e3o da educa\u00e7\u00e3o infantil para o ensino fundamental pode implicar em um medo simb\u00f3lico de crescer, que acontece n\u00e3o apenas pelas mudan\u00e7as pr\u00e1ticas, mas pela sensa\u00e7\u00e3o de que ter\u00e3o novas responsabilidades. Segundo Mariana Melhado, coordenadora [&hellip;]","og_url":"https:\/\/jornalfatosenoticias.com.br\/index.php\/2025\/07\/24\/ensino-fundamental-inicio-de-nova-etapa-pode-gerar-um-medo-simbolico-de-crescer\/","og_site_name":"Jornal Fatos e Not\u00edcias","article_published_time":"2025-07-24T23:06:51+00:00","article_modified_time":"2025-07-24T23:09:03+00:00","og_image":[{"width":1000,"height":666,"url":"https:\/\/jornalfatosenoticias.com.br\/wp-content\/uploads\/2025\/07\/ensino-fundamental_pexels.jpg","type":"image\/jpeg"}],"author":"Luzimara Fernandes","twitter_card":"summary_large_image","twitter_misc":{"Escrito por":"Luzimara Fernandes","Est. tempo de leitura":"3 minutos"},"schema":{"@context":"https:\/\/schema.org","@graph":[{"@type":"Article","@id":"https:\/\/jornalfatosenoticias.com.br\/index.php\/2025\/07\/24\/ensino-fundamental-inicio-de-nova-etapa-pode-gerar-um-medo-simbolico-de-crescer\/#article","isPartOf":{"@id":"https:\/\/jornalfatosenoticias.com.br\/index.php\/2025\/07\/24\/ensino-fundamental-inicio-de-nova-etapa-pode-gerar-um-medo-simbolico-de-crescer\/"},"author":{"name":"Luzimara Fernandes","@id":"https:\/\/jornalfatosenoticias.com.br\/#\/schema\/person\/d63837fa13ac8666eb9e74e0985d6f81"},"headline":"Ensino fundamental: in\u00edcio de nova etapa pode gerar um medo simb\u00f3lico de crescer","datePublished":"2025-07-24T23:06:51+00:00","dateModified":"2025-07-24T23:09:03+00:00","mainEntityOfPage":{"@id":"https:\/\/jornalfatosenoticias.com.br\/index.php\/2025\/07\/24\/ensino-fundamental-inicio-de-nova-etapa-pode-gerar-um-medo-simbolico-de-crescer\/"},"wordCount":621,"commentCount":0,"publisher":{"@id":"https:\/\/jornalfatosenoticias.com.br\/#organization"},"image":{"@id":"https:\/\/jornalfatosenoticias.com.br\/index.php\/2025\/07\/24\/ensino-fundamental-inicio-de-nova-etapa-pode-gerar-um-medo-simbolico-de-crescer\/#primaryimage"},"thumbnailUrl":"https:\/\/jornalfatosenoticias.com.br\/wp-content\/uploads\/2025\/07\/ensino-fundamental_pexels.jpg","keywords":["abordagens pedag\u00f3gicas","educa\u00e7\u00e3o infantil","ensino fundamental","escrita","leitura","percurso escolar"],"articleSection":["Educa\u00e7\u00e3o"],"inLanguage":"pt-BR","potentialAction":[{"@type":"CommentAction","name":"Comment","target":["https:\/\/jornalfatosenoticias.com.br\/index.php\/2025\/07\/24\/ensino-fundamental-inicio-de-nova-etapa-pode-gerar-um-medo-simbolico-de-crescer\/#respond"]}]},{"@type":"WebPage","@id":"https:\/\/jornalfatosenoticias.com.br\/index.php\/2025\/07\/24\/ensino-fundamental-inicio-de-nova-etapa-pode-gerar-um-medo-simbolico-de-crescer\/","url":"https:\/\/jornalfatosenoticias.com.br\/index.php\/2025\/07\/24\/ensino-fundamental-inicio-de-nova-etapa-pode-gerar-um-medo-simbolico-de-crescer\/","name":"Ensino fundamental: in\u00edcio de nova etapa pode gerar um medo simb\u00f3lico de crescer - Jornal Fatos e Not\u00edcias","isPartOf":{"@id":"https:\/\/jornalfatosenoticias.com.br\/#website"},"primaryImageOfPage":{"@id":"https:\/\/jornalfatosenoticias.com.br\/index.php\/2025\/07\/24\/ensino-fundamental-inicio-de-nova-etapa-pode-gerar-um-medo-simbolico-de-crescer\/#primaryimage"},"image":{"@id":"https:\/\/jornalfatosenoticias.com.br\/index.php\/2025\/07\/24\/ensino-fundamental-inicio-de-nova-etapa-pode-gerar-um-medo-simbolico-de-crescer\/#primaryimage"},"thumbnailUrl":"https:\/\/jornalfatosenoticias.com.br\/wp-content\/uploads\/2025\/07\/ensino-fundamental_pexels.jpg","datePublished":"2025-07-24T23:06:51+00:00","dateModified":"2025-07-24T23:09:03+00:00","breadcrumb":{"@id":"https:\/\/jornalfatosenoticias.com.br\/index.php\/2025\/07\/24\/ensino-fundamental-inicio-de-nova-etapa-pode-gerar-um-medo-simbolico-de-crescer\/#breadcrumb"},"inLanguage":"pt-BR","potentialAction":[{"@type":"ReadAction","target":["https:\/\/jornalfatosenoticias.com.br\/index.php\/2025\/07\/24\/ensino-fundamental-inicio-de-nova-etapa-pode-gerar-um-medo-simbolico-de-crescer\/"]}]},{"@type":"ImageObject","inLanguage":"pt-BR","@id":"https:\/\/jornalfatosenoticias.com.br\/index.php\/2025\/07\/24\/ensino-fundamental-inicio-de-nova-etapa-pode-gerar-um-medo-simbolico-de-crescer\/#primaryimage","url":"https:\/\/jornalfatosenoticias.com.br\/wp-content\/uploads\/2025\/07\/ensino-fundamental_pexels.jpg","contentUrl":"https:\/\/jornalfatosenoticias.com.br\/wp-content\/uploads\/2025\/07\/ensino-fundamental_pexels.jpg","width":1000,"height":666},{"@type":"BreadcrumbList","@id":"https:\/\/jornalfatosenoticias.com.br\/index.php\/2025\/07\/24\/ensino-fundamental-inicio-de-nova-etapa-pode-gerar-um-medo-simbolico-de-crescer\/#breadcrumb","itemListElement":[{"@type":"ListItem","position":1,"name":"In\u00edcio","item":"https:\/\/jornalfatosenoticias.com.br\/"},{"@type":"ListItem","position":2,"name":"Ensino fundamental: in\u00edcio de nova etapa pode gerar um medo simb\u00f3lico de crescer"}]},{"@type":"WebSite","@id":"https:\/\/jornalfatosenoticias.com.br\/#website","url":"https:\/\/jornalfatosenoticias.com.br\/","name":"Jornal Fatos e Not\u00edcias","description":"Not\u00edcias em geral","publisher":{"@id":"https:\/\/jornalfatosenoticias.com.br\/#organization"},"potentialAction":[{"@type":"SearchAction","target":{"@type":"EntryPoint","urlTemplate":"https:\/\/jornalfatosenoticias.com.br\/?s={search_term_string}"},"query-input":{"@type":"PropertyValueSpecification","valueRequired":true,"valueName":"search_term_string"}}],"inLanguage":"pt-BR"},{"@type":"Organization","@id":"https:\/\/jornalfatosenoticias.com.br\/#organization","name":"Jornal Fatos e Not\u00edcias","url":"https:\/\/jornalfatosenoticias.com.br\/","logo":{"@type":"ImageObject","inLanguage":"pt-BR","@id":"https:\/\/jornalfatosenoticias.com.br\/#\/schema\/logo\/image\/","url":"https:\/\/jornalfatosenoticias.com.br\/wp-content\/uploads\/2020\/02\/logo120.png","contentUrl":"https:\/\/jornalfatosenoticias.com.br\/wp-content\/uploads\/2020\/02\/logo120.png","width":1227,"height":120,"caption":"Jornal Fatos e Not\u00edcias"},"image":{"@id":"https:\/\/jornalfatosenoticias.com.br\/#\/schema\/logo\/image\/"}},{"@type":"Person","@id":"https:\/\/jornalfatosenoticias.com.br\/#\/schema\/person\/d63837fa13ac8666eb9e74e0985d6f81","name":"Luzimara Fernandes","image":{"@type":"ImageObject","inLanguage":"pt-BR","@id":"https:\/\/jornalfatosenoticias.com.br\/#\/schema\/person\/image\/","url":"https:\/\/jornalfatosenoticias.com.br\/wp-content\/uploads\/2025\/05\/EU_portal.jpg","contentUrl":"https:\/\/jornalfatosenoticias.com.br\/wp-content\/uploads\/2025\/05\/EU_portal.jpg","caption":"Luzimara Fernandes"},"description":"Jornalista MTB 2358-ES","sameAs":["https:\/\/jornalfatosenoticias.com.br"],"url":"https:\/\/jornalfatosenoticias.com.br\/index.php\/author\/luzimara\/"}]}},"cc_featured_image_caption":{"caption_text":"(Foto: Freepik) ","source_text":"","source_url":""},"jetpack_featured_media_url":"https:\/\/jornalfatosenoticias.com.br\/wp-content\/uploads\/2025\/07\/ensino-fundamental_pexels.jpg","_links":{"self":[{"href":"https:\/\/jornalfatosenoticias.com.br\/index.php\/wp-json\/wp\/v2\/posts\/60804","targetHints":{"allow":["GET"]}}],"collection":[{"href":"https:\/\/jornalfatosenoticias.com.br\/index.php\/wp-json\/wp\/v2\/posts"}],"about":[{"href":"https:\/\/jornalfatosenoticias.com.br\/index.php\/wp-json\/wp\/v2\/types\/post"}],"author":[{"embeddable":true,"href":"https:\/\/jornalfatosenoticias.com.br\/index.php\/wp-json\/wp\/v2\/users\/2"}],"replies":[{"embeddable":true,"href":"https:\/\/jornalfatosenoticias.com.br\/index.php\/wp-json\/wp\/v2\/comments?post=60804"}],"version-history":[{"count":0,"href":"https:\/\/jornalfatosenoticias.com.br\/index.php\/wp-json\/wp\/v2\/posts\/60804\/revisions"}],"wp:featuredmedia":[{"embeddable":true,"href":"https:\/\/jornalfatosenoticias.com.br\/index.php\/wp-json\/wp\/v2\/media\/60805"}],"wp:attachment":[{"href":"https:\/\/jornalfatosenoticias.com.br\/index.php\/wp-json\/wp\/v2\/media?parent=60804"}],"wp:term":[{"taxonomy":"category","embeddable":true,"href":"https:\/\/jornalfatosenoticias.com.br\/index.php\/wp-json\/wp\/v2\/categories?post=60804"},{"taxonomy":"post_tag","embeddable":true,"href":"https:\/\/jornalfatosenoticias.com.br\/index.php\/wp-json\/wp\/v2\/tags?post=60804"}],"curies":[{"name":"wp","href":"https:\/\/api.w.org\/{rel}","templated":true}]}}