{"id":60818,"date":"2025-07-28T09:12:59","date_gmt":"2025-07-28T12:12:59","guid":{"rendered":"https:\/\/jornalfatosenoticias.com.br\/?p=60818"},"modified":"2025-07-28T09:13:00","modified_gmt":"2025-07-28T12:13:00","slug":"por-que-estresse-e-tristeza-podem-alterar-o-apetite","status":"publish","type":"post","link":"https:\/\/jornalfatosenoticias.com.br\/index.php\/2025\/07\/28\/por-que-estresse-e-tristeza-podem-alterar-o-apetite\/","title":{"rendered":"Por que estresse e tristeza podem alterar o apetite?"},"content":{"rendered":"\n<p><em><span class=\"has-inline-color has-black-color\">Estresse e tristeza t\u00eam efeitos profundos sobre o apetite, podendo tanto reduzi-lo quanto aument\u00e1-lo, dependendo de m\u00faltiplos fatores<\/span><\/em><\/p>\n\n\n\n<p><span class=\"has-inline-color has-black-color\">Por <strong><a href=\"https:\/\/olhardigital.com.br\/author\/kelvin-costa\/\">Kelvin Le\u00e3o Nunes da Costa<\/a><\/strong><\/span><\/p>\n\n\n\n<div class=\"wp-block-image\"><figure class=\"aligncenter size-large is-resized\"><a href=\"https:\/\/www.facebook.com\/vetor.vix\/\"><img loading=\"lazy\" decoding=\"async\" src=\"https:\/\/jornalfatosenoticias.com.br\/wp-content\/uploads\/2023\/09\/vetorvix1024_1.jpg\" alt=\"\" class=\"wp-image-44868\" width=\"539\" height=\"143\" srcset=\"https:\/\/jornalfatosenoticias.com.br\/wp-content\/uploads\/2023\/09\/vetorvix1024_1.jpg 1024w, https:\/\/jornalfatosenoticias.com.br\/wp-content\/uploads\/2023\/09\/vetorvix1024_1-300x80.jpg 300w, https:\/\/jornalfatosenoticias.com.br\/wp-content\/uploads\/2023\/09\/vetorvix1024_1-768x205.jpg 768w\" sizes=\"auto, (max-width: 539px) 100vw, 539px\" \/><\/a><\/figure><\/div>\n\n\n\n<p>O <a href=\"https:\/\/olhardigital.com.br\/2021\/06\/16\/medicina-e-saude\/jejum-intermitente-nao-e-tao-eficiente-para-perda-de-peso-aponta-pesquisa\/\" target=\"_blank\" rel=\"noreferrer noopener\"><strong>apetite<\/strong><\/a>\u00a0humano \u00e9 regulado por uma complexa intera\u00e7\u00e3o entre fatores hormonais,\u00a0<a href=\"https:\/\/olhardigital.com.br\/2021\/07\/30\/internet-e-redes-sociais\/saude-mental-e-redes-sociais-mulheres-encontram-apoio-no-instagram\/\" target=\"_blank\" rel=\"noreferrer noopener\"><strong>emocionais<\/strong><\/a> e neurol\u00f3gicos. Quando sentimentos como estresse e tristeza entram em cena, essa engrenagem pode se desestabilizar, provocando altera\u00e7\u00f5es alimentares significativas. Mas por que essas varia\u00e7\u00f5es acontecem? Descubra agora.<br>O estresse \u00e9 uma rea\u00e7\u00e3o natural do organismo diante de situa\u00e7\u00f5es desafiadoras. Em momentos assim, o corpo ativa o chamado mecanismo de luta ou fuga, liberando horm\u00f4nios como CRH (horm\u00f4nio liberador de corticotrofina) e cortisol, ambos com impactos diretos sobre o apetite. De forma geral, o estresse agudo, que surge de forma s\u00fabita e intensa, tende a reduzir o apetite. Isso ocorre porque o CRH interfere no sistema digestivo, suprimindo o desejo de comer. Al\u00e9m disso, o aumento do suco g\u00e1strico promovido pelo cortisol pode causar sintomas como n\u00e1useas, indigest\u00e3o e diarreia, tornando a alimenta\u00e7\u00e3o menos atraente.<\/p>\n\n\n\n<div class=\"wp-block-image\"><figure class=\"aligncenter size-large\"><a href=\"https:\/\/www.cesconetto.com.br\/\"><img loading=\"lazy\" decoding=\"async\" width=\"300\" height=\"250\" src=\"https:\/\/jornalfatosenoticias.com.br\/wp-content\/uploads\/2022\/02\/Banner-2.png\" alt=\"\" class=\"wp-image-27877\"\/><\/a><\/figure><\/div>\n\n\n\n<p>Por outro lado, em situa\u00e7\u00f5es de estresse cr\u00f4nico, a resposta \u00e9 inversa: os n\u00edveis prolongadamente elevados de cortisol estimulam o consumo de alimentos cal\u00f3ricos, principalmente ricos em gordura e a\u00e7\u00facar. Isso ocorre porque o horm\u00f4nio aumenta os n\u00edveis de grelina (conhecido como \u201chorm\u00f4nio da fome\u201d) e reduz os de leptina (o \u201chorm\u00f4nio da saciedade\u201d), incentivando a ingest\u00e3o excessiva de alimentos. A repeti\u00e7\u00e3o desse padr\u00e3o pode levar ao chamado comportamento de comer emocionalmente, marcado por epis\u00f3dios de compuls\u00e3o alimentar.<\/p>\n\n\n\n<div class=\"wp-block-image\"><figure class=\"aligncenter size-large is-resized\"><a href=\"https:\/\/www.facebook.com\/profile.php?id=100069289606145\"><img loading=\"lazy\" decoding=\"async\" src=\"https:\/\/jornalfatosenoticias.com.br\/wp-content\/uploads\/2024\/11\/Guaitolini-Contabilidade-1024x714.jpeg\" alt=\"\" class=\"wp-image-55808\" width=\"326\" height=\"227\" srcset=\"https:\/\/jornalfatosenoticias.com.br\/wp-content\/uploads\/2024\/11\/Guaitolini-Contabilidade-1024x714.jpeg 1024w, https:\/\/jornalfatosenoticias.com.br\/wp-content\/uploads\/2024\/11\/Guaitolini-Contabilidade-300x209.jpeg 300w, https:\/\/jornalfatosenoticias.com.br\/wp-content\/uploads\/2024\/11\/Guaitolini-Contabilidade-768x535.jpeg 768w, https:\/\/jornalfatosenoticias.com.br\/wp-content\/uploads\/2024\/11\/Guaitolini-Contabilidade.jpeg 1280w\" sizes=\"auto, (max-width: 326px) 100vw, 326px\" \/><\/a><\/figure><\/div>\n\n\n\n<p>Assim como o estresse, a tristeza tamb\u00e9m afeta o apetite, mas de maneira um pouco diferente. Emo\u00e7\u00f5es como melancolia, des\u00e2nimo e luto geralmente levam \u00e0 inibi\u00e7\u00e3o do apetite. A explica\u00e7\u00e3o est\u00e1 nas regi\u00f5es cerebrais envolvidas no processamento emocional, como o hipot\u00e1lamo e a am\u00edgdala cerebral, que tamb\u00e9m atuam no controle da fome.<\/p>\n\n\n\n<div class=\"wp-block-image\"><figure class=\"aligncenter size-large is-resized\"><a href=\"https:\/\/www.instagram.com\/serra4x4cambioautomatico\/\"><img loading=\"lazy\" decoding=\"async\" src=\"https:\/\/jornalfatosenoticias.com.br\/wp-content\/uploads\/2024\/08\/Serra-4x4-1-886x1024.jpg\" alt=\"\" class=\"wp-image-53632\" width=\"281\" height=\"325\" srcset=\"https:\/\/jornalfatosenoticias.com.br\/wp-content\/uploads\/2024\/08\/Serra-4x4-1-886x1024.jpg 886w, https:\/\/jornalfatosenoticias.com.br\/wp-content\/uploads\/2024\/08\/Serra-4x4-1-260x300.jpg 260w, https:\/\/jornalfatosenoticias.com.br\/wp-content\/uploads\/2024\/08\/Serra-4x4-1-768x888.jpg 768w, https:\/\/jornalfatosenoticias.com.br\/wp-content\/uploads\/2024\/08\/Serra-4x4-1.jpg 1181w\" sizes=\"auto, (max-width: 281px) 100vw, 281px\" \/><\/a><\/figure><\/div>\n\n\n\n<p>Quando dominadas por sentimentos negativos, essas \u00e1reas podem reduzir o est\u00edmulo \u00e0 alimenta\u00e7\u00e3o. No entanto, nem todas as pessoas reagem da mesma forma. Para alguns, a comida funciona como um ref\u00fagio emocional diante da dor ou da perda. Nesse caso, ocorre o fen\u00f4meno da fome emocional, caracterizado pela busca por alimentos para aliviar emo\u00e7\u00f5es desconfort\u00e1veis, que geralmente s\u00e3o de baixa qualidade nutricional, como doces e ultraprocessados.<\/p>\n\n\n\n<div class=\"wp-block-image\"><figure class=\"aligncenter size-large is-resized\"><a href=\"https:\/\/www.legisjuris.com.br\/\"><img loading=\"lazy\" decoding=\"async\" src=\"https:\/\/jornalfatosenoticias.com.br\/wp-content\/uploads\/2024\/09\/Legis-Juris-Consultoria_logo.jpg\" alt=\"\" class=\"wp-image-53915\" width=\"458\" height=\"192\" srcset=\"https:\/\/jornalfatosenoticias.com.br\/wp-content\/uploads\/2024\/09\/Legis-Juris-Consultoria_logo.jpg 969w, https:\/\/jornalfatosenoticias.com.br\/wp-content\/uploads\/2024\/09\/Legis-Juris-Consultoria_logo-300x126.jpg 300w, https:\/\/jornalfatosenoticias.com.br\/wp-content\/uploads\/2024\/09\/Legis-Juris-Consultoria_logo-768x322.jpg 768w\" sizes=\"auto, (max-width: 458px) 100vw, 458px\" \/><\/a><\/figure><\/div>\n\n\n\n<p>Segundo especialistas, essa pr\u00e1tica ativa o sistema de recompensa cerebral, promovendo uma libera\u00e7\u00e3o de dopamina e serotonina, neurotransmissores associados ao prazer e ao bem-estar, criando um al\u00edvio moment\u00e2neo, mas com poss\u00edveis consequ\u00eancias negativas a longo prazo, como ganho de peso, culpa e problemas de sa\u00fade.<\/p>\n\n\n\n<div class=\"wp-block-image\"><figure class=\"aligncenter size-large\"><img loading=\"lazy\" decoding=\"async\" width=\"1000\" height=\"666\" src=\"https:\/\/jornalfatosenoticias.com.br\/wp-content\/uploads\/2025\/07\/estresse-e-tristeza-podem-alterar-o-apetite_pexels.jpg\" alt=\"\" class=\"wp-image-60819\" srcset=\"https:\/\/jornalfatosenoticias.com.br\/wp-content\/uploads\/2025\/07\/estresse-e-tristeza-podem-alterar-o-apetite_pexels.jpg 1000w, https:\/\/jornalfatosenoticias.com.br\/wp-content\/uploads\/2025\/07\/estresse-e-tristeza-podem-alterar-o-apetite_pexels-300x200.jpg 300w, https:\/\/jornalfatosenoticias.com.br\/wp-content\/uploads\/2025\/07\/estresse-e-tristeza-podem-alterar-o-apetite_pexels-768x511.jpg 768w\" sizes=\"auto, (max-width: 1000px) 100vw, 1000px\" \/><figcaption><em><span class=\"has-inline-color has-black-color\">(Foto: Pexels)<\/span><\/em><\/figcaption><\/figure><\/div>\n\n\n\n<p>A fome emocional \u00e9 um dos principais indicadores de que h\u00e1 um desequil\u00edbrio na forma como uma pessoa lida com suas emo\u00e7\u00f5es. Diferente da fome f\u00edsica, que se instala gradualmente, a fome emocional surge de forma repentina, n\u00e3o \u00e9 saciada facilmente e, muitas vezes, vem acompanhada de sentimentos de culpa ap\u00f3s a ingest\u00e3o. Ela est\u00e1 comumente associada a transtornos como ansiedade, depress\u00e3o, burnout e transtorno bipolar.<\/p>\n\n\n\n<div class=\"wp-block-image\"><figure class=\"aligncenter size-large is-resized\"><a href=\"https:\/\/www.instagram.com\/esteio.churrascaria\/\"><img loading=\"lazy\" decoding=\"async\" src=\"https:\/\/jornalfatosenoticias.com.br\/wp-content\/uploads\/2022\/02\/LOGO-ESTEIO-1024x730.png\" alt=\"\" class=\"wp-image-27942\" width=\"326\" height=\"232\" srcset=\"https:\/\/jornalfatosenoticias.com.br\/wp-content\/uploads\/2022\/02\/LOGO-ESTEIO-1024x730.png 1024w, https:\/\/jornalfatosenoticias.com.br\/wp-content\/uploads\/2022\/02\/LOGO-ESTEIO-300x214.png 300w, https:\/\/jornalfatosenoticias.com.br\/wp-content\/uploads\/2022\/02\/LOGO-ESTEIO-768x548.png 768w, https:\/\/jornalfatosenoticias.com.br\/wp-content\/uploads\/2022\/02\/LOGO-ESTEIO.png 1123w\" sizes=\"auto, (max-width: 326px) 100vw, 326px\" \/><\/a><\/figure><\/div>\n\n\n\n<p>Dados da Organiza\u00e7\u00e3o Mundial da Sa\u00fade (OMS) indicam que o Brasil \u00e9 o pa\u00eds mais ansioso do mundo, com mais de 18 milh\u00f5es de pessoas afetadas. Esse cen\u00e1rio torna ainda mais relevante o reconhecimento e o tratamento desses comportamentos, uma vez que podem evoluir para dist\u00farbios alimentares mais graves.<\/p>\n\n\n\n<div class=\"wp-block-image\"><figure class=\"aligncenter size-large is-resized\"><a href=\"https:\/\/hotelmarquetti.com.br\/\"><img loading=\"lazy\" decoding=\"async\" src=\"https:\/\/jornalfatosenoticias.com.br\/wp-content\/uploads\/2020\/02\/LOGO-MQ-1024x680.jpg\" alt=\"\" class=\"wp-image-58299\" width=\"387\" height=\"257\" srcset=\"https:\/\/jornalfatosenoticias.com.br\/wp-content\/uploads\/2020\/02\/LOGO-MQ-1024x680.jpg 1024w, https:\/\/jornalfatosenoticias.com.br\/wp-content\/uploads\/2020\/02\/LOGO-MQ-300x199.jpg 300w, https:\/\/jornalfatosenoticias.com.br\/wp-content\/uploads\/2020\/02\/LOGO-MQ-768x510.jpg 768w, https:\/\/jornalfatosenoticias.com.br\/wp-content\/uploads\/2020\/02\/LOGO-MQ-1536x1020.jpg 1536w, https:\/\/jornalfatosenoticias.com.br\/wp-content\/uploads\/2020\/02\/LOGO-MQ-2048x1360.jpg 2048w\" sizes=\"auto, (max-width: 387px) 100vw, 387px\" \/><\/a><\/figure><\/div>\n\n\n\n<p>A maneira como o estresse e a tristeza afetam o apetite varia de pessoa para pessoa. Fatores gen\u00e9ticos, hormonais e comportamentais influenciam fortemente essa resposta. Pesquisas apontam que mulheres, por exemplo, t\u00eam maior tend\u00eancia a aumentar o consumo alimentar em situa\u00e7\u00f5es de estresse, o que pode estar relacionado a quest\u00f5es hormonais e padr\u00f5es socioculturais.<\/p>\n\n\n\n<div class=\"wp-block-image\"><figure class=\"aligncenter size-large\"><a href=\"http:\/\/www.ferrarimaquinas.com.br\/\"><img loading=\"lazy\" decoding=\"async\" width=\"300\" height=\"250\" src=\"https:\/\/jornalfatosenoticias.com.br\/wp-content\/uploads\/2022\/02\/FERRARI_MAQUINAS-E-FERRAMENTAS2.jpg\" alt=\"\" class=\"wp-image-27860\"\/><\/a><\/figure><\/div>\n\n\n\n<p>Pessoas com hist\u00f3rico de restri\u00e7\u00e3o alimentar tamb\u00e9m s\u00e3o mais vulner\u00e1veis a epis\u00f3dios de compuls\u00e3o sob estresse. <strong><a href=\"https:\/\/wellbeing.gmu.edu\/thriving-together-series-emotional-eating\/?\" target=\"_blank\" rel=\"noreferrer noopener\">Um estudo da\u00a0<strong>George Mason University<\/strong><\/a><\/strong> mostrou que essas pessoas tendem a romper o autocontrole quando est\u00e3o emocionalmente abaladas, recorrendo a alimentos como forma de consolo. Felizmente, existem formas saud\u00e1veis de lidar com o estresse e a tristeza sem recorrer \u00e0 alimenta\u00e7\u00e3o como v\u00e1lvula de escape. A pr\u00e1tica regular de exerc\u00edcios f\u00edsicos estimula a produ\u00e7\u00e3o de endorfina, horm\u00f4nio que gera sensa\u00e7\u00e3o de prazer e bem-estar. <\/p>\n\n\n\n<div class=\"wp-block-image\"><figure class=\"aligncenter size-large is-resized\"><a href=\"https:\/\/www.instagram.com\/restaurantepegoretti\/\"><img loading=\"lazy\" decoding=\"async\" src=\"https:\/\/jornalfatosenoticias.com.br\/wp-content\/uploads\/2023\/12\/pegoretti-logo-pdf-1024x389.jpg\" alt=\"\" class=\"wp-image-47536\" width=\"471\" height=\"179\" srcset=\"https:\/\/jornalfatosenoticias.com.br\/wp-content\/uploads\/2023\/12\/pegoretti-logo-pdf-1024x389.jpg 1024w, https:\/\/jornalfatosenoticias.com.br\/wp-content\/uploads\/2023\/12\/pegoretti-logo-pdf-300x114.jpg 300w, https:\/\/jornalfatosenoticias.com.br\/wp-content\/uploads\/2023\/12\/pegoretti-logo-pdf-768x291.jpg 768w, https:\/\/jornalfatosenoticias.com.br\/wp-content\/uploads\/2023\/12\/pegoretti-logo-pdf.jpg 1120w\" sizes=\"auto, (max-width: 471px) 100vw, 471px\" \/><\/a><\/figure><\/div>\n\n\n\n<p>Atividades como yoga, medita\u00e7\u00e3o, caminhadas e escrita terap\u00eautica tamb\u00e9m s\u00e3o recomendadas para aliviar a carga emocional. Al\u00e9m disso, \u00e9 importante identificar os gatilhos emocionais que levam \u00e0 mudan\u00e7a no apetite.<br>Reconhecer padr\u00f5es e procurar ajuda psicol\u00f3gica ou psiqui\u00e1trica quando necess\u00e1rio pode ser fundamental. Pequenas a\u00e7\u00f5es, como manter alimentos saud\u00e1veis em casa e evitar o consumo impulsivo, tamb\u00e9m ajudam na constru\u00e7\u00e3o de uma rela\u00e7\u00e3o mais equilibrada com a comida.<\/p>\n\n\n\n<div class=\"wp-block-image\"><figure class=\"aligncenter size-large is-resized\"><a href=\"https:\/\/www.controlsystems.com.br\/\"><img loading=\"lazy\" decoding=\"async\" src=\"https:\/\/jornalfatosenoticias.com.br\/wp-content\/uploads\/2020\/02\/CONTROL-CS.jpg\" alt=\"\" class=\"wp-image-44991\" width=\"259\" height=\"311\" srcset=\"https:\/\/jornalfatosenoticias.com.br\/wp-content\/uploads\/2020\/02\/CONTROL-CS.jpg 834w, https:\/\/jornalfatosenoticias.com.br\/wp-content\/uploads\/2020\/02\/CONTROL-CS-250x300.jpg 250w, https:\/\/jornalfatosenoticias.com.br\/wp-content\/uploads\/2020\/02\/CONTROL-CS-768x921.jpg 768w\" sizes=\"auto, (max-width: 259px) 100vw, 259px\" \/><\/a><\/figure><\/div>\n\n\n\n<p><strong>Fonte: <a href=\"https:\/\/olhardigital.com.br\/2025\/07\/21\/medicina-e-saude\/por-que-estresse-e-tristeza-podem-alterar-o-apetite\/\">Olhar Digital<\/a><\/strong><\/p>\n","protected":false},"excerpt":{"rendered":"<p>Estresse e tristeza t\u00eam efeitos profundos sobre o apetite, podendo tanto reduzi-lo quanto aument\u00e1-lo, dependendo de m\u00faltiplos fatores Por Kelvin Le\u00e3o Nunes da Costa O apetite\u00a0humano \u00e9 regulado por uma complexa intera\u00e7\u00e3o entre fatores hormonais,\u00a0emocionais e neurol\u00f3gicos. Quando sentimentos como estresse e tristeza entram em cena, essa engrenagem pode se desestabilizar, provocando altera\u00e7\u00f5es alimentares significativas. [&hellip;]<\/p>\n","protected":false},"author":2,"featured_media":60820,"comment_status":"open","ping_status":"open","sticky":false,"template":"","format":"standard","meta":{"footnotes":""},"categories":[42,2522],"tags":[1216,2279,11283,385,2280,19505,27741,2623],"class_list":["post-60818","post","type-post","status-publish","format-standard","has-post-thumbnail","hentry","category-bem-estar","category-comportamento","tag-alimentacao","tag-ansiedade","tag-apetite","tag-bem-estar","tag-estresse","tag-restricao-alimentar","tag-transtornos-alimentares","tag-tristeza"],"yoast_head":"<!-- This site is optimized with the Yoast SEO plugin v26.5 - https:\/\/yoast.com\/wordpress\/plugins\/seo\/ -->\n<title>Por que estresse e tristeza podem alterar o apetite? - Jornal Fatos e Not\u00edcias<\/title>\n<meta name=\"robots\" content=\"index, follow, max-snippet:-1, max-image-preview:large, max-video-preview:-1\" \/>\n<link rel=\"canonical\" href=\"https:\/\/jornalfatosenoticias.com.br\/index.php\/2025\/07\/28\/por-que-estresse-e-tristeza-podem-alterar-o-apetite\/\" \/>\n<meta property=\"og:locale\" content=\"pt_BR\" \/>\n<meta property=\"og:type\" content=\"article\" \/>\n<meta property=\"og:title\" content=\"Por que estresse e tristeza podem alterar o apetite? - Jornal Fatos e Not\u00edcias\" \/>\n<meta property=\"og:description\" content=\"Estresse e tristeza t\u00eam efeitos profundos sobre o apetite, podendo tanto reduzi-lo quanto aument\u00e1-lo, dependendo de m\u00faltiplos fatores Por Kelvin Le\u00e3o Nunes da Costa O apetite\u00a0humano \u00e9 regulado por uma complexa intera\u00e7\u00e3o entre fatores hormonais,\u00a0emocionais e neurol\u00f3gicos. Quando sentimentos como estresse e tristeza entram em cena, essa engrenagem pode se desestabilizar, provocando altera\u00e7\u00f5es alimentares significativas. [&hellip;]\" \/>\n<meta property=\"og:url\" content=\"https:\/\/jornalfatosenoticias.com.br\/index.php\/2025\/07\/28\/por-que-estresse-e-tristeza-podem-alterar-o-apetite\/\" \/>\n<meta property=\"og:site_name\" content=\"Jornal Fatos e Not\u00edcias\" \/>\n<meta property=\"article:published_time\" content=\"2025-07-28T12:12:59+00:00\" \/>\n<meta property=\"article:modified_time\" content=\"2025-07-28T12:13:00+00:00\" \/>\n<meta property=\"og:image\" content=\"https:\/\/jornalfatosenoticias.com.br\/wp-content\/uploads\/2025\/07\/estresse-e-tristeza-podem-alterar-o-apetite_freepik.jpg\" \/>\n\t<meta property=\"og:image:width\" content=\"1000\" \/>\n\t<meta property=\"og:image:height\" content=\"666\" \/>\n\t<meta property=\"og:image:type\" content=\"image\/jpeg\" \/>\n<meta name=\"author\" content=\"Luzimara Fernandes\" \/>\n<meta name=\"twitter:card\" content=\"summary_large_image\" \/>\n<meta name=\"twitter:label1\" content=\"Escrito por\" \/>\n\t<meta name=\"twitter:data1\" content=\"Luzimara Fernandes\" \/>\n\t<meta name=\"twitter:label2\" content=\"Est. tempo de leitura\" \/>\n\t<meta name=\"twitter:data2\" content=\"4 minutos\" \/>\n<script type=\"application\/ld+json\" class=\"yoast-schema-graph\">{\"@context\":\"https:\/\/schema.org\",\"@graph\":[{\"@type\":\"Article\",\"@id\":\"https:\/\/jornalfatosenoticias.com.br\/index.php\/2025\/07\/28\/por-que-estresse-e-tristeza-podem-alterar-o-apetite\/#article\",\"isPartOf\":{\"@id\":\"https:\/\/jornalfatosenoticias.com.br\/index.php\/2025\/07\/28\/por-que-estresse-e-tristeza-podem-alterar-o-apetite\/\"},\"author\":{\"name\":\"Luzimara Fernandes\",\"@id\":\"https:\/\/jornalfatosenoticias.com.br\/#\/schema\/person\/d63837fa13ac8666eb9e74e0985d6f81\"},\"headline\":\"Por que estresse e tristeza podem alterar o apetite?\",\"datePublished\":\"2025-07-28T12:12:59+00:00\",\"dateModified\":\"2025-07-28T12:13:00+00:00\",\"mainEntityOfPage\":{\"@id\":\"https:\/\/jornalfatosenoticias.com.br\/index.php\/2025\/07\/28\/por-que-estresse-e-tristeza-podem-alterar-o-apetite\/\"},\"wordCount\":829,\"commentCount\":0,\"publisher\":{\"@id\":\"https:\/\/jornalfatosenoticias.com.br\/#organization\"},\"image\":{\"@id\":\"https:\/\/jornalfatosenoticias.com.br\/index.php\/2025\/07\/28\/por-que-estresse-e-tristeza-podem-alterar-o-apetite\/#primaryimage\"},\"thumbnailUrl\":\"https:\/\/jornalfatosenoticias.com.br\/wp-content\/uploads\/2025\/07\/estresse-e-tristeza-podem-alterar-o-apetite_freepik.jpg\",\"keywords\":[\"alimenta\u00e7\u00e3o\",\"ansiedade\",\"apetite\",\"bem-estar\",\"estresse\",\"restri\u00e7\u00e3o alimentar\",\"transtornos alimentares\",\"tristeza\"],\"articleSection\":[\"Bem-estar\",\"Comportamento &amp; Equil\u00edbrio\"],\"inLanguage\":\"pt-BR\",\"potentialAction\":[{\"@type\":\"CommentAction\",\"name\":\"Comment\",\"target\":[\"https:\/\/jornalfatosenoticias.com.br\/index.php\/2025\/07\/28\/por-que-estresse-e-tristeza-podem-alterar-o-apetite\/#respond\"]}]},{\"@type\":\"WebPage\",\"@id\":\"https:\/\/jornalfatosenoticias.com.br\/index.php\/2025\/07\/28\/por-que-estresse-e-tristeza-podem-alterar-o-apetite\/\",\"url\":\"https:\/\/jornalfatosenoticias.com.br\/index.php\/2025\/07\/28\/por-que-estresse-e-tristeza-podem-alterar-o-apetite\/\",\"name\":\"Por que estresse e tristeza podem alterar o apetite? - Jornal Fatos e Not\u00edcias\",\"isPartOf\":{\"@id\":\"https:\/\/jornalfatosenoticias.com.br\/#website\"},\"primaryImageOfPage\":{\"@id\":\"https:\/\/jornalfatosenoticias.com.br\/index.php\/2025\/07\/28\/por-que-estresse-e-tristeza-podem-alterar-o-apetite\/#primaryimage\"},\"image\":{\"@id\":\"https:\/\/jornalfatosenoticias.com.br\/index.php\/2025\/07\/28\/por-que-estresse-e-tristeza-podem-alterar-o-apetite\/#primaryimage\"},\"thumbnailUrl\":\"https:\/\/jornalfatosenoticias.com.br\/wp-content\/uploads\/2025\/07\/estresse-e-tristeza-podem-alterar-o-apetite_freepik.jpg\",\"datePublished\":\"2025-07-28T12:12:59+00:00\",\"dateModified\":\"2025-07-28T12:13:00+00:00\",\"breadcrumb\":{\"@id\":\"https:\/\/jornalfatosenoticias.com.br\/index.php\/2025\/07\/28\/por-que-estresse-e-tristeza-podem-alterar-o-apetite\/#breadcrumb\"},\"inLanguage\":\"pt-BR\",\"potentialAction\":[{\"@type\":\"ReadAction\",\"target\":[\"https:\/\/jornalfatosenoticias.com.br\/index.php\/2025\/07\/28\/por-que-estresse-e-tristeza-podem-alterar-o-apetite\/\"]}]},{\"@type\":\"ImageObject\",\"inLanguage\":\"pt-BR\",\"@id\":\"https:\/\/jornalfatosenoticias.com.br\/index.php\/2025\/07\/28\/por-que-estresse-e-tristeza-podem-alterar-o-apetite\/#primaryimage\",\"url\":\"https:\/\/jornalfatosenoticias.com.br\/wp-content\/uploads\/2025\/07\/estresse-e-tristeza-podem-alterar-o-apetite_freepik.jpg\",\"contentUrl\":\"https:\/\/jornalfatosenoticias.com.br\/wp-content\/uploads\/2025\/07\/estresse-e-tristeza-podem-alterar-o-apetite_freepik.jpg\",\"width\":1000,\"height\":666},{\"@type\":\"BreadcrumbList\",\"@id\":\"https:\/\/jornalfatosenoticias.com.br\/index.php\/2025\/07\/28\/por-que-estresse-e-tristeza-podem-alterar-o-apetite\/#breadcrumb\",\"itemListElement\":[{\"@type\":\"ListItem\",\"position\":1,\"name\":\"In\u00edcio\",\"item\":\"https:\/\/jornalfatosenoticias.com.br\/\"},{\"@type\":\"ListItem\",\"position\":2,\"name\":\"Por que estresse e tristeza podem alterar o apetite?\"}]},{\"@type\":\"WebSite\",\"@id\":\"https:\/\/jornalfatosenoticias.com.br\/#website\",\"url\":\"https:\/\/jornalfatosenoticias.com.br\/\",\"name\":\"Jornal Fatos e Not\u00edcias\",\"description\":\"Not\u00edcias em geral\",\"publisher\":{\"@id\":\"https:\/\/jornalfatosenoticias.com.br\/#organization\"},\"potentialAction\":[{\"@type\":\"SearchAction\",\"target\":{\"@type\":\"EntryPoint\",\"urlTemplate\":\"https:\/\/jornalfatosenoticias.com.br\/?s={search_term_string}\"},\"query-input\":{\"@type\":\"PropertyValueSpecification\",\"valueRequired\":true,\"valueName\":\"search_term_string\"}}],\"inLanguage\":\"pt-BR\"},{\"@type\":\"Organization\",\"@id\":\"https:\/\/jornalfatosenoticias.com.br\/#organization\",\"name\":\"Jornal Fatos e Not\u00edcias\",\"url\":\"https:\/\/jornalfatosenoticias.com.br\/\",\"logo\":{\"@type\":\"ImageObject\",\"inLanguage\":\"pt-BR\",\"@id\":\"https:\/\/jornalfatosenoticias.com.br\/#\/schema\/logo\/image\/\",\"url\":\"https:\/\/jornalfatosenoticias.com.br\/wp-content\/uploads\/2020\/02\/logo120.png\",\"contentUrl\":\"https:\/\/jornalfatosenoticias.com.br\/wp-content\/uploads\/2020\/02\/logo120.png\",\"width\":1227,\"height\":120,\"caption\":\"Jornal Fatos e Not\u00edcias\"},\"image\":{\"@id\":\"https:\/\/jornalfatosenoticias.com.br\/#\/schema\/logo\/image\/\"}},{\"@type\":\"Person\",\"@id\":\"https:\/\/jornalfatosenoticias.com.br\/#\/schema\/person\/d63837fa13ac8666eb9e74e0985d6f81\",\"name\":\"Luzimara Fernandes\",\"image\":{\"@type\":\"ImageObject\",\"inLanguage\":\"pt-BR\",\"@id\":\"https:\/\/jornalfatosenoticias.com.br\/#\/schema\/person\/image\/\",\"url\":\"https:\/\/jornalfatosenoticias.com.br\/wp-content\/uploads\/2025\/05\/EU_portal.jpg\",\"contentUrl\":\"https:\/\/jornalfatosenoticias.com.br\/wp-content\/uploads\/2025\/05\/EU_portal.jpg\",\"caption\":\"Luzimara Fernandes\"},\"description\":\"Jornalista MTB 2358-ES\",\"sameAs\":[\"https:\/\/jornalfatosenoticias.com.br\"],\"url\":\"https:\/\/jornalfatosenoticias.com.br\/index.php\/author\/luzimara\/\"}]}<\/script>\n<!-- \/ Yoast SEO plugin. -->","yoast_head_json":{"title":"Por que estresse e tristeza podem alterar o apetite? - Jornal Fatos e Not\u00edcias","robots":{"index":"index","follow":"follow","max-snippet":"max-snippet:-1","max-image-preview":"max-image-preview:large","max-video-preview":"max-video-preview:-1"},"canonical":"https:\/\/jornalfatosenoticias.com.br\/index.php\/2025\/07\/28\/por-que-estresse-e-tristeza-podem-alterar-o-apetite\/","og_locale":"pt_BR","og_type":"article","og_title":"Por que estresse e tristeza podem alterar o apetite? - Jornal Fatos e Not\u00edcias","og_description":"Estresse e tristeza t\u00eam efeitos profundos sobre o apetite, podendo tanto reduzi-lo quanto aument\u00e1-lo, dependendo de m\u00faltiplos fatores Por Kelvin Le\u00e3o Nunes da Costa O apetite\u00a0humano \u00e9 regulado por uma complexa intera\u00e7\u00e3o entre fatores hormonais,\u00a0emocionais e neurol\u00f3gicos. Quando sentimentos como estresse e tristeza entram em cena, essa engrenagem pode se desestabilizar, provocando altera\u00e7\u00f5es alimentares significativas. [&hellip;]","og_url":"https:\/\/jornalfatosenoticias.com.br\/index.php\/2025\/07\/28\/por-que-estresse-e-tristeza-podem-alterar-o-apetite\/","og_site_name":"Jornal Fatos e Not\u00edcias","article_published_time":"2025-07-28T12:12:59+00:00","article_modified_time":"2025-07-28T12:13:00+00:00","og_image":[{"width":1000,"height":666,"url":"https:\/\/jornalfatosenoticias.com.br\/wp-content\/uploads\/2025\/07\/estresse-e-tristeza-podem-alterar-o-apetite_freepik.jpg","type":"image\/jpeg"}],"author":"Luzimara Fernandes","twitter_card":"summary_large_image","twitter_misc":{"Escrito por":"Luzimara Fernandes","Est. tempo de leitura":"4 minutos"},"schema":{"@context":"https:\/\/schema.org","@graph":[{"@type":"Article","@id":"https:\/\/jornalfatosenoticias.com.br\/index.php\/2025\/07\/28\/por-que-estresse-e-tristeza-podem-alterar-o-apetite\/#article","isPartOf":{"@id":"https:\/\/jornalfatosenoticias.com.br\/index.php\/2025\/07\/28\/por-que-estresse-e-tristeza-podem-alterar-o-apetite\/"},"author":{"name":"Luzimara Fernandes","@id":"https:\/\/jornalfatosenoticias.com.br\/#\/schema\/person\/d63837fa13ac8666eb9e74e0985d6f81"},"headline":"Por que estresse e tristeza podem alterar o apetite?","datePublished":"2025-07-28T12:12:59+00:00","dateModified":"2025-07-28T12:13:00+00:00","mainEntityOfPage":{"@id":"https:\/\/jornalfatosenoticias.com.br\/index.php\/2025\/07\/28\/por-que-estresse-e-tristeza-podem-alterar-o-apetite\/"},"wordCount":829,"commentCount":0,"publisher":{"@id":"https:\/\/jornalfatosenoticias.com.br\/#organization"},"image":{"@id":"https:\/\/jornalfatosenoticias.com.br\/index.php\/2025\/07\/28\/por-que-estresse-e-tristeza-podem-alterar-o-apetite\/#primaryimage"},"thumbnailUrl":"https:\/\/jornalfatosenoticias.com.br\/wp-content\/uploads\/2025\/07\/estresse-e-tristeza-podem-alterar-o-apetite_freepik.jpg","keywords":["alimenta\u00e7\u00e3o","ansiedade","apetite","bem-estar","estresse","restri\u00e7\u00e3o alimentar","transtornos alimentares","tristeza"],"articleSection":["Bem-estar","Comportamento &amp; Equil\u00edbrio"],"inLanguage":"pt-BR","potentialAction":[{"@type":"CommentAction","name":"Comment","target":["https:\/\/jornalfatosenoticias.com.br\/index.php\/2025\/07\/28\/por-que-estresse-e-tristeza-podem-alterar-o-apetite\/#respond"]}]},{"@type":"WebPage","@id":"https:\/\/jornalfatosenoticias.com.br\/index.php\/2025\/07\/28\/por-que-estresse-e-tristeza-podem-alterar-o-apetite\/","url":"https:\/\/jornalfatosenoticias.com.br\/index.php\/2025\/07\/28\/por-que-estresse-e-tristeza-podem-alterar-o-apetite\/","name":"Por que estresse e tristeza podem alterar o apetite? - Jornal Fatos e Not\u00edcias","isPartOf":{"@id":"https:\/\/jornalfatosenoticias.com.br\/#website"},"primaryImageOfPage":{"@id":"https:\/\/jornalfatosenoticias.com.br\/index.php\/2025\/07\/28\/por-que-estresse-e-tristeza-podem-alterar-o-apetite\/#primaryimage"},"image":{"@id":"https:\/\/jornalfatosenoticias.com.br\/index.php\/2025\/07\/28\/por-que-estresse-e-tristeza-podem-alterar-o-apetite\/#primaryimage"},"thumbnailUrl":"https:\/\/jornalfatosenoticias.com.br\/wp-content\/uploads\/2025\/07\/estresse-e-tristeza-podem-alterar-o-apetite_freepik.jpg","datePublished":"2025-07-28T12:12:59+00:00","dateModified":"2025-07-28T12:13:00+00:00","breadcrumb":{"@id":"https:\/\/jornalfatosenoticias.com.br\/index.php\/2025\/07\/28\/por-que-estresse-e-tristeza-podem-alterar-o-apetite\/#breadcrumb"},"inLanguage":"pt-BR","potentialAction":[{"@type":"ReadAction","target":["https:\/\/jornalfatosenoticias.com.br\/index.php\/2025\/07\/28\/por-que-estresse-e-tristeza-podem-alterar-o-apetite\/"]}]},{"@type":"ImageObject","inLanguage":"pt-BR","@id":"https:\/\/jornalfatosenoticias.com.br\/index.php\/2025\/07\/28\/por-que-estresse-e-tristeza-podem-alterar-o-apetite\/#primaryimage","url":"https:\/\/jornalfatosenoticias.com.br\/wp-content\/uploads\/2025\/07\/estresse-e-tristeza-podem-alterar-o-apetite_freepik.jpg","contentUrl":"https:\/\/jornalfatosenoticias.com.br\/wp-content\/uploads\/2025\/07\/estresse-e-tristeza-podem-alterar-o-apetite_freepik.jpg","width":1000,"height":666},{"@type":"BreadcrumbList","@id":"https:\/\/jornalfatosenoticias.com.br\/index.php\/2025\/07\/28\/por-que-estresse-e-tristeza-podem-alterar-o-apetite\/#breadcrumb","itemListElement":[{"@type":"ListItem","position":1,"name":"In\u00edcio","item":"https:\/\/jornalfatosenoticias.com.br\/"},{"@type":"ListItem","position":2,"name":"Por que estresse e tristeza podem alterar o apetite?"}]},{"@type":"WebSite","@id":"https:\/\/jornalfatosenoticias.com.br\/#website","url":"https:\/\/jornalfatosenoticias.com.br\/","name":"Jornal Fatos e Not\u00edcias","description":"Not\u00edcias em geral","publisher":{"@id":"https:\/\/jornalfatosenoticias.com.br\/#organization"},"potentialAction":[{"@type":"SearchAction","target":{"@type":"EntryPoint","urlTemplate":"https:\/\/jornalfatosenoticias.com.br\/?s={search_term_string}"},"query-input":{"@type":"PropertyValueSpecification","valueRequired":true,"valueName":"search_term_string"}}],"inLanguage":"pt-BR"},{"@type":"Organization","@id":"https:\/\/jornalfatosenoticias.com.br\/#organization","name":"Jornal Fatos e Not\u00edcias","url":"https:\/\/jornalfatosenoticias.com.br\/","logo":{"@type":"ImageObject","inLanguage":"pt-BR","@id":"https:\/\/jornalfatosenoticias.com.br\/#\/schema\/logo\/image\/","url":"https:\/\/jornalfatosenoticias.com.br\/wp-content\/uploads\/2020\/02\/logo120.png","contentUrl":"https:\/\/jornalfatosenoticias.com.br\/wp-content\/uploads\/2020\/02\/logo120.png","width":1227,"height":120,"caption":"Jornal Fatos e Not\u00edcias"},"image":{"@id":"https:\/\/jornalfatosenoticias.com.br\/#\/schema\/logo\/image\/"}},{"@type":"Person","@id":"https:\/\/jornalfatosenoticias.com.br\/#\/schema\/person\/d63837fa13ac8666eb9e74e0985d6f81","name":"Luzimara Fernandes","image":{"@type":"ImageObject","inLanguage":"pt-BR","@id":"https:\/\/jornalfatosenoticias.com.br\/#\/schema\/person\/image\/","url":"https:\/\/jornalfatosenoticias.com.br\/wp-content\/uploads\/2025\/05\/EU_portal.jpg","contentUrl":"https:\/\/jornalfatosenoticias.com.br\/wp-content\/uploads\/2025\/05\/EU_portal.jpg","caption":"Luzimara Fernandes"},"description":"Jornalista MTB 2358-ES","sameAs":["https:\/\/jornalfatosenoticias.com.br"],"url":"https:\/\/jornalfatosenoticias.com.br\/index.php\/author\/luzimara\/"}]}},"cc_featured_image_caption":{"caption_text":"(Foto: Freepik) ","source_text":"","source_url":""},"jetpack_featured_media_url":"https:\/\/jornalfatosenoticias.com.br\/wp-content\/uploads\/2025\/07\/estresse-e-tristeza-podem-alterar-o-apetite_freepik.jpg","_links":{"self":[{"href":"https:\/\/jornalfatosenoticias.com.br\/index.php\/wp-json\/wp\/v2\/posts\/60818","targetHints":{"allow":["GET"]}}],"collection":[{"href":"https:\/\/jornalfatosenoticias.com.br\/index.php\/wp-json\/wp\/v2\/posts"}],"about":[{"href":"https:\/\/jornalfatosenoticias.com.br\/index.php\/wp-json\/wp\/v2\/types\/post"}],"author":[{"embeddable":true,"href":"https:\/\/jornalfatosenoticias.com.br\/index.php\/wp-json\/wp\/v2\/users\/2"}],"replies":[{"embeddable":true,"href":"https:\/\/jornalfatosenoticias.com.br\/index.php\/wp-json\/wp\/v2\/comments?post=60818"}],"version-history":[{"count":0,"href":"https:\/\/jornalfatosenoticias.com.br\/index.php\/wp-json\/wp\/v2\/posts\/60818\/revisions"}],"wp:featuredmedia":[{"embeddable":true,"href":"https:\/\/jornalfatosenoticias.com.br\/index.php\/wp-json\/wp\/v2\/media\/60820"}],"wp:attachment":[{"href":"https:\/\/jornalfatosenoticias.com.br\/index.php\/wp-json\/wp\/v2\/media?parent=60818"}],"wp:term":[{"taxonomy":"category","embeddable":true,"href":"https:\/\/jornalfatosenoticias.com.br\/index.php\/wp-json\/wp\/v2\/categories?post=60818"},{"taxonomy":"post_tag","embeddable":true,"href":"https:\/\/jornalfatosenoticias.com.br\/index.php\/wp-json\/wp\/v2\/tags?post=60818"}],"curies":[{"name":"wp","href":"https:\/\/api.w.org\/{rel}","templated":true}]}}