{"id":60842,"date":"2025-07-28T15:16:05","date_gmt":"2025-07-28T18:16:05","guid":{"rendered":"https:\/\/jornalfatosenoticias.com.br\/?p=60842"},"modified":"2025-07-28T15:16:29","modified_gmt":"2025-07-28T18:16:29","slug":"governo-milei-anuncia-acordo-para-argentinos-entrarem-nos-eua-sem-visto","status":"publish","type":"post","link":"https:\/\/jornalfatosenoticias.com.br\/index.php\/2025\/07\/28\/governo-milei-anuncia-acordo-para-argentinos-entrarem-nos-eua-sem-visto\/","title":{"rendered":"Governo Milei anuncia acordo para argentinos entrarem nos EUA sem visto"},"content":{"rendered":"\n<p><em><span class=\"has-inline-color has-black-color\">O presidente Javier Milei recebeu representante dos governo Trump na Argentina: argentinos podem ficar isentos de visto para turismo em breve<\/span><\/em><\/p>\n\n\n\n<p><span class=\"has-inline-color has-black-color\">Por <strong><a href=\"https:\/\/www.gazetadopovo.com.br\/autor\/isabella-de-paula\/\">Isabella de Paula<\/a><\/strong><\/span><\/p>\n\n\n\n<div class=\"wp-block-image\"><figure class=\"aligncenter size-large is-resized\"><a href=\"https:\/\/www.facebook.com\/vetor.vix\/\"><img loading=\"lazy\" decoding=\"async\" src=\"https:\/\/jornalfatosenoticias.com.br\/wp-content\/uploads\/2023\/09\/vetorvix1024_1.jpg\" alt=\"\" class=\"wp-image-44868\" width=\"554\" height=\"147\" srcset=\"https:\/\/jornalfatosenoticias.com.br\/wp-content\/uploads\/2023\/09\/vetorvix1024_1.jpg 1024w, https:\/\/jornalfatosenoticias.com.br\/wp-content\/uploads\/2023\/09\/vetorvix1024_1-300x80.jpg 300w, https:\/\/jornalfatosenoticias.com.br\/wp-content\/uploads\/2023\/09\/vetorvix1024_1-768x205.jpg 768w\" sizes=\"auto, (max-width: 554px) 100vw, 554px\" \/><\/a><\/figure><\/div>\n\n\n\n<p>O governo argentino assinou um documento com autoridades dos EUA nesta segunda-feira (28) para isentar argentinos do visto de turismo. O presidente Javier Milei recebeu a secret\u00e1ria do Departamento de Seguran\u00e7a Interna dos EUA (DHS, na sigla em ingl\u00eas), Kristi Noem, em visita oficial \u00e0 Argentina.<br>&#8220;O gabinete do presidente informa que a Rep\u00fablica Argentina iniciou o processo de incorpora\u00e7\u00e3o no Visa Waiver Program, que, ao terminar com \u00eaxito, permitir\u00e1 que milh\u00f5es de argentinos possam viajar aos EUA para turismo ou neg\u00f3cios sem necessidade de visto, posicionando a Argentina em um seleto grupo com este privil\u00e9gio&#8221;, diz um comunicado oficial.<\/p>\n\n\n\n<div class=\"wp-block-image\"><figure class=\"aligncenter size-large is-resized\"><a href=\"https:\/\/www.facebook.com\/postobkr\/?locale=pt_BR\"><img loading=\"lazy\" decoding=\"async\" src=\"https:\/\/jornalfatosenoticias.com.br\/wp-content\/uploads\/2023\/08\/BKR-1024x1021.jpg\" alt=\"\" class=\"wp-image-44494\" width=\"290\" height=\"289\" srcset=\"https:\/\/jornalfatosenoticias.com.br\/wp-content\/uploads\/2023\/08\/BKR-1024x1021.jpg 1024w, https:\/\/jornalfatosenoticias.com.br\/wp-content\/uploads\/2023\/08\/BKR-300x300.jpg 300w, https:\/\/jornalfatosenoticias.com.br\/wp-content\/uploads\/2023\/08\/BKR-150x150.jpg 150w, https:\/\/jornalfatosenoticias.com.br\/wp-content\/uploads\/2023\/08\/BKR-768x766.jpg 768w, https:\/\/jornalfatosenoticias.com.br\/wp-content\/uploads\/2023\/08\/BKR.jpg 1080w\" sizes=\"auto, (max-width: 290px) 100vw, 290px\" \/><\/a><\/figure><\/div>\n\n\n\n<p>A representante do governo de Donald Trump j\u00e1 havia assinado outro acordo de coopera\u00e7\u00e3o em seguran\u00e7a com a ministra Patricia Bullrich antes do encontro com Milei. Em declara\u00e7\u00f5es publicadas no site do governo americano, Noem afirmou que, <em>&#8220;sob a lideran\u00e7a do presidente Javier Milei, a Argentina est\u00e1 se tornando uma aliada ainda mais forte dos Estados Unidos \u2014 mais comprometida do que nunca com a seguran\u00e7a das fronteiras de ambas as nossas na\u00e7\u00f5es&#8221;.<\/em><\/p>\n\n\n\n<div class=\"wp-block-image\"><figure class=\"aligncenter size-large is-resized\"><a href=\"https:\/\/www.legisjuris.com.br\/\"><img loading=\"lazy\" decoding=\"async\" src=\"https:\/\/jornalfatosenoticias.com.br\/wp-content\/uploads\/2024\/09\/Legis-Juris-Consultoria_logo.jpg\" alt=\"\" class=\"wp-image-53915\" width=\"511\" height=\"214\" srcset=\"https:\/\/jornalfatosenoticias.com.br\/wp-content\/uploads\/2024\/09\/Legis-Juris-Consultoria_logo.jpg 969w, https:\/\/jornalfatosenoticias.com.br\/wp-content\/uploads\/2024\/09\/Legis-Juris-Consultoria_logo-300x126.jpg 300w, https:\/\/jornalfatosenoticias.com.br\/wp-content\/uploads\/2024\/09\/Legis-Juris-Consultoria_logo-768x322.jpg 768w\" sizes=\"auto, (max-width: 511px) 100vw, 511px\" \/><\/a><\/figure><\/div>\n\n\n\n<p>Segundo dados expostos pelo Departamento de Seguran\u00e7a Interna dos EUA, a Argentina possui atualmente a menor taxa de perman\u00eancia fora do prazo de visto em toda a Am\u00e9rica Latina e 25% a mais de argentinos viajaram para os EUA nos primeiros quatro meses deste ano em compara\u00e7\u00e3o com o ano passado <em>\u2014<\/em> &#8220;<em>o maior aumento entre os 20 pa\u00edses com maior n\u00famero de chegadas internacionais. \u00c9 por isso que estamos tomando medidas para permitir que a Argentina retorne ao Programa de Isen\u00e7\u00e3o de Visto&#8221;, <\/em>disse Noem no comunicado.<\/p>\n\n\n\n<div class=\"wp-block-image\"><figure class=\"aligncenter size-large is-resized\"><a href=\"https:\/\/www.facebook.com\/profile.php?id=100069289606145\"><img loading=\"lazy\" decoding=\"async\" src=\"https:\/\/jornalfatosenoticias.com.br\/wp-content\/uploads\/2024\/11\/Guaitolini-Contabilidade-1024x714.jpeg\" alt=\"\" class=\"wp-image-55808\" width=\"291\" height=\"203\" srcset=\"https:\/\/jornalfatosenoticias.com.br\/wp-content\/uploads\/2024\/11\/Guaitolini-Contabilidade-1024x714.jpeg 1024w, https:\/\/jornalfatosenoticias.com.br\/wp-content\/uploads\/2024\/11\/Guaitolini-Contabilidade-300x209.jpeg 300w, https:\/\/jornalfatosenoticias.com.br\/wp-content\/uploads\/2024\/11\/Guaitolini-Contabilidade-768x535.jpeg 768w, https:\/\/jornalfatosenoticias.com.br\/wp-content\/uploads\/2024\/11\/Guaitolini-Contabilidade.jpeg 1280w\" sizes=\"auto, (max-width: 291px) 100vw, 291px\" \/><\/a><\/figure><\/div>\n\n\n\n<p>As autoridades argentina e americana deram um primeiro passo no processo para isentar os argentinos da documenta\u00e7\u00e3o para entrada nos EUA. Noem e Milei assinaram uma carta de inten\u00e7\u00f5es para que a Argentina seja novamente aceita no programa de isen\u00e7\u00e3o de visto de turismo. O pa\u00eds foi removido do programa em 2002, segundo informou o DHS.<\/p>\n\n\n\n<div class=\"wp-block-image\"><figure class=\"aligncenter size-large is-resized\"><a href=\"https:\/\/hotelmarquetti.com.br\/\"><img loading=\"lazy\" decoding=\"async\" src=\"https:\/\/jornalfatosenoticias.com.br\/wp-content\/uploads\/2020\/02\/LOGO-MQ-1024x680.jpg\" alt=\"\" class=\"wp-image-58299\" width=\"307\" height=\"204\" srcset=\"https:\/\/jornalfatosenoticias.com.br\/wp-content\/uploads\/2020\/02\/LOGO-MQ-1024x680.jpg 1024w, https:\/\/jornalfatosenoticias.com.br\/wp-content\/uploads\/2020\/02\/LOGO-MQ-300x199.jpg 300w, https:\/\/jornalfatosenoticias.com.br\/wp-content\/uploads\/2020\/02\/LOGO-MQ-768x510.jpg 768w, https:\/\/jornalfatosenoticias.com.br\/wp-content\/uploads\/2020\/02\/LOGO-MQ-1536x1020.jpg 1536w, https:\/\/jornalfatosenoticias.com.br\/wp-content\/uploads\/2020\/02\/LOGO-MQ-2048x1360.jpg 2048w\" sizes=\"auto, (max-width: 307px) 100vw, 307px\" \/><\/a><\/figure><\/div>\n\n\n\n<p>A ministra da Seguran\u00e7a, Patricia Bullrich, e o ministro das Rela\u00e7\u00f5es Exteriores, Gerardo Werthein, tamb\u00e9m participaram da reuni\u00e3o na Casa Rosada nesta segunda-feira.<\/p>\n\n\n\n<p><strong>Fonte: <a href=\"https:\/\/www.gazetadopovo.com.br\/mundo\/governo-milei-anuncia-acordo-para-argentinos-entrarem-nos-eua-sem-visto\/\">Gazeta do Povo<\/a><\/strong><\/p>\n","protected":false},"excerpt":{"rendered":"<p>O presidente Javier Milei recebeu representante dos governo Trump na Argentina: argentinos podem ficar isentos de visto para turismo em breve Por Isabella de Paula O governo argentino assinou um documento com autoridades dos EUA nesta segunda-feira (28) para isentar argentinos do visto de turismo. O presidente Javier Milei recebeu a secret\u00e1ria do Departamento de [&hellip;]<\/p>\n","protected":false},"author":2,"featured_media":60843,"comment_status":"open","ping_status":"open","sticky":false,"template":"","format":"standard","meta":{"footnotes":""},"categories":[746],"tags":[5995,2147,159,18616,1853],"class_list":["post-60842","post","type-post","status-publish","format-standard","has-post-thumbnail","hentry","category-turismo","tag-argentina","tag-donald-trump","tag-eua","tag-javier-milei","tag-turismo"],"yoast_head":"<!-- This site is optimized with the Yoast SEO plugin v26.5 - https:\/\/yoast.com\/wordpress\/plugins\/seo\/ -->\n<title>Governo Milei anuncia acordo para argentinos entrarem nos EUA sem visto - Jornal Fatos e Not\u00edcias<\/title>\n<meta name=\"robots\" content=\"index, follow, max-snippet:-1, max-image-preview:large, max-video-preview:-1\" \/>\n<link rel=\"canonical\" href=\"https:\/\/jornalfatosenoticias.com.br\/index.php\/2025\/07\/28\/governo-milei-anuncia-acordo-para-argentinos-entrarem-nos-eua-sem-visto\/\" \/>\n<meta property=\"og:locale\" content=\"pt_BR\" \/>\n<meta property=\"og:type\" content=\"article\" \/>\n<meta property=\"og:title\" content=\"Governo Milei anuncia acordo para argentinos entrarem nos EUA sem visto - Jornal Fatos e Not\u00edcias\" \/>\n<meta property=\"og:description\" content=\"O presidente Javier Milei recebeu representante dos governo Trump na Argentina: argentinos podem ficar isentos de visto para turismo em breve Por Isabella de Paula O governo argentino assinou um documento com autoridades dos EUA nesta segunda-feira (28) para isentar argentinos do visto de turismo. O presidente Javier Milei recebeu a secret\u00e1ria do Departamento de [&hellip;]\" \/>\n<meta property=\"og:url\" content=\"https:\/\/jornalfatosenoticias.com.br\/index.php\/2025\/07\/28\/governo-milei-anuncia-acordo-para-argentinos-entrarem-nos-eua-sem-visto\/\" \/>\n<meta property=\"og:site_name\" content=\"Jornal Fatos e Not\u00edcias\" \/>\n<meta property=\"article:published_time\" content=\"2025-07-28T18:16:05+00:00\" \/>\n<meta property=\"article:modified_time\" content=\"2025-07-28T18:16:29+00:00\" \/>\n<meta property=\"og:image\" content=\"https:\/\/jornalfatosenoticias.com.br\/wp-content\/uploads\/2025\/07\/milei-visto-EUA_gettyimages.jpg\" \/>\n\t<meta property=\"og:image:width\" content=\"612\" \/>\n\t<meta property=\"og:image:height\" content=\"408\" \/>\n\t<meta property=\"og:image:type\" content=\"image\/jpeg\" \/>\n<meta name=\"author\" content=\"Luzimara Fernandes\" \/>\n<meta name=\"twitter:card\" content=\"summary_large_image\" \/>\n<meta name=\"twitter:label1\" content=\"Escrito por\" \/>\n\t<meta name=\"twitter:data1\" content=\"Luzimara Fernandes\" \/>\n\t<meta name=\"twitter:label2\" content=\"Est. tempo de leitura\" \/>\n\t<meta name=\"twitter:data2\" content=\"2 minutos\" \/>\n<script type=\"application\/ld+json\" class=\"yoast-schema-graph\">{\"@context\":\"https:\/\/schema.org\",\"@graph\":[{\"@type\":\"Article\",\"@id\":\"https:\/\/jornalfatosenoticias.com.br\/index.php\/2025\/07\/28\/governo-milei-anuncia-acordo-para-argentinos-entrarem-nos-eua-sem-visto\/#article\",\"isPartOf\":{\"@id\":\"https:\/\/jornalfatosenoticias.com.br\/index.php\/2025\/07\/28\/governo-milei-anuncia-acordo-para-argentinos-entrarem-nos-eua-sem-visto\/\"},\"author\":{\"name\":\"Luzimara Fernandes\",\"@id\":\"https:\/\/jornalfatosenoticias.com.br\/#\/schema\/person\/d63837fa13ac8666eb9e74e0985d6f81\"},\"headline\":\"Governo Milei anuncia acordo para argentinos entrarem nos EUA sem visto\",\"datePublished\":\"2025-07-28T18:16:05+00:00\",\"dateModified\":\"2025-07-28T18:16:29+00:00\",\"mainEntityOfPage\":{\"@id\":\"https:\/\/jornalfatosenoticias.com.br\/index.php\/2025\/07\/28\/governo-milei-anuncia-acordo-para-argentinos-entrarem-nos-eua-sem-visto\/\"},\"wordCount\":401,\"commentCount\":0,\"publisher\":{\"@id\":\"https:\/\/jornalfatosenoticias.com.br\/#organization\"},\"image\":{\"@id\":\"https:\/\/jornalfatosenoticias.com.br\/index.php\/2025\/07\/28\/governo-milei-anuncia-acordo-para-argentinos-entrarem-nos-eua-sem-visto\/#primaryimage\"},\"thumbnailUrl\":\"https:\/\/jornalfatosenoticias.com.br\/wp-content\/uploads\/2025\/07\/milei-visto-EUA_gettyimages.jpg\",\"keywords\":[\"Argentina\",\"Donald Trump\",\"EUA\",\"Javier Milei\",\"Turismo\"],\"articleSection\":[\"Turismo\"],\"inLanguage\":\"pt-BR\",\"potentialAction\":[{\"@type\":\"CommentAction\",\"name\":\"Comment\",\"target\":[\"https:\/\/jornalfatosenoticias.com.br\/index.php\/2025\/07\/28\/governo-milei-anuncia-acordo-para-argentinos-entrarem-nos-eua-sem-visto\/#respond\"]}]},{\"@type\":\"WebPage\",\"@id\":\"https:\/\/jornalfatosenoticias.com.br\/index.php\/2025\/07\/28\/governo-milei-anuncia-acordo-para-argentinos-entrarem-nos-eua-sem-visto\/\",\"url\":\"https:\/\/jornalfatosenoticias.com.br\/index.php\/2025\/07\/28\/governo-milei-anuncia-acordo-para-argentinos-entrarem-nos-eua-sem-visto\/\",\"name\":\"Governo Milei anuncia acordo para argentinos entrarem nos EUA sem visto - Jornal Fatos e Not\u00edcias\",\"isPartOf\":{\"@id\":\"https:\/\/jornalfatosenoticias.com.br\/#website\"},\"primaryImageOfPage\":{\"@id\":\"https:\/\/jornalfatosenoticias.com.br\/index.php\/2025\/07\/28\/governo-milei-anuncia-acordo-para-argentinos-entrarem-nos-eua-sem-visto\/#primaryimage\"},\"image\":{\"@id\":\"https:\/\/jornalfatosenoticias.com.br\/index.php\/2025\/07\/28\/governo-milei-anuncia-acordo-para-argentinos-entrarem-nos-eua-sem-visto\/#primaryimage\"},\"thumbnailUrl\":\"https:\/\/jornalfatosenoticias.com.br\/wp-content\/uploads\/2025\/07\/milei-visto-EUA_gettyimages.jpg\",\"datePublished\":\"2025-07-28T18:16:05+00:00\",\"dateModified\":\"2025-07-28T18:16:29+00:00\",\"breadcrumb\":{\"@id\":\"https:\/\/jornalfatosenoticias.com.br\/index.php\/2025\/07\/28\/governo-milei-anuncia-acordo-para-argentinos-entrarem-nos-eua-sem-visto\/#breadcrumb\"},\"inLanguage\":\"pt-BR\",\"potentialAction\":[{\"@type\":\"ReadAction\",\"target\":[\"https:\/\/jornalfatosenoticias.com.br\/index.php\/2025\/07\/28\/governo-milei-anuncia-acordo-para-argentinos-entrarem-nos-eua-sem-visto\/\"]}]},{\"@type\":\"ImageObject\",\"inLanguage\":\"pt-BR\",\"@id\":\"https:\/\/jornalfatosenoticias.com.br\/index.php\/2025\/07\/28\/governo-milei-anuncia-acordo-para-argentinos-entrarem-nos-eua-sem-visto\/#primaryimage\",\"url\":\"https:\/\/jornalfatosenoticias.com.br\/wp-content\/uploads\/2025\/07\/milei-visto-EUA_gettyimages.jpg\",\"contentUrl\":\"https:\/\/jornalfatosenoticias.com.br\/wp-content\/uploads\/2025\/07\/milei-visto-EUA_gettyimages.jpg\",\"width\":612,\"height\":408,\"caption\":\"BUENOS AIRES, ARGENTINA - JULY 26: President of Argentina Javier Milei gestures during a visit to the 137th Expo Rural at La Rural Exhibition and Conference Centre on July 26, 2025 in Buenos Aires, Argentina. (Photo by Tomas Cuesta\/Getty Images)\"},{\"@type\":\"BreadcrumbList\",\"@id\":\"https:\/\/jornalfatosenoticias.com.br\/index.php\/2025\/07\/28\/governo-milei-anuncia-acordo-para-argentinos-entrarem-nos-eua-sem-visto\/#breadcrumb\",\"itemListElement\":[{\"@type\":\"ListItem\",\"position\":1,\"name\":\"In\u00edcio\",\"item\":\"https:\/\/jornalfatosenoticias.com.br\/\"},{\"@type\":\"ListItem\",\"position\":2,\"name\":\"Governo Milei anuncia acordo para argentinos entrarem nos EUA sem visto\"}]},{\"@type\":\"WebSite\",\"@id\":\"https:\/\/jornalfatosenoticias.com.br\/#website\",\"url\":\"https:\/\/jornalfatosenoticias.com.br\/\",\"name\":\"Jornal Fatos e Not\u00edcias\",\"description\":\"Not\u00edcias em geral\",\"publisher\":{\"@id\":\"https:\/\/jornalfatosenoticias.com.br\/#organization\"},\"potentialAction\":[{\"@type\":\"SearchAction\",\"target\":{\"@type\":\"EntryPoint\",\"urlTemplate\":\"https:\/\/jornalfatosenoticias.com.br\/?s={search_term_string}\"},\"query-input\":{\"@type\":\"PropertyValueSpecification\",\"valueRequired\":true,\"valueName\":\"search_term_string\"}}],\"inLanguage\":\"pt-BR\"},{\"@type\":\"Organization\",\"@id\":\"https:\/\/jornalfatosenoticias.com.br\/#organization\",\"name\":\"Jornal Fatos e Not\u00edcias\",\"url\":\"https:\/\/jornalfatosenoticias.com.br\/\",\"logo\":{\"@type\":\"ImageObject\",\"inLanguage\":\"pt-BR\",\"@id\":\"https:\/\/jornalfatosenoticias.com.br\/#\/schema\/logo\/image\/\",\"url\":\"https:\/\/jornalfatosenoticias.com.br\/wp-content\/uploads\/2020\/02\/logo120.png\",\"contentUrl\":\"https:\/\/jornalfatosenoticias.com.br\/wp-content\/uploads\/2020\/02\/logo120.png\",\"width\":1227,\"height\":120,\"caption\":\"Jornal Fatos e Not\u00edcias\"},\"image\":{\"@id\":\"https:\/\/jornalfatosenoticias.com.br\/#\/schema\/logo\/image\/\"}},{\"@type\":\"Person\",\"@id\":\"https:\/\/jornalfatosenoticias.com.br\/#\/schema\/person\/d63837fa13ac8666eb9e74e0985d6f81\",\"name\":\"Luzimara Fernandes\",\"image\":{\"@type\":\"ImageObject\",\"inLanguage\":\"pt-BR\",\"@id\":\"https:\/\/jornalfatosenoticias.com.br\/#\/schema\/person\/image\/\",\"url\":\"https:\/\/jornalfatosenoticias.com.br\/wp-content\/uploads\/2025\/05\/EU_portal.jpg\",\"contentUrl\":\"https:\/\/jornalfatosenoticias.com.br\/wp-content\/uploads\/2025\/05\/EU_portal.jpg\",\"caption\":\"Luzimara Fernandes\"},\"description\":\"Jornalista MTB 2358-ES\",\"sameAs\":[\"https:\/\/jornalfatosenoticias.com.br\"],\"url\":\"https:\/\/jornalfatosenoticias.com.br\/index.php\/author\/luzimara\/\"}]}<\/script>\n<!-- \/ Yoast SEO plugin. -->","yoast_head_json":{"title":"Governo Milei anuncia acordo para argentinos entrarem nos EUA sem visto - Jornal Fatos e Not\u00edcias","robots":{"index":"index","follow":"follow","max-snippet":"max-snippet:-1","max-image-preview":"max-image-preview:large","max-video-preview":"max-video-preview:-1"},"canonical":"https:\/\/jornalfatosenoticias.com.br\/index.php\/2025\/07\/28\/governo-milei-anuncia-acordo-para-argentinos-entrarem-nos-eua-sem-visto\/","og_locale":"pt_BR","og_type":"article","og_title":"Governo Milei anuncia acordo para argentinos entrarem nos EUA sem visto - Jornal Fatos e Not\u00edcias","og_description":"O presidente Javier Milei recebeu representante dos governo Trump na Argentina: argentinos podem ficar isentos de visto para turismo em breve Por Isabella de Paula O governo argentino assinou um documento com autoridades dos EUA nesta segunda-feira (28) para isentar argentinos do visto de turismo. O presidente Javier Milei recebeu a secret\u00e1ria do Departamento de [&hellip;]","og_url":"https:\/\/jornalfatosenoticias.com.br\/index.php\/2025\/07\/28\/governo-milei-anuncia-acordo-para-argentinos-entrarem-nos-eua-sem-visto\/","og_site_name":"Jornal Fatos e Not\u00edcias","article_published_time":"2025-07-28T18:16:05+00:00","article_modified_time":"2025-07-28T18:16:29+00:00","og_image":[{"width":612,"height":408,"url":"https:\/\/jornalfatosenoticias.com.br\/wp-content\/uploads\/2025\/07\/milei-visto-EUA_gettyimages.jpg","type":"image\/jpeg"}],"author":"Luzimara Fernandes","twitter_card":"summary_large_image","twitter_misc":{"Escrito por":"Luzimara Fernandes","Est. tempo de leitura":"2 minutos"},"schema":{"@context":"https:\/\/schema.org","@graph":[{"@type":"Article","@id":"https:\/\/jornalfatosenoticias.com.br\/index.php\/2025\/07\/28\/governo-milei-anuncia-acordo-para-argentinos-entrarem-nos-eua-sem-visto\/#article","isPartOf":{"@id":"https:\/\/jornalfatosenoticias.com.br\/index.php\/2025\/07\/28\/governo-milei-anuncia-acordo-para-argentinos-entrarem-nos-eua-sem-visto\/"},"author":{"name":"Luzimara Fernandes","@id":"https:\/\/jornalfatosenoticias.com.br\/#\/schema\/person\/d63837fa13ac8666eb9e74e0985d6f81"},"headline":"Governo Milei anuncia acordo para argentinos entrarem nos EUA sem visto","datePublished":"2025-07-28T18:16:05+00:00","dateModified":"2025-07-28T18:16:29+00:00","mainEntityOfPage":{"@id":"https:\/\/jornalfatosenoticias.com.br\/index.php\/2025\/07\/28\/governo-milei-anuncia-acordo-para-argentinos-entrarem-nos-eua-sem-visto\/"},"wordCount":401,"commentCount":0,"publisher":{"@id":"https:\/\/jornalfatosenoticias.com.br\/#organization"},"image":{"@id":"https:\/\/jornalfatosenoticias.com.br\/index.php\/2025\/07\/28\/governo-milei-anuncia-acordo-para-argentinos-entrarem-nos-eua-sem-visto\/#primaryimage"},"thumbnailUrl":"https:\/\/jornalfatosenoticias.com.br\/wp-content\/uploads\/2025\/07\/milei-visto-EUA_gettyimages.jpg","keywords":["Argentina","Donald Trump","EUA","Javier Milei","Turismo"],"articleSection":["Turismo"],"inLanguage":"pt-BR","potentialAction":[{"@type":"CommentAction","name":"Comment","target":["https:\/\/jornalfatosenoticias.com.br\/index.php\/2025\/07\/28\/governo-milei-anuncia-acordo-para-argentinos-entrarem-nos-eua-sem-visto\/#respond"]}]},{"@type":"WebPage","@id":"https:\/\/jornalfatosenoticias.com.br\/index.php\/2025\/07\/28\/governo-milei-anuncia-acordo-para-argentinos-entrarem-nos-eua-sem-visto\/","url":"https:\/\/jornalfatosenoticias.com.br\/index.php\/2025\/07\/28\/governo-milei-anuncia-acordo-para-argentinos-entrarem-nos-eua-sem-visto\/","name":"Governo Milei anuncia acordo para argentinos entrarem nos EUA sem visto - Jornal Fatos e Not\u00edcias","isPartOf":{"@id":"https:\/\/jornalfatosenoticias.com.br\/#website"},"primaryImageOfPage":{"@id":"https:\/\/jornalfatosenoticias.com.br\/index.php\/2025\/07\/28\/governo-milei-anuncia-acordo-para-argentinos-entrarem-nos-eua-sem-visto\/#primaryimage"},"image":{"@id":"https:\/\/jornalfatosenoticias.com.br\/index.php\/2025\/07\/28\/governo-milei-anuncia-acordo-para-argentinos-entrarem-nos-eua-sem-visto\/#primaryimage"},"thumbnailUrl":"https:\/\/jornalfatosenoticias.com.br\/wp-content\/uploads\/2025\/07\/milei-visto-EUA_gettyimages.jpg","datePublished":"2025-07-28T18:16:05+00:00","dateModified":"2025-07-28T18:16:29+00:00","breadcrumb":{"@id":"https:\/\/jornalfatosenoticias.com.br\/index.php\/2025\/07\/28\/governo-milei-anuncia-acordo-para-argentinos-entrarem-nos-eua-sem-visto\/#breadcrumb"},"inLanguage":"pt-BR","potentialAction":[{"@type":"ReadAction","target":["https:\/\/jornalfatosenoticias.com.br\/index.php\/2025\/07\/28\/governo-milei-anuncia-acordo-para-argentinos-entrarem-nos-eua-sem-visto\/"]}]},{"@type":"ImageObject","inLanguage":"pt-BR","@id":"https:\/\/jornalfatosenoticias.com.br\/index.php\/2025\/07\/28\/governo-milei-anuncia-acordo-para-argentinos-entrarem-nos-eua-sem-visto\/#primaryimage","url":"https:\/\/jornalfatosenoticias.com.br\/wp-content\/uploads\/2025\/07\/milei-visto-EUA_gettyimages.jpg","contentUrl":"https:\/\/jornalfatosenoticias.com.br\/wp-content\/uploads\/2025\/07\/milei-visto-EUA_gettyimages.jpg","width":612,"height":408,"caption":"BUENOS AIRES, ARGENTINA - JULY 26: President of Argentina Javier Milei gestures during a visit to the 137th Expo Rural at La Rural Exhibition and Conference Centre on July 26, 2025 in Buenos Aires, Argentina. (Photo by Tomas Cuesta\/Getty Images)"},{"@type":"BreadcrumbList","@id":"https:\/\/jornalfatosenoticias.com.br\/index.php\/2025\/07\/28\/governo-milei-anuncia-acordo-para-argentinos-entrarem-nos-eua-sem-visto\/#breadcrumb","itemListElement":[{"@type":"ListItem","position":1,"name":"In\u00edcio","item":"https:\/\/jornalfatosenoticias.com.br\/"},{"@type":"ListItem","position":2,"name":"Governo Milei anuncia acordo para argentinos entrarem nos EUA sem visto"}]},{"@type":"WebSite","@id":"https:\/\/jornalfatosenoticias.com.br\/#website","url":"https:\/\/jornalfatosenoticias.com.br\/","name":"Jornal Fatos e Not\u00edcias","description":"Not\u00edcias em geral","publisher":{"@id":"https:\/\/jornalfatosenoticias.com.br\/#organization"},"potentialAction":[{"@type":"SearchAction","target":{"@type":"EntryPoint","urlTemplate":"https:\/\/jornalfatosenoticias.com.br\/?s={search_term_string}"},"query-input":{"@type":"PropertyValueSpecification","valueRequired":true,"valueName":"search_term_string"}}],"inLanguage":"pt-BR"},{"@type":"Organization","@id":"https:\/\/jornalfatosenoticias.com.br\/#organization","name":"Jornal Fatos e Not\u00edcias","url":"https:\/\/jornalfatosenoticias.com.br\/","logo":{"@type":"ImageObject","inLanguage":"pt-BR","@id":"https:\/\/jornalfatosenoticias.com.br\/#\/schema\/logo\/image\/","url":"https:\/\/jornalfatosenoticias.com.br\/wp-content\/uploads\/2020\/02\/logo120.png","contentUrl":"https:\/\/jornalfatosenoticias.com.br\/wp-content\/uploads\/2020\/02\/logo120.png","width":1227,"height":120,"caption":"Jornal Fatos e Not\u00edcias"},"image":{"@id":"https:\/\/jornalfatosenoticias.com.br\/#\/schema\/logo\/image\/"}},{"@type":"Person","@id":"https:\/\/jornalfatosenoticias.com.br\/#\/schema\/person\/d63837fa13ac8666eb9e74e0985d6f81","name":"Luzimara Fernandes","image":{"@type":"ImageObject","inLanguage":"pt-BR","@id":"https:\/\/jornalfatosenoticias.com.br\/#\/schema\/person\/image\/","url":"https:\/\/jornalfatosenoticias.com.br\/wp-content\/uploads\/2025\/05\/EU_portal.jpg","contentUrl":"https:\/\/jornalfatosenoticias.com.br\/wp-content\/uploads\/2025\/05\/EU_portal.jpg","caption":"Luzimara Fernandes"},"description":"Jornalista MTB 2358-ES","sameAs":["https:\/\/jornalfatosenoticias.com.br"],"url":"https:\/\/jornalfatosenoticias.com.br\/index.php\/author\/luzimara\/"}]}},"cc_featured_image_caption":{"caption_text":"(Foto: Getty Images) ","source_text":"","source_url":""},"jetpack_featured_media_url":"https:\/\/jornalfatosenoticias.com.br\/wp-content\/uploads\/2025\/07\/milei-visto-EUA_gettyimages.jpg","_links":{"self":[{"href":"https:\/\/jornalfatosenoticias.com.br\/index.php\/wp-json\/wp\/v2\/posts\/60842","targetHints":{"allow":["GET"]}}],"collection":[{"href":"https:\/\/jornalfatosenoticias.com.br\/index.php\/wp-json\/wp\/v2\/posts"}],"about":[{"href":"https:\/\/jornalfatosenoticias.com.br\/index.php\/wp-json\/wp\/v2\/types\/post"}],"author":[{"embeddable":true,"href":"https:\/\/jornalfatosenoticias.com.br\/index.php\/wp-json\/wp\/v2\/users\/2"}],"replies":[{"embeddable":true,"href":"https:\/\/jornalfatosenoticias.com.br\/index.php\/wp-json\/wp\/v2\/comments?post=60842"}],"version-history":[{"count":0,"href":"https:\/\/jornalfatosenoticias.com.br\/index.php\/wp-json\/wp\/v2\/posts\/60842\/revisions"}],"wp:featuredmedia":[{"embeddable":true,"href":"https:\/\/jornalfatosenoticias.com.br\/index.php\/wp-json\/wp\/v2\/media\/60843"}],"wp:attachment":[{"href":"https:\/\/jornalfatosenoticias.com.br\/index.php\/wp-json\/wp\/v2\/media?parent=60842"}],"wp:term":[{"taxonomy":"category","embeddable":true,"href":"https:\/\/jornalfatosenoticias.com.br\/index.php\/wp-json\/wp\/v2\/categories?post=60842"},{"taxonomy":"post_tag","embeddable":true,"href":"https:\/\/jornalfatosenoticias.com.br\/index.php\/wp-json\/wp\/v2\/tags?post=60842"}],"curies":[{"name":"wp","href":"https:\/\/api.w.org\/{rel}","templated":true}]}}