{"id":60845,"date":"2025-07-28T15:52:11","date_gmt":"2025-07-28T18:52:11","guid":{"rendered":"https:\/\/jornalfatosenoticias.com.br\/?p=60845"},"modified":"2025-07-28T15:52:12","modified_gmt":"2025-07-28T18:52:12","slug":"inflacao-comeca-a-pesar-mais-para-a-classe-media","status":"publish","type":"post","link":"https:\/\/jornalfatosenoticias.com.br\/index.php\/2025\/07\/28\/inflacao-comeca-a-pesar-mais-para-a-classe-media\/","title":{"rendered":"Infla\u00e7\u00e3o come\u00e7a a pesar mais para a classe m\u00e9dia"},"content":{"rendered":"\n<p><em><span class=\"has-inline-color has-black-color\">Aumento de pre\u00e7os em aplicativos de transporte, seguros de ve\u00edculos e aluguel pressionaram a infla\u00e7\u00e3o da classe m\u00e9dia em junho, segundo levantamento<\/span><\/em><\/p>\n\n\n\n<p><span class=\"has-inline-color has-black-color\">Por <strong><a href=\"https:\/\/www.gazetadopovo.com.br\/autor\/roberta-ribeiro\/\">Roberta Ribeiro<\/a><\/strong><\/span><\/p>\n\n\n\n<div class=\"wp-block-image\"><figure class=\"aligncenter size-large\"><a href=\"https:\/\/mizu.com.br\/\"><img loading=\"lazy\" decoding=\"async\" width=\"729\" height=\"90\" src=\"https:\/\/jornalfatosenoticias.com.br\/wp-content\/uploads\/2020\/02\/Logo_Mizu.png\" alt=\"\" class=\"wp-image-1441\" srcset=\"https:\/\/jornalfatosenoticias.com.br\/wp-content\/uploads\/2020\/02\/Logo_Mizu.png 729w, https:\/\/jornalfatosenoticias.com.br\/wp-content\/uploads\/2020\/02\/Logo_Mizu-300x37.png 300w\" sizes=\"auto, (max-width: 729px) 100vw, 729px\" \/><\/a><\/figure><\/div>\n\n\n\n<p>Manter o padr\u00e3o de vida est\u00e1 ficando mais caro para as classes m\u00e9dia e alta. Dados do Instituto de Pesquisa Econ\u00f4mica Aplicada (Ipea) demonstram que a alta na infla\u00e7\u00e3o de servi\u00e7os, principalmente aplicativos de transporte, aluguel e seguros de ve\u00edculos, elevou o custo de vida dessa faixa da popula\u00e7\u00e3o em junho.<br>O levantamento indica que nesse m\u00eas a alta de pre\u00e7os come\u00e7ou a pesar mais para as classes m\u00e9dia e alta do que para os mais pobres, que at\u00e9 ent\u00e3o vinham sendo afetados por \u00edndices mais altos. J\u00e1 havia infla\u00e7\u00e3o significativa para todos os estratos sociais; a diferen\u00e7a agora \u00e9 que os \u00edndices sobre os segmentos intermedi\u00e1rios e mais altos passaram a ser maiores.<\/p>\n\n\n\n<div class=\"wp-block-image\"><figure class=\"aligncenter size-large is-resized\"><a href=\"https:\/\/www.facebook.com\/profile.php?id=100069289606145\"><img loading=\"lazy\" decoding=\"async\" src=\"https:\/\/jornalfatosenoticias.com.br\/wp-content\/uploads\/2024\/11\/Guaitolini-Contabilidade-1024x714.jpeg\" alt=\"\" class=\"wp-image-55808\" width=\"319\" height=\"222\" srcset=\"https:\/\/jornalfatosenoticias.com.br\/wp-content\/uploads\/2024\/11\/Guaitolini-Contabilidade-1024x714.jpeg 1024w, https:\/\/jornalfatosenoticias.com.br\/wp-content\/uploads\/2024\/11\/Guaitolini-Contabilidade-300x209.jpeg 300w, https:\/\/jornalfatosenoticias.com.br\/wp-content\/uploads\/2024\/11\/Guaitolini-Contabilidade-768x535.jpeg 768w, https:\/\/jornalfatosenoticias.com.br\/wp-content\/uploads\/2024\/11\/Guaitolini-Contabilidade.jpeg 1280w\" sizes=\"auto, (max-width: 319px) 100vw, 319px\" \/><\/a><\/figure><\/div>\n\n\n\n<p>Segundo o Ipea, os \u00edndices de infla\u00e7\u00e3o para a popula\u00e7\u00e3o de renda m\u00e9dia-alta e alta foram de 0,27% e 0,28% em junho, respectivamente, o que significa uma eleva\u00e7\u00e3o na compara\u00e7\u00e3o com os \u00edndices de maio (0,21% e 0,08%). Os porcentuais de junho foram mais altos para esses grupos do que para as fam\u00edlias de renda mais baixa.<\/p>\n\n\n\n<div class=\"wp-block-image\"><figure class=\"aligncenter size-large is-resized\"><a href=\"https:\/\/www.instagram.com\/restaurantepegoretti\/\"><img loading=\"lazy\" decoding=\"async\" src=\"https:\/\/jornalfatosenoticias.com.br\/wp-content\/uploads\/2023\/12\/pegoretti-logo-pdf-1024x389.jpg\" alt=\"\" class=\"wp-image-47536\" width=\"472\" height=\"179\" srcset=\"https:\/\/jornalfatosenoticias.com.br\/wp-content\/uploads\/2023\/12\/pegoretti-logo-pdf-1024x389.jpg 1024w, https:\/\/jornalfatosenoticias.com.br\/wp-content\/uploads\/2023\/12\/pegoretti-logo-pdf-300x114.jpg 300w, https:\/\/jornalfatosenoticias.com.br\/wp-content\/uploads\/2023\/12\/pegoretti-logo-pdf-768x291.jpg 768w, https:\/\/jornalfatosenoticias.com.br\/wp-content\/uploads\/2023\/12\/pegoretti-logo-pdf.jpg 1120w\" sizes=\"auto, (max-width: 472px) 100vw, 472px\" \/><\/a><\/figure><\/div>\n\n\n\n<p>Enquanto isso, a queda no pre\u00e7o de alguns alimentos, ap\u00f3s nove meses de eleva\u00e7\u00e3o, desacelerou o aumento da cesta de consumo que impacta diretamente as camadas da popula\u00e7\u00e3o de renda mais baixa. No entanto, no acumulado de janeiro a junho, a infla\u00e7\u00e3o sobre as fam\u00edlias mais pobres ainda \u00e9 mais intensa. De acordo com Matheus Dias, pesquisador do Instituto Brasileiro de Economia da FGV (FGV-Ibre), os n\u00fameros retratam a influ\u00eancia maior que os alimentos t\u00eam na cesta da popula\u00e7\u00e3o de baixa renda, em compara\u00e7\u00e3o com a popula\u00e7\u00e3o de renda mais elevada. Para a popula\u00e7\u00e3o de baixa renda, o percentual gasto com alimenta\u00e7\u00e3o \u00e9 bastante elevado, fazendo com que altas nesses produtos prejudiquem mais esse grupo.<\/p>\n\n\n\n<div class=\"wp-block-image\"><figure class=\"aligncenter size-large is-resized\"><a href=\"https:\/\/www.controlsystems.com.br\/\"><img loading=\"lazy\" decoding=\"async\" src=\"https:\/\/jornalfatosenoticias.com.br\/wp-content\/uploads\/2020\/02\/CONTROL-CS.jpg\" alt=\"\" class=\"wp-image-44991\" width=\"247\" height=\"296\" srcset=\"https:\/\/jornalfatosenoticias.com.br\/wp-content\/uploads\/2020\/02\/CONTROL-CS.jpg 834w, https:\/\/jornalfatosenoticias.com.br\/wp-content\/uploads\/2020\/02\/CONTROL-CS-250x300.jpg 250w, https:\/\/jornalfatosenoticias.com.br\/wp-content\/uploads\/2020\/02\/CONTROL-CS-768x921.jpg 768w\" sizes=\"auto, (max-width: 247px) 100vw, 247px\" \/><\/a><\/figure><\/div>\n\n\n\n<blockquote class=\"wp-block-quote is-layout-flow wp-block-quote-is-layout-flow\"><p><span class=\"has-inline-color has-luminous-vivid-orange-color\">A popula\u00e7\u00e3o de baixa renda acaba se beneficiando desse movimento de menor press\u00e3o dos pre\u00e7os de alimentos, porque tem uma propor\u00e7\u00e3o da renda bastante significativa dedicada \u00e0 compra de alimentos. Ent\u00e3o, quando voc\u00ea tem um al\u00edvio nesses pre\u00e7os, essa parte da popula\u00e7\u00e3o acaba se beneficiando&#8221;, afirma.<\/span><\/p><\/blockquote>\n\n\n\n<div class=\"wp-block-image\"><figure class=\"aligncenter size-large is-resized\"><a href=\"https:\/\/www.legisjuris.com.br\/\"><img loading=\"lazy\" decoding=\"async\" src=\"https:\/\/jornalfatosenoticias.com.br\/wp-content\/uploads\/2024\/09\/Legis-Juris-Consultoria_logo.jpg\" alt=\"\" class=\"wp-image-53915\" width=\"468\" height=\"196\" srcset=\"https:\/\/jornalfatosenoticias.com.br\/wp-content\/uploads\/2024\/09\/Legis-Juris-Consultoria_logo.jpg 969w, https:\/\/jornalfatosenoticias.com.br\/wp-content\/uploads\/2024\/09\/Legis-Juris-Consultoria_logo-300x126.jpg 300w, https:\/\/jornalfatosenoticias.com.br\/wp-content\/uploads\/2024\/09\/Legis-Juris-Consultoria_logo-768x322.jpg 768w\" sizes=\"auto, (max-width: 468px) 100vw, 468px\" \/><\/a><\/figure><\/div>\n\n\n\n<p>\u00c0 medida que a renda aumenta, a propor\u00e7\u00e3o do consumo de alimentos diminui em rela\u00e7\u00e3o ao total de despesas. \u201cAs pessoas n\u00e3o compram mais alimentos porque a renda aumentou. Elas podem sofisticar o consumo, deixar de consumir um produto de baixa qualidade por um de qualidade mais elevada, consumir itens importados, seguir para linhas premium&#8221;, disse.<\/p>\n\n\n\n<div class=\"wp-block-image\"><figure class=\"aligncenter size-large\"><a href=\"http:\/\/www.ferrarimaquinas.com.br\/\"><img loading=\"lazy\" decoding=\"async\" width=\"300\" height=\"250\" src=\"https:\/\/jornalfatosenoticias.com.br\/wp-content\/uploads\/2022\/02\/FERRARI_MAQUINAS-E-FERRAMENTAS2.jpg\" alt=\"\" class=\"wp-image-27860\"\/><\/a><\/figure><\/div>\n\n\n\n<p><strong><span class=\"has-inline-color has-black-color\">Sal\u00e1rio m\u00ednimo e emprego pressionam infla\u00e7\u00e3o dos servi\u00e7os<br><\/span><\/strong>Em rela\u00e7\u00e3o \u00e0 alta inflacion\u00e1ria no setor de servi\u00e7os, um dos principais fatores \u00e9 o aumento do n\u00edvel de emprego e do sal\u00e1rio m\u00ednimo. Como o setor \u00e9 intensivo em m\u00e3o de obra, h\u00e1 uma alta nos custos, que acaba sendo repassada para o consumidor. Um estudo da consultoria LCA 4intelligence demonstrou que os incrementos salariais explicam praticamente 70% da infla\u00e7\u00e3o de servi\u00e7os. De acordo com a consultoria econ\u00f4mica, a infla\u00e7\u00e3o de servi\u00e7os deve fechar o ano em 5,2%.<\/p>\n\n\n\n<div class=\"wp-block-image\"><figure class=\"aligncenter size-large is-resized\"><a href=\"https:\/\/www.instagram.com\/rcradiadores\/\"><img loading=\"lazy\" decoding=\"async\" src=\"https:\/\/jornalfatosenoticias.com.br\/wp-content\/uploads\/2022\/10\/RC_800x750_page-0001.jpg\" alt=\"\" class=\"wp-image-35338\" width=\"279\" height=\"262\" srcset=\"https:\/\/jornalfatosenoticias.com.br\/wp-content\/uploads\/2022\/10\/RC_800x750_page-0001.jpg 400w, https:\/\/jornalfatosenoticias.com.br\/wp-content\/uploads\/2022\/10\/RC_800x750_page-0001-300x281.jpg 300w\" sizes=\"auto, (max-width: 279px) 100vw, 279px\" \/><\/a><\/figure><\/div>\n\n\n\n<p>At\u00e9 maio, a infla\u00e7\u00e3o dos servi\u00e7os vinha se mantendo sob controle em raz\u00e3o da baixa no valor das passagens a\u00e9reas (27,9%), que n\u00e3o se manteve em junho, quando teve alta de 0,8%. Al\u00e9m disso, tamb\u00e9m tiveram alta o transporte por aplicativo (13,7%) e o aluguel de ve\u00edculos (5,5%).<\/p>\n\n\n\n<div class=\"wp-block-image\"><figure class=\"aligncenter size-large is-resized\"><a href=\"https:\/\/www.facebook.com\/vetor.vix\/\"><img loading=\"lazy\" decoding=\"async\" src=\"https:\/\/jornalfatosenoticias.com.br\/wp-content\/uploads\/2023\/09\/vetorvix1024_1.jpg\" alt=\"\" class=\"wp-image-44868\" width=\"531\" height=\"141\" srcset=\"https:\/\/jornalfatosenoticias.com.br\/wp-content\/uploads\/2023\/09\/vetorvix1024_1.jpg 1024w, https:\/\/jornalfatosenoticias.com.br\/wp-content\/uploads\/2023\/09\/vetorvix1024_1-300x80.jpg 300w, https:\/\/jornalfatosenoticias.com.br\/wp-content\/uploads\/2023\/09\/vetorvix1024_1-768x205.jpg 768w\" sizes=\"auto, (max-width: 531px) 100vw, 531px\" \/><\/a><\/figure><\/div>\n\n\n\n<p><strong><span class=\"has-inline-color has-black-color\">Cuidados pessoais e habita\u00e7\u00e3o afetaram infla\u00e7\u00e3o em junho<br><\/span><\/strong>Al\u00e9m dos transportes, a alta da infla\u00e7\u00e3o em outros setores, como habita\u00e7\u00e3o, tamb\u00e9m foi decisiva para o aumento da infla\u00e7\u00e3o para a popula\u00e7\u00e3o de renda m\u00e9dia-alta e alta em junho. O grupo sa\u00fade e cuidados pessoais tamb\u00e9m pesou na infla\u00e7\u00e3o dessas faixas de renda, impulsionado pelos reajustes de 0,51% nos servi\u00e7os de sa\u00fade e de 0,57% nos planos de sa\u00fade.<\/p>\n\n\n\n<div class=\"wp-block-image\"><figure class=\"aligncenter size-large\"><a href=\"https:\/\/www.cesconetto.com.br\/\"><img loading=\"lazy\" decoding=\"async\" width=\"300\" height=\"250\" src=\"https:\/\/jornalfatosenoticias.com.br\/wp-content\/uploads\/2020\/02\/Banner-2.png\" alt=\"\" class=\"wp-image-43787\"\/><\/a><\/figure><\/div>\n\n\n\n<p><strong><span class=\"has-inline-color has-black-color\">Em 12 meses, maior infla\u00e7\u00e3o foi a da alta renda<br><\/span><\/strong>No acumulado de 12 meses, a faixa que registra o maior \u00edndice de infla\u00e7\u00e3o \u00e9 a classe alta: o avan\u00e7o m\u00e9dio dos pre\u00e7os foi de 5,4%, segundo o Ipea, ante 5,24% para os que t\u00eam renda muito baixa. A eleva\u00e7\u00e3o de pre\u00e7os observada em servi\u00e7os pessoais (5,5%) e mensalidades escolares (6,5%) contribuiu significativamente para o \u00edndice. Al\u00e9m disso, reajustes nos pre\u00e7os de vestu\u00e1rio, itens premium de alimenta\u00e7\u00e3o e at\u00e9 mesmo de joias tamb\u00e9m est\u00e3o impactando a alta da infla\u00e7\u00e3o para as faixas de renda m\u00e9dia-alta e alta.<\/p>\n\n\n\n<div class=\"wp-block-image\"><figure class=\"aligncenter size-large is-resized\"><a href=\"https:\/\/www.instagram.com\/gruposei\/\"><img loading=\"lazy\" decoding=\"async\" src=\"https:\/\/jornalfatosenoticias.com.br\/wp-content\/uploads\/2022\/07\/Logo-Grupo-SEI.jpg\" alt=\"\" class=\"wp-image-31973\" width=\"337\" height=\"177\" srcset=\"https:\/\/jornalfatosenoticias.com.br\/wp-content\/uploads\/2022\/07\/Logo-Grupo-SEI.jpg 713w, https:\/\/jornalfatosenoticias.com.br\/wp-content\/uploads\/2022\/07\/Logo-Grupo-SEI-300x158.jpg 300w\" sizes=\"auto, (max-width: 337px) 100vw, 337px\" \/><\/a><\/figure><\/div>\n\n\n\n<p><strong><span class=\"has-inline-color has-black-color\">Infla\u00e7\u00e3o para popula\u00e7\u00e3o pobre foi mais alta entre janeiro e junho<br><\/span><\/strong>Mesmo com o al\u00edvio no m\u00eas de junho, a faixa mais pobre da popula\u00e7\u00e3o foi mais afetada pela infla\u00e7\u00e3o no acumulado de janeiro a junho deste ano. O estudo do Ipea mede a infla\u00e7\u00e3o por faixa de rendimento e divide as fam\u00edlias em seis grupos, de acordo com os respectivos ganhos mensais: renda muito baixa, baixa, m\u00e9dia-baixa, m\u00e9dia, m\u00e9dia-alta e alta.<\/p>\n\n\n\n<div class=\"wp-block-image\"><figure class=\"aligncenter size-large is-resized\"><a href=\"https:\/\/www.facebook.com\/postobkr\/?locale=pt_BR\"><img loading=\"lazy\" decoding=\"async\" src=\"https:\/\/jornalfatosenoticias.com.br\/wp-content\/uploads\/2023\/08\/BKR-1024x1021.jpg\" alt=\"\" class=\"wp-image-44494\" width=\"296\" height=\"295\" srcset=\"https:\/\/jornalfatosenoticias.com.br\/wp-content\/uploads\/2023\/08\/BKR-1024x1021.jpg 1024w, https:\/\/jornalfatosenoticias.com.br\/wp-content\/uploads\/2023\/08\/BKR-300x300.jpg 300w, https:\/\/jornalfatosenoticias.com.br\/wp-content\/uploads\/2023\/08\/BKR-150x150.jpg 150w, https:\/\/jornalfatosenoticias.com.br\/wp-content\/uploads\/2023\/08\/BKR-768x766.jpg 768w, https:\/\/jornalfatosenoticias.com.br\/wp-content\/uploads\/2023\/08\/BKR.jpg 1080w\" sizes=\"auto, (max-width: 296px) 100vw, 296px\" \/><\/a><\/figure><\/div>\n\n\n\n<h4 class=\"wp-block-heading\"><span class=\"has-inline-color has-black-color\">A infla\u00e7\u00e3o para cada uma dessas faixas em junho e no acumulado do primeiro semestre foi a seguinte:<\/span><\/h4>\n\n\n\n<ul class=\"wp-block-list\"><li>Renda muito baixa (renda familiar abaixo de R$ 2.202 por m\u00eas): infla\u00e7\u00e3o de 0,2% em junho e 3,19% no 1.\u00ba semestre<\/li><li>Renda baixa (R$ 2.202 a R$ 3.303): infla\u00e7\u00e3o de 0,21% em junho e 3,15% no 1.\u00ba semestre<\/li><li>Renda m\u00e9dia-baixa (R$ 3.303 a R$ 5.505): infla\u00e7\u00e3o de 0,23% em junho e 3,09% no 1.\u00ba semestre<\/li><li>Renda m\u00e9dia (R$ 5.505 a R$ 11.010): infla\u00e7\u00e3o de 0,24% em junho e 2,97% no 1.\u00ba semestre<\/li><li>Renda m\u00e9dia-alta (R$ 11.010 a R$ 22.020): infla\u00e7\u00e3o de 0,27% em junho e 3,04% no 1.\u00ba semestre<\/li><li>Renda alta (acima de R$ 22.020): infla\u00e7\u00e3o de 0,28% em junho e 2,58% no 1.\u00ba semestre<\/li><\/ul>\n\n\n\n<div class=\"wp-block-image\"><figure class=\"aligncenter size-large is-resized\"><a href=\"https:\/\/panper.com.br\/\"><img loading=\"lazy\" decoding=\"async\" src=\"https:\/\/jornalfatosenoticias.com.br\/wp-content\/uploads\/2023\/03\/logo-Panper_portal.jpg\" alt=\"\" class=\"wp-image-40208\" width=\"329\" height=\"228\" srcset=\"https:\/\/jornalfatosenoticias.com.br\/wp-content\/uploads\/2023\/03\/logo-Panper_portal.jpg 400w, https:\/\/jornalfatosenoticias.com.br\/wp-content\/uploads\/2023\/03\/logo-Panper_portal-300x208.jpg 300w\" sizes=\"auto, (max-width: 329px) 100vw, 329px\" \/><\/a><\/figure><\/div>\n\n\n\n<p>No acumulado de janeiro a junho, contribu\u00edram para a infla\u00e7\u00e3o da classe de baixa renda (3,2%) a alta de 3,6% no pre\u00e7o dos alimentos no domic\u00edlio e de 7% na energia el\u00e9trica. A faixa de renda alta tem a taxa menos elevada (2,6%), beneficiada pela queda m\u00e9dia de 27,9% das passagens a\u00e9reas no per\u00edodo.<\/p>\n\n\n\n<div class=\"wp-block-image\"><figure class=\"aligncenter size-large is-resized\"><a href=\"https:\/\/hotelmarquetti.com.br\/\"><img loading=\"lazy\" decoding=\"async\" src=\"https:\/\/jornalfatosenoticias.com.br\/wp-content\/uploads\/2020\/02\/LOGO-MQ-1024x680.jpg\" alt=\"\" class=\"wp-image-58299\" width=\"343\" height=\"228\" srcset=\"https:\/\/jornalfatosenoticias.com.br\/wp-content\/uploads\/2020\/02\/LOGO-MQ-1024x680.jpg 1024w, https:\/\/jornalfatosenoticias.com.br\/wp-content\/uploads\/2020\/02\/LOGO-MQ-300x199.jpg 300w, https:\/\/jornalfatosenoticias.com.br\/wp-content\/uploads\/2020\/02\/LOGO-MQ-768x510.jpg 768w, https:\/\/jornalfatosenoticias.com.br\/wp-content\/uploads\/2020\/02\/LOGO-MQ-1536x1020.jpg 1536w, https:\/\/jornalfatosenoticias.com.br\/wp-content\/uploads\/2020\/02\/LOGO-MQ-2048x1360.jpg 2048w\" sizes=\"auto, (max-width: 343px) 100vw, 343px\" \/><\/a><\/figure><\/div>\n\n\n\n<p><strong><span class=\"has-inline-color has-black-color\">Alta nos pre\u00e7os continua percept\u00edvel para quem tem menos renda<br><\/span><\/strong>Matheus Dias explica que, mesmo que a queda no pre\u00e7o dos alimentos tenha trazido um al\u00edvio inflacion\u00e1rio para as camadas de renda mais baixa, nem sempre h\u00e1 um benef\u00edcio percept\u00edvel por essa faixa da popula\u00e7\u00e3o. A infla\u00e7\u00e3o de alimentos subiu quase sem tr\u00e9guas nos \u00faltimos anos, fazendo com que o n\u00edvel de pre\u00e7os esteja muito alto.<\/p>\n\n\n\n<div class=\"wp-block-image\"><figure class=\"aligncenter size-large is-resized\"><a href=\"https:\/\/www.instagram.com\/esteio.churrascaria\/\"><img loading=\"lazy\" decoding=\"async\" src=\"https:\/\/jornalfatosenoticias.com.br\/wp-content\/uploads\/2022\/02\/LOGO-ESTEIO-1024x730.png\" alt=\"\" class=\"wp-image-27942\" width=\"295\" height=\"210\" srcset=\"https:\/\/jornalfatosenoticias.com.br\/wp-content\/uploads\/2022\/02\/LOGO-ESTEIO-1024x730.png 1024w, https:\/\/jornalfatosenoticias.com.br\/wp-content\/uploads\/2022\/02\/LOGO-ESTEIO-300x214.png 300w, https:\/\/jornalfatosenoticias.com.br\/wp-content\/uploads\/2022\/02\/LOGO-ESTEIO-768x548.png 768w, https:\/\/jornalfatosenoticias.com.br\/wp-content\/uploads\/2022\/02\/LOGO-ESTEIO.png 1123w\" sizes=\"auto, (max-width: 295px) 100vw, 295px\" \/><\/a><\/figure><\/div>\n\n\n\n<blockquote class=\"wp-block-quote is-layout-flow wp-block-quote-is-layout-flow\"><p><span class=\"has-inline-color has-luminous-vivid-orange-color\">Ent\u00e3o, \u00e9 bastante comum as pessoas de mais baixa renda alegarem que, apesar das quedas, os pre\u00e7os ainda est\u00e3o muito altos&#8221;, afirma. O elevado valor da cesta b\u00e1sica faz com que as pessoas de renda mais baixa recorram a alternativas para conseguir manter o consumo. \u201cMuitas acabam recorrendo ao endividamento para conseguir consumir a cesta b\u00e1sica&#8221;, explica.<\/span><\/p><\/blockquote>\n\n\n\n<div class=\"wp-block-image\"><figure class=\"aligncenter size-large is-resized\"><a href=\"https:\/\/www.instagram.com\/serra4x4cambioautomatico\/\"><img loading=\"lazy\" decoding=\"async\" src=\"https:\/\/jornalfatosenoticias.com.br\/wp-content\/uploads\/2024\/08\/Serra-4x4-1-886x1024.jpg\" alt=\"\" class=\"wp-image-53632\" width=\"258\" height=\"298\" srcset=\"https:\/\/jornalfatosenoticias.com.br\/wp-content\/uploads\/2024\/08\/Serra-4x4-1-886x1024.jpg 886w, https:\/\/jornalfatosenoticias.com.br\/wp-content\/uploads\/2024\/08\/Serra-4x4-1-260x300.jpg 260w, https:\/\/jornalfatosenoticias.com.br\/wp-content\/uploads\/2024\/08\/Serra-4x4-1-768x888.jpg 768w, https:\/\/jornalfatosenoticias.com.br\/wp-content\/uploads\/2024\/08\/Serra-4x4-1.jpg 1181w\" sizes=\"auto, (max-width: 258px) 100vw, 258px\" \/><\/a><\/figure><\/div>\n\n\n\n<p><strong><span class=\"has-inline-color has-black-color\">Tarifas de Trump podem baixar pre\u00e7o dos alimentos no Brasil<br><\/span><\/strong>Segundo Dias, se as tarifas de 50% impostas por Donald Trump aos produtos brasileiros entrarem em vigor, elas podem ajudar a reduzir o pre\u00e7o dos alimentos no mercado interno. Isso pode ocorrer caso setores exportadores de alimentos, principalmente, n\u00e3o consigam escoar a produ\u00e7\u00e3o.<\/p>\n\n\n\n<div class=\"wp-block-image\"><figure class=\"aligncenter size-large is-resized\"><a href=\"https:\/\/www.ithbrasil.com.br\/\"><img loading=\"lazy\" decoding=\"async\" src=\"https:\/\/jornalfatosenoticias.com.br\/wp-content\/uploads\/2023\/08\/ITH.jpeg\" alt=\"\" class=\"wp-image-44638\" width=\"316\" height=\"256\" srcset=\"https:\/\/jornalfatosenoticias.com.br\/wp-content\/uploads\/2023\/08\/ITH.jpeg 800w, https:\/\/jornalfatosenoticias.com.br\/wp-content\/uploads\/2023\/08\/ITH-300x244.jpeg 300w, https:\/\/jornalfatosenoticias.com.br\/wp-content\/uploads\/2023\/08\/ITH-768x624.jpeg 768w\" sizes=\"auto, (max-width: 316px) 100vw, 316px\" \/><\/a><\/figure><\/div>\n\n\n\n<p>Nesse caso, em vez de irem para os EUA, os produtos podem ser direcionados para o mercado interno e, com a maior oferta, o pre\u00e7o tende a cair. De certa forma, \u00e9 o que ocorreu em junho: com o aumento na safra e na oferta de alimentos, o pre\u00e7o caiu. Por outro lado, em rela\u00e7\u00e3o a produtos manufaturados, por exemplo, caso o Brasil estabele\u00e7a uma tarifa rec\u00edproca para importa\u00e7\u00f5es dos EUA, o custo ir\u00e1 aumentar, pressionando os pre\u00e7os.<\/p>\n\n\n\n<div class=\"wp-block-image\"><figure class=\"aligncenter size-large is-resized\"><a href=\"https:\/\/www.instagram.com\/restaurantepegoretti\/\"><img loading=\"lazy\" decoding=\"async\" src=\"https:\/\/jornalfatosenoticias.com.br\/wp-content\/uploads\/2023\/12\/pegoretti-logo-pdf-1024x389.jpg\" alt=\"\" class=\"wp-image-47536\" width=\"482\" height=\"183\" srcset=\"https:\/\/jornalfatosenoticias.com.br\/wp-content\/uploads\/2023\/12\/pegoretti-logo-pdf-1024x389.jpg 1024w, https:\/\/jornalfatosenoticias.com.br\/wp-content\/uploads\/2023\/12\/pegoretti-logo-pdf-300x114.jpg 300w, https:\/\/jornalfatosenoticias.com.br\/wp-content\/uploads\/2023\/12\/pegoretti-logo-pdf-768x291.jpg 768w, https:\/\/jornalfatosenoticias.com.br\/wp-content\/uploads\/2023\/12\/pegoretti-logo-pdf.jpg 1120w\" sizes=\"auto, (max-width: 482px) 100vw, 482px\" \/><\/a><\/figure><\/div>\n\n\n\n<p><strong>Fonte: <a href=\"https:\/\/www.gazetadopovo.com.br\/economia\/inflacao-comeca-a-pesar-mais-para-a-classe-media\/\">Gazeta do Povo<\/a><\/strong><\/p>\n","protected":false},"excerpt":{"rendered":"<p>Aumento de pre\u00e7os em aplicativos de transporte, seguros de ve\u00edculos e aluguel pressionaram a infla\u00e7\u00e3o da classe m\u00e9dia em junho, segundo levantamento Por Roberta Ribeiro Manter o padr\u00e3o de vida est\u00e1 ficando mais caro para as classes m\u00e9dia e alta. Dados do Instituto de Pesquisa Econ\u00f4mica Aplicada (Ipea) demonstram que a alta na infla\u00e7\u00e3o de [&hellip;]<\/p>\n","protected":false},"author":2,"featured_media":60846,"comment_status":"open","ping_status":"open","sticky":false,"template":"","format":"standard","meta":{"footnotes":""},"categories":[9],"tags":[70,27754,16797,27753,1013,240,4182],"class_list":["post-60845","post","type-post","status-publish","format-standard","has-post-thumbnail","hentry","category-economia","tag-alimentos","tag-alta-nos-precos","tag-aluguel","tag-classe-media","tag-consumo","tag-economia","tag-inflacao"],"yoast_head":"<!-- This site is optimized with the Yoast SEO plugin v26.5 - https:\/\/yoast.com\/wordpress\/plugins\/seo\/ -->\n<title>Infla\u00e7\u00e3o come\u00e7a a pesar mais para a classe m\u00e9dia - Jornal Fatos e Not\u00edcias<\/title>\n<meta name=\"robots\" content=\"index, follow, max-snippet:-1, max-image-preview:large, max-video-preview:-1\" \/>\n<link rel=\"canonical\" href=\"https:\/\/jornalfatosenoticias.com.br\/index.php\/2025\/07\/28\/inflacao-comeca-a-pesar-mais-para-a-classe-media\/\" \/>\n<meta property=\"og:locale\" content=\"pt_BR\" \/>\n<meta property=\"og:type\" content=\"article\" \/>\n<meta property=\"og:title\" content=\"Infla\u00e7\u00e3o come\u00e7a a pesar mais para a classe m\u00e9dia - Jornal Fatos e Not\u00edcias\" \/>\n<meta property=\"og:description\" content=\"Aumento de pre\u00e7os em aplicativos de transporte, seguros de ve\u00edculos e aluguel pressionaram a infla\u00e7\u00e3o da classe m\u00e9dia em junho, segundo levantamento Por Roberta Ribeiro Manter o padr\u00e3o de vida est\u00e1 ficando mais caro para as classes m\u00e9dia e alta. Dados do Instituto de Pesquisa Econ\u00f4mica Aplicada (Ipea) demonstram que a alta na infla\u00e7\u00e3o de [&hellip;]\" \/>\n<meta property=\"og:url\" content=\"https:\/\/jornalfatosenoticias.com.br\/index.php\/2025\/07\/28\/inflacao-comeca-a-pesar-mais-para-a-classe-media\/\" \/>\n<meta property=\"og:site_name\" content=\"Jornal Fatos e Not\u00edcias\" \/>\n<meta property=\"article:published_time\" content=\"2025-07-28T18:52:11+00:00\" \/>\n<meta property=\"article:modified_time\" content=\"2025-07-28T18:52:12+00:00\" \/>\n<meta property=\"og:image\" content=\"https:\/\/jornalfatosenoticias.com.br\/wp-content\/uploads\/2025\/07\/ansiedade-induzida-pelo-transito.jpg\" \/>\n\t<meta property=\"og:image:width\" content=\"1000\" \/>\n\t<meta property=\"og:image:height\" content=\"560\" \/>\n\t<meta property=\"og:image:type\" content=\"image\/jpeg\" \/>\n<meta name=\"author\" content=\"Luzimara Fernandes\" \/>\n<meta name=\"twitter:card\" content=\"summary_large_image\" \/>\n<meta name=\"twitter:label1\" content=\"Escrito por\" \/>\n\t<meta name=\"twitter:data1\" content=\"Luzimara Fernandes\" \/>\n\t<meta name=\"twitter:label2\" content=\"Est. tempo de leitura\" \/>\n\t<meta name=\"twitter:data2\" content=\"7 minutos\" \/>\n<script type=\"application\/ld+json\" class=\"yoast-schema-graph\">{\"@context\":\"https:\/\/schema.org\",\"@graph\":[{\"@type\":\"Article\",\"@id\":\"https:\/\/jornalfatosenoticias.com.br\/index.php\/2025\/07\/28\/inflacao-comeca-a-pesar-mais-para-a-classe-media\/#article\",\"isPartOf\":{\"@id\":\"https:\/\/jornalfatosenoticias.com.br\/index.php\/2025\/07\/28\/inflacao-comeca-a-pesar-mais-para-a-classe-media\/\"},\"author\":{\"name\":\"Luzimara Fernandes\",\"@id\":\"https:\/\/jornalfatosenoticias.com.br\/#\/schema\/person\/d63837fa13ac8666eb9e74e0985d6f81\"},\"headline\":\"Infla\u00e7\u00e3o come\u00e7a a pesar mais para a classe m\u00e9dia\",\"datePublished\":\"2025-07-28T18:52:11+00:00\",\"dateModified\":\"2025-07-28T18:52:12+00:00\",\"mainEntityOfPage\":{\"@id\":\"https:\/\/jornalfatosenoticias.com.br\/index.php\/2025\/07\/28\/inflacao-comeca-a-pesar-mais-para-a-classe-media\/\"},\"wordCount\":1333,\"commentCount\":0,\"publisher\":{\"@id\":\"https:\/\/jornalfatosenoticias.com.br\/#organization\"},\"image\":{\"@id\":\"https:\/\/jornalfatosenoticias.com.br\/index.php\/2025\/07\/28\/inflacao-comeca-a-pesar-mais-para-a-classe-media\/#primaryimage\"},\"thumbnailUrl\":\"https:\/\/jornalfatosenoticias.com.br\/wp-content\/uploads\/2025\/07\/ansiedade-induzida-pelo-transito.jpg\",\"keywords\":[\"alimentos\",\"alta nos pre\u00e7os\",\"aluguel\",\"classe m\u00e9dia\",\"consumo\",\"economia\",\"infla\u00e7\u00e3o\"],\"articleSection\":[\"Economia\"],\"inLanguage\":\"pt-BR\",\"potentialAction\":[{\"@type\":\"CommentAction\",\"name\":\"Comment\",\"target\":[\"https:\/\/jornalfatosenoticias.com.br\/index.php\/2025\/07\/28\/inflacao-comeca-a-pesar-mais-para-a-classe-media\/#respond\"]}]},{\"@type\":\"WebPage\",\"@id\":\"https:\/\/jornalfatosenoticias.com.br\/index.php\/2025\/07\/28\/inflacao-comeca-a-pesar-mais-para-a-classe-media\/\",\"url\":\"https:\/\/jornalfatosenoticias.com.br\/index.php\/2025\/07\/28\/inflacao-comeca-a-pesar-mais-para-a-classe-media\/\",\"name\":\"Infla\u00e7\u00e3o come\u00e7a a pesar mais para a classe m\u00e9dia - Jornal Fatos e Not\u00edcias\",\"isPartOf\":{\"@id\":\"https:\/\/jornalfatosenoticias.com.br\/#website\"},\"primaryImageOfPage\":{\"@id\":\"https:\/\/jornalfatosenoticias.com.br\/index.php\/2025\/07\/28\/inflacao-comeca-a-pesar-mais-para-a-classe-media\/#primaryimage\"},\"image\":{\"@id\":\"https:\/\/jornalfatosenoticias.com.br\/index.php\/2025\/07\/28\/inflacao-comeca-a-pesar-mais-para-a-classe-media\/#primaryimage\"},\"thumbnailUrl\":\"https:\/\/jornalfatosenoticias.com.br\/wp-content\/uploads\/2025\/07\/ansiedade-induzida-pelo-transito.jpg\",\"datePublished\":\"2025-07-28T18:52:11+00:00\",\"dateModified\":\"2025-07-28T18:52:12+00:00\",\"breadcrumb\":{\"@id\":\"https:\/\/jornalfatosenoticias.com.br\/index.php\/2025\/07\/28\/inflacao-comeca-a-pesar-mais-para-a-classe-media\/#breadcrumb\"},\"inLanguage\":\"pt-BR\",\"potentialAction\":[{\"@type\":\"ReadAction\",\"target\":[\"https:\/\/jornalfatosenoticias.com.br\/index.php\/2025\/07\/28\/inflacao-comeca-a-pesar-mais-para-a-classe-media\/\"]}]},{\"@type\":\"ImageObject\",\"inLanguage\":\"pt-BR\",\"@id\":\"https:\/\/jornalfatosenoticias.com.br\/index.php\/2025\/07\/28\/inflacao-comeca-a-pesar-mais-para-a-classe-media\/#primaryimage\",\"url\":\"https:\/\/jornalfatosenoticias.com.br\/wp-content\/uploads\/2025\/07\/ansiedade-induzida-pelo-transito.jpg\",\"contentUrl\":\"https:\/\/jornalfatosenoticias.com.br\/wp-content\/uploads\/2025\/07\/ansiedade-induzida-pelo-transito.jpg\",\"width\":1000,\"height\":560},{\"@type\":\"BreadcrumbList\",\"@id\":\"https:\/\/jornalfatosenoticias.com.br\/index.php\/2025\/07\/28\/inflacao-comeca-a-pesar-mais-para-a-classe-media\/#breadcrumb\",\"itemListElement\":[{\"@type\":\"ListItem\",\"position\":1,\"name\":\"In\u00edcio\",\"item\":\"https:\/\/jornalfatosenoticias.com.br\/\"},{\"@type\":\"ListItem\",\"position\":2,\"name\":\"Infla\u00e7\u00e3o come\u00e7a a pesar mais para a classe m\u00e9dia\"}]},{\"@type\":\"WebSite\",\"@id\":\"https:\/\/jornalfatosenoticias.com.br\/#website\",\"url\":\"https:\/\/jornalfatosenoticias.com.br\/\",\"name\":\"Jornal Fatos e Not\u00edcias\",\"description\":\"Not\u00edcias em geral\",\"publisher\":{\"@id\":\"https:\/\/jornalfatosenoticias.com.br\/#organization\"},\"potentialAction\":[{\"@type\":\"SearchAction\",\"target\":{\"@type\":\"EntryPoint\",\"urlTemplate\":\"https:\/\/jornalfatosenoticias.com.br\/?s={search_term_string}\"},\"query-input\":{\"@type\":\"PropertyValueSpecification\",\"valueRequired\":true,\"valueName\":\"search_term_string\"}}],\"inLanguage\":\"pt-BR\"},{\"@type\":\"Organization\",\"@id\":\"https:\/\/jornalfatosenoticias.com.br\/#organization\",\"name\":\"Jornal Fatos e Not\u00edcias\",\"url\":\"https:\/\/jornalfatosenoticias.com.br\/\",\"logo\":{\"@type\":\"ImageObject\",\"inLanguage\":\"pt-BR\",\"@id\":\"https:\/\/jornalfatosenoticias.com.br\/#\/schema\/logo\/image\/\",\"url\":\"https:\/\/jornalfatosenoticias.com.br\/wp-content\/uploads\/2020\/02\/logo120.png\",\"contentUrl\":\"https:\/\/jornalfatosenoticias.com.br\/wp-content\/uploads\/2020\/02\/logo120.png\",\"width\":1227,\"height\":120,\"caption\":\"Jornal Fatos e Not\u00edcias\"},\"image\":{\"@id\":\"https:\/\/jornalfatosenoticias.com.br\/#\/schema\/logo\/image\/\"}},{\"@type\":\"Person\",\"@id\":\"https:\/\/jornalfatosenoticias.com.br\/#\/schema\/person\/d63837fa13ac8666eb9e74e0985d6f81\",\"name\":\"Luzimara Fernandes\",\"image\":{\"@type\":\"ImageObject\",\"inLanguage\":\"pt-BR\",\"@id\":\"https:\/\/jornalfatosenoticias.com.br\/#\/schema\/person\/image\/\",\"url\":\"https:\/\/jornalfatosenoticias.com.br\/wp-content\/uploads\/2025\/05\/EU_portal.jpg\",\"contentUrl\":\"https:\/\/jornalfatosenoticias.com.br\/wp-content\/uploads\/2025\/05\/EU_portal.jpg\",\"caption\":\"Luzimara Fernandes\"},\"description\":\"Jornalista MTB 2358-ES\",\"sameAs\":[\"https:\/\/jornalfatosenoticias.com.br\"],\"url\":\"https:\/\/jornalfatosenoticias.com.br\/index.php\/author\/luzimara\/\"}]}<\/script>\n<!-- \/ Yoast SEO plugin. -->","yoast_head_json":{"title":"Infla\u00e7\u00e3o come\u00e7a a pesar mais para a classe m\u00e9dia - Jornal Fatos e Not\u00edcias","robots":{"index":"index","follow":"follow","max-snippet":"max-snippet:-1","max-image-preview":"max-image-preview:large","max-video-preview":"max-video-preview:-1"},"canonical":"https:\/\/jornalfatosenoticias.com.br\/index.php\/2025\/07\/28\/inflacao-comeca-a-pesar-mais-para-a-classe-media\/","og_locale":"pt_BR","og_type":"article","og_title":"Infla\u00e7\u00e3o come\u00e7a a pesar mais para a classe m\u00e9dia - Jornal Fatos e Not\u00edcias","og_description":"Aumento de pre\u00e7os em aplicativos de transporte, seguros de ve\u00edculos e aluguel pressionaram a infla\u00e7\u00e3o da classe m\u00e9dia em junho, segundo levantamento Por Roberta Ribeiro Manter o padr\u00e3o de vida est\u00e1 ficando mais caro para as classes m\u00e9dia e alta. Dados do Instituto de Pesquisa Econ\u00f4mica Aplicada (Ipea) demonstram que a alta na infla\u00e7\u00e3o de [&hellip;]","og_url":"https:\/\/jornalfatosenoticias.com.br\/index.php\/2025\/07\/28\/inflacao-comeca-a-pesar-mais-para-a-classe-media\/","og_site_name":"Jornal Fatos e Not\u00edcias","article_published_time":"2025-07-28T18:52:11+00:00","article_modified_time":"2025-07-28T18:52:12+00:00","og_image":[{"width":1000,"height":560,"url":"https:\/\/jornalfatosenoticias.com.br\/wp-content\/uploads\/2025\/07\/ansiedade-induzida-pelo-transito.jpg","type":"image\/jpeg"}],"author":"Luzimara Fernandes","twitter_card":"summary_large_image","twitter_misc":{"Escrito por":"Luzimara Fernandes","Est. tempo de leitura":"7 minutos"},"schema":{"@context":"https:\/\/schema.org","@graph":[{"@type":"Article","@id":"https:\/\/jornalfatosenoticias.com.br\/index.php\/2025\/07\/28\/inflacao-comeca-a-pesar-mais-para-a-classe-media\/#article","isPartOf":{"@id":"https:\/\/jornalfatosenoticias.com.br\/index.php\/2025\/07\/28\/inflacao-comeca-a-pesar-mais-para-a-classe-media\/"},"author":{"name":"Luzimara Fernandes","@id":"https:\/\/jornalfatosenoticias.com.br\/#\/schema\/person\/d63837fa13ac8666eb9e74e0985d6f81"},"headline":"Infla\u00e7\u00e3o come\u00e7a a pesar mais para a classe m\u00e9dia","datePublished":"2025-07-28T18:52:11+00:00","dateModified":"2025-07-28T18:52:12+00:00","mainEntityOfPage":{"@id":"https:\/\/jornalfatosenoticias.com.br\/index.php\/2025\/07\/28\/inflacao-comeca-a-pesar-mais-para-a-classe-media\/"},"wordCount":1333,"commentCount":0,"publisher":{"@id":"https:\/\/jornalfatosenoticias.com.br\/#organization"},"image":{"@id":"https:\/\/jornalfatosenoticias.com.br\/index.php\/2025\/07\/28\/inflacao-comeca-a-pesar-mais-para-a-classe-media\/#primaryimage"},"thumbnailUrl":"https:\/\/jornalfatosenoticias.com.br\/wp-content\/uploads\/2025\/07\/ansiedade-induzida-pelo-transito.jpg","keywords":["alimentos","alta nos pre\u00e7os","aluguel","classe m\u00e9dia","consumo","economia","infla\u00e7\u00e3o"],"articleSection":["Economia"],"inLanguage":"pt-BR","potentialAction":[{"@type":"CommentAction","name":"Comment","target":["https:\/\/jornalfatosenoticias.com.br\/index.php\/2025\/07\/28\/inflacao-comeca-a-pesar-mais-para-a-classe-media\/#respond"]}]},{"@type":"WebPage","@id":"https:\/\/jornalfatosenoticias.com.br\/index.php\/2025\/07\/28\/inflacao-comeca-a-pesar-mais-para-a-classe-media\/","url":"https:\/\/jornalfatosenoticias.com.br\/index.php\/2025\/07\/28\/inflacao-comeca-a-pesar-mais-para-a-classe-media\/","name":"Infla\u00e7\u00e3o come\u00e7a a pesar mais para a classe m\u00e9dia - Jornal Fatos e Not\u00edcias","isPartOf":{"@id":"https:\/\/jornalfatosenoticias.com.br\/#website"},"primaryImageOfPage":{"@id":"https:\/\/jornalfatosenoticias.com.br\/index.php\/2025\/07\/28\/inflacao-comeca-a-pesar-mais-para-a-classe-media\/#primaryimage"},"image":{"@id":"https:\/\/jornalfatosenoticias.com.br\/index.php\/2025\/07\/28\/inflacao-comeca-a-pesar-mais-para-a-classe-media\/#primaryimage"},"thumbnailUrl":"https:\/\/jornalfatosenoticias.com.br\/wp-content\/uploads\/2025\/07\/ansiedade-induzida-pelo-transito.jpg","datePublished":"2025-07-28T18:52:11+00:00","dateModified":"2025-07-28T18:52:12+00:00","breadcrumb":{"@id":"https:\/\/jornalfatosenoticias.com.br\/index.php\/2025\/07\/28\/inflacao-comeca-a-pesar-mais-para-a-classe-media\/#breadcrumb"},"inLanguage":"pt-BR","potentialAction":[{"@type":"ReadAction","target":["https:\/\/jornalfatosenoticias.com.br\/index.php\/2025\/07\/28\/inflacao-comeca-a-pesar-mais-para-a-classe-media\/"]}]},{"@type":"ImageObject","inLanguage":"pt-BR","@id":"https:\/\/jornalfatosenoticias.com.br\/index.php\/2025\/07\/28\/inflacao-comeca-a-pesar-mais-para-a-classe-media\/#primaryimage","url":"https:\/\/jornalfatosenoticias.com.br\/wp-content\/uploads\/2025\/07\/ansiedade-induzida-pelo-transito.jpg","contentUrl":"https:\/\/jornalfatosenoticias.com.br\/wp-content\/uploads\/2025\/07\/ansiedade-induzida-pelo-transito.jpg","width":1000,"height":560},{"@type":"BreadcrumbList","@id":"https:\/\/jornalfatosenoticias.com.br\/index.php\/2025\/07\/28\/inflacao-comeca-a-pesar-mais-para-a-classe-media\/#breadcrumb","itemListElement":[{"@type":"ListItem","position":1,"name":"In\u00edcio","item":"https:\/\/jornalfatosenoticias.com.br\/"},{"@type":"ListItem","position":2,"name":"Infla\u00e7\u00e3o come\u00e7a a pesar mais para a classe m\u00e9dia"}]},{"@type":"WebSite","@id":"https:\/\/jornalfatosenoticias.com.br\/#website","url":"https:\/\/jornalfatosenoticias.com.br\/","name":"Jornal Fatos e Not\u00edcias","description":"Not\u00edcias em geral","publisher":{"@id":"https:\/\/jornalfatosenoticias.com.br\/#organization"},"potentialAction":[{"@type":"SearchAction","target":{"@type":"EntryPoint","urlTemplate":"https:\/\/jornalfatosenoticias.com.br\/?s={search_term_string}"},"query-input":{"@type":"PropertyValueSpecification","valueRequired":true,"valueName":"search_term_string"}}],"inLanguage":"pt-BR"},{"@type":"Organization","@id":"https:\/\/jornalfatosenoticias.com.br\/#organization","name":"Jornal Fatos e Not\u00edcias","url":"https:\/\/jornalfatosenoticias.com.br\/","logo":{"@type":"ImageObject","inLanguage":"pt-BR","@id":"https:\/\/jornalfatosenoticias.com.br\/#\/schema\/logo\/image\/","url":"https:\/\/jornalfatosenoticias.com.br\/wp-content\/uploads\/2020\/02\/logo120.png","contentUrl":"https:\/\/jornalfatosenoticias.com.br\/wp-content\/uploads\/2020\/02\/logo120.png","width":1227,"height":120,"caption":"Jornal Fatos e Not\u00edcias"},"image":{"@id":"https:\/\/jornalfatosenoticias.com.br\/#\/schema\/logo\/image\/"}},{"@type":"Person","@id":"https:\/\/jornalfatosenoticias.com.br\/#\/schema\/person\/d63837fa13ac8666eb9e74e0985d6f81","name":"Luzimara Fernandes","image":{"@type":"ImageObject","inLanguage":"pt-BR","@id":"https:\/\/jornalfatosenoticias.com.br\/#\/schema\/person\/image\/","url":"https:\/\/jornalfatosenoticias.com.br\/wp-content\/uploads\/2025\/05\/EU_portal.jpg","contentUrl":"https:\/\/jornalfatosenoticias.com.br\/wp-content\/uploads\/2025\/05\/EU_portal.jpg","caption":"Luzimara Fernandes"},"description":"Jornalista MTB 2358-ES","sameAs":["https:\/\/jornalfatosenoticias.com.br"],"url":"https:\/\/jornalfatosenoticias.com.br\/index.php\/author\/luzimara\/"}]}},"cc_featured_image_caption":{"caption_text":"(Foto: Frepik com IA)","source_text":"","source_url":""},"jetpack_featured_media_url":"https:\/\/jornalfatosenoticias.com.br\/wp-content\/uploads\/2025\/07\/ansiedade-induzida-pelo-transito.jpg","_links":{"self":[{"href":"https:\/\/jornalfatosenoticias.com.br\/index.php\/wp-json\/wp\/v2\/posts\/60845","targetHints":{"allow":["GET"]}}],"collection":[{"href":"https:\/\/jornalfatosenoticias.com.br\/index.php\/wp-json\/wp\/v2\/posts"}],"about":[{"href":"https:\/\/jornalfatosenoticias.com.br\/index.php\/wp-json\/wp\/v2\/types\/post"}],"author":[{"embeddable":true,"href":"https:\/\/jornalfatosenoticias.com.br\/index.php\/wp-json\/wp\/v2\/users\/2"}],"replies":[{"embeddable":true,"href":"https:\/\/jornalfatosenoticias.com.br\/index.php\/wp-json\/wp\/v2\/comments?post=60845"}],"version-history":[{"count":0,"href":"https:\/\/jornalfatosenoticias.com.br\/index.php\/wp-json\/wp\/v2\/posts\/60845\/revisions"}],"wp:featuredmedia":[{"embeddable":true,"href":"https:\/\/jornalfatosenoticias.com.br\/index.php\/wp-json\/wp\/v2\/media\/60846"}],"wp:attachment":[{"href":"https:\/\/jornalfatosenoticias.com.br\/index.php\/wp-json\/wp\/v2\/media?parent=60845"}],"wp:term":[{"taxonomy":"category","embeddable":true,"href":"https:\/\/jornalfatosenoticias.com.br\/index.php\/wp-json\/wp\/v2\/categories?post=60845"},{"taxonomy":"post_tag","embeddable":true,"href":"https:\/\/jornalfatosenoticias.com.br\/index.php\/wp-json\/wp\/v2\/tags?post=60845"}],"curies":[{"name":"wp","href":"https:\/\/api.w.org\/{rel}","templated":true}]}}