{"id":60854,"date":"2025-07-29T10:38:30","date_gmt":"2025-07-29T13:38:30","guid":{"rendered":"https:\/\/jornalfatosenoticias.com.br\/?p=60854"},"modified":"2025-07-29T10:38:32","modified_gmt":"2025-07-29T13:38:32","slug":"companhia-aerea-dos-eua-ameaca-adiar-encomendas-da-embraer-devido-as-tarifas","status":"publish","type":"post","link":"https:\/\/jornalfatosenoticias.com.br\/index.php\/2025\/07\/29\/companhia-aerea-dos-eua-ameaca-adiar-encomendas-da-embraer-devido-as-tarifas\/","title":{"rendered":"Companhia a\u00e9rea dos EUA amea\u00e7a adiar encomendas da Embraer devido \u00e0s tarifas"},"content":{"rendered":"\n<p><em><span class=\"has-inline-color has-black-color\">Companhia dos EUA pode cancelar compra de dezenas de jatos da Embraer com entrada em vigor de tarifa ao Brasil<\/span><\/em><\/p>\n\n\n\n<p><span class=\"has-inline-color has-black-color\">Por <strong><a href=\"https:\/\/www.gazetadopovo.com.br\/autor\/isabella-de-paula\/\">Isabella de Paula<\/a><\/strong><\/span><\/p>\n\n\n\n<div class=\"wp-block-image\"><figure class=\"aligncenter size-large is-resized\"><a href=\"https:\/\/www.facebook.com\/vetor.vix\/\"><img loading=\"lazy\" decoding=\"async\" src=\"https:\/\/jornalfatosenoticias.com.br\/wp-content\/uploads\/2023\/09\/vetorvix1024_1.jpg\" alt=\"\" class=\"wp-image-44868\" width=\"554\" height=\"147\" srcset=\"https:\/\/jornalfatosenoticias.com.br\/wp-content\/uploads\/2023\/09\/vetorvix1024_1.jpg 1024w, https:\/\/jornalfatosenoticias.com.br\/wp-content\/uploads\/2023\/09\/vetorvix1024_1-300x80.jpg 300w, https:\/\/jornalfatosenoticias.com.br\/wp-content\/uploads\/2023\/09\/vetorvix1024_1-768x205.jpg 768w\" sizes=\"auto, (max-width: 554px) 100vw, 554px\" \/><\/a><\/figure><\/div>\n\n\n\n<p>A companhia a\u00e9rea dos Estados Unidos <em>Skywest <\/em>anunciou que pode adiar a aquisi\u00e7\u00e3o de dezenas de aeronaves encomendadas da Embraer devido \u00e0 imposi\u00e7\u00e3o de tarifas a produtos importados do Brasil pelo governo de Donald Trump.<br>A empresa americana est\u00e1 em um processo de compra de 74 jatos da companhia brasileira at\u00e9 2032. Mas, de acordo com o CEO Chip Childs, a <em>Skywest<\/em> n\u00e3o estaria disposta a pagar 50% de tarifa sobre as entregas das aeronaves.<\/p>\n\n\n\n<div class=\"wp-block-image\"><figure class=\"aligncenter size-large is-resized\"><a href=\"https:\/\/www.facebook.com\/profile.php?id=100069289606145\"><img loading=\"lazy\" decoding=\"async\" src=\"https:\/\/jornalfatosenoticias.com.br\/wp-content\/uploads\/2024\/11\/Guaitolini-Contabilidade-1024x714.jpeg\" alt=\"\" class=\"wp-image-55808\" width=\"313\" height=\"218\" srcset=\"https:\/\/jornalfatosenoticias.com.br\/wp-content\/uploads\/2024\/11\/Guaitolini-Contabilidade-1024x714.jpeg 1024w, https:\/\/jornalfatosenoticias.com.br\/wp-content\/uploads\/2024\/11\/Guaitolini-Contabilidade-300x209.jpeg 300w, https:\/\/jornalfatosenoticias.com.br\/wp-content\/uploads\/2024\/11\/Guaitolini-Contabilidade-768x535.jpeg 768w, https:\/\/jornalfatosenoticias.com.br\/wp-content\/uploads\/2024\/11\/Guaitolini-Contabilidade.jpeg 1280w\" sizes=\"auto, (max-width: 313px) 100vw, 313px\" \/><\/a><\/figure><\/div>\n\n\n\n<blockquote class=\"wp-block-quote is-layout-flow wp-block-quote-is-layout-flow\"><p><span class=\"has-inline-color has-luminous-vivid-orange-color\">Temos a sensa\u00e7\u00e3o de que as pessoas est\u00e3o entendendo a import\u00e2ncia disso para pequenas comunidades nos Estados Unidos, o impacto econ\u00f4mico disso para o nosso pa\u00eds. Ent\u00e3o, veja, vamos continuar lutando arduamente para avan\u00e7ar na quest\u00e3o tarif\u00e1ria\u201d, disse o diretor-executivo.<\/span><\/p><\/blockquote>\n\n\n\n<div class=\"wp-block-image\"><figure class=\"aligncenter size-large is-resized\"><a href=\"https:\/\/www.instagram.com\/rcradiadores\/\"><img loading=\"lazy\" decoding=\"async\" src=\"https:\/\/jornalfatosenoticias.com.br\/wp-content\/uploads\/2022\/10\/RC_800x750_page-0001.jpg\" alt=\"\" class=\"wp-image-35338\" width=\"293\" height=\"275\" srcset=\"https:\/\/jornalfatosenoticias.com.br\/wp-content\/uploads\/2022\/10\/RC_800x750_page-0001.jpg 400w, https:\/\/jornalfatosenoticias.com.br\/wp-content\/uploads\/2022\/10\/RC_800x750_page-0001-300x281.jpg 300w\" sizes=\"auto, (max-width: 293px) 100vw, 293px\" \/><\/a><\/figure><\/div>\n\n\n\n<p>O diretor comercial da <em>Skywest,<\/em> Wade Steele, reiterou na mesma reuni\u00e3o para apresenta\u00e7\u00e3o do balan\u00e7o financeiro da empresa americana que a possibilidade de adiamento dessas entregas da Embraer \u00e9 alta.<\/p>\n\n\n\n<div class=\"wp-block-image\"><figure class=\"aligncenter size-large is-resized\"><a href=\"https:\/\/www.facebook.com\/postobkr\/?locale=pt_BR\"><img loading=\"lazy\" decoding=\"async\" src=\"https:\/\/jornalfatosenoticias.com.br\/wp-content\/uploads\/2023\/08\/BKR-1024x1021.jpg\" alt=\"\" class=\"wp-image-44494\" width=\"300\" height=\"299\" srcset=\"https:\/\/jornalfatosenoticias.com.br\/wp-content\/uploads\/2023\/08\/BKR-1024x1021.jpg 1024w, https:\/\/jornalfatosenoticias.com.br\/wp-content\/uploads\/2023\/08\/BKR-300x300.jpg 300w, https:\/\/jornalfatosenoticias.com.br\/wp-content\/uploads\/2023\/08\/BKR-150x150.jpg 150w, https:\/\/jornalfatosenoticias.com.br\/wp-content\/uploads\/2023\/08\/BKR-768x766.jpg 768w, https:\/\/jornalfatosenoticias.com.br\/wp-content\/uploads\/2023\/08\/BKR.jpg 1080w\" sizes=\"auto, (max-width: 300px) 100vw, 300px\" \/><\/a><\/figure><\/div>\n\n\n\n<blockquote class=\"wp-block-quote is-layout-flow wp-block-quote-is-layout-flow\"><p><span class=\"has-inline-color has-luminous-vivid-orange-color\">Se a tarifa de 50% com o Brasil for implementada, planejamos trabalhar com nossos principais parceiros e a Embraer para adiar a entrega at\u00e9 que a situa\u00e7\u00e3o tarif\u00e1ria seja resolvida\u201d.<\/span><\/p><\/blockquote>\n\n\n\n<div class=\"wp-block-image\"><figure class=\"aligncenter size-large is-resized\"><a href=\"https:\/\/www.instagram.com\/gruposei\/\"><img loading=\"lazy\" decoding=\"async\" src=\"https:\/\/jornalfatosenoticias.com.br\/wp-content\/uploads\/2022\/07\/Logo-Grupo-SEI.jpg\" alt=\"\" class=\"wp-image-31973\" width=\"383\" height=\"201\" srcset=\"https:\/\/jornalfatosenoticias.com.br\/wp-content\/uploads\/2022\/07\/Logo-Grupo-SEI.jpg 713w, https:\/\/jornalfatosenoticias.com.br\/wp-content\/uploads\/2022\/07\/Logo-Grupo-SEI-300x158.jpg 300w\" sizes=\"auto, (max-width: 383px) 100vw, 383px\" \/><\/a><\/figure><\/div>\n\n\n\n<p>A Embraer anunciou em junho um pedido da Skywest para entrega de 60 aeronaves at\u00e9 2032. Na reuni\u00e3o da semana passada, a companhia americana informou que j\u00e1 adquiriu 14 jatos. No final de semana, o presidente Donald Trump <a href=\"https:\/\/www.gazetadopovo.com.br\/economia\/trump-confirma-data-para-tarifas-que-vao-atingir-o-brasil\/\" target=\"_blank\" rel=\"noreferrer noopener\">confirmou que as tarifas impostas<\/a> a parceiros comerciais entrar\u00e3o em vigor no dia 1.\u00ba de agosto, sem novos adiamentos. O Brasil enfrenta uma tarifa de 50% sobre produtos que entram nos Estados Unidos, a mais alta anunciada pelo presidente americano at\u00e9 o momento.<\/p>\n\n\n\n<div class=\"wp-block-image\"><figure class=\"aligncenter size-large is-resized\"><a href=\"https:\/\/www.instagram.com\/serra4x4cambioautomatico\/\"><img loading=\"lazy\" decoding=\"async\" src=\"https:\/\/jornalfatosenoticias.com.br\/wp-content\/uploads\/2024\/08\/Serra-4x4-1-886x1024.jpg\" alt=\"\" class=\"wp-image-53632\" width=\"224\" height=\"259\" srcset=\"https:\/\/jornalfatosenoticias.com.br\/wp-content\/uploads\/2024\/08\/Serra-4x4-1-886x1024.jpg 886w, https:\/\/jornalfatosenoticias.com.br\/wp-content\/uploads\/2024\/08\/Serra-4x4-1-260x300.jpg 260w, https:\/\/jornalfatosenoticias.com.br\/wp-content\/uploads\/2024\/08\/Serra-4x4-1-768x888.jpg 768w, https:\/\/jornalfatosenoticias.com.br\/wp-content\/uploads\/2024\/08\/Serra-4x4-1.jpg 1181w\" sizes=\"auto, (max-width: 224px) 100vw, 224px\" \/><\/a><\/figure><\/div>\n\n\n\n<p><strong>Fonte: <a href=\"https:\/\/www.gazetadopovo.com.br\/mundo\/companhia-aerea-eua-ameaca-cancelar-encomendas-da-embraer-devido-as-tarifas\/\">Gazeta do Povo<\/a><\/strong><\/p>\n","protected":false},"excerpt":{"rendered":"<p>Companhia dos EUA pode cancelar compra de dezenas de jatos da Embraer com entrada em vigor de tarifa ao Brasil Por Isabella de Paula A companhia a\u00e9rea dos Estados Unidos Skywest anunciou que pode adiar a aquisi\u00e7\u00e3o de dezenas de aeronaves encomendadas da Embraer devido \u00e0 imposi\u00e7\u00e3o de tarifas a produtos importados do Brasil pelo [&hellip;]<\/p>\n","protected":false},"author":2,"featured_media":60855,"comment_status":"open","ping_status":"open","sticky":false,"template":"","format":"standard","meta":{"footnotes":""},"categories":[9],"tags":[2147,8247,1751,27760,27759,27757,27758],"class_list":["post-60854","post","type-post","status-publish","format-standard","has-post-thumbnail","hentry","category-economia","tag-donald-trump","tag-embraer","tag-estados-unidos","tag-jatos","tag-jatos-da-embraer","tag-skywest","tag-tarifaco"],"yoast_head":"<!-- This site is optimized with the Yoast SEO plugin v26.5 - https:\/\/yoast.com\/wordpress\/plugins\/seo\/ -->\n<title>Companhia a\u00e9rea dos EUA amea\u00e7a adiar encomendas da Embraer devido \u00e0s tarifas - Jornal Fatos e Not\u00edcias<\/title>\n<meta name=\"robots\" content=\"index, follow, max-snippet:-1, max-image-preview:large, max-video-preview:-1\" \/>\n<link rel=\"canonical\" href=\"https:\/\/jornalfatosenoticias.com.br\/index.php\/2025\/07\/29\/companhia-aerea-dos-eua-ameaca-adiar-encomendas-da-embraer-devido-as-tarifas\/\" \/>\n<meta property=\"og:locale\" content=\"pt_BR\" \/>\n<meta property=\"og:type\" content=\"article\" \/>\n<meta property=\"og:title\" content=\"Companhia a\u00e9rea dos EUA amea\u00e7a adiar encomendas da Embraer devido \u00e0s tarifas - Jornal Fatos e Not\u00edcias\" \/>\n<meta property=\"og:description\" content=\"Companhia dos EUA pode cancelar compra de dezenas de jatos da Embraer com entrada em vigor de tarifa ao Brasil Por Isabella de Paula A companhia a\u00e9rea dos Estados Unidos Skywest anunciou que pode adiar a aquisi\u00e7\u00e3o de dezenas de aeronaves encomendadas da Embraer devido \u00e0 imposi\u00e7\u00e3o de tarifas a produtos importados do Brasil pelo [&hellip;]\" \/>\n<meta property=\"og:url\" content=\"https:\/\/jornalfatosenoticias.com.br\/index.php\/2025\/07\/29\/companhia-aerea-dos-eua-ameaca-adiar-encomendas-da-embraer-devido-as-tarifas\/\" \/>\n<meta property=\"og:site_name\" content=\"Jornal Fatos e Not\u00edcias\" \/>\n<meta property=\"article:published_time\" content=\"2025-07-29T13:38:30+00:00\" \/>\n<meta property=\"article:modified_time\" content=\"2025-07-29T13:38:32+00:00\" \/>\n<meta property=\"og:image\" content=\"https:\/\/jornalfatosenoticias.com.br\/wp-content\/uploads\/2025\/07\/jatos-da-Embraer.jpg\" \/>\n\t<meta property=\"og:image:width\" content=\"1000\" \/>\n\t<meta property=\"og:image:height\" content=\"665\" \/>\n\t<meta property=\"og:image:type\" content=\"image\/jpeg\" \/>\n<meta name=\"author\" content=\"Luzimara Fernandes\" \/>\n<meta name=\"twitter:card\" content=\"summary_large_image\" \/>\n<meta name=\"twitter:label1\" content=\"Escrito por\" \/>\n\t<meta name=\"twitter:data1\" content=\"Luzimara Fernandes\" \/>\n\t<meta name=\"twitter:label2\" content=\"Est. tempo de leitura\" \/>\n\t<meta name=\"twitter:data2\" content=\"1 minuto\" \/>\n<script type=\"application\/ld+json\" class=\"yoast-schema-graph\">{\"@context\":\"https:\/\/schema.org\",\"@graph\":[{\"@type\":\"Article\",\"@id\":\"https:\/\/jornalfatosenoticias.com.br\/index.php\/2025\/07\/29\/companhia-aerea-dos-eua-ameaca-adiar-encomendas-da-embraer-devido-as-tarifas\/#article\",\"isPartOf\":{\"@id\":\"https:\/\/jornalfatosenoticias.com.br\/index.php\/2025\/07\/29\/companhia-aerea-dos-eua-ameaca-adiar-encomendas-da-embraer-devido-as-tarifas\/\"},\"author\":{\"name\":\"Luzimara Fernandes\",\"@id\":\"https:\/\/jornalfatosenoticias.com.br\/#\/schema\/person\/d63837fa13ac8666eb9e74e0985d6f81\"},\"headline\":\"Companhia a\u00e9rea dos EUA amea\u00e7a adiar encomendas da Embraer devido \u00e0s tarifas\",\"datePublished\":\"2025-07-29T13:38:30+00:00\",\"dateModified\":\"2025-07-29T13:38:32+00:00\",\"mainEntityOfPage\":{\"@id\":\"https:\/\/jornalfatosenoticias.com.br\/index.php\/2025\/07\/29\/companhia-aerea-dos-eua-ameaca-adiar-encomendas-da-embraer-devido-as-tarifas\/\"},\"wordCount\":307,\"commentCount\":0,\"publisher\":{\"@id\":\"https:\/\/jornalfatosenoticias.com.br\/#organization\"},\"image\":{\"@id\":\"https:\/\/jornalfatosenoticias.com.br\/index.php\/2025\/07\/29\/companhia-aerea-dos-eua-ameaca-adiar-encomendas-da-embraer-devido-as-tarifas\/#primaryimage\"},\"thumbnailUrl\":\"https:\/\/jornalfatosenoticias.com.br\/wp-content\/uploads\/2025\/07\/jatos-da-Embraer.jpg\",\"keywords\":[\"Donald Trump\",\"Embraer\",\"Estados Unidos\",\"jatos\",\"jatos da Embraer\",\"Skywest\",\"tarifa\u00e7o\"],\"articleSection\":[\"Economia\"],\"inLanguage\":\"pt-BR\",\"potentialAction\":[{\"@type\":\"CommentAction\",\"name\":\"Comment\",\"target\":[\"https:\/\/jornalfatosenoticias.com.br\/index.php\/2025\/07\/29\/companhia-aerea-dos-eua-ameaca-adiar-encomendas-da-embraer-devido-as-tarifas\/#respond\"]}]},{\"@type\":\"WebPage\",\"@id\":\"https:\/\/jornalfatosenoticias.com.br\/index.php\/2025\/07\/29\/companhia-aerea-dos-eua-ameaca-adiar-encomendas-da-embraer-devido-as-tarifas\/\",\"url\":\"https:\/\/jornalfatosenoticias.com.br\/index.php\/2025\/07\/29\/companhia-aerea-dos-eua-ameaca-adiar-encomendas-da-embraer-devido-as-tarifas\/\",\"name\":\"Companhia a\u00e9rea dos EUA amea\u00e7a adiar encomendas da Embraer devido \u00e0s tarifas - Jornal Fatos e Not\u00edcias\",\"isPartOf\":{\"@id\":\"https:\/\/jornalfatosenoticias.com.br\/#website\"},\"primaryImageOfPage\":{\"@id\":\"https:\/\/jornalfatosenoticias.com.br\/index.php\/2025\/07\/29\/companhia-aerea-dos-eua-ameaca-adiar-encomendas-da-embraer-devido-as-tarifas\/#primaryimage\"},\"image\":{\"@id\":\"https:\/\/jornalfatosenoticias.com.br\/index.php\/2025\/07\/29\/companhia-aerea-dos-eua-ameaca-adiar-encomendas-da-embraer-devido-as-tarifas\/#primaryimage\"},\"thumbnailUrl\":\"https:\/\/jornalfatosenoticias.com.br\/wp-content\/uploads\/2025\/07\/jatos-da-Embraer.jpg\",\"datePublished\":\"2025-07-29T13:38:30+00:00\",\"dateModified\":\"2025-07-29T13:38:32+00:00\",\"breadcrumb\":{\"@id\":\"https:\/\/jornalfatosenoticias.com.br\/index.php\/2025\/07\/29\/companhia-aerea-dos-eua-ameaca-adiar-encomendas-da-embraer-devido-as-tarifas\/#breadcrumb\"},\"inLanguage\":\"pt-BR\",\"potentialAction\":[{\"@type\":\"ReadAction\",\"target\":[\"https:\/\/jornalfatosenoticias.com.br\/index.php\/2025\/07\/29\/companhia-aerea-dos-eua-ameaca-adiar-encomendas-da-embraer-devido-as-tarifas\/\"]}]},{\"@type\":\"ImageObject\",\"inLanguage\":\"pt-BR\",\"@id\":\"https:\/\/jornalfatosenoticias.com.br\/index.php\/2025\/07\/29\/companhia-aerea-dos-eua-ameaca-adiar-encomendas-da-embraer-devido-as-tarifas\/#primaryimage\",\"url\":\"https:\/\/jornalfatosenoticias.com.br\/wp-content\/uploads\/2025\/07\/jatos-da-Embraer.jpg\",\"contentUrl\":\"https:\/\/jornalfatosenoticias.com.br\/wp-content\/uploads\/2025\/07\/jatos-da-Embraer.jpg\",\"width\":1000,\"height\":665},{\"@type\":\"BreadcrumbList\",\"@id\":\"https:\/\/jornalfatosenoticias.com.br\/index.php\/2025\/07\/29\/companhia-aerea-dos-eua-ameaca-adiar-encomendas-da-embraer-devido-as-tarifas\/#breadcrumb\",\"itemListElement\":[{\"@type\":\"ListItem\",\"position\":1,\"name\":\"In\u00edcio\",\"item\":\"https:\/\/jornalfatosenoticias.com.br\/\"},{\"@type\":\"ListItem\",\"position\":2,\"name\":\"Companhia a\u00e9rea dos EUA amea\u00e7a adiar encomendas da Embraer devido \u00e0s tarifas\"}]},{\"@type\":\"WebSite\",\"@id\":\"https:\/\/jornalfatosenoticias.com.br\/#website\",\"url\":\"https:\/\/jornalfatosenoticias.com.br\/\",\"name\":\"Jornal Fatos e Not\u00edcias\",\"description\":\"Not\u00edcias em geral\",\"publisher\":{\"@id\":\"https:\/\/jornalfatosenoticias.com.br\/#organization\"},\"potentialAction\":[{\"@type\":\"SearchAction\",\"target\":{\"@type\":\"EntryPoint\",\"urlTemplate\":\"https:\/\/jornalfatosenoticias.com.br\/?s={search_term_string}\"},\"query-input\":{\"@type\":\"PropertyValueSpecification\",\"valueRequired\":true,\"valueName\":\"search_term_string\"}}],\"inLanguage\":\"pt-BR\"},{\"@type\":\"Organization\",\"@id\":\"https:\/\/jornalfatosenoticias.com.br\/#organization\",\"name\":\"Jornal Fatos e Not\u00edcias\",\"url\":\"https:\/\/jornalfatosenoticias.com.br\/\",\"logo\":{\"@type\":\"ImageObject\",\"inLanguage\":\"pt-BR\",\"@id\":\"https:\/\/jornalfatosenoticias.com.br\/#\/schema\/logo\/image\/\",\"url\":\"https:\/\/jornalfatosenoticias.com.br\/wp-content\/uploads\/2020\/02\/logo120.png\",\"contentUrl\":\"https:\/\/jornalfatosenoticias.com.br\/wp-content\/uploads\/2020\/02\/logo120.png\",\"width\":1227,\"height\":120,\"caption\":\"Jornal Fatos e Not\u00edcias\"},\"image\":{\"@id\":\"https:\/\/jornalfatosenoticias.com.br\/#\/schema\/logo\/image\/\"}},{\"@type\":\"Person\",\"@id\":\"https:\/\/jornalfatosenoticias.com.br\/#\/schema\/person\/d63837fa13ac8666eb9e74e0985d6f81\",\"name\":\"Luzimara Fernandes\",\"image\":{\"@type\":\"ImageObject\",\"inLanguage\":\"pt-BR\",\"@id\":\"https:\/\/jornalfatosenoticias.com.br\/#\/schema\/person\/image\/\",\"url\":\"https:\/\/jornalfatosenoticias.com.br\/wp-content\/uploads\/2025\/05\/EU_portal.jpg\",\"contentUrl\":\"https:\/\/jornalfatosenoticias.com.br\/wp-content\/uploads\/2025\/05\/EU_portal.jpg\",\"caption\":\"Luzimara Fernandes\"},\"description\":\"Jornalista MTB 2358-ES\",\"sameAs\":[\"https:\/\/jornalfatosenoticias.com.br\"],\"url\":\"https:\/\/jornalfatosenoticias.com.br\/index.php\/author\/luzimara\/\"}]}<\/script>\n<!-- \/ Yoast SEO plugin. -->","yoast_head_json":{"title":"Companhia a\u00e9rea dos EUA amea\u00e7a adiar encomendas da Embraer devido \u00e0s tarifas - Jornal Fatos e Not\u00edcias","robots":{"index":"index","follow":"follow","max-snippet":"max-snippet:-1","max-image-preview":"max-image-preview:large","max-video-preview":"max-video-preview:-1"},"canonical":"https:\/\/jornalfatosenoticias.com.br\/index.php\/2025\/07\/29\/companhia-aerea-dos-eua-ameaca-adiar-encomendas-da-embraer-devido-as-tarifas\/","og_locale":"pt_BR","og_type":"article","og_title":"Companhia a\u00e9rea dos EUA amea\u00e7a adiar encomendas da Embraer devido \u00e0s tarifas - Jornal Fatos e Not\u00edcias","og_description":"Companhia dos EUA pode cancelar compra de dezenas de jatos da Embraer com entrada em vigor de tarifa ao Brasil Por Isabella de Paula A companhia a\u00e9rea dos Estados Unidos Skywest anunciou que pode adiar a aquisi\u00e7\u00e3o de dezenas de aeronaves encomendadas da Embraer devido \u00e0 imposi\u00e7\u00e3o de tarifas a produtos importados do Brasil pelo [&hellip;]","og_url":"https:\/\/jornalfatosenoticias.com.br\/index.php\/2025\/07\/29\/companhia-aerea-dos-eua-ameaca-adiar-encomendas-da-embraer-devido-as-tarifas\/","og_site_name":"Jornal Fatos e Not\u00edcias","article_published_time":"2025-07-29T13:38:30+00:00","article_modified_time":"2025-07-29T13:38:32+00:00","og_image":[{"width":1000,"height":665,"url":"https:\/\/jornalfatosenoticias.com.br\/wp-content\/uploads\/2025\/07\/jatos-da-Embraer.jpg","type":"image\/jpeg"}],"author":"Luzimara Fernandes","twitter_card":"summary_large_image","twitter_misc":{"Escrito por":"Luzimara Fernandes","Est. tempo de leitura":"1 minuto"},"schema":{"@context":"https:\/\/schema.org","@graph":[{"@type":"Article","@id":"https:\/\/jornalfatosenoticias.com.br\/index.php\/2025\/07\/29\/companhia-aerea-dos-eua-ameaca-adiar-encomendas-da-embraer-devido-as-tarifas\/#article","isPartOf":{"@id":"https:\/\/jornalfatosenoticias.com.br\/index.php\/2025\/07\/29\/companhia-aerea-dos-eua-ameaca-adiar-encomendas-da-embraer-devido-as-tarifas\/"},"author":{"name":"Luzimara Fernandes","@id":"https:\/\/jornalfatosenoticias.com.br\/#\/schema\/person\/d63837fa13ac8666eb9e74e0985d6f81"},"headline":"Companhia a\u00e9rea dos EUA amea\u00e7a adiar encomendas da Embraer devido \u00e0s tarifas","datePublished":"2025-07-29T13:38:30+00:00","dateModified":"2025-07-29T13:38:32+00:00","mainEntityOfPage":{"@id":"https:\/\/jornalfatosenoticias.com.br\/index.php\/2025\/07\/29\/companhia-aerea-dos-eua-ameaca-adiar-encomendas-da-embraer-devido-as-tarifas\/"},"wordCount":307,"commentCount":0,"publisher":{"@id":"https:\/\/jornalfatosenoticias.com.br\/#organization"},"image":{"@id":"https:\/\/jornalfatosenoticias.com.br\/index.php\/2025\/07\/29\/companhia-aerea-dos-eua-ameaca-adiar-encomendas-da-embraer-devido-as-tarifas\/#primaryimage"},"thumbnailUrl":"https:\/\/jornalfatosenoticias.com.br\/wp-content\/uploads\/2025\/07\/jatos-da-Embraer.jpg","keywords":["Donald Trump","Embraer","Estados Unidos","jatos","jatos da Embraer","Skywest","tarifa\u00e7o"],"articleSection":["Economia"],"inLanguage":"pt-BR","potentialAction":[{"@type":"CommentAction","name":"Comment","target":["https:\/\/jornalfatosenoticias.com.br\/index.php\/2025\/07\/29\/companhia-aerea-dos-eua-ameaca-adiar-encomendas-da-embraer-devido-as-tarifas\/#respond"]}]},{"@type":"WebPage","@id":"https:\/\/jornalfatosenoticias.com.br\/index.php\/2025\/07\/29\/companhia-aerea-dos-eua-ameaca-adiar-encomendas-da-embraer-devido-as-tarifas\/","url":"https:\/\/jornalfatosenoticias.com.br\/index.php\/2025\/07\/29\/companhia-aerea-dos-eua-ameaca-adiar-encomendas-da-embraer-devido-as-tarifas\/","name":"Companhia a\u00e9rea dos EUA amea\u00e7a adiar encomendas da Embraer devido \u00e0s tarifas - Jornal Fatos e Not\u00edcias","isPartOf":{"@id":"https:\/\/jornalfatosenoticias.com.br\/#website"},"primaryImageOfPage":{"@id":"https:\/\/jornalfatosenoticias.com.br\/index.php\/2025\/07\/29\/companhia-aerea-dos-eua-ameaca-adiar-encomendas-da-embraer-devido-as-tarifas\/#primaryimage"},"image":{"@id":"https:\/\/jornalfatosenoticias.com.br\/index.php\/2025\/07\/29\/companhia-aerea-dos-eua-ameaca-adiar-encomendas-da-embraer-devido-as-tarifas\/#primaryimage"},"thumbnailUrl":"https:\/\/jornalfatosenoticias.com.br\/wp-content\/uploads\/2025\/07\/jatos-da-Embraer.jpg","datePublished":"2025-07-29T13:38:30+00:00","dateModified":"2025-07-29T13:38:32+00:00","breadcrumb":{"@id":"https:\/\/jornalfatosenoticias.com.br\/index.php\/2025\/07\/29\/companhia-aerea-dos-eua-ameaca-adiar-encomendas-da-embraer-devido-as-tarifas\/#breadcrumb"},"inLanguage":"pt-BR","potentialAction":[{"@type":"ReadAction","target":["https:\/\/jornalfatosenoticias.com.br\/index.php\/2025\/07\/29\/companhia-aerea-dos-eua-ameaca-adiar-encomendas-da-embraer-devido-as-tarifas\/"]}]},{"@type":"ImageObject","inLanguage":"pt-BR","@id":"https:\/\/jornalfatosenoticias.com.br\/index.php\/2025\/07\/29\/companhia-aerea-dos-eua-ameaca-adiar-encomendas-da-embraer-devido-as-tarifas\/#primaryimage","url":"https:\/\/jornalfatosenoticias.com.br\/wp-content\/uploads\/2025\/07\/jatos-da-Embraer.jpg","contentUrl":"https:\/\/jornalfatosenoticias.com.br\/wp-content\/uploads\/2025\/07\/jatos-da-Embraer.jpg","width":1000,"height":665},{"@type":"BreadcrumbList","@id":"https:\/\/jornalfatosenoticias.com.br\/index.php\/2025\/07\/29\/companhia-aerea-dos-eua-ameaca-adiar-encomendas-da-embraer-devido-as-tarifas\/#breadcrumb","itemListElement":[{"@type":"ListItem","position":1,"name":"In\u00edcio","item":"https:\/\/jornalfatosenoticias.com.br\/"},{"@type":"ListItem","position":2,"name":"Companhia a\u00e9rea dos EUA amea\u00e7a adiar encomendas da Embraer devido \u00e0s tarifas"}]},{"@type":"WebSite","@id":"https:\/\/jornalfatosenoticias.com.br\/#website","url":"https:\/\/jornalfatosenoticias.com.br\/","name":"Jornal Fatos e Not\u00edcias","description":"Not\u00edcias em geral","publisher":{"@id":"https:\/\/jornalfatosenoticias.com.br\/#organization"},"potentialAction":[{"@type":"SearchAction","target":{"@type":"EntryPoint","urlTemplate":"https:\/\/jornalfatosenoticias.com.br\/?s={search_term_string}"},"query-input":{"@type":"PropertyValueSpecification","valueRequired":true,"valueName":"search_term_string"}}],"inLanguage":"pt-BR"},{"@type":"Organization","@id":"https:\/\/jornalfatosenoticias.com.br\/#organization","name":"Jornal Fatos e Not\u00edcias","url":"https:\/\/jornalfatosenoticias.com.br\/","logo":{"@type":"ImageObject","inLanguage":"pt-BR","@id":"https:\/\/jornalfatosenoticias.com.br\/#\/schema\/logo\/image\/","url":"https:\/\/jornalfatosenoticias.com.br\/wp-content\/uploads\/2020\/02\/logo120.png","contentUrl":"https:\/\/jornalfatosenoticias.com.br\/wp-content\/uploads\/2020\/02\/logo120.png","width":1227,"height":120,"caption":"Jornal Fatos e Not\u00edcias"},"image":{"@id":"https:\/\/jornalfatosenoticias.com.br\/#\/schema\/logo\/image\/"}},{"@type":"Person","@id":"https:\/\/jornalfatosenoticias.com.br\/#\/schema\/person\/d63837fa13ac8666eb9e74e0985d6f81","name":"Luzimara Fernandes","image":{"@type":"ImageObject","inLanguage":"pt-BR","@id":"https:\/\/jornalfatosenoticias.com.br\/#\/schema\/person\/image\/","url":"https:\/\/jornalfatosenoticias.com.br\/wp-content\/uploads\/2025\/05\/EU_portal.jpg","contentUrl":"https:\/\/jornalfatosenoticias.com.br\/wp-content\/uploads\/2025\/05\/EU_portal.jpg","caption":"Luzimara Fernandes"},"description":"Jornalista MTB 2358-ES","sameAs":["https:\/\/jornalfatosenoticias.com.br"],"url":"https:\/\/jornalfatosenoticias.com.br\/index.php\/author\/luzimara\/"}]}},"cc_featured_image_caption":{"caption_text":"(Foto: Getty Images)","source_text":"","source_url":""},"jetpack_featured_media_url":"https:\/\/jornalfatosenoticias.com.br\/wp-content\/uploads\/2025\/07\/jatos-da-Embraer.jpg","_links":{"self":[{"href":"https:\/\/jornalfatosenoticias.com.br\/index.php\/wp-json\/wp\/v2\/posts\/60854","targetHints":{"allow":["GET"]}}],"collection":[{"href":"https:\/\/jornalfatosenoticias.com.br\/index.php\/wp-json\/wp\/v2\/posts"}],"about":[{"href":"https:\/\/jornalfatosenoticias.com.br\/index.php\/wp-json\/wp\/v2\/types\/post"}],"author":[{"embeddable":true,"href":"https:\/\/jornalfatosenoticias.com.br\/index.php\/wp-json\/wp\/v2\/users\/2"}],"replies":[{"embeddable":true,"href":"https:\/\/jornalfatosenoticias.com.br\/index.php\/wp-json\/wp\/v2\/comments?post=60854"}],"version-history":[{"count":0,"href":"https:\/\/jornalfatosenoticias.com.br\/index.php\/wp-json\/wp\/v2\/posts\/60854\/revisions"}],"wp:featuredmedia":[{"embeddable":true,"href":"https:\/\/jornalfatosenoticias.com.br\/index.php\/wp-json\/wp\/v2\/media\/60855"}],"wp:attachment":[{"href":"https:\/\/jornalfatosenoticias.com.br\/index.php\/wp-json\/wp\/v2\/media?parent=60854"}],"wp:term":[{"taxonomy":"category","embeddable":true,"href":"https:\/\/jornalfatosenoticias.com.br\/index.php\/wp-json\/wp\/v2\/categories?post=60854"},{"taxonomy":"post_tag","embeddable":true,"href":"https:\/\/jornalfatosenoticias.com.br\/index.php\/wp-json\/wp\/v2\/tags?post=60854"}],"curies":[{"name":"wp","href":"https:\/\/api.w.org\/{rel}","templated":true}]}}