{"id":60857,"date":"2025-07-29T10:52:44","date_gmt":"2025-07-29T13:52:44","guid":{"rendered":"https:\/\/jornalfatosenoticias.com.br\/?p=60857"},"modified":"2025-07-29T10:53:12","modified_gmt":"2025-07-29T13:53:12","slug":"governo-lula-prepara-pacote-de-programas-sociais-para-reduzir-rejeicao-e-reagir-a-tarifa-de-trump","status":"publish","type":"post","link":"https:\/\/jornalfatosenoticias.com.br\/index.php\/2025\/07\/29\/governo-lula-prepara-pacote-de-programas-sociais-para-reduzir-rejeicao-e-reagir-a-tarifa-de-trump\/","title":{"rendered":"Governo Lula prepara pacote de programas sociais para reduzir rejei\u00e7\u00e3o e reagir \u00e0 tarifa de Trump"},"content":{"rendered":"\n<div class=\"wp-block-image\"><figure class=\"aligncenter size-large\"><a href=\"https:\/\/mizu.com.br\/\"><img loading=\"lazy\" decoding=\"async\" width=\"729\" height=\"90\" src=\"https:\/\/jornalfatosenoticias.com.br\/wp-content\/uploads\/2020\/02\/Logo_Mizu.png\" alt=\"\" class=\"wp-image-1441\" srcset=\"https:\/\/jornalfatosenoticias.com.br\/wp-content\/uploads\/2020\/02\/Logo_Mizu.png 729w, https:\/\/jornalfatosenoticias.com.br\/wp-content\/uploads\/2020\/02\/Logo_Mizu-300x37.png 300w\" sizes=\"auto, (max-width: 729px) 100vw, 729px\" \/><\/a><\/figure><\/div>\n\n\n\n<p>O Pal\u00e1cio do Planalto finaliza um pacote de programas sociais a ser lan\u00e7ado no segundo semestre de 2025 com o objetivo de refor\u00e7ar a base eleitoral de Luiz In\u00e1cio Lula da Silva (PT) e reduzir sua rejei\u00e7\u00e3o. Segundo O Globo, as a\u00e7\u00f5es miram a classe m\u00e9dia, periferias e popula\u00e7\u00e3o de baixa renda, em meio \u00e0 articula\u00e7\u00e3o para uma poss\u00edvel candidatura do petista a um quarto mandato.<br>Entre as medidas, est\u00e1 o \u201cG\u00e1s para Todos\u201d, que substituir\u00e1 o Aux\u00edlio G\u00e1s a partir de agosto. Com custo estimado de R$ 2,6 bilh\u00f5es em 2025, podendo chegar a R$ 5 bilh\u00f5es em 2026, o programa prev\u00ea um cart\u00e3o para que 16,6 milh\u00f5es de fam\u00edlias retirem botij\u00f5es de 13kg. Outra iniciativa \u00e9 o financiamento de ve\u00edculos para motoristas e entregadores de aplicativos, com R$ 10 bilh\u00f5es reservados para apoiar micro e pequenos empreendedores. Para a classe m\u00e9dia, o Minist\u00e9rio das Cidades prepara linhas de cr\u00e9dito para reformas residenciais, com valores entre R$ 5 mil e R$ 30 mil.<\/p>\n\n\n\n<div class=\"wp-block-image\"><figure class=\"aligncenter size-large\"><a href=\"http:\/\/www.ferrarimaquinas.com.br\/\"><img loading=\"lazy\" decoding=\"async\" width=\"300\" height=\"250\" src=\"https:\/\/jornalfatosenoticias.com.br\/wp-content\/uploads\/2022\/02\/FERRARI_MAQUINAS-E-FERRAMENTAS2.jpg\" alt=\"\" class=\"wp-image-27860\"\/><\/a><\/figure><\/div>\n\n\n\n<p>O pacote tamb\u00e9m busca amortecer os impactos da tarifa de 50% sobre produtos brasileiros anunciada por Donald Trump e que entrar\u00e1 em vigor na sexta-feira (1.\u00ba). O plano de conting\u00eancia inclui linhas de cr\u00e9dito facilitadas, um fundo tempor\u00e1rio para pequenas e m\u00e9dias empresas e compras governamentais de produtos afetados.<\/p>\n\n\n\n<div class=\"wp-block-image\"><figure class=\"aligncenter size-large is-resized\"><a href=\"https:\/\/panper.com.br\/\"><img loading=\"lazy\" decoding=\"async\" src=\"https:\/\/jornalfatosenoticias.com.br\/wp-content\/uploads\/2023\/03\/logo-Panper_portal.jpg\" alt=\"\" class=\"wp-image-40208\" width=\"313\" height=\"217\" srcset=\"https:\/\/jornalfatosenoticias.com.br\/wp-content\/uploads\/2023\/03\/logo-Panper_portal.jpg 400w, https:\/\/jornalfatosenoticias.com.br\/wp-content\/uploads\/2023\/03\/logo-Panper_portal-300x208.jpg 300w\" sizes=\"auto, (max-width: 313px) 100vw, 313px\" \/><\/a><\/figure><\/div>\n\n\n\n<p>Apesar do tom assistencialista, pesquisa Quaest realizada entre 10 e 14 de julho mostra que 58% dos eleitores n\u00e3o apoiam uma nova candidatura de Lula. Na \u00faltima semana, o petista j\u00e1 havia dado sinais do tom eleitoral em evento do PAC em Osasco (SP), onde criticou eleitores que votam em candidatos ricos.<\/p>\n\n\n\n<div class=\"wp-block-image\"><figure class=\"aligncenter size-large\"><a href=\"https:\/\/www.controlsystems.com.br\/\"><img loading=\"lazy\" decoding=\"async\" width=\"1024\" height=\"109\" src=\"https:\/\/jornalfatosenoticias.com.br\/wp-content\/uploads\/2020\/02\/CONTROL-CS2-1024x109.jpg\" alt=\"\" class=\"wp-image-44989\" srcset=\"https:\/\/jornalfatosenoticias.com.br\/wp-content\/uploads\/2020\/02\/CONTROL-CS2-1024x109.jpg 1024w, https:\/\/jornalfatosenoticias.com.br\/wp-content\/uploads\/2020\/02\/CONTROL-CS2-300x32.jpg 300w, https:\/\/jornalfatosenoticias.com.br\/wp-content\/uploads\/2020\/02\/CONTROL-CS2-768x82.jpg 768w, https:\/\/jornalfatosenoticias.com.br\/wp-content\/uploads\/2020\/02\/CONTROL-CS2.jpg 1120w\" sizes=\"auto, (max-width: 1024px) 100vw, 1024px\" \/><\/a><\/figure><\/div>\n\n\n\n<p><strong>Fonte: <a href=\"https:\/\/horabrasilia.com.br\/2025\/07\/governo-lula-prepara-pacote-de-programas-sociais-para-reduzir-rejeicao-e-reagir-a-tarifa-de-trump\/\">Hora Bras\u00edlia<\/a><\/strong><\/p>\n","protected":false},"excerpt":{"rendered":"<p>O Pal\u00e1cio do Planalto finaliza um pacote de programas sociais a ser lan\u00e7ado no segundo semestre de 2025 com o objetivo de refor\u00e7ar a base eleitoral de Luiz In\u00e1cio Lula da Silva (PT) e reduzir sua rejei\u00e7\u00e3o. Segundo O Globo, as a\u00e7\u00f5es miram a classe m\u00e9dia, periferias e popula\u00e7\u00e3o de baixa renda, em meio \u00e0 [&hellip;]<\/p>\n","protected":false},"author":2,"featured_media":60858,"comment_status":"open","ping_status":"open","sticky":false,"template":"","format":"standard","meta":{"footnotes":""},"categories":[9],"tags":[7580,27761,1900],"class_list":["post-60857","post","type-post","status-publish","format-standard","has-post-thumbnail","hentry","category-economia","tag-lula","tag-pacote-de-programas-sociais","tag-palacio-do-planalto"],"yoast_head":"<!-- This site is optimized with the Yoast SEO plugin v26.5 - https:\/\/yoast.com\/wordpress\/plugins\/seo\/ -->\n<title>Governo Lula prepara pacote de programas sociais para reduzir rejei\u00e7\u00e3o e reagir \u00e0 tarifa de Trump - Jornal Fatos e Not\u00edcias<\/title>\n<meta name=\"robots\" content=\"index, follow, max-snippet:-1, max-image-preview:large, max-video-preview:-1\" \/>\n<link rel=\"canonical\" href=\"https:\/\/jornalfatosenoticias.com.br\/index.php\/2025\/07\/29\/governo-lula-prepara-pacote-de-programas-sociais-para-reduzir-rejeicao-e-reagir-a-tarifa-de-trump\/\" \/>\n<meta property=\"og:locale\" content=\"pt_BR\" \/>\n<meta property=\"og:type\" content=\"article\" \/>\n<meta property=\"og:title\" content=\"Governo Lula prepara pacote de programas sociais para reduzir rejei\u00e7\u00e3o e reagir \u00e0 tarifa de Trump - Jornal Fatos e Not\u00edcias\" \/>\n<meta property=\"og:description\" content=\"O Pal\u00e1cio do Planalto finaliza um pacote de programas sociais a ser lan\u00e7ado no segundo semestre de 2025 com o objetivo de refor\u00e7ar a base eleitoral de Luiz In\u00e1cio Lula da Silva (PT) e reduzir sua rejei\u00e7\u00e3o. Segundo O Globo, as a\u00e7\u00f5es miram a classe m\u00e9dia, periferias e popula\u00e7\u00e3o de baixa renda, em meio \u00e0 [&hellip;]\" \/>\n<meta property=\"og:url\" content=\"https:\/\/jornalfatosenoticias.com.br\/index.php\/2025\/07\/29\/governo-lula-prepara-pacote-de-programas-sociais-para-reduzir-rejeicao-e-reagir-a-tarifa-de-trump\/\" \/>\n<meta property=\"og:site_name\" content=\"Jornal Fatos e Not\u00edcias\" \/>\n<meta property=\"article:published_time\" content=\"2025-07-29T13:52:44+00:00\" \/>\n<meta property=\"article:modified_time\" content=\"2025-07-29T13:53:12+00:00\" \/>\n<meta property=\"og:image\" content=\"https:\/\/jornalfatosenoticias.com.br\/wp-content\/uploads\/2025\/07\/pacote-de-programas-sociais-nine_gettyimages.jpg\" \/>\n\t<meta property=\"og:image:width\" content=\"612\" \/>\n\t<meta property=\"og:image:height\" content=\"408\" \/>\n\t<meta property=\"og:image:type\" content=\"image\/jpeg\" \/>\n<meta name=\"author\" content=\"Luzimara Fernandes\" \/>\n<meta name=\"twitter:card\" content=\"summary_large_image\" \/>\n<meta name=\"twitter:label1\" content=\"Escrito por\" \/>\n\t<meta name=\"twitter:data1\" content=\"Luzimara Fernandes\" \/>\n\t<meta name=\"twitter:label2\" content=\"Est. tempo de leitura\" \/>\n\t<meta name=\"twitter:data2\" content=\"1 minuto\" \/>\n<script type=\"application\/ld+json\" class=\"yoast-schema-graph\">{\"@context\":\"https:\/\/schema.org\",\"@graph\":[{\"@type\":\"Article\",\"@id\":\"https:\/\/jornalfatosenoticias.com.br\/index.php\/2025\/07\/29\/governo-lula-prepara-pacote-de-programas-sociais-para-reduzir-rejeicao-e-reagir-a-tarifa-de-trump\/#article\",\"isPartOf\":{\"@id\":\"https:\/\/jornalfatosenoticias.com.br\/index.php\/2025\/07\/29\/governo-lula-prepara-pacote-de-programas-sociais-para-reduzir-rejeicao-e-reagir-a-tarifa-de-trump\/\"},\"author\":{\"name\":\"Luzimara Fernandes\",\"@id\":\"https:\/\/jornalfatosenoticias.com.br\/#\/schema\/person\/d63837fa13ac8666eb9e74e0985d6f81\"},\"headline\":\"Governo Lula prepara pacote de programas sociais para reduzir rejei\u00e7\u00e3o e reagir \u00e0 tarifa de Trump\",\"datePublished\":\"2025-07-29T13:52:44+00:00\",\"dateModified\":\"2025-07-29T13:53:12+00:00\",\"mainEntityOfPage\":{\"@id\":\"https:\/\/jornalfatosenoticias.com.br\/index.php\/2025\/07\/29\/governo-lula-prepara-pacote-de-programas-sociais-para-reduzir-rejeicao-e-reagir-a-tarifa-de-trump\/\"},\"wordCount\":299,\"commentCount\":0,\"publisher\":{\"@id\":\"https:\/\/jornalfatosenoticias.com.br\/#organization\"},\"image\":{\"@id\":\"https:\/\/jornalfatosenoticias.com.br\/index.php\/2025\/07\/29\/governo-lula-prepara-pacote-de-programas-sociais-para-reduzir-rejeicao-e-reagir-a-tarifa-de-trump\/#primaryimage\"},\"thumbnailUrl\":\"https:\/\/jornalfatosenoticias.com.br\/wp-content\/uploads\/2025\/07\/pacote-de-programas-sociais-nine_gettyimages.jpg\",\"keywords\":[\"Lula\",\"pacote de programas sociais\",\"Pal\u00e1cio do Planalto\"],\"articleSection\":[\"Economia\"],\"inLanguage\":\"pt-BR\",\"potentialAction\":[{\"@type\":\"CommentAction\",\"name\":\"Comment\",\"target\":[\"https:\/\/jornalfatosenoticias.com.br\/index.php\/2025\/07\/29\/governo-lula-prepara-pacote-de-programas-sociais-para-reduzir-rejeicao-e-reagir-a-tarifa-de-trump\/#respond\"]}]},{\"@type\":\"WebPage\",\"@id\":\"https:\/\/jornalfatosenoticias.com.br\/index.php\/2025\/07\/29\/governo-lula-prepara-pacote-de-programas-sociais-para-reduzir-rejeicao-e-reagir-a-tarifa-de-trump\/\",\"url\":\"https:\/\/jornalfatosenoticias.com.br\/index.php\/2025\/07\/29\/governo-lula-prepara-pacote-de-programas-sociais-para-reduzir-rejeicao-e-reagir-a-tarifa-de-trump\/\",\"name\":\"Governo Lula prepara pacote de programas sociais para reduzir rejei\u00e7\u00e3o e reagir \u00e0 tarifa de Trump - Jornal Fatos e Not\u00edcias\",\"isPartOf\":{\"@id\":\"https:\/\/jornalfatosenoticias.com.br\/#website\"},\"primaryImageOfPage\":{\"@id\":\"https:\/\/jornalfatosenoticias.com.br\/index.php\/2025\/07\/29\/governo-lula-prepara-pacote-de-programas-sociais-para-reduzir-rejeicao-e-reagir-a-tarifa-de-trump\/#primaryimage\"},\"image\":{\"@id\":\"https:\/\/jornalfatosenoticias.com.br\/index.php\/2025\/07\/29\/governo-lula-prepara-pacote-de-programas-sociais-para-reduzir-rejeicao-e-reagir-a-tarifa-de-trump\/#primaryimage\"},\"thumbnailUrl\":\"https:\/\/jornalfatosenoticias.com.br\/wp-content\/uploads\/2025\/07\/pacote-de-programas-sociais-nine_gettyimages.jpg\",\"datePublished\":\"2025-07-29T13:52:44+00:00\",\"dateModified\":\"2025-07-29T13:53:12+00:00\",\"breadcrumb\":{\"@id\":\"https:\/\/jornalfatosenoticias.com.br\/index.php\/2025\/07\/29\/governo-lula-prepara-pacote-de-programas-sociais-para-reduzir-rejeicao-e-reagir-a-tarifa-de-trump\/#breadcrumb\"},\"inLanguage\":\"pt-BR\",\"potentialAction\":[{\"@type\":\"ReadAction\",\"target\":[\"https:\/\/jornalfatosenoticias.com.br\/index.php\/2025\/07\/29\/governo-lula-prepara-pacote-de-programas-sociais-para-reduzir-rejeicao-e-reagir-a-tarifa-de-trump\/\"]}]},{\"@type\":\"ImageObject\",\"inLanguage\":\"pt-BR\",\"@id\":\"https:\/\/jornalfatosenoticias.com.br\/index.php\/2025\/07\/29\/governo-lula-prepara-pacote-de-programas-sociais-para-reduzir-rejeicao-e-reagir-a-tarifa-de-trump\/#primaryimage\",\"url\":\"https:\/\/jornalfatosenoticias.com.br\/wp-content\/uploads\/2025\/07\/pacote-de-programas-sociais-nine_gettyimages.jpg\",\"contentUrl\":\"https:\/\/jornalfatosenoticias.com.br\/wp-content\/uploads\/2025\/07\/pacote-de-programas-sociais-nine_gettyimages.jpg\",\"width\":612,\"height\":408,\"caption\":\"Former Brazilian President Luiz Inacio Lula da Silva delivers a speech gestures during a meeting with members of the Landless Workers Movement (MST), at the Eli Vive camp in Londrina, Parana State, Brazil, on March 19, 2022. (Photo by Ricardo CHICARELLI \/ AFP) (Photo by RICARDO CHICARELLI\/AFP via Getty Images)\"},{\"@type\":\"BreadcrumbList\",\"@id\":\"https:\/\/jornalfatosenoticias.com.br\/index.php\/2025\/07\/29\/governo-lula-prepara-pacote-de-programas-sociais-para-reduzir-rejeicao-e-reagir-a-tarifa-de-trump\/#breadcrumb\",\"itemListElement\":[{\"@type\":\"ListItem\",\"position\":1,\"name\":\"In\u00edcio\",\"item\":\"https:\/\/jornalfatosenoticias.com.br\/\"},{\"@type\":\"ListItem\",\"position\":2,\"name\":\"Governo Lula prepara pacote de programas sociais para reduzir rejei\u00e7\u00e3o e reagir \u00e0 tarifa de Trump\"}]},{\"@type\":\"WebSite\",\"@id\":\"https:\/\/jornalfatosenoticias.com.br\/#website\",\"url\":\"https:\/\/jornalfatosenoticias.com.br\/\",\"name\":\"Jornal Fatos e Not\u00edcias\",\"description\":\"Not\u00edcias em geral\",\"publisher\":{\"@id\":\"https:\/\/jornalfatosenoticias.com.br\/#organization\"},\"potentialAction\":[{\"@type\":\"SearchAction\",\"target\":{\"@type\":\"EntryPoint\",\"urlTemplate\":\"https:\/\/jornalfatosenoticias.com.br\/?s={search_term_string}\"},\"query-input\":{\"@type\":\"PropertyValueSpecification\",\"valueRequired\":true,\"valueName\":\"search_term_string\"}}],\"inLanguage\":\"pt-BR\"},{\"@type\":\"Organization\",\"@id\":\"https:\/\/jornalfatosenoticias.com.br\/#organization\",\"name\":\"Jornal Fatos e Not\u00edcias\",\"url\":\"https:\/\/jornalfatosenoticias.com.br\/\",\"logo\":{\"@type\":\"ImageObject\",\"inLanguage\":\"pt-BR\",\"@id\":\"https:\/\/jornalfatosenoticias.com.br\/#\/schema\/logo\/image\/\",\"url\":\"https:\/\/jornalfatosenoticias.com.br\/wp-content\/uploads\/2020\/02\/logo120.png\",\"contentUrl\":\"https:\/\/jornalfatosenoticias.com.br\/wp-content\/uploads\/2020\/02\/logo120.png\",\"width\":1227,\"height\":120,\"caption\":\"Jornal Fatos e Not\u00edcias\"},\"image\":{\"@id\":\"https:\/\/jornalfatosenoticias.com.br\/#\/schema\/logo\/image\/\"}},{\"@type\":\"Person\",\"@id\":\"https:\/\/jornalfatosenoticias.com.br\/#\/schema\/person\/d63837fa13ac8666eb9e74e0985d6f81\",\"name\":\"Luzimara Fernandes\",\"image\":{\"@type\":\"ImageObject\",\"inLanguage\":\"pt-BR\",\"@id\":\"https:\/\/jornalfatosenoticias.com.br\/#\/schema\/person\/image\/\",\"url\":\"https:\/\/jornalfatosenoticias.com.br\/wp-content\/uploads\/2025\/05\/EU_portal.jpg\",\"contentUrl\":\"https:\/\/jornalfatosenoticias.com.br\/wp-content\/uploads\/2025\/05\/EU_portal.jpg\",\"caption\":\"Luzimara Fernandes\"},\"description\":\"Jornalista MTB 2358-ES\",\"sameAs\":[\"https:\/\/jornalfatosenoticias.com.br\"],\"url\":\"https:\/\/jornalfatosenoticias.com.br\/index.php\/author\/luzimara\/\"}]}<\/script>\n<!-- \/ Yoast SEO plugin. -->","yoast_head_json":{"title":"Governo Lula prepara pacote de programas sociais para reduzir rejei\u00e7\u00e3o e reagir \u00e0 tarifa de Trump - Jornal Fatos e Not\u00edcias","robots":{"index":"index","follow":"follow","max-snippet":"max-snippet:-1","max-image-preview":"max-image-preview:large","max-video-preview":"max-video-preview:-1"},"canonical":"https:\/\/jornalfatosenoticias.com.br\/index.php\/2025\/07\/29\/governo-lula-prepara-pacote-de-programas-sociais-para-reduzir-rejeicao-e-reagir-a-tarifa-de-trump\/","og_locale":"pt_BR","og_type":"article","og_title":"Governo Lula prepara pacote de programas sociais para reduzir rejei\u00e7\u00e3o e reagir \u00e0 tarifa de Trump - Jornal Fatos e Not\u00edcias","og_description":"O Pal\u00e1cio do Planalto finaliza um pacote de programas sociais a ser lan\u00e7ado no segundo semestre de 2025 com o objetivo de refor\u00e7ar a base eleitoral de Luiz In\u00e1cio Lula da Silva (PT) e reduzir sua rejei\u00e7\u00e3o. Segundo O Globo, as a\u00e7\u00f5es miram a classe m\u00e9dia, periferias e popula\u00e7\u00e3o de baixa renda, em meio \u00e0 [&hellip;]","og_url":"https:\/\/jornalfatosenoticias.com.br\/index.php\/2025\/07\/29\/governo-lula-prepara-pacote-de-programas-sociais-para-reduzir-rejeicao-e-reagir-a-tarifa-de-trump\/","og_site_name":"Jornal Fatos e Not\u00edcias","article_published_time":"2025-07-29T13:52:44+00:00","article_modified_time":"2025-07-29T13:53:12+00:00","og_image":[{"width":612,"height":408,"url":"https:\/\/jornalfatosenoticias.com.br\/wp-content\/uploads\/2025\/07\/pacote-de-programas-sociais-nine_gettyimages.jpg","type":"image\/jpeg"}],"author":"Luzimara Fernandes","twitter_card":"summary_large_image","twitter_misc":{"Escrito por":"Luzimara Fernandes","Est. tempo de leitura":"1 minuto"},"schema":{"@context":"https:\/\/schema.org","@graph":[{"@type":"Article","@id":"https:\/\/jornalfatosenoticias.com.br\/index.php\/2025\/07\/29\/governo-lula-prepara-pacote-de-programas-sociais-para-reduzir-rejeicao-e-reagir-a-tarifa-de-trump\/#article","isPartOf":{"@id":"https:\/\/jornalfatosenoticias.com.br\/index.php\/2025\/07\/29\/governo-lula-prepara-pacote-de-programas-sociais-para-reduzir-rejeicao-e-reagir-a-tarifa-de-trump\/"},"author":{"name":"Luzimara Fernandes","@id":"https:\/\/jornalfatosenoticias.com.br\/#\/schema\/person\/d63837fa13ac8666eb9e74e0985d6f81"},"headline":"Governo Lula prepara pacote de programas sociais para reduzir rejei\u00e7\u00e3o e reagir \u00e0 tarifa de Trump","datePublished":"2025-07-29T13:52:44+00:00","dateModified":"2025-07-29T13:53:12+00:00","mainEntityOfPage":{"@id":"https:\/\/jornalfatosenoticias.com.br\/index.php\/2025\/07\/29\/governo-lula-prepara-pacote-de-programas-sociais-para-reduzir-rejeicao-e-reagir-a-tarifa-de-trump\/"},"wordCount":299,"commentCount":0,"publisher":{"@id":"https:\/\/jornalfatosenoticias.com.br\/#organization"},"image":{"@id":"https:\/\/jornalfatosenoticias.com.br\/index.php\/2025\/07\/29\/governo-lula-prepara-pacote-de-programas-sociais-para-reduzir-rejeicao-e-reagir-a-tarifa-de-trump\/#primaryimage"},"thumbnailUrl":"https:\/\/jornalfatosenoticias.com.br\/wp-content\/uploads\/2025\/07\/pacote-de-programas-sociais-nine_gettyimages.jpg","keywords":["Lula","pacote de programas sociais","Pal\u00e1cio do Planalto"],"articleSection":["Economia"],"inLanguage":"pt-BR","potentialAction":[{"@type":"CommentAction","name":"Comment","target":["https:\/\/jornalfatosenoticias.com.br\/index.php\/2025\/07\/29\/governo-lula-prepara-pacote-de-programas-sociais-para-reduzir-rejeicao-e-reagir-a-tarifa-de-trump\/#respond"]}]},{"@type":"WebPage","@id":"https:\/\/jornalfatosenoticias.com.br\/index.php\/2025\/07\/29\/governo-lula-prepara-pacote-de-programas-sociais-para-reduzir-rejeicao-e-reagir-a-tarifa-de-trump\/","url":"https:\/\/jornalfatosenoticias.com.br\/index.php\/2025\/07\/29\/governo-lula-prepara-pacote-de-programas-sociais-para-reduzir-rejeicao-e-reagir-a-tarifa-de-trump\/","name":"Governo Lula prepara pacote de programas sociais para reduzir rejei\u00e7\u00e3o e reagir \u00e0 tarifa de Trump - Jornal Fatos e Not\u00edcias","isPartOf":{"@id":"https:\/\/jornalfatosenoticias.com.br\/#website"},"primaryImageOfPage":{"@id":"https:\/\/jornalfatosenoticias.com.br\/index.php\/2025\/07\/29\/governo-lula-prepara-pacote-de-programas-sociais-para-reduzir-rejeicao-e-reagir-a-tarifa-de-trump\/#primaryimage"},"image":{"@id":"https:\/\/jornalfatosenoticias.com.br\/index.php\/2025\/07\/29\/governo-lula-prepara-pacote-de-programas-sociais-para-reduzir-rejeicao-e-reagir-a-tarifa-de-trump\/#primaryimage"},"thumbnailUrl":"https:\/\/jornalfatosenoticias.com.br\/wp-content\/uploads\/2025\/07\/pacote-de-programas-sociais-nine_gettyimages.jpg","datePublished":"2025-07-29T13:52:44+00:00","dateModified":"2025-07-29T13:53:12+00:00","breadcrumb":{"@id":"https:\/\/jornalfatosenoticias.com.br\/index.php\/2025\/07\/29\/governo-lula-prepara-pacote-de-programas-sociais-para-reduzir-rejeicao-e-reagir-a-tarifa-de-trump\/#breadcrumb"},"inLanguage":"pt-BR","potentialAction":[{"@type":"ReadAction","target":["https:\/\/jornalfatosenoticias.com.br\/index.php\/2025\/07\/29\/governo-lula-prepara-pacote-de-programas-sociais-para-reduzir-rejeicao-e-reagir-a-tarifa-de-trump\/"]}]},{"@type":"ImageObject","inLanguage":"pt-BR","@id":"https:\/\/jornalfatosenoticias.com.br\/index.php\/2025\/07\/29\/governo-lula-prepara-pacote-de-programas-sociais-para-reduzir-rejeicao-e-reagir-a-tarifa-de-trump\/#primaryimage","url":"https:\/\/jornalfatosenoticias.com.br\/wp-content\/uploads\/2025\/07\/pacote-de-programas-sociais-nine_gettyimages.jpg","contentUrl":"https:\/\/jornalfatosenoticias.com.br\/wp-content\/uploads\/2025\/07\/pacote-de-programas-sociais-nine_gettyimages.jpg","width":612,"height":408,"caption":"Former Brazilian President Luiz Inacio Lula da Silva delivers a speech gestures during a meeting with members of the Landless Workers Movement (MST), at the Eli Vive camp in Londrina, Parana State, Brazil, on March 19, 2022. (Photo by Ricardo CHICARELLI \/ AFP) (Photo by RICARDO CHICARELLI\/AFP via Getty Images)"},{"@type":"BreadcrumbList","@id":"https:\/\/jornalfatosenoticias.com.br\/index.php\/2025\/07\/29\/governo-lula-prepara-pacote-de-programas-sociais-para-reduzir-rejeicao-e-reagir-a-tarifa-de-trump\/#breadcrumb","itemListElement":[{"@type":"ListItem","position":1,"name":"In\u00edcio","item":"https:\/\/jornalfatosenoticias.com.br\/"},{"@type":"ListItem","position":2,"name":"Governo Lula prepara pacote de programas sociais para reduzir rejei\u00e7\u00e3o e reagir \u00e0 tarifa de Trump"}]},{"@type":"WebSite","@id":"https:\/\/jornalfatosenoticias.com.br\/#website","url":"https:\/\/jornalfatosenoticias.com.br\/","name":"Jornal Fatos e Not\u00edcias","description":"Not\u00edcias em geral","publisher":{"@id":"https:\/\/jornalfatosenoticias.com.br\/#organization"},"potentialAction":[{"@type":"SearchAction","target":{"@type":"EntryPoint","urlTemplate":"https:\/\/jornalfatosenoticias.com.br\/?s={search_term_string}"},"query-input":{"@type":"PropertyValueSpecification","valueRequired":true,"valueName":"search_term_string"}}],"inLanguage":"pt-BR"},{"@type":"Organization","@id":"https:\/\/jornalfatosenoticias.com.br\/#organization","name":"Jornal Fatos e Not\u00edcias","url":"https:\/\/jornalfatosenoticias.com.br\/","logo":{"@type":"ImageObject","inLanguage":"pt-BR","@id":"https:\/\/jornalfatosenoticias.com.br\/#\/schema\/logo\/image\/","url":"https:\/\/jornalfatosenoticias.com.br\/wp-content\/uploads\/2020\/02\/logo120.png","contentUrl":"https:\/\/jornalfatosenoticias.com.br\/wp-content\/uploads\/2020\/02\/logo120.png","width":1227,"height":120,"caption":"Jornal Fatos e Not\u00edcias"},"image":{"@id":"https:\/\/jornalfatosenoticias.com.br\/#\/schema\/logo\/image\/"}},{"@type":"Person","@id":"https:\/\/jornalfatosenoticias.com.br\/#\/schema\/person\/d63837fa13ac8666eb9e74e0985d6f81","name":"Luzimara Fernandes","image":{"@type":"ImageObject","inLanguage":"pt-BR","@id":"https:\/\/jornalfatosenoticias.com.br\/#\/schema\/person\/image\/","url":"https:\/\/jornalfatosenoticias.com.br\/wp-content\/uploads\/2025\/05\/EU_portal.jpg","contentUrl":"https:\/\/jornalfatosenoticias.com.br\/wp-content\/uploads\/2025\/05\/EU_portal.jpg","caption":"Luzimara Fernandes"},"description":"Jornalista MTB 2358-ES","sameAs":["https:\/\/jornalfatosenoticias.com.br"],"url":"https:\/\/jornalfatosenoticias.com.br\/index.php\/author\/luzimara\/"}]}},"cc_featured_image_caption":{"caption_text":"(Foto: Getty Images)","source_text":"","source_url":""},"jetpack_featured_media_url":"https:\/\/jornalfatosenoticias.com.br\/wp-content\/uploads\/2025\/07\/pacote-de-programas-sociais-nine_gettyimages.jpg","_links":{"self":[{"href":"https:\/\/jornalfatosenoticias.com.br\/index.php\/wp-json\/wp\/v2\/posts\/60857","targetHints":{"allow":["GET"]}}],"collection":[{"href":"https:\/\/jornalfatosenoticias.com.br\/index.php\/wp-json\/wp\/v2\/posts"}],"about":[{"href":"https:\/\/jornalfatosenoticias.com.br\/index.php\/wp-json\/wp\/v2\/types\/post"}],"author":[{"embeddable":true,"href":"https:\/\/jornalfatosenoticias.com.br\/index.php\/wp-json\/wp\/v2\/users\/2"}],"replies":[{"embeddable":true,"href":"https:\/\/jornalfatosenoticias.com.br\/index.php\/wp-json\/wp\/v2\/comments?post=60857"}],"version-history":[{"count":0,"href":"https:\/\/jornalfatosenoticias.com.br\/index.php\/wp-json\/wp\/v2\/posts\/60857\/revisions"}],"wp:featuredmedia":[{"embeddable":true,"href":"https:\/\/jornalfatosenoticias.com.br\/index.php\/wp-json\/wp\/v2\/media\/60858"}],"wp:attachment":[{"href":"https:\/\/jornalfatosenoticias.com.br\/index.php\/wp-json\/wp\/v2\/media?parent=60857"}],"wp:term":[{"taxonomy":"category","embeddable":true,"href":"https:\/\/jornalfatosenoticias.com.br\/index.php\/wp-json\/wp\/v2\/categories?post=60857"},{"taxonomy":"post_tag","embeddable":true,"href":"https:\/\/jornalfatosenoticias.com.br\/index.php\/wp-json\/wp\/v2\/tags?post=60857"}],"curies":[{"name":"wp","href":"https:\/\/api.w.org\/{rel}","templated":true}]}}