{"id":60861,"date":"2025-07-29T11:07:59","date_gmt":"2025-07-29T14:07:59","guid":{"rendered":"https:\/\/jornalfatosenoticias.com.br\/?p=60861"},"modified":"2025-07-29T11:08:01","modified_gmt":"2025-07-29T14:08:01","slug":"trump-da-prazo-de-10-ou-12-dias-para-putin-chegar-a-acordo-de-cessar-fogo-com-ucrania","status":"publish","type":"post","link":"https:\/\/jornalfatosenoticias.com.br\/index.php\/2025\/07\/29\/trump-da-prazo-de-10-ou-12-dias-para-putin-chegar-a-acordo-de-cessar-fogo-com-ucrania\/","title":{"rendered":"Trump d\u00e1 prazo de \u201c10 ou 12 dias\u201d para Putin chegar a acordo de cessar-fogo com Ucr\u00e2nia"},"content":{"rendered":"\n<p><em><span class=\"has-inline-color has-black-color\">Trump e Putin em 2018, na Finl\u00e2ndia, durante coletiva de imprensa conjunta: o l\u00edder americano encontrou barreiras para negociar o fim da guerra na Ucr\u00e2nia com o ditador russo<\/span><\/em><\/p>\n\n\n\n<p><span class=\"has-inline-color has-black-color\">Por <strong>Ag\u00eancia EFE<\/strong><\/span><\/p>\n\n\n\n<div class=\"wp-block-image\"><figure class=\"aligncenter size-large\"><a href=\"https:\/\/mizu.com.br\/\"><img loading=\"lazy\" decoding=\"async\" width=\"729\" height=\"90\" src=\"https:\/\/jornalfatosenoticias.com.br\/wp-content\/uploads\/2020\/02\/Logo_Mizu.png\" alt=\"\" class=\"wp-image-1441\" srcset=\"https:\/\/jornalfatosenoticias.com.br\/wp-content\/uploads\/2020\/02\/Logo_Mizu.png 729w, https:\/\/jornalfatosenoticias.com.br\/wp-content\/uploads\/2020\/02\/Logo_Mizu-300x37.png 300w\" sizes=\"auto, (max-width: 729px) 100vw, 729px\" \/><\/a><\/figure><\/div>\n\n\n\n<p>O presidente dos Estados Unidos, Donald Trump, reduziu &#8220;para 10 ou 12 dias&#8221; contados a partir desta segunda-feira (28) o prazo concedido ao ditador russo, Vladimir Putin, para chegar a um acordo de cessar-fogo com a Ucr\u00e2nia, porque &#8220;n\u00e3o h\u00e1 raz\u00e3o para esperar&#8221;.<\/p>\n\n\n\n<blockquote class=\"wp-block-quote is-layout-flow wp-block-quote-is-layout-flow\"><p><span class=\"has-inline-color has-luminous-vivid-orange-color\">Vou estabelecer um novo prazo de cerca de 10 ou 12 dias a partir de hoje. N\u00e3o h\u00e1 raz\u00e3o para esperar. N\u00e3o estamos vendo nenhum progresso&#8221;, disse Trump a rep\u00f3rteres em uma segunda sess\u00e3o de perguntas no resort de golfe Turnberry, na Esc\u00f3cia, diante do primeiro-ministro brit\u00e2nico Keir Starmer.<\/span><\/p><\/blockquote>\n\n\n\n<div class=\"wp-block-image\"><figure class=\"aligncenter size-large\"><a href=\"https:\/\/www.cesconetto.com.br\/\"><img loading=\"lazy\" decoding=\"async\" width=\"300\" height=\"250\" src=\"https:\/\/jornalfatosenoticias.com.br\/wp-content\/uploads\/2022\/02\/Banner-2.png\" alt=\"\" class=\"wp-image-27877\"\/><\/a><\/figure><\/div>\n\n\n\n<p>Minutos antes, na entrada das instala\u00e7\u00f5es, Trump se disse &#8220;decepcionado&#8221; com Putin porque, ao final das &#8220;quatro ou cinco&#8221; conversas que tiveram, &#8220;ele lan\u00e7a foguetes contra cidades, por exemplo, Kiev&#8221;, e disse que reduziria o prazo que anunciou em 14 de julho e que come\u00e7ou no dia 22 do mesmo m\u00eas.<\/p>\n\n\n\n<div class=\"wp-block-image\"><figure class=\"aligncenter size-large is-resized\"><a href=\"https:\/\/www.instagram.com\/esteio.churrascaria\/\"><img loading=\"lazy\" decoding=\"async\" src=\"https:\/\/jornalfatosenoticias.com.br\/wp-content\/uploads\/2022\/02\/LOGO-ESTEIO-1024x730.png\" alt=\"\" class=\"wp-image-27942\" width=\"282\" height=\"201\" srcset=\"https:\/\/jornalfatosenoticias.com.br\/wp-content\/uploads\/2022\/02\/LOGO-ESTEIO-1024x730.png 1024w, https:\/\/jornalfatosenoticias.com.br\/wp-content\/uploads\/2022\/02\/LOGO-ESTEIO-300x214.png 300w, https:\/\/jornalfatosenoticias.com.br\/wp-content\/uploads\/2022\/02\/LOGO-ESTEIO-768x548.png 768w, https:\/\/jornalfatosenoticias.com.br\/wp-content\/uploads\/2022\/02\/LOGO-ESTEIO.png 1123w\" sizes=\"auto, (max-width: 282px) 100vw, 282px\" \/><\/a><\/figure><\/div>\n\n\n\n<blockquote class=\"wp-block-quote is-layout-flow wp-block-quote-is-layout-flow\"><p><span class=\"has-inline-color has-luminous-vivid-orange-color\">Vou reduzir os 50 dias que dei para um n\u00famero menor, porque acho que j\u00e1 sei a resposta para o que vai acontecer&#8221;, argumentou.<\/span><\/p><\/blockquote>\n\n\n\n<div class=\"wp-block-image\"><figure class=\"aligncenter size-large is-resized\"><a href=\"https:\/\/hotelmarquetti.com.br\/\"><img loading=\"lazy\" decoding=\"async\" src=\"https:\/\/jornalfatosenoticias.com.br\/wp-content\/uploads\/2020\/02\/LOGO-MQ-1024x680.jpg\" alt=\"\" class=\"wp-image-58299\" width=\"360\" height=\"239\" srcset=\"https:\/\/jornalfatosenoticias.com.br\/wp-content\/uploads\/2020\/02\/LOGO-MQ-1024x680.jpg 1024w, https:\/\/jornalfatosenoticias.com.br\/wp-content\/uploads\/2020\/02\/LOGO-MQ-300x199.jpg 300w, https:\/\/jornalfatosenoticias.com.br\/wp-content\/uploads\/2020\/02\/LOGO-MQ-768x510.jpg 768w, https:\/\/jornalfatosenoticias.com.br\/wp-content\/uploads\/2020\/02\/LOGO-MQ-1536x1020.jpg 1536w, https:\/\/jornalfatosenoticias.com.br\/wp-content\/uploads\/2020\/02\/LOGO-MQ-2048x1360.jpg 2048w\" sizes=\"auto, (max-width: 360px) 100vw, 360px\" \/><\/a><\/figure><\/div>\n\n\n\n<p>Trump, como j\u00e1 disse em outras ocasi\u00f5es, ficou desapontado com a atitude de Putin porque, depois de conversar, o ditador russo ataca novamente, &#8220;mata muitas pessoas em uma resid\u00eancia ou onde quer que seja e deixa corpos espalhados pela rua&#8221;. O chefe do gabinete presidencial ucraniano, Andrii Yermak, agradeceu ao presidente dos EUA nesta segunda-feira por encurtar o prazo de 50 dias dado a Putin h\u00e1 duas semanas para concordar em assinar um acordo de paz.<\/p>\n\n\n\n<div class=\"wp-block-image\"><figure class=\"aligncenter size-large is-resized\"><a href=\"https:\/\/www.instagram.com\/rcradiadores\/\"><img loading=\"lazy\" decoding=\"async\" src=\"https:\/\/jornalfatosenoticias.com.br\/wp-content\/uploads\/2022\/10\/RC_800x750_page-0001.jpg\" alt=\"\" class=\"wp-image-35338\" width=\"325\" height=\"305\" srcset=\"https:\/\/jornalfatosenoticias.com.br\/wp-content\/uploads\/2022\/10\/RC_800x750_page-0001.jpg 400w, https:\/\/jornalfatosenoticias.com.br\/wp-content\/uploads\/2022\/10\/RC_800x750_page-0001-300x281.jpg 300w\" sizes=\"auto, (max-width: 325px) 100vw, 325px\" \/><\/a><\/figure><\/div>\n\n\n\n<blockquote class=\"wp-block-quote is-layout-flow wp-block-quote-is-layout-flow\"><p><span class=\"has-inline-color has-luminous-vivid-orange-color\">Obrigado ao presidente dos EUA por se manter firme e transmitir uma mensagem clara de paz por meio da for\u00e7a&#8221;, disse Yermak na rede social X.<\/span><\/p><\/blockquote>\n\n\n\n<div class=\"wp-block-image\"><figure class=\"aligncenter size-large is-resized\"><a href=\"https:\/\/www.instagram.com\/restaurantepegoretti\/\"><img loading=\"lazy\" decoding=\"async\" src=\"https:\/\/jornalfatosenoticias.com.br\/wp-content\/uploads\/2023\/12\/pegoretti-logo-pdf-1024x389.jpg\" alt=\"\" class=\"wp-image-47536\" width=\"514\" height=\"195\" srcset=\"https:\/\/jornalfatosenoticias.com.br\/wp-content\/uploads\/2023\/12\/pegoretti-logo-pdf-1024x389.jpg 1024w, https:\/\/jornalfatosenoticias.com.br\/wp-content\/uploads\/2023\/12\/pegoretti-logo-pdf-300x114.jpg 300w, https:\/\/jornalfatosenoticias.com.br\/wp-content\/uploads\/2023\/12\/pegoretti-logo-pdf-768x291.jpg 768w, https:\/\/jornalfatosenoticias.com.br\/wp-content\/uploads\/2023\/12\/pegoretti-logo-pdf.jpg 1120w\" sizes=\"auto, (max-width: 514px) 100vw, 514px\" \/><\/a><\/figure><\/div>\n\n\n\n<p>Yermak acrescentou que &#8220;Putin s\u00f3 respeita o poder&#8221; e saudou a mensagem &#8220;forte e clara&#8221; de Trump na Esc\u00f3cia. As negocia\u00e7\u00f5es entre as delega\u00e7\u00f5es russa e ucraniana foram retomadas em 23 de julho em Istambul, com o lado russo propondo a cria\u00e7\u00e3o de grupos de trabalho que operariam on-line, aos quais a Ucr\u00e2nia ainda n\u00e3o respondeu, disse o Kremlin nesta segunda-feira (28).<\/p>\n\n\n\n<div class=\"wp-block-image\"><figure class=\"aligncenter size-large is-resized\"><a href=\"https:\/\/www.controlsystems.com.br\/\"><img loading=\"lazy\" decoding=\"async\" src=\"https:\/\/jornalfatosenoticias.com.br\/wp-content\/uploads\/2020\/02\/CONTROL-CS.jpg\" alt=\"\" class=\"wp-image-44991\" width=\"253\" height=\"303\" srcset=\"https:\/\/jornalfatosenoticias.com.br\/wp-content\/uploads\/2020\/02\/CONTROL-CS.jpg 834w, https:\/\/jornalfatosenoticias.com.br\/wp-content\/uploads\/2020\/02\/CONTROL-CS-250x300.jpg 250w, https:\/\/jornalfatosenoticias.com.br\/wp-content\/uploads\/2020\/02\/CONTROL-CS-768x921.jpg 768w\" sizes=\"auto, (max-width: 253px) 100vw, 253px\" \/><\/a><\/figure><\/div>\n\n\n\n<p><strong>Fonte: <a href=\"https:\/\/www.gazetadopovo.com.br\/mundo\/trump-da-prazo-10-ou-12-dias-para-putin-chegar-acordo-cessar-fogo-com-ucrania\/\">Gazeta do Povo<\/a><\/strong><\/p>\n","protected":false},"excerpt":{"rendered":"<p>Trump e Putin em 2018, na Finl\u00e2ndia, durante coletiva de imprensa conjunta: o l\u00edder americano encontrou barreiras para negociar o fim da guerra na Ucr\u00e2nia com o ditador russo Por Ag\u00eancia EFE O presidente dos Estados Unidos, Donald Trump, reduziu &#8220;para 10 ou 12 dias&#8221; contados a partir desta segunda-feira (28) o prazo concedido ao [&hellip;]<\/p>\n","protected":false},"author":2,"featured_media":60862,"comment_status":"open","ping_status":"open","sticky":false,"template":"","format":"standard","meta":{"footnotes":""},"categories":[41],"tags":[25524,27762,2147,24310,991,10577,1920],"class_list":["post-60861","post","type-post","status-publish","format-standard","has-post-thumbnail","hentry","category-internacional","tag-cessar-fogo","tag-ditador-russo","tag-donald-trump","tag-kremlin","tag-russia","tag-ucrania","tag-vladimir-putin"],"yoast_head":"<!-- This site is optimized with the Yoast SEO plugin v26.5 - https:\/\/yoast.com\/wordpress\/plugins\/seo\/ -->\n<title>Trump d\u00e1 prazo de \u201c10 ou 12 dias\u201d para Putin chegar a acordo de cessar-fogo com Ucr\u00e2nia - Jornal Fatos e Not\u00edcias<\/title>\n<meta name=\"robots\" content=\"index, follow, max-snippet:-1, max-image-preview:large, max-video-preview:-1\" \/>\n<link rel=\"canonical\" href=\"https:\/\/jornalfatosenoticias.com.br\/index.php\/2025\/07\/29\/trump-da-prazo-de-10-ou-12-dias-para-putin-chegar-a-acordo-de-cessar-fogo-com-ucrania\/\" \/>\n<meta property=\"og:locale\" content=\"pt_BR\" \/>\n<meta property=\"og:type\" content=\"article\" \/>\n<meta property=\"og:title\" content=\"Trump d\u00e1 prazo de \u201c10 ou 12 dias\u201d para Putin chegar a acordo de cessar-fogo com Ucr\u00e2nia - Jornal Fatos e Not\u00edcias\" \/>\n<meta property=\"og:description\" content=\"Trump e Putin em 2018, na Finl\u00e2ndia, durante coletiva de imprensa conjunta: o l\u00edder americano encontrou barreiras para negociar o fim da guerra na Ucr\u00e2nia com o ditador russo Por Ag\u00eancia EFE O presidente dos Estados Unidos, Donald Trump, reduziu &#8220;para 10 ou 12 dias&#8221; contados a partir desta segunda-feira (28) o prazo concedido ao [&hellip;]\" \/>\n<meta property=\"og:url\" content=\"https:\/\/jornalfatosenoticias.com.br\/index.php\/2025\/07\/29\/trump-da-prazo-de-10-ou-12-dias-para-putin-chegar-a-acordo-de-cessar-fogo-com-ucrania\/\" \/>\n<meta property=\"og:site_name\" content=\"Jornal Fatos e Not\u00edcias\" \/>\n<meta property=\"article:published_time\" content=\"2025-07-29T14:07:59+00:00\" \/>\n<meta property=\"article:modified_time\" content=\"2025-07-29T14:08:01+00:00\" \/>\n<meta property=\"og:image\" content=\"https:\/\/jornalfatosenoticias.com.br\/wp-content\/uploads\/2025\/07\/trump-e-putin_gettyimages.jpg\" \/>\n\t<meta property=\"og:image:width\" content=\"612\" \/>\n\t<meta property=\"og:image:height\" content=\"379\" \/>\n\t<meta property=\"og:image:type\" content=\"image\/jpeg\" \/>\n<meta name=\"author\" content=\"Luzimara Fernandes\" \/>\n<meta name=\"twitter:card\" content=\"summary_large_image\" \/>\n<meta name=\"twitter:label1\" content=\"Escrito por\" \/>\n\t<meta name=\"twitter:data1\" content=\"Luzimara Fernandes\" \/>\n\t<meta name=\"twitter:label2\" content=\"Est. tempo de leitura\" \/>\n\t<meta name=\"twitter:data2\" content=\"2 minutos\" \/>\n<script type=\"application\/ld+json\" class=\"yoast-schema-graph\">{\"@context\":\"https:\/\/schema.org\",\"@graph\":[{\"@type\":\"Article\",\"@id\":\"https:\/\/jornalfatosenoticias.com.br\/index.php\/2025\/07\/29\/trump-da-prazo-de-10-ou-12-dias-para-putin-chegar-a-acordo-de-cessar-fogo-com-ucrania\/#article\",\"isPartOf\":{\"@id\":\"https:\/\/jornalfatosenoticias.com.br\/index.php\/2025\/07\/29\/trump-da-prazo-de-10-ou-12-dias-para-putin-chegar-a-acordo-de-cessar-fogo-com-ucrania\/\"},\"author\":{\"name\":\"Luzimara Fernandes\",\"@id\":\"https:\/\/jornalfatosenoticias.com.br\/#\/schema\/person\/d63837fa13ac8666eb9e74e0985d6f81\"},\"headline\":\"Trump d\u00e1 prazo de \u201c10 ou 12 dias\u201d para Putin chegar a acordo de cessar-fogo com Ucr\u00e2nia\",\"datePublished\":\"2025-07-29T14:07:59+00:00\",\"dateModified\":\"2025-07-29T14:08:01+00:00\",\"mainEntityOfPage\":{\"@id\":\"https:\/\/jornalfatosenoticias.com.br\/index.php\/2025\/07\/29\/trump-da-prazo-de-10-ou-12-dias-para-putin-chegar-a-acordo-de-cessar-fogo-com-ucrania\/\"},\"wordCount\":399,\"commentCount\":0,\"publisher\":{\"@id\":\"https:\/\/jornalfatosenoticias.com.br\/#organization\"},\"image\":{\"@id\":\"https:\/\/jornalfatosenoticias.com.br\/index.php\/2025\/07\/29\/trump-da-prazo-de-10-ou-12-dias-para-putin-chegar-a-acordo-de-cessar-fogo-com-ucrania\/#primaryimage\"},\"thumbnailUrl\":\"https:\/\/jornalfatosenoticias.com.br\/wp-content\/uploads\/2025\/07\/trump-e-putin_gettyimages.jpg\",\"keywords\":[\"cessar-fogo\",\"ditador russo\",\"Donald Trump\",\"Kremlin\",\"R\u00fassia\",\"Ucr\u00e2nia\",\"Vladimir Putin\"],\"articleSection\":[\"Internacional\"],\"inLanguage\":\"pt-BR\",\"potentialAction\":[{\"@type\":\"CommentAction\",\"name\":\"Comment\",\"target\":[\"https:\/\/jornalfatosenoticias.com.br\/index.php\/2025\/07\/29\/trump-da-prazo-de-10-ou-12-dias-para-putin-chegar-a-acordo-de-cessar-fogo-com-ucrania\/#respond\"]}]},{\"@type\":\"WebPage\",\"@id\":\"https:\/\/jornalfatosenoticias.com.br\/index.php\/2025\/07\/29\/trump-da-prazo-de-10-ou-12-dias-para-putin-chegar-a-acordo-de-cessar-fogo-com-ucrania\/\",\"url\":\"https:\/\/jornalfatosenoticias.com.br\/index.php\/2025\/07\/29\/trump-da-prazo-de-10-ou-12-dias-para-putin-chegar-a-acordo-de-cessar-fogo-com-ucrania\/\",\"name\":\"Trump d\u00e1 prazo de \u201c10 ou 12 dias\u201d para Putin chegar a acordo de cessar-fogo com Ucr\u00e2nia - Jornal Fatos e Not\u00edcias\",\"isPartOf\":{\"@id\":\"https:\/\/jornalfatosenoticias.com.br\/#website\"},\"primaryImageOfPage\":{\"@id\":\"https:\/\/jornalfatosenoticias.com.br\/index.php\/2025\/07\/29\/trump-da-prazo-de-10-ou-12-dias-para-putin-chegar-a-acordo-de-cessar-fogo-com-ucrania\/#primaryimage\"},\"image\":{\"@id\":\"https:\/\/jornalfatosenoticias.com.br\/index.php\/2025\/07\/29\/trump-da-prazo-de-10-ou-12-dias-para-putin-chegar-a-acordo-de-cessar-fogo-com-ucrania\/#primaryimage\"},\"thumbnailUrl\":\"https:\/\/jornalfatosenoticias.com.br\/wp-content\/uploads\/2025\/07\/trump-e-putin_gettyimages.jpg\",\"datePublished\":\"2025-07-29T14:07:59+00:00\",\"dateModified\":\"2025-07-29T14:08:01+00:00\",\"breadcrumb\":{\"@id\":\"https:\/\/jornalfatosenoticias.com.br\/index.php\/2025\/07\/29\/trump-da-prazo-de-10-ou-12-dias-para-putin-chegar-a-acordo-de-cessar-fogo-com-ucrania\/#breadcrumb\"},\"inLanguage\":\"pt-BR\",\"potentialAction\":[{\"@type\":\"ReadAction\",\"target\":[\"https:\/\/jornalfatosenoticias.com.br\/index.php\/2025\/07\/29\/trump-da-prazo-de-10-ou-12-dias-para-putin-chegar-a-acordo-de-cessar-fogo-com-ucrania\/\"]}]},{\"@type\":\"ImageObject\",\"inLanguage\":\"pt-BR\",\"@id\":\"https:\/\/jornalfatosenoticias.com.br\/index.php\/2025\/07\/29\/trump-da-prazo-de-10-ou-12-dias-para-putin-chegar-a-acordo-de-cessar-fogo-com-ucrania\/#primaryimage\",\"url\":\"https:\/\/jornalfatosenoticias.com.br\/wp-content\/uploads\/2025\/07\/trump-e-putin_gettyimages.jpg\",\"contentUrl\":\"https:\/\/jornalfatosenoticias.com.br\/wp-content\/uploads\/2025\/07\/trump-e-putin_gettyimages.jpg\",\"width\":612,\"height\":379,\"caption\":\"US President Donald Trump (L) listens as Russia's President Vladimir Putin speaks during a joint press conference after a meeting at the Presidential Palace in Helsinki, on July 16, 2018. - The US and Russian leaders opened an historic summit in Helsinki, with Donald Trump promising an \\\"extraordinary relationship\\\" and Vladimir Putin saying it was high time to thrash out disputes around the world. (Photo by Yuri KADOBNOV \/ AFP) (Photo credit should read YURI KADOBNOV\/AFP via Getty Images)\"},{\"@type\":\"BreadcrumbList\",\"@id\":\"https:\/\/jornalfatosenoticias.com.br\/index.php\/2025\/07\/29\/trump-da-prazo-de-10-ou-12-dias-para-putin-chegar-a-acordo-de-cessar-fogo-com-ucrania\/#breadcrumb\",\"itemListElement\":[{\"@type\":\"ListItem\",\"position\":1,\"name\":\"In\u00edcio\",\"item\":\"https:\/\/jornalfatosenoticias.com.br\/\"},{\"@type\":\"ListItem\",\"position\":2,\"name\":\"Trump d\u00e1 prazo de \u201c10 ou 12 dias\u201d para Putin chegar a acordo de cessar-fogo com Ucr\u00e2nia\"}]},{\"@type\":\"WebSite\",\"@id\":\"https:\/\/jornalfatosenoticias.com.br\/#website\",\"url\":\"https:\/\/jornalfatosenoticias.com.br\/\",\"name\":\"Jornal Fatos e Not\u00edcias\",\"description\":\"Not\u00edcias em geral\",\"publisher\":{\"@id\":\"https:\/\/jornalfatosenoticias.com.br\/#organization\"},\"potentialAction\":[{\"@type\":\"SearchAction\",\"target\":{\"@type\":\"EntryPoint\",\"urlTemplate\":\"https:\/\/jornalfatosenoticias.com.br\/?s={search_term_string}\"},\"query-input\":{\"@type\":\"PropertyValueSpecification\",\"valueRequired\":true,\"valueName\":\"search_term_string\"}}],\"inLanguage\":\"pt-BR\"},{\"@type\":\"Organization\",\"@id\":\"https:\/\/jornalfatosenoticias.com.br\/#organization\",\"name\":\"Jornal Fatos e Not\u00edcias\",\"url\":\"https:\/\/jornalfatosenoticias.com.br\/\",\"logo\":{\"@type\":\"ImageObject\",\"inLanguage\":\"pt-BR\",\"@id\":\"https:\/\/jornalfatosenoticias.com.br\/#\/schema\/logo\/image\/\",\"url\":\"https:\/\/jornalfatosenoticias.com.br\/wp-content\/uploads\/2020\/02\/logo120.png\",\"contentUrl\":\"https:\/\/jornalfatosenoticias.com.br\/wp-content\/uploads\/2020\/02\/logo120.png\",\"width\":1227,\"height\":120,\"caption\":\"Jornal Fatos e Not\u00edcias\"},\"image\":{\"@id\":\"https:\/\/jornalfatosenoticias.com.br\/#\/schema\/logo\/image\/\"}},{\"@type\":\"Person\",\"@id\":\"https:\/\/jornalfatosenoticias.com.br\/#\/schema\/person\/d63837fa13ac8666eb9e74e0985d6f81\",\"name\":\"Luzimara Fernandes\",\"image\":{\"@type\":\"ImageObject\",\"inLanguage\":\"pt-BR\",\"@id\":\"https:\/\/jornalfatosenoticias.com.br\/#\/schema\/person\/image\/\",\"url\":\"https:\/\/jornalfatosenoticias.com.br\/wp-content\/uploads\/2025\/05\/EU_portal.jpg\",\"contentUrl\":\"https:\/\/jornalfatosenoticias.com.br\/wp-content\/uploads\/2025\/05\/EU_portal.jpg\",\"caption\":\"Luzimara Fernandes\"},\"description\":\"Jornalista MTB 2358-ES\",\"sameAs\":[\"https:\/\/jornalfatosenoticias.com.br\"],\"url\":\"https:\/\/jornalfatosenoticias.com.br\/index.php\/author\/luzimara\/\"}]}<\/script>\n<!-- \/ Yoast SEO plugin. -->","yoast_head_json":{"title":"Trump d\u00e1 prazo de \u201c10 ou 12 dias\u201d para Putin chegar a acordo de cessar-fogo com Ucr\u00e2nia - Jornal Fatos e Not\u00edcias","robots":{"index":"index","follow":"follow","max-snippet":"max-snippet:-1","max-image-preview":"max-image-preview:large","max-video-preview":"max-video-preview:-1"},"canonical":"https:\/\/jornalfatosenoticias.com.br\/index.php\/2025\/07\/29\/trump-da-prazo-de-10-ou-12-dias-para-putin-chegar-a-acordo-de-cessar-fogo-com-ucrania\/","og_locale":"pt_BR","og_type":"article","og_title":"Trump d\u00e1 prazo de \u201c10 ou 12 dias\u201d para Putin chegar a acordo de cessar-fogo com Ucr\u00e2nia - Jornal Fatos e Not\u00edcias","og_description":"Trump e Putin em 2018, na Finl\u00e2ndia, durante coletiva de imprensa conjunta: o l\u00edder americano encontrou barreiras para negociar o fim da guerra na Ucr\u00e2nia com o ditador russo Por Ag\u00eancia EFE O presidente dos Estados Unidos, Donald Trump, reduziu &#8220;para 10 ou 12 dias&#8221; contados a partir desta segunda-feira (28) o prazo concedido ao [&hellip;]","og_url":"https:\/\/jornalfatosenoticias.com.br\/index.php\/2025\/07\/29\/trump-da-prazo-de-10-ou-12-dias-para-putin-chegar-a-acordo-de-cessar-fogo-com-ucrania\/","og_site_name":"Jornal Fatos e Not\u00edcias","article_published_time":"2025-07-29T14:07:59+00:00","article_modified_time":"2025-07-29T14:08:01+00:00","og_image":[{"width":612,"height":379,"url":"https:\/\/jornalfatosenoticias.com.br\/wp-content\/uploads\/2025\/07\/trump-e-putin_gettyimages.jpg","type":"image\/jpeg"}],"author":"Luzimara Fernandes","twitter_card":"summary_large_image","twitter_misc":{"Escrito por":"Luzimara Fernandes","Est. tempo de leitura":"2 minutos"},"schema":{"@context":"https:\/\/schema.org","@graph":[{"@type":"Article","@id":"https:\/\/jornalfatosenoticias.com.br\/index.php\/2025\/07\/29\/trump-da-prazo-de-10-ou-12-dias-para-putin-chegar-a-acordo-de-cessar-fogo-com-ucrania\/#article","isPartOf":{"@id":"https:\/\/jornalfatosenoticias.com.br\/index.php\/2025\/07\/29\/trump-da-prazo-de-10-ou-12-dias-para-putin-chegar-a-acordo-de-cessar-fogo-com-ucrania\/"},"author":{"name":"Luzimara Fernandes","@id":"https:\/\/jornalfatosenoticias.com.br\/#\/schema\/person\/d63837fa13ac8666eb9e74e0985d6f81"},"headline":"Trump d\u00e1 prazo de \u201c10 ou 12 dias\u201d para Putin chegar a acordo de cessar-fogo com Ucr\u00e2nia","datePublished":"2025-07-29T14:07:59+00:00","dateModified":"2025-07-29T14:08:01+00:00","mainEntityOfPage":{"@id":"https:\/\/jornalfatosenoticias.com.br\/index.php\/2025\/07\/29\/trump-da-prazo-de-10-ou-12-dias-para-putin-chegar-a-acordo-de-cessar-fogo-com-ucrania\/"},"wordCount":399,"commentCount":0,"publisher":{"@id":"https:\/\/jornalfatosenoticias.com.br\/#organization"},"image":{"@id":"https:\/\/jornalfatosenoticias.com.br\/index.php\/2025\/07\/29\/trump-da-prazo-de-10-ou-12-dias-para-putin-chegar-a-acordo-de-cessar-fogo-com-ucrania\/#primaryimage"},"thumbnailUrl":"https:\/\/jornalfatosenoticias.com.br\/wp-content\/uploads\/2025\/07\/trump-e-putin_gettyimages.jpg","keywords":["cessar-fogo","ditador russo","Donald Trump","Kremlin","R\u00fassia","Ucr\u00e2nia","Vladimir Putin"],"articleSection":["Internacional"],"inLanguage":"pt-BR","potentialAction":[{"@type":"CommentAction","name":"Comment","target":["https:\/\/jornalfatosenoticias.com.br\/index.php\/2025\/07\/29\/trump-da-prazo-de-10-ou-12-dias-para-putin-chegar-a-acordo-de-cessar-fogo-com-ucrania\/#respond"]}]},{"@type":"WebPage","@id":"https:\/\/jornalfatosenoticias.com.br\/index.php\/2025\/07\/29\/trump-da-prazo-de-10-ou-12-dias-para-putin-chegar-a-acordo-de-cessar-fogo-com-ucrania\/","url":"https:\/\/jornalfatosenoticias.com.br\/index.php\/2025\/07\/29\/trump-da-prazo-de-10-ou-12-dias-para-putin-chegar-a-acordo-de-cessar-fogo-com-ucrania\/","name":"Trump d\u00e1 prazo de \u201c10 ou 12 dias\u201d para Putin chegar a acordo de cessar-fogo com Ucr\u00e2nia - Jornal Fatos e Not\u00edcias","isPartOf":{"@id":"https:\/\/jornalfatosenoticias.com.br\/#website"},"primaryImageOfPage":{"@id":"https:\/\/jornalfatosenoticias.com.br\/index.php\/2025\/07\/29\/trump-da-prazo-de-10-ou-12-dias-para-putin-chegar-a-acordo-de-cessar-fogo-com-ucrania\/#primaryimage"},"image":{"@id":"https:\/\/jornalfatosenoticias.com.br\/index.php\/2025\/07\/29\/trump-da-prazo-de-10-ou-12-dias-para-putin-chegar-a-acordo-de-cessar-fogo-com-ucrania\/#primaryimage"},"thumbnailUrl":"https:\/\/jornalfatosenoticias.com.br\/wp-content\/uploads\/2025\/07\/trump-e-putin_gettyimages.jpg","datePublished":"2025-07-29T14:07:59+00:00","dateModified":"2025-07-29T14:08:01+00:00","breadcrumb":{"@id":"https:\/\/jornalfatosenoticias.com.br\/index.php\/2025\/07\/29\/trump-da-prazo-de-10-ou-12-dias-para-putin-chegar-a-acordo-de-cessar-fogo-com-ucrania\/#breadcrumb"},"inLanguage":"pt-BR","potentialAction":[{"@type":"ReadAction","target":["https:\/\/jornalfatosenoticias.com.br\/index.php\/2025\/07\/29\/trump-da-prazo-de-10-ou-12-dias-para-putin-chegar-a-acordo-de-cessar-fogo-com-ucrania\/"]}]},{"@type":"ImageObject","inLanguage":"pt-BR","@id":"https:\/\/jornalfatosenoticias.com.br\/index.php\/2025\/07\/29\/trump-da-prazo-de-10-ou-12-dias-para-putin-chegar-a-acordo-de-cessar-fogo-com-ucrania\/#primaryimage","url":"https:\/\/jornalfatosenoticias.com.br\/wp-content\/uploads\/2025\/07\/trump-e-putin_gettyimages.jpg","contentUrl":"https:\/\/jornalfatosenoticias.com.br\/wp-content\/uploads\/2025\/07\/trump-e-putin_gettyimages.jpg","width":612,"height":379,"caption":"US President Donald Trump (L) listens as Russia's President Vladimir Putin speaks during a joint press conference after a meeting at the Presidential Palace in Helsinki, on July 16, 2018. - The US and Russian leaders opened an historic summit in Helsinki, with Donald Trump promising an \"extraordinary relationship\" and Vladimir Putin saying it was high time to thrash out disputes around the world. (Photo by Yuri KADOBNOV \/ AFP) (Photo credit should read YURI KADOBNOV\/AFP via Getty Images)"},{"@type":"BreadcrumbList","@id":"https:\/\/jornalfatosenoticias.com.br\/index.php\/2025\/07\/29\/trump-da-prazo-de-10-ou-12-dias-para-putin-chegar-a-acordo-de-cessar-fogo-com-ucrania\/#breadcrumb","itemListElement":[{"@type":"ListItem","position":1,"name":"In\u00edcio","item":"https:\/\/jornalfatosenoticias.com.br\/"},{"@type":"ListItem","position":2,"name":"Trump d\u00e1 prazo de \u201c10 ou 12 dias\u201d para Putin chegar a acordo de cessar-fogo com Ucr\u00e2nia"}]},{"@type":"WebSite","@id":"https:\/\/jornalfatosenoticias.com.br\/#website","url":"https:\/\/jornalfatosenoticias.com.br\/","name":"Jornal Fatos e Not\u00edcias","description":"Not\u00edcias em geral","publisher":{"@id":"https:\/\/jornalfatosenoticias.com.br\/#organization"},"potentialAction":[{"@type":"SearchAction","target":{"@type":"EntryPoint","urlTemplate":"https:\/\/jornalfatosenoticias.com.br\/?s={search_term_string}"},"query-input":{"@type":"PropertyValueSpecification","valueRequired":true,"valueName":"search_term_string"}}],"inLanguage":"pt-BR"},{"@type":"Organization","@id":"https:\/\/jornalfatosenoticias.com.br\/#organization","name":"Jornal Fatos e Not\u00edcias","url":"https:\/\/jornalfatosenoticias.com.br\/","logo":{"@type":"ImageObject","inLanguage":"pt-BR","@id":"https:\/\/jornalfatosenoticias.com.br\/#\/schema\/logo\/image\/","url":"https:\/\/jornalfatosenoticias.com.br\/wp-content\/uploads\/2020\/02\/logo120.png","contentUrl":"https:\/\/jornalfatosenoticias.com.br\/wp-content\/uploads\/2020\/02\/logo120.png","width":1227,"height":120,"caption":"Jornal Fatos e Not\u00edcias"},"image":{"@id":"https:\/\/jornalfatosenoticias.com.br\/#\/schema\/logo\/image\/"}},{"@type":"Person","@id":"https:\/\/jornalfatosenoticias.com.br\/#\/schema\/person\/d63837fa13ac8666eb9e74e0985d6f81","name":"Luzimara Fernandes","image":{"@type":"ImageObject","inLanguage":"pt-BR","@id":"https:\/\/jornalfatosenoticias.com.br\/#\/schema\/person\/image\/","url":"https:\/\/jornalfatosenoticias.com.br\/wp-content\/uploads\/2025\/05\/EU_portal.jpg","contentUrl":"https:\/\/jornalfatosenoticias.com.br\/wp-content\/uploads\/2025\/05\/EU_portal.jpg","caption":"Luzimara Fernandes"},"description":"Jornalista MTB 2358-ES","sameAs":["https:\/\/jornalfatosenoticias.com.br"],"url":"https:\/\/jornalfatosenoticias.com.br\/index.php\/author\/luzimara\/"}]}},"cc_featured_image_caption":{"caption_text":"(Foto: Getty Images)","source_text":"","source_url":""},"jetpack_featured_media_url":"https:\/\/jornalfatosenoticias.com.br\/wp-content\/uploads\/2025\/07\/trump-e-putin_gettyimages.jpg","_links":{"self":[{"href":"https:\/\/jornalfatosenoticias.com.br\/index.php\/wp-json\/wp\/v2\/posts\/60861","targetHints":{"allow":["GET"]}}],"collection":[{"href":"https:\/\/jornalfatosenoticias.com.br\/index.php\/wp-json\/wp\/v2\/posts"}],"about":[{"href":"https:\/\/jornalfatosenoticias.com.br\/index.php\/wp-json\/wp\/v2\/types\/post"}],"author":[{"embeddable":true,"href":"https:\/\/jornalfatosenoticias.com.br\/index.php\/wp-json\/wp\/v2\/users\/2"}],"replies":[{"embeddable":true,"href":"https:\/\/jornalfatosenoticias.com.br\/index.php\/wp-json\/wp\/v2\/comments?post=60861"}],"version-history":[{"count":0,"href":"https:\/\/jornalfatosenoticias.com.br\/index.php\/wp-json\/wp\/v2\/posts\/60861\/revisions"}],"wp:featuredmedia":[{"embeddable":true,"href":"https:\/\/jornalfatosenoticias.com.br\/index.php\/wp-json\/wp\/v2\/media\/60862"}],"wp:attachment":[{"href":"https:\/\/jornalfatosenoticias.com.br\/index.php\/wp-json\/wp\/v2\/media?parent=60861"}],"wp:term":[{"taxonomy":"category","embeddable":true,"href":"https:\/\/jornalfatosenoticias.com.br\/index.php\/wp-json\/wp\/v2\/categories?post=60861"},{"taxonomy":"post_tag","embeddable":true,"href":"https:\/\/jornalfatosenoticias.com.br\/index.php\/wp-json\/wp\/v2\/tags?post=60861"}],"curies":[{"name":"wp","href":"https:\/\/api.w.org\/{rel}","templated":true}]}}