{"id":60897,"date":"2025-07-30T09:50:03","date_gmt":"2025-07-30T12:50:03","guid":{"rendered":"https:\/\/jornalfatosenoticias.com.br\/?p=60897"},"modified":"2025-07-30T09:50:04","modified_gmt":"2025-07-30T12:50:04","slug":"pastor-chama-cristaos-a-se-posicionarem-o-brasil-e-do-senhor-jesus","status":"publish","type":"post","link":"https:\/\/jornalfatosenoticias.com.br\/index.php\/2025\/07\/30\/pastor-chama-cristaos-a-se-posicionarem-o-brasil-e-do-senhor-jesus\/","title":{"rendered":"Pastor chama crist\u00e3os a se posicionarem: \u201co Brasil \u00e9 do Senhor Jesus\u201d"},"content":{"rendered":"\n<p><em><span class=\"has-inline-color has-black-color\">Joel Engel falou sobre o papel da f\u00e9 diante dos desafios atuais e defendeu que a voz da Igreja n\u00e3o pode ser silenciada<\/span><\/em><\/p>\n\n\n\n<p><span class=\"has-inline-color has-black-color\">Por <strong>Luana Novaes<\/strong><\/span><\/p>\n\n\n\n<div class=\"wp-block-image\"><figure class=\"aligncenter size-large is-resized\"><a href=\"https:\/\/www.facebook.com\/vetor.vix\/\"><img loading=\"lazy\" decoding=\"async\" src=\"https:\/\/jornalfatosenoticias.com.br\/wp-content\/uploads\/2023\/09\/vetorvix1024_1.jpg\" alt=\"\" class=\"wp-image-44868\" width=\"520\" height=\"138\" srcset=\"https:\/\/jornalfatosenoticias.com.br\/wp-content\/uploads\/2023\/09\/vetorvix1024_1.jpg 1024w, https:\/\/jornalfatosenoticias.com.br\/wp-content\/uploads\/2023\/09\/vetorvix1024_1-300x80.jpg 300w, https:\/\/jornalfatosenoticias.com.br\/wp-content\/uploads\/2023\/09\/vetorvix1024_1-768x205.jpg 768w\" sizes=\"auto, (max-width: 520px) 100vw, 520px\" \/><\/a><\/figure><\/div>\n\n\n\n<p>Em um momento em que o Brasil vive debates sobre censura e persegui\u00e7\u00e3o ideol\u00f3gica, o pastor <strong><a href=\"https:\/\/guiame.com.br\/tudo-sobre?tag=Joel+Engel\"><strong>Joel Engel<\/strong><\/a><\/strong> ergueu sua voz para declarar que \u201ca palavra de Deus n\u00e3o est\u00e1 presa\u201d e que \u201co Brasil \u00e9 do Senhor Jesus\u201d. Inspirado em 2 Tim\u00f3teo 2:9, o pastor abriu sua ministra\u00e7\u00e3o com um chamado \u00e0 na\u00e7\u00e3o. \u201cO ap\u00f3stolo Paulo disse: \u2018estou preso em cadeias, mas a palavra de Deus n\u00e3o est\u00e1 presa\u2019. Ent\u00e3o repita comigo: a palavra de Deus n\u00e3o est\u00e1 presa! \u00c9 tempo de voc\u00ea pegar a bandeira do Brasil e a B\u00edblia Sagrada e come\u00e7ar a orar, profetizar sobre a nossa na\u00e7\u00e3o\u201d.<br>Ele ainda falou sobre o Brasil na perspectiva espiritual e apontou para o significado simb\u00f3lico do nome do pa\u00eds. \u201cGosto de dizer que Brasil vem de \u2018brasa\u2019, de fogo. Mas tamb\u00e9m me lembro de Basilai, um judeu amigo de Davi. Por isso, Deus tem derramado Seu favor sobre esta na\u00e7\u00e3o de forma especial\u201d. Joel enfatizou que o Brasil \u00e9 uma terra de liberdade \u2014 mas que essa liberdade est\u00e1 sob amea\u00e7a: \u201cestamos vendo pessoas sendo proibidas de falar, de se manifestar, de dar sua opini\u00e3o. E eu digo: ningu\u00e9m pode prender minha voz!\u201d.<\/p>\n\n\n\n<div class=\"wp-block-image\"><figure class=\"aligncenter size-large\"><a href=\"http:\/\/www.ferrarimaquinas.com.br\/\"><img loading=\"lazy\" decoding=\"async\" width=\"300\" height=\"250\" src=\"https:\/\/jornalfatosenoticias.com.br\/wp-content\/uploads\/2022\/02\/FERRARI_MAQUINAS-E-FERRAMENTAS2.jpg\" alt=\"\" class=\"wp-image-27860\"\/><\/a><\/figure><\/div>\n\n\n\n<p>O pastor relembrou casos de censura sofridos no in\u00edcio de seu minist\u00e9rio. Ele contou sobre o processo de persegui\u00e7\u00e3o vivido em Faxinal do Soturno (RS), onde teve B\u00edblias recolhidas pelas autoridades. \u201cDistribu\u00ed B\u00edblias de casa em casa, e recebi a not\u00edcia de que um policial estava passando de porta em porta para recolh\u00ea-las. E eu n\u00e3o estou falando de Cuba, nem da Coreia do Norte. Estou falando de Brasil!\u201d.<\/p>\n\n\n\n<div class=\"wp-block-image\"><figure class=\"aligncenter size-large is-resized\"><a href=\"https:\/\/www.legisjuris.com.br\/\"><img loading=\"lazy\" decoding=\"async\" src=\"https:\/\/jornalfatosenoticias.com.br\/wp-content\/uploads\/2024\/09\/Legis-Juris-Consultoria_logo.jpg\" alt=\"\" class=\"wp-image-53915\" width=\"473\" height=\"198\" srcset=\"https:\/\/jornalfatosenoticias.com.br\/wp-content\/uploads\/2024\/09\/Legis-Juris-Consultoria_logo.jpg 969w, https:\/\/jornalfatosenoticias.com.br\/wp-content\/uploads\/2024\/09\/Legis-Juris-Consultoria_logo-300x126.jpg 300w, https:\/\/jornalfatosenoticias.com.br\/wp-content\/uploads\/2024\/09\/Legis-Juris-Consultoria_logo-768x322.jpg 768w\" sizes=\"auto, (max-width: 473px) 100vw, 473px\" \/><\/a><\/figure><\/div>\n\n\n\n<p>Engel ainda relacionou sua experi\u00eancia com a dos ap\u00f3stolos perseguidos em Atos dos Ap\u00f3stolos. \u201cO Sin\u00e9drio, a maior autoridade de Israel, proibiu os disc\u00edpulos de pregar. E eles disseram: mais importa obedecer a Deus do que aos homens!\u201d. E refor\u00e7ou: \u201cprega, pregador! E n\u00e3o pare de pregar! Fala, brasileiro, e n\u00e3o te cales!\u201d.<\/p>\n\n\n\n<div class=\"wp-block-image\"><figure class=\"aligncenter size-large is-resized\"><a href=\"https:\/\/www.instagram.com\/esteio.churrascaria\/\"><img loading=\"lazy\" decoding=\"async\" src=\"https:\/\/jornalfatosenoticias.com.br\/wp-content\/uploads\/2022\/02\/LOGO-ESTEIO-1024x730.png\" alt=\"\" class=\"wp-image-27942\" width=\"322\" height=\"229\" srcset=\"https:\/\/jornalfatosenoticias.com.br\/wp-content\/uploads\/2022\/02\/LOGO-ESTEIO-1024x730.png 1024w, https:\/\/jornalfatosenoticias.com.br\/wp-content\/uploads\/2022\/02\/LOGO-ESTEIO-300x214.png 300w, https:\/\/jornalfatosenoticias.com.br\/wp-content\/uploads\/2022\/02\/LOGO-ESTEIO-768x548.png 768w, https:\/\/jornalfatosenoticias.com.br\/wp-content\/uploads\/2022\/02\/LOGO-ESTEIO.png 1123w\" sizes=\"auto, (max-width: 322px) 100vw, 322px\" \/><\/a><\/figure><\/div>\n\n\n\n<p>O pastor Joel Engel lan\u00e7ou um alerta prof\u00e9tico aos ju\u00edzes e autoridades do pa\u00eds: \u201cda forma que voc\u00eas est\u00e3o julgando hoje, assim sereis julgados. Ningu\u00e9m escapa daquele que criou a voz. A voz de Deus ressoa na terra atrav\u00e9s de seres humanos!\u201d. O pastor tamb\u00e9m direcionou sua mensagem aos parlamentares crist\u00e3os: \u201cdiga ao seu vereador: fale e n\u00e3o pare de falar! Diga ao deputado que te representa: pregue e n\u00e3o pare de pregar! Foi para isso que voc\u00eas foram levantados!\u201d.<\/p>\n\n\n\n<div class=\"wp-block-image\"><figure class=\"aligncenter size-large is-resized\"><a href=\"https:\/\/www.instagram.com\/rcradiadores\/\"><img loading=\"lazy\" decoding=\"async\" src=\"https:\/\/jornalfatosenoticias.com.br\/wp-content\/uploads\/2022\/10\/RC_800x750_page-0001.jpg\" alt=\"\" class=\"wp-image-35338\" width=\"307\" height=\"288\" srcset=\"https:\/\/jornalfatosenoticias.com.br\/wp-content\/uploads\/2022\/10\/RC_800x750_page-0001.jpg 400w, https:\/\/jornalfatosenoticias.com.br\/wp-content\/uploads\/2022\/10\/RC_800x750_page-0001-300x281.jpg 300w\" sizes=\"auto, (max-width: 307px) 100vw, 307px\" \/><\/a><\/figure><\/div>\n\n\n\n<p>Encerrando sua mensagem, o pastor Engel convocou uma nova gera\u00e7\u00e3o de crist\u00e3os a n\u00e3o se intimidar e a ocupar os espa\u00e7os p\u00fablicos com a Palavra de Deus. \u201cQuero desafiar agora os jovens que est\u00e3o me ouvindo. V\u00e1 at\u00e9 o pastor da sua igreja e diga: pastor, vamos para a pra\u00e7a pregar! Incomode! Incomode como os ap\u00f3stolos incomodaram as autoridades!\u201d.<\/p>\n\n\n\n<div class=\"wp-block-image\"><figure class=\"aligncenter size-large is-resized\"><a href=\"https:\/\/www.instagram.com\/serra4x4cambioautomatico\/\"><img loading=\"lazy\" decoding=\"async\" src=\"https:\/\/jornalfatosenoticias.com.br\/wp-content\/uploads\/2024\/08\/Serra-4x4-1-886x1024.jpg\" alt=\"\" class=\"wp-image-53632\" width=\"270\" height=\"311\" srcset=\"https:\/\/jornalfatosenoticias.com.br\/wp-content\/uploads\/2024\/08\/Serra-4x4-1-886x1024.jpg 886w, https:\/\/jornalfatosenoticias.com.br\/wp-content\/uploads\/2024\/08\/Serra-4x4-1-260x300.jpg 260w, https:\/\/jornalfatosenoticias.com.br\/wp-content\/uploads\/2024\/08\/Serra-4x4-1-768x888.jpg 768w, https:\/\/jornalfatosenoticias.com.br\/wp-content\/uploads\/2024\/08\/Serra-4x4-1.jpg 1181w\" sizes=\"auto, (max-width: 270px) 100vw, 270px\" \/><\/a><\/figure><\/div>\n\n\n\n<p>Ele tamb\u00e9m fez quest\u00e3o de declarar que ningu\u00e9m pode parar a propaga\u00e7\u00e3o da verdade. \u201cA voz \u00e9 sobrenatural. \u00c9 Deus se manifestando. E nada pode parar esse dom. Nem mesmo os imp\u00e9rios mais sanguin\u00e1rios conseguiram calar os ap\u00f3stolos. Paulo estava preso, mas a sua voz ecoou pelos s\u00e9culos. E ela chegou at\u00e9 n\u00f3s!\u201d.<\/p>\n\n\n\n<div class=\"wp-block-image\"><figure class=\"aligncenter size-large is-resized\"><a href=\"https:\/\/www.instagram.com\/gruposei\/\"><img loading=\"lazy\" decoding=\"async\" src=\"https:\/\/jornalfatosenoticias.com.br\/wp-content\/uploads\/2022\/07\/Logo-Grupo-SEI.jpg\" alt=\"\" class=\"wp-image-31973\" width=\"379\" height=\"199\" srcset=\"https:\/\/jornalfatosenoticias.com.br\/wp-content\/uploads\/2022\/07\/Logo-Grupo-SEI.jpg 713w, https:\/\/jornalfatosenoticias.com.br\/wp-content\/uploads\/2022\/07\/Logo-Grupo-SEI-300x158.jpg 300w\" sizes=\"auto, (max-width: 379px) 100vw, 379px\" \/><\/a><\/figure><\/div>\n\n\n\n<p>O pastor ent\u00e3o profetizou que Deus est\u00e1 levantando um governo justo e que haver\u00e1 um rompimento com estruturas de opress\u00e3o. \u201cAs vozes da vi\u00fava, do \u00f3rf\u00e3o, do pobre\u2026 est\u00e3o subindo ao c\u00e9u! Mesmo que estejam proibidas de falar aqui na terra, l\u00e1 no c\u00e9u a voz est\u00e1 sendo liberada!\u201d.<\/p>\n\n\n\n<div class=\"wp-block-image\"><figure class=\"aligncenter size-large is-resized\"><a href=\"https:\/\/www.ithbrasil.com.br\/\"><img loading=\"lazy\" decoding=\"async\" src=\"https:\/\/jornalfatosenoticias.com.br\/wp-content\/uploads\/2023\/08\/ITH.jpeg\" alt=\"\" class=\"wp-image-44638\" width=\"283\" height=\"230\" srcset=\"https:\/\/jornalfatosenoticias.com.br\/wp-content\/uploads\/2023\/08\/ITH.jpeg 800w, https:\/\/jornalfatosenoticias.com.br\/wp-content\/uploads\/2023\/08\/ITH-300x244.jpeg 300w, https:\/\/jornalfatosenoticias.com.br\/wp-content\/uploads\/2023\/08\/ITH-768x624.jpeg 768w\" sizes=\"auto, (max-width: 283px) 100vw, 283px\" \/><\/a><\/figure><\/div>\n\n\n\n<p>Por fim, ele deixou um alerta aos crist\u00e3os de todo o pa\u00eds: \u201cse voc\u00ea se calar hoje, talvez amanh\u00e3 seja proibido de pregar. Ent\u00e3o n\u00e3o se cale! A voz que est\u00e1 na sua boca foi Deus quem colocou. E nada neste mundo pode impedir essa voz de sair para fora!\u201d. \u201cLevante-se, Igreja! Levante-se, Brasil! \u00c9 tempo da voz prof\u00e9tica ser ouvida na na\u00e7\u00e3o!\u201d.<\/p>\n\n\n\n<p><strong><em>Veja a prega\u00e7\u00e3o completa:<\/em><\/strong><\/p>\n\n\n\n<figure class=\"wp-block-embed-youtube wp-block-embed is-type-video is-provider-youtube wp-embed-aspect-16-9 wp-has-aspect-ratio\"><div class=\"wp-block-embed__wrapper\">\n<iframe loading=\"lazy\" title=\"N\u00c3O TE CALES\" width=\"660\" height=\"371\" src=\"https:\/\/www.youtube.com\/embed\/sEo6GASBGQQ?start=3&#038;feature=oembed\" frameborder=\"0\" allow=\"accelerometer; autoplay; clipboard-write; encrypted-media; gyroscope; picture-in-picture; web-share\" referrerpolicy=\"strict-origin-when-cross-origin\" allowfullscreen><\/iframe>\n<\/div><\/figure>\n\n\n\n<p><strong>Fonte: <a href=\"https:\/\/www.guiame.com.br\/gospel\/mundo-cristao\/pastor-chama-cristaos-se-posicionarem-o-brasil-e-do-senhor-jesus.html\">Guiame<\/a><\/strong><\/p>\n","protected":false},"excerpt":{"rendered":"<p>Joel Engel falou sobre o papel da f\u00e9 diante dos desafios atuais e defendeu que a voz da Igreja n\u00e3o pode ser silenciada Por Luana Novaes Em um momento em que o Brasil vive debates sobre censura e persegui\u00e7\u00e3o ideol\u00f3gica, o pastor Joel Engel ergueu sua voz para declarar que \u201ca palavra de Deus n\u00e3o [&hellip;]<\/p>\n","protected":false},"author":2,"featured_media":60898,"comment_status":"open","ping_status":"open","sticky":false,"template":"","format":"standard","meta":{"footnotes":""},"categories":[21140],"tags":[597,26077,27774,4187,20952,27775],"class_list":["post-60897","post","type-post","status-publish","format-standard","has-post-thumbnail","hentry","category-religiao","tag-brasil","tag-gospel","tag-joel-engel","tag-liberdade","tag-oracao","tag-voz-profetica"],"yoast_head":"<!-- This site is optimized with the Yoast SEO plugin v26.5 - https:\/\/yoast.com\/wordpress\/plugins\/seo\/ -->\n<title>Pastor chama crist\u00e3os a se posicionarem: \u201co Brasil \u00e9 do Senhor Jesus\u201d - Jornal Fatos e Not\u00edcias<\/title>\n<meta name=\"robots\" content=\"index, follow, max-snippet:-1, max-image-preview:large, max-video-preview:-1\" \/>\n<link rel=\"canonical\" href=\"https:\/\/jornalfatosenoticias.com.br\/index.php\/2025\/07\/30\/pastor-chama-cristaos-a-se-posicionarem-o-brasil-e-do-senhor-jesus\/\" \/>\n<meta property=\"og:locale\" content=\"pt_BR\" \/>\n<meta property=\"og:type\" content=\"article\" \/>\n<meta property=\"og:title\" content=\"Pastor chama crist\u00e3os a se posicionarem: \u201co Brasil \u00e9 do Senhor Jesus\u201d - Jornal Fatos e Not\u00edcias\" \/>\n<meta property=\"og:description\" content=\"Joel Engel falou sobre o papel da f\u00e9 diante dos desafios atuais e defendeu que a voz da Igreja n\u00e3o pode ser silenciada Por Luana Novaes Em um momento em que o Brasil vive debates sobre censura e persegui\u00e7\u00e3o ideol\u00f3gica, o pastor Joel Engel ergueu sua voz para declarar que \u201ca palavra de Deus n\u00e3o [&hellip;]\" \/>\n<meta property=\"og:url\" content=\"https:\/\/jornalfatosenoticias.com.br\/index.php\/2025\/07\/30\/pastor-chama-cristaos-a-se-posicionarem-o-brasil-e-do-senhor-jesus\/\" \/>\n<meta property=\"og:site_name\" content=\"Jornal Fatos e Not\u00edcias\" \/>\n<meta property=\"article:published_time\" content=\"2025-07-30T12:50:03+00:00\" \/>\n<meta property=\"article:modified_time\" content=\"2025-07-30T12:50:04+00:00\" \/>\n<meta property=\"og:image\" content=\"https:\/\/jornalfatosenoticias.com.br\/wp-content\/uploads\/2025\/07\/Pastor-chama-cristaos-a-se-posicionarem_freepik.jpg\" \/>\n\t<meta property=\"og:image:width\" content=\"1000\" \/>\n\t<meta property=\"og:image:height\" content=\"734\" \/>\n\t<meta property=\"og:image:type\" content=\"image\/jpeg\" \/>\n<meta name=\"author\" content=\"Luzimara Fernandes\" \/>\n<meta name=\"twitter:card\" content=\"summary_large_image\" \/>\n<meta name=\"twitter:label1\" content=\"Escrito por\" \/>\n\t<meta name=\"twitter:data1\" content=\"Luzimara Fernandes\" \/>\n\t<meta name=\"twitter:label2\" content=\"Est. tempo de leitura\" \/>\n\t<meta name=\"twitter:data2\" content=\"4 minutos\" \/>\n<script type=\"application\/ld+json\" class=\"yoast-schema-graph\">{\"@context\":\"https:\/\/schema.org\",\"@graph\":[{\"@type\":\"Article\",\"@id\":\"https:\/\/jornalfatosenoticias.com.br\/index.php\/2025\/07\/30\/pastor-chama-cristaos-a-se-posicionarem-o-brasil-e-do-senhor-jesus\/#article\",\"isPartOf\":{\"@id\":\"https:\/\/jornalfatosenoticias.com.br\/index.php\/2025\/07\/30\/pastor-chama-cristaos-a-se-posicionarem-o-brasil-e-do-senhor-jesus\/\"},\"author\":{\"name\":\"Luzimara Fernandes\",\"@id\":\"https:\/\/jornalfatosenoticias.com.br\/#\/schema\/person\/d63837fa13ac8666eb9e74e0985d6f81\"},\"headline\":\"Pastor chama crist\u00e3os a se posicionarem: \u201co Brasil \u00e9 do Senhor Jesus\u201d\",\"datePublished\":\"2025-07-30T12:50:03+00:00\",\"dateModified\":\"2025-07-30T12:50:04+00:00\",\"mainEntityOfPage\":{\"@id\":\"https:\/\/jornalfatosenoticias.com.br\/index.php\/2025\/07\/30\/pastor-chama-cristaos-a-se-posicionarem-o-brasil-e-do-senhor-jesus\/\"},\"wordCount\":765,\"commentCount\":0,\"publisher\":{\"@id\":\"https:\/\/jornalfatosenoticias.com.br\/#organization\"},\"image\":{\"@id\":\"https:\/\/jornalfatosenoticias.com.br\/index.php\/2025\/07\/30\/pastor-chama-cristaos-a-se-posicionarem-o-brasil-e-do-senhor-jesus\/#primaryimage\"},\"thumbnailUrl\":\"https:\/\/jornalfatosenoticias.com.br\/wp-content\/uploads\/2025\/07\/Pastor-chama-cristaos-a-se-posicionarem_freepik.jpg\",\"keywords\":[\"Brasil\",\"gospel\",\"Joel Engel\",\"liberdade\",\"ora\u00e7\u00e3o\",\"voz prof\u00e9tica\"],\"articleSection\":[\"Religi\u00e3o\"],\"inLanguage\":\"pt-BR\",\"potentialAction\":[{\"@type\":\"CommentAction\",\"name\":\"Comment\",\"target\":[\"https:\/\/jornalfatosenoticias.com.br\/index.php\/2025\/07\/30\/pastor-chama-cristaos-a-se-posicionarem-o-brasil-e-do-senhor-jesus\/#respond\"]}]},{\"@type\":\"WebPage\",\"@id\":\"https:\/\/jornalfatosenoticias.com.br\/index.php\/2025\/07\/30\/pastor-chama-cristaos-a-se-posicionarem-o-brasil-e-do-senhor-jesus\/\",\"url\":\"https:\/\/jornalfatosenoticias.com.br\/index.php\/2025\/07\/30\/pastor-chama-cristaos-a-se-posicionarem-o-brasil-e-do-senhor-jesus\/\",\"name\":\"Pastor chama crist\u00e3os a se posicionarem: \u201co Brasil \u00e9 do Senhor Jesus\u201d - Jornal Fatos e Not\u00edcias\",\"isPartOf\":{\"@id\":\"https:\/\/jornalfatosenoticias.com.br\/#website\"},\"primaryImageOfPage\":{\"@id\":\"https:\/\/jornalfatosenoticias.com.br\/index.php\/2025\/07\/30\/pastor-chama-cristaos-a-se-posicionarem-o-brasil-e-do-senhor-jesus\/#primaryimage\"},\"image\":{\"@id\":\"https:\/\/jornalfatosenoticias.com.br\/index.php\/2025\/07\/30\/pastor-chama-cristaos-a-se-posicionarem-o-brasil-e-do-senhor-jesus\/#primaryimage\"},\"thumbnailUrl\":\"https:\/\/jornalfatosenoticias.com.br\/wp-content\/uploads\/2025\/07\/Pastor-chama-cristaos-a-se-posicionarem_freepik.jpg\",\"datePublished\":\"2025-07-30T12:50:03+00:00\",\"dateModified\":\"2025-07-30T12:50:04+00:00\",\"breadcrumb\":{\"@id\":\"https:\/\/jornalfatosenoticias.com.br\/index.php\/2025\/07\/30\/pastor-chama-cristaos-a-se-posicionarem-o-brasil-e-do-senhor-jesus\/#breadcrumb\"},\"inLanguage\":\"pt-BR\",\"potentialAction\":[{\"@type\":\"ReadAction\",\"target\":[\"https:\/\/jornalfatosenoticias.com.br\/index.php\/2025\/07\/30\/pastor-chama-cristaos-a-se-posicionarem-o-brasil-e-do-senhor-jesus\/\"]}]},{\"@type\":\"ImageObject\",\"inLanguage\":\"pt-BR\",\"@id\":\"https:\/\/jornalfatosenoticias.com.br\/index.php\/2025\/07\/30\/pastor-chama-cristaos-a-se-posicionarem-o-brasil-e-do-senhor-jesus\/#primaryimage\",\"url\":\"https:\/\/jornalfatosenoticias.com.br\/wp-content\/uploads\/2025\/07\/Pastor-chama-cristaos-a-se-posicionarem_freepik.jpg\",\"contentUrl\":\"https:\/\/jornalfatosenoticias.com.br\/wp-content\/uploads\/2025\/07\/Pastor-chama-cristaos-a-se-posicionarem_freepik.jpg\",\"width\":1000,\"height\":734},{\"@type\":\"BreadcrumbList\",\"@id\":\"https:\/\/jornalfatosenoticias.com.br\/index.php\/2025\/07\/30\/pastor-chama-cristaos-a-se-posicionarem-o-brasil-e-do-senhor-jesus\/#breadcrumb\",\"itemListElement\":[{\"@type\":\"ListItem\",\"position\":1,\"name\":\"In\u00edcio\",\"item\":\"https:\/\/jornalfatosenoticias.com.br\/\"},{\"@type\":\"ListItem\",\"position\":2,\"name\":\"Pastor chama crist\u00e3os a se posicionarem: \u201co Brasil \u00e9 do Senhor Jesus\u201d\"}]},{\"@type\":\"WebSite\",\"@id\":\"https:\/\/jornalfatosenoticias.com.br\/#website\",\"url\":\"https:\/\/jornalfatosenoticias.com.br\/\",\"name\":\"Jornal Fatos e Not\u00edcias\",\"description\":\"Not\u00edcias em geral\",\"publisher\":{\"@id\":\"https:\/\/jornalfatosenoticias.com.br\/#organization\"},\"potentialAction\":[{\"@type\":\"SearchAction\",\"target\":{\"@type\":\"EntryPoint\",\"urlTemplate\":\"https:\/\/jornalfatosenoticias.com.br\/?s={search_term_string}\"},\"query-input\":{\"@type\":\"PropertyValueSpecification\",\"valueRequired\":true,\"valueName\":\"search_term_string\"}}],\"inLanguage\":\"pt-BR\"},{\"@type\":\"Organization\",\"@id\":\"https:\/\/jornalfatosenoticias.com.br\/#organization\",\"name\":\"Jornal Fatos e Not\u00edcias\",\"url\":\"https:\/\/jornalfatosenoticias.com.br\/\",\"logo\":{\"@type\":\"ImageObject\",\"inLanguage\":\"pt-BR\",\"@id\":\"https:\/\/jornalfatosenoticias.com.br\/#\/schema\/logo\/image\/\",\"url\":\"https:\/\/jornalfatosenoticias.com.br\/wp-content\/uploads\/2020\/02\/logo120.png\",\"contentUrl\":\"https:\/\/jornalfatosenoticias.com.br\/wp-content\/uploads\/2020\/02\/logo120.png\",\"width\":1227,\"height\":120,\"caption\":\"Jornal Fatos e Not\u00edcias\"},\"image\":{\"@id\":\"https:\/\/jornalfatosenoticias.com.br\/#\/schema\/logo\/image\/\"}},{\"@type\":\"Person\",\"@id\":\"https:\/\/jornalfatosenoticias.com.br\/#\/schema\/person\/d63837fa13ac8666eb9e74e0985d6f81\",\"name\":\"Luzimara Fernandes\",\"image\":{\"@type\":\"ImageObject\",\"inLanguage\":\"pt-BR\",\"@id\":\"https:\/\/jornalfatosenoticias.com.br\/#\/schema\/person\/image\/\",\"url\":\"https:\/\/jornalfatosenoticias.com.br\/wp-content\/uploads\/2025\/05\/EU_portal.jpg\",\"contentUrl\":\"https:\/\/jornalfatosenoticias.com.br\/wp-content\/uploads\/2025\/05\/EU_portal.jpg\",\"caption\":\"Luzimara Fernandes\"},\"description\":\"Jornalista MTB 2358-ES\",\"sameAs\":[\"https:\/\/jornalfatosenoticias.com.br\"],\"url\":\"https:\/\/jornalfatosenoticias.com.br\/index.php\/author\/luzimara\/\"}]}<\/script>\n<!-- \/ Yoast SEO plugin. -->","yoast_head_json":{"title":"Pastor chama crist\u00e3os a se posicionarem: \u201co Brasil \u00e9 do Senhor Jesus\u201d - Jornal Fatos e Not\u00edcias","robots":{"index":"index","follow":"follow","max-snippet":"max-snippet:-1","max-image-preview":"max-image-preview:large","max-video-preview":"max-video-preview:-1"},"canonical":"https:\/\/jornalfatosenoticias.com.br\/index.php\/2025\/07\/30\/pastor-chama-cristaos-a-se-posicionarem-o-brasil-e-do-senhor-jesus\/","og_locale":"pt_BR","og_type":"article","og_title":"Pastor chama crist\u00e3os a se posicionarem: \u201co Brasil \u00e9 do Senhor Jesus\u201d - Jornal Fatos e Not\u00edcias","og_description":"Joel Engel falou sobre o papel da f\u00e9 diante dos desafios atuais e defendeu que a voz da Igreja n\u00e3o pode ser silenciada Por Luana Novaes Em um momento em que o Brasil vive debates sobre censura e persegui\u00e7\u00e3o ideol\u00f3gica, o pastor Joel Engel ergueu sua voz para declarar que \u201ca palavra de Deus n\u00e3o [&hellip;]","og_url":"https:\/\/jornalfatosenoticias.com.br\/index.php\/2025\/07\/30\/pastor-chama-cristaos-a-se-posicionarem-o-brasil-e-do-senhor-jesus\/","og_site_name":"Jornal Fatos e Not\u00edcias","article_published_time":"2025-07-30T12:50:03+00:00","article_modified_time":"2025-07-30T12:50:04+00:00","og_image":[{"width":1000,"height":734,"url":"https:\/\/jornalfatosenoticias.com.br\/wp-content\/uploads\/2025\/07\/Pastor-chama-cristaos-a-se-posicionarem_freepik.jpg","type":"image\/jpeg"}],"author":"Luzimara Fernandes","twitter_card":"summary_large_image","twitter_misc":{"Escrito por":"Luzimara Fernandes","Est. tempo de leitura":"4 minutos"},"schema":{"@context":"https:\/\/schema.org","@graph":[{"@type":"Article","@id":"https:\/\/jornalfatosenoticias.com.br\/index.php\/2025\/07\/30\/pastor-chama-cristaos-a-se-posicionarem-o-brasil-e-do-senhor-jesus\/#article","isPartOf":{"@id":"https:\/\/jornalfatosenoticias.com.br\/index.php\/2025\/07\/30\/pastor-chama-cristaos-a-se-posicionarem-o-brasil-e-do-senhor-jesus\/"},"author":{"name":"Luzimara Fernandes","@id":"https:\/\/jornalfatosenoticias.com.br\/#\/schema\/person\/d63837fa13ac8666eb9e74e0985d6f81"},"headline":"Pastor chama crist\u00e3os a se posicionarem: \u201co Brasil \u00e9 do Senhor Jesus\u201d","datePublished":"2025-07-30T12:50:03+00:00","dateModified":"2025-07-30T12:50:04+00:00","mainEntityOfPage":{"@id":"https:\/\/jornalfatosenoticias.com.br\/index.php\/2025\/07\/30\/pastor-chama-cristaos-a-se-posicionarem-o-brasil-e-do-senhor-jesus\/"},"wordCount":765,"commentCount":0,"publisher":{"@id":"https:\/\/jornalfatosenoticias.com.br\/#organization"},"image":{"@id":"https:\/\/jornalfatosenoticias.com.br\/index.php\/2025\/07\/30\/pastor-chama-cristaos-a-se-posicionarem-o-brasil-e-do-senhor-jesus\/#primaryimage"},"thumbnailUrl":"https:\/\/jornalfatosenoticias.com.br\/wp-content\/uploads\/2025\/07\/Pastor-chama-cristaos-a-se-posicionarem_freepik.jpg","keywords":["Brasil","gospel","Joel Engel","liberdade","ora\u00e7\u00e3o","voz prof\u00e9tica"],"articleSection":["Religi\u00e3o"],"inLanguage":"pt-BR","potentialAction":[{"@type":"CommentAction","name":"Comment","target":["https:\/\/jornalfatosenoticias.com.br\/index.php\/2025\/07\/30\/pastor-chama-cristaos-a-se-posicionarem-o-brasil-e-do-senhor-jesus\/#respond"]}]},{"@type":"WebPage","@id":"https:\/\/jornalfatosenoticias.com.br\/index.php\/2025\/07\/30\/pastor-chama-cristaos-a-se-posicionarem-o-brasil-e-do-senhor-jesus\/","url":"https:\/\/jornalfatosenoticias.com.br\/index.php\/2025\/07\/30\/pastor-chama-cristaos-a-se-posicionarem-o-brasil-e-do-senhor-jesus\/","name":"Pastor chama crist\u00e3os a se posicionarem: \u201co Brasil \u00e9 do Senhor Jesus\u201d - Jornal Fatos e Not\u00edcias","isPartOf":{"@id":"https:\/\/jornalfatosenoticias.com.br\/#website"},"primaryImageOfPage":{"@id":"https:\/\/jornalfatosenoticias.com.br\/index.php\/2025\/07\/30\/pastor-chama-cristaos-a-se-posicionarem-o-brasil-e-do-senhor-jesus\/#primaryimage"},"image":{"@id":"https:\/\/jornalfatosenoticias.com.br\/index.php\/2025\/07\/30\/pastor-chama-cristaos-a-se-posicionarem-o-brasil-e-do-senhor-jesus\/#primaryimage"},"thumbnailUrl":"https:\/\/jornalfatosenoticias.com.br\/wp-content\/uploads\/2025\/07\/Pastor-chama-cristaos-a-se-posicionarem_freepik.jpg","datePublished":"2025-07-30T12:50:03+00:00","dateModified":"2025-07-30T12:50:04+00:00","breadcrumb":{"@id":"https:\/\/jornalfatosenoticias.com.br\/index.php\/2025\/07\/30\/pastor-chama-cristaos-a-se-posicionarem-o-brasil-e-do-senhor-jesus\/#breadcrumb"},"inLanguage":"pt-BR","potentialAction":[{"@type":"ReadAction","target":["https:\/\/jornalfatosenoticias.com.br\/index.php\/2025\/07\/30\/pastor-chama-cristaos-a-se-posicionarem-o-brasil-e-do-senhor-jesus\/"]}]},{"@type":"ImageObject","inLanguage":"pt-BR","@id":"https:\/\/jornalfatosenoticias.com.br\/index.php\/2025\/07\/30\/pastor-chama-cristaos-a-se-posicionarem-o-brasil-e-do-senhor-jesus\/#primaryimage","url":"https:\/\/jornalfatosenoticias.com.br\/wp-content\/uploads\/2025\/07\/Pastor-chama-cristaos-a-se-posicionarem_freepik.jpg","contentUrl":"https:\/\/jornalfatosenoticias.com.br\/wp-content\/uploads\/2025\/07\/Pastor-chama-cristaos-a-se-posicionarem_freepik.jpg","width":1000,"height":734},{"@type":"BreadcrumbList","@id":"https:\/\/jornalfatosenoticias.com.br\/index.php\/2025\/07\/30\/pastor-chama-cristaos-a-se-posicionarem-o-brasil-e-do-senhor-jesus\/#breadcrumb","itemListElement":[{"@type":"ListItem","position":1,"name":"In\u00edcio","item":"https:\/\/jornalfatosenoticias.com.br\/"},{"@type":"ListItem","position":2,"name":"Pastor chama crist\u00e3os a se posicionarem: \u201co Brasil \u00e9 do Senhor Jesus\u201d"}]},{"@type":"WebSite","@id":"https:\/\/jornalfatosenoticias.com.br\/#website","url":"https:\/\/jornalfatosenoticias.com.br\/","name":"Jornal Fatos e Not\u00edcias","description":"Not\u00edcias em geral","publisher":{"@id":"https:\/\/jornalfatosenoticias.com.br\/#organization"},"potentialAction":[{"@type":"SearchAction","target":{"@type":"EntryPoint","urlTemplate":"https:\/\/jornalfatosenoticias.com.br\/?s={search_term_string}"},"query-input":{"@type":"PropertyValueSpecification","valueRequired":true,"valueName":"search_term_string"}}],"inLanguage":"pt-BR"},{"@type":"Organization","@id":"https:\/\/jornalfatosenoticias.com.br\/#organization","name":"Jornal Fatos e Not\u00edcias","url":"https:\/\/jornalfatosenoticias.com.br\/","logo":{"@type":"ImageObject","inLanguage":"pt-BR","@id":"https:\/\/jornalfatosenoticias.com.br\/#\/schema\/logo\/image\/","url":"https:\/\/jornalfatosenoticias.com.br\/wp-content\/uploads\/2020\/02\/logo120.png","contentUrl":"https:\/\/jornalfatosenoticias.com.br\/wp-content\/uploads\/2020\/02\/logo120.png","width":1227,"height":120,"caption":"Jornal Fatos e Not\u00edcias"},"image":{"@id":"https:\/\/jornalfatosenoticias.com.br\/#\/schema\/logo\/image\/"}},{"@type":"Person","@id":"https:\/\/jornalfatosenoticias.com.br\/#\/schema\/person\/d63837fa13ac8666eb9e74e0985d6f81","name":"Luzimara Fernandes","image":{"@type":"ImageObject","inLanguage":"pt-BR","@id":"https:\/\/jornalfatosenoticias.com.br\/#\/schema\/person\/image\/","url":"https:\/\/jornalfatosenoticias.com.br\/wp-content\/uploads\/2025\/05\/EU_portal.jpg","contentUrl":"https:\/\/jornalfatosenoticias.com.br\/wp-content\/uploads\/2025\/05\/EU_portal.jpg","caption":"Luzimara Fernandes"},"description":"Jornalista MTB 2358-ES","sameAs":["https:\/\/jornalfatosenoticias.com.br"],"url":"https:\/\/jornalfatosenoticias.com.br\/index.php\/author\/luzimara\/"}]}},"cc_featured_image_caption":{"caption_text":"(Foto: Freepik)","source_text":"","source_url":""},"jetpack_featured_media_url":"https:\/\/jornalfatosenoticias.com.br\/wp-content\/uploads\/2025\/07\/Pastor-chama-cristaos-a-se-posicionarem_freepik.jpg","_links":{"self":[{"href":"https:\/\/jornalfatosenoticias.com.br\/index.php\/wp-json\/wp\/v2\/posts\/60897","targetHints":{"allow":["GET"]}}],"collection":[{"href":"https:\/\/jornalfatosenoticias.com.br\/index.php\/wp-json\/wp\/v2\/posts"}],"about":[{"href":"https:\/\/jornalfatosenoticias.com.br\/index.php\/wp-json\/wp\/v2\/types\/post"}],"author":[{"embeddable":true,"href":"https:\/\/jornalfatosenoticias.com.br\/index.php\/wp-json\/wp\/v2\/users\/2"}],"replies":[{"embeddable":true,"href":"https:\/\/jornalfatosenoticias.com.br\/index.php\/wp-json\/wp\/v2\/comments?post=60897"}],"version-history":[{"count":0,"href":"https:\/\/jornalfatosenoticias.com.br\/index.php\/wp-json\/wp\/v2\/posts\/60897\/revisions"}],"wp:featuredmedia":[{"embeddable":true,"href":"https:\/\/jornalfatosenoticias.com.br\/index.php\/wp-json\/wp\/v2\/media\/60898"}],"wp:attachment":[{"href":"https:\/\/jornalfatosenoticias.com.br\/index.php\/wp-json\/wp\/v2\/media?parent=60897"}],"wp:term":[{"taxonomy":"category","embeddable":true,"href":"https:\/\/jornalfatosenoticias.com.br\/index.php\/wp-json\/wp\/v2\/categories?post=60897"},{"taxonomy":"post_tag","embeddable":true,"href":"https:\/\/jornalfatosenoticias.com.br\/index.php\/wp-json\/wp\/v2\/tags?post=60897"}],"curies":[{"name":"wp","href":"https:\/\/api.w.org\/{rel}","templated":true}]}}