{"id":61012,"date":"2025-08-04T14:46:36","date_gmt":"2025-08-04T17:46:36","guid":{"rendered":"https:\/\/jornalfatosenoticias.com.br\/?p=61012"},"modified":"2025-08-04T14:46:37","modified_gmt":"2025-08-04T17:46:37","slug":"menor-cobra-do-mundo-reaparece-no-caribe","status":"publish","type":"post","link":"https:\/\/jornalfatosenoticias.com.br\/index.php\/2025\/08\/04\/menor-cobra-do-mundo-reaparece-no-caribe\/","title":{"rendered":"Menor cobra do mundo reaparece no Caribe"},"content":{"rendered":"\n<p><em><span class=\"has-inline-color has-black-color\">Esp\u00e9cie chega a, no m\u00e1ximo, 10 cent\u00edmetros de comprimento e foi reencontrada durante uma expedi\u00e7\u00e3o em Barbados<\/span><\/em><\/p>\n\n\n\n<p><span class=\"has-inline-color has-black-color\">Por <strong><a href=\"https:\/\/olhardigital.com.br\/author\/alessandro-lorenzo\/\">Alessandro Di Lorenzo<\/a><\/strong><\/span><\/p>\n\n\n\n<div class=\"wp-block-image\"><figure class=\"aligncenter size-large\"><a href=\"https:\/\/www.controlsystems.com.br\/\"><img loading=\"lazy\" decoding=\"async\" width=\"1024\" height=\"109\" src=\"https:\/\/jornalfatosenoticias.com.br\/wp-content\/uploads\/2020\/02\/CONTROL-CS2-1024x109.jpg\" alt=\"\" class=\"wp-image-44989\" srcset=\"https:\/\/jornalfatosenoticias.com.br\/wp-content\/uploads\/2020\/02\/CONTROL-CS2-1024x109.jpg 1024w, https:\/\/jornalfatosenoticias.com.br\/wp-content\/uploads\/2020\/02\/CONTROL-CS2-300x32.jpg 300w, https:\/\/jornalfatosenoticias.com.br\/wp-content\/uploads\/2020\/02\/CONTROL-CS2-768x82.jpg 768w, https:\/\/jornalfatosenoticias.com.br\/wp-content\/uploads\/2020\/02\/CONTROL-CS2.jpg 1120w\" sizes=\"auto, (max-width: 1024px) 100vw, 1024px\" \/><\/a><\/figure><\/div>\n\n\n\n<p>A <em>Tetracheilostoma carlae<\/em>\u00a0\u00e9 a menor\u00a0<a href=\"https:\/\/olhardigital.com.br\/tag\/cobra\/\" target=\"_blank\" rel=\"noreferrer noopener\"><strong>cobra<\/strong><\/a>\u00a0do mundo e foi considerada uma \u201c<a href=\"https:\/\/olhardigital.com.br\/tag\/especie\/\" target=\"_blank\" rel=\"noreferrer noopener\"><strong>esp\u00e9cie<\/strong><\/a> perdida\u201d por cerca de 20 anos. Felizmente, o animal foi reencontrado sob uma rocha em Barbados, na regi\u00e3o do Caribe, durante uma pesquisa ecol\u00f3gica. O achado pode ser importante para que os pesquisadores entendam mais sobre este pequeno r\u00e9ptil que pode chegar a, no m\u00e1ximo, 10 cent\u00edmetros de comprimento. Isso pode ser fundamental para a ado\u00e7\u00e3o de medidas de conserva\u00e7\u00e3o.<br>Conhecida como cobra de Barbados, ela fazia parte de uma lista global de 4.800 esp\u00e9cies consideradas perdidas. Os avistamentos anteriores foram separados por dezenas de anos. No entanto, muitos deles foram equivocados, uma vez que a serpente \u00e9 muito semelhante a uma outra esp\u00e9cie invasora introduzida na regi\u00e3o. O pequeno tamanho do r\u00e9ptil dificulta ainda mais uma identifica\u00e7\u00e3o. Por conta disso, as autoridades do pa\u00eds caribenho realizaram diversas expedi\u00e7\u00f5es nos \u00faltimos meses para tentar encontrar o animal. As informa\u00e7\u00f5es s\u00e3o do <strong><a href=\"https:\/\/www.iflscience.com\/the-worlds-tiniest-snake-was-lost-to-science-for-20-years-now-its-back-and-we-have-photos-80112\" target=\"_blank\" rel=\"noreferrer noopener\">IFLScience<\/a>.<\/strong><\/p>\n\n\n\n<div class=\"wp-block-image\"><figure class=\"aligncenter size-large\"><a href=\"http:\/\/www.ferrarimaquinas.com.br\/\"><img loading=\"lazy\" decoding=\"async\" width=\"300\" height=\"250\" src=\"https:\/\/jornalfatosenoticias.com.br\/wp-content\/uploads\/2022\/02\/FERRARI_MAQUINAS-E-FERRAMENTAS2.jpg\" alt=\"\" class=\"wp-image-27860\"\/><\/a><\/figure><\/div>\n\n\n\n<p>Felizmente, um destes trabalhos deu certo. Cientistas conseguiram reencontrar a cobra e registrar este momento em v\u00e1rias fotos. Eles explicam que estes r\u00e9pteis vivem em pequenos ninhos de cupins, liberando secre\u00e7\u00f5es que fazem com que os animais n\u00e3o os ataquem.<\/p>\n\n\n\n<div class=\"wp-block-image\"><figure class=\"aligncenter size-large is-resized\"><a href=\"https:\/\/www.instagram.com\/serra4x4cambioautomatico\/\"><img loading=\"lazy\" decoding=\"async\" src=\"https:\/\/jornalfatosenoticias.com.br\/wp-content\/uploads\/2024\/08\/Serra-4x4-1-886x1024.jpg\" alt=\"\" class=\"wp-image-53632\" width=\"275\" height=\"317\" srcset=\"https:\/\/jornalfatosenoticias.com.br\/wp-content\/uploads\/2024\/08\/Serra-4x4-1-886x1024.jpg 886w, https:\/\/jornalfatosenoticias.com.br\/wp-content\/uploads\/2024\/08\/Serra-4x4-1-260x300.jpg 260w, https:\/\/jornalfatosenoticias.com.br\/wp-content\/uploads\/2024\/08\/Serra-4x4-1-768x888.jpg 768w, https:\/\/jornalfatosenoticias.com.br\/wp-content\/uploads\/2024\/08\/Serra-4x4-1.jpg 1181w\" sizes=\"auto, (max-width: 275px) 100vw, 275px\" \/><\/a><\/figure><\/div>\n\n\n\n<p>Os pesquisadores agora querem aproveitar a oportunidade para estudar estas pequenas criaturas. Segundo eles, por serem t\u00e3o pequenos, s\u00e3o muito dif\u00edceis de estudar sem danos, ent\u00e3o ainda h\u00e1 muito que n\u00e3o sabemos sobre sua prefer\u00eancia de habitat ou demografia que poderia ajudar nas pesquisas ou no planejamento de conserva\u00e7\u00e3o. Al\u00e9m disso, a equipe ressalta que essa redescoberta \u00e9 importante para destacar que nem todas as cobras s\u00e3o uma amea\u00e7a para os humanos. Neste caso, por exemplo, os pequenos animais s\u00e3o delicados, inofensivos e precisam de prote\u00e7\u00e3o.<\/p>\n\n\n\n<div class=\"wp-block-image\"><figure class=\"aligncenter size-large is-resized\"><a href=\"https:\/\/www.instagram.com\/rcradiadores\/\"><img loading=\"lazy\" decoding=\"async\" src=\"https:\/\/jornalfatosenoticias.com.br\/wp-content\/uploads\/2022\/10\/RC_800x750_page-0001.jpg\" alt=\"\" class=\"wp-image-35338\" width=\"314\" height=\"294\" srcset=\"https:\/\/jornalfatosenoticias.com.br\/wp-content\/uploads\/2022\/10\/RC_800x750_page-0001.jpg 400w, https:\/\/jornalfatosenoticias.com.br\/wp-content\/uploads\/2022\/10\/RC_800x750_page-0001-300x281.jpg 300w\" sizes=\"auto, (max-width: 314px) 100vw, 314px\" \/><\/a><\/figure><\/div>\n\n\n\n<p><strong>Fonte: <a href=\"https:\/\/olhardigital.com.br\/2025\/07\/23\/ciencia-e-espaco\/menor-cobra-do-mundo-especie-perdida-reaparece-no-caribe\/\">Olhar Digital<\/a><\/strong><\/p>\n","protected":false},"excerpt":{"rendered":"<p>Esp\u00e9cie chega a, no m\u00e1ximo, 10 cent\u00edmetros de comprimento e foi reencontrada durante uma expedi\u00e7\u00e3o em Barbados Por Alessandro Di Lorenzo A Tetracheilostoma carlae\u00a0\u00e9 a menor\u00a0cobra\u00a0do mundo e foi considerada uma \u201cesp\u00e9cie perdida\u201d por cerca de 20 anos. Felizmente, o animal foi reencontrado sob uma rocha em Barbados, na regi\u00e3o do Caribe, durante uma pesquisa [&hellip;]<\/p>\n","protected":false},"author":2,"featured_media":61013,"comment_status":"open","ping_status":"open","sticky":false,"template":"","format":"standard","meta":{"footnotes":""},"categories":[8],"tags":[27819,510,4165,337,2058],"class_list":["post-61012","post","type-post","status-publish","format-standard","has-post-thumbnail","hentry","category-meio-ambiente","tag-barbados","tag-caribe","tag-cobra","tag-especie","tag-expedicao"],"yoast_head":"<!-- This site is optimized with the Yoast SEO plugin v26.5 - https:\/\/yoast.com\/wordpress\/plugins\/seo\/ -->\n<title>Menor cobra do mundo reaparece no Caribe - Jornal Fatos e Not\u00edcias<\/title>\n<meta name=\"robots\" content=\"index, follow, max-snippet:-1, max-image-preview:large, max-video-preview:-1\" \/>\n<link rel=\"canonical\" href=\"https:\/\/jornalfatosenoticias.com.br\/index.php\/2025\/08\/04\/menor-cobra-do-mundo-reaparece-no-caribe\/\" \/>\n<meta property=\"og:locale\" content=\"pt_BR\" \/>\n<meta property=\"og:type\" content=\"article\" \/>\n<meta property=\"og:title\" content=\"Menor cobra do mundo reaparece no Caribe - Jornal Fatos e Not\u00edcias\" \/>\n<meta property=\"og:description\" content=\"Esp\u00e9cie chega a, no m\u00e1ximo, 10 cent\u00edmetros de comprimento e foi reencontrada durante uma expedi\u00e7\u00e3o em Barbados Por Alessandro Di Lorenzo A Tetracheilostoma carlae\u00a0\u00e9 a menor\u00a0cobra\u00a0do mundo e foi considerada uma \u201cesp\u00e9cie perdida\u201d por cerca de 20 anos. Felizmente, o animal foi reencontrado sob uma rocha em Barbados, na regi\u00e3o do Caribe, durante uma pesquisa [&hellip;]\" \/>\n<meta property=\"og:url\" content=\"https:\/\/jornalfatosenoticias.com.br\/index.php\/2025\/08\/04\/menor-cobra-do-mundo-reaparece-no-caribe\/\" \/>\n<meta property=\"og:site_name\" content=\"Jornal Fatos e Not\u00edcias\" \/>\n<meta property=\"article:published_time\" content=\"2025-08-04T17:46:36+00:00\" \/>\n<meta property=\"article:modified_time\" content=\"2025-08-04T17:46:37+00:00\" \/>\n<meta property=\"og:image\" content=\"https:\/\/jornalfatosenoticias.com.br\/wp-content\/uploads\/2025\/08\/menor-cobra-do-mundo_divulgacao.jpg\" \/>\n\t<meta property=\"og:image:width\" content=\"1000\" \/>\n\t<meta property=\"og:image:height\" content=\"562\" \/>\n\t<meta property=\"og:image:type\" content=\"image\/jpeg\" \/>\n<meta name=\"author\" content=\"Luzimara Fernandes\" \/>\n<meta name=\"twitter:card\" content=\"summary_large_image\" \/>\n<meta name=\"twitter:label1\" content=\"Escrito por\" \/>\n\t<meta name=\"twitter:data1\" content=\"Luzimara Fernandes\" \/>\n\t<meta name=\"twitter:label2\" content=\"Est. tempo de leitura\" \/>\n\t<meta name=\"twitter:data2\" content=\"2 minutos\" \/>\n<script type=\"application\/ld+json\" class=\"yoast-schema-graph\">{\"@context\":\"https:\/\/schema.org\",\"@graph\":[{\"@type\":\"Article\",\"@id\":\"https:\/\/jornalfatosenoticias.com.br\/index.php\/2025\/08\/04\/menor-cobra-do-mundo-reaparece-no-caribe\/#article\",\"isPartOf\":{\"@id\":\"https:\/\/jornalfatosenoticias.com.br\/index.php\/2025\/08\/04\/menor-cobra-do-mundo-reaparece-no-caribe\/\"},\"author\":{\"name\":\"Luzimara Fernandes\",\"@id\":\"https:\/\/jornalfatosenoticias.com.br\/#\/schema\/person\/d63837fa13ac8666eb9e74e0985d6f81\"},\"headline\":\"Menor cobra do mundo reaparece no Caribe\",\"datePublished\":\"2025-08-04T17:46:36+00:00\",\"dateModified\":\"2025-08-04T17:46:37+00:00\",\"mainEntityOfPage\":{\"@id\":\"https:\/\/jornalfatosenoticias.com.br\/index.php\/2025\/08\/04\/menor-cobra-do-mundo-reaparece-no-caribe\/\"},\"wordCount\":343,\"commentCount\":0,\"publisher\":{\"@id\":\"https:\/\/jornalfatosenoticias.com.br\/#organization\"},\"image\":{\"@id\":\"https:\/\/jornalfatosenoticias.com.br\/index.php\/2025\/08\/04\/menor-cobra-do-mundo-reaparece-no-caribe\/#primaryimage\"},\"thumbnailUrl\":\"https:\/\/jornalfatosenoticias.com.br\/wp-content\/uploads\/2025\/08\/menor-cobra-do-mundo_divulgacao.jpg\",\"keywords\":[\"Barbados\",\"Caribe\",\"cobra\",\"esp\u00e9cie\",\"expedi\u00e7\u00e3o\"],\"articleSection\":[\"Meio ambiente\"],\"inLanguage\":\"pt-BR\",\"potentialAction\":[{\"@type\":\"CommentAction\",\"name\":\"Comment\",\"target\":[\"https:\/\/jornalfatosenoticias.com.br\/index.php\/2025\/08\/04\/menor-cobra-do-mundo-reaparece-no-caribe\/#respond\"]}]},{\"@type\":\"WebPage\",\"@id\":\"https:\/\/jornalfatosenoticias.com.br\/index.php\/2025\/08\/04\/menor-cobra-do-mundo-reaparece-no-caribe\/\",\"url\":\"https:\/\/jornalfatosenoticias.com.br\/index.php\/2025\/08\/04\/menor-cobra-do-mundo-reaparece-no-caribe\/\",\"name\":\"Menor cobra do mundo reaparece no Caribe - Jornal Fatos e Not\u00edcias\",\"isPartOf\":{\"@id\":\"https:\/\/jornalfatosenoticias.com.br\/#website\"},\"primaryImageOfPage\":{\"@id\":\"https:\/\/jornalfatosenoticias.com.br\/index.php\/2025\/08\/04\/menor-cobra-do-mundo-reaparece-no-caribe\/#primaryimage\"},\"image\":{\"@id\":\"https:\/\/jornalfatosenoticias.com.br\/index.php\/2025\/08\/04\/menor-cobra-do-mundo-reaparece-no-caribe\/#primaryimage\"},\"thumbnailUrl\":\"https:\/\/jornalfatosenoticias.com.br\/wp-content\/uploads\/2025\/08\/menor-cobra-do-mundo_divulgacao.jpg\",\"datePublished\":\"2025-08-04T17:46:36+00:00\",\"dateModified\":\"2025-08-04T17:46:37+00:00\",\"breadcrumb\":{\"@id\":\"https:\/\/jornalfatosenoticias.com.br\/index.php\/2025\/08\/04\/menor-cobra-do-mundo-reaparece-no-caribe\/#breadcrumb\"},\"inLanguage\":\"pt-BR\",\"potentialAction\":[{\"@type\":\"ReadAction\",\"target\":[\"https:\/\/jornalfatosenoticias.com.br\/index.php\/2025\/08\/04\/menor-cobra-do-mundo-reaparece-no-caribe\/\"]}]},{\"@type\":\"ImageObject\",\"inLanguage\":\"pt-BR\",\"@id\":\"https:\/\/jornalfatosenoticias.com.br\/index.php\/2025\/08\/04\/menor-cobra-do-mundo-reaparece-no-caribe\/#primaryimage\",\"url\":\"https:\/\/jornalfatosenoticias.com.br\/wp-content\/uploads\/2025\/08\/menor-cobra-do-mundo_divulgacao.jpg\",\"contentUrl\":\"https:\/\/jornalfatosenoticias.com.br\/wp-content\/uploads\/2025\/08\/menor-cobra-do-mundo_divulgacao.jpg\",\"width\":1000,\"height\":562},{\"@type\":\"BreadcrumbList\",\"@id\":\"https:\/\/jornalfatosenoticias.com.br\/index.php\/2025\/08\/04\/menor-cobra-do-mundo-reaparece-no-caribe\/#breadcrumb\",\"itemListElement\":[{\"@type\":\"ListItem\",\"position\":1,\"name\":\"In\u00edcio\",\"item\":\"https:\/\/jornalfatosenoticias.com.br\/\"},{\"@type\":\"ListItem\",\"position\":2,\"name\":\"Menor cobra do mundo reaparece no Caribe\"}]},{\"@type\":\"WebSite\",\"@id\":\"https:\/\/jornalfatosenoticias.com.br\/#website\",\"url\":\"https:\/\/jornalfatosenoticias.com.br\/\",\"name\":\"Jornal Fatos e Not\u00edcias\",\"description\":\"Not\u00edcias em geral\",\"publisher\":{\"@id\":\"https:\/\/jornalfatosenoticias.com.br\/#organization\"},\"potentialAction\":[{\"@type\":\"SearchAction\",\"target\":{\"@type\":\"EntryPoint\",\"urlTemplate\":\"https:\/\/jornalfatosenoticias.com.br\/?s={search_term_string}\"},\"query-input\":{\"@type\":\"PropertyValueSpecification\",\"valueRequired\":true,\"valueName\":\"search_term_string\"}}],\"inLanguage\":\"pt-BR\"},{\"@type\":\"Organization\",\"@id\":\"https:\/\/jornalfatosenoticias.com.br\/#organization\",\"name\":\"Jornal Fatos e Not\u00edcias\",\"url\":\"https:\/\/jornalfatosenoticias.com.br\/\",\"logo\":{\"@type\":\"ImageObject\",\"inLanguage\":\"pt-BR\",\"@id\":\"https:\/\/jornalfatosenoticias.com.br\/#\/schema\/logo\/image\/\",\"url\":\"https:\/\/jornalfatosenoticias.com.br\/wp-content\/uploads\/2020\/02\/logo120.png\",\"contentUrl\":\"https:\/\/jornalfatosenoticias.com.br\/wp-content\/uploads\/2020\/02\/logo120.png\",\"width\":1227,\"height\":120,\"caption\":\"Jornal Fatos e Not\u00edcias\"},\"image\":{\"@id\":\"https:\/\/jornalfatosenoticias.com.br\/#\/schema\/logo\/image\/\"}},{\"@type\":\"Person\",\"@id\":\"https:\/\/jornalfatosenoticias.com.br\/#\/schema\/person\/d63837fa13ac8666eb9e74e0985d6f81\",\"name\":\"Luzimara Fernandes\",\"image\":{\"@type\":\"ImageObject\",\"inLanguage\":\"pt-BR\",\"@id\":\"https:\/\/jornalfatosenoticias.com.br\/#\/schema\/person\/image\/\",\"url\":\"https:\/\/jornalfatosenoticias.com.br\/wp-content\/uploads\/2025\/05\/EU_portal.jpg\",\"contentUrl\":\"https:\/\/jornalfatosenoticias.com.br\/wp-content\/uploads\/2025\/05\/EU_portal.jpg\",\"caption\":\"Luzimara Fernandes\"},\"description\":\"Jornalista MTB 2358-ES\",\"sameAs\":[\"https:\/\/jornalfatosenoticias.com.br\"],\"url\":\"https:\/\/jornalfatosenoticias.com.br\/index.php\/author\/luzimara\/\"}]}<\/script>\n<!-- \/ Yoast SEO plugin. -->","yoast_head_json":{"title":"Menor cobra do mundo reaparece no Caribe - Jornal Fatos e Not\u00edcias","robots":{"index":"index","follow":"follow","max-snippet":"max-snippet:-1","max-image-preview":"max-image-preview:large","max-video-preview":"max-video-preview:-1"},"canonical":"https:\/\/jornalfatosenoticias.com.br\/index.php\/2025\/08\/04\/menor-cobra-do-mundo-reaparece-no-caribe\/","og_locale":"pt_BR","og_type":"article","og_title":"Menor cobra do mundo reaparece no Caribe - Jornal Fatos e Not\u00edcias","og_description":"Esp\u00e9cie chega a, no m\u00e1ximo, 10 cent\u00edmetros de comprimento e foi reencontrada durante uma expedi\u00e7\u00e3o em Barbados Por Alessandro Di Lorenzo A Tetracheilostoma carlae\u00a0\u00e9 a menor\u00a0cobra\u00a0do mundo e foi considerada uma \u201cesp\u00e9cie perdida\u201d por cerca de 20 anos. Felizmente, o animal foi reencontrado sob uma rocha em Barbados, na regi\u00e3o do Caribe, durante uma pesquisa [&hellip;]","og_url":"https:\/\/jornalfatosenoticias.com.br\/index.php\/2025\/08\/04\/menor-cobra-do-mundo-reaparece-no-caribe\/","og_site_name":"Jornal Fatos e Not\u00edcias","article_published_time":"2025-08-04T17:46:36+00:00","article_modified_time":"2025-08-04T17:46:37+00:00","og_image":[{"width":1000,"height":562,"url":"https:\/\/jornalfatosenoticias.com.br\/wp-content\/uploads\/2025\/08\/menor-cobra-do-mundo_divulgacao.jpg","type":"image\/jpeg"}],"author":"Luzimara Fernandes","twitter_card":"summary_large_image","twitter_misc":{"Escrito por":"Luzimara Fernandes","Est. tempo de leitura":"2 minutos"},"schema":{"@context":"https:\/\/schema.org","@graph":[{"@type":"Article","@id":"https:\/\/jornalfatosenoticias.com.br\/index.php\/2025\/08\/04\/menor-cobra-do-mundo-reaparece-no-caribe\/#article","isPartOf":{"@id":"https:\/\/jornalfatosenoticias.com.br\/index.php\/2025\/08\/04\/menor-cobra-do-mundo-reaparece-no-caribe\/"},"author":{"name":"Luzimara Fernandes","@id":"https:\/\/jornalfatosenoticias.com.br\/#\/schema\/person\/d63837fa13ac8666eb9e74e0985d6f81"},"headline":"Menor cobra do mundo reaparece no Caribe","datePublished":"2025-08-04T17:46:36+00:00","dateModified":"2025-08-04T17:46:37+00:00","mainEntityOfPage":{"@id":"https:\/\/jornalfatosenoticias.com.br\/index.php\/2025\/08\/04\/menor-cobra-do-mundo-reaparece-no-caribe\/"},"wordCount":343,"commentCount":0,"publisher":{"@id":"https:\/\/jornalfatosenoticias.com.br\/#organization"},"image":{"@id":"https:\/\/jornalfatosenoticias.com.br\/index.php\/2025\/08\/04\/menor-cobra-do-mundo-reaparece-no-caribe\/#primaryimage"},"thumbnailUrl":"https:\/\/jornalfatosenoticias.com.br\/wp-content\/uploads\/2025\/08\/menor-cobra-do-mundo_divulgacao.jpg","keywords":["Barbados","Caribe","cobra","esp\u00e9cie","expedi\u00e7\u00e3o"],"articleSection":["Meio ambiente"],"inLanguage":"pt-BR","potentialAction":[{"@type":"CommentAction","name":"Comment","target":["https:\/\/jornalfatosenoticias.com.br\/index.php\/2025\/08\/04\/menor-cobra-do-mundo-reaparece-no-caribe\/#respond"]}]},{"@type":"WebPage","@id":"https:\/\/jornalfatosenoticias.com.br\/index.php\/2025\/08\/04\/menor-cobra-do-mundo-reaparece-no-caribe\/","url":"https:\/\/jornalfatosenoticias.com.br\/index.php\/2025\/08\/04\/menor-cobra-do-mundo-reaparece-no-caribe\/","name":"Menor cobra do mundo reaparece no Caribe - Jornal Fatos e Not\u00edcias","isPartOf":{"@id":"https:\/\/jornalfatosenoticias.com.br\/#website"},"primaryImageOfPage":{"@id":"https:\/\/jornalfatosenoticias.com.br\/index.php\/2025\/08\/04\/menor-cobra-do-mundo-reaparece-no-caribe\/#primaryimage"},"image":{"@id":"https:\/\/jornalfatosenoticias.com.br\/index.php\/2025\/08\/04\/menor-cobra-do-mundo-reaparece-no-caribe\/#primaryimage"},"thumbnailUrl":"https:\/\/jornalfatosenoticias.com.br\/wp-content\/uploads\/2025\/08\/menor-cobra-do-mundo_divulgacao.jpg","datePublished":"2025-08-04T17:46:36+00:00","dateModified":"2025-08-04T17:46:37+00:00","breadcrumb":{"@id":"https:\/\/jornalfatosenoticias.com.br\/index.php\/2025\/08\/04\/menor-cobra-do-mundo-reaparece-no-caribe\/#breadcrumb"},"inLanguage":"pt-BR","potentialAction":[{"@type":"ReadAction","target":["https:\/\/jornalfatosenoticias.com.br\/index.php\/2025\/08\/04\/menor-cobra-do-mundo-reaparece-no-caribe\/"]}]},{"@type":"ImageObject","inLanguage":"pt-BR","@id":"https:\/\/jornalfatosenoticias.com.br\/index.php\/2025\/08\/04\/menor-cobra-do-mundo-reaparece-no-caribe\/#primaryimage","url":"https:\/\/jornalfatosenoticias.com.br\/wp-content\/uploads\/2025\/08\/menor-cobra-do-mundo_divulgacao.jpg","contentUrl":"https:\/\/jornalfatosenoticias.com.br\/wp-content\/uploads\/2025\/08\/menor-cobra-do-mundo_divulgacao.jpg","width":1000,"height":562},{"@type":"BreadcrumbList","@id":"https:\/\/jornalfatosenoticias.com.br\/index.php\/2025\/08\/04\/menor-cobra-do-mundo-reaparece-no-caribe\/#breadcrumb","itemListElement":[{"@type":"ListItem","position":1,"name":"In\u00edcio","item":"https:\/\/jornalfatosenoticias.com.br\/"},{"@type":"ListItem","position":2,"name":"Menor cobra do mundo reaparece no Caribe"}]},{"@type":"WebSite","@id":"https:\/\/jornalfatosenoticias.com.br\/#website","url":"https:\/\/jornalfatosenoticias.com.br\/","name":"Jornal Fatos e Not\u00edcias","description":"Not\u00edcias em geral","publisher":{"@id":"https:\/\/jornalfatosenoticias.com.br\/#organization"},"potentialAction":[{"@type":"SearchAction","target":{"@type":"EntryPoint","urlTemplate":"https:\/\/jornalfatosenoticias.com.br\/?s={search_term_string}"},"query-input":{"@type":"PropertyValueSpecification","valueRequired":true,"valueName":"search_term_string"}}],"inLanguage":"pt-BR"},{"@type":"Organization","@id":"https:\/\/jornalfatosenoticias.com.br\/#organization","name":"Jornal Fatos e Not\u00edcias","url":"https:\/\/jornalfatosenoticias.com.br\/","logo":{"@type":"ImageObject","inLanguage":"pt-BR","@id":"https:\/\/jornalfatosenoticias.com.br\/#\/schema\/logo\/image\/","url":"https:\/\/jornalfatosenoticias.com.br\/wp-content\/uploads\/2020\/02\/logo120.png","contentUrl":"https:\/\/jornalfatosenoticias.com.br\/wp-content\/uploads\/2020\/02\/logo120.png","width":1227,"height":120,"caption":"Jornal Fatos e Not\u00edcias"},"image":{"@id":"https:\/\/jornalfatosenoticias.com.br\/#\/schema\/logo\/image\/"}},{"@type":"Person","@id":"https:\/\/jornalfatosenoticias.com.br\/#\/schema\/person\/d63837fa13ac8666eb9e74e0985d6f81","name":"Luzimara Fernandes","image":{"@type":"ImageObject","inLanguage":"pt-BR","@id":"https:\/\/jornalfatosenoticias.com.br\/#\/schema\/person\/image\/","url":"https:\/\/jornalfatosenoticias.com.br\/wp-content\/uploads\/2025\/05\/EU_portal.jpg","contentUrl":"https:\/\/jornalfatosenoticias.com.br\/wp-content\/uploads\/2025\/05\/EU_portal.jpg","caption":"Luzimara Fernandes"},"description":"Jornalista MTB 2358-ES","sameAs":["https:\/\/jornalfatosenoticias.com.br"],"url":"https:\/\/jornalfatosenoticias.com.br\/index.php\/author\/luzimara\/"}]}},"cc_featured_image_caption":{"caption_text":"(Foto: Universidade Estadual da Pensilv\u00e2nia\/Divulga\u00e7\u00e3o) ","source_text":"","source_url":""},"jetpack_featured_media_url":"https:\/\/jornalfatosenoticias.com.br\/wp-content\/uploads\/2025\/08\/menor-cobra-do-mundo_divulgacao.jpg","_links":{"self":[{"href":"https:\/\/jornalfatosenoticias.com.br\/index.php\/wp-json\/wp\/v2\/posts\/61012","targetHints":{"allow":["GET"]}}],"collection":[{"href":"https:\/\/jornalfatosenoticias.com.br\/index.php\/wp-json\/wp\/v2\/posts"}],"about":[{"href":"https:\/\/jornalfatosenoticias.com.br\/index.php\/wp-json\/wp\/v2\/types\/post"}],"author":[{"embeddable":true,"href":"https:\/\/jornalfatosenoticias.com.br\/index.php\/wp-json\/wp\/v2\/users\/2"}],"replies":[{"embeddable":true,"href":"https:\/\/jornalfatosenoticias.com.br\/index.php\/wp-json\/wp\/v2\/comments?post=61012"}],"version-history":[{"count":0,"href":"https:\/\/jornalfatosenoticias.com.br\/index.php\/wp-json\/wp\/v2\/posts\/61012\/revisions"}],"wp:featuredmedia":[{"embeddable":true,"href":"https:\/\/jornalfatosenoticias.com.br\/index.php\/wp-json\/wp\/v2\/media\/61013"}],"wp:attachment":[{"href":"https:\/\/jornalfatosenoticias.com.br\/index.php\/wp-json\/wp\/v2\/media?parent=61012"}],"wp:term":[{"taxonomy":"category","embeddable":true,"href":"https:\/\/jornalfatosenoticias.com.br\/index.php\/wp-json\/wp\/v2\/categories?post=61012"},{"taxonomy":"post_tag","embeddable":true,"href":"https:\/\/jornalfatosenoticias.com.br\/index.php\/wp-json\/wp\/v2\/tags?post=61012"}],"curies":[{"name":"wp","href":"https:\/\/api.w.org\/{rel}","templated":true}]}}