{"id":61031,"date":"2025-08-05T09:52:03","date_gmt":"2025-08-05T12:52:03","guid":{"rendered":"https:\/\/jornalfatosenoticias.com.br\/?p=61031"},"modified":"2025-08-05T09:52:05","modified_gmt":"2025-08-05T12:52:05","slug":"eua-criticam-prisao-domiciliar-de-bolsonaro-e-prometem-responsabilizar-todos-que-apoiarem-ordem-de-moraes","status":"publish","type":"post","link":"https:\/\/jornalfatosenoticias.com.br\/index.php\/2025\/08\/05\/eua-criticam-prisao-domiciliar-de-bolsonaro-e-prometem-responsabilizar-todos-que-apoiarem-ordem-de-moraes\/","title":{"rendered":"EUA criticam pris\u00e3o domiciliar de Bolsonaro e prometem responsabilizar todos que apoiarem ordem de Moraes"},"content":{"rendered":"\n<p><em><span class=\"has-inline-color has-black-color\">Presidente dos EUA, Donald Trump<\/span><\/em><\/p>\n\n\n\n<p><span class=\"has-inline-color has-black-color\">Por <strong><a href=\"https:\/\/www.gazetadopovo.com.br\/autor\/john-lucas\/\">John Lucas<\/a><\/strong><\/span><\/p>\n\n\n\n<div class=\"wp-block-image\"><figure class=\"aligncenter size-large is-resized\"><a href=\"https:\/\/www.facebook.com\/vetor.vix\/\"><img loading=\"lazy\" decoding=\"async\" src=\"https:\/\/jornalfatosenoticias.com.br\/wp-content\/uploads\/2023\/09\/vetorvix1024_1.jpg\" alt=\"\" class=\"wp-image-44868\" width=\"535\" height=\"142\" srcset=\"https:\/\/jornalfatosenoticias.com.br\/wp-content\/uploads\/2023\/09\/vetorvix1024_1.jpg 1024w, https:\/\/jornalfatosenoticias.com.br\/wp-content\/uploads\/2023\/09\/vetorvix1024_1-300x80.jpg 300w, https:\/\/jornalfatosenoticias.com.br\/wp-content\/uploads\/2023\/09\/vetorvix1024_1-768x205.jpg 768w\" sizes=\"auto, (max-width: 535px) 100vw, 535px\" \/><\/a><\/figure><\/div>\n\n\n\n<p>O Departamento de Assuntos do Hemisf\u00e9rio Ocidental, \u00f3rg\u00e3o do Departamento de Estado dos Estados Unidos, sob o governo do presidente Donald Trump, criticou nesta segunda-feira (4), por meio de publica\u00e7\u00e3o na rede social X, a decis\u00e3o do ministro Alexandre de Moraes, do Supremo Tribunal Federal (STF), que determinou a pris\u00e3o domiciliar do ex-presidente Jair Bolsonaro (PL).<br>Na mensagem publicada, o \u00f3rg\u00e3o do governo norte-americano afirmou que o \u201cministro Moraes, agora um violador de direitos humanos sancionado pelos EUA, continua usando as institui\u00e7\u00f5es do Brasil para silenciar a oposi\u00e7\u00e3o e amea\u00e7ar a democracia\u201d. A mensagem continua: \u201cImpor ainda mais restri\u00e7\u00f5es \u00e0 capacidade de Jair Bolsonaro se defender em p\u00fablico n\u00e3o \u00e9 um servi\u00e7o ao p\u00fablico. Deixem Bolsonaro falar!\u201d.<\/p>\n\n\n\n<div class=\"wp-block-image\"><figure class=\"aligncenter size-large is-resized\"><a href=\"https:\/\/www.facebook.com\/postobkr\/?locale=pt_BR\"><img loading=\"lazy\" decoding=\"async\" src=\"https:\/\/jornalfatosenoticias.com.br\/wp-content\/uploads\/2023\/08\/BKR-1024x1021.jpg\" alt=\"\" class=\"wp-image-44494\" width=\"319\" height=\"318\" srcset=\"https:\/\/jornalfatosenoticias.com.br\/wp-content\/uploads\/2023\/08\/BKR-1024x1021.jpg 1024w, https:\/\/jornalfatosenoticias.com.br\/wp-content\/uploads\/2023\/08\/BKR-300x300.jpg 300w, https:\/\/jornalfatosenoticias.com.br\/wp-content\/uploads\/2023\/08\/BKR-150x150.jpg 150w, https:\/\/jornalfatosenoticias.com.br\/wp-content\/uploads\/2023\/08\/BKR-768x766.jpg 768w, https:\/\/jornalfatosenoticias.com.br\/wp-content\/uploads\/2023\/08\/BKR.jpg 1080w\" sizes=\"auto, (max-width: 319px) 100vw, 319px\" \/><\/a><\/figure><\/div>\n\n\n\n<p><em>\u201cOs Estados Unidos condenam a ordem de Moraes que imp\u00f4s pris\u00e3o domiciliar a Bolsonaro e responsabilizar\u00e3o todos aqueles que colaborarem ou facilitarem condutas sancionadas\u201d, conclui de forma enf\u00e1tica o Departamento de Assuntos do Hemisf\u00e9rio Ocidental.<\/em><\/p>\n\n\n\n<div class=\"wp-block-image\"><figure class=\"aligncenter size-large\"><img loading=\"lazy\" decoding=\"async\" width=\"588\" height=\"540\" src=\"https:\/\/jornalfatosenoticias.com.br\/wp-content\/uploads\/2025\/08\/bolsonaro-eua.jpg\" alt=\"\" class=\"wp-image-61032\" srcset=\"https:\/\/jornalfatosenoticias.com.br\/wp-content\/uploads\/2025\/08\/bolsonaro-eua.jpg 588w, https:\/\/jornalfatosenoticias.com.br\/wp-content\/uploads\/2025\/08\/bolsonaro-eua-300x276.jpg 300w\" sizes=\"auto, (max-width: 588px) 100vw, 588px\" \/><figcaption><em><span class=\"has-inline-color has-black-color\">Publica\u00e7\u00e3o feita pelo Departamento de Assuntos do Hemisf\u00e9rio Ocidental dos EUA no X (Foto: Reprodu\u00e7\u00e3o\/@WHAAsstSecty)<\/span><\/em><\/figcaption><\/figure><\/div>\n\n\n\n<p>A decis\u00e3o do ministro Moraes de impor pris\u00e3o domiciliar a Bolsonaro foi tomada nesta segunda ap\u00f3s o magistrado entender que o ex-presidente descumpriu restri\u00e7\u00f5es fixadas em julho, que o proibiam de usar redes sociais, inclusive por meio de terceiros, em manifesta\u00e7\u00f5es p\u00fablicas. Segundo Moraes, neste domingo (3), durante manifesta\u00e7\u00e3o no Rio de Janeiro, o senador Fl\u00e1vio Bolsonaro (PL-RJ) ligou para o pai, que, usando tornozeleira eletr\u00f4nica, saudou os manifestantes: \u201cboa tarde, Copacabana, boa tarde, Brasil. Um abra\u00e7o a todos, \u00e9 pela nossa liberdade. Estamos juntos\u201d.<\/p>\n\n\n\n<div class=\"wp-block-image\"><figure class=\"aligncenter size-large is-resized\"><a href=\"https:\/\/www.instagram.com\/gruposei\/\"><img loading=\"lazy\" decoding=\"async\" src=\"https:\/\/jornalfatosenoticias.com.br\/wp-content\/uploads\/2022\/07\/Logo-Grupo-SEI.jpg\" alt=\"\" class=\"wp-image-31973\" width=\"408\" height=\"214\" srcset=\"https:\/\/jornalfatosenoticias.com.br\/wp-content\/uploads\/2022\/07\/Logo-Grupo-SEI.jpg 713w, https:\/\/jornalfatosenoticias.com.br\/wp-content\/uploads\/2022\/07\/Logo-Grupo-SEI-300x158.jpg 300w\" sizes=\"auto, (max-width: 408px) 100vw, 408px\" \/><\/a><\/figure><\/div>\n\n\n\n<p>No despacho, Moraes afirma que, com este ato, Bolsonaro agiu \u201cilicitamente\u201d ao se dirigir aos manifestantes, produzindo \u201cmaterial pr\u00e9-fabricado para seus partid\u00e1rios continuarem a coagir o Supremo Tribunal Federal e obstruir a Justi\u00e7a\u201d.<\/p>\n\n\n\n<div class=\"wp-block-image\"><figure class=\"aligncenter size-large is-resized\"><a href=\"https:\/\/www.instagram.com\/restaurantepegoretti\/\"><img loading=\"lazy\" decoding=\"async\" src=\"https:\/\/jornalfatosenoticias.com.br\/wp-content\/uploads\/2023\/12\/pegoretti-logo-pdf-1024x389.jpg\" alt=\"\" class=\"wp-image-47536\" width=\"504\" height=\"191\" srcset=\"https:\/\/jornalfatosenoticias.com.br\/wp-content\/uploads\/2023\/12\/pegoretti-logo-pdf-1024x389.jpg 1024w, https:\/\/jornalfatosenoticias.com.br\/wp-content\/uploads\/2023\/12\/pegoretti-logo-pdf-300x114.jpg 300w, https:\/\/jornalfatosenoticias.com.br\/wp-content\/uploads\/2023\/12\/pegoretti-logo-pdf-768x291.jpg 768w, https:\/\/jornalfatosenoticias.com.br\/wp-content\/uploads\/2023\/12\/pegoretti-logo-pdf.jpg 1120w\" sizes=\"auto, (max-width: 504px) 100vw, 504px\" \/><\/a><\/figure><\/div>\n\n\n\n<p><strong><span class=\"has-inline-color has-black-color\">Bolsonaro \u00e9 alvo de &#8220;persegui\u00e7\u00e3o sistem\u00e1tica&#8221;, diz senador dos EUA<br><\/span><\/strong>Por sua vez, o senador estadual de Oklahoma Shane Jett, do Partido Republicano, se manifestou em defesa de Bolsonaro, afirmando que o ex-presidente \u00e9 alvo de &#8220;persegui\u00e7\u00e3o sistem\u00e1tica&#8221; no Brasil. Em postagem feita em sua conta na rede X, Jett disse que &#8220;o ministro Alexandre de Moraes decretou pris\u00e3o domiciliar contra o ex-presidente Bolsonaro, um l\u00edder leg\u00edtimo, sem condena\u00e7\u00f5es, e alvo de uma persegui\u00e7\u00e3o pol\u00edtica sistem\u00e1tica e profundamente preocupante&#8221;. Para o congressista estadual americano, a medida &#8220;trata-se de mais um cap\u00edtulo de uma invers\u00e3o de valores que vem corroendo os pilares da democracia brasileira. Hoje, quem defende a Constitui\u00e7\u00e3o, a liberdade de express\u00e3o e o Estado de Direito \u00e9 tratado como inimigo&#8221;.<\/p>\n\n\n\n<div class=\"wp-block-image\"><figure class=\"aligncenter size-large is-resized\"><a href=\"https:\/\/www.instagram.com\/esteio.churrascaria\/\"><img loading=\"lazy\" decoding=\"async\" src=\"https:\/\/jornalfatosenoticias.com.br\/wp-content\/uploads\/2022\/02\/LOGO-ESTEIO-1024x730.png\" alt=\"\" class=\"wp-image-27942\" width=\"364\" height=\"259\" srcset=\"https:\/\/jornalfatosenoticias.com.br\/wp-content\/uploads\/2022\/02\/LOGO-ESTEIO-1024x730.png 1024w, https:\/\/jornalfatosenoticias.com.br\/wp-content\/uploads\/2022\/02\/LOGO-ESTEIO-300x214.png 300w, https:\/\/jornalfatosenoticias.com.br\/wp-content\/uploads\/2022\/02\/LOGO-ESTEIO-768x548.png 768w, https:\/\/jornalfatosenoticias.com.br\/wp-content\/uploads\/2022\/02\/LOGO-ESTEIO.png 1123w\" sizes=\"auto, (max-width: 364px) 100vw, 364px\" \/><\/a><\/figure><\/div>\n\n\n\n<blockquote class=\"wp-block-quote is-layout-flow wp-block-quote-is-layout-flow\"><p><span class=\"has-inline-color has-luminous-vivid-orange-color\">Bolsonaro permanece firme, representando milh\u00f5es de brasileiros que n\u00e3o se rendem ao autoritarismo travestido de legalidade. Chegar\u00e1 o momento em que os abusos ser\u00e3o julgados. E quando esse dia vier, o Brasil voltar\u00e1 a respirar com Bolsonaro livre, inabal\u00e1vel e com a na\u00e7\u00e3o ao seu lado&#8221;, disse o senador.<\/span><\/p><\/blockquote>\n\n\n\n<div class=\"wp-block-image\"><figure class=\"aligncenter size-large is-resized\"><a href=\"https:\/\/www.instagram.com\/serra4x4cambioautomatico\/\"><img loading=\"lazy\" decoding=\"async\" src=\"https:\/\/jornalfatosenoticias.com.br\/wp-content\/uploads\/2024\/08\/Serra-4x4-1-886x1024.jpg\" alt=\"\" class=\"wp-image-53632\" width=\"289\" height=\"334\" srcset=\"https:\/\/jornalfatosenoticias.com.br\/wp-content\/uploads\/2024\/08\/Serra-4x4-1-886x1024.jpg 886w, https:\/\/jornalfatosenoticias.com.br\/wp-content\/uploads\/2024\/08\/Serra-4x4-1-260x300.jpg 260w, https:\/\/jornalfatosenoticias.com.br\/wp-content\/uploads\/2024\/08\/Serra-4x4-1-768x888.jpg 768w, https:\/\/jornalfatosenoticias.com.br\/wp-content\/uploads\/2024\/08\/Serra-4x4-1.jpg 1181w\" sizes=\"auto, (max-width: 289px) 100vw, 289px\" \/><\/a><\/figure><\/div>\n\n\n\n<p><strong>Fonte: <a href=\"https:\/\/www.gazetadopovo.com.br\/mundo\/eua-criticam-prisao-domiciliar-de-bolsonaro-e-prometem-responsabilizar-todos-que-apoiarem-ordem-de-moraes\/\">Gazeta do Povo<\/a><\/strong><\/p>\n","protected":false},"excerpt":{"rendered":"<p>Presidente dos EUA, Donald Trump Por John Lucas O Departamento de Assuntos do Hemisf\u00e9rio Ocidental, \u00f3rg\u00e3o do Departamento de Estado dos Estados Unidos, sob o governo do presidente Donald Trump, criticou nesta segunda-feira (4), por meio de publica\u00e7\u00e3o na rede social X, a decis\u00e3o do ministro Alexandre de Moraes, do Supremo Tribunal Federal (STF), que [&hellip;]<\/p>\n","protected":false},"author":2,"featured_media":58904,"comment_status":"open","ping_status":"open","sticky":false,"template":"","format":"standard","meta":{"footnotes":""},"categories":[41],"tags":[13889,2147,159,1795,1354,294],"class_list":["post-61031","post","type-post","status-publish","format-standard","has-post-thumbnail","hentry","category-internacional","tag-alexandre-de-moraes","tag-donald-trump","tag-eua","tag-jair-bolsonaro","tag-prisao","tag-stf"],"yoast_head":"<!-- This site is optimized with the Yoast SEO plugin v26.5 - https:\/\/yoast.com\/wordpress\/plugins\/seo\/ -->\n<title>EUA criticam pris\u00e3o domiciliar de Bolsonaro e prometem responsabilizar todos que apoiarem ordem de Moraes - Jornal Fatos e Not\u00edcias<\/title>\n<meta name=\"robots\" content=\"index, follow, max-snippet:-1, max-image-preview:large, max-video-preview:-1\" \/>\n<link rel=\"canonical\" href=\"https:\/\/jornalfatosenoticias.com.br\/index.php\/2025\/08\/05\/eua-criticam-prisao-domiciliar-de-bolsonaro-e-prometem-responsabilizar-todos-que-apoiarem-ordem-de-moraes\/\" \/>\n<meta property=\"og:locale\" content=\"pt_BR\" \/>\n<meta property=\"og:type\" content=\"article\" \/>\n<meta property=\"og:title\" content=\"EUA criticam pris\u00e3o domiciliar de Bolsonaro e prometem responsabilizar todos que apoiarem ordem de Moraes - Jornal Fatos e Not\u00edcias\" \/>\n<meta property=\"og:description\" content=\"Presidente dos EUA, Donald Trump Por John Lucas O Departamento de Assuntos do Hemisf\u00e9rio Ocidental, \u00f3rg\u00e3o do Departamento de Estado dos Estados Unidos, sob o governo do presidente Donald Trump, criticou nesta segunda-feira (4), por meio de publica\u00e7\u00e3o na rede social X, a decis\u00e3o do ministro Alexandre de Moraes, do Supremo Tribunal Federal (STF), que [&hellip;]\" \/>\n<meta property=\"og:url\" content=\"https:\/\/jornalfatosenoticias.com.br\/index.php\/2025\/08\/05\/eua-criticam-prisao-domiciliar-de-bolsonaro-e-prometem-responsabilizar-todos-que-apoiarem-ordem-de-moraes\/\" \/>\n<meta property=\"og:site_name\" content=\"Jornal Fatos e Not\u00edcias\" \/>\n<meta property=\"article:published_time\" content=\"2025-08-05T12:52:03+00:00\" \/>\n<meta property=\"article:modified_time\" content=\"2025-08-05T12:52:05+00:00\" \/>\n<meta property=\"og:image\" content=\"https:\/\/jornalfatosenoticias.com.br\/wp-content\/uploads\/2025\/05\/trump-tarifas_gettyimages.jpg\" \/>\n\t<meta property=\"og:image:width\" content=\"612\" \/>\n\t<meta property=\"og:image:height\" content=\"408\" \/>\n\t<meta property=\"og:image:type\" content=\"image\/jpeg\" \/>\n<meta name=\"author\" content=\"Luzimara Fernandes\" \/>\n<meta name=\"twitter:card\" content=\"summary_large_image\" \/>\n<meta name=\"twitter:label1\" content=\"Escrito por\" \/>\n\t<meta name=\"twitter:data1\" content=\"Luzimara Fernandes\" \/>\n\t<meta name=\"twitter:label2\" content=\"Est. tempo de leitura\" \/>\n\t<meta name=\"twitter:data2\" content=\"3 minutos\" \/>\n<script type=\"application\/ld+json\" class=\"yoast-schema-graph\">{\"@context\":\"https:\/\/schema.org\",\"@graph\":[{\"@type\":\"Article\",\"@id\":\"https:\/\/jornalfatosenoticias.com.br\/index.php\/2025\/08\/05\/eua-criticam-prisao-domiciliar-de-bolsonaro-e-prometem-responsabilizar-todos-que-apoiarem-ordem-de-moraes\/#article\",\"isPartOf\":{\"@id\":\"https:\/\/jornalfatosenoticias.com.br\/index.php\/2025\/08\/05\/eua-criticam-prisao-domiciliar-de-bolsonaro-e-prometem-responsabilizar-todos-que-apoiarem-ordem-de-moraes\/\"},\"author\":{\"name\":\"Luzimara Fernandes\",\"@id\":\"https:\/\/jornalfatosenoticias.com.br\/#\/schema\/person\/d63837fa13ac8666eb9e74e0985d6f81\"},\"headline\":\"EUA criticam pris\u00e3o domiciliar de Bolsonaro e prometem responsabilizar todos que apoiarem ordem de Moraes\",\"datePublished\":\"2025-08-05T12:52:03+00:00\",\"dateModified\":\"2025-08-05T12:52:05+00:00\",\"mainEntityOfPage\":{\"@id\":\"https:\/\/jornalfatosenoticias.com.br\/index.php\/2025\/08\/05\/eua-criticam-prisao-domiciliar-de-bolsonaro-e-prometem-responsabilizar-todos-que-apoiarem-ordem-de-moraes\/\"},\"wordCount\":532,\"commentCount\":0,\"publisher\":{\"@id\":\"https:\/\/jornalfatosenoticias.com.br\/#organization\"},\"image\":{\"@id\":\"https:\/\/jornalfatosenoticias.com.br\/index.php\/2025\/08\/05\/eua-criticam-prisao-domiciliar-de-bolsonaro-e-prometem-responsabilizar-todos-que-apoiarem-ordem-de-moraes\/#primaryimage\"},\"thumbnailUrl\":\"https:\/\/jornalfatosenoticias.com.br\/wp-content\/uploads\/2025\/05\/trump-tarifas_gettyimages.jpg\",\"keywords\":[\"Alexandre de Moraes\",\"Donald Trump\",\"EUA\",\"Jair Bolsonaro\",\"pris\u00e3o\",\"STF\"],\"articleSection\":[\"Internacional\"],\"inLanguage\":\"pt-BR\",\"potentialAction\":[{\"@type\":\"CommentAction\",\"name\":\"Comment\",\"target\":[\"https:\/\/jornalfatosenoticias.com.br\/index.php\/2025\/08\/05\/eua-criticam-prisao-domiciliar-de-bolsonaro-e-prometem-responsabilizar-todos-que-apoiarem-ordem-de-moraes\/#respond\"]}]},{\"@type\":\"WebPage\",\"@id\":\"https:\/\/jornalfatosenoticias.com.br\/index.php\/2025\/08\/05\/eua-criticam-prisao-domiciliar-de-bolsonaro-e-prometem-responsabilizar-todos-que-apoiarem-ordem-de-moraes\/\",\"url\":\"https:\/\/jornalfatosenoticias.com.br\/index.php\/2025\/08\/05\/eua-criticam-prisao-domiciliar-de-bolsonaro-e-prometem-responsabilizar-todos-que-apoiarem-ordem-de-moraes\/\",\"name\":\"EUA criticam pris\u00e3o domiciliar de Bolsonaro e prometem responsabilizar todos que apoiarem ordem de Moraes - Jornal Fatos e Not\u00edcias\",\"isPartOf\":{\"@id\":\"https:\/\/jornalfatosenoticias.com.br\/#website\"},\"primaryImageOfPage\":{\"@id\":\"https:\/\/jornalfatosenoticias.com.br\/index.php\/2025\/08\/05\/eua-criticam-prisao-domiciliar-de-bolsonaro-e-prometem-responsabilizar-todos-que-apoiarem-ordem-de-moraes\/#primaryimage\"},\"image\":{\"@id\":\"https:\/\/jornalfatosenoticias.com.br\/index.php\/2025\/08\/05\/eua-criticam-prisao-domiciliar-de-bolsonaro-e-prometem-responsabilizar-todos-que-apoiarem-ordem-de-moraes\/#primaryimage\"},\"thumbnailUrl\":\"https:\/\/jornalfatosenoticias.com.br\/wp-content\/uploads\/2025\/05\/trump-tarifas_gettyimages.jpg\",\"datePublished\":\"2025-08-05T12:52:03+00:00\",\"dateModified\":\"2025-08-05T12:52:05+00:00\",\"breadcrumb\":{\"@id\":\"https:\/\/jornalfatosenoticias.com.br\/index.php\/2025\/08\/05\/eua-criticam-prisao-domiciliar-de-bolsonaro-e-prometem-responsabilizar-todos-que-apoiarem-ordem-de-moraes\/#breadcrumb\"},\"inLanguage\":\"pt-BR\",\"potentialAction\":[{\"@type\":\"ReadAction\",\"target\":[\"https:\/\/jornalfatosenoticias.com.br\/index.php\/2025\/08\/05\/eua-criticam-prisao-domiciliar-de-bolsonaro-e-prometem-responsabilizar-todos-que-apoiarem-ordem-de-moraes\/\"]}]},{\"@type\":\"ImageObject\",\"inLanguage\":\"pt-BR\",\"@id\":\"https:\/\/jornalfatosenoticias.com.br\/index.php\/2025\/08\/05\/eua-criticam-prisao-domiciliar-de-bolsonaro-e-prometem-responsabilizar-todos-que-apoiarem-ordem-de-moraes\/#primaryimage\",\"url\":\"https:\/\/jornalfatosenoticias.com.br\/wp-content\/uploads\/2025\/05\/trump-tarifas_gettyimages.jpg\",\"contentUrl\":\"https:\/\/jornalfatosenoticias.com.br\/wp-content\/uploads\/2025\/05\/trump-tarifas_gettyimages.jpg\",\"width\":612,\"height\":408,\"caption\":\"WASHINGTON, DC - APRIL 24: U.S. President Donald Trump talks to reporters during a meeting with Norway's Prime Minister Jonas Gahr Store in the Oval Office at the White House on April 24, 2025 in Washington, DC. The leaders are expected to discuss security, trade, NATO and the war in Ukraine. (Photo by Chip Somodevilla\/Getty Images)\"},{\"@type\":\"BreadcrumbList\",\"@id\":\"https:\/\/jornalfatosenoticias.com.br\/index.php\/2025\/08\/05\/eua-criticam-prisao-domiciliar-de-bolsonaro-e-prometem-responsabilizar-todos-que-apoiarem-ordem-de-moraes\/#breadcrumb\",\"itemListElement\":[{\"@type\":\"ListItem\",\"position\":1,\"name\":\"In\u00edcio\",\"item\":\"https:\/\/jornalfatosenoticias.com.br\/\"},{\"@type\":\"ListItem\",\"position\":2,\"name\":\"EUA criticam pris\u00e3o domiciliar de Bolsonaro e prometem responsabilizar todos que apoiarem ordem de Moraes\"}]},{\"@type\":\"WebSite\",\"@id\":\"https:\/\/jornalfatosenoticias.com.br\/#website\",\"url\":\"https:\/\/jornalfatosenoticias.com.br\/\",\"name\":\"Jornal Fatos e Not\u00edcias\",\"description\":\"Not\u00edcias em geral\",\"publisher\":{\"@id\":\"https:\/\/jornalfatosenoticias.com.br\/#organization\"},\"potentialAction\":[{\"@type\":\"SearchAction\",\"target\":{\"@type\":\"EntryPoint\",\"urlTemplate\":\"https:\/\/jornalfatosenoticias.com.br\/?s={search_term_string}\"},\"query-input\":{\"@type\":\"PropertyValueSpecification\",\"valueRequired\":true,\"valueName\":\"search_term_string\"}}],\"inLanguage\":\"pt-BR\"},{\"@type\":\"Organization\",\"@id\":\"https:\/\/jornalfatosenoticias.com.br\/#organization\",\"name\":\"Jornal Fatos e Not\u00edcias\",\"url\":\"https:\/\/jornalfatosenoticias.com.br\/\",\"logo\":{\"@type\":\"ImageObject\",\"inLanguage\":\"pt-BR\",\"@id\":\"https:\/\/jornalfatosenoticias.com.br\/#\/schema\/logo\/image\/\",\"url\":\"https:\/\/jornalfatosenoticias.com.br\/wp-content\/uploads\/2020\/02\/logo120.png\",\"contentUrl\":\"https:\/\/jornalfatosenoticias.com.br\/wp-content\/uploads\/2020\/02\/logo120.png\",\"width\":1227,\"height\":120,\"caption\":\"Jornal Fatos e Not\u00edcias\"},\"image\":{\"@id\":\"https:\/\/jornalfatosenoticias.com.br\/#\/schema\/logo\/image\/\"}},{\"@type\":\"Person\",\"@id\":\"https:\/\/jornalfatosenoticias.com.br\/#\/schema\/person\/d63837fa13ac8666eb9e74e0985d6f81\",\"name\":\"Luzimara Fernandes\",\"image\":{\"@type\":\"ImageObject\",\"inLanguage\":\"pt-BR\",\"@id\":\"https:\/\/jornalfatosenoticias.com.br\/#\/schema\/person\/image\/\",\"url\":\"https:\/\/jornalfatosenoticias.com.br\/wp-content\/uploads\/2025\/05\/EU_portal.jpg\",\"contentUrl\":\"https:\/\/jornalfatosenoticias.com.br\/wp-content\/uploads\/2025\/05\/EU_portal.jpg\",\"caption\":\"Luzimara Fernandes\"},\"description\":\"Jornalista MTB 2358-ES\",\"sameAs\":[\"https:\/\/jornalfatosenoticias.com.br\"],\"url\":\"https:\/\/jornalfatosenoticias.com.br\/index.php\/author\/luzimara\/\"}]}<\/script>\n<!-- \/ Yoast SEO plugin. -->","yoast_head_json":{"title":"EUA criticam pris\u00e3o domiciliar de Bolsonaro e prometem responsabilizar todos que apoiarem ordem de Moraes - Jornal Fatos e Not\u00edcias","robots":{"index":"index","follow":"follow","max-snippet":"max-snippet:-1","max-image-preview":"max-image-preview:large","max-video-preview":"max-video-preview:-1"},"canonical":"https:\/\/jornalfatosenoticias.com.br\/index.php\/2025\/08\/05\/eua-criticam-prisao-domiciliar-de-bolsonaro-e-prometem-responsabilizar-todos-que-apoiarem-ordem-de-moraes\/","og_locale":"pt_BR","og_type":"article","og_title":"EUA criticam pris\u00e3o domiciliar de Bolsonaro e prometem responsabilizar todos que apoiarem ordem de Moraes - Jornal Fatos e Not\u00edcias","og_description":"Presidente dos EUA, Donald Trump Por John Lucas O Departamento de Assuntos do Hemisf\u00e9rio Ocidental, \u00f3rg\u00e3o do Departamento de Estado dos Estados Unidos, sob o governo do presidente Donald Trump, criticou nesta segunda-feira (4), por meio de publica\u00e7\u00e3o na rede social X, a decis\u00e3o do ministro Alexandre de Moraes, do Supremo Tribunal Federal (STF), que [&hellip;]","og_url":"https:\/\/jornalfatosenoticias.com.br\/index.php\/2025\/08\/05\/eua-criticam-prisao-domiciliar-de-bolsonaro-e-prometem-responsabilizar-todos-que-apoiarem-ordem-de-moraes\/","og_site_name":"Jornal Fatos e Not\u00edcias","article_published_time":"2025-08-05T12:52:03+00:00","article_modified_time":"2025-08-05T12:52:05+00:00","og_image":[{"width":612,"height":408,"url":"https:\/\/jornalfatosenoticias.com.br\/wp-content\/uploads\/2025\/05\/trump-tarifas_gettyimages.jpg","type":"image\/jpeg"}],"author":"Luzimara Fernandes","twitter_card":"summary_large_image","twitter_misc":{"Escrito por":"Luzimara Fernandes","Est. tempo de leitura":"3 minutos"},"schema":{"@context":"https:\/\/schema.org","@graph":[{"@type":"Article","@id":"https:\/\/jornalfatosenoticias.com.br\/index.php\/2025\/08\/05\/eua-criticam-prisao-domiciliar-de-bolsonaro-e-prometem-responsabilizar-todos-que-apoiarem-ordem-de-moraes\/#article","isPartOf":{"@id":"https:\/\/jornalfatosenoticias.com.br\/index.php\/2025\/08\/05\/eua-criticam-prisao-domiciliar-de-bolsonaro-e-prometem-responsabilizar-todos-que-apoiarem-ordem-de-moraes\/"},"author":{"name":"Luzimara Fernandes","@id":"https:\/\/jornalfatosenoticias.com.br\/#\/schema\/person\/d63837fa13ac8666eb9e74e0985d6f81"},"headline":"EUA criticam pris\u00e3o domiciliar de Bolsonaro e prometem responsabilizar todos que apoiarem ordem de Moraes","datePublished":"2025-08-05T12:52:03+00:00","dateModified":"2025-08-05T12:52:05+00:00","mainEntityOfPage":{"@id":"https:\/\/jornalfatosenoticias.com.br\/index.php\/2025\/08\/05\/eua-criticam-prisao-domiciliar-de-bolsonaro-e-prometem-responsabilizar-todos-que-apoiarem-ordem-de-moraes\/"},"wordCount":532,"commentCount":0,"publisher":{"@id":"https:\/\/jornalfatosenoticias.com.br\/#organization"},"image":{"@id":"https:\/\/jornalfatosenoticias.com.br\/index.php\/2025\/08\/05\/eua-criticam-prisao-domiciliar-de-bolsonaro-e-prometem-responsabilizar-todos-que-apoiarem-ordem-de-moraes\/#primaryimage"},"thumbnailUrl":"https:\/\/jornalfatosenoticias.com.br\/wp-content\/uploads\/2025\/05\/trump-tarifas_gettyimages.jpg","keywords":["Alexandre de Moraes","Donald Trump","EUA","Jair Bolsonaro","pris\u00e3o","STF"],"articleSection":["Internacional"],"inLanguage":"pt-BR","potentialAction":[{"@type":"CommentAction","name":"Comment","target":["https:\/\/jornalfatosenoticias.com.br\/index.php\/2025\/08\/05\/eua-criticam-prisao-domiciliar-de-bolsonaro-e-prometem-responsabilizar-todos-que-apoiarem-ordem-de-moraes\/#respond"]}]},{"@type":"WebPage","@id":"https:\/\/jornalfatosenoticias.com.br\/index.php\/2025\/08\/05\/eua-criticam-prisao-domiciliar-de-bolsonaro-e-prometem-responsabilizar-todos-que-apoiarem-ordem-de-moraes\/","url":"https:\/\/jornalfatosenoticias.com.br\/index.php\/2025\/08\/05\/eua-criticam-prisao-domiciliar-de-bolsonaro-e-prometem-responsabilizar-todos-que-apoiarem-ordem-de-moraes\/","name":"EUA criticam pris\u00e3o domiciliar de Bolsonaro e prometem responsabilizar todos que apoiarem ordem de Moraes - Jornal Fatos e Not\u00edcias","isPartOf":{"@id":"https:\/\/jornalfatosenoticias.com.br\/#website"},"primaryImageOfPage":{"@id":"https:\/\/jornalfatosenoticias.com.br\/index.php\/2025\/08\/05\/eua-criticam-prisao-domiciliar-de-bolsonaro-e-prometem-responsabilizar-todos-que-apoiarem-ordem-de-moraes\/#primaryimage"},"image":{"@id":"https:\/\/jornalfatosenoticias.com.br\/index.php\/2025\/08\/05\/eua-criticam-prisao-domiciliar-de-bolsonaro-e-prometem-responsabilizar-todos-que-apoiarem-ordem-de-moraes\/#primaryimage"},"thumbnailUrl":"https:\/\/jornalfatosenoticias.com.br\/wp-content\/uploads\/2025\/05\/trump-tarifas_gettyimages.jpg","datePublished":"2025-08-05T12:52:03+00:00","dateModified":"2025-08-05T12:52:05+00:00","breadcrumb":{"@id":"https:\/\/jornalfatosenoticias.com.br\/index.php\/2025\/08\/05\/eua-criticam-prisao-domiciliar-de-bolsonaro-e-prometem-responsabilizar-todos-que-apoiarem-ordem-de-moraes\/#breadcrumb"},"inLanguage":"pt-BR","potentialAction":[{"@type":"ReadAction","target":["https:\/\/jornalfatosenoticias.com.br\/index.php\/2025\/08\/05\/eua-criticam-prisao-domiciliar-de-bolsonaro-e-prometem-responsabilizar-todos-que-apoiarem-ordem-de-moraes\/"]}]},{"@type":"ImageObject","inLanguage":"pt-BR","@id":"https:\/\/jornalfatosenoticias.com.br\/index.php\/2025\/08\/05\/eua-criticam-prisao-domiciliar-de-bolsonaro-e-prometem-responsabilizar-todos-que-apoiarem-ordem-de-moraes\/#primaryimage","url":"https:\/\/jornalfatosenoticias.com.br\/wp-content\/uploads\/2025\/05\/trump-tarifas_gettyimages.jpg","contentUrl":"https:\/\/jornalfatosenoticias.com.br\/wp-content\/uploads\/2025\/05\/trump-tarifas_gettyimages.jpg","width":612,"height":408,"caption":"WASHINGTON, DC - APRIL 24: U.S. President Donald Trump talks to reporters during a meeting with Norway's Prime Minister Jonas Gahr Store in the Oval Office at the White House on April 24, 2025 in Washington, DC. The leaders are expected to discuss security, trade, NATO and the war in Ukraine. (Photo by Chip Somodevilla\/Getty Images)"},{"@type":"BreadcrumbList","@id":"https:\/\/jornalfatosenoticias.com.br\/index.php\/2025\/08\/05\/eua-criticam-prisao-domiciliar-de-bolsonaro-e-prometem-responsabilizar-todos-que-apoiarem-ordem-de-moraes\/#breadcrumb","itemListElement":[{"@type":"ListItem","position":1,"name":"In\u00edcio","item":"https:\/\/jornalfatosenoticias.com.br\/"},{"@type":"ListItem","position":2,"name":"EUA criticam pris\u00e3o domiciliar de Bolsonaro e prometem responsabilizar todos que apoiarem ordem de Moraes"}]},{"@type":"WebSite","@id":"https:\/\/jornalfatosenoticias.com.br\/#website","url":"https:\/\/jornalfatosenoticias.com.br\/","name":"Jornal Fatos e Not\u00edcias","description":"Not\u00edcias em geral","publisher":{"@id":"https:\/\/jornalfatosenoticias.com.br\/#organization"},"potentialAction":[{"@type":"SearchAction","target":{"@type":"EntryPoint","urlTemplate":"https:\/\/jornalfatosenoticias.com.br\/?s={search_term_string}"},"query-input":{"@type":"PropertyValueSpecification","valueRequired":true,"valueName":"search_term_string"}}],"inLanguage":"pt-BR"},{"@type":"Organization","@id":"https:\/\/jornalfatosenoticias.com.br\/#organization","name":"Jornal Fatos e Not\u00edcias","url":"https:\/\/jornalfatosenoticias.com.br\/","logo":{"@type":"ImageObject","inLanguage":"pt-BR","@id":"https:\/\/jornalfatosenoticias.com.br\/#\/schema\/logo\/image\/","url":"https:\/\/jornalfatosenoticias.com.br\/wp-content\/uploads\/2020\/02\/logo120.png","contentUrl":"https:\/\/jornalfatosenoticias.com.br\/wp-content\/uploads\/2020\/02\/logo120.png","width":1227,"height":120,"caption":"Jornal Fatos e Not\u00edcias"},"image":{"@id":"https:\/\/jornalfatosenoticias.com.br\/#\/schema\/logo\/image\/"}},{"@type":"Person","@id":"https:\/\/jornalfatosenoticias.com.br\/#\/schema\/person\/d63837fa13ac8666eb9e74e0985d6f81","name":"Luzimara Fernandes","image":{"@type":"ImageObject","inLanguage":"pt-BR","@id":"https:\/\/jornalfatosenoticias.com.br\/#\/schema\/person\/image\/","url":"https:\/\/jornalfatosenoticias.com.br\/wp-content\/uploads\/2025\/05\/EU_portal.jpg","contentUrl":"https:\/\/jornalfatosenoticias.com.br\/wp-content\/uploads\/2025\/05\/EU_portal.jpg","caption":"Luzimara Fernandes"},"description":"Jornalista MTB 2358-ES","sameAs":["https:\/\/jornalfatosenoticias.com.br"],"url":"https:\/\/jornalfatosenoticias.com.br\/index.php\/author\/luzimara\/"}]}},"cc_featured_image_caption":{"caption_text":"(Foto: Getty Images)","source_text":"","source_url":""},"jetpack_featured_media_url":"https:\/\/jornalfatosenoticias.com.br\/wp-content\/uploads\/2025\/05\/trump-tarifas_gettyimages.jpg","_links":{"self":[{"href":"https:\/\/jornalfatosenoticias.com.br\/index.php\/wp-json\/wp\/v2\/posts\/61031","targetHints":{"allow":["GET"]}}],"collection":[{"href":"https:\/\/jornalfatosenoticias.com.br\/index.php\/wp-json\/wp\/v2\/posts"}],"about":[{"href":"https:\/\/jornalfatosenoticias.com.br\/index.php\/wp-json\/wp\/v2\/types\/post"}],"author":[{"embeddable":true,"href":"https:\/\/jornalfatosenoticias.com.br\/index.php\/wp-json\/wp\/v2\/users\/2"}],"replies":[{"embeddable":true,"href":"https:\/\/jornalfatosenoticias.com.br\/index.php\/wp-json\/wp\/v2\/comments?post=61031"}],"version-history":[{"count":0,"href":"https:\/\/jornalfatosenoticias.com.br\/index.php\/wp-json\/wp\/v2\/posts\/61031\/revisions"}],"wp:featuredmedia":[{"embeddable":true,"href":"https:\/\/jornalfatosenoticias.com.br\/index.php\/wp-json\/wp\/v2\/media\/58904"}],"wp:attachment":[{"href":"https:\/\/jornalfatosenoticias.com.br\/index.php\/wp-json\/wp\/v2\/media?parent=61031"}],"wp:term":[{"taxonomy":"category","embeddable":true,"href":"https:\/\/jornalfatosenoticias.com.br\/index.php\/wp-json\/wp\/v2\/categories?post=61031"},{"taxonomy":"post_tag","embeddable":true,"href":"https:\/\/jornalfatosenoticias.com.br\/index.php\/wp-json\/wp\/v2\/tags?post=61031"}],"curies":[{"name":"wp","href":"https:\/\/api.w.org\/{rel}","templated":true}]}}