{"id":61034,"date":"2025-08-05T10:09:01","date_gmt":"2025-08-05T13:09:01","guid":{"rendered":"https:\/\/jornalfatosenoticias.com.br\/?p=61034"},"modified":"2025-08-05T10:09:02","modified_gmt":"2025-08-05T13:09:02","slug":"novas-mensagens-vazadas-sugerem-justica-paralela-de-moraes-no-8-de-janeiro","status":"publish","type":"post","link":"https:\/\/jornalfatosenoticias.com.br\/index.php\/2025\/08\/05\/novas-mensagens-vazadas-sugerem-justica-paralela-de-moraes-no-8-de-janeiro\/","title":{"rendered":"Novas mensagens vazadas sugerem \u201cjusti\u00e7a paralela\u201d de Moraes no 8 de janeiro"},"content":{"rendered":"\n<p><em><span class=\"has-inline-color has-black-color\">Apura\u00e7\u00e3o aponta que Moraes teria montado um gabinete paralelo de intelig\u00eancia para produzir provas contra detidos no 8 de janeiro de 2023<\/span><\/em><\/p>\n\n\n\n<p><span class=\"has-inline-color has-black-color\">Por <strong><a href=\"https:\/\/www.gazetadopovo.com.br\/autor\/guilherme-grandi\/\">Guilherme Grandi<\/a><\/strong><\/span><\/p>\n\n\n\n<div class=\"wp-block-image\"><figure class=\"aligncenter size-large\"><a href=\"https:\/\/mizu.com.br\/\"><img loading=\"lazy\" decoding=\"async\" width=\"729\" height=\"90\" src=\"https:\/\/jornalfatosenoticias.com.br\/wp-content\/uploads\/2020\/02\/Logo_Mizu.png\" alt=\"\" class=\"wp-image-1441\" srcset=\"https:\/\/jornalfatosenoticias.com.br\/wp-content\/uploads\/2020\/02\/Logo_Mizu.png 729w, https:\/\/jornalfatosenoticias.com.br\/wp-content\/uploads\/2020\/02\/Logo_Mizu-300x37.png 300w\" sizes=\"auto, (max-width: 729px) 100vw, 729px\" \/><\/a><\/figure><\/div>\n\n\n\n<p>Novas mensagens vazadas de assessores do ministro Alexandre de Moraes, do Supremo Tribunal Federal (STF), indicam que a estrutura do Tribunal Superior Eleitoral (TSE) teria sido usada para investigar os atos de 8 de janeiro. Segundo as conversas, servidores do TSE teriam feito levantamentos em redes sociais de manifestantes detidos em frente a quart\u00e9is, com o objetivo de embasar as pris\u00f5es.<br>As informa\u00e7\u00f5es foram obtidas pelos jornalistas David \u00c1gape e Eli Vieira, no bojo do caso que ficou conhecido como \u201cVaza Toga\u201d. Segundo a <a href=\"https:\/\/www.civilizationworks.org\/cw-master-blog\/the-january-8th-files-inside-brazils-secret-judicial-task-force-for-mass-arrests\" target=\"_blank\" rel=\"noreferrer noopener\">nova apura\u00e7\u00e3o<\/a>, divulgada nesta segunda-feira (4) no site da organiza\u00e7\u00e3o Civilization Works, do jornalista americano Michael Shellenberger, Moraes teria supervisionado a for\u00e7a-tarefa a partir de seu gabinete. O objetivo era gerar relat\u00f3rios sobre alvos espec\u00edficos com base em informa\u00e7\u00f5es de redes sociais e conversas em grupos privados.<\/p>\n\n\n\n<div class=\"wp-block-image\"><figure class=\"aligncenter size-large is-resized\"><a href=\"https:\/\/www.controlsystems.com.br\/\"><img loading=\"lazy\" decoding=\"async\" src=\"https:\/\/jornalfatosenoticias.com.br\/wp-content\/uploads\/2020\/02\/CONTROL-CS.jpg\" alt=\"\" class=\"wp-image-44991\" width=\"302\" height=\"363\" srcset=\"https:\/\/jornalfatosenoticias.com.br\/wp-content\/uploads\/2020\/02\/CONTROL-CS.jpg 834w, https:\/\/jornalfatosenoticias.com.br\/wp-content\/uploads\/2020\/02\/CONTROL-CS-250x300.jpg 250w, https:\/\/jornalfatosenoticias.com.br\/wp-content\/uploads\/2020\/02\/CONTROL-CS-768x921.jpg 768w\" sizes=\"auto, (max-width: 302px) 100vw, 302px\" \/><\/a><\/figure><\/div>\n\n\n\n<p>As novas mensagens apontam que ele teria recrutado funcion\u00e1rios dos dois tribunais \u2014 na \u00e9poca Moraes presidia o TSE \u2014 para operar uma esp\u00e9cie de unidade de intelig\u00eancia que se comunicava atrav\u00e9s do WhatsApp e tinha a participa\u00e7\u00e3o inclusive de seus ju\u00edzes auxiliares. A Gazeta do Povo solicitou posicionamento do STF e do TSE sobre as revela\u00e7\u00f5es e, at\u00e9 o momento, n\u00e3o obteve resposta. Os jornalistas que divulgaram as mensagens tamb\u00e9m buscaram contato com os envolvidos, mas n\u00e3o foram atendidos.<\/p>\n\n\n\n<div class=\"wp-block-image\"><figure class=\"aligncenter size-large is-resized\"><a href=\"https:\/\/www.instagram.com\/gruposei\/\"><img loading=\"lazy\" decoding=\"async\" src=\"https:\/\/jornalfatosenoticias.com.br\/wp-content\/uploads\/2022\/07\/Logo-Grupo-SEI.jpg\" alt=\"\" class=\"wp-image-31973\" width=\"400\" height=\"210\" srcset=\"https:\/\/jornalfatosenoticias.com.br\/wp-content\/uploads\/2022\/07\/Logo-Grupo-SEI.jpg 713w, https:\/\/jornalfatosenoticias.com.br\/wp-content\/uploads\/2022\/07\/Logo-Grupo-SEI-300x158.jpg 300w\" sizes=\"auto, (max-width: 400px) 100vw, 400px\" \/><\/a><\/figure><\/div>\n\n\n\n<p><strong><span class=\"has-inline-color has-black-color\">&#8220;Certid\u00f5es&#8221; com base em postagens de rede social<br><\/span><\/strong>De acordo com a apura\u00e7\u00e3o, a for\u00e7a-tarefa funcionava com base em \u201ccertid\u00f5es\u201d informais geradas inclusive a partir de coment\u00e1rios nas redes sociais, que poderiam ser suficientes para rotular algu\u00e9m com uma \u201ccertid\u00e3o positiva\u201d, classifica\u00e7\u00e3o que ajudava a manter a pessoa presa. Essas certid\u00f5es, segundo consta, nunca foram compartilhadas com advogados de defesa nem analisadas por promotores.<\/p>\n\n\n\n<div class=\"wp-block-image\"><figure class=\"aligncenter size-large\"><a href=\"http:\/\/www.ferrarimaquinas.com.br\/\"><img loading=\"lazy\" decoding=\"async\" width=\"300\" height=\"250\" src=\"https:\/\/jornalfatosenoticias.com.br\/wp-content\/uploads\/2022\/02\/FERRARI_MAQUINAS-E-FERRAMENTAS2.jpg\" alt=\"\" class=\"wp-image-27860\"\/><\/a><\/figure><\/div>\n\n\n\n<p>A opera\u00e7\u00e3o chegou a recrutar colaboradores externos, incluindo ativistas pol\u00edticos, universidades e ag\u00eancias de verifica\u00e7\u00e3o de fatos, para se infiltrar em grupos de bate-papo privados. Segundo a apura\u00e7\u00e3o, Moraes autorizava essas a\u00e7\u00f5es atrav\u00e9s de e-mails enviados para sua conta pessoal, evitando canais institucionais.<\/p>\n\n\n\n<div class=\"wp-block-image\"><figure class=\"aligncenter size-large is-resized\"><a href=\"https:\/\/panper.com.br\/\"><img loading=\"lazy\" decoding=\"async\" src=\"https:\/\/jornalfatosenoticias.com.br\/wp-content\/uploads\/2023\/03\/logo-Panper_portal.jpg\" alt=\"\" class=\"wp-image-40208\" width=\"331\" height=\"229\" srcset=\"https:\/\/jornalfatosenoticias.com.br\/wp-content\/uploads\/2023\/03\/logo-Panper_portal.jpg 400w, https:\/\/jornalfatosenoticias.com.br\/wp-content\/uploads\/2023\/03\/logo-Panper_portal-300x208.jpg 300w\" sizes=\"auto, (max-width: 331px) 100vw, 331px\" \/><\/a><\/figure><\/div>\n\n\n\n<p>A coordena\u00e7\u00e3o da for\u00e7a-tarefa teria ficado a cargo de Cristina Yukiko Kusahara, chefe de gabinete de Moraes no STF, que criou e administrou o grupo do WhatsApp. Eduardo Tagliaferro, ent\u00e3o chefe da Unidade Especial de Combate \u00e0 Desinforma\u00e7\u00e3o do TSE, foi quem denunciou as ordens secretas via WhatsApp para elaborar relat\u00f3rios de alvos pr\u00e9-selecionados.<\/p>\n\n\n\n<div class=\"wp-block-image\"><figure class=\"aligncenter size-large is-resized\"><a href=\"https:\/\/www.instagram.com\/rcradiadores\/\"><img loading=\"lazy\" decoding=\"async\" src=\"https:\/\/jornalfatosenoticias.com.br\/wp-content\/uploads\/2022\/10\/RC_800x750_page-0001.jpg\" alt=\"\" class=\"wp-image-35338\" width=\"294\" height=\"276\" srcset=\"https:\/\/jornalfatosenoticias.com.br\/wp-content\/uploads\/2022\/10\/RC_800x750_page-0001.jpg 400w, https:\/\/jornalfatosenoticias.com.br\/wp-content\/uploads\/2022\/10\/RC_800x750_page-0001-300x281.jpg 300w\" sizes=\"auto, (max-width: 294px) 100vw, 294px\" \/><\/a><\/figure><\/div>\n\n\n\n<p>Tamb\u00e9m teriam participado da for\u00e7a-tarefa Marco Ant\u00f4nio Martins Vargas, juiz auxiliar de Moraes no TSE, e Airton Vieira, assessor judicial no STF respons\u00e1vel por conduzir audi\u00eancias de cust\u00f3dia do 8 de janeiro. Outros assessores do TSE contribu\u00edram para tra\u00e7ar o perfil de mais de 1,4 mil detidos usando qualquer vest\u00edgio digital dispon\u00edvel. As mensagens mostram, segundo a apura\u00e7\u00e3o, que o ritmo de an\u00e1lise das informa\u00e7\u00f5es era fren\u00e9tico e, at\u00e9 certa forma, improvisado. As certid\u00f5es eram emitidas, retiradas e reemitidas em quest\u00e3o de minutos, muitas vezes sem motivo aparente.<\/p>\n\n\n\n<div class=\"wp-block-image\"><figure class=\"aligncenter size-large is-resized\"><a href=\"https:\/\/www.instagram.com\/serra4x4cambioautomatico\/\"><img loading=\"lazy\" decoding=\"async\" src=\"https:\/\/jornalfatosenoticias.com.br\/wp-content\/uploads\/2024\/08\/Serra-4x4-1-886x1024.jpg\" alt=\"\" class=\"wp-image-53632\" width=\"274\" height=\"317\" srcset=\"https:\/\/jornalfatosenoticias.com.br\/wp-content\/uploads\/2024\/08\/Serra-4x4-1-886x1024.jpg 886w, https:\/\/jornalfatosenoticias.com.br\/wp-content\/uploads\/2024\/08\/Serra-4x4-1-260x300.jpg 260w, https:\/\/jornalfatosenoticias.com.br\/wp-content\/uploads\/2024\/08\/Serra-4x4-1-768x888.jpg 768w, https:\/\/jornalfatosenoticias.com.br\/wp-content\/uploads\/2024\/08\/Serra-4x4-1.jpg 1181w\" sizes=\"auto, (max-width: 274px) 100vw, 274px\" \/><\/a><\/figure><\/div>\n\n\n\n<p>As mensagens mostram funcion\u00e1rios recebendo listas informais de detidos diretamente da pol\u00edcia, incluindo nomes, fotos e n\u00fameros de identidade, sem cadeia de cust\u00f3dia formal. Em um \u00e1udio, um policial federal pediu confidencialidade porque os dados eram \u201cmuito procurados\u201d, apontando que o material estava sendo compartilhado fora dos canais legais.<\/p>\n\n\n\n<div class=\"wp-block-image\"><figure class=\"aligncenter size-large\"><a href=\"https:\/\/www.cesconetto.com.br\/\"><img loading=\"lazy\" decoding=\"async\" width=\"300\" height=\"250\" src=\"https:\/\/jornalfatosenoticias.com.br\/wp-content\/uploads\/2020\/02\/Banner-2.png\" alt=\"\" class=\"wp-image-43787\"\/><\/a><\/figure><\/div>\n\n\n\n<p>Ap\u00f3s associar um nome a um rosto, a equipe vasculhava plataformas de m\u00eddia social buscando postagens que pudessem ser interpretadas como \u201cantidemocr\u00e1ticas\u201d. Os crit\u00e9rios variavam caso a caso, incluindo compartilhar publica\u00e7\u00f5es sobre os protestos, criticar o STF ou a Luiz In\u00e1cio Lula da Silva (PT), participar de grupos no Telegram ou WhatsApp, retuitar conte\u00fado rotulado como \u201cdesinforma\u00e7\u00e3o\u201d, men\u00e7\u00f5es em reportagens ou den\u00fancias an\u00f4nimas on-line.<\/p>\n\n\n\n<div class=\"wp-block-image\"><figure class=\"aligncenter size-large is-resized\"><a href=\"https:\/\/www.legisjuris.com.br\/\"><img loading=\"lazy\" decoding=\"async\" src=\"https:\/\/jornalfatosenoticias.com.br\/wp-content\/uploads\/2024\/09\/Legis-Juris-Consultoria_logo.jpg\" alt=\"\" class=\"wp-image-53915\" width=\"487\" height=\"204\" srcset=\"https:\/\/jornalfatosenoticias.com.br\/wp-content\/uploads\/2024\/09\/Legis-Juris-Consultoria_logo.jpg 969w, https:\/\/jornalfatosenoticias.com.br\/wp-content\/uploads\/2024\/09\/Legis-Juris-Consultoria_logo-300x126.jpg 300w, https:\/\/jornalfatosenoticias.com.br\/wp-content\/uploads\/2024\/09\/Legis-Juris-Consultoria_logo-768x322.jpg 768w\" sizes=\"auto, (max-width: 487px) 100vw, 487px\" \/><\/a><\/figure><\/div>\n\n\n\n<p>Cada certid\u00e3o baseava-se em pesquisas r\u00e1pidas no Facebook, Instagram, Twitter, TikTok, YouTube, Telegram e Gettr. Se algum conte\u00fado fosse encontrado, o detido recebia \u201ccertid\u00e3o positiva\u201d. As principais fontes para justificar os r\u00f3tulos eram not\u00edcias e perfis an\u00f4nimos no Twitter, frequentemente sem verifica\u00e7\u00e3o de autoria ou contexto. Essa classifica\u00e7\u00e3o era suficiente para justificar a deten\u00e7\u00e3o, independentemente de antecedentes criminais, comportamento violento ou presen\u00e7a dentro de pr\u00e9dios governamentais.<\/p>\n\n\n\n<div class=\"wp-block-image\"><figure class=\"aligncenter size-large is-resized\"><a href=\"https:\/\/www.facebook.com\/profile.php?id=100069289606145\"><img loading=\"lazy\" decoding=\"async\" src=\"https:\/\/jornalfatosenoticias.com.br\/wp-content\/uploads\/2024\/11\/Guaitolini-Contabilidade-1024x714.jpeg\" alt=\"\" class=\"wp-image-55808\" width=\"349\" height=\"243\" srcset=\"https:\/\/jornalfatosenoticias.com.br\/wp-content\/uploads\/2024\/11\/Guaitolini-Contabilidade-1024x714.jpeg 1024w, https:\/\/jornalfatosenoticias.com.br\/wp-content\/uploads\/2024\/11\/Guaitolini-Contabilidade-300x209.jpeg 300w, https:\/\/jornalfatosenoticias.com.br\/wp-content\/uploads\/2024\/11\/Guaitolini-Contabilidade-768x535.jpeg 768w, https:\/\/jornalfatosenoticias.com.br\/wp-content\/uploads\/2024\/11\/Guaitolini-Contabilidade.jpeg 1280w\" sizes=\"auto, (max-width: 349px) 100vw, 349px\" \/><\/a><\/figure><\/div>\n\n\n\n<p>Entre os exemplos citados na apura\u00e7\u00e3o est\u00e1 o de um caminhoneiro denunciado por postagens no Facebook que criticavam Lula e questionavam as elei\u00e7\u00f5es de 2022. Ele n\u00e3o estava nos atos de vandalismo do dia 8 de janeiro de 2023, apenas no acampamento montado em frente ao Quartel-General do Ex\u00e9rcito, onde foi preso no dia seguinte e acusado pelo crime de tentativa de aboli\u00e7\u00e3o violenta do Estado democr\u00e1tico de direito \u2014 ele passou 11 meses e sete dias preso.<\/p>\n\n\n\n<div class=\"wp-block-image\"><figure class=\"aligncenter size-large is-resized\"><a href=\"https:\/\/hotelmarquetti.com.br\/\"><img loading=\"lazy\" decoding=\"async\" src=\"https:\/\/jornalfatosenoticias.com.br\/wp-content\/uploads\/2020\/02\/LOGO-MQ-1024x680.jpg\" alt=\"\" class=\"wp-image-58299\" width=\"348\" height=\"231\" srcset=\"https:\/\/jornalfatosenoticias.com.br\/wp-content\/uploads\/2020\/02\/LOGO-MQ-1024x680.jpg 1024w, https:\/\/jornalfatosenoticias.com.br\/wp-content\/uploads\/2020\/02\/LOGO-MQ-300x199.jpg 300w, https:\/\/jornalfatosenoticias.com.br\/wp-content\/uploads\/2020\/02\/LOGO-MQ-768x510.jpg 768w, https:\/\/jornalfatosenoticias.com.br\/wp-content\/uploads\/2020\/02\/LOGO-MQ-1536x1020.jpg 1536w, https:\/\/jornalfatosenoticias.com.br\/wp-content\/uploads\/2020\/02\/LOGO-MQ-2048x1360.jpg 2048w\" sizes=\"auto, (max-width: 348px) 100vw, 348px\" \/><\/a><\/figure><\/div>\n\n\n\n<p>Outro homem foi preso por uma \u00fanica postagem no Instagram que dizia: \u201cfazer cumprir a Constitui\u00e7\u00e3o n\u00e3o \u00e9 golpe\u201d. Outro, um vendedor ambulante de 54 anos, nem sequer participou dos atos e chegou apenas \u00e0 noite ao acampamento para vender bandeiras e camisetas, mas tamb\u00e9m foi detido. Em uma mensagem, Cristina Kusahara reconheceu que a Procuradoria-Geral da Rep\u00fablica (PGR) havia recomendado a liberta\u00e7\u00e3o de um grupo de detidos. Mesmo assim, Moraes recusou-se a solt\u00e1-los at\u00e9 que sua equipe terminasse de examinar suas redes sociais.<\/p>\n\n\n\n<div class=\"wp-block-image\"><figure class=\"aligncenter size-large is-resized\"><a href=\"https:\/\/www.facebook.com\/postobkr\/?locale=pt_BR\"><img loading=\"lazy\" decoding=\"async\" src=\"https:\/\/jornalfatosenoticias.com.br\/wp-content\/uploads\/2023\/08\/BKR-1024x1021.jpg\" alt=\"\" class=\"wp-image-44494\" width=\"315\" height=\"314\" srcset=\"https:\/\/jornalfatosenoticias.com.br\/wp-content\/uploads\/2023\/08\/BKR-1024x1021.jpg 1024w, https:\/\/jornalfatosenoticias.com.br\/wp-content\/uploads\/2023\/08\/BKR-300x300.jpg 300w, https:\/\/jornalfatosenoticias.com.br\/wp-content\/uploads\/2023\/08\/BKR-150x150.jpg 150w, https:\/\/jornalfatosenoticias.com.br\/wp-content\/uploads\/2023\/08\/BKR-768x766.jpg 768w, https:\/\/jornalfatosenoticias.com.br\/wp-content\/uploads\/2023\/08\/BKR.jpg 1080w\" sizes=\"auto, (max-width: 315px) 100vw, 315px\" \/><\/a><\/figure><\/div>\n\n\n\n<blockquote class=\"wp-block-quote is-layout-flow wp-block-quote-is-layout-flow\"><p><span class=\"has-inline-color has-luminous-vivid-orange-color\">A PGR pediu a LP (liberdade provis\u00f3ria) deles, mas o ministro n\u00e3o quer soltar sem antes a gente ver nas redes se tem alguma coisa\u201d, escreveu.<\/span><\/p><\/blockquote>\n\n\n\n<div class=\"wp-block-image\"><figure class=\"aligncenter size-large is-resized\"><a href=\"https:\/\/www.facebook.com\/vetor.vix\/\"><img loading=\"lazy\" decoding=\"async\" src=\"https:\/\/jornalfatosenoticias.com.br\/wp-content\/uploads\/2023\/09\/vetorvix1024_1.jpg\" alt=\"\" class=\"wp-image-44868\" width=\"572\" height=\"152\" srcset=\"https:\/\/jornalfatosenoticias.com.br\/wp-content\/uploads\/2023\/09\/vetorvix1024_1.jpg 1024w, https:\/\/jornalfatosenoticias.com.br\/wp-content\/uploads\/2023\/09\/vetorvix1024_1-300x80.jpg 300w, https:\/\/jornalfatosenoticias.com.br\/wp-content\/uploads\/2023\/09\/vetorvix1024_1-768x205.jpg 768w\" sizes=\"auto, (max-width: 572px) 100vw, 572px\" \/><\/a><\/figure><\/div>\n\n\n\n<p><strong>Fonte: <a href=\"https:\/\/www.gazetadopovo.com.br\/republica\/mensagens-vazadas-justica-paralela-moraes-8-janeiro\/\">Gazeta do Povo<\/a><\/strong><\/p>\n","protected":false},"excerpt":{"rendered":"<p>Apura\u00e7\u00e3o aponta que Moraes teria montado um gabinete paralelo de intelig\u00eancia para produzir provas contra detidos no 8 de janeiro de 2023 Por Guilherme Grandi Novas mensagens vazadas de assessores do ministro Alexandre de Moraes, do Supremo Tribunal Federal (STF), indicam que a estrutura do Tribunal Superior Eleitoral (TSE) teria sido usada para investigar os [&hellip;]<\/p>\n","protected":false},"author":2,"featured_media":61035,"comment_status":"open","ping_status":"open","sticky":false,"template":"","format":"standard","meta":{"footnotes":""},"categories":[5],"tags":[18055,13889,294,1514],"class_list":["post-61034","post","type-post","status-publish","format-standard","has-post-thumbnail","hentry","category-geral","tag-8-de-janeiro","tag-alexandre-de-moraes","tag-stf","tag-tse"],"yoast_head":"<!-- This site is optimized with the Yoast SEO plugin v26.5 - https:\/\/yoast.com\/wordpress\/plugins\/seo\/ -->\n<title>Novas mensagens vazadas sugerem \u201cjusti\u00e7a paralela\u201d de Moraes no 8 de janeiro - Jornal Fatos e Not\u00edcias<\/title>\n<meta name=\"robots\" content=\"index, follow, max-snippet:-1, max-image-preview:large, max-video-preview:-1\" \/>\n<link rel=\"canonical\" href=\"https:\/\/jornalfatosenoticias.com.br\/index.php\/2025\/08\/05\/novas-mensagens-vazadas-sugerem-justica-paralela-de-moraes-no-8-de-janeiro\/\" \/>\n<meta property=\"og:locale\" content=\"pt_BR\" \/>\n<meta property=\"og:type\" content=\"article\" \/>\n<meta property=\"og:title\" content=\"Novas mensagens vazadas sugerem \u201cjusti\u00e7a paralela\u201d de Moraes no 8 de janeiro - Jornal Fatos e Not\u00edcias\" \/>\n<meta property=\"og:description\" content=\"Apura\u00e7\u00e3o aponta que Moraes teria montado um gabinete paralelo de intelig\u00eancia para produzir provas contra detidos no 8 de janeiro de 2023 Por Guilherme Grandi Novas mensagens vazadas de assessores do ministro Alexandre de Moraes, do Supremo Tribunal Federal (STF), indicam que a estrutura do Tribunal Superior Eleitoral (TSE) teria sido usada para investigar os [&hellip;]\" \/>\n<meta property=\"og:url\" content=\"https:\/\/jornalfatosenoticias.com.br\/index.php\/2025\/08\/05\/novas-mensagens-vazadas-sugerem-justica-paralela-de-moraes-no-8-de-janeiro\/\" \/>\n<meta property=\"og:site_name\" content=\"Jornal Fatos e Not\u00edcias\" \/>\n<meta property=\"article:published_time\" content=\"2025-08-05T13:09:01+00:00\" \/>\n<meta property=\"article:modified_time\" content=\"2025-08-05T13:09:02+00:00\" \/>\n<meta property=\"og:image\" content=\"https:\/\/jornalfatosenoticias.com.br\/wp-content\/uploads\/2025\/08\/alexandre-de-moraes-foto-antonio-augusto-stf.jpg\" \/>\n\t<meta property=\"og:image:width\" content=\"960\" \/>\n\t<meta property=\"og:image:height\" content=\"540\" \/>\n\t<meta property=\"og:image:type\" content=\"image\/jpeg\" \/>\n<meta name=\"author\" content=\"Luzimara Fernandes\" \/>\n<meta name=\"twitter:card\" content=\"summary_large_image\" \/>\n<meta name=\"twitter:label1\" content=\"Escrito por\" \/>\n\t<meta name=\"twitter:data1\" content=\"Luzimara Fernandes\" \/>\n\t<meta name=\"twitter:label2\" content=\"Est. tempo de leitura\" \/>\n\t<meta name=\"twitter:data2\" content=\"5 minutos\" \/>\n<script type=\"application\/ld+json\" class=\"yoast-schema-graph\">{\"@context\":\"https:\/\/schema.org\",\"@graph\":[{\"@type\":\"Article\",\"@id\":\"https:\/\/jornalfatosenoticias.com.br\/index.php\/2025\/08\/05\/novas-mensagens-vazadas-sugerem-justica-paralela-de-moraes-no-8-de-janeiro\/#article\",\"isPartOf\":{\"@id\":\"https:\/\/jornalfatosenoticias.com.br\/index.php\/2025\/08\/05\/novas-mensagens-vazadas-sugerem-justica-paralela-de-moraes-no-8-de-janeiro\/\"},\"author\":{\"name\":\"Luzimara Fernandes\",\"@id\":\"https:\/\/jornalfatosenoticias.com.br\/#\/schema\/person\/d63837fa13ac8666eb9e74e0985d6f81\"},\"headline\":\"Novas mensagens vazadas sugerem \u201cjusti\u00e7a paralela\u201d de Moraes no 8 de janeiro\",\"datePublished\":\"2025-08-05T13:09:01+00:00\",\"dateModified\":\"2025-08-05T13:09:02+00:00\",\"mainEntityOfPage\":{\"@id\":\"https:\/\/jornalfatosenoticias.com.br\/index.php\/2025\/08\/05\/novas-mensagens-vazadas-sugerem-justica-paralela-de-moraes-no-8-de-janeiro\/\"},\"wordCount\":951,\"commentCount\":0,\"publisher\":{\"@id\":\"https:\/\/jornalfatosenoticias.com.br\/#organization\"},\"image\":{\"@id\":\"https:\/\/jornalfatosenoticias.com.br\/index.php\/2025\/08\/05\/novas-mensagens-vazadas-sugerem-justica-paralela-de-moraes-no-8-de-janeiro\/#primaryimage\"},\"thumbnailUrl\":\"https:\/\/jornalfatosenoticias.com.br\/wp-content\/uploads\/2025\/08\/alexandre-de-moraes-foto-antonio-augusto-stf.jpg\",\"keywords\":[\"8 de janeiro\",\"Alexandre de Moraes\",\"STF\",\"TSE\"],\"articleSection\":[\"Geral\"],\"inLanguage\":\"pt-BR\",\"potentialAction\":[{\"@type\":\"CommentAction\",\"name\":\"Comment\",\"target\":[\"https:\/\/jornalfatosenoticias.com.br\/index.php\/2025\/08\/05\/novas-mensagens-vazadas-sugerem-justica-paralela-de-moraes-no-8-de-janeiro\/#respond\"]}]},{\"@type\":\"WebPage\",\"@id\":\"https:\/\/jornalfatosenoticias.com.br\/index.php\/2025\/08\/05\/novas-mensagens-vazadas-sugerem-justica-paralela-de-moraes-no-8-de-janeiro\/\",\"url\":\"https:\/\/jornalfatosenoticias.com.br\/index.php\/2025\/08\/05\/novas-mensagens-vazadas-sugerem-justica-paralela-de-moraes-no-8-de-janeiro\/\",\"name\":\"Novas mensagens vazadas sugerem \u201cjusti\u00e7a paralela\u201d de Moraes no 8 de janeiro - Jornal Fatos e Not\u00edcias\",\"isPartOf\":{\"@id\":\"https:\/\/jornalfatosenoticias.com.br\/#website\"},\"primaryImageOfPage\":{\"@id\":\"https:\/\/jornalfatosenoticias.com.br\/index.php\/2025\/08\/05\/novas-mensagens-vazadas-sugerem-justica-paralela-de-moraes-no-8-de-janeiro\/#primaryimage\"},\"image\":{\"@id\":\"https:\/\/jornalfatosenoticias.com.br\/index.php\/2025\/08\/05\/novas-mensagens-vazadas-sugerem-justica-paralela-de-moraes-no-8-de-janeiro\/#primaryimage\"},\"thumbnailUrl\":\"https:\/\/jornalfatosenoticias.com.br\/wp-content\/uploads\/2025\/08\/alexandre-de-moraes-foto-antonio-augusto-stf.jpg\",\"datePublished\":\"2025-08-05T13:09:01+00:00\",\"dateModified\":\"2025-08-05T13:09:02+00:00\",\"breadcrumb\":{\"@id\":\"https:\/\/jornalfatosenoticias.com.br\/index.php\/2025\/08\/05\/novas-mensagens-vazadas-sugerem-justica-paralela-de-moraes-no-8-de-janeiro\/#breadcrumb\"},\"inLanguage\":\"pt-BR\",\"potentialAction\":[{\"@type\":\"ReadAction\",\"target\":[\"https:\/\/jornalfatosenoticias.com.br\/index.php\/2025\/08\/05\/novas-mensagens-vazadas-sugerem-justica-paralela-de-moraes-no-8-de-janeiro\/\"]}]},{\"@type\":\"ImageObject\",\"inLanguage\":\"pt-BR\",\"@id\":\"https:\/\/jornalfatosenoticias.com.br\/index.php\/2025\/08\/05\/novas-mensagens-vazadas-sugerem-justica-paralela-de-moraes-no-8-de-janeiro\/#primaryimage\",\"url\":\"https:\/\/jornalfatosenoticias.com.br\/wp-content\/uploads\/2025\/08\/alexandre-de-moraes-foto-antonio-augusto-stf.jpg\",\"contentUrl\":\"https:\/\/jornalfatosenoticias.com.br\/wp-content\/uploads\/2025\/08\/alexandre-de-moraes-foto-antonio-augusto-stf.jpg\",\"width\":960,\"height\":540},{\"@type\":\"BreadcrumbList\",\"@id\":\"https:\/\/jornalfatosenoticias.com.br\/index.php\/2025\/08\/05\/novas-mensagens-vazadas-sugerem-justica-paralela-de-moraes-no-8-de-janeiro\/#breadcrumb\",\"itemListElement\":[{\"@type\":\"ListItem\",\"position\":1,\"name\":\"In\u00edcio\",\"item\":\"https:\/\/jornalfatosenoticias.com.br\/\"},{\"@type\":\"ListItem\",\"position\":2,\"name\":\"Novas mensagens vazadas sugerem \u201cjusti\u00e7a paralela\u201d de Moraes no 8 de janeiro\"}]},{\"@type\":\"WebSite\",\"@id\":\"https:\/\/jornalfatosenoticias.com.br\/#website\",\"url\":\"https:\/\/jornalfatosenoticias.com.br\/\",\"name\":\"Jornal Fatos e Not\u00edcias\",\"description\":\"Not\u00edcias em geral\",\"publisher\":{\"@id\":\"https:\/\/jornalfatosenoticias.com.br\/#organization\"},\"potentialAction\":[{\"@type\":\"SearchAction\",\"target\":{\"@type\":\"EntryPoint\",\"urlTemplate\":\"https:\/\/jornalfatosenoticias.com.br\/?s={search_term_string}\"},\"query-input\":{\"@type\":\"PropertyValueSpecification\",\"valueRequired\":true,\"valueName\":\"search_term_string\"}}],\"inLanguage\":\"pt-BR\"},{\"@type\":\"Organization\",\"@id\":\"https:\/\/jornalfatosenoticias.com.br\/#organization\",\"name\":\"Jornal Fatos e Not\u00edcias\",\"url\":\"https:\/\/jornalfatosenoticias.com.br\/\",\"logo\":{\"@type\":\"ImageObject\",\"inLanguage\":\"pt-BR\",\"@id\":\"https:\/\/jornalfatosenoticias.com.br\/#\/schema\/logo\/image\/\",\"url\":\"https:\/\/jornalfatosenoticias.com.br\/wp-content\/uploads\/2020\/02\/logo120.png\",\"contentUrl\":\"https:\/\/jornalfatosenoticias.com.br\/wp-content\/uploads\/2020\/02\/logo120.png\",\"width\":1227,\"height\":120,\"caption\":\"Jornal Fatos e Not\u00edcias\"},\"image\":{\"@id\":\"https:\/\/jornalfatosenoticias.com.br\/#\/schema\/logo\/image\/\"}},{\"@type\":\"Person\",\"@id\":\"https:\/\/jornalfatosenoticias.com.br\/#\/schema\/person\/d63837fa13ac8666eb9e74e0985d6f81\",\"name\":\"Luzimara Fernandes\",\"image\":{\"@type\":\"ImageObject\",\"inLanguage\":\"pt-BR\",\"@id\":\"https:\/\/jornalfatosenoticias.com.br\/#\/schema\/person\/image\/\",\"url\":\"https:\/\/jornalfatosenoticias.com.br\/wp-content\/uploads\/2025\/05\/EU_portal.jpg\",\"contentUrl\":\"https:\/\/jornalfatosenoticias.com.br\/wp-content\/uploads\/2025\/05\/EU_portal.jpg\",\"caption\":\"Luzimara Fernandes\"},\"description\":\"Jornalista MTB 2358-ES\",\"sameAs\":[\"https:\/\/jornalfatosenoticias.com.br\"],\"url\":\"https:\/\/jornalfatosenoticias.com.br\/index.php\/author\/luzimara\/\"}]}<\/script>\n<!-- \/ Yoast SEO plugin. -->","yoast_head_json":{"title":"Novas mensagens vazadas sugerem \u201cjusti\u00e7a paralela\u201d de Moraes no 8 de janeiro - Jornal Fatos e Not\u00edcias","robots":{"index":"index","follow":"follow","max-snippet":"max-snippet:-1","max-image-preview":"max-image-preview:large","max-video-preview":"max-video-preview:-1"},"canonical":"https:\/\/jornalfatosenoticias.com.br\/index.php\/2025\/08\/05\/novas-mensagens-vazadas-sugerem-justica-paralela-de-moraes-no-8-de-janeiro\/","og_locale":"pt_BR","og_type":"article","og_title":"Novas mensagens vazadas sugerem \u201cjusti\u00e7a paralela\u201d de Moraes no 8 de janeiro - Jornal Fatos e Not\u00edcias","og_description":"Apura\u00e7\u00e3o aponta que Moraes teria montado um gabinete paralelo de intelig\u00eancia para produzir provas contra detidos no 8 de janeiro de 2023 Por Guilherme Grandi Novas mensagens vazadas de assessores do ministro Alexandre de Moraes, do Supremo Tribunal Federal (STF), indicam que a estrutura do Tribunal Superior Eleitoral (TSE) teria sido usada para investigar os [&hellip;]","og_url":"https:\/\/jornalfatosenoticias.com.br\/index.php\/2025\/08\/05\/novas-mensagens-vazadas-sugerem-justica-paralela-de-moraes-no-8-de-janeiro\/","og_site_name":"Jornal Fatos e Not\u00edcias","article_published_time":"2025-08-05T13:09:01+00:00","article_modified_time":"2025-08-05T13:09:02+00:00","og_image":[{"width":960,"height":540,"url":"https:\/\/jornalfatosenoticias.com.br\/wp-content\/uploads\/2025\/08\/alexandre-de-moraes-foto-antonio-augusto-stf.jpg","type":"image\/jpeg"}],"author":"Luzimara Fernandes","twitter_card":"summary_large_image","twitter_misc":{"Escrito por":"Luzimara Fernandes","Est. tempo de leitura":"5 minutos"},"schema":{"@context":"https:\/\/schema.org","@graph":[{"@type":"Article","@id":"https:\/\/jornalfatosenoticias.com.br\/index.php\/2025\/08\/05\/novas-mensagens-vazadas-sugerem-justica-paralela-de-moraes-no-8-de-janeiro\/#article","isPartOf":{"@id":"https:\/\/jornalfatosenoticias.com.br\/index.php\/2025\/08\/05\/novas-mensagens-vazadas-sugerem-justica-paralela-de-moraes-no-8-de-janeiro\/"},"author":{"name":"Luzimara Fernandes","@id":"https:\/\/jornalfatosenoticias.com.br\/#\/schema\/person\/d63837fa13ac8666eb9e74e0985d6f81"},"headline":"Novas mensagens vazadas sugerem \u201cjusti\u00e7a paralela\u201d de Moraes no 8 de janeiro","datePublished":"2025-08-05T13:09:01+00:00","dateModified":"2025-08-05T13:09:02+00:00","mainEntityOfPage":{"@id":"https:\/\/jornalfatosenoticias.com.br\/index.php\/2025\/08\/05\/novas-mensagens-vazadas-sugerem-justica-paralela-de-moraes-no-8-de-janeiro\/"},"wordCount":951,"commentCount":0,"publisher":{"@id":"https:\/\/jornalfatosenoticias.com.br\/#organization"},"image":{"@id":"https:\/\/jornalfatosenoticias.com.br\/index.php\/2025\/08\/05\/novas-mensagens-vazadas-sugerem-justica-paralela-de-moraes-no-8-de-janeiro\/#primaryimage"},"thumbnailUrl":"https:\/\/jornalfatosenoticias.com.br\/wp-content\/uploads\/2025\/08\/alexandre-de-moraes-foto-antonio-augusto-stf.jpg","keywords":["8 de janeiro","Alexandre de Moraes","STF","TSE"],"articleSection":["Geral"],"inLanguage":"pt-BR","potentialAction":[{"@type":"CommentAction","name":"Comment","target":["https:\/\/jornalfatosenoticias.com.br\/index.php\/2025\/08\/05\/novas-mensagens-vazadas-sugerem-justica-paralela-de-moraes-no-8-de-janeiro\/#respond"]}]},{"@type":"WebPage","@id":"https:\/\/jornalfatosenoticias.com.br\/index.php\/2025\/08\/05\/novas-mensagens-vazadas-sugerem-justica-paralela-de-moraes-no-8-de-janeiro\/","url":"https:\/\/jornalfatosenoticias.com.br\/index.php\/2025\/08\/05\/novas-mensagens-vazadas-sugerem-justica-paralela-de-moraes-no-8-de-janeiro\/","name":"Novas mensagens vazadas sugerem \u201cjusti\u00e7a paralela\u201d de Moraes no 8 de janeiro - Jornal Fatos e Not\u00edcias","isPartOf":{"@id":"https:\/\/jornalfatosenoticias.com.br\/#website"},"primaryImageOfPage":{"@id":"https:\/\/jornalfatosenoticias.com.br\/index.php\/2025\/08\/05\/novas-mensagens-vazadas-sugerem-justica-paralela-de-moraes-no-8-de-janeiro\/#primaryimage"},"image":{"@id":"https:\/\/jornalfatosenoticias.com.br\/index.php\/2025\/08\/05\/novas-mensagens-vazadas-sugerem-justica-paralela-de-moraes-no-8-de-janeiro\/#primaryimage"},"thumbnailUrl":"https:\/\/jornalfatosenoticias.com.br\/wp-content\/uploads\/2025\/08\/alexandre-de-moraes-foto-antonio-augusto-stf.jpg","datePublished":"2025-08-05T13:09:01+00:00","dateModified":"2025-08-05T13:09:02+00:00","breadcrumb":{"@id":"https:\/\/jornalfatosenoticias.com.br\/index.php\/2025\/08\/05\/novas-mensagens-vazadas-sugerem-justica-paralela-de-moraes-no-8-de-janeiro\/#breadcrumb"},"inLanguage":"pt-BR","potentialAction":[{"@type":"ReadAction","target":["https:\/\/jornalfatosenoticias.com.br\/index.php\/2025\/08\/05\/novas-mensagens-vazadas-sugerem-justica-paralela-de-moraes-no-8-de-janeiro\/"]}]},{"@type":"ImageObject","inLanguage":"pt-BR","@id":"https:\/\/jornalfatosenoticias.com.br\/index.php\/2025\/08\/05\/novas-mensagens-vazadas-sugerem-justica-paralela-de-moraes-no-8-de-janeiro\/#primaryimage","url":"https:\/\/jornalfatosenoticias.com.br\/wp-content\/uploads\/2025\/08\/alexandre-de-moraes-foto-antonio-augusto-stf.jpg","contentUrl":"https:\/\/jornalfatosenoticias.com.br\/wp-content\/uploads\/2025\/08\/alexandre-de-moraes-foto-antonio-augusto-stf.jpg","width":960,"height":540},{"@type":"BreadcrumbList","@id":"https:\/\/jornalfatosenoticias.com.br\/index.php\/2025\/08\/05\/novas-mensagens-vazadas-sugerem-justica-paralela-de-moraes-no-8-de-janeiro\/#breadcrumb","itemListElement":[{"@type":"ListItem","position":1,"name":"In\u00edcio","item":"https:\/\/jornalfatosenoticias.com.br\/"},{"@type":"ListItem","position":2,"name":"Novas mensagens vazadas sugerem \u201cjusti\u00e7a paralela\u201d de Moraes no 8 de janeiro"}]},{"@type":"WebSite","@id":"https:\/\/jornalfatosenoticias.com.br\/#website","url":"https:\/\/jornalfatosenoticias.com.br\/","name":"Jornal Fatos e Not\u00edcias","description":"Not\u00edcias em geral","publisher":{"@id":"https:\/\/jornalfatosenoticias.com.br\/#organization"},"potentialAction":[{"@type":"SearchAction","target":{"@type":"EntryPoint","urlTemplate":"https:\/\/jornalfatosenoticias.com.br\/?s={search_term_string}"},"query-input":{"@type":"PropertyValueSpecification","valueRequired":true,"valueName":"search_term_string"}}],"inLanguage":"pt-BR"},{"@type":"Organization","@id":"https:\/\/jornalfatosenoticias.com.br\/#organization","name":"Jornal Fatos e Not\u00edcias","url":"https:\/\/jornalfatosenoticias.com.br\/","logo":{"@type":"ImageObject","inLanguage":"pt-BR","@id":"https:\/\/jornalfatosenoticias.com.br\/#\/schema\/logo\/image\/","url":"https:\/\/jornalfatosenoticias.com.br\/wp-content\/uploads\/2020\/02\/logo120.png","contentUrl":"https:\/\/jornalfatosenoticias.com.br\/wp-content\/uploads\/2020\/02\/logo120.png","width":1227,"height":120,"caption":"Jornal Fatos e Not\u00edcias"},"image":{"@id":"https:\/\/jornalfatosenoticias.com.br\/#\/schema\/logo\/image\/"}},{"@type":"Person","@id":"https:\/\/jornalfatosenoticias.com.br\/#\/schema\/person\/d63837fa13ac8666eb9e74e0985d6f81","name":"Luzimara Fernandes","image":{"@type":"ImageObject","inLanguage":"pt-BR","@id":"https:\/\/jornalfatosenoticias.com.br\/#\/schema\/person\/image\/","url":"https:\/\/jornalfatosenoticias.com.br\/wp-content\/uploads\/2025\/05\/EU_portal.jpg","contentUrl":"https:\/\/jornalfatosenoticias.com.br\/wp-content\/uploads\/2025\/05\/EU_portal.jpg","caption":"Luzimara Fernandes"},"description":"Jornalista MTB 2358-ES","sameAs":["https:\/\/jornalfatosenoticias.com.br"],"url":"https:\/\/jornalfatosenoticias.com.br\/index.php\/author\/luzimara\/"}]}},"cc_featured_image_caption":{"caption_text":"(Foto: Ant\u00f4nio Augusto\/STF)","source_text":"","source_url":""},"jetpack_featured_media_url":"https:\/\/jornalfatosenoticias.com.br\/wp-content\/uploads\/2025\/08\/alexandre-de-moraes-foto-antonio-augusto-stf.jpg","_links":{"self":[{"href":"https:\/\/jornalfatosenoticias.com.br\/index.php\/wp-json\/wp\/v2\/posts\/61034","targetHints":{"allow":["GET"]}}],"collection":[{"href":"https:\/\/jornalfatosenoticias.com.br\/index.php\/wp-json\/wp\/v2\/posts"}],"about":[{"href":"https:\/\/jornalfatosenoticias.com.br\/index.php\/wp-json\/wp\/v2\/types\/post"}],"author":[{"embeddable":true,"href":"https:\/\/jornalfatosenoticias.com.br\/index.php\/wp-json\/wp\/v2\/users\/2"}],"replies":[{"embeddable":true,"href":"https:\/\/jornalfatosenoticias.com.br\/index.php\/wp-json\/wp\/v2\/comments?post=61034"}],"version-history":[{"count":0,"href":"https:\/\/jornalfatosenoticias.com.br\/index.php\/wp-json\/wp\/v2\/posts\/61034\/revisions"}],"wp:featuredmedia":[{"embeddable":true,"href":"https:\/\/jornalfatosenoticias.com.br\/index.php\/wp-json\/wp\/v2\/media\/61035"}],"wp:attachment":[{"href":"https:\/\/jornalfatosenoticias.com.br\/index.php\/wp-json\/wp\/v2\/media?parent=61034"}],"wp:term":[{"taxonomy":"category","embeddable":true,"href":"https:\/\/jornalfatosenoticias.com.br\/index.php\/wp-json\/wp\/v2\/categories?post=61034"},{"taxonomy":"post_tag","embeddable":true,"href":"https:\/\/jornalfatosenoticias.com.br\/index.php\/wp-json\/wp\/v2\/tags?post=61034"}],"curies":[{"name":"wp","href":"https:\/\/api.w.org\/{rel}","templated":true}]}}