{"id":61037,"date":"2025-08-05T10:26:04","date_gmt":"2025-08-05T13:26:04","guid":{"rendered":"https:\/\/jornalfatosenoticias.com.br\/?p=61037"},"modified":"2025-08-05T10:26:05","modified_gmt":"2025-08-05T13:26:05","slug":"pgr-indica-envolvimento-do-petista-rui-costa-em-compra-irregular-de-respiradores","status":"publish","type":"post","link":"https:\/\/jornalfatosenoticias.com.br\/index.php\/2025\/08\/05\/pgr-indica-envolvimento-do-petista-rui-costa-em-compra-irregular-de-respiradores\/","title":{"rendered":"PGR indica envolvimento do petista Rui Costa em compra irregular de respiradores"},"content":{"rendered":"\n<p><em><span class=\"has-inline-color has-black-color\">Irregularidades ocorreram quando atual ministro da Casa Civil, Rui Costa, presidia o Cons\u00f3rcio Nordeste<\/span><\/em><\/p>\n\n\n\n<p><span class=\"has-inline-color has-black-color\">Por <strong><a href=\"https:\/\/www.gazetadopovo.com.br\/autor\/cristiano-maia\/\">Cristiano Maia<\/a><\/strong><\/span><\/p>\n\n\n\n<div class=\"wp-block-image\"><figure class=\"aligncenter size-large is-resized\"><a href=\"https:\/\/www.facebook.com\/vetor.vix\/\"><img loading=\"lazy\" decoding=\"async\" src=\"https:\/\/jornalfatosenoticias.com.br\/wp-content\/uploads\/2023\/09\/vetorvix1024_1.jpg\" alt=\"\" class=\"wp-image-44868\" width=\"543\" height=\"144\" srcset=\"https:\/\/jornalfatosenoticias.com.br\/wp-content\/uploads\/2023\/09\/vetorvix1024_1.jpg 1024w, https:\/\/jornalfatosenoticias.com.br\/wp-content\/uploads\/2023\/09\/vetorvix1024_1-300x80.jpg 300w, https:\/\/jornalfatosenoticias.com.br\/wp-content\/uploads\/2023\/09\/vetorvix1024_1-768x205.jpg 768w\" sizes=\"auto, (max-width: 543px) 100vw, 543px\" \/><\/a><\/figure><\/div>\n\n\n\n<p>A Procuradoria-Geral da Rep\u00fablica (PGR) apontou ind\u00edcios de envolvimento do ministro da Casa Civil, Rui Costa (PT-BA), em irregularidades na compra de respiradores pulmonares realizada pelo Cons\u00f3rcio Nordeste em 2020, no in\u00edcio da pandemia da covid-19.<br>O PGR Paulo Gonet solicitou ao ministro Fl\u00e1vio Dino, do Supremo Tribunal Federal (STF), que o inqu\u00e9rito seja remetido ao Superior Tribunal de Justi\u00e7a (STJ) para retomada das investiga\u00e7\u00f5es, que se encontram paralisadas.<\/p>\n\n\n\n<div class=\"wp-block-image\"><figure class=\"aligncenter size-large is-resized\"><a href=\"https:\/\/www.facebook.com\/postobkr\/?locale=pt_BR\"><img loading=\"lazy\" decoding=\"async\" src=\"https:\/\/jornalfatosenoticias.com.br\/wp-content\/uploads\/2023\/08\/BKR-1024x1021.jpg\" alt=\"\" class=\"wp-image-44494\" width=\"311\" height=\"310\" srcset=\"https:\/\/jornalfatosenoticias.com.br\/wp-content\/uploads\/2023\/08\/BKR-1024x1021.jpg 1024w, https:\/\/jornalfatosenoticias.com.br\/wp-content\/uploads\/2023\/08\/BKR-300x300.jpg 300w, https:\/\/jornalfatosenoticias.com.br\/wp-content\/uploads\/2023\/08\/BKR-150x150.jpg 150w, https:\/\/jornalfatosenoticias.com.br\/wp-content\/uploads\/2023\/08\/BKR-768x766.jpg 768w, https:\/\/jornalfatosenoticias.com.br\/wp-content\/uploads\/2023\/08\/BKR.jpg 1080w\" sizes=\"auto, (max-width: 311px) 100vw, 311px\" \/><\/a><\/figure><\/div>\n\n\n\n<p>O caso envolve um preju\u00edzo de R$ 48 milh\u00f5es da compra de respiradores que nunca foram entregues. \u00c0 \u00e9poca, Rui Costa era governador da Bahia e presidia o Cons\u00f3rcio Nordeste. Segundo Gonet, Costa assinou o contrato com a empresa Hempcare Pharma que previa o pagamento antecipado integral, sem qualquer garantia ao ente p\u00fablico. As investiga\u00e7\u00f5es apontam que a Hempcare Pharma n\u00e3o possu\u00eda capacidade t\u00e9cnica, experi\u00eancia ou estrutura para fornecer os respiradores.<\/p>\n\n\n\n<div class=\"wp-block-image\"><figure class=\"aligncenter size-large is-resized\"><a href=\"https:\/\/www.legisjuris.com.br\/\"><img loading=\"lazy\" decoding=\"async\" src=\"https:\/\/jornalfatosenoticias.com.br\/wp-content\/uploads\/2024\/09\/Legis-Juris-Consultoria_logo.jpg\" alt=\"\" class=\"wp-image-53915\" width=\"504\" height=\"211\" srcset=\"https:\/\/jornalfatosenoticias.com.br\/wp-content\/uploads\/2024\/09\/Legis-Juris-Consultoria_logo.jpg 969w, https:\/\/jornalfatosenoticias.com.br\/wp-content\/uploads\/2024\/09\/Legis-Juris-Consultoria_logo-300x126.jpg 300w, https:\/\/jornalfatosenoticias.com.br\/wp-content\/uploads\/2024\/09\/Legis-Juris-Consultoria_logo-768x322.jpg 768w\" sizes=\"auto, (max-width: 504px) 100vw, 504px\" \/><\/a><\/figure><\/div>\n\n\n\n<p><strong><span class=\"has-inline-color has-black-color\">Acordo de dele\u00e7\u00e3o premiada<br><\/span><\/strong>Al\u00e9m da dispensa irregular de licita\u00e7\u00e3o, a investiga\u00e7\u00e3o revelou ainda que Cristiana Taddeo, propriet\u00e1ria da Hempcare, firmou um acordo de dela\u00e7\u00e3o premiada. Ela declarou ter pago R$ 1,6 milh\u00e3o em comiss\u00e3o a Cleber Isaac Soares, que se apresentou como intermedi\u00e1rio ligado ao governo da Bahia e amigo de Rui Costa. Ela tamb\u00e9m teria admitido que sua empresa n\u00e3o possu\u00eda documenta\u00e7\u00e3o necess\u00e1ria para firmar o contrato.<\/p>\n\n\n\n<div class=\"wp-block-image\"><figure class=\"aligncenter size-large is-resized\"><a href=\"https:\/\/hotelmarquetti.com.br\/\"><img loading=\"lazy\" decoding=\"async\" src=\"https:\/\/jornalfatosenoticias.com.br\/wp-content\/uploads\/2020\/02\/LOGO-MQ-1024x680.jpg\" alt=\"\" class=\"wp-image-58299\" width=\"342\" height=\"227\" srcset=\"https:\/\/jornalfatosenoticias.com.br\/wp-content\/uploads\/2020\/02\/LOGO-MQ-1024x680.jpg 1024w, https:\/\/jornalfatosenoticias.com.br\/wp-content\/uploads\/2020\/02\/LOGO-MQ-300x199.jpg 300w, https:\/\/jornalfatosenoticias.com.br\/wp-content\/uploads\/2020\/02\/LOGO-MQ-768x510.jpg 768w, https:\/\/jornalfatosenoticias.com.br\/wp-content\/uploads\/2020\/02\/LOGO-MQ-1536x1020.jpg 1536w, https:\/\/jornalfatosenoticias.com.br\/wp-content\/uploads\/2020\/02\/LOGO-MQ-2048x1360.jpg 2048w\" sizes=\"auto, (max-width: 342px) 100vw, 342px\" \/><\/a><\/figure><\/div>\n\n\n\n<p>Ao Estad\u00e3o, a defesa de Cleber Isaac Soares disse que \u201creitera a convic\u00e7\u00e3o de que a inoc\u00eancia (\u2026) ser\u00e1 comprovada ao longo do processo. A defesa destaca que Cleber Isaac j\u00e1 dep\u00f4es na CPI dos Respiradores da Assembleia do Rio Grande do Norte para esclarecer o assunto e que est\u00e1 colaborando com a Justi\u00e7a\u201d.<\/p>\n\n\n\n<div class=\"wp-block-image\"><figure class=\"aligncenter size-large\"><a href=\"https:\/\/www.cesconetto.com.br\/\"><img loading=\"lazy\" decoding=\"async\" width=\"300\" height=\"250\" src=\"https:\/\/jornalfatosenoticias.com.br\/wp-content\/uploads\/2020\/02\/Banner-2.png\" alt=\"\" class=\"wp-image-43787\"\/><\/a><\/figure><\/div>\n\n\n\n<p><strong><span class=\"has-inline-color has-black-color\">Apura\u00e7\u00e3o come\u00e7ou quando Rui Costa era governador da Bahia<br><\/span><\/strong>A apura\u00e7\u00e3o come\u00e7ou no STJ enquanto Rui Costa ainda era governador, mas foi transferida para primeira inst\u00e2ncia ap\u00f3s o fim de seu mandato. Em maio de 2025, o inqu\u00e9rito foi encaminhado ao STF diante de nova interpreta\u00e7\u00e3o sobre foro privilegiado, e est\u00e1 paralisado desde ent\u00e3o. A PGR defende que as investiga\u00e7\u00f5es retornem ao STJ pois os fatos ocorreram durante o per\u00edodo em que Costa exercia o cargo de governador, conforme o entendimento atual do STF sobre prerrogativa de foro.<\/p>\n\n\n\n<div class=\"wp-block-image\"><figure class=\"aligncenter size-large is-resized\"><a href=\"https:\/\/www.instagram.com\/rcradiadores\/\"><img loading=\"lazy\" decoding=\"async\" src=\"https:\/\/jornalfatosenoticias.com.br\/wp-content\/uploads\/2022\/10\/RC_800x750_page-0001.jpg\" alt=\"\" class=\"wp-image-35338\" width=\"302\" height=\"283\" srcset=\"https:\/\/jornalfatosenoticias.com.br\/wp-content\/uploads\/2022\/10\/RC_800x750_page-0001.jpg 400w, https:\/\/jornalfatosenoticias.com.br\/wp-content\/uploads\/2022\/10\/RC_800x750_page-0001-300x281.jpg 300w\" sizes=\"auto, (max-width: 302px) 100vw, 302px\" \/><\/a><\/figure><\/div>\n\n\n\n<p>O pedido da PGR foi enviado a Fl\u00e1vio Dino no fim de junho de 2025, e aguarda an\u00e1lise no gabinete do ministro. Em nota, a defesa de Rui Costa afirmou que a manifesta\u00e7\u00e3o da PGR n\u00e3o acrescenta elementos novos e negou qualquer liga\u00e7\u00e3o do ex-governador com irregularidades no contrato.<\/p>\n\n\n\n<div class=\"wp-block-image\"><figure class=\"aligncenter size-large is-resized\"><a href=\"https:\/\/www.instagram.com\/gruposei\/\"><img loading=\"lazy\" decoding=\"async\" src=\"https:\/\/jornalfatosenoticias.com.br\/wp-content\/uploads\/2022\/07\/Logo-Grupo-SEI.jpg\" alt=\"\" class=\"wp-image-31973\" width=\"360\" height=\"189\" srcset=\"https:\/\/jornalfatosenoticias.com.br\/wp-content\/uploads\/2022\/07\/Logo-Grupo-SEI.jpg 713w, https:\/\/jornalfatosenoticias.com.br\/wp-content\/uploads\/2022\/07\/Logo-Grupo-SEI-300x158.jpg 300w\" sizes=\"auto, (max-width: 360px) 100vw, 360px\" \/><\/a><\/figure><\/div>\n\n\n\n<p><strong><span class=\"has-inline-color has-black-color\">Defesa do ministro<br><\/span><\/strong>O ministro Rui Costa tamb\u00e9m defende que o processo tramite no STJ. &#8220;\u00c9 mentirosa a informa\u00e7\u00e3o de que o Procurador-Geral da Rep\u00fablica, Paulo Gonet, tenha atribu\u00eddo qualquer tipo de pr\u00e1tica ilegal ao ministro Rui Costa. Em sua representa\u00e7\u00e3o ao Supremo Tribunal Federal, a PGR n\u00e3o apresenta nenhum novo elemento acusat\u00f3rio nem prop\u00f5e qualquer responsabiliza\u00e7\u00e3o de Rui Costa. <\/p>\n\n\n\n<div class=\"wp-block-image\"><figure class=\"aligncenter size-large\"><a href=\"http:\/\/www.ferrarimaquinas.com.br\/\"><img loading=\"lazy\" decoding=\"async\" width=\"300\" height=\"250\" src=\"https:\/\/jornalfatosenoticias.com.br\/wp-content\/uploads\/2022\/02\/FERRARI_MAQUINAS-E-FERRAMENTAS2.jpg\" alt=\"\" class=\"wp-image-27860\"\/><\/a><\/figure><\/div>\n\n\n\n<p>Dessa forma, a PGR mant\u00e9m o entendimento manifesto, em parecer de 16 de mar\u00e7o, de \u201ca assinatura (\u2026) por si s\u00f3 n\u00e3o \u00e9 capaz de tonificar sua responsabiliza\u00e7\u00e3o criminal, merecendo, portanto, criterioso prosseguimento da apura\u00e7\u00e3o\u201d. A nota segue indicando a que a PGR &#8220;mostra-se em acordo com a tese apresentada pela defesa de Rui Costa, alinhada \u00e0s decis\u00f5es e \u00e0 jurisprud\u00eancia do STF, consolidadas anteriormente a esse caso concreto. Al\u00e9m disso, cabe reiterar que o desejo de Rui Costa \u00e9 pela maior celeridade poss\u00edvel no andamento do processo, raz\u00e3o pela qual sua defesa tem colaborado de maneira ampla e irrestrita com os \u00f3rg\u00e3os de investiga\u00e7\u00e3o e o Judici\u00e1rio&#8221;.<\/p>\n\n\n\n<div class=\"wp-block-image\"><figure class=\"aligncenter size-large is-resized\"><a href=\"https:\/\/panper.com.br\/\"><img loading=\"lazy\" decoding=\"async\" src=\"https:\/\/jornalfatosenoticias.com.br\/wp-content\/uploads\/2023\/03\/logo-Panper_portal.jpg\" alt=\"\" class=\"wp-image-40208\" width=\"319\" height=\"221\" srcset=\"https:\/\/jornalfatosenoticias.com.br\/wp-content\/uploads\/2023\/03\/logo-Panper_portal.jpg 400w, https:\/\/jornalfatosenoticias.com.br\/wp-content\/uploads\/2023\/03\/logo-Panper_portal-300x208.jpg 300w\" sizes=\"auto, (max-width: 319px) 100vw, 319px\" \/><\/a><\/figure><\/div>\n\n\n\n<p><strong>Fonte: <a href=\"https:\/\/www.gazetadopovo.com.br\/republica\/pgr-indica-envolvimento-rui-costa-compra-respiradores\/?ref=veja-tambem\">Gazeta do Povo<\/a><\/strong><\/p>\n","protected":false},"excerpt":{"rendered":"<p>Irregularidades ocorreram quando atual ministro da Casa Civil, Rui Costa, presidia o Cons\u00f3rcio Nordeste Por Cristiano Maia A Procuradoria-Geral da Rep\u00fablica (PGR) apontou ind\u00edcios de envolvimento do ministro da Casa Civil, Rui Costa (PT-BA), em irregularidades na compra de respiradores pulmonares realizada pelo Cons\u00f3rcio Nordeste em 2020, no in\u00edcio da pandemia da covid-19.O PGR Paulo [&hellip;]<\/p>\n","protected":false},"author":2,"featured_media":61038,"comment_status":"open","ping_status":"open","sticky":false,"template":"","format":"standard","meta":{"footnotes":""},"categories":[10],"tags":[2729,20054,27823,2129,18622,22345,20146],"class_list":["post-61037","post","type-post","status-publish","format-standard","has-post-thumbnail","hentry","category-politica","tag-bahia","tag-casa-civil","tag-consorcio-nordeste","tag-corrupcao","tag-flavio-dino","tag-paulo-gonet","tag-rui-costa"],"yoast_head":"<!-- This site is optimized with the Yoast SEO plugin v26.5 - https:\/\/yoast.com\/wordpress\/plugins\/seo\/ -->\n<title>PGR indica envolvimento do petista Rui Costa em compra irregular de respiradores - Jornal Fatos e Not\u00edcias<\/title>\n<meta name=\"robots\" content=\"index, follow, max-snippet:-1, max-image-preview:large, max-video-preview:-1\" \/>\n<link rel=\"canonical\" href=\"https:\/\/jornalfatosenoticias.com.br\/index.php\/2025\/08\/05\/pgr-indica-envolvimento-do-petista-rui-costa-em-compra-irregular-de-respiradores\/\" \/>\n<meta property=\"og:locale\" content=\"pt_BR\" \/>\n<meta property=\"og:type\" content=\"article\" \/>\n<meta property=\"og:title\" content=\"PGR indica envolvimento do petista Rui Costa em compra irregular de respiradores - Jornal Fatos e Not\u00edcias\" \/>\n<meta property=\"og:description\" content=\"Irregularidades ocorreram quando atual ministro da Casa Civil, Rui Costa, presidia o Cons\u00f3rcio Nordeste Por Cristiano Maia A Procuradoria-Geral da Rep\u00fablica (PGR) apontou ind\u00edcios de envolvimento do ministro da Casa Civil, Rui Costa (PT-BA), em irregularidades na compra de respiradores pulmonares realizada pelo Cons\u00f3rcio Nordeste em 2020, no in\u00edcio da pandemia da covid-19.O PGR Paulo [&hellip;]\" \/>\n<meta property=\"og:url\" content=\"https:\/\/jornalfatosenoticias.com.br\/index.php\/2025\/08\/05\/pgr-indica-envolvimento-do-petista-rui-costa-em-compra-irregular-de-respiradores\/\" \/>\n<meta property=\"og:site_name\" content=\"Jornal Fatos e Not\u00edcias\" \/>\n<meta property=\"article:published_time\" content=\"2025-08-05T13:26:04+00:00\" \/>\n<meta property=\"article:modified_time\" content=\"2025-08-05T13:26:05+00:00\" \/>\n<meta property=\"og:image\" content=\"https:\/\/jornalfatosenoticias.com.br\/wp-content\/uploads\/2025\/08\/rui-costa_gettyimages.jpg\" \/>\n\t<meta property=\"og:image:width\" content=\"612\" \/>\n\t<meta property=\"og:image:height\" content=\"408\" \/>\n\t<meta property=\"og:image:type\" content=\"image\/jpeg\" \/>\n<meta name=\"author\" content=\"Luzimara Fernandes\" \/>\n<meta name=\"twitter:card\" content=\"summary_large_image\" \/>\n<meta name=\"twitter:label1\" content=\"Escrito por\" \/>\n\t<meta name=\"twitter:data1\" content=\"Luzimara Fernandes\" \/>\n\t<meta name=\"twitter:label2\" content=\"Est. tempo de leitura\" \/>\n\t<meta name=\"twitter:data2\" content=\"3 minutos\" \/>\n<script type=\"application\/ld+json\" class=\"yoast-schema-graph\">{\"@context\":\"https:\/\/schema.org\",\"@graph\":[{\"@type\":\"Article\",\"@id\":\"https:\/\/jornalfatosenoticias.com.br\/index.php\/2025\/08\/05\/pgr-indica-envolvimento-do-petista-rui-costa-em-compra-irregular-de-respiradores\/#article\",\"isPartOf\":{\"@id\":\"https:\/\/jornalfatosenoticias.com.br\/index.php\/2025\/08\/05\/pgr-indica-envolvimento-do-petista-rui-costa-em-compra-irregular-de-respiradores\/\"},\"author\":{\"name\":\"Luzimara Fernandes\",\"@id\":\"https:\/\/jornalfatosenoticias.com.br\/#\/schema\/person\/d63837fa13ac8666eb9e74e0985d6f81\"},\"headline\":\"PGR indica envolvimento do petista Rui Costa em compra irregular de respiradores\",\"datePublished\":\"2025-08-05T13:26:04+00:00\",\"dateModified\":\"2025-08-05T13:26:05+00:00\",\"mainEntityOfPage\":{\"@id\":\"https:\/\/jornalfatosenoticias.com.br\/index.php\/2025\/08\/05\/pgr-indica-envolvimento-do-petista-rui-costa-em-compra-irregular-de-respiradores\/\"},\"wordCount\":664,\"commentCount\":0,\"publisher\":{\"@id\":\"https:\/\/jornalfatosenoticias.com.br\/#organization\"},\"image\":{\"@id\":\"https:\/\/jornalfatosenoticias.com.br\/index.php\/2025\/08\/05\/pgr-indica-envolvimento-do-petista-rui-costa-em-compra-irregular-de-respiradores\/#primaryimage\"},\"thumbnailUrl\":\"https:\/\/jornalfatosenoticias.com.br\/wp-content\/uploads\/2025\/08\/rui-costa_gettyimages.jpg\",\"keywords\":[\"Bahia\",\"Casa Civil\",\"Cons\u00f3rcio Nordeste\",\"corrup\u00e7\u00e3o\",\"Fl\u00e1vio Dino\",\"Paulo Gonet\",\"Rui Costa\"],\"articleSection\":[\"Pol\u00edtica\"],\"inLanguage\":\"pt-BR\",\"potentialAction\":[{\"@type\":\"CommentAction\",\"name\":\"Comment\",\"target\":[\"https:\/\/jornalfatosenoticias.com.br\/index.php\/2025\/08\/05\/pgr-indica-envolvimento-do-petista-rui-costa-em-compra-irregular-de-respiradores\/#respond\"]}]},{\"@type\":\"WebPage\",\"@id\":\"https:\/\/jornalfatosenoticias.com.br\/index.php\/2025\/08\/05\/pgr-indica-envolvimento-do-petista-rui-costa-em-compra-irregular-de-respiradores\/\",\"url\":\"https:\/\/jornalfatosenoticias.com.br\/index.php\/2025\/08\/05\/pgr-indica-envolvimento-do-petista-rui-costa-em-compra-irregular-de-respiradores\/\",\"name\":\"PGR indica envolvimento do petista Rui Costa em compra irregular de respiradores - Jornal Fatos e Not\u00edcias\",\"isPartOf\":{\"@id\":\"https:\/\/jornalfatosenoticias.com.br\/#website\"},\"primaryImageOfPage\":{\"@id\":\"https:\/\/jornalfatosenoticias.com.br\/index.php\/2025\/08\/05\/pgr-indica-envolvimento-do-petista-rui-costa-em-compra-irregular-de-respiradores\/#primaryimage\"},\"image\":{\"@id\":\"https:\/\/jornalfatosenoticias.com.br\/index.php\/2025\/08\/05\/pgr-indica-envolvimento-do-petista-rui-costa-em-compra-irregular-de-respiradores\/#primaryimage\"},\"thumbnailUrl\":\"https:\/\/jornalfatosenoticias.com.br\/wp-content\/uploads\/2025\/08\/rui-costa_gettyimages.jpg\",\"datePublished\":\"2025-08-05T13:26:04+00:00\",\"dateModified\":\"2025-08-05T13:26:05+00:00\",\"breadcrumb\":{\"@id\":\"https:\/\/jornalfatosenoticias.com.br\/index.php\/2025\/08\/05\/pgr-indica-envolvimento-do-petista-rui-costa-em-compra-irregular-de-respiradores\/#breadcrumb\"},\"inLanguage\":\"pt-BR\",\"potentialAction\":[{\"@type\":\"ReadAction\",\"target\":[\"https:\/\/jornalfatosenoticias.com.br\/index.php\/2025\/08\/05\/pgr-indica-envolvimento-do-petista-rui-costa-em-compra-irregular-de-respiradores\/\"]}]},{\"@type\":\"ImageObject\",\"inLanguage\":\"pt-BR\",\"@id\":\"https:\/\/jornalfatosenoticias.com.br\/index.php\/2025\/08\/05\/pgr-indica-envolvimento-do-petista-rui-costa-em-compra-irregular-de-respiradores\/#primaryimage\",\"url\":\"https:\/\/jornalfatosenoticias.com.br\/wp-content\/uploads\/2025\/08\/rui-costa_gettyimages.jpg\",\"contentUrl\":\"https:\/\/jornalfatosenoticias.com.br\/wp-content\/uploads\/2025\/08\/rui-costa_gettyimages.jpg\",\"width\":612,\"height\":408,\"caption\":\"Brazilian future Chieff of Staff Rui Costa gestures during a press conference at the transitional government building in Brasilia, on December 9, 2022. - President-elect Luiz In\u00e1cio Lula da Silva revealed on Friday the main names of his future government, including former Sao Paulo mayor Fernando Haddad as the Economy Minister and former Minister Mauro Vieira for Foreign Affairs. (Photo by EVARISTO SA \/ AFP) (Photo by EVARISTO SA\/AFP via Getty Images)\"},{\"@type\":\"BreadcrumbList\",\"@id\":\"https:\/\/jornalfatosenoticias.com.br\/index.php\/2025\/08\/05\/pgr-indica-envolvimento-do-petista-rui-costa-em-compra-irregular-de-respiradores\/#breadcrumb\",\"itemListElement\":[{\"@type\":\"ListItem\",\"position\":1,\"name\":\"In\u00edcio\",\"item\":\"https:\/\/jornalfatosenoticias.com.br\/\"},{\"@type\":\"ListItem\",\"position\":2,\"name\":\"PGR indica envolvimento do petista Rui Costa em compra irregular de respiradores\"}]},{\"@type\":\"WebSite\",\"@id\":\"https:\/\/jornalfatosenoticias.com.br\/#website\",\"url\":\"https:\/\/jornalfatosenoticias.com.br\/\",\"name\":\"Jornal Fatos e Not\u00edcias\",\"description\":\"Not\u00edcias em geral\",\"publisher\":{\"@id\":\"https:\/\/jornalfatosenoticias.com.br\/#organization\"},\"potentialAction\":[{\"@type\":\"SearchAction\",\"target\":{\"@type\":\"EntryPoint\",\"urlTemplate\":\"https:\/\/jornalfatosenoticias.com.br\/?s={search_term_string}\"},\"query-input\":{\"@type\":\"PropertyValueSpecification\",\"valueRequired\":true,\"valueName\":\"search_term_string\"}}],\"inLanguage\":\"pt-BR\"},{\"@type\":\"Organization\",\"@id\":\"https:\/\/jornalfatosenoticias.com.br\/#organization\",\"name\":\"Jornal Fatos e Not\u00edcias\",\"url\":\"https:\/\/jornalfatosenoticias.com.br\/\",\"logo\":{\"@type\":\"ImageObject\",\"inLanguage\":\"pt-BR\",\"@id\":\"https:\/\/jornalfatosenoticias.com.br\/#\/schema\/logo\/image\/\",\"url\":\"https:\/\/jornalfatosenoticias.com.br\/wp-content\/uploads\/2020\/02\/logo120.png\",\"contentUrl\":\"https:\/\/jornalfatosenoticias.com.br\/wp-content\/uploads\/2020\/02\/logo120.png\",\"width\":1227,\"height\":120,\"caption\":\"Jornal Fatos e Not\u00edcias\"},\"image\":{\"@id\":\"https:\/\/jornalfatosenoticias.com.br\/#\/schema\/logo\/image\/\"}},{\"@type\":\"Person\",\"@id\":\"https:\/\/jornalfatosenoticias.com.br\/#\/schema\/person\/d63837fa13ac8666eb9e74e0985d6f81\",\"name\":\"Luzimara Fernandes\",\"image\":{\"@type\":\"ImageObject\",\"inLanguage\":\"pt-BR\",\"@id\":\"https:\/\/jornalfatosenoticias.com.br\/#\/schema\/person\/image\/\",\"url\":\"https:\/\/jornalfatosenoticias.com.br\/wp-content\/uploads\/2025\/05\/EU_portal.jpg\",\"contentUrl\":\"https:\/\/jornalfatosenoticias.com.br\/wp-content\/uploads\/2025\/05\/EU_portal.jpg\",\"caption\":\"Luzimara Fernandes\"},\"description\":\"Jornalista MTB 2358-ES\",\"sameAs\":[\"https:\/\/jornalfatosenoticias.com.br\"],\"url\":\"https:\/\/jornalfatosenoticias.com.br\/index.php\/author\/luzimara\/\"}]}<\/script>\n<!-- \/ Yoast SEO plugin. -->","yoast_head_json":{"title":"PGR indica envolvimento do petista Rui Costa em compra irregular de respiradores - Jornal Fatos e Not\u00edcias","robots":{"index":"index","follow":"follow","max-snippet":"max-snippet:-1","max-image-preview":"max-image-preview:large","max-video-preview":"max-video-preview:-1"},"canonical":"https:\/\/jornalfatosenoticias.com.br\/index.php\/2025\/08\/05\/pgr-indica-envolvimento-do-petista-rui-costa-em-compra-irregular-de-respiradores\/","og_locale":"pt_BR","og_type":"article","og_title":"PGR indica envolvimento do petista Rui Costa em compra irregular de respiradores - Jornal Fatos e Not\u00edcias","og_description":"Irregularidades ocorreram quando atual ministro da Casa Civil, Rui Costa, presidia o Cons\u00f3rcio Nordeste Por Cristiano Maia A Procuradoria-Geral da Rep\u00fablica (PGR) apontou ind\u00edcios de envolvimento do ministro da Casa Civil, Rui Costa (PT-BA), em irregularidades na compra de respiradores pulmonares realizada pelo Cons\u00f3rcio Nordeste em 2020, no in\u00edcio da pandemia da covid-19.O PGR Paulo [&hellip;]","og_url":"https:\/\/jornalfatosenoticias.com.br\/index.php\/2025\/08\/05\/pgr-indica-envolvimento-do-petista-rui-costa-em-compra-irregular-de-respiradores\/","og_site_name":"Jornal Fatos e Not\u00edcias","article_published_time":"2025-08-05T13:26:04+00:00","article_modified_time":"2025-08-05T13:26:05+00:00","og_image":[{"width":612,"height":408,"url":"https:\/\/jornalfatosenoticias.com.br\/wp-content\/uploads\/2025\/08\/rui-costa_gettyimages.jpg","type":"image\/jpeg"}],"author":"Luzimara Fernandes","twitter_card":"summary_large_image","twitter_misc":{"Escrito por":"Luzimara Fernandes","Est. tempo de leitura":"3 minutos"},"schema":{"@context":"https:\/\/schema.org","@graph":[{"@type":"Article","@id":"https:\/\/jornalfatosenoticias.com.br\/index.php\/2025\/08\/05\/pgr-indica-envolvimento-do-petista-rui-costa-em-compra-irregular-de-respiradores\/#article","isPartOf":{"@id":"https:\/\/jornalfatosenoticias.com.br\/index.php\/2025\/08\/05\/pgr-indica-envolvimento-do-petista-rui-costa-em-compra-irregular-de-respiradores\/"},"author":{"name":"Luzimara Fernandes","@id":"https:\/\/jornalfatosenoticias.com.br\/#\/schema\/person\/d63837fa13ac8666eb9e74e0985d6f81"},"headline":"PGR indica envolvimento do petista Rui Costa em compra irregular de respiradores","datePublished":"2025-08-05T13:26:04+00:00","dateModified":"2025-08-05T13:26:05+00:00","mainEntityOfPage":{"@id":"https:\/\/jornalfatosenoticias.com.br\/index.php\/2025\/08\/05\/pgr-indica-envolvimento-do-petista-rui-costa-em-compra-irregular-de-respiradores\/"},"wordCount":664,"commentCount":0,"publisher":{"@id":"https:\/\/jornalfatosenoticias.com.br\/#organization"},"image":{"@id":"https:\/\/jornalfatosenoticias.com.br\/index.php\/2025\/08\/05\/pgr-indica-envolvimento-do-petista-rui-costa-em-compra-irregular-de-respiradores\/#primaryimage"},"thumbnailUrl":"https:\/\/jornalfatosenoticias.com.br\/wp-content\/uploads\/2025\/08\/rui-costa_gettyimages.jpg","keywords":["Bahia","Casa Civil","Cons\u00f3rcio Nordeste","corrup\u00e7\u00e3o","Fl\u00e1vio Dino","Paulo Gonet","Rui Costa"],"articleSection":["Pol\u00edtica"],"inLanguage":"pt-BR","potentialAction":[{"@type":"CommentAction","name":"Comment","target":["https:\/\/jornalfatosenoticias.com.br\/index.php\/2025\/08\/05\/pgr-indica-envolvimento-do-petista-rui-costa-em-compra-irregular-de-respiradores\/#respond"]}]},{"@type":"WebPage","@id":"https:\/\/jornalfatosenoticias.com.br\/index.php\/2025\/08\/05\/pgr-indica-envolvimento-do-petista-rui-costa-em-compra-irregular-de-respiradores\/","url":"https:\/\/jornalfatosenoticias.com.br\/index.php\/2025\/08\/05\/pgr-indica-envolvimento-do-petista-rui-costa-em-compra-irregular-de-respiradores\/","name":"PGR indica envolvimento do petista Rui Costa em compra irregular de respiradores - Jornal Fatos e Not\u00edcias","isPartOf":{"@id":"https:\/\/jornalfatosenoticias.com.br\/#website"},"primaryImageOfPage":{"@id":"https:\/\/jornalfatosenoticias.com.br\/index.php\/2025\/08\/05\/pgr-indica-envolvimento-do-petista-rui-costa-em-compra-irregular-de-respiradores\/#primaryimage"},"image":{"@id":"https:\/\/jornalfatosenoticias.com.br\/index.php\/2025\/08\/05\/pgr-indica-envolvimento-do-petista-rui-costa-em-compra-irregular-de-respiradores\/#primaryimage"},"thumbnailUrl":"https:\/\/jornalfatosenoticias.com.br\/wp-content\/uploads\/2025\/08\/rui-costa_gettyimages.jpg","datePublished":"2025-08-05T13:26:04+00:00","dateModified":"2025-08-05T13:26:05+00:00","breadcrumb":{"@id":"https:\/\/jornalfatosenoticias.com.br\/index.php\/2025\/08\/05\/pgr-indica-envolvimento-do-petista-rui-costa-em-compra-irregular-de-respiradores\/#breadcrumb"},"inLanguage":"pt-BR","potentialAction":[{"@type":"ReadAction","target":["https:\/\/jornalfatosenoticias.com.br\/index.php\/2025\/08\/05\/pgr-indica-envolvimento-do-petista-rui-costa-em-compra-irregular-de-respiradores\/"]}]},{"@type":"ImageObject","inLanguage":"pt-BR","@id":"https:\/\/jornalfatosenoticias.com.br\/index.php\/2025\/08\/05\/pgr-indica-envolvimento-do-petista-rui-costa-em-compra-irregular-de-respiradores\/#primaryimage","url":"https:\/\/jornalfatosenoticias.com.br\/wp-content\/uploads\/2025\/08\/rui-costa_gettyimages.jpg","contentUrl":"https:\/\/jornalfatosenoticias.com.br\/wp-content\/uploads\/2025\/08\/rui-costa_gettyimages.jpg","width":612,"height":408,"caption":"Brazilian future Chieff of Staff Rui Costa gestures during a press conference at the transitional government building in Brasilia, on December 9, 2022. - President-elect Luiz In\u00e1cio Lula da Silva revealed on Friday the main names of his future government, including former Sao Paulo mayor Fernando Haddad as the Economy Minister and former Minister Mauro Vieira for Foreign Affairs. (Photo by EVARISTO SA \/ AFP) (Photo by EVARISTO SA\/AFP via Getty Images)"},{"@type":"BreadcrumbList","@id":"https:\/\/jornalfatosenoticias.com.br\/index.php\/2025\/08\/05\/pgr-indica-envolvimento-do-petista-rui-costa-em-compra-irregular-de-respiradores\/#breadcrumb","itemListElement":[{"@type":"ListItem","position":1,"name":"In\u00edcio","item":"https:\/\/jornalfatosenoticias.com.br\/"},{"@type":"ListItem","position":2,"name":"PGR indica envolvimento do petista Rui Costa em compra irregular de respiradores"}]},{"@type":"WebSite","@id":"https:\/\/jornalfatosenoticias.com.br\/#website","url":"https:\/\/jornalfatosenoticias.com.br\/","name":"Jornal Fatos e Not\u00edcias","description":"Not\u00edcias em geral","publisher":{"@id":"https:\/\/jornalfatosenoticias.com.br\/#organization"},"potentialAction":[{"@type":"SearchAction","target":{"@type":"EntryPoint","urlTemplate":"https:\/\/jornalfatosenoticias.com.br\/?s={search_term_string}"},"query-input":{"@type":"PropertyValueSpecification","valueRequired":true,"valueName":"search_term_string"}}],"inLanguage":"pt-BR"},{"@type":"Organization","@id":"https:\/\/jornalfatosenoticias.com.br\/#organization","name":"Jornal Fatos e Not\u00edcias","url":"https:\/\/jornalfatosenoticias.com.br\/","logo":{"@type":"ImageObject","inLanguage":"pt-BR","@id":"https:\/\/jornalfatosenoticias.com.br\/#\/schema\/logo\/image\/","url":"https:\/\/jornalfatosenoticias.com.br\/wp-content\/uploads\/2020\/02\/logo120.png","contentUrl":"https:\/\/jornalfatosenoticias.com.br\/wp-content\/uploads\/2020\/02\/logo120.png","width":1227,"height":120,"caption":"Jornal Fatos e Not\u00edcias"},"image":{"@id":"https:\/\/jornalfatosenoticias.com.br\/#\/schema\/logo\/image\/"}},{"@type":"Person","@id":"https:\/\/jornalfatosenoticias.com.br\/#\/schema\/person\/d63837fa13ac8666eb9e74e0985d6f81","name":"Luzimara Fernandes","image":{"@type":"ImageObject","inLanguage":"pt-BR","@id":"https:\/\/jornalfatosenoticias.com.br\/#\/schema\/person\/image\/","url":"https:\/\/jornalfatosenoticias.com.br\/wp-content\/uploads\/2025\/05\/EU_portal.jpg","contentUrl":"https:\/\/jornalfatosenoticias.com.br\/wp-content\/uploads\/2025\/05\/EU_portal.jpg","caption":"Luzimara Fernandes"},"description":"Jornalista MTB 2358-ES","sameAs":["https:\/\/jornalfatosenoticias.com.br"],"url":"https:\/\/jornalfatosenoticias.com.br\/index.php\/author\/luzimara\/"}]}},"cc_featured_image_caption":{"caption_text":"(Foto: Getty Images)","source_text":"","source_url":""},"jetpack_featured_media_url":"https:\/\/jornalfatosenoticias.com.br\/wp-content\/uploads\/2025\/08\/rui-costa_gettyimages.jpg","_links":{"self":[{"href":"https:\/\/jornalfatosenoticias.com.br\/index.php\/wp-json\/wp\/v2\/posts\/61037","targetHints":{"allow":["GET"]}}],"collection":[{"href":"https:\/\/jornalfatosenoticias.com.br\/index.php\/wp-json\/wp\/v2\/posts"}],"about":[{"href":"https:\/\/jornalfatosenoticias.com.br\/index.php\/wp-json\/wp\/v2\/types\/post"}],"author":[{"embeddable":true,"href":"https:\/\/jornalfatosenoticias.com.br\/index.php\/wp-json\/wp\/v2\/users\/2"}],"replies":[{"embeddable":true,"href":"https:\/\/jornalfatosenoticias.com.br\/index.php\/wp-json\/wp\/v2\/comments?post=61037"}],"version-history":[{"count":0,"href":"https:\/\/jornalfatosenoticias.com.br\/index.php\/wp-json\/wp\/v2\/posts\/61037\/revisions"}],"wp:featuredmedia":[{"embeddable":true,"href":"https:\/\/jornalfatosenoticias.com.br\/index.php\/wp-json\/wp\/v2\/media\/61038"}],"wp:attachment":[{"href":"https:\/\/jornalfatosenoticias.com.br\/index.php\/wp-json\/wp\/v2\/media?parent=61037"}],"wp:term":[{"taxonomy":"category","embeddable":true,"href":"https:\/\/jornalfatosenoticias.com.br\/index.php\/wp-json\/wp\/v2\/categories?post=61037"},{"taxonomy":"post_tag","embeddable":true,"href":"https:\/\/jornalfatosenoticias.com.br\/index.php\/wp-json\/wp\/v2\/tags?post=61037"}],"curies":[{"name":"wp","href":"https:\/\/api.w.org\/{rel}","templated":true}]}}