{"id":61061,"date":"2025-08-05T16:02:34","date_gmt":"2025-08-05T19:02:34","guid":{"rendered":"https:\/\/jornalfatosenoticias.com.br\/?p=61061"},"modified":"2025-08-05T16:03:00","modified_gmt":"2025-08-05T19:03:00","slug":"trem-turistico-entre-sp-e-minas-sera-inaugurado","status":"publish","type":"post","link":"https:\/\/jornalfatosenoticias.com.br\/index.php\/2025\/08\/05\/trem-turistico-entre-sp-e-minas-sera-inaugurado\/","title":{"rendered":"Trem tur\u00edstico entre SP e Minas \u00e9 inaugurado"},"content":{"rendered":"\n<p><em><span class=\"has-inline-color has-black-color\">Ferrovia que j\u00e1 recebeu Dom Pedro II \u00e9 reativada com o \u201cExpresso da Mantiqueira\u201d. Esta\u00e7\u00e3o de Cruzeiro \u00e9 uma esta\u00e7\u00e3o ferrovi\u00e1ria inaugurada pelos ingleses em 1884. Nos trilhos do progresso: A ferrovia no Brasil imperial vista pela fotografia<\/span><\/em><span class=\"has-inline-color has-black-color\"><em> (S\u00e3o Paulo: Metalivros, 2007<\/em>)<\/span><\/p>\n\n\n\n<div class=\"wp-block-image\"><figure class=\"aligncenter size-large\"><a href=\"https:\/\/www.instagram.com\/rcradiadores\/\"><img loading=\"lazy\" decoding=\"async\" width=\"560\" height=\"60\" src=\"https:\/\/jornalfatosenoticias.com.br\/wp-content\/uploads\/2022\/10\/Propaganda-RC-Radiadores-Jornal_page-0001.jpg\" alt=\"\" class=\"wp-image-35270\" srcset=\"https:\/\/jornalfatosenoticias.com.br\/wp-content\/uploads\/2022\/10\/Propaganda-RC-Radiadores-Jornal_page-0001.jpg 560w, https:\/\/jornalfatosenoticias.com.br\/wp-content\/uploads\/2022\/10\/Propaganda-RC-Radiadores-Jornal_page-0001-300x32.jpg 300w\" sizes=\"auto, (max-width: 560px) 100vw, 560px\" \/><\/a><\/figure><\/div>\n\n\n\n<p>Nos dias 5 e 6 de julho, o \u201cExpresso da Mantiqueira\u201d iniciou suas primeiras viagens-teste, partindo da esta\u00e7\u00e3o ferrovi\u00e1ria de Cruzeiro (SP) com destino \u00e0 Esta\u00e7\u00e3o Rufino de Almeida. O trajeto de seis quil\u00f4metros foi percorrido em cerca de uma hora e marcou o in\u00edcio simb\u00f3lico de um novo cap\u00edtulo no resgate do transporte ferrovi\u00e1rio tur\u00edstico na regi\u00e3o da Serra da Mantiqueira.<br>A opera\u00e7\u00e3o foi realizada durante o 1.\u00ba Encontro de Ferromodelismo de Cruzeiro, que reuniu expositores de todo o pa\u00eds com maquetes <a href=\"https:\/\/ciclovivo.com.br\/arq-urb\/arquitetura\/estacoes-de-trem-desativadas-viram-hoteis-e-museus-nos-eua\/\" target=\"_blank\" rel=\"noreferrer noopener\">ferrovi\u00e1rias<\/a>, locomotivas em miniatura, pe\u00e7as tem\u00e1ticas e produtos voltados a colecionadores e entusiastas. O evento foi palco para a reestreia do \u201cExpresso da Mantiqueira\u201d, que busca se consolidar como um dos principais atrativos tur\u00edsticos sobre trilhos no Sudeste brasileiro.<\/p>\n\n\n\n<div class=\"wp-block-image\"><figure class=\"aligncenter size-large is-resized\"><a href=\"https:\/\/www.instagram.com\/esteio.churrascaria\/\"><img loading=\"lazy\" decoding=\"async\" src=\"https:\/\/jornalfatosenoticias.com.br\/wp-content\/uploads\/2022\/02\/LOGO-ESTEIO-1024x730.png\" alt=\"\" class=\"wp-image-27942\" width=\"305\" height=\"217\" srcset=\"https:\/\/jornalfatosenoticias.com.br\/wp-content\/uploads\/2022\/02\/LOGO-ESTEIO-1024x730.png 1024w, https:\/\/jornalfatosenoticias.com.br\/wp-content\/uploads\/2022\/02\/LOGO-ESTEIO-300x214.png 300w, https:\/\/jornalfatosenoticias.com.br\/wp-content\/uploads\/2022\/02\/LOGO-ESTEIO-768x548.png 768w, https:\/\/jornalfatosenoticias.com.br\/wp-content\/uploads\/2022\/02\/LOGO-ESTEIO.png 1123w\" sizes=\"auto, (max-width: 305px) 100vw, 305px\" \/><\/a><\/figure><\/div>\n\n\n\n<p>O trecho reativado faz parte de um ambicioso projeto de liga\u00e7\u00e3o ferrovi\u00e1ria entre Cruzeiro (SP) e Passa Quatro (MG), que pretende estabelecer o primeiro produto tur\u00edstico ferrovi\u00e1rio interestadual sob a coordena\u00e7\u00e3o do Cons\u00f3rcio de Integra\u00e7\u00e3o Sul e Sudeste (COSUD). <strong>A linha, com origem em 1884, carrega import\u00e2ncia hist\u00f3rica, tendo recebido inclusive viagens do imperador Dom Pedro II.<\/strong><\/p>\n\n\n\n<div class=\"wp-block-image\"><figure class=\"aligncenter size-large\"><img loading=\"lazy\" decoding=\"async\" width=\"1000\" height=\"640\" src=\"https:\/\/jornalfatosenoticias.com.br\/wp-content\/uploads\/2025\/08\/expresso-mantiqueira2.jpeg\" alt=\"\" class=\"wp-image-61062\" srcset=\"https:\/\/jornalfatosenoticias.com.br\/wp-content\/uploads\/2025\/08\/expresso-mantiqueira2.jpeg 1000w, https:\/\/jornalfatosenoticias.com.br\/wp-content\/uploads\/2025\/08\/expresso-mantiqueira2-300x192.jpeg 300w, https:\/\/jornalfatosenoticias.com.br\/wp-content\/uploads\/2025\/08\/expresso-mantiqueira2-768x492.jpeg 768w\" sizes=\"auto, (max-width: 1000px) 100vw, 1000px\" \/><figcaption><em><span class=\"has-inline-color has-black-color\">Expresso da Mantiqueira, entre Cruzeiro e Passa Quatro (Foto: Reprodu\u00e7\u00e3o)<\/span><\/em><\/figcaption><\/figure><\/div>\n\n\n\n<p><strong><span class=\"has-inline-color has-vivid-purple-color\">Expresso da Mantiqueira<br><\/span><\/strong>A reativa\u00e7\u00e3o do \u201cExpresso da Mantiqueira\u201d integra o programa SP nos Trilhos, uma iniciativa do Governo do Estado de S\u00e3o Paulo voltada \u00e0 moderniza\u00e7\u00e3o da malha ferrovi\u00e1ria paulista. Com foco em transporte de <a href=\"https:\/\/ciclovivo.com.br\/arq-urb\/mobilidade\/uma-bicicleta-retira-passageiros-por-mes-transporte-publico\/\" target=\"_blank\" rel=\"noreferrer noopener\">passageiros<\/a>, integra\u00e7\u00e3o modal e desenvolvimento regional, o programa contempla 40 projetos, com previs\u00e3o de R$ 194 bilh\u00f5es em investimentos. A expectativa \u00e9 que as a\u00e7\u00f5es gerem 150 mil empregos e movimentem at\u00e9 R$ 1,8 bilh\u00e3o na economia estadual ao longo da pr\u00f3xima d\u00e9cada.<\/p>\n\n\n\n<div class=\"wp-block-image\"><figure class=\"aligncenter size-large is-resized\"><a href=\"https:\/\/www.instagram.com\/restaurantepegoretti\/\"><img loading=\"lazy\" decoding=\"async\" src=\"https:\/\/jornalfatosenoticias.com.br\/wp-content\/uploads\/2023\/12\/pegoretti-logo-pdf-1024x389.jpg\" alt=\"\" class=\"wp-image-47536\" width=\"501\" height=\"190\" srcset=\"https:\/\/jornalfatosenoticias.com.br\/wp-content\/uploads\/2023\/12\/pegoretti-logo-pdf-1024x389.jpg 1024w, https:\/\/jornalfatosenoticias.com.br\/wp-content\/uploads\/2023\/12\/pegoretti-logo-pdf-300x114.jpg 300w, https:\/\/jornalfatosenoticias.com.br\/wp-content\/uploads\/2023\/12\/pegoretti-logo-pdf-768x291.jpg 768w, https:\/\/jornalfatosenoticias.com.br\/wp-content\/uploads\/2023\/12\/pegoretti-logo-pdf.jpg 1120w\" sizes=\"auto, (max-width: 501px) 100vw, 501px\" \/><\/a><\/figure><\/div>\n\n\n\n<p>A recupera\u00e7\u00e3o dos primeiros seis quil\u00f4metros de linha f\u00e9rrea e da hist\u00f3rica Esta\u00e7\u00e3o Rufino de Almeida foi conduzida pela Associa\u00e7\u00e3o Brasileira de Preserva\u00e7\u00e3o Ferrovi\u00e1ria (ABPF), com recursos pr\u00f3prios na ordem de R$ 4,5 milh\u00f5es. Al\u00e9m disso, o governo paulista destinou R$ 4 milh\u00f5es para a constru\u00e7\u00e3o do Museu Ferrovi\u00e1rio e da Revolu\u00e7\u00e3o de 1932, que ser\u00e1 instalado na antiga Oficina Primitiva, ao lado da esta\u00e7\u00e3o de Cruzeiro.<\/p>\n\n\n\n<div class=\"wp-block-image\"><figure class=\"aligncenter size-large is-resized\"><a href=\"https:\/\/www.instagram.com\/serra4x4cambioautomatico\/\"><img loading=\"lazy\" decoding=\"async\" src=\"https:\/\/jornalfatosenoticias.com.br\/wp-content\/uploads\/2024\/08\/Serra-4x4-1-886x1024.jpg\" alt=\"\" class=\"wp-image-53632\" width=\"285\" height=\"329\" srcset=\"https:\/\/jornalfatosenoticias.com.br\/wp-content\/uploads\/2024\/08\/Serra-4x4-1-886x1024.jpg 886w, https:\/\/jornalfatosenoticias.com.br\/wp-content\/uploads\/2024\/08\/Serra-4x4-1-260x300.jpg 260w, https:\/\/jornalfatosenoticias.com.br\/wp-content\/uploads\/2024\/08\/Serra-4x4-1-768x888.jpg 768w, https:\/\/jornalfatosenoticias.com.br\/wp-content\/uploads\/2024\/08\/Serra-4x4-1.jpg 1181w\" sizes=\"auto, (max-width: 285px) 100vw, 285px\" \/><\/a><\/figure><\/div>\n\n\n\n<p>Os visitantes que embarcaram na viagem inaugural do <strong>\u201cExpresso da Mantiqueira\u201d <\/strong>tamb\u00e9m puderam visitar o p\u00e1tio hist\u00f3rico da ABPF, espa\u00e7o voltado \u00e0 preserva\u00e7\u00e3o da mem\u00f3ria ferrovi\u00e1ria e valoriza\u00e7\u00e3o do patrim\u00f4nio cultural do Vale do Para\u00edba. Com o retorno simb\u00f3lico aos trilhos, o trecho reacende a voca\u00e7\u00e3o ferrovi\u00e1ria da regi\u00e3o e abre caminho para um futuro de desenvolvimento sustent\u00e1vel baseado no turismo hist\u00f3rico e cultural.<\/p>\n\n\n\n<div class=\"wp-block-image\"><figure class=\"aligncenter size-large\"><a href=\"https:\/\/www.controlsystems.com.br\/\"><img loading=\"lazy\" decoding=\"async\" width=\"1024\" height=\"109\" src=\"https:\/\/jornalfatosenoticias.com.br\/wp-content\/uploads\/2020\/02\/CONTROL-CS2-1024x109.jpg\" alt=\"\" class=\"wp-image-44989\" srcset=\"https:\/\/jornalfatosenoticias.com.br\/wp-content\/uploads\/2020\/02\/CONTROL-CS2-1024x109.jpg 1024w, https:\/\/jornalfatosenoticias.com.br\/wp-content\/uploads\/2020\/02\/CONTROL-CS2-300x32.jpg 300w, https:\/\/jornalfatosenoticias.com.br\/wp-content\/uploads\/2020\/02\/CONTROL-CS2-768x82.jpg 768w, https:\/\/jornalfatosenoticias.com.br\/wp-content\/uploads\/2020\/02\/CONTROL-CS2.jpg 1120w\" sizes=\"auto, (max-width: 1024px) 100vw, 1024px\" \/><\/a><\/figure><\/div>\n\n\n\n<p><strong>Fonte: <a href=\"https:\/\/ciclovivo.com.br\/arq-urb\/mobilidade\/trem-turistico-entre-sp-e-minas-sera-inaugurado\/\">CicloVivo<\/a><\/strong><\/p>\n","protected":false},"excerpt":{"rendered":"<p>Ferrovia que j\u00e1 recebeu Dom Pedro II \u00e9 reativada com o \u201cExpresso da Mantiqueira\u201d. Esta\u00e7\u00e3o de Cruzeiro \u00e9 uma esta\u00e7\u00e3o ferrovi\u00e1ria inaugurada pelos ingleses em 1884. Nos trilhos do progresso: A ferrovia no Brasil imperial vista pela fotografia (S\u00e3o Paulo: Metalivros, 2007) Nos dias 5 e 6 de julho, o \u201cExpresso da Mantiqueira\u201d iniciou suas [&hellip;]<\/p>\n","protected":false},"author":2,"featured_media":61063,"comment_status":"open","ping_status":"open","sticky":false,"template":"","format":"standard","meta":{"footnotes":""},"categories":[746],"tags":[27828,8793,935,10181,1853],"class_list":["post-61061","post","type-post","status-publish","format-standard","has-post-thumbnail","hentry","category-turismo","tag-expresso-da-mantiqueira","tag-serra-da-mantiqueira","tag-transporte-ferroviario","tag-trem","tag-turismo"],"yoast_head":"<!-- This site is optimized with the Yoast SEO plugin v26.5 - https:\/\/yoast.com\/wordpress\/plugins\/seo\/ -->\n<title>Trem tur\u00edstico entre SP e Minas \u00e9 inaugurado - Jornal Fatos e Not\u00edcias<\/title>\n<meta name=\"robots\" content=\"index, follow, max-snippet:-1, max-image-preview:large, max-video-preview:-1\" \/>\n<link rel=\"canonical\" href=\"https:\/\/jornalfatosenoticias.com.br\/index.php\/2025\/08\/05\/trem-turistico-entre-sp-e-minas-sera-inaugurado\/\" \/>\n<meta property=\"og:locale\" content=\"pt_BR\" \/>\n<meta property=\"og:type\" content=\"article\" \/>\n<meta property=\"og:title\" content=\"Trem tur\u00edstico entre SP e Minas \u00e9 inaugurado - Jornal Fatos e Not\u00edcias\" \/>\n<meta property=\"og:description\" content=\"Ferrovia que j\u00e1 recebeu Dom Pedro II \u00e9 reativada com o \u201cExpresso da Mantiqueira\u201d. Esta\u00e7\u00e3o de Cruzeiro \u00e9 uma esta\u00e7\u00e3o ferrovi\u00e1ria inaugurada pelos ingleses em 1884. Nos trilhos do progresso: A ferrovia no Brasil imperial vista pela fotografia (S\u00e3o Paulo: Metalivros, 2007) Nos dias 5 e 6 de julho, o \u201cExpresso da Mantiqueira\u201d iniciou suas [&hellip;]\" \/>\n<meta property=\"og:url\" content=\"https:\/\/jornalfatosenoticias.com.br\/index.php\/2025\/08\/05\/trem-turistico-entre-sp-e-minas-sera-inaugurado\/\" \/>\n<meta property=\"og:site_name\" content=\"Jornal Fatos e Not\u00edcias\" \/>\n<meta property=\"article:published_time\" content=\"2025-08-05T19:02:34+00:00\" \/>\n<meta property=\"article:modified_time\" content=\"2025-08-05T19:03:00+00:00\" \/>\n<meta property=\"og:image\" content=\"https:\/\/jornalfatosenoticias.com.br\/wp-content\/uploads\/2025\/08\/Expresso-Mantiqueira.jpg\" \/>\n\t<meta property=\"og:image:width\" content=\"1000\" \/>\n\t<meta property=\"og:image:height\" content=\"636\" \/>\n\t<meta property=\"og:image:type\" content=\"image\/jpeg\" \/>\n<meta name=\"author\" content=\"Luzimara Fernandes\" \/>\n<meta name=\"twitter:card\" content=\"summary_large_image\" \/>\n<meta name=\"twitter:label1\" content=\"Escrito por\" \/>\n\t<meta name=\"twitter:data1\" content=\"Luzimara Fernandes\" \/>\n\t<meta name=\"twitter:label2\" content=\"Est. tempo de leitura\" \/>\n\t<meta name=\"twitter:data2\" content=\"2 minutos\" \/>\n<script type=\"application\/ld+json\" class=\"yoast-schema-graph\">{\"@context\":\"https:\/\/schema.org\",\"@graph\":[{\"@type\":\"Article\",\"@id\":\"https:\/\/jornalfatosenoticias.com.br\/index.php\/2025\/08\/05\/trem-turistico-entre-sp-e-minas-sera-inaugurado\/#article\",\"isPartOf\":{\"@id\":\"https:\/\/jornalfatosenoticias.com.br\/index.php\/2025\/08\/05\/trem-turistico-entre-sp-e-minas-sera-inaugurado\/\"},\"author\":{\"name\":\"Luzimara Fernandes\",\"@id\":\"https:\/\/jornalfatosenoticias.com.br\/#\/schema\/person\/d63837fa13ac8666eb9e74e0985d6f81\"},\"headline\":\"Trem tur\u00edstico entre SP e Minas \u00e9 inaugurado\",\"datePublished\":\"2025-08-05T19:02:34+00:00\",\"dateModified\":\"2025-08-05T19:03:00+00:00\",\"mainEntityOfPage\":{\"@id\":\"https:\/\/jornalfatosenoticias.com.br\/index.php\/2025\/08\/05\/trem-turistico-entre-sp-e-minas-sera-inaugurado\/\"},\"wordCount\":505,\"commentCount\":0,\"publisher\":{\"@id\":\"https:\/\/jornalfatosenoticias.com.br\/#organization\"},\"image\":{\"@id\":\"https:\/\/jornalfatosenoticias.com.br\/index.php\/2025\/08\/05\/trem-turistico-entre-sp-e-minas-sera-inaugurado\/#primaryimage\"},\"thumbnailUrl\":\"https:\/\/jornalfatosenoticias.com.br\/wp-content\/uploads\/2025\/08\/Expresso-Mantiqueira.jpg\",\"keywords\":[\"Expresso da Mantiqueira\",\"Serra da Mantiqueira\",\"transporte ferrovi\u00e1rio\",\"trem\",\"Turismo\"],\"articleSection\":[\"Turismo\"],\"inLanguage\":\"pt-BR\",\"potentialAction\":[{\"@type\":\"CommentAction\",\"name\":\"Comment\",\"target\":[\"https:\/\/jornalfatosenoticias.com.br\/index.php\/2025\/08\/05\/trem-turistico-entre-sp-e-minas-sera-inaugurado\/#respond\"]}]},{\"@type\":\"WebPage\",\"@id\":\"https:\/\/jornalfatosenoticias.com.br\/index.php\/2025\/08\/05\/trem-turistico-entre-sp-e-minas-sera-inaugurado\/\",\"url\":\"https:\/\/jornalfatosenoticias.com.br\/index.php\/2025\/08\/05\/trem-turistico-entre-sp-e-minas-sera-inaugurado\/\",\"name\":\"Trem tur\u00edstico entre SP e Minas \u00e9 inaugurado - Jornal Fatos e Not\u00edcias\",\"isPartOf\":{\"@id\":\"https:\/\/jornalfatosenoticias.com.br\/#website\"},\"primaryImageOfPage\":{\"@id\":\"https:\/\/jornalfatosenoticias.com.br\/index.php\/2025\/08\/05\/trem-turistico-entre-sp-e-minas-sera-inaugurado\/#primaryimage\"},\"image\":{\"@id\":\"https:\/\/jornalfatosenoticias.com.br\/index.php\/2025\/08\/05\/trem-turistico-entre-sp-e-minas-sera-inaugurado\/#primaryimage\"},\"thumbnailUrl\":\"https:\/\/jornalfatosenoticias.com.br\/wp-content\/uploads\/2025\/08\/Expresso-Mantiqueira.jpg\",\"datePublished\":\"2025-08-05T19:02:34+00:00\",\"dateModified\":\"2025-08-05T19:03:00+00:00\",\"breadcrumb\":{\"@id\":\"https:\/\/jornalfatosenoticias.com.br\/index.php\/2025\/08\/05\/trem-turistico-entre-sp-e-minas-sera-inaugurado\/#breadcrumb\"},\"inLanguage\":\"pt-BR\",\"potentialAction\":[{\"@type\":\"ReadAction\",\"target\":[\"https:\/\/jornalfatosenoticias.com.br\/index.php\/2025\/08\/05\/trem-turistico-entre-sp-e-minas-sera-inaugurado\/\"]}]},{\"@type\":\"ImageObject\",\"inLanguage\":\"pt-BR\",\"@id\":\"https:\/\/jornalfatosenoticias.com.br\/index.php\/2025\/08\/05\/trem-turistico-entre-sp-e-minas-sera-inaugurado\/#primaryimage\",\"url\":\"https:\/\/jornalfatosenoticias.com.br\/wp-content\/uploads\/2025\/08\/Expresso-Mantiqueira.jpg\",\"contentUrl\":\"https:\/\/jornalfatosenoticias.com.br\/wp-content\/uploads\/2025\/08\/Expresso-Mantiqueira.jpg\",\"width\":1000,\"height\":636},{\"@type\":\"BreadcrumbList\",\"@id\":\"https:\/\/jornalfatosenoticias.com.br\/index.php\/2025\/08\/05\/trem-turistico-entre-sp-e-minas-sera-inaugurado\/#breadcrumb\",\"itemListElement\":[{\"@type\":\"ListItem\",\"position\":1,\"name\":\"In\u00edcio\",\"item\":\"https:\/\/jornalfatosenoticias.com.br\/\"},{\"@type\":\"ListItem\",\"position\":2,\"name\":\"Trem tur\u00edstico entre SP e Minas \u00e9 inaugurado\"}]},{\"@type\":\"WebSite\",\"@id\":\"https:\/\/jornalfatosenoticias.com.br\/#website\",\"url\":\"https:\/\/jornalfatosenoticias.com.br\/\",\"name\":\"Jornal Fatos e Not\u00edcias\",\"description\":\"Not\u00edcias em geral\",\"publisher\":{\"@id\":\"https:\/\/jornalfatosenoticias.com.br\/#organization\"},\"potentialAction\":[{\"@type\":\"SearchAction\",\"target\":{\"@type\":\"EntryPoint\",\"urlTemplate\":\"https:\/\/jornalfatosenoticias.com.br\/?s={search_term_string}\"},\"query-input\":{\"@type\":\"PropertyValueSpecification\",\"valueRequired\":true,\"valueName\":\"search_term_string\"}}],\"inLanguage\":\"pt-BR\"},{\"@type\":\"Organization\",\"@id\":\"https:\/\/jornalfatosenoticias.com.br\/#organization\",\"name\":\"Jornal Fatos e Not\u00edcias\",\"url\":\"https:\/\/jornalfatosenoticias.com.br\/\",\"logo\":{\"@type\":\"ImageObject\",\"inLanguage\":\"pt-BR\",\"@id\":\"https:\/\/jornalfatosenoticias.com.br\/#\/schema\/logo\/image\/\",\"url\":\"https:\/\/jornalfatosenoticias.com.br\/wp-content\/uploads\/2020\/02\/logo120.png\",\"contentUrl\":\"https:\/\/jornalfatosenoticias.com.br\/wp-content\/uploads\/2020\/02\/logo120.png\",\"width\":1227,\"height\":120,\"caption\":\"Jornal Fatos e Not\u00edcias\"},\"image\":{\"@id\":\"https:\/\/jornalfatosenoticias.com.br\/#\/schema\/logo\/image\/\"}},{\"@type\":\"Person\",\"@id\":\"https:\/\/jornalfatosenoticias.com.br\/#\/schema\/person\/d63837fa13ac8666eb9e74e0985d6f81\",\"name\":\"Luzimara Fernandes\",\"image\":{\"@type\":\"ImageObject\",\"inLanguage\":\"pt-BR\",\"@id\":\"https:\/\/jornalfatosenoticias.com.br\/#\/schema\/person\/image\/\",\"url\":\"https:\/\/jornalfatosenoticias.com.br\/wp-content\/uploads\/2025\/05\/EU_portal.jpg\",\"contentUrl\":\"https:\/\/jornalfatosenoticias.com.br\/wp-content\/uploads\/2025\/05\/EU_portal.jpg\",\"caption\":\"Luzimara Fernandes\"},\"description\":\"Jornalista MTB 2358-ES\",\"sameAs\":[\"https:\/\/jornalfatosenoticias.com.br\"],\"url\":\"https:\/\/jornalfatosenoticias.com.br\/index.php\/author\/luzimara\/\"}]}<\/script>\n<!-- \/ Yoast SEO plugin. -->","yoast_head_json":{"title":"Trem tur\u00edstico entre SP e Minas \u00e9 inaugurado - Jornal Fatos e Not\u00edcias","robots":{"index":"index","follow":"follow","max-snippet":"max-snippet:-1","max-image-preview":"max-image-preview:large","max-video-preview":"max-video-preview:-1"},"canonical":"https:\/\/jornalfatosenoticias.com.br\/index.php\/2025\/08\/05\/trem-turistico-entre-sp-e-minas-sera-inaugurado\/","og_locale":"pt_BR","og_type":"article","og_title":"Trem tur\u00edstico entre SP e Minas \u00e9 inaugurado - Jornal Fatos e Not\u00edcias","og_description":"Ferrovia que j\u00e1 recebeu Dom Pedro II \u00e9 reativada com o \u201cExpresso da Mantiqueira\u201d. Esta\u00e7\u00e3o de Cruzeiro \u00e9 uma esta\u00e7\u00e3o ferrovi\u00e1ria inaugurada pelos ingleses em 1884. Nos trilhos do progresso: A ferrovia no Brasil imperial vista pela fotografia (S\u00e3o Paulo: Metalivros, 2007) Nos dias 5 e 6 de julho, o \u201cExpresso da Mantiqueira\u201d iniciou suas [&hellip;]","og_url":"https:\/\/jornalfatosenoticias.com.br\/index.php\/2025\/08\/05\/trem-turistico-entre-sp-e-minas-sera-inaugurado\/","og_site_name":"Jornal Fatos e Not\u00edcias","article_published_time":"2025-08-05T19:02:34+00:00","article_modified_time":"2025-08-05T19:03:00+00:00","og_image":[{"width":1000,"height":636,"url":"https:\/\/jornalfatosenoticias.com.br\/wp-content\/uploads\/2025\/08\/Expresso-Mantiqueira.jpg","type":"image\/jpeg"}],"author":"Luzimara Fernandes","twitter_card":"summary_large_image","twitter_misc":{"Escrito por":"Luzimara Fernandes","Est. tempo de leitura":"2 minutos"},"schema":{"@context":"https:\/\/schema.org","@graph":[{"@type":"Article","@id":"https:\/\/jornalfatosenoticias.com.br\/index.php\/2025\/08\/05\/trem-turistico-entre-sp-e-minas-sera-inaugurado\/#article","isPartOf":{"@id":"https:\/\/jornalfatosenoticias.com.br\/index.php\/2025\/08\/05\/trem-turistico-entre-sp-e-minas-sera-inaugurado\/"},"author":{"name":"Luzimara Fernandes","@id":"https:\/\/jornalfatosenoticias.com.br\/#\/schema\/person\/d63837fa13ac8666eb9e74e0985d6f81"},"headline":"Trem tur\u00edstico entre SP e Minas \u00e9 inaugurado","datePublished":"2025-08-05T19:02:34+00:00","dateModified":"2025-08-05T19:03:00+00:00","mainEntityOfPage":{"@id":"https:\/\/jornalfatosenoticias.com.br\/index.php\/2025\/08\/05\/trem-turistico-entre-sp-e-minas-sera-inaugurado\/"},"wordCount":505,"commentCount":0,"publisher":{"@id":"https:\/\/jornalfatosenoticias.com.br\/#organization"},"image":{"@id":"https:\/\/jornalfatosenoticias.com.br\/index.php\/2025\/08\/05\/trem-turistico-entre-sp-e-minas-sera-inaugurado\/#primaryimage"},"thumbnailUrl":"https:\/\/jornalfatosenoticias.com.br\/wp-content\/uploads\/2025\/08\/Expresso-Mantiqueira.jpg","keywords":["Expresso da Mantiqueira","Serra da Mantiqueira","transporte ferrovi\u00e1rio","trem","Turismo"],"articleSection":["Turismo"],"inLanguage":"pt-BR","potentialAction":[{"@type":"CommentAction","name":"Comment","target":["https:\/\/jornalfatosenoticias.com.br\/index.php\/2025\/08\/05\/trem-turistico-entre-sp-e-minas-sera-inaugurado\/#respond"]}]},{"@type":"WebPage","@id":"https:\/\/jornalfatosenoticias.com.br\/index.php\/2025\/08\/05\/trem-turistico-entre-sp-e-minas-sera-inaugurado\/","url":"https:\/\/jornalfatosenoticias.com.br\/index.php\/2025\/08\/05\/trem-turistico-entre-sp-e-minas-sera-inaugurado\/","name":"Trem tur\u00edstico entre SP e Minas \u00e9 inaugurado - Jornal Fatos e Not\u00edcias","isPartOf":{"@id":"https:\/\/jornalfatosenoticias.com.br\/#website"},"primaryImageOfPage":{"@id":"https:\/\/jornalfatosenoticias.com.br\/index.php\/2025\/08\/05\/trem-turistico-entre-sp-e-minas-sera-inaugurado\/#primaryimage"},"image":{"@id":"https:\/\/jornalfatosenoticias.com.br\/index.php\/2025\/08\/05\/trem-turistico-entre-sp-e-minas-sera-inaugurado\/#primaryimage"},"thumbnailUrl":"https:\/\/jornalfatosenoticias.com.br\/wp-content\/uploads\/2025\/08\/Expresso-Mantiqueira.jpg","datePublished":"2025-08-05T19:02:34+00:00","dateModified":"2025-08-05T19:03:00+00:00","breadcrumb":{"@id":"https:\/\/jornalfatosenoticias.com.br\/index.php\/2025\/08\/05\/trem-turistico-entre-sp-e-minas-sera-inaugurado\/#breadcrumb"},"inLanguage":"pt-BR","potentialAction":[{"@type":"ReadAction","target":["https:\/\/jornalfatosenoticias.com.br\/index.php\/2025\/08\/05\/trem-turistico-entre-sp-e-minas-sera-inaugurado\/"]}]},{"@type":"ImageObject","inLanguage":"pt-BR","@id":"https:\/\/jornalfatosenoticias.com.br\/index.php\/2025\/08\/05\/trem-turistico-entre-sp-e-minas-sera-inaugurado\/#primaryimage","url":"https:\/\/jornalfatosenoticias.com.br\/wp-content\/uploads\/2025\/08\/Expresso-Mantiqueira.jpg","contentUrl":"https:\/\/jornalfatosenoticias.com.br\/wp-content\/uploads\/2025\/08\/Expresso-Mantiqueira.jpg","width":1000,"height":636},{"@type":"BreadcrumbList","@id":"https:\/\/jornalfatosenoticias.com.br\/index.php\/2025\/08\/05\/trem-turistico-entre-sp-e-minas-sera-inaugurado\/#breadcrumb","itemListElement":[{"@type":"ListItem","position":1,"name":"In\u00edcio","item":"https:\/\/jornalfatosenoticias.com.br\/"},{"@type":"ListItem","position":2,"name":"Trem tur\u00edstico entre SP e Minas \u00e9 inaugurado"}]},{"@type":"WebSite","@id":"https:\/\/jornalfatosenoticias.com.br\/#website","url":"https:\/\/jornalfatosenoticias.com.br\/","name":"Jornal Fatos e Not\u00edcias","description":"Not\u00edcias em geral","publisher":{"@id":"https:\/\/jornalfatosenoticias.com.br\/#organization"},"potentialAction":[{"@type":"SearchAction","target":{"@type":"EntryPoint","urlTemplate":"https:\/\/jornalfatosenoticias.com.br\/?s={search_term_string}"},"query-input":{"@type":"PropertyValueSpecification","valueRequired":true,"valueName":"search_term_string"}}],"inLanguage":"pt-BR"},{"@type":"Organization","@id":"https:\/\/jornalfatosenoticias.com.br\/#organization","name":"Jornal Fatos e Not\u00edcias","url":"https:\/\/jornalfatosenoticias.com.br\/","logo":{"@type":"ImageObject","inLanguage":"pt-BR","@id":"https:\/\/jornalfatosenoticias.com.br\/#\/schema\/logo\/image\/","url":"https:\/\/jornalfatosenoticias.com.br\/wp-content\/uploads\/2020\/02\/logo120.png","contentUrl":"https:\/\/jornalfatosenoticias.com.br\/wp-content\/uploads\/2020\/02\/logo120.png","width":1227,"height":120,"caption":"Jornal Fatos e Not\u00edcias"},"image":{"@id":"https:\/\/jornalfatosenoticias.com.br\/#\/schema\/logo\/image\/"}},{"@type":"Person","@id":"https:\/\/jornalfatosenoticias.com.br\/#\/schema\/person\/d63837fa13ac8666eb9e74e0985d6f81","name":"Luzimara Fernandes","image":{"@type":"ImageObject","inLanguage":"pt-BR","@id":"https:\/\/jornalfatosenoticias.com.br\/#\/schema\/person\/image\/","url":"https:\/\/jornalfatosenoticias.com.br\/wp-content\/uploads\/2025\/05\/EU_portal.jpg","contentUrl":"https:\/\/jornalfatosenoticias.com.br\/wp-content\/uploads\/2025\/05\/EU_portal.jpg","caption":"Luzimara Fernandes"},"description":"Jornalista MTB 2358-ES","sameAs":["https:\/\/jornalfatosenoticias.com.br"],"url":"https:\/\/jornalfatosenoticias.com.br\/index.php\/author\/luzimara\/"}]}},"cc_featured_image_caption":{"caption_text":"(Foto: Dom\u00ednio P\u00fablico\/Pedro Karp Vasquez) ","source_text":"","source_url":""},"jetpack_featured_media_url":"https:\/\/jornalfatosenoticias.com.br\/wp-content\/uploads\/2025\/08\/Expresso-Mantiqueira.jpg","_links":{"self":[{"href":"https:\/\/jornalfatosenoticias.com.br\/index.php\/wp-json\/wp\/v2\/posts\/61061","targetHints":{"allow":["GET"]}}],"collection":[{"href":"https:\/\/jornalfatosenoticias.com.br\/index.php\/wp-json\/wp\/v2\/posts"}],"about":[{"href":"https:\/\/jornalfatosenoticias.com.br\/index.php\/wp-json\/wp\/v2\/types\/post"}],"author":[{"embeddable":true,"href":"https:\/\/jornalfatosenoticias.com.br\/index.php\/wp-json\/wp\/v2\/users\/2"}],"replies":[{"embeddable":true,"href":"https:\/\/jornalfatosenoticias.com.br\/index.php\/wp-json\/wp\/v2\/comments?post=61061"}],"version-history":[{"count":0,"href":"https:\/\/jornalfatosenoticias.com.br\/index.php\/wp-json\/wp\/v2\/posts\/61061\/revisions"}],"wp:featuredmedia":[{"embeddable":true,"href":"https:\/\/jornalfatosenoticias.com.br\/index.php\/wp-json\/wp\/v2\/media\/61063"}],"wp:attachment":[{"href":"https:\/\/jornalfatosenoticias.com.br\/index.php\/wp-json\/wp\/v2\/media?parent=61061"}],"wp:term":[{"taxonomy":"category","embeddable":true,"href":"https:\/\/jornalfatosenoticias.com.br\/index.php\/wp-json\/wp\/v2\/categories?post=61061"},{"taxonomy":"post_tag","embeddable":true,"href":"https:\/\/jornalfatosenoticias.com.br\/index.php\/wp-json\/wp\/v2\/tags?post=61061"}],"curies":[{"name":"wp","href":"https:\/\/api.w.org\/{rel}","templated":true}]}}