{"id":61069,"date":"2025-08-05T16:16:31","date_gmt":"2025-08-05T19:16:31","guid":{"rendered":"https:\/\/jornalfatosenoticias.com.br\/?p=61069"},"modified":"2025-08-05T16:16:32","modified_gmt":"2025-08-05T19:16:32","slug":"novo-tubarao-pre-historico-descoberto-em-caverna-dos-estados-unidos","status":"publish","type":"post","link":"https:\/\/jornalfatosenoticias.com.br\/index.php\/2025\/08\/05\/novo-tubarao-pre-historico-descoberto-em-caverna-dos-estados-unidos\/","title":{"rendered":"Novo tubar\u00e3o pr\u00e9-hist\u00f3rico descoberto em caverna dos Estados Unidos"},"content":{"rendered":"\n<p><em><span class=\"has-inline-color has-black-color\">Dente que teria pertencido a tubar\u00e3o de aproximadamente 340 milh\u00f5es de anos foi encontrado em um dos maiores sistemas de cavernas do mundo<\/span><\/em><\/p>\n\n\n\n<p><span class=\"has-inline-color has-black-color\">Por <strong><a href=\"https:\/\/olhardigital.com.br\/author\/alessandro-lorenzo\/\">Alessandro Di Lorenzo<\/a><\/strong><\/span><\/p>\n\n\n\n<div class=\"wp-block-image\"><figure class=\"aligncenter size-large\"><a href=\"https:\/\/panper.com.br\/\"><img loading=\"lazy\" decoding=\"async\" width=\"1024\" height=\"111\" src=\"https:\/\/jornalfatosenoticias.com.br\/wp-content\/uploads\/2020\/02\/WhatsApp-Image-2022-09-23-at-12.09.18-1024x111.jpeg\" alt=\"\" class=\"wp-image-34527\" srcset=\"https:\/\/jornalfatosenoticias.com.br\/wp-content\/uploads\/2020\/02\/WhatsApp-Image-2022-09-23-at-12.09.18-1024x111.jpeg 1024w, https:\/\/jornalfatosenoticias.com.br\/wp-content\/uploads\/2020\/02\/WhatsApp-Image-2022-09-23-at-12.09.18-300x32.jpeg 300w, https:\/\/jornalfatosenoticias.com.br\/wp-content\/uploads\/2020\/02\/WhatsApp-Image-2022-09-23-at-12.09.18-768x83.jpeg 768w, https:\/\/jornalfatosenoticias.com.br\/wp-content\/uploads\/2020\/02\/WhatsApp-Image-2022-09-23-at-12.09.18.jpeg 1121w\" sizes=\"auto, (max-width: 1024px) 100vw, 1024px\" \/><\/a><\/figure><\/div>\n\n\n\n<p>Uma equipe de paleont\u00f3logos localizou um dente fossilizado que teria pertencido a uma <a href=\"https:\/\/olhardigital.com.br\/tag\/especie\/\" target=\"_blank\" rel=\"noreferrer noopener\"><strong>esp\u00e9cie<\/strong><\/a>\u00a0at\u00e9 ent\u00e3o desconhecida de\u00a0<strong><a href=\"https:\/\/olhardigital.com.br\/tag\/tubarao\/\" target=\"_blank\" rel=\"noreferrer noopener\">tubar\u00e3o<\/a>.<\/strong> O\u00a0<a href=\"https:\/\/olhardigital.com.br\/tag\/fossil-2\/\" target=\"_blank\" rel=\"noreferrer noopener\"><strong>f\u00f3ssil<\/strong><\/a> data de aproximadamente 340 milh\u00f5es de anos e mede cerca de 1,3 cent\u00edmetro. O material foi encontrado na Forma\u00e7\u00e3o Ste. Genevieve, situada no Parque Nacional Mammoth Cave, no Kentucky, um dos maiores sistemas de cavernas do mundo. O local \u00e9 conhecido por sua rica hist\u00f3ria geol\u00f3gica.<br>A nova esp\u00e9cie foi batizada de <em>Macadens olsoni<\/em> em homenagem ao cientista aposentado Rickard Olson, que desempenhou um papel significativo na documenta\u00e7\u00e3o da abund\u00e2ncia de f\u00f3sseis de tubar\u00f5es da Mammoth Cave. Acredita-se que estes animais pr\u00e9-hist\u00f3ricos atingissem apenas cerca de 30 cent\u00edmetros de comprimento.<\/p>\n\n\n\n<div class=\"wp-block-image\"><figure class=\"aligncenter size-large\"><a href=\"https:\/\/www.cesconetto.com.br\/\"><img loading=\"lazy\" decoding=\"async\" width=\"300\" height=\"250\" src=\"https:\/\/jornalfatosenoticias.com.br\/wp-content\/uploads\/2020\/02\/Banner-2.png\" alt=\"\" class=\"wp-image-43787\"\/><\/a><\/figure><\/div>\n\n\n\n<p>Os respons\u00e1veis pela descoberta explicam que a regi\u00e3o, que fica a centenas de quil\u00f4metros de dist\u00e2ncia do oceano, era coberta por um mar quente e raso h\u00e1 milh\u00f5es de anos atr\u00e1s. Estas \u00e1guas eram repletas de vida, incluindo os moluscos e outras criaturas que alimentavam o tubar\u00e3o antigo. Essas conclus\u00f5es s\u00e3o resultados da an\u00e1lise do f\u00f3ssil identificado. Segundo os pesquisadores, os dentes do animal eram curvos e bem adaptados para esmagar as presas. Em <strong><a href=\"https:\/\/www.nps.gov\/maca\/learn\/news\/mammoth-cave-national-park-discovers-another-new-species-of-ancient-shark.htm\" target=\"_blank\" rel=\"noreferrer noopener\">comunicado<\/a><\/strong>, a equipe destacou que a descoberta ajuda a melhorar a nossa compreens\u00e3o sobre a vida marinha antiga.<\/p>\n\n\n\n<div class=\"wp-block-image\"><figure class=\"aligncenter size-large is-resized\"><a href=\"https:\/\/www.instagram.com\/esteio.churrascaria\/\"><img loading=\"lazy\" decoding=\"async\" src=\"https:\/\/jornalfatosenoticias.com.br\/wp-content\/uploads\/2022\/02\/LOGO-ESTEIO-1024x730.png\" alt=\"\" class=\"wp-image-27942\" width=\"330\" height=\"235\" srcset=\"https:\/\/jornalfatosenoticias.com.br\/wp-content\/uploads\/2022\/02\/LOGO-ESTEIO-1024x730.png 1024w, https:\/\/jornalfatosenoticias.com.br\/wp-content\/uploads\/2022\/02\/LOGO-ESTEIO-300x214.png 300w, https:\/\/jornalfatosenoticias.com.br\/wp-content\/uploads\/2022\/02\/LOGO-ESTEIO-768x548.png 768w, https:\/\/jornalfatosenoticias.com.br\/wp-content\/uploads\/2022\/02\/LOGO-ESTEIO.png 1123w\" sizes=\"auto, (max-width: 330px) 100vw, 330px\" \/><\/a><\/figure><\/div>\n\n\n\n<blockquote class=\"wp-block-quote is-layout-flow wp-block-quote-is-layout-flow\"><p><span class=\"has-inline-color has-luminous-vivid-orange-color\">Essa descoberta n\u00e3o apenas aprimora nosso conhecimento dos antigos ecossistemas marinhos, mas tamb\u00e9m enfatiza o papel cr\u00edtico da pesquisa paleontol\u00f3gica em nossos parques nacionais. Cada descoberta conecta o passado com o presente e oferece oportunidades educacionais inestim\u00e1veis para os alunos e o p\u00fablico&#8221;, explica Barclay Trimble, superintendente do Parque Nacional Mammoth Cave.<\/span><\/p><\/blockquote>\n\n\n\n<div class=\"wp-block-image\"><figure class=\"aligncenter size-large is-resized\"><a href=\"https:\/\/hotelmarquetti.com.br\/\"><img loading=\"lazy\" decoding=\"async\" src=\"https:\/\/jornalfatosenoticias.com.br\/wp-content\/uploads\/2020\/02\/LOGO-MQ-1024x680.jpg\" alt=\"\" class=\"wp-image-58299\" width=\"357\" height=\"237\" srcset=\"https:\/\/jornalfatosenoticias.com.br\/wp-content\/uploads\/2020\/02\/LOGO-MQ-1024x680.jpg 1024w, https:\/\/jornalfatosenoticias.com.br\/wp-content\/uploads\/2020\/02\/LOGO-MQ-300x199.jpg 300w, https:\/\/jornalfatosenoticias.com.br\/wp-content\/uploads\/2020\/02\/LOGO-MQ-768x510.jpg 768w, https:\/\/jornalfatosenoticias.com.br\/wp-content\/uploads\/2020\/02\/LOGO-MQ-1536x1020.jpg 1536w, https:\/\/jornalfatosenoticias.com.br\/wp-content\/uploads\/2020\/02\/LOGO-MQ-2048x1360.jpg 2048w\" sizes=\"auto, (max-width: 357px) 100vw, 357px\" \/><\/a><\/figure><\/div>\n\n\n\n<p>A nova esp\u00e9cie \u00e9 apenas mais uma descoberta num dos sistemas de cavernas mais longos do mundo. A abund\u00e2ncia de tubar\u00f5es antigos identificados nas profundezas dessa regi\u00e3o inclui uma esp\u00e9cie de 340 milh\u00f5es de anos chamada tubar\u00e3o-dente-de-prego. Apesar do pequeno tamanho, esse animal possu\u00eda uma mordida poderosa. Paleont\u00f3logos tamb\u00e9m identificaram os restos de um antigo cr\u00e2nio de tubar\u00e3o. A descoberta impressiona pelo fato de que os esqueletos destes animais serem feitos de cartilagem, que n\u00e3o fica t\u00e3o bem preservado quanto o osso com o passar dos anos.<\/p>\n\n\n\n<div class=\"wp-block-image\"><figure class=\"aligncenter size-large is-resized\"><a href=\"https:\/\/www.legisjuris.com.br\/\"><img loading=\"lazy\" decoding=\"async\" src=\"https:\/\/jornalfatosenoticias.com.br\/wp-content\/uploads\/2024\/09\/Legis-Juris-Consultoria_logo.jpg\" alt=\"\" class=\"wp-image-53915\" width=\"511\" height=\"214\" srcset=\"https:\/\/jornalfatosenoticias.com.br\/wp-content\/uploads\/2024\/09\/Legis-Juris-Consultoria_logo.jpg 969w, https:\/\/jornalfatosenoticias.com.br\/wp-content\/uploads\/2024\/09\/Legis-Juris-Consultoria_logo-300x126.jpg 300w, https:\/\/jornalfatosenoticias.com.br\/wp-content\/uploads\/2024\/09\/Legis-Juris-Consultoria_logo-768x322.jpg 768w\" sizes=\"auto, (max-width: 511px) 100vw, 511px\" \/><\/a><\/figure><\/div>\n\n\n\n<p><strong>Fonte: <a href=\"https:\/\/olhardigital.com.br\/2025\/07\/29\/ciencia-e-espaco\/nova-especie-de-tubarao-pre-historico-e-descoberta-nos-eua\/\">Olhar Digital<\/a><\/strong><\/p>\n","protected":false},"excerpt":{"rendered":"<p>Dente que teria pertencido a tubar\u00e3o de aproximadamente 340 milh\u00f5es de anos foi encontrado em um dos maiores sistemas de cavernas do mundo Por Alessandro Di Lorenzo Uma equipe de paleont\u00f3logos localizou um dente fossilizado que teria pertencido a uma esp\u00e9cie\u00a0at\u00e9 ent\u00e3o desconhecida de\u00a0tubar\u00e3o. O\u00a0f\u00f3ssil data de aproximadamente 340 milh\u00f5es de anos e mede cerca [&hellip;]<\/p>\n","protected":false},"author":2,"featured_media":61070,"comment_status":"open","ping_status":"open","sticky":false,"template":"","format":"standard","meta":{"footnotes":""},"categories":[9808],"tags":[10325,337,1751,1115,3015,27830],"class_list":["post-61069","post","type-post","status-publish","format-standard","has-post-thumbnail","hentry","category-paleo-arqueologia","tag-cavernas","tag-especie","tag-estados-unidos","tag-paleontologia","tag-tubarao","tag-tubarao-pre-historico"],"yoast_head":"<!-- This site is optimized with the Yoast SEO plugin v26.5 - https:\/\/yoast.com\/wordpress\/plugins\/seo\/ -->\n<title>Novo tubar\u00e3o pr\u00e9-hist\u00f3rico descoberto em caverna dos Estados Unidos - Jornal Fatos e Not\u00edcias<\/title>\n<meta name=\"robots\" content=\"index, follow, max-snippet:-1, max-image-preview:large, max-video-preview:-1\" \/>\n<link rel=\"canonical\" href=\"https:\/\/jornalfatosenoticias.com.br\/index.php\/2025\/08\/05\/novo-tubarao-pre-historico-descoberto-em-caverna-dos-estados-unidos\/\" \/>\n<meta property=\"og:locale\" content=\"pt_BR\" \/>\n<meta property=\"og:type\" content=\"article\" \/>\n<meta property=\"og:title\" content=\"Novo tubar\u00e3o pr\u00e9-hist\u00f3rico descoberto em caverna dos Estados Unidos - Jornal Fatos e Not\u00edcias\" \/>\n<meta property=\"og:description\" content=\"Dente que teria pertencido a tubar\u00e3o de aproximadamente 340 milh\u00f5es de anos foi encontrado em um dos maiores sistemas de cavernas do mundo Por Alessandro Di Lorenzo Uma equipe de paleont\u00f3logos localizou um dente fossilizado que teria pertencido a uma esp\u00e9cie\u00a0at\u00e9 ent\u00e3o desconhecida de\u00a0tubar\u00e3o. O\u00a0f\u00f3ssil data de aproximadamente 340 milh\u00f5es de anos e mede cerca [&hellip;]\" \/>\n<meta property=\"og:url\" content=\"https:\/\/jornalfatosenoticias.com.br\/index.php\/2025\/08\/05\/novo-tubarao-pre-historico-descoberto-em-caverna-dos-estados-unidos\/\" \/>\n<meta property=\"og:site_name\" content=\"Jornal Fatos e Not\u00edcias\" \/>\n<meta property=\"article:published_time\" content=\"2025-08-05T19:16:31+00:00\" \/>\n<meta property=\"article:modified_time\" content=\"2025-08-05T19:16:32+00:00\" \/>\n<meta property=\"og:image\" content=\"https:\/\/jornalfatosenoticias.com.br\/wp-content\/uploads\/2025\/08\/tubarao-pre-historico.jpg\" \/>\n\t<meta property=\"og:image:width\" content=\"1000\" \/>\n\t<meta property=\"og:image:height\" content=\"562\" \/>\n\t<meta property=\"og:image:type\" content=\"image\/jpeg\" \/>\n<meta name=\"author\" content=\"Luzimara Fernandes\" \/>\n<meta name=\"twitter:card\" content=\"summary_large_image\" \/>\n<meta name=\"twitter:label1\" content=\"Escrito por\" \/>\n\t<meta name=\"twitter:data1\" content=\"Luzimara Fernandes\" \/>\n\t<meta name=\"twitter:label2\" content=\"Est. tempo de leitura\" \/>\n\t<meta name=\"twitter:data2\" content=\"2 minutos\" \/>\n<script type=\"application\/ld+json\" class=\"yoast-schema-graph\">{\"@context\":\"https:\/\/schema.org\",\"@graph\":[{\"@type\":\"Article\",\"@id\":\"https:\/\/jornalfatosenoticias.com.br\/index.php\/2025\/08\/05\/novo-tubarao-pre-historico-descoberto-em-caverna-dos-estados-unidos\/#article\",\"isPartOf\":{\"@id\":\"https:\/\/jornalfatosenoticias.com.br\/index.php\/2025\/08\/05\/novo-tubarao-pre-historico-descoberto-em-caverna-dos-estados-unidos\/\"},\"author\":{\"name\":\"Luzimara Fernandes\",\"@id\":\"https:\/\/jornalfatosenoticias.com.br\/#\/schema\/person\/d63837fa13ac8666eb9e74e0985d6f81\"},\"headline\":\"Novo tubar\u00e3o pr\u00e9-hist\u00f3rico descoberto em caverna dos Estados Unidos\",\"datePublished\":\"2025-08-05T19:16:31+00:00\",\"dateModified\":\"2025-08-05T19:16:32+00:00\",\"mainEntityOfPage\":{\"@id\":\"https:\/\/jornalfatosenoticias.com.br\/index.php\/2025\/08\/05\/novo-tubarao-pre-historico-descoberto-em-caverna-dos-estados-unidos\/\"},\"wordCount\":429,\"commentCount\":0,\"publisher\":{\"@id\":\"https:\/\/jornalfatosenoticias.com.br\/#organization\"},\"image\":{\"@id\":\"https:\/\/jornalfatosenoticias.com.br\/index.php\/2025\/08\/05\/novo-tubarao-pre-historico-descoberto-em-caverna-dos-estados-unidos\/#primaryimage\"},\"thumbnailUrl\":\"https:\/\/jornalfatosenoticias.com.br\/wp-content\/uploads\/2025\/08\/tubarao-pre-historico.jpg\",\"keywords\":[\"cavernas\",\"esp\u00e9cie\",\"Estados Unidos\",\"paleontologia\",\"tubar\u00e3o\",\"tubar\u00e3o pr\u00e9-hist\u00f3rico\"],\"articleSection\":[\"Paleo &amp; Arqueologia\"],\"inLanguage\":\"pt-BR\",\"potentialAction\":[{\"@type\":\"CommentAction\",\"name\":\"Comment\",\"target\":[\"https:\/\/jornalfatosenoticias.com.br\/index.php\/2025\/08\/05\/novo-tubarao-pre-historico-descoberto-em-caverna-dos-estados-unidos\/#respond\"]}]},{\"@type\":\"WebPage\",\"@id\":\"https:\/\/jornalfatosenoticias.com.br\/index.php\/2025\/08\/05\/novo-tubarao-pre-historico-descoberto-em-caverna-dos-estados-unidos\/\",\"url\":\"https:\/\/jornalfatosenoticias.com.br\/index.php\/2025\/08\/05\/novo-tubarao-pre-historico-descoberto-em-caverna-dos-estados-unidos\/\",\"name\":\"Novo tubar\u00e3o pr\u00e9-hist\u00f3rico descoberto em caverna dos Estados Unidos - Jornal Fatos e Not\u00edcias\",\"isPartOf\":{\"@id\":\"https:\/\/jornalfatosenoticias.com.br\/#website\"},\"primaryImageOfPage\":{\"@id\":\"https:\/\/jornalfatosenoticias.com.br\/index.php\/2025\/08\/05\/novo-tubarao-pre-historico-descoberto-em-caverna-dos-estados-unidos\/#primaryimage\"},\"image\":{\"@id\":\"https:\/\/jornalfatosenoticias.com.br\/index.php\/2025\/08\/05\/novo-tubarao-pre-historico-descoberto-em-caverna-dos-estados-unidos\/#primaryimage\"},\"thumbnailUrl\":\"https:\/\/jornalfatosenoticias.com.br\/wp-content\/uploads\/2025\/08\/tubarao-pre-historico.jpg\",\"datePublished\":\"2025-08-05T19:16:31+00:00\",\"dateModified\":\"2025-08-05T19:16:32+00:00\",\"breadcrumb\":{\"@id\":\"https:\/\/jornalfatosenoticias.com.br\/index.php\/2025\/08\/05\/novo-tubarao-pre-historico-descoberto-em-caverna-dos-estados-unidos\/#breadcrumb\"},\"inLanguage\":\"pt-BR\",\"potentialAction\":[{\"@type\":\"ReadAction\",\"target\":[\"https:\/\/jornalfatosenoticias.com.br\/index.php\/2025\/08\/05\/novo-tubarao-pre-historico-descoberto-em-caverna-dos-estados-unidos\/\"]}]},{\"@type\":\"ImageObject\",\"inLanguage\":\"pt-BR\",\"@id\":\"https:\/\/jornalfatosenoticias.com.br\/index.php\/2025\/08\/05\/novo-tubarao-pre-historico-descoberto-em-caverna-dos-estados-unidos\/#primaryimage\",\"url\":\"https:\/\/jornalfatosenoticias.com.br\/wp-content\/uploads\/2025\/08\/tubarao-pre-historico.jpg\",\"contentUrl\":\"https:\/\/jornalfatosenoticias.com.br\/wp-content\/uploads\/2025\/08\/tubarao-pre-historico.jpg\",\"width\":1000,\"height\":562},{\"@type\":\"BreadcrumbList\",\"@id\":\"https:\/\/jornalfatosenoticias.com.br\/index.php\/2025\/08\/05\/novo-tubarao-pre-historico-descoberto-em-caverna-dos-estados-unidos\/#breadcrumb\",\"itemListElement\":[{\"@type\":\"ListItem\",\"position\":1,\"name\":\"In\u00edcio\",\"item\":\"https:\/\/jornalfatosenoticias.com.br\/\"},{\"@type\":\"ListItem\",\"position\":2,\"name\":\"Novo tubar\u00e3o pr\u00e9-hist\u00f3rico descoberto em caverna dos Estados Unidos\"}]},{\"@type\":\"WebSite\",\"@id\":\"https:\/\/jornalfatosenoticias.com.br\/#website\",\"url\":\"https:\/\/jornalfatosenoticias.com.br\/\",\"name\":\"Jornal Fatos e Not\u00edcias\",\"description\":\"Not\u00edcias em geral\",\"publisher\":{\"@id\":\"https:\/\/jornalfatosenoticias.com.br\/#organization\"},\"potentialAction\":[{\"@type\":\"SearchAction\",\"target\":{\"@type\":\"EntryPoint\",\"urlTemplate\":\"https:\/\/jornalfatosenoticias.com.br\/?s={search_term_string}\"},\"query-input\":{\"@type\":\"PropertyValueSpecification\",\"valueRequired\":true,\"valueName\":\"search_term_string\"}}],\"inLanguage\":\"pt-BR\"},{\"@type\":\"Organization\",\"@id\":\"https:\/\/jornalfatosenoticias.com.br\/#organization\",\"name\":\"Jornal Fatos e Not\u00edcias\",\"url\":\"https:\/\/jornalfatosenoticias.com.br\/\",\"logo\":{\"@type\":\"ImageObject\",\"inLanguage\":\"pt-BR\",\"@id\":\"https:\/\/jornalfatosenoticias.com.br\/#\/schema\/logo\/image\/\",\"url\":\"https:\/\/jornalfatosenoticias.com.br\/wp-content\/uploads\/2020\/02\/logo120.png\",\"contentUrl\":\"https:\/\/jornalfatosenoticias.com.br\/wp-content\/uploads\/2020\/02\/logo120.png\",\"width\":1227,\"height\":120,\"caption\":\"Jornal Fatos e Not\u00edcias\"},\"image\":{\"@id\":\"https:\/\/jornalfatosenoticias.com.br\/#\/schema\/logo\/image\/\"}},{\"@type\":\"Person\",\"@id\":\"https:\/\/jornalfatosenoticias.com.br\/#\/schema\/person\/d63837fa13ac8666eb9e74e0985d6f81\",\"name\":\"Luzimara Fernandes\",\"image\":{\"@type\":\"ImageObject\",\"inLanguage\":\"pt-BR\",\"@id\":\"https:\/\/jornalfatosenoticias.com.br\/#\/schema\/person\/image\/\",\"url\":\"https:\/\/jornalfatosenoticias.com.br\/wp-content\/uploads\/2025\/05\/EU_portal.jpg\",\"contentUrl\":\"https:\/\/jornalfatosenoticias.com.br\/wp-content\/uploads\/2025\/05\/EU_portal.jpg\",\"caption\":\"Luzimara Fernandes\"},\"description\":\"Jornalista MTB 2358-ES\",\"sameAs\":[\"https:\/\/jornalfatosenoticias.com.br\"],\"url\":\"https:\/\/jornalfatosenoticias.com.br\/index.php\/author\/luzimara\/\"}]}<\/script>\n<!-- \/ Yoast SEO plugin. -->","yoast_head_json":{"title":"Novo tubar\u00e3o pr\u00e9-hist\u00f3rico descoberto em caverna dos Estados Unidos - Jornal Fatos e Not\u00edcias","robots":{"index":"index","follow":"follow","max-snippet":"max-snippet:-1","max-image-preview":"max-image-preview:large","max-video-preview":"max-video-preview:-1"},"canonical":"https:\/\/jornalfatosenoticias.com.br\/index.php\/2025\/08\/05\/novo-tubarao-pre-historico-descoberto-em-caverna-dos-estados-unidos\/","og_locale":"pt_BR","og_type":"article","og_title":"Novo tubar\u00e3o pr\u00e9-hist\u00f3rico descoberto em caverna dos Estados Unidos - Jornal Fatos e Not\u00edcias","og_description":"Dente que teria pertencido a tubar\u00e3o de aproximadamente 340 milh\u00f5es de anos foi encontrado em um dos maiores sistemas de cavernas do mundo Por Alessandro Di Lorenzo Uma equipe de paleont\u00f3logos localizou um dente fossilizado que teria pertencido a uma esp\u00e9cie\u00a0at\u00e9 ent\u00e3o desconhecida de\u00a0tubar\u00e3o. O\u00a0f\u00f3ssil data de aproximadamente 340 milh\u00f5es de anos e mede cerca [&hellip;]","og_url":"https:\/\/jornalfatosenoticias.com.br\/index.php\/2025\/08\/05\/novo-tubarao-pre-historico-descoberto-em-caverna-dos-estados-unidos\/","og_site_name":"Jornal Fatos e Not\u00edcias","article_published_time":"2025-08-05T19:16:31+00:00","article_modified_time":"2025-08-05T19:16:32+00:00","og_image":[{"width":1000,"height":562,"url":"https:\/\/jornalfatosenoticias.com.br\/wp-content\/uploads\/2025\/08\/tubarao-pre-historico.jpg","type":"image\/jpeg"}],"author":"Luzimara Fernandes","twitter_card":"summary_large_image","twitter_misc":{"Escrito por":"Luzimara Fernandes","Est. tempo de leitura":"2 minutos"},"schema":{"@context":"https:\/\/schema.org","@graph":[{"@type":"Article","@id":"https:\/\/jornalfatosenoticias.com.br\/index.php\/2025\/08\/05\/novo-tubarao-pre-historico-descoberto-em-caverna-dos-estados-unidos\/#article","isPartOf":{"@id":"https:\/\/jornalfatosenoticias.com.br\/index.php\/2025\/08\/05\/novo-tubarao-pre-historico-descoberto-em-caverna-dos-estados-unidos\/"},"author":{"name":"Luzimara Fernandes","@id":"https:\/\/jornalfatosenoticias.com.br\/#\/schema\/person\/d63837fa13ac8666eb9e74e0985d6f81"},"headline":"Novo tubar\u00e3o pr\u00e9-hist\u00f3rico descoberto em caverna dos Estados Unidos","datePublished":"2025-08-05T19:16:31+00:00","dateModified":"2025-08-05T19:16:32+00:00","mainEntityOfPage":{"@id":"https:\/\/jornalfatosenoticias.com.br\/index.php\/2025\/08\/05\/novo-tubarao-pre-historico-descoberto-em-caverna-dos-estados-unidos\/"},"wordCount":429,"commentCount":0,"publisher":{"@id":"https:\/\/jornalfatosenoticias.com.br\/#organization"},"image":{"@id":"https:\/\/jornalfatosenoticias.com.br\/index.php\/2025\/08\/05\/novo-tubarao-pre-historico-descoberto-em-caverna-dos-estados-unidos\/#primaryimage"},"thumbnailUrl":"https:\/\/jornalfatosenoticias.com.br\/wp-content\/uploads\/2025\/08\/tubarao-pre-historico.jpg","keywords":["cavernas","esp\u00e9cie","Estados Unidos","paleontologia","tubar\u00e3o","tubar\u00e3o pr\u00e9-hist\u00f3rico"],"articleSection":["Paleo &amp; Arqueologia"],"inLanguage":"pt-BR","potentialAction":[{"@type":"CommentAction","name":"Comment","target":["https:\/\/jornalfatosenoticias.com.br\/index.php\/2025\/08\/05\/novo-tubarao-pre-historico-descoberto-em-caverna-dos-estados-unidos\/#respond"]}]},{"@type":"WebPage","@id":"https:\/\/jornalfatosenoticias.com.br\/index.php\/2025\/08\/05\/novo-tubarao-pre-historico-descoberto-em-caverna-dos-estados-unidos\/","url":"https:\/\/jornalfatosenoticias.com.br\/index.php\/2025\/08\/05\/novo-tubarao-pre-historico-descoberto-em-caverna-dos-estados-unidos\/","name":"Novo tubar\u00e3o pr\u00e9-hist\u00f3rico descoberto em caverna dos Estados Unidos - Jornal Fatos e Not\u00edcias","isPartOf":{"@id":"https:\/\/jornalfatosenoticias.com.br\/#website"},"primaryImageOfPage":{"@id":"https:\/\/jornalfatosenoticias.com.br\/index.php\/2025\/08\/05\/novo-tubarao-pre-historico-descoberto-em-caverna-dos-estados-unidos\/#primaryimage"},"image":{"@id":"https:\/\/jornalfatosenoticias.com.br\/index.php\/2025\/08\/05\/novo-tubarao-pre-historico-descoberto-em-caverna-dos-estados-unidos\/#primaryimage"},"thumbnailUrl":"https:\/\/jornalfatosenoticias.com.br\/wp-content\/uploads\/2025\/08\/tubarao-pre-historico.jpg","datePublished":"2025-08-05T19:16:31+00:00","dateModified":"2025-08-05T19:16:32+00:00","breadcrumb":{"@id":"https:\/\/jornalfatosenoticias.com.br\/index.php\/2025\/08\/05\/novo-tubarao-pre-historico-descoberto-em-caverna-dos-estados-unidos\/#breadcrumb"},"inLanguage":"pt-BR","potentialAction":[{"@type":"ReadAction","target":["https:\/\/jornalfatosenoticias.com.br\/index.php\/2025\/08\/05\/novo-tubarao-pre-historico-descoberto-em-caverna-dos-estados-unidos\/"]}]},{"@type":"ImageObject","inLanguage":"pt-BR","@id":"https:\/\/jornalfatosenoticias.com.br\/index.php\/2025\/08\/05\/novo-tubarao-pre-historico-descoberto-em-caverna-dos-estados-unidos\/#primaryimage","url":"https:\/\/jornalfatosenoticias.com.br\/wp-content\/uploads\/2025\/08\/tubarao-pre-historico.jpg","contentUrl":"https:\/\/jornalfatosenoticias.com.br\/wp-content\/uploads\/2025\/08\/tubarao-pre-historico.jpg","width":1000,"height":562},{"@type":"BreadcrumbList","@id":"https:\/\/jornalfatosenoticias.com.br\/index.php\/2025\/08\/05\/novo-tubarao-pre-historico-descoberto-em-caverna-dos-estados-unidos\/#breadcrumb","itemListElement":[{"@type":"ListItem","position":1,"name":"In\u00edcio","item":"https:\/\/jornalfatosenoticias.com.br\/"},{"@type":"ListItem","position":2,"name":"Novo tubar\u00e3o pr\u00e9-hist\u00f3rico descoberto em caverna dos Estados Unidos"}]},{"@type":"WebSite","@id":"https:\/\/jornalfatosenoticias.com.br\/#website","url":"https:\/\/jornalfatosenoticias.com.br\/","name":"Jornal Fatos e Not\u00edcias","description":"Not\u00edcias em geral","publisher":{"@id":"https:\/\/jornalfatosenoticias.com.br\/#organization"},"potentialAction":[{"@type":"SearchAction","target":{"@type":"EntryPoint","urlTemplate":"https:\/\/jornalfatosenoticias.com.br\/?s={search_term_string}"},"query-input":{"@type":"PropertyValueSpecification","valueRequired":true,"valueName":"search_term_string"}}],"inLanguage":"pt-BR"},{"@type":"Organization","@id":"https:\/\/jornalfatosenoticias.com.br\/#organization","name":"Jornal Fatos e Not\u00edcias","url":"https:\/\/jornalfatosenoticias.com.br\/","logo":{"@type":"ImageObject","inLanguage":"pt-BR","@id":"https:\/\/jornalfatosenoticias.com.br\/#\/schema\/logo\/image\/","url":"https:\/\/jornalfatosenoticias.com.br\/wp-content\/uploads\/2020\/02\/logo120.png","contentUrl":"https:\/\/jornalfatosenoticias.com.br\/wp-content\/uploads\/2020\/02\/logo120.png","width":1227,"height":120,"caption":"Jornal Fatos e Not\u00edcias"},"image":{"@id":"https:\/\/jornalfatosenoticias.com.br\/#\/schema\/logo\/image\/"}},{"@type":"Person","@id":"https:\/\/jornalfatosenoticias.com.br\/#\/schema\/person\/d63837fa13ac8666eb9e74e0985d6f81","name":"Luzimara Fernandes","image":{"@type":"ImageObject","inLanguage":"pt-BR","@id":"https:\/\/jornalfatosenoticias.com.br\/#\/schema\/person\/image\/","url":"https:\/\/jornalfatosenoticias.com.br\/wp-content\/uploads\/2025\/05\/EU_portal.jpg","contentUrl":"https:\/\/jornalfatosenoticias.com.br\/wp-content\/uploads\/2025\/05\/EU_portal.jpg","caption":"Luzimara Fernandes"},"description":"Jornalista MTB 2358-ES","sameAs":["https:\/\/jornalfatosenoticias.com.br"],"url":"https:\/\/jornalfatosenoticias.com.br\/index.php\/author\/luzimara\/"}]}},"cc_featured_image_caption":{"caption_text":"(Foto: Divulga\u00e7\u00e3o\/NPS) ","source_text":"","source_url":""},"jetpack_featured_media_url":"https:\/\/jornalfatosenoticias.com.br\/wp-content\/uploads\/2025\/08\/tubarao-pre-historico.jpg","_links":{"self":[{"href":"https:\/\/jornalfatosenoticias.com.br\/index.php\/wp-json\/wp\/v2\/posts\/61069","targetHints":{"allow":["GET"]}}],"collection":[{"href":"https:\/\/jornalfatosenoticias.com.br\/index.php\/wp-json\/wp\/v2\/posts"}],"about":[{"href":"https:\/\/jornalfatosenoticias.com.br\/index.php\/wp-json\/wp\/v2\/types\/post"}],"author":[{"embeddable":true,"href":"https:\/\/jornalfatosenoticias.com.br\/index.php\/wp-json\/wp\/v2\/users\/2"}],"replies":[{"embeddable":true,"href":"https:\/\/jornalfatosenoticias.com.br\/index.php\/wp-json\/wp\/v2\/comments?post=61069"}],"version-history":[{"count":0,"href":"https:\/\/jornalfatosenoticias.com.br\/index.php\/wp-json\/wp\/v2\/posts\/61069\/revisions"}],"wp:featuredmedia":[{"embeddable":true,"href":"https:\/\/jornalfatosenoticias.com.br\/index.php\/wp-json\/wp\/v2\/media\/61070"}],"wp:attachment":[{"href":"https:\/\/jornalfatosenoticias.com.br\/index.php\/wp-json\/wp\/v2\/media?parent=61069"}],"wp:term":[{"taxonomy":"category","embeddable":true,"href":"https:\/\/jornalfatosenoticias.com.br\/index.php\/wp-json\/wp\/v2\/categories?post=61069"},{"taxonomy":"post_tag","embeddable":true,"href":"https:\/\/jornalfatosenoticias.com.br\/index.php\/wp-json\/wp\/v2\/tags?post=61069"}],"curies":[{"name":"wp","href":"https:\/\/api.w.org\/{rel}","templated":true}]}}