{"id":61082,"date":"2025-08-07T17:13:31","date_gmt":"2025-08-07T20:13:31","guid":{"rendered":"https:\/\/jornalfatosenoticias.com.br\/?p=61082"},"modified":"2025-08-07T17:13:32","modified_gmt":"2025-08-07T20:13:32","slug":"a-crianca-a-sociedade-a-justica-parte-i","status":"publish","type":"post","link":"https:\/\/jornalfatosenoticias.com.br\/index.php\/2025\/08\/07\/a-crianca-a-sociedade-a-justica-parte-i\/","title":{"rendered":"A Crian\u00e7a, a Sociedade, a Justi\u00e7a \u2014 Parte I"},"content":{"rendered":"\n<p><em><span class=\"has-inline-color has-black-color\">Como a voz da crian\u00e7a n\u00e3o \u00e9 escutada, e a voz da m\u00e3e \u00e9 repleta de estere\u00f3tipos seculares, de nada adianta o relato e mesmo as provas dos abusos. A justi\u00e7a \u00e9 cega mesmo<\/span><\/em><\/p>\n\n\n\n<div class=\"wp-block-image\"><figure class=\"aligncenter size-large is-resized\"><a href=\"https:\/\/www.facebook.com\/vetor.vix\/\"><img loading=\"lazy\" decoding=\"async\" src=\"https:\/\/jornalfatosenoticias.com.br\/wp-content\/uploads\/2023\/09\/vetorvix1024_1.jpg\" alt=\"\" class=\"wp-image-44868\" width=\"554\" height=\"147\" srcset=\"https:\/\/jornalfatosenoticias.com.br\/wp-content\/uploads\/2023\/09\/vetorvix1024_1.jpg 1024w, https:\/\/jornalfatosenoticias.com.br\/wp-content\/uploads\/2023\/09\/vetorvix1024_1-300x80.jpg 300w, https:\/\/jornalfatosenoticias.com.br\/wp-content\/uploads\/2023\/09\/vetorvix1024_1-768x205.jpg 768w\" sizes=\"auto, (max-width: 554px) 100vw, 554px\" \/><\/a><\/figure><\/div>\n\n\n\n<p>Poucas vezes na minha vida, que j\u00e1 \u00e9 longa, fui invadida por um des\u00e2nimo. Confesso que esse \u00e9 um desses raros momentos, para mim, dolorosos. Vejo se acumular, em propor\u00e7\u00f5es geom\u00e9tricas, as arbitrariedades jur\u00eddicas que destroem o futuro de milhares de crian\u00e7as, matando suas m\u00e3es em sua dignidade de pessoa humana.<br>Para as mulheres que decidiram pela Maternidade, o Maternic\u00eddio, termo talhado por H\u00e9lia Braga, \u00e9 certo, marcado se pairar uma alega\u00e7\u00e3o da alcunha falaciosa de alienadora. Este termo, sem comprova\u00e7\u00e3o cient\u00edfica, sem comprova\u00e7\u00e3o emp\u00edrica, sem comprova\u00e7\u00e3o de bom senso. Em contorcionismos sucessivos, um mosaico de conceitos foi sendo engendrado para desfocar o crime e supervalorizar um estado emocional, que, na maioria das vezes, tem motiva\u00e7\u00e3o. Ou seja, desde uma preocupa\u00e7\u00e3o com um pai alheio aos cuidados necess\u00e1rios com a crian\u00e7a, ou negligente, ou irrespons\u00e1vel, at\u00e9 a preocupa\u00e7\u00e3o com o genitor, n\u00e3o pai, ativamente abusador.<\/p>\n\n\n\n<div class=\"wp-block-image\"><figure class=\"aligncenter size-large\"><img loading=\"lazy\" decoding=\"async\" width=\"1000\" height=\"560\" src=\"https:\/\/jornalfatosenoticias.com.br\/wp-content\/uploads\/2025\/08\/mae-e-filho_freepik-com-ia.jpg\" alt=\"\" class=\"wp-image-61084\" srcset=\"https:\/\/jornalfatosenoticias.com.br\/wp-content\/uploads\/2025\/08\/mae-e-filho_freepik-com-ia.jpg 1000w, https:\/\/jornalfatosenoticias.com.br\/wp-content\/uploads\/2025\/08\/mae-e-filho_freepik-com-ia-300x168.jpg 300w, https:\/\/jornalfatosenoticias.com.br\/wp-content\/uploads\/2025\/08\/mae-e-filho_freepik-com-ia-768x430.jpg 768w\" sizes=\"auto, (max-width: 1000px) 100vw, 1000px\" \/><figcaption><em><span class=\"has-inline-color has-black-color\">(Foto: Freepik com IA)<\/span><\/em><\/figcaption><\/figure><\/div>\n\n\n\n<p>Como a voz da crian\u00e7a n\u00e3o \u00e9 escutada, e a voz da m\u00e3e \u00e9 repleta de estere\u00f3tipos seculares, de nada adianta o relato e mesmo as provas dos abusos. A justi\u00e7a \u00e9 cega mesmo. \u00c9 tudo aliena\u00e7\u00e3o da m\u00e3e. N\u00e3o consigo entender como n\u00e3o se faz uma continha de aritm\u00e9tica inicial, e n\u00e3o h\u00e1 nenhuma desconfian\u00e7a, mesmo que leve, que os n\u00fameros contabilizados pelo Anu\u00e1rio Brasileiro de Seguran\u00e7a P\u00fablica, 2024, mostram que uma crian\u00e7a \u00e9 abusada a cada seis minutos. Onde est\u00e3o essas crian\u00e7as? De onde foram tirados esses n\u00fameros desse levantamento oficial? O que vigora \u00e9 que 90% das den\u00fancias de abuso sexual de crian\u00e7a s\u00e3o falsas. Isso \u00e9 dogm\u00e1tico, porque as m\u00e3es s\u00e3o ressentidas e vingativas, e n\u00e3o se conformam com o t\u00e9rmino da rela\u00e7\u00e3o. Mas, esse n\u00e3o \u00e9 o motivo que cobre um grande percentual, talvez 90%, estou chutando, dos feminic\u00eddios? Desconhe\u00e7o a figura do \u201chomenic\u00eddio\u201d, ou \u201cmasculinic\u00eddio\u201d. <\/p>\n\n\n\n<div class=\"wp-block-image\"><figure class=\"aligncenter size-large\"><a href=\"https:\/\/www.cesconetto.com.br\/\"><img loading=\"lazy\" decoding=\"async\" width=\"300\" height=\"250\" src=\"https:\/\/jornalfatosenoticias.com.br\/wp-content\/uploads\/2020\/02\/Banner-2.png\" alt=\"\" class=\"wp-image-43787\"\/><\/a><\/figure><\/div>\n\n\n\n<p>O Feminic\u00eddio atingiu o \u00edndice de uma mulher a cada seis horas. Essa \u00e9 outra continha aritm\u00e9tica que n\u00e3o fecha. Se as mulheres s\u00e3o ressentidas e vingativas, por que elas s\u00e3o assassinadas pelos ex-companheiros? E, na maioria das vezes, na presen\u00e7a das crian\u00e7as. Mas, n\u00e3o temos not\u00edcia do resultado desse inconformismo de mulheres matando seus ex-companheiros.<\/p>\n\n\n\n<div class=\"wp-block-image\"><figure class=\"aligncenter size-large is-resized\"><a href=\"https:\/\/www.instagram.com\/gruposei\/\"><img loading=\"lazy\" decoding=\"async\" src=\"https:\/\/jornalfatosenoticias.com.br\/wp-content\/uploads\/2022\/07\/Logo-Grupo-SEI.jpg\" alt=\"\" class=\"wp-image-31973\" width=\"393\" height=\"206\" srcset=\"https:\/\/jornalfatosenoticias.com.br\/wp-content\/uploads\/2022\/07\/Logo-Grupo-SEI.jpg 713w, https:\/\/jornalfatosenoticias.com.br\/wp-content\/uploads\/2022\/07\/Logo-Grupo-SEI-300x158.jpg 300w\" sizes=\"auto, (max-width: 393px) 100vw, 393px\" \/><\/a><\/figure><\/div>\n\n\n\n<p>E claro, se tudo \u00e9 aliena\u00e7\u00e3o parental da m\u00e3e, os \u201ccursos\u201d com direito a diploma e inclus\u00e3o em listagem de especialista e lista oficial de \u201cperitos\u201d que passam a ter altos ganhos, financeiros e de \u201cprest\u00edgio profissional\u201d. Com um estrat\u00e9gico \u201cempurr\u00e3o\u201d acessam a blindagem contra poss\u00edveis processos pelos absurdos escritos em laudos.<\/p>\n\n\n\n<div class=\"wp-block-image\"><figure class=\"aligncenter size-large is-resized\"><a href=\"https:\/\/www.controlsystems.com.br\/\"><img loading=\"lazy\" decoding=\"async\" src=\"https:\/\/jornalfatosenoticias.com.br\/wp-content\/uploads\/2020\/02\/CONTROL-CS.jpg\" alt=\"\" class=\"wp-image-44991\" width=\"275\" height=\"330\" srcset=\"https:\/\/jornalfatosenoticias.com.br\/wp-content\/uploads\/2020\/02\/CONTROL-CS.jpg 834w, https:\/\/jornalfatosenoticias.com.br\/wp-content\/uploads\/2020\/02\/CONTROL-CS-250x300.jpg 250w, https:\/\/jornalfatosenoticias.com.br\/wp-content\/uploads\/2020\/02\/CONTROL-CS-768x921.jpg 768w\" sizes=\"auto, (max-width: 275px) 100vw, 275px\" \/><\/a><\/figure><\/div>\n\n\n\n<p>Falta honestidade profissional. As falhas de car\u00e1ter brotam na escala de agentes que, al\u00e9m de trocar um fato relatado por uma interpreta\u00e7\u00e3o, pretensamente, psicanal\u00edtica, usam a difama\u00e7\u00e3o de profissionais que seguem resistindo \u00e0 deturpa\u00e7\u00e3o imposta. Sem a menor cerim\u00f4nia, quebram os seus c\u00f3digos de \u00e9tica, e avan\u00e7am at\u00e9 no campo pessoal, com inverdades, para atingir a ferramenta profissional daqueles que n\u00e3o seguem essa cartilha de barb\u00e1rie.<\/p>\n\n\n\n<div class=\"wp-block-image\"><figure class=\"aligncenter size-large\"><img loading=\"lazy\" decoding=\"async\" width=\"1000\" height=\"666\" src=\"https:\/\/jornalfatosenoticias.com.br\/wp-content\/uploads\/2025\/08\/violencia-domestica_freepik.jpg\" alt=\"\" class=\"wp-image-61085\" srcset=\"https:\/\/jornalfatosenoticias.com.br\/wp-content\/uploads\/2025\/08\/violencia-domestica_freepik.jpg 1000w, https:\/\/jornalfatosenoticias.com.br\/wp-content\/uploads\/2025\/08\/violencia-domestica_freepik-300x200.jpg 300w, https:\/\/jornalfatosenoticias.com.br\/wp-content\/uploads\/2025\/08\/violencia-domestica_freepik-768x511.jpg 768w\" sizes=\"auto, (max-width: 1000px) 100vw, 1000px\" \/><figcaption><em><span class=\"has-inline-color has-black-color\">Viol\u00eancia contra a mulher (Foto: Freepik)<\/span><\/em><\/figcaption><\/figure><\/div>\n\n\n\n<p>O des\u00e2nimo inunda. Crian\u00e7as, visivelmente, desesperadas, aos gritos, se autoflagelando, sendo entregues aos seus abusadores. Mulheres, com Medidas Protetivas emitidas pelo Minist\u00e9rio P\u00fablico, sendo obrigadas a ter contato com quem as espancava, porque acredita-se que assim a crian\u00e7a vai pensar que os pais n\u00e3o brigam mais, que est\u00e1 tudo bem. Essa vis\u00e3o de crian\u00e7a mamulengo \u00e9 muito frequente. Ela n\u00e3o tem vontade, ali\u00e1s isso tamb\u00e9m \u00e9 bradado por uma pessoa que dita essas regras aberrantes, n\u00e3o h\u00e1 respeito por ela.<\/p>\n\n\n\n<div class=\"wp-block-image\"><figure class=\"aligncenter size-large is-resized\"><a href=\"https:\/\/www.instagram.com\/rcradiadores\/\"><img loading=\"lazy\" decoding=\"async\" src=\"https:\/\/jornalfatosenoticias.com.br\/wp-content\/uploads\/2022\/10\/RC_800x750_page-0001.jpg\" alt=\"\" class=\"wp-image-35338\" width=\"310\" height=\"291\" srcset=\"https:\/\/jornalfatosenoticias.com.br\/wp-content\/uploads\/2022\/10\/RC_800x750_page-0001.jpg 400w, https:\/\/jornalfatosenoticias.com.br\/wp-content\/uploads\/2022\/10\/RC_800x750_page-0001-300x281.jpg 300w\" sizes=\"auto, (max-width: 310px) 100vw, 310px\" \/><\/a><\/figure><\/div>\n\n\n\n<p>Mas, aviso, o des\u00e2nimo \u00e9 uma energia nefasta, sim, contudo ele se transforma em for\u00e7a motora. A decep\u00e7\u00e3o em certas criaturas precisa ser mat\u00e9ria-prima para o fortalecimento dessas crian\u00e7as, com um melhor aprimoramento do enfrentamento desse barbarismo. Barbarismo de predadores de crian\u00e7as. Barbarismo institucional de agentes que garantem o acobertamento de criminosos, como escreveu uma jurista.<\/p>\n\n\n\n<div class=\"wp-block-image\"><figure class=\"aligncenter size-large is-resized\"><a href=\"https:\/\/www.instagram.com\/esteio.churrascaria\/\"><img loading=\"lazy\" decoding=\"async\" src=\"https:\/\/jornalfatosenoticias.com.br\/wp-content\/uploads\/2022\/02\/LOGO-ESTEIO-1024x730.png\" alt=\"\" class=\"wp-image-27942\" width=\"349\" height=\"249\" srcset=\"https:\/\/jornalfatosenoticias.com.br\/wp-content\/uploads\/2022\/02\/LOGO-ESTEIO-1024x730.png 1024w, https:\/\/jornalfatosenoticias.com.br\/wp-content\/uploads\/2022\/02\/LOGO-ESTEIO-300x214.png 300w, https:\/\/jornalfatosenoticias.com.br\/wp-content\/uploads\/2022\/02\/LOGO-ESTEIO-768x548.png 768w, https:\/\/jornalfatosenoticias.com.br\/wp-content\/uploads\/2022\/02\/LOGO-ESTEIO.png 1123w\" sizes=\"auto, (max-width: 349px) 100vw, 349px\" \/><\/a><\/figure><\/div>\n\n\n\n<p>\u00c9 preciso n\u00e3o esperar as respostas que rondam nossas mentes quando entramos em contato com esse submundo humano. Infelizmente \u00e9 humano. Os animais s\u00e3o mais \u00e9ticos com seus filhotes. As perguntas, muitas vezes, esbarram no \u201ccomo\u201d. Realmente, \u00e9 de dif\u00edcil compreens\u00e3o se pensar em como, diante de evid\u00eancias, de relatos pormenorizados e compat\u00edveis com a idade, de provas em v\u00eddeo e exames de Corpo de Delito, um agente escolhe prestigiar um abusador, escrevendo interpreta\u00e7\u00f5es descabidas at\u00e9 pela l\u00f3gica.<\/p>\n\n\n\n<div class=\"wp-block-image\"><figure class=\"aligncenter size-large is-resized\"><a href=\"https:\/\/www.facebook.com\/postobkr\/?locale=pt_BR\"><img loading=\"lazy\" decoding=\"async\" src=\"https:\/\/jornalfatosenoticias.com.br\/wp-content\/uploads\/2023\/08\/BKR-1024x1021.jpg\" alt=\"\" class=\"wp-image-44494\" width=\"294\" height=\"293\" srcset=\"https:\/\/jornalfatosenoticias.com.br\/wp-content\/uploads\/2023\/08\/BKR-1024x1021.jpg 1024w, https:\/\/jornalfatosenoticias.com.br\/wp-content\/uploads\/2023\/08\/BKR-300x300.jpg 300w, https:\/\/jornalfatosenoticias.com.br\/wp-content\/uploads\/2023\/08\/BKR-150x150.jpg 150w, https:\/\/jornalfatosenoticias.com.br\/wp-content\/uploads\/2023\/08\/BKR-768x766.jpg 768w, https:\/\/jornalfatosenoticias.com.br\/wp-content\/uploads\/2023\/08\/BKR.jpg 1080w\" sizes=\"auto, (max-width: 294px) 100vw, 294px\" \/><\/a><\/figure><\/div>\n\n\n\n<p>Esse \u00e9 o momento em que surge aquela intrigante indaga\u00e7\u00e3o: como consegue deitar a cabe\u00e7a no travesseiro e dormir? Penso que a resposta \u00e9 simples. N\u00e3o h\u00e1 capacidade de empatia, n\u00e3o h\u00e1 espa\u00e7o para sentir nada pela crian\u00e7a. \u00c9 um jogo de Poder. Ter o Poder \u00e9 um prazer maior. Juntar-se \u00e9 somar. A Identifica\u00e7\u00e3o com o Agressor se encarrega de ninar essa cabe\u00e7a.<\/p>\n\n\n\n<div class=\"wp-block-image\"><figure class=\"aligncenter size-large is-resized\"><a href=\"https:\/\/hotelmarquetti.com.br\/\"><img loading=\"lazy\" decoding=\"async\" src=\"https:\/\/jornalfatosenoticias.com.br\/wp-content\/uploads\/2020\/02\/LOGO-MQ-1024x680.jpg\" alt=\"\" class=\"wp-image-58299\" width=\"334\" height=\"222\" srcset=\"https:\/\/jornalfatosenoticias.com.br\/wp-content\/uploads\/2020\/02\/LOGO-MQ-1024x680.jpg 1024w, https:\/\/jornalfatosenoticias.com.br\/wp-content\/uploads\/2020\/02\/LOGO-MQ-300x199.jpg 300w, https:\/\/jornalfatosenoticias.com.br\/wp-content\/uploads\/2020\/02\/LOGO-MQ-768x510.jpg 768w, https:\/\/jornalfatosenoticias.com.br\/wp-content\/uploads\/2020\/02\/LOGO-MQ-1536x1020.jpg 1536w, https:\/\/jornalfatosenoticias.com.br\/wp-content\/uploads\/2020\/02\/LOGO-MQ-2048x1360.jpg 2048w\" sizes=\"auto, (max-width: 334px) 100vw, 334px\" \/><\/a><\/figure><\/div>\n","protected":false},"excerpt":{"rendered":"<p>Como a voz da crian\u00e7a n\u00e3o \u00e9 escutada, e a voz da m\u00e3e \u00e9 repleta de estere\u00f3tipos seculares, de nada adianta o relato e mesmo as provas dos abusos. A justi\u00e7a \u00e9 cega mesmo Poucas vezes na minha vida, que j\u00e1 \u00e9 longa, fui invadida por um des\u00e2nimo. Confesso que esse \u00e9 um desses raros [&hellip;]<\/p>\n","protected":false},"author":8,"featured_media":61083,"comment_status":"open","ping_status":"open","sticky":false,"template":"","format":"standard","meta":{"footnotes":""},"categories":[2522],"tags":[5317,1317,1345,2471,1340,2479],"class_list":["post-61082","post","type-post","status-publish","format-standard","has-post-thumbnail","hentry","category-comportamento","tag-abusos","tag-crianca","tag-justica","tag-mae","tag-sociedade","tag-violencia"],"yoast_head":"<!-- This site is optimized with the Yoast SEO plugin v26.5 - https:\/\/yoast.com\/wordpress\/plugins\/seo\/ -->\n<title>A Crian\u00e7a, a Sociedade, a Justi\u00e7a \u2014 Parte I - Jornal Fatos e Not\u00edcias<\/title>\n<meta name=\"robots\" content=\"index, follow, max-snippet:-1, max-image-preview:large, max-video-preview:-1\" \/>\n<link rel=\"canonical\" href=\"https:\/\/jornalfatosenoticias.com.br\/index.php\/2025\/08\/07\/a-crianca-a-sociedade-a-justica-parte-i\/\" \/>\n<meta property=\"og:locale\" content=\"pt_BR\" \/>\n<meta property=\"og:type\" content=\"article\" \/>\n<meta property=\"og:title\" content=\"A Crian\u00e7a, a Sociedade, a Justi\u00e7a \u2014 Parte I - Jornal Fatos e Not\u00edcias\" \/>\n<meta property=\"og:description\" content=\"Como a voz da crian\u00e7a n\u00e3o \u00e9 escutada, e a voz da m\u00e3e \u00e9 repleta de estere\u00f3tipos seculares, de nada adianta o relato e mesmo as provas dos abusos. A justi\u00e7a \u00e9 cega mesmo Poucas vezes na minha vida, que j\u00e1 \u00e9 longa, fui invadida por um des\u00e2nimo. Confesso que esse \u00e9 um desses raros [&hellip;]\" \/>\n<meta property=\"og:url\" content=\"https:\/\/jornalfatosenoticias.com.br\/index.php\/2025\/08\/07\/a-crianca-a-sociedade-a-justica-parte-i\/\" \/>\n<meta property=\"og:site_name\" content=\"Jornal Fatos e Not\u00edcias\" \/>\n<meta property=\"article:published_time\" content=\"2025-08-07T20:13:31+00:00\" \/>\n<meta property=\"article:modified_time\" content=\"2025-08-07T20:13:32+00:00\" \/>\n<meta property=\"og:image\" content=\"https:\/\/jornalfatosenoticias.com.br\/wp-content\/uploads\/2025\/08\/alienacao-parental_freepik-com-ia.jpg\" \/>\n\t<meta property=\"og:image:width\" content=\"1000\" \/>\n\t<meta property=\"og:image:height\" content=\"560\" \/>\n\t<meta property=\"og:image:type\" content=\"image\/jpeg\" \/>\n<meta name=\"author\" content=\"Ana Maria Iencarelli\" \/>\n<meta name=\"twitter:card\" content=\"summary_large_image\" \/>\n<meta name=\"twitter:label1\" content=\"Escrito por\" \/>\n\t<meta name=\"twitter:data1\" content=\"Ana Maria Iencarelli\" \/>\n\t<meta name=\"twitter:label2\" content=\"Est. tempo de leitura\" \/>\n\t<meta name=\"twitter:data2\" content=\"4 minutos\" \/>\n<script type=\"application\/ld+json\" class=\"yoast-schema-graph\">{\"@context\":\"https:\/\/schema.org\",\"@graph\":[{\"@type\":\"Article\",\"@id\":\"https:\/\/jornalfatosenoticias.com.br\/index.php\/2025\/08\/07\/a-crianca-a-sociedade-a-justica-parte-i\/#article\",\"isPartOf\":{\"@id\":\"https:\/\/jornalfatosenoticias.com.br\/index.php\/2025\/08\/07\/a-crianca-a-sociedade-a-justica-parte-i\/\"},\"author\":{\"name\":\"Ana Maria Iencarelli\",\"@id\":\"https:\/\/jornalfatosenoticias.com.br\/#\/schema\/person\/c33fcf5fb02d729d3fec92c6737a22d1\"},\"headline\":\"A Crian\u00e7a, a Sociedade, a Justi\u00e7a \u2014 Parte I\",\"datePublished\":\"2025-08-07T20:13:31+00:00\",\"dateModified\":\"2025-08-07T20:13:32+00:00\",\"mainEntityOfPage\":{\"@id\":\"https:\/\/jornalfatosenoticias.com.br\/index.php\/2025\/08\/07\/a-crianca-a-sociedade-a-justica-parte-i\/\"},\"wordCount\":894,\"commentCount\":0,\"publisher\":{\"@id\":\"https:\/\/jornalfatosenoticias.com.br\/#organization\"},\"image\":{\"@id\":\"https:\/\/jornalfatosenoticias.com.br\/index.php\/2025\/08\/07\/a-crianca-a-sociedade-a-justica-parte-i\/#primaryimage\"},\"thumbnailUrl\":\"https:\/\/jornalfatosenoticias.com.br\/wp-content\/uploads\/2025\/08\/alienacao-parental_freepik-com-ia.jpg\",\"keywords\":[\"abusos\",\"crian\u00e7a\",\"justi\u00e7a\",\"m\u00e3e\",\"sociedade\",\"viol\u00eancia\"],\"articleSection\":[\"Comportamento &amp; Equil\u00edbrio\"],\"inLanguage\":\"pt-BR\",\"potentialAction\":[{\"@type\":\"CommentAction\",\"name\":\"Comment\",\"target\":[\"https:\/\/jornalfatosenoticias.com.br\/index.php\/2025\/08\/07\/a-crianca-a-sociedade-a-justica-parte-i\/#respond\"]}]},{\"@type\":\"WebPage\",\"@id\":\"https:\/\/jornalfatosenoticias.com.br\/index.php\/2025\/08\/07\/a-crianca-a-sociedade-a-justica-parte-i\/\",\"url\":\"https:\/\/jornalfatosenoticias.com.br\/index.php\/2025\/08\/07\/a-crianca-a-sociedade-a-justica-parte-i\/\",\"name\":\"A Crian\u00e7a, a Sociedade, a Justi\u00e7a \u2014 Parte I - Jornal Fatos e Not\u00edcias\",\"isPartOf\":{\"@id\":\"https:\/\/jornalfatosenoticias.com.br\/#website\"},\"primaryImageOfPage\":{\"@id\":\"https:\/\/jornalfatosenoticias.com.br\/index.php\/2025\/08\/07\/a-crianca-a-sociedade-a-justica-parte-i\/#primaryimage\"},\"image\":{\"@id\":\"https:\/\/jornalfatosenoticias.com.br\/index.php\/2025\/08\/07\/a-crianca-a-sociedade-a-justica-parte-i\/#primaryimage\"},\"thumbnailUrl\":\"https:\/\/jornalfatosenoticias.com.br\/wp-content\/uploads\/2025\/08\/alienacao-parental_freepik-com-ia.jpg\",\"datePublished\":\"2025-08-07T20:13:31+00:00\",\"dateModified\":\"2025-08-07T20:13:32+00:00\",\"breadcrumb\":{\"@id\":\"https:\/\/jornalfatosenoticias.com.br\/index.php\/2025\/08\/07\/a-crianca-a-sociedade-a-justica-parte-i\/#breadcrumb\"},\"inLanguage\":\"pt-BR\",\"potentialAction\":[{\"@type\":\"ReadAction\",\"target\":[\"https:\/\/jornalfatosenoticias.com.br\/index.php\/2025\/08\/07\/a-crianca-a-sociedade-a-justica-parte-i\/\"]}]},{\"@type\":\"ImageObject\",\"inLanguage\":\"pt-BR\",\"@id\":\"https:\/\/jornalfatosenoticias.com.br\/index.php\/2025\/08\/07\/a-crianca-a-sociedade-a-justica-parte-i\/#primaryimage\",\"url\":\"https:\/\/jornalfatosenoticias.com.br\/wp-content\/uploads\/2025\/08\/alienacao-parental_freepik-com-ia.jpg\",\"contentUrl\":\"https:\/\/jornalfatosenoticias.com.br\/wp-content\/uploads\/2025\/08\/alienacao-parental_freepik-com-ia.jpg\",\"width\":1000,\"height\":560},{\"@type\":\"BreadcrumbList\",\"@id\":\"https:\/\/jornalfatosenoticias.com.br\/index.php\/2025\/08\/07\/a-crianca-a-sociedade-a-justica-parte-i\/#breadcrumb\",\"itemListElement\":[{\"@type\":\"ListItem\",\"position\":1,\"name\":\"In\u00edcio\",\"item\":\"https:\/\/jornalfatosenoticias.com.br\/\"},{\"@type\":\"ListItem\",\"position\":2,\"name\":\"A Crian\u00e7a, a Sociedade, a Justi\u00e7a \u2014 Parte I\"}]},{\"@type\":\"WebSite\",\"@id\":\"https:\/\/jornalfatosenoticias.com.br\/#website\",\"url\":\"https:\/\/jornalfatosenoticias.com.br\/\",\"name\":\"Jornal Fatos e Not\u00edcias\",\"description\":\"Not\u00edcias em geral\",\"publisher\":{\"@id\":\"https:\/\/jornalfatosenoticias.com.br\/#organization\"},\"potentialAction\":[{\"@type\":\"SearchAction\",\"target\":{\"@type\":\"EntryPoint\",\"urlTemplate\":\"https:\/\/jornalfatosenoticias.com.br\/?s={search_term_string}\"},\"query-input\":{\"@type\":\"PropertyValueSpecification\",\"valueRequired\":true,\"valueName\":\"search_term_string\"}}],\"inLanguage\":\"pt-BR\"},{\"@type\":\"Organization\",\"@id\":\"https:\/\/jornalfatosenoticias.com.br\/#organization\",\"name\":\"Jornal Fatos e Not\u00edcias\",\"url\":\"https:\/\/jornalfatosenoticias.com.br\/\",\"logo\":{\"@type\":\"ImageObject\",\"inLanguage\":\"pt-BR\",\"@id\":\"https:\/\/jornalfatosenoticias.com.br\/#\/schema\/logo\/image\/\",\"url\":\"https:\/\/jornalfatosenoticias.com.br\/wp-content\/uploads\/2020\/02\/logo120.png\",\"contentUrl\":\"https:\/\/jornalfatosenoticias.com.br\/wp-content\/uploads\/2020\/02\/logo120.png\",\"width\":1227,\"height\":120,\"caption\":\"Jornal Fatos e Not\u00edcias\"},\"image\":{\"@id\":\"https:\/\/jornalfatosenoticias.com.br\/#\/schema\/logo\/image\/\"}},{\"@type\":\"Person\",\"@id\":\"https:\/\/jornalfatosenoticias.com.br\/#\/schema\/person\/c33fcf5fb02d729d3fec92c6737a22d1\",\"name\":\"Ana Maria Iencarelli\",\"image\":{\"@type\":\"ImageObject\",\"inLanguage\":\"pt-BR\",\"@id\":\"https:\/\/jornalfatosenoticias.com.br\/#\/schema\/person\/image\/\",\"url\":\"https:\/\/jornalfatosenoticias.com.br\/wp-content\/uploads\/2020\/02\/Ana-Maria-Iencarelli-1-150x150.jpg\",\"contentUrl\":\"https:\/\/jornalfatosenoticias.com.br\/wp-content\/uploads\/2020\/02\/Ana-Maria-Iencarelli-1-150x150.jpg\",\"caption\":\"Ana Maria Iencarelli\"},\"description\":\"Psicanalista Cl\u00ednica, especializada no atendimento a Crian\u00e7as e Adolescentes. Presidente da ONG Vozes de Anjos.\",\"url\":\"https:\/\/jornalfatosenoticias.com.br\/index.php\/author\/anamaria\/\"}]}<\/script>\n<!-- \/ Yoast SEO plugin. -->","yoast_head_json":{"title":"A Crian\u00e7a, a Sociedade, a Justi\u00e7a \u2014 Parte I - Jornal Fatos e Not\u00edcias","robots":{"index":"index","follow":"follow","max-snippet":"max-snippet:-1","max-image-preview":"max-image-preview:large","max-video-preview":"max-video-preview:-1"},"canonical":"https:\/\/jornalfatosenoticias.com.br\/index.php\/2025\/08\/07\/a-crianca-a-sociedade-a-justica-parte-i\/","og_locale":"pt_BR","og_type":"article","og_title":"A Crian\u00e7a, a Sociedade, a Justi\u00e7a \u2014 Parte I - Jornal Fatos e Not\u00edcias","og_description":"Como a voz da crian\u00e7a n\u00e3o \u00e9 escutada, e a voz da m\u00e3e \u00e9 repleta de estere\u00f3tipos seculares, de nada adianta o relato e mesmo as provas dos abusos. A justi\u00e7a \u00e9 cega mesmo Poucas vezes na minha vida, que j\u00e1 \u00e9 longa, fui invadida por um des\u00e2nimo. Confesso que esse \u00e9 um desses raros [&hellip;]","og_url":"https:\/\/jornalfatosenoticias.com.br\/index.php\/2025\/08\/07\/a-crianca-a-sociedade-a-justica-parte-i\/","og_site_name":"Jornal Fatos e Not\u00edcias","article_published_time":"2025-08-07T20:13:31+00:00","article_modified_time":"2025-08-07T20:13:32+00:00","og_image":[{"width":1000,"height":560,"url":"https:\/\/jornalfatosenoticias.com.br\/wp-content\/uploads\/2025\/08\/alienacao-parental_freepik-com-ia.jpg","type":"image\/jpeg"}],"author":"Ana Maria Iencarelli","twitter_card":"summary_large_image","twitter_misc":{"Escrito por":"Ana Maria Iencarelli","Est. tempo de leitura":"4 minutos"},"schema":{"@context":"https:\/\/schema.org","@graph":[{"@type":"Article","@id":"https:\/\/jornalfatosenoticias.com.br\/index.php\/2025\/08\/07\/a-crianca-a-sociedade-a-justica-parte-i\/#article","isPartOf":{"@id":"https:\/\/jornalfatosenoticias.com.br\/index.php\/2025\/08\/07\/a-crianca-a-sociedade-a-justica-parte-i\/"},"author":{"name":"Ana Maria Iencarelli","@id":"https:\/\/jornalfatosenoticias.com.br\/#\/schema\/person\/c33fcf5fb02d729d3fec92c6737a22d1"},"headline":"A Crian\u00e7a, a Sociedade, a Justi\u00e7a \u2014 Parte I","datePublished":"2025-08-07T20:13:31+00:00","dateModified":"2025-08-07T20:13:32+00:00","mainEntityOfPage":{"@id":"https:\/\/jornalfatosenoticias.com.br\/index.php\/2025\/08\/07\/a-crianca-a-sociedade-a-justica-parte-i\/"},"wordCount":894,"commentCount":0,"publisher":{"@id":"https:\/\/jornalfatosenoticias.com.br\/#organization"},"image":{"@id":"https:\/\/jornalfatosenoticias.com.br\/index.php\/2025\/08\/07\/a-crianca-a-sociedade-a-justica-parte-i\/#primaryimage"},"thumbnailUrl":"https:\/\/jornalfatosenoticias.com.br\/wp-content\/uploads\/2025\/08\/alienacao-parental_freepik-com-ia.jpg","keywords":["abusos","crian\u00e7a","justi\u00e7a","m\u00e3e","sociedade","viol\u00eancia"],"articleSection":["Comportamento &amp; Equil\u00edbrio"],"inLanguage":"pt-BR","potentialAction":[{"@type":"CommentAction","name":"Comment","target":["https:\/\/jornalfatosenoticias.com.br\/index.php\/2025\/08\/07\/a-crianca-a-sociedade-a-justica-parte-i\/#respond"]}]},{"@type":"WebPage","@id":"https:\/\/jornalfatosenoticias.com.br\/index.php\/2025\/08\/07\/a-crianca-a-sociedade-a-justica-parte-i\/","url":"https:\/\/jornalfatosenoticias.com.br\/index.php\/2025\/08\/07\/a-crianca-a-sociedade-a-justica-parte-i\/","name":"A Crian\u00e7a, a Sociedade, a Justi\u00e7a \u2014 Parte I - Jornal Fatos e Not\u00edcias","isPartOf":{"@id":"https:\/\/jornalfatosenoticias.com.br\/#website"},"primaryImageOfPage":{"@id":"https:\/\/jornalfatosenoticias.com.br\/index.php\/2025\/08\/07\/a-crianca-a-sociedade-a-justica-parte-i\/#primaryimage"},"image":{"@id":"https:\/\/jornalfatosenoticias.com.br\/index.php\/2025\/08\/07\/a-crianca-a-sociedade-a-justica-parte-i\/#primaryimage"},"thumbnailUrl":"https:\/\/jornalfatosenoticias.com.br\/wp-content\/uploads\/2025\/08\/alienacao-parental_freepik-com-ia.jpg","datePublished":"2025-08-07T20:13:31+00:00","dateModified":"2025-08-07T20:13:32+00:00","breadcrumb":{"@id":"https:\/\/jornalfatosenoticias.com.br\/index.php\/2025\/08\/07\/a-crianca-a-sociedade-a-justica-parte-i\/#breadcrumb"},"inLanguage":"pt-BR","potentialAction":[{"@type":"ReadAction","target":["https:\/\/jornalfatosenoticias.com.br\/index.php\/2025\/08\/07\/a-crianca-a-sociedade-a-justica-parte-i\/"]}]},{"@type":"ImageObject","inLanguage":"pt-BR","@id":"https:\/\/jornalfatosenoticias.com.br\/index.php\/2025\/08\/07\/a-crianca-a-sociedade-a-justica-parte-i\/#primaryimage","url":"https:\/\/jornalfatosenoticias.com.br\/wp-content\/uploads\/2025\/08\/alienacao-parental_freepik-com-ia.jpg","contentUrl":"https:\/\/jornalfatosenoticias.com.br\/wp-content\/uploads\/2025\/08\/alienacao-parental_freepik-com-ia.jpg","width":1000,"height":560},{"@type":"BreadcrumbList","@id":"https:\/\/jornalfatosenoticias.com.br\/index.php\/2025\/08\/07\/a-crianca-a-sociedade-a-justica-parte-i\/#breadcrumb","itemListElement":[{"@type":"ListItem","position":1,"name":"In\u00edcio","item":"https:\/\/jornalfatosenoticias.com.br\/"},{"@type":"ListItem","position":2,"name":"A Crian\u00e7a, a Sociedade, a Justi\u00e7a \u2014 Parte I"}]},{"@type":"WebSite","@id":"https:\/\/jornalfatosenoticias.com.br\/#website","url":"https:\/\/jornalfatosenoticias.com.br\/","name":"Jornal Fatos e Not\u00edcias","description":"Not\u00edcias em geral","publisher":{"@id":"https:\/\/jornalfatosenoticias.com.br\/#organization"},"potentialAction":[{"@type":"SearchAction","target":{"@type":"EntryPoint","urlTemplate":"https:\/\/jornalfatosenoticias.com.br\/?s={search_term_string}"},"query-input":{"@type":"PropertyValueSpecification","valueRequired":true,"valueName":"search_term_string"}}],"inLanguage":"pt-BR"},{"@type":"Organization","@id":"https:\/\/jornalfatosenoticias.com.br\/#organization","name":"Jornal Fatos e Not\u00edcias","url":"https:\/\/jornalfatosenoticias.com.br\/","logo":{"@type":"ImageObject","inLanguage":"pt-BR","@id":"https:\/\/jornalfatosenoticias.com.br\/#\/schema\/logo\/image\/","url":"https:\/\/jornalfatosenoticias.com.br\/wp-content\/uploads\/2020\/02\/logo120.png","contentUrl":"https:\/\/jornalfatosenoticias.com.br\/wp-content\/uploads\/2020\/02\/logo120.png","width":1227,"height":120,"caption":"Jornal Fatos e Not\u00edcias"},"image":{"@id":"https:\/\/jornalfatosenoticias.com.br\/#\/schema\/logo\/image\/"}},{"@type":"Person","@id":"https:\/\/jornalfatosenoticias.com.br\/#\/schema\/person\/c33fcf5fb02d729d3fec92c6737a22d1","name":"Ana Maria Iencarelli","image":{"@type":"ImageObject","inLanguage":"pt-BR","@id":"https:\/\/jornalfatosenoticias.com.br\/#\/schema\/person\/image\/","url":"https:\/\/jornalfatosenoticias.com.br\/wp-content\/uploads\/2020\/02\/Ana-Maria-Iencarelli-1-150x150.jpg","contentUrl":"https:\/\/jornalfatosenoticias.com.br\/wp-content\/uploads\/2020\/02\/Ana-Maria-Iencarelli-1-150x150.jpg","caption":"Ana Maria Iencarelli"},"description":"Psicanalista Cl\u00ednica, especializada no atendimento a Crian\u00e7as e Adolescentes. Presidente da ONG Vozes de Anjos.","url":"https:\/\/jornalfatosenoticias.com.br\/index.php\/author\/anamaria\/"}]}},"cc_featured_image_caption":{"caption_text":"(Foto: Freepik com IA)","source_text":"","source_url":""},"jetpack_featured_media_url":"https:\/\/jornalfatosenoticias.com.br\/wp-content\/uploads\/2025\/08\/alienacao-parental_freepik-com-ia.jpg","_links":{"self":[{"href":"https:\/\/jornalfatosenoticias.com.br\/index.php\/wp-json\/wp\/v2\/posts\/61082","targetHints":{"allow":["GET"]}}],"collection":[{"href":"https:\/\/jornalfatosenoticias.com.br\/index.php\/wp-json\/wp\/v2\/posts"}],"about":[{"href":"https:\/\/jornalfatosenoticias.com.br\/index.php\/wp-json\/wp\/v2\/types\/post"}],"author":[{"embeddable":true,"href":"https:\/\/jornalfatosenoticias.com.br\/index.php\/wp-json\/wp\/v2\/users\/8"}],"replies":[{"embeddable":true,"href":"https:\/\/jornalfatosenoticias.com.br\/index.php\/wp-json\/wp\/v2\/comments?post=61082"}],"version-history":[{"count":0,"href":"https:\/\/jornalfatosenoticias.com.br\/index.php\/wp-json\/wp\/v2\/posts\/61082\/revisions"}],"wp:featuredmedia":[{"embeddable":true,"href":"https:\/\/jornalfatosenoticias.com.br\/index.php\/wp-json\/wp\/v2\/media\/61083"}],"wp:attachment":[{"href":"https:\/\/jornalfatosenoticias.com.br\/index.php\/wp-json\/wp\/v2\/media?parent=61082"}],"wp:term":[{"taxonomy":"category","embeddable":true,"href":"https:\/\/jornalfatosenoticias.com.br\/index.php\/wp-json\/wp\/v2\/categories?post=61082"},{"taxonomy":"post_tag","embeddable":true,"href":"https:\/\/jornalfatosenoticias.com.br\/index.php\/wp-json\/wp\/v2\/tags?post=61082"}],"curies":[{"name":"wp","href":"https:\/\/api.w.org\/{rel}","templated":true}]}}