{"id":61099,"date":"2025-08-07T18:25:23","date_gmt":"2025-08-07T21:25:23","guid":{"rendered":"https:\/\/jornalfatosenoticias.com.br\/?p=61099"},"modified":"2025-08-07T18:25:25","modified_gmt":"2025-08-07T21:25:25","slug":"a-semana-no-brasil-e-no-mundo-bolsonaro-e-o-unico-ex-presidente-preso-sem-condenacao-ou-acusacao-de-corrupcao","status":"publish","type":"post","link":"https:\/\/jornalfatosenoticias.com.br\/index.php\/2025\/08\/07\/a-semana-no-brasil-e-no-mundo-bolsonaro-e-o-unico-ex-presidente-preso-sem-condenacao-ou-acusacao-de-corrupcao\/","title":{"rendered":"A Semana no Brasil e no Mundo \u2014 Bolsonaro \u00e9 o \u00fanico ex-presidente preso sem condena\u00e7\u00e3o ou acusa\u00e7\u00e3o de corrup\u00e7\u00e3o"},"content":{"rendered":"\n<div class=\"wp-block-image\"><figure class=\"aligncenter size-large\"><a href=\"https:\/\/mizu.com.br\/\"><img loading=\"lazy\" decoding=\"async\" width=\"729\" height=\"90\" src=\"https:\/\/jornalfatosenoticias.com.br\/wp-content\/uploads\/2020\/02\/Logo_Mizu.png\" alt=\"\" class=\"wp-image-1441\" srcset=\"https:\/\/jornalfatosenoticias.com.br\/wp-content\/uploads\/2020\/02\/Logo_Mizu.png 729w, https:\/\/jornalfatosenoticias.com.br\/wp-content\/uploads\/2020\/02\/Logo_Mizu-300x37.png 300w\" sizes=\"auto, (max-width: 729px) 100vw, 729px\" \/><\/a><\/figure><\/div>\n\n\n\n<p>Com a decreta\u00e7\u00e3o da pris\u00e3o domiciliar de Jair Bolsonaro (PL) na segunda-feira (4), o Brasil soma quatro ex-presidentes presos nos \u00faltimos sete anos. Diferente de Luiz In\u00e1cio Lula da Silva (PT), Michel Temer (MDB) e Fernando Collor de Mello (PRN), <strong><span class=\"has-inline-color has-black-color\">Bolsonaro \u00e9 o \u00fanico que n\u00e3o foi condenado nem responde por acusa\u00e7\u00f5es de corrup\u00e7\u00e3o.<\/span><\/strong><br>A decis\u00e3o do ministro Alexandre de Moraes, do Supremo Tribunal Federal (STF), foi motivada pelo suposto \u201cdescumprimento reiterado\u201d de medidas cautelares impostas em julho, como o uso de tornozeleira eletr\u00f4nica, o recolhimento domiciliar noturno e a proibi\u00e7\u00e3o do uso de redes sociais. De acordo com Moraes, Bolsonaro teria produzido conte\u00fado pol\u00edtico para ser divulgado por filhos e aliados, pr\u00e1tica considerada como burla \u00e0s restri\u00e7\u00f5es.<\/p>\n\n\n\n<div class=\"wp-block-image\"><figure class=\"aligncenter size-large\"><a href=\"http:\/\/www.ferrarimaquinas.com.br\/\"><img loading=\"lazy\" decoding=\"async\" width=\"300\" height=\"250\" src=\"https:\/\/jornalfatosenoticias.com.br\/wp-content\/uploads\/2022\/02\/FERRARI_MAQUINAS-E-FERRAMENTAS2.jpg\" alt=\"\" class=\"wp-image-27860\"\/><\/a><\/figure><\/div>\n\n\n\n<p>Com a nova ordem, o ex-presidente cumpre pris\u00e3o domiciliar em tempo integral, est\u00e1 proibido de usar celulares, receber visitas n\u00e3o autorizadas e manter contato com autoridades estrangeiras. Al\u00e9m disso, foram apreendidos seus aparelhos eletr\u00f4nicos, e Moraes advertiu que novas infra\u00e7\u00f5es podem levar \u00e0 pris\u00e3o preventiva em regime fechado.<\/p>\n\n\n\n<div class=\"wp-block-image\"><figure class=\"aligncenter size-large is-resized\"><a href=\"https:\/\/www.controlsystems.com.br\/\"><img loading=\"lazy\" decoding=\"async\" src=\"https:\/\/jornalfatosenoticias.com.br\/wp-content\/uploads\/2020\/02\/CONTROL-CS.jpg\" alt=\"\" class=\"wp-image-44991\" width=\"297\" height=\"356\" srcset=\"https:\/\/jornalfatosenoticias.com.br\/wp-content\/uploads\/2020\/02\/CONTROL-CS.jpg 834w, https:\/\/jornalfatosenoticias.com.br\/wp-content\/uploads\/2020\/02\/CONTROL-CS-250x300.jpg 250w, https:\/\/jornalfatosenoticias.com.br\/wp-content\/uploads\/2020\/02\/CONTROL-CS-768x921.jpg 768w\" sizes=\"auto, (max-width: 297px) 100vw, 297px\" \/><\/a><\/figure><\/div>\n\n\n\n<p>Diferentemente dos demais ex-presidentes presos, a decis\u00e3o que atingiu Bolsonaro n\u00e3o decorre de condena\u00e7\u00f5es por corrup\u00e7\u00e3o ou crimes financeiros, mas de investiga\u00e7\u00f5es envolvendo supostas alega\u00e7\u00f5es de \u2018coa\u00e7\u00e3o ao Judici\u00e1rio, obstru\u00e7\u00e3o de investiga\u00e7\u00e3o e aboli\u00e7\u00e3o violenta do Estado Democr\u00e1tico de Direito\u2019. Bolsonaro tamb\u00e9m \u00e9 r\u00e9u no processo que apura uma suposta tentativa de golpe de Estado, mas alega que sempre atuou \u201cdentro das quatro linhas\u201d da Constitui\u00e7\u00e3o e classificou qualquer ideia de ruptura institucional como \u201cabomin\u00e1vel\u201d.<\/p>\n\n\n\n<div class=\"wp-block-image\"><figure class=\"aligncenter size-large is-resized\"><a href=\"https:\/\/www.instagram.com\/gruposei\/\"><img loading=\"lazy\" decoding=\"async\" src=\"https:\/\/jornalfatosenoticias.com.br\/wp-content\/uploads\/2022\/07\/Logo-Grupo-SEI.jpg\" alt=\"\" class=\"wp-image-31973\" width=\"349\" height=\"183\" srcset=\"https:\/\/jornalfatosenoticias.com.br\/wp-content\/uploads\/2022\/07\/Logo-Grupo-SEI.jpg 713w, https:\/\/jornalfatosenoticias.com.br\/wp-content\/uploads\/2022\/07\/Logo-Grupo-SEI-300x158.jpg 300w\" sizes=\"auto, (max-width: 349px) 100vw, 349px\" \/><\/a><\/figure><\/div>\n\n\n\n<p>Enquanto Lula, Temer e Collor foram presos por envolvimento em esquemas de corrup\u00e7\u00e3o \u2014 dois deles no contexto da Opera\u00e7\u00e3o Lava Jato \u2014 <strong><span class=\"has-inline-color has-black-color\">Bolsonaro se torna um caso in\u00e9dito na hist\u00f3ria pol\u00edtica brasileira: o \u00fanico ex-presidente preso sem condena\u00e7\u00e3o judicial e sem liga\u00e7\u00e3o com desvios de dinheiro p\u00fablico.<\/span><\/strong> <strong>(Fonte: Hora Bras\u00edlia)<\/strong><\/p>\n\n\n\n<div class=\"wp-block-image\"><figure class=\"aligncenter size-large is-resized\"><a href=\"https:\/\/www.instagram.com\/rcradiadores\/\"><img loading=\"lazy\" decoding=\"async\" src=\"https:\/\/jornalfatosenoticias.com.br\/wp-content\/uploads\/2022\/10\/RC_800x750_page-0001.jpg\" alt=\"\" class=\"wp-image-35338\" width=\"286\" height=\"268\" srcset=\"https:\/\/jornalfatosenoticias.com.br\/wp-content\/uploads\/2022\/10\/RC_800x750_page-0001.jpg 400w, https:\/\/jornalfatosenoticias.com.br\/wp-content\/uploads\/2022\/10\/RC_800x750_page-0001-300x281.jpg 300w\" sizes=\"auto, (max-width: 286px) 100vw, 286px\" \/><\/a><\/figure><\/div>\n\n\n\n<hr class=\"wp-block-separator\"\/>\n\n\n\n<h3 class=\"wp-block-heading\"><span class=\"has-inline-color has-black-color\">San\u00e7\u00f5es \u00e0 vista? EUA recebem den\u00fancia contra presidente da OAB<\/span><\/h3>\n\n\n\n<div class=\"wp-block-image\"><figure class=\"aligncenter size-large\"><img loading=\"lazy\" decoding=\"async\" width=\"1000\" height=\"578\" src=\"https:\/\/jornalfatosenoticias.com.br\/wp-content\/uploads\/2025\/08\/Beto-Simonetti.jpg\" alt=\"\" class=\"wp-image-61104\" srcset=\"https:\/\/jornalfatosenoticias.com.br\/wp-content\/uploads\/2025\/08\/Beto-Simonetti.jpg 1000w, https:\/\/jornalfatosenoticias.com.br\/wp-content\/uploads\/2025\/08\/Beto-Simonetti-300x173.jpg 300w, https:\/\/jornalfatosenoticias.com.br\/wp-content\/uploads\/2025\/08\/Beto-Simonetti-768x444.jpg 768w\" sizes=\"auto, (max-width: 1000px) 100vw, 1000px\" \/><figcaption><em><span class=\"has-inline-color has-black-color\">Grupo de advogados acusa Beto Simonetti de omiss\u00e3o diante de den\u00fancias sobre tratamento de r\u00e9us do 8\/1 (Foto: Fellipe Sampaio\/SCO\/STF)<\/span><\/em><\/figcaption><\/figure><\/div>\n\n\n\n<p>Um grupo de juristas brasileiros enviou recentemente \u00e0 Presid\u00eancia dos Estados Unidos um documento em que solicitam san\u00e7\u00f5es contra Beto Simonetti, atual presidente do Conselho Federal da Ordem dos Advogados do Brasil (OAB). As informa\u00e7\u00f5es s\u00e3o da Revista Oeste. A iniciativa tem como base o suposto sil\u00eancio da entidade diante de den\u00fancias de viola\u00e7\u00f5es de direitos fundamentais cometidas contra presos relacionados aos eventos de 8 de janeiro de 2023.<\/p>\n\n\n\n<div class=\"wp-block-image\"><figure class=\"aligncenter size-large is-resized\"><a href=\"https:\/\/www.instagram.com\/serra4x4cambioautomatico\/\"><img loading=\"lazy\" decoding=\"async\" src=\"https:\/\/jornalfatosenoticias.com.br\/wp-content\/uploads\/2024\/08\/Serra-4x4-1-886x1024.jpg\" alt=\"\" class=\"wp-image-53632\" width=\"281\" height=\"325\" srcset=\"https:\/\/jornalfatosenoticias.com.br\/wp-content\/uploads\/2024\/08\/Serra-4x4-1-886x1024.jpg 886w, https:\/\/jornalfatosenoticias.com.br\/wp-content\/uploads\/2024\/08\/Serra-4x4-1-260x300.jpg 260w, https:\/\/jornalfatosenoticias.com.br\/wp-content\/uploads\/2024\/08\/Serra-4x4-1-768x888.jpg 768w, https:\/\/jornalfatosenoticias.com.br\/wp-content\/uploads\/2024\/08\/Serra-4x4-1.jpg 1181w\" sizes=\"auto, (max-width: 281px) 100vw, 281px\" \/><\/a><\/figure><\/div>\n\n\n\n<p>De acordo com o relat\u00f3rio, protocolado no \u00faltimo dia 27, Simonetti teria negligenciado situa\u00e7\u00f5es consideradas alarmantes, como a deten\u00e7\u00e3o de 142 mulheres na Penitenci\u00e1ria Feminina do Distrito Federal, conhecida como Colmeia. Segundo os autores do dossi\u00ea, as internas estariam submetidas a condi\u00e7\u00f5es insalubres, com acesso limitado \u00e0 \u00e1gua pot\u00e1vel e higiene b\u00e1sica. A den\u00fancia cita que havia apenas uma pia com \u00e1gua impr\u00f3pria para o consumo, sendo usada para beber, lavar roupas e cuidar da higiene pessoal \u2014 o que, segundo os advogados, fere diretamente a Conven\u00e7\u00e3o Americana sobre Direitos Humanos.<\/p>\n\n\n\n<div class=\"wp-block-image\"><figure class=\"aligncenter size-large is-resized\"><a href=\"https:\/\/www.facebook.com\/profile.php?id=100069289606145\"><img loading=\"lazy\" decoding=\"async\" src=\"https:\/\/jornalfatosenoticias.com.br\/wp-content\/uploads\/2024\/11\/Guaitolini-Contabilidade-1024x714.jpeg\" alt=\"\" class=\"wp-image-55808\" width=\"306\" height=\"213\" srcset=\"https:\/\/jornalfatosenoticias.com.br\/wp-content\/uploads\/2024\/11\/Guaitolini-Contabilidade-1024x714.jpeg 1024w, https:\/\/jornalfatosenoticias.com.br\/wp-content\/uploads\/2024\/11\/Guaitolini-Contabilidade-300x209.jpeg 300w, https:\/\/jornalfatosenoticias.com.br\/wp-content\/uploads\/2024\/11\/Guaitolini-Contabilidade-768x535.jpeg 768w, https:\/\/jornalfatosenoticias.com.br\/wp-content\/uploads\/2024\/11\/Guaitolini-Contabilidade.jpeg 1280w\" sizes=\"auto, (max-width: 306px) 100vw, 306px\" \/><\/a><\/figure><\/div>\n\n\n\n<p>O documento tamb\u00e9m aponta diversas omiss\u00f5es da OAB diante de entraves impostos \u00e0 atua\u00e7\u00e3o de advogados em processos conduzidos pelo Supremo Tribunal Federal (STF). Entre os principais pontos est\u00e1 a restri\u00e7\u00e3o de acesso aos autos relatados pelo ministro Alexandre de Moraes, o que, na avalia\u00e7\u00e3o do grupo, compromete o direito \u00e0 ampla defesa garantido pela Declara\u00e7\u00e3o Americana dos Direitos e Deveres do Homem. Outra cr\u00edtica diz respeito \u00e0 aceita\u00e7\u00e3o, por parte da Ordem, da realiza\u00e7\u00e3o dos julgamentos no formato virtual, que elimina a possibilidade de sustenta\u00e7\u00e3o oral por parte dos advogados.<\/p>\n\n\n\n<div class=\"wp-block-image\"><figure class=\"aligncenter size-large is-resized\"><a href=\"https:\/\/www.facebook.com\/postobkr\/?locale=pt_BR\"><img loading=\"lazy\" decoding=\"async\" src=\"https:\/\/jornalfatosenoticias.com.br\/wp-content\/uploads\/2023\/08\/BKR-1024x1021.jpg\" alt=\"\" class=\"wp-image-44494\" width=\"291\" height=\"290\" srcset=\"https:\/\/jornalfatosenoticias.com.br\/wp-content\/uploads\/2023\/08\/BKR-1024x1021.jpg 1024w, https:\/\/jornalfatosenoticias.com.br\/wp-content\/uploads\/2023\/08\/BKR-300x300.jpg 300w, https:\/\/jornalfatosenoticias.com.br\/wp-content\/uploads\/2023\/08\/BKR-150x150.jpg 150w, https:\/\/jornalfatosenoticias.com.br\/wp-content\/uploads\/2023\/08\/BKR-768x766.jpg 768w, https:\/\/jornalfatosenoticias.com.br\/wp-content\/uploads\/2023\/08\/BKR.jpg 1080w\" sizes=\"auto, (max-width: 291px) 100vw, 291px\" \/><\/a><\/figure><\/div>\n\n\n\n<p>Esse pedido por medidas punitivas contra Simonetti ocorre num momento de intensifica\u00e7\u00e3o das tens\u00f5es entre o Brasil e os Estados Unidos, ap\u00f3s decis\u00f5es como o cancelamento de vistos, a imposi\u00e7\u00e3o de tarifas sobre produtos brasileiros e a aplica\u00e7\u00e3o da Lei Magnitsky contra Moraes.<strong> (Fonte: Conex\u00e3o Pol\u00edtica)<\/strong><\/p>\n\n\n\n<div class=\"wp-block-image\"><figure class=\"aligncenter size-large is-resized\"><a href=\"https:\/\/www.facebook.com\/vetor.vix\/\"><img loading=\"lazy\" decoding=\"async\" src=\"https:\/\/jornalfatosenoticias.com.br\/wp-content\/uploads\/2023\/09\/vetorvix1024_1.jpg\" alt=\"\" class=\"wp-image-44868\" width=\"546\" height=\"145\" srcset=\"https:\/\/jornalfatosenoticias.com.br\/wp-content\/uploads\/2023\/09\/vetorvix1024_1.jpg 1024w, https:\/\/jornalfatosenoticias.com.br\/wp-content\/uploads\/2023\/09\/vetorvix1024_1-300x80.jpg 300w, https:\/\/jornalfatosenoticias.com.br\/wp-content\/uploads\/2023\/09\/vetorvix1024_1-768x205.jpg 768w\" sizes=\"auto, (max-width: 546px) 100vw, 546px\" \/><\/a><\/figure><\/div>\n\n\n\n<hr class=\"wp-block-separator\"\/>\n\n\n\n<h3 class=\"wp-block-heading\"><span class=\"has-inline-color has-black-color\">Documentos vazados acusam Moraes de usar ilegalmente redes sociais para prender manifestantes do 8 de janeiro<\/span><\/h3>\n\n\n\n<div class=\"wp-block-image\"><figure class=\"aligncenter size-large\"><img loading=\"lazy\" decoding=\"async\" width=\"612\" height=\"408\" src=\"https:\/\/jornalfatosenoticias.com.br\/wp-content\/uploads\/2025\/08\/moraes-prisoes-8-de-janeiro_gettyimages.jpg\" alt=\"\" class=\"wp-image-61103\" srcset=\"https:\/\/jornalfatosenoticias.com.br\/wp-content\/uploads\/2025\/08\/moraes-prisoes-8-de-janeiro_gettyimages.jpg 612w, https:\/\/jornalfatosenoticias.com.br\/wp-content\/uploads\/2025\/08\/moraes-prisoes-8-de-janeiro_gettyimages-300x200.jpg 300w\" sizes=\"auto, (max-width: 612px) 100vw, 612px\" \/><figcaption><em><span class=\"has-inline-color has-black-color\">(Foto: Getty Images)<\/span><\/em><\/figcaption><\/figure><\/div>\n\n\n\n<p>Uma nova leva de documentos, revelada pelo jornalista americano Michael Shellenberger, apontam que o Supremo Tribunal Federal (STF), atrav\u00e9s do ministro Alexandre de Moraes, teria usado postagens de redes sociais de forma ilegal para prender manifestantes e apoiadores do ex-presidente Jair Bolsonaro (PL) ap\u00f3s os atos de 8 de janeiro de 2023. Os arquivos, chamados de \u201cArquivos do 8 de Janeiro\u201d, indicam a cria\u00e7\u00e3o de uma for\u00e7a-tarefa de intelig\u00eancia secreta, com o objetivo de identificar e manter detidos os envolvidos, inclusive aqueles que n\u00e3o teriam cometido atos violentos.<\/p>\n\n\n\n<figure class=\"wp-block-embed-twitter wp-block-embed is-type-rich is-provider-twitter\"><div class=\"wp-block-embed__wrapper\">\n<blockquote class=\"twitter-tweet\" data-width=\"550\" data-dnt=\"true\"><p lang=\"en\" dir=\"ltr\">\ud83d\udea8EXCLUSIVE: JANUARY 8 FILES<br><br>New leaked files reveal that Brazil\u2019s Supreme Court illegally used social media posts to incarcerate pro-Bolsonaro protesters.<br><br>On January 8, 2023, hundreds of supporters of former President <a href=\"https:\/\/twitter.com\/jairbolsonaro?ref_src=twsrc%5Etfw\">@JairBolsonaro<\/a> entered government buildings in Bras\u00edlia, in\u2026 <a href=\"https:\/\/t.co\/vKJfd74Ibk\">pic.twitter.com\/vKJfd74Ibk<\/a><\/p>&mdash; Michael Shellenberger (@shellenberger) <a href=\"https:\/\/twitter.com\/shellenberger\/status\/1952396946595102871?ref_src=twsrc%5Etfw\">August 4, 2025<\/a><\/blockquote><script async src=\"https:\/\/platform.twitter.com\/widgets.js\" charset=\"utf-8\"><\/script>\n<\/div><\/figure>\n\n\n\n<p>Entre as revela\u00e7\u00f5es, os documentos apontam a exist\u00eancia de um grupo secreto no WhatsApp respons\u00e1vel por coordenar a produ\u00e7\u00e3o de \u201ccertid\u00f5es de intelig\u00eancia\u201d para incriminar suspeitos, al\u00e9m da deten\u00e7\u00e3o prolongada de manifestantes enquanto suas redes sociais eram vasculhadas por evid\u00eancias de discurso pol\u00edtico. Postagens e opini\u00f5es online teriam sido usadas como prova criminal em substitui\u00e7\u00e3o a a\u00e7\u00f5es concretas, e advogados de defesa teriam tido acesso negado aos materiais probat\u00f3rios. Outro ponto pol\u00eamico \u00e9 o uso de um banco de dados biom\u00e9trico supostamente sem respaldo legal para identificar e localizar suspeitos.<\/p>\n\n\n\n<div class=\"wp-block-image\"><figure class=\"aligncenter size-large\"><a href=\"https:\/\/www.cesconetto.com.br\/\"><img loading=\"lazy\" decoding=\"async\" width=\"300\" height=\"250\" src=\"https:\/\/jornalfatosenoticias.com.br\/wp-content\/uploads\/2020\/02\/Banner-2.png\" alt=\"\" class=\"wp-image-43787\"\/><\/a><\/figure><\/div>\n\n\n\n<p>A investiga\u00e7\u00e3o, conduzida pelos jornalistas David \u00c1gape e Eli Vieira Jr., com edi\u00e7\u00e3o de Alex Gutentag, acusa diretamente o ministro Alexandre de Moraes de extrapolar seus poderes. \u201cMoraes, servindo aos interesses de Lula, contornou a lei para efetivamente criminalizar o discurso pol\u00edtico. Sua repress\u00e3o judicial excessiva contra os manifestantes ajudou a legitimar a narrativa de que o 8 de janeiro foi uma \u2018tentativa de golpe\u2019 coordenada \u2014 uma narrativa central para o processo em andamento do tribunal contra Bolsonaro\u201d, afirma o relat\u00f3rio. <strong>(Fonte: Hora Bras\u00edlia)<\/strong><\/p>\n\n\n\n<div class=\"wp-block-image\"><figure class=\"aligncenter size-large is-resized\"><a href=\"https:\/\/www.instagram.com\/esteio.churrascaria\/\"><img loading=\"lazy\" decoding=\"async\" src=\"https:\/\/jornalfatosenoticias.com.br\/wp-content\/uploads\/2022\/02\/LOGO-ESTEIO-1024x730.png\" alt=\"\" class=\"wp-image-27942\" width=\"352\" height=\"251\" srcset=\"https:\/\/jornalfatosenoticias.com.br\/wp-content\/uploads\/2022\/02\/LOGO-ESTEIO-1024x730.png 1024w, https:\/\/jornalfatosenoticias.com.br\/wp-content\/uploads\/2022\/02\/LOGO-ESTEIO-300x214.png 300w, https:\/\/jornalfatosenoticias.com.br\/wp-content\/uploads\/2022\/02\/LOGO-ESTEIO-768x548.png 768w, https:\/\/jornalfatosenoticias.com.br\/wp-content\/uploads\/2022\/02\/LOGO-ESTEIO.png 1123w\" sizes=\"auto, (max-width: 352px) 100vw, 352px\" \/><\/a><\/figure><\/div>\n\n\n\n<hr class=\"wp-block-separator\"\/>\n\n\n\n<h3 class=\"wp-block-heading\"><span class=\"has-inline-color has-black-color\">Ex-oficial dos EUA diz que deep state interferiu em elei\u00e7\u00e3o no Brasil<\/span><\/h3>\n\n\n\n<div class=\"wp-block-image\"><figure class=\"aligncenter size-large\"><img loading=\"lazy\" decoding=\"async\" width=\"1000\" height=\"551\" src=\"https:\/\/jornalfatosenoticias.com.br\/wp-content\/uploads\/2025\/08\/Mike-Benz-interferencia-eleicao-no-Brasil.jpg\" alt=\"\" class=\"wp-image-61102\" srcset=\"https:\/\/jornalfatosenoticias.com.br\/wp-content\/uploads\/2025\/08\/Mike-Benz-interferencia-eleicao-no-Brasil.jpg 1000w, https:\/\/jornalfatosenoticias.com.br\/wp-content\/uploads\/2025\/08\/Mike-Benz-interferencia-eleicao-no-Brasil-300x165.jpg 300w, https:\/\/jornalfatosenoticias.com.br\/wp-content\/uploads\/2025\/08\/Mike-Benz-interferencia-eleicao-no-Brasil-768x423.jpg 768w\" sizes=\"auto, (max-width: 1000px) 100vw, 1000px\" \/><figcaption><em><span class=\"has-inline-color has-black-color\">Ex\u2011funcion\u00e1rio do Departamento de Estado dos EUA no governo Donald Trump, Mike Benz<\/span><\/em> <em><span class=\"has-inline-color has-black-color\">(Foto: Reprodu\u00e7\u00e3o\/C\u00e2mara dos Deputados)<\/span><\/em><\/figcaption><\/figure><\/div>\n\n\n\n<p>O ex\u2011funcion\u00e1rio do Departamento de Estado dos EUA no governo Donald Trump, Mike Benz, est\u00e1 sendo ouvido pela Comiss\u00e3o de Rela\u00e7\u00f5es Exteriores e Defesa Nacional (CREDN). Ele revelou que o chamado <em>deep state<\/em> americano teria triplicado o volume de verbas no Brasil com o objetivo de financiar ONGs e sindicatos para influenciar a narrativa pol\u00edtica e atacar Jair Bolsonaro aberta e diretamente, al\u00e9m de press\u00f5es para favorecer Lula nas elei\u00e7\u00f5es de 2022.<\/p>\n\n\n\n<div class=\"wp-block-image\"><figure class=\"aligncenter size-large is-resized\"><a href=\"https:\/\/panper.com.br\/\"><img loading=\"lazy\" decoding=\"async\" src=\"https:\/\/jornalfatosenoticias.com.br\/wp-content\/uploads\/2023\/03\/logo-Panper_portal.jpg\" alt=\"\" class=\"wp-image-40208\" width=\"316\" height=\"219\" srcset=\"https:\/\/jornalfatosenoticias.com.br\/wp-content\/uploads\/2023\/03\/logo-Panper_portal.jpg 400w, https:\/\/jornalfatosenoticias.com.br\/wp-content\/uploads\/2023\/03\/logo-Panper_portal-300x208.jpg 300w\" sizes=\"auto, (max-width: 316px) 100vw, 316px\" \/><\/a><\/figure><\/div>\n\n\n\n<p>Essas a\u00e7\u00f5es teriam ocorrido via programas como os da USAID, focados em \u201ccombater fake news\u201d, mas na pr\u00e1tica atuando como meio de censura estrat\u00e9gica e manipula\u00e7\u00e3o eleitoral. Benz afirma que a interfer\u00eancia n\u00e3o foi pontual, e sim sistem\u00e1tica: uma opera\u00e7\u00e3o coordenada de influ\u00eancia do Estado Profundo americano contra l\u00edderes conservadores no Brasil. Ele garante que o objetivo era impedir a reelei\u00e7\u00e3o de Bolsonaro e consolidar Lula no poder.<\/p>\n\n\n\n<div class=\"wp-block-image\"><figure class=\"aligncenter size-large is-resized\"><a href=\"https:\/\/www.instagram.com\/restaurantepegoretti\/\"><img loading=\"lazy\" decoding=\"async\" src=\"https:\/\/jornalfatosenoticias.com.br\/wp-content\/uploads\/2023\/12\/pegoretti-logo-pdf-1024x389.jpg\" alt=\"\" class=\"wp-image-47536\" width=\"493\" height=\"187\" srcset=\"https:\/\/jornalfatosenoticias.com.br\/wp-content\/uploads\/2023\/12\/pegoretti-logo-pdf-1024x389.jpg 1024w, https:\/\/jornalfatosenoticias.com.br\/wp-content\/uploads\/2023\/12\/pegoretti-logo-pdf-300x114.jpg 300w, https:\/\/jornalfatosenoticias.com.br\/wp-content\/uploads\/2023\/12\/pegoretti-logo-pdf-768x291.jpg 768w, https:\/\/jornalfatosenoticias.com.br\/wp-content\/uploads\/2023\/12\/pegoretti-logo-pdf.jpg 1120w\" sizes=\"auto, (max-width: 493px) 100vw, 493px\" \/><\/a><\/figure><\/div>\n\n\n\n<p>A C\u00e2mara abriu espa\u00e7o para ouvir essas declara\u00e7\u00f5es justamente para evidenciar como o uso de verbas p\u00fablicas estrangeiras serviu para controlar narrativas no pa\u00eds durante o ciclo eleitoral. Mike\u202fBenz \u00e9 um ex-funcion\u00e1rio do Departamento de Estado dos Estados Unidos, especializado em pol\u00edticas de internet, liberdade digital e comunica\u00e7\u00e3o internacional. Ele atuou como Deputy Assistant Secretary no Bureau de Assuntos Econ\u00f4micos e Empresariais, onde supervisionava tecnologia da informa\u00e7\u00e3o e comunica\u00e7\u00f5es internacionais. <strong>(Fonte: A Plateia)<\/strong><\/p>\n\n\n\n<div class=\"wp-block-image\"><figure class=\"aligncenter size-large is-resized\"><a href=\"https:\/\/www.legisjuris.com.br\/\"><img loading=\"lazy\" decoding=\"async\" src=\"https:\/\/jornalfatosenoticias.com.br\/wp-content\/uploads\/2024\/09\/Legis-Juris-Consultoria_logo.jpg\" alt=\"\" class=\"wp-image-53915\" width=\"482\" height=\"202\" srcset=\"https:\/\/jornalfatosenoticias.com.br\/wp-content\/uploads\/2024\/09\/Legis-Juris-Consultoria_logo.jpg 969w, https:\/\/jornalfatosenoticias.com.br\/wp-content\/uploads\/2024\/09\/Legis-Juris-Consultoria_logo-300x126.jpg 300w, https:\/\/jornalfatosenoticias.com.br\/wp-content\/uploads\/2024\/09\/Legis-Juris-Consultoria_logo-768x322.jpg 768w\" sizes=\"auto, (max-width: 482px) 100vw, 482px\" \/><\/a><\/figure><\/div>\n\n\n\n<hr class=\"wp-block-separator\"\/>\n\n\n\n<h3 class=\"wp-block-heading\"><span class=\"has-inline-color has-black-color\">Poss\u00edveis san\u00e7\u00f5es de Trump contra ministros do STF alimentam rumores sobre sa\u00edda antecipada de Barroso<\/span><\/h3>\n\n\n\n<div class=\"wp-block-image\"><figure class=\"aligncenter size-large\"><img loading=\"lazy\" decoding=\"async\" width=\"612\" height=\"408\" src=\"https:\/\/jornalfatosenoticias.com.br\/wp-content\/uploads\/2025\/08\/luis-roberto-barroso_gettyimages.jpg\" alt=\"\" class=\"wp-image-61101\" srcset=\"https:\/\/jornalfatosenoticias.com.br\/wp-content\/uploads\/2025\/08\/luis-roberto-barroso_gettyimages.jpg 612w, https:\/\/jornalfatosenoticias.com.br\/wp-content\/uploads\/2025\/08\/luis-roberto-barroso_gettyimages-300x200.jpg 300w\" sizes=\"auto, (max-width: 612px) 100vw, 612px\" \/><figcaption><em><span class=\"has-inline-color has-black-color\">(Foto: Getty Images)<\/span><\/em><\/figcaption><\/figure><\/div>\n\n\n\n<p>Fontes pr\u00f3ximas ao Supremo Tribunal Federal (STF) revelam que o ministro Lu\u00eds Roberto Barroso estaria cogitando deixar sua cadeira na Corte ap\u00f3s o t\u00e9rmino de seu mandato na presid\u00eancia, previsto para setembro. A poss\u00edvel decis\u00e3o, segundo aliados, seria motivada por um cen\u00e1rio de crescente desgaste institucional \u2014 agravado pela crise interna do tribunal e pelo temor de san\u00e7\u00f5es internacionais, especialmente dos Estados Unidos.<\/p>\n\n\n\n<div class=\"wp-block-image\"><figure class=\"aligncenter size-large is-resized\"><a href=\"https:\/\/hotelmarquetti.com.br\/\"><img loading=\"lazy\" decoding=\"async\" src=\"https:\/\/jornalfatosenoticias.com.br\/wp-content\/uploads\/2020\/02\/LOGO-MQ-1024x680.jpg\" alt=\"\" class=\"wp-image-58299\" width=\"364\" height=\"242\" srcset=\"https:\/\/jornalfatosenoticias.com.br\/wp-content\/uploads\/2020\/02\/LOGO-MQ-1024x680.jpg 1024w, https:\/\/jornalfatosenoticias.com.br\/wp-content\/uploads\/2020\/02\/LOGO-MQ-300x199.jpg 300w, https:\/\/jornalfatosenoticias.com.br\/wp-content\/uploads\/2020\/02\/LOGO-MQ-768x510.jpg 768w, https:\/\/jornalfatosenoticias.com.br\/wp-content\/uploads\/2020\/02\/LOGO-MQ-1536x1020.jpg 1536w, https:\/\/jornalfatosenoticias.com.br\/wp-content\/uploads\/2020\/02\/LOGO-MQ-2048x1360.jpg 2048w\" sizes=\"auto, (max-width: 364px) 100vw, 364px\" \/><\/a><\/figure><\/div>\n\n\n\n<p>A tens\u00e3o aumentou nos bastidores do STF ap\u00f3s o governo Donald Trump anunciar san\u00e7\u00f5es com base na Lei Magnitsky contra o ministro Alexandre de Moraes. A medida, in\u00e9dita na rela\u00e7\u00e3o entre os pa\u00edses, provocou forte rea\u00e7\u00e3o entre os magistrados e acendeu o alerta sobre o risco de novas a\u00e7\u00f5es semelhantes atingirem outros integrantes da Corte, incluindo Barroso.<\/p>\n\n\n\n<div class=\"wp-block-image\"><figure class=\"aligncenter size-large is-resized\"><a href=\"https:\/\/www.controlsystems.com.br\/\"><img loading=\"lazy\" decoding=\"async\" src=\"https:\/\/jornalfatosenoticias.com.br\/wp-content\/uploads\/2020\/02\/CONTROL-CS.jpg\" alt=\"\" class=\"wp-image-44991\" width=\"293\" height=\"351\" srcset=\"https:\/\/jornalfatosenoticias.com.br\/wp-content\/uploads\/2020\/02\/CONTROL-CS.jpg 834w, https:\/\/jornalfatosenoticias.com.br\/wp-content\/uploads\/2020\/02\/CONTROL-CS-250x300.jpg 250w, https:\/\/jornalfatosenoticias.com.br\/wp-content\/uploads\/2020\/02\/CONTROL-CS-768x921.jpg 768w\" sizes=\"auto, (max-width: 293px) 100vw, 293px\" \/><\/a><\/figure><\/div>\n\n\n\n<p>Embora o ministro n\u00e3o tenha se pronunciado publicamente, interlocutores apontam que o clima \u00e9 de apreens\u00e3o. A possibilidade de ser alvo de futuras repres\u00e1lias internacionais, somada \u00e0 instabilidade institucional no Brasil, estaria pesando na avalia\u00e7\u00e3o de Barroso sobre uma eventual sa\u00edda antecipada do STF \u2014 algo incomum, mas n\u00e3o in\u00e9dito. <strong>(Fonte: Hora Bras\u00edlia)<\/strong><\/p>\n\n\n\n<div class=\"wp-block-image\"><figure class=\"aligncenter size-large is-resized\"><a href=\"https:\/\/www.instagram.com\/gruposei\/\"><img loading=\"lazy\" decoding=\"async\" src=\"https:\/\/jornalfatosenoticias.com.br\/wp-content\/uploads\/2022\/07\/Logo-Grupo-SEI.jpg\" alt=\"\" class=\"wp-image-31973\" width=\"358\" height=\"188\" srcset=\"https:\/\/jornalfatosenoticias.com.br\/wp-content\/uploads\/2022\/07\/Logo-Grupo-SEI.jpg 713w, https:\/\/jornalfatosenoticias.com.br\/wp-content\/uploads\/2022\/07\/Logo-Grupo-SEI-300x158.jpg 300w\" sizes=\"auto, (max-width: 358px) 100vw, 358px\" \/><\/a><\/figure><\/div>\n\n\n\n<hr class=\"wp-block-separator\"\/>\n\n\n\n<h3 class=\"wp-block-heading\"><span class=\"has-inline-color has-black-color\">Neto \u201cinfluencer\u201d de Fidel Castro ostenta nas redes sociais e faz piadas sobre crise em Cuba<\/span><\/h3>\n\n\n\n<div class=\"wp-block-image\"><figure class=\"aligncenter size-large\"><img loading=\"lazy\" decoding=\"async\" width=\"960\" height=\"540\" src=\"https:\/\/jornalfatosenoticias.com.br\/wp-content\/uploads\/2025\/08\/neto-fidel-castro.jpg\" alt=\"\" class=\"wp-image-61100\" srcset=\"https:\/\/jornalfatosenoticias.com.br\/wp-content\/uploads\/2025\/08\/neto-fidel-castro.jpg 960w, https:\/\/jornalfatosenoticias.com.br\/wp-content\/uploads\/2025\/08\/neto-fidel-castro-300x169.jpg 300w, https:\/\/jornalfatosenoticias.com.br\/wp-content\/uploads\/2025\/08\/neto-fidel-castro-768x432.jpg 768w\" sizes=\"auto, (max-width: 960px) 100vw, 960px\" \/><figcaption><em><span class=\"has-inline-color has-black-color\">(Foto: Reprodu\u00e7\u00e3o\/Instagram\/@sandro_castrox)<\/span><\/em><\/figcaption><\/figure><\/div>\n\n\n\n<p><span class=\"has-inline-color has-black-color\">Por <strong>Isabella de Paula<\/strong><br><\/span>Com pouco mais de 120 mil seguidores no Instagram, um dos netos do ditador Fidel Castro (1926-2016) se tornou uma das figuras mais comentadas da fam\u00edlia nos \u00faltimos tempos. Diferentemente do que se possa imaginar, sua fama n\u00e3o est\u00e1 relacionada a um ativismo ideol\u00f3gico como o do av\u00f4, mas a v\u00eddeos humor\u00edsticos publicados em suas redes sociais, que, na realidade, n\u00e3o t\u00eam tirado risadas dos cidad\u00e3os cubanos e dos &#8220;revolucion\u00e1rios&#8221; comunistas da ilha.<\/p>\n\n\n\n<div class=\"wp-block-image\"><figure class=\"aligncenter size-large is-resized\"><a href=\"https:\/\/www.instagram.com\/serra4x4cambioautomatico\/\"><img loading=\"lazy\" decoding=\"async\" src=\"https:\/\/jornalfatosenoticias.com.br\/wp-content\/uploads\/2024\/08\/Serra-4x4-1-886x1024.jpg\" alt=\"\" class=\"wp-image-53632\" width=\"298\" height=\"345\" srcset=\"https:\/\/jornalfatosenoticias.com.br\/wp-content\/uploads\/2024\/08\/Serra-4x4-1-886x1024.jpg 886w, https:\/\/jornalfatosenoticias.com.br\/wp-content\/uploads\/2024\/08\/Serra-4x4-1-260x300.jpg 260w, https:\/\/jornalfatosenoticias.com.br\/wp-content\/uploads\/2024\/08\/Serra-4x4-1-768x888.jpg 768w, https:\/\/jornalfatosenoticias.com.br\/wp-content\/uploads\/2024\/08\/Serra-4x4-1.jpg 1181w\" sizes=\"auto, (max-width: 298px) 100vw, 298px\" \/><\/a><\/figure><\/div>\n\n\n\n<p>Em um dos clipes que viralizou nos \u00faltimos dias, Sandro Castro aparece dentro de um velho tanque dom\u00e9stico, usado por cubanos para armazenar \u00e1gua durante os longos per\u00edodos de escassez, de onde zomba da situa\u00e7\u00e3o catastr\u00f3fica da ilha governada pelo esquerdista Miguel Di\u00e1z-Canel, considerado pupilo de Fidel e Ra\u00fal Castro.<\/p>\n\n\n\n<div class=\"wp-block-image\"><figure class=\"aligncenter size-large\"><a href=\"http:\/\/www.ferrarimaquinas.com.br\/\"><img loading=\"lazy\" decoding=\"async\" width=\"300\" height=\"250\" src=\"https:\/\/jornalfatosenoticias.com.br\/wp-content\/uploads\/2022\/02\/FERRARI_MAQUINAS-E-FERRAMENTAS2.jpg\" alt=\"\" class=\"wp-image-27860\"\/><\/a><\/figure><\/div>\n\n\n\n<blockquote class=\"wp-block-quote is-layout-flow wp-block-quote-is-layout-flow\"><p><span class=\"has-inline-color has-luminous-vivid-orange-color\">N\u00e3o h\u00e1 piscina melhor do que o tanque do gueto&#8221;, diz ele no v\u00eddeo, acompanhado de uma bandeira dos Estados Unidos ao fundo, um gesto provocativo que contradiz a ret\u00f3rica oficial do regime cubano de oposi\u00e7\u00e3o aos Estados Unidos.<\/span><\/p><\/blockquote>\n\n\n\n<div class=\"wp-block-image\"><figure class=\"aligncenter size-large is-resized\"><a href=\"https:\/\/www.facebook.com\/profile.php?id=100069289606145\"><img loading=\"lazy\" decoding=\"async\" src=\"https:\/\/jornalfatosenoticias.com.br\/wp-content\/uploads\/2024\/11\/Guaitolini-Contabilidade-1024x714.jpeg\" alt=\"\" class=\"wp-image-55808\" width=\"327\" height=\"228\" srcset=\"https:\/\/jornalfatosenoticias.com.br\/wp-content\/uploads\/2024\/11\/Guaitolini-Contabilidade-1024x714.jpeg 1024w, https:\/\/jornalfatosenoticias.com.br\/wp-content\/uploads\/2024\/11\/Guaitolini-Contabilidade-300x209.jpeg 300w, https:\/\/jornalfatosenoticias.com.br\/wp-content\/uploads\/2024\/11\/Guaitolini-Contabilidade-768x535.jpeg 768w, https:\/\/jornalfatosenoticias.com.br\/wp-content\/uploads\/2024\/11\/Guaitolini-Contabilidade.jpeg 1280w\" sizes=\"auto, (max-width: 327px) 100vw, 327px\" \/><\/a><\/figure><\/div>\n\n\n\n<p>Esse \u00e9 apenas um dos v\u00eddeos que ele publicou recentemente em seu perfil no Instagram. O influencer tamb\u00e9m faz piadas com os constantes apag\u00f5es e com a falta de alimentos na ilha, alguns dos efeitos da longa crise gerada pela m\u00e1 administra\u00e7\u00e3o do regime comunista. O tipo de humor usado pelo membro da fam\u00edlia Castro evidencia uma completa desconex\u00e3o com a realidade do pa\u00eds, que est\u00e1 afundado h\u00e1 anos na mis\u00e9ria. <strong>(Fonte: Gazeta do Povo)<\/strong><\/p>\n\n\n\n<div class=\"wp-block-image\"><figure class=\"aligncenter size-large is-resized\"><a href=\"https:\/\/www.instagram.com\/rcradiadores\/\"><img loading=\"lazy\" decoding=\"async\" src=\"https:\/\/jornalfatosenoticias.com.br\/wp-content\/uploads\/2022\/10\/RC_800x750_page-0001.jpg\" alt=\"\" class=\"wp-image-35338\" width=\"297\" height=\"278\" srcset=\"https:\/\/jornalfatosenoticias.com.br\/wp-content\/uploads\/2022\/10\/RC_800x750_page-0001.jpg 400w, https:\/\/jornalfatosenoticias.com.br\/wp-content\/uploads\/2022\/10\/RC_800x750_page-0001-300x281.jpg 300w\" sizes=\"auto, (max-width: 297px) 100vw, 297px\" \/><\/a><\/figure><\/div>\n\n\n\n<hr class=\"wp-block-separator\"\/>\n","protected":false},"excerpt":{"rendered":"<p>Com a decreta\u00e7\u00e3o da pris\u00e3o domiciliar de Jair Bolsonaro (PL) na segunda-feira (4), o Brasil soma quatro ex-presidentes presos nos \u00faltimos sete anos. Diferente de Luiz In\u00e1cio Lula da Silva (PT), Michel Temer (MDB) e Fernando Collor de Mello (PRN), Bolsonaro \u00e9 o \u00fanico que n\u00e3o foi condenado nem responde por acusa\u00e7\u00f5es de corrup\u00e7\u00e3o.A decis\u00e3o [&hellip;]<\/p>\n","protected":false},"author":3,"featured_media":61106,"comment_status":"open","ping_status":"open","sticky":false,"template":"","format":"standard","meta":{"footnotes":""},"categories":[10],"tags":[18055,13889,26559,27838,2147,27841,27214,3516,7580,27840,27843,23900,27842,27839,294,24584],"class_list":["post-61099","post","type-post","status-publish","format-standard","has-post-thumbnail","hentry","category-politica","tag-8-de-janeiro","tag-alexandre-de-moraes","tag-beto-simonetti","tag-crise-em-cuba","tag-donald-trump","tag-justica-paralela-de-moraes","tag-lei-magnitsky","tag-luis-roberto-barroso","tag-lula","tag-mike-benz","tag-neto-de-fidel-castro","tag-oab","tag-prisao-domiciliar-de-jair-bolsonaro","tag-sancoes-de-trump","tag-stf","tag-vaza-toga"],"yoast_head":"<!-- This site is optimized with the Yoast SEO plugin v26.5 - https:\/\/yoast.com\/wordpress\/plugins\/seo\/ -->\n<title>A Semana no Brasil e no Mundo \u2014 Bolsonaro \u00e9 o \u00fanico ex-presidente preso sem condena\u00e7\u00e3o ou acusa\u00e7\u00e3o de corrup\u00e7\u00e3o - Jornal Fatos e Not\u00edcias<\/title>\n<meta name=\"robots\" content=\"index, follow, max-snippet:-1, max-image-preview:large, max-video-preview:-1\" \/>\n<link rel=\"canonical\" href=\"https:\/\/jornalfatosenoticias.com.br\/index.php\/2025\/08\/07\/a-semana-no-brasil-e-no-mundo-bolsonaro-e-o-unico-ex-presidente-preso-sem-condenacao-ou-acusacao-de-corrupcao\/\" \/>\n<meta property=\"og:locale\" content=\"pt_BR\" \/>\n<meta property=\"og:type\" content=\"article\" \/>\n<meta property=\"og:title\" content=\"A Semana no Brasil e no Mundo \u2014 Bolsonaro \u00e9 o \u00fanico ex-presidente preso sem condena\u00e7\u00e3o ou acusa\u00e7\u00e3o de corrup\u00e7\u00e3o - Jornal Fatos e Not\u00edcias\" \/>\n<meta property=\"og:description\" content=\"Com a decreta\u00e7\u00e3o da pris\u00e3o domiciliar de Jair Bolsonaro (PL) na segunda-feira (4), o Brasil soma quatro ex-presidentes presos nos \u00faltimos sete anos. Diferente de Luiz In\u00e1cio Lula da Silva (PT), Michel Temer (MDB) e Fernando Collor de Mello (PRN), Bolsonaro \u00e9 o \u00fanico que n\u00e3o foi condenado nem responde por acusa\u00e7\u00f5es de corrup\u00e7\u00e3o.A decis\u00e3o [&hellip;]\" \/>\n<meta property=\"og:url\" content=\"https:\/\/jornalfatosenoticias.com.br\/index.php\/2025\/08\/07\/a-semana-no-brasil-e-no-mundo-bolsonaro-e-o-unico-ex-presidente-preso-sem-condenacao-ou-acusacao-de-corrupcao\/\" \/>\n<meta property=\"og:site_name\" content=\"Jornal Fatos e Not\u00edcias\" \/>\n<meta property=\"article:published_time\" content=\"2025-08-07T21:25:23+00:00\" \/>\n<meta property=\"article:modified_time\" content=\"2025-08-07T21:25:25+00:00\" \/>\n<meta property=\"og:image\" content=\"https:\/\/jornalfatosenoticias.com.br\/wp-content\/uploads\/2025\/08\/prisao-bolsonaro_gettyimages.jpg\" \/>\n\t<meta property=\"og:image:width\" content=\"612\" \/>\n\t<meta property=\"og:image:height\" content=\"408\" \/>\n\t<meta property=\"og:image:type\" content=\"image\/jpeg\" \/>\n<meta name=\"author\" content=\"Haroldo Filho\" \/>\n<meta name=\"twitter:card\" content=\"summary_large_image\" \/>\n<meta name=\"twitter:label1\" content=\"Escrito por\" \/>\n\t<meta name=\"twitter:data1\" content=\"Haroldo Filho\" \/>\n\t<meta name=\"twitter:label2\" content=\"Est. tempo de leitura\" \/>\n\t<meta name=\"twitter:data2\" content=\"9 minutos\" \/>\n<script type=\"application\/ld+json\" class=\"yoast-schema-graph\">{\"@context\":\"https:\/\/schema.org\",\"@graph\":[{\"@type\":\"Article\",\"@id\":\"https:\/\/jornalfatosenoticias.com.br\/index.php\/2025\/08\/07\/a-semana-no-brasil-e-no-mundo-bolsonaro-e-o-unico-ex-presidente-preso-sem-condenacao-ou-acusacao-de-corrupcao\/#article\",\"isPartOf\":{\"@id\":\"https:\/\/jornalfatosenoticias.com.br\/index.php\/2025\/08\/07\/a-semana-no-brasil-e-no-mundo-bolsonaro-e-o-unico-ex-presidente-preso-sem-condenacao-ou-acusacao-de-corrupcao\/\"},\"author\":{\"name\":\"Haroldo Filho\",\"@id\":\"https:\/\/jornalfatosenoticias.com.br\/#\/schema\/person\/05c46cc25b42a5c27e004fb0fa6b4965\"},\"headline\":\"A Semana no Brasil e no Mundo \u2014 Bolsonaro \u00e9 o \u00fanico ex-presidente preso sem condena\u00e7\u00e3o ou acusa\u00e7\u00e3o de corrup\u00e7\u00e3o\",\"datePublished\":\"2025-08-07T21:25:23+00:00\",\"dateModified\":\"2025-08-07T21:25:25+00:00\",\"mainEntityOfPage\":{\"@id\":\"https:\/\/jornalfatosenoticias.com.br\/index.php\/2025\/08\/07\/a-semana-no-brasil-e-no-mundo-bolsonaro-e-o-unico-ex-presidente-preso-sem-condenacao-ou-acusacao-de-corrupcao\/\"},\"wordCount\":1833,\"commentCount\":0,\"publisher\":{\"@id\":\"https:\/\/jornalfatosenoticias.com.br\/#organization\"},\"image\":{\"@id\":\"https:\/\/jornalfatosenoticias.com.br\/index.php\/2025\/08\/07\/a-semana-no-brasil-e-no-mundo-bolsonaro-e-o-unico-ex-presidente-preso-sem-condenacao-ou-acusacao-de-corrupcao\/#primaryimage\"},\"thumbnailUrl\":\"https:\/\/jornalfatosenoticias.com.br\/wp-content\/uploads\/2025\/08\/prisao-bolsonaro_gettyimages.jpg\",\"keywords\":[\"8 de janeiro\",\"Alexandre de Moraes\",\"Beto Simonetti\",\"crise em Cuba\",\"Donald Trump\",\"justi\u00e7a paralela de Moraes\",\"Lei Magnitsky\",\"Lu\u00eds Roberto Barroso\",\"Lula\",\"Mike Benz\",\"neto de Fidel Castro\",\"OAB\",\"pris\u00e3o domiciliar de Jair Bolsonaro\",\"san\u00e7\u00f5es de Trump\",\"STF\",\"Vaza Toga\"],\"articleSection\":[\"Pol\u00edtica\"],\"inLanguage\":\"pt-BR\",\"potentialAction\":[{\"@type\":\"CommentAction\",\"name\":\"Comment\",\"target\":[\"https:\/\/jornalfatosenoticias.com.br\/index.php\/2025\/08\/07\/a-semana-no-brasil-e-no-mundo-bolsonaro-e-o-unico-ex-presidente-preso-sem-condenacao-ou-acusacao-de-corrupcao\/#respond\"]}]},{\"@type\":\"WebPage\",\"@id\":\"https:\/\/jornalfatosenoticias.com.br\/index.php\/2025\/08\/07\/a-semana-no-brasil-e-no-mundo-bolsonaro-e-o-unico-ex-presidente-preso-sem-condenacao-ou-acusacao-de-corrupcao\/\",\"url\":\"https:\/\/jornalfatosenoticias.com.br\/index.php\/2025\/08\/07\/a-semana-no-brasil-e-no-mundo-bolsonaro-e-o-unico-ex-presidente-preso-sem-condenacao-ou-acusacao-de-corrupcao\/\",\"name\":\"A Semana no Brasil e no Mundo \u2014 Bolsonaro \u00e9 o \u00fanico ex-presidente preso sem condena\u00e7\u00e3o ou acusa\u00e7\u00e3o de corrup\u00e7\u00e3o - Jornal Fatos e Not\u00edcias\",\"isPartOf\":{\"@id\":\"https:\/\/jornalfatosenoticias.com.br\/#website\"},\"primaryImageOfPage\":{\"@id\":\"https:\/\/jornalfatosenoticias.com.br\/index.php\/2025\/08\/07\/a-semana-no-brasil-e-no-mundo-bolsonaro-e-o-unico-ex-presidente-preso-sem-condenacao-ou-acusacao-de-corrupcao\/#primaryimage\"},\"image\":{\"@id\":\"https:\/\/jornalfatosenoticias.com.br\/index.php\/2025\/08\/07\/a-semana-no-brasil-e-no-mundo-bolsonaro-e-o-unico-ex-presidente-preso-sem-condenacao-ou-acusacao-de-corrupcao\/#primaryimage\"},\"thumbnailUrl\":\"https:\/\/jornalfatosenoticias.com.br\/wp-content\/uploads\/2025\/08\/prisao-bolsonaro_gettyimages.jpg\",\"datePublished\":\"2025-08-07T21:25:23+00:00\",\"dateModified\":\"2025-08-07T21:25:25+00:00\",\"breadcrumb\":{\"@id\":\"https:\/\/jornalfatosenoticias.com.br\/index.php\/2025\/08\/07\/a-semana-no-brasil-e-no-mundo-bolsonaro-e-o-unico-ex-presidente-preso-sem-condenacao-ou-acusacao-de-corrupcao\/#breadcrumb\"},\"inLanguage\":\"pt-BR\",\"potentialAction\":[{\"@type\":\"ReadAction\",\"target\":[\"https:\/\/jornalfatosenoticias.com.br\/index.php\/2025\/08\/07\/a-semana-no-brasil-e-no-mundo-bolsonaro-e-o-unico-ex-presidente-preso-sem-condenacao-ou-acusacao-de-corrupcao\/\"]}]},{\"@type\":\"ImageObject\",\"inLanguage\":\"pt-BR\",\"@id\":\"https:\/\/jornalfatosenoticias.com.br\/index.php\/2025\/08\/07\/a-semana-no-brasil-e-no-mundo-bolsonaro-e-o-unico-ex-presidente-preso-sem-condenacao-ou-acusacao-de-corrupcao\/#primaryimage\",\"url\":\"https:\/\/jornalfatosenoticias.com.br\/wp-content\/uploads\/2025\/08\/prisao-bolsonaro_gettyimages.jpg\",\"contentUrl\":\"https:\/\/jornalfatosenoticias.com.br\/wp-content\/uploads\/2025\/08\/prisao-bolsonaro_gettyimages.jpg\",\"width\":612,\"height\":408,\"caption\":\"Jair Bolsonaro, Brazil's former president, during a break at the Supreme Federal Court in Brasilia, Brazil, on Monday, June 9, 2025. The former Brazilian President is scheduled to be interrogated by the Supreme Federal Court starting June 9, part of his trial for allegedly plotting a coup to overturn the 2022 election results with a verdict possible by December. Photographer: Arthur Menescal\/Bloomberg via Getty Images\"},{\"@type\":\"BreadcrumbList\",\"@id\":\"https:\/\/jornalfatosenoticias.com.br\/index.php\/2025\/08\/07\/a-semana-no-brasil-e-no-mundo-bolsonaro-e-o-unico-ex-presidente-preso-sem-condenacao-ou-acusacao-de-corrupcao\/#breadcrumb\",\"itemListElement\":[{\"@type\":\"ListItem\",\"position\":1,\"name\":\"In\u00edcio\",\"item\":\"https:\/\/jornalfatosenoticias.com.br\/\"},{\"@type\":\"ListItem\",\"position\":2,\"name\":\"A Semana no Brasil e no Mundo \u2014 Bolsonaro \u00e9 o \u00fanico ex-presidente preso sem condena\u00e7\u00e3o ou acusa\u00e7\u00e3o de corrup\u00e7\u00e3o\"}]},{\"@type\":\"WebSite\",\"@id\":\"https:\/\/jornalfatosenoticias.com.br\/#website\",\"url\":\"https:\/\/jornalfatosenoticias.com.br\/\",\"name\":\"Jornal Fatos e Not\u00edcias\",\"description\":\"Not\u00edcias em geral\",\"publisher\":{\"@id\":\"https:\/\/jornalfatosenoticias.com.br\/#organization\"},\"potentialAction\":[{\"@type\":\"SearchAction\",\"target\":{\"@type\":\"EntryPoint\",\"urlTemplate\":\"https:\/\/jornalfatosenoticias.com.br\/?s={search_term_string}\"},\"query-input\":{\"@type\":\"PropertyValueSpecification\",\"valueRequired\":true,\"valueName\":\"search_term_string\"}}],\"inLanguage\":\"pt-BR\"},{\"@type\":\"Organization\",\"@id\":\"https:\/\/jornalfatosenoticias.com.br\/#organization\",\"name\":\"Jornal Fatos e Not\u00edcias\",\"url\":\"https:\/\/jornalfatosenoticias.com.br\/\",\"logo\":{\"@type\":\"ImageObject\",\"inLanguage\":\"pt-BR\",\"@id\":\"https:\/\/jornalfatosenoticias.com.br\/#\/schema\/logo\/image\/\",\"url\":\"https:\/\/jornalfatosenoticias.com.br\/wp-content\/uploads\/2020\/02\/logo120.png\",\"contentUrl\":\"https:\/\/jornalfatosenoticias.com.br\/wp-content\/uploads\/2020\/02\/logo120.png\",\"width\":1227,\"height\":120,\"caption\":\"Jornal Fatos e Not\u00edcias\"},\"image\":{\"@id\":\"https:\/\/jornalfatosenoticias.com.br\/#\/schema\/logo\/image\/\"}},{\"@type\":\"Person\",\"@id\":\"https:\/\/jornalfatosenoticias.com.br\/#\/schema\/person\/05c46cc25b42a5c27e004fb0fa6b4965\",\"name\":\"Haroldo Filho\",\"image\":{\"@type\":\"ImageObject\",\"inLanguage\":\"pt-BR\",\"@id\":\"https:\/\/jornalfatosenoticias.com.br\/#\/schema\/person\/image\/\",\"url\":\"https:\/\/jornalfatosenoticias.com.br\/wp-content\/uploads\/2025\/08\/WhatsApp-Image-2025-08-18-at-15.30.28-150x150.jpeg\",\"contentUrl\":\"https:\/\/jornalfatosenoticias.com.br\/wp-content\/uploads\/2025\/08\/WhatsApp-Image-2025-08-18-at-15.30.28-150x150.jpeg\",\"caption\":\"Haroldo Filho\"},\"description\":\"Jornalista \u2013 DRT: 0003818\/ES Coordenador-geral da ONG Educar para Crescer\",\"url\":\"https:\/\/jornalfatosenoticias.com.br\/index.php\/author\/haroldo\/\"}]}<\/script>\n<!-- \/ Yoast SEO plugin. -->","yoast_head_json":{"title":"A Semana no Brasil e no Mundo \u2014 Bolsonaro \u00e9 o \u00fanico ex-presidente preso sem condena\u00e7\u00e3o ou acusa\u00e7\u00e3o de corrup\u00e7\u00e3o - Jornal Fatos e Not\u00edcias","robots":{"index":"index","follow":"follow","max-snippet":"max-snippet:-1","max-image-preview":"max-image-preview:large","max-video-preview":"max-video-preview:-1"},"canonical":"https:\/\/jornalfatosenoticias.com.br\/index.php\/2025\/08\/07\/a-semana-no-brasil-e-no-mundo-bolsonaro-e-o-unico-ex-presidente-preso-sem-condenacao-ou-acusacao-de-corrupcao\/","og_locale":"pt_BR","og_type":"article","og_title":"A Semana no Brasil e no Mundo \u2014 Bolsonaro \u00e9 o \u00fanico ex-presidente preso sem condena\u00e7\u00e3o ou acusa\u00e7\u00e3o de corrup\u00e7\u00e3o - Jornal Fatos e Not\u00edcias","og_description":"Com a decreta\u00e7\u00e3o da pris\u00e3o domiciliar de Jair Bolsonaro (PL) na segunda-feira (4), o Brasil soma quatro ex-presidentes presos nos \u00faltimos sete anos. Diferente de Luiz In\u00e1cio Lula da Silva (PT), Michel Temer (MDB) e Fernando Collor de Mello (PRN), Bolsonaro \u00e9 o \u00fanico que n\u00e3o foi condenado nem responde por acusa\u00e7\u00f5es de corrup\u00e7\u00e3o.A decis\u00e3o [&hellip;]","og_url":"https:\/\/jornalfatosenoticias.com.br\/index.php\/2025\/08\/07\/a-semana-no-brasil-e-no-mundo-bolsonaro-e-o-unico-ex-presidente-preso-sem-condenacao-ou-acusacao-de-corrupcao\/","og_site_name":"Jornal Fatos e Not\u00edcias","article_published_time":"2025-08-07T21:25:23+00:00","article_modified_time":"2025-08-07T21:25:25+00:00","og_image":[{"width":612,"height":408,"url":"https:\/\/jornalfatosenoticias.com.br\/wp-content\/uploads\/2025\/08\/prisao-bolsonaro_gettyimages.jpg","type":"image\/jpeg"}],"author":"Haroldo Filho","twitter_card":"summary_large_image","twitter_misc":{"Escrito por":"Haroldo Filho","Est. tempo de leitura":"9 minutos"},"schema":{"@context":"https:\/\/schema.org","@graph":[{"@type":"Article","@id":"https:\/\/jornalfatosenoticias.com.br\/index.php\/2025\/08\/07\/a-semana-no-brasil-e-no-mundo-bolsonaro-e-o-unico-ex-presidente-preso-sem-condenacao-ou-acusacao-de-corrupcao\/#article","isPartOf":{"@id":"https:\/\/jornalfatosenoticias.com.br\/index.php\/2025\/08\/07\/a-semana-no-brasil-e-no-mundo-bolsonaro-e-o-unico-ex-presidente-preso-sem-condenacao-ou-acusacao-de-corrupcao\/"},"author":{"name":"Haroldo Filho","@id":"https:\/\/jornalfatosenoticias.com.br\/#\/schema\/person\/05c46cc25b42a5c27e004fb0fa6b4965"},"headline":"A Semana no Brasil e no Mundo \u2014 Bolsonaro \u00e9 o \u00fanico ex-presidente preso sem condena\u00e7\u00e3o ou acusa\u00e7\u00e3o de corrup\u00e7\u00e3o","datePublished":"2025-08-07T21:25:23+00:00","dateModified":"2025-08-07T21:25:25+00:00","mainEntityOfPage":{"@id":"https:\/\/jornalfatosenoticias.com.br\/index.php\/2025\/08\/07\/a-semana-no-brasil-e-no-mundo-bolsonaro-e-o-unico-ex-presidente-preso-sem-condenacao-ou-acusacao-de-corrupcao\/"},"wordCount":1833,"commentCount":0,"publisher":{"@id":"https:\/\/jornalfatosenoticias.com.br\/#organization"},"image":{"@id":"https:\/\/jornalfatosenoticias.com.br\/index.php\/2025\/08\/07\/a-semana-no-brasil-e-no-mundo-bolsonaro-e-o-unico-ex-presidente-preso-sem-condenacao-ou-acusacao-de-corrupcao\/#primaryimage"},"thumbnailUrl":"https:\/\/jornalfatosenoticias.com.br\/wp-content\/uploads\/2025\/08\/prisao-bolsonaro_gettyimages.jpg","keywords":["8 de janeiro","Alexandre de Moraes","Beto Simonetti","crise em Cuba","Donald Trump","justi\u00e7a paralela de Moraes","Lei Magnitsky","Lu\u00eds Roberto Barroso","Lula","Mike Benz","neto de Fidel Castro","OAB","pris\u00e3o domiciliar de Jair Bolsonaro","san\u00e7\u00f5es de Trump","STF","Vaza Toga"],"articleSection":["Pol\u00edtica"],"inLanguage":"pt-BR","potentialAction":[{"@type":"CommentAction","name":"Comment","target":["https:\/\/jornalfatosenoticias.com.br\/index.php\/2025\/08\/07\/a-semana-no-brasil-e-no-mundo-bolsonaro-e-o-unico-ex-presidente-preso-sem-condenacao-ou-acusacao-de-corrupcao\/#respond"]}]},{"@type":"WebPage","@id":"https:\/\/jornalfatosenoticias.com.br\/index.php\/2025\/08\/07\/a-semana-no-brasil-e-no-mundo-bolsonaro-e-o-unico-ex-presidente-preso-sem-condenacao-ou-acusacao-de-corrupcao\/","url":"https:\/\/jornalfatosenoticias.com.br\/index.php\/2025\/08\/07\/a-semana-no-brasil-e-no-mundo-bolsonaro-e-o-unico-ex-presidente-preso-sem-condenacao-ou-acusacao-de-corrupcao\/","name":"A Semana no Brasil e no Mundo \u2014 Bolsonaro \u00e9 o \u00fanico ex-presidente preso sem condena\u00e7\u00e3o ou acusa\u00e7\u00e3o de corrup\u00e7\u00e3o - Jornal Fatos e Not\u00edcias","isPartOf":{"@id":"https:\/\/jornalfatosenoticias.com.br\/#website"},"primaryImageOfPage":{"@id":"https:\/\/jornalfatosenoticias.com.br\/index.php\/2025\/08\/07\/a-semana-no-brasil-e-no-mundo-bolsonaro-e-o-unico-ex-presidente-preso-sem-condenacao-ou-acusacao-de-corrupcao\/#primaryimage"},"image":{"@id":"https:\/\/jornalfatosenoticias.com.br\/index.php\/2025\/08\/07\/a-semana-no-brasil-e-no-mundo-bolsonaro-e-o-unico-ex-presidente-preso-sem-condenacao-ou-acusacao-de-corrupcao\/#primaryimage"},"thumbnailUrl":"https:\/\/jornalfatosenoticias.com.br\/wp-content\/uploads\/2025\/08\/prisao-bolsonaro_gettyimages.jpg","datePublished":"2025-08-07T21:25:23+00:00","dateModified":"2025-08-07T21:25:25+00:00","breadcrumb":{"@id":"https:\/\/jornalfatosenoticias.com.br\/index.php\/2025\/08\/07\/a-semana-no-brasil-e-no-mundo-bolsonaro-e-o-unico-ex-presidente-preso-sem-condenacao-ou-acusacao-de-corrupcao\/#breadcrumb"},"inLanguage":"pt-BR","potentialAction":[{"@type":"ReadAction","target":["https:\/\/jornalfatosenoticias.com.br\/index.php\/2025\/08\/07\/a-semana-no-brasil-e-no-mundo-bolsonaro-e-o-unico-ex-presidente-preso-sem-condenacao-ou-acusacao-de-corrupcao\/"]}]},{"@type":"ImageObject","inLanguage":"pt-BR","@id":"https:\/\/jornalfatosenoticias.com.br\/index.php\/2025\/08\/07\/a-semana-no-brasil-e-no-mundo-bolsonaro-e-o-unico-ex-presidente-preso-sem-condenacao-ou-acusacao-de-corrupcao\/#primaryimage","url":"https:\/\/jornalfatosenoticias.com.br\/wp-content\/uploads\/2025\/08\/prisao-bolsonaro_gettyimages.jpg","contentUrl":"https:\/\/jornalfatosenoticias.com.br\/wp-content\/uploads\/2025\/08\/prisao-bolsonaro_gettyimages.jpg","width":612,"height":408,"caption":"Jair Bolsonaro, Brazil's former president, during a break at the Supreme Federal Court in Brasilia, Brazil, on Monday, June 9, 2025. The former Brazilian President is scheduled to be interrogated by the Supreme Federal Court starting June 9, part of his trial for allegedly plotting a coup to overturn the 2022 election results with a verdict possible by December. Photographer: Arthur Menescal\/Bloomberg via Getty Images"},{"@type":"BreadcrumbList","@id":"https:\/\/jornalfatosenoticias.com.br\/index.php\/2025\/08\/07\/a-semana-no-brasil-e-no-mundo-bolsonaro-e-o-unico-ex-presidente-preso-sem-condenacao-ou-acusacao-de-corrupcao\/#breadcrumb","itemListElement":[{"@type":"ListItem","position":1,"name":"In\u00edcio","item":"https:\/\/jornalfatosenoticias.com.br\/"},{"@type":"ListItem","position":2,"name":"A Semana no Brasil e no Mundo \u2014 Bolsonaro \u00e9 o \u00fanico ex-presidente preso sem condena\u00e7\u00e3o ou acusa\u00e7\u00e3o de corrup\u00e7\u00e3o"}]},{"@type":"WebSite","@id":"https:\/\/jornalfatosenoticias.com.br\/#website","url":"https:\/\/jornalfatosenoticias.com.br\/","name":"Jornal Fatos e Not\u00edcias","description":"Not\u00edcias em geral","publisher":{"@id":"https:\/\/jornalfatosenoticias.com.br\/#organization"},"potentialAction":[{"@type":"SearchAction","target":{"@type":"EntryPoint","urlTemplate":"https:\/\/jornalfatosenoticias.com.br\/?s={search_term_string}"},"query-input":{"@type":"PropertyValueSpecification","valueRequired":true,"valueName":"search_term_string"}}],"inLanguage":"pt-BR"},{"@type":"Organization","@id":"https:\/\/jornalfatosenoticias.com.br\/#organization","name":"Jornal Fatos e Not\u00edcias","url":"https:\/\/jornalfatosenoticias.com.br\/","logo":{"@type":"ImageObject","inLanguage":"pt-BR","@id":"https:\/\/jornalfatosenoticias.com.br\/#\/schema\/logo\/image\/","url":"https:\/\/jornalfatosenoticias.com.br\/wp-content\/uploads\/2020\/02\/logo120.png","contentUrl":"https:\/\/jornalfatosenoticias.com.br\/wp-content\/uploads\/2020\/02\/logo120.png","width":1227,"height":120,"caption":"Jornal Fatos e Not\u00edcias"},"image":{"@id":"https:\/\/jornalfatosenoticias.com.br\/#\/schema\/logo\/image\/"}},{"@type":"Person","@id":"https:\/\/jornalfatosenoticias.com.br\/#\/schema\/person\/05c46cc25b42a5c27e004fb0fa6b4965","name":"Haroldo Filho","image":{"@type":"ImageObject","inLanguage":"pt-BR","@id":"https:\/\/jornalfatosenoticias.com.br\/#\/schema\/person\/image\/","url":"https:\/\/jornalfatosenoticias.com.br\/wp-content\/uploads\/2025\/08\/WhatsApp-Image-2025-08-18-at-15.30.28-150x150.jpeg","contentUrl":"https:\/\/jornalfatosenoticias.com.br\/wp-content\/uploads\/2025\/08\/WhatsApp-Image-2025-08-18-at-15.30.28-150x150.jpeg","caption":"Haroldo Filho"},"description":"Jornalista \u2013 DRT: 0003818\/ES Coordenador-geral da ONG Educar para Crescer","url":"https:\/\/jornalfatosenoticias.com.br\/index.php\/author\/haroldo\/"}]}},"cc_featured_image_caption":{"caption_text":"(Foto: Getty Images)","source_text":"","source_url":""},"jetpack_featured_media_url":"https:\/\/jornalfatosenoticias.com.br\/wp-content\/uploads\/2025\/08\/prisao-bolsonaro_gettyimages.jpg","_links":{"self":[{"href":"https:\/\/jornalfatosenoticias.com.br\/index.php\/wp-json\/wp\/v2\/posts\/61099","targetHints":{"allow":["GET"]}}],"collection":[{"href":"https:\/\/jornalfatosenoticias.com.br\/index.php\/wp-json\/wp\/v2\/posts"}],"about":[{"href":"https:\/\/jornalfatosenoticias.com.br\/index.php\/wp-json\/wp\/v2\/types\/post"}],"author":[{"embeddable":true,"href":"https:\/\/jornalfatosenoticias.com.br\/index.php\/wp-json\/wp\/v2\/users\/3"}],"replies":[{"embeddable":true,"href":"https:\/\/jornalfatosenoticias.com.br\/index.php\/wp-json\/wp\/v2\/comments?post=61099"}],"version-history":[{"count":0,"href":"https:\/\/jornalfatosenoticias.com.br\/index.php\/wp-json\/wp\/v2\/posts\/61099\/revisions"}],"wp:featuredmedia":[{"embeddable":true,"href":"https:\/\/jornalfatosenoticias.com.br\/index.php\/wp-json\/wp\/v2\/media\/61106"}],"wp:attachment":[{"href":"https:\/\/jornalfatosenoticias.com.br\/index.php\/wp-json\/wp\/v2\/media?parent=61099"}],"wp:term":[{"taxonomy":"category","embeddable":true,"href":"https:\/\/jornalfatosenoticias.com.br\/index.php\/wp-json\/wp\/v2\/categories?post=61099"},{"taxonomy":"post_tag","embeddable":true,"href":"https:\/\/jornalfatosenoticias.com.br\/index.php\/wp-json\/wp\/v2\/tags?post=61099"}],"curies":[{"name":"wp","href":"https:\/\/api.w.org\/{rel}","templated":true}]}}