{"id":61144,"date":"2025-08-11T10:45:40","date_gmt":"2025-08-11T13:45:40","guid":{"rendered":"https:\/\/jornalfatosenoticias.com.br\/?p=61144"},"modified":"2025-08-11T10:45:43","modified_gmt":"2025-08-11T13:45:43","slug":"chefe-de-guerra-a-historia-real-do-rei-kamehameha-i","status":"publish","type":"post","link":"https:\/\/jornalfatosenoticias.com.br\/index.php\/2025\/08\/11\/chefe-de-guerra-a-historia-real-do-rei-kamehameha-i\/","title":{"rendered":"Chefe de Guerra: a hist\u00f3ria real do Rei Kamehameha I"},"content":{"rendered":"\n<p><em><span class=\"has-inline-color has-black-color\">Combinando for\u00e7a, estrat\u00e9gia e f\u00e9, Kamehameha I superou rivalidades internas e o impacto do colonialismo europeu para unificar o arquip\u00e9lago do Hava\u00ed no fim do s\u00e9culo 18<\/span><\/em><\/p>\n\n\n\n<p><span class=\"has-inline-color has-black-color\">Por <strong><a href=\"https:\/\/aventurasnahistoria.com.br\/noticias\/author\/felipesales\">Felipe Sales Gomes<\/a><\/strong><\/span><\/p>\n\n\n\n<div class=\"wp-block-image\"><figure class=\"aligncenter size-large\"><a href=\"https:\/\/mizu.com.br\/\"><img loading=\"lazy\" decoding=\"async\" width=\"729\" height=\"90\" src=\"https:\/\/jornalfatosenoticias.com.br\/wp-content\/uploads\/2020\/02\/Logo_Mizu.png\" alt=\"\" class=\"wp-image-1441\" srcset=\"https:\/\/jornalfatosenoticias.com.br\/wp-content\/uploads\/2020\/02\/Logo_Mizu.png 729w, https:\/\/jornalfatosenoticias.com.br\/wp-content\/uploads\/2020\/02\/Logo_Mizu-300x37.png 300w\" sizes=\"auto, (max-width: 729px) 100vw, 729px\" \/><\/a><\/figure><\/div>\n\n\n\n<p><mark>Robusto, tem\u00edvel e autorit\u00e1rio<\/mark>. Assim era descrito\u00a0<a href=\"https:\/\/aventurasnahistoria.com.br\/noticias\/reportagem\/kamehameha-conheca-historia-do-rei-havaiano-que-inspirou-dragon-ball.phtml\">Kamehameha I<\/a>, o primeiro monarca do ef\u00eamero, mas significativo\u00a0<a href=\"https:\/\/aventurasnahistoria.com.br\/noticias\/reportagem\/legado-e-ancestralidade-serie-chief-war-destrincha-unificacao-do-havai.phtml\">Reino do Hava\u00ed<\/a>. Seu nome, que pode ser traduzido como \u201caquele que se destaca\u201d, antecipa a trajet\u00f3ria de um l\u00edder que\u00a0<mark>desafiou os limites da aristocracia havaiana<\/mark> no fim do s\u00e9culo 18, transformando-se n\u00e3o apenas no governante de um cl\u00e3 ou ilha, mas de uma na\u00e7\u00e3o inteira no Pac\u00edfico.<br>O personagem \u00e9 um dos eixos da nova produ\u00e7\u00e3o da Apple Tv+ \u2014\u00a0<mark>\u201cChefe de Guerra\u201d<\/mark> \u2014 que estreou no dia 1.\u00ba de agosto, no streaming e retrata justamente este conturbado per\u00edodo. Em entrevista, seu int\u00e9rprete \u2014 <strong>Kaina Makua<\/strong> \u2014 admite suas desconfian\u00e7as e compartilha reflex\u00f5es em rela\u00e7\u00e3o ao papel do monarca. <\/p>\n\n\n\n<div class=\"wp-block-image\"><figure class=\"aligncenter size-large\"><a href=\"https:\/\/www.cesconetto.com.br\/\"><img loading=\"lazy\" decoding=\"async\" width=\"300\" height=\"250\" src=\"https:\/\/jornalfatosenoticias.com.br\/wp-content\/uploads\/2022\/02\/Banner-2.png\" alt=\"\" class=\"wp-image-27877\"\/><\/a><\/figure><\/div>\n\n\n\n<blockquote class=\"wp-block-quote is-layout-flow wp-block-quote-is-layout-flow\"><p><span class=\"has-inline-color has-luminous-vivid-orange-color\">Eu era um c\u00e9tico. Ouvia essas hist\u00f3rias dele matando pessoas para unificar o Hava\u00ed. Mas quando assumi uma posi\u00e7\u00e3o de lideran\u00e7a na minha comunidade, comecei a entender como somos criticados mesmo quando fazemos o que \u00e9 certo\u201d.<\/span><\/p><\/blockquote>\n\n\n\n<div class=\"wp-block-image\"><figure class=\"aligncenter size-large is-resized\"><a href=\"https:\/\/www.instagram.com\/rcradiadores\/\"><img loading=\"lazy\" decoding=\"async\" src=\"https:\/\/jornalfatosenoticias.com.br\/wp-content\/uploads\/2022\/10\/RC_800x750_page-0001.jpg\" alt=\"\" class=\"wp-image-35338\" width=\"302\" height=\"283\" srcset=\"https:\/\/jornalfatosenoticias.com.br\/wp-content\/uploads\/2022\/10\/RC_800x750_page-0001.jpg 400w, https:\/\/jornalfatosenoticias.com.br\/wp-content\/uploads\/2022\/10\/RC_800x750_page-0001-300x281.jpg 300w\" sizes=\"auto, (max-width: 302px) 100vw, 302px\" \/><\/a><\/figure><\/div>\n\n\n\n<p>Devoto ao deus havaiano da guerra, <strong>K\u016b<\/strong>,\u00a0<strong>Kamehameha<\/strong>\u00a0se destacou por sua\u00a0<mark>for\u00e7a f\u00edsica, coragem em batalha e intelig\u00eancia militar<\/mark>. Mas sua ascens\u00e3o n\u00e3o se sustentou apenas na bravura \u2014 e muito menos apenas no armamento moderno trazido por europeus. Foi a habilidade pol\u00edtica, a leitura das tradi\u00e7\u00f5es religiosas e a compreens\u00e3o estrat\u00e9gica do momento que permitiram ao guerreiro construir um\u00a0<mark>reino unificado<\/mark>, num arquip\u00e9lago ent\u00e3o fragmentado em chefias rivais.<\/p>\n\n\n\n<div class=\"wp-block-image\"><figure class=\"aligncenter size-large is-resized\"><a href=\"https:\/\/www.instagram.com\/serra4x4cambioautomatico\/\"><img loading=\"lazy\" decoding=\"async\" src=\"https:\/\/jornalfatosenoticias.com.br\/wp-content\/uploads\/2024\/08\/Serra-4x4-1-886x1024.jpg\" alt=\"\" class=\"wp-image-53632\" width=\"298\" height=\"344\" srcset=\"https:\/\/jornalfatosenoticias.com.br\/wp-content\/uploads\/2024\/08\/Serra-4x4-1-886x1024.jpg 886w, https:\/\/jornalfatosenoticias.com.br\/wp-content\/uploads\/2024\/08\/Serra-4x4-1-260x300.jpg 260w, https:\/\/jornalfatosenoticias.com.br\/wp-content\/uploads\/2024\/08\/Serra-4x4-1-768x888.jpg 768w, https:\/\/jornalfatosenoticias.com.br\/wp-content\/uploads\/2024\/08\/Serra-4x4-1.jpg 1181w\" sizes=\"auto, (max-width: 298px) 100vw, 298px\" \/><\/a><\/figure><\/div>\n\n\n\n<p><strong><span class=\"has-inline-color has-black-color\">Um arquip\u00e9lago de reinos<br><\/span><\/strong>Antes do s\u00e9culo 19, o Hava\u00ed era um\u00a0<mark>conjunto de reinos independentes<\/mark>. Cada ilha \u2014 como\u00a0<strong>Hava\u00ed<\/strong>\u00a0(a Ilha Grande),\u00a0<strong>Maui, Oahu, Kaua\u2019i<\/strong>\u00a0e outras \u2014 era governada por nobres conhecidos como\u00a0<em>ali\u2018i<\/em>, que comandavam territ\u00f3rios chamados\u00a0<em>mokus<\/em>. Essas chefias se baseavam em r\u00edgidos c\u00f3digos religiosos (kanawai), que delimitavam desde o plantio das colheitas at\u00e9 comportamentos pessoais. <\/p>\n\n\n\n<div class=\"wp-block-image\"><figure class=\"aligncenter size-large is-resized\"><a href=\"https:\/\/www.instagram.com\/restaurantepegoretti\/\"><img loading=\"lazy\" decoding=\"async\" src=\"https:\/\/jornalfatosenoticias.com.br\/wp-content\/uploads\/2023\/12\/pegoretti-logo-pdf-1024x389.jpg\" alt=\"\" class=\"wp-image-47536\" width=\"477\" height=\"181\" srcset=\"https:\/\/jornalfatosenoticias.com.br\/wp-content\/uploads\/2023\/12\/pegoretti-logo-pdf-1024x389.jpg 1024w, https:\/\/jornalfatosenoticias.com.br\/wp-content\/uploads\/2023\/12\/pegoretti-logo-pdf-300x114.jpg 300w, https:\/\/jornalfatosenoticias.com.br\/wp-content\/uploads\/2023\/12\/pegoretti-logo-pdf-768x291.jpg 768w, https:\/\/jornalfatosenoticias.com.br\/wp-content\/uploads\/2023\/12\/pegoretti-logo-pdf.jpg 1120w\" sizes=\"auto, (max-width: 477px) 100vw, 477px\" \/><\/a><\/figure><\/div>\n\n\n\n<p>Pr\u00e1ticas consideradas kapu (proibidas) podiam ser\u00a0<mark>punidas com a morte<\/mark>.<br>Nessas sociedades hier\u00e1rquicas, os chefes eram considerados pr\u00f3ximos aos deuses, mas tamb\u00e9m precisavam demonstrar <em>mana<\/em> \u2014 uma combina\u00e7\u00e3o de autoridade espiritual e pol\u00edtica \u2014 para manter sua legitimidade. O poder, como observou o historiador William H. Davenport, \u201cn\u00e3o decorria automaticamente da posi\u00e7\u00e3o sagrada herdada\u201d.<\/p>\n\n\n\n<div class=\"wp-block-image\"><figure class=\"aligncenter size-large is-resized\"><a href=\"https:\/\/www.controlsystems.com.br\/\"><img loading=\"lazy\" decoding=\"async\" src=\"https:\/\/jornalfatosenoticias.com.br\/wp-content\/uploads\/2020\/02\/CONTROL-CS.jpg\" alt=\"\" class=\"wp-image-44991\" width=\"279\" height=\"334\" srcset=\"https:\/\/jornalfatosenoticias.com.br\/wp-content\/uploads\/2020\/02\/CONTROL-CS.jpg 834w, https:\/\/jornalfatosenoticias.com.br\/wp-content\/uploads\/2020\/02\/CONTROL-CS-250x300.jpg 250w, https:\/\/jornalfatosenoticias.com.br\/wp-content\/uploads\/2020\/02\/CONTROL-CS-768x921.jpg 768w\" sizes=\"auto, (max-width: 279px) 100vw, 279px\" \/><\/a><\/figure><\/div>\n\n\n\n<p><strong><span class=\"has-inline-color has-black-color\">O nascimento da lenda<br><\/span><\/strong>O futuro rei\u00a0<mark>nasceu provavelmente por volta de 1758<\/mark>, em North Kohala, na Ilha Grande. Era chamado de\u00a0<strong>Pai\u2018ea<\/strong>. Sua m\u00e3e, a chefe\u00a0<strong>Keku\u2018iapo\u2018i\u2018wa II<\/strong>, era de alta linhagem; o pai biol\u00f3gico pode ter sido\u00a0<strong>Ke\u014dua<\/strong>, um importante chefe local, ou, segundo rumores,\u00a0<strong>Kahekili II<\/strong>, soberano de Maui. O nascimento do menino coincidiu com o retorno do\u00a0<a href=\"https:\/\/aventurasnahistoria.com.br\/noticias\/reportagem\/veja-5-vezes-em-que-pessoas-imaginaram-o-fim-do-mundo.phtml\">cometa Halley<\/a>, o que levou sacerdotes a acreditar que ele\u00a0<mark>cumpria uma antiga profecia<\/mark>: a de que uma crian\u00e7a nascida sob uma estrela brilhante governaria todo o Hava\u00ed.<\/p>\n\n\n\n<div class=\"wp-block-image\"><figure class=\"aligncenter size-large is-resized\"><a href=\"https:\/\/www.facebook.com\/profile.php?id=100069289606145\"><img loading=\"lazy\" decoding=\"async\" src=\"https:\/\/jornalfatosenoticias.com.br\/wp-content\/uploads\/2024\/11\/Guaitolini-Contabilidade-1024x714.jpeg\" alt=\"\" class=\"wp-image-55808\" width=\"356\" height=\"248\" srcset=\"https:\/\/jornalfatosenoticias.com.br\/wp-content\/uploads\/2024\/11\/Guaitolini-Contabilidade-1024x714.jpeg 1024w, https:\/\/jornalfatosenoticias.com.br\/wp-content\/uploads\/2024\/11\/Guaitolini-Contabilidade-300x209.jpeg 300w, https:\/\/jornalfatosenoticias.com.br\/wp-content\/uploads\/2024\/11\/Guaitolini-Contabilidade-768x535.jpeg 768w, https:\/\/jornalfatosenoticias.com.br\/wp-content\/uploads\/2024\/11\/Guaitolini-Contabilidade.jpeg 1280w\" sizes=\"auto, (max-width: 356px) 100vw, 356px\" \/><\/a><\/figure><\/div>\n\n\n\n<p>A profecia, por\u00e9m, tamb\u00e9m causou temor. Para muitos rivais, <strong>Pai\u2018ea<\/strong>\u00a0representava um\u00a0<mark>futuro conquistador perigoso<\/mark>. Para proteg\u00ea-lo, sua m\u00e3e o escondeu em\u00a0<strong>Waipi\u2018o<\/strong>, um vale sagrado e isolado. S\u00f3 anos depois, j\u00e1 \u00f3rf\u00e3o de pai, ele retornaria \u00e0 sua fam\u00edlia, sendo acolhido pelo tio\u00a0<strong>Kalani\u2018\u014dpu\u2018u<\/strong>, um dos chefes mais poderosos do arquip\u00e9lago. Criado ao lado do primo <strong>K\u012bwala\u2018\u014d<\/strong>, herdeiro leg\u00edtimo do tio, o jovem\u00a0<strong>Kamehameha<\/strong>\u00a0foi\u00a0<mark>treinado em combate, estrat\u00e9gia e lideran\u00e7a<\/mark>. Mesmo sendo apenas um chefe j\u00fanior, comportava-se com a postura de um pr\u00edncipe. Sua reputa\u00e7\u00e3o crescia, tanto pela impon\u00eancia f\u00edsica quanto pela habilidade em batalha.<\/p>\n\n\n\n<div class=\"wp-block-image\"><figure class=\"aligncenter size-large is-resized\"><a href=\"https:\/\/www.facebook.com\/postobkr\/?locale=pt_BR\"><img loading=\"lazy\" decoding=\"async\" src=\"https:\/\/jornalfatosenoticias.com.br\/wp-content\/uploads\/2023\/08\/BKR-1024x1021.jpg\" alt=\"\" class=\"wp-image-44494\" width=\"296\" height=\"295\" srcset=\"https:\/\/jornalfatosenoticias.com.br\/wp-content\/uploads\/2023\/08\/BKR-1024x1021.jpg 1024w, https:\/\/jornalfatosenoticias.com.br\/wp-content\/uploads\/2023\/08\/BKR-300x300.jpg 300w, https:\/\/jornalfatosenoticias.com.br\/wp-content\/uploads\/2023\/08\/BKR-150x150.jpg 150w, https:\/\/jornalfatosenoticias.com.br\/wp-content\/uploads\/2023\/08\/BKR-768x766.jpg 768w, https:\/\/jornalfatosenoticias.com.br\/wp-content\/uploads\/2023\/08\/BKR.jpg 1080w\" sizes=\"auto, (max-width: 296px) 100vw, 296px\" \/><\/a><\/figure><\/div>\n\n\n\n<p>A rela\u00e7\u00e3o com os europeus come\u00e7ou ainda na juventude. Em 1778, o Capit\u00e3o <strong>James Cook<\/strong>\u00a0aportou nas ilhas durante sua busca por uma rota entre os oceanos Atl\u00e2ntico e\u00a0<a href=\"https:\/\/aventurasnahistoria.com.br\/noticias\/historia-hoje\/cientistas-descobrem-ecossistemas-quimiossinteticos-no-fundo-do-pacifico.phtml\">Pac\u00edfico<\/a>. Inicialmente bem recebido,\u00a0<mark>Cook acabou sendo morto<\/mark>\u00a0ap\u00f3s conflitos com os locais, num epis\u00f3dio em que\u00a0<strong>Kamehameha<\/strong> possivelmente esteve presente. A morte do brit\u00e2nico marcou o in\u00edcio de uma tens\u00e3o duradoura entre havaianos e colonizadores.<\/p>\n\n\n\n<div class=\"wp-block-image\"><figure class=\"aligncenter size-large is-resized\"><a href=\"https:\/\/www.instagram.com\/gruposei\/\"><img loading=\"lazy\" decoding=\"async\" src=\"https:\/\/jornalfatosenoticias.com.br\/wp-content\/uploads\/2022\/07\/Logo-Grupo-SEI.jpg\" alt=\"\" class=\"wp-image-31973\" width=\"391\" height=\"205\" srcset=\"https:\/\/jornalfatosenoticias.com.br\/wp-content\/uploads\/2022\/07\/Logo-Grupo-SEI.jpg 713w, https:\/\/jornalfatosenoticias.com.br\/wp-content\/uploads\/2022\/07\/Logo-Grupo-SEI-300x158.jpg 300w\" sizes=\"auto, (max-width: 391px) 100vw, 391px\" \/><\/a><\/figure><\/div>\n\n\n\n<p><strong><span class=\"has-inline-color has-black-color\">A Pedra Naha<br><\/span><\/strong>Antes de morrer, <strong>Kalani\u2018\u014dpu\u2018u<\/strong>\u00a0deixou para o filho\u00a0<strong>K\u012bwala\u2018\u014d<\/strong>\u00a0a chefia de sua terra \u2014 mas confiou a guarda do deus da guerra\u00a0<strong>K\u016b<\/strong>\u00a0a\u00a0<strong>Kamehameha<\/strong>. Esse gesto aumentou significativamente o prest\u00edgio do jovem chefe. Pouco depois, <strong>Kamehameha<\/strong>\u00a0protagonizou um feito lend\u00e1rio: conseguiu\u00a0<mark>mover a Pedra Naha<\/mark>, uma rocha sagrada que, segundo a tradi\u00e7\u00e3o, s\u00f3 seria deslocada por quem estivesse\u00a0<mark>destinado a unificar as ilhas<\/mark>. O epis\u00f3dio selou sua fama como l\u00edder predestinado e acirrou os conflitos com o primo. A rivalidade entre os dois <mark>culminaria em guerra<\/mark>.\u00a0<strong>Kamehameha<\/strong>, agora apoiado por outros nobres poderosos, iniciou sua campanha para tomar o controle do arquip\u00e9lago.<\/p>\n\n\n\n<div class=\"wp-block-image\"><figure class=\"aligncenter size-large\"><a href=\"http:\/\/www.ferrarimaquinas.com.br\/\"><img loading=\"lazy\" decoding=\"async\" width=\"300\" height=\"250\" src=\"https:\/\/jornalfatosenoticias.com.br\/wp-content\/uploads\/2022\/02\/FERRARI_MAQUINAS-E-FERRAMENTAS2.jpg\" alt=\"\" class=\"wp-image-27860\"\/><\/a><\/figure><\/div>\n\n\n\n<p><strong><span class=\"has-inline-color has-black-color\">Guerra, diplomacia e poder<br><\/span><\/strong>A conquista do Hava\u00ed n\u00e3o foi imediata. Ela exigiu\u00a0<mark>alian\u00e7as pol\u00edticas, batalhas frequentes e uma mescla de tradi\u00e7\u00e3o e inova\u00e7\u00e3o<\/mark>.\u00a0<strong>Kamehameha<\/strong>\u00a0soube se beneficiar do contato com ocidentais, adquirindo armas de fogo e canh\u00f5es \u2014 ainda que, segundo o historiador\u00a0<strong>Paul D\u2019Arcy<\/strong>, o papel dessas tecnologias tenha sido superestimado. <em>\u201cAs armas europeias eram em grande parte de baixa qualidade e pouco eficazes nas condi\u00e7\u00f5es locais\u201d,<\/em> diz ele ao Nat Geo.<\/p>\n\n\n\n<div class=\"wp-block-image\"><figure class=\"aligncenter size-large is-resized\"><a href=\"https:\/\/panper.com.br\/\"><img loading=\"lazy\" decoding=\"async\" src=\"https:\/\/jornalfatosenoticias.com.br\/wp-content\/uploads\/2023\/03\/logo-Panper_portal.jpg\" alt=\"\" class=\"wp-image-40208\" width=\"322\" height=\"223\" srcset=\"https:\/\/jornalfatosenoticias.com.br\/wp-content\/uploads\/2023\/03\/logo-Panper_portal.jpg 400w, https:\/\/jornalfatosenoticias.com.br\/wp-content\/uploads\/2023\/03\/logo-Panper_portal-300x208.jpg 300w\" sizes=\"auto, (max-width: 322px) 100vw, 322px\" \/><\/a><\/figure><\/div>\n\n\n\n<p>O pr\u00f3prio <strong>Kamehameha<\/strong>\u00a0atribu\u00eda suas vit\u00f3rias n\u00e3o \u00e0s armas, mas ao\u00a0<mark>favor do deus K\u016b<\/mark>. Em 1791, construiu o templo de\u00a0<strong>Pu\u2018ukohol\u0101 Heiau<\/strong>, uma imponente estrutura de pedra dedicada \u00e0 divindade da guerra, com a cren\u00e7a de que sua conclus\u00e3o garantiria a unifica\u00e7\u00e3o das ilhas. O templo, hoje\u00a0<mark>monumento hist\u00f3rico dos EUA<\/mark>, simboliza o ponto de virada em sua campanha.<\/p>\n\n\n\n<div class=\"wp-block-image\"><figure class=\"aligncenter size-large is-resized\"><a href=\"https:\/\/hotelmarquetti.com.br\/\"><img loading=\"lazy\" decoding=\"async\" src=\"https:\/\/jornalfatosenoticias.com.br\/wp-content\/uploads\/2020\/02\/LOGO-MQ-1024x680.jpg\" alt=\"\" class=\"wp-image-58299\" width=\"354\" height=\"235\" srcset=\"https:\/\/jornalfatosenoticias.com.br\/wp-content\/uploads\/2020\/02\/LOGO-MQ-1024x680.jpg 1024w, https:\/\/jornalfatosenoticias.com.br\/wp-content\/uploads\/2020\/02\/LOGO-MQ-300x199.jpg 300w, https:\/\/jornalfatosenoticias.com.br\/wp-content\/uploads\/2020\/02\/LOGO-MQ-768x510.jpg 768w, https:\/\/jornalfatosenoticias.com.br\/wp-content\/uploads\/2020\/02\/LOGO-MQ-1536x1020.jpg 1536w, https:\/\/jornalfatosenoticias.com.br\/wp-content\/uploads\/2020\/02\/LOGO-MQ-2048x1360.jpg 2048w\" sizes=\"auto, (max-width: 354px) 100vw, 354px\" \/><\/a><\/figure><\/div>\n\n\n\n<p><strong><span class=\"has-inline-color has-black-color\">O Reino do Hava\u00ed<br><\/span><\/strong>Com o tempo, <strong>Kamehameha<\/strong>\u00a0venceu os rivais e\u00a0<mark>consolidou seu dom\u00ednio<\/mark>. Em vez de destruir seus advers\u00e1rios, soube integr\u00e1-los ao novo governo, mantendo uma delicada rede de alian\u00e7as e respeito \u00e0s tradi\u00e7\u00f5es locais. Sua lideran\u00e7a marcou o in\u00edcio de uma era breve, por\u00e9m decisiva, na hist\u00f3ria havaiana: a do Reino do Hava\u00ed unificado.<\/p>\n\n\n\n<div class=\"wp-block-image\"><figure class=\"aligncenter size-large is-resized\"><a href=\"https:\/\/www.legisjuris.com.br\/\"><img loading=\"lazy\" decoding=\"async\" src=\"https:\/\/jornalfatosenoticias.com.br\/wp-content\/uploads\/2024\/09\/Legis-Juris-Consultoria_logo.jpg\" alt=\"\" class=\"wp-image-53915\" width=\"463\" height=\"194\" srcset=\"https:\/\/jornalfatosenoticias.com.br\/wp-content\/uploads\/2024\/09\/Legis-Juris-Consultoria_logo.jpg 969w, https:\/\/jornalfatosenoticias.com.br\/wp-content\/uploads\/2024\/09\/Legis-Juris-Consultoria_logo-300x126.jpg 300w, https:\/\/jornalfatosenoticias.com.br\/wp-content\/uploads\/2024\/09\/Legis-Juris-Consultoria_logo-768x322.jpg 768w\" sizes=\"auto, (max-width: 463px) 100vw, 463px\" \/><\/a><\/figure><\/div>\n\n\n\n<p>Hoje, o moderno estado americano do Hava\u00ed ocupa o territ\u00f3rio das oito ilhas principais que compuseram aquele reino. E embora a monarquia tenha desaparecido no final do s\u00e9culo 19, o\u00a0<mark>legado de Kamehameha permanece vivo<\/mark> \u2014 seja nos monumentos, na cultura ou na rever\u00eancia a um l\u00edder que, com for\u00e7a e sabedoria, transformou o destino de seu povo.<\/p>\n\n\n\n<div class=\"wp-block-image\"><figure class=\"aligncenter size-large is-resized\"><a href=\"https:\/\/www.instagram.com\/esteio.churrascaria\/\"><img loading=\"lazy\" decoding=\"async\" src=\"https:\/\/jornalfatosenoticias.com.br\/wp-content\/uploads\/2022\/02\/LOGO-ESTEIO-1024x730.png\" alt=\"\" class=\"wp-image-27942\" width=\"317\" height=\"226\" srcset=\"https:\/\/jornalfatosenoticias.com.br\/wp-content\/uploads\/2022\/02\/LOGO-ESTEIO-1024x730.png 1024w, https:\/\/jornalfatosenoticias.com.br\/wp-content\/uploads\/2022\/02\/LOGO-ESTEIO-300x214.png 300w, https:\/\/jornalfatosenoticias.com.br\/wp-content\/uploads\/2022\/02\/LOGO-ESTEIO-768x548.png 768w, https:\/\/jornalfatosenoticias.com.br\/wp-content\/uploads\/2022\/02\/LOGO-ESTEIO.png 1123w\" sizes=\"auto, (max-width: 317px) 100vw, 317px\" \/><\/a><\/figure><\/div>\n\n\n\n<p><strong>Fonte: <a href=\"https:\/\/aventurasnahistoria.com.br\/noticias\/reportagem\/chefe-de-guerra-a-historia-real-do-rei-kamehameha-i.phtml\">Aventuras na Hist\u00f3ria<\/a><\/strong><\/p>\n","protected":false},"excerpt":{"rendered":"<p>Combinando for\u00e7a, estrat\u00e9gia e f\u00e9, Kamehameha I superou rivalidades internas e o impacto do colonialismo europeu para unificar o arquip\u00e9lago do Hava\u00ed no fim do s\u00e9culo 18 Por Felipe Sales Gomes Robusto, tem\u00edvel e autorit\u00e1rio. Assim era descrito\u00a0Kamehameha I, o primeiro monarca do ef\u00eamero, mas significativo\u00a0Reino do Hava\u00ed. Seu nome, que pode ser traduzido como [&hellip;]<\/p>\n","protected":false},"author":2,"featured_media":61145,"comment_status":"open","ping_status":"open","sticky":false,"template":"","format":"standard","meta":{"footnotes":""},"categories":[4],"tags":[27853,13225,994,27852,6458,2258,2273,4763,4804,27854],"class_list":["post-61144","post","type-post","status-publish","format-standard","has-post-thumbnail","hentry","category-cultura","tag-chefe-de-guerra","tag-ficcao","tag-havai","tag-kamehameha","tag-origem","tag-realidade","tag-rei","tag-reino","tag-series","tag-unificacao"],"yoast_head":"<!-- This site is optimized with the Yoast SEO plugin v26.5 - https:\/\/yoast.com\/wordpress\/plugins\/seo\/ -->\n<title>Chefe de Guerra: a hist\u00f3ria real do Rei Kamehameha I - Jornal Fatos e Not\u00edcias<\/title>\n<meta name=\"robots\" content=\"index, follow, max-snippet:-1, max-image-preview:large, max-video-preview:-1\" \/>\n<link rel=\"canonical\" href=\"https:\/\/jornalfatosenoticias.com.br\/index.php\/2025\/08\/11\/chefe-de-guerra-a-historia-real-do-rei-kamehameha-i\/\" \/>\n<meta property=\"og:locale\" content=\"pt_BR\" \/>\n<meta property=\"og:type\" content=\"article\" \/>\n<meta property=\"og:title\" content=\"Chefe de Guerra: a hist\u00f3ria real do Rei Kamehameha I - Jornal Fatos e Not\u00edcias\" \/>\n<meta property=\"og:description\" content=\"Combinando for\u00e7a, estrat\u00e9gia e f\u00e9, Kamehameha I superou rivalidades internas e o impacto do colonialismo europeu para unificar o arquip\u00e9lago do Hava\u00ed no fim do s\u00e9culo 18 Por Felipe Sales Gomes Robusto, tem\u00edvel e autorit\u00e1rio. Assim era descrito\u00a0Kamehameha I, o primeiro monarca do ef\u00eamero, mas significativo\u00a0Reino do Hava\u00ed. Seu nome, que pode ser traduzido como [&hellip;]\" \/>\n<meta property=\"og:url\" content=\"https:\/\/jornalfatosenoticias.com.br\/index.php\/2025\/08\/11\/chefe-de-guerra-a-historia-real-do-rei-kamehameha-i\/\" \/>\n<meta property=\"og:site_name\" content=\"Jornal Fatos e Not\u00edcias\" \/>\n<meta property=\"article:published_time\" content=\"2025-08-11T13:45:40+00:00\" \/>\n<meta property=\"article:modified_time\" content=\"2025-08-11T13:45:43+00:00\" \/>\n<meta property=\"og:image\" content=\"https:\/\/jornalfatosenoticias.com.br\/wp-content\/uploads\/2025\/08\/Rei-Kamehameha.jpg\" \/>\n\t<meta property=\"og:image:width\" content=\"1024\" \/>\n\t<meta property=\"og:image:height\" content=\"576\" \/>\n\t<meta property=\"og:image:type\" content=\"image\/jpeg\" \/>\n<meta name=\"author\" content=\"Luzimara Fernandes\" \/>\n<meta name=\"twitter:card\" content=\"summary_large_image\" \/>\n<meta name=\"twitter:label1\" content=\"Escrito por\" \/>\n\t<meta name=\"twitter:data1\" content=\"Luzimara Fernandes\" \/>\n\t<meta name=\"twitter:label2\" content=\"Est. tempo de leitura\" \/>\n\t<meta name=\"twitter:data2\" content=\"5 minutos\" \/>\n<script type=\"application\/ld+json\" class=\"yoast-schema-graph\">{\"@context\":\"https:\/\/schema.org\",\"@graph\":[{\"@type\":\"Article\",\"@id\":\"https:\/\/jornalfatosenoticias.com.br\/index.php\/2025\/08\/11\/chefe-de-guerra-a-historia-real-do-rei-kamehameha-i\/#article\",\"isPartOf\":{\"@id\":\"https:\/\/jornalfatosenoticias.com.br\/index.php\/2025\/08\/11\/chefe-de-guerra-a-historia-real-do-rei-kamehameha-i\/\"},\"author\":{\"name\":\"Luzimara Fernandes\",\"@id\":\"https:\/\/jornalfatosenoticias.com.br\/#\/schema\/person\/d63837fa13ac8666eb9e74e0985d6f81\"},\"headline\":\"Chefe de Guerra: a hist\u00f3ria real do Rei Kamehameha I\",\"datePublished\":\"2025-08-11T13:45:40+00:00\",\"dateModified\":\"2025-08-11T13:45:43+00:00\",\"mainEntityOfPage\":{\"@id\":\"https:\/\/jornalfatosenoticias.com.br\/index.php\/2025\/08\/11\/chefe-de-guerra-a-historia-real-do-rei-kamehameha-i\/\"},\"wordCount\":1096,\"commentCount\":0,\"publisher\":{\"@id\":\"https:\/\/jornalfatosenoticias.com.br\/#organization\"},\"image\":{\"@id\":\"https:\/\/jornalfatosenoticias.com.br\/index.php\/2025\/08\/11\/chefe-de-guerra-a-historia-real-do-rei-kamehameha-i\/#primaryimage\"},\"thumbnailUrl\":\"https:\/\/jornalfatosenoticias.com.br\/wp-content\/uploads\/2025\/08\/Rei-Kamehameha.jpg\",\"keywords\":[\"Chefe de Guerra\",\"fic\u00e7\u00e3o\",\"Hava\u00ed\",\"Kamehameha\",\"origem\",\"realidade\",\"rei\",\"reino\",\"s\u00e9ries\",\"unifica\u00e7\u00e3o\"],\"articleSection\":[\"Cultura\"],\"inLanguage\":\"pt-BR\",\"potentialAction\":[{\"@type\":\"CommentAction\",\"name\":\"Comment\",\"target\":[\"https:\/\/jornalfatosenoticias.com.br\/index.php\/2025\/08\/11\/chefe-de-guerra-a-historia-real-do-rei-kamehameha-i\/#respond\"]}]},{\"@type\":\"WebPage\",\"@id\":\"https:\/\/jornalfatosenoticias.com.br\/index.php\/2025\/08\/11\/chefe-de-guerra-a-historia-real-do-rei-kamehameha-i\/\",\"url\":\"https:\/\/jornalfatosenoticias.com.br\/index.php\/2025\/08\/11\/chefe-de-guerra-a-historia-real-do-rei-kamehameha-i\/\",\"name\":\"Chefe de Guerra: a hist\u00f3ria real do Rei Kamehameha I - Jornal Fatos e Not\u00edcias\",\"isPartOf\":{\"@id\":\"https:\/\/jornalfatosenoticias.com.br\/#website\"},\"primaryImageOfPage\":{\"@id\":\"https:\/\/jornalfatosenoticias.com.br\/index.php\/2025\/08\/11\/chefe-de-guerra-a-historia-real-do-rei-kamehameha-i\/#primaryimage\"},\"image\":{\"@id\":\"https:\/\/jornalfatosenoticias.com.br\/index.php\/2025\/08\/11\/chefe-de-guerra-a-historia-real-do-rei-kamehameha-i\/#primaryimage\"},\"thumbnailUrl\":\"https:\/\/jornalfatosenoticias.com.br\/wp-content\/uploads\/2025\/08\/Rei-Kamehameha.jpg\",\"datePublished\":\"2025-08-11T13:45:40+00:00\",\"dateModified\":\"2025-08-11T13:45:43+00:00\",\"breadcrumb\":{\"@id\":\"https:\/\/jornalfatosenoticias.com.br\/index.php\/2025\/08\/11\/chefe-de-guerra-a-historia-real-do-rei-kamehameha-i\/#breadcrumb\"},\"inLanguage\":\"pt-BR\",\"potentialAction\":[{\"@type\":\"ReadAction\",\"target\":[\"https:\/\/jornalfatosenoticias.com.br\/index.php\/2025\/08\/11\/chefe-de-guerra-a-historia-real-do-rei-kamehameha-i\/\"]}]},{\"@type\":\"ImageObject\",\"inLanguage\":\"pt-BR\",\"@id\":\"https:\/\/jornalfatosenoticias.com.br\/index.php\/2025\/08\/11\/chefe-de-guerra-a-historia-real-do-rei-kamehameha-i\/#primaryimage\",\"url\":\"https:\/\/jornalfatosenoticias.com.br\/wp-content\/uploads\/2025\/08\/Rei-Kamehameha.jpg\",\"contentUrl\":\"https:\/\/jornalfatosenoticias.com.br\/wp-content\/uploads\/2025\/08\/Rei-Kamehameha.jpg\",\"width\":1024,\"height\":576},{\"@type\":\"BreadcrumbList\",\"@id\":\"https:\/\/jornalfatosenoticias.com.br\/index.php\/2025\/08\/11\/chefe-de-guerra-a-historia-real-do-rei-kamehameha-i\/#breadcrumb\",\"itemListElement\":[{\"@type\":\"ListItem\",\"position\":1,\"name\":\"In\u00edcio\",\"item\":\"https:\/\/jornalfatosenoticias.com.br\/\"},{\"@type\":\"ListItem\",\"position\":2,\"name\":\"Chefe de Guerra: a hist\u00f3ria real do Rei Kamehameha I\"}]},{\"@type\":\"WebSite\",\"@id\":\"https:\/\/jornalfatosenoticias.com.br\/#website\",\"url\":\"https:\/\/jornalfatosenoticias.com.br\/\",\"name\":\"Jornal Fatos e Not\u00edcias\",\"description\":\"Not\u00edcias em geral\",\"publisher\":{\"@id\":\"https:\/\/jornalfatosenoticias.com.br\/#organization\"},\"potentialAction\":[{\"@type\":\"SearchAction\",\"target\":{\"@type\":\"EntryPoint\",\"urlTemplate\":\"https:\/\/jornalfatosenoticias.com.br\/?s={search_term_string}\"},\"query-input\":{\"@type\":\"PropertyValueSpecification\",\"valueRequired\":true,\"valueName\":\"search_term_string\"}}],\"inLanguage\":\"pt-BR\"},{\"@type\":\"Organization\",\"@id\":\"https:\/\/jornalfatosenoticias.com.br\/#organization\",\"name\":\"Jornal Fatos e Not\u00edcias\",\"url\":\"https:\/\/jornalfatosenoticias.com.br\/\",\"logo\":{\"@type\":\"ImageObject\",\"inLanguage\":\"pt-BR\",\"@id\":\"https:\/\/jornalfatosenoticias.com.br\/#\/schema\/logo\/image\/\",\"url\":\"https:\/\/jornalfatosenoticias.com.br\/wp-content\/uploads\/2020\/02\/logo120.png\",\"contentUrl\":\"https:\/\/jornalfatosenoticias.com.br\/wp-content\/uploads\/2020\/02\/logo120.png\",\"width\":1227,\"height\":120,\"caption\":\"Jornal Fatos e Not\u00edcias\"},\"image\":{\"@id\":\"https:\/\/jornalfatosenoticias.com.br\/#\/schema\/logo\/image\/\"}},{\"@type\":\"Person\",\"@id\":\"https:\/\/jornalfatosenoticias.com.br\/#\/schema\/person\/d63837fa13ac8666eb9e74e0985d6f81\",\"name\":\"Luzimara Fernandes\",\"image\":{\"@type\":\"ImageObject\",\"inLanguage\":\"pt-BR\",\"@id\":\"https:\/\/jornalfatosenoticias.com.br\/#\/schema\/person\/image\/\",\"url\":\"https:\/\/jornalfatosenoticias.com.br\/wp-content\/uploads\/2025\/05\/EU_portal.jpg\",\"contentUrl\":\"https:\/\/jornalfatosenoticias.com.br\/wp-content\/uploads\/2025\/05\/EU_portal.jpg\",\"caption\":\"Luzimara Fernandes\"},\"description\":\"Jornalista MTB 2358-ES\",\"sameAs\":[\"https:\/\/jornalfatosenoticias.com.br\"],\"url\":\"https:\/\/jornalfatosenoticias.com.br\/index.php\/author\/luzimara\/\"}]}<\/script>\n<!-- \/ Yoast SEO plugin. -->","yoast_head_json":{"title":"Chefe de Guerra: a hist\u00f3ria real do Rei Kamehameha I - Jornal Fatos e Not\u00edcias","robots":{"index":"index","follow":"follow","max-snippet":"max-snippet:-1","max-image-preview":"max-image-preview:large","max-video-preview":"max-video-preview:-1"},"canonical":"https:\/\/jornalfatosenoticias.com.br\/index.php\/2025\/08\/11\/chefe-de-guerra-a-historia-real-do-rei-kamehameha-i\/","og_locale":"pt_BR","og_type":"article","og_title":"Chefe de Guerra: a hist\u00f3ria real do Rei Kamehameha I - Jornal Fatos e Not\u00edcias","og_description":"Combinando for\u00e7a, estrat\u00e9gia e f\u00e9, Kamehameha I superou rivalidades internas e o impacto do colonialismo europeu para unificar o arquip\u00e9lago do Hava\u00ed no fim do s\u00e9culo 18 Por Felipe Sales Gomes Robusto, tem\u00edvel e autorit\u00e1rio. Assim era descrito\u00a0Kamehameha I, o primeiro monarca do ef\u00eamero, mas significativo\u00a0Reino do Hava\u00ed. Seu nome, que pode ser traduzido como [&hellip;]","og_url":"https:\/\/jornalfatosenoticias.com.br\/index.php\/2025\/08\/11\/chefe-de-guerra-a-historia-real-do-rei-kamehameha-i\/","og_site_name":"Jornal Fatos e Not\u00edcias","article_published_time":"2025-08-11T13:45:40+00:00","article_modified_time":"2025-08-11T13:45:43+00:00","og_image":[{"width":1024,"height":576,"url":"https:\/\/jornalfatosenoticias.com.br\/wp-content\/uploads\/2025\/08\/Rei-Kamehameha.jpg","type":"image\/jpeg"}],"author":"Luzimara Fernandes","twitter_card":"summary_large_image","twitter_misc":{"Escrito por":"Luzimara Fernandes","Est. tempo de leitura":"5 minutos"},"schema":{"@context":"https:\/\/schema.org","@graph":[{"@type":"Article","@id":"https:\/\/jornalfatosenoticias.com.br\/index.php\/2025\/08\/11\/chefe-de-guerra-a-historia-real-do-rei-kamehameha-i\/#article","isPartOf":{"@id":"https:\/\/jornalfatosenoticias.com.br\/index.php\/2025\/08\/11\/chefe-de-guerra-a-historia-real-do-rei-kamehameha-i\/"},"author":{"name":"Luzimara Fernandes","@id":"https:\/\/jornalfatosenoticias.com.br\/#\/schema\/person\/d63837fa13ac8666eb9e74e0985d6f81"},"headline":"Chefe de Guerra: a hist\u00f3ria real do Rei Kamehameha I","datePublished":"2025-08-11T13:45:40+00:00","dateModified":"2025-08-11T13:45:43+00:00","mainEntityOfPage":{"@id":"https:\/\/jornalfatosenoticias.com.br\/index.php\/2025\/08\/11\/chefe-de-guerra-a-historia-real-do-rei-kamehameha-i\/"},"wordCount":1096,"commentCount":0,"publisher":{"@id":"https:\/\/jornalfatosenoticias.com.br\/#organization"},"image":{"@id":"https:\/\/jornalfatosenoticias.com.br\/index.php\/2025\/08\/11\/chefe-de-guerra-a-historia-real-do-rei-kamehameha-i\/#primaryimage"},"thumbnailUrl":"https:\/\/jornalfatosenoticias.com.br\/wp-content\/uploads\/2025\/08\/Rei-Kamehameha.jpg","keywords":["Chefe de Guerra","fic\u00e7\u00e3o","Hava\u00ed","Kamehameha","origem","realidade","rei","reino","s\u00e9ries","unifica\u00e7\u00e3o"],"articleSection":["Cultura"],"inLanguage":"pt-BR","potentialAction":[{"@type":"CommentAction","name":"Comment","target":["https:\/\/jornalfatosenoticias.com.br\/index.php\/2025\/08\/11\/chefe-de-guerra-a-historia-real-do-rei-kamehameha-i\/#respond"]}]},{"@type":"WebPage","@id":"https:\/\/jornalfatosenoticias.com.br\/index.php\/2025\/08\/11\/chefe-de-guerra-a-historia-real-do-rei-kamehameha-i\/","url":"https:\/\/jornalfatosenoticias.com.br\/index.php\/2025\/08\/11\/chefe-de-guerra-a-historia-real-do-rei-kamehameha-i\/","name":"Chefe de Guerra: a hist\u00f3ria real do Rei Kamehameha I - Jornal Fatos e Not\u00edcias","isPartOf":{"@id":"https:\/\/jornalfatosenoticias.com.br\/#website"},"primaryImageOfPage":{"@id":"https:\/\/jornalfatosenoticias.com.br\/index.php\/2025\/08\/11\/chefe-de-guerra-a-historia-real-do-rei-kamehameha-i\/#primaryimage"},"image":{"@id":"https:\/\/jornalfatosenoticias.com.br\/index.php\/2025\/08\/11\/chefe-de-guerra-a-historia-real-do-rei-kamehameha-i\/#primaryimage"},"thumbnailUrl":"https:\/\/jornalfatosenoticias.com.br\/wp-content\/uploads\/2025\/08\/Rei-Kamehameha.jpg","datePublished":"2025-08-11T13:45:40+00:00","dateModified":"2025-08-11T13:45:43+00:00","breadcrumb":{"@id":"https:\/\/jornalfatosenoticias.com.br\/index.php\/2025\/08\/11\/chefe-de-guerra-a-historia-real-do-rei-kamehameha-i\/#breadcrumb"},"inLanguage":"pt-BR","potentialAction":[{"@type":"ReadAction","target":["https:\/\/jornalfatosenoticias.com.br\/index.php\/2025\/08\/11\/chefe-de-guerra-a-historia-real-do-rei-kamehameha-i\/"]}]},{"@type":"ImageObject","inLanguage":"pt-BR","@id":"https:\/\/jornalfatosenoticias.com.br\/index.php\/2025\/08\/11\/chefe-de-guerra-a-historia-real-do-rei-kamehameha-i\/#primaryimage","url":"https:\/\/jornalfatosenoticias.com.br\/wp-content\/uploads\/2025\/08\/Rei-Kamehameha.jpg","contentUrl":"https:\/\/jornalfatosenoticias.com.br\/wp-content\/uploads\/2025\/08\/Rei-Kamehameha.jpg","width":1024,"height":576},{"@type":"BreadcrumbList","@id":"https:\/\/jornalfatosenoticias.com.br\/index.php\/2025\/08\/11\/chefe-de-guerra-a-historia-real-do-rei-kamehameha-i\/#breadcrumb","itemListElement":[{"@type":"ListItem","position":1,"name":"In\u00edcio","item":"https:\/\/jornalfatosenoticias.com.br\/"},{"@type":"ListItem","position":2,"name":"Chefe de Guerra: a hist\u00f3ria real do Rei Kamehameha I"}]},{"@type":"WebSite","@id":"https:\/\/jornalfatosenoticias.com.br\/#website","url":"https:\/\/jornalfatosenoticias.com.br\/","name":"Jornal Fatos e Not\u00edcias","description":"Not\u00edcias em geral","publisher":{"@id":"https:\/\/jornalfatosenoticias.com.br\/#organization"},"potentialAction":[{"@type":"SearchAction","target":{"@type":"EntryPoint","urlTemplate":"https:\/\/jornalfatosenoticias.com.br\/?s={search_term_string}"},"query-input":{"@type":"PropertyValueSpecification","valueRequired":true,"valueName":"search_term_string"}}],"inLanguage":"pt-BR"},{"@type":"Organization","@id":"https:\/\/jornalfatosenoticias.com.br\/#organization","name":"Jornal Fatos e Not\u00edcias","url":"https:\/\/jornalfatosenoticias.com.br\/","logo":{"@type":"ImageObject","inLanguage":"pt-BR","@id":"https:\/\/jornalfatosenoticias.com.br\/#\/schema\/logo\/image\/","url":"https:\/\/jornalfatosenoticias.com.br\/wp-content\/uploads\/2020\/02\/logo120.png","contentUrl":"https:\/\/jornalfatosenoticias.com.br\/wp-content\/uploads\/2020\/02\/logo120.png","width":1227,"height":120,"caption":"Jornal Fatos e Not\u00edcias"},"image":{"@id":"https:\/\/jornalfatosenoticias.com.br\/#\/schema\/logo\/image\/"}},{"@type":"Person","@id":"https:\/\/jornalfatosenoticias.com.br\/#\/schema\/person\/d63837fa13ac8666eb9e74e0985d6f81","name":"Luzimara Fernandes","image":{"@type":"ImageObject","inLanguage":"pt-BR","@id":"https:\/\/jornalfatosenoticias.com.br\/#\/schema\/person\/image\/","url":"https:\/\/jornalfatosenoticias.com.br\/wp-content\/uploads\/2025\/05\/EU_portal.jpg","contentUrl":"https:\/\/jornalfatosenoticias.com.br\/wp-content\/uploads\/2025\/05\/EU_portal.jpg","caption":"Luzimara Fernandes"},"description":"Jornalista MTB 2358-ES","sameAs":["https:\/\/jornalfatosenoticias.com.br"],"url":"https:\/\/jornalfatosenoticias.com.br\/index.php\/author\/luzimara\/"}]}},"cc_featured_image_caption":{"caption_text":"(Foto: Getty Images\/Divulga\u00e7\u00e3o\/Apple TV+)  ","source_text":"","source_url":""},"jetpack_featured_media_url":"https:\/\/jornalfatosenoticias.com.br\/wp-content\/uploads\/2025\/08\/Rei-Kamehameha.jpg","_links":{"self":[{"href":"https:\/\/jornalfatosenoticias.com.br\/index.php\/wp-json\/wp\/v2\/posts\/61144","targetHints":{"allow":["GET"]}}],"collection":[{"href":"https:\/\/jornalfatosenoticias.com.br\/index.php\/wp-json\/wp\/v2\/posts"}],"about":[{"href":"https:\/\/jornalfatosenoticias.com.br\/index.php\/wp-json\/wp\/v2\/types\/post"}],"author":[{"embeddable":true,"href":"https:\/\/jornalfatosenoticias.com.br\/index.php\/wp-json\/wp\/v2\/users\/2"}],"replies":[{"embeddable":true,"href":"https:\/\/jornalfatosenoticias.com.br\/index.php\/wp-json\/wp\/v2\/comments?post=61144"}],"version-history":[{"count":0,"href":"https:\/\/jornalfatosenoticias.com.br\/index.php\/wp-json\/wp\/v2\/posts\/61144\/revisions"}],"wp:featuredmedia":[{"embeddable":true,"href":"https:\/\/jornalfatosenoticias.com.br\/index.php\/wp-json\/wp\/v2\/media\/61145"}],"wp:attachment":[{"href":"https:\/\/jornalfatosenoticias.com.br\/index.php\/wp-json\/wp\/v2\/media?parent=61144"}],"wp:term":[{"taxonomy":"category","embeddable":true,"href":"https:\/\/jornalfatosenoticias.com.br\/index.php\/wp-json\/wp\/v2\/categories?post=61144"},{"taxonomy":"post_tag","embeddable":true,"href":"https:\/\/jornalfatosenoticias.com.br\/index.php\/wp-json\/wp\/v2\/tags?post=61144"}],"curies":[{"name":"wp","href":"https:\/\/api.w.org\/{rel}","templated":true}]}}