{"id":61147,"date":"2025-08-11T10:54:20","date_gmt":"2025-08-11T13:54:20","guid":{"rendered":"https:\/\/jornalfatosenoticias.com.br\/?p=61147"},"modified":"2025-08-11T10:54:22","modified_gmt":"2025-08-11T13:54:22","slug":"o-mundo-esta-em-silencio-sobre-o-massacre-de-cristaos-na-africa-diz-franklin-graham","status":"publish","type":"post","link":"https:\/\/jornalfatosenoticias.com.br\/index.php\/2025\/08\/11\/o-mundo-esta-em-silencio-sobre-o-massacre-de-cristaos-na-africa-diz-franklin-graham\/","title":{"rendered":"\u201cO mundo est\u00e1 em sil\u00eancio sobre o massacre de crist\u00e3os na \u00c1frica\u201d, diz Franklin Graham"},"content":{"rendered":"\n<p><em><span class=\"has-inline-color has-black-color\">O pastor destacou que o corpo global de Cristo deve orar por esses irm\u00e3os e irm\u00e3s que enfrentam perigos todos os dias. Franklin Graham visita uma comunidade israelense onde civis foram mortos na invas\u00e3o do Hamas<\/span><\/em><\/p>\n\n\n\n<p><span class=\"has-inline-color has-black-color\">Por <strong>Guiame\/Crosswalk<\/strong><\/span><\/p>\n\n\n\n<div class=\"wp-block-image\"><figure class=\"aligncenter size-large\"><a href=\"https:\/\/mizu.com.br\/\"><img loading=\"lazy\" decoding=\"async\" width=\"729\" height=\"90\" src=\"https:\/\/jornalfatosenoticias.com.br\/wp-content\/uploads\/2020\/02\/Logo_Mizu.png\" alt=\"\" class=\"wp-image-1441\" srcset=\"https:\/\/jornalfatosenoticias.com.br\/wp-content\/uploads\/2020\/02\/Logo_Mizu.png 729w, https:\/\/jornalfatosenoticias.com.br\/wp-content\/uploads\/2020\/02\/Logo_Mizu-300x37.png 300w\" sizes=\"auto, (max-width: 729px) 100vw, 729px\" \/><\/a><\/figure><\/div>\n\n\n\n<p>Enquanto o mundo se ocupa com debates sobre economia e pol\u00edtica, uma trag\u00e9dia silenciosa se desenrola na \u00c1frica: crist\u00e3os est\u00e3o sendo perseguidos e mortos, alerta <strong><strong><a href=\"https:\/\/guiame.com.br\/gospel\/missoes-acao-social\/missao-de-franklin-graham-envia-2-avioes-com-toneladas-de-alimentos-para-familias-em-gaza.html\">Franklin Graham<\/a><\/strong><\/strong>. Em declara\u00e7\u00e3o recente, Graham disse que a viol\u00eancia promovida por <strong><strong><a href=\"https:\/\/guiame.com.br\/gospel\/missoes-acao-social\/milicias-fulani-matam-32-cristaos-incluindo-bebe-de-3-meses-em-aldeia-da-nigeria.html\">extremistas mu\u00e7ulmanos<\/a><\/strong><\/strong> contra comunidades crist\u00e3s africanas tem sido ignorada.<br>Ele destacou que o corpo global de Cristo deve orar por esses irm\u00e3os e irm\u00e3s que enfrentam perigos todos os dias. &#8220;Enquanto as not\u00edcias se concentram em tarifas e outras coisas, o mundo est\u00e1 estranhamente silencioso sobre o massacre de crist\u00e3os na Rep\u00fablica Democr\u00e1tica do Congo (RDC) por jihadistas mu\u00e7ulmanos&#8221;, escreveu Graham nas redes sociais.<\/p>\n\n\n\n<div class=\"wp-block-image\"><figure class=\"aligncenter size-large\"><a href=\"http:\/\/www.ferrarimaquinas.com.br\/\"><img loading=\"lazy\" decoding=\"async\" width=\"300\" height=\"250\" src=\"https:\/\/jornalfatosenoticias.com.br\/wp-content\/uploads\/2022\/02\/FERRARI_MAQUINAS-E-FERRAMENTAS2.jpg\" alt=\"\" class=\"wp-image-27860\"\/><\/a><\/figure><\/div>\n\n\n\n<p>O filho de Billy Graham mencionou o <strong><strong><a href=\"https:\/\/guiame.com.br\/gospel\/missoes-acao-social\/mais-de-40-cristaos-sao-mortos-por-terroristas-do-estado-islamico-em-igreja-no-congo.html?fbclid=IwY2xjawL5tG5leHRuA2FlbQIxMQABHma4aGZ2L1XlnacZN7KQe7L0YjOKOu7hXpSS9XiRolEdgrLM7Gzz0VMRsoWZ_aem_9mIc-RwYGlsxyPSFQrhovQ\">massacre de 49 crist\u00e3os ocorrido em julho<\/a><\/strong><\/strong>, durante uma vig\u00edlia noturna em uma igreja na cidade de Komanda, no leste da Rep\u00fablica Democr\u00e1tica do Congo. Segundo a organiza\u00e7\u00e3o Portas Abertas, o ataque foi realizado por supostos militantes isl\u00e2micos que invadiram a igreja e \u00e1reas pr\u00f3ximas.<\/p>\n\n\n\n<div class=\"wp-block-image\"><figure class=\"aligncenter size-large is-resized\"><a href=\"https:\/\/www.facebook.com\/profile.php?id=100069289606145\"><img loading=\"lazy\" decoding=\"async\" src=\"https:\/\/jornalfatosenoticias.com.br\/wp-content\/uploads\/2024\/11\/Guaitolini-Contabilidade-1024x714.jpeg\" alt=\"\" class=\"wp-image-55808\" width=\"356\" height=\"248\" srcset=\"https:\/\/jornalfatosenoticias.com.br\/wp-content\/uploads\/2024\/11\/Guaitolini-Contabilidade-1024x714.jpeg 1024w, https:\/\/jornalfatosenoticias.com.br\/wp-content\/uploads\/2024\/11\/Guaitolini-Contabilidade-300x209.jpeg 300w, https:\/\/jornalfatosenoticias.com.br\/wp-content\/uploads\/2024\/11\/Guaitolini-Contabilidade-768x535.jpeg 768w, https:\/\/jornalfatosenoticias.com.br\/wp-content\/uploads\/2024\/11\/Guaitolini-Contabilidade.jpeg 1280w\" sizes=\"auto, (max-width: 356px) 100vw, 356px\" \/><\/a><\/figure><\/div>\n\n\n\n<p>Uma testemunha relatou \u00e0 Fox News que, entre os mortos, ao menos nove crian\u00e7as foram decapitadas. O ataque, atribu\u00eddo \u00e0s For\u00e7as Democr\u00e1ticas Aliadas (ADF), faz parte de uma s\u00e9rie de atos violentos ocorridos em julho, que deixou pelo menos 80 mortes na regi\u00e3o, al\u00e9m de in\u00fameros deslocados e sequestros.<br>Segundo Illia Djadi, da organiza\u00e7\u00e3o Portas Abertas, as ADF, grupo vinculado ao Estado Isl\u00e2mico, t\u00eam os crist\u00e3os como alvo principal de suas a\u00e7\u00f5es. &#8220;Voc\u00ea consegue imaginar o horror? E este n\u00e3o \u00e9 um incidente isolado, \u00e9 algo cont\u00ednuo&#8221;, escreveu Graham.<\/p>\n\n\n\n<div class=\"wp-block-image\"><figure class=\"aligncenter size-large\"><img loading=\"lazy\" decoding=\"async\" width=\"641\" height=\"361\" src=\"https:\/\/jornalfatosenoticias.com.br\/wp-content\/uploads\/2025\/08\/perseguicao-a-cristaos-congo.jpg\" alt=\"\" class=\"wp-image-61148\" srcset=\"https:\/\/jornalfatosenoticias.com.br\/wp-content\/uploads\/2025\/08\/perseguicao-a-cristaos-congo.jpg 641w, https:\/\/jornalfatosenoticias.com.br\/wp-content\/uploads\/2025\/08\/perseguicao-a-cristaos-congo-300x169.jpg 300w\" sizes=\"auto, (max-width: 641px) 100vw, 641px\" \/><figcaption><em><span class=\"has-inline-color has-black-color\">Ataque anterior da ADF no Congo (Foto: Reprodu\u00e7\u00e3o\/Islamic State Central African Province)<\/span><\/em><\/figcaption><\/figure><\/div>\n\n\n\n<blockquote class=\"wp-block-quote is-layout-flow wp-block-quote-is-layout-flow\"><p><span class=\"has-inline-color has-luminous-vivid-orange-color\">Mais de quatro mil crist\u00e3os foram mortos na Nig\u00e9ria no \u00faltimo ano. Na \u00c1frica Subsaariana, mais de 16 milh\u00f5es de crist\u00e3os fugiram de suas casas devido \u00e0 viol\u00eancia inacredit\u00e1vel. Uma pessoa disse: &#8216;a igreja est\u00e1 em fuga'&#8221;.<\/span><\/p><\/blockquote>\n\n\n\n<div class=\"wp-block-image\"><figure class=\"aligncenter size-large is-resized\"><a href=\"https:\/\/www.controlsystems.com.br\/\"><img loading=\"lazy\" decoding=\"async\" src=\"https:\/\/jornalfatosenoticias.com.br\/wp-content\/uploads\/2020\/02\/CONTROL-CS.jpg\" alt=\"\" class=\"wp-image-44991\" width=\"297\" height=\"356\" srcset=\"https:\/\/jornalfatosenoticias.com.br\/wp-content\/uploads\/2020\/02\/CONTROL-CS.jpg 834w, https:\/\/jornalfatosenoticias.com.br\/wp-content\/uploads\/2020\/02\/CONTROL-CS-250x300.jpg 250w, https:\/\/jornalfatosenoticias.com.br\/wp-content\/uploads\/2020\/02\/CONTROL-CS-768x921.jpg 768w\" sizes=\"auto, (max-width: 297px) 100vw, 297px\" \/><\/a><\/figure><\/div>\n\n\n\n<p>Em fevereiro, militantes isl\u00e2micos \u2014 supostamente integrantes das For\u00e7as Democr\u00e1ticas Aliadas (ADF), vinculadas ao Estado Isl\u00e2mico \u2014 capturaram 70 crist\u00e3os na Rep\u00fablica Democr\u00e1tica do Congo e os conduziram at\u00e9 uma igreja na cidade de Kasanga, onde foram brutalmente assassinados com fac\u00f5es e martelos, conforme relatado pela Portas Abertas.<\/p>\n\n\n\n<div class=\"wp-block-image\"><figure class=\"aligncenter size-large is-resized\"><a href=\"https:\/\/www.instagram.com\/restaurantepegoretti\/\"><img loading=\"lazy\" decoding=\"async\" src=\"https:\/\/jornalfatosenoticias.com.br\/wp-content\/uploads\/2023\/12\/pegoretti-logo-pdf-1024x389.jpg\" alt=\"\" class=\"wp-image-47536\" width=\"456\" height=\"173\" srcset=\"https:\/\/jornalfatosenoticias.com.br\/wp-content\/uploads\/2023\/12\/pegoretti-logo-pdf-1024x389.jpg 1024w, https:\/\/jornalfatosenoticias.com.br\/wp-content\/uploads\/2023\/12\/pegoretti-logo-pdf-300x114.jpg 300w, https:\/\/jornalfatosenoticias.com.br\/wp-content\/uploads\/2023\/12\/pegoretti-logo-pdf-768x291.jpg 768w, https:\/\/jornalfatosenoticias.com.br\/wp-content\/uploads\/2023\/12\/pegoretti-logo-pdf.jpg 1120w\" sizes=\"auto, (max-width: 456px) 100vw, 456px\" \/><\/a><\/figure><\/div>\n\n\n\n<p>A onda de viol\u00eancia teve in\u00edcio nas primeiras horas da manh\u00e3 na vila crist\u00e3 de Mayba, quando os militantes come\u00e7aram a invadir casas, sequestrando moradores porta a porta. Em seguida, cercaram a vila e capturaram dezenas de outras pessoas. Em junho, mais de 200 civis crist\u00e3os, incluindo crian\u00e7as e idosos, foram mortos em ataques coordenados por militantes armados da etnia mu\u00e7ulmana Fulani, na Nig\u00e9ria, segundo a organiza\u00e7\u00e3o International Christian Concern.<\/p>\n\n\n\n<div class=\"wp-block-image\"><figure class=\"aligncenter size-large is-resized\"><a href=\"https:\/\/www.facebook.com\/postobkr\/?locale=pt_BR\"><img loading=\"lazy\" decoding=\"async\" src=\"https:\/\/jornalfatosenoticias.com.br\/wp-content\/uploads\/2023\/08\/BKR-1024x1021.jpg\" alt=\"\" class=\"wp-image-44494\" width=\"310\" height=\"309\" srcset=\"https:\/\/jornalfatosenoticias.com.br\/wp-content\/uploads\/2023\/08\/BKR-1024x1021.jpg 1024w, https:\/\/jornalfatosenoticias.com.br\/wp-content\/uploads\/2023\/08\/BKR-300x300.jpg 300w, https:\/\/jornalfatosenoticias.com.br\/wp-content\/uploads\/2023\/08\/BKR-150x150.jpg 150w, https:\/\/jornalfatosenoticias.com.br\/wp-content\/uploads\/2023\/08\/BKR-768x766.jpg 768w, https:\/\/jornalfatosenoticias.com.br\/wp-content\/uploads\/2023\/08\/BKR.jpg 1080w\" sizes=\"auto, (max-width: 310px) 100vw, 310px\" \/><\/a><\/figure><\/div>\n\n\n\n<blockquote class=\"wp-block-quote is-layout-flow wp-block-quote-is-layout-flow\"><p><span class=\"has-inline-color has-luminous-vivid-orange-color\">Juntem-se a mim em ora\u00e7\u00e3o por esses crist\u00e3os&#8221;, escreveu Graham. &#8220;Sou grato que o presidente Donald J. Trump e a Casa Branca tenham condenado esses assassinatos e estejam trabalhando para defender a liberdade religiosa em todo o mundo&#8221;.<\/span><\/p><\/blockquote>\n\n\n\n<div class=\"wp-block-image\"><figure class=\"aligncenter size-large is-resized\"><a href=\"https:\/\/www.facebook.com\/vetor.vix\/\"><img loading=\"lazy\" decoding=\"async\" src=\"https:\/\/jornalfatosenoticias.com.br\/wp-content\/uploads\/2023\/09\/vetorvix1024_1.jpg\" alt=\"\" class=\"wp-image-44868\" width=\"546\" height=\"145\" srcset=\"https:\/\/jornalfatosenoticias.com.br\/wp-content\/uploads\/2023\/09\/vetorvix1024_1.jpg 1024w, https:\/\/jornalfatosenoticias.com.br\/wp-content\/uploads\/2023\/09\/vetorvix1024_1-300x80.jpg 300w, https:\/\/jornalfatosenoticias.com.br\/wp-content\/uploads\/2023\/09\/vetorvix1024_1-768x205.jpg 768w\" sizes=\"auto, (max-width: 546px) 100vw, 546px\" \/><\/a><\/figure><\/div>\n\n\n\n<p><strong>Fonte: <a href=\"https:\/\/guiame.com.br\/gospel\/missoes-acao-social\/o-mundo-esta-em-silencio-sobre-o-massacre-de-cristaos-na-africa-diz-franklin-graham.html\">Guiame<\/a><\/strong><\/p>\n","protected":false},"excerpt":{"rendered":"<p>O pastor destacou que o corpo global de Cristo deve orar por esses irm\u00e3os e irm\u00e3s que enfrentam perigos todos os dias. Franklin Graham visita uma comunidade israelense onde civis foram mortos na invas\u00e3o do Hamas Por Guiame\/Crosswalk Enquanto o mundo se ocupa com debates sobre economia e pol\u00edtica, uma trag\u00e9dia silenciosa se desenrola na [&hellip;]<\/p>\n","protected":false},"author":2,"featured_media":61149,"comment_status":"open","ping_status":"open","sticky":false,"template":"","format":"standard","meta":{"footnotes":""},"categories":[21140],"tags":[182,14161,1619,27855,27856,26077,6094,3746,14619,2479],"class_list":["post-61147","post","type-post","status-publish","format-standard","has-post-thumbnail","hentry","category-religiao","tag-africa","tag-cristaos","tag-cristianismo","tag-extremistas","tag-franklin-graham","tag-gospel","tag-jesus","tag-nigeria","tag-perseguicao-religiosa","tag-violencia"],"yoast_head":"<!-- This site is optimized with the Yoast SEO plugin v26.5 - https:\/\/yoast.com\/wordpress\/plugins\/seo\/ -->\n<title>\u201cO mundo est\u00e1 em sil\u00eancio sobre o massacre de crist\u00e3os na \u00c1frica\u201d, diz Franklin Graham - Jornal Fatos e Not\u00edcias<\/title>\n<meta name=\"robots\" content=\"index, follow, max-snippet:-1, max-image-preview:large, max-video-preview:-1\" \/>\n<link rel=\"canonical\" href=\"https:\/\/jornalfatosenoticias.com.br\/index.php\/2025\/08\/11\/o-mundo-esta-em-silencio-sobre-o-massacre-de-cristaos-na-africa-diz-franklin-graham\/\" \/>\n<meta property=\"og:locale\" content=\"pt_BR\" \/>\n<meta property=\"og:type\" content=\"article\" \/>\n<meta property=\"og:title\" content=\"\u201cO mundo est\u00e1 em sil\u00eancio sobre o massacre de crist\u00e3os na \u00c1frica\u201d, diz Franklin Graham - Jornal Fatos e Not\u00edcias\" \/>\n<meta property=\"og:description\" content=\"O pastor destacou que o corpo global de Cristo deve orar por esses irm\u00e3os e irm\u00e3s que enfrentam perigos todos os dias. Franklin Graham visita uma comunidade israelense onde civis foram mortos na invas\u00e3o do Hamas Por Guiame\/Crosswalk Enquanto o mundo se ocupa com debates sobre economia e pol\u00edtica, uma trag\u00e9dia silenciosa se desenrola na [&hellip;]\" \/>\n<meta property=\"og:url\" content=\"https:\/\/jornalfatosenoticias.com.br\/index.php\/2025\/08\/11\/o-mundo-esta-em-silencio-sobre-o-massacre-de-cristaos-na-africa-diz-franklin-graham\/\" \/>\n<meta property=\"og:site_name\" content=\"Jornal Fatos e Not\u00edcias\" \/>\n<meta property=\"article:published_time\" content=\"2025-08-11T13:54:20+00:00\" \/>\n<meta property=\"article:modified_time\" content=\"2025-08-11T13:54:22+00:00\" \/>\n<meta property=\"og:image\" content=\"https:\/\/jornalfatosenoticias.com.br\/wp-content\/uploads\/2025\/08\/franklin-graham.jpg\" \/>\n\t<meta property=\"og:image:width\" content=\"840\" \/>\n\t<meta property=\"og:image:height\" content=\"500\" \/>\n\t<meta property=\"og:image:type\" content=\"image\/jpeg\" \/>\n<meta name=\"author\" content=\"Luzimara Fernandes\" \/>\n<meta name=\"twitter:card\" content=\"summary_large_image\" \/>\n<meta name=\"twitter:label1\" content=\"Escrito por\" \/>\n\t<meta name=\"twitter:data1\" content=\"Luzimara Fernandes\" \/>\n\t<meta name=\"twitter:label2\" content=\"Est. tempo de leitura\" \/>\n\t<meta name=\"twitter:data2\" content=\"3 minutos\" \/>\n<script type=\"application\/ld+json\" class=\"yoast-schema-graph\">{\"@context\":\"https:\/\/schema.org\",\"@graph\":[{\"@type\":\"Article\",\"@id\":\"https:\/\/jornalfatosenoticias.com.br\/index.php\/2025\/08\/11\/o-mundo-esta-em-silencio-sobre-o-massacre-de-cristaos-na-africa-diz-franklin-graham\/#article\",\"isPartOf\":{\"@id\":\"https:\/\/jornalfatosenoticias.com.br\/index.php\/2025\/08\/11\/o-mundo-esta-em-silencio-sobre-o-massacre-de-cristaos-na-africa-diz-franklin-graham\/\"},\"author\":{\"name\":\"Luzimara Fernandes\",\"@id\":\"https:\/\/jornalfatosenoticias.com.br\/#\/schema\/person\/d63837fa13ac8666eb9e74e0985d6f81\"},\"headline\":\"\u201cO mundo est\u00e1 em sil\u00eancio sobre o massacre de crist\u00e3os na \u00c1frica\u201d, diz Franklin Graham\",\"datePublished\":\"2025-08-11T13:54:20+00:00\",\"dateModified\":\"2025-08-11T13:54:22+00:00\",\"mainEntityOfPage\":{\"@id\":\"https:\/\/jornalfatosenoticias.com.br\/index.php\/2025\/08\/11\/o-mundo-esta-em-silencio-sobre-o-massacre-de-cristaos-na-africa-diz-franklin-graham\/\"},\"wordCount\":560,\"commentCount\":0,\"publisher\":{\"@id\":\"https:\/\/jornalfatosenoticias.com.br\/#organization\"},\"image\":{\"@id\":\"https:\/\/jornalfatosenoticias.com.br\/index.php\/2025\/08\/11\/o-mundo-esta-em-silencio-sobre-o-massacre-de-cristaos-na-africa-diz-franklin-graham\/#primaryimage\"},\"thumbnailUrl\":\"https:\/\/jornalfatosenoticias.com.br\/wp-content\/uploads\/2025\/08\/franklin-graham.jpg\",\"keywords\":[\"\u00e1frica\",\"crist\u00e3os\",\"cristianismo\",\"extremistas\",\"Franklin Graham\",\"gospel\",\"Jesus\",\"Nig\u00e9ria\",\"persegui\u00e7\u00e3o religiosa\",\"viol\u00eancia\"],\"articleSection\":[\"Religi\u00e3o\"],\"inLanguage\":\"pt-BR\",\"potentialAction\":[{\"@type\":\"CommentAction\",\"name\":\"Comment\",\"target\":[\"https:\/\/jornalfatosenoticias.com.br\/index.php\/2025\/08\/11\/o-mundo-esta-em-silencio-sobre-o-massacre-de-cristaos-na-africa-diz-franklin-graham\/#respond\"]}]},{\"@type\":\"WebPage\",\"@id\":\"https:\/\/jornalfatosenoticias.com.br\/index.php\/2025\/08\/11\/o-mundo-esta-em-silencio-sobre-o-massacre-de-cristaos-na-africa-diz-franklin-graham\/\",\"url\":\"https:\/\/jornalfatosenoticias.com.br\/index.php\/2025\/08\/11\/o-mundo-esta-em-silencio-sobre-o-massacre-de-cristaos-na-africa-diz-franklin-graham\/\",\"name\":\"\u201cO mundo est\u00e1 em sil\u00eancio sobre o massacre de crist\u00e3os na \u00c1frica\u201d, diz Franklin Graham - Jornal Fatos e Not\u00edcias\",\"isPartOf\":{\"@id\":\"https:\/\/jornalfatosenoticias.com.br\/#website\"},\"primaryImageOfPage\":{\"@id\":\"https:\/\/jornalfatosenoticias.com.br\/index.php\/2025\/08\/11\/o-mundo-esta-em-silencio-sobre-o-massacre-de-cristaos-na-africa-diz-franklin-graham\/#primaryimage\"},\"image\":{\"@id\":\"https:\/\/jornalfatosenoticias.com.br\/index.php\/2025\/08\/11\/o-mundo-esta-em-silencio-sobre-o-massacre-de-cristaos-na-africa-diz-franklin-graham\/#primaryimage\"},\"thumbnailUrl\":\"https:\/\/jornalfatosenoticias.com.br\/wp-content\/uploads\/2025\/08\/franklin-graham.jpg\",\"datePublished\":\"2025-08-11T13:54:20+00:00\",\"dateModified\":\"2025-08-11T13:54:22+00:00\",\"breadcrumb\":{\"@id\":\"https:\/\/jornalfatosenoticias.com.br\/index.php\/2025\/08\/11\/o-mundo-esta-em-silencio-sobre-o-massacre-de-cristaos-na-africa-diz-franklin-graham\/#breadcrumb\"},\"inLanguage\":\"pt-BR\",\"potentialAction\":[{\"@type\":\"ReadAction\",\"target\":[\"https:\/\/jornalfatosenoticias.com.br\/index.php\/2025\/08\/11\/o-mundo-esta-em-silencio-sobre-o-massacre-de-cristaos-na-africa-diz-franklin-graham\/\"]}]},{\"@type\":\"ImageObject\",\"inLanguage\":\"pt-BR\",\"@id\":\"https:\/\/jornalfatosenoticias.com.br\/index.php\/2025\/08\/11\/o-mundo-esta-em-silencio-sobre-o-massacre-de-cristaos-na-africa-diz-franklin-graham\/#primaryimage\",\"url\":\"https:\/\/jornalfatosenoticias.com.br\/wp-content\/uploads\/2025\/08\/franklin-graham.jpg\",\"contentUrl\":\"https:\/\/jornalfatosenoticias.com.br\/wp-content\/uploads\/2025\/08\/franklin-graham.jpg\",\"width\":840,\"height\":500},{\"@type\":\"BreadcrumbList\",\"@id\":\"https:\/\/jornalfatosenoticias.com.br\/index.php\/2025\/08\/11\/o-mundo-esta-em-silencio-sobre-o-massacre-de-cristaos-na-africa-diz-franklin-graham\/#breadcrumb\",\"itemListElement\":[{\"@type\":\"ListItem\",\"position\":1,\"name\":\"In\u00edcio\",\"item\":\"https:\/\/jornalfatosenoticias.com.br\/\"},{\"@type\":\"ListItem\",\"position\":2,\"name\":\"\u201cO mundo est\u00e1 em sil\u00eancio sobre o massacre de crist\u00e3os na \u00c1frica\u201d, diz Franklin Graham\"}]},{\"@type\":\"WebSite\",\"@id\":\"https:\/\/jornalfatosenoticias.com.br\/#website\",\"url\":\"https:\/\/jornalfatosenoticias.com.br\/\",\"name\":\"Jornal Fatos e Not\u00edcias\",\"description\":\"Not\u00edcias em geral\",\"publisher\":{\"@id\":\"https:\/\/jornalfatosenoticias.com.br\/#organization\"},\"potentialAction\":[{\"@type\":\"SearchAction\",\"target\":{\"@type\":\"EntryPoint\",\"urlTemplate\":\"https:\/\/jornalfatosenoticias.com.br\/?s={search_term_string}\"},\"query-input\":{\"@type\":\"PropertyValueSpecification\",\"valueRequired\":true,\"valueName\":\"search_term_string\"}}],\"inLanguage\":\"pt-BR\"},{\"@type\":\"Organization\",\"@id\":\"https:\/\/jornalfatosenoticias.com.br\/#organization\",\"name\":\"Jornal Fatos e Not\u00edcias\",\"url\":\"https:\/\/jornalfatosenoticias.com.br\/\",\"logo\":{\"@type\":\"ImageObject\",\"inLanguage\":\"pt-BR\",\"@id\":\"https:\/\/jornalfatosenoticias.com.br\/#\/schema\/logo\/image\/\",\"url\":\"https:\/\/jornalfatosenoticias.com.br\/wp-content\/uploads\/2020\/02\/logo120.png\",\"contentUrl\":\"https:\/\/jornalfatosenoticias.com.br\/wp-content\/uploads\/2020\/02\/logo120.png\",\"width\":1227,\"height\":120,\"caption\":\"Jornal Fatos e Not\u00edcias\"},\"image\":{\"@id\":\"https:\/\/jornalfatosenoticias.com.br\/#\/schema\/logo\/image\/\"}},{\"@type\":\"Person\",\"@id\":\"https:\/\/jornalfatosenoticias.com.br\/#\/schema\/person\/d63837fa13ac8666eb9e74e0985d6f81\",\"name\":\"Luzimara Fernandes\",\"image\":{\"@type\":\"ImageObject\",\"inLanguage\":\"pt-BR\",\"@id\":\"https:\/\/jornalfatosenoticias.com.br\/#\/schema\/person\/image\/\",\"url\":\"https:\/\/jornalfatosenoticias.com.br\/wp-content\/uploads\/2025\/05\/EU_portal.jpg\",\"contentUrl\":\"https:\/\/jornalfatosenoticias.com.br\/wp-content\/uploads\/2025\/05\/EU_portal.jpg\",\"caption\":\"Luzimara Fernandes\"},\"description\":\"Jornalista MTB 2358-ES\",\"sameAs\":[\"https:\/\/jornalfatosenoticias.com.br\"],\"url\":\"https:\/\/jornalfatosenoticias.com.br\/index.php\/author\/luzimara\/\"}]}<\/script>\n<!-- \/ Yoast SEO plugin. -->","yoast_head_json":{"title":"\u201cO mundo est\u00e1 em sil\u00eancio sobre o massacre de crist\u00e3os na \u00c1frica\u201d, diz Franklin Graham - Jornal Fatos e Not\u00edcias","robots":{"index":"index","follow":"follow","max-snippet":"max-snippet:-1","max-image-preview":"max-image-preview:large","max-video-preview":"max-video-preview:-1"},"canonical":"https:\/\/jornalfatosenoticias.com.br\/index.php\/2025\/08\/11\/o-mundo-esta-em-silencio-sobre-o-massacre-de-cristaos-na-africa-diz-franklin-graham\/","og_locale":"pt_BR","og_type":"article","og_title":"\u201cO mundo est\u00e1 em sil\u00eancio sobre o massacre de crist\u00e3os na \u00c1frica\u201d, diz Franklin Graham - Jornal Fatos e Not\u00edcias","og_description":"O pastor destacou que o corpo global de Cristo deve orar por esses irm\u00e3os e irm\u00e3s que enfrentam perigos todos os dias. Franklin Graham visita uma comunidade israelense onde civis foram mortos na invas\u00e3o do Hamas Por Guiame\/Crosswalk Enquanto o mundo se ocupa com debates sobre economia e pol\u00edtica, uma trag\u00e9dia silenciosa se desenrola na [&hellip;]","og_url":"https:\/\/jornalfatosenoticias.com.br\/index.php\/2025\/08\/11\/o-mundo-esta-em-silencio-sobre-o-massacre-de-cristaos-na-africa-diz-franklin-graham\/","og_site_name":"Jornal Fatos e Not\u00edcias","article_published_time":"2025-08-11T13:54:20+00:00","article_modified_time":"2025-08-11T13:54:22+00:00","og_image":[{"width":840,"height":500,"url":"https:\/\/jornalfatosenoticias.com.br\/wp-content\/uploads\/2025\/08\/franklin-graham.jpg","type":"image\/jpeg"}],"author":"Luzimara Fernandes","twitter_card":"summary_large_image","twitter_misc":{"Escrito por":"Luzimara Fernandes","Est. tempo de leitura":"3 minutos"},"schema":{"@context":"https:\/\/schema.org","@graph":[{"@type":"Article","@id":"https:\/\/jornalfatosenoticias.com.br\/index.php\/2025\/08\/11\/o-mundo-esta-em-silencio-sobre-o-massacre-de-cristaos-na-africa-diz-franklin-graham\/#article","isPartOf":{"@id":"https:\/\/jornalfatosenoticias.com.br\/index.php\/2025\/08\/11\/o-mundo-esta-em-silencio-sobre-o-massacre-de-cristaos-na-africa-diz-franklin-graham\/"},"author":{"name":"Luzimara Fernandes","@id":"https:\/\/jornalfatosenoticias.com.br\/#\/schema\/person\/d63837fa13ac8666eb9e74e0985d6f81"},"headline":"\u201cO mundo est\u00e1 em sil\u00eancio sobre o massacre de crist\u00e3os na \u00c1frica\u201d, diz Franklin Graham","datePublished":"2025-08-11T13:54:20+00:00","dateModified":"2025-08-11T13:54:22+00:00","mainEntityOfPage":{"@id":"https:\/\/jornalfatosenoticias.com.br\/index.php\/2025\/08\/11\/o-mundo-esta-em-silencio-sobre-o-massacre-de-cristaos-na-africa-diz-franklin-graham\/"},"wordCount":560,"commentCount":0,"publisher":{"@id":"https:\/\/jornalfatosenoticias.com.br\/#organization"},"image":{"@id":"https:\/\/jornalfatosenoticias.com.br\/index.php\/2025\/08\/11\/o-mundo-esta-em-silencio-sobre-o-massacre-de-cristaos-na-africa-diz-franklin-graham\/#primaryimage"},"thumbnailUrl":"https:\/\/jornalfatosenoticias.com.br\/wp-content\/uploads\/2025\/08\/franklin-graham.jpg","keywords":["\u00e1frica","crist\u00e3os","cristianismo","extremistas","Franklin Graham","gospel","Jesus","Nig\u00e9ria","persegui\u00e7\u00e3o religiosa","viol\u00eancia"],"articleSection":["Religi\u00e3o"],"inLanguage":"pt-BR","potentialAction":[{"@type":"CommentAction","name":"Comment","target":["https:\/\/jornalfatosenoticias.com.br\/index.php\/2025\/08\/11\/o-mundo-esta-em-silencio-sobre-o-massacre-de-cristaos-na-africa-diz-franklin-graham\/#respond"]}]},{"@type":"WebPage","@id":"https:\/\/jornalfatosenoticias.com.br\/index.php\/2025\/08\/11\/o-mundo-esta-em-silencio-sobre-o-massacre-de-cristaos-na-africa-diz-franklin-graham\/","url":"https:\/\/jornalfatosenoticias.com.br\/index.php\/2025\/08\/11\/o-mundo-esta-em-silencio-sobre-o-massacre-de-cristaos-na-africa-diz-franklin-graham\/","name":"\u201cO mundo est\u00e1 em sil\u00eancio sobre o massacre de crist\u00e3os na \u00c1frica\u201d, diz Franklin Graham - Jornal Fatos e Not\u00edcias","isPartOf":{"@id":"https:\/\/jornalfatosenoticias.com.br\/#website"},"primaryImageOfPage":{"@id":"https:\/\/jornalfatosenoticias.com.br\/index.php\/2025\/08\/11\/o-mundo-esta-em-silencio-sobre-o-massacre-de-cristaos-na-africa-diz-franklin-graham\/#primaryimage"},"image":{"@id":"https:\/\/jornalfatosenoticias.com.br\/index.php\/2025\/08\/11\/o-mundo-esta-em-silencio-sobre-o-massacre-de-cristaos-na-africa-diz-franklin-graham\/#primaryimage"},"thumbnailUrl":"https:\/\/jornalfatosenoticias.com.br\/wp-content\/uploads\/2025\/08\/franklin-graham.jpg","datePublished":"2025-08-11T13:54:20+00:00","dateModified":"2025-08-11T13:54:22+00:00","breadcrumb":{"@id":"https:\/\/jornalfatosenoticias.com.br\/index.php\/2025\/08\/11\/o-mundo-esta-em-silencio-sobre-o-massacre-de-cristaos-na-africa-diz-franklin-graham\/#breadcrumb"},"inLanguage":"pt-BR","potentialAction":[{"@type":"ReadAction","target":["https:\/\/jornalfatosenoticias.com.br\/index.php\/2025\/08\/11\/o-mundo-esta-em-silencio-sobre-o-massacre-de-cristaos-na-africa-diz-franklin-graham\/"]}]},{"@type":"ImageObject","inLanguage":"pt-BR","@id":"https:\/\/jornalfatosenoticias.com.br\/index.php\/2025\/08\/11\/o-mundo-esta-em-silencio-sobre-o-massacre-de-cristaos-na-africa-diz-franklin-graham\/#primaryimage","url":"https:\/\/jornalfatosenoticias.com.br\/wp-content\/uploads\/2025\/08\/franklin-graham.jpg","contentUrl":"https:\/\/jornalfatosenoticias.com.br\/wp-content\/uploads\/2025\/08\/franklin-graham.jpg","width":840,"height":500},{"@type":"BreadcrumbList","@id":"https:\/\/jornalfatosenoticias.com.br\/index.php\/2025\/08\/11\/o-mundo-esta-em-silencio-sobre-o-massacre-de-cristaos-na-africa-diz-franklin-graham\/#breadcrumb","itemListElement":[{"@type":"ListItem","position":1,"name":"In\u00edcio","item":"https:\/\/jornalfatosenoticias.com.br\/"},{"@type":"ListItem","position":2,"name":"\u201cO mundo est\u00e1 em sil\u00eancio sobre o massacre de crist\u00e3os na \u00c1frica\u201d, diz Franklin Graham"}]},{"@type":"WebSite","@id":"https:\/\/jornalfatosenoticias.com.br\/#website","url":"https:\/\/jornalfatosenoticias.com.br\/","name":"Jornal Fatos e Not\u00edcias","description":"Not\u00edcias em geral","publisher":{"@id":"https:\/\/jornalfatosenoticias.com.br\/#organization"},"potentialAction":[{"@type":"SearchAction","target":{"@type":"EntryPoint","urlTemplate":"https:\/\/jornalfatosenoticias.com.br\/?s={search_term_string}"},"query-input":{"@type":"PropertyValueSpecification","valueRequired":true,"valueName":"search_term_string"}}],"inLanguage":"pt-BR"},{"@type":"Organization","@id":"https:\/\/jornalfatosenoticias.com.br\/#organization","name":"Jornal Fatos e Not\u00edcias","url":"https:\/\/jornalfatosenoticias.com.br\/","logo":{"@type":"ImageObject","inLanguage":"pt-BR","@id":"https:\/\/jornalfatosenoticias.com.br\/#\/schema\/logo\/image\/","url":"https:\/\/jornalfatosenoticias.com.br\/wp-content\/uploads\/2020\/02\/logo120.png","contentUrl":"https:\/\/jornalfatosenoticias.com.br\/wp-content\/uploads\/2020\/02\/logo120.png","width":1227,"height":120,"caption":"Jornal Fatos e Not\u00edcias"},"image":{"@id":"https:\/\/jornalfatosenoticias.com.br\/#\/schema\/logo\/image\/"}},{"@type":"Person","@id":"https:\/\/jornalfatosenoticias.com.br\/#\/schema\/person\/d63837fa13ac8666eb9e74e0985d6f81","name":"Luzimara Fernandes","image":{"@type":"ImageObject","inLanguage":"pt-BR","@id":"https:\/\/jornalfatosenoticias.com.br\/#\/schema\/person\/image\/","url":"https:\/\/jornalfatosenoticias.com.br\/wp-content\/uploads\/2025\/05\/EU_portal.jpg","contentUrl":"https:\/\/jornalfatosenoticias.com.br\/wp-content\/uploads\/2025\/05\/EU_portal.jpg","caption":"Luzimara Fernandes"},"description":"Jornalista MTB 2358-ES","sameAs":["https:\/\/jornalfatosenoticias.com.br"],"url":"https:\/\/jornalfatosenoticias.com.br\/index.php\/author\/luzimara\/"}]}},"cc_featured_image_caption":{"caption_text":"(Foto: Samaritan's Purse)","source_text":"","source_url":""},"jetpack_featured_media_url":"https:\/\/jornalfatosenoticias.com.br\/wp-content\/uploads\/2025\/08\/franklin-graham.jpg","_links":{"self":[{"href":"https:\/\/jornalfatosenoticias.com.br\/index.php\/wp-json\/wp\/v2\/posts\/61147","targetHints":{"allow":["GET"]}}],"collection":[{"href":"https:\/\/jornalfatosenoticias.com.br\/index.php\/wp-json\/wp\/v2\/posts"}],"about":[{"href":"https:\/\/jornalfatosenoticias.com.br\/index.php\/wp-json\/wp\/v2\/types\/post"}],"author":[{"embeddable":true,"href":"https:\/\/jornalfatosenoticias.com.br\/index.php\/wp-json\/wp\/v2\/users\/2"}],"replies":[{"embeddable":true,"href":"https:\/\/jornalfatosenoticias.com.br\/index.php\/wp-json\/wp\/v2\/comments?post=61147"}],"version-history":[{"count":0,"href":"https:\/\/jornalfatosenoticias.com.br\/index.php\/wp-json\/wp\/v2\/posts\/61147\/revisions"}],"wp:featuredmedia":[{"embeddable":true,"href":"https:\/\/jornalfatosenoticias.com.br\/index.php\/wp-json\/wp\/v2\/media\/61149"}],"wp:attachment":[{"href":"https:\/\/jornalfatosenoticias.com.br\/index.php\/wp-json\/wp\/v2\/media?parent=61147"}],"wp:term":[{"taxonomy":"category","embeddable":true,"href":"https:\/\/jornalfatosenoticias.com.br\/index.php\/wp-json\/wp\/v2\/categories?post=61147"},{"taxonomy":"post_tag","embeddable":true,"href":"https:\/\/jornalfatosenoticias.com.br\/index.php\/wp-json\/wp\/v2\/tags?post=61147"}],"curies":[{"name":"wp","href":"https:\/\/api.w.org\/{rel}","templated":true}]}}