{"id":6116,"date":"2020-07-02T17:32:24","date_gmt":"2020-07-02T20:32:24","guid":{"rendered":"https:\/\/jornalfatosenoticias.com.br\/?p=6116"},"modified":"2020-07-02T17:32:29","modified_gmt":"2020-07-02T20:32:29","slug":"cinemas-podem-abrir-no-espirito-santo-em-modelo-drive-in","status":"publish","type":"post","link":"https:\/\/jornalfatosenoticias.com.br\/index.php\/2020\/07\/02\/cinemas-podem-abrir-no-espirito-santo-em-modelo-drive-in\/","title":{"rendered":"Cinemas podem abrir no Esp\u00edrito Santo em modelo drive-in"},"content":{"rendered":"\n<h6 class=\"wp-block-heading\"><em>Portaria publicada no \u00faltimo dia 25 regulamenta o funcionamento dos cinemas<\/em><\/h6>\n\n\n\n<p>A Secretaria de Sa\u00fade do Esp\u00edrito Santo (Sesa) publicou no Di\u00e1rio Oficial do Estado do Esp\u00edrito Santo (Dio-ES) da \u00faltima quinta-feira (25) uma portaria sobre a abertura de cinemas no modelo de drive-in, ou seja, com o p\u00fablico dentro de carros. Com isso, fica permitida a exibi\u00e7\u00e3o de filmes em local aberto em que o acesso e a perman\u00eancia de clientes nos locais de exibi\u00e7\u00e3o ou apresenta\u00e7\u00e3o seja permitido somente dentro de autom\u00f3veis. A regulamenta\u00e7\u00e3o levou em conta a solicita\u00e7\u00e3o da Secretaria da Cultura (Secult), que tem participado nacionalmente do debate acerca de novos formatos de eventos, destacando a proposta do F\u00f3rum de Diretores de Teatros, Orquestras, \u00d3pera, Bal\u00e9 e Artistas, que tem trabalhado numa Proposta de Protocolo de Seguran\u00e7a Sanit\u00e1ria para reabertura gradual de teatros e salas de concerto.<br>A portaria regulamenta o funcionamento desses cinemas da seguinte forma: as pessoas dever\u00e3o permanecer dentro de seus carros; n\u00e3o ser\u00e1 permitido acesso de pedestres; dever\u00e1 ser mantida a dist\u00e2ncia m\u00ednima de dois metros entre os carros e o uso de m\u00e1scara facial \u00e9 obrigat\u00f3rio. O pagamento dos ingressos dever\u00e1 ser realizado preferencialmente via aplicativo ou adquirido com anteced\u00eancia. J\u00e1 a venda de alimentos e bebidas somente poder\u00e1 ser realizada na modalidade delivery, n\u00e3o sendo permitidos atendimentos no balc\u00e3o ou em \u00e1rea externa do ve\u00edculo.<br>Para funcionar, os cinemas devem ter os banheiros limpos, inclusive durante as sess\u00f5es, e controle de entrada e sa\u00edda dos sanit\u00e1rios. Tamb\u00e9m precisam higienizar continuamente ma\u00e7anetas e torneiras, e disponibilizar \u00e1lcool para higieniza\u00e7\u00e3o das m\u00e3os.<br>Os respons\u00e1veis pelos empreendimentos dever\u00e3o garantir condi\u00e7\u00f5es de preven\u00e7\u00e3o do risco de cont\u00e1gio, incluindo produtos de higiene, equipamentos de prote\u00e7\u00e3o, condi\u00e7\u00f5es de limpeza e organiza\u00e7\u00e3o dos turnos de trabalho dos funcion\u00e1rios para evitar aglomera\u00e7\u00f5es. J\u00e1 os funcion\u00e1rios dos cinemas ficam obrigados a cumprir os protocolos, lavando as m\u00e3os com frequ\u00eancia e usando m\u00e1scaras.<\/p>\n\n\n\n<p><strong><em>Fonte: <a href=\"https:\/\/secult.es.gov.br\/Not%C3%ADcia\/cinemas-podem-abrir-no-espirito-santo-em-modelo-drive-in\">Secult-ES<\/a><\/em><\/strong><\/p>\n","protected":false},"excerpt":{"rendered":"<p>Portaria publicada no \u00faltimo dia 25 regulamenta o funcionamento dos cinemas A Secretaria de Sa\u00fade do Esp\u00edrito Santo (Sesa) publicou no Di\u00e1rio Oficial do Estado do Esp\u00edrito Santo (Dio-ES) da \u00faltima quinta-feira (25) uma portaria sobre a abertura de cinemas no modelo de drive-in, ou seja, com o p\u00fablico dentro de carros. Com isso, fica [&hellip;]<\/p>\n","protected":false},"author":2,"featured_media":6117,"comment_status":"open","ping_status":"open","sticky":false,"template":"","format":"standard","meta":{"footnotes":""},"categories":[4],"tags":[3628,100,1891,3629],"class_list":["post-6116","post","type-post","status-publish","format-standard","has-post-thumbnail","hentry","category-cultura","tag-cine-drive-in","tag-espirito-santo","tag-normas","tag-regras"],"yoast_head":"<!-- This site is optimized with the Yoast SEO plugin v26.5 - https:\/\/yoast.com\/wordpress\/plugins\/seo\/ -->\n<title>Cinemas podem abrir no Esp\u00edrito Santo em modelo drive-in - Jornal Fatos e Not\u00edcias<\/title>\n<meta name=\"robots\" content=\"index, follow, max-snippet:-1, max-image-preview:large, max-video-preview:-1\" \/>\n<link rel=\"canonical\" href=\"https:\/\/jornalfatosenoticias.com.br\/index.php\/2020\/07\/02\/cinemas-podem-abrir-no-espirito-santo-em-modelo-drive-in\/\" \/>\n<meta property=\"og:locale\" content=\"pt_BR\" \/>\n<meta property=\"og:type\" content=\"article\" \/>\n<meta property=\"og:title\" content=\"Cinemas podem abrir no Esp\u00edrito Santo em modelo drive-in - Jornal Fatos e Not\u00edcias\" \/>\n<meta property=\"og:description\" content=\"Portaria publicada no \u00faltimo dia 25 regulamenta o funcionamento dos cinemas A Secretaria de Sa\u00fade do Esp\u00edrito Santo (Sesa) publicou no Di\u00e1rio Oficial do Estado do Esp\u00edrito Santo (Dio-ES) da \u00faltima quinta-feira (25) uma portaria sobre a abertura de cinemas no modelo de drive-in, ou seja, com o p\u00fablico dentro de carros. Com isso, fica [&hellip;]\" \/>\n<meta property=\"og:url\" content=\"https:\/\/jornalfatosenoticias.com.br\/index.php\/2020\/07\/02\/cinemas-podem-abrir-no-espirito-santo-em-modelo-drive-in\/\" \/>\n<meta property=\"og:site_name\" content=\"Jornal Fatos e Not\u00edcias\" \/>\n<meta property=\"article:published_time\" content=\"2020-07-02T20:32:24+00:00\" \/>\n<meta property=\"article:modified_time\" content=\"2020-07-02T20:32:29+00:00\" \/>\n<meta property=\"og:image\" content=\"https:\/\/jornalfatosenoticias.com.br\/wp-content\/uploads\/2020\/07\/Drive_In_CINEMA_ES.jpg\" \/>\n\t<meta property=\"og:image:width\" content=\"980\" \/>\n\t<meta property=\"og:image:height\" content=\"650\" \/>\n\t<meta property=\"og:image:type\" content=\"image\/jpeg\" \/>\n<meta name=\"author\" content=\"Luzimara Fernandes\" \/>\n<meta name=\"twitter:card\" content=\"summary_large_image\" \/>\n<meta name=\"twitter:label1\" content=\"Escrito por\" \/>\n\t<meta name=\"twitter:data1\" content=\"Luzimara Fernandes\" \/>\n\t<meta name=\"twitter:label2\" content=\"Est. tempo de leitura\" \/>\n\t<meta name=\"twitter:data2\" content=\"2 minutos\" \/>\n<script type=\"application\/ld+json\" class=\"yoast-schema-graph\">{\"@context\":\"https:\/\/schema.org\",\"@graph\":[{\"@type\":\"Article\",\"@id\":\"https:\/\/jornalfatosenoticias.com.br\/index.php\/2020\/07\/02\/cinemas-podem-abrir-no-espirito-santo-em-modelo-drive-in\/#article\",\"isPartOf\":{\"@id\":\"https:\/\/jornalfatosenoticias.com.br\/index.php\/2020\/07\/02\/cinemas-podem-abrir-no-espirito-santo-em-modelo-drive-in\/\"},\"author\":{\"name\":\"Luzimara Fernandes\",\"@id\":\"https:\/\/jornalfatosenoticias.com.br\/#\/schema\/person\/d63837fa13ac8666eb9e74e0985d6f81\"},\"headline\":\"Cinemas podem abrir no Esp\u00edrito Santo em modelo drive-in\",\"datePublished\":\"2020-07-02T20:32:24+00:00\",\"dateModified\":\"2020-07-02T20:32:29+00:00\",\"mainEntityOfPage\":{\"@id\":\"https:\/\/jornalfatosenoticias.com.br\/index.php\/2020\/07\/02\/cinemas-podem-abrir-no-espirito-santo-em-modelo-drive-in\/\"},\"wordCount\":368,\"commentCount\":0,\"publisher\":{\"@id\":\"https:\/\/jornalfatosenoticias.com.br\/#organization\"},\"image\":{\"@id\":\"https:\/\/jornalfatosenoticias.com.br\/index.php\/2020\/07\/02\/cinemas-podem-abrir-no-espirito-santo-em-modelo-drive-in\/#primaryimage\"},\"thumbnailUrl\":\"https:\/\/jornalfatosenoticias.com.br\/wp-content\/uploads\/2020\/07\/Drive_In_CINEMA_ES.jpg\",\"keywords\":[\"cine drive-in\",\"Esp\u00edrito Santo\",\"normas\",\"regras\"],\"articleSection\":[\"Cultura\"],\"inLanguage\":\"pt-BR\",\"potentialAction\":[{\"@type\":\"CommentAction\",\"name\":\"Comment\",\"target\":[\"https:\/\/jornalfatosenoticias.com.br\/index.php\/2020\/07\/02\/cinemas-podem-abrir-no-espirito-santo-em-modelo-drive-in\/#respond\"]}]},{\"@type\":\"WebPage\",\"@id\":\"https:\/\/jornalfatosenoticias.com.br\/index.php\/2020\/07\/02\/cinemas-podem-abrir-no-espirito-santo-em-modelo-drive-in\/\",\"url\":\"https:\/\/jornalfatosenoticias.com.br\/index.php\/2020\/07\/02\/cinemas-podem-abrir-no-espirito-santo-em-modelo-drive-in\/\",\"name\":\"Cinemas podem abrir no Esp\u00edrito Santo em modelo drive-in - Jornal Fatos e Not\u00edcias\",\"isPartOf\":{\"@id\":\"https:\/\/jornalfatosenoticias.com.br\/#website\"},\"primaryImageOfPage\":{\"@id\":\"https:\/\/jornalfatosenoticias.com.br\/index.php\/2020\/07\/02\/cinemas-podem-abrir-no-espirito-santo-em-modelo-drive-in\/#primaryimage\"},\"image\":{\"@id\":\"https:\/\/jornalfatosenoticias.com.br\/index.php\/2020\/07\/02\/cinemas-podem-abrir-no-espirito-santo-em-modelo-drive-in\/#primaryimage\"},\"thumbnailUrl\":\"https:\/\/jornalfatosenoticias.com.br\/wp-content\/uploads\/2020\/07\/Drive_In_CINEMA_ES.jpg\",\"datePublished\":\"2020-07-02T20:32:24+00:00\",\"dateModified\":\"2020-07-02T20:32:29+00:00\",\"breadcrumb\":{\"@id\":\"https:\/\/jornalfatosenoticias.com.br\/index.php\/2020\/07\/02\/cinemas-podem-abrir-no-espirito-santo-em-modelo-drive-in\/#breadcrumb\"},\"inLanguage\":\"pt-BR\",\"potentialAction\":[{\"@type\":\"ReadAction\",\"target\":[\"https:\/\/jornalfatosenoticias.com.br\/index.php\/2020\/07\/02\/cinemas-podem-abrir-no-espirito-santo-em-modelo-drive-in\/\"]}]},{\"@type\":\"ImageObject\",\"inLanguage\":\"pt-BR\",\"@id\":\"https:\/\/jornalfatosenoticias.com.br\/index.php\/2020\/07\/02\/cinemas-podem-abrir-no-espirito-santo-em-modelo-drive-in\/#primaryimage\",\"url\":\"https:\/\/jornalfatosenoticias.com.br\/wp-content\/uploads\/2020\/07\/Drive_In_CINEMA_ES.jpg\",\"contentUrl\":\"https:\/\/jornalfatosenoticias.com.br\/wp-content\/uploads\/2020\/07\/Drive_In_CINEMA_ES.jpg\",\"width\":980,\"height\":650},{\"@type\":\"BreadcrumbList\",\"@id\":\"https:\/\/jornalfatosenoticias.com.br\/index.php\/2020\/07\/02\/cinemas-podem-abrir-no-espirito-santo-em-modelo-drive-in\/#breadcrumb\",\"itemListElement\":[{\"@type\":\"ListItem\",\"position\":1,\"name\":\"In\u00edcio\",\"item\":\"https:\/\/jornalfatosenoticias.com.br\/\"},{\"@type\":\"ListItem\",\"position\":2,\"name\":\"Cinemas podem abrir no Esp\u00edrito Santo em modelo drive-in\"}]},{\"@type\":\"WebSite\",\"@id\":\"https:\/\/jornalfatosenoticias.com.br\/#website\",\"url\":\"https:\/\/jornalfatosenoticias.com.br\/\",\"name\":\"Jornal Fatos e Not\u00edcias\",\"description\":\"Not\u00edcias em geral\",\"publisher\":{\"@id\":\"https:\/\/jornalfatosenoticias.com.br\/#organization\"},\"potentialAction\":[{\"@type\":\"SearchAction\",\"target\":{\"@type\":\"EntryPoint\",\"urlTemplate\":\"https:\/\/jornalfatosenoticias.com.br\/?s={search_term_string}\"},\"query-input\":{\"@type\":\"PropertyValueSpecification\",\"valueRequired\":true,\"valueName\":\"search_term_string\"}}],\"inLanguage\":\"pt-BR\"},{\"@type\":\"Organization\",\"@id\":\"https:\/\/jornalfatosenoticias.com.br\/#organization\",\"name\":\"Jornal Fatos e Not\u00edcias\",\"url\":\"https:\/\/jornalfatosenoticias.com.br\/\",\"logo\":{\"@type\":\"ImageObject\",\"inLanguage\":\"pt-BR\",\"@id\":\"https:\/\/jornalfatosenoticias.com.br\/#\/schema\/logo\/image\/\",\"url\":\"https:\/\/jornalfatosenoticias.com.br\/wp-content\/uploads\/2020\/02\/logo120.png\",\"contentUrl\":\"https:\/\/jornalfatosenoticias.com.br\/wp-content\/uploads\/2020\/02\/logo120.png\",\"width\":1227,\"height\":120,\"caption\":\"Jornal Fatos e Not\u00edcias\"},\"image\":{\"@id\":\"https:\/\/jornalfatosenoticias.com.br\/#\/schema\/logo\/image\/\"}},{\"@type\":\"Person\",\"@id\":\"https:\/\/jornalfatosenoticias.com.br\/#\/schema\/person\/d63837fa13ac8666eb9e74e0985d6f81\",\"name\":\"Luzimara Fernandes\",\"image\":{\"@type\":\"ImageObject\",\"inLanguage\":\"pt-BR\",\"@id\":\"https:\/\/jornalfatosenoticias.com.br\/#\/schema\/person\/image\/\",\"url\":\"https:\/\/jornalfatosenoticias.com.br\/wp-content\/uploads\/2025\/05\/EU_portal.jpg\",\"contentUrl\":\"https:\/\/jornalfatosenoticias.com.br\/wp-content\/uploads\/2025\/05\/EU_portal.jpg\",\"caption\":\"Luzimara Fernandes\"},\"description\":\"Jornalista MTB 2358-ES\",\"sameAs\":[\"https:\/\/jornalfatosenoticias.com.br\"],\"url\":\"https:\/\/jornalfatosenoticias.com.br\/index.php\/author\/luzimara\/\"}]}<\/script>\n<!-- \/ Yoast SEO plugin. -->","yoast_head_json":{"title":"Cinemas podem abrir no Esp\u00edrito Santo em modelo drive-in - Jornal Fatos e Not\u00edcias","robots":{"index":"index","follow":"follow","max-snippet":"max-snippet:-1","max-image-preview":"max-image-preview:large","max-video-preview":"max-video-preview:-1"},"canonical":"https:\/\/jornalfatosenoticias.com.br\/index.php\/2020\/07\/02\/cinemas-podem-abrir-no-espirito-santo-em-modelo-drive-in\/","og_locale":"pt_BR","og_type":"article","og_title":"Cinemas podem abrir no Esp\u00edrito Santo em modelo drive-in - Jornal Fatos e Not\u00edcias","og_description":"Portaria publicada no \u00faltimo dia 25 regulamenta o funcionamento dos cinemas A Secretaria de Sa\u00fade do Esp\u00edrito Santo (Sesa) publicou no Di\u00e1rio Oficial do Estado do Esp\u00edrito Santo (Dio-ES) da \u00faltima quinta-feira (25) uma portaria sobre a abertura de cinemas no modelo de drive-in, ou seja, com o p\u00fablico dentro de carros. Com isso, fica [&hellip;]","og_url":"https:\/\/jornalfatosenoticias.com.br\/index.php\/2020\/07\/02\/cinemas-podem-abrir-no-espirito-santo-em-modelo-drive-in\/","og_site_name":"Jornal Fatos e Not\u00edcias","article_published_time":"2020-07-02T20:32:24+00:00","article_modified_time":"2020-07-02T20:32:29+00:00","og_image":[{"width":980,"height":650,"url":"https:\/\/jornalfatosenoticias.com.br\/wp-content\/uploads\/2020\/07\/Drive_In_CINEMA_ES.jpg","type":"image\/jpeg"}],"author":"Luzimara Fernandes","twitter_card":"summary_large_image","twitter_misc":{"Escrito por":"Luzimara Fernandes","Est. tempo de leitura":"2 minutos"},"schema":{"@context":"https:\/\/schema.org","@graph":[{"@type":"Article","@id":"https:\/\/jornalfatosenoticias.com.br\/index.php\/2020\/07\/02\/cinemas-podem-abrir-no-espirito-santo-em-modelo-drive-in\/#article","isPartOf":{"@id":"https:\/\/jornalfatosenoticias.com.br\/index.php\/2020\/07\/02\/cinemas-podem-abrir-no-espirito-santo-em-modelo-drive-in\/"},"author":{"name":"Luzimara Fernandes","@id":"https:\/\/jornalfatosenoticias.com.br\/#\/schema\/person\/d63837fa13ac8666eb9e74e0985d6f81"},"headline":"Cinemas podem abrir no Esp\u00edrito Santo em modelo drive-in","datePublished":"2020-07-02T20:32:24+00:00","dateModified":"2020-07-02T20:32:29+00:00","mainEntityOfPage":{"@id":"https:\/\/jornalfatosenoticias.com.br\/index.php\/2020\/07\/02\/cinemas-podem-abrir-no-espirito-santo-em-modelo-drive-in\/"},"wordCount":368,"commentCount":0,"publisher":{"@id":"https:\/\/jornalfatosenoticias.com.br\/#organization"},"image":{"@id":"https:\/\/jornalfatosenoticias.com.br\/index.php\/2020\/07\/02\/cinemas-podem-abrir-no-espirito-santo-em-modelo-drive-in\/#primaryimage"},"thumbnailUrl":"https:\/\/jornalfatosenoticias.com.br\/wp-content\/uploads\/2020\/07\/Drive_In_CINEMA_ES.jpg","keywords":["cine drive-in","Esp\u00edrito Santo","normas","regras"],"articleSection":["Cultura"],"inLanguage":"pt-BR","potentialAction":[{"@type":"CommentAction","name":"Comment","target":["https:\/\/jornalfatosenoticias.com.br\/index.php\/2020\/07\/02\/cinemas-podem-abrir-no-espirito-santo-em-modelo-drive-in\/#respond"]}]},{"@type":"WebPage","@id":"https:\/\/jornalfatosenoticias.com.br\/index.php\/2020\/07\/02\/cinemas-podem-abrir-no-espirito-santo-em-modelo-drive-in\/","url":"https:\/\/jornalfatosenoticias.com.br\/index.php\/2020\/07\/02\/cinemas-podem-abrir-no-espirito-santo-em-modelo-drive-in\/","name":"Cinemas podem abrir no Esp\u00edrito Santo em modelo drive-in - Jornal Fatos e Not\u00edcias","isPartOf":{"@id":"https:\/\/jornalfatosenoticias.com.br\/#website"},"primaryImageOfPage":{"@id":"https:\/\/jornalfatosenoticias.com.br\/index.php\/2020\/07\/02\/cinemas-podem-abrir-no-espirito-santo-em-modelo-drive-in\/#primaryimage"},"image":{"@id":"https:\/\/jornalfatosenoticias.com.br\/index.php\/2020\/07\/02\/cinemas-podem-abrir-no-espirito-santo-em-modelo-drive-in\/#primaryimage"},"thumbnailUrl":"https:\/\/jornalfatosenoticias.com.br\/wp-content\/uploads\/2020\/07\/Drive_In_CINEMA_ES.jpg","datePublished":"2020-07-02T20:32:24+00:00","dateModified":"2020-07-02T20:32:29+00:00","breadcrumb":{"@id":"https:\/\/jornalfatosenoticias.com.br\/index.php\/2020\/07\/02\/cinemas-podem-abrir-no-espirito-santo-em-modelo-drive-in\/#breadcrumb"},"inLanguage":"pt-BR","potentialAction":[{"@type":"ReadAction","target":["https:\/\/jornalfatosenoticias.com.br\/index.php\/2020\/07\/02\/cinemas-podem-abrir-no-espirito-santo-em-modelo-drive-in\/"]}]},{"@type":"ImageObject","inLanguage":"pt-BR","@id":"https:\/\/jornalfatosenoticias.com.br\/index.php\/2020\/07\/02\/cinemas-podem-abrir-no-espirito-santo-em-modelo-drive-in\/#primaryimage","url":"https:\/\/jornalfatosenoticias.com.br\/wp-content\/uploads\/2020\/07\/Drive_In_CINEMA_ES.jpg","contentUrl":"https:\/\/jornalfatosenoticias.com.br\/wp-content\/uploads\/2020\/07\/Drive_In_CINEMA_ES.jpg","width":980,"height":650},{"@type":"BreadcrumbList","@id":"https:\/\/jornalfatosenoticias.com.br\/index.php\/2020\/07\/02\/cinemas-podem-abrir-no-espirito-santo-em-modelo-drive-in\/#breadcrumb","itemListElement":[{"@type":"ListItem","position":1,"name":"In\u00edcio","item":"https:\/\/jornalfatosenoticias.com.br\/"},{"@type":"ListItem","position":2,"name":"Cinemas podem abrir no Esp\u00edrito Santo em modelo drive-in"}]},{"@type":"WebSite","@id":"https:\/\/jornalfatosenoticias.com.br\/#website","url":"https:\/\/jornalfatosenoticias.com.br\/","name":"Jornal Fatos e Not\u00edcias","description":"Not\u00edcias em geral","publisher":{"@id":"https:\/\/jornalfatosenoticias.com.br\/#organization"},"potentialAction":[{"@type":"SearchAction","target":{"@type":"EntryPoint","urlTemplate":"https:\/\/jornalfatosenoticias.com.br\/?s={search_term_string}"},"query-input":{"@type":"PropertyValueSpecification","valueRequired":true,"valueName":"search_term_string"}}],"inLanguage":"pt-BR"},{"@type":"Organization","@id":"https:\/\/jornalfatosenoticias.com.br\/#organization","name":"Jornal Fatos e Not\u00edcias","url":"https:\/\/jornalfatosenoticias.com.br\/","logo":{"@type":"ImageObject","inLanguage":"pt-BR","@id":"https:\/\/jornalfatosenoticias.com.br\/#\/schema\/logo\/image\/","url":"https:\/\/jornalfatosenoticias.com.br\/wp-content\/uploads\/2020\/02\/logo120.png","contentUrl":"https:\/\/jornalfatosenoticias.com.br\/wp-content\/uploads\/2020\/02\/logo120.png","width":1227,"height":120,"caption":"Jornal Fatos e Not\u00edcias"},"image":{"@id":"https:\/\/jornalfatosenoticias.com.br\/#\/schema\/logo\/image\/"}},{"@type":"Person","@id":"https:\/\/jornalfatosenoticias.com.br\/#\/schema\/person\/d63837fa13ac8666eb9e74e0985d6f81","name":"Luzimara Fernandes","image":{"@type":"ImageObject","inLanguage":"pt-BR","@id":"https:\/\/jornalfatosenoticias.com.br\/#\/schema\/person\/image\/","url":"https:\/\/jornalfatosenoticias.com.br\/wp-content\/uploads\/2025\/05\/EU_portal.jpg","contentUrl":"https:\/\/jornalfatosenoticias.com.br\/wp-content\/uploads\/2025\/05\/EU_portal.jpg","caption":"Luzimara Fernandes"},"description":"Jornalista MTB 2358-ES","sameAs":["https:\/\/jornalfatosenoticias.com.br"],"url":"https:\/\/jornalfatosenoticias.com.br\/index.php\/author\/luzimara\/"}]}},"cc_featured_image_caption":{"caption_text":"(Foto: Ascom Secult) ","source_text":"","source_url":""},"jetpack_featured_media_url":"https:\/\/jornalfatosenoticias.com.br\/wp-content\/uploads\/2020\/07\/Drive_In_CINEMA_ES.jpg","_links":{"self":[{"href":"https:\/\/jornalfatosenoticias.com.br\/index.php\/wp-json\/wp\/v2\/posts\/6116","targetHints":{"allow":["GET"]}}],"collection":[{"href":"https:\/\/jornalfatosenoticias.com.br\/index.php\/wp-json\/wp\/v2\/posts"}],"about":[{"href":"https:\/\/jornalfatosenoticias.com.br\/index.php\/wp-json\/wp\/v2\/types\/post"}],"author":[{"embeddable":true,"href":"https:\/\/jornalfatosenoticias.com.br\/index.php\/wp-json\/wp\/v2\/users\/2"}],"replies":[{"embeddable":true,"href":"https:\/\/jornalfatosenoticias.com.br\/index.php\/wp-json\/wp\/v2\/comments?post=6116"}],"version-history":[{"count":0,"href":"https:\/\/jornalfatosenoticias.com.br\/index.php\/wp-json\/wp\/v2\/posts\/6116\/revisions"}],"wp:featuredmedia":[{"embeddable":true,"href":"https:\/\/jornalfatosenoticias.com.br\/index.php\/wp-json\/wp\/v2\/media\/6117"}],"wp:attachment":[{"href":"https:\/\/jornalfatosenoticias.com.br\/index.php\/wp-json\/wp\/v2\/media?parent=6116"}],"wp:term":[{"taxonomy":"category","embeddable":true,"href":"https:\/\/jornalfatosenoticias.com.br\/index.php\/wp-json\/wp\/v2\/categories?post=6116"},{"taxonomy":"post_tag","embeddable":true,"href":"https:\/\/jornalfatosenoticias.com.br\/index.php\/wp-json\/wp\/v2\/tags?post=6116"}],"curies":[{"name":"wp","href":"https:\/\/api.w.org\/{rel}","templated":true}]}}