{"id":61161,"date":"2025-08-12T08:34:39","date_gmt":"2025-08-12T11:34:39","guid":{"rendered":"https:\/\/jornalfatosenoticias.com.br\/?p=61161"},"modified":"2025-08-12T08:34:40","modified_gmt":"2025-08-12T11:34:40","slug":"arqueologos-encontram-restos-da-familia-de-alexandre-o-grande","status":"publish","type":"post","link":"https:\/\/jornalfatosenoticias.com.br\/index.php\/2025\/08\/12\/arqueologos-encontram-restos-da-familia-de-alexandre-o-grande\/","title":{"rendered":"Arque\u00f3logos encontram restos da fam\u00edlia de Alexandre, o Grande"},"content":{"rendered":"\n<p><em><span class=\"has-inline-color has-black-color\">Cientistas identificaram partes de Felipe 2.\u00ba, pai de Alexandre, o Grande, em uma tumba de 2.350 anos atr\u00e1s<\/span><\/em><\/p>\n\n\n\n<p><span class=\"has-inline-color has-black-color\">Por <strong><a href=\"https:\/\/gizmodo.uol.com.br\/author\/barbara-giovani\/\" rel=\"sponsored nofollow\">B\u00e1rbara Giovani<\/a><\/strong><\/span><\/p>\n\n\n\n<div class=\"wp-block-image\"><figure class=\"aligncenter size-large\"><a href=\"https:\/\/www.instagram.com\/rcradiadores\/\"><img loading=\"lazy\" decoding=\"async\" width=\"560\" height=\"60\" src=\"https:\/\/jornalfatosenoticias.com.br\/wp-content\/uploads\/2022\/10\/Propaganda-RC-Radiadores-Jornal_page-0001.jpg\" alt=\"\" class=\"wp-image-35270\" srcset=\"https:\/\/jornalfatosenoticias.com.br\/wp-content\/uploads\/2022\/10\/Propaganda-RC-Radiadores-Jornal_page-0001.jpg 560w, https:\/\/jornalfatosenoticias.com.br\/wp-content\/uploads\/2022\/10\/Propaganda-RC-Radiadores-Jornal_page-0001-300x32.jpg 300w\" sizes=\"auto, (max-width: 560px) 100vw, 560px\" \/><\/a><\/figure><\/div>\n\n\n\n<p>Arque\u00f3logos encontraram os restos mortais da fam\u00edlia de <a href=\"https:\/\/gizmodo.uol.com.br\/banheiro-de-alexandre-o-grande-e-descoberto-e-revela-intimidade-do-rei-da-macedonia\/\">Alexandre, o Grande<\/a>, um dos mais conhecidos personagens da hist\u00f3ria mundial. Seu meio-irm\u00e3o, seu filho e seu pai, Filipe 2.\u00ba, est\u00e3o em um t\u00famulo localizado em Vergina, na Gr\u00e9cia, regi\u00e3o antigamente conhecida como Aigai. Pesquisadores descreveram os achados em novo estudo publicado na revista cient\u00edfica <a href=\"https:\/\/www.sciencedirect.com\/science\/article\/abs\/pii\/S2352409X23004546?via%3Dihub\">Journal of Archaeological Science: Reports<\/a>.<br>O arque\u00f3logo grego Manolis Andronikos come\u00e7ou a estudar a cidade de Aigai em 1977. Ele descobriu que ali foi onde Filipe 2.\u00ba morreu e, em 1996, o s\u00edtio arqueol\u00f3gico foi declarado como Patrim\u00f4nio Mundial da Unesco. No entanto, havia tr\u00eas t\u00famulos no complexo e pesquisadores n\u00e3o tinham evid\u00eancias suficientes para comprovar a presen\u00e7a dos restos mortais do pai de <a href=\"https:\/\/gizmodo.uol.com.br\/historiadores-descobrem-onde-alexandre-se-tornou-o-grande\/\">Alexandre, o Grande<\/a>.<\/p>\n\n\n\n<div class=\"wp-block-image\"><figure class=\"aligncenter size-large is-resized\"><a href=\"https:\/\/www.instagram.com\/serra4x4cambioautomatico\/\"><img loading=\"lazy\" decoding=\"async\" src=\"https:\/\/jornalfatosenoticias.com.br\/wp-content\/uploads\/2024\/08\/Serra-4x4-1-886x1024.jpg\" alt=\"\" class=\"wp-image-53632\" width=\"282\" height=\"326\" srcset=\"https:\/\/jornalfatosenoticias.com.br\/wp-content\/uploads\/2024\/08\/Serra-4x4-1-886x1024.jpg 886w, https:\/\/jornalfatosenoticias.com.br\/wp-content\/uploads\/2024\/08\/Serra-4x4-1-260x300.jpg 260w, https:\/\/jornalfatosenoticias.com.br\/wp-content\/uploads\/2024\/08\/Serra-4x4-1-768x888.jpg 768w, https:\/\/jornalfatosenoticias.com.br\/wp-content\/uploads\/2024\/08\/Serra-4x4-1.jpg 1181w\" sizes=\"auto, (max-width: 282px) 100vw, 282px\" \/><\/a><\/figure><\/div>\n\n\n\n<p>Quem foi o pai de Alexandre, o Grande? Anteriormente, Filipe 2.\u00ba foi assassinado em 336 a.C., em Aigai. Apenas agora, 2.350 anos depois, teve os restos mortais confirmados. O governo de Filipe 2.\u00ba deu origem \u00e0 <a href=\"https:\/\/gizmodo.uol.com.br\/tag\/macedonia\/\">Maced\u00f4nia<\/a>. Tamb\u00e9m foi ele quem criou o ex\u00e9rcito que Alexandre posteriormente conduziu pelo Mediterr\u00e2neo Oriental, Oriente M\u00e9dio e \u00c1sia \u2014 respons\u00e1vel pela famosa vit\u00f3ria do militar sobre o ex\u00e9rcito persa na Batalha de Gaugamela. Pesquisadores e militares estudam as t\u00e1ticas de combate do grupo criado por Filipe 2.\u00ba e consolidado com Alexandre, o Grande at\u00e9 hoje.<\/p>\n\n\n\n<div class=\"wp-block-image\"><figure class=\"aligncenter size-large is-resized\"><a href=\"https:\/\/www.facebook.com\/profile.php?id=100069289606145\"><img loading=\"lazy\" decoding=\"async\" src=\"https:\/\/jornalfatosenoticias.com.br\/wp-content\/uploads\/2024\/11\/Guaitolini-Contabilidade-1024x714.jpeg\" alt=\"\" class=\"wp-image-55808\" width=\"309\" height=\"215\" srcset=\"https:\/\/jornalfatosenoticias.com.br\/wp-content\/uploads\/2024\/11\/Guaitolini-Contabilidade-1024x714.jpeg 1024w, https:\/\/jornalfatosenoticias.com.br\/wp-content\/uploads\/2024\/11\/Guaitolini-Contabilidade-300x209.jpeg 300w, https:\/\/jornalfatosenoticias.com.br\/wp-content\/uploads\/2024\/11\/Guaitolini-Contabilidade-768x535.jpeg 768w, https:\/\/jornalfatosenoticias.com.br\/wp-content\/uploads\/2024\/11\/Guaitolini-Contabilidade.jpeg 1280w\" sizes=\"auto, (max-width: 309px) 100vw, 309px\" \/><\/a><\/figure><\/div>\n\n\n\n<p><strong>Fonte: <a href=\"https:\/\/gizmodo.uol.com.br\/arqueologos-encontram-restos-da-familia-de-alexandre-o-grande\/\">Giz Brasil<\/a><\/strong><\/p>\n","protected":false},"excerpt":{"rendered":"<p>Cientistas identificaram partes de Felipe 2.\u00ba, pai de Alexandre, o Grande, em uma tumba de 2.350 anos atr\u00e1s Por B\u00e1rbara Giovani Arque\u00f3logos encontraram os restos mortais da fam\u00edlia de Alexandre, o Grande, um dos mais conhecidos personagens da hist\u00f3ria mundial. Seu meio-irm\u00e3o, seu filho e seu pai, Filipe 2.\u00ba, est\u00e3o em um t\u00famulo localizado em [&hellip;]<\/p>\n","protected":false},"author":2,"featured_media":61162,"comment_status":"open","ping_status":"open","sticky":false,"template":"","format":"standard","meta":{"footnotes":""},"categories":[9808],"tags":[27200,3976,22763,3098],"class_list":["post-61161","post","type-post","status-publish","format-standard","has-post-thumbnail","hentry","category-paleo-arqueologia","tag-alexandre","tag-grecia-antiga","tag-o-grande","tag-tumba"],"yoast_head":"<!-- This site is optimized with the Yoast SEO plugin v26.5 - https:\/\/yoast.com\/wordpress\/plugins\/seo\/ -->\n<title>Arque\u00f3logos encontram restos da fam\u00edlia de Alexandre, o Grande - Jornal Fatos e Not\u00edcias<\/title>\n<meta name=\"robots\" content=\"index, follow, max-snippet:-1, max-image-preview:large, max-video-preview:-1\" \/>\n<link rel=\"canonical\" href=\"https:\/\/jornalfatosenoticias.com.br\/index.php\/2025\/08\/12\/arqueologos-encontram-restos-da-familia-de-alexandre-o-grande\/\" \/>\n<meta property=\"og:locale\" content=\"pt_BR\" \/>\n<meta property=\"og:type\" content=\"article\" \/>\n<meta property=\"og:title\" content=\"Arque\u00f3logos encontram restos da fam\u00edlia de Alexandre, o Grande - Jornal Fatos e Not\u00edcias\" \/>\n<meta property=\"og:description\" content=\"Cientistas identificaram partes de Felipe 2.\u00ba, pai de Alexandre, o Grande, em uma tumba de 2.350 anos atr\u00e1s Por B\u00e1rbara Giovani Arque\u00f3logos encontraram os restos mortais da fam\u00edlia de Alexandre, o Grande, um dos mais conhecidos personagens da hist\u00f3ria mundial. Seu meio-irm\u00e3o, seu filho e seu pai, Filipe 2.\u00ba, est\u00e3o em um t\u00famulo localizado em [&hellip;]\" \/>\n<meta property=\"og:url\" content=\"https:\/\/jornalfatosenoticias.com.br\/index.php\/2025\/08\/12\/arqueologos-encontram-restos-da-familia-de-alexandre-o-grande\/\" \/>\n<meta property=\"og:site_name\" content=\"Jornal Fatos e Not\u00edcias\" \/>\n<meta property=\"article:published_time\" content=\"2025-08-12T11:34:39+00:00\" \/>\n<meta property=\"article:modified_time\" content=\"2025-08-12T11:34:40+00:00\" \/>\n<meta property=\"og:image\" content=\"https:\/\/jornalfatosenoticias.com.br\/wp-content\/uploads\/2025\/08\/Alexandre-o-Grande.jpg\" \/>\n\t<meta property=\"og:image:width\" content=\"1000\" \/>\n\t<meta property=\"og:image:height\" content=\"589\" \/>\n\t<meta property=\"og:image:type\" content=\"image\/jpeg\" \/>\n<meta name=\"author\" content=\"Luzimara Fernandes\" \/>\n<meta name=\"twitter:card\" content=\"summary_large_image\" \/>\n<meta name=\"twitter:label1\" content=\"Escrito por\" \/>\n\t<meta name=\"twitter:data1\" content=\"Luzimara Fernandes\" \/>\n\t<meta name=\"twitter:label2\" content=\"Est. tempo de leitura\" \/>\n\t<meta name=\"twitter:data2\" content=\"1 minuto\" \/>\n<script type=\"application\/ld+json\" class=\"yoast-schema-graph\">{\"@context\":\"https:\/\/schema.org\",\"@graph\":[{\"@type\":\"Article\",\"@id\":\"https:\/\/jornalfatosenoticias.com.br\/index.php\/2025\/08\/12\/arqueologos-encontram-restos-da-familia-de-alexandre-o-grande\/#article\",\"isPartOf\":{\"@id\":\"https:\/\/jornalfatosenoticias.com.br\/index.php\/2025\/08\/12\/arqueologos-encontram-restos-da-familia-de-alexandre-o-grande\/\"},\"author\":{\"name\":\"Luzimara Fernandes\",\"@id\":\"https:\/\/jornalfatosenoticias.com.br\/#\/schema\/person\/d63837fa13ac8666eb9e74e0985d6f81\"},\"headline\":\"Arque\u00f3logos encontram restos da fam\u00edlia de Alexandre, o Grande\",\"datePublished\":\"2025-08-12T11:34:39+00:00\",\"dateModified\":\"2025-08-12T11:34:40+00:00\",\"mainEntityOfPage\":{\"@id\":\"https:\/\/jornalfatosenoticias.com.br\/index.php\/2025\/08\/12\/arqueologos-encontram-restos-da-familia-de-alexandre-o-grande\/\"},\"wordCount\":265,\"commentCount\":0,\"publisher\":{\"@id\":\"https:\/\/jornalfatosenoticias.com.br\/#organization\"},\"image\":{\"@id\":\"https:\/\/jornalfatosenoticias.com.br\/index.php\/2025\/08\/12\/arqueologos-encontram-restos-da-familia-de-alexandre-o-grande\/#primaryimage\"},\"thumbnailUrl\":\"https:\/\/jornalfatosenoticias.com.br\/wp-content\/uploads\/2025\/08\/Alexandre-o-Grande.jpg\",\"keywords\":[\"Alexandre\",\"Gr\u00e9cia Antiga\",\"o Grande\",\"tumba\"],\"articleSection\":[\"Paleo &amp; Arqueologia\"],\"inLanguage\":\"pt-BR\",\"potentialAction\":[{\"@type\":\"CommentAction\",\"name\":\"Comment\",\"target\":[\"https:\/\/jornalfatosenoticias.com.br\/index.php\/2025\/08\/12\/arqueologos-encontram-restos-da-familia-de-alexandre-o-grande\/#respond\"]}]},{\"@type\":\"WebPage\",\"@id\":\"https:\/\/jornalfatosenoticias.com.br\/index.php\/2025\/08\/12\/arqueologos-encontram-restos-da-familia-de-alexandre-o-grande\/\",\"url\":\"https:\/\/jornalfatosenoticias.com.br\/index.php\/2025\/08\/12\/arqueologos-encontram-restos-da-familia-de-alexandre-o-grande\/\",\"name\":\"Arque\u00f3logos encontram restos da fam\u00edlia de Alexandre, o Grande - Jornal Fatos e Not\u00edcias\",\"isPartOf\":{\"@id\":\"https:\/\/jornalfatosenoticias.com.br\/#website\"},\"primaryImageOfPage\":{\"@id\":\"https:\/\/jornalfatosenoticias.com.br\/index.php\/2025\/08\/12\/arqueologos-encontram-restos-da-familia-de-alexandre-o-grande\/#primaryimage\"},\"image\":{\"@id\":\"https:\/\/jornalfatosenoticias.com.br\/index.php\/2025\/08\/12\/arqueologos-encontram-restos-da-familia-de-alexandre-o-grande\/#primaryimage\"},\"thumbnailUrl\":\"https:\/\/jornalfatosenoticias.com.br\/wp-content\/uploads\/2025\/08\/Alexandre-o-Grande.jpg\",\"datePublished\":\"2025-08-12T11:34:39+00:00\",\"dateModified\":\"2025-08-12T11:34:40+00:00\",\"breadcrumb\":{\"@id\":\"https:\/\/jornalfatosenoticias.com.br\/index.php\/2025\/08\/12\/arqueologos-encontram-restos-da-familia-de-alexandre-o-grande\/#breadcrumb\"},\"inLanguage\":\"pt-BR\",\"potentialAction\":[{\"@type\":\"ReadAction\",\"target\":[\"https:\/\/jornalfatosenoticias.com.br\/index.php\/2025\/08\/12\/arqueologos-encontram-restos-da-familia-de-alexandre-o-grande\/\"]}]},{\"@type\":\"ImageObject\",\"inLanguage\":\"pt-BR\",\"@id\":\"https:\/\/jornalfatosenoticias.com.br\/index.php\/2025\/08\/12\/arqueologos-encontram-restos-da-familia-de-alexandre-o-grande\/#primaryimage\",\"url\":\"https:\/\/jornalfatosenoticias.com.br\/wp-content\/uploads\/2025\/08\/Alexandre-o-Grande.jpg\",\"contentUrl\":\"https:\/\/jornalfatosenoticias.com.br\/wp-content\/uploads\/2025\/08\/Alexandre-o-Grande.jpg\",\"width\":1000,\"height\":589},{\"@type\":\"BreadcrumbList\",\"@id\":\"https:\/\/jornalfatosenoticias.com.br\/index.php\/2025\/08\/12\/arqueologos-encontram-restos-da-familia-de-alexandre-o-grande\/#breadcrumb\",\"itemListElement\":[{\"@type\":\"ListItem\",\"position\":1,\"name\":\"In\u00edcio\",\"item\":\"https:\/\/jornalfatosenoticias.com.br\/\"},{\"@type\":\"ListItem\",\"position\":2,\"name\":\"Arque\u00f3logos encontram restos da fam\u00edlia de Alexandre, o Grande\"}]},{\"@type\":\"WebSite\",\"@id\":\"https:\/\/jornalfatosenoticias.com.br\/#website\",\"url\":\"https:\/\/jornalfatosenoticias.com.br\/\",\"name\":\"Jornal Fatos e Not\u00edcias\",\"description\":\"Not\u00edcias em geral\",\"publisher\":{\"@id\":\"https:\/\/jornalfatosenoticias.com.br\/#organization\"},\"potentialAction\":[{\"@type\":\"SearchAction\",\"target\":{\"@type\":\"EntryPoint\",\"urlTemplate\":\"https:\/\/jornalfatosenoticias.com.br\/?s={search_term_string}\"},\"query-input\":{\"@type\":\"PropertyValueSpecification\",\"valueRequired\":true,\"valueName\":\"search_term_string\"}}],\"inLanguage\":\"pt-BR\"},{\"@type\":\"Organization\",\"@id\":\"https:\/\/jornalfatosenoticias.com.br\/#organization\",\"name\":\"Jornal Fatos e Not\u00edcias\",\"url\":\"https:\/\/jornalfatosenoticias.com.br\/\",\"logo\":{\"@type\":\"ImageObject\",\"inLanguage\":\"pt-BR\",\"@id\":\"https:\/\/jornalfatosenoticias.com.br\/#\/schema\/logo\/image\/\",\"url\":\"https:\/\/jornalfatosenoticias.com.br\/wp-content\/uploads\/2020\/02\/logo120.png\",\"contentUrl\":\"https:\/\/jornalfatosenoticias.com.br\/wp-content\/uploads\/2020\/02\/logo120.png\",\"width\":1227,\"height\":120,\"caption\":\"Jornal Fatos e Not\u00edcias\"},\"image\":{\"@id\":\"https:\/\/jornalfatosenoticias.com.br\/#\/schema\/logo\/image\/\"}},{\"@type\":\"Person\",\"@id\":\"https:\/\/jornalfatosenoticias.com.br\/#\/schema\/person\/d63837fa13ac8666eb9e74e0985d6f81\",\"name\":\"Luzimara Fernandes\",\"image\":{\"@type\":\"ImageObject\",\"inLanguage\":\"pt-BR\",\"@id\":\"https:\/\/jornalfatosenoticias.com.br\/#\/schema\/person\/image\/\",\"url\":\"https:\/\/jornalfatosenoticias.com.br\/wp-content\/uploads\/2025\/05\/EU_portal.jpg\",\"contentUrl\":\"https:\/\/jornalfatosenoticias.com.br\/wp-content\/uploads\/2025\/05\/EU_portal.jpg\",\"caption\":\"Luzimara Fernandes\"},\"description\":\"Jornalista MTB 2358-ES\",\"sameAs\":[\"https:\/\/jornalfatosenoticias.com.br\"],\"url\":\"https:\/\/jornalfatosenoticias.com.br\/index.php\/author\/luzimara\/\"}]}<\/script>\n<!-- \/ Yoast SEO plugin. -->","yoast_head_json":{"title":"Arque\u00f3logos encontram restos da fam\u00edlia de Alexandre, o Grande - Jornal Fatos e Not\u00edcias","robots":{"index":"index","follow":"follow","max-snippet":"max-snippet:-1","max-image-preview":"max-image-preview:large","max-video-preview":"max-video-preview:-1"},"canonical":"https:\/\/jornalfatosenoticias.com.br\/index.php\/2025\/08\/12\/arqueologos-encontram-restos-da-familia-de-alexandre-o-grande\/","og_locale":"pt_BR","og_type":"article","og_title":"Arque\u00f3logos encontram restos da fam\u00edlia de Alexandre, o Grande - Jornal Fatos e Not\u00edcias","og_description":"Cientistas identificaram partes de Felipe 2.\u00ba, pai de Alexandre, o Grande, em uma tumba de 2.350 anos atr\u00e1s Por B\u00e1rbara Giovani Arque\u00f3logos encontraram os restos mortais da fam\u00edlia de Alexandre, o Grande, um dos mais conhecidos personagens da hist\u00f3ria mundial. Seu meio-irm\u00e3o, seu filho e seu pai, Filipe 2.\u00ba, est\u00e3o em um t\u00famulo localizado em [&hellip;]","og_url":"https:\/\/jornalfatosenoticias.com.br\/index.php\/2025\/08\/12\/arqueologos-encontram-restos-da-familia-de-alexandre-o-grande\/","og_site_name":"Jornal Fatos e Not\u00edcias","article_published_time":"2025-08-12T11:34:39+00:00","article_modified_time":"2025-08-12T11:34:40+00:00","og_image":[{"width":1000,"height":589,"url":"https:\/\/jornalfatosenoticias.com.br\/wp-content\/uploads\/2025\/08\/Alexandre-o-Grande.jpg","type":"image\/jpeg"}],"author":"Luzimara Fernandes","twitter_card":"summary_large_image","twitter_misc":{"Escrito por":"Luzimara Fernandes","Est. tempo de leitura":"1 minuto"},"schema":{"@context":"https:\/\/schema.org","@graph":[{"@type":"Article","@id":"https:\/\/jornalfatosenoticias.com.br\/index.php\/2025\/08\/12\/arqueologos-encontram-restos-da-familia-de-alexandre-o-grande\/#article","isPartOf":{"@id":"https:\/\/jornalfatosenoticias.com.br\/index.php\/2025\/08\/12\/arqueologos-encontram-restos-da-familia-de-alexandre-o-grande\/"},"author":{"name":"Luzimara Fernandes","@id":"https:\/\/jornalfatosenoticias.com.br\/#\/schema\/person\/d63837fa13ac8666eb9e74e0985d6f81"},"headline":"Arque\u00f3logos encontram restos da fam\u00edlia de Alexandre, o Grande","datePublished":"2025-08-12T11:34:39+00:00","dateModified":"2025-08-12T11:34:40+00:00","mainEntityOfPage":{"@id":"https:\/\/jornalfatosenoticias.com.br\/index.php\/2025\/08\/12\/arqueologos-encontram-restos-da-familia-de-alexandre-o-grande\/"},"wordCount":265,"commentCount":0,"publisher":{"@id":"https:\/\/jornalfatosenoticias.com.br\/#organization"},"image":{"@id":"https:\/\/jornalfatosenoticias.com.br\/index.php\/2025\/08\/12\/arqueologos-encontram-restos-da-familia-de-alexandre-o-grande\/#primaryimage"},"thumbnailUrl":"https:\/\/jornalfatosenoticias.com.br\/wp-content\/uploads\/2025\/08\/Alexandre-o-Grande.jpg","keywords":["Alexandre","Gr\u00e9cia Antiga","o Grande","tumba"],"articleSection":["Paleo &amp; Arqueologia"],"inLanguage":"pt-BR","potentialAction":[{"@type":"CommentAction","name":"Comment","target":["https:\/\/jornalfatosenoticias.com.br\/index.php\/2025\/08\/12\/arqueologos-encontram-restos-da-familia-de-alexandre-o-grande\/#respond"]}]},{"@type":"WebPage","@id":"https:\/\/jornalfatosenoticias.com.br\/index.php\/2025\/08\/12\/arqueologos-encontram-restos-da-familia-de-alexandre-o-grande\/","url":"https:\/\/jornalfatosenoticias.com.br\/index.php\/2025\/08\/12\/arqueologos-encontram-restos-da-familia-de-alexandre-o-grande\/","name":"Arque\u00f3logos encontram restos da fam\u00edlia de Alexandre, o Grande - Jornal Fatos e Not\u00edcias","isPartOf":{"@id":"https:\/\/jornalfatosenoticias.com.br\/#website"},"primaryImageOfPage":{"@id":"https:\/\/jornalfatosenoticias.com.br\/index.php\/2025\/08\/12\/arqueologos-encontram-restos-da-familia-de-alexandre-o-grande\/#primaryimage"},"image":{"@id":"https:\/\/jornalfatosenoticias.com.br\/index.php\/2025\/08\/12\/arqueologos-encontram-restos-da-familia-de-alexandre-o-grande\/#primaryimage"},"thumbnailUrl":"https:\/\/jornalfatosenoticias.com.br\/wp-content\/uploads\/2025\/08\/Alexandre-o-Grande.jpg","datePublished":"2025-08-12T11:34:39+00:00","dateModified":"2025-08-12T11:34:40+00:00","breadcrumb":{"@id":"https:\/\/jornalfatosenoticias.com.br\/index.php\/2025\/08\/12\/arqueologos-encontram-restos-da-familia-de-alexandre-o-grande\/#breadcrumb"},"inLanguage":"pt-BR","potentialAction":[{"@type":"ReadAction","target":["https:\/\/jornalfatosenoticias.com.br\/index.php\/2025\/08\/12\/arqueologos-encontram-restos-da-familia-de-alexandre-o-grande\/"]}]},{"@type":"ImageObject","inLanguage":"pt-BR","@id":"https:\/\/jornalfatosenoticias.com.br\/index.php\/2025\/08\/12\/arqueologos-encontram-restos-da-familia-de-alexandre-o-grande\/#primaryimage","url":"https:\/\/jornalfatosenoticias.com.br\/wp-content\/uploads\/2025\/08\/Alexandre-o-Grande.jpg","contentUrl":"https:\/\/jornalfatosenoticias.com.br\/wp-content\/uploads\/2025\/08\/Alexandre-o-Grande.jpg","width":1000,"height":589},{"@type":"BreadcrumbList","@id":"https:\/\/jornalfatosenoticias.com.br\/index.php\/2025\/08\/12\/arqueologos-encontram-restos-da-familia-de-alexandre-o-grande\/#breadcrumb","itemListElement":[{"@type":"ListItem","position":1,"name":"In\u00edcio","item":"https:\/\/jornalfatosenoticias.com.br\/"},{"@type":"ListItem","position":2,"name":"Arque\u00f3logos encontram restos da fam\u00edlia de Alexandre, o Grande"}]},{"@type":"WebSite","@id":"https:\/\/jornalfatosenoticias.com.br\/#website","url":"https:\/\/jornalfatosenoticias.com.br\/","name":"Jornal Fatos e Not\u00edcias","description":"Not\u00edcias em geral","publisher":{"@id":"https:\/\/jornalfatosenoticias.com.br\/#organization"},"potentialAction":[{"@type":"SearchAction","target":{"@type":"EntryPoint","urlTemplate":"https:\/\/jornalfatosenoticias.com.br\/?s={search_term_string}"},"query-input":{"@type":"PropertyValueSpecification","valueRequired":true,"valueName":"search_term_string"}}],"inLanguage":"pt-BR"},{"@type":"Organization","@id":"https:\/\/jornalfatosenoticias.com.br\/#organization","name":"Jornal Fatos e Not\u00edcias","url":"https:\/\/jornalfatosenoticias.com.br\/","logo":{"@type":"ImageObject","inLanguage":"pt-BR","@id":"https:\/\/jornalfatosenoticias.com.br\/#\/schema\/logo\/image\/","url":"https:\/\/jornalfatosenoticias.com.br\/wp-content\/uploads\/2020\/02\/logo120.png","contentUrl":"https:\/\/jornalfatosenoticias.com.br\/wp-content\/uploads\/2020\/02\/logo120.png","width":1227,"height":120,"caption":"Jornal Fatos e Not\u00edcias"},"image":{"@id":"https:\/\/jornalfatosenoticias.com.br\/#\/schema\/logo\/image\/"}},{"@type":"Person","@id":"https:\/\/jornalfatosenoticias.com.br\/#\/schema\/person\/d63837fa13ac8666eb9e74e0985d6f81","name":"Luzimara Fernandes","image":{"@type":"ImageObject","inLanguage":"pt-BR","@id":"https:\/\/jornalfatosenoticias.com.br\/#\/schema\/person\/image\/","url":"https:\/\/jornalfatosenoticias.com.br\/wp-content\/uploads\/2025\/05\/EU_portal.jpg","contentUrl":"https:\/\/jornalfatosenoticias.com.br\/wp-content\/uploads\/2025\/05\/EU_portal.jpg","caption":"Luzimara Fernandes"},"description":"Jornalista MTB 2358-ES","sameAs":["https:\/\/jornalfatosenoticias.com.br"],"url":"https:\/\/jornalfatosenoticias.com.br\/index.php\/author\/luzimara\/"}]}},"cc_featured_image_caption":{"caption_text":"(Foto: Wikimedia Commons)  ","source_text":"","source_url":""},"jetpack_featured_media_url":"https:\/\/jornalfatosenoticias.com.br\/wp-content\/uploads\/2025\/08\/Alexandre-o-Grande.jpg","_links":{"self":[{"href":"https:\/\/jornalfatosenoticias.com.br\/index.php\/wp-json\/wp\/v2\/posts\/61161","targetHints":{"allow":["GET"]}}],"collection":[{"href":"https:\/\/jornalfatosenoticias.com.br\/index.php\/wp-json\/wp\/v2\/posts"}],"about":[{"href":"https:\/\/jornalfatosenoticias.com.br\/index.php\/wp-json\/wp\/v2\/types\/post"}],"author":[{"embeddable":true,"href":"https:\/\/jornalfatosenoticias.com.br\/index.php\/wp-json\/wp\/v2\/users\/2"}],"replies":[{"embeddable":true,"href":"https:\/\/jornalfatosenoticias.com.br\/index.php\/wp-json\/wp\/v2\/comments?post=61161"}],"version-history":[{"count":0,"href":"https:\/\/jornalfatosenoticias.com.br\/index.php\/wp-json\/wp\/v2\/posts\/61161\/revisions"}],"wp:featuredmedia":[{"embeddable":true,"href":"https:\/\/jornalfatosenoticias.com.br\/index.php\/wp-json\/wp\/v2\/media\/61162"}],"wp:attachment":[{"href":"https:\/\/jornalfatosenoticias.com.br\/index.php\/wp-json\/wp\/v2\/media?parent=61161"}],"wp:term":[{"taxonomy":"category","embeddable":true,"href":"https:\/\/jornalfatosenoticias.com.br\/index.php\/wp-json\/wp\/v2\/categories?post=61161"},{"taxonomy":"post_tag","embeddable":true,"href":"https:\/\/jornalfatosenoticias.com.br\/index.php\/wp-json\/wp\/v2\/tags?post=61161"}],"curies":[{"name":"wp","href":"https:\/\/api.w.org\/{rel}","templated":true}]}}