{"id":61173,"date":"2025-08-12T09:09:46","date_gmt":"2025-08-12T12:09:46","guid":{"rendered":"https:\/\/jornalfatosenoticias.com.br\/?p=61173"},"modified":"2025-08-12T09:09:47","modified_gmt":"2025-08-12T12:09:47","slug":"tv-x-redes-sociais-efeitos-no-cerebro-sao-diferentes-segundo-estudo","status":"publish","type":"post","link":"https:\/\/jornalfatosenoticias.com.br\/index.php\/2025\/08\/12\/tv-x-redes-sociais-efeitos-no-cerebro-sao-diferentes-segundo-estudo\/","title":{"rendered":"TV x redes sociais: efeitos no c\u00e9rebro s\u00e3o diferentes, segundo estudo"},"content":{"rendered":"\n<p><em><span class=\"has-inline-color has-black-color\">Diferen\u00e7as na atividade cerebral foram identificadas durante experimento realizado em pessoas de 18 a 25 anos<\/span><\/em><\/p>\n\n\n\n<p><span class=\"has-inline-color has-black-color\">Por <strong><a href=\"https:\/\/olhardigital.com.br\/author\/alessandro-lorenzo\/\">Alessandro Di Lorenzo<\/a><\/strong><\/span><\/p>\n\n\n\n<div class=\"wp-block-image\"><figure class=\"aligncenter size-large\"><a href=\"https:\/\/mizu.com.br\/\"><img loading=\"lazy\" decoding=\"async\" width=\"729\" height=\"90\" src=\"https:\/\/jornalfatosenoticias.com.br\/wp-content\/uploads\/2020\/02\/Logo_Mizu.png\" alt=\"\" class=\"wp-image-1441\" srcset=\"https:\/\/jornalfatosenoticias.com.br\/wp-content\/uploads\/2020\/02\/Logo_Mizu.png 729w, https:\/\/jornalfatosenoticias.com.br\/wp-content\/uploads\/2020\/02\/Logo_Mizu-300x37.png 300w\" sizes=\"auto, (max-width: 729px) 100vw, 729px\" \/><\/a><\/figure><\/div>\n\n\n\n<p>Um novo estudo aponta que assistir <a href=\"https:\/\/olhardigital.com.br\/tag\/tv\/\" target=\"_blank\" rel=\"noreferrer noopener\"><strong>televis\u00e3o<\/strong><\/a>\u00a0e acessar as\u00a0<a href=\"https:\/\/olhardigital.com.br\/tag\/redes-sociais\/\" target=\"_blank\" rel=\"noreferrer noopener\"><strong>redes sociais<\/strong><\/a> t\u00eam efeitos diferentes quando o assunto \u00e9 a atividade cerebral. Os padr\u00f5es distintos foram identificados durante experimento realizado em pessoas de 18 a 25 anos. De acordo com os pesquisadores, a TV est\u00e1 associada a um aumento do foco, enquanto a m\u00eddia social apresenta um resultado contr\u00e1rio. As conclus\u00f5es foram apresentadas em estudo publicado na revista <strong><a href=\"https:\/\/www.nature.com\/articles\/s41598-025-09360-w\" target=\"_blank\" rel=\"noreferrer noopener\">Scientific Reports<\/a>.<\/strong><br>Durante o trabalho, os participantes foram expostos \u00e0s telas de aparelhos de TV e de celulares. Eles foram analisados a partir de espectroscopia funcional de infravermelho pr\u00f3ximo (fNIRS), uma t\u00e9cnica que mede a atividade cerebral atrav\u00e9s da detec\u00e7\u00e3o das altera\u00e7\u00f5es na concentra\u00e7\u00e3o de hemoglobina oxigenada e desoxigenada no c\u00e9rebro.<\/p>\n\n\n\n<div class=\"wp-block-image\"><figure class=\"aligncenter size-large is-resized\"><a href=\"https:\/\/www.facebook.com\/postobkr\/?locale=pt_BR\"><img loading=\"lazy\" decoding=\"async\" src=\"https:\/\/jornalfatosenoticias.com.br\/wp-content\/uploads\/2023\/08\/BKR-1024x1021.jpg\" alt=\"\" class=\"wp-image-44494\" width=\"315\" height=\"314\" srcset=\"https:\/\/jornalfatosenoticias.com.br\/wp-content\/uploads\/2023\/08\/BKR-1024x1021.jpg 1024w, https:\/\/jornalfatosenoticias.com.br\/wp-content\/uploads\/2023\/08\/BKR-300x300.jpg 300w, https:\/\/jornalfatosenoticias.com.br\/wp-content\/uploads\/2023\/08\/BKR-150x150.jpg 150w, https:\/\/jornalfatosenoticias.com.br\/wp-content\/uploads\/2023\/08\/BKR-768x766.jpg 768w, https:\/\/jornalfatosenoticias.com.br\/wp-content\/uploads\/2023\/08\/BKR.jpg 1080w\" sizes=\"auto, (max-width: 315px) 100vw, 315px\" \/><\/a><\/figure><\/div>\n\n\n\n<p>Segundo os pesquisadores, foram identificadas mudan\u00e7as de humor, energia, tens\u00e3o, foco e felicidade. Ap\u00f3s o uso das redes sociais, por exemplo, os n\u00edveis de hemoglobina oxigenada aumentaram mais do que em compara\u00e7\u00e3o com a TV. Nestes casos, os participantes relataram se sentir menos focadas, al\u00e9m de apresentarem n\u00edveis mais baixos de atividade cerebral.<\/p>\n\n\n\n<div class=\"wp-block-image\"><figure class=\"aligncenter size-large is-resized\"><a href=\"https:\/\/hotelmarquetti.com.br\/\"><img loading=\"lazy\" decoding=\"async\" src=\"https:\/\/jornalfatosenoticias.com.br\/wp-content\/uploads\/2020\/02\/LOGO-MQ-1024x680.jpg\" alt=\"\" class=\"wp-image-58299\" width=\"343\" height=\"228\" srcset=\"https:\/\/jornalfatosenoticias.com.br\/wp-content\/uploads\/2020\/02\/LOGO-MQ-1024x680.jpg 1024w, https:\/\/jornalfatosenoticias.com.br\/wp-content\/uploads\/2020\/02\/LOGO-MQ-300x199.jpg 300w, https:\/\/jornalfatosenoticias.com.br\/wp-content\/uploads\/2020\/02\/LOGO-MQ-768x510.jpg 768w, https:\/\/jornalfatosenoticias.com.br\/wp-content\/uploads\/2020\/02\/LOGO-MQ-1536x1020.jpg 1536w, https:\/\/jornalfatosenoticias.com.br\/wp-content\/uploads\/2020\/02\/LOGO-MQ-2048x1360.jpg 2048w\" sizes=\"auto, (max-width: 343px) 100vw, 343px\" \/><\/a><\/figure><\/div>\n\n\n\n<p>Essas descobertas sugerem que os tipos interativos de entretenimento deixam o c\u00e9rebro mais ou menos envolvido. Em outras palavras, diferentes formas de uso da tela est\u00e3o associadas a padr\u00f5es distintos de atividade e estados de humor.<br>Embora o estudo tenha analisado jovens adultos, essas descobertas sugerem um resultado semelhante nos adolescentes. Por isso, os pesquisadores defendem que as conclus\u00f5es sejam levadas em conta nas discuss\u00f5es sobre a limita\u00e7\u00e3o do uso das redes sociais.<\/p>\n\n\n\n<div class=\"wp-block-image\"><figure class=\"aligncenter size-large is-resized\"><a href=\"https:\/\/www.instagram.com\/serra4x4cambioautomatico\/\"><img loading=\"lazy\" decoding=\"async\" src=\"https:\/\/jornalfatosenoticias.com.br\/wp-content\/uploads\/2024\/08\/Serra-4x4-1-886x1024.jpg\" alt=\"\" class=\"wp-image-53632\" width=\"263\" height=\"303\" srcset=\"https:\/\/jornalfatosenoticias.com.br\/wp-content\/uploads\/2024\/08\/Serra-4x4-1-886x1024.jpg 886w, https:\/\/jornalfatosenoticias.com.br\/wp-content\/uploads\/2024\/08\/Serra-4x4-1-260x300.jpg 260w, https:\/\/jornalfatosenoticias.com.br\/wp-content\/uploads\/2024\/08\/Serra-4x4-1-768x888.jpg 768w, https:\/\/jornalfatosenoticias.com.br\/wp-content\/uploads\/2024\/08\/Serra-4x4-1.jpg 1181w\" sizes=\"auto, (max-width: 263px) 100vw, 263px\" \/><\/a><\/figure><\/div>\n\n\n\n<p>Segundo o trabalho, <em>\u201cse este \u00e9 o efeito em um c\u00e9rebro totalmente desenvolvido, precisamos urgentemente considerar os impactos sobre adolescentes e crian\u00e7as que est\u00e3o usando cada vez mais essas tecnologias\u201d.<\/em> Para a equipe, os resultados do estudo podem explicar, por exemplo, o aumento dos transtornos de humor em jovens de todo o mundo. Por outro lado, os cientistas respons\u00e1veis pela pesquisa admitem que s\u00e3o necess\u00e1rios mais estudos para entender a rela\u00e7\u00e3o complexa entre o uso de telas e o c\u00e9rebro.<\/p>\n\n\n\n<div class=\"wp-block-image\"><figure class=\"aligncenter size-large is-resized\"><a href=\"https:\/\/www.legisjuris.com.br\/\"><img loading=\"lazy\" decoding=\"async\" src=\"https:\/\/jornalfatosenoticias.com.br\/wp-content\/uploads\/2024\/09\/Legis-Juris-Consultoria_logo.jpg\" alt=\"\" class=\"wp-image-53915\" width=\"487\" height=\"204\" srcset=\"https:\/\/jornalfatosenoticias.com.br\/wp-content\/uploads\/2024\/09\/Legis-Juris-Consultoria_logo.jpg 969w, https:\/\/jornalfatosenoticias.com.br\/wp-content\/uploads\/2024\/09\/Legis-Juris-Consultoria_logo-300x126.jpg 300w, https:\/\/jornalfatosenoticias.com.br\/wp-content\/uploads\/2024\/09\/Legis-Juris-Consultoria_logo-768x322.jpg 768w\" sizes=\"auto, (max-width: 487px) 100vw, 487px\" \/><\/a><\/figure><\/div>\n\n\n\n<p><strong>Fonte: <a href=\"https:\/\/olhardigital.com.br\/2025\/08\/08\/medicina-e-saude\/tv-x-redes-sociais-efeitos-no-cerebro-sao-diferentes-segundo-estudo\/\">Olhar Digital<\/a><\/strong><\/p>\n","protected":false},"excerpt":{"rendered":"<p>Diferen\u00e7as na atividade cerebral foram identificadas durante experimento realizado em pessoas de 18 a 25 anos Por Alessandro Di Lorenzo Um novo estudo aponta que assistir televis\u00e3o\u00a0e acessar as\u00a0redes sociais t\u00eam efeitos diferentes quando o assunto \u00e9 a atividade cerebral. Os padr\u00f5es distintos foram identificados durante experimento realizado em pessoas de 18 a 25 anos. [&hellip;]<\/p>\n","protected":false},"author":2,"featured_media":61174,"comment_status":"open","ping_status":"open","sticky":false,"template":"","format":"standard","meta":{"footnotes":""},"categories":[2522],"tags":[2337,2336,1097,1563,6690],"class_list":["post-61173","post","type-post","status-publish","format-standard","has-post-thumbnail","hentry","category-comportamento","tag-atividade-cerebral","tag-cerebro","tag-foco","tag-redes-sociais","tag-televisao"],"yoast_head":"<!-- This site is optimized with the Yoast SEO plugin v26.5 - https:\/\/yoast.com\/wordpress\/plugins\/seo\/ -->\n<title>TV x redes sociais: efeitos no c\u00e9rebro s\u00e3o diferentes, segundo estudo - Jornal Fatos e Not\u00edcias<\/title>\n<meta name=\"robots\" content=\"index, follow, max-snippet:-1, max-image-preview:large, max-video-preview:-1\" \/>\n<link rel=\"canonical\" href=\"https:\/\/jornalfatosenoticias.com.br\/index.php\/2025\/08\/12\/tv-x-redes-sociais-efeitos-no-cerebro-sao-diferentes-segundo-estudo\/\" \/>\n<meta property=\"og:locale\" content=\"pt_BR\" \/>\n<meta property=\"og:type\" content=\"article\" \/>\n<meta property=\"og:title\" content=\"TV x redes sociais: efeitos no c\u00e9rebro s\u00e3o diferentes, segundo estudo - Jornal Fatos e Not\u00edcias\" \/>\n<meta property=\"og:description\" content=\"Diferen\u00e7as na atividade cerebral foram identificadas durante experimento realizado em pessoas de 18 a 25 anos Por Alessandro Di Lorenzo Um novo estudo aponta que assistir televis\u00e3o\u00a0e acessar as\u00a0redes sociais t\u00eam efeitos diferentes quando o assunto \u00e9 a atividade cerebral. Os padr\u00f5es distintos foram identificados durante experimento realizado em pessoas de 18 a 25 anos. [&hellip;]\" \/>\n<meta property=\"og:url\" content=\"https:\/\/jornalfatosenoticias.com.br\/index.php\/2025\/08\/12\/tv-x-redes-sociais-efeitos-no-cerebro-sao-diferentes-segundo-estudo\/\" \/>\n<meta property=\"og:site_name\" content=\"Jornal Fatos e Not\u00edcias\" \/>\n<meta property=\"article:published_time\" content=\"2025-08-12T12:09:46+00:00\" \/>\n<meta property=\"article:modified_time\" content=\"2025-08-12T12:09:47+00:00\" \/>\n<meta property=\"og:image\" content=\"https:\/\/jornalfatosenoticias.com.br\/wp-content\/uploads\/2025\/08\/TV-e-redes-sociais_istock.jpg\" \/>\n\t<meta property=\"og:image:width\" content=\"612\" \/>\n\t<meta property=\"og:image:height\" content=\"408\" \/>\n\t<meta property=\"og:image:type\" content=\"image\/jpeg\" \/>\n<meta name=\"author\" content=\"Luzimara Fernandes\" \/>\n<meta name=\"twitter:card\" content=\"summary_large_image\" \/>\n<meta name=\"twitter:label1\" content=\"Escrito por\" \/>\n\t<meta name=\"twitter:data1\" content=\"Luzimara Fernandes\" \/>\n\t<meta name=\"twitter:label2\" content=\"Est. tempo de leitura\" \/>\n\t<meta name=\"twitter:data2\" content=\"2 minutos\" \/>\n<script type=\"application\/ld+json\" class=\"yoast-schema-graph\">{\"@context\":\"https:\/\/schema.org\",\"@graph\":[{\"@type\":\"Article\",\"@id\":\"https:\/\/jornalfatosenoticias.com.br\/index.php\/2025\/08\/12\/tv-x-redes-sociais-efeitos-no-cerebro-sao-diferentes-segundo-estudo\/#article\",\"isPartOf\":{\"@id\":\"https:\/\/jornalfatosenoticias.com.br\/index.php\/2025\/08\/12\/tv-x-redes-sociais-efeitos-no-cerebro-sao-diferentes-segundo-estudo\/\"},\"author\":{\"name\":\"Luzimara Fernandes\",\"@id\":\"https:\/\/jornalfatosenoticias.com.br\/#\/schema\/person\/d63837fa13ac8666eb9e74e0985d6f81\"},\"headline\":\"TV x redes sociais: efeitos no c\u00e9rebro s\u00e3o diferentes, segundo estudo\",\"datePublished\":\"2025-08-12T12:09:46+00:00\",\"dateModified\":\"2025-08-12T12:09:47+00:00\",\"mainEntityOfPage\":{\"@id\":\"https:\/\/jornalfatosenoticias.com.br\/index.php\/2025\/08\/12\/tv-x-redes-sociais-efeitos-no-cerebro-sao-diferentes-segundo-estudo\/\"},\"wordCount\":390,\"commentCount\":0,\"publisher\":{\"@id\":\"https:\/\/jornalfatosenoticias.com.br\/#organization\"},\"image\":{\"@id\":\"https:\/\/jornalfatosenoticias.com.br\/index.php\/2025\/08\/12\/tv-x-redes-sociais-efeitos-no-cerebro-sao-diferentes-segundo-estudo\/#primaryimage\"},\"thumbnailUrl\":\"https:\/\/jornalfatosenoticias.com.br\/wp-content\/uploads\/2025\/08\/TV-e-redes-sociais_istock.jpg\",\"keywords\":[\"atividade cerebral\",\"c\u00e9rebro\",\"foco\",\"redes sociais\",\"televis\u00e3o\"],\"articleSection\":[\"Comportamento &amp; Equil\u00edbrio\"],\"inLanguage\":\"pt-BR\",\"potentialAction\":[{\"@type\":\"CommentAction\",\"name\":\"Comment\",\"target\":[\"https:\/\/jornalfatosenoticias.com.br\/index.php\/2025\/08\/12\/tv-x-redes-sociais-efeitos-no-cerebro-sao-diferentes-segundo-estudo\/#respond\"]}]},{\"@type\":\"WebPage\",\"@id\":\"https:\/\/jornalfatosenoticias.com.br\/index.php\/2025\/08\/12\/tv-x-redes-sociais-efeitos-no-cerebro-sao-diferentes-segundo-estudo\/\",\"url\":\"https:\/\/jornalfatosenoticias.com.br\/index.php\/2025\/08\/12\/tv-x-redes-sociais-efeitos-no-cerebro-sao-diferentes-segundo-estudo\/\",\"name\":\"TV x redes sociais: efeitos no c\u00e9rebro s\u00e3o diferentes, segundo estudo - Jornal Fatos e Not\u00edcias\",\"isPartOf\":{\"@id\":\"https:\/\/jornalfatosenoticias.com.br\/#website\"},\"primaryImageOfPage\":{\"@id\":\"https:\/\/jornalfatosenoticias.com.br\/index.php\/2025\/08\/12\/tv-x-redes-sociais-efeitos-no-cerebro-sao-diferentes-segundo-estudo\/#primaryimage\"},\"image\":{\"@id\":\"https:\/\/jornalfatosenoticias.com.br\/index.php\/2025\/08\/12\/tv-x-redes-sociais-efeitos-no-cerebro-sao-diferentes-segundo-estudo\/#primaryimage\"},\"thumbnailUrl\":\"https:\/\/jornalfatosenoticias.com.br\/wp-content\/uploads\/2025\/08\/TV-e-redes-sociais_istock.jpg\",\"datePublished\":\"2025-08-12T12:09:46+00:00\",\"dateModified\":\"2025-08-12T12:09:47+00:00\",\"breadcrumb\":{\"@id\":\"https:\/\/jornalfatosenoticias.com.br\/index.php\/2025\/08\/12\/tv-x-redes-sociais-efeitos-no-cerebro-sao-diferentes-segundo-estudo\/#breadcrumb\"},\"inLanguage\":\"pt-BR\",\"potentialAction\":[{\"@type\":\"ReadAction\",\"target\":[\"https:\/\/jornalfatosenoticias.com.br\/index.php\/2025\/08\/12\/tv-x-redes-sociais-efeitos-no-cerebro-sao-diferentes-segundo-estudo\/\"]}]},{\"@type\":\"ImageObject\",\"inLanguage\":\"pt-BR\",\"@id\":\"https:\/\/jornalfatosenoticias.com.br\/index.php\/2025\/08\/12\/tv-x-redes-sociais-efeitos-no-cerebro-sao-diferentes-segundo-estudo\/#primaryimage\",\"url\":\"https:\/\/jornalfatosenoticias.com.br\/wp-content\/uploads\/2025\/08\/TV-e-redes-sociais_istock.jpg\",\"contentUrl\":\"https:\/\/jornalfatosenoticias.com.br\/wp-content\/uploads\/2025\/08\/TV-e-redes-sociais_istock.jpg\",\"width\":612,\"height\":408,\"caption\":\"Back view of couple watching TV together sitting on sofa at home in evening, copy space\"},{\"@type\":\"BreadcrumbList\",\"@id\":\"https:\/\/jornalfatosenoticias.com.br\/index.php\/2025\/08\/12\/tv-x-redes-sociais-efeitos-no-cerebro-sao-diferentes-segundo-estudo\/#breadcrumb\",\"itemListElement\":[{\"@type\":\"ListItem\",\"position\":1,\"name\":\"In\u00edcio\",\"item\":\"https:\/\/jornalfatosenoticias.com.br\/\"},{\"@type\":\"ListItem\",\"position\":2,\"name\":\"TV x redes sociais: efeitos no c\u00e9rebro s\u00e3o diferentes, segundo estudo\"}]},{\"@type\":\"WebSite\",\"@id\":\"https:\/\/jornalfatosenoticias.com.br\/#website\",\"url\":\"https:\/\/jornalfatosenoticias.com.br\/\",\"name\":\"Jornal Fatos e Not\u00edcias\",\"description\":\"Not\u00edcias em geral\",\"publisher\":{\"@id\":\"https:\/\/jornalfatosenoticias.com.br\/#organization\"},\"potentialAction\":[{\"@type\":\"SearchAction\",\"target\":{\"@type\":\"EntryPoint\",\"urlTemplate\":\"https:\/\/jornalfatosenoticias.com.br\/?s={search_term_string}\"},\"query-input\":{\"@type\":\"PropertyValueSpecification\",\"valueRequired\":true,\"valueName\":\"search_term_string\"}}],\"inLanguage\":\"pt-BR\"},{\"@type\":\"Organization\",\"@id\":\"https:\/\/jornalfatosenoticias.com.br\/#organization\",\"name\":\"Jornal Fatos e Not\u00edcias\",\"url\":\"https:\/\/jornalfatosenoticias.com.br\/\",\"logo\":{\"@type\":\"ImageObject\",\"inLanguage\":\"pt-BR\",\"@id\":\"https:\/\/jornalfatosenoticias.com.br\/#\/schema\/logo\/image\/\",\"url\":\"https:\/\/jornalfatosenoticias.com.br\/wp-content\/uploads\/2020\/02\/logo120.png\",\"contentUrl\":\"https:\/\/jornalfatosenoticias.com.br\/wp-content\/uploads\/2020\/02\/logo120.png\",\"width\":1227,\"height\":120,\"caption\":\"Jornal Fatos e Not\u00edcias\"},\"image\":{\"@id\":\"https:\/\/jornalfatosenoticias.com.br\/#\/schema\/logo\/image\/\"}},{\"@type\":\"Person\",\"@id\":\"https:\/\/jornalfatosenoticias.com.br\/#\/schema\/person\/d63837fa13ac8666eb9e74e0985d6f81\",\"name\":\"Luzimara Fernandes\",\"image\":{\"@type\":\"ImageObject\",\"inLanguage\":\"pt-BR\",\"@id\":\"https:\/\/jornalfatosenoticias.com.br\/#\/schema\/person\/image\/\",\"url\":\"https:\/\/jornalfatosenoticias.com.br\/wp-content\/uploads\/2025\/05\/EU_portal.jpg\",\"contentUrl\":\"https:\/\/jornalfatosenoticias.com.br\/wp-content\/uploads\/2025\/05\/EU_portal.jpg\",\"caption\":\"Luzimara Fernandes\"},\"description\":\"Jornalista MTB 2358-ES\",\"sameAs\":[\"https:\/\/jornalfatosenoticias.com.br\"],\"url\":\"https:\/\/jornalfatosenoticias.com.br\/index.php\/author\/luzimara\/\"}]}<\/script>\n<!-- \/ Yoast SEO plugin. -->","yoast_head_json":{"title":"TV x redes sociais: efeitos no c\u00e9rebro s\u00e3o diferentes, segundo estudo - Jornal Fatos e Not\u00edcias","robots":{"index":"index","follow":"follow","max-snippet":"max-snippet:-1","max-image-preview":"max-image-preview:large","max-video-preview":"max-video-preview:-1"},"canonical":"https:\/\/jornalfatosenoticias.com.br\/index.php\/2025\/08\/12\/tv-x-redes-sociais-efeitos-no-cerebro-sao-diferentes-segundo-estudo\/","og_locale":"pt_BR","og_type":"article","og_title":"TV x redes sociais: efeitos no c\u00e9rebro s\u00e3o diferentes, segundo estudo - Jornal Fatos e Not\u00edcias","og_description":"Diferen\u00e7as na atividade cerebral foram identificadas durante experimento realizado em pessoas de 18 a 25 anos Por Alessandro Di Lorenzo Um novo estudo aponta que assistir televis\u00e3o\u00a0e acessar as\u00a0redes sociais t\u00eam efeitos diferentes quando o assunto \u00e9 a atividade cerebral. Os padr\u00f5es distintos foram identificados durante experimento realizado em pessoas de 18 a 25 anos. [&hellip;]","og_url":"https:\/\/jornalfatosenoticias.com.br\/index.php\/2025\/08\/12\/tv-x-redes-sociais-efeitos-no-cerebro-sao-diferentes-segundo-estudo\/","og_site_name":"Jornal Fatos e Not\u00edcias","article_published_time":"2025-08-12T12:09:46+00:00","article_modified_time":"2025-08-12T12:09:47+00:00","og_image":[{"width":612,"height":408,"url":"https:\/\/jornalfatosenoticias.com.br\/wp-content\/uploads\/2025\/08\/TV-e-redes-sociais_istock.jpg","type":"image\/jpeg"}],"author":"Luzimara Fernandes","twitter_card":"summary_large_image","twitter_misc":{"Escrito por":"Luzimara Fernandes","Est. tempo de leitura":"2 minutos"},"schema":{"@context":"https:\/\/schema.org","@graph":[{"@type":"Article","@id":"https:\/\/jornalfatosenoticias.com.br\/index.php\/2025\/08\/12\/tv-x-redes-sociais-efeitos-no-cerebro-sao-diferentes-segundo-estudo\/#article","isPartOf":{"@id":"https:\/\/jornalfatosenoticias.com.br\/index.php\/2025\/08\/12\/tv-x-redes-sociais-efeitos-no-cerebro-sao-diferentes-segundo-estudo\/"},"author":{"name":"Luzimara Fernandes","@id":"https:\/\/jornalfatosenoticias.com.br\/#\/schema\/person\/d63837fa13ac8666eb9e74e0985d6f81"},"headline":"TV x redes sociais: efeitos no c\u00e9rebro s\u00e3o diferentes, segundo estudo","datePublished":"2025-08-12T12:09:46+00:00","dateModified":"2025-08-12T12:09:47+00:00","mainEntityOfPage":{"@id":"https:\/\/jornalfatosenoticias.com.br\/index.php\/2025\/08\/12\/tv-x-redes-sociais-efeitos-no-cerebro-sao-diferentes-segundo-estudo\/"},"wordCount":390,"commentCount":0,"publisher":{"@id":"https:\/\/jornalfatosenoticias.com.br\/#organization"},"image":{"@id":"https:\/\/jornalfatosenoticias.com.br\/index.php\/2025\/08\/12\/tv-x-redes-sociais-efeitos-no-cerebro-sao-diferentes-segundo-estudo\/#primaryimage"},"thumbnailUrl":"https:\/\/jornalfatosenoticias.com.br\/wp-content\/uploads\/2025\/08\/TV-e-redes-sociais_istock.jpg","keywords":["atividade cerebral","c\u00e9rebro","foco","redes sociais","televis\u00e3o"],"articleSection":["Comportamento &amp; Equil\u00edbrio"],"inLanguage":"pt-BR","potentialAction":[{"@type":"CommentAction","name":"Comment","target":["https:\/\/jornalfatosenoticias.com.br\/index.php\/2025\/08\/12\/tv-x-redes-sociais-efeitos-no-cerebro-sao-diferentes-segundo-estudo\/#respond"]}]},{"@type":"WebPage","@id":"https:\/\/jornalfatosenoticias.com.br\/index.php\/2025\/08\/12\/tv-x-redes-sociais-efeitos-no-cerebro-sao-diferentes-segundo-estudo\/","url":"https:\/\/jornalfatosenoticias.com.br\/index.php\/2025\/08\/12\/tv-x-redes-sociais-efeitos-no-cerebro-sao-diferentes-segundo-estudo\/","name":"TV x redes sociais: efeitos no c\u00e9rebro s\u00e3o diferentes, segundo estudo - Jornal Fatos e Not\u00edcias","isPartOf":{"@id":"https:\/\/jornalfatosenoticias.com.br\/#website"},"primaryImageOfPage":{"@id":"https:\/\/jornalfatosenoticias.com.br\/index.php\/2025\/08\/12\/tv-x-redes-sociais-efeitos-no-cerebro-sao-diferentes-segundo-estudo\/#primaryimage"},"image":{"@id":"https:\/\/jornalfatosenoticias.com.br\/index.php\/2025\/08\/12\/tv-x-redes-sociais-efeitos-no-cerebro-sao-diferentes-segundo-estudo\/#primaryimage"},"thumbnailUrl":"https:\/\/jornalfatosenoticias.com.br\/wp-content\/uploads\/2025\/08\/TV-e-redes-sociais_istock.jpg","datePublished":"2025-08-12T12:09:46+00:00","dateModified":"2025-08-12T12:09:47+00:00","breadcrumb":{"@id":"https:\/\/jornalfatosenoticias.com.br\/index.php\/2025\/08\/12\/tv-x-redes-sociais-efeitos-no-cerebro-sao-diferentes-segundo-estudo\/#breadcrumb"},"inLanguage":"pt-BR","potentialAction":[{"@type":"ReadAction","target":["https:\/\/jornalfatosenoticias.com.br\/index.php\/2025\/08\/12\/tv-x-redes-sociais-efeitos-no-cerebro-sao-diferentes-segundo-estudo\/"]}]},{"@type":"ImageObject","inLanguage":"pt-BR","@id":"https:\/\/jornalfatosenoticias.com.br\/index.php\/2025\/08\/12\/tv-x-redes-sociais-efeitos-no-cerebro-sao-diferentes-segundo-estudo\/#primaryimage","url":"https:\/\/jornalfatosenoticias.com.br\/wp-content\/uploads\/2025\/08\/TV-e-redes-sociais_istock.jpg","contentUrl":"https:\/\/jornalfatosenoticias.com.br\/wp-content\/uploads\/2025\/08\/TV-e-redes-sociais_istock.jpg","width":612,"height":408,"caption":"Back view of couple watching TV together sitting on sofa at home in evening, copy space"},{"@type":"BreadcrumbList","@id":"https:\/\/jornalfatosenoticias.com.br\/index.php\/2025\/08\/12\/tv-x-redes-sociais-efeitos-no-cerebro-sao-diferentes-segundo-estudo\/#breadcrumb","itemListElement":[{"@type":"ListItem","position":1,"name":"In\u00edcio","item":"https:\/\/jornalfatosenoticias.com.br\/"},{"@type":"ListItem","position":2,"name":"TV x redes sociais: efeitos no c\u00e9rebro s\u00e3o diferentes, segundo estudo"}]},{"@type":"WebSite","@id":"https:\/\/jornalfatosenoticias.com.br\/#website","url":"https:\/\/jornalfatosenoticias.com.br\/","name":"Jornal Fatos e Not\u00edcias","description":"Not\u00edcias em geral","publisher":{"@id":"https:\/\/jornalfatosenoticias.com.br\/#organization"},"potentialAction":[{"@type":"SearchAction","target":{"@type":"EntryPoint","urlTemplate":"https:\/\/jornalfatosenoticias.com.br\/?s={search_term_string}"},"query-input":{"@type":"PropertyValueSpecification","valueRequired":true,"valueName":"search_term_string"}}],"inLanguage":"pt-BR"},{"@type":"Organization","@id":"https:\/\/jornalfatosenoticias.com.br\/#organization","name":"Jornal Fatos e Not\u00edcias","url":"https:\/\/jornalfatosenoticias.com.br\/","logo":{"@type":"ImageObject","inLanguage":"pt-BR","@id":"https:\/\/jornalfatosenoticias.com.br\/#\/schema\/logo\/image\/","url":"https:\/\/jornalfatosenoticias.com.br\/wp-content\/uploads\/2020\/02\/logo120.png","contentUrl":"https:\/\/jornalfatosenoticias.com.br\/wp-content\/uploads\/2020\/02\/logo120.png","width":1227,"height":120,"caption":"Jornal Fatos e Not\u00edcias"},"image":{"@id":"https:\/\/jornalfatosenoticias.com.br\/#\/schema\/logo\/image\/"}},{"@type":"Person","@id":"https:\/\/jornalfatosenoticias.com.br\/#\/schema\/person\/d63837fa13ac8666eb9e74e0985d6f81","name":"Luzimara Fernandes","image":{"@type":"ImageObject","inLanguage":"pt-BR","@id":"https:\/\/jornalfatosenoticias.com.br\/#\/schema\/person\/image\/","url":"https:\/\/jornalfatosenoticias.com.br\/wp-content\/uploads\/2025\/05\/EU_portal.jpg","contentUrl":"https:\/\/jornalfatosenoticias.com.br\/wp-content\/uploads\/2025\/05\/EU_portal.jpg","caption":"Luzimara Fernandes"},"description":"Jornalista MTB 2358-ES","sameAs":["https:\/\/jornalfatosenoticias.com.br"],"url":"https:\/\/jornalfatosenoticias.com.br\/index.php\/author\/luzimara\/"}]}},"cc_featured_image_caption":{"caption_text":"(Foto: iStock)  ","source_text":"","source_url":""},"jetpack_featured_media_url":"https:\/\/jornalfatosenoticias.com.br\/wp-content\/uploads\/2025\/08\/TV-e-redes-sociais_istock.jpg","_links":{"self":[{"href":"https:\/\/jornalfatosenoticias.com.br\/index.php\/wp-json\/wp\/v2\/posts\/61173","targetHints":{"allow":["GET"]}}],"collection":[{"href":"https:\/\/jornalfatosenoticias.com.br\/index.php\/wp-json\/wp\/v2\/posts"}],"about":[{"href":"https:\/\/jornalfatosenoticias.com.br\/index.php\/wp-json\/wp\/v2\/types\/post"}],"author":[{"embeddable":true,"href":"https:\/\/jornalfatosenoticias.com.br\/index.php\/wp-json\/wp\/v2\/users\/2"}],"replies":[{"embeddable":true,"href":"https:\/\/jornalfatosenoticias.com.br\/index.php\/wp-json\/wp\/v2\/comments?post=61173"}],"version-history":[{"count":0,"href":"https:\/\/jornalfatosenoticias.com.br\/index.php\/wp-json\/wp\/v2\/posts\/61173\/revisions"}],"wp:featuredmedia":[{"embeddable":true,"href":"https:\/\/jornalfatosenoticias.com.br\/index.php\/wp-json\/wp\/v2\/media\/61174"}],"wp:attachment":[{"href":"https:\/\/jornalfatosenoticias.com.br\/index.php\/wp-json\/wp\/v2\/media?parent=61173"}],"wp:term":[{"taxonomy":"category","embeddable":true,"href":"https:\/\/jornalfatosenoticias.com.br\/index.php\/wp-json\/wp\/v2\/categories?post=61173"},{"taxonomy":"post_tag","embeddable":true,"href":"https:\/\/jornalfatosenoticias.com.br\/index.php\/wp-json\/wp\/v2\/tags?post=61173"}],"curies":[{"name":"wp","href":"https:\/\/api.w.org\/{rel}","templated":true}]}}