{"id":61176,"date":"2025-08-12T09:36:18","date_gmt":"2025-08-12T12:36:18","guid":{"rendered":"https:\/\/jornalfatosenoticias.com.br\/?p=61176"},"modified":"2025-08-12T09:37:37","modified_gmt":"2025-08-12T12:37:37","slug":"maioria-ve-motivacao-politica-em-tarifaco-de-trump-mas-retaliacao-divide-brasileiros","status":"publish","type":"post","link":"https:\/\/jornalfatosenoticias.com.br\/index.php\/2025\/08\/12\/maioria-ve-motivacao-politica-em-tarifaco-de-trump-mas-retaliacao-divide-brasileiros\/","title":{"rendered":"Maioria v\u00ea motiva\u00e7\u00e3o pol\u00edtica em tarifa\u00e7o de Trump, mas retalia\u00e7\u00e3o divide brasileiros"},"content":{"rendered":"\n<p><em><span class=\"has-inline-color has-black-color\">Tarifa de Trump revela fiasco diplom\u00e1tico de Lula. Sem negocia\u00e7\u00e3o, o Brasil arrisca perdas econ\u00f4micas severas e isolamento internacional<\/span><\/em><\/p>\n\n\n\n<p><span class=\"has-inline-color has-black-color\">Por <strong><a href=\"https:\/\/www.gazetadopovo.com.br\/autor\/guilherme-grandi\/\">Guilherme Grandi<\/a><\/strong><\/span><\/p>\n\n\n\n<div class=\"wp-block-image\"><figure class=\"aligncenter size-large\"><a href=\"https:\/\/mizu.com.br\/\"><img loading=\"lazy\" decoding=\"async\" width=\"729\" height=\"90\" src=\"https:\/\/jornalfatosenoticias.com.br\/wp-content\/uploads\/2020\/02\/Logo_Mizu.png\" alt=\"\" class=\"wp-image-1441\" srcset=\"https:\/\/jornalfatosenoticias.com.br\/wp-content\/uploads\/2020\/02\/Logo_Mizu.png 729w, https:\/\/jornalfatosenoticias.com.br\/wp-content\/uploads\/2020\/02\/Logo_Mizu-300x37.png 300w\" sizes=\"auto, (max-width: 729px) 100vw, 729px\" \/><\/a><\/figure><\/div>\n\n\n\n<p>Uma pesquisa divulgada nesta ter\u00e7a (12) pelo instituto Ipsos-Ipec revela que a maioria dos entrevistados v\u00ea uma motiva\u00e7\u00e3o pol\u00edtica no <a href=\"https:\/\/www.gazetadopovo.com.br\/economia\/tarifaco-em-vigor-plano-contingencia-anunciado-quarta\/\" target=\"_blank\" rel=\"noreferrer noopener\">tarifa\u00e7o de 50% imposto pelo presidente Donald Trump<\/a>, dos Estados Unidos, aos produtos importados do Brasil. J\u00e1 a resposta que o pa\u00eds deve dar como retalia\u00e7\u00e3o divide as opini\u00f5es.<br>De acordo com o levantamento, 75% veem uma \u201cquest\u00e3o pol\u00edtica\u201d para a taxa\u00e7\u00e3o, 12% uma \u201cquest\u00e3o comercial\u201d e 5% ambas. Quando Trump anunciou o tarifa\u00e7o atrav\u00e9s de uma carta, no m\u00eas passado, justificou a medida tanto por algumas quest\u00f5es comerciais como, <a href=\"https:\/\/www.gazetadopovo.com.br\/mundo\/citando-acoes-contra-bolsonaro-trump-anuncia-tarifas-50-produtos-do-brasil\/\" target=\"_blank\" rel=\"noreferrer noopener\">principalmente, o julgamento do ex-presidente Jair Bolsonaro<\/a> (PL) no processo que apura uma suposta tentativa de golpe de Estado. Por outro lado, 8% dos entrevistados n\u00e3o souberam ou preferiram n\u00e3o responder.<\/p>\n\n\n\n<div class=\"wp-block-image\"><figure class=\"aligncenter size-large is-resized\"><a href=\"https:\/\/www.facebook.com\/profile.php?id=100069289606145\"><img loading=\"lazy\" decoding=\"async\" src=\"https:\/\/jornalfatosenoticias.com.br\/wp-content\/uploads\/2024\/11\/Guaitolini-Contabilidade-1024x714.jpeg\" alt=\"\" class=\"wp-image-55808\" width=\"349\" height=\"243\" srcset=\"https:\/\/jornalfatosenoticias.com.br\/wp-content\/uploads\/2024\/11\/Guaitolini-Contabilidade-1024x714.jpeg 1024w, https:\/\/jornalfatosenoticias.com.br\/wp-content\/uploads\/2024\/11\/Guaitolini-Contabilidade-300x209.jpeg 300w, https:\/\/jornalfatosenoticias.com.br\/wp-content\/uploads\/2024\/11\/Guaitolini-Contabilidade-768x535.jpeg 768w, https:\/\/jornalfatosenoticias.com.br\/wp-content\/uploads\/2024\/11\/Guaitolini-Contabilidade.jpeg 1280w\" sizes=\"auto, (max-width: 349px) 100vw, 349px\" \/><\/a><\/figure><\/div>\n\n\n\n<p>A constata\u00e7\u00e3o de que o tarifa\u00e7o de Trump ao Brasil tem motiva\u00e7\u00e3o pol\u00edtica \u00e9 un\u00e2nime tanto para os eleitores de Bolsonaro como entre os de\u00a0<a href=\"https:\/\/www.gazetadopovo.com.br\/tudo-sobre\/lula\/\" target=\"_blank\" rel=\"noreferrer noopener\">Luiz In\u00e1cio Lula da Silva<\/a> (PT), segundo o Ipsos-Ipec, com 73% e 79% das opini\u00f5es, respectivamente. Essa vis\u00e3o se intensifica entre os entrevistados na faixa dos 45 aos 59 anos (80%), e entre os que moram no Nordeste (77%). Nas demais regi\u00f5es, a percep\u00e7\u00e3o \u00e9 um pouco menor, alcan\u00e7ando 71% no Norte\/Centro-Oeste e 72% no Sul.<\/p>\n\n\n\n<div class=\"wp-block-image\"><figure class=\"aligncenter size-large is-resized\"><a href=\"https:\/\/www.controlsystems.com.br\/\"><img loading=\"lazy\" decoding=\"async\" src=\"https:\/\/jornalfatosenoticias.com.br\/wp-content\/uploads\/2020\/02\/CONTROL-CS.jpg\" alt=\"\" class=\"wp-image-44991\" width=\"313\" height=\"375\" srcset=\"https:\/\/jornalfatosenoticias.com.br\/wp-content\/uploads\/2020\/02\/CONTROL-CS.jpg 834w, https:\/\/jornalfatosenoticias.com.br\/wp-content\/uploads\/2020\/02\/CONTROL-CS-250x300.jpg 250w, https:\/\/jornalfatosenoticias.com.br\/wp-content\/uploads\/2020\/02\/CONTROL-CS-768x921.jpg 768w\" sizes=\"auto, (max-width: 313px) 100vw, 313px\" \/><\/a><\/figure><\/div>\n\n\n\n<p>Quando analisada a renda dos brasileiros, a percep\u00e7\u00e3o de uma motiva\u00e7\u00e3o pol\u00edtica \u00e0 taxa\u00e7\u00e3o \u00e9 maior entre os brasileiros que ganham at\u00e9 um sal\u00e1rio m\u00ednio, com 77% dos entrevistados, o mesmo para os de renda um pouco mais alta de dois a cinco sal\u00e1rios m\u00ednimos. Nos demais extratos, 76% dos que ganham de um a dois sal\u00e1rios e 70% para os de renda acima de cinco sal\u00e1rios. O Ipsos-Ipec ouviu duas mil pessoas entre os dias 1\u00ba e 5 de agosto em 132 cidades brasileiras. A margem de erro \u00e9 de dois pontos percentuais para mais ou para menos e o n\u00edvel de confian\u00e7a \u00e9 de 95%.<\/p>\n\n\n\n<div class=\"wp-block-image\"><figure class=\"aligncenter size-large is-resized\"><a href=\"https:\/\/www.instagram.com\/gruposei\/\"><img loading=\"lazy\" decoding=\"async\" src=\"https:\/\/jornalfatosenoticias.com.br\/wp-content\/uploads\/2022\/07\/Logo-Grupo-SEI.jpg\" alt=\"\" class=\"wp-image-31973\" width=\"406\" height=\"213\" srcset=\"https:\/\/jornalfatosenoticias.com.br\/wp-content\/uploads\/2022\/07\/Logo-Grupo-SEI.jpg 713w, https:\/\/jornalfatosenoticias.com.br\/wp-content\/uploads\/2022\/07\/Logo-Grupo-SEI-300x158.jpg 300w\" sizes=\"auto, (max-width: 406px) 100vw, 406px\" \/><\/a><\/figure><\/div>\n\n\n\n<p><strong><span class=\"has-inline-color has-black-color\">Retalia\u00e7\u00e3o aos EUA<br><\/span><\/strong>Se, por um lado, a maioria dos entrevistados v\u00ea uma motiva\u00e7\u00e3o pol\u00edtica para o tarifa\u00e7o, por outro a resposta brasileira aos Estados Unidos divide opini\u00f5es. A retalia\u00e7\u00e3o na mesma moeda, ou seja, com tarifas semelhantes, \u00e9 vista como op\u00e7\u00e3o por 33% dos ouvidos pelo Ipsos-Ipec, enquanto que 16% concordam em parte com essa medida. J\u00e1 outros 30% discordam totalmente em responder com uma retalia\u00e7\u00e3o semelhante, e 13% discordam em parte. Entre os que n\u00e3o souberam ou preferiram n\u00e3o responder s\u00e3o de 7%.<\/p>\n\n\n\n<div class=\"wp-block-image\"><figure class=\"aligncenter size-large is-resized\"><a href=\"https:\/\/www.instagram.com\/rcradiadores\/\"><img loading=\"lazy\" decoding=\"async\" src=\"https:\/\/jornalfatosenoticias.com.br\/wp-content\/uploads\/2022\/10\/RC_800x750_page-0001.jpg\" alt=\"\" class=\"wp-image-35338\" width=\"319\" height=\"299\" srcset=\"https:\/\/jornalfatosenoticias.com.br\/wp-content\/uploads\/2022\/10\/RC_800x750_page-0001.jpg 400w, https:\/\/jornalfatosenoticias.com.br\/wp-content\/uploads\/2022\/10\/RC_800x750_page-0001-300x281.jpg 300w\" sizes=\"auto, (max-width: 319px) 100vw, 319px\" \/><\/a><\/figure><\/div>\n\n\n\n<p>O instituto apontou que os eleitores de Lula s\u00e3o os mais favor\u00e1veis a uma resposta \u00e0 altura da medida de Trump (61%), moradores do Norte\/Centro-Oeste (58%), entre 16 e 24 anos (55%) e com renda familiar de um a dois sal\u00e1rios m\u00ednimos (50%). Os contr\u00e1rios \u00e0 retalia\u00e7\u00e3o na mesma moeda s\u00e3o maioria entre os eleitores de Bolsonaro (56%), moradores da regi\u00e3o Sul (52%), quem vive nas periferias (52%) e evang\u00e9licos (50%).<\/p>\n\n\n\n<div class=\"wp-block-image\"><figure class=\"aligncenter size-large is-resized\"><a href=\"https:\/\/www.instagram.com\/restaurantepegoretti\/\"><img loading=\"lazy\" decoding=\"async\" src=\"https:\/\/jornalfatosenoticias.com.br\/wp-content\/uploads\/2023\/12\/pegoretti-logo-pdf-1024x389.jpg\" alt=\"\" class=\"wp-image-47536\" width=\"506\" height=\"192\" srcset=\"https:\/\/jornalfatosenoticias.com.br\/wp-content\/uploads\/2023\/12\/pegoretti-logo-pdf-1024x389.jpg 1024w, https:\/\/jornalfatosenoticias.com.br\/wp-content\/uploads\/2023\/12\/pegoretti-logo-pdf-300x114.jpg 300w, https:\/\/jornalfatosenoticias.com.br\/wp-content\/uploads\/2023\/12\/pegoretti-logo-pdf-768x291.jpg 768w, https:\/\/jornalfatosenoticias.com.br\/wp-content\/uploads\/2023\/12\/pegoretti-logo-pdf.jpg 1120w\" sizes=\"auto, (max-width: 506px) 100vw, 506px\" \/><\/a><\/figure><\/div>\n\n\n\n<p><strong><span class=\"has-inline-color has-black-color\">Imagem dos EUA e novos parceiros<br><\/span><\/strong>O tarifa\u00e7o de Trump ao Brasil levou a um certo desgaste da imagem dos Estados Unidos pelos brasileiros, mas a sensa\u00e7\u00e3o de que permanece igual ao que era ainda \u00e9 maior. Segundo o Ipec-Ipsos, 38% mudaram para pior, 6% para melhor e 51% que segue igual. Outros 5% n\u00e3o souberam ou preferiram n\u00e3o responder.<br>Por outro lado, a maioria dos entrevistados (68%) acreditam que o Brasil deve priorizar acordos com outros parceiros comerciais, como a China e a Uni\u00e3o Europeia, enquanto que 25% s\u00e3o favor\u00e1veis que se mantenha uma rela\u00e7\u00e3o pr\u00f3xima com os Estados Unidos. <\/p>\n\n\n\n<div class=\"wp-block-image\"><figure class=\"aligncenter size-large\"><a href=\"http:\/\/www.ferrarimaquinas.com.br\/\"><img loading=\"lazy\" decoding=\"async\" width=\"300\" height=\"250\" src=\"https:\/\/jornalfatosenoticias.com.br\/wp-content\/uploads\/2022\/02\/FERRARI_MAQUINAS-E-FERRAMENTAS2.jpg\" alt=\"\" class=\"wp-image-27860\"\/><\/a><\/figure><\/div>\n\n\n\n<p>Outros 8% n\u00e3o souberam ou preferiram n\u00e3o responder. A taxa\u00e7\u00e3o imposta ao Brasil e a condu\u00e7\u00e3o dessa crise \u00e9 vista como um sinal de isolamento para uma parte consider\u00e1vel dos entrevistados (60%), enquanto que 32% discordam. Outros 8% tamb\u00e9m n\u00e3o souberam ou preferiram n\u00e3o responder.<\/p>\n\n\n\n<div class=\"wp-block-image\"><figure class=\"aligncenter size-large is-resized\"><a href=\"https:\/\/www.legisjuris.com.br\/\"><img loading=\"lazy\" decoding=\"async\" src=\"https:\/\/jornalfatosenoticias.com.br\/wp-content\/uploads\/2024\/09\/Legis-Juris-Consultoria_logo.jpg\" alt=\"\" class=\"wp-image-53915\" width=\"513\" height=\"215\" srcset=\"https:\/\/jornalfatosenoticias.com.br\/wp-content\/uploads\/2024\/09\/Legis-Juris-Consultoria_logo.jpg 969w, https:\/\/jornalfatosenoticias.com.br\/wp-content\/uploads\/2024\/09\/Legis-Juris-Consultoria_logo-300x126.jpg 300w, https:\/\/jornalfatosenoticias.com.br\/wp-content\/uploads\/2024\/09\/Legis-Juris-Consultoria_logo-768x322.jpg 768w\" sizes=\"auto, (max-width: 513px) 100vw, 513px\" \/><\/a><\/figure><\/div>\n\n\n\n<p><span class=\"has-inline-color has-black-color\">(<strong>Foto:<\/strong> Getty Images\/F\u00e1bio Rodrigues-Pozzebom\/Ag\u00eancia Brasil)<\/span><\/p>\n\n\n\n<p><strong>Fonte: <a href=\"https:\/\/www.gazetadopovo.com.br\/republica\/maioria-motivacao-politica-tarifaco-trump-retaliacao-divide-brasileiros\/\">Gazeta do Povo<\/a><\/strong><\/p>\n","protected":false},"excerpt":{"rendered":"<p>Tarifa de Trump revela fiasco diplom\u00e1tico de Lula. Sem negocia\u00e7\u00e3o, o Brasil arrisca perdas econ\u00f4micas severas e isolamento internacional Por Guilherme Grandi Uma pesquisa divulgada nesta ter\u00e7a (12) pelo instituto Ipsos-Ipec revela que a maioria dos entrevistados v\u00ea uma motiva\u00e7\u00e3o pol\u00edtica no tarifa\u00e7o de 50% imposto pelo presidente Donald Trump, dos Estados Unidos, aos produtos [&hellip;]<\/p>\n","protected":false},"author":2,"featured_media":61177,"comment_status":"open","ping_status":"open","sticky":false,"template":"","format":"standard","meta":{"footnotes":""},"categories":[5],"tags":[2147,159,13140,1795,7580,26602],"class_list":["post-61176","post","type-post","status-publish","format-standard","has-post-thumbnail","hentry","category-geral","tag-donald-trump","tag-eua","tag-ipec","tag-jair-bolsonaro","tag-lula","tag-tarifaco-de-trump"],"yoast_head":"<!-- This site is optimized with the Yoast SEO plugin v26.5 - https:\/\/yoast.com\/wordpress\/plugins\/seo\/ -->\n<title>Maioria v\u00ea motiva\u00e7\u00e3o pol\u00edtica em tarifa\u00e7o de Trump, mas retalia\u00e7\u00e3o divide brasileiros - Jornal Fatos e Not\u00edcias<\/title>\n<meta name=\"robots\" content=\"index, follow, max-snippet:-1, max-image-preview:large, max-video-preview:-1\" \/>\n<link rel=\"canonical\" href=\"https:\/\/jornalfatosenoticias.com.br\/index.php\/2025\/08\/12\/maioria-ve-motivacao-politica-em-tarifaco-de-trump-mas-retaliacao-divide-brasileiros\/\" \/>\n<meta property=\"og:locale\" content=\"pt_BR\" \/>\n<meta property=\"og:type\" content=\"article\" \/>\n<meta property=\"og:title\" content=\"Maioria v\u00ea motiva\u00e7\u00e3o pol\u00edtica em tarifa\u00e7o de Trump, mas retalia\u00e7\u00e3o divide brasileiros - Jornal Fatos e Not\u00edcias\" \/>\n<meta property=\"og:description\" content=\"Tarifa de Trump revela fiasco diplom\u00e1tico de Lula. Sem negocia\u00e7\u00e3o, o Brasil arrisca perdas econ\u00f4micas severas e isolamento internacional Por Guilherme Grandi Uma pesquisa divulgada nesta ter\u00e7a (12) pelo instituto Ipsos-Ipec revela que a maioria dos entrevistados v\u00ea uma motiva\u00e7\u00e3o pol\u00edtica no tarifa\u00e7o de 50% imposto pelo presidente Donald Trump, dos Estados Unidos, aos produtos [&hellip;]\" \/>\n<meta property=\"og:url\" content=\"https:\/\/jornalfatosenoticias.com.br\/index.php\/2025\/08\/12\/maioria-ve-motivacao-politica-em-tarifaco-de-trump-mas-retaliacao-divide-brasileiros\/\" \/>\n<meta property=\"og:site_name\" content=\"Jornal Fatos e Not\u00edcias\" \/>\n<meta property=\"article:published_time\" content=\"2025-08-12T12:36:18+00:00\" \/>\n<meta property=\"article:modified_time\" content=\"2025-08-12T12:37:37+00:00\" \/>\n<meta property=\"og:image\" content=\"https:\/\/jornalfatosenoticias.com.br\/wp-content\/uploads\/2025\/08\/trump-nine.jpg\" \/>\n\t<meta property=\"og:image:width\" content=\"1000\" \/>\n\t<meta property=\"og:image:height\" content=\"562\" \/>\n\t<meta property=\"og:image:type\" content=\"image\/jpeg\" \/>\n<meta name=\"author\" content=\"Luzimara Fernandes\" \/>\n<meta name=\"twitter:card\" content=\"summary_large_image\" \/>\n<meta name=\"twitter:label1\" content=\"Escrito por\" \/>\n\t<meta name=\"twitter:data1\" content=\"Luzimara Fernandes\" \/>\n\t<meta name=\"twitter:label2\" content=\"Est. tempo de leitura\" \/>\n\t<meta name=\"twitter:data2\" content=\"3 minutos\" \/>\n<script type=\"application\/ld+json\" class=\"yoast-schema-graph\">{\"@context\":\"https:\/\/schema.org\",\"@graph\":[{\"@type\":\"Article\",\"@id\":\"https:\/\/jornalfatosenoticias.com.br\/index.php\/2025\/08\/12\/maioria-ve-motivacao-politica-em-tarifaco-de-trump-mas-retaliacao-divide-brasileiros\/#article\",\"isPartOf\":{\"@id\":\"https:\/\/jornalfatosenoticias.com.br\/index.php\/2025\/08\/12\/maioria-ve-motivacao-politica-em-tarifaco-de-trump-mas-retaliacao-divide-brasileiros\/\"},\"author\":{\"name\":\"Luzimara Fernandes\",\"@id\":\"https:\/\/jornalfatosenoticias.com.br\/#\/schema\/person\/d63837fa13ac8666eb9e74e0985d6f81\"},\"headline\":\"Maioria v\u00ea motiva\u00e7\u00e3o pol\u00edtica em tarifa\u00e7o de Trump, mas retalia\u00e7\u00e3o divide brasileiros\",\"datePublished\":\"2025-08-12T12:36:18+00:00\",\"dateModified\":\"2025-08-12T12:37:37+00:00\",\"mainEntityOfPage\":{\"@id\":\"https:\/\/jornalfatosenoticias.com.br\/index.php\/2025\/08\/12\/maioria-ve-motivacao-politica-em-tarifaco-de-trump-mas-retaliacao-divide-brasileiros\/\"},\"wordCount\":687,\"commentCount\":0,\"publisher\":{\"@id\":\"https:\/\/jornalfatosenoticias.com.br\/#organization\"},\"image\":{\"@id\":\"https:\/\/jornalfatosenoticias.com.br\/index.php\/2025\/08\/12\/maioria-ve-motivacao-politica-em-tarifaco-de-trump-mas-retaliacao-divide-brasileiros\/#primaryimage\"},\"thumbnailUrl\":\"https:\/\/jornalfatosenoticias.com.br\/wp-content\/uploads\/2025\/08\/trump-nine.jpg\",\"keywords\":[\"Donald Trump\",\"EUA\",\"IPeC\",\"Jair Bolsonaro\",\"Lula\",\"tarifa\u00e7o de Trump\"],\"articleSection\":[\"Geral\"],\"inLanguage\":\"pt-BR\",\"potentialAction\":[{\"@type\":\"CommentAction\",\"name\":\"Comment\",\"target\":[\"https:\/\/jornalfatosenoticias.com.br\/index.php\/2025\/08\/12\/maioria-ve-motivacao-politica-em-tarifaco-de-trump-mas-retaliacao-divide-brasileiros\/#respond\"]}]},{\"@type\":\"WebPage\",\"@id\":\"https:\/\/jornalfatosenoticias.com.br\/index.php\/2025\/08\/12\/maioria-ve-motivacao-politica-em-tarifaco-de-trump-mas-retaliacao-divide-brasileiros\/\",\"url\":\"https:\/\/jornalfatosenoticias.com.br\/index.php\/2025\/08\/12\/maioria-ve-motivacao-politica-em-tarifaco-de-trump-mas-retaliacao-divide-brasileiros\/\",\"name\":\"Maioria v\u00ea motiva\u00e7\u00e3o pol\u00edtica em tarifa\u00e7o de Trump, mas retalia\u00e7\u00e3o divide brasileiros - Jornal Fatos e Not\u00edcias\",\"isPartOf\":{\"@id\":\"https:\/\/jornalfatosenoticias.com.br\/#website\"},\"primaryImageOfPage\":{\"@id\":\"https:\/\/jornalfatosenoticias.com.br\/index.php\/2025\/08\/12\/maioria-ve-motivacao-politica-em-tarifaco-de-trump-mas-retaliacao-divide-brasileiros\/#primaryimage\"},\"image\":{\"@id\":\"https:\/\/jornalfatosenoticias.com.br\/index.php\/2025\/08\/12\/maioria-ve-motivacao-politica-em-tarifaco-de-trump-mas-retaliacao-divide-brasileiros\/#primaryimage\"},\"thumbnailUrl\":\"https:\/\/jornalfatosenoticias.com.br\/wp-content\/uploads\/2025\/08\/trump-nine.jpg\",\"datePublished\":\"2025-08-12T12:36:18+00:00\",\"dateModified\":\"2025-08-12T12:37:37+00:00\",\"breadcrumb\":{\"@id\":\"https:\/\/jornalfatosenoticias.com.br\/index.php\/2025\/08\/12\/maioria-ve-motivacao-politica-em-tarifaco-de-trump-mas-retaliacao-divide-brasileiros\/#breadcrumb\"},\"inLanguage\":\"pt-BR\",\"potentialAction\":[{\"@type\":\"ReadAction\",\"target\":[\"https:\/\/jornalfatosenoticias.com.br\/index.php\/2025\/08\/12\/maioria-ve-motivacao-politica-em-tarifaco-de-trump-mas-retaliacao-divide-brasileiros\/\"]}]},{\"@type\":\"ImageObject\",\"inLanguage\":\"pt-BR\",\"@id\":\"https:\/\/jornalfatosenoticias.com.br\/index.php\/2025\/08\/12\/maioria-ve-motivacao-politica-em-tarifaco-de-trump-mas-retaliacao-divide-brasileiros\/#primaryimage\",\"url\":\"https:\/\/jornalfatosenoticias.com.br\/wp-content\/uploads\/2025\/08\/trump-nine.jpg\",\"contentUrl\":\"https:\/\/jornalfatosenoticias.com.br\/wp-content\/uploads\/2025\/08\/trump-nine.jpg\",\"width\":1000,\"height\":562},{\"@type\":\"BreadcrumbList\",\"@id\":\"https:\/\/jornalfatosenoticias.com.br\/index.php\/2025\/08\/12\/maioria-ve-motivacao-politica-em-tarifaco-de-trump-mas-retaliacao-divide-brasileiros\/#breadcrumb\",\"itemListElement\":[{\"@type\":\"ListItem\",\"position\":1,\"name\":\"In\u00edcio\",\"item\":\"https:\/\/jornalfatosenoticias.com.br\/\"},{\"@type\":\"ListItem\",\"position\":2,\"name\":\"Maioria v\u00ea motiva\u00e7\u00e3o pol\u00edtica em tarifa\u00e7o de Trump, mas retalia\u00e7\u00e3o divide brasileiros\"}]},{\"@type\":\"WebSite\",\"@id\":\"https:\/\/jornalfatosenoticias.com.br\/#website\",\"url\":\"https:\/\/jornalfatosenoticias.com.br\/\",\"name\":\"Jornal Fatos e Not\u00edcias\",\"description\":\"Not\u00edcias em geral\",\"publisher\":{\"@id\":\"https:\/\/jornalfatosenoticias.com.br\/#organization\"},\"potentialAction\":[{\"@type\":\"SearchAction\",\"target\":{\"@type\":\"EntryPoint\",\"urlTemplate\":\"https:\/\/jornalfatosenoticias.com.br\/?s={search_term_string}\"},\"query-input\":{\"@type\":\"PropertyValueSpecification\",\"valueRequired\":true,\"valueName\":\"search_term_string\"}}],\"inLanguage\":\"pt-BR\"},{\"@type\":\"Organization\",\"@id\":\"https:\/\/jornalfatosenoticias.com.br\/#organization\",\"name\":\"Jornal Fatos e Not\u00edcias\",\"url\":\"https:\/\/jornalfatosenoticias.com.br\/\",\"logo\":{\"@type\":\"ImageObject\",\"inLanguage\":\"pt-BR\",\"@id\":\"https:\/\/jornalfatosenoticias.com.br\/#\/schema\/logo\/image\/\",\"url\":\"https:\/\/jornalfatosenoticias.com.br\/wp-content\/uploads\/2020\/02\/logo120.png\",\"contentUrl\":\"https:\/\/jornalfatosenoticias.com.br\/wp-content\/uploads\/2020\/02\/logo120.png\",\"width\":1227,\"height\":120,\"caption\":\"Jornal Fatos e Not\u00edcias\"},\"image\":{\"@id\":\"https:\/\/jornalfatosenoticias.com.br\/#\/schema\/logo\/image\/\"}},{\"@type\":\"Person\",\"@id\":\"https:\/\/jornalfatosenoticias.com.br\/#\/schema\/person\/d63837fa13ac8666eb9e74e0985d6f81\",\"name\":\"Luzimara Fernandes\",\"image\":{\"@type\":\"ImageObject\",\"inLanguage\":\"pt-BR\",\"@id\":\"https:\/\/jornalfatosenoticias.com.br\/#\/schema\/person\/image\/\",\"url\":\"https:\/\/jornalfatosenoticias.com.br\/wp-content\/uploads\/2025\/05\/EU_portal.jpg\",\"contentUrl\":\"https:\/\/jornalfatosenoticias.com.br\/wp-content\/uploads\/2025\/05\/EU_portal.jpg\",\"caption\":\"Luzimara Fernandes\"},\"description\":\"Jornalista MTB 2358-ES\",\"sameAs\":[\"https:\/\/jornalfatosenoticias.com.br\"],\"url\":\"https:\/\/jornalfatosenoticias.com.br\/index.php\/author\/luzimara\/\"}]}<\/script>\n<!-- \/ Yoast SEO plugin. -->","yoast_head_json":{"title":"Maioria v\u00ea motiva\u00e7\u00e3o pol\u00edtica em tarifa\u00e7o de Trump, mas retalia\u00e7\u00e3o divide brasileiros - Jornal Fatos e Not\u00edcias","robots":{"index":"index","follow":"follow","max-snippet":"max-snippet:-1","max-image-preview":"max-image-preview:large","max-video-preview":"max-video-preview:-1"},"canonical":"https:\/\/jornalfatosenoticias.com.br\/index.php\/2025\/08\/12\/maioria-ve-motivacao-politica-em-tarifaco-de-trump-mas-retaliacao-divide-brasileiros\/","og_locale":"pt_BR","og_type":"article","og_title":"Maioria v\u00ea motiva\u00e7\u00e3o pol\u00edtica em tarifa\u00e7o de Trump, mas retalia\u00e7\u00e3o divide brasileiros - Jornal Fatos e Not\u00edcias","og_description":"Tarifa de Trump revela fiasco diplom\u00e1tico de Lula. Sem negocia\u00e7\u00e3o, o Brasil arrisca perdas econ\u00f4micas severas e isolamento internacional Por Guilherme Grandi Uma pesquisa divulgada nesta ter\u00e7a (12) pelo instituto Ipsos-Ipec revela que a maioria dos entrevistados v\u00ea uma motiva\u00e7\u00e3o pol\u00edtica no tarifa\u00e7o de 50% imposto pelo presidente Donald Trump, dos Estados Unidos, aos produtos [&hellip;]","og_url":"https:\/\/jornalfatosenoticias.com.br\/index.php\/2025\/08\/12\/maioria-ve-motivacao-politica-em-tarifaco-de-trump-mas-retaliacao-divide-brasileiros\/","og_site_name":"Jornal Fatos e Not\u00edcias","article_published_time":"2025-08-12T12:36:18+00:00","article_modified_time":"2025-08-12T12:37:37+00:00","og_image":[{"width":1000,"height":562,"url":"https:\/\/jornalfatosenoticias.com.br\/wp-content\/uploads\/2025\/08\/trump-nine.jpg","type":"image\/jpeg"}],"author":"Luzimara Fernandes","twitter_card":"summary_large_image","twitter_misc":{"Escrito por":"Luzimara Fernandes","Est. tempo de leitura":"3 minutos"},"schema":{"@context":"https:\/\/schema.org","@graph":[{"@type":"Article","@id":"https:\/\/jornalfatosenoticias.com.br\/index.php\/2025\/08\/12\/maioria-ve-motivacao-politica-em-tarifaco-de-trump-mas-retaliacao-divide-brasileiros\/#article","isPartOf":{"@id":"https:\/\/jornalfatosenoticias.com.br\/index.php\/2025\/08\/12\/maioria-ve-motivacao-politica-em-tarifaco-de-trump-mas-retaliacao-divide-brasileiros\/"},"author":{"name":"Luzimara Fernandes","@id":"https:\/\/jornalfatosenoticias.com.br\/#\/schema\/person\/d63837fa13ac8666eb9e74e0985d6f81"},"headline":"Maioria v\u00ea motiva\u00e7\u00e3o pol\u00edtica em tarifa\u00e7o de Trump, mas retalia\u00e7\u00e3o divide brasileiros","datePublished":"2025-08-12T12:36:18+00:00","dateModified":"2025-08-12T12:37:37+00:00","mainEntityOfPage":{"@id":"https:\/\/jornalfatosenoticias.com.br\/index.php\/2025\/08\/12\/maioria-ve-motivacao-politica-em-tarifaco-de-trump-mas-retaliacao-divide-brasileiros\/"},"wordCount":687,"commentCount":0,"publisher":{"@id":"https:\/\/jornalfatosenoticias.com.br\/#organization"},"image":{"@id":"https:\/\/jornalfatosenoticias.com.br\/index.php\/2025\/08\/12\/maioria-ve-motivacao-politica-em-tarifaco-de-trump-mas-retaliacao-divide-brasileiros\/#primaryimage"},"thumbnailUrl":"https:\/\/jornalfatosenoticias.com.br\/wp-content\/uploads\/2025\/08\/trump-nine.jpg","keywords":["Donald Trump","EUA","IPeC","Jair Bolsonaro","Lula","tarifa\u00e7o de Trump"],"articleSection":["Geral"],"inLanguage":"pt-BR","potentialAction":[{"@type":"CommentAction","name":"Comment","target":["https:\/\/jornalfatosenoticias.com.br\/index.php\/2025\/08\/12\/maioria-ve-motivacao-politica-em-tarifaco-de-trump-mas-retaliacao-divide-brasileiros\/#respond"]}]},{"@type":"WebPage","@id":"https:\/\/jornalfatosenoticias.com.br\/index.php\/2025\/08\/12\/maioria-ve-motivacao-politica-em-tarifaco-de-trump-mas-retaliacao-divide-brasileiros\/","url":"https:\/\/jornalfatosenoticias.com.br\/index.php\/2025\/08\/12\/maioria-ve-motivacao-politica-em-tarifaco-de-trump-mas-retaliacao-divide-brasileiros\/","name":"Maioria v\u00ea motiva\u00e7\u00e3o pol\u00edtica em tarifa\u00e7o de Trump, mas retalia\u00e7\u00e3o divide brasileiros - Jornal Fatos e Not\u00edcias","isPartOf":{"@id":"https:\/\/jornalfatosenoticias.com.br\/#website"},"primaryImageOfPage":{"@id":"https:\/\/jornalfatosenoticias.com.br\/index.php\/2025\/08\/12\/maioria-ve-motivacao-politica-em-tarifaco-de-trump-mas-retaliacao-divide-brasileiros\/#primaryimage"},"image":{"@id":"https:\/\/jornalfatosenoticias.com.br\/index.php\/2025\/08\/12\/maioria-ve-motivacao-politica-em-tarifaco-de-trump-mas-retaliacao-divide-brasileiros\/#primaryimage"},"thumbnailUrl":"https:\/\/jornalfatosenoticias.com.br\/wp-content\/uploads\/2025\/08\/trump-nine.jpg","datePublished":"2025-08-12T12:36:18+00:00","dateModified":"2025-08-12T12:37:37+00:00","breadcrumb":{"@id":"https:\/\/jornalfatosenoticias.com.br\/index.php\/2025\/08\/12\/maioria-ve-motivacao-politica-em-tarifaco-de-trump-mas-retaliacao-divide-brasileiros\/#breadcrumb"},"inLanguage":"pt-BR","potentialAction":[{"@type":"ReadAction","target":["https:\/\/jornalfatosenoticias.com.br\/index.php\/2025\/08\/12\/maioria-ve-motivacao-politica-em-tarifaco-de-trump-mas-retaliacao-divide-brasileiros\/"]}]},{"@type":"ImageObject","inLanguage":"pt-BR","@id":"https:\/\/jornalfatosenoticias.com.br\/index.php\/2025\/08\/12\/maioria-ve-motivacao-politica-em-tarifaco-de-trump-mas-retaliacao-divide-brasileiros\/#primaryimage","url":"https:\/\/jornalfatosenoticias.com.br\/wp-content\/uploads\/2025\/08\/trump-nine.jpg","contentUrl":"https:\/\/jornalfatosenoticias.com.br\/wp-content\/uploads\/2025\/08\/trump-nine.jpg","width":1000,"height":562},{"@type":"BreadcrumbList","@id":"https:\/\/jornalfatosenoticias.com.br\/index.php\/2025\/08\/12\/maioria-ve-motivacao-politica-em-tarifaco-de-trump-mas-retaliacao-divide-brasileiros\/#breadcrumb","itemListElement":[{"@type":"ListItem","position":1,"name":"In\u00edcio","item":"https:\/\/jornalfatosenoticias.com.br\/"},{"@type":"ListItem","position":2,"name":"Maioria v\u00ea motiva\u00e7\u00e3o pol\u00edtica em tarifa\u00e7o de Trump, mas retalia\u00e7\u00e3o divide brasileiros"}]},{"@type":"WebSite","@id":"https:\/\/jornalfatosenoticias.com.br\/#website","url":"https:\/\/jornalfatosenoticias.com.br\/","name":"Jornal Fatos e Not\u00edcias","description":"Not\u00edcias em geral","publisher":{"@id":"https:\/\/jornalfatosenoticias.com.br\/#organization"},"potentialAction":[{"@type":"SearchAction","target":{"@type":"EntryPoint","urlTemplate":"https:\/\/jornalfatosenoticias.com.br\/?s={search_term_string}"},"query-input":{"@type":"PropertyValueSpecification","valueRequired":true,"valueName":"search_term_string"}}],"inLanguage":"pt-BR"},{"@type":"Organization","@id":"https:\/\/jornalfatosenoticias.com.br\/#organization","name":"Jornal Fatos e Not\u00edcias","url":"https:\/\/jornalfatosenoticias.com.br\/","logo":{"@type":"ImageObject","inLanguage":"pt-BR","@id":"https:\/\/jornalfatosenoticias.com.br\/#\/schema\/logo\/image\/","url":"https:\/\/jornalfatosenoticias.com.br\/wp-content\/uploads\/2020\/02\/logo120.png","contentUrl":"https:\/\/jornalfatosenoticias.com.br\/wp-content\/uploads\/2020\/02\/logo120.png","width":1227,"height":120,"caption":"Jornal Fatos e Not\u00edcias"},"image":{"@id":"https:\/\/jornalfatosenoticias.com.br\/#\/schema\/logo\/image\/"}},{"@type":"Person","@id":"https:\/\/jornalfatosenoticias.com.br\/#\/schema\/person\/d63837fa13ac8666eb9e74e0985d6f81","name":"Luzimara Fernandes","image":{"@type":"ImageObject","inLanguage":"pt-BR","@id":"https:\/\/jornalfatosenoticias.com.br\/#\/schema\/person\/image\/","url":"https:\/\/jornalfatosenoticias.com.br\/wp-content\/uploads\/2025\/05\/EU_portal.jpg","contentUrl":"https:\/\/jornalfatosenoticias.com.br\/wp-content\/uploads\/2025\/05\/EU_portal.jpg","caption":"Luzimara Fernandes"},"description":"Jornalista MTB 2358-ES","sameAs":["https:\/\/jornalfatosenoticias.com.br"],"url":"https:\/\/jornalfatosenoticias.com.br\/index.php\/author\/luzimara\/"}]}},"cc_featured_image_caption":{"caption_text":"","source_text":"","source_url":""},"jetpack_featured_media_url":"https:\/\/jornalfatosenoticias.com.br\/wp-content\/uploads\/2025\/08\/trump-nine.jpg","_links":{"self":[{"href":"https:\/\/jornalfatosenoticias.com.br\/index.php\/wp-json\/wp\/v2\/posts\/61176","targetHints":{"allow":["GET"]}}],"collection":[{"href":"https:\/\/jornalfatosenoticias.com.br\/index.php\/wp-json\/wp\/v2\/posts"}],"about":[{"href":"https:\/\/jornalfatosenoticias.com.br\/index.php\/wp-json\/wp\/v2\/types\/post"}],"author":[{"embeddable":true,"href":"https:\/\/jornalfatosenoticias.com.br\/index.php\/wp-json\/wp\/v2\/users\/2"}],"replies":[{"embeddable":true,"href":"https:\/\/jornalfatosenoticias.com.br\/index.php\/wp-json\/wp\/v2\/comments?post=61176"}],"version-history":[{"count":0,"href":"https:\/\/jornalfatosenoticias.com.br\/index.php\/wp-json\/wp\/v2\/posts\/61176\/revisions"}],"wp:featuredmedia":[{"embeddable":true,"href":"https:\/\/jornalfatosenoticias.com.br\/index.php\/wp-json\/wp\/v2\/media\/61177"}],"wp:attachment":[{"href":"https:\/\/jornalfatosenoticias.com.br\/index.php\/wp-json\/wp\/v2\/media?parent=61176"}],"wp:term":[{"taxonomy":"category","embeddable":true,"href":"https:\/\/jornalfatosenoticias.com.br\/index.php\/wp-json\/wp\/v2\/categories?post=61176"},{"taxonomy":"post_tag","embeddable":true,"href":"https:\/\/jornalfatosenoticias.com.br\/index.php\/wp-json\/wp\/v2\/tags?post=61176"}],"curies":[{"name":"wp","href":"https:\/\/api.w.org\/{rel}","templated":true}]}}