{"id":61180,"date":"2025-08-12T09:55:49","date_gmt":"2025-08-12T12:55:49","guid":{"rendered":"https:\/\/jornalfatosenoticias.com.br\/?p=61180"},"modified":"2025-08-12T09:55:50","modified_gmt":"2025-08-12T12:55:50","slug":"eua-pedem-que-venezuelanos-sigam-lutando-contra-maduro-e-pela-liberdade","status":"publish","type":"post","link":"https:\/\/jornalfatosenoticias.com.br\/index.php\/2025\/08\/12\/eua-pedem-que-venezuelanos-sigam-lutando-contra-maduro-e-pela-liberdade\/","title":{"rendered":"EUA pedem que venezuelanos sigam lutando contra Maduro e pela liberdade"},"content":{"rendered":"\n<p><em><span class=\"has-inline-color has-black-color\">Vice-secret\u00e1rio de Estado dos EUA, Christopher Landau<\/span><\/em><\/p>\n\n\n\n<p><span class=\"has-inline-color has-black-color\">Por <strong><a href=\"https:\/\/www.gazetadopovo.com.br\/autor\/john-lucas\/\">John Lucas<\/a><\/strong><\/span><\/p>\n\n\n\n<div class=\"wp-block-image\"><figure class=\"aligncenter size-large is-resized\"><a href=\"https:\/\/www.facebook.com\/vetor.vix\/\"><img loading=\"lazy\" decoding=\"async\" src=\"https:\/\/jornalfatosenoticias.com.br\/wp-content\/uploads\/2023\/09\/vetorvix1024_1.jpg\" alt=\"\" class=\"wp-image-44868\" width=\"550\" height=\"146\" srcset=\"https:\/\/jornalfatosenoticias.com.br\/wp-content\/uploads\/2023\/09\/vetorvix1024_1.jpg 1024w, https:\/\/jornalfatosenoticias.com.br\/wp-content\/uploads\/2023\/09\/vetorvix1024_1-300x80.jpg 300w, https:\/\/jornalfatosenoticias.com.br\/wp-content\/uploads\/2023\/09\/vetorvix1024_1-768x205.jpg 768w\" sizes=\"auto, (max-width: 550px) 100vw, 550px\" \/><\/a><\/figure><\/div>\n\n\n\n<p>O vice-secret\u00e1rio de Estado dos Estados Unidos, Christopher Landau, afirmou nesta segunda-feira (11), no podcast <em>Triggered,<\/em> apresentado por Donald Trump Jr., filho do presidente Donald Trump, que \u201co povo venezuelano deve levantar-se e reivindicar sua liberdade\u201d e anunciou que Washington prepara novas medidas para aumentar a press\u00e3o sobre o regime de Nicol\u00e1s Maduro.<br>Segundo Landau, a pol\u00edtica americana continuar\u00e1 a apoiar grupos democr\u00e1ticos no pa\u00eds, mas sem assumir o papel de substituir a a\u00e7\u00e3o popular.<\/p>\n\n\n\n<div class=\"wp-block-image\"><figure class=\"aligncenter size-large\"><a href=\"https:\/\/www.cesconetto.com.br\/\"><img loading=\"lazy\" decoding=\"async\" width=\"300\" height=\"250\" src=\"https:\/\/jornalfatosenoticias.com.br\/wp-content\/uploads\/2020\/02\/Banner-2.png\" alt=\"\" class=\"wp-image-43787\"\/><\/a><\/figure><\/div>\n\n\n\n<blockquote class=\"wp-block-quote is-layout-flow wp-block-quote-is-layout-flow\"><p><span class=\"has-inline-color has-luminous-vivid-orange-color\">N\u00e3o podemos ir pelo mundo mudando governos como bem entendemos\u201d, disse o vice-secret\u00e1rio, destacando que a experi\u00eancia no Iraque e no Afeganist\u00e3o demonstrou o risco de interven\u00e7\u00f5es externas dos EUA para provocar mudan\u00e7as de regime.<\/span><\/p><\/blockquote>\n\n\n\n<div class=\"wp-block-image\"><figure class=\"aligncenter size-large is-resized\"><a href=\"https:\/\/www.instagram.com\/restaurantepegoretti\/\"><img loading=\"lazy\" decoding=\"async\" src=\"https:\/\/jornalfatosenoticias.com.br\/wp-content\/uploads\/2023\/12\/pegoretti-logo-pdf-1024x389.jpg\" alt=\"\" class=\"wp-image-47536\" width=\"490\" height=\"186\" srcset=\"https:\/\/jornalfatosenoticias.com.br\/wp-content\/uploads\/2023\/12\/pegoretti-logo-pdf-1024x389.jpg 1024w, https:\/\/jornalfatosenoticias.com.br\/wp-content\/uploads\/2023\/12\/pegoretti-logo-pdf-300x114.jpg 300w, https:\/\/jornalfatosenoticias.com.br\/wp-content\/uploads\/2023\/12\/pegoretti-logo-pdf-768x291.jpg 768w, https:\/\/jornalfatosenoticias.com.br\/wp-content\/uploads\/2023\/12\/pegoretti-logo-pdf.jpg 1120w\" sizes=\"auto, (max-width: 490px) 100vw, 490px\" \/><\/a><\/figure><\/div>\n\n\n\n<p>Landau criticou a perman\u00eancia de Maduro no poder ap\u00f3s as elei\u00e7\u00f5es de 2024, nas quais, segundo ele, Mar\u00eda Corina Machado e Edmundo Gonz\u00e1lez Urrutia, da plataforma opositora, venceram de forma \u201cesmagadora\u201d.<\/p>\n\n\n\n<div class=\"wp-block-image\"><figure class=\"aligncenter size-large is-resized\"><a href=\"https:\/\/www.instagram.com\/esteio.churrascaria\/\"><img loading=\"lazy\" decoding=\"async\" src=\"https:\/\/jornalfatosenoticias.com.br\/wp-content\/uploads\/2022\/02\/LOGO-ESTEIO-1024x730.png\" alt=\"\" class=\"wp-image-27942\" width=\"349\" height=\"249\" srcset=\"https:\/\/jornalfatosenoticias.com.br\/wp-content\/uploads\/2022\/02\/LOGO-ESTEIO-1024x730.png 1024w, https:\/\/jornalfatosenoticias.com.br\/wp-content\/uploads\/2022\/02\/LOGO-ESTEIO-300x214.png 300w, https:\/\/jornalfatosenoticias.com.br\/wp-content\/uploads\/2022\/02\/LOGO-ESTEIO-768x548.png 768w, https:\/\/jornalfatosenoticias.com.br\/wp-content\/uploads\/2022\/02\/LOGO-ESTEIO.png 1123w\" sizes=\"auto, (max-width: 349px) 100vw, 349px\" \/><\/a><\/figure><\/div>\n\n\n\n<blockquote class=\"wp-block-quote is-layout-flow wp-block-quote-is-layout-flow\"><p><span class=\"has-inline-color has-luminous-vivid-orange-color\">O pa\u00eds votou massivamente por Edmundo Gonz\u00e1lez Urrutia e Mar\u00eda Corina Machado no ano passado. Enquanto Maduro e seu c\u00edrculo mantiverem o controle, o pa\u00eds seguir\u00e1 sob o dom\u00ednio de um regime criminoso\u201d, declarou.<\/span><\/p><\/blockquote>\n\n\n\n<div class=\"wp-block-image\"><figure class=\"aligncenter size-large is-resized\"><a href=\"https:\/\/www.instagram.com\/gruposei\/\"><img loading=\"lazy\" decoding=\"async\" src=\"https:\/\/jornalfatosenoticias.com.br\/wp-content\/uploads\/2022\/07\/Logo-Grupo-SEI.jpg\" alt=\"\" class=\"wp-image-31973\" width=\"359\" height=\"188\" srcset=\"https:\/\/jornalfatosenoticias.com.br\/wp-content\/uploads\/2022\/07\/Logo-Grupo-SEI.jpg 713w, https:\/\/jornalfatosenoticias.com.br\/wp-content\/uploads\/2022\/07\/Logo-Grupo-SEI-300x158.jpg 300w\" sizes=\"auto, (max-width: 359px) 100vw, 359px\" \/><\/a><\/figure><\/div>\n\n\n\n<p>Para o diplomata, esse cen\u00e1rio ajuda a agravar ainda mais o \u00eaxodo de milh\u00f5es de venezuelanos \u2014 mais de sete milh\u00f5es na \u00faltima d\u00e9cada \u2014 gerando instabilidade em todo o continente americano. Entre as medidas de press\u00e3o em curso atualmente contra Maduro, ele citou a eleva\u00e7\u00e3o para US$ 50 milh\u00f5es da recompensa por informa\u00e7\u00f5es que levem \u00e0 captura ou condena\u00e7\u00e3o do ditador venezuelano \u2014 \u201co dobro do que foi oferecido por Osama bin Laden\u201d \u2014 e a classifica\u00e7\u00e3o do n\u00facleo do regime chavista como organiza\u00e7\u00e3o terrorista estrangeira.<\/p>\n\n\n\n<div class=\"wp-block-image\"><figure class=\"aligncenter size-large is-resized\"><a href=\"https:\/\/www.instagram.com\/serra4x4cambioautomatico\/\"><img loading=\"lazy\" decoding=\"async\" src=\"https:\/\/jornalfatosenoticias.com.br\/wp-content\/uploads\/2024\/08\/Serra-4x4-1-886x1024.jpg\" alt=\"\" class=\"wp-image-53632\" width=\"263\" height=\"304\" srcset=\"https:\/\/jornalfatosenoticias.com.br\/wp-content\/uploads\/2024\/08\/Serra-4x4-1-886x1024.jpg 886w, https:\/\/jornalfatosenoticias.com.br\/wp-content\/uploads\/2024\/08\/Serra-4x4-1-260x300.jpg 260w, https:\/\/jornalfatosenoticias.com.br\/wp-content\/uploads\/2024\/08\/Serra-4x4-1-768x888.jpg 768w, https:\/\/jornalfatosenoticias.com.br\/wp-content\/uploads\/2024\/08\/Serra-4x4-1.jpg 1181w\" sizes=\"auto, (max-width: 263px) 100vw, 263px\" \/><\/a><\/figure><\/div>\n\n\n\n<p><strong>Fonte: <a href=\"https:\/\/www.gazetadopovo.com.br\/mundo\/eua-pedem-que-venezuelanos-sigam-lutando-contra-maduro-e-pela-liberdade\/\">Gazeta do Povo<\/a><\/strong><\/p>\n","protected":false},"excerpt":{"rendered":"<p>Vice-secret\u00e1rio de Estado dos EUA, Christopher Landau Por John Lucas O vice-secret\u00e1rio de Estado dos Estados Unidos, Christopher Landau, afirmou nesta segunda-feira (11), no podcast Triggered, apresentado por Donald Trump Jr., filho do presidente Donald Trump, que \u201co povo venezuelano deve levantar-se e reivindicar sua liberdade\u201d e anunciou que Washington prepara novas medidas para aumentar [&hellip;]<\/p>\n","protected":false},"author":2,"featured_media":61181,"comment_status":"open","ping_status":"open","sticky":false,"template":"","format":"standard","meta":{"footnotes":""},"categories":[41],"tags":[27864,16509,1751,19097,8605],"class_list":["post-61180","post","type-post","status-publish","format-standard","has-post-thumbnail","hentry","category-internacional","tag-christopher-landau","tag-ditador","tag-estados-unidos","tag-nicolas-maduro","tag-venezuela"],"yoast_head":"<!-- This site is optimized with the Yoast SEO plugin v26.5 - https:\/\/yoast.com\/wordpress\/plugins\/seo\/ -->\n<title>EUA pedem que venezuelanos sigam lutando contra Maduro e pela liberdade - Jornal Fatos e Not\u00edcias<\/title>\n<meta name=\"robots\" content=\"index, follow, max-snippet:-1, max-image-preview:large, max-video-preview:-1\" \/>\n<link rel=\"canonical\" href=\"https:\/\/jornalfatosenoticias.com.br\/index.php\/2025\/08\/12\/eua-pedem-que-venezuelanos-sigam-lutando-contra-maduro-e-pela-liberdade\/\" \/>\n<meta property=\"og:locale\" content=\"pt_BR\" \/>\n<meta property=\"og:type\" content=\"article\" \/>\n<meta property=\"og:title\" content=\"EUA pedem que venezuelanos sigam lutando contra Maduro e pela liberdade - Jornal Fatos e Not\u00edcias\" \/>\n<meta property=\"og:description\" content=\"Vice-secret\u00e1rio de Estado dos EUA, Christopher Landau Por John Lucas O vice-secret\u00e1rio de Estado dos Estados Unidos, Christopher Landau, afirmou nesta segunda-feira (11), no podcast Triggered, apresentado por Donald Trump Jr., filho do presidente Donald Trump, que \u201co povo venezuelano deve levantar-se e reivindicar sua liberdade\u201d e anunciou que Washington prepara novas medidas para aumentar [&hellip;]\" \/>\n<meta property=\"og:url\" content=\"https:\/\/jornalfatosenoticias.com.br\/index.php\/2025\/08\/12\/eua-pedem-que-venezuelanos-sigam-lutando-contra-maduro-e-pela-liberdade\/\" \/>\n<meta property=\"og:site_name\" content=\"Jornal Fatos e Not\u00edcias\" \/>\n<meta property=\"article:published_time\" content=\"2025-08-12T12:55:49+00:00\" \/>\n<meta property=\"article:modified_time\" content=\"2025-08-12T12:55:50+00:00\" \/>\n<meta property=\"og:image\" content=\"https:\/\/jornalfatosenoticias.com.br\/wp-content\/uploads\/2025\/08\/Vice-secretario-de-Estado-dos-EUA-Christopher-Landau_gettyimages.jpg\" \/>\n\t<meta property=\"og:image:width\" content=\"612\" \/>\n\t<meta property=\"og:image:height\" content=\"408\" \/>\n\t<meta property=\"og:image:type\" content=\"image\/jpeg\" \/>\n<meta name=\"author\" content=\"Luzimara Fernandes\" \/>\n<meta name=\"twitter:card\" content=\"summary_large_image\" \/>\n<meta name=\"twitter:label1\" content=\"Escrito por\" \/>\n\t<meta name=\"twitter:data1\" content=\"Luzimara Fernandes\" \/>\n\t<meta name=\"twitter:label2\" content=\"Est. tempo de leitura\" \/>\n\t<meta name=\"twitter:data2\" content=\"2 minutos\" \/>\n<script type=\"application\/ld+json\" class=\"yoast-schema-graph\">{\"@context\":\"https:\/\/schema.org\",\"@graph\":[{\"@type\":\"Article\",\"@id\":\"https:\/\/jornalfatosenoticias.com.br\/index.php\/2025\/08\/12\/eua-pedem-que-venezuelanos-sigam-lutando-contra-maduro-e-pela-liberdade\/#article\",\"isPartOf\":{\"@id\":\"https:\/\/jornalfatosenoticias.com.br\/index.php\/2025\/08\/12\/eua-pedem-que-venezuelanos-sigam-lutando-contra-maduro-e-pela-liberdade\/\"},\"author\":{\"name\":\"Luzimara Fernandes\",\"@id\":\"https:\/\/jornalfatosenoticias.com.br\/#\/schema\/person\/d63837fa13ac8666eb9e74e0985d6f81\"},\"headline\":\"EUA pedem que venezuelanos sigam lutando contra Maduro e pela liberdade\",\"datePublished\":\"2025-08-12T12:55:49+00:00\",\"dateModified\":\"2025-08-12T12:55:50+00:00\",\"mainEntityOfPage\":{\"@id\":\"https:\/\/jornalfatosenoticias.com.br\/index.php\/2025\/08\/12\/eua-pedem-que-venezuelanos-sigam-lutando-contra-maduro-e-pela-liberdade\/\"},\"wordCount\":316,\"commentCount\":0,\"publisher\":{\"@id\":\"https:\/\/jornalfatosenoticias.com.br\/#organization\"},\"image\":{\"@id\":\"https:\/\/jornalfatosenoticias.com.br\/index.php\/2025\/08\/12\/eua-pedem-que-venezuelanos-sigam-lutando-contra-maduro-e-pela-liberdade\/#primaryimage\"},\"thumbnailUrl\":\"https:\/\/jornalfatosenoticias.com.br\/wp-content\/uploads\/2025\/08\/Vice-secretario-de-Estado-dos-EUA-Christopher-Landau_gettyimages.jpg\",\"keywords\":[\"Christopher Landau\",\"ditador\",\"Estados Unidos\",\"Nicol\u00e1s Maduro\",\"Venezuela\"],\"articleSection\":[\"Internacional\"],\"inLanguage\":\"pt-BR\",\"potentialAction\":[{\"@type\":\"CommentAction\",\"name\":\"Comment\",\"target\":[\"https:\/\/jornalfatosenoticias.com.br\/index.php\/2025\/08\/12\/eua-pedem-que-venezuelanos-sigam-lutando-contra-maduro-e-pela-liberdade\/#respond\"]}]},{\"@type\":\"WebPage\",\"@id\":\"https:\/\/jornalfatosenoticias.com.br\/index.php\/2025\/08\/12\/eua-pedem-que-venezuelanos-sigam-lutando-contra-maduro-e-pela-liberdade\/\",\"url\":\"https:\/\/jornalfatosenoticias.com.br\/index.php\/2025\/08\/12\/eua-pedem-que-venezuelanos-sigam-lutando-contra-maduro-e-pela-liberdade\/\",\"name\":\"EUA pedem que venezuelanos sigam lutando contra Maduro e pela liberdade - Jornal Fatos e Not\u00edcias\",\"isPartOf\":{\"@id\":\"https:\/\/jornalfatosenoticias.com.br\/#website\"},\"primaryImageOfPage\":{\"@id\":\"https:\/\/jornalfatosenoticias.com.br\/index.php\/2025\/08\/12\/eua-pedem-que-venezuelanos-sigam-lutando-contra-maduro-e-pela-liberdade\/#primaryimage\"},\"image\":{\"@id\":\"https:\/\/jornalfatosenoticias.com.br\/index.php\/2025\/08\/12\/eua-pedem-que-venezuelanos-sigam-lutando-contra-maduro-e-pela-liberdade\/#primaryimage\"},\"thumbnailUrl\":\"https:\/\/jornalfatosenoticias.com.br\/wp-content\/uploads\/2025\/08\/Vice-secretario-de-Estado-dos-EUA-Christopher-Landau_gettyimages.jpg\",\"datePublished\":\"2025-08-12T12:55:49+00:00\",\"dateModified\":\"2025-08-12T12:55:50+00:00\",\"breadcrumb\":{\"@id\":\"https:\/\/jornalfatosenoticias.com.br\/index.php\/2025\/08\/12\/eua-pedem-que-venezuelanos-sigam-lutando-contra-maduro-e-pela-liberdade\/#breadcrumb\"},\"inLanguage\":\"pt-BR\",\"potentialAction\":[{\"@type\":\"ReadAction\",\"target\":[\"https:\/\/jornalfatosenoticias.com.br\/index.php\/2025\/08\/12\/eua-pedem-que-venezuelanos-sigam-lutando-contra-maduro-e-pela-liberdade\/\"]}]},{\"@type\":\"ImageObject\",\"inLanguage\":\"pt-BR\",\"@id\":\"https:\/\/jornalfatosenoticias.com.br\/index.php\/2025\/08\/12\/eua-pedem-que-venezuelanos-sigam-lutando-contra-maduro-e-pela-liberdade\/#primaryimage\",\"url\":\"https:\/\/jornalfatosenoticias.com.br\/wp-content\/uploads\/2025\/08\/Vice-secretario-de-Estado-dos-EUA-Christopher-Landau_gettyimages.jpg\",\"contentUrl\":\"https:\/\/jornalfatosenoticias.com.br\/wp-content\/uploads\/2025\/08\/Vice-secretario-de-Estado-dos-EUA-Christopher-Landau_gettyimages.jpg\",\"width\":612,\"height\":408,\"caption\":\"Christopher Landau testifies at a US Senate Foreign Relations Committee hearing on his nomination to be deputy secretary of state, on Capitol Hill in Washington, DC, March 4, 2025. (Photo by ALLISON ROBBERT \/ AFP) (Photo by ALLISON ROBBERT\/AFP via Getty Images)\"},{\"@type\":\"BreadcrumbList\",\"@id\":\"https:\/\/jornalfatosenoticias.com.br\/index.php\/2025\/08\/12\/eua-pedem-que-venezuelanos-sigam-lutando-contra-maduro-e-pela-liberdade\/#breadcrumb\",\"itemListElement\":[{\"@type\":\"ListItem\",\"position\":1,\"name\":\"In\u00edcio\",\"item\":\"https:\/\/jornalfatosenoticias.com.br\/\"},{\"@type\":\"ListItem\",\"position\":2,\"name\":\"EUA pedem que venezuelanos sigam lutando contra Maduro e pela liberdade\"}]},{\"@type\":\"WebSite\",\"@id\":\"https:\/\/jornalfatosenoticias.com.br\/#website\",\"url\":\"https:\/\/jornalfatosenoticias.com.br\/\",\"name\":\"Jornal Fatos e Not\u00edcias\",\"description\":\"Not\u00edcias em geral\",\"publisher\":{\"@id\":\"https:\/\/jornalfatosenoticias.com.br\/#organization\"},\"potentialAction\":[{\"@type\":\"SearchAction\",\"target\":{\"@type\":\"EntryPoint\",\"urlTemplate\":\"https:\/\/jornalfatosenoticias.com.br\/?s={search_term_string}\"},\"query-input\":{\"@type\":\"PropertyValueSpecification\",\"valueRequired\":true,\"valueName\":\"search_term_string\"}}],\"inLanguage\":\"pt-BR\"},{\"@type\":\"Organization\",\"@id\":\"https:\/\/jornalfatosenoticias.com.br\/#organization\",\"name\":\"Jornal Fatos e Not\u00edcias\",\"url\":\"https:\/\/jornalfatosenoticias.com.br\/\",\"logo\":{\"@type\":\"ImageObject\",\"inLanguage\":\"pt-BR\",\"@id\":\"https:\/\/jornalfatosenoticias.com.br\/#\/schema\/logo\/image\/\",\"url\":\"https:\/\/jornalfatosenoticias.com.br\/wp-content\/uploads\/2020\/02\/logo120.png\",\"contentUrl\":\"https:\/\/jornalfatosenoticias.com.br\/wp-content\/uploads\/2020\/02\/logo120.png\",\"width\":1227,\"height\":120,\"caption\":\"Jornal Fatos e Not\u00edcias\"},\"image\":{\"@id\":\"https:\/\/jornalfatosenoticias.com.br\/#\/schema\/logo\/image\/\"}},{\"@type\":\"Person\",\"@id\":\"https:\/\/jornalfatosenoticias.com.br\/#\/schema\/person\/d63837fa13ac8666eb9e74e0985d6f81\",\"name\":\"Luzimara Fernandes\",\"image\":{\"@type\":\"ImageObject\",\"inLanguage\":\"pt-BR\",\"@id\":\"https:\/\/jornalfatosenoticias.com.br\/#\/schema\/person\/image\/\",\"url\":\"https:\/\/jornalfatosenoticias.com.br\/wp-content\/uploads\/2025\/05\/EU_portal.jpg\",\"contentUrl\":\"https:\/\/jornalfatosenoticias.com.br\/wp-content\/uploads\/2025\/05\/EU_portal.jpg\",\"caption\":\"Luzimara Fernandes\"},\"description\":\"Jornalista MTB 2358-ES\",\"sameAs\":[\"https:\/\/jornalfatosenoticias.com.br\"],\"url\":\"https:\/\/jornalfatosenoticias.com.br\/index.php\/author\/luzimara\/\"}]}<\/script>\n<!-- \/ Yoast SEO plugin. -->","yoast_head_json":{"title":"EUA pedem que venezuelanos sigam lutando contra Maduro e pela liberdade - Jornal Fatos e Not\u00edcias","robots":{"index":"index","follow":"follow","max-snippet":"max-snippet:-1","max-image-preview":"max-image-preview:large","max-video-preview":"max-video-preview:-1"},"canonical":"https:\/\/jornalfatosenoticias.com.br\/index.php\/2025\/08\/12\/eua-pedem-que-venezuelanos-sigam-lutando-contra-maduro-e-pela-liberdade\/","og_locale":"pt_BR","og_type":"article","og_title":"EUA pedem que venezuelanos sigam lutando contra Maduro e pela liberdade - Jornal Fatos e Not\u00edcias","og_description":"Vice-secret\u00e1rio de Estado dos EUA, Christopher Landau Por John Lucas O vice-secret\u00e1rio de Estado dos Estados Unidos, Christopher Landau, afirmou nesta segunda-feira (11), no podcast Triggered, apresentado por Donald Trump Jr., filho do presidente Donald Trump, que \u201co povo venezuelano deve levantar-se e reivindicar sua liberdade\u201d e anunciou que Washington prepara novas medidas para aumentar [&hellip;]","og_url":"https:\/\/jornalfatosenoticias.com.br\/index.php\/2025\/08\/12\/eua-pedem-que-venezuelanos-sigam-lutando-contra-maduro-e-pela-liberdade\/","og_site_name":"Jornal Fatos e Not\u00edcias","article_published_time":"2025-08-12T12:55:49+00:00","article_modified_time":"2025-08-12T12:55:50+00:00","og_image":[{"width":612,"height":408,"url":"https:\/\/jornalfatosenoticias.com.br\/wp-content\/uploads\/2025\/08\/Vice-secretario-de-Estado-dos-EUA-Christopher-Landau_gettyimages.jpg","type":"image\/jpeg"}],"author":"Luzimara Fernandes","twitter_card":"summary_large_image","twitter_misc":{"Escrito por":"Luzimara Fernandes","Est. tempo de leitura":"2 minutos"},"schema":{"@context":"https:\/\/schema.org","@graph":[{"@type":"Article","@id":"https:\/\/jornalfatosenoticias.com.br\/index.php\/2025\/08\/12\/eua-pedem-que-venezuelanos-sigam-lutando-contra-maduro-e-pela-liberdade\/#article","isPartOf":{"@id":"https:\/\/jornalfatosenoticias.com.br\/index.php\/2025\/08\/12\/eua-pedem-que-venezuelanos-sigam-lutando-contra-maduro-e-pela-liberdade\/"},"author":{"name":"Luzimara Fernandes","@id":"https:\/\/jornalfatosenoticias.com.br\/#\/schema\/person\/d63837fa13ac8666eb9e74e0985d6f81"},"headline":"EUA pedem que venezuelanos sigam lutando contra Maduro e pela liberdade","datePublished":"2025-08-12T12:55:49+00:00","dateModified":"2025-08-12T12:55:50+00:00","mainEntityOfPage":{"@id":"https:\/\/jornalfatosenoticias.com.br\/index.php\/2025\/08\/12\/eua-pedem-que-venezuelanos-sigam-lutando-contra-maduro-e-pela-liberdade\/"},"wordCount":316,"commentCount":0,"publisher":{"@id":"https:\/\/jornalfatosenoticias.com.br\/#organization"},"image":{"@id":"https:\/\/jornalfatosenoticias.com.br\/index.php\/2025\/08\/12\/eua-pedem-que-venezuelanos-sigam-lutando-contra-maduro-e-pela-liberdade\/#primaryimage"},"thumbnailUrl":"https:\/\/jornalfatosenoticias.com.br\/wp-content\/uploads\/2025\/08\/Vice-secretario-de-Estado-dos-EUA-Christopher-Landau_gettyimages.jpg","keywords":["Christopher Landau","ditador","Estados Unidos","Nicol\u00e1s Maduro","Venezuela"],"articleSection":["Internacional"],"inLanguage":"pt-BR","potentialAction":[{"@type":"CommentAction","name":"Comment","target":["https:\/\/jornalfatosenoticias.com.br\/index.php\/2025\/08\/12\/eua-pedem-que-venezuelanos-sigam-lutando-contra-maduro-e-pela-liberdade\/#respond"]}]},{"@type":"WebPage","@id":"https:\/\/jornalfatosenoticias.com.br\/index.php\/2025\/08\/12\/eua-pedem-que-venezuelanos-sigam-lutando-contra-maduro-e-pela-liberdade\/","url":"https:\/\/jornalfatosenoticias.com.br\/index.php\/2025\/08\/12\/eua-pedem-que-venezuelanos-sigam-lutando-contra-maduro-e-pela-liberdade\/","name":"EUA pedem que venezuelanos sigam lutando contra Maduro e pela liberdade - Jornal Fatos e Not\u00edcias","isPartOf":{"@id":"https:\/\/jornalfatosenoticias.com.br\/#website"},"primaryImageOfPage":{"@id":"https:\/\/jornalfatosenoticias.com.br\/index.php\/2025\/08\/12\/eua-pedem-que-venezuelanos-sigam-lutando-contra-maduro-e-pela-liberdade\/#primaryimage"},"image":{"@id":"https:\/\/jornalfatosenoticias.com.br\/index.php\/2025\/08\/12\/eua-pedem-que-venezuelanos-sigam-lutando-contra-maduro-e-pela-liberdade\/#primaryimage"},"thumbnailUrl":"https:\/\/jornalfatosenoticias.com.br\/wp-content\/uploads\/2025\/08\/Vice-secretario-de-Estado-dos-EUA-Christopher-Landau_gettyimages.jpg","datePublished":"2025-08-12T12:55:49+00:00","dateModified":"2025-08-12T12:55:50+00:00","breadcrumb":{"@id":"https:\/\/jornalfatosenoticias.com.br\/index.php\/2025\/08\/12\/eua-pedem-que-venezuelanos-sigam-lutando-contra-maduro-e-pela-liberdade\/#breadcrumb"},"inLanguage":"pt-BR","potentialAction":[{"@type":"ReadAction","target":["https:\/\/jornalfatosenoticias.com.br\/index.php\/2025\/08\/12\/eua-pedem-que-venezuelanos-sigam-lutando-contra-maduro-e-pela-liberdade\/"]}]},{"@type":"ImageObject","inLanguage":"pt-BR","@id":"https:\/\/jornalfatosenoticias.com.br\/index.php\/2025\/08\/12\/eua-pedem-que-venezuelanos-sigam-lutando-contra-maduro-e-pela-liberdade\/#primaryimage","url":"https:\/\/jornalfatosenoticias.com.br\/wp-content\/uploads\/2025\/08\/Vice-secretario-de-Estado-dos-EUA-Christopher-Landau_gettyimages.jpg","contentUrl":"https:\/\/jornalfatosenoticias.com.br\/wp-content\/uploads\/2025\/08\/Vice-secretario-de-Estado-dos-EUA-Christopher-Landau_gettyimages.jpg","width":612,"height":408,"caption":"Christopher Landau testifies at a US Senate Foreign Relations Committee hearing on his nomination to be deputy secretary of state, on Capitol Hill in Washington, DC, March 4, 2025. (Photo by ALLISON ROBBERT \/ AFP) (Photo by ALLISON ROBBERT\/AFP via Getty Images)"},{"@type":"BreadcrumbList","@id":"https:\/\/jornalfatosenoticias.com.br\/index.php\/2025\/08\/12\/eua-pedem-que-venezuelanos-sigam-lutando-contra-maduro-e-pela-liberdade\/#breadcrumb","itemListElement":[{"@type":"ListItem","position":1,"name":"In\u00edcio","item":"https:\/\/jornalfatosenoticias.com.br\/"},{"@type":"ListItem","position":2,"name":"EUA pedem que venezuelanos sigam lutando contra Maduro e pela liberdade"}]},{"@type":"WebSite","@id":"https:\/\/jornalfatosenoticias.com.br\/#website","url":"https:\/\/jornalfatosenoticias.com.br\/","name":"Jornal Fatos e Not\u00edcias","description":"Not\u00edcias em geral","publisher":{"@id":"https:\/\/jornalfatosenoticias.com.br\/#organization"},"potentialAction":[{"@type":"SearchAction","target":{"@type":"EntryPoint","urlTemplate":"https:\/\/jornalfatosenoticias.com.br\/?s={search_term_string}"},"query-input":{"@type":"PropertyValueSpecification","valueRequired":true,"valueName":"search_term_string"}}],"inLanguage":"pt-BR"},{"@type":"Organization","@id":"https:\/\/jornalfatosenoticias.com.br\/#organization","name":"Jornal Fatos e Not\u00edcias","url":"https:\/\/jornalfatosenoticias.com.br\/","logo":{"@type":"ImageObject","inLanguage":"pt-BR","@id":"https:\/\/jornalfatosenoticias.com.br\/#\/schema\/logo\/image\/","url":"https:\/\/jornalfatosenoticias.com.br\/wp-content\/uploads\/2020\/02\/logo120.png","contentUrl":"https:\/\/jornalfatosenoticias.com.br\/wp-content\/uploads\/2020\/02\/logo120.png","width":1227,"height":120,"caption":"Jornal Fatos e Not\u00edcias"},"image":{"@id":"https:\/\/jornalfatosenoticias.com.br\/#\/schema\/logo\/image\/"}},{"@type":"Person","@id":"https:\/\/jornalfatosenoticias.com.br\/#\/schema\/person\/d63837fa13ac8666eb9e74e0985d6f81","name":"Luzimara Fernandes","image":{"@type":"ImageObject","inLanguage":"pt-BR","@id":"https:\/\/jornalfatosenoticias.com.br\/#\/schema\/person\/image\/","url":"https:\/\/jornalfatosenoticias.com.br\/wp-content\/uploads\/2025\/05\/EU_portal.jpg","contentUrl":"https:\/\/jornalfatosenoticias.com.br\/wp-content\/uploads\/2025\/05\/EU_portal.jpg","caption":"Luzimara Fernandes"},"description":"Jornalista MTB 2358-ES","sameAs":["https:\/\/jornalfatosenoticias.com.br"],"url":"https:\/\/jornalfatosenoticias.com.br\/index.php\/author\/luzimara\/"}]}},"cc_featured_image_caption":{"caption_text":"(Foto: Getty Images)","source_text":"","source_url":""},"jetpack_featured_media_url":"https:\/\/jornalfatosenoticias.com.br\/wp-content\/uploads\/2025\/08\/Vice-secretario-de-Estado-dos-EUA-Christopher-Landau_gettyimages.jpg","_links":{"self":[{"href":"https:\/\/jornalfatosenoticias.com.br\/index.php\/wp-json\/wp\/v2\/posts\/61180","targetHints":{"allow":["GET"]}}],"collection":[{"href":"https:\/\/jornalfatosenoticias.com.br\/index.php\/wp-json\/wp\/v2\/posts"}],"about":[{"href":"https:\/\/jornalfatosenoticias.com.br\/index.php\/wp-json\/wp\/v2\/types\/post"}],"author":[{"embeddable":true,"href":"https:\/\/jornalfatosenoticias.com.br\/index.php\/wp-json\/wp\/v2\/users\/2"}],"replies":[{"embeddable":true,"href":"https:\/\/jornalfatosenoticias.com.br\/index.php\/wp-json\/wp\/v2\/comments?post=61180"}],"version-history":[{"count":0,"href":"https:\/\/jornalfatosenoticias.com.br\/index.php\/wp-json\/wp\/v2\/posts\/61180\/revisions"}],"wp:featuredmedia":[{"embeddable":true,"href":"https:\/\/jornalfatosenoticias.com.br\/index.php\/wp-json\/wp\/v2\/media\/61181"}],"wp:attachment":[{"href":"https:\/\/jornalfatosenoticias.com.br\/index.php\/wp-json\/wp\/v2\/media?parent=61180"}],"wp:term":[{"taxonomy":"category","embeddable":true,"href":"https:\/\/jornalfatosenoticias.com.br\/index.php\/wp-json\/wp\/v2\/categories?post=61180"},{"taxonomy":"post_tag","embeddable":true,"href":"https:\/\/jornalfatosenoticias.com.br\/index.php\/wp-json\/wp\/v2\/tags?post=61180"}],"curies":[{"name":"wp","href":"https:\/\/api.w.org\/{rel}","templated":true}]}}