{"id":61183,"date":"2025-08-12T10:10:21","date_gmt":"2025-08-12T13:10:21","guid":{"rendered":"https:\/\/jornalfatosenoticias.com.br\/?p=61183"},"modified":"2025-08-12T10:10:24","modified_gmt":"2025-08-12T13:10:24","slug":"prefeito-do-ma-culpa-tarifaco-de-trump-por-falta-de-pagamento-a-professores","status":"publish","type":"post","link":"https:\/\/jornalfatosenoticias.com.br\/index.php\/2025\/08\/12\/prefeito-do-ma-culpa-tarifaco-de-trump-por-falta-de-pagamento-a-professores\/","title":{"rendered":"Prefeito do MA culpa tarifa\u00e7o de Trump por falta de pagamento a professores"},"content":{"rendered":"\n<p><em><span class=\"has-inline-color has-black-color\">Pol\u00edtico do PCdoB alega que arrecada\u00e7\u00e3o federal ser\u00e1 afetada por tarifa\u00e7o, atingindo repasses a estados e munic\u00edpios<\/span><\/em><\/p>\n\n\n\n<p><span class=\"has-inline-color has-black-color\">Por <strong><a href=\"https:\/\/www.gazetadopovo.com.br\/autor\/guilherme-grandi\/\">Guilherme Grandi<\/a><\/strong><\/span><\/p>\n\n\n\n<div class=\"wp-block-image\"><figure class=\"aligncenter size-large\"><a href=\"https:\/\/www.instagram.com\/rcradiadores\/\"><img loading=\"lazy\" decoding=\"async\" width=\"560\" height=\"60\" src=\"https:\/\/jornalfatosenoticias.com.br\/wp-content\/uploads\/2022\/10\/Propaganda-RC-Radiadores-Jornal_page-0001.jpg\" alt=\"\" class=\"wp-image-35270\" srcset=\"https:\/\/jornalfatosenoticias.com.br\/wp-content\/uploads\/2022\/10\/Propaganda-RC-Radiadores-Jornal_page-0001.jpg 560w, https:\/\/jornalfatosenoticias.com.br\/wp-content\/uploads\/2022\/10\/Propaganda-RC-Radiadores-Jornal_page-0001-300x32.jpg 300w\" sizes=\"auto, (max-width: 560px) 100vw, 560px\" \/><\/a><\/figure><\/div>\n\n\n\n<p>O prefeito da cidade maranhense de Pedro do Ros\u00e1rio, Domingos Erinaldo Serra (PcdoB-MA), culpou o <a href=\"https:\/\/www.gazetadopovo.com.br\/economia\/tarifaco-em-vigor-plano-contingencia-anunciado-quarta\/\" target=\"_blank\" rel=\"noreferrer noopener\">tarifa\u00e7o imposto pelo presidente Donald Trump ao Brasil<\/a> por n\u00e3o conseguir pagar sal\u00e1rios e bonifica\u00e7\u00f5es de professores acertados em um acordo desde 2023. A den\u00fancia foi apresentada pelo sindicato dos trabalhadores que afirmou que a decis\u00e3o do l\u00edder norte-americano n\u00e3o tem \u201cabsolutamente nada\u201d a ver com a cidade, que sequer exporta ou importa produtos dos Estados Unidos segundo dados do Minist\u00e9rio do Desenvolvimento, Ind\u00fastria e Com\u00e9rcio (MDIC).<br>O acordo firmado entre a prefeitura e o Sindicato dos Trabalhadores da Administra\u00e7\u00e3o e do Servi\u00e7o P\u00fablico Municipal de Pedro do Ros\u00e1rio no Estado do Maranh\u00e3o (Sintaspmpr) previa o pagamento, em julho, de uma remunera\u00e7\u00e3o retroativa de promo\u00e7\u00f5es, progress\u00f5es e quinqu\u00eanio dos professores. Serra alegou que a taxa\u00e7\u00e3o de Trump vai impactar a arrecada\u00e7\u00e3o federal e os repasses ao munic\u00edpio.<\/p>\n\n\n\n<div class=\"wp-block-image\"><figure class=\"aligncenter size-large\"><a href=\"http:\/\/www.ferrarimaquinas.com.br\/\"><img loading=\"lazy\" decoding=\"async\" width=\"300\" height=\"250\" src=\"https:\/\/jornalfatosenoticias.com.br\/wp-content\/uploads\/2022\/02\/FERRARI_MAQUINAS-E-FERRAMENTAS2.jpg\" alt=\"\" class=\"wp-image-27860\"\/><\/a><\/figure><\/div>\n\n\n\n<blockquote class=\"wp-block-quote is-layout-flow wp-block-quote-is-layout-flow\"><p><span class=\"has-inline-color has-luminous-vivid-orange-color\">A municipalidade, por prud\u00eancia, entendeu por adiar o pagamento do retroativo dos servidores at\u00e9 que melhore o cen\u00e1rio internacional evitando o descumprimento do calend\u00e1rio do pagamento dos sal\u00e1rios dos servidores p\u00fablicos\u201d, disse em uma carta ao sindicato.<\/span><\/p><\/blockquote>\n\n\n\n<div class=\"wp-block-image\"><figure class=\"aligncenter size-large is-resized\"><a href=\"https:\/\/www.facebook.com\/profile.php?id=100069289606145\"><img loading=\"lazy\" decoding=\"async\" src=\"https:\/\/jornalfatosenoticias.com.br\/wp-content\/uploads\/2024\/11\/Guaitolini-Contabilidade-1024x714.jpeg\" alt=\"\" class=\"wp-image-55808\" width=\"320\" height=\"223\" srcset=\"https:\/\/jornalfatosenoticias.com.br\/wp-content\/uploads\/2024\/11\/Guaitolini-Contabilidade-1024x714.jpeg 1024w, https:\/\/jornalfatosenoticias.com.br\/wp-content\/uploads\/2024\/11\/Guaitolini-Contabilidade-300x209.jpeg 300w, https:\/\/jornalfatosenoticias.com.br\/wp-content\/uploads\/2024\/11\/Guaitolini-Contabilidade-768x535.jpeg 768w, https:\/\/jornalfatosenoticias.com.br\/wp-content\/uploads\/2024\/11\/Guaitolini-Contabilidade.jpeg 1280w\" sizes=\"auto, (max-width: 320px) 100vw, 320px\" \/><\/a><\/figure><\/div>\n\n\n\n<p>A cidade fica a 176 quil\u00f4metros de dist\u00e2ncia da capital, S\u00e3o Lu\u00eds. A entidade de classe dos servidores se disse \u201csurpresa\u201d pela afirma\u00e7\u00e3o do prefeito, classificando-a como \u201cfalta de responsabilidade\u201d e para \u201cmascarar a m\u00e1 gest\u00e3o e a irresponsabilidade fiscal que se arrasta na gest\u00e3o do munic\u00edpio\u201d.<\/p>\n\n\n\n<div class=\"wp-block-image\"><figure class=\"aligncenter size-large is-resized\"><a href=\"https:\/\/www.facebook.com\/postobkr\/?locale=pt_BR\"><img loading=\"lazy\" decoding=\"async\" src=\"https:\/\/jornalfatosenoticias.com.br\/wp-content\/uploads\/2023\/08\/BKR-1024x1021.jpg\" alt=\"\" class=\"wp-image-44494\" width=\"314\" height=\"313\" srcset=\"https:\/\/jornalfatosenoticias.com.br\/wp-content\/uploads\/2023\/08\/BKR-1024x1021.jpg 1024w, https:\/\/jornalfatosenoticias.com.br\/wp-content\/uploads\/2023\/08\/BKR-300x300.jpg 300w, https:\/\/jornalfatosenoticias.com.br\/wp-content\/uploads\/2023\/08\/BKR-150x150.jpg 150w, https:\/\/jornalfatosenoticias.com.br\/wp-content\/uploads\/2023\/08\/BKR-768x766.jpg 768w, https:\/\/jornalfatosenoticias.com.br\/wp-content\/uploads\/2023\/08\/BKR.jpg 1080w\" sizes=\"auto, (max-width: 314px) 100vw, 314px\" \/><\/a><\/figure><\/div>\n\n\n\n<blockquote class=\"wp-block-quote is-layout-flow wp-block-quote-is-layout-flow\"><p><span class=\"has-inline-color has-luminous-vivid-orange-color\">A desculpa, al\u00e9m de absurda, \u00e9 um insulto \u00e0 intelig\u00eancia e ao esfor\u00e7o dos servidores que, dia ap\u00f3s dia, garantem o funcionamento da cidade. O que a decis\u00e3o do governo dos Estados Unidos tem a ver com a folha de pagamento de uma prefeitura no interior do Maranh\u00e3o? A resposta \u00e9 simples: absolutamente nada\u201d, disparou tamb\u00e9m em uma carta \u00e0 prefeitura.<\/span><\/p><\/blockquote>\n\n\n\n<div class=\"wp-block-image\"><figure class=\"aligncenter size-large is-resized\"><a href=\"https:\/\/panper.com.br\/\"><img loading=\"lazy\" decoding=\"async\" src=\"https:\/\/jornalfatosenoticias.com.br\/wp-content\/uploads\/2023\/03\/logo-Panper_portal.jpg\" alt=\"\" class=\"wp-image-40208\" width=\"358\" height=\"248\" srcset=\"https:\/\/jornalfatosenoticias.com.br\/wp-content\/uploads\/2023\/03\/logo-Panper_portal.jpg 400w, https:\/\/jornalfatosenoticias.com.br\/wp-content\/uploads\/2023\/03\/logo-Panper_portal-300x208.jpg 300w\" sizes=\"auto, (max-width: 358px) 100vw, 358px\" \/><\/a><\/figure><\/div>\n\n\n\n<p>Ainda na nota ao sindicato, Domingos Erinaldo Serra afirma que a determina\u00e7\u00e3o de Trump \u201cprejudicar\u00e1 extremamente a importa\u00e7\u00e3o de produtos brasileiros ao EUA, por consequ\u00eancia, a arrecada\u00e7\u00e3o de tributos pela Uni\u00e3o Federal e o repasse para Estados e Munic\u00edpios\u201d.<\/p>\n\n\n\n<div class=\"wp-block-image\"><figure class=\"aligncenter size-large is-resized\"><a href=\"https:\/\/hotelmarquetti.com.br\/\"><img loading=\"lazy\" decoding=\"async\" src=\"https:\/\/jornalfatosenoticias.com.br\/wp-content\/uploads\/2020\/02\/LOGO-MQ-1024x680.jpg\" alt=\"\" class=\"wp-image-58299\" width=\"392\" height=\"260\" srcset=\"https:\/\/jornalfatosenoticias.com.br\/wp-content\/uploads\/2020\/02\/LOGO-MQ-1024x680.jpg 1024w, https:\/\/jornalfatosenoticias.com.br\/wp-content\/uploads\/2020\/02\/LOGO-MQ-300x199.jpg 300w, https:\/\/jornalfatosenoticias.com.br\/wp-content\/uploads\/2020\/02\/LOGO-MQ-768x510.jpg 768w, https:\/\/jornalfatosenoticias.com.br\/wp-content\/uploads\/2020\/02\/LOGO-MQ-1536x1020.jpg 1536w, https:\/\/jornalfatosenoticias.com.br\/wp-content\/uploads\/2020\/02\/LOGO-MQ-2048x1360.jpg 2048w\" sizes=\"auto, (max-width: 392px) 100vw, 392px\" \/><\/a><\/figure><\/div>\n\n\n\n<p>O tarifa\u00e7o dos Estados Unidos aos produtos importados do Brasil entrou em vigor na semana passada com uma <a href=\"https:\/\/www.gazetadopovo.com.br\/economia\/decisao-final-de-trump-sobre-tarifaco-ao-brasil-poupa-varios-setores-veja-quem-escapou\/\" target=\"_blank\" rel=\"noreferrer noopener\">lista de quase 700 produtos isentos da sobretaxa<\/a>. De l\u00e1 para c\u00e1, o governo vem tentando abrir canais de negocia\u00e7\u00e3o, e os \u00fanicos avan\u00e7os foram do vice-presidente\u00a0<a href=\"https:\/\/www.gazetadopovo.com.br\/tudo-sobre\/geraldo-alckmin\/\" target=\"_blank\" rel=\"noreferrer noopener\">Geraldo Alckmin<\/a> (PSB), que \u00e9 tamb\u00e9m ministro do MDIC, e de Mauro Vieira, chanceler das Rela\u00e7\u00f5es Exteriores, com seus hom\u00f3logos norte-americanos.<\/p>\n\n\n\n<div class=\"wp-block-image\"><figure class=\"aligncenter size-large is-resized\"><a href=\"https:\/\/www.controlsystems.com.br\/\"><img loading=\"lazy\" decoding=\"async\" src=\"https:\/\/jornalfatosenoticias.com.br\/wp-content\/uploads\/2020\/02\/CONTROL-CS.jpg\" alt=\"\" class=\"wp-image-44991\" width=\"294\" height=\"352\" srcset=\"https:\/\/jornalfatosenoticias.com.br\/wp-content\/uploads\/2020\/02\/CONTROL-CS.jpg 834w, https:\/\/jornalfatosenoticias.com.br\/wp-content\/uploads\/2020\/02\/CONTROL-CS-250x300.jpg 250w, https:\/\/jornalfatosenoticias.com.br\/wp-content\/uploads\/2020\/02\/CONTROL-CS-768x921.jpg 768w\" sizes=\"auto, (max-width: 294px) 100vw, 294px\" \/><\/a><\/figure><\/div>\n\n\n\n<p>J\u00e1 as tratativas entre o ministro <a href=\"https:\/\/www.gazetadopovo.com.br\/tudo-sobre\/fernando-haddad\/\" target=\"_blank\" rel=\"noreferrer noopener\">Fernando Haddad<\/a>, da Fazenda, e o secret\u00e1rio do Tesouro dos Estados Unidos, Scott Bessent, est\u00e3o emperradas. Uma reuni\u00e3o remota que\u00a0<a href=\"https:\/\/www.gazetadopovo.com.br\/economia\/haddad-reuniao-secretario-tesouro-eua-cancelada-forcas-extrema-direita\/\" target=\"_blank\" rel=\"noreferrer noopener\">seria realizada nesta quarta (13) foi cancelada<\/a> com a alega\u00e7\u00e3o de que houve um problema de agenda. Haddad, no entanto, culpou a articula\u00e7\u00e3o do deputado federal Eduardo Bolsonaro (PL-SP) e do jornalista Paulo Figueiredo pelo cancelamento, dizendo que est\u00e3o agindo contra os interesses do Brasil. Eles <a href=\"https:\/\/www.gazetadopovo.com.br\/republica\/eduardo-e-figueiredo-negam-interferencia-em-reuniao-de-haddad-com-eua\/\" target=\"_blank\" rel=\"noreferrer noopener\">negaram a suposta articula\u00e7\u00e3o com Bessent<\/a>.<\/p>\n\n\n\n<div class=\"wp-block-image\"><figure class=\"aligncenter size-large is-resized\"><a href=\"https:\/\/www.legisjuris.com.br\/\"><img loading=\"lazy\" decoding=\"async\" src=\"https:\/\/jornalfatosenoticias.com.br\/wp-content\/uploads\/2024\/09\/Legis-Juris-Consultoria_logo.jpg\" alt=\"\" class=\"wp-image-53915\" width=\"480\" height=\"201\" srcset=\"https:\/\/jornalfatosenoticias.com.br\/wp-content\/uploads\/2024\/09\/Legis-Juris-Consultoria_logo.jpg 969w, https:\/\/jornalfatosenoticias.com.br\/wp-content\/uploads\/2024\/09\/Legis-Juris-Consultoria_logo-300x126.jpg 300w, https:\/\/jornalfatosenoticias.com.br\/wp-content\/uploads\/2024\/09\/Legis-Juris-Consultoria_logo-768x322.jpg 768w\" sizes=\"auto, (max-width: 480px) 100vw, 480px\" \/><\/a><\/figure><\/div>\n\n\n\n<p><strong>Fonte: <a href=\"https:\/\/www.gazetadopovo.com.br\/republica\/prefeito-ma-culpa-tarifaco-trump-falta-pagamento-professores\/\">Gazeta do Povo<\/a><\/strong><\/p>\n","protected":false},"excerpt":{"rendered":"<p>Pol\u00edtico do PCdoB alega que arrecada\u00e7\u00e3o federal ser\u00e1 afetada por tarifa\u00e7o, atingindo repasses a estados e munic\u00edpios Por Guilherme Grandi O prefeito da cidade maranhense de Pedro do Ros\u00e1rio, Domingos Erinaldo Serra (PcdoB-MA), culpou o tarifa\u00e7o imposto pelo presidente Donald Trump ao Brasil por n\u00e3o conseguir pagar sal\u00e1rios e bonifica\u00e7\u00f5es de professores acertados em um [&hellip;]<\/p>\n","protected":false},"author":2,"featured_media":61184,"comment_status":"open","ping_status":"open","sticky":false,"template":"","format":"standard","meta":{"footnotes":""},"categories":[10],"tags":[27865,2147,159,11943,13871,26602],"class_list":["post-61183","post","type-post","status-publish","format-standard","has-post-thumbnail","hentry","category-politica","tag-domingos-erinaldo-serra","tag-donald-trump","tag-eua","tag-maranhao","tag-pcdob","tag-tarifaco-de-trump"],"yoast_head":"<!-- This site is optimized with the Yoast SEO plugin v26.5 - https:\/\/yoast.com\/wordpress\/plugins\/seo\/ -->\n<title>Prefeito do MA culpa tarifa\u00e7o de Trump por falta de pagamento a professores - Jornal Fatos e Not\u00edcias<\/title>\n<meta name=\"robots\" content=\"index, follow, max-snippet:-1, max-image-preview:large, max-video-preview:-1\" \/>\n<link rel=\"canonical\" href=\"https:\/\/jornalfatosenoticias.com.br\/index.php\/2025\/08\/12\/prefeito-do-ma-culpa-tarifaco-de-trump-por-falta-de-pagamento-a-professores\/\" \/>\n<meta property=\"og:locale\" content=\"pt_BR\" \/>\n<meta property=\"og:type\" content=\"article\" \/>\n<meta property=\"og:title\" content=\"Prefeito do MA culpa tarifa\u00e7o de Trump por falta de pagamento a professores - Jornal Fatos e Not\u00edcias\" \/>\n<meta property=\"og:description\" content=\"Pol\u00edtico do PCdoB alega que arrecada\u00e7\u00e3o federal ser\u00e1 afetada por tarifa\u00e7o, atingindo repasses a estados e munic\u00edpios Por Guilherme Grandi O prefeito da cidade maranhense de Pedro do Ros\u00e1rio, Domingos Erinaldo Serra (PcdoB-MA), culpou o tarifa\u00e7o imposto pelo presidente Donald Trump ao Brasil por n\u00e3o conseguir pagar sal\u00e1rios e bonifica\u00e7\u00f5es de professores acertados em um [&hellip;]\" \/>\n<meta property=\"og:url\" content=\"https:\/\/jornalfatosenoticias.com.br\/index.php\/2025\/08\/12\/prefeito-do-ma-culpa-tarifaco-de-trump-por-falta-de-pagamento-a-professores\/\" \/>\n<meta property=\"og:site_name\" content=\"Jornal Fatos e Not\u00edcias\" \/>\n<meta property=\"article:published_time\" content=\"2025-08-12T13:10:21+00:00\" \/>\n<meta property=\"article:modified_time\" content=\"2025-08-12T13:10:24+00:00\" \/>\n<meta property=\"og:image\" content=\"https:\/\/jornalfatosenoticias.com.br\/wp-content\/uploads\/2025\/08\/prefeito-do-maranhao.jpg\" \/>\n\t<meta property=\"og:image:width\" content=\"960\" \/>\n\t<meta property=\"og:image:height\" content=\"540\" \/>\n\t<meta property=\"og:image:type\" content=\"image\/jpeg\" \/>\n<meta name=\"author\" content=\"Luzimara Fernandes\" \/>\n<meta name=\"twitter:card\" content=\"summary_large_image\" \/>\n<meta name=\"twitter:label1\" content=\"Escrito por\" \/>\n\t<meta name=\"twitter:data1\" content=\"Luzimara Fernandes\" \/>\n\t<meta name=\"twitter:label2\" content=\"Est. tempo de leitura\" \/>\n\t<meta name=\"twitter:data2\" content=\"3 minutos\" \/>\n<script type=\"application\/ld+json\" class=\"yoast-schema-graph\">{\"@context\":\"https:\/\/schema.org\",\"@graph\":[{\"@type\":\"Article\",\"@id\":\"https:\/\/jornalfatosenoticias.com.br\/index.php\/2025\/08\/12\/prefeito-do-ma-culpa-tarifaco-de-trump-por-falta-de-pagamento-a-professores\/#article\",\"isPartOf\":{\"@id\":\"https:\/\/jornalfatosenoticias.com.br\/index.php\/2025\/08\/12\/prefeito-do-ma-culpa-tarifaco-de-trump-por-falta-de-pagamento-a-professores\/\"},\"author\":{\"name\":\"Luzimara Fernandes\",\"@id\":\"https:\/\/jornalfatosenoticias.com.br\/#\/schema\/person\/d63837fa13ac8666eb9e74e0985d6f81\"},\"headline\":\"Prefeito do MA culpa tarifa\u00e7o de Trump por falta de pagamento a professores\",\"datePublished\":\"2025-08-12T13:10:21+00:00\",\"dateModified\":\"2025-08-12T13:10:24+00:00\",\"mainEntityOfPage\":{\"@id\":\"https:\/\/jornalfatosenoticias.com.br\/index.php\/2025\/08\/12\/prefeito-do-ma-culpa-tarifaco-de-trump-por-falta-de-pagamento-a-professores\/\"},\"wordCount\":566,\"commentCount\":0,\"publisher\":{\"@id\":\"https:\/\/jornalfatosenoticias.com.br\/#organization\"},\"image\":{\"@id\":\"https:\/\/jornalfatosenoticias.com.br\/index.php\/2025\/08\/12\/prefeito-do-ma-culpa-tarifaco-de-trump-por-falta-de-pagamento-a-professores\/#primaryimage\"},\"thumbnailUrl\":\"https:\/\/jornalfatosenoticias.com.br\/wp-content\/uploads\/2025\/08\/prefeito-do-maranhao.jpg\",\"keywords\":[\"Domingos Erinaldo Serra\",\"Donald Trump\",\"EUA\",\"Maranh\u00e3o\",\"PCdoB\",\"tarifa\u00e7o de Trump\"],\"articleSection\":[\"Pol\u00edtica\"],\"inLanguage\":\"pt-BR\",\"potentialAction\":[{\"@type\":\"CommentAction\",\"name\":\"Comment\",\"target\":[\"https:\/\/jornalfatosenoticias.com.br\/index.php\/2025\/08\/12\/prefeito-do-ma-culpa-tarifaco-de-trump-por-falta-de-pagamento-a-professores\/#respond\"]}]},{\"@type\":\"WebPage\",\"@id\":\"https:\/\/jornalfatosenoticias.com.br\/index.php\/2025\/08\/12\/prefeito-do-ma-culpa-tarifaco-de-trump-por-falta-de-pagamento-a-professores\/\",\"url\":\"https:\/\/jornalfatosenoticias.com.br\/index.php\/2025\/08\/12\/prefeito-do-ma-culpa-tarifaco-de-trump-por-falta-de-pagamento-a-professores\/\",\"name\":\"Prefeito do MA culpa tarifa\u00e7o de Trump por falta de pagamento a professores - Jornal Fatos e Not\u00edcias\",\"isPartOf\":{\"@id\":\"https:\/\/jornalfatosenoticias.com.br\/#website\"},\"primaryImageOfPage\":{\"@id\":\"https:\/\/jornalfatosenoticias.com.br\/index.php\/2025\/08\/12\/prefeito-do-ma-culpa-tarifaco-de-trump-por-falta-de-pagamento-a-professores\/#primaryimage\"},\"image\":{\"@id\":\"https:\/\/jornalfatosenoticias.com.br\/index.php\/2025\/08\/12\/prefeito-do-ma-culpa-tarifaco-de-trump-por-falta-de-pagamento-a-professores\/#primaryimage\"},\"thumbnailUrl\":\"https:\/\/jornalfatosenoticias.com.br\/wp-content\/uploads\/2025\/08\/prefeito-do-maranhao.jpg\",\"datePublished\":\"2025-08-12T13:10:21+00:00\",\"dateModified\":\"2025-08-12T13:10:24+00:00\",\"breadcrumb\":{\"@id\":\"https:\/\/jornalfatosenoticias.com.br\/index.php\/2025\/08\/12\/prefeito-do-ma-culpa-tarifaco-de-trump-por-falta-de-pagamento-a-professores\/#breadcrumb\"},\"inLanguage\":\"pt-BR\",\"potentialAction\":[{\"@type\":\"ReadAction\",\"target\":[\"https:\/\/jornalfatosenoticias.com.br\/index.php\/2025\/08\/12\/prefeito-do-ma-culpa-tarifaco-de-trump-por-falta-de-pagamento-a-professores\/\"]}]},{\"@type\":\"ImageObject\",\"inLanguage\":\"pt-BR\",\"@id\":\"https:\/\/jornalfatosenoticias.com.br\/index.php\/2025\/08\/12\/prefeito-do-ma-culpa-tarifaco-de-trump-por-falta-de-pagamento-a-professores\/#primaryimage\",\"url\":\"https:\/\/jornalfatosenoticias.com.br\/wp-content\/uploads\/2025\/08\/prefeito-do-maranhao.jpg\",\"contentUrl\":\"https:\/\/jornalfatosenoticias.com.br\/wp-content\/uploads\/2025\/08\/prefeito-do-maranhao.jpg\",\"width\":960,\"height\":540},{\"@type\":\"BreadcrumbList\",\"@id\":\"https:\/\/jornalfatosenoticias.com.br\/index.php\/2025\/08\/12\/prefeito-do-ma-culpa-tarifaco-de-trump-por-falta-de-pagamento-a-professores\/#breadcrumb\",\"itemListElement\":[{\"@type\":\"ListItem\",\"position\":1,\"name\":\"In\u00edcio\",\"item\":\"https:\/\/jornalfatosenoticias.com.br\/\"},{\"@type\":\"ListItem\",\"position\":2,\"name\":\"Prefeito do MA culpa tarifa\u00e7o de Trump por falta de pagamento a professores\"}]},{\"@type\":\"WebSite\",\"@id\":\"https:\/\/jornalfatosenoticias.com.br\/#website\",\"url\":\"https:\/\/jornalfatosenoticias.com.br\/\",\"name\":\"Jornal Fatos e Not\u00edcias\",\"description\":\"Not\u00edcias em geral\",\"publisher\":{\"@id\":\"https:\/\/jornalfatosenoticias.com.br\/#organization\"},\"potentialAction\":[{\"@type\":\"SearchAction\",\"target\":{\"@type\":\"EntryPoint\",\"urlTemplate\":\"https:\/\/jornalfatosenoticias.com.br\/?s={search_term_string}\"},\"query-input\":{\"@type\":\"PropertyValueSpecification\",\"valueRequired\":true,\"valueName\":\"search_term_string\"}}],\"inLanguage\":\"pt-BR\"},{\"@type\":\"Organization\",\"@id\":\"https:\/\/jornalfatosenoticias.com.br\/#organization\",\"name\":\"Jornal Fatos e Not\u00edcias\",\"url\":\"https:\/\/jornalfatosenoticias.com.br\/\",\"logo\":{\"@type\":\"ImageObject\",\"inLanguage\":\"pt-BR\",\"@id\":\"https:\/\/jornalfatosenoticias.com.br\/#\/schema\/logo\/image\/\",\"url\":\"https:\/\/jornalfatosenoticias.com.br\/wp-content\/uploads\/2020\/02\/logo120.png\",\"contentUrl\":\"https:\/\/jornalfatosenoticias.com.br\/wp-content\/uploads\/2020\/02\/logo120.png\",\"width\":1227,\"height\":120,\"caption\":\"Jornal Fatos e Not\u00edcias\"},\"image\":{\"@id\":\"https:\/\/jornalfatosenoticias.com.br\/#\/schema\/logo\/image\/\"}},{\"@type\":\"Person\",\"@id\":\"https:\/\/jornalfatosenoticias.com.br\/#\/schema\/person\/d63837fa13ac8666eb9e74e0985d6f81\",\"name\":\"Luzimara Fernandes\",\"image\":{\"@type\":\"ImageObject\",\"inLanguage\":\"pt-BR\",\"@id\":\"https:\/\/jornalfatosenoticias.com.br\/#\/schema\/person\/image\/\",\"url\":\"https:\/\/jornalfatosenoticias.com.br\/wp-content\/uploads\/2025\/05\/EU_portal.jpg\",\"contentUrl\":\"https:\/\/jornalfatosenoticias.com.br\/wp-content\/uploads\/2025\/05\/EU_portal.jpg\",\"caption\":\"Luzimara Fernandes\"},\"description\":\"Jornalista MTB 2358-ES\",\"sameAs\":[\"https:\/\/jornalfatosenoticias.com.br\"],\"url\":\"https:\/\/jornalfatosenoticias.com.br\/index.php\/author\/luzimara\/\"}]}<\/script>\n<!-- \/ Yoast SEO plugin. -->","yoast_head_json":{"title":"Prefeito do MA culpa tarifa\u00e7o de Trump por falta de pagamento a professores - Jornal Fatos e Not\u00edcias","robots":{"index":"index","follow":"follow","max-snippet":"max-snippet:-1","max-image-preview":"max-image-preview:large","max-video-preview":"max-video-preview:-1"},"canonical":"https:\/\/jornalfatosenoticias.com.br\/index.php\/2025\/08\/12\/prefeito-do-ma-culpa-tarifaco-de-trump-por-falta-de-pagamento-a-professores\/","og_locale":"pt_BR","og_type":"article","og_title":"Prefeito do MA culpa tarifa\u00e7o de Trump por falta de pagamento a professores - Jornal Fatos e Not\u00edcias","og_description":"Pol\u00edtico do PCdoB alega que arrecada\u00e7\u00e3o federal ser\u00e1 afetada por tarifa\u00e7o, atingindo repasses a estados e munic\u00edpios Por Guilherme Grandi O prefeito da cidade maranhense de Pedro do Ros\u00e1rio, Domingos Erinaldo Serra (PcdoB-MA), culpou o tarifa\u00e7o imposto pelo presidente Donald Trump ao Brasil por n\u00e3o conseguir pagar sal\u00e1rios e bonifica\u00e7\u00f5es de professores acertados em um [&hellip;]","og_url":"https:\/\/jornalfatosenoticias.com.br\/index.php\/2025\/08\/12\/prefeito-do-ma-culpa-tarifaco-de-trump-por-falta-de-pagamento-a-professores\/","og_site_name":"Jornal Fatos e Not\u00edcias","article_published_time":"2025-08-12T13:10:21+00:00","article_modified_time":"2025-08-12T13:10:24+00:00","og_image":[{"width":960,"height":540,"url":"https:\/\/jornalfatosenoticias.com.br\/wp-content\/uploads\/2025\/08\/prefeito-do-maranhao.jpg","type":"image\/jpeg"}],"author":"Luzimara Fernandes","twitter_card":"summary_large_image","twitter_misc":{"Escrito por":"Luzimara Fernandes","Est. tempo de leitura":"3 minutos"},"schema":{"@context":"https:\/\/schema.org","@graph":[{"@type":"Article","@id":"https:\/\/jornalfatosenoticias.com.br\/index.php\/2025\/08\/12\/prefeito-do-ma-culpa-tarifaco-de-trump-por-falta-de-pagamento-a-professores\/#article","isPartOf":{"@id":"https:\/\/jornalfatosenoticias.com.br\/index.php\/2025\/08\/12\/prefeito-do-ma-culpa-tarifaco-de-trump-por-falta-de-pagamento-a-professores\/"},"author":{"name":"Luzimara Fernandes","@id":"https:\/\/jornalfatosenoticias.com.br\/#\/schema\/person\/d63837fa13ac8666eb9e74e0985d6f81"},"headline":"Prefeito do MA culpa tarifa\u00e7o de Trump por falta de pagamento a professores","datePublished":"2025-08-12T13:10:21+00:00","dateModified":"2025-08-12T13:10:24+00:00","mainEntityOfPage":{"@id":"https:\/\/jornalfatosenoticias.com.br\/index.php\/2025\/08\/12\/prefeito-do-ma-culpa-tarifaco-de-trump-por-falta-de-pagamento-a-professores\/"},"wordCount":566,"commentCount":0,"publisher":{"@id":"https:\/\/jornalfatosenoticias.com.br\/#organization"},"image":{"@id":"https:\/\/jornalfatosenoticias.com.br\/index.php\/2025\/08\/12\/prefeito-do-ma-culpa-tarifaco-de-trump-por-falta-de-pagamento-a-professores\/#primaryimage"},"thumbnailUrl":"https:\/\/jornalfatosenoticias.com.br\/wp-content\/uploads\/2025\/08\/prefeito-do-maranhao.jpg","keywords":["Domingos Erinaldo Serra","Donald Trump","EUA","Maranh\u00e3o","PCdoB","tarifa\u00e7o de Trump"],"articleSection":["Pol\u00edtica"],"inLanguage":"pt-BR","potentialAction":[{"@type":"CommentAction","name":"Comment","target":["https:\/\/jornalfatosenoticias.com.br\/index.php\/2025\/08\/12\/prefeito-do-ma-culpa-tarifaco-de-trump-por-falta-de-pagamento-a-professores\/#respond"]}]},{"@type":"WebPage","@id":"https:\/\/jornalfatosenoticias.com.br\/index.php\/2025\/08\/12\/prefeito-do-ma-culpa-tarifaco-de-trump-por-falta-de-pagamento-a-professores\/","url":"https:\/\/jornalfatosenoticias.com.br\/index.php\/2025\/08\/12\/prefeito-do-ma-culpa-tarifaco-de-trump-por-falta-de-pagamento-a-professores\/","name":"Prefeito do MA culpa tarifa\u00e7o de Trump por falta de pagamento a professores - Jornal Fatos e Not\u00edcias","isPartOf":{"@id":"https:\/\/jornalfatosenoticias.com.br\/#website"},"primaryImageOfPage":{"@id":"https:\/\/jornalfatosenoticias.com.br\/index.php\/2025\/08\/12\/prefeito-do-ma-culpa-tarifaco-de-trump-por-falta-de-pagamento-a-professores\/#primaryimage"},"image":{"@id":"https:\/\/jornalfatosenoticias.com.br\/index.php\/2025\/08\/12\/prefeito-do-ma-culpa-tarifaco-de-trump-por-falta-de-pagamento-a-professores\/#primaryimage"},"thumbnailUrl":"https:\/\/jornalfatosenoticias.com.br\/wp-content\/uploads\/2025\/08\/prefeito-do-maranhao.jpg","datePublished":"2025-08-12T13:10:21+00:00","dateModified":"2025-08-12T13:10:24+00:00","breadcrumb":{"@id":"https:\/\/jornalfatosenoticias.com.br\/index.php\/2025\/08\/12\/prefeito-do-ma-culpa-tarifaco-de-trump-por-falta-de-pagamento-a-professores\/#breadcrumb"},"inLanguage":"pt-BR","potentialAction":[{"@type":"ReadAction","target":["https:\/\/jornalfatosenoticias.com.br\/index.php\/2025\/08\/12\/prefeito-do-ma-culpa-tarifaco-de-trump-por-falta-de-pagamento-a-professores\/"]}]},{"@type":"ImageObject","inLanguage":"pt-BR","@id":"https:\/\/jornalfatosenoticias.com.br\/index.php\/2025\/08\/12\/prefeito-do-ma-culpa-tarifaco-de-trump-por-falta-de-pagamento-a-professores\/#primaryimage","url":"https:\/\/jornalfatosenoticias.com.br\/wp-content\/uploads\/2025\/08\/prefeito-do-maranhao.jpg","contentUrl":"https:\/\/jornalfatosenoticias.com.br\/wp-content\/uploads\/2025\/08\/prefeito-do-maranhao.jpg","width":960,"height":540},{"@type":"BreadcrumbList","@id":"https:\/\/jornalfatosenoticias.com.br\/index.php\/2025\/08\/12\/prefeito-do-ma-culpa-tarifaco-de-trump-por-falta-de-pagamento-a-professores\/#breadcrumb","itemListElement":[{"@type":"ListItem","position":1,"name":"In\u00edcio","item":"https:\/\/jornalfatosenoticias.com.br\/"},{"@type":"ListItem","position":2,"name":"Prefeito do MA culpa tarifa\u00e7o de Trump por falta de pagamento a professores"}]},{"@type":"WebSite","@id":"https:\/\/jornalfatosenoticias.com.br\/#website","url":"https:\/\/jornalfatosenoticias.com.br\/","name":"Jornal Fatos e Not\u00edcias","description":"Not\u00edcias em geral","publisher":{"@id":"https:\/\/jornalfatosenoticias.com.br\/#organization"},"potentialAction":[{"@type":"SearchAction","target":{"@type":"EntryPoint","urlTemplate":"https:\/\/jornalfatosenoticias.com.br\/?s={search_term_string}"},"query-input":{"@type":"PropertyValueSpecification","valueRequired":true,"valueName":"search_term_string"}}],"inLanguage":"pt-BR"},{"@type":"Organization","@id":"https:\/\/jornalfatosenoticias.com.br\/#organization","name":"Jornal Fatos e Not\u00edcias","url":"https:\/\/jornalfatosenoticias.com.br\/","logo":{"@type":"ImageObject","inLanguage":"pt-BR","@id":"https:\/\/jornalfatosenoticias.com.br\/#\/schema\/logo\/image\/","url":"https:\/\/jornalfatosenoticias.com.br\/wp-content\/uploads\/2020\/02\/logo120.png","contentUrl":"https:\/\/jornalfatosenoticias.com.br\/wp-content\/uploads\/2020\/02\/logo120.png","width":1227,"height":120,"caption":"Jornal Fatos e Not\u00edcias"},"image":{"@id":"https:\/\/jornalfatosenoticias.com.br\/#\/schema\/logo\/image\/"}},{"@type":"Person","@id":"https:\/\/jornalfatosenoticias.com.br\/#\/schema\/person\/d63837fa13ac8666eb9e74e0985d6f81","name":"Luzimara Fernandes","image":{"@type":"ImageObject","inLanguage":"pt-BR","@id":"https:\/\/jornalfatosenoticias.com.br\/#\/schema\/person\/image\/","url":"https:\/\/jornalfatosenoticias.com.br\/wp-content\/uploads\/2025\/05\/EU_portal.jpg","contentUrl":"https:\/\/jornalfatosenoticias.com.br\/wp-content\/uploads\/2025\/05\/EU_portal.jpg","caption":"Luzimara Fernandes"},"description":"Jornalista MTB 2358-ES","sameAs":["https:\/\/jornalfatosenoticias.com.br"],"url":"https:\/\/jornalfatosenoticias.com.br\/index.php\/author\/luzimara\/"}]}},"cc_featured_image_caption":{"caption_text":"(Foto: Reprodu\u00e7\u00e3o\/Google Mapas)","source_text":"","source_url":""},"jetpack_featured_media_url":"https:\/\/jornalfatosenoticias.com.br\/wp-content\/uploads\/2025\/08\/prefeito-do-maranhao.jpg","_links":{"self":[{"href":"https:\/\/jornalfatosenoticias.com.br\/index.php\/wp-json\/wp\/v2\/posts\/61183","targetHints":{"allow":["GET"]}}],"collection":[{"href":"https:\/\/jornalfatosenoticias.com.br\/index.php\/wp-json\/wp\/v2\/posts"}],"about":[{"href":"https:\/\/jornalfatosenoticias.com.br\/index.php\/wp-json\/wp\/v2\/types\/post"}],"author":[{"embeddable":true,"href":"https:\/\/jornalfatosenoticias.com.br\/index.php\/wp-json\/wp\/v2\/users\/2"}],"replies":[{"embeddable":true,"href":"https:\/\/jornalfatosenoticias.com.br\/index.php\/wp-json\/wp\/v2\/comments?post=61183"}],"version-history":[{"count":0,"href":"https:\/\/jornalfatosenoticias.com.br\/index.php\/wp-json\/wp\/v2\/posts\/61183\/revisions"}],"wp:featuredmedia":[{"embeddable":true,"href":"https:\/\/jornalfatosenoticias.com.br\/index.php\/wp-json\/wp\/v2\/media\/61184"}],"wp:attachment":[{"href":"https:\/\/jornalfatosenoticias.com.br\/index.php\/wp-json\/wp\/v2\/media?parent=61183"}],"wp:term":[{"taxonomy":"category","embeddable":true,"href":"https:\/\/jornalfatosenoticias.com.br\/index.php\/wp-json\/wp\/v2\/categories?post=61183"},{"taxonomy":"post_tag","embeddable":true,"href":"https:\/\/jornalfatosenoticias.com.br\/index.php\/wp-json\/wp\/v2\/tags?post=61183"}],"curies":[{"name":"wp","href":"https:\/\/api.w.org\/{rel}","templated":true}]}}