{"id":61192,"date":"2025-08-13T10:53:53","date_gmt":"2025-08-13T13:53:53","guid":{"rendered":"https:\/\/jornalfatosenoticias.com.br\/?p=61192"},"modified":"2025-08-13T10:53:55","modified_gmt":"2025-08-13T13:53:55","slug":"senador-propoe-cpi-vaza-toga-para-investigar-stf-e-justica-eleitoral","status":"publish","type":"post","link":"https:\/\/jornalfatosenoticias.com.br\/index.php\/2025\/08\/13\/senador-propoe-cpi-vaza-toga-para-investigar-stf-e-justica-eleitoral\/","title":{"rendered":"Senador prop\u00f5e CPI \u201cVaza Toga\u201d para investigar STF e Justi\u00e7a Eleitoral"},"content":{"rendered":"\n<p><em><span class=\"has-inline-color has-black-color\">CPI tamb\u00e9m quer investigar atua\u00e7\u00e3o do Tribunal Superior Eleitoral<\/span><\/em><\/p>\n\n\n\n<p><span class=\"has-inline-color has-black-color\">Por <strong><a href=\"https:\/\/www.gazetadopovo.com.br\/autor\/cristiano-maia\/\">Cristiano Maia<\/a><\/strong><\/span><\/p>\n\n\n\n<div class=\"wp-block-image\"><figure class=\"aligncenter size-large\"><a href=\"https:\/\/mizu.com.br\/\"><img loading=\"lazy\" decoding=\"async\" width=\"729\" height=\"90\" src=\"https:\/\/jornalfatosenoticias.com.br\/wp-content\/uploads\/2020\/02\/Logo_Mizu.png\" alt=\"\" class=\"wp-image-1441\" srcset=\"https:\/\/jornalfatosenoticias.com.br\/wp-content\/uploads\/2020\/02\/Logo_Mizu.png 729w, https:\/\/jornalfatosenoticias.com.br\/wp-content\/uploads\/2020\/02\/Logo_Mizu-300x37.png 300w\" sizes=\"auto, (max-width: 729px) 100vw, 729px\" \/><\/a><\/figure><\/div>\n\n\n\n<p>O senador Esperidi\u00e3o Amin (PP-SC) protocolou um pedido formal para a cria\u00e7\u00e3o da Comiss\u00e3o Parlamentar de Inqu\u00e9rito (CPI) para investigar supostos abusos cometidos pelo Supremo Tribunal Federal (STF) e pela Justi\u00e7a Eleitoral, em especial o Tribunal Superior Eleitoral (TSE), durante o per\u00edodo de 2018 a 2025. Para que a CPI Vaza Toga seja instalada, s\u00e3o necess\u00e1rias 27 assinaturas de senadores.<br>Caso aprovada, a comiss\u00e3o seria composta por 11 membros titulares, que teriam um prazo de 120 dias para concluir os trabalhos, com um limite de despesas de R$ 100 mil. A investiga\u00e7\u00e3o dever\u00e1 apurar supostas irregularidades como o compartilhamento inadequado de recursos humanos e informa\u00e7\u00f5es entre o STF e o TSE, emiss\u00e3o de ordens possivelmente ilegais a servidores, produ\u00e7\u00e3o de relat\u00f3rios administrativos contra pessoas espec\u00edficas, al\u00e9m de atua\u00e7\u00e3o administrativa fora dos limites legais e regulamentares.<\/p>\n\n\n\n<div class=\"wp-block-image\"><figure class=\"aligncenter size-large\"><a href=\"https:\/\/www.cesconetto.com.br\/\"><img loading=\"lazy\" decoding=\"async\" width=\"300\" height=\"250\" src=\"https:\/\/jornalfatosenoticias.com.br\/wp-content\/uploads\/2022\/02\/Banner-2.png\" alt=\"\" class=\"wp-image-27877\"\/><\/a><\/figure><\/div>\n\n\n\n<blockquote class=\"wp-block-quote is-layout-flow wp-block-quote-is-layout-flow\"><p><span class=\"has-inline-color has-luminous-vivid-orange-color\">Este requerimento quer investigar den\u00fancias muito s\u00f3lidas de manipula\u00e7\u00e3o de recursos para indicar narrativas e colher antecedentes sobre os presos de 8 e 9 de janeiro de 2023\u201d, comentou o senador.<\/span><\/p><\/blockquote>\n\n\n\n<div class=\"wp-block-image\"><figure class=\"aligncenter size-large is-resized\"><a href=\"https:\/\/www.instagram.com\/restaurantepegoretti\/\"><img loading=\"lazy\" decoding=\"async\" src=\"https:\/\/jornalfatosenoticias.com.br\/wp-content\/uploads\/2023\/12\/pegoretti-logo-pdf-1024x389.jpg\" alt=\"\" class=\"wp-image-47536\" width=\"527\" height=\"200\" srcset=\"https:\/\/jornalfatosenoticias.com.br\/wp-content\/uploads\/2023\/12\/pegoretti-logo-pdf-1024x389.jpg 1024w, https:\/\/jornalfatosenoticias.com.br\/wp-content\/uploads\/2023\/12\/pegoretti-logo-pdf-300x114.jpg 300w, https:\/\/jornalfatosenoticias.com.br\/wp-content\/uploads\/2023\/12\/pegoretti-logo-pdf-768x291.jpg 768w, https:\/\/jornalfatosenoticias.com.br\/wp-content\/uploads\/2023\/12\/pegoretti-logo-pdf.jpg 1120w\" sizes=\"auto, (max-width: 527px) 100vw, 527px\" \/><\/a><\/figure><\/div>\n\n\n\n<p><strong><span class=\"has-inline-color has-black-color\">Motiva\u00e7\u00f5es do pedido<br><\/span><\/strong>Segundo Amin, o pedido da CPI baseia-se em den\u00fancias de supostos abusos de poder, incluindo o inqu\u00e9rito das <em>fake news<\/em> conhecido como \u201cInqu\u00e9rito do Fim do Mundo\u201d, e as investiga\u00e7\u00f5es relacionadas aos ataques de 8 de janeiro de 2023.<br>O senador deixou claro que a CPI n\u00e3o ter\u00e1 por objetivo investigar diretamente a condu\u00e7\u00e3o de inqu\u00e9ritos e processos judiciais conduzidos pelo ministro Alexandre de Moraes, mas, sim, poss\u00edveis irregularidades na gest\u00e3o administrativa das cortes mencionadas.<\/p>\n\n\n\n<div class=\"wp-block-image\"><figure class=\"aligncenter size-large is-resized\"><a href=\"https:\/\/www.facebook.com\/postobkr\/?locale=pt_BR\"><img loading=\"lazy\" decoding=\"async\" src=\"https:\/\/jornalfatosenoticias.com.br\/wp-content\/uploads\/2023\/08\/BKR-1024x1021.jpg\" alt=\"\" class=\"wp-image-44494\" width=\"297\" height=\"296\" srcset=\"https:\/\/jornalfatosenoticias.com.br\/wp-content\/uploads\/2023\/08\/BKR-1024x1021.jpg 1024w, https:\/\/jornalfatosenoticias.com.br\/wp-content\/uploads\/2023\/08\/BKR-300x300.jpg 300w, https:\/\/jornalfatosenoticias.com.br\/wp-content\/uploads\/2023\/08\/BKR-150x150.jpg 150w, https:\/\/jornalfatosenoticias.com.br\/wp-content\/uploads\/2023\/08\/BKR-768x766.jpg 768w, https:\/\/jornalfatosenoticias.com.br\/wp-content\/uploads\/2023\/08\/BKR.jpg 1080w\" sizes=\"auto, (max-width: 297px) 100vw, 297px\" \/><\/a><\/figure><\/div>\n\n\n\n<p>A fundamenta\u00e7\u00e3o do pedido inclui reportagens do jornalista americano Michael Shellenberger, publicadas em agosto, que revelariam documentos apontando o uso de protocolos internos para monitorar perfis nas redes sociais de investigados nos ataques de janeiro.<\/p>\n\n\n\n<div class=\"wp-block-image\"><figure class=\"aligncenter size-large is-resized\"><a href=\"https:\/\/www.facebook.com\/vetor.vix\/\"><img loading=\"lazy\" decoding=\"async\" src=\"https:\/\/jornalfatosenoticias.com.br\/wp-content\/uploads\/2023\/09\/vetorvix1024_1.jpg\" alt=\"\" class=\"wp-image-44868\" width=\"554\" height=\"147\" srcset=\"https:\/\/jornalfatosenoticias.com.br\/wp-content\/uploads\/2023\/09\/vetorvix1024_1.jpg 1024w, https:\/\/jornalfatosenoticias.com.br\/wp-content\/uploads\/2023\/09\/vetorvix1024_1-300x80.jpg 300w, https:\/\/jornalfatosenoticias.com.br\/wp-content\/uploads\/2023\/09\/vetorvix1024_1-768x205.jpg 768w\" sizes=\"auto, (max-width: 554px) 100vw, 554px\" \/><\/a><\/figure><\/div>\n\n\n\n<p><strong><span class=\"has-inline-color has-black-color\">CPI &#8220;Vaza Toga&#8221; tamb\u00e9m investigar\u00e1 cria\u00e7\u00e3o de dossi\u00eas<br><\/span><\/strong>Tamb\u00e9m s\u00e3o mencionadas acusa\u00e7\u00f5es de cria\u00e7\u00e3o de uma \u201cfor\u00e7a-tarefa secreta e ilegal\u201d no TSE para vasculhar redes sociais, o uso irregular do sistema biom\u00e9trico do TSE, produ\u00e7\u00e3o de dossi\u00eas contra alvos espec\u00edficos e o compartilhamento il\u00edcito de informa\u00e7\u00f5es com autoridades policiais, Minist\u00e9rio P\u00fablico e terceiros.<\/p>\n\n\n\n<div class=\"wp-block-image\"><figure class=\"aligncenter size-large\"><a href=\"http:\/\/www.ferrarimaquinas.com.br\/\"><img loading=\"lazy\" decoding=\"async\" width=\"300\" height=\"250\" src=\"https:\/\/jornalfatosenoticias.com.br\/wp-content\/uploads\/2022\/02\/FERRARI_MAQUINAS-E-FERRAMENTAS2.jpg\" alt=\"\" class=\"wp-image-27860\"\/><\/a><\/figure><\/div>\n\n\n\n<p>Amin compara os fatos investigados pela CPI a situa\u00e7\u00f5es menos graves do que aquelas que motivaram a anula\u00e7\u00e3o de investiga\u00e7\u00f5es da Opera\u00e7\u00e3o Lava Jato. Ele tamb\u00e9m questiona a classifica\u00e7\u00e3o dos ataques de 8 de janeiro como um golpe de Estado, descrevendo o grupo envolvido como &#8220;desorganizado&#8221; e vinculado a atos de vandalismo, mas n\u00e3o a um golpe.<\/p>\n\n\n\n<div class=\"wp-block-image\"><figure class=\"aligncenter size-large is-resized\"><a href=\"https:\/\/www.legisjuris.com.br\/\"><img loading=\"lazy\" decoding=\"async\" src=\"https:\/\/jornalfatosenoticias.com.br\/wp-content\/uploads\/2024\/09\/Legis-Juris-Consultoria_logo.jpg\" alt=\"\" class=\"wp-image-53915\" width=\"537\" height=\"225\" srcset=\"https:\/\/jornalfatosenoticias.com.br\/wp-content\/uploads\/2024\/09\/Legis-Juris-Consultoria_logo.jpg 969w, https:\/\/jornalfatosenoticias.com.br\/wp-content\/uploads\/2024\/09\/Legis-Juris-Consultoria_logo-300x126.jpg 300w, https:\/\/jornalfatosenoticias.com.br\/wp-content\/uploads\/2024\/09\/Legis-Juris-Consultoria_logo-768x322.jpg 768w\" sizes=\"auto, (max-width: 537px) 100vw, 537px\" \/><\/a><\/figure><\/div>\n\n\n\n<p><strong><span class=\"has-inline-color has-black-color\">Oposi\u00e7\u00e3o organiza \u201ccarta-den\u00fancia\u201d para embaixadas<br><\/span><\/strong>Al\u00e9m da CPI &#8220;Vaza Toga&#8221; oposi\u00e7\u00e3o ao governo Lula, no Congresso Nacional, organiza uma for\u00e7a-tarefa para entregar uma \u201ccarta-den\u00fancia\u201d a cerca de 80 embaixadas em Bras\u00edlia. O documento re\u00fane acusa\u00e7\u00f5es feitas pelo ex-servidor do TSE Eduardo Tagliaferro e inclui den\u00fancias da s\u00e9rie \u201cVaza Toga 2\u201d contra o ministro Alexandre de Moraes.<\/p>\n\n\n\n<div class=\"wp-block-image\"><figure class=\"aligncenter size-large is-resized\"><a href=\"https:\/\/www.instagram.com\/esteio.churrascaria\/\"><img loading=\"lazy\" decoding=\"async\" src=\"https:\/\/jornalfatosenoticias.com.br\/wp-content\/uploads\/2022\/02\/LOGO-ESTEIO-1024x730.png\" alt=\"\" class=\"wp-image-27942\" width=\"317\" height=\"226\" srcset=\"https:\/\/jornalfatosenoticias.com.br\/wp-content\/uploads\/2022\/02\/LOGO-ESTEIO-1024x730.png 1024w, https:\/\/jornalfatosenoticias.com.br\/wp-content\/uploads\/2022\/02\/LOGO-ESTEIO-300x214.png 300w, https:\/\/jornalfatosenoticias.com.br\/wp-content\/uploads\/2022\/02\/LOGO-ESTEIO-768x548.png 768w, https:\/\/jornalfatosenoticias.com.br\/wp-content\/uploads\/2022\/02\/LOGO-ESTEIO.png 1123w\" sizes=\"auto, (max-width: 317px) 100vw, 317px\" \/><\/a><\/figure><\/div>\n\n\n\n<blockquote class=\"wp-block-quote is-layout-flow wp-block-quote-is-layout-flow\"><p><span class=\"has-inline-color has-luminous-vivid-orange-color\">(A) for\u00e7a-tarefa (entregar\u00e1) documento aos embaixadores relatando os crimes cometidos pelo ministro Alexandre de Moraes, todos os abusos praticados e a exist\u00eancia de um gabinete paralelo montado no TSE para perseguir as pessoas presas no 8 de janeiro\u201d, detalha a nota divulgada pela oposi\u00e7\u00e3o.<\/span><\/p><\/blockquote>\n\n\n\n<div class=\"wp-block-image\"><figure class=\"aligncenter size-large is-resized\"><a href=\"https:\/\/www.cesconetto.com.br\/\"><img loading=\"lazy\" decoding=\"async\" src=\"https:\/\/jornalfatosenoticias.com.br\/wp-content\/uploads\/2020\/02\/CONTROL-CS.jpg\" alt=\"\" class=\"wp-image-44991\" width=\"299\" height=\"359\" srcset=\"https:\/\/jornalfatosenoticias.com.br\/wp-content\/uploads\/2020\/02\/CONTROL-CS.jpg 834w, https:\/\/jornalfatosenoticias.com.br\/wp-content\/uploads\/2020\/02\/CONTROL-CS-250x300.jpg 250w, https:\/\/jornalfatosenoticias.com.br\/wp-content\/uploads\/2020\/02\/CONTROL-CS-768x921.jpg 768w\" sizes=\"auto, (max-width: 299px) 100vw, 299px\" \/><\/a><\/figure><\/div>\n\n\n\n<p>A a\u00e7\u00e3o \u00e9 liderada pelos deputados Coronel Zucco (PL-RS) e S\u00f3stenes Cavalcante (PL-RJ), com o objetivo de internacionalizar as den\u00fancias sobre supostas persegui\u00e7\u00f5es pol\u00edticas, viola\u00e7\u00f5es de direitos fundamentais e a cria\u00e7\u00e3o de um \u201cgabinete paralelo\u201d no TSE para perseguir envolvidos nos eventos de 8 de janeiro. \u201cA oposi\u00e7\u00e3o reitera que continuar\u00e1 vigilante (\u2026) para que a verdade sobre os abusos cometidos no Judici\u00e1rio seja levada \u00e0 comunidade internacional\u201d, indicou em nota.<\/p>\n\n\n\n<div class=\"wp-block-image\"><figure class=\"aligncenter size-large is-resized\"><a href=\"https:\/\/hotelmarquetti.com.br\/\"><img loading=\"lazy\" decoding=\"async\" src=\"https:\/\/jornalfatosenoticias.com.br\/wp-content\/uploads\/2020\/02\/LOGO-MQ-1024x680.jpg\" alt=\"\" class=\"wp-image-58299\" width=\"300\" height=\"199\" srcset=\"https:\/\/jornalfatosenoticias.com.br\/wp-content\/uploads\/2020\/02\/LOGO-MQ-1024x680.jpg 1024w, https:\/\/jornalfatosenoticias.com.br\/wp-content\/uploads\/2020\/02\/LOGO-MQ-300x199.jpg 300w, https:\/\/jornalfatosenoticias.com.br\/wp-content\/uploads\/2020\/02\/LOGO-MQ-768x510.jpg 768w, https:\/\/jornalfatosenoticias.com.br\/wp-content\/uploads\/2020\/02\/LOGO-MQ-1536x1020.jpg 1536w, https:\/\/jornalfatosenoticias.com.br\/wp-content\/uploads\/2020\/02\/LOGO-MQ-2048x1360.jpg 2048w\" sizes=\"auto, (max-width: 300px) 100vw, 300px\" \/><\/a><\/figure><\/div>\n\n\n\n<p><strong>Fonte: <a href=\"https:\/\/www.gazetadopovo.com.br\/republica\/cpi-vaza-toga-esperidiao-amin-investiga-stf-justica-eleitoral\/\">Gazeta do Povo<\/a><\/strong><\/p>\n","protected":false},"excerpt":{"rendered":"<p>CPI tamb\u00e9m quer investigar atua\u00e7\u00e3o do Tribunal Superior Eleitoral Por Cristiano Maia O senador Esperidi\u00e3o Amin (PP-SC) protocolou um pedido formal para a cria\u00e7\u00e3o da Comiss\u00e3o Parlamentar de Inqu\u00e9rito (CPI) para investigar supostos abusos cometidos pelo Supremo Tribunal Federal (STF) e pela Justi\u00e7a Eleitoral, em especial o Tribunal Superior Eleitoral (TSE), durante o per\u00edodo de [&hellip;]<\/p>\n","protected":false},"author":2,"featured_media":61193,"comment_status":"open","ping_status":"open","sticky":false,"template":"","format":"standard","meta":{"footnotes":""},"categories":[10],"tags":[13889,27872,8576,27870,26705,27871,2543,27873,26598,294,1514,24584],"class_list":["post-61192","post","type-post","status-publish","format-standard","has-post-thumbnail","hentry","category-politica","tag-alexandre-de-moraes","tag-coronel-zucco","tag-cpi","tag-cpi-vaza-toga","tag-eduardo-tagliaferro","tag-esperidiao-amin","tag-justica-eleitoral","tag-michael-shellenberger","tag-sostenes-cavalcante","tag-stf","tag-tse","tag-vaza-toga"],"yoast_head":"<!-- This site is optimized with the Yoast SEO plugin v26.5 - https:\/\/yoast.com\/wordpress\/plugins\/seo\/ -->\n<title>Senador prop\u00f5e CPI \u201cVaza Toga\u201d para investigar STF e Justi\u00e7a Eleitoral - Jornal Fatos e Not\u00edcias<\/title>\n<meta name=\"robots\" content=\"index, follow, max-snippet:-1, max-image-preview:large, max-video-preview:-1\" \/>\n<link rel=\"canonical\" href=\"https:\/\/jornalfatosenoticias.com.br\/index.php\/2025\/08\/13\/senador-propoe-cpi-vaza-toga-para-investigar-stf-e-justica-eleitoral\/\" \/>\n<meta property=\"og:locale\" content=\"pt_BR\" \/>\n<meta property=\"og:type\" content=\"article\" \/>\n<meta property=\"og:title\" content=\"Senador prop\u00f5e CPI \u201cVaza Toga\u201d para investigar STF e Justi\u00e7a Eleitoral - Jornal Fatos e Not\u00edcias\" \/>\n<meta property=\"og:description\" content=\"CPI tamb\u00e9m quer investigar atua\u00e7\u00e3o do Tribunal Superior Eleitoral Por Cristiano Maia O senador Esperidi\u00e3o Amin (PP-SC) protocolou um pedido formal para a cria\u00e7\u00e3o da Comiss\u00e3o Parlamentar de Inqu\u00e9rito (CPI) para investigar supostos abusos cometidos pelo Supremo Tribunal Federal (STF) e pela Justi\u00e7a Eleitoral, em especial o Tribunal Superior Eleitoral (TSE), durante o per\u00edodo de [&hellip;]\" \/>\n<meta property=\"og:url\" content=\"https:\/\/jornalfatosenoticias.com.br\/index.php\/2025\/08\/13\/senador-propoe-cpi-vaza-toga-para-investigar-stf-e-justica-eleitoral\/\" \/>\n<meta property=\"og:site_name\" content=\"Jornal Fatos e Not\u00edcias\" \/>\n<meta property=\"article:published_time\" content=\"2025-08-13T13:53:53+00:00\" \/>\n<meta property=\"article:modified_time\" content=\"2025-08-13T13:53:55+00:00\" \/>\n<meta property=\"og:image\" content=\"https:\/\/jornalfatosenoticias.com.br\/wp-content\/uploads\/2025\/08\/tse-2.jpg\" \/>\n\t<meta property=\"og:image:width\" content=\"640\" \/>\n\t<meta property=\"og:image:height\" content=\"340\" \/>\n\t<meta property=\"og:image:type\" content=\"image\/jpeg\" \/>\n<meta name=\"author\" content=\"Luzimara Fernandes\" \/>\n<meta name=\"twitter:card\" content=\"summary_large_image\" \/>\n<meta name=\"twitter:label1\" content=\"Escrito por\" \/>\n\t<meta name=\"twitter:data1\" content=\"Luzimara Fernandes\" \/>\n\t<meta name=\"twitter:label2\" content=\"Est. tempo de leitura\" \/>\n\t<meta name=\"twitter:data2\" content=\"3 minutos\" \/>\n<script type=\"application\/ld+json\" class=\"yoast-schema-graph\">{\"@context\":\"https:\/\/schema.org\",\"@graph\":[{\"@type\":\"Article\",\"@id\":\"https:\/\/jornalfatosenoticias.com.br\/index.php\/2025\/08\/13\/senador-propoe-cpi-vaza-toga-para-investigar-stf-e-justica-eleitoral\/#article\",\"isPartOf\":{\"@id\":\"https:\/\/jornalfatosenoticias.com.br\/index.php\/2025\/08\/13\/senador-propoe-cpi-vaza-toga-para-investigar-stf-e-justica-eleitoral\/\"},\"author\":{\"name\":\"Luzimara Fernandes\",\"@id\":\"https:\/\/jornalfatosenoticias.com.br\/#\/schema\/person\/d63837fa13ac8666eb9e74e0985d6f81\"},\"headline\":\"Senador prop\u00f5e CPI \u201cVaza Toga\u201d para investigar STF e Justi\u00e7a Eleitoral\",\"datePublished\":\"2025-08-13T13:53:53+00:00\",\"dateModified\":\"2025-08-13T13:53:55+00:00\",\"mainEntityOfPage\":{\"@id\":\"https:\/\/jornalfatosenoticias.com.br\/index.php\/2025\/08\/13\/senador-propoe-cpi-vaza-toga-para-investigar-stf-e-justica-eleitoral\/\"},\"wordCount\":649,\"commentCount\":0,\"publisher\":{\"@id\":\"https:\/\/jornalfatosenoticias.com.br\/#organization\"},\"image\":{\"@id\":\"https:\/\/jornalfatosenoticias.com.br\/index.php\/2025\/08\/13\/senador-propoe-cpi-vaza-toga-para-investigar-stf-e-justica-eleitoral\/#primaryimage\"},\"thumbnailUrl\":\"https:\/\/jornalfatosenoticias.com.br\/wp-content\/uploads\/2025\/08\/tse-2.jpg\",\"keywords\":[\"Alexandre de Moraes\",\"Coronel Zucco\",\"CPI\",\"CPI \u201cVaza Toga\u201d\",\"Eduardo Tagliaferro\",\"Esperidi\u00e3o Amin\",\"Justi\u00e7a Eleitoral\",\"Michael Shellenberger\",\"S\u00f3stenes Cavalcante\",\"STF\",\"TSE\",\"Vaza Toga\"],\"articleSection\":[\"Pol\u00edtica\"],\"inLanguage\":\"pt-BR\",\"potentialAction\":[{\"@type\":\"CommentAction\",\"name\":\"Comment\",\"target\":[\"https:\/\/jornalfatosenoticias.com.br\/index.php\/2025\/08\/13\/senador-propoe-cpi-vaza-toga-para-investigar-stf-e-justica-eleitoral\/#respond\"]}]},{\"@type\":\"WebPage\",\"@id\":\"https:\/\/jornalfatosenoticias.com.br\/index.php\/2025\/08\/13\/senador-propoe-cpi-vaza-toga-para-investigar-stf-e-justica-eleitoral\/\",\"url\":\"https:\/\/jornalfatosenoticias.com.br\/index.php\/2025\/08\/13\/senador-propoe-cpi-vaza-toga-para-investigar-stf-e-justica-eleitoral\/\",\"name\":\"Senador prop\u00f5e CPI \u201cVaza Toga\u201d para investigar STF e Justi\u00e7a Eleitoral - Jornal Fatos e Not\u00edcias\",\"isPartOf\":{\"@id\":\"https:\/\/jornalfatosenoticias.com.br\/#website\"},\"primaryImageOfPage\":{\"@id\":\"https:\/\/jornalfatosenoticias.com.br\/index.php\/2025\/08\/13\/senador-propoe-cpi-vaza-toga-para-investigar-stf-e-justica-eleitoral\/#primaryimage\"},\"image\":{\"@id\":\"https:\/\/jornalfatosenoticias.com.br\/index.php\/2025\/08\/13\/senador-propoe-cpi-vaza-toga-para-investigar-stf-e-justica-eleitoral\/#primaryimage\"},\"thumbnailUrl\":\"https:\/\/jornalfatosenoticias.com.br\/wp-content\/uploads\/2025\/08\/tse-2.jpg\",\"datePublished\":\"2025-08-13T13:53:53+00:00\",\"dateModified\":\"2025-08-13T13:53:55+00:00\",\"breadcrumb\":{\"@id\":\"https:\/\/jornalfatosenoticias.com.br\/index.php\/2025\/08\/13\/senador-propoe-cpi-vaza-toga-para-investigar-stf-e-justica-eleitoral\/#breadcrumb\"},\"inLanguage\":\"pt-BR\",\"potentialAction\":[{\"@type\":\"ReadAction\",\"target\":[\"https:\/\/jornalfatosenoticias.com.br\/index.php\/2025\/08\/13\/senador-propoe-cpi-vaza-toga-para-investigar-stf-e-justica-eleitoral\/\"]}]},{\"@type\":\"ImageObject\",\"inLanguage\":\"pt-BR\",\"@id\":\"https:\/\/jornalfatosenoticias.com.br\/index.php\/2025\/08\/13\/senador-propoe-cpi-vaza-toga-para-investigar-stf-e-justica-eleitoral\/#primaryimage\",\"url\":\"https:\/\/jornalfatosenoticias.com.br\/wp-content\/uploads\/2025\/08\/tse-2.jpg\",\"contentUrl\":\"https:\/\/jornalfatosenoticias.com.br\/wp-content\/uploads\/2025\/08\/tse-2.jpg\",\"width\":640,\"height\":340},{\"@type\":\"BreadcrumbList\",\"@id\":\"https:\/\/jornalfatosenoticias.com.br\/index.php\/2025\/08\/13\/senador-propoe-cpi-vaza-toga-para-investigar-stf-e-justica-eleitoral\/#breadcrumb\",\"itemListElement\":[{\"@type\":\"ListItem\",\"position\":1,\"name\":\"In\u00edcio\",\"item\":\"https:\/\/jornalfatosenoticias.com.br\/\"},{\"@type\":\"ListItem\",\"position\":2,\"name\":\"Senador prop\u00f5e CPI \u201cVaza Toga\u201d para investigar STF e Justi\u00e7a Eleitoral\"}]},{\"@type\":\"WebSite\",\"@id\":\"https:\/\/jornalfatosenoticias.com.br\/#website\",\"url\":\"https:\/\/jornalfatosenoticias.com.br\/\",\"name\":\"Jornal Fatos e Not\u00edcias\",\"description\":\"Not\u00edcias em geral\",\"publisher\":{\"@id\":\"https:\/\/jornalfatosenoticias.com.br\/#organization\"},\"potentialAction\":[{\"@type\":\"SearchAction\",\"target\":{\"@type\":\"EntryPoint\",\"urlTemplate\":\"https:\/\/jornalfatosenoticias.com.br\/?s={search_term_string}\"},\"query-input\":{\"@type\":\"PropertyValueSpecification\",\"valueRequired\":true,\"valueName\":\"search_term_string\"}}],\"inLanguage\":\"pt-BR\"},{\"@type\":\"Organization\",\"@id\":\"https:\/\/jornalfatosenoticias.com.br\/#organization\",\"name\":\"Jornal Fatos e Not\u00edcias\",\"url\":\"https:\/\/jornalfatosenoticias.com.br\/\",\"logo\":{\"@type\":\"ImageObject\",\"inLanguage\":\"pt-BR\",\"@id\":\"https:\/\/jornalfatosenoticias.com.br\/#\/schema\/logo\/image\/\",\"url\":\"https:\/\/jornalfatosenoticias.com.br\/wp-content\/uploads\/2020\/02\/logo120.png\",\"contentUrl\":\"https:\/\/jornalfatosenoticias.com.br\/wp-content\/uploads\/2020\/02\/logo120.png\",\"width\":1227,\"height\":120,\"caption\":\"Jornal Fatos e Not\u00edcias\"},\"image\":{\"@id\":\"https:\/\/jornalfatosenoticias.com.br\/#\/schema\/logo\/image\/\"}},{\"@type\":\"Person\",\"@id\":\"https:\/\/jornalfatosenoticias.com.br\/#\/schema\/person\/d63837fa13ac8666eb9e74e0985d6f81\",\"name\":\"Luzimara Fernandes\",\"image\":{\"@type\":\"ImageObject\",\"inLanguage\":\"pt-BR\",\"@id\":\"https:\/\/jornalfatosenoticias.com.br\/#\/schema\/person\/image\/\",\"url\":\"https:\/\/jornalfatosenoticias.com.br\/wp-content\/uploads\/2025\/05\/EU_portal.jpg\",\"contentUrl\":\"https:\/\/jornalfatosenoticias.com.br\/wp-content\/uploads\/2025\/05\/EU_portal.jpg\",\"caption\":\"Luzimara Fernandes\"},\"description\":\"Jornalista MTB 2358-ES\",\"sameAs\":[\"https:\/\/jornalfatosenoticias.com.br\"],\"url\":\"https:\/\/jornalfatosenoticias.com.br\/index.php\/author\/luzimara\/\"}]}<\/script>\n<!-- \/ Yoast SEO plugin. -->","yoast_head_json":{"title":"Senador prop\u00f5e CPI \u201cVaza Toga\u201d para investigar STF e Justi\u00e7a Eleitoral - Jornal Fatos e Not\u00edcias","robots":{"index":"index","follow":"follow","max-snippet":"max-snippet:-1","max-image-preview":"max-image-preview:large","max-video-preview":"max-video-preview:-1"},"canonical":"https:\/\/jornalfatosenoticias.com.br\/index.php\/2025\/08\/13\/senador-propoe-cpi-vaza-toga-para-investigar-stf-e-justica-eleitoral\/","og_locale":"pt_BR","og_type":"article","og_title":"Senador prop\u00f5e CPI \u201cVaza Toga\u201d para investigar STF e Justi\u00e7a Eleitoral - Jornal Fatos e Not\u00edcias","og_description":"CPI tamb\u00e9m quer investigar atua\u00e7\u00e3o do Tribunal Superior Eleitoral Por Cristiano Maia O senador Esperidi\u00e3o Amin (PP-SC) protocolou um pedido formal para a cria\u00e7\u00e3o da Comiss\u00e3o Parlamentar de Inqu\u00e9rito (CPI) para investigar supostos abusos cometidos pelo Supremo Tribunal Federal (STF) e pela Justi\u00e7a Eleitoral, em especial o Tribunal Superior Eleitoral (TSE), durante o per\u00edodo de [&hellip;]","og_url":"https:\/\/jornalfatosenoticias.com.br\/index.php\/2025\/08\/13\/senador-propoe-cpi-vaza-toga-para-investigar-stf-e-justica-eleitoral\/","og_site_name":"Jornal Fatos e Not\u00edcias","article_published_time":"2025-08-13T13:53:53+00:00","article_modified_time":"2025-08-13T13:53:55+00:00","og_image":[{"width":640,"height":340,"url":"https:\/\/jornalfatosenoticias.com.br\/wp-content\/uploads\/2025\/08\/tse-2.jpg","type":"image\/jpeg"}],"author":"Luzimara Fernandes","twitter_card":"summary_large_image","twitter_misc":{"Escrito por":"Luzimara Fernandes","Est. tempo de leitura":"3 minutos"},"schema":{"@context":"https:\/\/schema.org","@graph":[{"@type":"Article","@id":"https:\/\/jornalfatosenoticias.com.br\/index.php\/2025\/08\/13\/senador-propoe-cpi-vaza-toga-para-investigar-stf-e-justica-eleitoral\/#article","isPartOf":{"@id":"https:\/\/jornalfatosenoticias.com.br\/index.php\/2025\/08\/13\/senador-propoe-cpi-vaza-toga-para-investigar-stf-e-justica-eleitoral\/"},"author":{"name":"Luzimara Fernandes","@id":"https:\/\/jornalfatosenoticias.com.br\/#\/schema\/person\/d63837fa13ac8666eb9e74e0985d6f81"},"headline":"Senador prop\u00f5e CPI \u201cVaza Toga\u201d para investigar STF e Justi\u00e7a Eleitoral","datePublished":"2025-08-13T13:53:53+00:00","dateModified":"2025-08-13T13:53:55+00:00","mainEntityOfPage":{"@id":"https:\/\/jornalfatosenoticias.com.br\/index.php\/2025\/08\/13\/senador-propoe-cpi-vaza-toga-para-investigar-stf-e-justica-eleitoral\/"},"wordCount":649,"commentCount":0,"publisher":{"@id":"https:\/\/jornalfatosenoticias.com.br\/#organization"},"image":{"@id":"https:\/\/jornalfatosenoticias.com.br\/index.php\/2025\/08\/13\/senador-propoe-cpi-vaza-toga-para-investigar-stf-e-justica-eleitoral\/#primaryimage"},"thumbnailUrl":"https:\/\/jornalfatosenoticias.com.br\/wp-content\/uploads\/2025\/08\/tse-2.jpg","keywords":["Alexandre de Moraes","Coronel Zucco","CPI","CPI \u201cVaza Toga\u201d","Eduardo Tagliaferro","Esperidi\u00e3o Amin","Justi\u00e7a Eleitoral","Michael Shellenberger","S\u00f3stenes Cavalcante","STF","TSE","Vaza Toga"],"articleSection":["Pol\u00edtica"],"inLanguage":"pt-BR","potentialAction":[{"@type":"CommentAction","name":"Comment","target":["https:\/\/jornalfatosenoticias.com.br\/index.php\/2025\/08\/13\/senador-propoe-cpi-vaza-toga-para-investigar-stf-e-justica-eleitoral\/#respond"]}]},{"@type":"WebPage","@id":"https:\/\/jornalfatosenoticias.com.br\/index.php\/2025\/08\/13\/senador-propoe-cpi-vaza-toga-para-investigar-stf-e-justica-eleitoral\/","url":"https:\/\/jornalfatosenoticias.com.br\/index.php\/2025\/08\/13\/senador-propoe-cpi-vaza-toga-para-investigar-stf-e-justica-eleitoral\/","name":"Senador prop\u00f5e CPI \u201cVaza Toga\u201d para investigar STF e Justi\u00e7a Eleitoral - Jornal Fatos e Not\u00edcias","isPartOf":{"@id":"https:\/\/jornalfatosenoticias.com.br\/#website"},"primaryImageOfPage":{"@id":"https:\/\/jornalfatosenoticias.com.br\/index.php\/2025\/08\/13\/senador-propoe-cpi-vaza-toga-para-investigar-stf-e-justica-eleitoral\/#primaryimage"},"image":{"@id":"https:\/\/jornalfatosenoticias.com.br\/index.php\/2025\/08\/13\/senador-propoe-cpi-vaza-toga-para-investigar-stf-e-justica-eleitoral\/#primaryimage"},"thumbnailUrl":"https:\/\/jornalfatosenoticias.com.br\/wp-content\/uploads\/2025\/08\/tse-2.jpg","datePublished":"2025-08-13T13:53:53+00:00","dateModified":"2025-08-13T13:53:55+00:00","breadcrumb":{"@id":"https:\/\/jornalfatosenoticias.com.br\/index.php\/2025\/08\/13\/senador-propoe-cpi-vaza-toga-para-investigar-stf-e-justica-eleitoral\/#breadcrumb"},"inLanguage":"pt-BR","potentialAction":[{"@type":"ReadAction","target":["https:\/\/jornalfatosenoticias.com.br\/index.php\/2025\/08\/13\/senador-propoe-cpi-vaza-toga-para-investigar-stf-e-justica-eleitoral\/"]}]},{"@type":"ImageObject","inLanguage":"pt-BR","@id":"https:\/\/jornalfatosenoticias.com.br\/index.php\/2025\/08\/13\/senador-propoe-cpi-vaza-toga-para-investigar-stf-e-justica-eleitoral\/#primaryimage","url":"https:\/\/jornalfatosenoticias.com.br\/wp-content\/uploads\/2025\/08\/tse-2.jpg","contentUrl":"https:\/\/jornalfatosenoticias.com.br\/wp-content\/uploads\/2025\/08\/tse-2.jpg","width":640,"height":340},{"@type":"BreadcrumbList","@id":"https:\/\/jornalfatosenoticias.com.br\/index.php\/2025\/08\/13\/senador-propoe-cpi-vaza-toga-para-investigar-stf-e-justica-eleitoral\/#breadcrumb","itemListElement":[{"@type":"ListItem","position":1,"name":"In\u00edcio","item":"https:\/\/jornalfatosenoticias.com.br\/"},{"@type":"ListItem","position":2,"name":"Senador prop\u00f5e CPI \u201cVaza Toga\u201d para investigar STF e Justi\u00e7a Eleitoral"}]},{"@type":"WebSite","@id":"https:\/\/jornalfatosenoticias.com.br\/#website","url":"https:\/\/jornalfatosenoticias.com.br\/","name":"Jornal Fatos e Not\u00edcias","description":"Not\u00edcias em geral","publisher":{"@id":"https:\/\/jornalfatosenoticias.com.br\/#organization"},"potentialAction":[{"@type":"SearchAction","target":{"@type":"EntryPoint","urlTemplate":"https:\/\/jornalfatosenoticias.com.br\/?s={search_term_string}"},"query-input":{"@type":"PropertyValueSpecification","valueRequired":true,"valueName":"search_term_string"}}],"inLanguage":"pt-BR"},{"@type":"Organization","@id":"https:\/\/jornalfatosenoticias.com.br\/#organization","name":"Jornal Fatos e Not\u00edcias","url":"https:\/\/jornalfatosenoticias.com.br\/","logo":{"@type":"ImageObject","inLanguage":"pt-BR","@id":"https:\/\/jornalfatosenoticias.com.br\/#\/schema\/logo\/image\/","url":"https:\/\/jornalfatosenoticias.com.br\/wp-content\/uploads\/2020\/02\/logo120.png","contentUrl":"https:\/\/jornalfatosenoticias.com.br\/wp-content\/uploads\/2020\/02\/logo120.png","width":1227,"height":120,"caption":"Jornal Fatos e Not\u00edcias"},"image":{"@id":"https:\/\/jornalfatosenoticias.com.br\/#\/schema\/logo\/image\/"}},{"@type":"Person","@id":"https:\/\/jornalfatosenoticias.com.br\/#\/schema\/person\/d63837fa13ac8666eb9e74e0985d6f81","name":"Luzimara Fernandes","image":{"@type":"ImageObject","inLanguage":"pt-BR","@id":"https:\/\/jornalfatosenoticias.com.br\/#\/schema\/person\/image\/","url":"https:\/\/jornalfatosenoticias.com.br\/wp-content\/uploads\/2025\/05\/EU_portal.jpg","contentUrl":"https:\/\/jornalfatosenoticias.com.br\/wp-content\/uploads\/2025\/05\/EU_portal.jpg","caption":"Luzimara Fernandes"},"description":"Jornalista MTB 2358-ES","sameAs":["https:\/\/jornalfatosenoticias.com.br"],"url":"https:\/\/jornalfatosenoticias.com.br\/index.php\/author\/luzimara\/"}]}},"cc_featured_image_caption":{"caption_text":"(Foto: Jos\u00e9 Cruz\/Ag\u00eancia Brasil) ","source_text":"","source_url":""},"jetpack_featured_media_url":"https:\/\/jornalfatosenoticias.com.br\/wp-content\/uploads\/2025\/08\/tse-2.jpg","_links":{"self":[{"href":"https:\/\/jornalfatosenoticias.com.br\/index.php\/wp-json\/wp\/v2\/posts\/61192","targetHints":{"allow":["GET"]}}],"collection":[{"href":"https:\/\/jornalfatosenoticias.com.br\/index.php\/wp-json\/wp\/v2\/posts"}],"about":[{"href":"https:\/\/jornalfatosenoticias.com.br\/index.php\/wp-json\/wp\/v2\/types\/post"}],"author":[{"embeddable":true,"href":"https:\/\/jornalfatosenoticias.com.br\/index.php\/wp-json\/wp\/v2\/users\/2"}],"replies":[{"embeddable":true,"href":"https:\/\/jornalfatosenoticias.com.br\/index.php\/wp-json\/wp\/v2\/comments?post=61192"}],"version-history":[{"count":0,"href":"https:\/\/jornalfatosenoticias.com.br\/index.php\/wp-json\/wp\/v2\/posts\/61192\/revisions"}],"wp:featuredmedia":[{"embeddable":true,"href":"https:\/\/jornalfatosenoticias.com.br\/index.php\/wp-json\/wp\/v2\/media\/61193"}],"wp:attachment":[{"href":"https:\/\/jornalfatosenoticias.com.br\/index.php\/wp-json\/wp\/v2\/media?parent=61192"}],"wp:term":[{"taxonomy":"category","embeddable":true,"href":"https:\/\/jornalfatosenoticias.com.br\/index.php\/wp-json\/wp\/v2\/categories?post=61192"},{"taxonomy":"post_tag","embeddable":true,"href":"https:\/\/jornalfatosenoticias.com.br\/index.php\/wp-json\/wp\/v2\/tags?post=61192"}],"curies":[{"name":"wp","href":"https:\/\/api.w.org\/{rel}","templated":true}]}}