{"id":61195,"date":"2025-08-13T11:17:18","date_gmt":"2025-08-13T14:17:18","guid":{"rendered":"https:\/\/jornalfatosenoticias.com.br\/?p=61195"},"modified":"2025-08-13T11:17:19","modified_gmt":"2025-08-13T14:17:19","slug":"estados-de-oposicao-ao-governo-federal-pagarao-mais-para-compensar-gratuidade-na-conta-de-luz","status":"publish","type":"post","link":"https:\/\/jornalfatosenoticias.com.br\/index.php\/2025\/08\/13\/estados-de-oposicao-ao-governo-federal-pagarao-mais-para-compensar-gratuidade-na-conta-de-luz\/","title":{"rendered":"Estados de oposi\u00e7\u00e3o ao governo federal pagar\u00e3o mais para compensar gratuidade na conta de luz"},"content":{"rendered":"\n<p><em><span class=\"has-inline-color has-black-color\">Tarifa social foi ampliada para consumos de at\u00e9 80 kWh<\/span><\/em><\/p>\n\n\n\n<p><span class=\"has-inline-color has-black-color\">Por <strong><a href=\"https:\/\/www.gazetadopovo.com.br\/autor\/gustavo-ribeiro\/\">Gustavo Ribeiro<\/a><\/strong><\/span><\/p>\n\n\n\n<div class=\"wp-block-image\"><figure class=\"aligncenter size-large\"><a href=\"https:\/\/panper.com.br\/\"><img loading=\"lazy\" decoding=\"async\" width=\"1024\" height=\"111\" src=\"https:\/\/jornalfatosenoticias.com.br\/wp-content\/uploads\/2020\/02\/WhatsApp-Image-2022-09-23-at-12.09.18-1024x111.jpeg\" alt=\"\" class=\"wp-image-34527\" srcset=\"https:\/\/jornalfatosenoticias.com.br\/wp-content\/uploads\/2020\/02\/WhatsApp-Image-2022-09-23-at-12.09.18-1024x111.jpeg 1024w, https:\/\/jornalfatosenoticias.com.br\/wp-content\/uploads\/2020\/02\/WhatsApp-Image-2022-09-23-at-12.09.18-300x32.jpeg 300w, https:\/\/jornalfatosenoticias.com.br\/wp-content\/uploads\/2020\/02\/WhatsApp-Image-2022-09-23-at-12.09.18-768x83.jpeg 768w, https:\/\/jornalfatosenoticias.com.br\/wp-content\/uploads\/2020\/02\/WhatsApp-Image-2022-09-23-at-12.09.18.jpeg 1121w\" sizes=\"auto, (max-width: 1024px) 100vw, 1024px\" \/><\/a><\/figure><\/div>\n\n\n\n<p>Os consumidores dos estados do Sul e do Sudeste, administrados por governos de direita e de oposi\u00e7\u00e3o ao governo federal, s\u00e3o os que pagar\u00e3o a maior parte da conta de luz para viabilizar a nova Tarifa Social de Energia El\u00e9trica (TSEE), como consta na Medida Provis\u00f3ria n.\u00ba 1.300\/2025, que entrou em vigor em 5 de julho. \u00c9 o que aponta um estudo publicado pela Volt Robotics, empresa de consultoria do setor el\u00e9trico.<br>Pela nova norma, h\u00e1 uma simplifica\u00e7\u00e3o nas faixas de consumo com direito \u00e0 tarifa social, dando gratuidade nos primeiros 80 kWh consumidos por fam\u00edlias de baixa renda e garantindo descontos para grupos eleg\u00edveis que tenham consumo de at\u00e9 120 kWh. Isso significa que, ao beneficiar milh\u00f5es de fam\u00edlias, o governo federal repassar\u00e1 esse custo aos demais consumidores. Na regra anterior, o consumidor baixa renda pagava 40% menos que um residencial convencional na conta de luz. A diferen\u00e7a agora \u00e9 de 60%.<\/p>\n\n\n\n<div class=\"wp-block-image\"><figure class=\"aligncenter size-large is-resized\"><a href=\"https:\/\/www.facebook.com\/profile.php?id=100069289606145\"><img loading=\"lazy\" decoding=\"async\" src=\"https:\/\/jornalfatosenoticias.com.br\/wp-content\/uploads\/2024\/11\/Guaitolini-Contabilidade-1024x714.jpeg\" alt=\"\" class=\"wp-image-55808\" width=\"350\" height=\"244\" srcset=\"https:\/\/jornalfatosenoticias.com.br\/wp-content\/uploads\/2024\/11\/Guaitolini-Contabilidade-1024x714.jpeg 1024w, https:\/\/jornalfatosenoticias.com.br\/wp-content\/uploads\/2024\/11\/Guaitolini-Contabilidade-300x209.jpeg 300w, https:\/\/jornalfatosenoticias.com.br\/wp-content\/uploads\/2024\/11\/Guaitolini-Contabilidade-768x535.jpeg 768w, https:\/\/jornalfatosenoticias.com.br\/wp-content\/uploads\/2024\/11\/Guaitolini-Contabilidade.jpeg 1280w\" sizes=\"auto, (max-width: 350px) 100vw, 350px\" \/><\/a><\/figure><\/div>\n\n\n\n<p>Na faixa de at\u00e9 80 kWh, cerca de 27 milh\u00f5es de fam\u00edlias deixar\u00e3o de pagar R$ 5,3 bilh\u00f5es por ano de conta de luz. Na linha seguinte, at\u00e9 120 kWh \u2014 dependendo se s\u00e3o eleg\u00edveis \u2014 ser\u00e3o 11,8 milh\u00f5es de unidades consumidoras que economizar\u00e3o R$ 1,5 bilh\u00e3o. Como entrou em vigor em julho, o custo dos subs\u00eddios para baixa renda ser\u00e1 proporcional, e alcan\u00e7ar\u00e1 R$ 10,1 bilh\u00f5es em 2025.<\/p>\n\n\n\n<div class=\"wp-block-image\"><figure class=\"aligncenter size-large\"><a href=\"https:\/\/www.cesconetto.com.br\/\"><img loading=\"lazy\" decoding=\"async\" width=\"300\" height=\"250\" src=\"https:\/\/jornalfatosenoticias.com.br\/wp-content\/uploads\/2022\/02\/Banner-2.png\" alt=\"\" class=\"wp-image-27877\"\/><\/a><\/figure><\/div>\n\n\n\n<blockquote class=\"wp-block-quote is-layout-flow wp-block-quote-is-layout-flow\"><p><span class=\"has-inline-color has-luminous-vivid-orange-color\">Isso significa que, ao beneficiar milh\u00f5es de fam\u00edlias, o governo federal repassar\u00e1 esse custo aos demais consumidores. Na regra anterior, o consumidor baixa renda pagava 40% menos que um residencial convencional na conta de luz. A diferen\u00e7a agora \u00e9 de 60%.<\/span><\/p><\/blockquote>\n\n\n\n<div class=\"wp-block-image\"><figure class=\"aligncenter size-large is-resized\"><a href=\"https:\/\/www.instagram.com\/restaurantepegoretti\/\"><img loading=\"lazy\" decoding=\"async\" src=\"https:\/\/jornalfatosenoticias.com.br\/wp-content\/uploads\/2023\/12\/pegoretti-logo-pdf-1024x389.jpg\" alt=\"\" class=\"wp-image-47536\" width=\"519\" height=\"197\" srcset=\"https:\/\/jornalfatosenoticias.com.br\/wp-content\/uploads\/2023\/12\/pegoretti-logo-pdf-1024x389.jpg 1024w, https:\/\/jornalfatosenoticias.com.br\/wp-content\/uploads\/2023\/12\/pegoretti-logo-pdf-300x114.jpg 300w, https:\/\/jornalfatosenoticias.com.br\/wp-content\/uploads\/2023\/12\/pegoretti-logo-pdf-768x291.jpg 768w, https:\/\/jornalfatosenoticias.com.br\/wp-content\/uploads\/2023\/12\/pegoretti-logo-pdf.jpg 1120w\" sizes=\"auto, (max-width: 519px) 100vw, 519px\" \/><\/a><\/figure><\/div>\n\n\n\n<p>De acordo com o levantamento da Volt Robotics, para compensar essas distor\u00e7\u00f5es, todos os consumidores que n\u00e3o est\u00e3o inclusos na tarifa social de energia el\u00e9trica ter\u00e3o aumento na conta de luz, dentro de cada estado. Isso significa que haver\u00e1 um d\u00e9ficit em algumas unidades da federa\u00e7\u00e3o, com os consumidores custeando mais do que o volume de descontos a serem concedidos aos consumidores baixa renda.<\/p>\n\n\n\n<div class=\"wp-block-image\"><figure class=\"aligncenter size-large is-resized\"><a href=\"https:\/\/www.instagram.com\/rcradiadores\/\"><img loading=\"lazy\" decoding=\"async\" src=\"https:\/\/jornalfatosenoticias.com.br\/wp-content\/uploads\/2022\/10\/RC_800x750_page-0001.jpg\" alt=\"\" class=\"wp-image-35338\" width=\"305\" height=\"286\" srcset=\"https:\/\/jornalfatosenoticias.com.br\/wp-content\/uploads\/2022\/10\/RC_800x750_page-0001.jpg 400w, https:\/\/jornalfatosenoticias.com.br\/wp-content\/uploads\/2022\/10\/RC_800x750_page-0001-300x281.jpg 300w\" sizes=\"auto, (max-width: 305px) 100vw, 305px\" \/><\/a><\/figure><\/div>\n\n\n\n<p>Por exemplo, S\u00e3o Paulo receber\u00e1 12,1% dos descontos, mas custear\u00e1 31% dos descontos na tarifa social de energia, somando o maior d\u00e9ficit entre os estados: R$ 988 milh\u00f5es. Na outra ponta, a Bahia ter\u00e1 um super\u00e1vit de R$ 427 milh\u00f5es.<\/p>\n\n\n\n<div class=\"wp-block-image\"><figure class=\"aligncenter size-large is-resized\"><a href=\"https:\/\/www.instagram.com\/serra4x4cambioautomatico\/\"><img loading=\"lazy\" decoding=\"async\" src=\"https:\/\/jornalfatosenoticias.com.br\/wp-content\/uploads\/2024\/08\/Serra-4x4-1-886x1024.jpg\" alt=\"\" class=\"wp-image-53632\" width=\"243\" height=\"281\" srcset=\"https:\/\/jornalfatosenoticias.com.br\/wp-content\/uploads\/2024\/08\/Serra-4x4-1-886x1024.jpg 886w, https:\/\/jornalfatosenoticias.com.br\/wp-content\/uploads\/2024\/08\/Serra-4x4-1-260x300.jpg 260w, https:\/\/jornalfatosenoticias.com.br\/wp-content\/uploads\/2024\/08\/Serra-4x4-1-768x888.jpg 768w, https:\/\/jornalfatosenoticias.com.br\/wp-content\/uploads\/2024\/08\/Serra-4x4-1.jpg 1181w\" sizes=\"auto, (max-width: 243px) 100vw, 243px\" \/><\/a><\/figure><\/div>\n\n\n\n<h3 class=\"wp-block-heading\"><span class=\"has-inline-color has-black-color\">Impacto l\u00edquido por estado<\/span><\/h3>\n\n\n\n<div class=\"wp-block-image\"><figure class=\"aligncenter size-large\"><img loading=\"lazy\" decoding=\"async\" width=\"704\" height=\"496\" src=\"https:\/\/jornalfatosenoticias.com.br\/wp-content\/uploads\/2025\/08\/grafico-energia.jpg\" alt=\"\" class=\"wp-image-61196\" srcset=\"https:\/\/jornalfatosenoticias.com.br\/wp-content\/uploads\/2025\/08\/grafico-energia.jpg 704w, https:\/\/jornalfatosenoticias.com.br\/wp-content\/uploads\/2025\/08\/grafico-energia-300x211.jpg 300w\" sizes=\"auto, (max-width: 704px) 100vw, 704px\" \/><\/figure><\/div>\n\n\n\n<p><strong>Fonte: <a href=\"https:\/\/www.gazetadopovo.com.br\/brasil\/estados-oposicao-governo-federal-pagarao-mais-para-compensar-gratuidade-na-conta-de-luz\/\">Gazeta do Povo<\/a><\/strong><\/p>\n","protected":false},"excerpt":{"rendered":"<p>Tarifa social foi ampliada para consumos de at\u00e9 80 kWh Por Gustavo Ribeiro Os consumidores dos estados do Sul e do Sudeste, administrados por governos de direita e de oposi\u00e7\u00e3o ao governo federal, s\u00e3o os que pagar\u00e3o a maior parte da conta de luz para viabilizar a nova Tarifa Social de Energia El\u00e9trica (TSEE), como [&hellip;]<\/p>\n","protected":false},"author":2,"featured_media":61197,"comment_status":"open","ping_status":"open","sticky":false,"template":"","format":"standard","meta":{"footnotes":""},"categories":[9],"tags":[2528,27874,12892,1576],"class_list":["post-61195","post","type-post","status-publish","format-standard","has-post-thumbnail","hentry","category-economia","tag-conta-de-luz","tag-descontos-conta-de-luz","tag-setor-eletrico","tag-tarifa-social"],"yoast_head":"<!-- This site is optimized with the Yoast SEO plugin v26.5 - https:\/\/yoast.com\/wordpress\/plugins\/seo\/ -->\n<title>Estados de oposi\u00e7\u00e3o ao governo federal pagar\u00e3o mais para compensar gratuidade na conta de luz - Jornal Fatos e Not\u00edcias<\/title>\n<meta name=\"robots\" content=\"index, follow, max-snippet:-1, max-image-preview:large, max-video-preview:-1\" \/>\n<link rel=\"canonical\" href=\"https:\/\/jornalfatosenoticias.com.br\/index.php\/2025\/08\/13\/estados-de-oposicao-ao-governo-federal-pagarao-mais-para-compensar-gratuidade-na-conta-de-luz\/\" \/>\n<meta property=\"og:locale\" content=\"pt_BR\" \/>\n<meta property=\"og:type\" content=\"article\" \/>\n<meta property=\"og:title\" content=\"Estados de oposi\u00e7\u00e3o ao governo federal pagar\u00e3o mais para compensar gratuidade na conta de luz - Jornal Fatos e Not\u00edcias\" \/>\n<meta property=\"og:description\" content=\"Tarifa social foi ampliada para consumos de at\u00e9 80 kWh Por Gustavo Ribeiro Os consumidores dos estados do Sul e do Sudeste, administrados por governos de direita e de oposi\u00e7\u00e3o ao governo federal, s\u00e3o os que pagar\u00e3o a maior parte da conta de luz para viabilizar a nova Tarifa Social de Energia El\u00e9trica (TSEE), como [&hellip;]\" \/>\n<meta property=\"og:url\" content=\"https:\/\/jornalfatosenoticias.com.br\/index.php\/2025\/08\/13\/estados-de-oposicao-ao-governo-federal-pagarao-mais-para-compensar-gratuidade-na-conta-de-luz\/\" \/>\n<meta property=\"og:site_name\" content=\"Jornal Fatos e Not\u00edcias\" \/>\n<meta property=\"article:published_time\" content=\"2025-08-13T14:17:18+00:00\" \/>\n<meta property=\"article:modified_time\" content=\"2025-08-13T14:17:19+00:00\" \/>\n<meta property=\"og:image\" content=\"https:\/\/jornalfatosenoticias.com.br\/wp-content\/uploads\/2025\/08\/energia-eletrica-tarifa-social-chatgpt.jpg\" \/>\n\t<meta property=\"og:image:width\" content=\"960\" \/>\n\t<meta property=\"og:image:height\" content=\"540\" \/>\n\t<meta property=\"og:image:type\" content=\"image\/jpeg\" \/>\n<meta name=\"author\" content=\"Luzimara Fernandes\" \/>\n<meta name=\"twitter:card\" content=\"summary_large_image\" \/>\n<meta name=\"twitter:label1\" content=\"Escrito por\" \/>\n\t<meta name=\"twitter:data1\" content=\"Luzimara Fernandes\" \/>\n\t<meta name=\"twitter:label2\" content=\"Est. tempo de leitura\" \/>\n\t<meta name=\"twitter:data2\" content=\"2 minutos\" \/>\n<script type=\"application\/ld+json\" class=\"yoast-schema-graph\">{\"@context\":\"https:\/\/schema.org\",\"@graph\":[{\"@type\":\"Article\",\"@id\":\"https:\/\/jornalfatosenoticias.com.br\/index.php\/2025\/08\/13\/estados-de-oposicao-ao-governo-federal-pagarao-mais-para-compensar-gratuidade-na-conta-de-luz\/#article\",\"isPartOf\":{\"@id\":\"https:\/\/jornalfatosenoticias.com.br\/index.php\/2025\/08\/13\/estados-de-oposicao-ao-governo-federal-pagarao-mais-para-compensar-gratuidade-na-conta-de-luz\/\"},\"author\":{\"name\":\"Luzimara Fernandes\",\"@id\":\"https:\/\/jornalfatosenoticias.com.br\/#\/schema\/person\/d63837fa13ac8666eb9e74e0985d6f81\"},\"headline\":\"Estados de oposi\u00e7\u00e3o ao governo federal pagar\u00e3o mais para compensar gratuidade na conta de luz\",\"datePublished\":\"2025-08-13T14:17:18+00:00\",\"dateModified\":\"2025-08-13T14:17:19+00:00\",\"mainEntityOfPage\":{\"@id\":\"https:\/\/jornalfatosenoticias.com.br\/index.php\/2025\/08\/13\/estados-de-oposicao-ao-governo-federal-pagarao-mais-para-compensar-gratuidade-na-conta-de-luz\/\"},\"wordCount\":419,\"commentCount\":0,\"publisher\":{\"@id\":\"https:\/\/jornalfatosenoticias.com.br\/#organization\"},\"image\":{\"@id\":\"https:\/\/jornalfatosenoticias.com.br\/index.php\/2025\/08\/13\/estados-de-oposicao-ao-governo-federal-pagarao-mais-para-compensar-gratuidade-na-conta-de-luz\/#primaryimage\"},\"thumbnailUrl\":\"https:\/\/jornalfatosenoticias.com.br\/wp-content\/uploads\/2025\/08\/energia-eletrica-tarifa-social-chatgpt.jpg\",\"keywords\":[\"conta de luz\",\"descontos conta de luz\",\"setor el\u00e9trico\",\"tarifa social\"],\"articleSection\":[\"Economia\"],\"inLanguage\":\"pt-BR\",\"potentialAction\":[{\"@type\":\"CommentAction\",\"name\":\"Comment\",\"target\":[\"https:\/\/jornalfatosenoticias.com.br\/index.php\/2025\/08\/13\/estados-de-oposicao-ao-governo-federal-pagarao-mais-para-compensar-gratuidade-na-conta-de-luz\/#respond\"]}]},{\"@type\":\"WebPage\",\"@id\":\"https:\/\/jornalfatosenoticias.com.br\/index.php\/2025\/08\/13\/estados-de-oposicao-ao-governo-federal-pagarao-mais-para-compensar-gratuidade-na-conta-de-luz\/\",\"url\":\"https:\/\/jornalfatosenoticias.com.br\/index.php\/2025\/08\/13\/estados-de-oposicao-ao-governo-federal-pagarao-mais-para-compensar-gratuidade-na-conta-de-luz\/\",\"name\":\"Estados de oposi\u00e7\u00e3o ao governo federal pagar\u00e3o mais para compensar gratuidade na conta de luz - Jornal Fatos e Not\u00edcias\",\"isPartOf\":{\"@id\":\"https:\/\/jornalfatosenoticias.com.br\/#website\"},\"primaryImageOfPage\":{\"@id\":\"https:\/\/jornalfatosenoticias.com.br\/index.php\/2025\/08\/13\/estados-de-oposicao-ao-governo-federal-pagarao-mais-para-compensar-gratuidade-na-conta-de-luz\/#primaryimage\"},\"image\":{\"@id\":\"https:\/\/jornalfatosenoticias.com.br\/index.php\/2025\/08\/13\/estados-de-oposicao-ao-governo-federal-pagarao-mais-para-compensar-gratuidade-na-conta-de-luz\/#primaryimage\"},\"thumbnailUrl\":\"https:\/\/jornalfatosenoticias.com.br\/wp-content\/uploads\/2025\/08\/energia-eletrica-tarifa-social-chatgpt.jpg\",\"datePublished\":\"2025-08-13T14:17:18+00:00\",\"dateModified\":\"2025-08-13T14:17:19+00:00\",\"breadcrumb\":{\"@id\":\"https:\/\/jornalfatosenoticias.com.br\/index.php\/2025\/08\/13\/estados-de-oposicao-ao-governo-federal-pagarao-mais-para-compensar-gratuidade-na-conta-de-luz\/#breadcrumb\"},\"inLanguage\":\"pt-BR\",\"potentialAction\":[{\"@type\":\"ReadAction\",\"target\":[\"https:\/\/jornalfatosenoticias.com.br\/index.php\/2025\/08\/13\/estados-de-oposicao-ao-governo-federal-pagarao-mais-para-compensar-gratuidade-na-conta-de-luz\/\"]}]},{\"@type\":\"ImageObject\",\"inLanguage\":\"pt-BR\",\"@id\":\"https:\/\/jornalfatosenoticias.com.br\/index.php\/2025\/08\/13\/estados-de-oposicao-ao-governo-federal-pagarao-mais-para-compensar-gratuidade-na-conta-de-luz\/#primaryimage\",\"url\":\"https:\/\/jornalfatosenoticias.com.br\/wp-content\/uploads\/2025\/08\/energia-eletrica-tarifa-social-chatgpt.jpg\",\"contentUrl\":\"https:\/\/jornalfatosenoticias.com.br\/wp-content\/uploads\/2025\/08\/energia-eletrica-tarifa-social-chatgpt.jpg\",\"width\":960,\"height\":540},{\"@type\":\"BreadcrumbList\",\"@id\":\"https:\/\/jornalfatosenoticias.com.br\/index.php\/2025\/08\/13\/estados-de-oposicao-ao-governo-federal-pagarao-mais-para-compensar-gratuidade-na-conta-de-luz\/#breadcrumb\",\"itemListElement\":[{\"@type\":\"ListItem\",\"position\":1,\"name\":\"In\u00edcio\",\"item\":\"https:\/\/jornalfatosenoticias.com.br\/\"},{\"@type\":\"ListItem\",\"position\":2,\"name\":\"Estados de oposi\u00e7\u00e3o ao governo federal pagar\u00e3o mais para compensar gratuidade na conta de luz\"}]},{\"@type\":\"WebSite\",\"@id\":\"https:\/\/jornalfatosenoticias.com.br\/#website\",\"url\":\"https:\/\/jornalfatosenoticias.com.br\/\",\"name\":\"Jornal Fatos e Not\u00edcias\",\"description\":\"Not\u00edcias em geral\",\"publisher\":{\"@id\":\"https:\/\/jornalfatosenoticias.com.br\/#organization\"},\"potentialAction\":[{\"@type\":\"SearchAction\",\"target\":{\"@type\":\"EntryPoint\",\"urlTemplate\":\"https:\/\/jornalfatosenoticias.com.br\/?s={search_term_string}\"},\"query-input\":{\"@type\":\"PropertyValueSpecification\",\"valueRequired\":true,\"valueName\":\"search_term_string\"}}],\"inLanguage\":\"pt-BR\"},{\"@type\":\"Organization\",\"@id\":\"https:\/\/jornalfatosenoticias.com.br\/#organization\",\"name\":\"Jornal Fatos e Not\u00edcias\",\"url\":\"https:\/\/jornalfatosenoticias.com.br\/\",\"logo\":{\"@type\":\"ImageObject\",\"inLanguage\":\"pt-BR\",\"@id\":\"https:\/\/jornalfatosenoticias.com.br\/#\/schema\/logo\/image\/\",\"url\":\"https:\/\/jornalfatosenoticias.com.br\/wp-content\/uploads\/2020\/02\/logo120.png\",\"contentUrl\":\"https:\/\/jornalfatosenoticias.com.br\/wp-content\/uploads\/2020\/02\/logo120.png\",\"width\":1227,\"height\":120,\"caption\":\"Jornal Fatos e Not\u00edcias\"},\"image\":{\"@id\":\"https:\/\/jornalfatosenoticias.com.br\/#\/schema\/logo\/image\/\"}},{\"@type\":\"Person\",\"@id\":\"https:\/\/jornalfatosenoticias.com.br\/#\/schema\/person\/d63837fa13ac8666eb9e74e0985d6f81\",\"name\":\"Luzimara Fernandes\",\"image\":{\"@type\":\"ImageObject\",\"inLanguage\":\"pt-BR\",\"@id\":\"https:\/\/jornalfatosenoticias.com.br\/#\/schema\/person\/image\/\",\"url\":\"https:\/\/jornalfatosenoticias.com.br\/wp-content\/uploads\/2025\/05\/EU_portal.jpg\",\"contentUrl\":\"https:\/\/jornalfatosenoticias.com.br\/wp-content\/uploads\/2025\/05\/EU_portal.jpg\",\"caption\":\"Luzimara Fernandes\"},\"description\":\"Jornalista MTB 2358-ES\",\"sameAs\":[\"https:\/\/jornalfatosenoticias.com.br\"],\"url\":\"https:\/\/jornalfatosenoticias.com.br\/index.php\/author\/luzimara\/\"}]}<\/script>\n<!-- \/ Yoast SEO plugin. -->","yoast_head_json":{"title":"Estados de oposi\u00e7\u00e3o ao governo federal pagar\u00e3o mais para compensar gratuidade na conta de luz - Jornal Fatos e Not\u00edcias","robots":{"index":"index","follow":"follow","max-snippet":"max-snippet:-1","max-image-preview":"max-image-preview:large","max-video-preview":"max-video-preview:-1"},"canonical":"https:\/\/jornalfatosenoticias.com.br\/index.php\/2025\/08\/13\/estados-de-oposicao-ao-governo-federal-pagarao-mais-para-compensar-gratuidade-na-conta-de-luz\/","og_locale":"pt_BR","og_type":"article","og_title":"Estados de oposi\u00e7\u00e3o ao governo federal pagar\u00e3o mais para compensar gratuidade na conta de luz - Jornal Fatos e Not\u00edcias","og_description":"Tarifa social foi ampliada para consumos de at\u00e9 80 kWh Por Gustavo Ribeiro Os consumidores dos estados do Sul e do Sudeste, administrados por governos de direita e de oposi\u00e7\u00e3o ao governo federal, s\u00e3o os que pagar\u00e3o a maior parte da conta de luz para viabilizar a nova Tarifa Social de Energia El\u00e9trica (TSEE), como [&hellip;]","og_url":"https:\/\/jornalfatosenoticias.com.br\/index.php\/2025\/08\/13\/estados-de-oposicao-ao-governo-federal-pagarao-mais-para-compensar-gratuidade-na-conta-de-luz\/","og_site_name":"Jornal Fatos e Not\u00edcias","article_published_time":"2025-08-13T14:17:18+00:00","article_modified_time":"2025-08-13T14:17:19+00:00","og_image":[{"width":960,"height":540,"url":"https:\/\/jornalfatosenoticias.com.br\/wp-content\/uploads\/2025\/08\/energia-eletrica-tarifa-social-chatgpt.jpg","type":"image\/jpeg"}],"author":"Luzimara Fernandes","twitter_card":"summary_large_image","twitter_misc":{"Escrito por":"Luzimara Fernandes","Est. tempo de leitura":"2 minutos"},"schema":{"@context":"https:\/\/schema.org","@graph":[{"@type":"Article","@id":"https:\/\/jornalfatosenoticias.com.br\/index.php\/2025\/08\/13\/estados-de-oposicao-ao-governo-federal-pagarao-mais-para-compensar-gratuidade-na-conta-de-luz\/#article","isPartOf":{"@id":"https:\/\/jornalfatosenoticias.com.br\/index.php\/2025\/08\/13\/estados-de-oposicao-ao-governo-federal-pagarao-mais-para-compensar-gratuidade-na-conta-de-luz\/"},"author":{"name":"Luzimara Fernandes","@id":"https:\/\/jornalfatosenoticias.com.br\/#\/schema\/person\/d63837fa13ac8666eb9e74e0985d6f81"},"headline":"Estados de oposi\u00e7\u00e3o ao governo federal pagar\u00e3o mais para compensar gratuidade na conta de luz","datePublished":"2025-08-13T14:17:18+00:00","dateModified":"2025-08-13T14:17:19+00:00","mainEntityOfPage":{"@id":"https:\/\/jornalfatosenoticias.com.br\/index.php\/2025\/08\/13\/estados-de-oposicao-ao-governo-federal-pagarao-mais-para-compensar-gratuidade-na-conta-de-luz\/"},"wordCount":419,"commentCount":0,"publisher":{"@id":"https:\/\/jornalfatosenoticias.com.br\/#organization"},"image":{"@id":"https:\/\/jornalfatosenoticias.com.br\/index.php\/2025\/08\/13\/estados-de-oposicao-ao-governo-federal-pagarao-mais-para-compensar-gratuidade-na-conta-de-luz\/#primaryimage"},"thumbnailUrl":"https:\/\/jornalfatosenoticias.com.br\/wp-content\/uploads\/2025\/08\/energia-eletrica-tarifa-social-chatgpt.jpg","keywords":["conta de luz","descontos conta de luz","setor el\u00e9trico","tarifa social"],"articleSection":["Economia"],"inLanguage":"pt-BR","potentialAction":[{"@type":"CommentAction","name":"Comment","target":["https:\/\/jornalfatosenoticias.com.br\/index.php\/2025\/08\/13\/estados-de-oposicao-ao-governo-federal-pagarao-mais-para-compensar-gratuidade-na-conta-de-luz\/#respond"]}]},{"@type":"WebPage","@id":"https:\/\/jornalfatosenoticias.com.br\/index.php\/2025\/08\/13\/estados-de-oposicao-ao-governo-federal-pagarao-mais-para-compensar-gratuidade-na-conta-de-luz\/","url":"https:\/\/jornalfatosenoticias.com.br\/index.php\/2025\/08\/13\/estados-de-oposicao-ao-governo-federal-pagarao-mais-para-compensar-gratuidade-na-conta-de-luz\/","name":"Estados de oposi\u00e7\u00e3o ao governo federal pagar\u00e3o mais para compensar gratuidade na conta de luz - Jornal Fatos e Not\u00edcias","isPartOf":{"@id":"https:\/\/jornalfatosenoticias.com.br\/#website"},"primaryImageOfPage":{"@id":"https:\/\/jornalfatosenoticias.com.br\/index.php\/2025\/08\/13\/estados-de-oposicao-ao-governo-federal-pagarao-mais-para-compensar-gratuidade-na-conta-de-luz\/#primaryimage"},"image":{"@id":"https:\/\/jornalfatosenoticias.com.br\/index.php\/2025\/08\/13\/estados-de-oposicao-ao-governo-federal-pagarao-mais-para-compensar-gratuidade-na-conta-de-luz\/#primaryimage"},"thumbnailUrl":"https:\/\/jornalfatosenoticias.com.br\/wp-content\/uploads\/2025\/08\/energia-eletrica-tarifa-social-chatgpt.jpg","datePublished":"2025-08-13T14:17:18+00:00","dateModified":"2025-08-13T14:17:19+00:00","breadcrumb":{"@id":"https:\/\/jornalfatosenoticias.com.br\/index.php\/2025\/08\/13\/estados-de-oposicao-ao-governo-federal-pagarao-mais-para-compensar-gratuidade-na-conta-de-luz\/#breadcrumb"},"inLanguage":"pt-BR","potentialAction":[{"@type":"ReadAction","target":["https:\/\/jornalfatosenoticias.com.br\/index.php\/2025\/08\/13\/estados-de-oposicao-ao-governo-federal-pagarao-mais-para-compensar-gratuidade-na-conta-de-luz\/"]}]},{"@type":"ImageObject","inLanguage":"pt-BR","@id":"https:\/\/jornalfatosenoticias.com.br\/index.php\/2025\/08\/13\/estados-de-oposicao-ao-governo-federal-pagarao-mais-para-compensar-gratuidade-na-conta-de-luz\/#primaryimage","url":"https:\/\/jornalfatosenoticias.com.br\/wp-content\/uploads\/2025\/08\/energia-eletrica-tarifa-social-chatgpt.jpg","contentUrl":"https:\/\/jornalfatosenoticias.com.br\/wp-content\/uploads\/2025\/08\/energia-eletrica-tarifa-social-chatgpt.jpg","width":960,"height":540},{"@type":"BreadcrumbList","@id":"https:\/\/jornalfatosenoticias.com.br\/index.php\/2025\/08\/13\/estados-de-oposicao-ao-governo-federal-pagarao-mais-para-compensar-gratuidade-na-conta-de-luz\/#breadcrumb","itemListElement":[{"@type":"ListItem","position":1,"name":"In\u00edcio","item":"https:\/\/jornalfatosenoticias.com.br\/"},{"@type":"ListItem","position":2,"name":"Estados de oposi\u00e7\u00e3o ao governo federal pagar\u00e3o mais para compensar gratuidade na conta de luz"}]},{"@type":"WebSite","@id":"https:\/\/jornalfatosenoticias.com.br\/#website","url":"https:\/\/jornalfatosenoticias.com.br\/","name":"Jornal Fatos e Not\u00edcias","description":"Not\u00edcias em geral","publisher":{"@id":"https:\/\/jornalfatosenoticias.com.br\/#organization"},"potentialAction":[{"@type":"SearchAction","target":{"@type":"EntryPoint","urlTemplate":"https:\/\/jornalfatosenoticias.com.br\/?s={search_term_string}"},"query-input":{"@type":"PropertyValueSpecification","valueRequired":true,"valueName":"search_term_string"}}],"inLanguage":"pt-BR"},{"@type":"Organization","@id":"https:\/\/jornalfatosenoticias.com.br\/#organization","name":"Jornal Fatos e Not\u00edcias","url":"https:\/\/jornalfatosenoticias.com.br\/","logo":{"@type":"ImageObject","inLanguage":"pt-BR","@id":"https:\/\/jornalfatosenoticias.com.br\/#\/schema\/logo\/image\/","url":"https:\/\/jornalfatosenoticias.com.br\/wp-content\/uploads\/2020\/02\/logo120.png","contentUrl":"https:\/\/jornalfatosenoticias.com.br\/wp-content\/uploads\/2020\/02\/logo120.png","width":1227,"height":120,"caption":"Jornal Fatos e Not\u00edcias"},"image":{"@id":"https:\/\/jornalfatosenoticias.com.br\/#\/schema\/logo\/image\/"}},{"@type":"Person","@id":"https:\/\/jornalfatosenoticias.com.br\/#\/schema\/person\/d63837fa13ac8666eb9e74e0985d6f81","name":"Luzimara Fernandes","image":{"@type":"ImageObject","inLanguage":"pt-BR","@id":"https:\/\/jornalfatosenoticias.com.br\/#\/schema\/person\/image\/","url":"https:\/\/jornalfatosenoticias.com.br\/wp-content\/uploads\/2025\/05\/EU_portal.jpg","contentUrl":"https:\/\/jornalfatosenoticias.com.br\/wp-content\/uploads\/2025\/05\/EU_portal.jpg","caption":"Luzimara Fernandes"},"description":"Jornalista MTB 2358-ES","sameAs":["https:\/\/jornalfatosenoticias.com.br"],"url":"https:\/\/jornalfatosenoticias.com.br\/index.php\/author\/luzimara\/"}]}},"cc_featured_image_caption":{"caption_text":"(Foto: Imagem criada utilizando ChatGPT\/Gazeta do Povo)","source_text":"","source_url":""},"jetpack_featured_media_url":"https:\/\/jornalfatosenoticias.com.br\/wp-content\/uploads\/2025\/08\/energia-eletrica-tarifa-social-chatgpt.jpg","_links":{"self":[{"href":"https:\/\/jornalfatosenoticias.com.br\/index.php\/wp-json\/wp\/v2\/posts\/61195","targetHints":{"allow":["GET"]}}],"collection":[{"href":"https:\/\/jornalfatosenoticias.com.br\/index.php\/wp-json\/wp\/v2\/posts"}],"about":[{"href":"https:\/\/jornalfatosenoticias.com.br\/index.php\/wp-json\/wp\/v2\/types\/post"}],"author":[{"embeddable":true,"href":"https:\/\/jornalfatosenoticias.com.br\/index.php\/wp-json\/wp\/v2\/users\/2"}],"replies":[{"embeddable":true,"href":"https:\/\/jornalfatosenoticias.com.br\/index.php\/wp-json\/wp\/v2\/comments?post=61195"}],"version-history":[{"count":0,"href":"https:\/\/jornalfatosenoticias.com.br\/index.php\/wp-json\/wp\/v2\/posts\/61195\/revisions"}],"wp:featuredmedia":[{"embeddable":true,"href":"https:\/\/jornalfatosenoticias.com.br\/index.php\/wp-json\/wp\/v2\/media\/61197"}],"wp:attachment":[{"href":"https:\/\/jornalfatosenoticias.com.br\/index.php\/wp-json\/wp\/v2\/media?parent=61195"}],"wp:term":[{"taxonomy":"category","embeddable":true,"href":"https:\/\/jornalfatosenoticias.com.br\/index.php\/wp-json\/wp\/v2\/categories?post=61195"},{"taxonomy":"post_tag","embeddable":true,"href":"https:\/\/jornalfatosenoticias.com.br\/index.php\/wp-json\/wp\/v2\/tags?post=61195"}],"curies":[{"name":"wp","href":"https:\/\/api.w.org\/{rel}","templated":true}]}}