{"id":61199,"date":"2025-08-13T11:31:17","date_gmt":"2025-08-13T14:31:17","guid":{"rendered":"https:\/\/jornalfatosenoticias.com.br\/?p=61199"},"modified":"2025-08-13T11:31:19","modified_gmt":"2025-08-13T14:31:19","slug":"eua-mapeiam-escritorios-de-advocacia-e-institutos-ligados-a-familiares-de-ministros-do-stf","status":"publish","type":"post","link":"https:\/\/jornalfatosenoticias.com.br\/index.php\/2025\/08\/13\/eua-mapeiam-escritorios-de-advocacia-e-institutos-ligados-a-familiares-de-ministros-do-stf\/","title":{"rendered":"EUA mapeiam escrit\u00f3rios de advocacia e institutos ligados a familiares de ministros do STF"},"content":{"rendered":"\n<p><em><span class=\"has-inline-color has-black-color\">Levantamento inclui parentes pr\u00f3ximos e redes privadas associadas aos magistrados; a\u00e7\u00e3o mira eventuais san\u00e7\u00f5es sob a Lei Magnitsky<\/span><\/em><\/p>\n\n\n\n<p><span class=\"has-inline-color has-black-color\">Por <strong><a href=\"https:\/\/www.conexaopolitica.com.br\/autor\/raul\/\">Raul Holderf Nascimento<\/a><\/strong><\/span><\/p>\n\n\n\n<div class=\"wp-block-image\"><figure class=\"aligncenter size-large is-resized\"><a href=\"https:\/\/www.legisjuris.com.br\/\"><img loading=\"lazy\" decoding=\"async\" src=\"https:\/\/jornalfatosenoticias.com.br\/wp-content\/uploads\/2024\/09\/Legis-Juris-Consultoria_logo.jpg\" alt=\"\" class=\"wp-image-53915\" width=\"547\" height=\"229\" srcset=\"https:\/\/jornalfatosenoticias.com.br\/wp-content\/uploads\/2024\/09\/Legis-Juris-Consultoria_logo.jpg 969w, https:\/\/jornalfatosenoticias.com.br\/wp-content\/uploads\/2024\/09\/Legis-Juris-Consultoria_logo-300x126.jpg 300w, https:\/\/jornalfatosenoticias.com.br\/wp-content\/uploads\/2024\/09\/Legis-Juris-Consultoria_logo-768x322.jpg 768w\" sizes=\"auto, (max-width: 547px) 100vw, 547px\" \/><\/a><\/figure><\/div>\n\n\n\n<p>O governo dos Estados Unidos iniciou um mapeamento detalhado de escrit\u00f3rios de advocacia pertencentes a familiares de ministros do Supremo Tribunal Federal (STF). A apura\u00e7\u00e3o inclui filhos, c\u00f4njuges e parentes pr\u00f3ximos, bem como institutos de ensino e pesquisa vinculados diretamente aos magistrados.<br>Segundo fontes ligadas \u00e0s discuss\u00f5es em Washington, a medida tem como objetivo identificar poss\u00edveis conex\u00f5es financeiras que possam servir de base para a aplica\u00e7\u00e3o da Lei Magnitsky contra novos alvos na Corte. A legisla\u00e7\u00e3o norte-americana prev\u00ea san\u00e7\u00f5es contra pessoas e entidades envolvidas em corrup\u00e7\u00e3o ou viola\u00e7\u00f5es de direitos humanos, restringindo neg\u00f3cios com cidad\u00e3os e empresas dos Estados Unidos.<\/p>\n\n\n\n<div class=\"wp-block-image\"><figure class=\"aligncenter size-large\"><a href=\"https:\/\/www.cesconetto.com.br\/\"><img loading=\"lazy\" decoding=\"async\" width=\"300\" height=\"250\" src=\"https:\/\/jornalfatosenoticias.com.br\/wp-content\/uploads\/2022\/02\/Banner-2.png\" alt=\"\" class=\"wp-image-27877\"\/><\/a><\/figure><\/div>\n\n\n\n<p>Entre os casos mapeados est\u00e1 o Instituto Brasiliense de Direito P\u00fablico (IDP), fundado pelo ministro Gilmar Mendes, o mais antigo integrante do STF em atividade. A institui\u00e7\u00e3o, sediada em Bras\u00edlia, oferece cursos de gradua\u00e7\u00e3o e p\u00f3s-gradua\u00e7\u00e3o na \u00e1rea jur\u00eddica e \u00e9 considerada de interesse na investiga\u00e7\u00e3o devido ao v\u00ednculo direto com o magistrado.<\/p>\n\n\n\n<div class=\"wp-block-image\"><figure class=\"aligncenter size-large is-resized\"><a href=\"https:\/\/www.facebook.com\/profile.php?id=100069289606145\"><img loading=\"lazy\" decoding=\"async\" src=\"https:\/\/jornalfatosenoticias.com.br\/wp-content\/uploads\/2024\/11\/Guaitolini-Contabilidade-1024x714.jpeg\" alt=\"\" class=\"wp-image-55808\" width=\"337\" height=\"235\" srcset=\"https:\/\/jornalfatosenoticias.com.br\/wp-content\/uploads\/2024\/11\/Guaitolini-Contabilidade-1024x714.jpeg 1024w, https:\/\/jornalfatosenoticias.com.br\/wp-content\/uploads\/2024\/11\/Guaitolini-Contabilidade-300x209.jpeg 300w, https:\/\/jornalfatosenoticias.com.br\/wp-content\/uploads\/2024\/11\/Guaitolini-Contabilidade-768x535.jpeg 768w, https:\/\/jornalfatosenoticias.com.br\/wp-content\/uploads\/2024\/11\/Guaitolini-Contabilidade.jpeg 1280w\" sizes=\"auto, (max-width: 337px) 100vw, 337px\" \/><\/a><\/figure><\/div>\n\n\n\n<p>A amplia\u00e7\u00e3o do monitoramento ocorre ap\u00f3s a inclus\u00e3o do ministro Alexandre de Moraes na lista de alvos da Lei Magnitsky, decis\u00e3o tomada pela administra\u00e7\u00e3o Trump. O levantamento atual \u00e9 tratado como uma medida priorit\u00e1ria, com sinais de que a Casa Branca vai expandir a lista para outros ministros do Supremo. Na ficha, os nomes de Hugo Motta, presidente da C\u00e2mara dos Deputados, e de Davi Alcolumbre, do Senado, tamb\u00e9m est\u00e3o sob avalia\u00e7\u00e3o.<\/p>\n\n\n\n<div class=\"wp-block-image\"><figure class=\"aligncenter size-large is-resized\"><a href=\"https:\/\/panper.com.br\/\"><img loading=\"lazy\" decoding=\"async\" src=\"https:\/\/jornalfatosenoticias.com.br\/wp-content\/uploads\/2023\/03\/logo-Panper_portal.jpg\" alt=\"\" class=\"wp-image-40208\" width=\"326\" height=\"226\" srcset=\"https:\/\/jornalfatosenoticias.com.br\/wp-content\/uploads\/2023\/03\/logo-Panper_portal.jpg 400w, https:\/\/jornalfatosenoticias.com.br\/wp-content\/uploads\/2023\/03\/logo-Panper_portal-300x208.jpg 300w\" sizes=\"auto, (max-width: 326px) 100vw, 326px\" \/><\/a><\/figure><\/div>\n\n\n\n<p><strong>Fonte: <a href=\"https:\/\/www.conexaopolitica.com.br\/internacional\/eua-mapeiam-escritorios-de-advocacia-e-institutos-ligados-a-familiares-de-ministros-do-stf\/\">Conex\u00e3o Pol\u00edtica<\/a><\/strong><\/p>\n","protected":false},"excerpt":{"rendered":"<p>Levantamento inclui parentes pr\u00f3ximos e redes privadas associadas aos magistrados; a\u00e7\u00e3o mira eventuais san\u00e7\u00f5es sob a Lei Magnitsky Por Raul Holderf Nascimento O governo dos Estados Unidos iniciou um mapeamento detalhado de escrit\u00f3rios de advocacia pertencentes a familiares de ministros do Supremo Tribunal Federal (STF). A apura\u00e7\u00e3o inclui filhos, c\u00f4njuges e parentes pr\u00f3ximos, bem como [&hellip;]<\/p>\n","protected":false},"author":2,"featured_media":61200,"comment_status":"open","ping_status":"open","sticky":false,"template":"","format":"standard","meta":{"footnotes":""},"categories":[41],"tags":[13889,2147,159,172,1795,27214,7580,294],"class_list":["post-61199","post","type-post","status-publish","format-standard","has-post-thumbnail","hentry","category-internacional","tag-alexandre-de-moraes","tag-donald-trump","tag-eua","tag-internacional","tag-jair-bolsonaro","tag-lei-magnitsky","tag-lula","tag-stf"],"yoast_head":"<!-- This site is optimized with the Yoast SEO plugin v26.5 - https:\/\/yoast.com\/wordpress\/plugins\/seo\/ -->\n<title>EUA mapeiam escrit\u00f3rios de advocacia e institutos ligados a familiares de ministros do STF - Jornal Fatos e Not\u00edcias<\/title>\n<meta name=\"robots\" content=\"index, follow, max-snippet:-1, max-image-preview:large, max-video-preview:-1\" \/>\n<link rel=\"canonical\" href=\"https:\/\/jornalfatosenoticias.com.br\/index.php\/2025\/08\/13\/eua-mapeiam-escritorios-de-advocacia-e-institutos-ligados-a-familiares-de-ministros-do-stf\/\" \/>\n<meta property=\"og:locale\" content=\"pt_BR\" \/>\n<meta property=\"og:type\" content=\"article\" \/>\n<meta property=\"og:title\" content=\"EUA mapeiam escrit\u00f3rios de advocacia e institutos ligados a familiares de ministros do STF - Jornal Fatos e Not\u00edcias\" \/>\n<meta property=\"og:description\" content=\"Levantamento inclui parentes pr\u00f3ximos e redes privadas associadas aos magistrados; a\u00e7\u00e3o mira eventuais san\u00e7\u00f5es sob a Lei Magnitsky Por Raul Holderf Nascimento O governo dos Estados Unidos iniciou um mapeamento detalhado de escrit\u00f3rios de advocacia pertencentes a familiares de ministros do Supremo Tribunal Federal (STF). A apura\u00e7\u00e3o inclui filhos, c\u00f4njuges e parentes pr\u00f3ximos, bem como [&hellip;]\" \/>\n<meta property=\"og:url\" content=\"https:\/\/jornalfatosenoticias.com.br\/index.php\/2025\/08\/13\/eua-mapeiam-escritorios-de-advocacia-e-institutos-ligados-a-familiares-de-ministros-do-stf\/\" \/>\n<meta property=\"og:site_name\" content=\"Jornal Fatos e Not\u00edcias\" \/>\n<meta property=\"article:published_time\" content=\"2025-08-13T14:31:17+00:00\" \/>\n<meta property=\"article:modified_time\" content=\"2025-08-13T14:31:19+00:00\" \/>\n<meta property=\"og:image\" content=\"https:\/\/jornalfatosenoticias.com.br\/wp-content\/uploads\/2025\/08\/xandao-cabeca-de-ovo.jpeg\" \/>\n\t<meta property=\"og:image:width\" content=\"1000\" \/>\n\t<meta property=\"og:image:height\" content=\"666\" \/>\n\t<meta property=\"og:image:type\" content=\"image\/jpeg\" \/>\n<meta name=\"author\" content=\"Luzimara Fernandes\" \/>\n<meta name=\"twitter:card\" content=\"summary_large_image\" \/>\n<meta name=\"twitter:label1\" content=\"Escrito por\" \/>\n\t<meta name=\"twitter:data1\" content=\"Luzimara Fernandes\" \/>\n\t<meta name=\"twitter:label2\" content=\"Est. tempo de leitura\" \/>\n\t<meta name=\"twitter:data2\" content=\"1 minuto\" \/>\n<script type=\"application\/ld+json\" class=\"yoast-schema-graph\">{\"@context\":\"https:\/\/schema.org\",\"@graph\":[{\"@type\":\"Article\",\"@id\":\"https:\/\/jornalfatosenoticias.com.br\/index.php\/2025\/08\/13\/eua-mapeiam-escritorios-de-advocacia-e-institutos-ligados-a-familiares-de-ministros-do-stf\/#article\",\"isPartOf\":{\"@id\":\"https:\/\/jornalfatosenoticias.com.br\/index.php\/2025\/08\/13\/eua-mapeiam-escritorios-de-advocacia-e-institutos-ligados-a-familiares-de-ministros-do-stf\/\"},\"author\":{\"name\":\"Luzimara Fernandes\",\"@id\":\"https:\/\/jornalfatosenoticias.com.br\/#\/schema\/person\/d63837fa13ac8666eb9e74e0985d6f81\"},\"headline\":\"EUA mapeiam escrit\u00f3rios de advocacia e institutos ligados a familiares de ministros do STF\",\"datePublished\":\"2025-08-13T14:31:17+00:00\",\"dateModified\":\"2025-08-13T14:31:19+00:00\",\"mainEntityOfPage\":{\"@id\":\"https:\/\/jornalfatosenoticias.com.br\/index.php\/2025\/08\/13\/eua-mapeiam-escritorios-de-advocacia-e-institutos-ligados-a-familiares-de-ministros-do-stf\/\"},\"wordCount\":301,\"commentCount\":0,\"publisher\":{\"@id\":\"https:\/\/jornalfatosenoticias.com.br\/#organization\"},\"image\":{\"@id\":\"https:\/\/jornalfatosenoticias.com.br\/index.php\/2025\/08\/13\/eua-mapeiam-escritorios-de-advocacia-e-institutos-ligados-a-familiares-de-ministros-do-stf\/#primaryimage\"},\"thumbnailUrl\":\"https:\/\/jornalfatosenoticias.com.br\/wp-content\/uploads\/2025\/08\/xandao-cabeca-de-ovo.jpeg\",\"keywords\":[\"Alexandre de Moraes\",\"Donald Trump\",\"EUA\",\"internacional\",\"Jair Bolsonaro\",\"Lei Magnitsky\",\"Lula\",\"STF\"],\"articleSection\":[\"Internacional\"],\"inLanguage\":\"pt-BR\",\"potentialAction\":[{\"@type\":\"CommentAction\",\"name\":\"Comment\",\"target\":[\"https:\/\/jornalfatosenoticias.com.br\/index.php\/2025\/08\/13\/eua-mapeiam-escritorios-de-advocacia-e-institutos-ligados-a-familiares-de-ministros-do-stf\/#respond\"]}]},{\"@type\":\"WebPage\",\"@id\":\"https:\/\/jornalfatosenoticias.com.br\/index.php\/2025\/08\/13\/eua-mapeiam-escritorios-de-advocacia-e-institutos-ligados-a-familiares-de-ministros-do-stf\/\",\"url\":\"https:\/\/jornalfatosenoticias.com.br\/index.php\/2025\/08\/13\/eua-mapeiam-escritorios-de-advocacia-e-institutos-ligados-a-familiares-de-ministros-do-stf\/\",\"name\":\"EUA mapeiam escrit\u00f3rios de advocacia e institutos ligados a familiares de ministros do STF - Jornal Fatos e Not\u00edcias\",\"isPartOf\":{\"@id\":\"https:\/\/jornalfatosenoticias.com.br\/#website\"},\"primaryImageOfPage\":{\"@id\":\"https:\/\/jornalfatosenoticias.com.br\/index.php\/2025\/08\/13\/eua-mapeiam-escritorios-de-advocacia-e-institutos-ligados-a-familiares-de-ministros-do-stf\/#primaryimage\"},\"image\":{\"@id\":\"https:\/\/jornalfatosenoticias.com.br\/index.php\/2025\/08\/13\/eua-mapeiam-escritorios-de-advocacia-e-institutos-ligados-a-familiares-de-ministros-do-stf\/#primaryimage\"},\"thumbnailUrl\":\"https:\/\/jornalfatosenoticias.com.br\/wp-content\/uploads\/2025\/08\/xandao-cabeca-de-ovo.jpeg\",\"datePublished\":\"2025-08-13T14:31:17+00:00\",\"dateModified\":\"2025-08-13T14:31:19+00:00\",\"breadcrumb\":{\"@id\":\"https:\/\/jornalfatosenoticias.com.br\/index.php\/2025\/08\/13\/eua-mapeiam-escritorios-de-advocacia-e-institutos-ligados-a-familiares-de-ministros-do-stf\/#breadcrumb\"},\"inLanguage\":\"pt-BR\",\"potentialAction\":[{\"@type\":\"ReadAction\",\"target\":[\"https:\/\/jornalfatosenoticias.com.br\/index.php\/2025\/08\/13\/eua-mapeiam-escritorios-de-advocacia-e-institutos-ligados-a-familiares-de-ministros-do-stf\/\"]}]},{\"@type\":\"ImageObject\",\"inLanguage\":\"pt-BR\",\"@id\":\"https:\/\/jornalfatosenoticias.com.br\/index.php\/2025\/08\/13\/eua-mapeiam-escritorios-de-advocacia-e-institutos-ligados-a-familiares-de-ministros-do-stf\/#primaryimage\",\"url\":\"https:\/\/jornalfatosenoticias.com.br\/wp-content\/uploads\/2025\/08\/xandao-cabeca-de-ovo.jpeg\",\"contentUrl\":\"https:\/\/jornalfatosenoticias.com.br\/wp-content\/uploads\/2025\/08\/xandao-cabeca-de-ovo.jpeg\",\"width\":1000,\"height\":666},{\"@type\":\"BreadcrumbList\",\"@id\":\"https:\/\/jornalfatosenoticias.com.br\/index.php\/2025\/08\/13\/eua-mapeiam-escritorios-de-advocacia-e-institutos-ligados-a-familiares-de-ministros-do-stf\/#breadcrumb\",\"itemListElement\":[{\"@type\":\"ListItem\",\"position\":1,\"name\":\"In\u00edcio\",\"item\":\"https:\/\/jornalfatosenoticias.com.br\/\"},{\"@type\":\"ListItem\",\"position\":2,\"name\":\"EUA mapeiam escrit\u00f3rios de advocacia e institutos ligados a familiares de ministros do STF\"}]},{\"@type\":\"WebSite\",\"@id\":\"https:\/\/jornalfatosenoticias.com.br\/#website\",\"url\":\"https:\/\/jornalfatosenoticias.com.br\/\",\"name\":\"Jornal Fatos e Not\u00edcias\",\"description\":\"Not\u00edcias em geral\",\"publisher\":{\"@id\":\"https:\/\/jornalfatosenoticias.com.br\/#organization\"},\"potentialAction\":[{\"@type\":\"SearchAction\",\"target\":{\"@type\":\"EntryPoint\",\"urlTemplate\":\"https:\/\/jornalfatosenoticias.com.br\/?s={search_term_string}\"},\"query-input\":{\"@type\":\"PropertyValueSpecification\",\"valueRequired\":true,\"valueName\":\"search_term_string\"}}],\"inLanguage\":\"pt-BR\"},{\"@type\":\"Organization\",\"@id\":\"https:\/\/jornalfatosenoticias.com.br\/#organization\",\"name\":\"Jornal Fatos e Not\u00edcias\",\"url\":\"https:\/\/jornalfatosenoticias.com.br\/\",\"logo\":{\"@type\":\"ImageObject\",\"inLanguage\":\"pt-BR\",\"@id\":\"https:\/\/jornalfatosenoticias.com.br\/#\/schema\/logo\/image\/\",\"url\":\"https:\/\/jornalfatosenoticias.com.br\/wp-content\/uploads\/2020\/02\/logo120.png\",\"contentUrl\":\"https:\/\/jornalfatosenoticias.com.br\/wp-content\/uploads\/2020\/02\/logo120.png\",\"width\":1227,\"height\":120,\"caption\":\"Jornal Fatos e Not\u00edcias\"},\"image\":{\"@id\":\"https:\/\/jornalfatosenoticias.com.br\/#\/schema\/logo\/image\/\"}},{\"@type\":\"Person\",\"@id\":\"https:\/\/jornalfatosenoticias.com.br\/#\/schema\/person\/d63837fa13ac8666eb9e74e0985d6f81\",\"name\":\"Luzimara Fernandes\",\"image\":{\"@type\":\"ImageObject\",\"inLanguage\":\"pt-BR\",\"@id\":\"https:\/\/jornalfatosenoticias.com.br\/#\/schema\/person\/image\/\",\"url\":\"https:\/\/jornalfatosenoticias.com.br\/wp-content\/uploads\/2025\/05\/EU_portal.jpg\",\"contentUrl\":\"https:\/\/jornalfatosenoticias.com.br\/wp-content\/uploads\/2025\/05\/EU_portal.jpg\",\"caption\":\"Luzimara Fernandes\"},\"description\":\"Jornalista MTB 2358-ES\",\"sameAs\":[\"https:\/\/jornalfatosenoticias.com.br\"],\"url\":\"https:\/\/jornalfatosenoticias.com.br\/index.php\/author\/luzimara\/\"}]}<\/script>\n<!-- \/ Yoast SEO plugin. -->","yoast_head_json":{"title":"EUA mapeiam escrit\u00f3rios de advocacia e institutos ligados a familiares de ministros do STF - Jornal Fatos e Not\u00edcias","robots":{"index":"index","follow":"follow","max-snippet":"max-snippet:-1","max-image-preview":"max-image-preview:large","max-video-preview":"max-video-preview:-1"},"canonical":"https:\/\/jornalfatosenoticias.com.br\/index.php\/2025\/08\/13\/eua-mapeiam-escritorios-de-advocacia-e-institutos-ligados-a-familiares-de-ministros-do-stf\/","og_locale":"pt_BR","og_type":"article","og_title":"EUA mapeiam escrit\u00f3rios de advocacia e institutos ligados a familiares de ministros do STF - Jornal Fatos e Not\u00edcias","og_description":"Levantamento inclui parentes pr\u00f3ximos e redes privadas associadas aos magistrados; a\u00e7\u00e3o mira eventuais san\u00e7\u00f5es sob a Lei Magnitsky Por Raul Holderf Nascimento O governo dos Estados Unidos iniciou um mapeamento detalhado de escrit\u00f3rios de advocacia pertencentes a familiares de ministros do Supremo Tribunal Federal (STF). A apura\u00e7\u00e3o inclui filhos, c\u00f4njuges e parentes pr\u00f3ximos, bem como [&hellip;]","og_url":"https:\/\/jornalfatosenoticias.com.br\/index.php\/2025\/08\/13\/eua-mapeiam-escritorios-de-advocacia-e-institutos-ligados-a-familiares-de-ministros-do-stf\/","og_site_name":"Jornal Fatos e Not\u00edcias","article_published_time":"2025-08-13T14:31:17+00:00","article_modified_time":"2025-08-13T14:31:19+00:00","og_image":[{"width":1000,"height":666,"url":"https:\/\/jornalfatosenoticias.com.br\/wp-content\/uploads\/2025\/08\/xandao-cabeca-de-ovo.jpeg","type":"image\/jpeg"}],"author":"Luzimara Fernandes","twitter_card":"summary_large_image","twitter_misc":{"Escrito por":"Luzimara Fernandes","Est. tempo de leitura":"1 minuto"},"schema":{"@context":"https:\/\/schema.org","@graph":[{"@type":"Article","@id":"https:\/\/jornalfatosenoticias.com.br\/index.php\/2025\/08\/13\/eua-mapeiam-escritorios-de-advocacia-e-institutos-ligados-a-familiares-de-ministros-do-stf\/#article","isPartOf":{"@id":"https:\/\/jornalfatosenoticias.com.br\/index.php\/2025\/08\/13\/eua-mapeiam-escritorios-de-advocacia-e-institutos-ligados-a-familiares-de-ministros-do-stf\/"},"author":{"name":"Luzimara Fernandes","@id":"https:\/\/jornalfatosenoticias.com.br\/#\/schema\/person\/d63837fa13ac8666eb9e74e0985d6f81"},"headline":"EUA mapeiam escrit\u00f3rios de advocacia e institutos ligados a familiares de ministros do STF","datePublished":"2025-08-13T14:31:17+00:00","dateModified":"2025-08-13T14:31:19+00:00","mainEntityOfPage":{"@id":"https:\/\/jornalfatosenoticias.com.br\/index.php\/2025\/08\/13\/eua-mapeiam-escritorios-de-advocacia-e-institutos-ligados-a-familiares-de-ministros-do-stf\/"},"wordCount":301,"commentCount":0,"publisher":{"@id":"https:\/\/jornalfatosenoticias.com.br\/#organization"},"image":{"@id":"https:\/\/jornalfatosenoticias.com.br\/index.php\/2025\/08\/13\/eua-mapeiam-escritorios-de-advocacia-e-institutos-ligados-a-familiares-de-ministros-do-stf\/#primaryimage"},"thumbnailUrl":"https:\/\/jornalfatosenoticias.com.br\/wp-content\/uploads\/2025\/08\/xandao-cabeca-de-ovo.jpeg","keywords":["Alexandre de Moraes","Donald Trump","EUA","internacional","Jair Bolsonaro","Lei Magnitsky","Lula","STF"],"articleSection":["Internacional"],"inLanguage":"pt-BR","potentialAction":[{"@type":"CommentAction","name":"Comment","target":["https:\/\/jornalfatosenoticias.com.br\/index.php\/2025\/08\/13\/eua-mapeiam-escritorios-de-advocacia-e-institutos-ligados-a-familiares-de-ministros-do-stf\/#respond"]}]},{"@type":"WebPage","@id":"https:\/\/jornalfatosenoticias.com.br\/index.php\/2025\/08\/13\/eua-mapeiam-escritorios-de-advocacia-e-institutos-ligados-a-familiares-de-ministros-do-stf\/","url":"https:\/\/jornalfatosenoticias.com.br\/index.php\/2025\/08\/13\/eua-mapeiam-escritorios-de-advocacia-e-institutos-ligados-a-familiares-de-ministros-do-stf\/","name":"EUA mapeiam escrit\u00f3rios de advocacia e institutos ligados a familiares de ministros do STF - Jornal Fatos e Not\u00edcias","isPartOf":{"@id":"https:\/\/jornalfatosenoticias.com.br\/#website"},"primaryImageOfPage":{"@id":"https:\/\/jornalfatosenoticias.com.br\/index.php\/2025\/08\/13\/eua-mapeiam-escritorios-de-advocacia-e-institutos-ligados-a-familiares-de-ministros-do-stf\/#primaryimage"},"image":{"@id":"https:\/\/jornalfatosenoticias.com.br\/index.php\/2025\/08\/13\/eua-mapeiam-escritorios-de-advocacia-e-institutos-ligados-a-familiares-de-ministros-do-stf\/#primaryimage"},"thumbnailUrl":"https:\/\/jornalfatosenoticias.com.br\/wp-content\/uploads\/2025\/08\/xandao-cabeca-de-ovo.jpeg","datePublished":"2025-08-13T14:31:17+00:00","dateModified":"2025-08-13T14:31:19+00:00","breadcrumb":{"@id":"https:\/\/jornalfatosenoticias.com.br\/index.php\/2025\/08\/13\/eua-mapeiam-escritorios-de-advocacia-e-institutos-ligados-a-familiares-de-ministros-do-stf\/#breadcrumb"},"inLanguage":"pt-BR","potentialAction":[{"@type":"ReadAction","target":["https:\/\/jornalfatosenoticias.com.br\/index.php\/2025\/08\/13\/eua-mapeiam-escritorios-de-advocacia-e-institutos-ligados-a-familiares-de-ministros-do-stf\/"]}]},{"@type":"ImageObject","inLanguage":"pt-BR","@id":"https:\/\/jornalfatosenoticias.com.br\/index.php\/2025\/08\/13\/eua-mapeiam-escritorios-de-advocacia-e-institutos-ligados-a-familiares-de-ministros-do-stf\/#primaryimage","url":"https:\/\/jornalfatosenoticias.com.br\/wp-content\/uploads\/2025\/08\/xandao-cabeca-de-ovo.jpeg","contentUrl":"https:\/\/jornalfatosenoticias.com.br\/wp-content\/uploads\/2025\/08\/xandao-cabeca-de-ovo.jpeg","width":1000,"height":666},{"@type":"BreadcrumbList","@id":"https:\/\/jornalfatosenoticias.com.br\/index.php\/2025\/08\/13\/eua-mapeiam-escritorios-de-advocacia-e-institutos-ligados-a-familiares-de-ministros-do-stf\/#breadcrumb","itemListElement":[{"@type":"ListItem","position":1,"name":"In\u00edcio","item":"https:\/\/jornalfatosenoticias.com.br\/"},{"@type":"ListItem","position":2,"name":"EUA mapeiam escrit\u00f3rios de advocacia e institutos ligados a familiares de ministros do STF"}]},{"@type":"WebSite","@id":"https:\/\/jornalfatosenoticias.com.br\/#website","url":"https:\/\/jornalfatosenoticias.com.br\/","name":"Jornal Fatos e Not\u00edcias","description":"Not\u00edcias em geral","publisher":{"@id":"https:\/\/jornalfatosenoticias.com.br\/#organization"},"potentialAction":[{"@type":"SearchAction","target":{"@type":"EntryPoint","urlTemplate":"https:\/\/jornalfatosenoticias.com.br\/?s={search_term_string}"},"query-input":{"@type":"PropertyValueSpecification","valueRequired":true,"valueName":"search_term_string"}}],"inLanguage":"pt-BR"},{"@type":"Organization","@id":"https:\/\/jornalfatosenoticias.com.br\/#organization","name":"Jornal Fatos e Not\u00edcias","url":"https:\/\/jornalfatosenoticias.com.br\/","logo":{"@type":"ImageObject","inLanguage":"pt-BR","@id":"https:\/\/jornalfatosenoticias.com.br\/#\/schema\/logo\/image\/","url":"https:\/\/jornalfatosenoticias.com.br\/wp-content\/uploads\/2020\/02\/logo120.png","contentUrl":"https:\/\/jornalfatosenoticias.com.br\/wp-content\/uploads\/2020\/02\/logo120.png","width":1227,"height":120,"caption":"Jornal Fatos e Not\u00edcias"},"image":{"@id":"https:\/\/jornalfatosenoticias.com.br\/#\/schema\/logo\/image\/"}},{"@type":"Person","@id":"https:\/\/jornalfatosenoticias.com.br\/#\/schema\/person\/d63837fa13ac8666eb9e74e0985d6f81","name":"Luzimara Fernandes","image":{"@type":"ImageObject","inLanguage":"pt-BR","@id":"https:\/\/jornalfatosenoticias.com.br\/#\/schema\/person\/image\/","url":"https:\/\/jornalfatosenoticias.com.br\/wp-content\/uploads\/2025\/05\/EU_portal.jpg","contentUrl":"https:\/\/jornalfatosenoticias.com.br\/wp-content\/uploads\/2025\/05\/EU_portal.jpg","caption":"Luzimara Fernandes"},"description":"Jornalista MTB 2358-ES","sameAs":["https:\/\/jornalfatosenoticias.com.br"],"url":"https:\/\/jornalfatosenoticias.com.br\/index.php\/author\/luzimara\/"}]}},"cc_featured_image_caption":{"caption_text":"(Foto: Valter Campanato\/PR)","source_text":"","source_url":""},"jetpack_featured_media_url":"https:\/\/jornalfatosenoticias.com.br\/wp-content\/uploads\/2025\/08\/xandao-cabeca-de-ovo.jpeg","_links":{"self":[{"href":"https:\/\/jornalfatosenoticias.com.br\/index.php\/wp-json\/wp\/v2\/posts\/61199","targetHints":{"allow":["GET"]}}],"collection":[{"href":"https:\/\/jornalfatosenoticias.com.br\/index.php\/wp-json\/wp\/v2\/posts"}],"about":[{"href":"https:\/\/jornalfatosenoticias.com.br\/index.php\/wp-json\/wp\/v2\/types\/post"}],"author":[{"embeddable":true,"href":"https:\/\/jornalfatosenoticias.com.br\/index.php\/wp-json\/wp\/v2\/users\/2"}],"replies":[{"embeddable":true,"href":"https:\/\/jornalfatosenoticias.com.br\/index.php\/wp-json\/wp\/v2\/comments?post=61199"}],"version-history":[{"count":0,"href":"https:\/\/jornalfatosenoticias.com.br\/index.php\/wp-json\/wp\/v2\/posts\/61199\/revisions"}],"wp:featuredmedia":[{"embeddable":true,"href":"https:\/\/jornalfatosenoticias.com.br\/index.php\/wp-json\/wp\/v2\/media\/61200"}],"wp:attachment":[{"href":"https:\/\/jornalfatosenoticias.com.br\/index.php\/wp-json\/wp\/v2\/media?parent=61199"}],"wp:term":[{"taxonomy":"category","embeddable":true,"href":"https:\/\/jornalfatosenoticias.com.br\/index.php\/wp-json\/wp\/v2\/categories?post=61199"},{"taxonomy":"post_tag","embeddable":true,"href":"https:\/\/jornalfatosenoticias.com.br\/index.php\/wp-json\/wp\/v2\/tags?post=61199"}],"curies":[{"name":"wp","href":"https:\/\/api.w.org\/{rel}","templated":true}]}}