{"id":61202,"date":"2025-08-13T11:53:38","date_gmt":"2025-08-13T14:53:38","guid":{"rendered":"https:\/\/jornalfatosenoticias.com.br\/?p=61202"},"modified":"2025-08-13T11:53:40","modified_gmt":"2025-08-13T14:53:40","slug":"sem-metas-ou-base-cientifica-plano-de-alfabetizacao-do-governo-tem-vies-ideologico","status":"publish","type":"post","link":"https:\/\/jornalfatosenoticias.com.br\/index.php\/2025\/08\/13\/sem-metas-ou-base-cientifica-plano-de-alfabetizacao-do-governo-tem-vies-ideologico\/","title":{"rendered":"Sem metas ou base cient\u00edfica, plano de alfabetiza\u00e7\u00e3o do governo tem vi\u00e9s ideol\u00f3gico"},"content":{"rendered":"\n<p><span class=\"has-inline-color has-black-color\"><em>Governo Lula traz como princ\u00edpios da alfabetiza\u00e7\u00e3o a promo\u00e7\u00e3o da equidade educacional, o pluralismo de ideias e a valoriza\u00e7\u00e3o da diversidade. Sequ\u00eancias did\u00e1ticas e outros meios indicados pela ci\u00eancia n\u00e3o ser\u00e3o adotados<\/em><\/span><\/p>\n\n\n\n<p><span class=\"has-inline-color has-black-color\">Por <strong>Mar\u00edlia Rodrigues<\/strong><\/span><\/p>\n\n\n\n<div class=\"wp-block-image\"><figure class=\"aligncenter size-large\"><a href=\"https:\/\/mizu.com.br\/\"><img loading=\"lazy\" decoding=\"async\" width=\"729\" height=\"90\" src=\"https:\/\/jornalfatosenoticias.com.br\/wp-content\/uploads\/2020\/02\/Logo_Mizu.png\" alt=\"\" class=\"wp-image-1441\" srcset=\"https:\/\/jornalfatosenoticias.com.br\/wp-content\/uploads\/2020\/02\/Logo_Mizu.png 729w, https:\/\/jornalfatosenoticias.com.br\/wp-content\/uploads\/2020\/02\/Logo_Mizu-300x37.png 300w\" sizes=\"auto, (max-width: 729px) 100vw, 729px\" \/><\/a><\/figure><\/div>\n\n\n\n<p>No dia 29 de julho, o Minist\u00e9rio da Educa\u00e7\u00e3o promoveu, em seu canal do YouTube, um webin\u00e1rio sobre a rela\u00e7\u00e3o entre as habilidades tomadas como indicadores de avalia\u00e7\u00e3o e as propostas did\u00e1ticas necess\u00e1rias para a alfabetiza\u00e7\u00e3o, conforme o <strong>Compromisso Nacional Crian\u00e7a Alfabetizada (CNCA).<\/strong> Durante o evento, al\u00e9m das defer\u00eancias a Paulo Freire, afirmou-se, entre outras coisas, que \u201ca proposta do percurso formativo de alfabetiza\u00e7\u00e3o n\u00e3o \u00e9 de sequ\u00eancias did\u00e1ticas ou de atividades espec\u00edficas para o ensino\u201d, sob a <a href=\"https:\/\/www.gazetadopovo.com.br\/educacao\/parece-estranho-mas-o-cerebro-nao-e-programado-para-ler-o-que-isso-significa\/\">justificativa falsa de que a habilidades de leitura e escrita se desenvolvem naturalmente<\/a>.<br>Institu\u00eddo em 2023 pelo Decreto n.\u00ba 11.556, o Compromisso Nacional Crian\u00e7a Alfabetizada \u00e9 coordenado pelo Minist\u00e9rio da Educa\u00e7\u00e3o (MEC) e tem, entre seus objetivos, garantir que 100% das crian\u00e7as brasileiras sejam alfabetizadas at\u00e9 o 2.\u00ba ano do ensino fundamental e promover a recupera\u00e7\u00e3o de aprendizagem de 100% das crian\u00e7as matriculadas entre o 3.\u00ba e o 5.\u00ba ano do ensino fundamental. Segundo informa\u00e7\u00f5es divulgadas pelo pr\u00f3prio MEC, a meta \u00e9 investir R$ 3 bilh\u00f5es nesse programa at\u00e9 2026.<\/p>\n\n\n\n<div class=\"wp-block-image\"><figure class=\"aligncenter size-large\"><a href=\"https:\/\/www.cesconetto.com.br\/\"><img loading=\"lazy\" decoding=\"async\" width=\"300\" height=\"250\" src=\"https:\/\/jornalfatosenoticias.com.br\/wp-content\/uploads\/2020\/02\/Banner-2.png\" alt=\"\" class=\"wp-image-43787\"\/><\/a><\/figure><\/div>\n\n\n\n<p>O programa funciona em regime de colabora\u00e7\u00e3o entre o governo federal, estados e munic\u00edpios, e a ades\u00e3o \u00e9 volunt\u00e1ria, mas implica um compromisso de melhorar a qualidade do processo e dos resultados de alfabetiza\u00e7\u00e3o, al\u00e9m de reduzir as desigualdades de aprendizagem. Uma descri\u00e7\u00e3o bonita, que passa a impress\u00e3o de algo bom e funcional.<\/p>\n\n\n\n<div class=\"wp-block-image\"><figure class=\"aligncenter size-large is-resized\"><a href=\"https:\/\/www.facebook.com\/profile.php?id=100069289606145\"><img loading=\"lazy\" decoding=\"async\" src=\"https:\/\/jornalfatosenoticias.com.br\/wp-content\/uploads\/2024\/11\/Guaitolini-Contabilidade-1024x714.jpeg\" alt=\"\" class=\"wp-image-55808\" width=\"320\" height=\"223\" srcset=\"https:\/\/jornalfatosenoticias.com.br\/wp-content\/uploads\/2024\/11\/Guaitolini-Contabilidade-1024x714.jpeg 1024w, https:\/\/jornalfatosenoticias.com.br\/wp-content\/uploads\/2024\/11\/Guaitolini-Contabilidade-300x209.jpeg 300w, https:\/\/jornalfatosenoticias.com.br\/wp-content\/uploads\/2024\/11\/Guaitolini-Contabilidade-768x535.jpeg 768w, https:\/\/jornalfatosenoticias.com.br\/wp-content\/uploads\/2024\/11\/Guaitolini-Contabilidade.jpeg 1280w\" sizes=\"auto, (max-width: 320px) 100vw, 320px\" \/><\/a><\/figure><\/div>\n\n\n\n<p>A verdade, entretanto, \u00e9 diferente e preocupante. O decreto do governo Lula, que revogou integralmente o Plano Nacional de Alfabetiza\u00e7\u00e3o de 2019 e instituiu o CNCA, tem 38 artigos, contra 14 do anterior. O texto \u00e9, al\u00e9m de mais longo, menos objetivo, sem defini\u00e7\u00f5es claras de conceitos e princ\u00edpios essenciais para a alfabetiza\u00e7\u00e3o. <\/p>\n\n\n\n<div class=\"wp-block-image\"><figure class=\"aligncenter size-large is-resized\"><a href=\"https:\/\/www.instagram.com\/esteio.churrascaria\/\"><img loading=\"lazy\" decoding=\"async\" src=\"https:\/\/jornalfatosenoticias.com.br\/wp-content\/uploads\/2022\/02\/LOGO-ESTEIO-1024x730.png\" alt=\"\" class=\"wp-image-27942\" width=\"334\" height=\"238\" srcset=\"https:\/\/jornalfatosenoticias.com.br\/wp-content\/uploads\/2022\/02\/LOGO-ESTEIO-1024x730.png 1024w, https:\/\/jornalfatosenoticias.com.br\/wp-content\/uploads\/2022\/02\/LOGO-ESTEIO-300x214.png 300w, https:\/\/jornalfatosenoticias.com.br\/wp-content\/uploads\/2022\/02\/LOGO-ESTEIO-768x548.png 768w, https:\/\/jornalfatosenoticias.com.br\/wp-content\/uploads\/2022\/02\/LOGO-ESTEIO.png 1123w\" sizes=\"auto, (max-width: 334px) 100vw, 334px\" \/><\/a><\/figure><\/div>\n\n\n\n<blockquote class=\"wp-block-quote is-layout-flow wp-block-quote-is-layout-flow\"><p><span class=\"has-inline-color has-luminous-vivid-orange-color\">A gest\u00e3o anterior do MEC na seara da alfabetiza\u00e7\u00e3o, sempre se respaldou em evid\u00eancias cient\u00edficas. Alfabetiza\u00e7\u00e3o \u00e9 uma \u00e1rea h\u00e1 muito estudada e muito bem estabelecida e, portanto, evid\u00eancias cient\u00edficas sobre o tema s\u00e3o abundantes\u201d, afirma Willian Cunha, professor e especialista em educa\u00e7\u00e3o.<\/span><\/p><\/blockquote>\n\n\n\n<div class=\"wp-block-image\"><figure class=\"aligncenter size-large is-resized\"><a href=\"https:\/\/www.instagram.com\/gruposei\/\"><img loading=\"lazy\" decoding=\"async\" src=\"https:\/\/jornalfatosenoticias.com.br\/wp-content\/uploads\/2022\/07\/Logo-Grupo-SEI.jpg\" alt=\"\" class=\"wp-image-31973\" width=\"335\" height=\"176\" srcset=\"https:\/\/jornalfatosenoticias.com.br\/wp-content\/uploads\/2022\/07\/Logo-Grupo-SEI.jpg 713w, https:\/\/jornalfatosenoticias.com.br\/wp-content\/uploads\/2022\/07\/Logo-Grupo-SEI-300x158.jpg 300w\" sizes=\"auto, (max-width: 335px) 100vw, 335px\" \/><\/a><\/figure><\/div>\n\n\n\n<p>Cunha, que foi Diretor de Alfabetiza\u00e7\u00e3o Baseada em Evid\u00eancias, dentro da Secretaria de Alfabetiza\u00e7\u00e3o, durante o governo Bolsonaro, afirma que havia uma preocupa\u00e7\u00e3o em usar m\u00e9todos comprovados como base para elabora\u00e7\u00e3o de pol\u00edticas p\u00fablicas de alfabetiza\u00e7\u00e3o. \u201cO <em>National Reading Panel<\/em>, dos EUA em 2000, estabeleceu os elementos essenciais para a alfabetiza\u00e7\u00e3o, por meio da maior metan\u00e1lise cient\u00edfica sobre o tema. O Decreto anterior, em determinado ponto, reproduziu esses preceitos e os programas decorrentes dele apostavam em a\u00e7\u00f5es dedicadas a cada um desses elementos\u201d.<\/p>\n\n\n\n<div class=\"wp-block-image\"><figure class=\"aligncenter size-large is-resized\"><a href=\"https:\/\/www.instagram.com\/serra4x4cambioautomatico\/\"><img loading=\"lazy\" decoding=\"async\" src=\"https:\/\/jornalfatosenoticias.com.br\/wp-content\/uploads\/2024\/08\/Serra-4x4-1-886x1024.jpg\" alt=\"\" class=\"wp-image-53632\" width=\"298\" height=\"343\" srcset=\"https:\/\/jornalfatosenoticias.com.br\/wp-content\/uploads\/2024\/08\/Serra-4x4-1-886x1024.jpg 886w, https:\/\/jornalfatosenoticias.com.br\/wp-content\/uploads\/2024\/08\/Serra-4x4-1-260x300.jpg 260w, https:\/\/jornalfatosenoticias.com.br\/wp-content\/uploads\/2024\/08\/Serra-4x4-1.jpg 1181w\" sizes=\"auto, (max-width: 298px) 100vw, 298px\" \/><\/a><\/figure><\/div>\n\n\n\n<p>O <em>National Reading Panel,<\/em> citado por Cunha, \u00e9 um \u00f3rg\u00e3o criado em 1997 pelo governo americano, atendendo a um pedido do Congresso, para avaliar evid\u00eancias cient\u00edficas sobre a melhor maneira de ensinar crian\u00e7as a ler. Composto por 14 especialistas da \u00e1rea, o \u00f3rg\u00e3o avaliou e identificou os cinco pilares fundamentais de um ensino eficaz de leitura: consci\u00eancia fon\u00eamica, fon\u00e9tica, flu\u00eancia, vocabul\u00e1rio e compreens\u00e3o.<\/p>\n\n\n\n<div class=\"wp-block-image\"><figure class=\"aligncenter size-large is-resized\"><a href=\"https:\/\/www.instagram.com\/rcradiadores\/\"><img loading=\"lazy\" decoding=\"async\" src=\"https:\/\/jornalfatosenoticias.com.br\/wp-content\/uploads\/2022\/10\/RC_800x750_page-0001.jpg\" alt=\"\" class=\"wp-image-35338\" width=\"295\" height=\"277\" srcset=\"https:\/\/jornalfatosenoticias.com.br\/wp-content\/uploads\/2022\/10\/RC_800x750_page-0001.jpg 400w, https:\/\/jornalfatosenoticias.com.br\/wp-content\/uploads\/2022\/10\/RC_800x750_page-0001-300x281.jpg 300w\" sizes=\"auto, (max-width: 295px) 100vw, 295px\" \/><\/a><\/figure><\/div>\n\n\n\n<p>Para Cunha, a busca por uma abordagem cient\u00edfica permitiu que o programa de alfabetiza\u00e7\u00e3o escolar da gest\u00e3o anterior \u201capresentasse resultados positivos em avalia\u00e7\u00e3o externa isenta, mesmo em pouqu\u00edssimo tempo de interven\u00e7\u00e3o\u201d.<\/p>\n\n\n\n<div class=\"wp-block-image\"><figure class=\"aligncenter size-large is-resized\"><a href=\"https:\/\/www.instagram.com\/restaurantepegoretti\/\"><img loading=\"lazy\" decoding=\"async\" src=\"https:\/\/jornalfatosenoticias.com.br\/wp-content\/uploads\/2023\/12\/pegoretti-logo-pdf-1024x389.jpg\" alt=\"\" class=\"wp-image-47536\" width=\"504\" height=\"191\" srcset=\"https:\/\/jornalfatosenoticias.com.br\/wp-content\/uploads\/2023\/12\/pegoretti-logo-pdf-1024x389.jpg 1024w, https:\/\/jornalfatosenoticias.com.br\/wp-content\/uploads\/2023\/12\/pegoretti-logo-pdf-300x114.jpg 300w, https:\/\/jornalfatosenoticias.com.br\/wp-content\/uploads\/2023\/12\/pegoretti-logo-pdf-768x291.jpg 768w, https:\/\/jornalfatosenoticias.com.br\/wp-content\/uploads\/2023\/12\/pegoretti-logo-pdf.jpg 1120w\" sizes=\"auto, (max-width: 504px) 100vw, 504px\" \/><\/a><\/figure><\/div>\n\n\n\n<p><strong><span class=\"has-inline-color has-black-color\">Falta de base cient\u00edfica<br><\/span><\/strong>Comparando objetivamente os artigos do decreto de 2019 e de 2023, h\u00e1 uma diferen\u00e7a clara entre os princ\u00edpios de cada um dos programas. Na Pol\u00edtica Nacional de Alfabetiza\u00e7\u00e3o, institu\u00edda no primeiro ano do governo Bolsonaro, enfatiza-se a necessidade do ensino dos componentes essenciais para a alfabetiza\u00e7\u00e3o. Por outro lado, o CNCA traz como princ\u00edpios pontos com vi\u00e9s ideol\u00f3gico, como a promo\u00e7\u00e3o da equidade educacional, o pluralismo de ideias e a valoriza\u00e7\u00e3o da diversidade.<\/p>\n\n\n\n<div class=\"wp-block-image\"><figure class=\"aligncenter size-large is-resized\"><a href=\"https:\/\/www.controlsystems.com.br\/\"><img loading=\"lazy\" decoding=\"async\" src=\"https:\/\/jornalfatosenoticias.com.br\/wp-content\/uploads\/2020\/02\/CONTROL-CS.jpg\" alt=\"\" class=\"wp-image-44991\" width=\"280\" height=\"335\" srcset=\"https:\/\/jornalfatosenoticias.com.br\/wp-content\/uploads\/2020\/02\/CONTROL-CS.jpg 834w, https:\/\/jornalfatosenoticias.com.br\/wp-content\/uploads\/2020\/02\/CONTROL-CS-250x300.jpg 250w, https:\/\/jornalfatosenoticias.com.br\/wp-content\/uploads\/2020\/02\/CONTROL-CS-768x921.jpg 768w\" sizes=\"auto, (max-width: 280px) 100vw, 280px\" \/><\/a><\/figure><\/div>\n\n\n\n<p>Para a professora especialista em psicopedagogia K\u00e1tia Simone Benedetti, h\u00e1 uma demonstra\u00e7\u00e3o de ignor\u00e2ncia por parte de quem defende o modelo do governo Lula: \u201ca ci\u00eancia j\u00e1 mostrou que essas habilidades pr\u00e9vias e b\u00e1sicas t\u00eam que ser automatizadas para a mente consciente ter recursos para lidar com os processos de alto n\u00edvel, que a\u00ed entram os processos de compreens\u00e3o. Eles impedem a crian\u00e7a de automatizar essa decodifica\u00e7\u00e3o. Na verdade, a crian\u00e7a nem \u00e9 sequer capaz de decodificar mesmo\u201d.<\/p>\n\n\n\n<div class=\"wp-block-image\"><figure class=\"aligncenter size-large is-resized\"><a href=\"https:\/\/hotelmarquetti.com.br\/\"><img loading=\"lazy\" decoding=\"async\" src=\"https:\/\/jornalfatosenoticias.com.br\/wp-content\/uploads\/2020\/02\/LOGO-MQ-1024x680.jpg\" alt=\"\" class=\"wp-image-58299\" width=\"352\" height=\"234\" srcset=\"https:\/\/jornalfatosenoticias.com.br\/wp-content\/uploads\/2020\/02\/LOGO-MQ-1024x680.jpg 1024w, https:\/\/jornalfatosenoticias.com.br\/wp-content\/uploads\/2020\/02\/LOGO-MQ-300x199.jpg 300w, https:\/\/jornalfatosenoticias.com.br\/wp-content\/uploads\/2020\/02\/LOGO-MQ-768x510.jpg 768w, https:\/\/jornalfatosenoticias.com.br\/wp-content\/uploads\/2020\/02\/LOGO-MQ-1536x1020.jpg 1536w, https:\/\/jornalfatosenoticias.com.br\/wp-content\/uploads\/2020\/02\/LOGO-MQ-2048x1360.jpg 2048w\" sizes=\"auto, (max-width: 352px) 100vw, 352px\" \/><\/a><\/figure><\/div>\n\n\n\n<p>Em seu livro <a href=\"https:\/\/www.gazetadopovo.com.br\/educacao\/falacia-socioconstrutivista-pedagogia-brasileira-nega-ciencia-ha-20-anos\/\">\u201cA Fal\u00e1cia Socioconstrutivista\u201d<\/a>, Benedetti comenta que a nega\u00e7\u00e3o de um ensino sistematizado \u2014 chamado pejorativamente pelo sistema atual de educa\u00e7\u00e3o \u201cbanc\u00e1ria\u201d ou \u201cpassiva\u201d \u2014 e a recusa de uma organiza\u00e7\u00e3o progressiva de conte\u00fado, partindo do mais simples para o mais complexo, \u201c\u00e9 algo que contraria a pr\u00f3pria natureza do aprendizado humano\u201d.<\/p>\n\n\n\n<div class=\"wp-block-image\"><figure class=\"aligncenter size-large is-resized\"><a href=\"https:\/\/www.facebook.com\/postobkr\/?locale=pt_BR\"><img loading=\"lazy\" decoding=\"async\" src=\"https:\/\/jornalfatosenoticias.com.br\/wp-content\/uploads\/2023\/08\/BKR-1024x1021.jpg\" alt=\"\" class=\"wp-image-44494\" width=\"302\" height=\"301\" srcset=\"https:\/\/jornalfatosenoticias.com.br\/wp-content\/uploads\/2023\/08\/BKR-1024x1021.jpg 1024w, https:\/\/jornalfatosenoticias.com.br\/wp-content\/uploads\/2023\/08\/BKR-300x300.jpg 300w, https:\/\/jornalfatosenoticias.com.br\/wp-content\/uploads\/2023\/08\/BKR-150x150.jpg 150w, https:\/\/jornalfatosenoticias.com.br\/wp-content\/uploads\/2023\/08\/BKR-768x766.jpg 768w, https:\/\/jornalfatosenoticias.com.br\/wp-content\/uploads\/2023\/08\/BKR.jpg 1080w\" sizes=\"auto, (max-width: 302px) 100vw, 302px\" \/><\/a><\/figure><\/div>\n\n\n\n<p>A professora tamb\u00e9m fala da import\u00e2ncia de diferenciar as atividades de alfabetiza\u00e7\u00e3o e letramento, o que n\u00e3o deve ocorrer na vis\u00e3o da maioria dos apoiadores do CNCA. <\/p>\n\n\n\n<blockquote class=\"wp-block-quote is-layout-flow wp-block-quote-is-layout-flow\"><p><span class=\"has-inline-color has-luminous-vivid-orange-color\">O processo de ensino (da alfabetiza\u00e7\u00e3o) tem que garantir que a crian\u00e7a quebre o c\u00f3digo com precis\u00e3o e flu\u00eancia. Para compreender textos tem outros componentes. Voc\u00ea pode ser um leitor extremamente fluente, mas voc\u00ea l\u00ea um texto sobre um assunto que n\u00e3o compreende nada. A compreens\u00e3o implica outros n\u00edveis de processamento do c\u00e9rebro que a gente chama de processamentos de alto n\u00edvel, que s\u00e3o habilidades relacionadas ao pr\u00f3prio racioc\u00ednio\u201d, explica.<\/span><\/p><\/blockquote>\n\n\n\n<div class=\"wp-block-image\"><figure class=\"aligncenter size-large is-resized\"><a href=\"https:\/\/www.facebook.com\/vetor.vix\/\"><img loading=\"lazy\" decoding=\"async\" src=\"https:\/\/jornalfatosenoticias.com.br\/wp-content\/uploads\/2023\/09\/vetorvix1024_1.jpg\" alt=\"\" class=\"wp-image-44868\" width=\"550\" height=\"146\" srcset=\"https:\/\/jornalfatosenoticias.com.br\/wp-content\/uploads\/2023\/09\/vetorvix1024_1.jpg 1024w, https:\/\/jornalfatosenoticias.com.br\/wp-content\/uploads\/2023\/09\/vetorvix1024_1-300x80.jpg 300w, https:\/\/jornalfatosenoticias.com.br\/wp-content\/uploads\/2023\/09\/vetorvix1024_1-768x205.jpg 768w\" sizes=\"auto, (max-width: 550px) 100vw, 550px\" \/><\/a><\/figure><\/div>\n\n\n\n<p>Segundo Benedetti, al\u00e9m dessa confus\u00e3o de conceitos, h\u00e1 ainda estudiosos da \u00e1rea de educa\u00e7\u00e3o que ignoram preceitos consolidados pela ci\u00eancia de que \u00e9 preciso priorizar o ensino de grafemas e fonemas em vez da palavra inteira, modelo defendido pelos adeptos do m\u00e9todo global. <\/p>\n\n\n\n<div class=\"wp-block-image\"><figure class=\"aligncenter size-large\"><a href=\"http:\/\/www.ferrarimaquinas.com.br\/\"><img loading=\"lazy\" decoding=\"async\" width=\"300\" height=\"250\" src=\"https:\/\/jornalfatosenoticias.com.br\/wp-content\/uploads\/2022\/02\/FERRARI_MAQUINAS-E-FERRAMENTAS2.jpg\" alt=\"\" class=\"wp-image-27860\"\/><\/a><\/figure><\/div>\n\n\n\n<blockquote class=\"wp-block-quote is-layout-flow wp-block-quote-is-layout-flow\"><p><span class=\"has-inline-color has-luminous-vivid-orange-color\">S\u00e3o coisas diferentes que eles misturam. Condicionam as crian\u00e7as, porque eles pensam que as palavras s\u00e3o r\u00f3tulos inteiros, hol\u00edsticos, que mapeiam referentes. \u2018Caneta\u2019, \u2018mouse\u2019, \u2018blusa\u2019, s\u00e3o r\u00f3tulos, como se fossem emojis. Na alfabetiza\u00e7\u00e3o, eles j\u00e1 fazem a crian\u00e7a associar a forma da palavra com o desenho\u201d.<\/span><\/p><\/blockquote>\n\n\n\n<div class=\"wp-block-image\"><figure class=\"aligncenter size-large is-resized\"><a href=\"https:\/\/www.legisjuris.com.br\/\"><img loading=\"lazy\" decoding=\"async\" src=\"https:\/\/jornalfatosenoticias.com.br\/wp-content\/uploads\/2024\/09\/Legis-Juris-Consultoria_logo.jpg\" alt=\"\" class=\"wp-image-53915\" width=\"549\" height=\"230\" srcset=\"https:\/\/jornalfatosenoticias.com.br\/wp-content\/uploads\/2024\/09\/Legis-Juris-Consultoria_logo.jpg 969w, https:\/\/jornalfatosenoticias.com.br\/wp-content\/uploads\/2024\/09\/Legis-Juris-Consultoria_logo-300x126.jpg 300w, https:\/\/jornalfatosenoticias.com.br\/wp-content\/uploads\/2024\/09\/Legis-Juris-Consultoria_logo-768x322.jpg 768w\" sizes=\"auto, (max-width: 549px) 100vw, 549px\" \/><\/a><\/figure><\/div>\n\n\n\n<p>Apesar de concordar com as habilidades que foram estabelecidas como metas, Benedetti n\u00e3o demonstra expectativas de bons resultados. \u201cA gente v\u00ea que eles t\u00eam umas metas que parecem razo\u00e1veis, mas n\u00e3o fazem sentido. Como \u00e9 que o programa vai garantir que toda crian\u00e7a vai dominar a consci\u00eancia fon\u00eamica e decodifica\u00e7\u00e3o alfab\u00e9tica, termos que eles tamb\u00e9m usam e que s\u00e3o reais, at\u00e9 o final do primeiro ano, sem uma sequ\u00eancia l\u00f3gica expl\u00edcita?\u201d, questiona.<\/p>\n\n\n\n<div class=\"wp-block-image\"><figure class=\"aligncenter size-large is-resized\"><a href=\"https:\/\/panper.com.br\/\"><img loading=\"lazy\" decoding=\"async\" src=\"https:\/\/jornalfatosenoticias.com.br\/wp-content\/uploads\/2023\/03\/logo-Panper_portal.jpg\" alt=\"\" class=\"wp-image-40208\" width=\"354\" height=\"245\" srcset=\"https:\/\/jornalfatosenoticias.com.br\/wp-content\/uploads\/2023\/03\/logo-Panper_portal.jpg 400w, https:\/\/jornalfatosenoticias.com.br\/wp-content\/uploads\/2023\/03\/logo-Panper_portal-300x208.jpg 300w\" sizes=\"auto, (max-width: 354px) 100vw, 354px\" \/><\/a><\/figure><\/div>\n\n\n\n<p>O custo elevado do programa tamb\u00e9m \u00e9 question\u00e1vel, especialmente em um momento em que o governo tem anunciado falta de recursos, inclusive para a compra de livros did\u00e1ticos. Para Cunha, \u00e9 poss\u00edvel obter bons resultados com um or\u00e7amento mais enxuto. <\/p>\n\n\n\n<blockquote class=\"wp-block-quote is-layout-flow wp-block-quote-is-layout-flow\"><p><span class=\"has-inline-color has-luminous-vivid-orange-color\">As evid\u00eancias cient\u00edficas s\u00e3o claras ao apontar que a alfabetiza\u00e7\u00e3o deva se dar no primeiro ano. Entendo contraproducente investir tanto e mirar t\u00e3o baixo. Utilizando evid\u00eancias cient\u00edficas e utilizando l\u00f3gica de prioriza\u00e7\u00e3o e m\u00e9rito \u00e9 sim poss\u00edvel investir menos e ter resultados melhores\u201d, afirma.<\/span><\/p><\/blockquote>\n\n\n\n<div class=\"wp-block-image\"><figure class=\"aligncenter size-large is-resized\"><a href=\"https:\/\/www.ithbrasil.com.br\/\"><img loading=\"lazy\" decoding=\"async\" src=\"https:\/\/jornalfatosenoticias.com.br\/wp-content\/uploads\/2023\/08\/ITH.jpeg\" alt=\"\" class=\"wp-image-44638\" width=\"310\" height=\"252\" srcset=\"https:\/\/jornalfatosenoticias.com.br\/wp-content\/uploads\/2023\/08\/ITH.jpeg 800w, https:\/\/jornalfatosenoticias.com.br\/wp-content\/uploads\/2023\/08\/ITH-300x244.jpeg 300w, https:\/\/jornalfatosenoticias.com.br\/wp-content\/uploads\/2023\/08\/ITH-768x624.jpeg 768w\" sizes=\"auto, (max-width: 310px) 100vw, 310px\" \/><\/a><\/figure><\/div>\n\n\n\n<p>O professor pondera que o atual modelo vem apenas dar continuidade ao que era feito nos primeiros governos do PT, sem prioridades ou melhorias vis\u00edveis. \u201c\u00c9 fundamental que se determine prioridades em um campo t\u00e3o problem\u00e1tico como a educa\u00e7\u00e3o nacional, e n\u00e3o h\u00e1 d\u00favidas que os primeiros anos devem ser privilegiados porque deve-se aprender a ler para depois \u2018ler para aprender\u2019. O problema \u00e9 que o decreto atual demonstra um forte vi\u00e9s de continu\u00edsmo em rela\u00e7\u00e3o ao que antigas gest\u00f5es petistas faziam e nos trouxeram a este quadro. Esse continu\u00edsmo aposta em investimentos que n\u00e3o demonstravam impacto em resultado, somente contribu\u00edam para beneficiar determinadas classes, n\u00e3o nossas crian\u00e7as\u201d.<\/p>\n\n\n\n<div class=\"wp-block-image\"><figure class=\"aligncenter size-large\"><a href=\"https:\/\/www.cesconetto.com.br\/\"><img loading=\"lazy\" decoding=\"async\" width=\"1024\" height=\"100\" src=\"https:\/\/jornalfatosenoticias.com.br\/wp-content\/uploads\/2022\/05\/NOVA-LOGO-CESCONETTO-1024x100.jpg\" alt=\"\" class=\"wp-image-30792\" srcset=\"https:\/\/jornalfatosenoticias.com.br\/wp-content\/uploads\/2022\/05\/NOVA-LOGO-CESCONETTO-1024x100.jpg 1024w, https:\/\/jornalfatosenoticias.com.br\/wp-content\/uploads\/2022\/05\/NOVA-LOGO-CESCONETTO-300x29.jpg 300w, https:\/\/jornalfatosenoticias.com.br\/wp-content\/uploads\/2022\/05\/NOVA-LOGO-CESCONETTO-768x75.jpg 768w, https:\/\/jornalfatosenoticias.com.br\/wp-content\/uploads\/2022\/05\/NOVA-LOGO-CESCONETTO.jpg 1280w\" sizes=\"auto, (max-width: 1024px) 100vw, 1024px\" \/><\/a><\/figure><\/div>\n\n\n\n<p><strong>Fonte: <a href=\"https:\/\/www.gazetadopovo.com.br\/vida-e-cidadania\/sem-metas-base-cientifica-plano-de-alfabetizacao-governo-lula\/\">Gazeta do Povo<\/a><\/strong><\/p>\n","protected":false},"excerpt":{"rendered":"<p>Governo Lula traz como princ\u00edpios da alfabetiza\u00e7\u00e3o a promo\u00e7\u00e3o da equidade educacional, o pluralismo de ideias e a valoriza\u00e7\u00e3o da diversidade. Sequ\u00eancias did\u00e1ticas e outros meios indicados pela ci\u00eancia n\u00e3o ser\u00e3o adotados Por Mar\u00edlia Rodrigues No dia 29 de julho, o Minist\u00e9rio da Educa\u00e7\u00e3o promoveu, em seu canal do YouTube, um webin\u00e1rio sobre a rela\u00e7\u00e3o [&hellip;]<\/p>\n","protected":false},"author":2,"featured_media":61203,"comment_status":"open","ping_status":"open","sticky":false,"template":"","format":"standard","meta":{"footnotes":""},"categories":[7],"tags":[3821,27875,860,18343,27876,283,27877],"class_list":["post-61202","post","type-post","status-publish","format-standard","has-post-thumbnail","hentry","category-educacao","tag-alfabetizacao","tag-equidade-educacional","tag-governo-federal","tag-governo-lula","tag-governos-do-pt","tag-mec","tag-vies-ideologico"],"yoast_head":"<!-- This site is optimized with the Yoast SEO plugin v26.5 - https:\/\/yoast.com\/wordpress\/plugins\/seo\/ -->\n<title>Sem metas ou base cient\u00edfica, plano de alfabetiza\u00e7\u00e3o do governo tem vi\u00e9s ideol\u00f3gico - Jornal Fatos e Not\u00edcias<\/title>\n<meta name=\"robots\" content=\"index, follow, max-snippet:-1, max-image-preview:large, max-video-preview:-1\" \/>\n<link rel=\"canonical\" href=\"https:\/\/jornalfatosenoticias.com.br\/index.php\/2025\/08\/13\/sem-metas-ou-base-cientifica-plano-de-alfabetizacao-do-governo-tem-vies-ideologico\/\" \/>\n<meta property=\"og:locale\" content=\"pt_BR\" \/>\n<meta property=\"og:type\" content=\"article\" \/>\n<meta property=\"og:title\" content=\"Sem metas ou base cient\u00edfica, plano de alfabetiza\u00e7\u00e3o do governo tem vi\u00e9s ideol\u00f3gico - Jornal Fatos e Not\u00edcias\" \/>\n<meta property=\"og:description\" content=\"Governo Lula traz como princ\u00edpios da alfabetiza\u00e7\u00e3o a promo\u00e7\u00e3o da equidade educacional, o pluralismo de ideias e a valoriza\u00e7\u00e3o da diversidade. Sequ\u00eancias did\u00e1ticas e outros meios indicados pela ci\u00eancia n\u00e3o ser\u00e3o adotados Por Mar\u00edlia Rodrigues No dia 29 de julho, o Minist\u00e9rio da Educa\u00e7\u00e3o promoveu, em seu canal do YouTube, um webin\u00e1rio sobre a rela\u00e7\u00e3o [&hellip;]\" \/>\n<meta property=\"og:url\" content=\"https:\/\/jornalfatosenoticias.com.br\/index.php\/2025\/08\/13\/sem-metas-ou-base-cientifica-plano-de-alfabetizacao-do-governo-tem-vies-ideologico\/\" \/>\n<meta property=\"og:site_name\" content=\"Jornal Fatos e Not\u00edcias\" \/>\n<meta property=\"article:published_time\" content=\"2025-08-13T14:53:38+00:00\" \/>\n<meta property=\"article:modified_time\" content=\"2025-08-13T14:53:40+00:00\" \/>\n<meta property=\"og:image\" content=\"https:\/\/jornalfatosenoticias.com.br\/wp-content\/uploads\/2025\/08\/crianca_alfabetizada_governo_lula.jpg\" \/>\n\t<meta property=\"og:image:width\" content=\"960\" \/>\n\t<meta property=\"og:image:height\" content=\"540\" \/>\n\t<meta property=\"og:image:type\" content=\"image\/jpeg\" \/>\n<meta name=\"author\" content=\"Luzimara Fernandes\" \/>\n<meta name=\"twitter:card\" content=\"summary_large_image\" \/>\n<meta name=\"twitter:label1\" content=\"Escrito por\" \/>\n\t<meta name=\"twitter:data1\" content=\"Luzimara Fernandes\" \/>\n\t<meta name=\"twitter:label2\" content=\"Est. tempo de leitura\" \/>\n\t<meta name=\"twitter:data2\" content=\"7 minutos\" \/>\n<script type=\"application\/ld+json\" class=\"yoast-schema-graph\">{\"@context\":\"https:\/\/schema.org\",\"@graph\":[{\"@type\":\"Article\",\"@id\":\"https:\/\/jornalfatosenoticias.com.br\/index.php\/2025\/08\/13\/sem-metas-ou-base-cientifica-plano-de-alfabetizacao-do-governo-tem-vies-ideologico\/#article\",\"isPartOf\":{\"@id\":\"https:\/\/jornalfatosenoticias.com.br\/index.php\/2025\/08\/13\/sem-metas-ou-base-cientifica-plano-de-alfabetizacao-do-governo-tem-vies-ideologico\/\"},\"author\":{\"name\":\"Luzimara Fernandes\",\"@id\":\"https:\/\/jornalfatosenoticias.com.br\/#\/schema\/person\/d63837fa13ac8666eb9e74e0985d6f81\"},\"headline\":\"Sem metas ou base cient\u00edfica, plano de alfabetiza\u00e7\u00e3o do governo tem vi\u00e9s ideol\u00f3gico\",\"datePublished\":\"2025-08-13T14:53:38+00:00\",\"dateModified\":\"2025-08-13T14:53:40+00:00\",\"mainEntityOfPage\":{\"@id\":\"https:\/\/jornalfatosenoticias.com.br\/index.php\/2025\/08\/13\/sem-metas-ou-base-cientifica-plano-de-alfabetizacao-do-governo-tem-vies-ideologico\/\"},\"wordCount\":1368,\"commentCount\":0,\"publisher\":{\"@id\":\"https:\/\/jornalfatosenoticias.com.br\/#organization\"},\"image\":{\"@id\":\"https:\/\/jornalfatosenoticias.com.br\/index.php\/2025\/08\/13\/sem-metas-ou-base-cientifica-plano-de-alfabetizacao-do-governo-tem-vies-ideologico\/#primaryimage\"},\"thumbnailUrl\":\"https:\/\/jornalfatosenoticias.com.br\/wp-content\/uploads\/2025\/08\/crianca_alfabetizada_governo_lula.jpg\",\"keywords\":[\"alfabetiza\u00e7\u00e3o\",\"equidade educacional\",\"governo federal\",\"governo Lula\",\"governos do PT\",\"MEC\",\"vi\u00e9s ideol\u00f3gico\"],\"articleSection\":[\"Educa\u00e7\u00e3o\"],\"inLanguage\":\"pt-BR\",\"potentialAction\":[{\"@type\":\"CommentAction\",\"name\":\"Comment\",\"target\":[\"https:\/\/jornalfatosenoticias.com.br\/index.php\/2025\/08\/13\/sem-metas-ou-base-cientifica-plano-de-alfabetizacao-do-governo-tem-vies-ideologico\/#respond\"]}]},{\"@type\":\"WebPage\",\"@id\":\"https:\/\/jornalfatosenoticias.com.br\/index.php\/2025\/08\/13\/sem-metas-ou-base-cientifica-plano-de-alfabetizacao-do-governo-tem-vies-ideologico\/\",\"url\":\"https:\/\/jornalfatosenoticias.com.br\/index.php\/2025\/08\/13\/sem-metas-ou-base-cientifica-plano-de-alfabetizacao-do-governo-tem-vies-ideologico\/\",\"name\":\"Sem metas ou base cient\u00edfica, plano de alfabetiza\u00e7\u00e3o do governo tem vi\u00e9s ideol\u00f3gico - Jornal Fatos e Not\u00edcias\",\"isPartOf\":{\"@id\":\"https:\/\/jornalfatosenoticias.com.br\/#website\"},\"primaryImageOfPage\":{\"@id\":\"https:\/\/jornalfatosenoticias.com.br\/index.php\/2025\/08\/13\/sem-metas-ou-base-cientifica-plano-de-alfabetizacao-do-governo-tem-vies-ideologico\/#primaryimage\"},\"image\":{\"@id\":\"https:\/\/jornalfatosenoticias.com.br\/index.php\/2025\/08\/13\/sem-metas-ou-base-cientifica-plano-de-alfabetizacao-do-governo-tem-vies-ideologico\/#primaryimage\"},\"thumbnailUrl\":\"https:\/\/jornalfatosenoticias.com.br\/wp-content\/uploads\/2025\/08\/crianca_alfabetizada_governo_lula.jpg\",\"datePublished\":\"2025-08-13T14:53:38+00:00\",\"dateModified\":\"2025-08-13T14:53:40+00:00\",\"breadcrumb\":{\"@id\":\"https:\/\/jornalfatosenoticias.com.br\/index.php\/2025\/08\/13\/sem-metas-ou-base-cientifica-plano-de-alfabetizacao-do-governo-tem-vies-ideologico\/#breadcrumb\"},\"inLanguage\":\"pt-BR\",\"potentialAction\":[{\"@type\":\"ReadAction\",\"target\":[\"https:\/\/jornalfatosenoticias.com.br\/index.php\/2025\/08\/13\/sem-metas-ou-base-cientifica-plano-de-alfabetizacao-do-governo-tem-vies-ideologico\/\"]}]},{\"@type\":\"ImageObject\",\"inLanguage\":\"pt-BR\",\"@id\":\"https:\/\/jornalfatosenoticias.com.br\/index.php\/2025\/08\/13\/sem-metas-ou-base-cientifica-plano-de-alfabetizacao-do-governo-tem-vies-ideologico\/#primaryimage\",\"url\":\"https:\/\/jornalfatosenoticias.com.br\/wp-content\/uploads\/2025\/08\/crianca_alfabetizada_governo_lula.jpg\",\"contentUrl\":\"https:\/\/jornalfatosenoticias.com.br\/wp-content\/uploads\/2025\/08\/crianca_alfabetizada_governo_lula.jpg\",\"width\":960,\"height\":540},{\"@type\":\"BreadcrumbList\",\"@id\":\"https:\/\/jornalfatosenoticias.com.br\/index.php\/2025\/08\/13\/sem-metas-ou-base-cientifica-plano-de-alfabetizacao-do-governo-tem-vies-ideologico\/#breadcrumb\",\"itemListElement\":[{\"@type\":\"ListItem\",\"position\":1,\"name\":\"In\u00edcio\",\"item\":\"https:\/\/jornalfatosenoticias.com.br\/\"},{\"@type\":\"ListItem\",\"position\":2,\"name\":\"Sem metas ou base cient\u00edfica, plano de alfabetiza\u00e7\u00e3o do governo tem vi\u00e9s ideol\u00f3gico\"}]},{\"@type\":\"WebSite\",\"@id\":\"https:\/\/jornalfatosenoticias.com.br\/#website\",\"url\":\"https:\/\/jornalfatosenoticias.com.br\/\",\"name\":\"Jornal Fatos e Not\u00edcias\",\"description\":\"Not\u00edcias em geral\",\"publisher\":{\"@id\":\"https:\/\/jornalfatosenoticias.com.br\/#organization\"},\"potentialAction\":[{\"@type\":\"SearchAction\",\"target\":{\"@type\":\"EntryPoint\",\"urlTemplate\":\"https:\/\/jornalfatosenoticias.com.br\/?s={search_term_string}\"},\"query-input\":{\"@type\":\"PropertyValueSpecification\",\"valueRequired\":true,\"valueName\":\"search_term_string\"}}],\"inLanguage\":\"pt-BR\"},{\"@type\":\"Organization\",\"@id\":\"https:\/\/jornalfatosenoticias.com.br\/#organization\",\"name\":\"Jornal Fatos e Not\u00edcias\",\"url\":\"https:\/\/jornalfatosenoticias.com.br\/\",\"logo\":{\"@type\":\"ImageObject\",\"inLanguage\":\"pt-BR\",\"@id\":\"https:\/\/jornalfatosenoticias.com.br\/#\/schema\/logo\/image\/\",\"url\":\"https:\/\/jornalfatosenoticias.com.br\/wp-content\/uploads\/2020\/02\/logo120.png\",\"contentUrl\":\"https:\/\/jornalfatosenoticias.com.br\/wp-content\/uploads\/2020\/02\/logo120.png\",\"width\":1227,\"height\":120,\"caption\":\"Jornal Fatos e Not\u00edcias\"},\"image\":{\"@id\":\"https:\/\/jornalfatosenoticias.com.br\/#\/schema\/logo\/image\/\"}},{\"@type\":\"Person\",\"@id\":\"https:\/\/jornalfatosenoticias.com.br\/#\/schema\/person\/d63837fa13ac8666eb9e74e0985d6f81\",\"name\":\"Luzimara Fernandes\",\"image\":{\"@type\":\"ImageObject\",\"inLanguage\":\"pt-BR\",\"@id\":\"https:\/\/jornalfatosenoticias.com.br\/#\/schema\/person\/image\/\",\"url\":\"https:\/\/jornalfatosenoticias.com.br\/wp-content\/uploads\/2025\/05\/EU_portal.jpg\",\"contentUrl\":\"https:\/\/jornalfatosenoticias.com.br\/wp-content\/uploads\/2025\/05\/EU_portal.jpg\",\"caption\":\"Luzimara Fernandes\"},\"description\":\"Jornalista MTB 2358-ES\",\"sameAs\":[\"https:\/\/jornalfatosenoticias.com.br\"],\"url\":\"https:\/\/jornalfatosenoticias.com.br\/index.php\/author\/luzimara\/\"}]}<\/script>\n<!-- \/ Yoast SEO plugin. -->","yoast_head_json":{"title":"Sem metas ou base cient\u00edfica, plano de alfabetiza\u00e7\u00e3o do governo tem vi\u00e9s ideol\u00f3gico - Jornal Fatos e Not\u00edcias","robots":{"index":"index","follow":"follow","max-snippet":"max-snippet:-1","max-image-preview":"max-image-preview:large","max-video-preview":"max-video-preview:-1"},"canonical":"https:\/\/jornalfatosenoticias.com.br\/index.php\/2025\/08\/13\/sem-metas-ou-base-cientifica-plano-de-alfabetizacao-do-governo-tem-vies-ideologico\/","og_locale":"pt_BR","og_type":"article","og_title":"Sem metas ou base cient\u00edfica, plano de alfabetiza\u00e7\u00e3o do governo tem vi\u00e9s ideol\u00f3gico - Jornal Fatos e Not\u00edcias","og_description":"Governo Lula traz como princ\u00edpios da alfabetiza\u00e7\u00e3o a promo\u00e7\u00e3o da equidade educacional, o pluralismo de ideias e a valoriza\u00e7\u00e3o da diversidade. Sequ\u00eancias did\u00e1ticas e outros meios indicados pela ci\u00eancia n\u00e3o ser\u00e3o adotados Por Mar\u00edlia Rodrigues No dia 29 de julho, o Minist\u00e9rio da Educa\u00e7\u00e3o promoveu, em seu canal do YouTube, um webin\u00e1rio sobre a rela\u00e7\u00e3o [&hellip;]","og_url":"https:\/\/jornalfatosenoticias.com.br\/index.php\/2025\/08\/13\/sem-metas-ou-base-cientifica-plano-de-alfabetizacao-do-governo-tem-vies-ideologico\/","og_site_name":"Jornal Fatos e Not\u00edcias","article_published_time":"2025-08-13T14:53:38+00:00","article_modified_time":"2025-08-13T14:53:40+00:00","og_image":[{"width":960,"height":540,"url":"https:\/\/jornalfatosenoticias.com.br\/wp-content\/uploads\/2025\/08\/crianca_alfabetizada_governo_lula.jpg","type":"image\/jpeg"}],"author":"Luzimara Fernandes","twitter_card":"summary_large_image","twitter_misc":{"Escrito por":"Luzimara Fernandes","Est. tempo de leitura":"7 minutos"},"schema":{"@context":"https:\/\/schema.org","@graph":[{"@type":"Article","@id":"https:\/\/jornalfatosenoticias.com.br\/index.php\/2025\/08\/13\/sem-metas-ou-base-cientifica-plano-de-alfabetizacao-do-governo-tem-vies-ideologico\/#article","isPartOf":{"@id":"https:\/\/jornalfatosenoticias.com.br\/index.php\/2025\/08\/13\/sem-metas-ou-base-cientifica-plano-de-alfabetizacao-do-governo-tem-vies-ideologico\/"},"author":{"name":"Luzimara Fernandes","@id":"https:\/\/jornalfatosenoticias.com.br\/#\/schema\/person\/d63837fa13ac8666eb9e74e0985d6f81"},"headline":"Sem metas ou base cient\u00edfica, plano de alfabetiza\u00e7\u00e3o do governo tem vi\u00e9s ideol\u00f3gico","datePublished":"2025-08-13T14:53:38+00:00","dateModified":"2025-08-13T14:53:40+00:00","mainEntityOfPage":{"@id":"https:\/\/jornalfatosenoticias.com.br\/index.php\/2025\/08\/13\/sem-metas-ou-base-cientifica-plano-de-alfabetizacao-do-governo-tem-vies-ideologico\/"},"wordCount":1368,"commentCount":0,"publisher":{"@id":"https:\/\/jornalfatosenoticias.com.br\/#organization"},"image":{"@id":"https:\/\/jornalfatosenoticias.com.br\/index.php\/2025\/08\/13\/sem-metas-ou-base-cientifica-plano-de-alfabetizacao-do-governo-tem-vies-ideologico\/#primaryimage"},"thumbnailUrl":"https:\/\/jornalfatosenoticias.com.br\/wp-content\/uploads\/2025\/08\/crianca_alfabetizada_governo_lula.jpg","keywords":["alfabetiza\u00e7\u00e3o","equidade educacional","governo federal","governo Lula","governos do PT","MEC","vi\u00e9s ideol\u00f3gico"],"articleSection":["Educa\u00e7\u00e3o"],"inLanguage":"pt-BR","potentialAction":[{"@type":"CommentAction","name":"Comment","target":["https:\/\/jornalfatosenoticias.com.br\/index.php\/2025\/08\/13\/sem-metas-ou-base-cientifica-plano-de-alfabetizacao-do-governo-tem-vies-ideologico\/#respond"]}]},{"@type":"WebPage","@id":"https:\/\/jornalfatosenoticias.com.br\/index.php\/2025\/08\/13\/sem-metas-ou-base-cientifica-plano-de-alfabetizacao-do-governo-tem-vies-ideologico\/","url":"https:\/\/jornalfatosenoticias.com.br\/index.php\/2025\/08\/13\/sem-metas-ou-base-cientifica-plano-de-alfabetizacao-do-governo-tem-vies-ideologico\/","name":"Sem metas ou base cient\u00edfica, plano de alfabetiza\u00e7\u00e3o do governo tem vi\u00e9s ideol\u00f3gico - Jornal Fatos e Not\u00edcias","isPartOf":{"@id":"https:\/\/jornalfatosenoticias.com.br\/#website"},"primaryImageOfPage":{"@id":"https:\/\/jornalfatosenoticias.com.br\/index.php\/2025\/08\/13\/sem-metas-ou-base-cientifica-plano-de-alfabetizacao-do-governo-tem-vies-ideologico\/#primaryimage"},"image":{"@id":"https:\/\/jornalfatosenoticias.com.br\/index.php\/2025\/08\/13\/sem-metas-ou-base-cientifica-plano-de-alfabetizacao-do-governo-tem-vies-ideologico\/#primaryimage"},"thumbnailUrl":"https:\/\/jornalfatosenoticias.com.br\/wp-content\/uploads\/2025\/08\/crianca_alfabetizada_governo_lula.jpg","datePublished":"2025-08-13T14:53:38+00:00","dateModified":"2025-08-13T14:53:40+00:00","breadcrumb":{"@id":"https:\/\/jornalfatosenoticias.com.br\/index.php\/2025\/08\/13\/sem-metas-ou-base-cientifica-plano-de-alfabetizacao-do-governo-tem-vies-ideologico\/#breadcrumb"},"inLanguage":"pt-BR","potentialAction":[{"@type":"ReadAction","target":["https:\/\/jornalfatosenoticias.com.br\/index.php\/2025\/08\/13\/sem-metas-ou-base-cientifica-plano-de-alfabetizacao-do-governo-tem-vies-ideologico\/"]}]},{"@type":"ImageObject","inLanguage":"pt-BR","@id":"https:\/\/jornalfatosenoticias.com.br\/index.php\/2025\/08\/13\/sem-metas-ou-base-cientifica-plano-de-alfabetizacao-do-governo-tem-vies-ideologico\/#primaryimage","url":"https:\/\/jornalfatosenoticias.com.br\/wp-content\/uploads\/2025\/08\/crianca_alfabetizada_governo_lula.jpg","contentUrl":"https:\/\/jornalfatosenoticias.com.br\/wp-content\/uploads\/2025\/08\/crianca_alfabetizada_governo_lula.jpg","width":960,"height":540},{"@type":"BreadcrumbList","@id":"https:\/\/jornalfatosenoticias.com.br\/index.php\/2025\/08\/13\/sem-metas-ou-base-cientifica-plano-de-alfabetizacao-do-governo-tem-vies-ideologico\/#breadcrumb","itemListElement":[{"@type":"ListItem","position":1,"name":"In\u00edcio","item":"https:\/\/jornalfatosenoticias.com.br\/"},{"@type":"ListItem","position":2,"name":"Sem metas ou base cient\u00edfica, plano de alfabetiza\u00e7\u00e3o do governo tem vi\u00e9s ideol\u00f3gico"}]},{"@type":"WebSite","@id":"https:\/\/jornalfatosenoticias.com.br\/#website","url":"https:\/\/jornalfatosenoticias.com.br\/","name":"Jornal Fatos e Not\u00edcias","description":"Not\u00edcias em geral","publisher":{"@id":"https:\/\/jornalfatosenoticias.com.br\/#organization"},"potentialAction":[{"@type":"SearchAction","target":{"@type":"EntryPoint","urlTemplate":"https:\/\/jornalfatosenoticias.com.br\/?s={search_term_string}"},"query-input":{"@type":"PropertyValueSpecification","valueRequired":true,"valueName":"search_term_string"}}],"inLanguage":"pt-BR"},{"@type":"Organization","@id":"https:\/\/jornalfatosenoticias.com.br\/#organization","name":"Jornal Fatos e Not\u00edcias","url":"https:\/\/jornalfatosenoticias.com.br\/","logo":{"@type":"ImageObject","inLanguage":"pt-BR","@id":"https:\/\/jornalfatosenoticias.com.br\/#\/schema\/logo\/image\/","url":"https:\/\/jornalfatosenoticias.com.br\/wp-content\/uploads\/2020\/02\/logo120.png","contentUrl":"https:\/\/jornalfatosenoticias.com.br\/wp-content\/uploads\/2020\/02\/logo120.png","width":1227,"height":120,"caption":"Jornal Fatos e Not\u00edcias"},"image":{"@id":"https:\/\/jornalfatosenoticias.com.br\/#\/schema\/logo\/image\/"}},{"@type":"Person","@id":"https:\/\/jornalfatosenoticias.com.br\/#\/schema\/person\/d63837fa13ac8666eb9e74e0985d6f81","name":"Luzimara Fernandes","image":{"@type":"ImageObject","inLanguage":"pt-BR","@id":"https:\/\/jornalfatosenoticias.com.br\/#\/schema\/person\/image\/","url":"https:\/\/jornalfatosenoticias.com.br\/wp-content\/uploads\/2025\/05\/EU_portal.jpg","contentUrl":"https:\/\/jornalfatosenoticias.com.br\/wp-content\/uploads\/2025\/05\/EU_portal.jpg","caption":"Luzimara Fernandes"},"description":"Jornalista MTB 2358-ES","sameAs":["https:\/\/jornalfatosenoticias.com.br"],"url":"https:\/\/jornalfatosenoticias.com.br\/index.php\/author\/luzimara\/"}]}},"cc_featured_image_caption":{"caption_text":"(Foto: Ant\u00f4nio Cruz\/Ag\u00eancia Brasil) ","source_text":"","source_url":""},"jetpack_featured_media_url":"https:\/\/jornalfatosenoticias.com.br\/wp-content\/uploads\/2025\/08\/crianca_alfabetizada_governo_lula.jpg","_links":{"self":[{"href":"https:\/\/jornalfatosenoticias.com.br\/index.php\/wp-json\/wp\/v2\/posts\/61202","targetHints":{"allow":["GET"]}}],"collection":[{"href":"https:\/\/jornalfatosenoticias.com.br\/index.php\/wp-json\/wp\/v2\/posts"}],"about":[{"href":"https:\/\/jornalfatosenoticias.com.br\/index.php\/wp-json\/wp\/v2\/types\/post"}],"author":[{"embeddable":true,"href":"https:\/\/jornalfatosenoticias.com.br\/index.php\/wp-json\/wp\/v2\/users\/2"}],"replies":[{"embeddable":true,"href":"https:\/\/jornalfatosenoticias.com.br\/index.php\/wp-json\/wp\/v2\/comments?post=61202"}],"version-history":[{"count":0,"href":"https:\/\/jornalfatosenoticias.com.br\/index.php\/wp-json\/wp\/v2\/posts\/61202\/revisions"}],"wp:featuredmedia":[{"embeddable":true,"href":"https:\/\/jornalfatosenoticias.com.br\/index.php\/wp-json\/wp\/v2\/media\/61203"}],"wp:attachment":[{"href":"https:\/\/jornalfatosenoticias.com.br\/index.php\/wp-json\/wp\/v2\/media?parent=61202"}],"wp:term":[{"taxonomy":"category","embeddable":true,"href":"https:\/\/jornalfatosenoticias.com.br\/index.php\/wp-json\/wp\/v2\/categories?post=61202"},{"taxonomy":"post_tag","embeddable":true,"href":"https:\/\/jornalfatosenoticias.com.br\/index.php\/wp-json\/wp\/v2\/tags?post=61202"}],"curies":[{"name":"wp","href":"https:\/\/api.w.org\/{rel}","templated":true}]}}