{"id":61208,"date":"2025-08-13T12:13:16","date_gmt":"2025-08-13T15:13:16","guid":{"rendered":"https:\/\/jornalfatosenoticias.com.br\/?p=61208"},"modified":"2025-08-13T12:13:17","modified_gmt":"2025-08-13T15:13:17","slug":"pregador-de-rua-e-ameacado-de-esfaqueamento-por-muculmanos-e-quase-preso-no-reino-unido","status":"publish","type":"post","link":"https:\/\/jornalfatosenoticias.com.br\/index.php\/2025\/08\/13\/pregador-de-rua-e-ameacado-de-esfaqueamento-por-muculmanos-e-quase-preso-no-reino-unido\/","title":{"rendered":"Pregador de rua \u00e9 amea\u00e7ado de esfaqueamento por mu\u00e7ulmanos e quase preso, no Reino Unido"},"content":{"rendered":"\n<p><em><span class=\"has-inline-color has-black-color\">Mu\u00e7ulmanos tentam dar um soco na esposa do pastor Dia Moodley e amea\u00e7am esfaque\u00e1-lo ap\u00f3s prend\u00ea-lo no ch\u00e3o<\/span><\/em><\/p>\n\n\n\n<p><span class=\"has-inline-color has-black-color\">Por <strong>Guiame\/Christian Today<\/strong><\/span><\/p>\n\n\n\n<div class=\"wp-block-image\"><figure class=\"aligncenter size-large\"><a href=\"https:\/\/www.controlsystems.com.br\/\"><img loading=\"lazy\" decoding=\"async\" width=\"1024\" height=\"109\" src=\"https:\/\/jornalfatosenoticias.com.br\/wp-content\/uploads\/2020\/02\/CONTROL-CS2-1024x109.jpg\" alt=\"\" class=\"wp-image-44989\" srcset=\"https:\/\/jornalfatosenoticias.com.br\/wp-content\/uploads\/2020\/02\/CONTROL-CS2-1024x109.jpg 1024w, https:\/\/jornalfatosenoticias.com.br\/wp-content\/uploads\/2020\/02\/CONTROL-CS2-300x32.jpg 300w, https:\/\/jornalfatosenoticias.com.br\/wp-content\/uploads\/2020\/02\/CONTROL-CS2-768x82.jpg 768w, https:\/\/jornalfatosenoticias.com.br\/wp-content\/uploads\/2020\/02\/CONTROL-CS2.jpg 1120w\" sizes=\"auto, (max-width: 1024px) 100vw, 1024px\" \/><\/a><\/figure><\/div>\n\n\n\n<p>O pastor Dia Moodley foi alvo de agress\u00f5es e amea\u00e7as no centro de Bristol, no <strong><a href=\"https:\/\/guiame.com.br\/gospel\/mundo-cristao\/franklin-graham-cria-fundo-contra-tentativas-de-silenciar-pregacao-do-evangelho.html\"><strong>Reino Unido<\/strong><\/a><\/strong>, enquanto pregava na rua, fazendo compara\u00e7\u00e3o com o Jesus da B\u00edblia e o do Alcor\u00e3o. O pastor afirma que foi amea\u00e7ado de morte por um homem e que sua esposa, que o acompanhava na prega\u00e7\u00e3o, quase foi agredida com um soco.<br>Segundo Moodley, os agressores tentaram tomar o Alcor\u00e3o que ele usava para mostrar a compara\u00e7\u00e3o que fazia, alegando que \u201cpertencia a eles\u201d. Em um v\u00eddeo, filmado no momento, \u00e9 poss\u00edvel ver a confus\u00e3o, enquanto a pol\u00edcia assiste sem reagir aos agressores. A atua\u00e7\u00e3o da pol\u00edcia local foi criticada por inicialmente ter amea\u00e7ado prender o pastor por \u201ccrimes de ordem p\u00fablica\u201d, enquanto os agressores continuavam a amea\u00e7\u00e1-lo mesmo diante dos agentes.<\/p>\n\n\n\n<div class=\"wp-block-image\"><figure class=\"aligncenter size-large is-resized\"><a href=\"https:\/\/www.ithbrasil.com.br\/\"><img loading=\"lazy\" decoding=\"async\" src=\"https:\/\/jornalfatosenoticias.com.br\/wp-content\/uploads\/2023\/08\/ITH.jpeg\" alt=\"\" class=\"wp-image-44638\" width=\"302\" height=\"245\" srcset=\"https:\/\/jornalfatosenoticias.com.br\/wp-content\/uploads\/2023\/08\/ITH.jpeg 800w, https:\/\/jornalfatosenoticias.com.br\/wp-content\/uploads\/2023\/08\/ITH-300x244.jpeg 300w, https:\/\/jornalfatosenoticias.com.br\/wp-content\/uploads\/2023\/08\/ITH-768x624.jpeg 768w\" sizes=\"auto, (max-width: 302px) 100vw, 302px\" \/><\/a><\/figure><\/div>\n\n\n\n<p>Segundo o grupo de defesa ADF International, que presta apoio jur\u00eddico a Moodley, os policiais que chegaram ao local n\u00e3o tomaram nenhuma medida para conter os <strong><a href=\"https:\/\/guiame.com.br\/gospel\/mundo-cristao\/atacado-por-muculmanos-missionario-pede-oracoes-pela-conversao-de-seus-agressores.html\"><strong>agressores mu\u00e7ulmanos<\/strong><\/a>.<\/strong> O homem que havia amea\u00e7ado esfaque\u00e1-lo teria continuado com as intimida\u00e7\u00f5es mesmo diante da presen\u00e7a policial, sem qualquer interven\u00e7\u00e3o imediata. A situa\u00e7\u00e3o s\u00f3 foi contida ap\u00f3s a chegada de um inspetor s\u00eanior, que disse a Moodley que ele n\u00e3o seria preso.<\/p>\n\n\n\n<div class=\"wp-block-image\"><figure class=\"aligncenter size-large is-resized\"><a href=\"https:\/\/www.facebook.com\/profile.php?id=100069289606145\"><img loading=\"lazy\" decoding=\"async\" src=\"https:\/\/jornalfatosenoticias.com.br\/wp-content\/uploads\/2024\/11\/Guaitolini-Contabilidade-1024x714.jpeg\" alt=\"\" class=\"wp-image-55808\" width=\"380\" height=\"265\" srcset=\"https:\/\/jornalfatosenoticias.com.br\/wp-content\/uploads\/2024\/11\/Guaitolini-Contabilidade-1024x714.jpeg 1024w, https:\/\/jornalfatosenoticias.com.br\/wp-content\/uploads\/2024\/11\/Guaitolini-Contabilidade-300x209.jpeg 300w, https:\/\/jornalfatosenoticias.com.br\/wp-content\/uploads\/2024\/11\/Guaitolini-Contabilidade-768x535.jpeg 768w, https:\/\/jornalfatosenoticias.com.br\/wp-content\/uploads\/2024\/11\/Guaitolini-Contabilidade.jpeg 1280w\" sizes=\"auto, (max-width: 380px) 100vw, 380px\" \/><\/a><\/figure><\/div>\n\n\n\n<p>O pastor registrou uma queixa contra a pol\u00edcia de Avon e Somerset pelo incidente. &#8220;Prego em p\u00fablico porque acredito que todas as pessoas, incluindo os mu\u00e7ulmanos, precisam saber que Jesus Cristo \u00e9 &#8216;o caminho, a verdade e a vida&#8217;. Sempre o fa\u00e7o com respeito, por amor ao pr\u00f3ximo&#8221;, disse o pastor. \u201cInfelizmente, nesta ocasi\u00e3o, um grupo de homens mu\u00e7ulmanos se op\u00f4s \u00e0 minha prega\u00e7\u00e3o e reagiu com viol\u00eancia. \u00c9 chocante que a pol\u00edcia tenha dito inicialmente que eu havia violado a paz. Isso mostra, mais uma vez, que o policiamento de dois n\u00edveis, que visa a express\u00e3o de crist\u00e3os, \u00e9 uma realidade na Gr\u00e3-Bretanha moderna\u201d, acrescenta.<\/p>\n\n\n\n<div class=\"wp-block-image\"><figure class=\"aligncenter size-large is-resized\"><a href=\"https:\/\/www.instagram.com\/serra4x4cambioautomatico\/\"><img loading=\"lazy\" decoding=\"async\" src=\"https:\/\/jornalfatosenoticias.com.br\/wp-content\/uploads\/2024\/08\/Serra-4x4-1-886x1024.jpg\" alt=\"\" class=\"wp-image-53632\" width=\"289\" height=\"334\" srcset=\"https:\/\/jornalfatosenoticias.com.br\/wp-content\/uploads\/2024\/08\/Serra-4x4-1-886x1024.jpg 886w, https:\/\/jornalfatosenoticias.com.br\/wp-content\/uploads\/2024\/08\/Serra-4x4-1-260x300.jpg 260w, https:\/\/jornalfatosenoticias.com.br\/wp-content\/uploads\/2024\/08\/Serra-4x4-1-768x888.jpg 768w, https:\/\/jornalfatosenoticias.com.br\/wp-content\/uploads\/2024\/08\/Serra-4x4-1.jpg 1181w\" sizes=\"auto, (max-width: 289px) 100vw, 289px\" \/><\/a><\/figure><\/div>\n\n\n\n<p>Lorc\u00e1n Price, advogado da ADF, relatou que o caso foi uma evid\u00eancia de que \u201cleis de blasf\u00eamia de fato\u201d est\u00e3o sendo usadas na Gr\u00e3-Bretanha para \u201catingir a express\u00e3o crist\u00e3, por meio da ordem p\u00fablica e outras legisla\u00e7\u00f5es\u201d. \u201cTodos os que s\u00e3o a favor da <strong><a href=\"https:\/\/guiame.com.br\/gospel\/noticias\/governo-cancela-eventos-de-adoracao-de-sean-feucht-no-canada-por-discurso-de-odio.html\"><strong>liberdade de express\u00e3o<\/strong><\/a><\/strong> devem apoiar a revoga\u00e7\u00e3o da legisla\u00e7\u00e3o censit\u00e1ria e a introdu\u00e7\u00e3o de prote\u00e7\u00f5es mais fortes para a liberdade de express\u00e3o no Reino Unido\u201d, disse o advogado. \u201cCaso contr\u00e1rio, pessoas inocentes como o pastor Moodley ser\u00e3o for\u00e7adas a deixar a esfera p\u00fablica ou enfrentar\u00e3o criminaliza\u00e7\u00e3o injusta por sua express\u00e3o pac\u00edfica\u201d.<\/p>\n\n\n\n<div class=\"wp-block-image\"><figure class=\"aligncenter size-large is-resized\"><a href=\"https:\/\/www.instagram.com\/rcradiadores\/\"><img loading=\"lazy\" decoding=\"async\" src=\"https:\/\/jornalfatosenoticias.com.br\/wp-content\/uploads\/2022\/10\/RC_800x750_page-0001.jpg\" alt=\"\" class=\"wp-image-35338\" width=\"305\" height=\"286\" srcset=\"https:\/\/jornalfatosenoticias.com.br\/wp-content\/uploads\/2022\/10\/RC_800x750_page-0001.jpg 400w, https:\/\/jornalfatosenoticias.com.br\/wp-content\/uploads\/2022\/10\/RC_800x750_page-0001-300x281.jpg 300w\" sizes=\"auto, (max-width: 305px) 100vw, 305px\" \/><\/a><\/figure><\/div>\n\n\n\n<p>As autoridades policiais de Avon e Somerset disse que \u201cos policiais compareceram a uma perturba\u00e7\u00e3o p\u00fablica em Broadmead, Bristol, em 22 de mar\u00e7o de 2025, na qual um pregador relatou ter sido amea\u00e7ado\u201d. E continuaram: &#8220;uma multid\u00e3o de pessoas se reuniu e foi dispersada pelos policiais, e o pregador foi aconselhado a parar e deixar a \u00e1rea como precau\u00e7\u00e3o. Uma investiga\u00e7\u00e3o foi realizada desde ent\u00e3o e um homem, na faixa dos 20 anos, compareceu a um interrogat\u00f3rio policial volunt\u00e1rio em julho, ap\u00f3s o qual foi decidido que nenhuma outra a\u00e7\u00e3o seria tomada. Isso foi comunicado ao pregador em 22 de julho, bem como seus direitos de submeter o Pedido de Revis\u00e3o de Direito \u00e0 V\u00edtima (VRR) caso n\u00e3o esteja satisfeito com a decis\u00e3o\u201d.<\/p>\n\n\n\n<div class=\"wp-block-image\"><figure class=\"aligncenter size-large is-resized\"><a href=\"https:\/\/www.facebook.com\/postobkr\/?locale=pt_BR\"><img loading=\"lazy\" decoding=\"async\" src=\"https:\/\/jornalfatosenoticias.com.br\/wp-content\/uploads\/2023\/08\/BKR-1024x1021.jpg\" alt=\"\" class=\"wp-image-44494\" width=\"284\" height=\"283\" srcset=\"https:\/\/jornalfatosenoticias.com.br\/wp-content\/uploads\/2023\/08\/BKR-1024x1021.jpg 1024w, https:\/\/jornalfatosenoticias.com.br\/wp-content\/uploads\/2023\/08\/BKR-300x300.jpg 300w, https:\/\/jornalfatosenoticias.com.br\/wp-content\/uploads\/2023\/08\/BKR-150x150.jpg 150w, https:\/\/jornalfatosenoticias.com.br\/wp-content\/uploads\/2023\/08\/BKR-768x766.jpg 768w, https:\/\/jornalfatosenoticias.com.br\/wp-content\/uploads\/2023\/08\/BKR.jpg 1080w\" sizes=\"auto, (max-width: 284px) 100vw, 284px\" \/><\/a><\/figure><\/div>\n\n\n\n<p>No dia seguinte, foi apresentado um VRR, avaliado por um inspetor-chefe. Em 27 de julho, ele decidiu que o caso deveria ser encaminhado ao Minist\u00e9rio P\u00fablico para considerar poss\u00edveis acusa\u00e7\u00f5es. O processo segue em curso, mantendo a investiga\u00e7\u00e3o policial ativa.<\/p>\n\n\n\n<p><strong>Fonte: <a href=\"https:\/\/guiame.com.br\/gospel\/missoes-acao-social\/pregador-de-rua-e-ameacado-de-esfaqueamento-por-muculmanos-e-quase-preso-no-reino-unido.html\">Guiame<\/a><\/strong><\/p>\n","protected":false},"excerpt":{"rendered":"<p>Mu\u00e7ulmanos tentam dar um soco na esposa do pastor Dia Moodley e amea\u00e7am esfaque\u00e1-lo ap\u00f3s prend\u00ea-lo no ch\u00e3o Por Guiame\/Christian Today O pastor Dia Moodley foi alvo de agress\u00f5es e amea\u00e7as no centro de Bristol, no Reino Unido, enquanto pregava na rua, fazendo compara\u00e7\u00e3o com o Jesus da B\u00edblia e o do Alcor\u00e3o. O pastor [&hellip;]<\/p>\n","protected":false},"author":2,"featured_media":61209,"comment_status":"open","ping_status":"open","sticky":false,"template":"","format":"standard","meta":{"footnotes":""},"categories":[21140],"tags":[18555,14161,1619,23485,26077,79,27879,2834],"class_list":["post-61208","post","type-post","status-publish","format-standard","has-post-thumbnail","hentry","category-religiao","tag-ataques","tag-cristaos","tag-cristianismo","tag-evangelho","tag-gospel","tag-muculmanos","tag-pregador-de-rua","tag-reino-unido"],"yoast_head":"<!-- This site is optimized with the Yoast SEO plugin v26.5 - https:\/\/yoast.com\/wordpress\/plugins\/seo\/ -->\n<title>Pregador de rua \u00e9 amea\u00e7ado de esfaqueamento por mu\u00e7ulmanos e quase preso, no Reino Unido - Jornal Fatos e Not\u00edcias<\/title>\n<meta name=\"robots\" content=\"index, follow, max-snippet:-1, max-image-preview:large, max-video-preview:-1\" \/>\n<link rel=\"canonical\" href=\"https:\/\/jornalfatosenoticias.com.br\/index.php\/2025\/08\/13\/pregador-de-rua-e-ameacado-de-esfaqueamento-por-muculmanos-e-quase-preso-no-reino-unido\/\" \/>\n<meta property=\"og:locale\" content=\"pt_BR\" \/>\n<meta property=\"og:type\" content=\"article\" \/>\n<meta property=\"og:title\" content=\"Pregador de rua \u00e9 amea\u00e7ado de esfaqueamento por mu\u00e7ulmanos e quase preso, no Reino Unido - Jornal Fatos e Not\u00edcias\" \/>\n<meta property=\"og:description\" content=\"Mu\u00e7ulmanos tentam dar um soco na esposa do pastor Dia Moodley e amea\u00e7am esfaque\u00e1-lo ap\u00f3s prend\u00ea-lo no ch\u00e3o Por Guiame\/Christian Today O pastor Dia Moodley foi alvo de agress\u00f5es e amea\u00e7as no centro de Bristol, no Reino Unido, enquanto pregava na rua, fazendo compara\u00e7\u00e3o com o Jesus da B\u00edblia e o do Alcor\u00e3o. O pastor [&hellip;]\" \/>\n<meta property=\"og:url\" content=\"https:\/\/jornalfatosenoticias.com.br\/index.php\/2025\/08\/13\/pregador-de-rua-e-ameacado-de-esfaqueamento-por-muculmanos-e-quase-preso-no-reino-unido\/\" \/>\n<meta property=\"og:site_name\" content=\"Jornal Fatos e Not\u00edcias\" \/>\n<meta property=\"article:published_time\" content=\"2025-08-13T15:13:16+00:00\" \/>\n<meta property=\"article:modified_time\" content=\"2025-08-13T15:13:17+00:00\" \/>\n<meta property=\"og:image\" content=\"https:\/\/jornalfatosenoticias.com.br\/wp-content\/uploads\/2025\/08\/pastor-Reino-Unido.png\" \/>\n\t<meta property=\"og:image:width\" content=\"1000\" \/>\n\t<meta property=\"og:image:height\" content=\"649\" \/>\n\t<meta property=\"og:image:type\" content=\"image\/png\" \/>\n<meta name=\"author\" content=\"Luzimara Fernandes\" \/>\n<meta name=\"twitter:card\" content=\"summary_large_image\" \/>\n<meta name=\"twitter:label1\" content=\"Escrito por\" \/>\n\t<meta name=\"twitter:data1\" content=\"Luzimara Fernandes\" \/>\n\t<meta name=\"twitter:label2\" content=\"Est. tempo de leitura\" \/>\n\t<meta name=\"twitter:data2\" content=\"3 minutos\" \/>\n<script type=\"application\/ld+json\" class=\"yoast-schema-graph\">{\"@context\":\"https:\/\/schema.org\",\"@graph\":[{\"@type\":\"Article\",\"@id\":\"https:\/\/jornalfatosenoticias.com.br\/index.php\/2025\/08\/13\/pregador-de-rua-e-ameacado-de-esfaqueamento-por-muculmanos-e-quase-preso-no-reino-unido\/#article\",\"isPartOf\":{\"@id\":\"https:\/\/jornalfatosenoticias.com.br\/index.php\/2025\/08\/13\/pregador-de-rua-e-ameacado-de-esfaqueamento-por-muculmanos-e-quase-preso-no-reino-unido\/\"},\"author\":{\"name\":\"Luzimara Fernandes\",\"@id\":\"https:\/\/jornalfatosenoticias.com.br\/#\/schema\/person\/d63837fa13ac8666eb9e74e0985d6f81\"},\"headline\":\"Pregador de rua \u00e9 amea\u00e7ado de esfaqueamento por mu\u00e7ulmanos e quase preso, no Reino Unido\",\"datePublished\":\"2025-08-13T15:13:16+00:00\",\"dateModified\":\"2025-08-13T15:13:17+00:00\",\"mainEntityOfPage\":{\"@id\":\"https:\/\/jornalfatosenoticias.com.br\/index.php\/2025\/08\/13\/pregador-de-rua-e-ameacado-de-esfaqueamento-por-muculmanos-e-quase-preso-no-reino-unido\/\"},\"wordCount\":686,\"commentCount\":0,\"publisher\":{\"@id\":\"https:\/\/jornalfatosenoticias.com.br\/#organization\"},\"image\":{\"@id\":\"https:\/\/jornalfatosenoticias.com.br\/index.php\/2025\/08\/13\/pregador-de-rua-e-ameacado-de-esfaqueamento-por-muculmanos-e-quase-preso-no-reino-unido\/#primaryimage\"},\"thumbnailUrl\":\"https:\/\/jornalfatosenoticias.com.br\/wp-content\/uploads\/2025\/08\/pastor-Reino-Unido.png\",\"keywords\":[\"ataques\",\"crist\u00e3os\",\"cristianismo\",\"evangelho\",\"gospel\",\"mu\u00e7ulmanos\",\"pregador de rua\",\"Reino Unido\"],\"articleSection\":[\"Religi\u00e3o\"],\"inLanguage\":\"pt-BR\",\"potentialAction\":[{\"@type\":\"CommentAction\",\"name\":\"Comment\",\"target\":[\"https:\/\/jornalfatosenoticias.com.br\/index.php\/2025\/08\/13\/pregador-de-rua-e-ameacado-de-esfaqueamento-por-muculmanos-e-quase-preso-no-reino-unido\/#respond\"]}]},{\"@type\":\"WebPage\",\"@id\":\"https:\/\/jornalfatosenoticias.com.br\/index.php\/2025\/08\/13\/pregador-de-rua-e-ameacado-de-esfaqueamento-por-muculmanos-e-quase-preso-no-reino-unido\/\",\"url\":\"https:\/\/jornalfatosenoticias.com.br\/index.php\/2025\/08\/13\/pregador-de-rua-e-ameacado-de-esfaqueamento-por-muculmanos-e-quase-preso-no-reino-unido\/\",\"name\":\"Pregador de rua \u00e9 amea\u00e7ado de esfaqueamento por mu\u00e7ulmanos e quase preso, no Reino Unido - Jornal Fatos e Not\u00edcias\",\"isPartOf\":{\"@id\":\"https:\/\/jornalfatosenoticias.com.br\/#website\"},\"primaryImageOfPage\":{\"@id\":\"https:\/\/jornalfatosenoticias.com.br\/index.php\/2025\/08\/13\/pregador-de-rua-e-ameacado-de-esfaqueamento-por-muculmanos-e-quase-preso-no-reino-unido\/#primaryimage\"},\"image\":{\"@id\":\"https:\/\/jornalfatosenoticias.com.br\/index.php\/2025\/08\/13\/pregador-de-rua-e-ameacado-de-esfaqueamento-por-muculmanos-e-quase-preso-no-reino-unido\/#primaryimage\"},\"thumbnailUrl\":\"https:\/\/jornalfatosenoticias.com.br\/wp-content\/uploads\/2025\/08\/pastor-Reino-Unido.png\",\"datePublished\":\"2025-08-13T15:13:16+00:00\",\"dateModified\":\"2025-08-13T15:13:17+00:00\",\"breadcrumb\":{\"@id\":\"https:\/\/jornalfatosenoticias.com.br\/index.php\/2025\/08\/13\/pregador-de-rua-e-ameacado-de-esfaqueamento-por-muculmanos-e-quase-preso-no-reino-unido\/#breadcrumb\"},\"inLanguage\":\"pt-BR\",\"potentialAction\":[{\"@type\":\"ReadAction\",\"target\":[\"https:\/\/jornalfatosenoticias.com.br\/index.php\/2025\/08\/13\/pregador-de-rua-e-ameacado-de-esfaqueamento-por-muculmanos-e-quase-preso-no-reino-unido\/\"]}]},{\"@type\":\"ImageObject\",\"inLanguage\":\"pt-BR\",\"@id\":\"https:\/\/jornalfatosenoticias.com.br\/index.php\/2025\/08\/13\/pregador-de-rua-e-ameacado-de-esfaqueamento-por-muculmanos-e-quase-preso-no-reino-unido\/#primaryimage\",\"url\":\"https:\/\/jornalfatosenoticias.com.br\/wp-content\/uploads\/2025\/08\/pastor-Reino-Unido.png\",\"contentUrl\":\"https:\/\/jornalfatosenoticias.com.br\/wp-content\/uploads\/2025\/08\/pastor-Reino-Unido.png\",\"width\":1000,\"height\":649},{\"@type\":\"BreadcrumbList\",\"@id\":\"https:\/\/jornalfatosenoticias.com.br\/index.php\/2025\/08\/13\/pregador-de-rua-e-ameacado-de-esfaqueamento-por-muculmanos-e-quase-preso-no-reino-unido\/#breadcrumb\",\"itemListElement\":[{\"@type\":\"ListItem\",\"position\":1,\"name\":\"In\u00edcio\",\"item\":\"https:\/\/jornalfatosenoticias.com.br\/\"},{\"@type\":\"ListItem\",\"position\":2,\"name\":\"Pregador de rua \u00e9 amea\u00e7ado de esfaqueamento por mu\u00e7ulmanos e quase preso, no Reino Unido\"}]},{\"@type\":\"WebSite\",\"@id\":\"https:\/\/jornalfatosenoticias.com.br\/#website\",\"url\":\"https:\/\/jornalfatosenoticias.com.br\/\",\"name\":\"Jornal Fatos e Not\u00edcias\",\"description\":\"Not\u00edcias em geral\",\"publisher\":{\"@id\":\"https:\/\/jornalfatosenoticias.com.br\/#organization\"},\"potentialAction\":[{\"@type\":\"SearchAction\",\"target\":{\"@type\":\"EntryPoint\",\"urlTemplate\":\"https:\/\/jornalfatosenoticias.com.br\/?s={search_term_string}\"},\"query-input\":{\"@type\":\"PropertyValueSpecification\",\"valueRequired\":true,\"valueName\":\"search_term_string\"}}],\"inLanguage\":\"pt-BR\"},{\"@type\":\"Organization\",\"@id\":\"https:\/\/jornalfatosenoticias.com.br\/#organization\",\"name\":\"Jornal Fatos e Not\u00edcias\",\"url\":\"https:\/\/jornalfatosenoticias.com.br\/\",\"logo\":{\"@type\":\"ImageObject\",\"inLanguage\":\"pt-BR\",\"@id\":\"https:\/\/jornalfatosenoticias.com.br\/#\/schema\/logo\/image\/\",\"url\":\"https:\/\/jornalfatosenoticias.com.br\/wp-content\/uploads\/2020\/02\/logo120.png\",\"contentUrl\":\"https:\/\/jornalfatosenoticias.com.br\/wp-content\/uploads\/2020\/02\/logo120.png\",\"width\":1227,\"height\":120,\"caption\":\"Jornal Fatos e Not\u00edcias\"},\"image\":{\"@id\":\"https:\/\/jornalfatosenoticias.com.br\/#\/schema\/logo\/image\/\"}},{\"@type\":\"Person\",\"@id\":\"https:\/\/jornalfatosenoticias.com.br\/#\/schema\/person\/d63837fa13ac8666eb9e74e0985d6f81\",\"name\":\"Luzimara Fernandes\",\"image\":{\"@type\":\"ImageObject\",\"inLanguage\":\"pt-BR\",\"@id\":\"https:\/\/jornalfatosenoticias.com.br\/#\/schema\/person\/image\/\",\"url\":\"https:\/\/jornalfatosenoticias.com.br\/wp-content\/uploads\/2025\/05\/EU_portal.jpg\",\"contentUrl\":\"https:\/\/jornalfatosenoticias.com.br\/wp-content\/uploads\/2025\/05\/EU_portal.jpg\",\"caption\":\"Luzimara Fernandes\"},\"description\":\"Jornalista MTB 2358-ES\",\"sameAs\":[\"https:\/\/jornalfatosenoticias.com.br\"],\"url\":\"https:\/\/jornalfatosenoticias.com.br\/index.php\/author\/luzimara\/\"}]}<\/script>\n<!-- \/ Yoast SEO plugin. -->","yoast_head_json":{"title":"Pregador de rua \u00e9 amea\u00e7ado de esfaqueamento por mu\u00e7ulmanos e quase preso, no Reino Unido - Jornal Fatos e Not\u00edcias","robots":{"index":"index","follow":"follow","max-snippet":"max-snippet:-1","max-image-preview":"max-image-preview:large","max-video-preview":"max-video-preview:-1"},"canonical":"https:\/\/jornalfatosenoticias.com.br\/index.php\/2025\/08\/13\/pregador-de-rua-e-ameacado-de-esfaqueamento-por-muculmanos-e-quase-preso-no-reino-unido\/","og_locale":"pt_BR","og_type":"article","og_title":"Pregador de rua \u00e9 amea\u00e7ado de esfaqueamento por mu\u00e7ulmanos e quase preso, no Reino Unido - Jornal Fatos e Not\u00edcias","og_description":"Mu\u00e7ulmanos tentam dar um soco na esposa do pastor Dia Moodley e amea\u00e7am esfaque\u00e1-lo ap\u00f3s prend\u00ea-lo no ch\u00e3o Por Guiame\/Christian Today O pastor Dia Moodley foi alvo de agress\u00f5es e amea\u00e7as no centro de Bristol, no Reino Unido, enquanto pregava na rua, fazendo compara\u00e7\u00e3o com o Jesus da B\u00edblia e o do Alcor\u00e3o. O pastor [&hellip;]","og_url":"https:\/\/jornalfatosenoticias.com.br\/index.php\/2025\/08\/13\/pregador-de-rua-e-ameacado-de-esfaqueamento-por-muculmanos-e-quase-preso-no-reino-unido\/","og_site_name":"Jornal Fatos e Not\u00edcias","article_published_time":"2025-08-13T15:13:16+00:00","article_modified_time":"2025-08-13T15:13:17+00:00","og_image":[{"width":1000,"height":649,"url":"https:\/\/jornalfatosenoticias.com.br\/wp-content\/uploads\/2025\/08\/pastor-Reino-Unido.png","type":"image\/png"}],"author":"Luzimara Fernandes","twitter_card":"summary_large_image","twitter_misc":{"Escrito por":"Luzimara Fernandes","Est. tempo de leitura":"3 minutos"},"schema":{"@context":"https:\/\/schema.org","@graph":[{"@type":"Article","@id":"https:\/\/jornalfatosenoticias.com.br\/index.php\/2025\/08\/13\/pregador-de-rua-e-ameacado-de-esfaqueamento-por-muculmanos-e-quase-preso-no-reino-unido\/#article","isPartOf":{"@id":"https:\/\/jornalfatosenoticias.com.br\/index.php\/2025\/08\/13\/pregador-de-rua-e-ameacado-de-esfaqueamento-por-muculmanos-e-quase-preso-no-reino-unido\/"},"author":{"name":"Luzimara Fernandes","@id":"https:\/\/jornalfatosenoticias.com.br\/#\/schema\/person\/d63837fa13ac8666eb9e74e0985d6f81"},"headline":"Pregador de rua \u00e9 amea\u00e7ado de esfaqueamento por mu\u00e7ulmanos e quase preso, no Reino Unido","datePublished":"2025-08-13T15:13:16+00:00","dateModified":"2025-08-13T15:13:17+00:00","mainEntityOfPage":{"@id":"https:\/\/jornalfatosenoticias.com.br\/index.php\/2025\/08\/13\/pregador-de-rua-e-ameacado-de-esfaqueamento-por-muculmanos-e-quase-preso-no-reino-unido\/"},"wordCount":686,"commentCount":0,"publisher":{"@id":"https:\/\/jornalfatosenoticias.com.br\/#organization"},"image":{"@id":"https:\/\/jornalfatosenoticias.com.br\/index.php\/2025\/08\/13\/pregador-de-rua-e-ameacado-de-esfaqueamento-por-muculmanos-e-quase-preso-no-reino-unido\/#primaryimage"},"thumbnailUrl":"https:\/\/jornalfatosenoticias.com.br\/wp-content\/uploads\/2025\/08\/pastor-Reino-Unido.png","keywords":["ataques","crist\u00e3os","cristianismo","evangelho","gospel","mu\u00e7ulmanos","pregador de rua","Reino Unido"],"articleSection":["Religi\u00e3o"],"inLanguage":"pt-BR","potentialAction":[{"@type":"CommentAction","name":"Comment","target":["https:\/\/jornalfatosenoticias.com.br\/index.php\/2025\/08\/13\/pregador-de-rua-e-ameacado-de-esfaqueamento-por-muculmanos-e-quase-preso-no-reino-unido\/#respond"]}]},{"@type":"WebPage","@id":"https:\/\/jornalfatosenoticias.com.br\/index.php\/2025\/08\/13\/pregador-de-rua-e-ameacado-de-esfaqueamento-por-muculmanos-e-quase-preso-no-reino-unido\/","url":"https:\/\/jornalfatosenoticias.com.br\/index.php\/2025\/08\/13\/pregador-de-rua-e-ameacado-de-esfaqueamento-por-muculmanos-e-quase-preso-no-reino-unido\/","name":"Pregador de rua \u00e9 amea\u00e7ado de esfaqueamento por mu\u00e7ulmanos e quase preso, no Reino Unido - Jornal Fatos e Not\u00edcias","isPartOf":{"@id":"https:\/\/jornalfatosenoticias.com.br\/#website"},"primaryImageOfPage":{"@id":"https:\/\/jornalfatosenoticias.com.br\/index.php\/2025\/08\/13\/pregador-de-rua-e-ameacado-de-esfaqueamento-por-muculmanos-e-quase-preso-no-reino-unido\/#primaryimage"},"image":{"@id":"https:\/\/jornalfatosenoticias.com.br\/index.php\/2025\/08\/13\/pregador-de-rua-e-ameacado-de-esfaqueamento-por-muculmanos-e-quase-preso-no-reino-unido\/#primaryimage"},"thumbnailUrl":"https:\/\/jornalfatosenoticias.com.br\/wp-content\/uploads\/2025\/08\/pastor-Reino-Unido.png","datePublished":"2025-08-13T15:13:16+00:00","dateModified":"2025-08-13T15:13:17+00:00","breadcrumb":{"@id":"https:\/\/jornalfatosenoticias.com.br\/index.php\/2025\/08\/13\/pregador-de-rua-e-ameacado-de-esfaqueamento-por-muculmanos-e-quase-preso-no-reino-unido\/#breadcrumb"},"inLanguage":"pt-BR","potentialAction":[{"@type":"ReadAction","target":["https:\/\/jornalfatosenoticias.com.br\/index.php\/2025\/08\/13\/pregador-de-rua-e-ameacado-de-esfaqueamento-por-muculmanos-e-quase-preso-no-reino-unido\/"]}]},{"@type":"ImageObject","inLanguage":"pt-BR","@id":"https:\/\/jornalfatosenoticias.com.br\/index.php\/2025\/08\/13\/pregador-de-rua-e-ameacado-de-esfaqueamento-por-muculmanos-e-quase-preso-no-reino-unido\/#primaryimage","url":"https:\/\/jornalfatosenoticias.com.br\/wp-content\/uploads\/2025\/08\/pastor-Reino-Unido.png","contentUrl":"https:\/\/jornalfatosenoticias.com.br\/wp-content\/uploads\/2025\/08\/pastor-Reino-Unido.png","width":1000,"height":649},{"@type":"BreadcrumbList","@id":"https:\/\/jornalfatosenoticias.com.br\/index.php\/2025\/08\/13\/pregador-de-rua-e-ameacado-de-esfaqueamento-por-muculmanos-e-quase-preso-no-reino-unido\/#breadcrumb","itemListElement":[{"@type":"ListItem","position":1,"name":"In\u00edcio","item":"https:\/\/jornalfatosenoticias.com.br\/"},{"@type":"ListItem","position":2,"name":"Pregador de rua \u00e9 amea\u00e7ado de esfaqueamento por mu\u00e7ulmanos e quase preso, no Reino Unido"}]},{"@type":"WebSite","@id":"https:\/\/jornalfatosenoticias.com.br\/#website","url":"https:\/\/jornalfatosenoticias.com.br\/","name":"Jornal Fatos e Not\u00edcias","description":"Not\u00edcias em geral","publisher":{"@id":"https:\/\/jornalfatosenoticias.com.br\/#organization"},"potentialAction":[{"@type":"SearchAction","target":{"@type":"EntryPoint","urlTemplate":"https:\/\/jornalfatosenoticias.com.br\/?s={search_term_string}"},"query-input":{"@type":"PropertyValueSpecification","valueRequired":true,"valueName":"search_term_string"}}],"inLanguage":"pt-BR"},{"@type":"Organization","@id":"https:\/\/jornalfatosenoticias.com.br\/#organization","name":"Jornal Fatos e Not\u00edcias","url":"https:\/\/jornalfatosenoticias.com.br\/","logo":{"@type":"ImageObject","inLanguage":"pt-BR","@id":"https:\/\/jornalfatosenoticias.com.br\/#\/schema\/logo\/image\/","url":"https:\/\/jornalfatosenoticias.com.br\/wp-content\/uploads\/2020\/02\/logo120.png","contentUrl":"https:\/\/jornalfatosenoticias.com.br\/wp-content\/uploads\/2020\/02\/logo120.png","width":1227,"height":120,"caption":"Jornal Fatos e Not\u00edcias"},"image":{"@id":"https:\/\/jornalfatosenoticias.com.br\/#\/schema\/logo\/image\/"}},{"@type":"Person","@id":"https:\/\/jornalfatosenoticias.com.br\/#\/schema\/person\/d63837fa13ac8666eb9e74e0985d6f81","name":"Luzimara Fernandes","image":{"@type":"ImageObject","inLanguage":"pt-BR","@id":"https:\/\/jornalfatosenoticias.com.br\/#\/schema\/person\/image\/","url":"https:\/\/jornalfatosenoticias.com.br\/wp-content\/uploads\/2025\/05\/EU_portal.jpg","contentUrl":"https:\/\/jornalfatosenoticias.com.br\/wp-content\/uploads\/2025\/05\/EU_portal.jpg","caption":"Luzimara Fernandes"},"description":"Jornalista MTB 2358-ES","sameAs":["https:\/\/jornalfatosenoticias.com.br"],"url":"https:\/\/jornalfatosenoticias.com.br\/index.php\/author\/luzimara\/"}]}},"cc_featured_image_caption":{"caption_text":"(Foto: Instagram\/ADF International) ","source_text":"","source_url":""},"jetpack_featured_media_url":"https:\/\/jornalfatosenoticias.com.br\/wp-content\/uploads\/2025\/08\/pastor-Reino-Unido.png","_links":{"self":[{"href":"https:\/\/jornalfatosenoticias.com.br\/index.php\/wp-json\/wp\/v2\/posts\/61208","targetHints":{"allow":["GET"]}}],"collection":[{"href":"https:\/\/jornalfatosenoticias.com.br\/index.php\/wp-json\/wp\/v2\/posts"}],"about":[{"href":"https:\/\/jornalfatosenoticias.com.br\/index.php\/wp-json\/wp\/v2\/types\/post"}],"author":[{"embeddable":true,"href":"https:\/\/jornalfatosenoticias.com.br\/index.php\/wp-json\/wp\/v2\/users\/2"}],"replies":[{"embeddable":true,"href":"https:\/\/jornalfatosenoticias.com.br\/index.php\/wp-json\/wp\/v2\/comments?post=61208"}],"version-history":[{"count":0,"href":"https:\/\/jornalfatosenoticias.com.br\/index.php\/wp-json\/wp\/v2\/posts\/61208\/revisions"}],"wp:featuredmedia":[{"embeddable":true,"href":"https:\/\/jornalfatosenoticias.com.br\/index.php\/wp-json\/wp\/v2\/media\/61209"}],"wp:attachment":[{"href":"https:\/\/jornalfatosenoticias.com.br\/index.php\/wp-json\/wp\/v2\/media?parent=61208"}],"wp:term":[{"taxonomy":"category","embeddable":true,"href":"https:\/\/jornalfatosenoticias.com.br\/index.php\/wp-json\/wp\/v2\/categories?post=61208"},{"taxonomy":"post_tag","embeddable":true,"href":"https:\/\/jornalfatosenoticias.com.br\/index.php\/wp-json\/wp\/v2\/tags?post=61208"}],"curies":[{"name":"wp","href":"https:\/\/api.w.org\/{rel}","templated":true}]}}