{"id":61216,"date":"2025-08-13T14:39:58","date_gmt":"2025-08-13T17:39:58","guid":{"rendered":"https:\/\/jornalfatosenoticias.com.br\/?p=61216"},"modified":"2025-08-13T14:40:00","modified_gmt":"2025-08-13T17:40:00","slug":"editora-lanca-obras-ineditas-que-revelam-os-horrores-do-comunismo","status":"publish","type":"post","link":"https:\/\/jornalfatosenoticias.com.br\/index.php\/2025\/08\/13\/editora-lanca-obras-ineditas-que-revelam-os-horrores-do-comunismo\/","title":{"rendered":"Editora lan\u00e7a obras in\u00e9ditas que revelam os horrores do comunismo"},"content":{"rendered":"\n<p><em><span class=\"has-inline-color has-black-color\">A biografia de <em>Lenin<\/em><\/span><\/em> <em><span class=\"has-inline-color has-black-color\">\u00e9 tema de um dos livros in\u00e9ditos que ser\u00e3o publicados no Brasil<\/span><\/em><\/p>\n\n\n\n<p><span class=\"has-inline-color has-black-color\">Por <strong><a href=\"https:\/\/www.gazetadopovo.com.br\/autor\/desiree-penalba\/\">Desir\u00e9e Pe\u00f1alba<\/a><\/strong><\/span><\/p>\n\n\n\n<div class=\"wp-block-image\"><figure class=\"aligncenter size-large\"><a href=\"https:\/\/mizu.com.br\/\"><img loading=\"lazy\" decoding=\"async\" width=\"729\" height=\"90\" src=\"https:\/\/jornalfatosenoticias.com.br\/wp-content\/uploads\/2020\/02\/Logo_Mizu.png\" alt=\"\" class=\"wp-image-1441\" srcset=\"https:\/\/jornalfatosenoticias.com.br\/wp-content\/uploads\/2020\/02\/Logo_Mizu.png 729w, https:\/\/jornalfatosenoticias.com.br\/wp-content\/uploads\/2020\/02\/Logo_Mizu-300x37.png 300w\" sizes=\"auto, (max-width: 729px) 100vw, 729px\" \/><\/a><\/figure><\/div>\n\n\n\n<p>A hist\u00f3ria do s\u00e9culo 20 foi profundamente marcada por guerras e regimes autorit\u00e1rios. Entre esses regimes, o comunismo. Mas, apesar de seu legado de mortes, repress\u00e3o e destrui\u00e7\u00e3o, ele ainda recebe menos aten\u00e7\u00e3o e condena\u00e7\u00e3o p\u00fablica do que outras ditaduras do per\u00edodo. Da Revolu\u00e7\u00e3o Russa de 1917 aos expurgos stalinistas, passando pela fome imposta pela coletiviza\u00e7\u00e3o for\u00e7ada e pela persegui\u00e7\u00e3o sistem\u00e1tica \u00e0 f\u00e9 religiosa, os impactos do comunismo foram t\u00e3o brutais quanto os do nazismo alem\u00e3o ou do fascismo italiano. Mas, diferentemente destes, ainda n\u00e3o s\u00e3o amplamente compreendidos nem repudiados com a mesma intensidade.<br>No Brasil, onde partidos pol\u00edticos defendem o modelo comunista e universit\u00e1rios levantam bandeiras com foice e martelo, o debate sobre o tema ainda \u00e9 permeado por lacunas informativas, leituras distorcidas e, frequentemente, doutrina\u00e7\u00e3o ideol\u00f3gica. Entender como essas experi\u00eancias se desenrolaram na pr\u00e1tica, quais foram suas consequ\u00eancias e de que modo ainda repercutem no presente \u00e9 fundamental para qualquer sociedade que valorize o exerc\u00edcio cr\u00edtico da mem\u00f3ria hist\u00f3rica e da liberdade de pensamento.<\/p>\n\n\n\n<div class=\"wp-block-image\"><figure class=\"aligncenter size-large\"><img loading=\"lazy\" decoding=\"async\" width=\"960\" height=\"540\" src=\"https:\/\/jornalfatosenoticias.com.br\/wp-content\/uploads\/2025\/08\/Lenin_ditador.jpg\" alt=\"\" class=\"wp-image-61217\" srcset=\"https:\/\/jornalfatosenoticias.com.br\/wp-content\/uploads\/2025\/08\/Lenin_ditador.jpg 960w, https:\/\/jornalfatosenoticias.com.br\/wp-content\/uploads\/2025\/08\/Lenin_ditador-300x169.jpg 300w, https:\/\/jornalfatosenoticias.com.br\/wp-content\/uploads\/2025\/08\/Lenin_ditador-768x432.jpg 768w\" sizes=\"auto, (max-width: 960px) 100vw, 960px\" \/><figcaption><em><span class=\"has-inline-color has-black-color\">Retrato do ditador L\u00eanin (1920) (Foto: Dom\u00ednio P\u00fablico\/Pavel Zhukov (1870\u20131942))<\/span><\/em><\/figcaption><\/figure><\/div>\n\n\n\n<p><strong><span class=\"has-inline-color has-vivid-purple-color\">Escassez liter\u00e1ria sobre o assunto<br><\/span><\/strong>Para tentar suprir essa lacuna editorial, a Editora Caravelas anunciou o lan\u00e7amento simult\u00e2neo de tr\u00eas livros in\u00e9ditos no Brasil. As obras <em>Os Anos da Fome, Lenin: o Homem por Tr\u00e1s do Mito <\/em>e<em> Quando a Foice Balan\u00e7a<\/em> abordam, de forma documentada e did\u00e1tica, os impactos devastadores dos regimes comunistas em diversas esferas da vida humana \u2014 da economia \u00e0 f\u00e9. Segundo Marcelo Andrade, professor e propriet\u00e1rio da editora, o objetivo \u00e9 \u201cfornecer ferramentas intelectuais para que mais brasileiros compreendam a natureza desses regimes e possam rejeitar tentativas de reabilit\u00e1-los\u201d.<\/p>\n\n\n\n<div class=\"wp-block-image\"><figure class=\"aligncenter size-large\"><a href=\"https:\/\/www.cesconetto.com.br\/\"><img loading=\"lazy\" decoding=\"async\" width=\"300\" height=\"250\" src=\"https:\/\/jornalfatosenoticias.com.br\/wp-content\/uploads\/2022\/02\/Banner-2.png\" alt=\"\" class=\"wp-image-27877\"\/><\/a><\/figure><\/div>\n\n\n\n<p>A decis\u00e3o editorial, explica Andrade, surgiu da constata\u00e7\u00e3o de que o debate p\u00fablico brasileiro ainda \u00e9 marcado por grande desinforma\u00e7\u00e3o sobre o comunismo. <\/p>\n\n\n\n<blockquote class=\"wp-block-quote is-layout-flow wp-block-quote-is-layout-flow\"><p><span class=\"has-inline-color has-luminous-vivid-orange-color\">Por d\u00e9cadas, narrativas hegem\u00f4nicas minimizaram ou ignoraram os crimes e a mis\u00e9ria provocados por regimes comunistas. Estamos vivendo um momento em que ideias autorit\u00e1rias, disfar\u00e7adas de utopias, voltam a seduzir cora\u00e7\u00f5es e mentes. \u00c9 preciso lan\u00e7ar luz sobre os fatos, com base em documentos irrefut\u00e1veis\u201d, afirma o professor.<\/span><\/p><\/blockquote>\n\n\n\n<div class=\"wp-block-image\"><figure class=\"aligncenter size-large is-resized\"><a href=\"https:\/\/panper.com.br\/\"><img loading=\"lazy\" decoding=\"async\" src=\"https:\/\/jornalfatosenoticias.com.br\/wp-content\/uploads\/2023\/03\/logo-Panper_portal.jpg\" alt=\"\" class=\"wp-image-40208\" width=\"322\" height=\"223\" srcset=\"https:\/\/jornalfatosenoticias.com.br\/wp-content\/uploads\/2023\/03\/logo-Panper_portal.jpg 400w, https:\/\/jornalfatosenoticias.com.br\/wp-content\/uploads\/2023\/03\/logo-Panper_portal-300x208.jpg 300w\" sizes=\"auto, (max-width: 322px) 100vw, 322px\" \/><\/a><\/figure><\/div>\n\n\n\n<p><strong><span class=\"has-inline-color has-vivid-purple-color\">Holodomor, Stalin e persegui\u00e7\u00e3o religiosa<br><\/span><\/strong>Cada livro aborda uma dimens\u00e3o distinta, por\u00e9m complementar, dos regimes comunistas. <em>Os Anos da Fome,<\/em> escrito pelos historiadores R. W. Davies e Stephen G. Wheatcroft, \u00e9 considerado a mais precisa e corajosa investiga\u00e7\u00e3o sobre o Holodomor \u2014 o genoc\u00eddio por fome que matou milh\u00f5es na Ucr\u00e2nia e em outras regi\u00f5es da antiga URSS, entre 1931 e 1933. Com base em milhares de documentos dos arquivos sovi\u00e9ticos, a obra desmonta a narrativa de que a fome foi resultado de falhas administrativas. Pelo contr\u00e1rio: segundo os autores, foi uma pol\u00edtica deliberada de exterm\u00ednio conduzida pela alta c\u00fapula do Partido Comunista, sob ordens diretas de Josef Stalin.<\/p>\n\n\n\n<div class=\"wp-block-image\"><figure class=\"aligncenter size-large is-resized\"><a href=\"https:\/\/www.controlsystems.com.br\/\"><img loading=\"lazy\" decoding=\"async\" src=\"https:\/\/jornalfatosenoticias.com.br\/wp-content\/uploads\/2020\/02\/CONTROL-CS.jpg\" alt=\"\" class=\"wp-image-44991\" width=\"305\" height=\"365\" srcset=\"https:\/\/jornalfatosenoticias.com.br\/wp-content\/uploads\/2020\/02\/CONTROL-CS.jpg 834w, https:\/\/jornalfatosenoticias.com.br\/wp-content\/uploads\/2020\/02\/CONTROL-CS-250x300.jpg 250w, https:\/\/jornalfatosenoticias.com.br\/wp-content\/uploads\/2020\/02\/CONTROL-CS-768x921.jpg 768w\" sizes=\"auto, (max-width: 305px) 100vw, 305px\" \/><\/a><\/figure><\/div>\n\n\n\n<p>A obra desmantela com rigor t\u00e9cnico e documental a propaganda sovi\u00e9tica que tentou apagar o Holodomor da hist\u00f3ria. Entre os achados chocantes, est\u00e3o ordens do regime para vigiar celeiros, impedir camponeses famintos de acessar alimentos e punir quem fotografasse cenas de mis\u00e9ria. Com mais de sete milh\u00f5es de mortos, enquanto o estado sovi\u00e9tico seguia exportando gr\u00e3os, o epis\u00f3dio permanece um dos maiores crimes do s\u00e9culo 20. <\/p>\n\n\n\n<div class=\"wp-block-image\"><figure class=\"aligncenter size-large is-resized\"><a href=\"https:\/\/www.facebook.com\/postobkr\/?locale=pt_BR\"><img loading=\"lazy\" decoding=\"async\" src=\"https:\/\/jornalfatosenoticias.com.br\/wp-content\/uploads\/2023\/08\/BKR-1024x1021.jpg\" alt=\"\" class=\"wp-image-44494\" width=\"303\" height=\"302\" srcset=\"https:\/\/jornalfatosenoticias.com.br\/wp-content\/uploads\/2023\/08\/BKR-1024x1021.jpg 1024w, https:\/\/jornalfatosenoticias.com.br\/wp-content\/uploads\/2023\/08\/BKR-300x300.jpg 300w, https:\/\/jornalfatosenoticias.com.br\/wp-content\/uploads\/2023\/08\/BKR-150x150.jpg 150w, https:\/\/jornalfatosenoticias.com.br\/wp-content\/uploads\/2023\/08\/BKR-768x766.jpg 768w, https:\/\/jornalfatosenoticias.com.br\/wp-content\/uploads\/2023\/08\/BKR.jpg 1080w\" sizes=\"auto, (max-width: 303px) 100vw, 303px\" \/><\/a><\/figure><\/div>\n\n\n\n<blockquote class=\"wp-block-quote is-layout-flow wp-block-quote-is-layout-flow\"><p><span class=\"has-inline-color has-luminous-vivid-orange-color\">Este livro incomoda os defensores do comunismo n\u00e3o porque faz propaganda contr\u00e1ria, mas porque apresenta provas irrefut\u00e1veis de que a utopia custou vidas, muitas vidas\u201d, conclui Andrade.<\/span><\/p><\/blockquote>\n\n\n\n<figure class=\"wp-block-embed-youtube wp-block-embed is-type-video is-provider-youtube wp-embed-aspect-16-9 wp-has-aspect-ratio\"><div class=\"wp-block-embed__wrapper\">\n<iframe loading=\"lazy\" title=\"LENIN, o HOMEM por tr\u00e1s do MITO! - Manual de Hist\u00f3ria - Caravelas Podcast #143\" width=\"660\" height=\"371\" src=\"https:\/\/www.youtube.com\/embed\/Vlo_Im2PwME?feature=oembed\" frameborder=\"0\" allow=\"accelerometer; autoplay; clipboard-write; encrypted-media; gyroscope; picture-in-picture; web-share\" referrerpolicy=\"strict-origin-when-cross-origin\" allowfullscreen><\/iframe>\n<\/div><\/figure>\n\n\n\n<p>J\u00e1 <em>Lenin: o Homem por Tr\u00e1s do Mito,<\/em> do autor brasileiro Alyson Nonato, desconstr\u00f3i a imagem romantizada do l\u00edder da Revolu\u00e7\u00e3o Russa. O livro apresenta um retrato minucioso e documentado do fundador do Estado sovi\u00e9tico, destacando sua responsabilidade na cria\u00e7\u00e3o do aparato repressivo que marcaria todo o regime comunista: censura, elimina\u00e7\u00e3o de opositores, campos de trabalho for\u00e7ado e culto \u00e0 personalidade. <em>\u201cEntender Lenin \u00e9 entender a g\u00eanese do totalitarismo moderno\u201d,<\/em> afirma Nonato, que tamb\u00e9m ministrar\u00e1 uma aula magna online sobre os revolucion\u00e1rios russos do s\u00e9culo 19.<\/p>\n\n\n\n<div class=\"wp-block-image\"><figure class=\"aligncenter size-large is-resized\"><a href=\"https:\/\/www.instagram.com\/serra4x4cambioautomatico\/\"><img loading=\"lazy\" decoding=\"async\" src=\"https:\/\/jornalfatosenoticias.com.br\/wp-content\/uploads\/2024\/08\/Serra-4x4-1-886x1024.jpg\" alt=\"\" class=\"wp-image-53632\" width=\"261\" height=\"302\" srcset=\"https:\/\/jornalfatosenoticias.com.br\/wp-content\/uploads\/2024\/08\/Serra-4x4-1-886x1024.jpg 886w, https:\/\/jornalfatosenoticias.com.br\/wp-content\/uploads\/2024\/08\/Serra-4x4-1-260x300.jpg 260w, https:\/\/jornalfatosenoticias.com.br\/wp-content\/uploads\/2024\/08\/Serra-4x4-1-768x888.jpg 768w, https:\/\/jornalfatosenoticias.com.br\/wp-content\/uploads\/2024\/08\/Serra-4x4-1.jpg 1181w\" sizes=\"auto, (max-width: 261px) 100vw, 261px\" \/><\/a><\/figure><\/div>\n\n\n\n<p>O terceiro t\u00edtulo, <em>Quando a Foice Balan\u00e7a,<\/em> de Kristen Van Uden, ilumina uma face menos discutida do comunismo: a persegui\u00e7\u00e3o religiosa. A obra re\u00fane relatos emocionantes de padres, freiras e leigos que enfrentaram a repress\u00e3o comunista em diversos pa\u00edses. Trata-se de uma cr\u00f4nica da resist\u00eancia espiritual contra regimes que buscaram aniquilar n\u00e3o apenas corpos, mas tamb\u00e9m a alma de seus cidad\u00e3os.<\/p>\n\n\n\n<div class=\"wp-block-image\"><figure class=\"aligncenter size-large is-resized\"><a href=\"https:\/\/www.legisjuris.com.br\/\"><img loading=\"lazy\" decoding=\"async\" src=\"https:\/\/jornalfatosenoticias.com.br\/wp-content\/uploads\/2024\/09\/Legis-Juris-Consultoria_logo.jpg\" alt=\"\" class=\"wp-image-53915\" width=\"513\" height=\"215\" srcset=\"https:\/\/jornalfatosenoticias.com.br\/wp-content\/uploads\/2024\/09\/Legis-Juris-Consultoria_logo.jpg 969w, https:\/\/jornalfatosenoticias.com.br\/wp-content\/uploads\/2024\/09\/Legis-Juris-Consultoria_logo-300x126.jpg 300w, https:\/\/jornalfatosenoticias.com.br\/wp-content\/uploads\/2024\/09\/Legis-Juris-Consultoria_logo-768x322.jpg 768w\" sizes=\"auto, (max-width: 513px) 100vw, 513px\" \/><\/a><\/figure><\/div>\n\n\n\n<p><strong><span class=\"has-inline-color has-vivid-purple-color\">Panorama completo<br><\/span><\/strong>A escolha de lan\u00e7ar as tr\u00eas obras de forma simult\u00e2nea \u00e9 tanto estrat\u00e9gica quanto simb\u00f3lica. Segundo Marcelo Andrade, os livros oferecem um \u201cpanorama completo dos horrores do comunismo\u201d: o uso da fome como arma pol\u00edtica, a origem intelectual do terror e a guerra contra a f\u00e9. <\/p>\n\n\n\n<div class=\"wp-block-image\"><figure class=\"aligncenter size-large\"><a href=\"http:\/\/www.ferrarimaquinas.com.br\/\"><img loading=\"lazy\" decoding=\"async\" width=\"300\" height=\"250\" src=\"https:\/\/jornalfatosenoticias.com.br\/wp-content\/uploads\/2022\/02\/FERRARI_MAQUINAS-E-FERRAMENTAS2.jpg\" alt=\"\" class=\"wp-image-27860\"\/><\/a><\/figure><\/div>\n\n\n\n<blockquote class=\"wp-block-quote is-layout-flow wp-block-quote-is-layout-flow\"><p><span class=\"has-inline-color has-luminous-vivid-orange-color\">O comunismo n\u00e3o foi um acidente hist\u00f3rico, mas um projeto de poder totalit\u00e1rio que destruiu pilares fundamentais da civiliza\u00e7\u00e3o ocidental, como a liberdade de express\u00e3o, a propriedade privada e a dignidade humana\u201d, afirma.<\/span><\/p><\/blockquote>\n\n\n\n<div class=\"wp-block-image\"><figure class=\"aligncenter size-large is-resized\"><a href=\"https:\/\/hotelmarquetti.com.br\/\"><img loading=\"lazy\" decoding=\"async\" src=\"https:\/\/jornalfatosenoticias.com.br\/wp-content\/uploads\/2020\/02\/LOGO-MQ-1024x680.jpg\" alt=\"\" class=\"wp-image-58299\" width=\"364\" height=\"242\" srcset=\"https:\/\/jornalfatosenoticias.com.br\/wp-content\/uploads\/2020\/02\/LOGO-MQ-1024x680.jpg 1024w, https:\/\/jornalfatosenoticias.com.br\/wp-content\/uploads\/2020\/02\/LOGO-MQ-300x199.jpg 300w, https:\/\/jornalfatosenoticias.com.br\/wp-content\/uploads\/2020\/02\/LOGO-MQ-768x510.jpg 768w, https:\/\/jornalfatosenoticias.com.br\/wp-content\/uploads\/2020\/02\/LOGO-MQ-1536x1020.jpg 1536w, https:\/\/jornalfatosenoticias.com.br\/wp-content\/uploads\/2020\/02\/LOGO-MQ-2048x1360.jpg 2048w\" sizes=\"auto, (max-width: 364px) 100vw, 364px\" \/><\/a><\/figure><\/div>\n\n\n\n<p>Al\u00e9m dos livros, a Caravelas est\u00e1 disponibilizando dois cursos em v\u00eddeo ministrados por Andrade: <em>Refutando o Marxismo<\/em> e <em>Socialismo Real.<\/em> Essas iniciativas, junto \u00e0 aula magna de Alyson Nonato, visam aprofundar o entendimento dos leitores sobre as origens e consequ\u00eancias pr\u00e1ticas do regime comunista no s\u00e9culo 20 e suas influ\u00eancias que ainda persistem.<\/p>\n\n\n\n<div class=\"wp-block-image\"><figure class=\"aligncenter size-large is-resized\"><a href=\"https:\/\/www.instagram.com\/gruposei\/\"><img loading=\"lazy\" decoding=\"async\" src=\"https:\/\/jornalfatosenoticias.com.br\/wp-content\/uploads\/2022\/07\/Logo-Grupo-SEI.jpg\" alt=\"\" class=\"wp-image-31973\" width=\"393\" height=\"206\" srcset=\"https:\/\/jornalfatosenoticias.com.br\/wp-content\/uploads\/2022\/07\/Logo-Grupo-SEI.jpg 713w, https:\/\/jornalfatosenoticias.com.br\/wp-content\/uploads\/2022\/07\/Logo-Grupo-SEI-300x158.jpg 300w\" sizes=\"auto, (max-width: 393px) 100vw, 393px\" \/><\/a><\/figure><\/div>\n\n\n\n<p>Dentre os lan\u00e7amentos, destaca-se especialmente <em>Os Anos da Fome (The Years of Hunger), <\/em>que desde sua publica\u00e7\u00e3o original em 2004 se tornou um marco na historiografia da era stalinista. As obras j\u00e1 est\u00e3o dispon\u00edveis no site da Editora Caravelas, que promete seguir investindo em t\u00edtulos que ajudem o p\u00fablico brasileiro a enfrentar a desinforma\u00e7\u00e3o hist\u00f3rica com conhecimento s\u00f3lido e comprometido com a verdade.<\/p>\n\n\n\n<div class=\"wp-block-image\"><figure class=\"aligncenter size-large is-resized\"><a href=\"https:\/\/www.facebook.com\/vetor.vix\/\"><img loading=\"lazy\" decoding=\"async\" src=\"https:\/\/jornalfatosenoticias.com.br\/wp-content\/uploads\/2023\/09\/vetorvix1024_1.jpg\" alt=\"\" class=\"wp-image-44868\" width=\"561\" height=\"149\" srcset=\"https:\/\/jornalfatosenoticias.com.br\/wp-content\/uploads\/2023\/09\/vetorvix1024_1.jpg 1024w, https:\/\/jornalfatosenoticias.com.br\/wp-content\/uploads\/2023\/09\/vetorvix1024_1-300x80.jpg 300w, https:\/\/jornalfatosenoticias.com.br\/wp-content\/uploads\/2023\/09\/vetorvix1024_1-768x205.jpg 768w\" sizes=\"auto, (max-width: 561px) 100vw, 561px\" \/><\/a><\/figure><\/div>\n\n\n\n<p><strong>Fonte: <a href=\"https:\/\/www.gazetadopovo.com.br\/cultura\/editora-lanca-obras-ineditas-revelam-horrores-comunismo\/\">Gazeta do Povo<\/a><\/strong><\/p>\n","protected":false},"excerpt":{"rendered":"<p>A biografia de Lenin \u00e9 tema de um dos livros in\u00e9ditos que ser\u00e3o publicados no Brasil Por Desir\u00e9e Pe\u00f1alba A hist\u00f3ria do s\u00e9culo 20 foi profundamente marcada por guerras e regimes autorit\u00e1rios. Entre esses regimes, o comunismo. Mas, apesar de seu legado de mortes, repress\u00e3o e destrui\u00e7\u00e3o, ele ainda recebe menos aten\u00e7\u00e3o e condena\u00e7\u00e3o p\u00fablica [&hellip;]<\/p>\n","protected":false},"author":2,"featured_media":61219,"comment_status":"open","ping_status":"open","sticky":false,"template":"","format":"standard","meta":{"footnotes":""},"categories":[4],"tags":[13378,27882,249,27883,914,5390,4493,10577],"class_list":["post-61216","post","type-post","status-publish","format-standard","has-post-thumbnail","hentry","category-cultura","tag-comunismo","tag-fome-e-autoritarismo","tag-historia","tag-holodomor","tag-literatura","tag-livros","tag-socialismo","tag-ucrania"],"yoast_head":"<!-- This site is optimized with the Yoast SEO plugin v26.5 - https:\/\/yoast.com\/wordpress\/plugins\/seo\/ -->\n<title>Editora lan\u00e7a obras in\u00e9ditas que revelam os horrores do comunismo - Jornal Fatos e Not\u00edcias<\/title>\n<meta name=\"robots\" content=\"index, follow, max-snippet:-1, max-image-preview:large, max-video-preview:-1\" \/>\n<link rel=\"canonical\" href=\"https:\/\/jornalfatosenoticias.com.br\/index.php\/2025\/08\/13\/editora-lanca-obras-ineditas-que-revelam-os-horrores-do-comunismo\/\" \/>\n<meta property=\"og:locale\" content=\"pt_BR\" \/>\n<meta property=\"og:type\" content=\"article\" \/>\n<meta property=\"og:title\" content=\"Editora lan\u00e7a obras in\u00e9ditas que revelam os horrores do comunismo - Jornal Fatos e Not\u00edcias\" \/>\n<meta property=\"og:description\" content=\"A biografia de Lenin \u00e9 tema de um dos livros in\u00e9ditos que ser\u00e3o publicados no Brasil Por Desir\u00e9e Pe\u00f1alba A hist\u00f3ria do s\u00e9culo 20 foi profundamente marcada por guerras e regimes autorit\u00e1rios. Entre esses regimes, o comunismo. Mas, apesar de seu legado de mortes, repress\u00e3o e destrui\u00e7\u00e3o, ele ainda recebe menos aten\u00e7\u00e3o e condena\u00e7\u00e3o p\u00fablica [&hellip;]\" \/>\n<meta property=\"og:url\" content=\"https:\/\/jornalfatosenoticias.com.br\/index.php\/2025\/08\/13\/editora-lanca-obras-ineditas-que-revelam-os-horrores-do-comunismo\/\" \/>\n<meta property=\"og:site_name\" content=\"Jornal Fatos e Not\u00edcias\" \/>\n<meta property=\"article:published_time\" content=\"2025-08-13T17:39:58+00:00\" \/>\n<meta property=\"article:modified_time\" content=\"2025-08-13T17:40:00+00:00\" \/>\n<meta property=\"og:image\" content=\"https:\/\/jornalfatosenoticias.com.br\/wp-content\/uploads\/2025\/08\/livros-comunismo.jpg\" \/>\n\t<meta property=\"og:image:width\" content=\"1000\" \/>\n\t<meta property=\"og:image:height\" content=\"563\" \/>\n\t<meta property=\"og:image:type\" content=\"image\/jpeg\" \/>\n<meta name=\"author\" content=\"Luzimara Fernandes\" \/>\n<meta name=\"twitter:card\" content=\"summary_large_image\" \/>\n<meta name=\"twitter:label1\" content=\"Escrito por\" \/>\n\t<meta name=\"twitter:data1\" content=\"Luzimara Fernandes\" \/>\n\t<meta name=\"twitter:label2\" content=\"Est. tempo de leitura\" \/>\n\t<meta name=\"twitter:data2\" content=\"5 minutos\" \/>\n<script type=\"application\/ld+json\" class=\"yoast-schema-graph\">{\"@context\":\"https:\/\/schema.org\",\"@graph\":[{\"@type\":\"Article\",\"@id\":\"https:\/\/jornalfatosenoticias.com.br\/index.php\/2025\/08\/13\/editora-lanca-obras-ineditas-que-revelam-os-horrores-do-comunismo\/#article\",\"isPartOf\":{\"@id\":\"https:\/\/jornalfatosenoticias.com.br\/index.php\/2025\/08\/13\/editora-lanca-obras-ineditas-que-revelam-os-horrores-do-comunismo\/\"},\"author\":{\"name\":\"Luzimara Fernandes\",\"@id\":\"https:\/\/jornalfatosenoticias.com.br\/#\/schema\/person\/d63837fa13ac8666eb9e74e0985d6f81\"},\"headline\":\"Editora lan\u00e7a obras in\u00e9ditas que revelam os horrores do comunismo\",\"datePublished\":\"2025-08-13T17:39:58+00:00\",\"dateModified\":\"2025-08-13T17:40:00+00:00\",\"mainEntityOfPage\":{\"@id\":\"https:\/\/jornalfatosenoticias.com.br\/index.php\/2025\/08\/13\/editora-lanca-obras-ineditas-que-revelam-os-horrores-do-comunismo\/\"},\"wordCount\":1058,\"commentCount\":0,\"publisher\":{\"@id\":\"https:\/\/jornalfatosenoticias.com.br\/#organization\"},\"image\":{\"@id\":\"https:\/\/jornalfatosenoticias.com.br\/index.php\/2025\/08\/13\/editora-lanca-obras-ineditas-que-revelam-os-horrores-do-comunismo\/#primaryimage\"},\"thumbnailUrl\":\"https:\/\/jornalfatosenoticias.com.br\/wp-content\/uploads\/2025\/08\/livros-comunismo.jpg\",\"keywords\":[\"comunismo\",\"fome e autoritarismo\",\"hist\u00f3ria\",\"Holodomor\",\"literatura\",\"livros\",\"Socialismo\",\"Ucr\u00e2nia\"],\"articleSection\":[\"Cultura\"],\"inLanguage\":\"pt-BR\",\"potentialAction\":[{\"@type\":\"CommentAction\",\"name\":\"Comment\",\"target\":[\"https:\/\/jornalfatosenoticias.com.br\/index.php\/2025\/08\/13\/editora-lanca-obras-ineditas-que-revelam-os-horrores-do-comunismo\/#respond\"]}]},{\"@type\":\"WebPage\",\"@id\":\"https:\/\/jornalfatosenoticias.com.br\/index.php\/2025\/08\/13\/editora-lanca-obras-ineditas-que-revelam-os-horrores-do-comunismo\/\",\"url\":\"https:\/\/jornalfatosenoticias.com.br\/index.php\/2025\/08\/13\/editora-lanca-obras-ineditas-que-revelam-os-horrores-do-comunismo\/\",\"name\":\"Editora lan\u00e7a obras in\u00e9ditas que revelam os horrores do comunismo - Jornal Fatos e Not\u00edcias\",\"isPartOf\":{\"@id\":\"https:\/\/jornalfatosenoticias.com.br\/#website\"},\"primaryImageOfPage\":{\"@id\":\"https:\/\/jornalfatosenoticias.com.br\/index.php\/2025\/08\/13\/editora-lanca-obras-ineditas-que-revelam-os-horrores-do-comunismo\/#primaryimage\"},\"image\":{\"@id\":\"https:\/\/jornalfatosenoticias.com.br\/index.php\/2025\/08\/13\/editora-lanca-obras-ineditas-que-revelam-os-horrores-do-comunismo\/#primaryimage\"},\"thumbnailUrl\":\"https:\/\/jornalfatosenoticias.com.br\/wp-content\/uploads\/2025\/08\/livros-comunismo.jpg\",\"datePublished\":\"2025-08-13T17:39:58+00:00\",\"dateModified\":\"2025-08-13T17:40:00+00:00\",\"breadcrumb\":{\"@id\":\"https:\/\/jornalfatosenoticias.com.br\/index.php\/2025\/08\/13\/editora-lanca-obras-ineditas-que-revelam-os-horrores-do-comunismo\/#breadcrumb\"},\"inLanguage\":\"pt-BR\",\"potentialAction\":[{\"@type\":\"ReadAction\",\"target\":[\"https:\/\/jornalfatosenoticias.com.br\/index.php\/2025\/08\/13\/editora-lanca-obras-ineditas-que-revelam-os-horrores-do-comunismo\/\"]}]},{\"@type\":\"ImageObject\",\"inLanguage\":\"pt-BR\",\"@id\":\"https:\/\/jornalfatosenoticias.com.br\/index.php\/2025\/08\/13\/editora-lanca-obras-ineditas-que-revelam-os-horrores-do-comunismo\/#primaryimage\",\"url\":\"https:\/\/jornalfatosenoticias.com.br\/wp-content\/uploads\/2025\/08\/livros-comunismo.jpg\",\"contentUrl\":\"https:\/\/jornalfatosenoticias.com.br\/wp-content\/uploads\/2025\/08\/livros-comunismo.jpg\",\"width\":1000,\"height\":563},{\"@type\":\"BreadcrumbList\",\"@id\":\"https:\/\/jornalfatosenoticias.com.br\/index.php\/2025\/08\/13\/editora-lanca-obras-ineditas-que-revelam-os-horrores-do-comunismo\/#breadcrumb\",\"itemListElement\":[{\"@type\":\"ListItem\",\"position\":1,\"name\":\"In\u00edcio\",\"item\":\"https:\/\/jornalfatosenoticias.com.br\/\"},{\"@type\":\"ListItem\",\"position\":2,\"name\":\"Editora lan\u00e7a obras in\u00e9ditas que revelam os horrores do comunismo\"}]},{\"@type\":\"WebSite\",\"@id\":\"https:\/\/jornalfatosenoticias.com.br\/#website\",\"url\":\"https:\/\/jornalfatosenoticias.com.br\/\",\"name\":\"Jornal Fatos e Not\u00edcias\",\"description\":\"Not\u00edcias em geral\",\"publisher\":{\"@id\":\"https:\/\/jornalfatosenoticias.com.br\/#organization\"},\"potentialAction\":[{\"@type\":\"SearchAction\",\"target\":{\"@type\":\"EntryPoint\",\"urlTemplate\":\"https:\/\/jornalfatosenoticias.com.br\/?s={search_term_string}\"},\"query-input\":{\"@type\":\"PropertyValueSpecification\",\"valueRequired\":true,\"valueName\":\"search_term_string\"}}],\"inLanguage\":\"pt-BR\"},{\"@type\":\"Organization\",\"@id\":\"https:\/\/jornalfatosenoticias.com.br\/#organization\",\"name\":\"Jornal Fatos e Not\u00edcias\",\"url\":\"https:\/\/jornalfatosenoticias.com.br\/\",\"logo\":{\"@type\":\"ImageObject\",\"inLanguage\":\"pt-BR\",\"@id\":\"https:\/\/jornalfatosenoticias.com.br\/#\/schema\/logo\/image\/\",\"url\":\"https:\/\/jornalfatosenoticias.com.br\/wp-content\/uploads\/2020\/02\/logo120.png\",\"contentUrl\":\"https:\/\/jornalfatosenoticias.com.br\/wp-content\/uploads\/2020\/02\/logo120.png\",\"width\":1227,\"height\":120,\"caption\":\"Jornal Fatos e Not\u00edcias\"},\"image\":{\"@id\":\"https:\/\/jornalfatosenoticias.com.br\/#\/schema\/logo\/image\/\"}},{\"@type\":\"Person\",\"@id\":\"https:\/\/jornalfatosenoticias.com.br\/#\/schema\/person\/d63837fa13ac8666eb9e74e0985d6f81\",\"name\":\"Luzimara Fernandes\",\"image\":{\"@type\":\"ImageObject\",\"inLanguage\":\"pt-BR\",\"@id\":\"https:\/\/jornalfatosenoticias.com.br\/#\/schema\/person\/image\/\",\"url\":\"https:\/\/jornalfatosenoticias.com.br\/wp-content\/uploads\/2025\/05\/EU_portal.jpg\",\"contentUrl\":\"https:\/\/jornalfatosenoticias.com.br\/wp-content\/uploads\/2025\/05\/EU_portal.jpg\",\"caption\":\"Luzimara Fernandes\"},\"description\":\"Jornalista MTB 2358-ES\",\"sameAs\":[\"https:\/\/jornalfatosenoticias.com.br\"],\"url\":\"https:\/\/jornalfatosenoticias.com.br\/index.php\/author\/luzimara\/\"}]}<\/script>\n<!-- \/ Yoast SEO plugin. -->","yoast_head_json":{"title":"Editora lan\u00e7a obras in\u00e9ditas que revelam os horrores do comunismo - Jornal Fatos e Not\u00edcias","robots":{"index":"index","follow":"follow","max-snippet":"max-snippet:-1","max-image-preview":"max-image-preview:large","max-video-preview":"max-video-preview:-1"},"canonical":"https:\/\/jornalfatosenoticias.com.br\/index.php\/2025\/08\/13\/editora-lanca-obras-ineditas-que-revelam-os-horrores-do-comunismo\/","og_locale":"pt_BR","og_type":"article","og_title":"Editora lan\u00e7a obras in\u00e9ditas que revelam os horrores do comunismo - Jornal Fatos e Not\u00edcias","og_description":"A biografia de Lenin \u00e9 tema de um dos livros in\u00e9ditos que ser\u00e3o publicados no Brasil Por Desir\u00e9e Pe\u00f1alba A hist\u00f3ria do s\u00e9culo 20 foi profundamente marcada por guerras e regimes autorit\u00e1rios. Entre esses regimes, o comunismo. Mas, apesar de seu legado de mortes, repress\u00e3o e destrui\u00e7\u00e3o, ele ainda recebe menos aten\u00e7\u00e3o e condena\u00e7\u00e3o p\u00fablica [&hellip;]","og_url":"https:\/\/jornalfatosenoticias.com.br\/index.php\/2025\/08\/13\/editora-lanca-obras-ineditas-que-revelam-os-horrores-do-comunismo\/","og_site_name":"Jornal Fatos e Not\u00edcias","article_published_time":"2025-08-13T17:39:58+00:00","article_modified_time":"2025-08-13T17:40:00+00:00","og_image":[{"width":1000,"height":563,"url":"https:\/\/jornalfatosenoticias.com.br\/wp-content\/uploads\/2025\/08\/livros-comunismo.jpg","type":"image\/jpeg"}],"author":"Luzimara Fernandes","twitter_card":"summary_large_image","twitter_misc":{"Escrito por":"Luzimara Fernandes","Est. tempo de leitura":"5 minutos"},"schema":{"@context":"https:\/\/schema.org","@graph":[{"@type":"Article","@id":"https:\/\/jornalfatosenoticias.com.br\/index.php\/2025\/08\/13\/editora-lanca-obras-ineditas-que-revelam-os-horrores-do-comunismo\/#article","isPartOf":{"@id":"https:\/\/jornalfatosenoticias.com.br\/index.php\/2025\/08\/13\/editora-lanca-obras-ineditas-que-revelam-os-horrores-do-comunismo\/"},"author":{"name":"Luzimara Fernandes","@id":"https:\/\/jornalfatosenoticias.com.br\/#\/schema\/person\/d63837fa13ac8666eb9e74e0985d6f81"},"headline":"Editora lan\u00e7a obras in\u00e9ditas que revelam os horrores do comunismo","datePublished":"2025-08-13T17:39:58+00:00","dateModified":"2025-08-13T17:40:00+00:00","mainEntityOfPage":{"@id":"https:\/\/jornalfatosenoticias.com.br\/index.php\/2025\/08\/13\/editora-lanca-obras-ineditas-que-revelam-os-horrores-do-comunismo\/"},"wordCount":1058,"commentCount":0,"publisher":{"@id":"https:\/\/jornalfatosenoticias.com.br\/#organization"},"image":{"@id":"https:\/\/jornalfatosenoticias.com.br\/index.php\/2025\/08\/13\/editora-lanca-obras-ineditas-que-revelam-os-horrores-do-comunismo\/#primaryimage"},"thumbnailUrl":"https:\/\/jornalfatosenoticias.com.br\/wp-content\/uploads\/2025\/08\/livros-comunismo.jpg","keywords":["comunismo","fome e autoritarismo","hist\u00f3ria","Holodomor","literatura","livros","Socialismo","Ucr\u00e2nia"],"articleSection":["Cultura"],"inLanguage":"pt-BR","potentialAction":[{"@type":"CommentAction","name":"Comment","target":["https:\/\/jornalfatosenoticias.com.br\/index.php\/2025\/08\/13\/editora-lanca-obras-ineditas-que-revelam-os-horrores-do-comunismo\/#respond"]}]},{"@type":"WebPage","@id":"https:\/\/jornalfatosenoticias.com.br\/index.php\/2025\/08\/13\/editora-lanca-obras-ineditas-que-revelam-os-horrores-do-comunismo\/","url":"https:\/\/jornalfatosenoticias.com.br\/index.php\/2025\/08\/13\/editora-lanca-obras-ineditas-que-revelam-os-horrores-do-comunismo\/","name":"Editora lan\u00e7a obras in\u00e9ditas que revelam os horrores do comunismo - Jornal Fatos e Not\u00edcias","isPartOf":{"@id":"https:\/\/jornalfatosenoticias.com.br\/#website"},"primaryImageOfPage":{"@id":"https:\/\/jornalfatosenoticias.com.br\/index.php\/2025\/08\/13\/editora-lanca-obras-ineditas-que-revelam-os-horrores-do-comunismo\/#primaryimage"},"image":{"@id":"https:\/\/jornalfatosenoticias.com.br\/index.php\/2025\/08\/13\/editora-lanca-obras-ineditas-que-revelam-os-horrores-do-comunismo\/#primaryimage"},"thumbnailUrl":"https:\/\/jornalfatosenoticias.com.br\/wp-content\/uploads\/2025\/08\/livros-comunismo.jpg","datePublished":"2025-08-13T17:39:58+00:00","dateModified":"2025-08-13T17:40:00+00:00","breadcrumb":{"@id":"https:\/\/jornalfatosenoticias.com.br\/index.php\/2025\/08\/13\/editora-lanca-obras-ineditas-que-revelam-os-horrores-do-comunismo\/#breadcrumb"},"inLanguage":"pt-BR","potentialAction":[{"@type":"ReadAction","target":["https:\/\/jornalfatosenoticias.com.br\/index.php\/2025\/08\/13\/editora-lanca-obras-ineditas-que-revelam-os-horrores-do-comunismo\/"]}]},{"@type":"ImageObject","inLanguage":"pt-BR","@id":"https:\/\/jornalfatosenoticias.com.br\/index.php\/2025\/08\/13\/editora-lanca-obras-ineditas-que-revelam-os-horrores-do-comunismo\/#primaryimage","url":"https:\/\/jornalfatosenoticias.com.br\/wp-content\/uploads\/2025\/08\/livros-comunismo.jpg","contentUrl":"https:\/\/jornalfatosenoticias.com.br\/wp-content\/uploads\/2025\/08\/livros-comunismo.jpg","width":1000,"height":563},{"@type":"BreadcrumbList","@id":"https:\/\/jornalfatosenoticias.com.br\/index.php\/2025\/08\/13\/editora-lanca-obras-ineditas-que-revelam-os-horrores-do-comunismo\/#breadcrumb","itemListElement":[{"@type":"ListItem","position":1,"name":"In\u00edcio","item":"https:\/\/jornalfatosenoticias.com.br\/"},{"@type":"ListItem","position":2,"name":"Editora lan\u00e7a obras in\u00e9ditas que revelam os horrores do comunismo"}]},{"@type":"WebSite","@id":"https:\/\/jornalfatosenoticias.com.br\/#website","url":"https:\/\/jornalfatosenoticias.com.br\/","name":"Jornal Fatos e Not\u00edcias","description":"Not\u00edcias em geral","publisher":{"@id":"https:\/\/jornalfatosenoticias.com.br\/#organization"},"potentialAction":[{"@type":"SearchAction","target":{"@type":"EntryPoint","urlTemplate":"https:\/\/jornalfatosenoticias.com.br\/?s={search_term_string}"},"query-input":{"@type":"PropertyValueSpecification","valueRequired":true,"valueName":"search_term_string"}}],"inLanguage":"pt-BR"},{"@type":"Organization","@id":"https:\/\/jornalfatosenoticias.com.br\/#organization","name":"Jornal Fatos e Not\u00edcias","url":"https:\/\/jornalfatosenoticias.com.br\/","logo":{"@type":"ImageObject","inLanguage":"pt-BR","@id":"https:\/\/jornalfatosenoticias.com.br\/#\/schema\/logo\/image\/","url":"https:\/\/jornalfatosenoticias.com.br\/wp-content\/uploads\/2020\/02\/logo120.png","contentUrl":"https:\/\/jornalfatosenoticias.com.br\/wp-content\/uploads\/2020\/02\/logo120.png","width":1227,"height":120,"caption":"Jornal Fatos e Not\u00edcias"},"image":{"@id":"https:\/\/jornalfatosenoticias.com.br\/#\/schema\/logo\/image\/"}},{"@type":"Person","@id":"https:\/\/jornalfatosenoticias.com.br\/#\/schema\/person\/d63837fa13ac8666eb9e74e0985d6f81","name":"Luzimara Fernandes","image":{"@type":"ImageObject","inLanguage":"pt-BR","@id":"https:\/\/jornalfatosenoticias.com.br\/#\/schema\/person\/image\/","url":"https:\/\/jornalfatosenoticias.com.br\/wp-content\/uploads\/2025\/05\/EU_portal.jpg","contentUrl":"https:\/\/jornalfatosenoticias.com.br\/wp-content\/uploads\/2025\/05\/EU_portal.jpg","caption":"Luzimara Fernandes"},"description":"Jornalista MTB 2358-ES","sameAs":["https:\/\/jornalfatosenoticias.com.br"],"url":"https:\/\/jornalfatosenoticias.com.br\/index.php\/author\/luzimara\/"}]}},"cc_featured_image_caption":{"caption_text":" (Foto: Divulga\u00e7\u00e3o\/Editora Caravelas) ","source_text":"","source_url":""},"jetpack_featured_media_url":"https:\/\/jornalfatosenoticias.com.br\/wp-content\/uploads\/2025\/08\/livros-comunismo.jpg","_links":{"self":[{"href":"https:\/\/jornalfatosenoticias.com.br\/index.php\/wp-json\/wp\/v2\/posts\/61216","targetHints":{"allow":["GET"]}}],"collection":[{"href":"https:\/\/jornalfatosenoticias.com.br\/index.php\/wp-json\/wp\/v2\/posts"}],"about":[{"href":"https:\/\/jornalfatosenoticias.com.br\/index.php\/wp-json\/wp\/v2\/types\/post"}],"author":[{"embeddable":true,"href":"https:\/\/jornalfatosenoticias.com.br\/index.php\/wp-json\/wp\/v2\/users\/2"}],"replies":[{"embeddable":true,"href":"https:\/\/jornalfatosenoticias.com.br\/index.php\/wp-json\/wp\/v2\/comments?post=61216"}],"version-history":[{"count":0,"href":"https:\/\/jornalfatosenoticias.com.br\/index.php\/wp-json\/wp\/v2\/posts\/61216\/revisions"}],"wp:featuredmedia":[{"embeddable":true,"href":"https:\/\/jornalfatosenoticias.com.br\/index.php\/wp-json\/wp\/v2\/media\/61219"}],"wp:attachment":[{"href":"https:\/\/jornalfatosenoticias.com.br\/index.php\/wp-json\/wp\/v2\/media?parent=61216"}],"wp:term":[{"taxonomy":"category","embeddable":true,"href":"https:\/\/jornalfatosenoticias.com.br\/index.php\/wp-json\/wp\/v2\/categories?post=61216"},{"taxonomy":"post_tag","embeddable":true,"href":"https:\/\/jornalfatosenoticias.com.br\/index.php\/wp-json\/wp\/v2\/tags?post=61216"}],"curies":[{"name":"wp","href":"https:\/\/api.w.org\/{rel}","templated":true}]}}