{"id":61225,"date":"2025-08-13T15:05:50","date_gmt":"2025-08-13T18:05:50","guid":{"rendered":"https:\/\/jornalfatosenoticias.com.br\/?p=61225"},"modified":"2025-08-13T15:05:51","modified_gmt":"2025-08-13T18:05:51","slug":"confira-os-beneficios-da-calendula-para-a-saude","status":"publish","type":"post","link":"https:\/\/jornalfatosenoticias.com.br\/index.php\/2025\/08\/13\/confira-os-beneficios-da-calendula-para-a-saude\/","title":{"rendered":"Confira os benef\u00edcios da cal\u00eandula para a sa\u00fade"},"content":{"rendered":"\n<p><em><span class=\"has-inline-color has-black-color\">Al\u00e9m da beleza, saiba mais sobre a cal\u00eandula e seus benef\u00edcios para a sa\u00fade<\/span><\/em><\/p>\n\n\n\n<p><span class=\"has-inline-color has-black-color\">Por <strong><a href=\"https:\/\/www.bonsfluidos.com.br\/author\/isabella-bisordi\">Isabella Bisordi<\/a><\/strong><\/span><\/p>\n\n\n\n<div class=\"wp-block-image\"><figure class=\"aligncenter size-large\"><a href=\"https:\/\/mizu.com.br\/\"><img loading=\"lazy\" decoding=\"async\" width=\"729\" height=\"90\" src=\"https:\/\/jornalfatosenoticias.com.br\/wp-content\/uploads\/2020\/02\/Logo_Mizu.png\" alt=\"\" class=\"wp-image-1441\" srcset=\"https:\/\/jornalfatosenoticias.com.br\/wp-content\/uploads\/2020\/02\/Logo_Mizu.png 729w, https:\/\/jornalfatosenoticias.com.br\/wp-content\/uploads\/2020\/02\/Logo_Mizu-300x37.png 300w\" sizes=\"auto, (max-width: 729px) 100vw, 729px\" \/><\/a><\/figure><\/div>\n\n\n\n<p>Conhecida cientificamente como <em>Calendula officinalis<\/em>\u00a0e apelidada de \u201cbot\u00e3o de ouro\u201d, a cal\u00eandula encanta\u00a0<a href=\"https:\/\/www.bonsfluidos.com.br\/jardim\/para-ter-no-jardim-planta-que-fortalece-o-cerebro-e-o-coracao.phtml\"><strong>jardins<\/strong><\/a> h\u00e1 s\u00e9culos. Cultivada pela sua cor vibrante e pela capacidade de se adaptar a diversos climas, ela conquistou civiliza\u00e7\u00f5es antigas \u2014 gregos, romanos, \u00e1rabes e hindus \u2014 tanto pela beleza, quanto pelos m\u00faltiplos usos.<br>Al\u00e9m de ornamental, usaram-se suas flores para tingir tecidos, colorir alimentos e fabricar cosm\u00e9ticos, o que ajudou a espalhar seu cultivo para al\u00e9m do <strong>Mediterr\u00e2neo<\/strong>, chegando \u00e0\u00a0<strong>Europa<\/strong>\u00a0<strong>Ocidental<\/strong>\u00a0no fim da Idade M\u00e9dia. Em sistemas medicinais tradicionais, como o\u00a0<a href=\"https:\/\/www.bonsfluidos.com.br\/no-prato\/o-poder-da-intencao-abencoando-o-alimento-segundo-os-principios-do-ayurveda.phtml\"><em>ayurveda<\/em><\/a> e a medicina chinesa, a planta ganhou destaque pelas propriedades anti-inflamat\u00f3rias e calmantes, especialmente para a pele.<\/p>\n\n\n\n<div class=\"wp-block-image\"><figure class=\"aligncenter size-large is-resized\"><a href=\"https:\/\/www.instagram.com\/esteio.churrascaria\/\"><img loading=\"lazy\" decoding=\"async\" src=\"https:\/\/jornalfatosenoticias.com.br\/wp-content\/uploads\/2022\/02\/LOGO-ESTEIO-1024x730.png\" alt=\"\" class=\"wp-image-27942\" width=\"314\" height=\"223\" srcset=\"https:\/\/jornalfatosenoticias.com.br\/wp-content\/uploads\/2022\/02\/LOGO-ESTEIO-1024x730.png 1024w, https:\/\/jornalfatosenoticias.com.br\/wp-content\/uploads\/2022\/02\/LOGO-ESTEIO-300x214.png 300w, https:\/\/jornalfatosenoticias.com.br\/wp-content\/uploads\/2022\/02\/LOGO-ESTEIO-768x548.png 768w, https:\/\/jornalfatosenoticias.com.br\/wp-content\/uploads\/2022\/02\/LOGO-ESTEIO.png 1123w\" sizes=\"auto, (max-width: 314px) 100vw, 314px\" \/><\/a><\/figure><\/div>\n\n\n\n<p>Em algumas regi\u00f5es da <strong>\u00cdndia<\/strong>\u00a0e do Oriente M\u00e9dio, a cal\u00eandula tamb\u00e9m integra pr\u00e1ticas espirituais. Um exemplo \u00e9 a coroa de cal\u00eandula, colocada nas portas para afastar energias negativas e proteger os moradores.\u00a0Al\u00e9m disso, as flores em tons de laranja e dourado, concentram compostos como flavonoides, carotenoides, \u00f3leos essenciais e\u00a0<a href=\"https:\/\/www.bonsfluidos.com.br\/no-prato\/alimentos-com-antioxidantes-rejuvenescem-a-pele-aponta-estudo.phtml\">antioxidantes<\/a>, que explicam seus m\u00faltiplos benef\u00edcios.<\/p>\n\n\n\n<div class=\"wp-block-image\"><figure class=\"aligncenter size-large is-resized\"><a href=\"https:\/\/www.instagram.com\/restaurantepegoretti\/\"><img loading=\"lazy\" decoding=\"async\" src=\"https:\/\/jornalfatosenoticias.com.br\/wp-content\/uploads\/2023\/12\/pegoretti-logo-pdf-1024x389.jpg\" alt=\"\" class=\"wp-image-47536\" width=\"461\" height=\"175\" srcset=\"https:\/\/jornalfatosenoticias.com.br\/wp-content\/uploads\/2023\/12\/pegoretti-logo-pdf-1024x389.jpg 1024w, https:\/\/jornalfatosenoticias.com.br\/wp-content\/uploads\/2023\/12\/pegoretti-logo-pdf-300x114.jpg 300w, https:\/\/jornalfatosenoticias.com.br\/wp-content\/uploads\/2023\/12\/pegoretti-logo-pdf-768x291.jpg 768w, https:\/\/jornalfatosenoticias.com.br\/wp-content\/uploads\/2023\/12\/pegoretti-logo-pdf.jpg 1120w\" sizes=\"auto, (max-width: 461px) 100vw, 461px\" \/><\/a><\/figure><\/div>\n\n\n\n<p><strong><span class=\"has-inline-color has-vivid-purple-color\">Principais propriedades da cal\u00eandula<\/span><\/strong><\/p>\n\n\n\n<ol class=\"wp-block-list\"><li><strong>Cicatrizante<br><\/strong>Reconhecida por acelerar a <a href=\"https:\/\/www.bonsfluidos.com.br\/bem-estar\/se-machucou-esses-7-alimentos-podem-ajudar-na-cicatrizacao-da-pele.phtml\">cicatriza\u00e7\u00e3o<\/a> da pele, indica-se para feridas, erup\u00e7\u00f5es e infec\u00e7\u00f5es cut\u00e2neas. Essa efic\u00e1cia j\u00e1 era estudada na Idade M\u00e9dia por <strong>Santa Hildegarda de Bingen,<\/strong> refer\u00eancia hist\u00f3rica na medicina natural.<\/li><li><strong>Digestiva<br><\/strong>Semelhante \u00e0 <a href=\"https:\/\/www.bonsfluidos.com.br\/no-prato\/camomila-erva-cidreira-e-flor-de-maracuja-entenda-os-efeitos-calmantes-destes-chas.phtml\">camomila<\/a>, auxilia no al\u00edvio de desconfortos digestivos e da sensa\u00e7\u00e3o de peso no est\u00f4mago. Flavonoides presentes na planta ajudam a reduzir inflama\u00e7\u00f5es, enquanto seus antioxidantes podem proteger o cora\u00e7\u00e3o e diminuir a fadiga muscular.<\/li><li><strong>Protetora solar<br><\/strong>O \u00f3leo concentrado pode oferecer prote\u00e7\u00e3o auxiliar contra os <a href=\"https:\/\/www.bonsfluidos.com.br\/bem-estar\/como-proteger-a-pele-dos-danos-solares-durante-o-ano-inteiro.phtml\">raios solares<\/a>. Um estudo na\u00a0<em>BioMed Research International<\/em> apontou que cremes com cal\u00eandula podem chegar a FPS 18. Apesar disso, especialistas refor\u00e7am que os protetores convencionais continuam indispens\u00e1veis.<\/li><\/ol>\n\n\n\n<div class=\"wp-block-image\"><figure class=\"aligncenter size-large\"><a href=\"https:\/\/www.cesconetto.com.br\/\"><img loading=\"lazy\" decoding=\"async\" width=\"300\" height=\"250\" src=\"https:\/\/jornalfatosenoticias.com.br\/wp-content\/uploads\/2020\/02\/Banner-2.png\" alt=\"\" class=\"wp-image-43787\"\/><\/a><\/figure><\/div>\n\n\n\n<p><strong><span class=\"has-inline-color has-vivid-purple-color\">Como usar<br><\/span><\/strong>A cal\u00eandula pode ser utilizada de diversas formas no dia a dia. <strong>Confira algumas delas, consideradas as mais comuns:<\/strong><br>\ud83d\udd39<strong>Na cozinha:<\/strong> p\u00e9talas em <a href=\"https:\/\/www.bonsfluidos.com.br\/inspiracao\/3-opcoes-de-molho-para-voce-incrementar-suas-saladas.phtml\">saladas<\/a> ou receitas gourmet;<br>\ud83d\udd39<strong>Em infus\u00e3o:<\/strong> uma colher de <a href=\"https:\/\/www.bonsfluidos.com.br\/no-prato\/alem-do-cha-como-usar-folhas-de-frutas-para-melhorar-a-saude.phtml\">ch\u00e1<\/a> das p\u00e9talas secas em 250ml de \u00e1gua quente, por cinco a 10 minutos;<br>\ud83d\udd39<strong>Em produtos prontos:<\/strong> ch\u00e1s e combina\u00e7\u00f5es com outras <a href=\"https:\/\/www.bonsfluidos.com.br\/bem-estar\/banhos-energeticos-descubra-como-prepara-los-com-ervas.phtml\">ervas<\/a> digestivas e calmantes.<\/p>\n\n\n\n<div class=\"wp-block-image\"><figure class=\"aligncenter size-large is-resized\"><a href=\"https:\/\/hotelmarquetti.com.br\/\"><img loading=\"lazy\" decoding=\"async\" src=\"https:\/\/jornalfatosenoticias.com.br\/wp-content\/uploads\/2020\/02\/LOGO-MQ-1024x680.jpg\" alt=\"\" class=\"wp-image-58299\" width=\"359\" height=\"238\" srcset=\"https:\/\/jornalfatosenoticias.com.br\/wp-content\/uploads\/2020\/02\/LOGO-MQ-1024x680.jpg 1024w, https:\/\/jornalfatosenoticias.com.br\/wp-content\/uploads\/2020\/02\/LOGO-MQ-300x199.jpg 300w, https:\/\/jornalfatosenoticias.com.br\/wp-content\/uploads\/2020\/02\/LOGO-MQ-768x510.jpg 768w, https:\/\/jornalfatosenoticias.com.br\/wp-content\/uploads\/2020\/02\/LOGO-MQ-1536x1020.jpg 1536w, https:\/\/jornalfatosenoticias.com.br\/wp-content\/uploads\/2020\/02\/LOGO-MQ-2048x1360.jpg 2048w\" sizes=\"auto, (max-width: 359px) 100vw, 359px\" \/><\/a><\/figure><\/div>\n\n\n\n<p><strong>Fonte: <a href=\"https:\/\/www.bonsfluidos.com.br\/bem-estar\/calendula-confira-os-beneficios-da-planta-para-a-saude.phtml\">Bons Fluidos<\/a><\/strong><\/p>\n","protected":false},"excerpt":{"rendered":"<p>Al\u00e9m da beleza, saiba mais sobre a cal\u00eandula e seus benef\u00edcios para a sa\u00fade Por Isabella Bisordi Conhecida cientificamente como Calendula officinalis\u00a0e apelidada de \u201cbot\u00e3o de ouro\u201d, a cal\u00eandula encanta\u00a0jardins h\u00e1 s\u00e9culos. Cultivada pela sua cor vibrante e pela capacidade de se adaptar a diversos climas, ela conquistou civiliza\u00e7\u00f5es antigas \u2014 gregos, romanos, \u00e1rabes e [&hellip;]<\/p>\n","protected":false},"author":2,"featured_media":61226,"comment_status":"open","ping_status":"open","sticky":false,"template":"","format":"standard","meta":{"footnotes":""},"categories":[42],"tags":[385,27886,3233,64,3395,2169,74],"class_list":["post-61225","post","type-post","status-publish","format-standard","has-post-thumbnail","hentry","category-bem-estar","tag-bem-estar","tag-calendula","tag-dia-a-dia","tag-flor","tag-planta","tag-rotina","tag-saude"],"yoast_head":"<!-- This site is optimized with the Yoast SEO plugin v26.5 - https:\/\/yoast.com\/wordpress\/plugins\/seo\/ -->\n<title>Confira os benef\u00edcios da cal\u00eandula para a sa\u00fade - Jornal Fatos e Not\u00edcias<\/title>\n<meta name=\"robots\" content=\"index, follow, max-snippet:-1, max-image-preview:large, max-video-preview:-1\" \/>\n<link rel=\"canonical\" href=\"https:\/\/jornalfatosenoticias.com.br\/index.php\/2025\/08\/13\/confira-os-beneficios-da-calendula-para-a-saude\/\" \/>\n<meta property=\"og:locale\" content=\"pt_BR\" \/>\n<meta property=\"og:type\" content=\"article\" \/>\n<meta property=\"og:title\" content=\"Confira os benef\u00edcios da cal\u00eandula para a sa\u00fade - Jornal Fatos e Not\u00edcias\" \/>\n<meta property=\"og:description\" content=\"Al\u00e9m da beleza, saiba mais sobre a cal\u00eandula e seus benef\u00edcios para a sa\u00fade Por Isabella Bisordi Conhecida cientificamente como Calendula officinalis\u00a0e apelidada de \u201cbot\u00e3o de ouro\u201d, a cal\u00eandula encanta\u00a0jardins h\u00e1 s\u00e9culos. Cultivada pela sua cor vibrante e pela capacidade de se adaptar a diversos climas, ela conquistou civiliza\u00e7\u00f5es antigas \u2014 gregos, romanos, \u00e1rabes e [&hellip;]\" \/>\n<meta property=\"og:url\" content=\"https:\/\/jornalfatosenoticias.com.br\/index.php\/2025\/08\/13\/confira-os-beneficios-da-calendula-para-a-saude\/\" \/>\n<meta property=\"og:site_name\" content=\"Jornal Fatos e Not\u00edcias\" \/>\n<meta property=\"article:published_time\" content=\"2025-08-13T18:05:50+00:00\" \/>\n<meta property=\"article:modified_time\" content=\"2025-08-13T18:05:51+00:00\" \/>\n<meta property=\"og:image\" content=\"https:\/\/jornalfatosenoticias.com.br\/wp-content\/uploads\/2025\/08\/cha-de-calendula_istock.jpg\" \/>\n\t<meta property=\"og:image:width\" content=\"612\" \/>\n\t<meta property=\"og:image:height\" content=\"408\" \/>\n\t<meta property=\"og:image:type\" content=\"image\/jpeg\" \/>\n<meta name=\"author\" content=\"Luzimara Fernandes\" \/>\n<meta name=\"twitter:card\" content=\"summary_large_image\" \/>\n<meta name=\"twitter:label1\" content=\"Escrito por\" \/>\n\t<meta name=\"twitter:data1\" content=\"Luzimara Fernandes\" \/>\n\t<meta name=\"twitter:label2\" content=\"Est. tempo de leitura\" \/>\n\t<meta name=\"twitter:data2\" content=\"2 minutos\" \/>\n<script type=\"application\/ld+json\" class=\"yoast-schema-graph\">{\"@context\":\"https:\/\/schema.org\",\"@graph\":[{\"@type\":\"Article\",\"@id\":\"https:\/\/jornalfatosenoticias.com.br\/index.php\/2025\/08\/13\/confira-os-beneficios-da-calendula-para-a-saude\/#article\",\"isPartOf\":{\"@id\":\"https:\/\/jornalfatosenoticias.com.br\/index.php\/2025\/08\/13\/confira-os-beneficios-da-calendula-para-a-saude\/\"},\"author\":{\"name\":\"Luzimara Fernandes\",\"@id\":\"https:\/\/jornalfatosenoticias.com.br\/#\/schema\/person\/d63837fa13ac8666eb9e74e0985d6f81\"},\"headline\":\"Confira os benef\u00edcios da cal\u00eandula para a sa\u00fade\",\"datePublished\":\"2025-08-13T18:05:50+00:00\",\"dateModified\":\"2025-08-13T18:05:51+00:00\",\"mainEntityOfPage\":{\"@id\":\"https:\/\/jornalfatosenoticias.com.br\/index.php\/2025\/08\/13\/confira-os-beneficios-da-calendula-para-a-saude\/\"},\"wordCount\":409,\"commentCount\":0,\"publisher\":{\"@id\":\"https:\/\/jornalfatosenoticias.com.br\/#organization\"},\"image\":{\"@id\":\"https:\/\/jornalfatosenoticias.com.br\/index.php\/2025\/08\/13\/confira-os-beneficios-da-calendula-para-a-saude\/#primaryimage\"},\"thumbnailUrl\":\"https:\/\/jornalfatosenoticias.com.br\/wp-content\/uploads\/2025\/08\/cha-de-calendula_istock.jpg\",\"keywords\":[\"bem-estar\",\"cal\u00eandula\",\"dia a dia\",\"flor\",\"planta\",\"rotina\",\"sa\u00fade\"],\"articleSection\":[\"Bem-estar\"],\"inLanguage\":\"pt-BR\",\"potentialAction\":[{\"@type\":\"CommentAction\",\"name\":\"Comment\",\"target\":[\"https:\/\/jornalfatosenoticias.com.br\/index.php\/2025\/08\/13\/confira-os-beneficios-da-calendula-para-a-saude\/#respond\"]}]},{\"@type\":\"WebPage\",\"@id\":\"https:\/\/jornalfatosenoticias.com.br\/index.php\/2025\/08\/13\/confira-os-beneficios-da-calendula-para-a-saude\/\",\"url\":\"https:\/\/jornalfatosenoticias.com.br\/index.php\/2025\/08\/13\/confira-os-beneficios-da-calendula-para-a-saude\/\",\"name\":\"Confira os benef\u00edcios da cal\u00eandula para a sa\u00fade - Jornal Fatos e Not\u00edcias\",\"isPartOf\":{\"@id\":\"https:\/\/jornalfatosenoticias.com.br\/#website\"},\"primaryImageOfPage\":{\"@id\":\"https:\/\/jornalfatosenoticias.com.br\/index.php\/2025\/08\/13\/confira-os-beneficios-da-calendula-para-a-saude\/#primaryimage\"},\"image\":{\"@id\":\"https:\/\/jornalfatosenoticias.com.br\/index.php\/2025\/08\/13\/confira-os-beneficios-da-calendula-para-a-saude\/#primaryimage\"},\"thumbnailUrl\":\"https:\/\/jornalfatosenoticias.com.br\/wp-content\/uploads\/2025\/08\/cha-de-calendula_istock.jpg\",\"datePublished\":\"2025-08-13T18:05:50+00:00\",\"dateModified\":\"2025-08-13T18:05:51+00:00\",\"breadcrumb\":{\"@id\":\"https:\/\/jornalfatosenoticias.com.br\/index.php\/2025\/08\/13\/confira-os-beneficios-da-calendula-para-a-saude\/#breadcrumb\"},\"inLanguage\":\"pt-BR\",\"potentialAction\":[{\"@type\":\"ReadAction\",\"target\":[\"https:\/\/jornalfatosenoticias.com.br\/index.php\/2025\/08\/13\/confira-os-beneficios-da-calendula-para-a-saude\/\"]}]},{\"@type\":\"ImageObject\",\"inLanguage\":\"pt-BR\",\"@id\":\"https:\/\/jornalfatosenoticias.com.br\/index.php\/2025\/08\/13\/confira-os-beneficios-da-calendula-para-a-saude\/#primaryimage\",\"url\":\"https:\/\/jornalfatosenoticias.com.br\/wp-content\/uploads\/2025\/08\/cha-de-calendula_istock.jpg\",\"contentUrl\":\"https:\/\/jornalfatosenoticias.com.br\/wp-content\/uploads\/2025\/08\/cha-de-calendula_istock.jpg\",\"width\":612,\"height\":408,\"caption\":\"Still life with detox Scotch marigold tea and dry flowers on light wooden background. Calendula herbal tea for infusion. Glass cup of healthy detox tea with yellow flowers\"},{\"@type\":\"BreadcrumbList\",\"@id\":\"https:\/\/jornalfatosenoticias.com.br\/index.php\/2025\/08\/13\/confira-os-beneficios-da-calendula-para-a-saude\/#breadcrumb\",\"itemListElement\":[{\"@type\":\"ListItem\",\"position\":1,\"name\":\"In\u00edcio\",\"item\":\"https:\/\/jornalfatosenoticias.com.br\/\"},{\"@type\":\"ListItem\",\"position\":2,\"name\":\"Confira os benef\u00edcios da cal\u00eandula para a sa\u00fade\"}]},{\"@type\":\"WebSite\",\"@id\":\"https:\/\/jornalfatosenoticias.com.br\/#website\",\"url\":\"https:\/\/jornalfatosenoticias.com.br\/\",\"name\":\"Jornal Fatos e Not\u00edcias\",\"description\":\"Not\u00edcias em geral\",\"publisher\":{\"@id\":\"https:\/\/jornalfatosenoticias.com.br\/#organization\"},\"potentialAction\":[{\"@type\":\"SearchAction\",\"target\":{\"@type\":\"EntryPoint\",\"urlTemplate\":\"https:\/\/jornalfatosenoticias.com.br\/?s={search_term_string}\"},\"query-input\":{\"@type\":\"PropertyValueSpecification\",\"valueRequired\":true,\"valueName\":\"search_term_string\"}}],\"inLanguage\":\"pt-BR\"},{\"@type\":\"Organization\",\"@id\":\"https:\/\/jornalfatosenoticias.com.br\/#organization\",\"name\":\"Jornal Fatos e Not\u00edcias\",\"url\":\"https:\/\/jornalfatosenoticias.com.br\/\",\"logo\":{\"@type\":\"ImageObject\",\"inLanguage\":\"pt-BR\",\"@id\":\"https:\/\/jornalfatosenoticias.com.br\/#\/schema\/logo\/image\/\",\"url\":\"https:\/\/jornalfatosenoticias.com.br\/wp-content\/uploads\/2020\/02\/logo120.png\",\"contentUrl\":\"https:\/\/jornalfatosenoticias.com.br\/wp-content\/uploads\/2020\/02\/logo120.png\",\"width\":1227,\"height\":120,\"caption\":\"Jornal Fatos e Not\u00edcias\"},\"image\":{\"@id\":\"https:\/\/jornalfatosenoticias.com.br\/#\/schema\/logo\/image\/\"}},{\"@type\":\"Person\",\"@id\":\"https:\/\/jornalfatosenoticias.com.br\/#\/schema\/person\/d63837fa13ac8666eb9e74e0985d6f81\",\"name\":\"Luzimara Fernandes\",\"image\":{\"@type\":\"ImageObject\",\"inLanguage\":\"pt-BR\",\"@id\":\"https:\/\/jornalfatosenoticias.com.br\/#\/schema\/person\/image\/\",\"url\":\"https:\/\/jornalfatosenoticias.com.br\/wp-content\/uploads\/2025\/05\/EU_portal.jpg\",\"contentUrl\":\"https:\/\/jornalfatosenoticias.com.br\/wp-content\/uploads\/2025\/05\/EU_portal.jpg\",\"caption\":\"Luzimara Fernandes\"},\"description\":\"Jornalista MTB 2358-ES\",\"sameAs\":[\"https:\/\/jornalfatosenoticias.com.br\"],\"url\":\"https:\/\/jornalfatosenoticias.com.br\/index.php\/author\/luzimara\/\"}]}<\/script>\n<!-- \/ Yoast SEO plugin. -->","yoast_head_json":{"title":"Confira os benef\u00edcios da cal\u00eandula para a sa\u00fade - Jornal Fatos e Not\u00edcias","robots":{"index":"index","follow":"follow","max-snippet":"max-snippet:-1","max-image-preview":"max-image-preview:large","max-video-preview":"max-video-preview:-1"},"canonical":"https:\/\/jornalfatosenoticias.com.br\/index.php\/2025\/08\/13\/confira-os-beneficios-da-calendula-para-a-saude\/","og_locale":"pt_BR","og_type":"article","og_title":"Confira os benef\u00edcios da cal\u00eandula para a sa\u00fade - Jornal Fatos e Not\u00edcias","og_description":"Al\u00e9m da beleza, saiba mais sobre a cal\u00eandula e seus benef\u00edcios para a sa\u00fade Por Isabella Bisordi Conhecida cientificamente como Calendula officinalis\u00a0e apelidada de \u201cbot\u00e3o de ouro\u201d, a cal\u00eandula encanta\u00a0jardins h\u00e1 s\u00e9culos. Cultivada pela sua cor vibrante e pela capacidade de se adaptar a diversos climas, ela conquistou civiliza\u00e7\u00f5es antigas \u2014 gregos, romanos, \u00e1rabes e [&hellip;]","og_url":"https:\/\/jornalfatosenoticias.com.br\/index.php\/2025\/08\/13\/confira-os-beneficios-da-calendula-para-a-saude\/","og_site_name":"Jornal Fatos e Not\u00edcias","article_published_time":"2025-08-13T18:05:50+00:00","article_modified_time":"2025-08-13T18:05:51+00:00","og_image":[{"width":612,"height":408,"url":"https:\/\/jornalfatosenoticias.com.br\/wp-content\/uploads\/2025\/08\/cha-de-calendula_istock.jpg","type":"image\/jpeg"}],"author":"Luzimara Fernandes","twitter_card":"summary_large_image","twitter_misc":{"Escrito por":"Luzimara Fernandes","Est. tempo de leitura":"2 minutos"},"schema":{"@context":"https:\/\/schema.org","@graph":[{"@type":"Article","@id":"https:\/\/jornalfatosenoticias.com.br\/index.php\/2025\/08\/13\/confira-os-beneficios-da-calendula-para-a-saude\/#article","isPartOf":{"@id":"https:\/\/jornalfatosenoticias.com.br\/index.php\/2025\/08\/13\/confira-os-beneficios-da-calendula-para-a-saude\/"},"author":{"name":"Luzimara Fernandes","@id":"https:\/\/jornalfatosenoticias.com.br\/#\/schema\/person\/d63837fa13ac8666eb9e74e0985d6f81"},"headline":"Confira os benef\u00edcios da cal\u00eandula para a sa\u00fade","datePublished":"2025-08-13T18:05:50+00:00","dateModified":"2025-08-13T18:05:51+00:00","mainEntityOfPage":{"@id":"https:\/\/jornalfatosenoticias.com.br\/index.php\/2025\/08\/13\/confira-os-beneficios-da-calendula-para-a-saude\/"},"wordCount":409,"commentCount":0,"publisher":{"@id":"https:\/\/jornalfatosenoticias.com.br\/#organization"},"image":{"@id":"https:\/\/jornalfatosenoticias.com.br\/index.php\/2025\/08\/13\/confira-os-beneficios-da-calendula-para-a-saude\/#primaryimage"},"thumbnailUrl":"https:\/\/jornalfatosenoticias.com.br\/wp-content\/uploads\/2025\/08\/cha-de-calendula_istock.jpg","keywords":["bem-estar","cal\u00eandula","dia a dia","flor","planta","rotina","sa\u00fade"],"articleSection":["Bem-estar"],"inLanguage":"pt-BR","potentialAction":[{"@type":"CommentAction","name":"Comment","target":["https:\/\/jornalfatosenoticias.com.br\/index.php\/2025\/08\/13\/confira-os-beneficios-da-calendula-para-a-saude\/#respond"]}]},{"@type":"WebPage","@id":"https:\/\/jornalfatosenoticias.com.br\/index.php\/2025\/08\/13\/confira-os-beneficios-da-calendula-para-a-saude\/","url":"https:\/\/jornalfatosenoticias.com.br\/index.php\/2025\/08\/13\/confira-os-beneficios-da-calendula-para-a-saude\/","name":"Confira os benef\u00edcios da cal\u00eandula para a sa\u00fade - Jornal Fatos e Not\u00edcias","isPartOf":{"@id":"https:\/\/jornalfatosenoticias.com.br\/#website"},"primaryImageOfPage":{"@id":"https:\/\/jornalfatosenoticias.com.br\/index.php\/2025\/08\/13\/confira-os-beneficios-da-calendula-para-a-saude\/#primaryimage"},"image":{"@id":"https:\/\/jornalfatosenoticias.com.br\/index.php\/2025\/08\/13\/confira-os-beneficios-da-calendula-para-a-saude\/#primaryimage"},"thumbnailUrl":"https:\/\/jornalfatosenoticias.com.br\/wp-content\/uploads\/2025\/08\/cha-de-calendula_istock.jpg","datePublished":"2025-08-13T18:05:50+00:00","dateModified":"2025-08-13T18:05:51+00:00","breadcrumb":{"@id":"https:\/\/jornalfatosenoticias.com.br\/index.php\/2025\/08\/13\/confira-os-beneficios-da-calendula-para-a-saude\/#breadcrumb"},"inLanguage":"pt-BR","potentialAction":[{"@type":"ReadAction","target":["https:\/\/jornalfatosenoticias.com.br\/index.php\/2025\/08\/13\/confira-os-beneficios-da-calendula-para-a-saude\/"]}]},{"@type":"ImageObject","inLanguage":"pt-BR","@id":"https:\/\/jornalfatosenoticias.com.br\/index.php\/2025\/08\/13\/confira-os-beneficios-da-calendula-para-a-saude\/#primaryimage","url":"https:\/\/jornalfatosenoticias.com.br\/wp-content\/uploads\/2025\/08\/cha-de-calendula_istock.jpg","contentUrl":"https:\/\/jornalfatosenoticias.com.br\/wp-content\/uploads\/2025\/08\/cha-de-calendula_istock.jpg","width":612,"height":408,"caption":"Still life with detox Scotch marigold tea and dry flowers on light wooden background. Calendula herbal tea for infusion. Glass cup of healthy detox tea with yellow flowers"},{"@type":"BreadcrumbList","@id":"https:\/\/jornalfatosenoticias.com.br\/index.php\/2025\/08\/13\/confira-os-beneficios-da-calendula-para-a-saude\/#breadcrumb","itemListElement":[{"@type":"ListItem","position":1,"name":"In\u00edcio","item":"https:\/\/jornalfatosenoticias.com.br\/"},{"@type":"ListItem","position":2,"name":"Confira os benef\u00edcios da cal\u00eandula para a sa\u00fade"}]},{"@type":"WebSite","@id":"https:\/\/jornalfatosenoticias.com.br\/#website","url":"https:\/\/jornalfatosenoticias.com.br\/","name":"Jornal Fatos e Not\u00edcias","description":"Not\u00edcias em geral","publisher":{"@id":"https:\/\/jornalfatosenoticias.com.br\/#organization"},"potentialAction":[{"@type":"SearchAction","target":{"@type":"EntryPoint","urlTemplate":"https:\/\/jornalfatosenoticias.com.br\/?s={search_term_string}"},"query-input":{"@type":"PropertyValueSpecification","valueRequired":true,"valueName":"search_term_string"}}],"inLanguage":"pt-BR"},{"@type":"Organization","@id":"https:\/\/jornalfatosenoticias.com.br\/#organization","name":"Jornal Fatos e Not\u00edcias","url":"https:\/\/jornalfatosenoticias.com.br\/","logo":{"@type":"ImageObject","inLanguage":"pt-BR","@id":"https:\/\/jornalfatosenoticias.com.br\/#\/schema\/logo\/image\/","url":"https:\/\/jornalfatosenoticias.com.br\/wp-content\/uploads\/2020\/02\/logo120.png","contentUrl":"https:\/\/jornalfatosenoticias.com.br\/wp-content\/uploads\/2020\/02\/logo120.png","width":1227,"height":120,"caption":"Jornal Fatos e Not\u00edcias"},"image":{"@id":"https:\/\/jornalfatosenoticias.com.br\/#\/schema\/logo\/image\/"}},{"@type":"Person","@id":"https:\/\/jornalfatosenoticias.com.br\/#\/schema\/person\/d63837fa13ac8666eb9e74e0985d6f81","name":"Luzimara Fernandes","image":{"@type":"ImageObject","inLanguage":"pt-BR","@id":"https:\/\/jornalfatosenoticias.com.br\/#\/schema\/person\/image\/","url":"https:\/\/jornalfatosenoticias.com.br\/wp-content\/uploads\/2025\/05\/EU_portal.jpg","contentUrl":"https:\/\/jornalfatosenoticias.com.br\/wp-content\/uploads\/2025\/05\/EU_portal.jpg","caption":"Luzimara Fernandes"},"description":"Jornalista MTB 2358-ES","sameAs":["https:\/\/jornalfatosenoticias.com.br"],"url":"https:\/\/jornalfatosenoticias.com.br\/index.php\/author\/luzimara\/"}]}},"cc_featured_image_caption":{"caption_text":"(Foto: iStock)  ","source_text":"","source_url":""},"jetpack_featured_media_url":"https:\/\/jornalfatosenoticias.com.br\/wp-content\/uploads\/2025\/08\/cha-de-calendula_istock.jpg","_links":{"self":[{"href":"https:\/\/jornalfatosenoticias.com.br\/index.php\/wp-json\/wp\/v2\/posts\/61225","targetHints":{"allow":["GET"]}}],"collection":[{"href":"https:\/\/jornalfatosenoticias.com.br\/index.php\/wp-json\/wp\/v2\/posts"}],"about":[{"href":"https:\/\/jornalfatosenoticias.com.br\/index.php\/wp-json\/wp\/v2\/types\/post"}],"author":[{"embeddable":true,"href":"https:\/\/jornalfatosenoticias.com.br\/index.php\/wp-json\/wp\/v2\/users\/2"}],"replies":[{"embeddable":true,"href":"https:\/\/jornalfatosenoticias.com.br\/index.php\/wp-json\/wp\/v2\/comments?post=61225"}],"version-history":[{"count":0,"href":"https:\/\/jornalfatosenoticias.com.br\/index.php\/wp-json\/wp\/v2\/posts\/61225\/revisions"}],"wp:featuredmedia":[{"embeddable":true,"href":"https:\/\/jornalfatosenoticias.com.br\/index.php\/wp-json\/wp\/v2\/media\/61226"}],"wp:attachment":[{"href":"https:\/\/jornalfatosenoticias.com.br\/index.php\/wp-json\/wp\/v2\/media?parent=61225"}],"wp:term":[{"taxonomy":"category","embeddable":true,"href":"https:\/\/jornalfatosenoticias.com.br\/index.php\/wp-json\/wp\/v2\/categories?post=61225"},{"taxonomy":"post_tag","embeddable":true,"href":"https:\/\/jornalfatosenoticias.com.br\/index.php\/wp-json\/wp\/v2\/tags?post=61225"}],"curies":[{"name":"wp","href":"https:\/\/api.w.org\/{rel}","templated":true}]}}