{"id":61238,"date":"2025-08-14T14:15:32","date_gmt":"2025-08-14T17:15:32","guid":{"rendered":"https:\/\/jornalfatosenoticias.com.br\/?p=61238"},"modified":"2025-08-14T14:16:04","modified_gmt":"2025-08-14T17:16:04","slug":"a-semana-no-brasil-e-no-mundo-populacao-em-situacao-de-rua-dobra-durante-governo-lula-e-ultrapassa-345-mil-no-brasil-aponta-estudo","status":"publish","type":"post","link":"https:\/\/jornalfatosenoticias.com.br\/index.php\/2025\/08\/14\/a-semana-no-brasil-e-no-mundo-populacao-em-situacao-de-rua-dobra-durante-governo-lula-e-ultrapassa-345-mil-no-brasil-aponta-estudo\/","title":{"rendered":"A Semana no Brasil e no Mundo \u2014 Popula\u00e7\u00e3o em situa\u00e7\u00e3o de rua dobra durante governo Lula"},"content":{"rendered":"\n<div class=\"wp-block-image\"><figure class=\"aligncenter size-large\"><a href=\"https:\/\/mizu.com.br\/\"><img loading=\"lazy\" decoding=\"async\" width=\"729\" height=\"90\" src=\"https:\/\/jornalfatosenoticias.com.br\/wp-content\/uploads\/2020\/02\/Logo_Mizu.png\" alt=\"\" class=\"wp-image-1441\" srcset=\"https:\/\/jornalfatosenoticias.com.br\/wp-content\/uploads\/2020\/02\/Logo_Mizu.png 729w, https:\/\/jornalfatosenoticias.com.br\/wp-content\/uploads\/2020\/02\/Logo_Mizu-300x37.png 300w\" sizes=\"auto, (max-width: 729px) 100vw, 729px\" \/><\/a><\/figure><\/div>\n\n\n\n<p>Em pouco mais de um ano, o n\u00famero de pessoas vivendo nas ruas no Brasil disparou de 160 mil para cerca de 345 mil, de acordo com levantamento do Observat\u00f3rio Brasileiro de Pol\u00edticas com a Popula\u00e7\u00e3o em Situa\u00e7\u00e3o de Rua, da Universidade Federal de Minas Gerais (UFMG). <strong>O aumento, superior a 100%, <\/strong>ocorre mesmo ap\u00f3s o lan\u00e7amento, em dezembro de 2023, do Plano \u201cRuas Vis\u00edveis\u201d, do <strong>governo Lula, <\/strong>que previa investimento de R$ 1 bilh\u00e3o para enfrentar a mis\u00e9ria urbana por meio de assist\u00eancia social, seguran\u00e7a alimentar, habita\u00e7\u00e3o, sa\u00fade, trabalho, renda e um censo nacional.<br>Apesar do gasto expressivo, os resultados mostram que as medidas adotadas foram insuficientes para conter o agravamento da crise. Especialistas apontam que a explos\u00e3o da popula\u00e7\u00e3o em situa\u00e7\u00e3o de rua \u00e9 reflexo de uma economia em decl\u00ednio, com aumento do desemprego, da informalidade e do custo de vida, somados \u00e0 falta de pol\u00edticas estruturantes que gerem autonomia e oportunidades reais.<\/p>\n\n\n\n<div class=\"wp-block-image\"><figure class=\"aligncenter size-large is-resized\"><a href=\"https:\/\/www.facebook.com\/postobkr\/?locale=pt_BR\"><img loading=\"lazy\" decoding=\"async\" src=\"https:\/\/jornalfatosenoticias.com.br\/wp-content\/uploads\/2023\/08\/BKR-1024x1021.jpg\" alt=\"\" class=\"wp-image-44494\" width=\"293\" height=\"292\" srcset=\"https:\/\/jornalfatosenoticias.com.br\/wp-content\/uploads\/2023\/08\/BKR-1024x1021.jpg 1024w, https:\/\/jornalfatosenoticias.com.br\/wp-content\/uploads\/2023\/08\/BKR-300x300.jpg 300w, https:\/\/jornalfatosenoticias.com.br\/wp-content\/uploads\/2023\/08\/BKR-150x150.jpg 150w, https:\/\/jornalfatosenoticias.com.br\/wp-content\/uploads\/2023\/08\/BKR-768x766.jpg 768w, https:\/\/jornalfatosenoticias.com.br\/wp-content\/uploads\/2023\/08\/BKR.jpg 1080w\" sizes=\"auto, (max-width: 293px) 100vw, 293px\" \/><\/a><\/figure><\/div>\n\n\n\n<p>O levantamento revela que mais de 60% dessa popula\u00e7\u00e3o est\u00e1 concentrada no Sudeste, enquanto a Regi\u00e3o Norte representa menos de 5%. O ranking estadual \u00e9 liderado por S\u00e3o Paulo, com 146.940 pessoas, seguido por Rio de Janeiro (31.693), Minas Gerais (31.410), Bahia (15.045) e Paran\u00e1 (13.854). O perfil demogr\u00e1fico mostra que 85% dos moradores de rua s\u00e3o homens, 70% se autodeclaram negros, quase 10 mil s\u00e3o crian\u00e7as com menos de 17 anos e cerca de 32 mil s\u00e3o idosos acima de 60 anos.<\/p>\n\n\n\n<div class=\"wp-block-image\"><figure class=\"aligncenter size-large is-resized\"><a href=\"https:\/\/hotelmarquetti.com.br\/\"><img loading=\"lazy\" decoding=\"async\" src=\"https:\/\/jornalfatosenoticias.com.br\/wp-content\/uploads\/2020\/02\/LOGO-MQ-1024x680.jpg\" alt=\"\" class=\"wp-image-58299\" width=\"307\" height=\"204\" srcset=\"https:\/\/jornalfatosenoticias.com.br\/wp-content\/uploads\/2020\/02\/LOGO-MQ-1024x680.jpg 1024w, https:\/\/jornalfatosenoticias.com.br\/wp-content\/uploads\/2020\/02\/LOGO-MQ-300x199.jpg 300w, https:\/\/jornalfatosenoticias.com.br\/wp-content\/uploads\/2020\/02\/LOGO-MQ-768x510.jpg 768w, https:\/\/jornalfatosenoticias.com.br\/wp-content\/uploads\/2020\/02\/LOGO-MQ-1536x1020.jpg 1536w, https:\/\/jornalfatosenoticias.com.br\/wp-content\/uploads\/2020\/02\/LOGO-MQ-2048x1360.jpg 2048w\" sizes=\"auto, (max-width: 307px) 100vw, 307px\" \/><\/a><\/figure><\/div>\n\n\n\n<p>O cen\u00e1rio evidencia que programas assistenciais de alto custo, sem o respaldo de uma estrat\u00e9gia econ\u00f4mica s\u00f3lida e sustent\u00e1vel, t\u00eam alcance limitado. Enquanto o governo Lula mant\u00e9m elevados gastos sociais, a aus\u00eancia de crescimento econ\u00f4mico consistente e de pol\u00edticas eficazes de gera\u00e7\u00e3o de emprego amea\u00e7a transformar a crise social em um problema cr\u00f4nico e irrevers\u00edvel. <strong>(Fonte: Hora Bras\u00edlia)<\/strong><\/p>\n\n\n\n<div class=\"wp-block-image\"><figure class=\"aligncenter size-large is-resized\"><a href=\"https:\/\/www.legisjuris.com.br\/\"><img loading=\"lazy\" decoding=\"async\" src=\"https:\/\/jornalfatosenoticias.com.br\/wp-content\/uploads\/2024\/09\/Legis-Juris-Consultoria_logo.jpg\" alt=\"\" class=\"wp-image-53915\" width=\"499\" height=\"209\" srcset=\"https:\/\/jornalfatosenoticias.com.br\/wp-content\/uploads\/2024\/09\/Legis-Juris-Consultoria_logo.jpg 969w, https:\/\/jornalfatosenoticias.com.br\/wp-content\/uploads\/2024\/09\/Legis-Juris-Consultoria_logo-300x126.jpg 300w, https:\/\/jornalfatosenoticias.com.br\/wp-content\/uploads\/2024\/09\/Legis-Juris-Consultoria_logo-768x322.jpg 768w\" sizes=\"auto, (max-width: 499px) 100vw, 499px\" \/><\/a><\/figure><\/div>\n\n\n\n<hr class=\"wp-block-separator\"\/>\n\n\n\n<h3 class=\"wp-block-heading\"><span class=\"has-inline-color has-black-color\">Trump assume controle da pol\u00edcia de Washington, D.C., e envia Guarda Nacional \u00e0 capital<\/span><\/h3>\n\n\n\n<div class=\"wp-block-image\"><figure class=\"aligncenter size-large\"><img loading=\"lazy\" decoding=\"async\" width=\"612\" height=\"408\" src=\"https:\/\/jornalfatosenoticias.com.br\/wp-content\/uploads\/2025\/08\/Trump-policia-de-Washington_gettyimages.jpg\" alt=\"\" class=\"wp-image-61243\" srcset=\"https:\/\/jornalfatosenoticias.com.br\/wp-content\/uploads\/2025\/08\/Trump-policia-de-Washington_gettyimages.jpg 612w, https:\/\/jornalfatosenoticias.com.br\/wp-content\/uploads\/2025\/08\/Trump-policia-de-Washington_gettyimages-300x200.jpg 300w\" sizes=\"auto, (max-width: 612px) 100vw, 612px\" \/><figcaption><em><span class=\"has-inline-color has-black-color\">(Foto: Getty Images)<\/span><\/em><\/figcaption><\/figure><\/div>\n\n\n\n<p>O presidente dos Estados Unidos, Donald Trump, anunciou, na segunda-feira (11), que assumiu o controle do Departamento de Pol\u00edcia Metropolitana de Washington, D.C., e ordenou o envio da Guarda Nacional \u00e0 capital. A medida foi tomada com base na se\u00e7\u00e3o 740 da Lei de Autonomia do Distrito de Columbia, que permite ao governo federal intervir diretamente na seguran\u00e7a p\u00fablica da cidade.<\/p>\n\n\n\n<div class=\"wp-block-image\"><figure class=\"aligncenter size-large is-resized\"><a href=\"https:\/\/www.facebook.com\/profile.php?id=100069289606145\"><img loading=\"lazy\" decoding=\"async\" src=\"https:\/\/jornalfatosenoticias.com.br\/wp-content\/uploads\/2024\/11\/Guaitolini-Contabilidade-1024x714.jpeg\" alt=\"\" class=\"wp-image-55808\" width=\"289\" height=\"201\" srcset=\"https:\/\/jornalfatosenoticias.com.br\/wp-content\/uploads\/2024\/11\/Guaitolini-Contabilidade-1024x714.jpeg 1024w, https:\/\/jornalfatosenoticias.com.br\/wp-content\/uploads\/2024\/11\/Guaitolini-Contabilidade-300x209.jpeg 300w, https:\/\/jornalfatosenoticias.com.br\/wp-content\/uploads\/2024\/11\/Guaitolini-Contabilidade-768x535.jpeg 768w, https:\/\/jornalfatosenoticias.com.br\/wp-content\/uploads\/2024\/11\/Guaitolini-Contabilidade.jpeg 1280w\" sizes=\"auto, (max-width: 289px) 100vw, 289px\" \/><\/a><\/figure><\/div>\n\n\n\n<p>A decis\u00e3o gerou cr\u00edticas da prefeita democrata Muriel Bowser, que afirmou n\u00e3o haver justificativa para a interven\u00e7\u00e3o federal. Segundo dados do pr\u00f3prio departamento de pol\u00edcia local, os crimes violentos ca\u00edram 35% em 2024 e registraram nova queda de 26% nos primeiros sete meses de 2025. O \u00edndice geral de criminalidade tamb\u00e9m apresentou redu\u00e7\u00e3o de 7% no per\u00edodo. Apesar da melhora nos indicadores, Bowser reconheceu que a viol\u00eancia armada ainda \u00e9 um desafio. Em 2023, Washington registrou a terceira maior taxa de homic\u00eddios por arma de fogo entre cidades norte-americanas com mais de 500 mil habitantes, segundo o grupo Everytown for Gun Safety.<\/p>\n\n\n\n<div class=\"wp-block-image\"><figure class=\"aligncenter size-large is-resized\"><a href=\"https:\/\/www.instagram.com\/serra4x4cambioautomatico\/\"><img loading=\"lazy\" decoding=\"async\" src=\"https:\/\/jornalfatosenoticias.com.br\/wp-content\/uploads\/2024\/08\/Serra-4x4-1-886x1024.jpg\" alt=\"\" class=\"wp-image-53632\" width=\"267\" height=\"309\" srcset=\"https:\/\/jornalfatosenoticias.com.br\/wp-content\/uploads\/2024\/08\/Serra-4x4-1-886x1024.jpg 886w, https:\/\/jornalfatosenoticias.com.br\/wp-content\/uploads\/2024\/08\/Serra-4x4-1-260x300.jpg 260w, https:\/\/jornalfatosenoticias.com.br\/wp-content\/uploads\/2024\/08\/Serra-4x4-1-768x888.jpg 768w, https:\/\/jornalfatosenoticias.com.br\/wp-content\/uploads\/2024\/08\/Serra-4x4-1.jpg 1181w\" sizes=\"auto, (max-width: 267px) 100vw, 267px\" \/><\/a><\/figure><\/div>\n\n\n\n<p>Em junho, o republicano enviou cerca de cinco mil membros da Guarda Nacional a Los Angeles para conter protestos contra opera\u00e7\u00f5es de imigra\u00e7\u00e3o. No caso de Washington, a margem de manobra \u00e9 maior: diferentemente dos estados, o Distrito de Columbia est\u00e1 sob jurisdi\u00e7\u00e3o direta da Casa Branca, permitindo que o presidente assuma o comando das for\u00e7as policiais locais. <strong>(Fonte: Hora Bras\u00edlia)<\/strong><\/p>\n\n\n\n<div class=\"wp-block-image\"><figure class=\"aligncenter size-large is-resized\"><a href=\"https:\/\/www.facebook.com\/vetor.vix\/\"><img loading=\"lazy\" decoding=\"async\" src=\"https:\/\/jornalfatosenoticias.com.br\/wp-content\/uploads\/2023\/09\/vetorvix1024_1.jpg\" alt=\"\" class=\"wp-image-44868\" width=\"558\" height=\"148\" srcset=\"https:\/\/jornalfatosenoticias.com.br\/wp-content\/uploads\/2023\/09\/vetorvix1024_1.jpg 1024w, https:\/\/jornalfatosenoticias.com.br\/wp-content\/uploads\/2023\/09\/vetorvix1024_1-300x80.jpg 300w, https:\/\/jornalfatosenoticias.com.br\/wp-content\/uploads\/2023\/09\/vetorvix1024_1-768x205.jpg 768w\" sizes=\"auto, (max-width: 558px) 100vw, 558px\" \/><\/a><\/figure><\/div>\n\n\n\n<hr class=\"wp-block-separator\"\/>\n\n\n\n<h3 class=\"wp-block-heading\"><span class=\"has-inline-color has-black-color\">Governo Lula gasta at\u00e9 R$ 263 milh\u00f5es com navios de luxo para hospedar delega\u00e7\u00f5es da COP 30<\/span><\/h3>\n\n\n\n<div class=\"wp-block-image\"><figure class=\"aligncenter size-large\"><img loading=\"lazy\" decoding=\"async\" width=\"1000\" height=\"523\" src=\"https:\/\/jornalfatosenoticias.com.br\/wp-content\/uploads\/2025\/08\/lula-cop-30.jpg\" alt=\"\" class=\"wp-image-61242\" srcset=\"https:\/\/jornalfatosenoticias.com.br\/wp-content\/uploads\/2025\/08\/lula-cop-30.jpg 1000w, https:\/\/jornalfatosenoticias.com.br\/wp-content\/uploads\/2025\/08\/lula-cop-30-300x157.jpg 300w, https:\/\/jornalfatosenoticias.com.br\/wp-content\/uploads\/2025\/08\/lula-cop-30-768x402.jpg 768w\" sizes=\"auto, (max-width: 1000px) 100vw, 1000px\" \/><figcaption><em><span class=\"has-inline-color has-black-color\">(Fotomontagem: Portal de Prefeitura)<\/span><\/em><\/figcaption><\/figure><\/div>\n\n\n\n<p>Sem \u201cplano B\u201d para a crise de hospedagem, o governo federal confirmou que a COP 30, confer\u00eancia mundial do clima marcada para novembro em Bel\u00e9m (PA), n\u00e3o ser\u00e1 transferida para outra cidade. A escassez de acomoda\u00e7\u00f5es e os pre\u00e7os inflacionados \u2014 <strong>com di\u00e1rias chegando a ser 15 vezes superiores ao normal<\/strong> \u2014 levaram <strong>\u00e0 contrata\u00e7\u00e3o de navios de cruzeiro como hot\u00e9is flutuantes, em opera\u00e7\u00e3o que pode custar at\u00e9 R$ 263 milh\u00f5es aos cofres p\u00fablicos.<\/strong><\/p>\n\n\n\n<div class=\"wp-block-image\"><figure class=\"aligncenter size-large is-resized\"><a href=\"https:\/\/www.controlsystems.com.br\/\"><img loading=\"lazy\" decoding=\"async\" src=\"https:\/\/jornalfatosenoticias.com.br\/wp-content\/uploads\/2020\/02\/CONTROL-CS.jpg\" alt=\"\" class=\"wp-image-44991\" width=\"247\" height=\"296\" srcset=\"https:\/\/jornalfatosenoticias.com.br\/wp-content\/uploads\/2020\/02\/CONTROL-CS.jpg 834w, https:\/\/jornalfatosenoticias.com.br\/wp-content\/uploads\/2020\/02\/CONTROL-CS-250x300.jpg 250w, https:\/\/jornalfatosenoticias.com.br\/wp-content\/uploads\/2020\/02\/CONTROL-CS-768x921.jpg 768w\" sizes=\"auto, (max-width: 247px) 100vw, 247px\" \/><\/a><\/figure><\/div>\n\n\n\n<p>Tr\u00eas embarca\u00e7\u00f5es foram alugadas: MSC Seaview, MSC Cruzeiros e Costa Diadema, da Costa Cruzeiros, somando 3,9 mil cabines e mais de seis mil leitos. Segundo o contrato, coordenado pela Embratur em parceria com a Secretaria Extraordin\u00e1ria da COP 30, <strong>o valor inclui uma <em>\u201cgarantia p\u00fablica\u201d<\/em> de R$ 259 milh\u00f5es para cobrir riscos financeiros<\/strong> caso as cabines n\u00e3o sejam totalmente ocupadas. Na pr\u00e1tica, <strong>o governo Lula assume o compromisso de pagar a diferen\u00e7a com dinheiro p\u00fablico se a venda ficar abaixo do esperado.<\/strong><\/p>\n\n\n\n<div class=\"wp-block-image\"><figure class=\"aligncenter size-large is-resized\"><a href=\"https:\/\/panper.com.br\/\"><img loading=\"lazy\" decoding=\"async\" src=\"https:\/\/jornalfatosenoticias.com.br\/wp-content\/uploads\/2023\/03\/logo-Panper_portal.jpg\" alt=\"\" class=\"wp-image-40208\" width=\"352\" height=\"244\" srcset=\"https:\/\/jornalfatosenoticias.com.br\/wp-content\/uploads\/2023\/03\/logo-Panper_portal.jpg 400w, https:\/\/jornalfatosenoticias.com.br\/wp-content\/uploads\/2023\/03\/logo-Panper_portal-300x208.jpg 300w\" sizes=\"auto, (max-width: 352px) 100vw, 352px\" \/><\/a><\/figure><\/div>\n\n\n\n<p>A medida foi anunciada em meio \u00e0 press\u00e3o internacional de pa\u00edses como Canad\u00e1, Alemanha, Su\u00ed\u00e7a e China, que enviaram comunicados ao governo brasileiro criticando os pre\u00e7os abusivos praticados em Bel\u00e9m, com di\u00e1rias de hot\u00e9is chegando a US$ 700 (R$ 3,8 mil). Delega\u00e7\u00f5es alertaram que os custos colocam em risco a participa\u00e7\u00e3o de pa\u00edses em desenvolvimento. Para mitigar a crise, o governo tamb\u00e9m firmou conv\u00eanios com a plataforma Airbnb, planeja transformar escolas em hostels e cogita usar im\u00f3veis do Minha Casa Minha Vida.<\/p>\n\n\n\n<div class=\"wp-block-image\"><figure class=\"aligncenter size-large is-resized\"><a href=\"https:\/\/www.instagram.com\/gruposei\/\"><img loading=\"lazy\" decoding=\"async\" src=\"https:\/\/jornalfatosenoticias.com.br\/wp-content\/uploads\/2022\/07\/Logo-Grupo-SEI.jpg\" alt=\"\" class=\"wp-image-31973\" width=\"366\" height=\"192\" srcset=\"https:\/\/jornalfatosenoticias.com.br\/wp-content\/uploads\/2022\/07\/Logo-Grupo-SEI.jpg 713w, https:\/\/jornalfatosenoticias.com.br\/wp-content\/uploads\/2022\/07\/Logo-Grupo-SEI-300x158.jpg 300w\" sizes=\"auto, (max-width: 366px) 100vw, 366px\" \/><\/a><\/figure><\/div>\n\n\n\n<p>A expectativa \u00e9 receber cerca de 50 mil visitantes durante o evento, mas a capital paraense possui apenas 20 mil leitos formais. Al\u00e9m das cabines nos navios, cerca de 500 acomoda\u00e7\u00f5es ser\u00e3o reservadas a pa\u00edses menos desenvolvidos, com di\u00e1rias subsidiadas de at\u00e9 US$ 220 (R$ 1,2 mil), enquanto demais delega\u00e7\u00f5es pagar\u00e3o at\u00e9 US$ 600 (R$ 3,3 mil). As embarca\u00e7\u00f5es ficar\u00e3o atracadas no Terminal Portu\u00e1rio de Outeiro, cuja revitaliza\u00e7\u00e3o tamb\u00e9m foi <strong>custeada com recursos da Itaipu Binacional.<\/strong> <strong>(Fonte: Hora Bras\u00edlia)<\/strong><\/p>\n\n\n\n<div class=\"wp-block-image\"><figure class=\"aligncenter size-large\"><a href=\"http:\/\/www.ferrarimaquinas.com.br\/\"><img loading=\"lazy\" decoding=\"async\" width=\"300\" height=\"250\" src=\"https:\/\/jornalfatosenoticias.com.br\/wp-content\/uploads\/2022\/02\/FERRARI_MAQUINAS-E-FERRAMENTAS2.jpg\" alt=\"\" class=\"wp-image-27860\"\/><\/a><\/figure><\/div>\n\n\n\n<hr class=\"wp-block-separator\"\/>\n\n\n\n<h3 class=\"wp-block-heading\"><span class=\"has-inline-color has-black-color\">Conselheiro de Trump ironiza Lula e o chama de \u201cBiden dos tr\u00f3picos\u201d ap\u00f3s declara\u00e7\u00e3o sobre sobretaxa dos EUA<\/span><\/h3>\n\n\n\n<div class=\"wp-block-image\"><figure class=\"aligncenter size-large\"><img loading=\"lazy\" decoding=\"async\" width=\"769\" height=\"467\" src=\"https:\/\/jornalfatosenoticias.com.br\/wp-content\/uploads\/2025\/08\/Conselheiro-de-Trump-ironiza-Lula_GETTY-IMAGES.jpg\" alt=\"\" class=\"wp-image-61241\" srcset=\"https:\/\/jornalfatosenoticias.com.br\/wp-content\/uploads\/2025\/08\/Conselheiro-de-Trump-ironiza-Lula_GETTY-IMAGES.jpg 769w, https:\/\/jornalfatosenoticias.com.br\/wp-content\/uploads\/2025\/08\/Conselheiro-de-Trump-ironiza-Lula_GETTY-IMAGES-300x182.jpg 300w\" sizes=\"auto, (max-width: 769px) 100vw, 769px\" \/><figcaption><em><span class=\"has-inline-color has-black-color\">(Fotomontagem: F&amp;N\/Getty Images)<\/span><\/em><\/figcaption><\/figure><\/div>\n\n\n\n<p>Jason Miller, principal conselheiro de Donald Trump durante a campanha presidencial norte-americana, reagiu de forma \u00e1cida \u00e0 recente entrevista de Luiz In\u00e1cio Lula da Silva \u00e0 ag\u00eancia Reuters. Em tom ir\u00f4nico, Miller comparou o petista ao ex-presidente dos EUA, Joe Biden \u2014 alvo frequente de cr\u00edticas conservadoras \u2014 e disse que <em>\u201cseu c\u00e9rebro \u00e9 um pur\u00ea de banana a esta altura\u201d.<\/em><\/p>\n\n\n\n<div class=\"wp-block-image\"><figure class=\"aligncenter size-large is-resized\"><a href=\"https:\/\/www.instagram.com\/rcradiadores\/\"><img loading=\"lazy\" decoding=\"async\" src=\"https:\/\/jornalfatosenoticias.com.br\/wp-content\/uploads\/2022\/10\/RC_800x750_page-0001.jpg\" alt=\"\" class=\"wp-image-35338\" width=\"308\" height=\"289\" srcset=\"https:\/\/jornalfatosenoticias.com.br\/wp-content\/uploads\/2022\/10\/RC_800x750_page-0001.jpg 400w, https:\/\/jornalfatosenoticias.com.br\/wp-content\/uploads\/2022\/10\/RC_800x750_page-0001-300x281.jpg 300w\" sizes=\"auto, (max-width: 308px) 100vw, 308px\" \/><\/a><\/figure><\/div>\n\n\n\n<p>A provoca\u00e7\u00e3o veio ap\u00f3s Lula afirmar que \u201cn\u00e3o vai se humilhar\u201d telefonando para Trump para negociar o fim da tarifa de 50% sobre produtos brasileiros, imposta pelo governo republicano em julho. O petista disse que s\u00f3 far\u00e1 contato caso tenha ind\u00edcios de que o norte-americano est\u00e1 disposto a conversar, refor\u00e7ando que, por ora, buscar\u00e1 debater o tema no \u00e2mbito do Brics. \u201cNo dia que a minha intui\u00e7\u00e3o me disser que o Trump est\u00e1 disposto a conversar, eu n\u00e3o terei d\u00favida de ligar para ele. Mas, hoje, a minha intui\u00e7\u00e3o diz que ele n\u00e3o quer conversar. E eu n\u00e3o vou me humilhar\u201d, declarou \u00e0 Reuters.<\/p>\n\n\n\n<div class=\"wp-block-image\"><figure class=\"aligncenter size-large is-resized\"><a href=\"https:\/\/www.instagram.com\/restaurantepegoretti\/\"><img loading=\"lazy\" decoding=\"async\" src=\"https:\/\/jornalfatosenoticias.com.br\/wp-content\/uploads\/2023\/12\/pegoretti-logo-pdf-1024x389.jpg\" alt=\"\" class=\"wp-image-47536\" width=\"485\" height=\"184\" srcset=\"https:\/\/jornalfatosenoticias.com.br\/wp-content\/uploads\/2023\/12\/pegoretti-logo-pdf-1024x389.jpg 1024w, https:\/\/jornalfatosenoticias.com.br\/wp-content\/uploads\/2023\/12\/pegoretti-logo-pdf-300x114.jpg 300w, https:\/\/jornalfatosenoticias.com.br\/wp-content\/uploads\/2023\/12\/pegoretti-logo-pdf-768x291.jpg 768w, https:\/\/jornalfatosenoticias.com.br\/wp-content\/uploads\/2023\/12\/pegoretti-logo-pdf.jpg 1120w\" sizes=\"auto, (max-width: 485px) 100vw, 485px\" \/><\/a><\/figure><\/div>\n\n\n\n<p>Miller, que ganhou notoriedade por defender abertamente a aplica\u00e7\u00e3o de san\u00e7\u00f5es ao ministro do STF Alexandre de Moraes, voltou a posicionar-se no cen\u00e1rio pol\u00edtico brasileiro. Ele j\u00e1 havia atacado Moraes em outras ocasi\u00f5es, inclusive publicando, no \u00faltimo dia 3, durante manifesta\u00e7\u00f5es pelo impeachment do magistrado, uma montagem em que o ministro aparecia algemado. <strong>(Fonte: Hora Bras\u00edlia)<\/strong><\/p>\n\n\n\n<div class=\"wp-block-image\"><figure class=\"aligncenter size-large\"><a href=\"https:\/\/www.cesconetto.com.br\/\"><img loading=\"lazy\" decoding=\"async\" width=\"300\" height=\"250\" src=\"https:\/\/jornalfatosenoticias.com.br\/wp-content\/uploads\/2022\/02\/Banner-2.png\" alt=\"\" class=\"wp-image-27877\"\/><\/a><\/figure><\/div>\n\n\n\n<hr class=\"wp-block-separator\"\/>\n\n\n\n<h3 class=\"wp-block-heading\"><span class=\"has-inline-color has-black-color\">STF gastou R$ 1,1 milh\u00e3o em 2023 para manter sala exclusiva para ministros no aeroporto de Bras\u00edlia<\/span><\/h3>\n\n\n\n<div class=\"wp-block-image\"><figure class=\"aligncenter size-large\"><img loading=\"lazy\" decoding=\"async\" width=\"1000\" height=\"666\" src=\"https:\/\/jornalfatosenoticias.com.br\/wp-content\/uploads\/2025\/08\/ministros-stf-gastos-milionarios.jpg\" alt=\"\" class=\"wp-image-61240\" srcset=\"https:\/\/jornalfatosenoticias.com.br\/wp-content\/uploads\/2025\/08\/ministros-stf-gastos-milionarios.jpg 1000w, https:\/\/jornalfatosenoticias.com.br\/wp-content\/uploads\/2025\/08\/ministros-stf-gastos-milionarios-300x200.jpg 300w, https:\/\/jornalfatosenoticias.com.br\/wp-content\/uploads\/2025\/08\/ministros-stf-gastos-milionarios-768x511.jpg 768w\" sizes=\"auto, (max-width: 1000px) 100vw, 1000px\" \/><figcaption><em><span class=\"has-inline-color has-black-color\">(Foto: Fellipe Sampaio\/STF)<\/span><\/em><\/figcaption><\/figure><\/div>\n\n\n\n<p>O Supremo Tribunal Federal (STF) desembolsou ao menos R$ 1,1 milh\u00e3o desde o in\u00edcio de 2023 para manter uma sala exclusiva destinada aos seus ministros no Aeroporto Internacional de Bras\u00edlia. O espa\u00e7o, criado para facilitar o embarque e desembarque de autoridades, existe desde pelo menos 2017.<\/p>\n\n\n\n<div class=\"wp-block-image\"><figure class=\"aligncenter size-large is-resized\"><a href=\"https:\/\/www.instagram.com\/esteio.churrascaria\/\"><img loading=\"lazy\" decoding=\"async\" src=\"https:\/\/jornalfatosenoticias.com.br\/wp-content\/uploads\/2022\/02\/LOGO-ESTEIO-1024x730.png\" alt=\"\" class=\"wp-image-27942\" width=\"319\" height=\"227\" srcset=\"https:\/\/jornalfatosenoticias.com.br\/wp-content\/uploads\/2022\/02\/LOGO-ESTEIO-1024x730.png 1024w, https:\/\/jornalfatosenoticias.com.br\/wp-content\/uploads\/2022\/02\/LOGO-ESTEIO-300x214.png 300w, https:\/\/jornalfatosenoticias.com.br\/wp-content\/uploads\/2022\/02\/LOGO-ESTEIO-768x548.png 768w, https:\/\/jornalfatosenoticias.com.br\/wp-content\/uploads\/2022\/02\/LOGO-ESTEIO.png 1123w\" sizes=\"auto, (max-width: 319px) 100vw, 319px\" \/><\/a><\/figure><\/div>\n\n\n\n<p>A estrutura consiste em uma \u00e1rea separada do fluxo comum de passageiros, permitindo que ministros cheguem e deixem o aeroporto sem precisar circular pelas \u00e1reas p\u00fablicas do terminal. Embora n\u00e3o ofere\u00e7a o mesmo n\u00edvel de conforto de outras salas VIP, o espa\u00e7o garante maior agilidade e seguran\u00e7a na movimenta\u00e7\u00e3o dos 11 integrantes da Corte.<\/p>\n\n\n\n<div class=\"wp-block-image\"><figure class=\"aligncenter size-large is-resized\"><a href=\"https:\/\/www.ithbrasil.com.br\/\"><img loading=\"lazy\" decoding=\"async\" src=\"https:\/\/jornalfatosenoticias.com.br\/wp-content\/uploads\/2023\/08\/ITH.jpeg\" alt=\"\" class=\"wp-image-44638\" width=\"321\" height=\"260\" srcset=\"https:\/\/jornalfatosenoticias.com.br\/wp-content\/uploads\/2023\/08\/ITH.jpeg 800w, https:\/\/jornalfatosenoticias.com.br\/wp-content\/uploads\/2023\/08\/ITH-300x244.jpeg 300w, https:\/\/jornalfatosenoticias.com.br\/wp-content\/uploads\/2023\/08\/ITH-768x624.jpeg 768w\" sizes=\"auto, (max-width: 321px) 100vw, 321px\" \/><\/a><\/figure><\/div>\n\n\n\n<p>O uso da sala n\u00e3o se restringe ao STF. Integrantes de outros tribunais superiores sediados em Bras\u00edlia e governadores de Estado tamb\u00e9m utilizam o local. O custo \u00e9 arcado por meio de uma \u201ccota\u201d paga pelo Supremo, correspondente ao valor do servi\u00e7o contratado. Segundo informa\u00e7\u00f5es obtidas, o objetivo do espa\u00e7o \u00e9 otimizar o deslocamento de autoridades, evitando eventuais transtornos e atrasos em agendas oficiais. <strong>(Fonte: Hora Bras\u00edlia)<\/strong><\/p>\n\n\n\n<div class=\"wp-block-image\"><figure class=\"aligncenter size-large is-resized\"><a href=\"https:\/\/hotelmarquetti.com.br\/\"><img loading=\"lazy\" decoding=\"async\" src=\"https:\/\/jornalfatosenoticias.com.br\/wp-content\/uploads\/2020\/02\/LOGO-MQ-1024x680.jpg\" alt=\"\" class=\"wp-image-58299\" width=\"369\" height=\"245\" srcset=\"https:\/\/jornalfatosenoticias.com.br\/wp-content\/uploads\/2020\/02\/LOGO-MQ-1024x680.jpg 1024w, https:\/\/jornalfatosenoticias.com.br\/wp-content\/uploads\/2020\/02\/LOGO-MQ-300x199.jpg 300w, https:\/\/jornalfatosenoticias.com.br\/wp-content\/uploads\/2020\/02\/LOGO-MQ-768x510.jpg 768w, https:\/\/jornalfatosenoticias.com.br\/wp-content\/uploads\/2020\/02\/LOGO-MQ-1536x1020.jpg 1536w, https:\/\/jornalfatosenoticias.com.br\/wp-content\/uploads\/2020\/02\/LOGO-MQ-2048x1360.jpg 2048w\" sizes=\"auto, (max-width: 369px) 100vw, 369px\" \/><\/a><\/figure><\/div>\n\n\n\n<hr class=\"wp-block-separator\"\/>\n\n\n\n<h3 class=\"wp-block-heading\"><span class=\"has-inline-color has-black-color\">Relat\u00f3rio dos EUA aponta \u201cdecl\u00ednio\u201d dos direitos humanos no Brasil e cita Lula e Moraes<\/span><\/h3>\n\n\n\n<div class=\"wp-block-image\"><figure class=\"aligncenter size-large\"><img loading=\"lazy\" decoding=\"async\" width=\"612\" height=\"408\" src=\"https:\/\/jornalfatosenoticias.com.br\/wp-content\/uploads\/2025\/08\/XANDOCA_TRUMP_gettyimages.jpg\" alt=\"\" class=\"wp-image-61239\" srcset=\"https:\/\/jornalfatosenoticias.com.br\/wp-content\/uploads\/2025\/08\/XANDOCA_TRUMP_gettyimages.jpg 612w, https:\/\/jornalfatosenoticias.com.br\/wp-content\/uploads\/2025\/08\/XANDOCA_TRUMP_gettyimages-300x200.jpg 300w\" sizes=\"auto, (max-width: 612px) 100vw, 612px\" \/><figcaption><em><span class=\"has-inline-color has-black-color\">(Foto: Getty Images)<\/span><\/em><\/figcaption><\/figure><\/div>\n\n\n\n<p><span class=\"has-inline-color has-black-color\">Por <strong>F\u00e1bio Gal\u00e3o<\/strong><br><\/span>O governo dos Estados Unidos divulgou, na ter\u00e7a-feira (12), seu relat\u00f3rio sobre a situa\u00e7\u00e3o de direitos humanos em outros pa\u00edses em 2024, e a parte que avalia o Brasil traz cr\u00edticas ao ministro do Supremo Tribunal Federal (STF) Alexandre de Moraes e a Luiz In\u00e1cio Lula da Silva. O trecho come\u00e7a afirmando que \u201ca situa\u00e7\u00e3o dos direitos humanos no Brasil sofreu decl\u00ednio ao longo do ano\u201d.<\/p>\n\n\n\n<div class=\"wp-block-image\"><figure class=\"aligncenter size-large is-resized\"><a href=\"https:\/\/www.facebook.com\/postobkr\/?locale=pt_BR\"><img loading=\"lazy\" decoding=\"async\" src=\"https:\/\/jornalfatosenoticias.com.br\/wp-content\/uploads\/2023\/08\/BKR-1024x1021.jpg\" alt=\"\" class=\"wp-image-44494\" width=\"292\" height=\"291\" srcset=\"https:\/\/jornalfatosenoticias.com.br\/wp-content\/uploads\/2023\/08\/BKR-1024x1021.jpg 1024w, https:\/\/jornalfatosenoticias.com.br\/wp-content\/uploads\/2023\/08\/BKR-300x300.jpg 300w, https:\/\/jornalfatosenoticias.com.br\/wp-content\/uploads\/2023\/08\/BKR-150x150.jpg 150w, https:\/\/jornalfatosenoticias.com.br\/wp-content\/uploads\/2023\/08\/BKR-768x766.jpg 768w, https:\/\/jornalfatosenoticias.com.br\/wp-content\/uploads\/2023\/08\/BKR.jpg 1080w\" sizes=\"auto, (max-width: 292px) 100vw, 292px\" \/><\/a><\/figure><\/div>\n\n\n\n<p>\u201cOs tribunais tomaram medidas amplas e desproporcionais para minar a liberdade de express\u00e3o e a liberdade na internet, bloqueando o acesso de milh\u00f5es de usu\u00e1rios a informa\u00e7\u00f5es em uma importante plataforma de m\u00eddia social em resposta a um caso de ass\u00e9dio\u201d, afirmou o Departamento de Estado americano no texto. \u201cO governo minou o debate democr\u00e1tico ao restringir o acesso a conte\u00fado on-line considerado como \u2018amea\u00e7a \u00e0 democracia\u2019, suprimindo desproporcionalmente o discurso de apoiadores do ex-presidente Jair Bolsonaro, bem como de jornalistas e pol\u00edticos eleitos, muitas vezes em processos secretos sem as garantias do devido processo legal\u201d, acrescentou a pasta.<\/p>\n\n\n\n<div class=\"wp-block-image\"><figure class=\"aligncenter size-large is-resized\"><a href=\"https:\/\/www.facebook.com\/profile.php?id=100069289606145\"><img loading=\"lazy\" decoding=\"async\" src=\"https:\/\/jornalfatosenoticias.com.br\/wp-content\/uploads\/2024\/11\/Guaitolini-Contabilidade-1024x714.jpeg\" alt=\"\" class=\"wp-image-55808\" width=\"337\" height=\"235\" srcset=\"https:\/\/jornalfatosenoticias.com.br\/wp-content\/uploads\/2024\/11\/Guaitolini-Contabilidade-1024x714.jpeg 1024w, https:\/\/jornalfatosenoticias.com.br\/wp-content\/uploads\/2024\/11\/Guaitolini-Contabilidade-300x209.jpeg 300w, https:\/\/jornalfatosenoticias.com.br\/wp-content\/uploads\/2024\/11\/Guaitolini-Contabilidade-768x535.jpeg 768w, https:\/\/jornalfatosenoticias.com.br\/wp-content\/uploads\/2024\/11\/Guaitolini-Contabilidade.jpeg 1280w\" sizes=\"auto, (max-width: 337px) 100vw, 337px\" \/><\/a><\/figure><\/div>\n\n\n\n<blockquote class=\"wp-block-quote is-layout-flow wp-block-quote-is-layout-flow\"><p><span class=\"has-inline-color has-luminous-vivid-orange-color\">O governo tamb\u00e9m suprimiu discursos politicamente desfavor\u00e1veis, alegando que constitu\u00edam \u2018discurso de \u00f3dio\u2019, um termo vago e desvinculado do direito internacional dos direitos humanos\u201d, disse o Departamento de Estado. No trecho que fala especificamente de censura por entes governamentais, o relat\u00f3rio afirmou que Moraes \u201cordenou pessoalmente a suspens\u00e3o de mais de cem perfis de usu\u00e1rios na plataforma de m\u00eddia social X (antigo Twitter), suprimindo desproporcionalmente o discurso de defensores do ex-presidente Jair Bolsonaro em vez de tomar medidas mais rigorosas para penalizar conte\u00fado que incitasse a\u00e7\u00f5es ilegais iminentes ou ass\u00e9dio\u201d.<\/span><\/p><\/blockquote>\n\n\n\n<div class=\"wp-block-image\"><figure class=\"aligncenter size-large is-resized\"><a href=\"https:\/\/www.legisjuris.com.br\/\"><img loading=\"lazy\" decoding=\"async\" src=\"https:\/\/jornalfatosenoticias.com.br\/wp-content\/uploads\/2024\/09\/Legis-Juris-Consultoria_logo.jpg\" alt=\"\" class=\"wp-image-53915\" width=\"516\" height=\"216\" srcset=\"https:\/\/jornalfatosenoticias.com.br\/wp-content\/uploads\/2024\/09\/Legis-Juris-Consultoria_logo.jpg 969w, https:\/\/jornalfatosenoticias.com.br\/wp-content\/uploads\/2024\/09\/Legis-Juris-Consultoria_logo-300x126.jpg 300w, https:\/\/jornalfatosenoticias.com.br\/wp-content\/uploads\/2024\/09\/Legis-Juris-Consultoria_logo-768x322.jpg 768w\" sizes=\"auto, (max-width: 516px) 100vw, 516px\" \/><\/a><\/figure><\/div>\n\n\n\n<p>Essa parte do relat\u00f3rio menciona o per\u00edodo de 38 dias em que o X ficou bloqueado no Brasil devido a uma decis\u00e3o de Moraes, que alegou recusa da empresa de nomear um representante legal no pa\u00eds. \u201cOutras empresas de m\u00eddia [social] foram sujeitas a ordens semelhantes de remo\u00e7\u00e3o de conte\u00fado. Essa ampla repress\u00e3o bloqueou o acesso dos brasileiros a informa\u00e7\u00f5es e pontos de vista sobre uma s\u00e9rie de quest\u00f5es nacionais e globais\u201d, alegou o Departamento de Estado.<\/p>\n\n\n\n<div class=\"wp-block-image\"><figure class=\"aligncenter size-large is-resized\"><a href=\"https:\/\/www.instagram.com\/esteio.churrascaria\/\"><img loading=\"lazy\" decoding=\"async\" src=\"https:\/\/jornalfatosenoticias.com.br\/wp-content\/uploads\/2022\/02\/LOGO-ESTEIO-1024x730.png\" alt=\"\" class=\"wp-image-27942\" width=\"333\" height=\"237\" srcset=\"https:\/\/jornalfatosenoticias.com.br\/wp-content\/uploads\/2022\/02\/LOGO-ESTEIO-1024x730.png 1024w, https:\/\/jornalfatosenoticias.com.br\/wp-content\/uploads\/2022\/02\/LOGO-ESTEIO-300x214.png 300w, https:\/\/jornalfatosenoticias.com.br\/wp-content\/uploads\/2022\/02\/LOGO-ESTEIO-768x548.png 768w, https:\/\/jornalfatosenoticias.com.br\/wp-content\/uploads\/2022\/02\/LOGO-ESTEIO.png 1123w\" sizes=\"auto, (max-width: 333px) 100vw, 333px\" \/><\/a><\/figure><\/div>\n\n\n\n<p>O relat\u00f3rio tamb\u00e9m abordou outras quest\u00f5es de direitos humanos no Brasil, como relatos de execu\u00e7\u00f5es extrajudiciais e tortura por parte de policiais e casamentos infantis, e no trecho que trata de atos de antissemitismo e incita\u00e7\u00e3o antissemita, o departamento mencionou declara\u00e7\u00f5es de Lula a respeito da guerra entre Israel e o grupo terrorista Hamas na Faixa de Gaza.<\/p>\n\n\n\n<div class=\"wp-block-image\"><figure class=\"aligncenter size-large is-resized\"><a href=\"https:\/\/www.controlsystems.com.br\/\"><img loading=\"lazy\" decoding=\"async\" src=\"https:\/\/jornalfatosenoticias.com.br\/wp-content\/uploads\/2020\/02\/CONTROL-CS.jpg\" alt=\"\" class=\"wp-image-44991\" width=\"261\" height=\"313\" srcset=\"https:\/\/jornalfatosenoticias.com.br\/wp-content\/uploads\/2020\/02\/CONTROL-CS.jpg 834w, https:\/\/jornalfatosenoticias.com.br\/wp-content\/uploads\/2020\/02\/CONTROL-CS-250x300.jpg 250w, https:\/\/jornalfatosenoticias.com.br\/wp-content\/uploads\/2020\/02\/CONTROL-CS-768x921.jpg 768w\" sizes=\"auto, (max-width: 261px) 100vw, 261px\" \/><\/a><\/figure><\/div>\n\n\n\n<p>\u201cAp\u00f3s a resposta militar de Israel em Gaza aos ataques terroristas do Hamas em outubro de 2023, em 18 de fevereiro, Lula da Silva declarou que \u2018o que est\u00e1 acontecendo na Faixa de Gaza\u2026 \u00e9 um genoc\u00eddio\u2019. No discurso, ele comparou o que estava ocorrendo na Palestina com \u2018o momento em que Hitler decidiu matar os judeus\u2019\u201d, disse o Departamento de Estado. A pasta mencionou a resposta da Confedera\u00e7\u00e3o Israelita do Brasil (Conib), \u201cafirmando que o governo havia adotado uma \u2018postura extrema e desequilibrada em rela\u00e7\u00e3o ao tr\u00e1gico conflito no Oriente M\u00e9dio\u2019\u201d.<\/p>\n\n\n\n<div class=\"wp-block-image\"><figure class=\"aligncenter size-large is-resized\"><a href=\"https:\/\/panper.com.br\/\"><img loading=\"lazy\" decoding=\"async\" src=\"https:\/\/jornalfatosenoticias.com.br\/wp-content\/uploads\/2023\/03\/logo-Panper_portal.jpg\" alt=\"\" class=\"wp-image-40208\" width=\"303\" height=\"210\" srcset=\"https:\/\/jornalfatosenoticias.com.br\/wp-content\/uploads\/2023\/03\/logo-Panper_portal.jpg 400w, https:\/\/jornalfatosenoticias.com.br\/wp-content\/uploads\/2023\/03\/logo-Panper_portal-300x208.jpg 300w\" sizes=\"auto, (max-width: 303px) 100vw, 303px\" \/><\/a><\/figure><\/div>\n\n\n\n<p>A Gazeta do Povo solicitou \u00e0 assessoria de imprensa do STF e \u00e0 do Itamaraty um posicionamento sobre as cr\u00edticas do relat\u00f3rio americano, mas n\u00e3o obteve resposta. <strong>(Fonte: Gazeta do Povo)<\/strong><\/p>\n\n\n\n<hr class=\"wp-block-separator\"\/>\n","protected":false},"excerpt":{"rendered":"<p>Em pouco mais de um ano, o n\u00famero de pessoas vivendo nas ruas no Brasil disparou de 160 mil para cerca de 345 mil, de acordo com levantamento do Observat\u00f3rio Brasileiro de Pol\u00edticas com a Popula\u00e7\u00e3o em Situa\u00e7\u00e3o de Rua, da Universidade Federal de Minas Gerais (UFMG). O aumento, superior a 100%, ocorre mesmo ap\u00f3s [&hellip;]<\/p>\n","protected":false},"author":3,"featured_media":61244,"comment_status":"open","ping_status":"open","sticky":false,"template":"","format":"standard","meta":{"footnotes":""},"categories":[10],"tags":[13889,27895,27892,2147,1751,27894,27893,27896,13870,7486,27897,294],"class_list":["post-61238","post","type-post","status-publish","format-standard","has-post-thumbnail","hentry","category-politica","tag-alexandre-de-moraes","tag-cop-30-2","tag-declinio-dos-direitos-humanos-no-brasil","tag-donald-trump","tag-estados-unidos","tag-gastos-de-lula-cop-30","tag-itaipu-binacional","tag-jason-miller","tag-luiz-inacio-lula-da-silva","tag-populacao-em-situacao-de-rua","tag-relatorio-dos-eua","tag-stf"],"yoast_head":"<!-- This site is optimized with the Yoast SEO plugin v26.5 - https:\/\/yoast.com\/wordpress\/plugins\/seo\/ -->\n<title>A Semana no Brasil e no Mundo \u2014 Popula\u00e7\u00e3o em situa\u00e7\u00e3o de rua dobra durante governo Lula - Jornal Fatos e Not\u00edcias<\/title>\n<meta name=\"robots\" content=\"index, follow, max-snippet:-1, max-image-preview:large, max-video-preview:-1\" \/>\n<link rel=\"canonical\" href=\"https:\/\/jornalfatosenoticias.com.br\/index.php\/2025\/08\/14\/a-semana-no-brasil-e-no-mundo-populacao-em-situacao-de-rua-dobra-durante-governo-lula-e-ultrapassa-345-mil-no-brasil-aponta-estudo\/\" \/>\n<meta property=\"og:locale\" content=\"pt_BR\" \/>\n<meta property=\"og:type\" content=\"article\" \/>\n<meta property=\"og:title\" content=\"A Semana no Brasil e no Mundo \u2014 Popula\u00e7\u00e3o em situa\u00e7\u00e3o de rua dobra durante governo Lula - Jornal Fatos e Not\u00edcias\" \/>\n<meta property=\"og:description\" content=\"Em pouco mais de um ano, o n\u00famero de pessoas vivendo nas ruas no Brasil disparou de 160 mil para cerca de 345 mil, de acordo com levantamento do Observat\u00f3rio Brasileiro de Pol\u00edticas com a Popula\u00e7\u00e3o em Situa\u00e7\u00e3o de Rua, da Universidade Federal de Minas Gerais (UFMG). O aumento, superior a 100%, ocorre mesmo ap\u00f3s [&hellip;]\" \/>\n<meta property=\"og:url\" content=\"https:\/\/jornalfatosenoticias.com.br\/index.php\/2025\/08\/14\/a-semana-no-brasil-e-no-mundo-populacao-em-situacao-de-rua-dobra-durante-governo-lula-e-ultrapassa-345-mil-no-brasil-aponta-estudo\/\" \/>\n<meta property=\"og:site_name\" content=\"Jornal Fatos e Not\u00edcias\" \/>\n<meta property=\"article:published_time\" content=\"2025-08-14T17:15:32+00:00\" \/>\n<meta property=\"article:modified_time\" content=\"2025-08-14T17:16:04+00:00\" \/>\n<meta property=\"og:image\" content=\"https:\/\/jornalfatosenoticias.com.br\/wp-content\/uploads\/2025\/08\/Populacao-em-situacao-de-rua-dobra-durante-governo-Lula.jpg\" \/>\n\t<meta property=\"og:image:width\" content=\"1000\" \/>\n\t<meta property=\"og:image:height\" content=\"598\" \/>\n\t<meta property=\"og:image:type\" content=\"image\/jpeg\" \/>\n<meta name=\"author\" content=\"Haroldo Filho\" \/>\n<meta name=\"twitter:card\" content=\"summary_large_image\" \/>\n<meta name=\"twitter:label1\" content=\"Escrito por\" \/>\n\t<meta name=\"twitter:data1\" content=\"Haroldo Filho\" \/>\n\t<meta name=\"twitter:label2\" content=\"Est. tempo de leitura\" \/>\n\t<meta name=\"twitter:data2\" content=\"10 minutos\" \/>\n<script type=\"application\/ld+json\" class=\"yoast-schema-graph\">{\"@context\":\"https:\/\/schema.org\",\"@graph\":[{\"@type\":\"Article\",\"@id\":\"https:\/\/jornalfatosenoticias.com.br\/index.php\/2025\/08\/14\/a-semana-no-brasil-e-no-mundo-populacao-em-situacao-de-rua-dobra-durante-governo-lula-e-ultrapassa-345-mil-no-brasil-aponta-estudo\/#article\",\"isPartOf\":{\"@id\":\"https:\/\/jornalfatosenoticias.com.br\/index.php\/2025\/08\/14\/a-semana-no-brasil-e-no-mundo-populacao-em-situacao-de-rua-dobra-durante-governo-lula-e-ultrapassa-345-mil-no-brasil-aponta-estudo\/\"},\"author\":{\"name\":\"Haroldo Filho\",\"@id\":\"https:\/\/jornalfatosenoticias.com.br\/#\/schema\/person\/05c46cc25b42a5c27e004fb0fa6b4965\"},\"headline\":\"A Semana no Brasil e no Mundo \u2014 Popula\u00e7\u00e3o em situa\u00e7\u00e3o de rua dobra durante governo Lula\",\"datePublished\":\"2025-08-14T17:15:32+00:00\",\"dateModified\":\"2025-08-14T17:16:04+00:00\",\"mainEntityOfPage\":{\"@id\":\"https:\/\/jornalfatosenoticias.com.br\/index.php\/2025\/08\/14\/a-semana-no-brasil-e-no-mundo-populacao-em-situacao-de-rua-dobra-durante-governo-lula-e-ultrapassa-345-mil-no-brasil-aponta-estudo\/\"},\"wordCount\":1998,\"commentCount\":0,\"publisher\":{\"@id\":\"https:\/\/jornalfatosenoticias.com.br\/#organization\"},\"image\":{\"@id\":\"https:\/\/jornalfatosenoticias.com.br\/index.php\/2025\/08\/14\/a-semana-no-brasil-e-no-mundo-populacao-em-situacao-de-rua-dobra-durante-governo-lula-e-ultrapassa-345-mil-no-brasil-aponta-estudo\/#primaryimage\"},\"thumbnailUrl\":\"https:\/\/jornalfatosenoticias.com.br\/wp-content\/uploads\/2025\/08\/Populacao-em-situacao-de-rua-dobra-durante-governo-Lula.jpg\",\"keywords\":[\"Alexandre de Moraes\",\"COP 30\",\"decl\u00ednio dos direitos humanos no Brasil\",\"Donald Trump\",\"Estados Unidos\",\"gastos de Lula COP 30\",\"Itaipu Binacional\",\"Jason Miller\",\"Luiz In\u00e1cio Lula da Silva\",\"popula\u00e7\u00e3o em situa\u00e7\u00e3o de rua\",\"relat\u00f3rio dos EUA\",\"STF\"],\"articleSection\":[\"Pol\u00edtica\"],\"inLanguage\":\"pt-BR\",\"potentialAction\":[{\"@type\":\"CommentAction\",\"name\":\"Comment\",\"target\":[\"https:\/\/jornalfatosenoticias.com.br\/index.php\/2025\/08\/14\/a-semana-no-brasil-e-no-mundo-populacao-em-situacao-de-rua-dobra-durante-governo-lula-e-ultrapassa-345-mil-no-brasil-aponta-estudo\/#respond\"]}]},{\"@type\":\"WebPage\",\"@id\":\"https:\/\/jornalfatosenoticias.com.br\/index.php\/2025\/08\/14\/a-semana-no-brasil-e-no-mundo-populacao-em-situacao-de-rua-dobra-durante-governo-lula-e-ultrapassa-345-mil-no-brasil-aponta-estudo\/\",\"url\":\"https:\/\/jornalfatosenoticias.com.br\/index.php\/2025\/08\/14\/a-semana-no-brasil-e-no-mundo-populacao-em-situacao-de-rua-dobra-durante-governo-lula-e-ultrapassa-345-mil-no-brasil-aponta-estudo\/\",\"name\":\"A Semana no Brasil e no Mundo \u2014 Popula\u00e7\u00e3o em situa\u00e7\u00e3o de rua dobra durante governo Lula - Jornal Fatos e Not\u00edcias\",\"isPartOf\":{\"@id\":\"https:\/\/jornalfatosenoticias.com.br\/#website\"},\"primaryImageOfPage\":{\"@id\":\"https:\/\/jornalfatosenoticias.com.br\/index.php\/2025\/08\/14\/a-semana-no-brasil-e-no-mundo-populacao-em-situacao-de-rua-dobra-durante-governo-lula-e-ultrapassa-345-mil-no-brasil-aponta-estudo\/#primaryimage\"},\"image\":{\"@id\":\"https:\/\/jornalfatosenoticias.com.br\/index.php\/2025\/08\/14\/a-semana-no-brasil-e-no-mundo-populacao-em-situacao-de-rua-dobra-durante-governo-lula-e-ultrapassa-345-mil-no-brasil-aponta-estudo\/#primaryimage\"},\"thumbnailUrl\":\"https:\/\/jornalfatosenoticias.com.br\/wp-content\/uploads\/2025\/08\/Populacao-em-situacao-de-rua-dobra-durante-governo-Lula.jpg\",\"datePublished\":\"2025-08-14T17:15:32+00:00\",\"dateModified\":\"2025-08-14T17:16:04+00:00\",\"breadcrumb\":{\"@id\":\"https:\/\/jornalfatosenoticias.com.br\/index.php\/2025\/08\/14\/a-semana-no-brasil-e-no-mundo-populacao-em-situacao-de-rua-dobra-durante-governo-lula-e-ultrapassa-345-mil-no-brasil-aponta-estudo\/#breadcrumb\"},\"inLanguage\":\"pt-BR\",\"potentialAction\":[{\"@type\":\"ReadAction\",\"target\":[\"https:\/\/jornalfatosenoticias.com.br\/index.php\/2025\/08\/14\/a-semana-no-brasil-e-no-mundo-populacao-em-situacao-de-rua-dobra-durante-governo-lula-e-ultrapassa-345-mil-no-brasil-aponta-estudo\/\"]}]},{\"@type\":\"ImageObject\",\"inLanguage\":\"pt-BR\",\"@id\":\"https:\/\/jornalfatosenoticias.com.br\/index.php\/2025\/08\/14\/a-semana-no-brasil-e-no-mundo-populacao-em-situacao-de-rua-dobra-durante-governo-lula-e-ultrapassa-345-mil-no-brasil-aponta-estudo\/#primaryimage\",\"url\":\"https:\/\/jornalfatosenoticias.com.br\/wp-content\/uploads\/2025\/08\/Populacao-em-situacao-de-rua-dobra-durante-governo-Lula.jpg\",\"contentUrl\":\"https:\/\/jornalfatosenoticias.com.br\/wp-content\/uploads\/2025\/08\/Populacao-em-situacao-de-rua-dobra-durante-governo-Lula.jpg\",\"width\":1000,\"height\":598},{\"@type\":\"BreadcrumbList\",\"@id\":\"https:\/\/jornalfatosenoticias.com.br\/index.php\/2025\/08\/14\/a-semana-no-brasil-e-no-mundo-populacao-em-situacao-de-rua-dobra-durante-governo-lula-e-ultrapassa-345-mil-no-brasil-aponta-estudo\/#breadcrumb\",\"itemListElement\":[{\"@type\":\"ListItem\",\"position\":1,\"name\":\"In\u00edcio\",\"item\":\"https:\/\/jornalfatosenoticias.com.br\/\"},{\"@type\":\"ListItem\",\"position\":2,\"name\":\"A Semana no Brasil e no Mundo \u2014 Popula\u00e7\u00e3o em situa\u00e7\u00e3o de rua dobra durante governo Lula\"}]},{\"@type\":\"WebSite\",\"@id\":\"https:\/\/jornalfatosenoticias.com.br\/#website\",\"url\":\"https:\/\/jornalfatosenoticias.com.br\/\",\"name\":\"Jornal Fatos e Not\u00edcias\",\"description\":\"Not\u00edcias em geral\",\"publisher\":{\"@id\":\"https:\/\/jornalfatosenoticias.com.br\/#organization\"},\"potentialAction\":[{\"@type\":\"SearchAction\",\"target\":{\"@type\":\"EntryPoint\",\"urlTemplate\":\"https:\/\/jornalfatosenoticias.com.br\/?s={search_term_string}\"},\"query-input\":{\"@type\":\"PropertyValueSpecification\",\"valueRequired\":true,\"valueName\":\"search_term_string\"}}],\"inLanguage\":\"pt-BR\"},{\"@type\":\"Organization\",\"@id\":\"https:\/\/jornalfatosenoticias.com.br\/#organization\",\"name\":\"Jornal Fatos e Not\u00edcias\",\"url\":\"https:\/\/jornalfatosenoticias.com.br\/\",\"logo\":{\"@type\":\"ImageObject\",\"inLanguage\":\"pt-BR\",\"@id\":\"https:\/\/jornalfatosenoticias.com.br\/#\/schema\/logo\/image\/\",\"url\":\"https:\/\/jornalfatosenoticias.com.br\/wp-content\/uploads\/2020\/02\/logo120.png\",\"contentUrl\":\"https:\/\/jornalfatosenoticias.com.br\/wp-content\/uploads\/2020\/02\/logo120.png\",\"width\":1227,\"height\":120,\"caption\":\"Jornal Fatos e Not\u00edcias\"},\"image\":{\"@id\":\"https:\/\/jornalfatosenoticias.com.br\/#\/schema\/logo\/image\/\"}},{\"@type\":\"Person\",\"@id\":\"https:\/\/jornalfatosenoticias.com.br\/#\/schema\/person\/05c46cc25b42a5c27e004fb0fa6b4965\",\"name\":\"Haroldo Filho\",\"image\":{\"@type\":\"ImageObject\",\"inLanguage\":\"pt-BR\",\"@id\":\"https:\/\/jornalfatosenoticias.com.br\/#\/schema\/person\/image\/\",\"url\":\"https:\/\/jornalfatosenoticias.com.br\/wp-content\/uploads\/2025\/08\/WhatsApp-Image-2025-08-18-at-15.30.28-150x150.jpeg\",\"contentUrl\":\"https:\/\/jornalfatosenoticias.com.br\/wp-content\/uploads\/2025\/08\/WhatsApp-Image-2025-08-18-at-15.30.28-150x150.jpeg\",\"caption\":\"Haroldo Filho\"},\"description\":\"Jornalista \u2013 DRT: 0003818\/ES Coordenador-geral da ONG Educar para Crescer\",\"url\":\"https:\/\/jornalfatosenoticias.com.br\/index.php\/author\/haroldo\/\"}]}<\/script>\n<!-- \/ Yoast SEO plugin. -->","yoast_head_json":{"title":"A Semana no Brasil e no Mundo \u2014 Popula\u00e7\u00e3o em situa\u00e7\u00e3o de rua dobra durante governo Lula - Jornal Fatos e Not\u00edcias","robots":{"index":"index","follow":"follow","max-snippet":"max-snippet:-1","max-image-preview":"max-image-preview:large","max-video-preview":"max-video-preview:-1"},"canonical":"https:\/\/jornalfatosenoticias.com.br\/index.php\/2025\/08\/14\/a-semana-no-brasil-e-no-mundo-populacao-em-situacao-de-rua-dobra-durante-governo-lula-e-ultrapassa-345-mil-no-brasil-aponta-estudo\/","og_locale":"pt_BR","og_type":"article","og_title":"A Semana no Brasil e no Mundo \u2014 Popula\u00e7\u00e3o em situa\u00e7\u00e3o de rua dobra durante governo Lula - Jornal Fatos e Not\u00edcias","og_description":"Em pouco mais de um ano, o n\u00famero de pessoas vivendo nas ruas no Brasil disparou de 160 mil para cerca de 345 mil, de acordo com levantamento do Observat\u00f3rio Brasileiro de Pol\u00edticas com a Popula\u00e7\u00e3o em Situa\u00e7\u00e3o de Rua, da Universidade Federal de Minas Gerais (UFMG). O aumento, superior a 100%, ocorre mesmo ap\u00f3s [&hellip;]","og_url":"https:\/\/jornalfatosenoticias.com.br\/index.php\/2025\/08\/14\/a-semana-no-brasil-e-no-mundo-populacao-em-situacao-de-rua-dobra-durante-governo-lula-e-ultrapassa-345-mil-no-brasil-aponta-estudo\/","og_site_name":"Jornal Fatos e Not\u00edcias","article_published_time":"2025-08-14T17:15:32+00:00","article_modified_time":"2025-08-14T17:16:04+00:00","og_image":[{"width":1000,"height":598,"url":"https:\/\/jornalfatosenoticias.com.br\/wp-content\/uploads\/2025\/08\/Populacao-em-situacao-de-rua-dobra-durante-governo-Lula.jpg","type":"image\/jpeg"}],"author":"Haroldo Filho","twitter_card":"summary_large_image","twitter_misc":{"Escrito por":"Haroldo Filho","Est. tempo de leitura":"10 minutos"},"schema":{"@context":"https:\/\/schema.org","@graph":[{"@type":"Article","@id":"https:\/\/jornalfatosenoticias.com.br\/index.php\/2025\/08\/14\/a-semana-no-brasil-e-no-mundo-populacao-em-situacao-de-rua-dobra-durante-governo-lula-e-ultrapassa-345-mil-no-brasil-aponta-estudo\/#article","isPartOf":{"@id":"https:\/\/jornalfatosenoticias.com.br\/index.php\/2025\/08\/14\/a-semana-no-brasil-e-no-mundo-populacao-em-situacao-de-rua-dobra-durante-governo-lula-e-ultrapassa-345-mil-no-brasil-aponta-estudo\/"},"author":{"name":"Haroldo Filho","@id":"https:\/\/jornalfatosenoticias.com.br\/#\/schema\/person\/05c46cc25b42a5c27e004fb0fa6b4965"},"headline":"A Semana no Brasil e no Mundo \u2014 Popula\u00e7\u00e3o em situa\u00e7\u00e3o de rua dobra durante governo Lula","datePublished":"2025-08-14T17:15:32+00:00","dateModified":"2025-08-14T17:16:04+00:00","mainEntityOfPage":{"@id":"https:\/\/jornalfatosenoticias.com.br\/index.php\/2025\/08\/14\/a-semana-no-brasil-e-no-mundo-populacao-em-situacao-de-rua-dobra-durante-governo-lula-e-ultrapassa-345-mil-no-brasil-aponta-estudo\/"},"wordCount":1998,"commentCount":0,"publisher":{"@id":"https:\/\/jornalfatosenoticias.com.br\/#organization"},"image":{"@id":"https:\/\/jornalfatosenoticias.com.br\/index.php\/2025\/08\/14\/a-semana-no-brasil-e-no-mundo-populacao-em-situacao-de-rua-dobra-durante-governo-lula-e-ultrapassa-345-mil-no-brasil-aponta-estudo\/#primaryimage"},"thumbnailUrl":"https:\/\/jornalfatosenoticias.com.br\/wp-content\/uploads\/2025\/08\/Populacao-em-situacao-de-rua-dobra-durante-governo-Lula.jpg","keywords":["Alexandre de Moraes","COP 30","decl\u00ednio dos direitos humanos no Brasil","Donald Trump","Estados Unidos","gastos de Lula COP 30","Itaipu Binacional","Jason Miller","Luiz In\u00e1cio Lula da Silva","popula\u00e7\u00e3o em situa\u00e7\u00e3o de rua","relat\u00f3rio dos EUA","STF"],"articleSection":["Pol\u00edtica"],"inLanguage":"pt-BR","potentialAction":[{"@type":"CommentAction","name":"Comment","target":["https:\/\/jornalfatosenoticias.com.br\/index.php\/2025\/08\/14\/a-semana-no-brasil-e-no-mundo-populacao-em-situacao-de-rua-dobra-durante-governo-lula-e-ultrapassa-345-mil-no-brasil-aponta-estudo\/#respond"]}]},{"@type":"WebPage","@id":"https:\/\/jornalfatosenoticias.com.br\/index.php\/2025\/08\/14\/a-semana-no-brasil-e-no-mundo-populacao-em-situacao-de-rua-dobra-durante-governo-lula-e-ultrapassa-345-mil-no-brasil-aponta-estudo\/","url":"https:\/\/jornalfatosenoticias.com.br\/index.php\/2025\/08\/14\/a-semana-no-brasil-e-no-mundo-populacao-em-situacao-de-rua-dobra-durante-governo-lula-e-ultrapassa-345-mil-no-brasil-aponta-estudo\/","name":"A Semana no Brasil e no Mundo \u2014 Popula\u00e7\u00e3o em situa\u00e7\u00e3o de rua dobra durante governo Lula - Jornal Fatos e Not\u00edcias","isPartOf":{"@id":"https:\/\/jornalfatosenoticias.com.br\/#website"},"primaryImageOfPage":{"@id":"https:\/\/jornalfatosenoticias.com.br\/index.php\/2025\/08\/14\/a-semana-no-brasil-e-no-mundo-populacao-em-situacao-de-rua-dobra-durante-governo-lula-e-ultrapassa-345-mil-no-brasil-aponta-estudo\/#primaryimage"},"image":{"@id":"https:\/\/jornalfatosenoticias.com.br\/index.php\/2025\/08\/14\/a-semana-no-brasil-e-no-mundo-populacao-em-situacao-de-rua-dobra-durante-governo-lula-e-ultrapassa-345-mil-no-brasil-aponta-estudo\/#primaryimage"},"thumbnailUrl":"https:\/\/jornalfatosenoticias.com.br\/wp-content\/uploads\/2025\/08\/Populacao-em-situacao-de-rua-dobra-durante-governo-Lula.jpg","datePublished":"2025-08-14T17:15:32+00:00","dateModified":"2025-08-14T17:16:04+00:00","breadcrumb":{"@id":"https:\/\/jornalfatosenoticias.com.br\/index.php\/2025\/08\/14\/a-semana-no-brasil-e-no-mundo-populacao-em-situacao-de-rua-dobra-durante-governo-lula-e-ultrapassa-345-mil-no-brasil-aponta-estudo\/#breadcrumb"},"inLanguage":"pt-BR","potentialAction":[{"@type":"ReadAction","target":["https:\/\/jornalfatosenoticias.com.br\/index.php\/2025\/08\/14\/a-semana-no-brasil-e-no-mundo-populacao-em-situacao-de-rua-dobra-durante-governo-lula-e-ultrapassa-345-mil-no-brasil-aponta-estudo\/"]}]},{"@type":"ImageObject","inLanguage":"pt-BR","@id":"https:\/\/jornalfatosenoticias.com.br\/index.php\/2025\/08\/14\/a-semana-no-brasil-e-no-mundo-populacao-em-situacao-de-rua-dobra-durante-governo-lula-e-ultrapassa-345-mil-no-brasil-aponta-estudo\/#primaryimage","url":"https:\/\/jornalfatosenoticias.com.br\/wp-content\/uploads\/2025\/08\/Populacao-em-situacao-de-rua-dobra-durante-governo-Lula.jpg","contentUrl":"https:\/\/jornalfatosenoticias.com.br\/wp-content\/uploads\/2025\/08\/Populacao-em-situacao-de-rua-dobra-durante-governo-Lula.jpg","width":1000,"height":598},{"@type":"BreadcrumbList","@id":"https:\/\/jornalfatosenoticias.com.br\/index.php\/2025\/08\/14\/a-semana-no-brasil-e-no-mundo-populacao-em-situacao-de-rua-dobra-durante-governo-lula-e-ultrapassa-345-mil-no-brasil-aponta-estudo\/#breadcrumb","itemListElement":[{"@type":"ListItem","position":1,"name":"In\u00edcio","item":"https:\/\/jornalfatosenoticias.com.br\/"},{"@type":"ListItem","position":2,"name":"A Semana no Brasil e no Mundo \u2014 Popula\u00e7\u00e3o em situa\u00e7\u00e3o de rua dobra durante governo Lula"}]},{"@type":"WebSite","@id":"https:\/\/jornalfatosenoticias.com.br\/#website","url":"https:\/\/jornalfatosenoticias.com.br\/","name":"Jornal Fatos e Not\u00edcias","description":"Not\u00edcias em geral","publisher":{"@id":"https:\/\/jornalfatosenoticias.com.br\/#organization"},"potentialAction":[{"@type":"SearchAction","target":{"@type":"EntryPoint","urlTemplate":"https:\/\/jornalfatosenoticias.com.br\/?s={search_term_string}"},"query-input":{"@type":"PropertyValueSpecification","valueRequired":true,"valueName":"search_term_string"}}],"inLanguage":"pt-BR"},{"@type":"Organization","@id":"https:\/\/jornalfatosenoticias.com.br\/#organization","name":"Jornal Fatos e Not\u00edcias","url":"https:\/\/jornalfatosenoticias.com.br\/","logo":{"@type":"ImageObject","inLanguage":"pt-BR","@id":"https:\/\/jornalfatosenoticias.com.br\/#\/schema\/logo\/image\/","url":"https:\/\/jornalfatosenoticias.com.br\/wp-content\/uploads\/2020\/02\/logo120.png","contentUrl":"https:\/\/jornalfatosenoticias.com.br\/wp-content\/uploads\/2020\/02\/logo120.png","width":1227,"height":120,"caption":"Jornal Fatos e Not\u00edcias"},"image":{"@id":"https:\/\/jornalfatosenoticias.com.br\/#\/schema\/logo\/image\/"}},{"@type":"Person","@id":"https:\/\/jornalfatosenoticias.com.br\/#\/schema\/person\/05c46cc25b42a5c27e004fb0fa6b4965","name":"Haroldo Filho","image":{"@type":"ImageObject","inLanguage":"pt-BR","@id":"https:\/\/jornalfatosenoticias.com.br\/#\/schema\/person\/image\/","url":"https:\/\/jornalfatosenoticias.com.br\/wp-content\/uploads\/2025\/08\/WhatsApp-Image-2025-08-18-at-15.30.28-150x150.jpeg","contentUrl":"https:\/\/jornalfatosenoticias.com.br\/wp-content\/uploads\/2025\/08\/WhatsApp-Image-2025-08-18-at-15.30.28-150x150.jpeg","caption":"Haroldo Filho"},"description":"Jornalista \u2013 DRT: 0003818\/ES Coordenador-geral da ONG Educar para Crescer","url":"https:\/\/jornalfatosenoticias.com.br\/index.php\/author\/haroldo\/"}]}},"cc_featured_image_caption":{"caption_text":"(Foto: Jos\u00e9 Cruz\/Ag\u00eancia Brasil) ","source_text":"","source_url":""},"jetpack_featured_media_url":"https:\/\/jornalfatosenoticias.com.br\/wp-content\/uploads\/2025\/08\/Populacao-em-situacao-de-rua-dobra-durante-governo-Lula.jpg","_links":{"self":[{"href":"https:\/\/jornalfatosenoticias.com.br\/index.php\/wp-json\/wp\/v2\/posts\/61238","targetHints":{"allow":["GET"]}}],"collection":[{"href":"https:\/\/jornalfatosenoticias.com.br\/index.php\/wp-json\/wp\/v2\/posts"}],"about":[{"href":"https:\/\/jornalfatosenoticias.com.br\/index.php\/wp-json\/wp\/v2\/types\/post"}],"author":[{"embeddable":true,"href":"https:\/\/jornalfatosenoticias.com.br\/index.php\/wp-json\/wp\/v2\/users\/3"}],"replies":[{"embeddable":true,"href":"https:\/\/jornalfatosenoticias.com.br\/index.php\/wp-json\/wp\/v2\/comments?post=61238"}],"version-history":[{"count":0,"href":"https:\/\/jornalfatosenoticias.com.br\/index.php\/wp-json\/wp\/v2\/posts\/61238\/revisions"}],"wp:featuredmedia":[{"embeddable":true,"href":"https:\/\/jornalfatosenoticias.com.br\/index.php\/wp-json\/wp\/v2\/media\/61244"}],"wp:attachment":[{"href":"https:\/\/jornalfatosenoticias.com.br\/index.php\/wp-json\/wp\/v2\/media?parent=61238"}],"wp:term":[{"taxonomy":"category","embeddable":true,"href":"https:\/\/jornalfatosenoticias.com.br\/index.php\/wp-json\/wp\/v2\/categories?post=61238"},{"taxonomy":"post_tag","embeddable":true,"href":"https:\/\/jornalfatosenoticias.com.br\/index.php\/wp-json\/wp\/v2\/tags?post=61238"}],"curies":[{"name":"wp","href":"https:\/\/api.w.org\/{rel}","templated":true}]}}