{"id":61251,"date":"2025-08-14T14:44:35","date_gmt":"2025-08-14T17:44:35","guid":{"rendered":"https:\/\/jornalfatosenoticias.com.br\/?p=61251"},"modified":"2025-08-14T14:44:37","modified_gmt":"2025-08-14T17:44:37","slug":"a-crianca-a-sociedade-a-justica-parte-ii","status":"publish","type":"post","link":"https:\/\/jornalfatosenoticias.com.br\/index.php\/2025\/08\/14\/a-crianca-a-sociedade-a-justica-parte-ii\/","title":{"rendered":"A Crian\u00e7a, a Sociedade, a Justi\u00e7a \u2014 Parte II"},"content":{"rendered":"\n<p><span class=\"has-inline-color has-black-color\"><em>Distorcendo conceitos das Ci\u00eancias Humanas, predadores se aproveitam de confus\u00e3o sem\u00e2ntica que instalam e espalham equ\u00edvocos em incr\u00edveis montagens falsas<\/em><\/span><\/p>\n\n\n\n<div class=\"wp-block-image\"><figure class=\"aligncenter size-large\"><a href=\"https:\/\/mizu.com.br\/\"><img loading=\"lazy\" decoding=\"async\" width=\"729\" height=\"90\" src=\"https:\/\/jornalfatosenoticias.com.br\/wp-content\/uploads\/2020\/02\/Logo_Mizu.png\" alt=\"\" class=\"wp-image-1441\" srcset=\"https:\/\/jornalfatosenoticias.com.br\/wp-content\/uploads\/2020\/02\/Logo_Mizu.png 729w, https:\/\/jornalfatosenoticias.com.br\/wp-content\/uploads\/2020\/02\/Logo_Mizu-300x37.png 300w\" sizes=\"auto, (max-width: 729px) 100vw, 729px\" \/><\/a><\/figure><\/div>\n\n\n\n<p>A estupidez social pela cegueira generalizada que rege a prote\u00e7\u00e3o aos predadores \u00e9 uma esp\u00e9cie de voz de permanentes colonizadores. A incapacidade de construir um pensamento l\u00f3gico que \u00e9 substitu\u00eddo por uma arrog\u00e2ncia embebida em subst\u00e2ncia \u00e1cida de superioridade absoluta com que um predador e seus defensores olham para os vulner\u00e1veis, demonstra essa postura de onipot\u00eancia que massacra quem discorda do que vendem como sendo \u201cverdades dogm\u00e1ticas\u201d. Distorcendo conceitos das Ci\u00eancias Humanas, predadores se aproveitam de confus\u00e3o sem\u00e2ntica que instalam e espalham equ\u00edvocos em incr\u00edveis montagens falsas.<\/p>\n\n\n\n<div class=\"wp-block-image\"><figure class=\"aligncenter size-large is-resized\"><a href=\"https:\/\/www.facebook.com\/postobkr\/?locale=pt_BR\"><img loading=\"lazy\" decoding=\"async\" src=\"https:\/\/jornalfatosenoticias.com.br\/wp-content\/uploads\/2023\/08\/BKR-1024x1021.jpg\" alt=\"\" class=\"wp-image-44494\" width=\"304\" height=\"303\" srcset=\"https:\/\/jornalfatosenoticias.com.br\/wp-content\/uploads\/2023\/08\/BKR-1024x1021.jpg 1024w, https:\/\/jornalfatosenoticias.com.br\/wp-content\/uploads\/2023\/08\/BKR-300x300.jpg 300w, https:\/\/jornalfatosenoticias.com.br\/wp-content\/uploads\/2023\/08\/BKR-150x150.jpg 150w, https:\/\/jornalfatosenoticias.com.br\/wp-content\/uploads\/2023\/08\/BKR-768x766.jpg 768w, https:\/\/jornalfatosenoticias.com.br\/wp-content\/uploads\/2023\/08\/BKR.jpg 1080w\" sizes=\"auto, (max-width: 304px) 100vw, 304px\" \/><\/a><\/figure><\/div>\n\n\n\n<p>A desembargadora, em seu cap\u00edtulo \u201cIncesto e o Mito da Fam\u00edlia Feliz\u201d, uma alus\u00e3o \u00e0 \u201cfam\u00edlia margarina\u201d retratada em publicidade num caf\u00e9 da manh\u00e3 de s\u00e1bado, toda alegria e felicidade em torno de uma margarina, \u00e0 p\u00e1gina 171 de seu livro \u201cIncesto e Aliena\u00e7\u00e3o Parental \u2014 Realidades que a Justi\u00e7a insiste em n\u00e3o ver\u201d, escreveu, em subt\u00edtulo \u201cA omiss\u00e3o do Estado\u201d: <em><strong><span class=\"has-inline-color has-black-color\">\u201cexiste um profundo interesse do Estado na preserva\u00e7\u00e3o do n\u00facleo familiar, que o leva a se omitir. Na hora em que \u00e9 chamado a interceder, para garantir a preserva\u00e7\u00e3o da integridade f\u00edsica e ps\u00edquica de seus membros, sua postura \u00e9 n\u00e3o intervencionista. A preocupa\u00e7\u00e3o maior \u00e9 com a manuten\u00e7\u00e3o da fam\u00edlia. A Justi\u00e7a, como disp\u00f5e de respaldo legal tenta transa\u00e7\u00f5es e for\u00e7a concilia\u00e7\u00f5es, pois a tend\u00eancia \u00e9 culpar a v\u00edtima\u201d.<\/span><\/strong><\/em><\/p>\n\n\n\n<div class=\"wp-block-image\"><figure class=\"aligncenter size-large is-resized\"><a href=\"https:\/\/www.instagram.com\/rcradiadores\/\"><img loading=\"lazy\" decoding=\"async\" src=\"https:\/\/jornalfatosenoticias.com.br\/wp-content\/uploads\/2022\/10\/RC_800x750_page-0001.jpg\" alt=\"\" class=\"wp-image-35338\" width=\"330\" height=\"310\" srcset=\"https:\/\/jornalfatosenoticias.com.br\/wp-content\/uploads\/2022\/10\/RC_800x750_page-0001.jpg 400w, https:\/\/jornalfatosenoticias.com.br\/wp-content\/uploads\/2022\/10\/RC_800x750_page-0001-300x281.jpg 300w\" sizes=\"auto, (max-width: 330px) 100vw, 330px\" \/><\/a><\/figure><\/div>\n\n\n\n<p>Na mesma obra, a desembargadora escreve: <em><strong><span class=\"has-inline-color has-black-color\">\u201ch\u00e1 uma enorme dificuldade em emprestar credibilidade \u00e0 palavra da v\u00edtima. Quando \u00e9 crian\u00e7a, costuma achar que ela usa da imagina\u00e7\u00e3o ou que foi induzida a mentir. Quando \u00e9 adolescente, acredita que provocou o abusador, seduziu-o, insinuou-se a ele. A v\u00edtima \u00e9 inquirida se sentiu prazer, como se esse fato tivesse alguma relev\u00e2ncia para a configura\u00e7\u00e3o do delito. Com isso, a responsabilidade pelo crime passa a ser atribu\u00edda a ela, e n\u00e3o ao r\u00e9u. Justifica-se, assim, sua pr\u00e1tica\u201d<\/span><\/strong><\/em>. Ela ainda acrescenta: <em><strong><span class=\"has-inline-color has-black-color\">\u201ca Justi\u00e7a acaba sendo conivente com o infrator, culpabilizando a v\u00edtima\u201d<\/span><\/strong><\/em> (idem, p\u00e1g.176).<\/p>\n\n\n\n<div class=\"wp-block-image\"><figure class=\"aligncenter size-large\"><img loading=\"lazy\" decoding=\"async\" width=\"1000\" height=\"666\" src=\"https:\/\/jornalfatosenoticias.com.br\/wp-content\/uploads\/2025\/08\/mae-e-crianca-justica_istock.jpg\" alt=\"\" class=\"wp-image-61253\" srcset=\"https:\/\/jornalfatosenoticias.com.br\/wp-content\/uploads\/2025\/08\/mae-e-crianca-justica_istock.jpg 1000w, https:\/\/jornalfatosenoticias.com.br\/wp-content\/uploads\/2025\/08\/mae-e-crianca-justica_istock-300x200.jpg 300w, https:\/\/jornalfatosenoticias.com.br\/wp-content\/uploads\/2025\/08\/mae-e-crianca-justica_istock-768x511.jpg 768w\" sizes=\"auto, (max-width: 1000px) 100vw, 1000px\" \/><figcaption><em><span class=\"has-inline-color has-black-color\">(Foto: iStock)<\/span><\/em><\/figcaption><\/figure><\/div>\n\n\n\n<p>Descredibilizar a voz da crian\u00e7a e patologizar a m\u00e3e com diagn\u00f3sticos psiqui\u00e1tricos sem fundamenta\u00e7\u00e3o comprobat\u00f3ria, muitas vezes em \u201cLaudos Psicol\u00f3gicos\u201d, s\u00e3o de praxe. S\u00e3o indicados os mesmos profissionais, ditos de \u201cconfian\u00e7a\u2019 do juiz, para realizar esses Estudos Psicossociais, repetidos, com a desculpa de que \u00e9 para ver se mudou alguma coisa, como se esse tipo de trauma mudasse em poucos meses. Eles s\u00e3o muitas vezes feitos a dist\u00e2ncia, sem nenhum contato da profissional e m\u00e3e e crian\u00e7a, numa sequ\u00eancia de Revitimiza\u00e7\u00f5es em s\u00e9rie. E o pedido encaminhado pelo ju\u00edzo traz sua real inten\u00e7\u00e3o: \u201cverificar se h\u00e1 aliena\u00e7\u00e3o parental da m\u00e3e\u201d. A crian\u00e7a, seu sofrimento, o abuso sexual, isso tudo evapora como num passe de m\u00e1gica. \u00c9 s\u00f3 aliena\u00e7\u00e3o parental da m\u00e3e louca, ressentida, vingativa.<\/p>\n\n\n\n<div class=\"wp-block-image\"><figure class=\"aligncenter size-large is-resized\"><a href=\"https:\/\/www.instagram.com\/esteio.churrascaria\/\"><img loading=\"lazy\" decoding=\"async\" src=\"https:\/\/jornalfatosenoticias.com.br\/wp-content\/uploads\/2022\/02\/LOGO-ESTEIO-1024x730.png\" alt=\"\" class=\"wp-image-27942\" width=\"358\" height=\"255\" srcset=\"https:\/\/jornalfatosenoticias.com.br\/wp-content\/uploads\/2022\/02\/LOGO-ESTEIO-1024x730.png 1024w, https:\/\/jornalfatosenoticias.com.br\/wp-content\/uploads\/2022\/02\/LOGO-ESTEIO-300x214.png 300w, https:\/\/jornalfatosenoticias.com.br\/wp-content\/uploads\/2022\/02\/LOGO-ESTEIO-768x548.png 768w, https:\/\/jornalfatosenoticias.com.br\/wp-content\/uploads\/2022\/02\/LOGO-ESTEIO.png 1123w\" sizes=\"auto, (max-width: 358px) 100vw, 358px\" \/><\/a><\/figure><\/div>\n\n\n\n<p>Nesse mesmo livro, encontramos um cap\u00edtulo, primoroso tamb\u00e9m, que versa sobre a grande sa\u00edda estrat\u00e9gica do descr\u00e9dito da voz da crian\u00e7a, de seu relato pormenorizado e coerente sobre os abusos sofridos, a acusa\u00e7\u00e3o de falsas mem\u00f3rias. Nesse texto h\u00e1 refer\u00eancia a levantamento feito a partir de servi\u00e7o prestado junto \u00e0s Varas de Fam\u00edlia e Sucess\u00f5es do F\u00f3rum Central da cidade de S\u00e3o Paulo, que apontam: <em><strong><span class=\"has-inline-color has-black-color\">\u201csomente 5% das den\u00fancias restaram provadas que houve intencionalmente falsas alega\u00e7\u00f5es\u201d.<\/span><\/strong><\/em> E acrescenta: <strong><span class=\"has-inline-color has-black-color\"><em>\u201cconsequ\u00eancia ainda pior: a possibilidade de identificar como falsa den\u00fancia o que pode ser verdade\u201d.<\/em> N\u00e3o esquecer que um crime n\u00e3o provado n\u00e3o \u00e9 sin\u00f4nimo de n\u00e3o crime como costumam espalhar, e a justi\u00e7a acolhe. Pode ser, t\u00e3o somente, apenas, uma incompet\u00eancia de averigua\u00e7\u00e3o. Quem matou P.C. Farias e sua namorada? Um matou o outro, reciprocamente? Ent\u00e3o, n\u00e3o houve crime? P.C. Farias n\u00e3o morreu? Vive?<\/span><\/strong><\/p>\n\n\n\n<div class=\"wp-block-image\"><figure class=\"aligncenter size-large is-resized\"><a href=\"https:\/\/www.instagram.com\/restaurantepegoretti\/\"><img loading=\"lazy\" decoding=\"async\" src=\"https:\/\/jornalfatosenoticias.com.br\/wp-content\/uploads\/2023\/12\/pegoretti-logo-pdf-1024x389.jpg\" alt=\"\" class=\"wp-image-47536\" width=\"482\" height=\"183\" srcset=\"https:\/\/jornalfatosenoticias.com.br\/wp-content\/uploads\/2023\/12\/pegoretti-logo-pdf-1024x389.jpg 1024w, https:\/\/jornalfatosenoticias.com.br\/wp-content\/uploads\/2023\/12\/pegoretti-logo-pdf-300x114.jpg 300w, https:\/\/jornalfatosenoticias.com.br\/wp-content\/uploads\/2023\/12\/pegoretti-logo-pdf-768x291.jpg 768w, https:\/\/jornalfatosenoticias.com.br\/wp-content\/uploads\/2023\/12\/pegoretti-logo-pdf.jpg 1120w\" sizes=\"auto, (max-width: 482px) 100vw, 482px\" \/><\/a><\/figure><\/div>\n\n\n\n<p>O espantoso \u00e9 que aqui no Rio de Janeiro, uma agente de justi\u00e7a afirmou e espalhou que 90% das den\u00fancias de abuso sexual intrafamiliar eram falsas. Sem tratamento estat\u00edstico, somando os processos que tinha assinado. No berro. Como fazer essa conta. \u00c9 preciso considerar ainda que a cada seis minutos um estupro de uma crian\u00e7a acontece, segundo o Anu\u00e1rio Brasileiro de Seguran\u00e7a P\u00fablica. A viol\u00eancia sexual contra crian\u00e7as e adolescentes at\u00e9 14 anos \u00e9, proporcionalmente, maior que contra mulheres adultas. O estupro contra crian\u00e7as e adolescentes aumentou no Brasil em 2023. E aumentou mais ainda em 2024.<\/p>\n\n\n\n<div class=\"wp-block-image\"><figure class=\"aligncenter size-large\"><img loading=\"lazy\" decoding=\"async\" width=\"1000\" height=\"561\" src=\"https:\/\/jornalfatosenoticias.com.br\/wp-content\/uploads\/2025\/08\/ABUSO-DE-VULNERAVEL_istock.jpg\" alt=\"\" class=\"wp-image-61254\" srcset=\"https:\/\/jornalfatosenoticias.com.br\/wp-content\/uploads\/2025\/08\/ABUSO-DE-VULNERAVEL_istock.jpg 1000w, https:\/\/jornalfatosenoticias.com.br\/wp-content\/uploads\/2025\/08\/ABUSO-DE-VULNERAVEL_istock-300x168.jpg 300w, https:\/\/jornalfatosenoticias.com.br\/wp-content\/uploads\/2025\/08\/ABUSO-DE-VULNERAVEL_istock-768x431.jpg 768w\" sizes=\"auto, (max-width: 1000px) 100vw, 1000px\" \/><figcaption><em><span class=\"has-inline-color has-black-color\">(Foto: iStock)<\/span><\/em><\/figcaption><\/figure><\/div>\n\n\n\n<p>Segundo o Fundo das Na\u00e7\u00f5es Unidas para a Inf\u00e2ncia (Unicef) e o F\u00f3rum Brasileiro de Seguran\u00e7a P\u00fablica os registros desse tipo de crime aumentaram 23,5% entre v\u00edtimas de zero a quatro anos, e 17,3% entre as de cinco a nove anos. Entre 10 a 14 anos o aumento foi de 11,4%. Entre 15 e 19 anos, o aumento foi de 8,4%. Vale ressaltar que na grande maioria dos casos, em todas as faixas et\u00e1rias, os estupros aconteceram dentro da casa da crian\u00e7a ou adolescente. E n\u00e3o h\u00e1 nenhuma d\u00favida quando se trata de beb\u00eas. Eles n\u00e3o conversam com aliciadores sexuais nas redes sociais, eles n\u00e3o v\u00e3o tomar sorvete na lanchonete onde est\u00e1 um estuprador. E de zero a quatro anos foi o maior \u00edndice de aumento de estupros.<\/p>\n\n\n\n<div class=\"wp-block-image\"><figure class=\"aligncenter size-large\"><a href=\"https:\/\/www.cesconetto.com.br\/\"><img loading=\"lazy\" decoding=\"async\" width=\"300\" height=\"250\" src=\"https:\/\/jornalfatosenoticias.com.br\/wp-content\/uploads\/2022\/02\/Banner-2.png\" alt=\"\" class=\"wp-image-27877\"\/><\/a><\/figure><\/div>\n\n\n\n<p>H\u00e1 que ser considerada a conhecida e reconhecida subnotifica\u00e7\u00e3o de estupros em geral, at\u00e9 de adultas e adultos, e, mais especificamente, de crian\u00e7as. O temor terror\u00edfico que assola cada vez mais as m\u00e3es com a amea\u00e7a real de perda de Guarda do filho ou filha, e o afastamento ordenado pela justi\u00e7a, faz com que seja omitido esse crime intrafamiliar. Portanto, esses n\u00fameros correspondem a apenas parte, e bem parte, da realidade que vivemos.<\/p>\n\n\n\n<div class=\"wp-block-image\"><figure class=\"aligncenter size-large is-resized\"><a href=\"https:\/\/hotelmarquetti.com.br\/\"><img loading=\"lazy\" decoding=\"async\" src=\"https:\/\/jornalfatosenoticias.com.br\/wp-content\/uploads\/2020\/02\/LOGO-MQ-1024x680.jpg\" alt=\"\" class=\"wp-image-58299\" width=\"331\" height=\"220\" srcset=\"https:\/\/jornalfatosenoticias.com.br\/wp-content\/uploads\/2020\/02\/LOGO-MQ-1024x680.jpg 1024w, https:\/\/jornalfatosenoticias.com.br\/wp-content\/uploads\/2020\/02\/LOGO-MQ-300x199.jpg 300w, https:\/\/jornalfatosenoticias.com.br\/wp-content\/uploads\/2020\/02\/LOGO-MQ-768x510.jpg 768w, https:\/\/jornalfatosenoticias.com.br\/wp-content\/uploads\/2020\/02\/LOGO-MQ-1536x1020.jpg 1536w, https:\/\/jornalfatosenoticias.com.br\/wp-content\/uploads\/2020\/02\/LOGO-MQ-2048x1360.jpg 2048w\" sizes=\"auto, (max-width: 331px) 100vw, 331px\" \/><\/a><\/figure><\/div>\n\n\n\n<p>Onde ficam as falsas den\u00fancias de abuso sexual, que somam 90% alardeadas, inconsequentemente, pelos agentes de justi\u00e7a? Algu\u00e9m est\u00e1, terrivelmente, equivocado. \u00c9 uma quest\u00e3o inicial da aritm\u00e9tica, 2+2 n\u00e3o pode ser zero. Mas esse \u00edndice de 90% de falsas den\u00fancias \u00e9 dogm\u00e1tico na Justi\u00e7a. Essa afirma\u00e7\u00e3o est\u00e1 na base de toda condena\u00e7\u00e3o \u00e0 Priva\u00e7\u00e3o Materna Judicial praticada em quase 100% dos casos de den\u00fancia de estupro de vulner\u00e1vel.<\/p>\n\n\n\n<div class=\"wp-block-image\"><figure class=\"aligncenter size-large is-resized\"><a href=\"https:\/\/www.controlsystems.com.br\/\"><img loading=\"lazy\" decoding=\"async\" src=\"https:\/\/jornalfatosenoticias.com.br\/wp-content\/uploads\/2020\/02\/CONTROL-CS.jpg\" alt=\"\" class=\"wp-image-44991\" width=\"274\" height=\"328\" srcset=\"https:\/\/jornalfatosenoticias.com.br\/wp-content\/uploads\/2020\/02\/CONTROL-CS.jpg 834w, https:\/\/jornalfatosenoticias.com.br\/wp-content\/uploads\/2020\/02\/CONTROL-CS-250x300.jpg 250w, https:\/\/jornalfatosenoticias.com.br\/wp-content\/uploads\/2020\/02\/CONTROL-CS-768x921.jpg 768w\" sizes=\"auto, (max-width: 274px) 100vw, 274px\" \/><\/a><\/figure><\/div>\n\n\n\n<p>Pela terceira vez o PL 2812\/2022, que pede a Revoga\u00e7\u00e3o da lei de aliena\u00e7\u00e3o parental, foi retirado de Pauta na Comiss\u00e3o de Constitui\u00e7\u00e3o e Justi\u00e7a e de Cidadania (CCJC) da C\u00e2mara Federal de Deputados. O termo aliena\u00e7\u00e3o parental, sem comprova\u00e7\u00e3o cient\u00edfica, nem emp\u00edrica, nem de senso comum, foi inventado por um m\u00e9dico generalista ped\u00f3filo que fornecia laudos inocentando genitores predadores famosos e endinheirados, pois ele defendia a aceita\u00e7\u00e3o pela sociedade da pr\u00e1tica de pedofilia, que ele afirmava ser ben\u00e9fica para a crian\u00e7a. \u00c9 inacredit\u00e1vel e lastim\u00e1vel. Vergonhoso. Por dinheiro, comete-se o estupro social de vulner\u00e1vel.<\/p>\n\n\n\n<div class=\"wp-block-image\"><figure class=\"aligncenter size-large is-resized\"><a href=\"https:\/\/www.facebook.com\/vetor.vix\/\"><img loading=\"lazy\" decoding=\"async\" src=\"https:\/\/jornalfatosenoticias.com.br\/wp-content\/uploads\/2023\/09\/vetorvix1024_1.jpg\" alt=\"\" class=\"wp-image-44868\" width=\"550\" height=\"146\" srcset=\"https:\/\/jornalfatosenoticias.com.br\/wp-content\/uploads\/2023\/09\/vetorvix1024_1.jpg 1024w, https:\/\/jornalfatosenoticias.com.br\/wp-content\/uploads\/2023\/09\/vetorvix1024_1-300x80.jpg 300w, https:\/\/jornalfatosenoticias.com.br\/wp-content\/uploads\/2023\/09\/vetorvix1024_1-768x205.jpg 768w\" sizes=\"auto, (max-width: 550px) 100vw, 550px\" \/><\/a><\/figure><\/div>\n","protected":false},"excerpt":{"rendered":"<p>Distorcendo conceitos das Ci\u00eancias Humanas, predadores se aproveitam de confus\u00e3o sem\u00e2ntica que instalam e espalham equ\u00edvocos em incr\u00edveis montagens falsas A estupidez social pela cegueira generalizada que rege a prote\u00e7\u00e3o aos predadores \u00e9 uma esp\u00e9cie de voz de permanentes colonizadores. A incapacidade de construir um pensamento l\u00f3gico que \u00e9 substitu\u00eddo por uma arrog\u00e2ncia embebida em [&hellip;]<\/p>\n","protected":false},"author":8,"featured_media":61252,"comment_status":"open","ping_status":"open","sticky":false,"template":"","format":"standard","meta":{"footnotes":""},"categories":[2522],"tags":[1317,27902,1345,27904,27903,1340],"class_list":["post-61251","post","type-post","status-publish","format-standard","has-post-thumbnail","hentry","category-comportamento","tag-crianca","tag-estupidez-social","tag-justica","tag-omissao-do-estado","tag-predadores-sexuais","tag-sociedade"],"yoast_head":"<!-- This site is optimized with the Yoast SEO plugin v26.5 - https:\/\/yoast.com\/wordpress\/plugins\/seo\/ -->\n<title>A Crian\u00e7a, a Sociedade, a Justi\u00e7a \u2014 Parte II - Jornal Fatos e Not\u00edcias<\/title>\n<meta name=\"robots\" content=\"index, follow, max-snippet:-1, max-image-preview:large, max-video-preview:-1\" \/>\n<link rel=\"canonical\" href=\"https:\/\/jornalfatosenoticias.com.br\/index.php\/2025\/08\/14\/a-crianca-a-sociedade-a-justica-parte-ii\/\" \/>\n<meta property=\"og:locale\" content=\"pt_BR\" \/>\n<meta property=\"og:type\" content=\"article\" \/>\n<meta property=\"og:title\" content=\"A Crian\u00e7a, a Sociedade, a Justi\u00e7a \u2014 Parte II - Jornal Fatos e Not\u00edcias\" \/>\n<meta property=\"og:description\" content=\"Distorcendo conceitos das Ci\u00eancias Humanas, predadores se aproveitam de confus\u00e3o sem\u00e2ntica que instalam e espalham equ\u00edvocos em incr\u00edveis montagens falsas A estupidez social pela cegueira generalizada que rege a prote\u00e7\u00e3o aos predadores \u00e9 uma esp\u00e9cie de voz de permanentes colonizadores. A incapacidade de construir um pensamento l\u00f3gico que \u00e9 substitu\u00eddo por uma arrog\u00e2ncia embebida em [&hellip;]\" \/>\n<meta property=\"og:url\" content=\"https:\/\/jornalfatosenoticias.com.br\/index.php\/2025\/08\/14\/a-crianca-a-sociedade-a-justica-parte-ii\/\" \/>\n<meta property=\"og:site_name\" content=\"Jornal Fatos e Not\u00edcias\" \/>\n<meta property=\"article:published_time\" content=\"2025-08-14T17:44:35+00:00\" \/>\n<meta property=\"article:modified_time\" content=\"2025-08-14T17:44:37+00:00\" \/>\n<meta property=\"og:image\" content=\"https:\/\/jornalfatosenoticias.com.br\/wp-content\/uploads\/2025\/08\/abuso-infantil_istock.jpg\" \/>\n\t<meta property=\"og:image:width\" content=\"1000\" \/>\n\t<meta property=\"og:image:height\" content=\"666\" \/>\n\t<meta property=\"og:image:type\" content=\"image\/jpeg\" \/>\n<meta name=\"author\" content=\"Ana Maria Iencarelli\" \/>\n<meta name=\"twitter:card\" content=\"summary_large_image\" \/>\n<meta name=\"twitter:label1\" content=\"Escrito por\" \/>\n\t<meta name=\"twitter:data1\" content=\"Ana Maria Iencarelli\" \/>\n\t<meta name=\"twitter:label2\" content=\"Est. tempo de leitura\" \/>\n\t<meta name=\"twitter:data2\" content=\"6 minutos\" \/>\n<script type=\"application\/ld+json\" class=\"yoast-schema-graph\">{\"@context\":\"https:\/\/schema.org\",\"@graph\":[{\"@type\":\"Article\",\"@id\":\"https:\/\/jornalfatosenoticias.com.br\/index.php\/2025\/08\/14\/a-crianca-a-sociedade-a-justica-parte-ii\/#article\",\"isPartOf\":{\"@id\":\"https:\/\/jornalfatosenoticias.com.br\/index.php\/2025\/08\/14\/a-crianca-a-sociedade-a-justica-parte-ii\/\"},\"author\":{\"name\":\"Ana Maria Iencarelli\",\"@id\":\"https:\/\/jornalfatosenoticias.com.br\/#\/schema\/person\/c33fcf5fb02d729d3fec92c6737a22d1\"},\"headline\":\"A Crian\u00e7a, a Sociedade, a Justi\u00e7a \u2014 Parte II\",\"datePublished\":\"2025-08-14T17:44:35+00:00\",\"dateModified\":\"2025-08-14T17:44:37+00:00\",\"mainEntityOfPage\":{\"@id\":\"https:\/\/jornalfatosenoticias.com.br\/index.php\/2025\/08\/14\/a-crianca-a-sociedade-a-justica-parte-ii\/\"},\"wordCount\":1218,\"commentCount\":0,\"publisher\":{\"@id\":\"https:\/\/jornalfatosenoticias.com.br\/#organization\"},\"image\":{\"@id\":\"https:\/\/jornalfatosenoticias.com.br\/index.php\/2025\/08\/14\/a-crianca-a-sociedade-a-justica-parte-ii\/#primaryimage\"},\"thumbnailUrl\":\"https:\/\/jornalfatosenoticias.com.br\/wp-content\/uploads\/2025\/08\/abuso-infantil_istock.jpg\",\"keywords\":[\"crian\u00e7a\",\"estupidez social\",\"justi\u00e7a\",\"omiss\u00e3o do Estado\",\"predadores sexuais\",\"sociedade\"],\"articleSection\":[\"Comportamento &amp; Equil\u00edbrio\"],\"inLanguage\":\"pt-BR\",\"potentialAction\":[{\"@type\":\"CommentAction\",\"name\":\"Comment\",\"target\":[\"https:\/\/jornalfatosenoticias.com.br\/index.php\/2025\/08\/14\/a-crianca-a-sociedade-a-justica-parte-ii\/#respond\"]}]},{\"@type\":\"WebPage\",\"@id\":\"https:\/\/jornalfatosenoticias.com.br\/index.php\/2025\/08\/14\/a-crianca-a-sociedade-a-justica-parte-ii\/\",\"url\":\"https:\/\/jornalfatosenoticias.com.br\/index.php\/2025\/08\/14\/a-crianca-a-sociedade-a-justica-parte-ii\/\",\"name\":\"A Crian\u00e7a, a Sociedade, a Justi\u00e7a \u2014 Parte II - Jornal Fatos e Not\u00edcias\",\"isPartOf\":{\"@id\":\"https:\/\/jornalfatosenoticias.com.br\/#website\"},\"primaryImageOfPage\":{\"@id\":\"https:\/\/jornalfatosenoticias.com.br\/index.php\/2025\/08\/14\/a-crianca-a-sociedade-a-justica-parte-ii\/#primaryimage\"},\"image\":{\"@id\":\"https:\/\/jornalfatosenoticias.com.br\/index.php\/2025\/08\/14\/a-crianca-a-sociedade-a-justica-parte-ii\/#primaryimage\"},\"thumbnailUrl\":\"https:\/\/jornalfatosenoticias.com.br\/wp-content\/uploads\/2025\/08\/abuso-infantil_istock.jpg\",\"datePublished\":\"2025-08-14T17:44:35+00:00\",\"dateModified\":\"2025-08-14T17:44:37+00:00\",\"breadcrumb\":{\"@id\":\"https:\/\/jornalfatosenoticias.com.br\/index.php\/2025\/08\/14\/a-crianca-a-sociedade-a-justica-parte-ii\/#breadcrumb\"},\"inLanguage\":\"pt-BR\",\"potentialAction\":[{\"@type\":\"ReadAction\",\"target\":[\"https:\/\/jornalfatosenoticias.com.br\/index.php\/2025\/08\/14\/a-crianca-a-sociedade-a-justica-parte-ii\/\"]}]},{\"@type\":\"ImageObject\",\"inLanguage\":\"pt-BR\",\"@id\":\"https:\/\/jornalfatosenoticias.com.br\/index.php\/2025\/08\/14\/a-crianca-a-sociedade-a-justica-parte-ii\/#primaryimage\",\"url\":\"https:\/\/jornalfatosenoticias.com.br\/wp-content\/uploads\/2025\/08\/abuso-infantil_istock.jpg\",\"contentUrl\":\"https:\/\/jornalfatosenoticias.com.br\/wp-content\/uploads\/2025\/08\/abuso-infantil_istock.jpg\",\"width\":1000,\"height\":666},{\"@type\":\"BreadcrumbList\",\"@id\":\"https:\/\/jornalfatosenoticias.com.br\/index.php\/2025\/08\/14\/a-crianca-a-sociedade-a-justica-parte-ii\/#breadcrumb\",\"itemListElement\":[{\"@type\":\"ListItem\",\"position\":1,\"name\":\"In\u00edcio\",\"item\":\"https:\/\/jornalfatosenoticias.com.br\/\"},{\"@type\":\"ListItem\",\"position\":2,\"name\":\"A Crian\u00e7a, a Sociedade, a Justi\u00e7a \u2014 Parte II\"}]},{\"@type\":\"WebSite\",\"@id\":\"https:\/\/jornalfatosenoticias.com.br\/#website\",\"url\":\"https:\/\/jornalfatosenoticias.com.br\/\",\"name\":\"Jornal Fatos e Not\u00edcias\",\"description\":\"Not\u00edcias em geral\",\"publisher\":{\"@id\":\"https:\/\/jornalfatosenoticias.com.br\/#organization\"},\"potentialAction\":[{\"@type\":\"SearchAction\",\"target\":{\"@type\":\"EntryPoint\",\"urlTemplate\":\"https:\/\/jornalfatosenoticias.com.br\/?s={search_term_string}\"},\"query-input\":{\"@type\":\"PropertyValueSpecification\",\"valueRequired\":true,\"valueName\":\"search_term_string\"}}],\"inLanguage\":\"pt-BR\"},{\"@type\":\"Organization\",\"@id\":\"https:\/\/jornalfatosenoticias.com.br\/#organization\",\"name\":\"Jornal Fatos e Not\u00edcias\",\"url\":\"https:\/\/jornalfatosenoticias.com.br\/\",\"logo\":{\"@type\":\"ImageObject\",\"inLanguage\":\"pt-BR\",\"@id\":\"https:\/\/jornalfatosenoticias.com.br\/#\/schema\/logo\/image\/\",\"url\":\"https:\/\/jornalfatosenoticias.com.br\/wp-content\/uploads\/2020\/02\/logo120.png\",\"contentUrl\":\"https:\/\/jornalfatosenoticias.com.br\/wp-content\/uploads\/2020\/02\/logo120.png\",\"width\":1227,\"height\":120,\"caption\":\"Jornal Fatos e Not\u00edcias\"},\"image\":{\"@id\":\"https:\/\/jornalfatosenoticias.com.br\/#\/schema\/logo\/image\/\"}},{\"@type\":\"Person\",\"@id\":\"https:\/\/jornalfatosenoticias.com.br\/#\/schema\/person\/c33fcf5fb02d729d3fec92c6737a22d1\",\"name\":\"Ana Maria Iencarelli\",\"image\":{\"@type\":\"ImageObject\",\"inLanguage\":\"pt-BR\",\"@id\":\"https:\/\/jornalfatosenoticias.com.br\/#\/schema\/person\/image\/\",\"url\":\"https:\/\/jornalfatosenoticias.com.br\/wp-content\/uploads\/2020\/02\/Ana-Maria-Iencarelli-1-150x150.jpg\",\"contentUrl\":\"https:\/\/jornalfatosenoticias.com.br\/wp-content\/uploads\/2020\/02\/Ana-Maria-Iencarelli-1-150x150.jpg\",\"caption\":\"Ana Maria Iencarelli\"},\"description\":\"Psicanalista Cl\u00ednica, especializada no atendimento a Crian\u00e7as e Adolescentes. Presidente da ONG Vozes de Anjos.\",\"url\":\"https:\/\/jornalfatosenoticias.com.br\/index.php\/author\/anamaria\/\"}]}<\/script>\n<!-- \/ Yoast SEO plugin. -->","yoast_head_json":{"title":"A Crian\u00e7a, a Sociedade, a Justi\u00e7a \u2014 Parte II - Jornal Fatos e Not\u00edcias","robots":{"index":"index","follow":"follow","max-snippet":"max-snippet:-1","max-image-preview":"max-image-preview:large","max-video-preview":"max-video-preview:-1"},"canonical":"https:\/\/jornalfatosenoticias.com.br\/index.php\/2025\/08\/14\/a-crianca-a-sociedade-a-justica-parte-ii\/","og_locale":"pt_BR","og_type":"article","og_title":"A Crian\u00e7a, a Sociedade, a Justi\u00e7a \u2014 Parte II - Jornal Fatos e Not\u00edcias","og_description":"Distorcendo conceitos das Ci\u00eancias Humanas, predadores se aproveitam de confus\u00e3o sem\u00e2ntica que instalam e espalham equ\u00edvocos em incr\u00edveis montagens falsas A estupidez social pela cegueira generalizada que rege a prote\u00e7\u00e3o aos predadores \u00e9 uma esp\u00e9cie de voz de permanentes colonizadores. A incapacidade de construir um pensamento l\u00f3gico que \u00e9 substitu\u00eddo por uma arrog\u00e2ncia embebida em [&hellip;]","og_url":"https:\/\/jornalfatosenoticias.com.br\/index.php\/2025\/08\/14\/a-crianca-a-sociedade-a-justica-parte-ii\/","og_site_name":"Jornal Fatos e Not\u00edcias","article_published_time":"2025-08-14T17:44:35+00:00","article_modified_time":"2025-08-14T17:44:37+00:00","og_image":[{"width":1000,"height":666,"url":"https:\/\/jornalfatosenoticias.com.br\/wp-content\/uploads\/2025\/08\/abuso-infantil_istock.jpg","type":"image\/jpeg"}],"author":"Ana Maria Iencarelli","twitter_card":"summary_large_image","twitter_misc":{"Escrito por":"Ana Maria Iencarelli","Est. tempo de leitura":"6 minutos"},"schema":{"@context":"https:\/\/schema.org","@graph":[{"@type":"Article","@id":"https:\/\/jornalfatosenoticias.com.br\/index.php\/2025\/08\/14\/a-crianca-a-sociedade-a-justica-parte-ii\/#article","isPartOf":{"@id":"https:\/\/jornalfatosenoticias.com.br\/index.php\/2025\/08\/14\/a-crianca-a-sociedade-a-justica-parte-ii\/"},"author":{"name":"Ana Maria Iencarelli","@id":"https:\/\/jornalfatosenoticias.com.br\/#\/schema\/person\/c33fcf5fb02d729d3fec92c6737a22d1"},"headline":"A Crian\u00e7a, a Sociedade, a Justi\u00e7a \u2014 Parte II","datePublished":"2025-08-14T17:44:35+00:00","dateModified":"2025-08-14T17:44:37+00:00","mainEntityOfPage":{"@id":"https:\/\/jornalfatosenoticias.com.br\/index.php\/2025\/08\/14\/a-crianca-a-sociedade-a-justica-parte-ii\/"},"wordCount":1218,"commentCount":0,"publisher":{"@id":"https:\/\/jornalfatosenoticias.com.br\/#organization"},"image":{"@id":"https:\/\/jornalfatosenoticias.com.br\/index.php\/2025\/08\/14\/a-crianca-a-sociedade-a-justica-parte-ii\/#primaryimage"},"thumbnailUrl":"https:\/\/jornalfatosenoticias.com.br\/wp-content\/uploads\/2025\/08\/abuso-infantil_istock.jpg","keywords":["crian\u00e7a","estupidez social","justi\u00e7a","omiss\u00e3o do Estado","predadores sexuais","sociedade"],"articleSection":["Comportamento &amp; Equil\u00edbrio"],"inLanguage":"pt-BR","potentialAction":[{"@type":"CommentAction","name":"Comment","target":["https:\/\/jornalfatosenoticias.com.br\/index.php\/2025\/08\/14\/a-crianca-a-sociedade-a-justica-parte-ii\/#respond"]}]},{"@type":"WebPage","@id":"https:\/\/jornalfatosenoticias.com.br\/index.php\/2025\/08\/14\/a-crianca-a-sociedade-a-justica-parte-ii\/","url":"https:\/\/jornalfatosenoticias.com.br\/index.php\/2025\/08\/14\/a-crianca-a-sociedade-a-justica-parte-ii\/","name":"A Crian\u00e7a, a Sociedade, a Justi\u00e7a \u2014 Parte II - Jornal Fatos e Not\u00edcias","isPartOf":{"@id":"https:\/\/jornalfatosenoticias.com.br\/#website"},"primaryImageOfPage":{"@id":"https:\/\/jornalfatosenoticias.com.br\/index.php\/2025\/08\/14\/a-crianca-a-sociedade-a-justica-parte-ii\/#primaryimage"},"image":{"@id":"https:\/\/jornalfatosenoticias.com.br\/index.php\/2025\/08\/14\/a-crianca-a-sociedade-a-justica-parte-ii\/#primaryimage"},"thumbnailUrl":"https:\/\/jornalfatosenoticias.com.br\/wp-content\/uploads\/2025\/08\/abuso-infantil_istock.jpg","datePublished":"2025-08-14T17:44:35+00:00","dateModified":"2025-08-14T17:44:37+00:00","breadcrumb":{"@id":"https:\/\/jornalfatosenoticias.com.br\/index.php\/2025\/08\/14\/a-crianca-a-sociedade-a-justica-parte-ii\/#breadcrumb"},"inLanguage":"pt-BR","potentialAction":[{"@type":"ReadAction","target":["https:\/\/jornalfatosenoticias.com.br\/index.php\/2025\/08\/14\/a-crianca-a-sociedade-a-justica-parte-ii\/"]}]},{"@type":"ImageObject","inLanguage":"pt-BR","@id":"https:\/\/jornalfatosenoticias.com.br\/index.php\/2025\/08\/14\/a-crianca-a-sociedade-a-justica-parte-ii\/#primaryimage","url":"https:\/\/jornalfatosenoticias.com.br\/wp-content\/uploads\/2025\/08\/abuso-infantil_istock.jpg","contentUrl":"https:\/\/jornalfatosenoticias.com.br\/wp-content\/uploads\/2025\/08\/abuso-infantil_istock.jpg","width":1000,"height":666},{"@type":"BreadcrumbList","@id":"https:\/\/jornalfatosenoticias.com.br\/index.php\/2025\/08\/14\/a-crianca-a-sociedade-a-justica-parte-ii\/#breadcrumb","itemListElement":[{"@type":"ListItem","position":1,"name":"In\u00edcio","item":"https:\/\/jornalfatosenoticias.com.br\/"},{"@type":"ListItem","position":2,"name":"A Crian\u00e7a, a Sociedade, a Justi\u00e7a \u2014 Parte II"}]},{"@type":"WebSite","@id":"https:\/\/jornalfatosenoticias.com.br\/#website","url":"https:\/\/jornalfatosenoticias.com.br\/","name":"Jornal Fatos e Not\u00edcias","description":"Not\u00edcias em geral","publisher":{"@id":"https:\/\/jornalfatosenoticias.com.br\/#organization"},"potentialAction":[{"@type":"SearchAction","target":{"@type":"EntryPoint","urlTemplate":"https:\/\/jornalfatosenoticias.com.br\/?s={search_term_string}"},"query-input":{"@type":"PropertyValueSpecification","valueRequired":true,"valueName":"search_term_string"}}],"inLanguage":"pt-BR"},{"@type":"Organization","@id":"https:\/\/jornalfatosenoticias.com.br\/#organization","name":"Jornal Fatos e Not\u00edcias","url":"https:\/\/jornalfatosenoticias.com.br\/","logo":{"@type":"ImageObject","inLanguage":"pt-BR","@id":"https:\/\/jornalfatosenoticias.com.br\/#\/schema\/logo\/image\/","url":"https:\/\/jornalfatosenoticias.com.br\/wp-content\/uploads\/2020\/02\/logo120.png","contentUrl":"https:\/\/jornalfatosenoticias.com.br\/wp-content\/uploads\/2020\/02\/logo120.png","width":1227,"height":120,"caption":"Jornal Fatos e Not\u00edcias"},"image":{"@id":"https:\/\/jornalfatosenoticias.com.br\/#\/schema\/logo\/image\/"}},{"@type":"Person","@id":"https:\/\/jornalfatosenoticias.com.br\/#\/schema\/person\/c33fcf5fb02d729d3fec92c6737a22d1","name":"Ana Maria Iencarelli","image":{"@type":"ImageObject","inLanguage":"pt-BR","@id":"https:\/\/jornalfatosenoticias.com.br\/#\/schema\/person\/image\/","url":"https:\/\/jornalfatosenoticias.com.br\/wp-content\/uploads\/2020\/02\/Ana-Maria-Iencarelli-1-150x150.jpg","contentUrl":"https:\/\/jornalfatosenoticias.com.br\/wp-content\/uploads\/2020\/02\/Ana-Maria-Iencarelli-1-150x150.jpg","caption":"Ana Maria Iencarelli"},"description":"Psicanalista Cl\u00ednica, especializada no atendimento a Crian\u00e7as e Adolescentes. Presidente da ONG Vozes de Anjos.","url":"https:\/\/jornalfatosenoticias.com.br\/index.php\/author\/anamaria\/"}]}},"cc_featured_image_caption":{"caption_text":"(Foto: iStock) ","source_text":"","source_url":""},"jetpack_featured_media_url":"https:\/\/jornalfatosenoticias.com.br\/wp-content\/uploads\/2025\/08\/abuso-infantil_istock.jpg","_links":{"self":[{"href":"https:\/\/jornalfatosenoticias.com.br\/index.php\/wp-json\/wp\/v2\/posts\/61251","targetHints":{"allow":["GET"]}}],"collection":[{"href":"https:\/\/jornalfatosenoticias.com.br\/index.php\/wp-json\/wp\/v2\/posts"}],"about":[{"href":"https:\/\/jornalfatosenoticias.com.br\/index.php\/wp-json\/wp\/v2\/types\/post"}],"author":[{"embeddable":true,"href":"https:\/\/jornalfatosenoticias.com.br\/index.php\/wp-json\/wp\/v2\/users\/8"}],"replies":[{"embeddable":true,"href":"https:\/\/jornalfatosenoticias.com.br\/index.php\/wp-json\/wp\/v2\/comments?post=61251"}],"version-history":[{"count":0,"href":"https:\/\/jornalfatosenoticias.com.br\/index.php\/wp-json\/wp\/v2\/posts\/61251\/revisions"}],"wp:featuredmedia":[{"embeddable":true,"href":"https:\/\/jornalfatosenoticias.com.br\/index.php\/wp-json\/wp\/v2\/media\/61252"}],"wp:attachment":[{"href":"https:\/\/jornalfatosenoticias.com.br\/index.php\/wp-json\/wp\/v2\/media?parent=61251"}],"wp:term":[{"taxonomy":"category","embeddable":true,"href":"https:\/\/jornalfatosenoticias.com.br\/index.php\/wp-json\/wp\/v2\/categories?post=61251"},{"taxonomy":"post_tag","embeddable":true,"href":"https:\/\/jornalfatosenoticias.com.br\/index.php\/wp-json\/wp\/v2\/tags?post=61251"}],"curies":[{"name":"wp","href":"https:\/\/api.w.org\/{rel}","templated":true}]}}