{"id":61262,"date":"2025-08-14T15:14:58","date_gmt":"2025-08-14T18:14:58","guid":{"rendered":"https:\/\/jornalfatosenoticias.com.br\/?p=61262"},"modified":"2025-08-14T15:14:59","modified_gmt":"2025-08-14T18:14:59","slug":"juiz-que-soltou-bandido-com-86-passagens-pela-policia-e-marido-de-filosofa-defensora-do-assalto","status":"publish","type":"post","link":"https:\/\/jornalfatosenoticias.com.br\/index.php\/2025\/08\/14\/juiz-que-soltou-bandido-com-86-passagens-pela-policia-e-marido-de-filosofa-defensora-do-assalto\/","title":{"rendered":"Juiz que soltou bandido com 86 passagens pela pol\u00edcia \u00e9 marido de fil\u00f3sofa defensora do assalto"},"content":{"rendered":"\n<p><em><span class=\"has-inline-color has-black-color\">Rubens Casara e Marcia Tiburi: o casal \u00e9 autor da pe\u00e7a &#8220;Um Fascista no Div\u00e3&#8221;, em que ataca o ex-presidente Jair Bolsonaro<\/span><\/em><\/p>\n\n\n\n<p><span class=\"has-inline-color has-black-color\">Por <strong><a href=\"https:\/\/www.gazetadopovo.com.br\/autor\/omar-godoy\/\">Omar Godoy<\/a><\/strong><\/span><\/p>\n\n\n\n<div class=\"wp-block-image\"><figure class=\"aligncenter size-large\"><a href=\"https:\/\/mizu.com.br\/\"><img loading=\"lazy\" decoding=\"async\" width=\"729\" height=\"90\" src=\"https:\/\/jornalfatosenoticias.com.br\/wp-content\/uploads\/2020\/02\/Logo_Mizu.png\" alt=\"\" class=\"wp-image-1441\" srcset=\"https:\/\/jornalfatosenoticias.com.br\/wp-content\/uploads\/2020\/02\/Logo_Mizu.png 729w, https:\/\/jornalfatosenoticias.com.br\/wp-content\/uploads\/2020\/02\/Logo_Mizu-300x37.png 300w\" sizes=\"auto, (max-width: 729px) 100vw, 729px\" \/><\/a><\/figure><\/div>\n\n\n\n<p>Uma das decis\u00f5es mais controversas do ano no sistema judici\u00e1rio brasileiro foi emitida por um juiz carioca no final de julho. Rubens Casara, da 43.\u00aa Vara Criminal do Tribunal de Justi\u00e7a do Rio de Janeiro, determinou a soltura de um jovem, detido por roubo, que possu\u00eda impressionantes 86 anota\u00e7\u00f5es criminais em sua ficha \u2014 marcada por acusa\u00e7\u00f5es de furto, porte de arma, les\u00e3o corporal e amea\u00e7a.<br>O caso ganhou contornos particularmente pol\u00eamicos quando veio \u00e0 tona um detalhe sobre a vida pessoal do magistrado: Casara \u00e9 marido da fil\u00f3sofa petista Marcia Tiburi, famosa por se declarar \u201ca favor do assalto\u201d. Os dois ainda se destacam por seu ativismo pol\u00edtico expl\u00edcito, que inclui at\u00e9 a cria\u00e7\u00e3o de uma pe\u00e7a de teatro, escrita a quatro m\u00e3os, na qual atacam o ex-presidente Jair Bolsonaro (intitulada \u201cUm Fascista no Div\u00e3\u201d).<\/p>\n\n\n\n<div class=\"wp-block-image\"><figure class=\"aligncenter size-large is-resized\"><a href=\"https:\/\/www.facebook.com\/postobkr\/?locale=pt_BR\"><img loading=\"lazy\" decoding=\"async\" src=\"https:\/\/jornalfatosenoticias.com.br\/wp-content\/uploads\/2023\/08\/BKR-1024x1021.jpg\" alt=\"\" class=\"wp-image-44494\" width=\"291\" height=\"290\" srcset=\"https:\/\/jornalfatosenoticias.com.br\/wp-content\/uploads\/2023\/08\/BKR-1024x1021.jpg 1024w, https:\/\/jornalfatosenoticias.com.br\/wp-content\/uploads\/2023\/08\/BKR-300x300.jpg 300w, https:\/\/jornalfatosenoticias.com.br\/wp-content\/uploads\/2023\/08\/BKR-150x150.jpg 150w, https:\/\/jornalfatosenoticias.com.br\/wp-content\/uploads\/2023\/08\/BKR-768x766.jpg 768w, https:\/\/jornalfatosenoticias.com.br\/wp-content\/uploads\/2023\/08\/BKR.jpg 1080w\" sizes=\"auto, (max-width: 291px) 100vw, 291px\" \/><\/a><\/figure><\/div>\n\n\n\n<p>Patrick Rocha Maciel, de 20 anos, havia sido capturado ap\u00f3s roubar uma farm\u00e1cia no bairro de Ipanema, na Zona Sul da cidade, com parecer favor\u00e1vel do Minist\u00e9rio P\u00fablico para manuten\u00e7\u00e3o da pris\u00e3o preventiva. Rubens Casara, no entanto, optou pela liberta\u00e7\u00e3o do r\u00e9u, com base em uma justificativa que causou indigna\u00e7\u00e3o em um momento de grave crise na seguran\u00e7a p\u00fablica do pa\u00eds.<\/p>\n\n\n\n<div class=\"wp-block-image\"><figure class=\"aligncenter size-large is-resized\"><a href=\"https:\/\/www.instagram.com\/serra4x4cambioautomatico\/\"><img loading=\"lazy\" decoding=\"async\" src=\"https:\/\/jornalfatosenoticias.com.br\/wp-content\/uploads\/2024\/08\/Serra-4x4-1-886x1024.jpg\" alt=\"\" class=\"wp-image-53632\" width=\"295\" height=\"341\" srcset=\"https:\/\/jornalfatosenoticias.com.br\/wp-content\/uploads\/2024\/08\/Serra-4x4-1-886x1024.jpg 886w, https:\/\/jornalfatosenoticias.com.br\/wp-content\/uploads\/2024\/08\/Serra-4x4-1-260x300.jpg 260w, https:\/\/jornalfatosenoticias.com.br\/wp-content\/uploads\/2024\/08\/Serra-4x4-1-768x888.jpg 768w, https:\/\/jornalfatosenoticias.com.br\/wp-content\/uploads\/2024\/08\/Serra-4x4-1.jpg 1181w\" sizes=\"auto, (max-width: 295px) 100vw, 295px\" \/><\/a><\/figure><\/div>\n\n\n\n<p>De acordo o magistrado, \u201ca exist\u00eancia de anota\u00e7\u00f5es na folha penal n\u00e3o \u00e9 pressuposto da pris\u00e3o cautelar\u201d. Al\u00e9m disso, \u201cn\u00e3o se pode presumir que os acusados retornar\u00e3o a delinquir\u201d, pois \u201cn\u00e3o h\u00e1 espa\u00e7o para exerc\u00edcio de futurologia no processo penal\u201d. Como pena \u201calternativa\u201d, quase simb\u00f3lica, o juiz imp\u00f4s ao r\u00e9u apenas o comparecimento mensal em cart\u00f3rio e a proibi\u00e7\u00e3o de sair do estado por mais de uma semana \u2014 ambas com validade de apenas 100 dias.<\/p>\n\n\n\n<div class=\"wp-block-image\"><figure class=\"aligncenter size-large is-resized\"><a href=\"https:\/\/www.facebook.com\/profile.php?id=100069289606145\"><img loading=\"lazy\" decoding=\"async\" src=\"https:\/\/jornalfatosenoticias.com.br\/wp-content\/uploads\/2024\/11\/Guaitolini-Contabilidade-1024x714.jpeg\" alt=\"\" class=\"wp-image-55808\" width=\"353\" height=\"246\" srcset=\"https:\/\/jornalfatosenoticias.com.br\/wp-content\/uploads\/2024\/11\/Guaitolini-Contabilidade-1024x714.jpeg 1024w, https:\/\/jornalfatosenoticias.com.br\/wp-content\/uploads\/2024\/11\/Guaitolini-Contabilidade-300x209.jpeg 300w, https:\/\/jornalfatosenoticias.com.br\/wp-content\/uploads\/2024\/11\/Guaitolini-Contabilidade-768x535.jpeg 768w, https:\/\/jornalfatosenoticias.com.br\/wp-content\/uploads\/2024\/11\/Guaitolini-Contabilidade.jpeg 1280w\" sizes=\"auto, (max-width: 353px) 100vw, 353px\" \/><\/a><\/figure><\/div>\n\n\n\n<p>As medidas foram consideram insuficientes pelos cr\u00edticos, principalmente porque as imagens captadas pelas c\u00e2meras de seguran\u00e7a do local mostram Maciel for\u00e7ando port\u00f5es e pegando equipamentos eletr\u00f4nicos. Em suas redes sociais, o senador S\u00e9rgio Moro (Uni\u00e3o-PR) foi um dos que reagiu: <strong><em>\u201ca porta girat\u00f3ria das audi\u00eancias de cust\u00f3dia precisa acabar\u201d, <\/em><\/strong>disse.<\/p>\n\n\n\n<div class=\"wp-block-image\"><figure class=\"aligncenter size-large is-resized\"><a href=\"https:\/\/panper.com.br\/\"><img loading=\"lazy\" decoding=\"async\" src=\"https:\/\/jornalfatosenoticias.com.br\/wp-content\/uploads\/2023\/03\/logo-Panper_portal.jpg\" alt=\"\" class=\"wp-image-40208\" width=\"325\" height=\"225\" srcset=\"https:\/\/jornalfatosenoticias.com.br\/wp-content\/uploads\/2023\/03\/logo-Panper_portal.jpg 400w, https:\/\/jornalfatosenoticias.com.br\/wp-content\/uploads\/2023\/03\/logo-Panper_portal-300x208.jpg 300w\" sizes=\"auto, (max-width: 325px) 100vw, 325px\" \/><\/a><\/figure><\/div>\n\n\n\n<p><strong><span class=\"has-inline-color has-black-color\">Autoex\u00edlio na capital do amor<br><\/span><\/strong>Autor de livros como \u201cPris\u00e3o: Al\u00e9m do Senso Comum\u201d e \u201cEstado P\u00f3s-democr\u00e1tico: Neo-obscurantismo e Gest\u00e3o dos Indesej\u00e1veis\u201d, Rubens Casara desenvolve teses \u201cantipunitivistas\u201d que acompanham uma rejei\u00e7\u00e3o ao capitalismo e ao neoliberalismo. Para o juiz, h\u00e1 uma aproxima\u00e7\u00e3o \u201cpornogr\u00e1fica\u201d entre os poderes pol\u00edtico e econ\u00f4mico \u2014 e, nesse cen\u00e1rio, o sistema penal se torna um instrumento de controle social dos pobres e dos inimigos do projeto neoliberal. Ainda segundo ele, a manuten\u00e7\u00e3o do chamado racismo estrutural \u00e9 fundamental para a domina\u00e7\u00e3o desses grupos.<\/p>\n\n\n\n<div class=\"wp-block-image\"><figure class=\"aligncenter size-large\"><a href=\"http:\/\/www.ferrarimaquinas.com.br\/\"><img loading=\"lazy\" decoding=\"async\" width=\"300\" height=\"250\" src=\"https:\/\/jornalfatosenoticias.com.br\/wp-content\/uploads\/2022\/02\/FERRARI_MAQUINAS-E-FERRAMENTAS2.jpg\" alt=\"\" class=\"wp-image-27860\"\/><\/a><\/figure><\/div>\n\n\n\n<p>Marcia Tiburi, candidata derrotada do PT ao governo do Rio de Janeiro em 2018, tamb\u00e9m d\u00e1 um verniz intelectual \u00e0 sua postura radical. De acordo com ela, a frase \u201cSou a favor do assalto\u201d, dita durante uma entrevista, foi apenas uma \u201cprovoca\u00e7\u00e3o filos\u00f3fica\u201d para questionar a l\u00f3gica do capitalismo. \u201cA ilimita\u00e7\u00e3o, que caracteriza o neoliberalismo, aproxima o empres\u00e1rio que s\u00f3 se preocupa em lucrar, mesmo que para tanto tenha que \u2018relativizar\u2019 direitos dos trabalhadores e sonegar impostos, do simples ladr\u00e3o, que viola a liberdade da v\u00edtima para adquirir bens\u201d, afirmou, em um artigo publicado na revista <em>Cult.<\/em><\/p>\n\n\n\n<div class=\"wp-block-image\"><figure class=\"aligncenter size-large is-resized\"><a href=\"https:\/\/www.instagram.com\/gruposei\/\"><img loading=\"lazy\" decoding=\"async\" src=\"https:\/\/jornalfatosenoticias.com.br\/wp-content\/uploads\/2022\/07\/Logo-Grupo-SEI.jpg\" alt=\"\" class=\"wp-image-31973\" width=\"375\" height=\"197\" srcset=\"https:\/\/jornalfatosenoticias.com.br\/wp-content\/uploads\/2022\/07\/Logo-Grupo-SEI.jpg 713w, https:\/\/jornalfatosenoticias.com.br\/wp-content\/uploads\/2022\/07\/Logo-Grupo-SEI-300x158.jpg 300w\" sizes=\"auto, (max-width: 375px) 100vw, 375px\" \/><\/a><\/figure><\/div>\n\n\n\n<p>Seja como for, a fala foi usada exaustivamente por seus advers\u00e1rios durante a campanha eleitoral. E, no ano seguinte, j\u00e1 com Jair Bolsonaro no Planalto, a fil\u00f3sofa anunciou um \u201cautoex\u00edlio\u201d na Fran\u00e7a \u2014 ap\u00f3s amea\u00e7as de morte supostamente recebidas por suas posi\u00e7\u00f5es pol\u00edticas contra o novo presidente. No entanto, houve quem viu na fuga de Tiburi um pretexto para passar uma agrad\u00e1vel temporada na Europa. N\u00e3o por acaso, na mesma \u00e9poca, Casara conseguiu uma licen\u00e7a remunerada de dois anos para fazer um p\u00f3s-doutorado na capital francesa.<\/p>\n\n\n\n<div class=\"wp-block-image\"><figure class=\"aligncenter size-large is-resized\"><a href=\"https:\/\/www.legisjuris.com.br\/\"><img loading=\"lazy\" decoding=\"async\" src=\"https:\/\/jornalfatosenoticias.com.br\/wp-content\/uploads\/2024\/09\/Legis-Juris-Consultoria_logo.jpg\" alt=\"\" class=\"wp-image-53915\" width=\"513\" height=\"215\" srcset=\"https:\/\/jornalfatosenoticias.com.br\/wp-content\/uploads\/2024\/09\/Legis-Juris-Consultoria_logo.jpg 969w, https:\/\/jornalfatosenoticias.com.br\/wp-content\/uploads\/2024\/09\/Legis-Juris-Consultoria_logo-300x126.jpg 300w, https:\/\/jornalfatosenoticias.com.br\/wp-content\/uploads\/2024\/09\/Legis-Juris-Consultoria_logo-768x322.jpg 768w\" sizes=\"auto, (max-width: 513px) 100vw, 513px\" \/><\/a><\/figure><\/div>\n\n\n\n<p><strong><span class=\"has-inline-color has-black-color\">Fixa\u00e7\u00e3o por Bolsonaro<br><\/span><\/strong>Casara e Tiburi garantem que \u201cUm Fascista no Div\u00e3\u201d n\u00e3o \u00e9 exclusivamente sobre Jair Bolsonaro \u2014 e, sim, uma an\u00e1lise do \u201cprocesso do golpe [como definem o impeachment de Dilma Rousseff] e da ascens\u00e3o do fascismo\u201d no Brasil. \u201cHouve uma inspira\u00e7\u00e3o em todos esses brutamontes da pol\u00edtica. Bolsonaro \u00e9 um conjunto de homens e mulheres muito parecidos. N\u00e3o \u00e9 s\u00f3 Bolsonaro, mas v\u00e1rias outras dessas figuras abjetas e grotescas que fazem sucesso na pol\u00edtica brasileira desde o golpe de 2016\u201d, disse a fil\u00f3sofa, em uma entrevista concedida pelo casal \u00e0 revista de esquerda <em>CartaCapital.<\/em><\/p>\n\n\n\n<div class=\"wp-block-image\"><figure class=\"aligncenter size-large is-resized\"><a href=\"https:\/\/www.instagram.com\/esteio.churrascaria\/\"><img loading=\"lazy\" decoding=\"async\" src=\"https:\/\/jornalfatosenoticias.com.br\/wp-content\/uploads\/2022\/02\/LOGO-ESTEIO-1024x730.png\" alt=\"\" class=\"wp-image-27942\" width=\"354\" height=\"252\" srcset=\"https:\/\/jornalfatosenoticias.com.br\/wp-content\/uploads\/2022\/02\/LOGO-ESTEIO-1024x730.png 1024w, https:\/\/jornalfatosenoticias.com.br\/wp-content\/uploads\/2022\/02\/LOGO-ESTEIO-300x214.png 300w, https:\/\/jornalfatosenoticias.com.br\/wp-content\/uploads\/2022\/02\/LOGO-ESTEIO-768x548.png 768w, https:\/\/jornalfatosenoticias.com.br\/wp-content\/uploads\/2022\/02\/LOGO-ESTEIO.png 1123w\" sizes=\"auto, (max-width: 354px) 100vw, 354px\" \/><\/a><\/figure><\/div>\n\n\n\n<p>A pe\u00e7a, contudo, retrata uma psicanalista \u00e0s voltas com um paciente improv\u00e1vel: um deputado do baixo clero, conservador, do campo pol\u00edtico da direita e \u201cpotencial candidato \u00e0 presid\u00eancia\u201d, que procura o consult\u00f3rio por sugest\u00e3o de seu marqueteiro. \u201cCoincid\u00eancias\u201d \u00e0 parte, Rubens Casara foi mais direto em \u201cBolsonaro: O Mito e o Sintoma\u201d, livro em que busca, segundo a sinopse, \u201ccompreender como se conduz um significativo contingente da popula\u00e7\u00e3o brasileira a apoiar um l\u00edder de fei\u00e7\u00e3o explicitamente autorit\u00e1ria e pensamento empobrecido\u201d.<\/p>\n\n\n\n<div class=\"wp-block-image\"><figure class=\"aligncenter size-large\"><a href=\"https:\/\/www.cesconetto.com.br\/\"><img loading=\"lazy\" decoding=\"async\" width=\"300\" height=\"250\" src=\"https:\/\/jornalfatosenoticias.com.br\/wp-content\/uploads\/2022\/02\/Banner-2.png\" alt=\"\" class=\"wp-image-27877\"\/><\/a><\/figure><\/div>\n\n\n\n<p>\u201cBolsonaro \u00e9 o nome que se pronuncia quando a pessoa n\u00e3o pode expressar diretamente o desejo de votar em propostas sexistas, homof\u00f3bicas ou no retorno da ditadura civil-militar e sua ideologia de 1964\u201d, afirmou o juiz, que tamb\u00e9m \u00e9 psicanalista, em outra entrevista para a <em>CartaCapital.<\/em><\/p>\n\n\n\n<div class=\"wp-block-image\"><figure class=\"aligncenter size-large is-resized\"><a href=\"https:\/\/www.instagram.com\/restaurantepegoretti\/\"><img loading=\"lazy\" decoding=\"async\" src=\"https:\/\/jornalfatosenoticias.com.br\/wp-content\/uploads\/2023\/12\/pegoretti-logo-pdf-1024x389.jpg\" alt=\"\" class=\"wp-image-47536\" width=\"440\" height=\"167\" srcset=\"https:\/\/jornalfatosenoticias.com.br\/wp-content\/uploads\/2023\/12\/pegoretti-logo-pdf-1024x389.jpg 1024w, https:\/\/jornalfatosenoticias.com.br\/wp-content\/uploads\/2023\/12\/pegoretti-logo-pdf-300x114.jpg 300w, https:\/\/jornalfatosenoticias.com.br\/wp-content\/uploads\/2023\/12\/pegoretti-logo-pdf-768x291.jpg 768w, https:\/\/jornalfatosenoticias.com.br\/wp-content\/uploads\/2023\/12\/pegoretti-logo-pdf.jpg 1120w\" sizes=\"auto, (max-width: 440px) 100vw, 440px\" \/><\/a><\/figure><\/div>\n\n\n\n<p>Outro alvo preferencial de Casara \u00e9 o fil\u00f3sofo Olavo de Carvalho (1947-2022). Em seus textos e entrevistas, o magistrado o descreve como \u201cintelectual org\u00e2nico da ignor\u00e2ncia\u201d. \u201cEle construiu um sistema de ideias vendido para muita gente, atrav\u00e9s de um curso on-line, e essas pessoas passaram a acreditar que a verdade sobre o mundo era aquilo ali que elas aprenderam\u201d, afirma.<\/p>\n\n\n\n<div class=\"wp-block-image\"><figure class=\"aligncenter size-large is-resized\"><a href=\"https:\/\/www.controlsystems.com.br\/\"><img loading=\"lazy\" decoding=\"async\" src=\"https:\/\/jornalfatosenoticias.com.br\/wp-content\/uploads\/2020\/02\/CONTROL-CS.jpg\" alt=\"\" class=\"wp-image-44991\" width=\"278\" height=\"333\" srcset=\"https:\/\/jornalfatosenoticias.com.br\/wp-content\/uploads\/2020\/02\/CONTROL-CS.jpg 834w, https:\/\/jornalfatosenoticias.com.br\/wp-content\/uploads\/2020\/02\/CONTROL-CS-250x300.jpg 250w, https:\/\/jornalfatosenoticias.com.br\/wp-content\/uploads\/2020\/02\/CONTROL-CS-768x921.jpg 768w\" sizes=\"auto, (max-width: 278px) 100vw, 278px\" \/><\/a><\/figure><\/div>\n\n\n\n<p><strong><span class=\"has-inline-color has-black-color\">F\u00e3 de Che Guevara<br><\/span><\/strong>Rubens Casara j\u00e1 manifestava seu ativismo desde o in\u00edcio da d\u00e9cada passada. Ele ganhou alguma notoriedade por pendurar uma imagem do guerrilheiro Che Guevara em seu gabinete e participar de eventos ao lado de lideran\u00e7as do PSOL e do MST. Mas seu nome ganhou proje\u00e7\u00e3o nacional pela primeira vez em 2016, quando protagonizou um epis\u00f3dio que exemplifica a politiza\u00e7\u00e3o da magistratura. Durante o processo de impeachment de Dilma Rousseff, o juiz fez quest\u00e3o de dar as caras \u2014 e se pronunciar \u2014 num protesto contra o afastamento da petista no Rio de Janeiro.<\/p>\n\n\n\n<div class=\"wp-block-image\"><figure class=\"aligncenter size-large is-resized\"><a href=\"https:\/\/www.instagram.com\/rcradiadores\/\"><img loading=\"lazy\" decoding=\"async\" src=\"https:\/\/jornalfatosenoticias.com.br\/wp-content\/uploads\/2022\/10\/RC_800x750_page-0001.jpg\" alt=\"\" class=\"wp-image-35338\" width=\"321\" height=\"301\" srcset=\"https:\/\/jornalfatosenoticias.com.br\/wp-content\/uploads\/2022\/10\/RC_800x750_page-0001.jpg 400w, https:\/\/jornalfatosenoticias.com.br\/wp-content\/uploads\/2022\/10\/RC_800x750_page-0001-300x281.jpg 300w\" sizes=\"auto, (max-width: 321px) 100vw, 321px\" \/><\/a><\/figure><\/div>\n\n\n\n<p>\u201c\u00c9 t\u00e3o bom olhar para a Avenida Atl\u00e2ntica e n\u00e3o ver nenhum coxinha. Eu falo aqui hoje como um juiz de direito, n\u00e3o de direita, muito menos de extrema-direita golpista\u201d, disse para a imprensa. E ainda criticou o STF: &#8220;se as institui\u00e7\u00f5es estivessem funcionando, se o Supremo Tribunal Federal estivesse funcionando, essa palha\u00e7ada j\u00e1 tinha sido barrada\u201d.<\/p>\n\n\n\n<div class=\"wp-block-image\"><figure class=\"aligncenter size-large is-resized\"><a href=\"https:\/\/www.facebook.com\/vetor.vix\/\"><img loading=\"lazy\" decoding=\"async\" src=\"https:\/\/jornalfatosenoticias.com.br\/wp-content\/uploads\/2023\/09\/vetorvix1024_1.jpg\" alt=\"\" class=\"wp-image-44868\" width=\"543\" height=\"144\" srcset=\"https:\/\/jornalfatosenoticias.com.br\/wp-content\/uploads\/2023\/09\/vetorvix1024_1.jpg 1024w, https:\/\/jornalfatosenoticias.com.br\/wp-content\/uploads\/2023\/09\/vetorvix1024_1-300x80.jpg 300w, https:\/\/jornalfatosenoticias.com.br\/wp-content\/uploads\/2023\/09\/vetorvix1024_1-768x205.jpg 768w\" sizes=\"auto, (max-width: 543px) 100vw, 543px\" \/><\/a><\/figure><\/div>\n\n\n\n<p>A conduta desencadeou uma investiga\u00e7\u00e3o disciplinar por parte do Conselho Nacional de Justi\u00e7a (CNJ), pois a Lei Org\u00e2nica da Magistratura pro\u00edbe a atua\u00e7\u00e3o pol\u00edtico-partid\u00e1ria de ju\u00edzes. Contudo, o processo foi arquivado pelo Tribunal de Justi\u00e7a do Rio de Janeiro e posteriormente anulado pelo STF \u2014 por meio de uma decis\u00e3o do ministro Ricardo Lewandowski (indicado por Lula, n\u00e3o custa lembrar).<br>Hoje, Casara tem uma opini\u00e3o diferente sobre a Corte. \u201cNeste momento, formou-se no STF uma maioria comprometida em manter o que n\u00f3s temos de democracia, de Rep\u00fablica\u201d, disse ao canal do YouTube TV GGN. Sobram elogios at\u00e9 para o ministro Alexandre Moraes. \u201cEstou longe de ser um admirador do ministro, j\u00e1 critiquei v\u00e1rias de suas decis\u00f5es do ponto de vista acad\u00eamico e te\u00f3rico. Mas \u00e9 ineg\u00e1vel de que se trata de um ator jur\u00eddico extremamente corajoso. E a coragem \u00e9 uma virtude que falta na sociedade brasileira\u201d.<\/p>\n\n\n\n<div class=\"wp-block-image\"><figure class=\"aligncenter size-large is-resized\"><a href=\"https:\/\/www.facebook.com\/profile.php?id=100069289606145\"><img loading=\"lazy\" decoding=\"async\" src=\"https:\/\/jornalfatosenoticias.com.br\/wp-content\/uploads\/2024\/11\/Guaitolini-Contabilidade-1024x714.jpeg\" alt=\"\" class=\"wp-image-55808\" width=\"322\" height=\"224\" srcset=\"https:\/\/jornalfatosenoticias.com.br\/wp-content\/uploads\/2024\/11\/Guaitolini-Contabilidade-1024x714.jpeg 1024w, https:\/\/jornalfatosenoticias.com.br\/wp-content\/uploads\/2024\/11\/Guaitolini-Contabilidade-300x209.jpeg 300w, https:\/\/jornalfatosenoticias.com.br\/wp-content\/uploads\/2024\/11\/Guaitolini-Contabilidade-768x535.jpeg 768w, https:\/\/jornalfatosenoticias.com.br\/wp-content\/uploads\/2024\/11\/Guaitolini-Contabilidade.jpeg 1280w\" sizes=\"auto, (max-width: 322px) 100vw, 322px\" \/><\/a><\/figure><\/div>\n\n\n\n<p><strong><span class=\"has-inline-color has-black-color\">Confronto com Moro<br><\/span><\/strong>Casara \u00e9 outro membro famoso do grupo Prerrogativas, criado por advogados de esquerda para enfraquecer a Lava Jato e defender a inoc\u00eancia de Lula em seu per\u00edodo na pris\u00e3o. No auge da for\u00e7a-tarefa, ele veio a p\u00fablico repetidas vezes para criticar a opera\u00e7\u00e3o, que classificou como \u201cprocesso-espet\u00e1culo\u201d e \u201cinstrumento da racionalidade neoliberal\u201d. Para ele, a for\u00e7a-tarefa criou um \u201cambiente de mocinho e bandido\u201d para entreter as \u201cmaiorias de ocasi\u00e3o, forjadas pelos meios de comunica\u00e7\u00e3o\u201d.<\/p>\n\n\n\n<div class=\"wp-block-image\"><figure class=\"aligncenter size-large is-resized\"><a href=\"https:\/\/www.facebook.com\/postobkr\/?locale=pt_BR\"><img loading=\"lazy\" decoding=\"async\" src=\"https:\/\/jornalfatosenoticias.com.br\/wp-content\/uploads\/2023\/08\/BKR-1024x1021.jpg\" alt=\"\" class=\"wp-image-44494\" width=\"306\" height=\"305\" srcset=\"https:\/\/jornalfatosenoticias.com.br\/wp-content\/uploads\/2023\/08\/BKR-1024x1021.jpg 1024w, https:\/\/jornalfatosenoticias.com.br\/wp-content\/uploads\/2023\/08\/BKR-300x300.jpg 300w, https:\/\/jornalfatosenoticias.com.br\/wp-content\/uploads\/2023\/08\/BKR-150x150.jpg 150w, https:\/\/jornalfatosenoticias.com.br\/wp-content\/uploads\/2023\/08\/BKR-768x766.jpg 768w, https:\/\/jornalfatosenoticias.com.br\/wp-content\/uploads\/2023\/08\/BKR.jpg 1080w\" sizes=\"auto, (max-width: 306px) 100vw, 306px\" \/><\/a><\/figure><\/div>\n\n\n\n<p>Em 2015, durante uma audi\u00eancia p\u00fablica no Senado para discutir mudan\u00e7as no C\u00f3digo de Processo Penal, Casara confrontou diretamente S\u00e9rgio Moro, que defendia a pris\u00e3o de r\u00e9us j\u00e1 a partir de uma condena\u00e7\u00e3o confirmada em segunda inst\u00e2ncia. Ele comparou o projeto sustentado por Moro a \u201cexperi\u00eancias da Alemanha nazista e do fascismo italiano\u201d.<\/p>\n\n\n\n<div class=\"wp-block-image\"><figure class=\"aligncenter size-large is-resized\"><a href=\"https:\/\/www.instagram.com\/gruposei\/\"><img loading=\"lazy\" decoding=\"async\" src=\"https:\/\/jornalfatosenoticias.com.br\/wp-content\/uploads\/2022\/07\/Logo-Grupo-SEI.jpg\" alt=\"\" class=\"wp-image-31973\" width=\"408\" height=\"214\" srcset=\"https:\/\/jornalfatosenoticias.com.br\/wp-content\/uploads\/2022\/07\/Logo-Grupo-SEI.jpg 713w, https:\/\/jornalfatosenoticias.com.br\/wp-content\/uploads\/2022\/07\/Logo-Grupo-SEI-300x158.jpg 300w\" sizes=\"auto, (max-width: 408px) 100vw, 408px\" \/><\/a><\/figure><\/div>\n\n\n\n<p><strong><span class=\"has-inline-color has-black-color\">Rede de influ\u00eancia<br><\/span><\/strong>Autor de uma produ\u00e7\u00e3o intelectual de fundo marxista, temperada com elementos de psican\u00e1lise, Rubens Casara desenvolve uma cr\u00edtica radical ao capitalismo e, especialmente, ao neoliberalismo (talvez sua maior obsess\u00e3o, seguida pela figura de Jair Bolsonaro). O mais alarmante, por\u00e9m, \u00e9 a poss\u00edvel dimens\u00e3o de sua influ\u00eancia no meio jur\u00eddico. Em 2024, foi publicado \u201cDireito e Poder: Escritos em Homenagem a Rubens Casara\u201d, livro que re\u00fane artigos in\u00e9ditos de 51 professores, ju\u00edzes, promotores e advogados \u2014 todos dedicados a festejar a obra do magistrado carioca.<\/p>\n\n\n\n<div class=\"wp-block-image\"><figure class=\"aligncenter size-large\"><a href=\"http:\/\/www.ferrarimaquinas.com.br\/\"><img loading=\"lazy\" decoding=\"async\" width=\"300\" height=\"250\" src=\"https:\/\/jornalfatosenoticias.com.br\/wp-content\/uploads\/2022\/02\/FERRARI_MAQUINAS-E-FERRAMENTAS2.jpg\" alt=\"\" class=\"wp-image-27860\"\/><\/a><\/figure><\/div>\n\n\n\n<p>Al\u00e9m de trazer um tom celebrat\u00f3rio, a colet\u00e2nea revela, de acordo com a sinopse, como cada colaborador \u201co acompanha nas preocupa\u00e7\u00f5es com a milit\u00e2ncia, que deve ser convertida em pr\u00e1ticas de preserva\u00e7\u00e3o da democracia\u201d (segundo a \u00f3tica esquerdista, evidentemente). Trata-se, portanto, de uma rede de influ\u00eancia presente em universidades, tribunais e outros \u00f3rg\u00e3os do sistema de Justi\u00e7a \u2014 e respons\u00e1vel por ressoar uma vis\u00e3o de mundo que enxerga o aparato penal como um instrumento de \u201copress\u00e3o capitalista\u201d e os criminosos, \u201cv\u00edtimas de uma ordem injusta\u201d.<\/p>\n\n\n\n<div class=\"wp-block-image\"><figure class=\"aligncenter size-large is-resized\"><a href=\"https:\/\/www.legisjuris.com.br\/\"><img loading=\"lazy\" decoding=\"async\" src=\"https:\/\/jornalfatosenoticias.com.br\/wp-content\/uploads\/2024\/09\/Legis-Juris-Consultoria_logo.jpg\" alt=\"\" class=\"wp-image-53915\" width=\"489\" height=\"205\" srcset=\"https:\/\/jornalfatosenoticias.com.br\/wp-content\/uploads\/2024\/09\/Legis-Juris-Consultoria_logo.jpg 969w, https:\/\/jornalfatosenoticias.com.br\/wp-content\/uploads\/2024\/09\/Legis-Juris-Consultoria_logo-300x126.jpg 300w, https:\/\/jornalfatosenoticias.com.br\/wp-content\/uploads\/2024\/09\/Legis-Juris-Consultoria_logo-768x322.jpg 768w\" sizes=\"auto, (max-width: 489px) 100vw, 489px\" \/><\/a><\/figure><\/div>\n\n\n\n<p><span class=\"has-inline-color has-black-color\"><strong>(Foto: Edilson Rodrigues\/Ag\u00eancia Senado\/Tomaz Silva\/Ag\u00eancia Brasil)<\/strong><\/span><\/p>\n\n\n\n<p><strong>Fonte: <a href=\"https:\/\/www.gazetadopovo.com.br\/ideias\/juiz-soltou-bandido-86-passagens-policia-marido-filosofa-defensora-assalto\/\">Gazeta do Povo<\/a><\/strong><\/p>\n","protected":false},"excerpt":{"rendered":"<p>Rubens Casara e Marcia Tiburi: o casal \u00e9 autor da pe\u00e7a &#8220;Um Fascista no Div\u00e3&#8221;, em que ataca o ex-presidente Jair Bolsonaro Por Omar Godoy Uma das decis\u00f5es mais controversas do ano no sistema judici\u00e1rio brasileiro foi emitida por um juiz carioca no final de julho. Rubens Casara, da 43.\u00aa Vara Criminal do Tribunal de [&hellip;]<\/p>\n","protected":false},"author":2,"featured_media":61263,"comment_status":"open","ping_status":"open","sticky":false,"template":"","format":"standard","meta":{"footnotes":""},"categories":[5],"tags":[1795,17895,1345,4847,7580,4101,238,294],"class_list":["post-61262","post","type-post","status-publish","format-standard","has-post-thumbnail","hentry","category-geral","tag-jair-bolsonaro","tag-judiciario","tag-justica","tag-lava-jato","tag-lula","tag-seguranca-publica","tag-sergio-moro","tag-stf"],"yoast_head":"<!-- This site is optimized with the Yoast SEO plugin v26.5 - https:\/\/yoast.com\/wordpress\/plugins\/seo\/ -->\n<title>Juiz que soltou bandido com 86 passagens pela pol\u00edcia \u00e9 marido de fil\u00f3sofa defensora do assalto - Jornal Fatos e Not\u00edcias<\/title>\n<meta name=\"robots\" content=\"index, follow, max-snippet:-1, max-image-preview:large, max-video-preview:-1\" \/>\n<link rel=\"canonical\" href=\"https:\/\/jornalfatosenoticias.com.br\/index.php\/2025\/08\/14\/juiz-que-soltou-bandido-com-86-passagens-pela-policia-e-marido-de-filosofa-defensora-do-assalto\/\" \/>\n<meta property=\"og:locale\" content=\"pt_BR\" \/>\n<meta property=\"og:type\" content=\"article\" \/>\n<meta property=\"og:title\" content=\"Juiz que soltou bandido com 86 passagens pela pol\u00edcia \u00e9 marido de fil\u00f3sofa defensora do assalto - Jornal Fatos e Not\u00edcias\" \/>\n<meta property=\"og:description\" content=\"Rubens Casara e Marcia Tiburi: o casal \u00e9 autor da pe\u00e7a &#8220;Um Fascista no Div\u00e3&#8221;, em que ataca o ex-presidente Jair Bolsonaro Por Omar Godoy Uma das decis\u00f5es mais controversas do ano no sistema judici\u00e1rio brasileiro foi emitida por um juiz carioca no final de julho. Rubens Casara, da 43.\u00aa Vara Criminal do Tribunal de [&hellip;]\" \/>\n<meta property=\"og:url\" content=\"https:\/\/jornalfatosenoticias.com.br\/index.php\/2025\/08\/14\/juiz-que-soltou-bandido-com-86-passagens-pela-policia-e-marido-de-filosofa-defensora-do-assalto\/\" \/>\n<meta property=\"og:site_name\" content=\"Jornal Fatos e Not\u00edcias\" \/>\n<meta property=\"article:published_time\" content=\"2025-08-14T18:14:58+00:00\" \/>\n<meta property=\"article:modified_time\" content=\"2025-08-14T18:14:59+00:00\" \/>\n<meta property=\"og:image\" content=\"https:\/\/jornalfatosenoticias.com.br\/wp-content\/uploads\/2025\/08\/casal-comunista-casara-tiburi.jpg\" \/>\n\t<meta property=\"og:image:width\" content=\"1000\" \/>\n\t<meta property=\"og:image:height\" content=\"562\" \/>\n\t<meta property=\"og:image:type\" content=\"image\/jpeg\" \/>\n<meta name=\"author\" content=\"Luzimara Fernandes\" \/>\n<meta name=\"twitter:card\" content=\"summary_large_image\" \/>\n<meta name=\"twitter:label1\" content=\"Escrito por\" \/>\n\t<meta name=\"twitter:data1\" content=\"Luzimara Fernandes\" \/>\n\t<meta name=\"twitter:label2\" content=\"Est. tempo de leitura\" \/>\n\t<meta name=\"twitter:data2\" content=\"8 minutos\" \/>\n<script type=\"application\/ld+json\" class=\"yoast-schema-graph\">{\"@context\":\"https:\/\/schema.org\",\"@graph\":[{\"@type\":\"Article\",\"@id\":\"https:\/\/jornalfatosenoticias.com.br\/index.php\/2025\/08\/14\/juiz-que-soltou-bandido-com-86-passagens-pela-policia-e-marido-de-filosofa-defensora-do-assalto\/#article\",\"isPartOf\":{\"@id\":\"https:\/\/jornalfatosenoticias.com.br\/index.php\/2025\/08\/14\/juiz-que-soltou-bandido-com-86-passagens-pela-policia-e-marido-de-filosofa-defensora-do-assalto\/\"},\"author\":{\"name\":\"Luzimara Fernandes\",\"@id\":\"https:\/\/jornalfatosenoticias.com.br\/#\/schema\/person\/d63837fa13ac8666eb9e74e0985d6f81\"},\"headline\":\"Juiz que soltou bandido com 86 passagens pela pol\u00edcia \u00e9 marido de fil\u00f3sofa defensora do assalto\",\"datePublished\":\"2025-08-14T18:14:58+00:00\",\"dateModified\":\"2025-08-14T18:14:59+00:00\",\"mainEntityOfPage\":{\"@id\":\"https:\/\/jornalfatosenoticias.com.br\/index.php\/2025\/08\/14\/juiz-que-soltou-bandido-com-86-passagens-pela-policia-e-marido-de-filosofa-defensora-do-assalto\/\"},\"wordCount\":1692,\"commentCount\":0,\"publisher\":{\"@id\":\"https:\/\/jornalfatosenoticias.com.br\/#organization\"},\"image\":{\"@id\":\"https:\/\/jornalfatosenoticias.com.br\/index.php\/2025\/08\/14\/juiz-que-soltou-bandido-com-86-passagens-pela-policia-e-marido-de-filosofa-defensora-do-assalto\/#primaryimage\"},\"thumbnailUrl\":\"https:\/\/jornalfatosenoticias.com.br\/wp-content\/uploads\/2025\/08\/casal-comunista-casara-tiburi.jpg\",\"keywords\":[\"Jair Bolsonaro\",\"Judici\u00e1rio\",\"justi\u00e7a\",\"Lava Jato\",\"Lula\",\"seguran\u00e7a p\u00fablica\",\"S\u00e9rgio Moro\",\"STF\"],\"articleSection\":[\"Geral\"],\"inLanguage\":\"pt-BR\",\"potentialAction\":[{\"@type\":\"CommentAction\",\"name\":\"Comment\",\"target\":[\"https:\/\/jornalfatosenoticias.com.br\/index.php\/2025\/08\/14\/juiz-que-soltou-bandido-com-86-passagens-pela-policia-e-marido-de-filosofa-defensora-do-assalto\/#respond\"]}]},{\"@type\":\"WebPage\",\"@id\":\"https:\/\/jornalfatosenoticias.com.br\/index.php\/2025\/08\/14\/juiz-que-soltou-bandido-com-86-passagens-pela-policia-e-marido-de-filosofa-defensora-do-assalto\/\",\"url\":\"https:\/\/jornalfatosenoticias.com.br\/index.php\/2025\/08\/14\/juiz-que-soltou-bandido-com-86-passagens-pela-policia-e-marido-de-filosofa-defensora-do-assalto\/\",\"name\":\"Juiz que soltou bandido com 86 passagens pela pol\u00edcia \u00e9 marido de fil\u00f3sofa defensora do assalto - Jornal Fatos e Not\u00edcias\",\"isPartOf\":{\"@id\":\"https:\/\/jornalfatosenoticias.com.br\/#website\"},\"primaryImageOfPage\":{\"@id\":\"https:\/\/jornalfatosenoticias.com.br\/index.php\/2025\/08\/14\/juiz-que-soltou-bandido-com-86-passagens-pela-policia-e-marido-de-filosofa-defensora-do-assalto\/#primaryimage\"},\"image\":{\"@id\":\"https:\/\/jornalfatosenoticias.com.br\/index.php\/2025\/08\/14\/juiz-que-soltou-bandido-com-86-passagens-pela-policia-e-marido-de-filosofa-defensora-do-assalto\/#primaryimage\"},\"thumbnailUrl\":\"https:\/\/jornalfatosenoticias.com.br\/wp-content\/uploads\/2025\/08\/casal-comunista-casara-tiburi.jpg\",\"datePublished\":\"2025-08-14T18:14:58+00:00\",\"dateModified\":\"2025-08-14T18:14:59+00:00\",\"breadcrumb\":{\"@id\":\"https:\/\/jornalfatosenoticias.com.br\/index.php\/2025\/08\/14\/juiz-que-soltou-bandido-com-86-passagens-pela-policia-e-marido-de-filosofa-defensora-do-assalto\/#breadcrumb\"},\"inLanguage\":\"pt-BR\",\"potentialAction\":[{\"@type\":\"ReadAction\",\"target\":[\"https:\/\/jornalfatosenoticias.com.br\/index.php\/2025\/08\/14\/juiz-que-soltou-bandido-com-86-passagens-pela-policia-e-marido-de-filosofa-defensora-do-assalto\/\"]}]},{\"@type\":\"ImageObject\",\"inLanguage\":\"pt-BR\",\"@id\":\"https:\/\/jornalfatosenoticias.com.br\/index.php\/2025\/08\/14\/juiz-que-soltou-bandido-com-86-passagens-pela-policia-e-marido-de-filosofa-defensora-do-assalto\/#primaryimage\",\"url\":\"https:\/\/jornalfatosenoticias.com.br\/wp-content\/uploads\/2025\/08\/casal-comunista-casara-tiburi.jpg\",\"contentUrl\":\"https:\/\/jornalfatosenoticias.com.br\/wp-content\/uploads\/2025\/08\/casal-comunista-casara-tiburi.jpg\",\"width\":1000,\"height\":562},{\"@type\":\"BreadcrumbList\",\"@id\":\"https:\/\/jornalfatosenoticias.com.br\/index.php\/2025\/08\/14\/juiz-que-soltou-bandido-com-86-passagens-pela-policia-e-marido-de-filosofa-defensora-do-assalto\/#breadcrumb\",\"itemListElement\":[{\"@type\":\"ListItem\",\"position\":1,\"name\":\"In\u00edcio\",\"item\":\"https:\/\/jornalfatosenoticias.com.br\/\"},{\"@type\":\"ListItem\",\"position\":2,\"name\":\"Juiz que soltou bandido com 86 passagens pela pol\u00edcia \u00e9 marido de fil\u00f3sofa defensora do assalto\"}]},{\"@type\":\"WebSite\",\"@id\":\"https:\/\/jornalfatosenoticias.com.br\/#website\",\"url\":\"https:\/\/jornalfatosenoticias.com.br\/\",\"name\":\"Jornal Fatos e Not\u00edcias\",\"description\":\"Not\u00edcias em geral\",\"publisher\":{\"@id\":\"https:\/\/jornalfatosenoticias.com.br\/#organization\"},\"potentialAction\":[{\"@type\":\"SearchAction\",\"target\":{\"@type\":\"EntryPoint\",\"urlTemplate\":\"https:\/\/jornalfatosenoticias.com.br\/?s={search_term_string}\"},\"query-input\":{\"@type\":\"PropertyValueSpecification\",\"valueRequired\":true,\"valueName\":\"search_term_string\"}}],\"inLanguage\":\"pt-BR\"},{\"@type\":\"Organization\",\"@id\":\"https:\/\/jornalfatosenoticias.com.br\/#organization\",\"name\":\"Jornal Fatos e Not\u00edcias\",\"url\":\"https:\/\/jornalfatosenoticias.com.br\/\",\"logo\":{\"@type\":\"ImageObject\",\"inLanguage\":\"pt-BR\",\"@id\":\"https:\/\/jornalfatosenoticias.com.br\/#\/schema\/logo\/image\/\",\"url\":\"https:\/\/jornalfatosenoticias.com.br\/wp-content\/uploads\/2020\/02\/logo120.png\",\"contentUrl\":\"https:\/\/jornalfatosenoticias.com.br\/wp-content\/uploads\/2020\/02\/logo120.png\",\"width\":1227,\"height\":120,\"caption\":\"Jornal Fatos e Not\u00edcias\"},\"image\":{\"@id\":\"https:\/\/jornalfatosenoticias.com.br\/#\/schema\/logo\/image\/\"}},{\"@type\":\"Person\",\"@id\":\"https:\/\/jornalfatosenoticias.com.br\/#\/schema\/person\/d63837fa13ac8666eb9e74e0985d6f81\",\"name\":\"Luzimara Fernandes\",\"image\":{\"@type\":\"ImageObject\",\"inLanguage\":\"pt-BR\",\"@id\":\"https:\/\/jornalfatosenoticias.com.br\/#\/schema\/person\/image\/\",\"url\":\"https:\/\/jornalfatosenoticias.com.br\/wp-content\/uploads\/2025\/05\/EU_portal.jpg\",\"contentUrl\":\"https:\/\/jornalfatosenoticias.com.br\/wp-content\/uploads\/2025\/05\/EU_portal.jpg\",\"caption\":\"Luzimara Fernandes\"},\"description\":\"Jornalista MTB 2358-ES\",\"sameAs\":[\"https:\/\/jornalfatosenoticias.com.br\"],\"url\":\"https:\/\/jornalfatosenoticias.com.br\/index.php\/author\/luzimara\/\"}]}<\/script>\n<!-- \/ Yoast SEO plugin. -->","yoast_head_json":{"title":"Juiz que soltou bandido com 86 passagens pela pol\u00edcia \u00e9 marido de fil\u00f3sofa defensora do assalto - Jornal Fatos e Not\u00edcias","robots":{"index":"index","follow":"follow","max-snippet":"max-snippet:-1","max-image-preview":"max-image-preview:large","max-video-preview":"max-video-preview:-1"},"canonical":"https:\/\/jornalfatosenoticias.com.br\/index.php\/2025\/08\/14\/juiz-que-soltou-bandido-com-86-passagens-pela-policia-e-marido-de-filosofa-defensora-do-assalto\/","og_locale":"pt_BR","og_type":"article","og_title":"Juiz que soltou bandido com 86 passagens pela pol\u00edcia \u00e9 marido de fil\u00f3sofa defensora do assalto - Jornal Fatos e Not\u00edcias","og_description":"Rubens Casara e Marcia Tiburi: o casal \u00e9 autor da pe\u00e7a &#8220;Um Fascista no Div\u00e3&#8221;, em que ataca o ex-presidente Jair Bolsonaro Por Omar Godoy Uma das decis\u00f5es mais controversas do ano no sistema judici\u00e1rio brasileiro foi emitida por um juiz carioca no final de julho. Rubens Casara, da 43.\u00aa Vara Criminal do Tribunal de [&hellip;]","og_url":"https:\/\/jornalfatosenoticias.com.br\/index.php\/2025\/08\/14\/juiz-que-soltou-bandido-com-86-passagens-pela-policia-e-marido-de-filosofa-defensora-do-assalto\/","og_site_name":"Jornal Fatos e Not\u00edcias","article_published_time":"2025-08-14T18:14:58+00:00","article_modified_time":"2025-08-14T18:14:59+00:00","og_image":[{"width":1000,"height":562,"url":"https:\/\/jornalfatosenoticias.com.br\/wp-content\/uploads\/2025\/08\/casal-comunista-casara-tiburi.jpg","type":"image\/jpeg"}],"author":"Luzimara Fernandes","twitter_card":"summary_large_image","twitter_misc":{"Escrito por":"Luzimara Fernandes","Est. tempo de leitura":"8 minutos"},"schema":{"@context":"https:\/\/schema.org","@graph":[{"@type":"Article","@id":"https:\/\/jornalfatosenoticias.com.br\/index.php\/2025\/08\/14\/juiz-que-soltou-bandido-com-86-passagens-pela-policia-e-marido-de-filosofa-defensora-do-assalto\/#article","isPartOf":{"@id":"https:\/\/jornalfatosenoticias.com.br\/index.php\/2025\/08\/14\/juiz-que-soltou-bandido-com-86-passagens-pela-policia-e-marido-de-filosofa-defensora-do-assalto\/"},"author":{"name":"Luzimara Fernandes","@id":"https:\/\/jornalfatosenoticias.com.br\/#\/schema\/person\/d63837fa13ac8666eb9e74e0985d6f81"},"headline":"Juiz que soltou bandido com 86 passagens pela pol\u00edcia \u00e9 marido de fil\u00f3sofa defensora do assalto","datePublished":"2025-08-14T18:14:58+00:00","dateModified":"2025-08-14T18:14:59+00:00","mainEntityOfPage":{"@id":"https:\/\/jornalfatosenoticias.com.br\/index.php\/2025\/08\/14\/juiz-que-soltou-bandido-com-86-passagens-pela-policia-e-marido-de-filosofa-defensora-do-assalto\/"},"wordCount":1692,"commentCount":0,"publisher":{"@id":"https:\/\/jornalfatosenoticias.com.br\/#organization"},"image":{"@id":"https:\/\/jornalfatosenoticias.com.br\/index.php\/2025\/08\/14\/juiz-que-soltou-bandido-com-86-passagens-pela-policia-e-marido-de-filosofa-defensora-do-assalto\/#primaryimage"},"thumbnailUrl":"https:\/\/jornalfatosenoticias.com.br\/wp-content\/uploads\/2025\/08\/casal-comunista-casara-tiburi.jpg","keywords":["Jair Bolsonaro","Judici\u00e1rio","justi\u00e7a","Lava Jato","Lula","seguran\u00e7a p\u00fablica","S\u00e9rgio Moro","STF"],"articleSection":["Geral"],"inLanguage":"pt-BR","potentialAction":[{"@type":"CommentAction","name":"Comment","target":["https:\/\/jornalfatosenoticias.com.br\/index.php\/2025\/08\/14\/juiz-que-soltou-bandido-com-86-passagens-pela-policia-e-marido-de-filosofa-defensora-do-assalto\/#respond"]}]},{"@type":"WebPage","@id":"https:\/\/jornalfatosenoticias.com.br\/index.php\/2025\/08\/14\/juiz-que-soltou-bandido-com-86-passagens-pela-policia-e-marido-de-filosofa-defensora-do-assalto\/","url":"https:\/\/jornalfatosenoticias.com.br\/index.php\/2025\/08\/14\/juiz-que-soltou-bandido-com-86-passagens-pela-policia-e-marido-de-filosofa-defensora-do-assalto\/","name":"Juiz que soltou bandido com 86 passagens pela pol\u00edcia \u00e9 marido de fil\u00f3sofa defensora do assalto - Jornal Fatos e Not\u00edcias","isPartOf":{"@id":"https:\/\/jornalfatosenoticias.com.br\/#website"},"primaryImageOfPage":{"@id":"https:\/\/jornalfatosenoticias.com.br\/index.php\/2025\/08\/14\/juiz-que-soltou-bandido-com-86-passagens-pela-policia-e-marido-de-filosofa-defensora-do-assalto\/#primaryimage"},"image":{"@id":"https:\/\/jornalfatosenoticias.com.br\/index.php\/2025\/08\/14\/juiz-que-soltou-bandido-com-86-passagens-pela-policia-e-marido-de-filosofa-defensora-do-assalto\/#primaryimage"},"thumbnailUrl":"https:\/\/jornalfatosenoticias.com.br\/wp-content\/uploads\/2025\/08\/casal-comunista-casara-tiburi.jpg","datePublished":"2025-08-14T18:14:58+00:00","dateModified":"2025-08-14T18:14:59+00:00","breadcrumb":{"@id":"https:\/\/jornalfatosenoticias.com.br\/index.php\/2025\/08\/14\/juiz-que-soltou-bandido-com-86-passagens-pela-policia-e-marido-de-filosofa-defensora-do-assalto\/#breadcrumb"},"inLanguage":"pt-BR","potentialAction":[{"@type":"ReadAction","target":["https:\/\/jornalfatosenoticias.com.br\/index.php\/2025\/08\/14\/juiz-que-soltou-bandido-com-86-passagens-pela-policia-e-marido-de-filosofa-defensora-do-assalto\/"]}]},{"@type":"ImageObject","inLanguage":"pt-BR","@id":"https:\/\/jornalfatosenoticias.com.br\/index.php\/2025\/08\/14\/juiz-que-soltou-bandido-com-86-passagens-pela-policia-e-marido-de-filosofa-defensora-do-assalto\/#primaryimage","url":"https:\/\/jornalfatosenoticias.com.br\/wp-content\/uploads\/2025\/08\/casal-comunista-casara-tiburi.jpg","contentUrl":"https:\/\/jornalfatosenoticias.com.br\/wp-content\/uploads\/2025\/08\/casal-comunista-casara-tiburi.jpg","width":1000,"height":562},{"@type":"BreadcrumbList","@id":"https:\/\/jornalfatosenoticias.com.br\/index.php\/2025\/08\/14\/juiz-que-soltou-bandido-com-86-passagens-pela-policia-e-marido-de-filosofa-defensora-do-assalto\/#breadcrumb","itemListElement":[{"@type":"ListItem","position":1,"name":"In\u00edcio","item":"https:\/\/jornalfatosenoticias.com.br\/"},{"@type":"ListItem","position":2,"name":"Juiz que soltou bandido com 86 passagens pela pol\u00edcia \u00e9 marido de fil\u00f3sofa defensora do assalto"}]},{"@type":"WebSite","@id":"https:\/\/jornalfatosenoticias.com.br\/#website","url":"https:\/\/jornalfatosenoticias.com.br\/","name":"Jornal Fatos e Not\u00edcias","description":"Not\u00edcias em geral","publisher":{"@id":"https:\/\/jornalfatosenoticias.com.br\/#organization"},"potentialAction":[{"@type":"SearchAction","target":{"@type":"EntryPoint","urlTemplate":"https:\/\/jornalfatosenoticias.com.br\/?s={search_term_string}"},"query-input":{"@type":"PropertyValueSpecification","valueRequired":true,"valueName":"search_term_string"}}],"inLanguage":"pt-BR"},{"@type":"Organization","@id":"https:\/\/jornalfatosenoticias.com.br\/#organization","name":"Jornal Fatos e Not\u00edcias","url":"https:\/\/jornalfatosenoticias.com.br\/","logo":{"@type":"ImageObject","inLanguage":"pt-BR","@id":"https:\/\/jornalfatosenoticias.com.br\/#\/schema\/logo\/image\/","url":"https:\/\/jornalfatosenoticias.com.br\/wp-content\/uploads\/2020\/02\/logo120.png","contentUrl":"https:\/\/jornalfatosenoticias.com.br\/wp-content\/uploads\/2020\/02\/logo120.png","width":1227,"height":120,"caption":"Jornal Fatos e Not\u00edcias"},"image":{"@id":"https:\/\/jornalfatosenoticias.com.br\/#\/schema\/logo\/image\/"}},{"@type":"Person","@id":"https:\/\/jornalfatosenoticias.com.br\/#\/schema\/person\/d63837fa13ac8666eb9e74e0985d6f81","name":"Luzimara Fernandes","image":{"@type":"ImageObject","inLanguage":"pt-BR","@id":"https:\/\/jornalfatosenoticias.com.br\/#\/schema\/person\/image\/","url":"https:\/\/jornalfatosenoticias.com.br\/wp-content\/uploads\/2025\/05\/EU_portal.jpg","contentUrl":"https:\/\/jornalfatosenoticias.com.br\/wp-content\/uploads\/2025\/05\/EU_portal.jpg","caption":"Luzimara Fernandes"},"description":"Jornalista MTB 2358-ES","sameAs":["https:\/\/jornalfatosenoticias.com.br"],"url":"https:\/\/jornalfatosenoticias.com.br\/index.php\/author\/luzimara\/"}]}},"cc_featured_image_caption":{"caption_text":"","source_text":"","source_url":""},"jetpack_featured_media_url":"https:\/\/jornalfatosenoticias.com.br\/wp-content\/uploads\/2025\/08\/casal-comunista-casara-tiburi.jpg","_links":{"self":[{"href":"https:\/\/jornalfatosenoticias.com.br\/index.php\/wp-json\/wp\/v2\/posts\/61262","targetHints":{"allow":["GET"]}}],"collection":[{"href":"https:\/\/jornalfatosenoticias.com.br\/index.php\/wp-json\/wp\/v2\/posts"}],"about":[{"href":"https:\/\/jornalfatosenoticias.com.br\/index.php\/wp-json\/wp\/v2\/types\/post"}],"author":[{"embeddable":true,"href":"https:\/\/jornalfatosenoticias.com.br\/index.php\/wp-json\/wp\/v2\/users\/2"}],"replies":[{"embeddable":true,"href":"https:\/\/jornalfatosenoticias.com.br\/index.php\/wp-json\/wp\/v2\/comments?post=61262"}],"version-history":[{"count":0,"href":"https:\/\/jornalfatosenoticias.com.br\/index.php\/wp-json\/wp\/v2\/posts\/61262\/revisions"}],"wp:featuredmedia":[{"embeddable":true,"href":"https:\/\/jornalfatosenoticias.com.br\/index.php\/wp-json\/wp\/v2\/media\/61263"}],"wp:attachment":[{"href":"https:\/\/jornalfatosenoticias.com.br\/index.php\/wp-json\/wp\/v2\/media?parent=61262"}],"wp:term":[{"taxonomy":"category","embeddable":true,"href":"https:\/\/jornalfatosenoticias.com.br\/index.php\/wp-json\/wp\/v2\/categories?post=61262"},{"taxonomy":"post_tag","embeddable":true,"href":"https:\/\/jornalfatosenoticias.com.br\/index.php\/wp-json\/wp\/v2\/tags?post=61262"}],"curies":[{"name":"wp","href":"https:\/\/api.w.org\/{rel}","templated":true}]}}