{"id":61268,"date":"2025-08-14T15:35:33","date_gmt":"2025-08-14T18:35:33","guid":{"rendered":"https:\/\/jornalfatosenoticias.com.br\/?p=61268"},"modified":"2025-08-14T15:35:34","modified_gmt":"2025-08-14T18:35:34","slug":"como-dilma-usou-o-mais-medicos-para-financiar-a-ditadura-cubana","status":"publish","type":"post","link":"https:\/\/jornalfatosenoticias.com.br\/index.php\/2025\/08\/14\/como-dilma-usou-o-mais-medicos-para-financiar-a-ditadura-cubana\/","title":{"rendered":"Como Dilma usou o Mais M\u00e9dicos para financiar a ditadura cubana"},"content":{"rendered":"\n<p><em><span class=\"has-inline-color has-black-color\">Sancionada por Dilma em 2013, Mais M\u00e9dicos transferiu bilh\u00f5es para ditadura cubana<\/span><\/em><\/p>\n\n\n\n<p><span class=\"has-inline-color has-black-color\">Por <strong><a href=\"https:\/\/www.gazetadopovo.com.br\/autor\/vinicius-sales\/\">Vin\u00edcius Sales<\/a><\/strong><\/span><\/p>\n\n\n\n<div class=\"wp-block-image\"><figure class=\"aligncenter size-large\"><a href=\"https:\/\/mizu.com.br\/\"><img loading=\"lazy\" decoding=\"async\" width=\"729\" height=\"90\" src=\"https:\/\/jornalfatosenoticias.com.br\/wp-content\/uploads\/2020\/02\/Logo_Mizu.png\" alt=\"\" class=\"wp-image-1441\" srcset=\"https:\/\/jornalfatosenoticias.com.br\/wp-content\/uploads\/2020\/02\/Logo_Mizu.png 729w, https:\/\/jornalfatosenoticias.com.br\/wp-content\/uploads\/2020\/02\/Logo_Mizu-300x37.png 300w\" sizes=\"auto, (max-width: 729px) 100vw, 729px\" \/><\/a><\/figure><\/div>\n\n\n\n<p>A pol\u00eamica que sempre cercou o programa Mais M\u00e9dicos, especialmente quanto \u00e0 parceria com Cuba, ganha novos contornos e refor\u00e7a a percep\u00e7\u00e3o de que a sa\u00fade dos brasileiros foi instrumentalizada para fins ideol\u00f3gicos e diplom\u00e1ticos. Nesta quarta-feira (13), o governo dos Estados Unidos revogou os vistos de ex-funcion\u00e1rios do Minist\u00e9rio da Sa\u00fade da gest\u00e3o Dilma Rousseff (2011-2016), em uma a\u00e7\u00e3o que refor\u00e7a as den\u00fancias de que o programa teria funcionado como um &#8220;golpe diplom\u00e1tico inconceb\u00edvel&#8221; e um esquema de explora\u00e7\u00e3o de m\u00e3o de obra cubana.<br>Entre os sancionados pelo Departamento de Estado americano est\u00e3o Mozart Julio Tabosa Sales e Alberto Kleiman, que atuaram na gest\u00e3o do Mais M\u00e9dicos durante o governo Dilma. A acusa\u00e7\u00e3o \u00e9 grave: ambos s\u00e3o considerados c\u00famplices de um &#8220;esquema de exporta\u00e7\u00e3o de m\u00e3o de obra for\u00e7ada do regime cubano&#8221;, por terem &#8220;conscientemente pago ao regime cubano o que era devido aos profissionais de sa\u00fade cubanos&#8221;.<\/p>\n\n\n\n<div class=\"wp-block-image\"><figure class=\"aligncenter size-large\"><a href=\"http:\/\/www.ferrarimaquinas.com.br\/\"><img loading=\"lazy\" decoding=\"async\" width=\"300\" height=\"250\" src=\"https:\/\/jornalfatosenoticias.com.br\/wp-content\/uploads\/2022\/02\/FERRARI_MAQUINAS-E-FERRAMENTAS2.jpg\" alt=\"\" class=\"wp-image-27860\"\/><\/a><\/figure><\/div>\n\n\n\n<p>Segundo o Departamento de Estado, a medida &#8220;envia uma mensagem inequ\u00edvoca de que os Estados Unidos promovem a responsabiliza\u00e7\u00e3o daqueles que permitem o esquema de exporta\u00e7\u00e3o de trabalho for\u00e7ado do regime cubano&#8221;. No mesmo dia, o Tribunal de Contas da Uni\u00e3o (TCU) divulgou um relat\u00f3rio apontando falhas graves no programa, como a aus\u00eancia de diagn\u00f3stico preciso sobre a real necessidade de m\u00e9dicos e a falta de metas e indicadores para medir a efetividade da iniciativa.<\/p>\n\n\n\n<div class=\"wp-block-image\"><figure class=\"aligncenter size-large is-resized\"><a href=\"https:\/\/www.controlsystems.com.br\/\"><img loading=\"lazy\" decoding=\"async\" src=\"https:\/\/jornalfatosenoticias.com.br\/wp-content\/uploads\/2020\/02\/CONTROL-CS.jpg\" alt=\"\" class=\"wp-image-44991\" width=\"250\" height=\"300\" srcset=\"https:\/\/jornalfatosenoticias.com.br\/wp-content\/uploads\/2020\/02\/CONTROL-CS.jpg 834w, https:\/\/jornalfatosenoticias.com.br\/wp-content\/uploads\/2020\/02\/CONTROL-CS-250x300.jpg 250w, https:\/\/jornalfatosenoticias.com.br\/wp-content\/uploads\/2020\/02\/CONTROL-CS-768x921.jpg 768w\" sizes=\"auto, (max-width: 250px) 100vw, 250px\" \/><\/a><\/figure><\/div>\n\n\n\n<p>Lan\u00e7ado em outubro de 2013, o Mais M\u00e9dicos foi apresentado como uma a\u00e7\u00e3o para suprir a escassez de profissionais de sa\u00fade em \u00e1reas carentes e remotas do Brasil. No entanto, documentos diplom\u00e1ticos revelados recentemente mostram que a iniciativa partiu do pr\u00f3prio governo cubano, que via nas miss\u00f5es m\u00e9dicas uma fonte de renda para sustentar a ditadura. Os telegramas da embaixada brasileira em Cuba, antes sigilosos, confirmam que o Brasil aceitou todas as exig\u00eancias impostas por Havana, incluindo a obrigatoriedade de retorno dos m\u00e9dicos \u00e0 ilha mesmo que desejassem permanecer no Brasil.<\/p>\n\n\n\n<div class=\"wp-block-image\"><figure class=\"aligncenter size-large is-resized\"><a href=\"https:\/\/www.instagram.com\/gruposei\/\"><img loading=\"lazy\" decoding=\"async\" src=\"https:\/\/jornalfatosenoticias.com.br\/wp-content\/uploads\/2022\/07\/Logo-Grupo-SEI.jpg\" alt=\"\" class=\"wp-image-31973\" width=\"375\" height=\"197\" srcset=\"https:\/\/jornalfatosenoticias.com.br\/wp-content\/uploads\/2022\/07\/Logo-Grupo-SEI.jpg 713w, https:\/\/jornalfatosenoticias.com.br\/wp-content\/uploads\/2022\/07\/Logo-Grupo-SEI-300x158.jpg 300w\" sizes=\"auto, (max-width: 375px) 100vw, 375px\" \/><\/a><\/figure><\/div>\n\n\n\n<p><strong><span class=\"has-inline-color has-black-color\">Acordo internacional canalizou bilh\u00f5es para o regime cubano<br><\/span><\/strong>O principal ponto de disc\u00f3rdia inicial era o valor pago aos profissionais de sa\u00fade. O consenso era de que os m\u00e9dicos cubanos receberiam apenas entre 15% e 25% do montante, e o restante seria transferido diretamente aos cofres do regime. Para viabilizar esse modelo e contornar a necessidade de aprova\u00e7\u00e3o do Congresso Nacional, o governo Dilma articulou uma triangula\u00e7\u00e3o com a Organiza\u00e7\u00e3o Pan-Americana da Sa\u00fade (Opas), que serviu como marco jur\u00eddico para a contrata\u00e7\u00e3o.<\/p>\n\n\n\n<div class=\"wp-block-image\"><figure class=\"aligncenter size-large is-resized\"><a href=\"https:\/\/www.facebook.com\/profile.php?id=100069289606145\"><img loading=\"lazy\" decoding=\"async\" src=\"https:\/\/jornalfatosenoticias.com.br\/wp-content\/uploads\/2024\/11\/Guaitolini-Contabilidade-1024x714.jpeg\" alt=\"\" class=\"wp-image-55808\" width=\"318\" height=\"221\" srcset=\"https:\/\/jornalfatosenoticias.com.br\/wp-content\/uploads\/2024\/11\/Guaitolini-Contabilidade-1024x714.jpeg 1024w, https:\/\/jornalfatosenoticias.com.br\/wp-content\/uploads\/2024\/11\/Guaitolini-Contabilidade-300x209.jpeg 300w, https:\/\/jornalfatosenoticias.com.br\/wp-content\/uploads\/2024\/11\/Guaitolini-Contabilidade-768x535.jpeg 768w, https:\/\/jornalfatosenoticias.com.br\/wp-content\/uploads\/2024\/11\/Guaitolini-Contabilidade.jpeg 1280w\" sizes=\"auto, (max-width: 318px) 100vw, 318px\" \/><\/a><\/figure><\/div>\n\n\n\n<p>Na pr\u00e1tica, o programa ganhou uma &#8220;roupagem simp\u00e1tica&#8221; para encobrir um acordo celebrado nos bastidores com uma das mais duras ditaduras latino-americanas. O objetivo: financiar a opress\u00e3o comandada pela fam\u00edlia Castro em troca da m\u00e3o de obra de m\u00e9dicos ref\u00e9ns do regime. Segundo relat\u00f3rio da Comiss\u00e3o de Assuntos Sociais do Senado (CAS), entre 2013 e 2017, o governo brasileiro gastou cerca de R$ 13 bilh\u00f5es com o programa, dos quais mais da metade \u2014 cerca de R$ 7 bilh\u00f5es \u2014 foram enviados ao exterior para o conv\u00eanio com Cuba.<\/p>\n\n\n\n<div class=\"wp-block-image\"><figure class=\"aligncenter size-large is-resized\"><a href=\"https:\/\/www.instagram.com\/serra4x4cambioautomatico\/\"><img loading=\"lazy\" decoding=\"async\" src=\"https:\/\/jornalfatosenoticias.com.br\/wp-content\/uploads\/2024\/08\/Serra-4x4-1-886x1024.jpg\" alt=\"\" class=\"wp-image-53632\" width=\"263\" height=\"304\" srcset=\"https:\/\/jornalfatosenoticias.com.br\/wp-content\/uploads\/2024\/08\/Serra-4x4-1-886x1024.jpg 886w, https:\/\/jornalfatosenoticias.com.br\/wp-content\/uploads\/2024\/08\/Serra-4x4-1-260x300.jpg 260w, https:\/\/jornalfatosenoticias.com.br\/wp-content\/uploads\/2024\/08\/Serra-4x4-1-768x888.jpg 768w, https:\/\/jornalfatosenoticias.com.br\/wp-content\/uploads\/2024\/08\/Serra-4x4-1.jpg 1181w\" sizes=\"auto, (max-width: 263px) 100vw, 263px\" \/><\/a><\/figure><\/div>\n\n\n\n<p>Em 2019, a m\u00e9dica cubana Tatiana Carballo relatou \u00e0 BBC que desembarcou no Brasil em 2014 ap\u00f3s um curso de 45 dias de portugu\u00eas. Foi colocada em um avi\u00e3o pelo regime, sem informa\u00e7\u00f5es detalhadas sobre seu destino. Em Limeira (SP), ela atendia de 25 a 30 pacientes por dia e recebia R$ 1,2 mil mensais, enquanto colegas de outras nacionalidades ganhavam R$ 11 mil.<\/p>\n\n\n\n<div class=\"wp-block-image\"><figure class=\"aligncenter size-large is-resized\"><a href=\"https:\/\/www.legisjuris.com.br\/\"><img loading=\"lazy\" decoding=\"async\" src=\"https:\/\/jornalfatosenoticias.com.br\/wp-content\/uploads\/2024\/09\/Legis-Juris-Consultoria_logo.jpg\" alt=\"\" class=\"wp-image-53915\" width=\"506\" height=\"212\" srcset=\"https:\/\/jornalfatosenoticias.com.br\/wp-content\/uploads\/2024\/09\/Legis-Juris-Consultoria_logo.jpg 969w, https:\/\/jornalfatosenoticias.com.br\/wp-content\/uploads\/2024\/09\/Legis-Juris-Consultoria_logo-300x126.jpg 300w, https:\/\/jornalfatosenoticias.com.br\/wp-content\/uploads\/2024\/09\/Legis-Juris-Consultoria_logo-768x322.jpg 768w\" sizes=\"auto, (max-width: 506px) 100vw, 506px\" \/><\/a><\/figure><\/div>\n\n\n\n<p>Tatiana e outros tr\u00eas m\u00e9dicos cubanos desertaram do programa e moveram uma a\u00e7\u00e3o coletiva contra a Opas nos Estados Unidos, acusando a organiza\u00e7\u00e3o de participar de um suposto esquema de trabalho an\u00e1logo \u00e0 escravid\u00e3o e tr\u00e1fico humano. Eles alegam que a Opas lucrou aproximadamente US$ 75 milh\u00f5es e que o governo cubano reteve cerca US$ 1,3 bilh\u00e3o com o modelo. Em 2021, o secret\u00e1rio de Estado dos EUA, Antony Blinken, afirmou que Cuba lucra com miss\u00f5es m\u00e9dicas no exterior h\u00e1 mais de uma d\u00e9cada, confiscando documentos e sal\u00e1rios dos profissionais.<\/p>\n\n\n\n<div class=\"wp-block-image\"><figure class=\"aligncenter size-large is-resized\"><a href=\"https:\/\/panper.com.br\/\"><img loading=\"lazy\" decoding=\"async\" src=\"https:\/\/jornalfatosenoticias.com.br\/wp-content\/uploads\/2023\/03\/logo-Panper_portal.jpg\" alt=\"\" class=\"wp-image-40208\" width=\"351\" height=\"243\" srcset=\"https:\/\/jornalfatosenoticias.com.br\/wp-content\/uploads\/2023\/03\/logo-Panper_portal.jpg 400w, https:\/\/jornalfatosenoticias.com.br\/wp-content\/uploads\/2023\/03\/logo-Panper_portal-300x208.jpg 300w\" sizes=\"auto, (max-width: 351px) 100vw, 351px\" \/><\/a><\/figure><\/div>\n\n\n\n<p><strong><span class=\"has-inline-color has-black-color\">MP aprovada em 2013 dispensou revalida\u00e7\u00e3o de diploma e ampliou alcance do programa<br><\/span><\/strong>Outra pol\u00eamica envolvendo o programa foi a dispensa da revalida\u00e7\u00e3o do diploma dos m\u00e9dicos cubanos. Pela Medida Provis\u00f3ria (MP) sancionada por Dilma, e aprovada no Senado, esses profissionais poderiam atuar por at\u00e9 tr\u00eas anos sem necessidade de revalida\u00e7\u00e3o no Brasil. Para continuar al\u00e9m desse per\u00edodo, teriam de integrar uma &#8220;carreira m\u00e9dica espec\u00edfica&#8221;, cuja regulamenta\u00e7\u00e3o dependeria de um projeto de lei futuro.<\/p>\n\n\n\n<div class=\"wp-block-image\"><figure class=\"aligncenter size-large is-resized\"><a href=\"https:\/\/www.instagram.com\/restaurantepegoretti\/\"><img loading=\"lazy\" decoding=\"async\" src=\"https:\/\/jornalfatosenoticias.com.br\/wp-content\/uploads\/2023\/12\/pegoretti-logo-pdf-1024x389.jpg\" alt=\"\" class=\"wp-image-47536\" width=\"511\" height=\"194\" srcset=\"https:\/\/jornalfatosenoticias.com.br\/wp-content\/uploads\/2023\/12\/pegoretti-logo-pdf-1024x389.jpg 1024w, https:\/\/jornalfatosenoticias.com.br\/wp-content\/uploads\/2023\/12\/pegoretti-logo-pdf-300x114.jpg 300w, https:\/\/jornalfatosenoticias.com.br\/wp-content\/uploads\/2023\/12\/pegoretti-logo-pdf-768x291.jpg 768w, https:\/\/jornalfatosenoticias.com.br\/wp-content\/uploads\/2023\/12\/pegoretti-logo-pdf.jpg 1120w\" sizes=\"auto, (max-width: 511px) 100vw, 511px\" \/><\/a><\/figure><\/div>\n\n\n\n<p>A normativa tamb\u00e9m transferiu para o Minist\u00e9rio da Sa\u00fade a responsabilidade pelo registro dos m\u00e9dicos estrangeiros, retirando essa fun\u00e7\u00e3o dos Conselhos Regionais de Medicina (CRMs). Aos conselhos coube apenas a fiscaliza\u00e7\u00e3o da atua\u00e7\u00e3o dentro do programa, enquanto o exerc\u00edcio da Medicina fora do Mais M\u00e9dicos permaneceu vedado a esses profissionais.<\/p>\n\n\n\n<div class=\"wp-block-image\"><figure class=\"aligncenter size-large is-resized\"><a href=\"https:\/\/www.instagram.com\/rcradiadores\/\"><img loading=\"lazy\" decoding=\"async\" src=\"https:\/\/jornalfatosenoticias.com.br\/wp-content\/uploads\/2022\/10\/RC_800x750_page-0001.jpg\" alt=\"\" class=\"wp-image-35338\" width=\"300\" height=\"281\" srcset=\"https:\/\/jornalfatosenoticias.com.br\/wp-content\/uploads\/2022\/10\/RC_800x750_page-0001.jpg 400w, https:\/\/jornalfatosenoticias.com.br\/wp-content\/uploads\/2022\/10\/RC_800x750_page-0001-300x281.jpg 300w\" sizes=\"auto, (max-width: 300px) 100vw, 300px\" \/><\/a><\/figure><\/div>\n\n\n\n<p>Outra altera\u00e7\u00e3o relevante inclu\u00edda no texto foi a prioridade de contrata\u00e7\u00e3o para m\u00e9dicos aposentados. Al\u00e9m disso, a MP trouxe mudan\u00e7as estruturais na forma\u00e7\u00e3o m\u00e9dica no pa\u00eds. At\u00e9 o fim de 2018, os programas de resid\u00eancia m\u00e9dica deveriam garantir vagas anuais equivalentes ao n\u00famero de formandos do ano anterior. E o internato \u2014 est\u00e1gio obrigat\u00f3rio no final do curso \u2014 passou a destinar pelo menos 30% de sua carga hor\u00e1ria \u00e0 aten\u00e7\u00e3o b\u00e1sica e aos servi\u00e7os de urg\u00eancia e emerg\u00eancia do SUS.<\/p>\n\n\n\n<div class=\"wp-block-image\"><figure class=\"aligncenter size-large is-resized\"><a href=\"https:\/\/www.facebook.com\/vetor.vix\/\"><img loading=\"lazy\" decoding=\"async\" src=\"https:\/\/jornalfatosenoticias.com.br\/wp-content\/uploads\/2023\/09\/vetorvix1024_1.jpg\" alt=\"\" class=\"wp-image-44868\" width=\"550\" height=\"146\" srcset=\"https:\/\/jornalfatosenoticias.com.br\/wp-content\/uploads\/2023\/09\/vetorvix1024_1.jpg 1024w, https:\/\/jornalfatosenoticias.com.br\/wp-content\/uploads\/2023\/09\/vetorvix1024_1-300x80.jpg 300w, https:\/\/jornalfatosenoticias.com.br\/wp-content\/uploads\/2023\/09\/vetorvix1024_1-768x205.jpg 768w\" sizes=\"auto, (max-width: 550px) 100vw, 550px\" \/><\/a><\/figure><\/div>\n\n\n\n<p><strong><span class=\"has-inline-color has-black-color\">Cuba encerrou programa ap\u00f3s vit\u00f3ria de Bolsonaro<br><\/span><\/strong>Ap\u00f3s a elei\u00e7\u00e3o de Jair Bolsonaro, em 2018, o regime cubano anunciou a sa\u00edda do programa diante das exig\u00eancias do presidente eleito: pagamento direto aos m\u00e9dicos, revalida\u00e7\u00e3o dos diplomas, testes de capacidade e permiss\u00e3o para vinda das fam\u00edlias. Cerca de 8,5 mil m\u00e9dicos cubanos, que ocupavam quase metade das vagas do programa, deixaram abruptamente o Brasil. A retirada afetou especialmente regi\u00f5es remotas, periferias urbanas e distritos ind\u00edgenas, criando um v\u00e1cuo assistencial imediato.<\/p>\n\n\n\n<div class=\"wp-block-image\"><figure class=\"aligncenter size-large is-resized\"><a href=\"https:\/\/www.facebook.com\/postobkr\/?locale=pt_BR\"><img loading=\"lazy\" decoding=\"async\" src=\"https:\/\/jornalfatosenoticias.com.br\/wp-content\/uploads\/2023\/08\/BKR-1024x1021.jpg\" alt=\"\" class=\"wp-image-44494\" width=\"303\" height=\"302\" srcset=\"https:\/\/jornalfatosenoticias.com.br\/wp-content\/uploads\/2023\/08\/BKR-1024x1021.jpg 1024w, https:\/\/jornalfatosenoticias.com.br\/wp-content\/uploads\/2023\/08\/BKR-300x300.jpg 300w, https:\/\/jornalfatosenoticias.com.br\/wp-content\/uploads\/2023\/08\/BKR-150x150.jpg 150w, https:\/\/jornalfatosenoticias.com.br\/wp-content\/uploads\/2023\/08\/BKR-768x766.jpg 768w, https:\/\/jornalfatosenoticias.com.br\/wp-content\/uploads\/2023\/08\/BKR.jpg 1080w\" sizes=\"auto, (max-width: 303px) 100vw, 303px\" \/><\/a><\/figure><\/div>\n\n\n\n<p>Como resposta, o governo Bolsonaro lan\u00e7ou, em 1.\u00ba de agosto de 2019, o programa M\u00e9dicos pelo Brasil, com 18 mil vagas \u2014 sete mil a mais que o modelo anterior. A nova proposta priorizava localidades com maiores d\u00e9ficits assistenciais, especialmente no Norte e Nordeste.<\/p>\n\n\n\n<div class=\"wp-block-image\"><figure class=\"aligncenter size-large is-resized\"><a href=\"https:\/\/www.instagram.com\/esteio.churrascaria\/\"><img loading=\"lazy\" decoding=\"async\" src=\"https:\/\/jornalfatosenoticias.com.br\/wp-content\/uploads\/2022\/02\/LOGO-ESTEIO-1024x730.png\" alt=\"\" class=\"wp-image-27942\" width=\"341\" height=\"243\" srcset=\"https:\/\/jornalfatosenoticias.com.br\/wp-content\/uploads\/2022\/02\/LOGO-ESTEIO-1024x730.png 1024w, https:\/\/jornalfatosenoticias.com.br\/wp-content\/uploads\/2022\/02\/LOGO-ESTEIO-300x214.png 300w, https:\/\/jornalfatosenoticias.com.br\/wp-content\/uploads\/2022\/02\/LOGO-ESTEIO-768x548.png 768w, https:\/\/jornalfatosenoticias.com.br\/wp-content\/uploads\/2022\/02\/LOGO-ESTEIO.png 1123w\" sizes=\"auto, (max-width: 341px) 100vw, 341px\" \/><\/a><\/figure><\/div>\n\n\n\n<p><strong><span class=\"has-inline-color has-black-color\">Entre as mudan\u00e7as introduzidas estavam:<br><\/span><\/strong>\u2705 Contrata\u00e7\u00e3o via CLT, substituindo os contratos tempor\u00e1rios do modelo anterior;<br>\u2705 Sal\u00e1rio l\u00edquido de R$ 12 mil, com gratifica\u00e7\u00f5es de R$ 3 mil para \u00e1reas rurais e R$ 6 mil para regi\u00f5es ribeirinhas;<br>\u2705 Progress\u00e3o salarial baseada em desempenho e indicadores de qualidade, com bonifica\u00e7\u00e3o entre 11% e 30%.<\/p>\n\n\n\n<div class=\"wp-block-image\"><figure class=\"aligncenter size-large\"><a href=\"https:\/\/www.cesconetto.com.br\/\"><img loading=\"lazy\" decoding=\"async\" width=\"300\" height=\"250\" src=\"https:\/\/jornalfatosenoticias.com.br\/wp-content\/uploads\/2020\/02\/Banner-2.png\" alt=\"\" class=\"wp-image-43787\"\/><\/a><\/figure><\/div>\n\n\n\n<p><span class=\"has-inline-color has-black-color\"><strong>Retomado por Lula, Mais M\u00e9dicos volta a ser questionado pelo TCU<br><\/strong><\/span>Em 2023, Luiz In\u00e1cio Lula da Silva sancionou a lei que recriou o programa, agora denominado &#8220;Programa Mais M\u00e9dicos para o Brasil&#8221;. A proposta previa a prioriza\u00e7\u00e3o de profissionais formados no pa\u00eds e a redu\u00e7\u00e3o da depend\u00eancia de estrangeiros. O edital abriu 15 mil vagas imediatas, somadas a outras 13 mil j\u00e1 ocupadas.<\/p>\n\n\n\n<div class=\"wp-block-image\"><figure class=\"aligncenter size-large is-resized\"><a href=\"https:\/\/hotelmarquetti.com.br\/\"><img loading=\"lazy\" decoding=\"async\" src=\"https:\/\/jornalfatosenoticias.com.br\/wp-content\/uploads\/2020\/02\/LOGO-MQ-1024x680.jpg\" alt=\"\" class=\"wp-image-58299\" width=\"357\" height=\"237\" srcset=\"https:\/\/jornalfatosenoticias.com.br\/wp-content\/uploads\/2020\/02\/LOGO-MQ-1024x680.jpg 1024w, https:\/\/jornalfatosenoticias.com.br\/wp-content\/uploads\/2020\/02\/LOGO-MQ-300x199.jpg 300w, https:\/\/jornalfatosenoticias.com.br\/wp-content\/uploads\/2020\/02\/LOGO-MQ-768x510.jpg 768w, https:\/\/jornalfatosenoticias.com.br\/wp-content\/uploads\/2020\/02\/LOGO-MQ-1536x1020.jpg 1536w, https:\/\/jornalfatosenoticias.com.br\/wp-content\/uploads\/2020\/02\/LOGO-MQ-2048x1360.jpg 2048w\" sizes=\"auto, (max-width: 357px) 100vw, 357px\" \/><\/a><\/figure><\/div>\n\n\n\n<p>Com contratos de quatro anos, prorrog\u00e1veis por igual per\u00edodo, o novo modelo estipulou sal\u00e1rio inicial de R$ 12,8 mil, com incentivos de 10% a 20% para m\u00e9dicos em \u00e1reas remotas ou vulner\u00e1veis. Apesar da reformula\u00e7\u00e3o, o programa voltou a ser alvo de cr\u00edticas. Um relat\u00f3rio do TCU apontou falhas graves na reativa\u00e7\u00e3o da pol\u00edtica: aus\u00eancia de diagn\u00f3stico claro sobre a demanda por m\u00e9dicos, falta de metas e indicadores de custo-efetividade, e uma gest\u00e3o de riscos deficiente.<\/p>\n\n\n\n<div class=\"wp-block-image\"><figure class=\"aligncenter size-large is-resized\"><a href=\"https:\/\/www.instagram.com\/serra4x4cambioautomatico\/\"><img loading=\"lazy\" decoding=\"async\" src=\"https:\/\/jornalfatosenoticias.com.br\/wp-content\/uploads\/2024\/08\/Serra-4x4-1-886x1024.jpg\" alt=\"\" class=\"wp-image-53632\" width=\"273\" height=\"315\" srcset=\"https:\/\/jornalfatosenoticias.com.br\/wp-content\/uploads\/2024\/08\/Serra-4x4-1-886x1024.jpg 886w, https:\/\/jornalfatosenoticias.com.br\/wp-content\/uploads\/2024\/08\/Serra-4x4-1-260x300.jpg 260w, https:\/\/jornalfatosenoticias.com.br\/wp-content\/uploads\/2024\/08\/Serra-4x4-1-768x888.jpg 768w, https:\/\/jornalfatosenoticias.com.br\/wp-content\/uploads\/2024\/08\/Serra-4x4-1.jpg 1181w\" sizes=\"auto, (max-width: 273px) 100vw, 273px\" \/><\/a><\/figure><\/div>\n\n\n\n<p>Segundo o ministro Jhonatan de Jesus, relator da auditoria, n\u00e3o houve comprova\u00e7\u00e3o da car\u00eancia de profissionais em 2023, nem an\u00e1lise de alternativas vi\u00e1veis antes da retomada do projeto. \u201cO exame revela governan\u00e7a satisfat\u00f3ria em coordena\u00e7\u00e3o e monitoramento, mas debilidades relevantes em diagn\u00f3stico, an\u00e1lise de alternativas, especifica\u00e7\u00e3o de metas, indicadores de custo-efetividade e gest\u00e3o de riscos. Tais fragilidades n\u00e3o configuram ilicitude, mas podem reduzir efici\u00eancia e transpar\u00eancia do gasto p\u00fablico\u201d, escreveu o ministro.<\/p>\n\n\n\n<div class=\"wp-block-image\"><figure class=\"aligncenter size-large is-resized\"><a href=\"https:\/\/www.instagram.com\/gruposei\/\"><img loading=\"lazy\" decoding=\"async\" src=\"https:\/\/jornalfatosenoticias.com.br\/wp-content\/uploads\/2022\/07\/Logo-Grupo-SEI.jpg\" alt=\"\" class=\"wp-image-31973\" width=\"375\" height=\"197\" srcset=\"https:\/\/jornalfatosenoticias.com.br\/wp-content\/uploads\/2022\/07\/Logo-Grupo-SEI.jpg 713w, https:\/\/jornalfatosenoticias.com.br\/wp-content\/uploads\/2022\/07\/Logo-Grupo-SEI-300x158.jpg 300w\" sizes=\"auto, (max-width: 375px) 100vw, 375px\" \/><\/a><\/figure><\/div>\n\n\n\n<p>Em resposta, o Minist\u00e9rio da Sa\u00fade informou que trabalha em parceria com universidades federais para criar indicadores, simular impactos e desenvolver algoritmos que priorizem \u00e1reas mais vulner\u00e1veis. Segundo a pasta, o programa conta atualmente com 26,4 mil m\u00e9dicos atuando em 4,5 mil munic\u00edpios e em todos os Distritos Sanit\u00e1rios Especiais Ind\u00edgenas, mais que o dobro registrado em 2022.<\/p>\n\n\n\n<p><strong>Fonte: <a href=\"https:\/\/www.gazetadopovo.com.br\/republica\/como-dilma-usou-mais-medicos-para-financiar-ditadura-cubana\/\">Gazeta do Povo<\/a><\/strong><\/p>\n","protected":false},"excerpt":{"rendered":"<p>Sancionada por Dilma em 2013, Mais M\u00e9dicos transferiu bilh\u00f5es para ditadura cubana Por Vin\u00edcius Sales A pol\u00eamica que sempre cercou o programa Mais M\u00e9dicos, especialmente quanto \u00e0 parceria com Cuba, ganha novos contornos e refor\u00e7a a percep\u00e7\u00e3o de que a sa\u00fade dos brasileiros foi instrumentalizada para fins ideol\u00f3gicos e diplom\u00e1ticos. Nesta quarta-feira (13), o governo [&hellip;]<\/p>\n","protected":false},"author":3,"featured_media":61269,"comment_status":"open","ping_status":"open","sticky":false,"template":"","format":"standard","meta":{"footnotes":""},"categories":[10],"tags":[5043,13991,19821,27912,27911,447,27910,26888,27909],"class_list":["post-61268","post","type-post","status-publish","format-standard","has-post-thumbnail","hentry","category-politica","tag-cuba","tag-dilma-rousseff","tag-ditadura-cubana","tag-exploracao-de-mao-de-obra-cubana","tag-fins-ideologicos","tag-ministerio-da-saude","tag-programa-mais-medicos","tag-regime-cubano","tag-saude-instrumentalizada"],"yoast_head":"<!-- This site is optimized with the Yoast SEO plugin v26.5 - https:\/\/yoast.com\/wordpress\/plugins\/seo\/ -->\n<title>Como Dilma usou o Mais M\u00e9dicos para financiar a ditadura cubana - Jornal Fatos e Not\u00edcias<\/title>\n<meta name=\"robots\" content=\"index, follow, max-snippet:-1, max-image-preview:large, max-video-preview:-1\" \/>\n<link rel=\"canonical\" href=\"https:\/\/jornalfatosenoticias.com.br\/index.php\/2025\/08\/14\/como-dilma-usou-o-mais-medicos-para-financiar-a-ditadura-cubana\/\" \/>\n<meta property=\"og:locale\" content=\"pt_BR\" \/>\n<meta property=\"og:type\" content=\"article\" \/>\n<meta property=\"og:title\" content=\"Como Dilma usou o Mais M\u00e9dicos para financiar a ditadura cubana - Jornal Fatos e Not\u00edcias\" \/>\n<meta property=\"og:description\" content=\"Sancionada por Dilma em 2013, Mais M\u00e9dicos transferiu bilh\u00f5es para ditadura cubana Por Vin\u00edcius Sales A pol\u00eamica que sempre cercou o programa Mais M\u00e9dicos, especialmente quanto \u00e0 parceria com Cuba, ganha novos contornos e refor\u00e7a a percep\u00e7\u00e3o de que a sa\u00fade dos brasileiros foi instrumentalizada para fins ideol\u00f3gicos e diplom\u00e1ticos. Nesta quarta-feira (13), o governo [&hellip;]\" \/>\n<meta property=\"og:url\" content=\"https:\/\/jornalfatosenoticias.com.br\/index.php\/2025\/08\/14\/como-dilma-usou-o-mais-medicos-para-financiar-a-ditadura-cubana\/\" \/>\n<meta property=\"og:site_name\" content=\"Jornal Fatos e Not\u00edcias\" \/>\n<meta property=\"article:published_time\" content=\"2025-08-14T18:35:33+00:00\" \/>\n<meta property=\"article:modified_time\" content=\"2025-08-14T18:35:34+00:00\" \/>\n<meta property=\"og:image\" content=\"https:\/\/jornalfatosenoticias.com.br\/wp-content\/uploads\/2025\/08\/dilmanta-mais-medicos-cuba_gettyimages.jpg\" \/>\n\t<meta property=\"og:image:width\" content=\"1000\" \/>\n\t<meta property=\"og:image:height\" content=\"665\" \/>\n\t<meta property=\"og:image:type\" content=\"image\/jpeg\" \/>\n<meta name=\"author\" content=\"Haroldo Filho\" \/>\n<meta name=\"twitter:card\" content=\"summary_large_image\" \/>\n<meta name=\"twitter:label1\" content=\"Escrito por\" \/>\n\t<meta name=\"twitter:data1\" content=\"Haroldo Filho\" \/>\n\t<meta name=\"twitter:label2\" content=\"Est. tempo de leitura\" \/>\n\t<meta name=\"twitter:data2\" content=\"7 minutos\" \/>\n<script type=\"application\/ld+json\" class=\"yoast-schema-graph\">{\"@context\":\"https:\/\/schema.org\",\"@graph\":[{\"@type\":\"Article\",\"@id\":\"https:\/\/jornalfatosenoticias.com.br\/index.php\/2025\/08\/14\/como-dilma-usou-o-mais-medicos-para-financiar-a-ditadura-cubana\/#article\",\"isPartOf\":{\"@id\":\"https:\/\/jornalfatosenoticias.com.br\/index.php\/2025\/08\/14\/como-dilma-usou-o-mais-medicos-para-financiar-a-ditadura-cubana\/\"},\"author\":{\"name\":\"Haroldo Filho\",\"@id\":\"https:\/\/jornalfatosenoticias.com.br\/#\/schema\/person\/05c46cc25b42a5c27e004fb0fa6b4965\"},\"headline\":\"Como Dilma usou o Mais M\u00e9dicos para financiar a ditadura cubana\",\"datePublished\":\"2025-08-14T18:35:33+00:00\",\"dateModified\":\"2025-08-14T18:35:34+00:00\",\"mainEntityOfPage\":{\"@id\":\"https:\/\/jornalfatosenoticias.com.br\/index.php\/2025\/08\/14\/como-dilma-usou-o-mais-medicos-para-financiar-a-ditadura-cubana\/\"},\"wordCount\":1470,\"commentCount\":0,\"publisher\":{\"@id\":\"https:\/\/jornalfatosenoticias.com.br\/#organization\"},\"image\":{\"@id\":\"https:\/\/jornalfatosenoticias.com.br\/index.php\/2025\/08\/14\/como-dilma-usou-o-mais-medicos-para-financiar-a-ditadura-cubana\/#primaryimage\"},\"thumbnailUrl\":\"https:\/\/jornalfatosenoticias.com.br\/wp-content\/uploads\/2025\/08\/dilmanta-mais-medicos-cuba_gettyimages.jpg\",\"keywords\":[\"Cuba\",\"Dilma Rousseff\",\"ditadura cubana\",\"explora\u00e7\u00e3o de m\u00e3o de obra cubana\",\"fins ideol\u00f3gicos\",\"Minist\u00e9rio da Sa\u00fade\",\"programa Mais M\u00e9dicos\",\"regime cubano\",\"sa\u00fade instrumentalizada\"],\"articleSection\":[\"Pol\u00edtica\"],\"inLanguage\":\"pt-BR\",\"potentialAction\":[{\"@type\":\"CommentAction\",\"name\":\"Comment\",\"target\":[\"https:\/\/jornalfatosenoticias.com.br\/index.php\/2025\/08\/14\/como-dilma-usou-o-mais-medicos-para-financiar-a-ditadura-cubana\/#respond\"]}]},{\"@type\":\"WebPage\",\"@id\":\"https:\/\/jornalfatosenoticias.com.br\/index.php\/2025\/08\/14\/como-dilma-usou-o-mais-medicos-para-financiar-a-ditadura-cubana\/\",\"url\":\"https:\/\/jornalfatosenoticias.com.br\/index.php\/2025\/08\/14\/como-dilma-usou-o-mais-medicos-para-financiar-a-ditadura-cubana\/\",\"name\":\"Como Dilma usou o Mais M\u00e9dicos para financiar a ditadura cubana - Jornal Fatos e Not\u00edcias\",\"isPartOf\":{\"@id\":\"https:\/\/jornalfatosenoticias.com.br\/#website\"},\"primaryImageOfPage\":{\"@id\":\"https:\/\/jornalfatosenoticias.com.br\/index.php\/2025\/08\/14\/como-dilma-usou-o-mais-medicos-para-financiar-a-ditadura-cubana\/#primaryimage\"},\"image\":{\"@id\":\"https:\/\/jornalfatosenoticias.com.br\/index.php\/2025\/08\/14\/como-dilma-usou-o-mais-medicos-para-financiar-a-ditadura-cubana\/#primaryimage\"},\"thumbnailUrl\":\"https:\/\/jornalfatosenoticias.com.br\/wp-content\/uploads\/2025\/08\/dilmanta-mais-medicos-cuba_gettyimages.jpg\",\"datePublished\":\"2025-08-14T18:35:33+00:00\",\"dateModified\":\"2025-08-14T18:35:34+00:00\",\"breadcrumb\":{\"@id\":\"https:\/\/jornalfatosenoticias.com.br\/index.php\/2025\/08\/14\/como-dilma-usou-o-mais-medicos-para-financiar-a-ditadura-cubana\/#breadcrumb\"},\"inLanguage\":\"pt-BR\",\"potentialAction\":[{\"@type\":\"ReadAction\",\"target\":[\"https:\/\/jornalfatosenoticias.com.br\/index.php\/2025\/08\/14\/como-dilma-usou-o-mais-medicos-para-financiar-a-ditadura-cubana\/\"]}]},{\"@type\":\"ImageObject\",\"inLanguage\":\"pt-BR\",\"@id\":\"https:\/\/jornalfatosenoticias.com.br\/index.php\/2025\/08\/14\/como-dilma-usou-o-mais-medicos-para-financiar-a-ditadura-cubana\/#primaryimage\",\"url\":\"https:\/\/jornalfatosenoticias.com.br\/wp-content\/uploads\/2025\/08\/dilmanta-mais-medicos-cuba_gettyimages.jpg\",\"contentUrl\":\"https:\/\/jornalfatosenoticias.com.br\/wp-content\/uploads\/2025\/08\/dilmanta-mais-medicos-cuba_gettyimages.jpg\",\"width\":1000,\"height\":665},{\"@type\":\"BreadcrumbList\",\"@id\":\"https:\/\/jornalfatosenoticias.com.br\/index.php\/2025\/08\/14\/como-dilma-usou-o-mais-medicos-para-financiar-a-ditadura-cubana\/#breadcrumb\",\"itemListElement\":[{\"@type\":\"ListItem\",\"position\":1,\"name\":\"In\u00edcio\",\"item\":\"https:\/\/jornalfatosenoticias.com.br\/\"},{\"@type\":\"ListItem\",\"position\":2,\"name\":\"Como Dilma usou o Mais M\u00e9dicos para financiar a ditadura cubana\"}]},{\"@type\":\"WebSite\",\"@id\":\"https:\/\/jornalfatosenoticias.com.br\/#website\",\"url\":\"https:\/\/jornalfatosenoticias.com.br\/\",\"name\":\"Jornal Fatos e Not\u00edcias\",\"description\":\"Not\u00edcias em geral\",\"publisher\":{\"@id\":\"https:\/\/jornalfatosenoticias.com.br\/#organization\"},\"potentialAction\":[{\"@type\":\"SearchAction\",\"target\":{\"@type\":\"EntryPoint\",\"urlTemplate\":\"https:\/\/jornalfatosenoticias.com.br\/?s={search_term_string}\"},\"query-input\":{\"@type\":\"PropertyValueSpecification\",\"valueRequired\":true,\"valueName\":\"search_term_string\"}}],\"inLanguage\":\"pt-BR\"},{\"@type\":\"Organization\",\"@id\":\"https:\/\/jornalfatosenoticias.com.br\/#organization\",\"name\":\"Jornal Fatos e Not\u00edcias\",\"url\":\"https:\/\/jornalfatosenoticias.com.br\/\",\"logo\":{\"@type\":\"ImageObject\",\"inLanguage\":\"pt-BR\",\"@id\":\"https:\/\/jornalfatosenoticias.com.br\/#\/schema\/logo\/image\/\",\"url\":\"https:\/\/jornalfatosenoticias.com.br\/wp-content\/uploads\/2020\/02\/logo120.png\",\"contentUrl\":\"https:\/\/jornalfatosenoticias.com.br\/wp-content\/uploads\/2020\/02\/logo120.png\",\"width\":1227,\"height\":120,\"caption\":\"Jornal Fatos e Not\u00edcias\"},\"image\":{\"@id\":\"https:\/\/jornalfatosenoticias.com.br\/#\/schema\/logo\/image\/\"}},{\"@type\":\"Person\",\"@id\":\"https:\/\/jornalfatosenoticias.com.br\/#\/schema\/person\/05c46cc25b42a5c27e004fb0fa6b4965\",\"name\":\"Haroldo Filho\",\"image\":{\"@type\":\"ImageObject\",\"inLanguage\":\"pt-BR\",\"@id\":\"https:\/\/jornalfatosenoticias.com.br\/#\/schema\/person\/image\/\",\"url\":\"https:\/\/jornalfatosenoticias.com.br\/wp-content\/uploads\/2025\/08\/WhatsApp-Image-2025-08-18-at-15.30.28-150x150.jpeg\",\"contentUrl\":\"https:\/\/jornalfatosenoticias.com.br\/wp-content\/uploads\/2025\/08\/WhatsApp-Image-2025-08-18-at-15.30.28-150x150.jpeg\",\"caption\":\"Haroldo Filho\"},\"description\":\"Jornalista \u2013 DRT: 0003818\/ES Coordenador-geral da ONG Educar para Crescer\",\"url\":\"https:\/\/jornalfatosenoticias.com.br\/index.php\/author\/haroldo\/\"}]}<\/script>\n<!-- \/ Yoast SEO plugin. -->","yoast_head_json":{"title":"Como Dilma usou o Mais M\u00e9dicos para financiar a ditadura cubana - Jornal Fatos e Not\u00edcias","robots":{"index":"index","follow":"follow","max-snippet":"max-snippet:-1","max-image-preview":"max-image-preview:large","max-video-preview":"max-video-preview:-1"},"canonical":"https:\/\/jornalfatosenoticias.com.br\/index.php\/2025\/08\/14\/como-dilma-usou-o-mais-medicos-para-financiar-a-ditadura-cubana\/","og_locale":"pt_BR","og_type":"article","og_title":"Como Dilma usou o Mais M\u00e9dicos para financiar a ditadura cubana - Jornal Fatos e Not\u00edcias","og_description":"Sancionada por Dilma em 2013, Mais M\u00e9dicos transferiu bilh\u00f5es para ditadura cubana Por Vin\u00edcius Sales A pol\u00eamica que sempre cercou o programa Mais M\u00e9dicos, especialmente quanto \u00e0 parceria com Cuba, ganha novos contornos e refor\u00e7a a percep\u00e7\u00e3o de que a sa\u00fade dos brasileiros foi instrumentalizada para fins ideol\u00f3gicos e diplom\u00e1ticos. Nesta quarta-feira (13), o governo [&hellip;]","og_url":"https:\/\/jornalfatosenoticias.com.br\/index.php\/2025\/08\/14\/como-dilma-usou-o-mais-medicos-para-financiar-a-ditadura-cubana\/","og_site_name":"Jornal Fatos e Not\u00edcias","article_published_time":"2025-08-14T18:35:33+00:00","article_modified_time":"2025-08-14T18:35:34+00:00","og_image":[{"width":1000,"height":665,"url":"https:\/\/jornalfatosenoticias.com.br\/wp-content\/uploads\/2025\/08\/dilmanta-mais-medicos-cuba_gettyimages.jpg","type":"image\/jpeg"}],"author":"Haroldo Filho","twitter_card":"summary_large_image","twitter_misc":{"Escrito por":"Haroldo Filho","Est. tempo de leitura":"7 minutos"},"schema":{"@context":"https:\/\/schema.org","@graph":[{"@type":"Article","@id":"https:\/\/jornalfatosenoticias.com.br\/index.php\/2025\/08\/14\/como-dilma-usou-o-mais-medicos-para-financiar-a-ditadura-cubana\/#article","isPartOf":{"@id":"https:\/\/jornalfatosenoticias.com.br\/index.php\/2025\/08\/14\/como-dilma-usou-o-mais-medicos-para-financiar-a-ditadura-cubana\/"},"author":{"name":"Haroldo Filho","@id":"https:\/\/jornalfatosenoticias.com.br\/#\/schema\/person\/05c46cc25b42a5c27e004fb0fa6b4965"},"headline":"Como Dilma usou o Mais M\u00e9dicos para financiar a ditadura cubana","datePublished":"2025-08-14T18:35:33+00:00","dateModified":"2025-08-14T18:35:34+00:00","mainEntityOfPage":{"@id":"https:\/\/jornalfatosenoticias.com.br\/index.php\/2025\/08\/14\/como-dilma-usou-o-mais-medicos-para-financiar-a-ditadura-cubana\/"},"wordCount":1470,"commentCount":0,"publisher":{"@id":"https:\/\/jornalfatosenoticias.com.br\/#organization"},"image":{"@id":"https:\/\/jornalfatosenoticias.com.br\/index.php\/2025\/08\/14\/como-dilma-usou-o-mais-medicos-para-financiar-a-ditadura-cubana\/#primaryimage"},"thumbnailUrl":"https:\/\/jornalfatosenoticias.com.br\/wp-content\/uploads\/2025\/08\/dilmanta-mais-medicos-cuba_gettyimages.jpg","keywords":["Cuba","Dilma Rousseff","ditadura cubana","explora\u00e7\u00e3o de m\u00e3o de obra cubana","fins ideol\u00f3gicos","Minist\u00e9rio da Sa\u00fade","programa Mais M\u00e9dicos","regime cubano","sa\u00fade instrumentalizada"],"articleSection":["Pol\u00edtica"],"inLanguage":"pt-BR","potentialAction":[{"@type":"CommentAction","name":"Comment","target":["https:\/\/jornalfatosenoticias.com.br\/index.php\/2025\/08\/14\/como-dilma-usou-o-mais-medicos-para-financiar-a-ditadura-cubana\/#respond"]}]},{"@type":"WebPage","@id":"https:\/\/jornalfatosenoticias.com.br\/index.php\/2025\/08\/14\/como-dilma-usou-o-mais-medicos-para-financiar-a-ditadura-cubana\/","url":"https:\/\/jornalfatosenoticias.com.br\/index.php\/2025\/08\/14\/como-dilma-usou-o-mais-medicos-para-financiar-a-ditadura-cubana\/","name":"Como Dilma usou o Mais M\u00e9dicos para financiar a ditadura cubana - Jornal Fatos e Not\u00edcias","isPartOf":{"@id":"https:\/\/jornalfatosenoticias.com.br\/#website"},"primaryImageOfPage":{"@id":"https:\/\/jornalfatosenoticias.com.br\/index.php\/2025\/08\/14\/como-dilma-usou-o-mais-medicos-para-financiar-a-ditadura-cubana\/#primaryimage"},"image":{"@id":"https:\/\/jornalfatosenoticias.com.br\/index.php\/2025\/08\/14\/como-dilma-usou-o-mais-medicos-para-financiar-a-ditadura-cubana\/#primaryimage"},"thumbnailUrl":"https:\/\/jornalfatosenoticias.com.br\/wp-content\/uploads\/2025\/08\/dilmanta-mais-medicos-cuba_gettyimages.jpg","datePublished":"2025-08-14T18:35:33+00:00","dateModified":"2025-08-14T18:35:34+00:00","breadcrumb":{"@id":"https:\/\/jornalfatosenoticias.com.br\/index.php\/2025\/08\/14\/como-dilma-usou-o-mais-medicos-para-financiar-a-ditadura-cubana\/#breadcrumb"},"inLanguage":"pt-BR","potentialAction":[{"@type":"ReadAction","target":["https:\/\/jornalfatosenoticias.com.br\/index.php\/2025\/08\/14\/como-dilma-usou-o-mais-medicos-para-financiar-a-ditadura-cubana\/"]}]},{"@type":"ImageObject","inLanguage":"pt-BR","@id":"https:\/\/jornalfatosenoticias.com.br\/index.php\/2025\/08\/14\/como-dilma-usou-o-mais-medicos-para-financiar-a-ditadura-cubana\/#primaryimage","url":"https:\/\/jornalfatosenoticias.com.br\/wp-content\/uploads\/2025\/08\/dilmanta-mais-medicos-cuba_gettyimages.jpg","contentUrl":"https:\/\/jornalfatosenoticias.com.br\/wp-content\/uploads\/2025\/08\/dilmanta-mais-medicos-cuba_gettyimages.jpg","width":1000,"height":665},{"@type":"BreadcrumbList","@id":"https:\/\/jornalfatosenoticias.com.br\/index.php\/2025\/08\/14\/como-dilma-usou-o-mais-medicos-para-financiar-a-ditadura-cubana\/#breadcrumb","itemListElement":[{"@type":"ListItem","position":1,"name":"In\u00edcio","item":"https:\/\/jornalfatosenoticias.com.br\/"},{"@type":"ListItem","position":2,"name":"Como Dilma usou o Mais M\u00e9dicos para financiar a ditadura cubana"}]},{"@type":"WebSite","@id":"https:\/\/jornalfatosenoticias.com.br\/#website","url":"https:\/\/jornalfatosenoticias.com.br\/","name":"Jornal Fatos e Not\u00edcias","description":"Not\u00edcias em geral","publisher":{"@id":"https:\/\/jornalfatosenoticias.com.br\/#organization"},"potentialAction":[{"@type":"SearchAction","target":{"@type":"EntryPoint","urlTemplate":"https:\/\/jornalfatosenoticias.com.br\/?s={search_term_string}"},"query-input":{"@type":"PropertyValueSpecification","valueRequired":true,"valueName":"search_term_string"}}],"inLanguage":"pt-BR"},{"@type":"Organization","@id":"https:\/\/jornalfatosenoticias.com.br\/#organization","name":"Jornal Fatos e Not\u00edcias","url":"https:\/\/jornalfatosenoticias.com.br\/","logo":{"@type":"ImageObject","inLanguage":"pt-BR","@id":"https:\/\/jornalfatosenoticias.com.br\/#\/schema\/logo\/image\/","url":"https:\/\/jornalfatosenoticias.com.br\/wp-content\/uploads\/2020\/02\/logo120.png","contentUrl":"https:\/\/jornalfatosenoticias.com.br\/wp-content\/uploads\/2020\/02\/logo120.png","width":1227,"height":120,"caption":"Jornal Fatos e Not\u00edcias"},"image":{"@id":"https:\/\/jornalfatosenoticias.com.br\/#\/schema\/logo\/image\/"}},{"@type":"Person","@id":"https:\/\/jornalfatosenoticias.com.br\/#\/schema\/person\/05c46cc25b42a5c27e004fb0fa6b4965","name":"Haroldo Filho","image":{"@type":"ImageObject","inLanguage":"pt-BR","@id":"https:\/\/jornalfatosenoticias.com.br\/#\/schema\/person\/image\/","url":"https:\/\/jornalfatosenoticias.com.br\/wp-content\/uploads\/2025\/08\/WhatsApp-Image-2025-08-18-at-15.30.28-150x150.jpeg","contentUrl":"https:\/\/jornalfatosenoticias.com.br\/wp-content\/uploads\/2025\/08\/WhatsApp-Image-2025-08-18-at-15.30.28-150x150.jpeg","caption":"Haroldo Filho"},"description":"Jornalista \u2013 DRT: 0003818\/ES Coordenador-geral da ONG Educar para Crescer","url":"https:\/\/jornalfatosenoticias.com.br\/index.php\/author\/haroldo\/"}]}},"cc_featured_image_caption":{"caption_text":"(Foto: Getty Images)  ","source_text":"","source_url":""},"jetpack_featured_media_url":"https:\/\/jornalfatosenoticias.com.br\/wp-content\/uploads\/2025\/08\/dilmanta-mais-medicos-cuba_gettyimages.jpg","_links":{"self":[{"href":"https:\/\/jornalfatosenoticias.com.br\/index.php\/wp-json\/wp\/v2\/posts\/61268","targetHints":{"allow":["GET"]}}],"collection":[{"href":"https:\/\/jornalfatosenoticias.com.br\/index.php\/wp-json\/wp\/v2\/posts"}],"about":[{"href":"https:\/\/jornalfatosenoticias.com.br\/index.php\/wp-json\/wp\/v2\/types\/post"}],"author":[{"embeddable":true,"href":"https:\/\/jornalfatosenoticias.com.br\/index.php\/wp-json\/wp\/v2\/users\/3"}],"replies":[{"embeddable":true,"href":"https:\/\/jornalfatosenoticias.com.br\/index.php\/wp-json\/wp\/v2\/comments?post=61268"}],"version-history":[{"count":0,"href":"https:\/\/jornalfatosenoticias.com.br\/index.php\/wp-json\/wp\/v2\/posts\/61268\/revisions"}],"wp:featuredmedia":[{"embeddable":true,"href":"https:\/\/jornalfatosenoticias.com.br\/index.php\/wp-json\/wp\/v2\/media\/61269"}],"wp:attachment":[{"href":"https:\/\/jornalfatosenoticias.com.br\/index.php\/wp-json\/wp\/v2\/media?parent=61268"}],"wp:term":[{"taxonomy":"category","embeddable":true,"href":"https:\/\/jornalfatosenoticias.com.br\/index.php\/wp-json\/wp\/v2\/categories?post=61268"},{"taxonomy":"post_tag","embeddable":true,"href":"https:\/\/jornalfatosenoticias.com.br\/index.php\/wp-json\/wp\/v2\/tags?post=61268"}],"curies":[{"name":"wp","href":"https:\/\/api.w.org\/{rel}","templated":true}]}}