{"id":61275,"date":"2025-08-14T16:33:52","date_gmt":"2025-08-14T19:33:52","guid":{"rendered":"https:\/\/jornalfatosenoticias.com.br\/?p=61275"},"modified":"2025-08-14T16:33:53","modified_gmt":"2025-08-14T19:33:53","slug":"lider-nacional-em-especiarias-sao-mateus-sediara-1-a-edicao-do-emporio-pimentas-e-cafes","status":"publish","type":"post","link":"https:\/\/jornalfatosenoticias.com.br\/index.php\/2025\/08\/14\/lider-nacional-em-especiarias-sao-mateus-sediara-1-a-edicao-do-emporio-pimentas-e-cafes\/","title":{"rendered":"L\u00edder nacional em especiarias, S\u00e3o Mateus sediar\u00e1 1.\u00aa edi\u00e7\u00e3o do \u201cEmp\u00f3rio Pimentas e Caf\u00e9s\u201d"},"content":{"rendered":"\n<p><span class=\"has-inline-color has-black-color\">Por <strong>Assessoria de Comunica\u00e7\u00e3o<\/strong><\/span><\/p>\n\n\n\n<div class=\"wp-block-image\"><figure class=\"aligncenter size-large is-resized\"><a href=\"https:\/\/www.facebook.com\/vetor.vix\/\"><img loading=\"lazy\" decoding=\"async\" src=\"https:\/\/jornalfatosenoticias.com.br\/wp-content\/uploads\/2023\/09\/vetorvix1024_1.jpg\" alt=\"\" class=\"wp-image-44868\" width=\"561\" height=\"149\" srcset=\"https:\/\/jornalfatosenoticias.com.br\/wp-content\/uploads\/2023\/09\/vetorvix1024_1.jpg 1024w, https:\/\/jornalfatosenoticias.com.br\/wp-content\/uploads\/2023\/09\/vetorvix1024_1-300x80.jpg 300w, https:\/\/jornalfatosenoticias.com.br\/wp-content\/uploads\/2023\/09\/vetorvix1024_1-768x205.jpg 768w\" sizes=\"auto, (max-width: 561px) 100vw, 561px\" \/><\/a><\/figure><\/div>\n\n\n\n<p>Quando o assunto \u00e9 especiaria, S\u00e3o Mateus \u00e9 um protagonista nacional: o munic\u00edpio \u00e9 o maior produtor de pimenta do Brasil, tanto de pimenta-do-reino quanto de pimenta-rosa, e tem at\u00e9 Indica\u00e7\u00e3o Geogr\u00e1fica (IG). Todo esse destaque agora ganha um palco in\u00e9dito: a primeira edi\u00e7\u00e3o do Emp\u00f3rio Pimentas e Caf\u00e9s, entre 28 a 30 de agosto, na Pra\u00e7a Am\u00e9lia Boroto.<br>A feira prepara exposi\u00e7\u00f5es de produtos agr\u00edcolas, gastronomia regional, apresenta\u00e7\u00f5es musicais de forr\u00f3 e moda de viola, elei\u00e7\u00e3o da Rainha da Pimenta e do Caf\u00e9, e a estreia do F\u00f3rum Estadual de Especiarias. A expectativa \u00e9 receber cerca de 25 mil visitantes ao longo dos tr\u00eas dias.<\/p>\n\n\n\n<div class=\"wp-block-image\"><figure class=\"aligncenter size-large is-resized\"><a href=\"https:\/\/www.instagram.com\/esteio.churrascaria\/\"><img loading=\"lazy\" decoding=\"async\" src=\"https:\/\/jornalfatosenoticias.com.br\/wp-content\/uploads\/2022\/02\/LOGO-ESTEIO-1024x730.png\" alt=\"\" class=\"wp-image-27942\" width=\"308\" height=\"219\" srcset=\"https:\/\/jornalfatosenoticias.com.br\/wp-content\/uploads\/2022\/02\/LOGO-ESTEIO-1024x730.png 1024w, https:\/\/jornalfatosenoticias.com.br\/wp-content\/uploads\/2022\/02\/LOGO-ESTEIO-300x214.png 300w, https:\/\/jornalfatosenoticias.com.br\/wp-content\/uploads\/2022\/02\/LOGO-ESTEIO-768x548.png 768w, https:\/\/jornalfatosenoticias.com.br\/wp-content\/uploads\/2022\/02\/LOGO-ESTEIO.png 1123w\" sizes=\"auto, (max-width: 308px) 100vw, 308px\" \/><\/a><\/figure><\/div>\n\n\n\n<p>O evento \u00e9 idealizado pela Inst\u00e2ncia de Governan\u00e7a Regional de Turismo da Regi\u00e3o do Verde e das \u00c1guas (Adetur), que trabalha para potencializar a regi\u00e3o \u2014 por isso o destaque tamb\u00e9m ao caf\u00e9, outro protagonista do Norte e Noroeste.<\/p>\n\n\n\n<div class=\"wp-block-image\"><figure class=\"aligncenter size-large\"><img loading=\"lazy\" decoding=\"async\" width=\"750\" height=\"1000\" src=\"https:\/\/jornalfatosenoticias.com.br\/wp-content\/uploads\/2025\/08\/pimenta-rosa.jpeg\" alt=\"\" class=\"wp-image-61277\" srcset=\"https:\/\/jornalfatosenoticias.com.br\/wp-content\/uploads\/2025\/08\/pimenta-rosa.jpeg 750w, https:\/\/jornalfatosenoticias.com.br\/wp-content\/uploads\/2025\/08\/pimenta-rosa-225x300.jpeg 225w\" sizes=\"auto, (max-width: 750px) 100vw, 750px\" \/><figcaption><em><span class=\"has-inline-color has-black-color\">Pimenta-rosa (Foto: Divulga\u00e7\u00e3o)<\/span><\/em><\/figcaption><\/figure><\/div>\n\n\n\n<blockquote class=\"wp-block-quote is-layout-flow wp-block-quote-is-layout-flow\"><p><span class=\"has-inline-color has-luminous-vivid-orange-color\">O Emp\u00f3rio re\u00fane todos os fatores para impulsionar o agroturismo e valorizar essas joias que s\u00e3o a pimenta e o caf\u00e9. Por isso tamb\u00e9m estamos preparando uma feira de produtos agroindustriais e artesanais, uma pra\u00e7a gastron\u00f4mica, oficinas e workshops gastron\u00f4micos com degusta\u00e7\u00f5es abertas ao p\u00fablico\u201d, explica Cim\u00e1 Guizani, presidente da Adetur.<\/span><\/p><\/blockquote>\n\n\n\n<div class=\"wp-block-image\"><figure class=\"aligncenter size-large\"><img loading=\"lazy\" decoding=\"async\" width=\"1000\" height=\"666\" src=\"https:\/\/jornalfatosenoticias.com.br\/wp-content\/uploads\/2025\/08\/pimenta-sao-mateus.jpg\" alt=\"\" class=\"wp-image-61278\" srcset=\"https:\/\/jornalfatosenoticias.com.br\/wp-content\/uploads\/2025\/08\/pimenta-sao-mateus.jpg 1000w, https:\/\/jornalfatosenoticias.com.br\/wp-content\/uploads\/2025\/08\/pimenta-sao-mateus-300x200.jpg 300w, https:\/\/jornalfatosenoticias.com.br\/wp-content\/uploads\/2025\/08\/pimenta-sao-mateus-768x511.jpg 768w\" sizes=\"auto, (max-width: 1000px) 100vw, 1000px\" \/><figcaption><span class=\"has-inline-color has-black-color\"><em>Gr\u00e3os de pimenta-preta (Foto: Divulga\u00e7\u00e3o)<\/em><\/span><\/figcaption><\/figure><\/div>\n\n\n\n<p>\u201cO F\u00f3rum Estadual de Especiarias ser\u00e1 o nosso bra\u00e7o t\u00e9cnico com mais de dez pain\u00e9is, palestras e mesas-redondas sobre cultivo, manejo sustent\u00e1vel, mercado, inova\u00e7\u00e3o e identidade territorial das especiarias capixabas, onde ser\u00e3o debatidos temas como pesquisa e qualidade na produ\u00e7\u00e3o de pimenta e caf\u00e9; agroecologia e sistemas de cultivo integrados; gastronomia e usos alternativos das especiarias, al\u00e9m de turismo de experi\u00eancia como ferramenta de desenvolvimento rural\u201d, completa.<\/p>\n\n\n\n<div class=\"wp-block-image\"><figure class=\"aligncenter size-large is-resized\"><a href=\"https:\/\/www.instagram.com\/restaurantepegoretti\/\"><img loading=\"lazy\" decoding=\"async\" src=\"https:\/\/jornalfatosenoticias.com.br\/wp-content\/uploads\/2023\/12\/pegoretti-logo-pdf-1024x389.jpg\" alt=\"\" class=\"wp-image-47536\" width=\"496\" height=\"188\" srcset=\"https:\/\/jornalfatosenoticias.com.br\/wp-content\/uploads\/2023\/12\/pegoretti-logo-pdf-1024x389.jpg 1024w, https:\/\/jornalfatosenoticias.com.br\/wp-content\/uploads\/2023\/12\/pegoretti-logo-pdf-300x114.jpg 300w, https:\/\/jornalfatosenoticias.com.br\/wp-content\/uploads\/2023\/12\/pegoretti-logo-pdf-768x291.jpg 768w, https:\/\/jornalfatosenoticias.com.br\/wp-content\/uploads\/2023\/12\/pegoretti-logo-pdf.jpg 1120w\" sizes=\"auto, (max-width: 496px) 100vw, 496px\" \/><\/a><\/figure><\/div>\n\n\n\n<p>O Emp\u00f3rio Pimentas e Caf\u00e9s \u00e9 idealizado pela Inst\u00e2ncia de Governan\u00e7a Regional de Turismo da Regi\u00e3o do Verde e das \u00c1guas (Adetur) e realizado pela Prefeitura Municipal de S\u00e3o Mateus com apoio do Sindicato Rural de S\u00e3o Mateus.<\/p>\n\n\n\n<div class=\"wp-block-image\"><figure class=\"aligncenter size-large is-resized\"><a href=\"https:\/\/www.facebook.com\/profile.php?id=100069289606145\"><img loading=\"lazy\" decoding=\"async\" src=\"https:\/\/jornalfatosenoticias.com.br\/wp-content\/uploads\/2024\/11\/Guaitolini-Contabilidade-1024x714.jpeg\" alt=\"\" class=\"wp-image-55808\" width=\"345\" height=\"240\" srcset=\"https:\/\/jornalfatosenoticias.com.br\/wp-content\/uploads\/2024\/11\/Guaitolini-Contabilidade-1024x714.jpeg 1024w, https:\/\/jornalfatosenoticias.com.br\/wp-content\/uploads\/2024\/11\/Guaitolini-Contabilidade-300x209.jpeg 300w, https:\/\/jornalfatosenoticias.com.br\/wp-content\/uploads\/2024\/11\/Guaitolini-Contabilidade-768x535.jpeg 768w, https:\/\/jornalfatosenoticias.com.br\/wp-content\/uploads\/2024\/11\/Guaitolini-Contabilidade.jpeg 1280w\" sizes=\"auto, (max-width: 345px) 100vw, 345px\" \/><\/a><\/figure><\/div>\n\n\n\n<p><strong><span class=\"has-inline-color has-black-color\">Protagonismo<br><\/span><\/strong>Uma das maiores marcas de cosm\u00e9ticos do mundo iniciou a utiliza\u00e7\u00e3o de pimenta-rosa \u2014 fruto da aroeira \u2014 produzida em S\u00e3o Mateus em suas novas fragr\u00e2ncias. Atualmente, mais de 90% da produ\u00e7\u00e3o da especiaria no munic\u00edpio capixaba s\u00e3o levados para pa\u00edses da Europa, da \u00c1sia e para os Estados Unidos.<\/p>\n","protected":false},"excerpt":{"rendered":"<p>Por Assessoria de Comunica\u00e7\u00e3o Quando o assunto \u00e9 especiaria, S\u00e3o Mateus \u00e9 um protagonista nacional: o munic\u00edpio \u00e9 o maior produtor de pimenta do Brasil, tanto de pimenta-do-reino quanto de pimenta-rosa, e tem at\u00e9 Indica\u00e7\u00e3o Geogr\u00e1fica (IG). Todo esse destaque agora ganha um palco in\u00e9dito: a primeira edi\u00e7\u00e3o do Emp\u00f3rio Pimentas e Caf\u00e9s, entre 28 [&hellip;]<\/p>\n","protected":false},"author":3,"featured_media":61276,"comment_status":"open","ping_status":"open","sticky":false,"template":"","format":"standard","meta":{"footnotes":""},"categories":[9],"tags":[27915,2319,27914,27916,6120,6574],"class_list":["post-61275","post","type-post","status-publish","format-standard","has-post-thumbnail","hentry","category-economia","tag-agroturismo","tag-cafe","tag-emporio-pimentas-e-cafes","tag-forum-estadual-de-especiarias","tag-pimenta","tag-sao-mateus"],"yoast_head":"<!-- This site is optimized with the Yoast SEO plugin v26.5 - https:\/\/yoast.com\/wordpress\/plugins\/seo\/ -->\n<title>L\u00edder nacional em especiarias, S\u00e3o Mateus sediar\u00e1 1.\u00aa edi\u00e7\u00e3o do \u201cEmp\u00f3rio Pimentas e Caf\u00e9s\u201d - Jornal Fatos e Not\u00edcias<\/title>\n<meta name=\"robots\" content=\"index, follow, max-snippet:-1, max-image-preview:large, max-video-preview:-1\" \/>\n<link rel=\"canonical\" href=\"https:\/\/jornalfatosenoticias.com.br\/index.php\/2025\/08\/14\/lider-nacional-em-especiarias-sao-mateus-sediara-1-a-edicao-do-emporio-pimentas-e-cafes\/\" \/>\n<meta property=\"og:locale\" content=\"pt_BR\" \/>\n<meta property=\"og:type\" content=\"article\" \/>\n<meta property=\"og:title\" content=\"L\u00edder nacional em especiarias, S\u00e3o Mateus sediar\u00e1 1.\u00aa edi\u00e7\u00e3o do \u201cEmp\u00f3rio Pimentas e Caf\u00e9s\u201d - Jornal Fatos e Not\u00edcias\" \/>\n<meta property=\"og:description\" content=\"Por Assessoria de Comunica\u00e7\u00e3o Quando o assunto \u00e9 especiaria, S\u00e3o Mateus \u00e9 um protagonista nacional: o munic\u00edpio \u00e9 o maior produtor de pimenta do Brasil, tanto de pimenta-do-reino quanto de pimenta-rosa, e tem at\u00e9 Indica\u00e7\u00e3o Geogr\u00e1fica (IG). Todo esse destaque agora ganha um palco in\u00e9dito: a primeira edi\u00e7\u00e3o do Emp\u00f3rio Pimentas e Caf\u00e9s, entre 28 [&hellip;]\" \/>\n<meta property=\"og:url\" content=\"https:\/\/jornalfatosenoticias.com.br\/index.php\/2025\/08\/14\/lider-nacional-em-especiarias-sao-mateus-sediara-1-a-edicao-do-emporio-pimentas-e-cafes\/\" \/>\n<meta property=\"og:site_name\" content=\"Jornal Fatos e Not\u00edcias\" \/>\n<meta property=\"article:published_time\" content=\"2025-08-14T19:33:52+00:00\" \/>\n<meta property=\"article:modified_time\" content=\"2025-08-14T19:33:53+00:00\" \/>\n<meta property=\"og:image\" content=\"https:\/\/jornalfatosenoticias.com.br\/wp-content\/uploads\/2025\/08\/cafe-sao-mateus.jpg\" \/>\n\t<meta property=\"og:image:width\" content=\"1000\" \/>\n\t<meta property=\"og:image:height\" content=\"649\" \/>\n\t<meta property=\"og:image:type\" content=\"image\/jpeg\" \/>\n<meta name=\"author\" content=\"Haroldo Filho\" \/>\n<meta name=\"twitter:card\" content=\"summary_large_image\" \/>\n<meta name=\"twitter:label1\" content=\"Escrito por\" \/>\n\t<meta name=\"twitter:data1\" content=\"Haroldo Filho\" \/>\n\t<meta name=\"twitter:label2\" content=\"Est. tempo de leitura\" \/>\n\t<meta name=\"twitter:data2\" content=\"2 minutos\" \/>\n<script type=\"application\/ld+json\" class=\"yoast-schema-graph\">{\"@context\":\"https:\/\/schema.org\",\"@graph\":[{\"@type\":\"Article\",\"@id\":\"https:\/\/jornalfatosenoticias.com.br\/index.php\/2025\/08\/14\/lider-nacional-em-especiarias-sao-mateus-sediara-1-a-edicao-do-emporio-pimentas-e-cafes\/#article\",\"isPartOf\":{\"@id\":\"https:\/\/jornalfatosenoticias.com.br\/index.php\/2025\/08\/14\/lider-nacional-em-especiarias-sao-mateus-sediara-1-a-edicao-do-emporio-pimentas-e-cafes\/\"},\"author\":{\"name\":\"Haroldo Filho\",\"@id\":\"https:\/\/jornalfatosenoticias.com.br\/#\/schema\/person\/05c46cc25b42a5c27e004fb0fa6b4965\"},\"headline\":\"L\u00edder nacional em especiarias, S\u00e3o Mateus sediar\u00e1 1.\u00aa edi\u00e7\u00e3o do \u201cEmp\u00f3rio Pimentas e Caf\u00e9s\u201d\",\"datePublished\":\"2025-08-14T19:33:52+00:00\",\"dateModified\":\"2025-08-14T19:33:53+00:00\",\"mainEntityOfPage\":{\"@id\":\"https:\/\/jornalfatosenoticias.com.br\/index.php\/2025\/08\/14\/lider-nacional-em-especiarias-sao-mateus-sediara-1-a-edicao-do-emporio-pimentas-e-cafes\/\"},\"wordCount\":428,\"commentCount\":0,\"publisher\":{\"@id\":\"https:\/\/jornalfatosenoticias.com.br\/#organization\"},\"image\":{\"@id\":\"https:\/\/jornalfatosenoticias.com.br\/index.php\/2025\/08\/14\/lider-nacional-em-especiarias-sao-mateus-sediara-1-a-edicao-do-emporio-pimentas-e-cafes\/#primaryimage\"},\"thumbnailUrl\":\"https:\/\/jornalfatosenoticias.com.br\/wp-content\/uploads\/2025\/08\/cafe-sao-mateus.jpg\",\"keywords\":[\"agroturismo\",\"caf\u00e9\",\"Emp\u00f3rio Pimentas e Caf\u00e9s\",\"F\u00f3rum Estadual de Especiarias\",\"pimenta\",\"S\u00e3o Mateus\"],\"articleSection\":[\"Economia\"],\"inLanguage\":\"pt-BR\",\"potentialAction\":[{\"@type\":\"CommentAction\",\"name\":\"Comment\",\"target\":[\"https:\/\/jornalfatosenoticias.com.br\/index.php\/2025\/08\/14\/lider-nacional-em-especiarias-sao-mateus-sediara-1-a-edicao-do-emporio-pimentas-e-cafes\/#respond\"]}]},{\"@type\":\"WebPage\",\"@id\":\"https:\/\/jornalfatosenoticias.com.br\/index.php\/2025\/08\/14\/lider-nacional-em-especiarias-sao-mateus-sediara-1-a-edicao-do-emporio-pimentas-e-cafes\/\",\"url\":\"https:\/\/jornalfatosenoticias.com.br\/index.php\/2025\/08\/14\/lider-nacional-em-especiarias-sao-mateus-sediara-1-a-edicao-do-emporio-pimentas-e-cafes\/\",\"name\":\"L\u00edder nacional em especiarias, S\u00e3o Mateus sediar\u00e1 1.\u00aa edi\u00e7\u00e3o do \u201cEmp\u00f3rio Pimentas e Caf\u00e9s\u201d - Jornal Fatos e Not\u00edcias\",\"isPartOf\":{\"@id\":\"https:\/\/jornalfatosenoticias.com.br\/#website\"},\"primaryImageOfPage\":{\"@id\":\"https:\/\/jornalfatosenoticias.com.br\/index.php\/2025\/08\/14\/lider-nacional-em-especiarias-sao-mateus-sediara-1-a-edicao-do-emporio-pimentas-e-cafes\/#primaryimage\"},\"image\":{\"@id\":\"https:\/\/jornalfatosenoticias.com.br\/index.php\/2025\/08\/14\/lider-nacional-em-especiarias-sao-mateus-sediara-1-a-edicao-do-emporio-pimentas-e-cafes\/#primaryimage\"},\"thumbnailUrl\":\"https:\/\/jornalfatosenoticias.com.br\/wp-content\/uploads\/2025\/08\/cafe-sao-mateus.jpg\",\"datePublished\":\"2025-08-14T19:33:52+00:00\",\"dateModified\":\"2025-08-14T19:33:53+00:00\",\"breadcrumb\":{\"@id\":\"https:\/\/jornalfatosenoticias.com.br\/index.php\/2025\/08\/14\/lider-nacional-em-especiarias-sao-mateus-sediara-1-a-edicao-do-emporio-pimentas-e-cafes\/#breadcrumb\"},\"inLanguage\":\"pt-BR\",\"potentialAction\":[{\"@type\":\"ReadAction\",\"target\":[\"https:\/\/jornalfatosenoticias.com.br\/index.php\/2025\/08\/14\/lider-nacional-em-especiarias-sao-mateus-sediara-1-a-edicao-do-emporio-pimentas-e-cafes\/\"]}]},{\"@type\":\"ImageObject\",\"inLanguage\":\"pt-BR\",\"@id\":\"https:\/\/jornalfatosenoticias.com.br\/index.php\/2025\/08\/14\/lider-nacional-em-especiarias-sao-mateus-sediara-1-a-edicao-do-emporio-pimentas-e-cafes\/#primaryimage\",\"url\":\"https:\/\/jornalfatosenoticias.com.br\/wp-content\/uploads\/2025\/08\/cafe-sao-mateus.jpg\",\"contentUrl\":\"https:\/\/jornalfatosenoticias.com.br\/wp-content\/uploads\/2025\/08\/cafe-sao-mateus.jpg\",\"width\":1000,\"height\":649},{\"@type\":\"BreadcrumbList\",\"@id\":\"https:\/\/jornalfatosenoticias.com.br\/index.php\/2025\/08\/14\/lider-nacional-em-especiarias-sao-mateus-sediara-1-a-edicao-do-emporio-pimentas-e-cafes\/#breadcrumb\",\"itemListElement\":[{\"@type\":\"ListItem\",\"position\":1,\"name\":\"In\u00edcio\",\"item\":\"https:\/\/jornalfatosenoticias.com.br\/\"},{\"@type\":\"ListItem\",\"position\":2,\"name\":\"L\u00edder nacional em especiarias, S\u00e3o Mateus sediar\u00e1 1.\u00aa edi\u00e7\u00e3o do \u201cEmp\u00f3rio Pimentas e Caf\u00e9s\u201d\"}]},{\"@type\":\"WebSite\",\"@id\":\"https:\/\/jornalfatosenoticias.com.br\/#website\",\"url\":\"https:\/\/jornalfatosenoticias.com.br\/\",\"name\":\"Jornal Fatos e Not\u00edcias\",\"description\":\"Not\u00edcias em geral\",\"publisher\":{\"@id\":\"https:\/\/jornalfatosenoticias.com.br\/#organization\"},\"potentialAction\":[{\"@type\":\"SearchAction\",\"target\":{\"@type\":\"EntryPoint\",\"urlTemplate\":\"https:\/\/jornalfatosenoticias.com.br\/?s={search_term_string}\"},\"query-input\":{\"@type\":\"PropertyValueSpecification\",\"valueRequired\":true,\"valueName\":\"search_term_string\"}}],\"inLanguage\":\"pt-BR\"},{\"@type\":\"Organization\",\"@id\":\"https:\/\/jornalfatosenoticias.com.br\/#organization\",\"name\":\"Jornal Fatos e Not\u00edcias\",\"url\":\"https:\/\/jornalfatosenoticias.com.br\/\",\"logo\":{\"@type\":\"ImageObject\",\"inLanguage\":\"pt-BR\",\"@id\":\"https:\/\/jornalfatosenoticias.com.br\/#\/schema\/logo\/image\/\",\"url\":\"https:\/\/jornalfatosenoticias.com.br\/wp-content\/uploads\/2020\/02\/logo120.png\",\"contentUrl\":\"https:\/\/jornalfatosenoticias.com.br\/wp-content\/uploads\/2020\/02\/logo120.png\",\"width\":1227,\"height\":120,\"caption\":\"Jornal Fatos e Not\u00edcias\"},\"image\":{\"@id\":\"https:\/\/jornalfatosenoticias.com.br\/#\/schema\/logo\/image\/\"}},{\"@type\":\"Person\",\"@id\":\"https:\/\/jornalfatosenoticias.com.br\/#\/schema\/person\/05c46cc25b42a5c27e004fb0fa6b4965\",\"name\":\"Haroldo Filho\",\"image\":{\"@type\":\"ImageObject\",\"inLanguage\":\"pt-BR\",\"@id\":\"https:\/\/jornalfatosenoticias.com.br\/#\/schema\/person\/image\/\",\"url\":\"https:\/\/jornalfatosenoticias.com.br\/wp-content\/uploads\/2025\/08\/WhatsApp-Image-2025-08-18-at-15.30.28-150x150.jpeg\",\"contentUrl\":\"https:\/\/jornalfatosenoticias.com.br\/wp-content\/uploads\/2025\/08\/WhatsApp-Image-2025-08-18-at-15.30.28-150x150.jpeg\",\"caption\":\"Haroldo Filho\"},\"description\":\"Jornalista \u2013 DRT: 0003818\/ES Coordenador-geral da ONG Educar para Crescer\",\"url\":\"https:\/\/jornalfatosenoticias.com.br\/index.php\/author\/haroldo\/\"}]}<\/script>\n<!-- \/ Yoast SEO plugin. -->","yoast_head_json":{"title":"L\u00edder nacional em especiarias, S\u00e3o Mateus sediar\u00e1 1.\u00aa edi\u00e7\u00e3o do \u201cEmp\u00f3rio Pimentas e Caf\u00e9s\u201d - Jornal Fatos e Not\u00edcias","robots":{"index":"index","follow":"follow","max-snippet":"max-snippet:-1","max-image-preview":"max-image-preview:large","max-video-preview":"max-video-preview:-1"},"canonical":"https:\/\/jornalfatosenoticias.com.br\/index.php\/2025\/08\/14\/lider-nacional-em-especiarias-sao-mateus-sediara-1-a-edicao-do-emporio-pimentas-e-cafes\/","og_locale":"pt_BR","og_type":"article","og_title":"L\u00edder nacional em especiarias, S\u00e3o Mateus sediar\u00e1 1.\u00aa edi\u00e7\u00e3o do \u201cEmp\u00f3rio Pimentas e Caf\u00e9s\u201d - Jornal Fatos e Not\u00edcias","og_description":"Por Assessoria de Comunica\u00e7\u00e3o Quando o assunto \u00e9 especiaria, S\u00e3o Mateus \u00e9 um protagonista nacional: o munic\u00edpio \u00e9 o maior produtor de pimenta do Brasil, tanto de pimenta-do-reino quanto de pimenta-rosa, e tem at\u00e9 Indica\u00e7\u00e3o Geogr\u00e1fica (IG). Todo esse destaque agora ganha um palco in\u00e9dito: a primeira edi\u00e7\u00e3o do Emp\u00f3rio Pimentas e Caf\u00e9s, entre 28 [&hellip;]","og_url":"https:\/\/jornalfatosenoticias.com.br\/index.php\/2025\/08\/14\/lider-nacional-em-especiarias-sao-mateus-sediara-1-a-edicao-do-emporio-pimentas-e-cafes\/","og_site_name":"Jornal Fatos e Not\u00edcias","article_published_time":"2025-08-14T19:33:52+00:00","article_modified_time":"2025-08-14T19:33:53+00:00","og_image":[{"width":1000,"height":649,"url":"https:\/\/jornalfatosenoticias.com.br\/wp-content\/uploads\/2025\/08\/cafe-sao-mateus.jpg","type":"image\/jpeg"}],"author":"Haroldo Filho","twitter_card":"summary_large_image","twitter_misc":{"Escrito por":"Haroldo Filho","Est. tempo de leitura":"2 minutos"},"schema":{"@context":"https:\/\/schema.org","@graph":[{"@type":"Article","@id":"https:\/\/jornalfatosenoticias.com.br\/index.php\/2025\/08\/14\/lider-nacional-em-especiarias-sao-mateus-sediara-1-a-edicao-do-emporio-pimentas-e-cafes\/#article","isPartOf":{"@id":"https:\/\/jornalfatosenoticias.com.br\/index.php\/2025\/08\/14\/lider-nacional-em-especiarias-sao-mateus-sediara-1-a-edicao-do-emporio-pimentas-e-cafes\/"},"author":{"name":"Haroldo Filho","@id":"https:\/\/jornalfatosenoticias.com.br\/#\/schema\/person\/05c46cc25b42a5c27e004fb0fa6b4965"},"headline":"L\u00edder nacional em especiarias, S\u00e3o Mateus sediar\u00e1 1.\u00aa edi\u00e7\u00e3o do \u201cEmp\u00f3rio Pimentas e Caf\u00e9s\u201d","datePublished":"2025-08-14T19:33:52+00:00","dateModified":"2025-08-14T19:33:53+00:00","mainEntityOfPage":{"@id":"https:\/\/jornalfatosenoticias.com.br\/index.php\/2025\/08\/14\/lider-nacional-em-especiarias-sao-mateus-sediara-1-a-edicao-do-emporio-pimentas-e-cafes\/"},"wordCount":428,"commentCount":0,"publisher":{"@id":"https:\/\/jornalfatosenoticias.com.br\/#organization"},"image":{"@id":"https:\/\/jornalfatosenoticias.com.br\/index.php\/2025\/08\/14\/lider-nacional-em-especiarias-sao-mateus-sediara-1-a-edicao-do-emporio-pimentas-e-cafes\/#primaryimage"},"thumbnailUrl":"https:\/\/jornalfatosenoticias.com.br\/wp-content\/uploads\/2025\/08\/cafe-sao-mateus.jpg","keywords":["agroturismo","caf\u00e9","Emp\u00f3rio Pimentas e Caf\u00e9s","F\u00f3rum Estadual de Especiarias","pimenta","S\u00e3o Mateus"],"articleSection":["Economia"],"inLanguage":"pt-BR","potentialAction":[{"@type":"CommentAction","name":"Comment","target":["https:\/\/jornalfatosenoticias.com.br\/index.php\/2025\/08\/14\/lider-nacional-em-especiarias-sao-mateus-sediara-1-a-edicao-do-emporio-pimentas-e-cafes\/#respond"]}]},{"@type":"WebPage","@id":"https:\/\/jornalfatosenoticias.com.br\/index.php\/2025\/08\/14\/lider-nacional-em-especiarias-sao-mateus-sediara-1-a-edicao-do-emporio-pimentas-e-cafes\/","url":"https:\/\/jornalfatosenoticias.com.br\/index.php\/2025\/08\/14\/lider-nacional-em-especiarias-sao-mateus-sediara-1-a-edicao-do-emporio-pimentas-e-cafes\/","name":"L\u00edder nacional em especiarias, S\u00e3o Mateus sediar\u00e1 1.\u00aa edi\u00e7\u00e3o do \u201cEmp\u00f3rio Pimentas e Caf\u00e9s\u201d - Jornal Fatos e Not\u00edcias","isPartOf":{"@id":"https:\/\/jornalfatosenoticias.com.br\/#website"},"primaryImageOfPage":{"@id":"https:\/\/jornalfatosenoticias.com.br\/index.php\/2025\/08\/14\/lider-nacional-em-especiarias-sao-mateus-sediara-1-a-edicao-do-emporio-pimentas-e-cafes\/#primaryimage"},"image":{"@id":"https:\/\/jornalfatosenoticias.com.br\/index.php\/2025\/08\/14\/lider-nacional-em-especiarias-sao-mateus-sediara-1-a-edicao-do-emporio-pimentas-e-cafes\/#primaryimage"},"thumbnailUrl":"https:\/\/jornalfatosenoticias.com.br\/wp-content\/uploads\/2025\/08\/cafe-sao-mateus.jpg","datePublished":"2025-08-14T19:33:52+00:00","dateModified":"2025-08-14T19:33:53+00:00","breadcrumb":{"@id":"https:\/\/jornalfatosenoticias.com.br\/index.php\/2025\/08\/14\/lider-nacional-em-especiarias-sao-mateus-sediara-1-a-edicao-do-emporio-pimentas-e-cafes\/#breadcrumb"},"inLanguage":"pt-BR","potentialAction":[{"@type":"ReadAction","target":["https:\/\/jornalfatosenoticias.com.br\/index.php\/2025\/08\/14\/lider-nacional-em-especiarias-sao-mateus-sediara-1-a-edicao-do-emporio-pimentas-e-cafes\/"]}]},{"@type":"ImageObject","inLanguage":"pt-BR","@id":"https:\/\/jornalfatosenoticias.com.br\/index.php\/2025\/08\/14\/lider-nacional-em-especiarias-sao-mateus-sediara-1-a-edicao-do-emporio-pimentas-e-cafes\/#primaryimage","url":"https:\/\/jornalfatosenoticias.com.br\/wp-content\/uploads\/2025\/08\/cafe-sao-mateus.jpg","contentUrl":"https:\/\/jornalfatosenoticias.com.br\/wp-content\/uploads\/2025\/08\/cafe-sao-mateus.jpg","width":1000,"height":649},{"@type":"BreadcrumbList","@id":"https:\/\/jornalfatosenoticias.com.br\/index.php\/2025\/08\/14\/lider-nacional-em-especiarias-sao-mateus-sediara-1-a-edicao-do-emporio-pimentas-e-cafes\/#breadcrumb","itemListElement":[{"@type":"ListItem","position":1,"name":"In\u00edcio","item":"https:\/\/jornalfatosenoticias.com.br\/"},{"@type":"ListItem","position":2,"name":"L\u00edder nacional em especiarias, S\u00e3o Mateus sediar\u00e1 1.\u00aa edi\u00e7\u00e3o do \u201cEmp\u00f3rio Pimentas e Caf\u00e9s\u201d"}]},{"@type":"WebSite","@id":"https:\/\/jornalfatosenoticias.com.br\/#website","url":"https:\/\/jornalfatosenoticias.com.br\/","name":"Jornal Fatos e Not\u00edcias","description":"Not\u00edcias em geral","publisher":{"@id":"https:\/\/jornalfatosenoticias.com.br\/#organization"},"potentialAction":[{"@type":"SearchAction","target":{"@type":"EntryPoint","urlTemplate":"https:\/\/jornalfatosenoticias.com.br\/?s={search_term_string}"},"query-input":{"@type":"PropertyValueSpecification","valueRequired":true,"valueName":"search_term_string"}}],"inLanguage":"pt-BR"},{"@type":"Organization","@id":"https:\/\/jornalfatosenoticias.com.br\/#organization","name":"Jornal Fatos e Not\u00edcias","url":"https:\/\/jornalfatosenoticias.com.br\/","logo":{"@type":"ImageObject","inLanguage":"pt-BR","@id":"https:\/\/jornalfatosenoticias.com.br\/#\/schema\/logo\/image\/","url":"https:\/\/jornalfatosenoticias.com.br\/wp-content\/uploads\/2020\/02\/logo120.png","contentUrl":"https:\/\/jornalfatosenoticias.com.br\/wp-content\/uploads\/2020\/02\/logo120.png","width":1227,"height":120,"caption":"Jornal Fatos e Not\u00edcias"},"image":{"@id":"https:\/\/jornalfatosenoticias.com.br\/#\/schema\/logo\/image\/"}},{"@type":"Person","@id":"https:\/\/jornalfatosenoticias.com.br\/#\/schema\/person\/05c46cc25b42a5c27e004fb0fa6b4965","name":"Haroldo Filho","image":{"@type":"ImageObject","inLanguage":"pt-BR","@id":"https:\/\/jornalfatosenoticias.com.br\/#\/schema\/person\/image\/","url":"https:\/\/jornalfatosenoticias.com.br\/wp-content\/uploads\/2025\/08\/WhatsApp-Image-2025-08-18-at-15.30.28-150x150.jpeg","contentUrl":"https:\/\/jornalfatosenoticias.com.br\/wp-content\/uploads\/2025\/08\/WhatsApp-Image-2025-08-18-at-15.30.28-150x150.jpeg","caption":"Haroldo Filho"},"description":"Jornalista \u2013 DRT: 0003818\/ES Coordenador-geral da ONG Educar para Crescer","url":"https:\/\/jornalfatosenoticias.com.br\/index.php\/author\/haroldo\/"}]}},"cc_featured_image_caption":{"caption_text":"(Foto: Divulga\u00e7\u00e3o) ","source_text":"","source_url":""},"jetpack_featured_media_url":"https:\/\/jornalfatosenoticias.com.br\/wp-content\/uploads\/2025\/08\/cafe-sao-mateus.jpg","_links":{"self":[{"href":"https:\/\/jornalfatosenoticias.com.br\/index.php\/wp-json\/wp\/v2\/posts\/61275","targetHints":{"allow":["GET"]}}],"collection":[{"href":"https:\/\/jornalfatosenoticias.com.br\/index.php\/wp-json\/wp\/v2\/posts"}],"about":[{"href":"https:\/\/jornalfatosenoticias.com.br\/index.php\/wp-json\/wp\/v2\/types\/post"}],"author":[{"embeddable":true,"href":"https:\/\/jornalfatosenoticias.com.br\/index.php\/wp-json\/wp\/v2\/users\/3"}],"replies":[{"embeddable":true,"href":"https:\/\/jornalfatosenoticias.com.br\/index.php\/wp-json\/wp\/v2\/comments?post=61275"}],"version-history":[{"count":0,"href":"https:\/\/jornalfatosenoticias.com.br\/index.php\/wp-json\/wp\/v2\/posts\/61275\/revisions"}],"wp:featuredmedia":[{"embeddable":true,"href":"https:\/\/jornalfatosenoticias.com.br\/index.php\/wp-json\/wp\/v2\/media\/61276"}],"wp:attachment":[{"href":"https:\/\/jornalfatosenoticias.com.br\/index.php\/wp-json\/wp\/v2\/media?parent=61275"}],"wp:term":[{"taxonomy":"category","embeddable":true,"href":"https:\/\/jornalfatosenoticias.com.br\/index.php\/wp-json\/wp\/v2\/categories?post=61275"},{"taxonomy":"post_tag","embeddable":true,"href":"https:\/\/jornalfatosenoticias.com.br\/index.php\/wp-json\/wp\/v2\/tags?post=61275"}],"curies":[{"name":"wp","href":"https:\/\/api.w.org\/{rel}","templated":true}]}}