{"id":61289,"date":"2025-08-18T09:26:37","date_gmt":"2025-08-18T12:26:37","guid":{"rendered":"https:\/\/jornalfatosenoticias.com.br\/?p=61289"},"modified":"2025-08-18T09:26:39","modified_gmt":"2025-08-18T12:26:39","slug":"lo-manh-hung-a-historia-do-mais-jovem-fotojornalista-da-guerra-do-vietna","status":"publish","type":"post","link":"https:\/\/jornalfatosenoticias.com.br\/index.php\/2025\/08\/18\/lo-manh-hung-a-historia-do-mais-jovem-fotojornalista-da-guerra-do-vietna\/","title":{"rendered":"Lo Manh Hung: a hist\u00f3ria do mais jovem fotojornalista da Guerra do Vietn\u00e3"},"content":{"rendered":"\n<p><em><span class=\"has-inline-color has-black-color\">Com apenas 12 anos, Lo Manh Hung surpreendeu o mundo ao fotografar a Guerra do Vietn\u00e3, tornando-se o mais jovem fotojornalista a registrar o conflito<\/span><\/em><\/p>\n\n\n\n<p><span class=\"has-inline-color has-black-color\">Por <strong><a href=\"https:\/\/aventurasnahistoria.com.br\/noticias\/author\/giovanna-gomes\">Giovanna Gomes<\/a><\/strong><\/span><\/p>\n\n\n\n<div class=\"wp-block-image\"><figure class=\"aligncenter size-large\"><a href=\"https:\/\/mizu.com.br\/\"><img loading=\"lazy\" decoding=\"async\" width=\"729\" height=\"90\" src=\"https:\/\/jornalfatosenoticias.com.br\/wp-content\/uploads\/2020\/02\/Logo_Mizu.png\" alt=\"\" class=\"wp-image-1441\" srcset=\"https:\/\/jornalfatosenoticias.com.br\/wp-content\/uploads\/2020\/02\/Logo_Mizu.png 729w, https:\/\/jornalfatosenoticias.com.br\/wp-content\/uploads\/2020\/02\/Logo_Mizu-300x37.png 300w\" sizes=\"auto, (max-width: 729px) 100vw, 729px\" \/><\/a><\/figure><\/div>\n\n\n\n<p>Enquanto a maioria das <a href=\"https:\/\/pt.wikipedia.org\/wiki\/Crian%C3%A7a\" target=\"_blank\" rel=\"noreferrer noopener\">crian\u00e7as<\/a>\u00a0tentava escapar dos horrores da guerra, um garoto franzino com uma c\u00e2mera pendurada no pesco\u00e7o corria na dire\u00e7\u00e3o oposta. Com apenas 12 anos,\u00a0<mark><strong>Lo Manh Hung<\/strong>\u00a0tornou-se o mais jovem fotojornalista da Guerra do Vietn\u00e3.<\/mark> O pequeno era filho de Lo Vinh, um experiente fot\u00f3grafo freelancer, com quem aprendeu as t\u00e9cnicas que usaria para registrar o conflito.<br>A baixa estatura, que poderia ser uma desvantagem, revelou-se uma aliada. Afinal, o menino conseguia se infiltrar por entre escombros, escapar de tiroteios e alcan\u00e7ar lugares onde adultos jamais conseguiriam passar. Mas ser crian\u00e7a em meio \u00e0 guerra tamb\u00e9m o expunha a constantes interrogat\u00f3rios da <a href=\"https:\/\/pt.wikipedia.org\/wiki\/Pol%C3%ADcia\" target=\"_blank\" rel=\"noreferrer noopener\">pol\u00edcia<\/a> e das for\u00e7as armadas, que duvidavam da legitimidade de seu trabalho. Ainda assim, com as credenciais do pai e uma coragem fora do comum, Hung conquistou respeito entre os rep\u00f3rteres veteranos e ganhou espa\u00e7o na cobertura jornal\u00edstica do conflito.<\/p>\n\n\n\n<div class=\"wp-block-image\"><figure class=\"aligncenter size-large\"><a href=\"https:\/\/www.cesconetto.com.br\/\"><img loading=\"lazy\" decoding=\"async\" width=\"300\" height=\"250\" src=\"https:\/\/jornalfatosenoticias.com.br\/wp-content\/uploads\/2022\/02\/Banner-2.png\" alt=\"\" class=\"wp-image-27877\"\/><\/a><\/figure><\/div>\n\n\n\n<p>Durante a Ofensiva do Tet, em 1968, um dos epis\u00f3dios mais violentos e decisivos da guerra, Hung chamou a aten\u00e7\u00e3o ao seguir soldados do ex\u00e9rcito sul-vietnamita (ARVN) at\u00e9 as \u00e1reas controladas pelos vietcongues em <a href=\"https:\/\/pt.wikipedia.org\/wiki\/Cidade_de_Ho_Chi_Minh\" target=\"_blank\" rel=\"noreferrer noopener\">Saigon<\/a>, registrando imagens de uma guerra urbana brutal. Vendia essas fotos para jornais locais e ag\u00eancias internacionais por 10 d\u00f3lares o rolo \u2014 o suficiente para sustentar sua fam\u00edlia por um m\u00eas inteiro.<\/p>\n\n\n\n<div class=\"wp-block-image\"><figure class=\"aligncenter size-large is-resized\"><a href=\"https:\/\/panper.com.br\/\"><img loading=\"lazy\" decoding=\"async\" src=\"https:\/\/jornalfatosenoticias.com.br\/wp-content\/uploads\/2023\/03\/logo-Panper_portal.jpg\" alt=\"\" class=\"wp-image-40208\" width=\"324\" height=\"224\" srcset=\"https:\/\/jornalfatosenoticias.com.br\/wp-content\/uploads\/2023\/03\/logo-Panper_portal.jpg 400w, https:\/\/jornalfatosenoticias.com.br\/wp-content\/uploads\/2023\/03\/logo-Panper_portal-300x208.jpg 300w\" sizes=\"auto, (max-width: 324px) 100vw, 324px\" \/><\/a><\/figure><\/div>\n\n\n\n<p>Mas nem tudo o que capturou sobreviveu. De acordo com o portal Rare Historical Photos, quando os norte-vietnamitas tomaram o sul do pa\u00eds em 1975, Hung teve apenas minutos para fugir. Subiu \u00e0s pressas em um helic\u00f3ptero lotado, com soldados o segurando pela perna, enquanto a aeronave decolava. Perdeu, naquele instante, todas as suas fotos e negativos que carregava consigo. D\u00e9cadas depois, mudou-se para San Francisco, onde montou sua pr\u00f3pria loja de fotografia.<\/p>\n\n\n\n<div class=\"wp-block-image\"><figure class=\"aligncenter size-large is-resized\"><a href=\"https:\/\/www.instagram.com\/serra4x4cambioautomatico\/\"><img loading=\"lazy\" decoding=\"async\" src=\"https:\/\/jornalfatosenoticias.com.br\/wp-content\/uploads\/2024\/08\/Serra-4x4-1-886x1024.jpg\" alt=\"\" class=\"wp-image-53632\" width=\"282\" height=\"326\" srcset=\"https:\/\/jornalfatosenoticias.com.br\/wp-content\/uploads\/2024\/08\/Serra-4x4-1-886x1024.jpg 886w, https:\/\/jornalfatosenoticias.com.br\/wp-content\/uploads\/2024\/08\/Serra-4x4-1-260x300.jpg 260w, https:\/\/jornalfatosenoticias.com.br\/wp-content\/uploads\/2024\/08\/Serra-4x4-1-768x888.jpg 768w, https:\/\/jornalfatosenoticias.com.br\/wp-content\/uploads\/2024\/08\/Serra-4x4-1.jpg 1181w\" sizes=\"auto, (max-width: 282px) 100vw, 282px\" \/><\/a><\/figure><\/div>\n\n\n\n<p>Em 1998, Hung surpreendeu o renomado ex-fot\u00f3grafo da Associated Press, Horst Faas, ao mostrar-lhe uma foto antiga: ele pr\u00f3prio, com um capacete onde se lia \u201cPRESS\u201d, estampado na testa, e um recorte de jornal plastificado com a manchete: \u201cMenino, 12, em trabalhos perigosos\u201d. Faas, emocionado, disse: \u201cesse garoto, eu nem sabia que ele estava vivo. Estou feliz, muito feliz, em v\u00ea-lo\u201d.<\/p>\n\n\n\n<div class=\"wp-block-image\"><figure class=\"aligncenter size-large is-resized\"><a href=\"https:\/\/www.instagram.com\/rcradiadores\/\"><img loading=\"lazy\" decoding=\"async\" src=\"https:\/\/jornalfatosenoticias.com.br\/wp-content\/uploads\/2022\/10\/RC_800x750_page-0001.jpg\" alt=\"\" class=\"wp-image-35338\" width=\"274\" height=\"257\" srcset=\"https:\/\/jornalfatosenoticias.com.br\/wp-content\/uploads\/2022\/10\/RC_800x750_page-0001.jpg 400w, https:\/\/jornalfatosenoticias.com.br\/wp-content\/uploads\/2022\/10\/RC_800x750_page-0001-300x281.jpg 300w\" sizes=\"auto, (max-width: 274px) 100vw, 274px\" \/><\/a><\/figure><\/div>\n\n\n\n<p>De fato, o mundo conheceu Lo Manh Hung por meio de uma mat\u00e9ria publicada em 14 de fevereiro de 1968 pelo Southeast Missourian, intitulada \u201cMenino fot\u00f3grafo busca o perigo enquanto outros fogem\u201d. O texto descreve o garoto de pouco mais de 60 libras (aproximadamente 27 kg), correndo pelas ruas bombardeadas de Saigon, sempre em busca do pr\u00f3ximo clique. Ele j\u00e1 atuava profissionalmente havia dois anos, desde que seu pai se feriu durante um tumulto e passou a depender do filho para continuar trabalhando.<\/p>\n\n\n\n<div class=\"wp-block-image\"><figure class=\"aligncenter size-large is-resized\"><a href=\"https:\/\/www.facebook.com\/profile.php?id=100069289606145\"><img loading=\"lazy\" decoding=\"async\" src=\"https:\/\/jornalfatosenoticias.com.br\/wp-content\/uploads\/2024\/11\/Guaitolini-Contabilidade-1024x714.jpeg\" alt=\"\" class=\"wp-image-55808\" width=\"304\" height=\"212\" srcset=\"https:\/\/jornalfatosenoticias.com.br\/wp-content\/uploads\/2024\/11\/Guaitolini-Contabilidade-1024x714.jpeg 1024w, https:\/\/jornalfatosenoticias.com.br\/wp-content\/uploads\/2024\/11\/Guaitolini-Contabilidade-300x209.jpeg 300w, https:\/\/jornalfatosenoticias.com.br\/wp-content\/uploads\/2024\/11\/Guaitolini-Contabilidade-768x535.jpeg 768w, https:\/\/jornalfatosenoticias.com.br\/wp-content\/uploads\/2024\/11\/Guaitolini-Contabilidade.jpeg 1280w\" sizes=\"auto, (max-width: 304px) 100vw, 304px\" \/><\/a><\/figure><\/div>\n\n\n\n<p>Pai e filho eram o mais velho e o mais jovem fot\u00f3grafos da cidade. Acordavam \u00e0s cinco da manh\u00e3 e trabalhavam at\u00e9 depois das nove da noite, sem folgas. Em tempos de relativa calma, cobriam casamentos, chegadas de autoridades e inc\u00eandios. J\u00e1 em tempos de guerra, documentavam o caos.<\/p>\n\n\n\n<div class=\"wp-block-image\"><figure class=\"aligncenter size-large is-resized\"><a href=\"https:\/\/www.controlsystems.com.br\/\"><img loading=\"lazy\" decoding=\"async\" src=\"https:\/\/jornalfatosenoticias.com.br\/wp-content\/uploads\/2020\/02\/CONTROL-CS.jpg\" alt=\"\" class=\"wp-image-44991\" width=\"265\" height=\"317\" srcset=\"https:\/\/jornalfatosenoticias.com.br\/wp-content\/uploads\/2020\/02\/CONTROL-CS.jpg 834w, https:\/\/jornalfatosenoticias.com.br\/wp-content\/uploads\/2020\/02\/CONTROL-CS-250x300.jpg 250w, https:\/\/jornalfatosenoticias.com.br\/wp-content\/uploads\/2020\/02\/CONTROL-CS-768x921.jpg 768w\" sizes=\"auto, (max-width: 265px) 100vw, 265px\" \/><\/a><\/figure><\/div>\n\n\n\n<p>Hung tamb\u00e9m processava os filmes, fazia impress\u00f5es e as levava para jornais e ag\u00eancias de not\u00edcias. Era vendedor, rep\u00f3rter e mensageiro, tudo ao mesmo tempo. Seu tamanho lhe rendia vantagem em coletivas de imprensa: serpenteava por entre rep\u00f3rteres mais velhos e conseguia o melhor \u00e2ngulo, sem nunca bloquear a vis\u00e3o dos demais \u2014 que, por isso, deixavam-no em paz.<\/p>\n\n\n\n<div class=\"wp-block-image\"><figure class=\"aligncenter size-large\"><a href=\"http:\/\/www.ferrarimaquinas.com.br\/\"><img loading=\"lazy\" decoding=\"async\" width=\"300\" height=\"250\" src=\"https:\/\/jornalfatosenoticias.com.br\/wp-content\/uploads\/2022\/02\/FERRARI_MAQUINAS-E-FERRAMENTAS2.jpg\" alt=\"\" class=\"wp-image-27860\"\/><\/a><\/figure><\/div>\n\n\n\n<p>Mas, apesar da habilidade e da <a href=\"https:\/\/aventurasnahistoria.com.br\/noticias\/reportagem\/comovente-historia-do-ex-ator-mirim-que-foi-preso-para-se-salvar.phtml\" target=\"_blank\" rel=\"noreferrer noopener\">fama precoce<\/a>, o maior desafio de Hung sempre foi provar que era, de fato, um fotojornalista. A pol\u00edcia frequentemente o barrava nos port\u00f5es de pr\u00e9dios oficiais. \u201cPara onde voc\u00ea acha que est\u00e1 indo?\u201d, perguntavam. Ele respondia com calma, mostrava seus equipamentos, seus documentos e, ent\u00e3o, era liberado.<\/p>\n\n\n\n<p><strong>Fonte: <a href=\"https:\/\/aventurasnahistoria.com.br\/noticias\/reportagem\/lo-manh-hung-historia-do-mais-jovem-fotojornalista-da-guerra-do-vietna.phtml\">Aventuras na Hist\u00f3ria<\/a><\/strong><\/p>\n","protected":false},"excerpt":{"rendered":"<p>Com apenas 12 anos, Lo Manh Hung surpreendeu o mundo ao fotografar a Guerra do Vietn\u00e3, tornando-se o mais jovem fotojornalista a registrar o conflito Por Giovanna Gomes Enquanto a maioria das crian\u00e7as\u00a0tentava escapar dos horrores da guerra, um garoto franzino com uma c\u00e2mera pendurada no pesco\u00e7o corria na dire\u00e7\u00e3o oposta. Com apenas 12 anos,\u00a0Lo [&hellip;]<\/p>\n","protected":false},"author":2,"featured_media":61290,"comment_status":"open","ping_status":"open","sticky":false,"template":"","format":"standard","meta":{"footnotes":""},"categories":[4],"tags":[27919,27921,4491,27920,27918,18186,5052],"class_list":["post-61289","post","type-post","status-publish","format-standard","has-post-thumbnail","hentry","category-cultura","tag-fotografo","tag-fotojornalista","tag-guerra","tag-guerra-do-vietna","tag-mais-jovem","tag-menino","tag-vietna"],"yoast_head":"<!-- This site is optimized with the Yoast SEO plugin v26.5 - https:\/\/yoast.com\/wordpress\/plugins\/seo\/ -->\n<title>Lo Manh Hung: a hist\u00f3ria do mais jovem fotojornalista da Guerra do Vietn\u00e3 - Jornal Fatos e Not\u00edcias<\/title>\n<meta name=\"robots\" content=\"index, follow, max-snippet:-1, max-image-preview:large, max-video-preview:-1\" \/>\n<link rel=\"canonical\" href=\"https:\/\/jornalfatosenoticias.com.br\/index.php\/2025\/08\/18\/lo-manh-hung-a-historia-do-mais-jovem-fotojornalista-da-guerra-do-vietna\/\" \/>\n<meta property=\"og:locale\" content=\"pt_BR\" \/>\n<meta property=\"og:type\" content=\"article\" \/>\n<meta property=\"og:title\" content=\"Lo Manh Hung: a hist\u00f3ria do mais jovem fotojornalista da Guerra do Vietn\u00e3 - Jornal Fatos e Not\u00edcias\" \/>\n<meta property=\"og:description\" content=\"Com apenas 12 anos, Lo Manh Hung surpreendeu o mundo ao fotografar a Guerra do Vietn\u00e3, tornando-se o mais jovem fotojornalista a registrar o conflito Por Giovanna Gomes Enquanto a maioria das crian\u00e7as\u00a0tentava escapar dos horrores da guerra, um garoto franzino com uma c\u00e2mera pendurada no pesco\u00e7o corria na dire\u00e7\u00e3o oposta. Com apenas 12 anos,\u00a0Lo [&hellip;]\" \/>\n<meta property=\"og:url\" content=\"https:\/\/jornalfatosenoticias.com.br\/index.php\/2025\/08\/18\/lo-manh-hung-a-historia-do-mais-jovem-fotojornalista-da-guerra-do-vietna\/\" \/>\n<meta property=\"og:site_name\" content=\"Jornal Fatos e Not\u00edcias\" \/>\n<meta property=\"article:published_time\" content=\"2025-08-18T12:26:37+00:00\" \/>\n<meta property=\"article:modified_time\" content=\"2025-08-18T12:26:39+00:00\" \/>\n<meta property=\"og:image\" content=\"https:\/\/jornalfatosenoticias.com.br\/wp-content\/uploads\/2025\/08\/Lo-Manh-Hung-Guerra-do-Vietna_gettyimages.jpg\" \/>\n\t<meta property=\"og:image:width\" content=\"1000\" \/>\n\t<meta property=\"og:image:height\" content=\"562\" \/>\n\t<meta property=\"og:image:type\" content=\"image\/jpeg\" \/>\n<meta name=\"author\" content=\"Luzimara Fernandes\" \/>\n<meta name=\"twitter:card\" content=\"summary_large_image\" \/>\n<meta name=\"twitter:label1\" content=\"Escrito por\" \/>\n\t<meta name=\"twitter:data1\" content=\"Luzimara Fernandes\" \/>\n\t<meta name=\"twitter:label2\" content=\"Est. tempo de leitura\" \/>\n\t<meta name=\"twitter:data2\" content=\"3 minutos\" \/>\n<script type=\"application\/ld+json\" class=\"yoast-schema-graph\">{\"@context\":\"https:\/\/schema.org\",\"@graph\":[{\"@type\":\"Article\",\"@id\":\"https:\/\/jornalfatosenoticias.com.br\/index.php\/2025\/08\/18\/lo-manh-hung-a-historia-do-mais-jovem-fotojornalista-da-guerra-do-vietna\/#article\",\"isPartOf\":{\"@id\":\"https:\/\/jornalfatosenoticias.com.br\/index.php\/2025\/08\/18\/lo-manh-hung-a-historia-do-mais-jovem-fotojornalista-da-guerra-do-vietna\/\"},\"author\":{\"name\":\"Luzimara Fernandes\",\"@id\":\"https:\/\/jornalfatosenoticias.com.br\/#\/schema\/person\/d63837fa13ac8666eb9e74e0985d6f81\"},\"headline\":\"Lo Manh Hung: a hist\u00f3ria do mais jovem fotojornalista da Guerra do Vietn\u00e3\",\"datePublished\":\"2025-08-18T12:26:37+00:00\",\"dateModified\":\"2025-08-18T12:26:39+00:00\",\"mainEntityOfPage\":{\"@id\":\"https:\/\/jornalfatosenoticias.com.br\/index.php\/2025\/08\/18\/lo-manh-hung-a-historia-do-mais-jovem-fotojornalista-da-guerra-do-vietna\/\"},\"wordCount\":670,\"commentCount\":0,\"publisher\":{\"@id\":\"https:\/\/jornalfatosenoticias.com.br\/#organization\"},\"image\":{\"@id\":\"https:\/\/jornalfatosenoticias.com.br\/index.php\/2025\/08\/18\/lo-manh-hung-a-historia-do-mais-jovem-fotojornalista-da-guerra-do-vietna\/#primaryimage\"},\"thumbnailUrl\":\"https:\/\/jornalfatosenoticias.com.br\/wp-content\/uploads\/2025\/08\/Lo-Manh-Hung-Guerra-do-Vietna_gettyimages.jpg\",\"keywords\":[\"fot\u00f3grafo\",\"fotojornalista\",\"guerra\",\"Guerra do Vietn\u00e3\",\"mais jovem\",\"menino\",\"Vietn\u00e3\"],\"articleSection\":[\"Cultura\"],\"inLanguage\":\"pt-BR\",\"potentialAction\":[{\"@type\":\"CommentAction\",\"name\":\"Comment\",\"target\":[\"https:\/\/jornalfatosenoticias.com.br\/index.php\/2025\/08\/18\/lo-manh-hung-a-historia-do-mais-jovem-fotojornalista-da-guerra-do-vietna\/#respond\"]}]},{\"@type\":\"WebPage\",\"@id\":\"https:\/\/jornalfatosenoticias.com.br\/index.php\/2025\/08\/18\/lo-manh-hung-a-historia-do-mais-jovem-fotojornalista-da-guerra-do-vietna\/\",\"url\":\"https:\/\/jornalfatosenoticias.com.br\/index.php\/2025\/08\/18\/lo-manh-hung-a-historia-do-mais-jovem-fotojornalista-da-guerra-do-vietna\/\",\"name\":\"Lo Manh Hung: a hist\u00f3ria do mais jovem fotojornalista da Guerra do Vietn\u00e3 - Jornal Fatos e Not\u00edcias\",\"isPartOf\":{\"@id\":\"https:\/\/jornalfatosenoticias.com.br\/#website\"},\"primaryImageOfPage\":{\"@id\":\"https:\/\/jornalfatosenoticias.com.br\/index.php\/2025\/08\/18\/lo-manh-hung-a-historia-do-mais-jovem-fotojornalista-da-guerra-do-vietna\/#primaryimage\"},\"image\":{\"@id\":\"https:\/\/jornalfatosenoticias.com.br\/index.php\/2025\/08\/18\/lo-manh-hung-a-historia-do-mais-jovem-fotojornalista-da-guerra-do-vietna\/#primaryimage\"},\"thumbnailUrl\":\"https:\/\/jornalfatosenoticias.com.br\/wp-content\/uploads\/2025\/08\/Lo-Manh-Hung-Guerra-do-Vietna_gettyimages.jpg\",\"datePublished\":\"2025-08-18T12:26:37+00:00\",\"dateModified\":\"2025-08-18T12:26:39+00:00\",\"breadcrumb\":{\"@id\":\"https:\/\/jornalfatosenoticias.com.br\/index.php\/2025\/08\/18\/lo-manh-hung-a-historia-do-mais-jovem-fotojornalista-da-guerra-do-vietna\/#breadcrumb\"},\"inLanguage\":\"pt-BR\",\"potentialAction\":[{\"@type\":\"ReadAction\",\"target\":[\"https:\/\/jornalfatosenoticias.com.br\/index.php\/2025\/08\/18\/lo-manh-hung-a-historia-do-mais-jovem-fotojornalista-da-guerra-do-vietna\/\"]}]},{\"@type\":\"ImageObject\",\"inLanguage\":\"pt-BR\",\"@id\":\"https:\/\/jornalfatosenoticias.com.br\/index.php\/2025\/08\/18\/lo-manh-hung-a-historia-do-mais-jovem-fotojornalista-da-guerra-do-vietna\/#primaryimage\",\"url\":\"https:\/\/jornalfatosenoticias.com.br\/wp-content\/uploads\/2025\/08\/Lo-Manh-Hung-Guerra-do-Vietna_gettyimages.jpg\",\"contentUrl\":\"https:\/\/jornalfatosenoticias.com.br\/wp-content\/uploads\/2025\/08\/Lo-Manh-Hung-Guerra-do-Vietna_gettyimages.jpg\",\"width\":1000,\"height\":562},{\"@type\":\"BreadcrumbList\",\"@id\":\"https:\/\/jornalfatosenoticias.com.br\/index.php\/2025\/08\/18\/lo-manh-hung-a-historia-do-mais-jovem-fotojornalista-da-guerra-do-vietna\/#breadcrumb\",\"itemListElement\":[{\"@type\":\"ListItem\",\"position\":1,\"name\":\"In\u00edcio\",\"item\":\"https:\/\/jornalfatosenoticias.com.br\/\"},{\"@type\":\"ListItem\",\"position\":2,\"name\":\"Lo Manh Hung: a hist\u00f3ria do mais jovem fotojornalista da Guerra do Vietn\u00e3\"}]},{\"@type\":\"WebSite\",\"@id\":\"https:\/\/jornalfatosenoticias.com.br\/#website\",\"url\":\"https:\/\/jornalfatosenoticias.com.br\/\",\"name\":\"Jornal Fatos e Not\u00edcias\",\"description\":\"Not\u00edcias em geral\",\"publisher\":{\"@id\":\"https:\/\/jornalfatosenoticias.com.br\/#organization\"},\"potentialAction\":[{\"@type\":\"SearchAction\",\"target\":{\"@type\":\"EntryPoint\",\"urlTemplate\":\"https:\/\/jornalfatosenoticias.com.br\/?s={search_term_string}\"},\"query-input\":{\"@type\":\"PropertyValueSpecification\",\"valueRequired\":true,\"valueName\":\"search_term_string\"}}],\"inLanguage\":\"pt-BR\"},{\"@type\":\"Organization\",\"@id\":\"https:\/\/jornalfatosenoticias.com.br\/#organization\",\"name\":\"Jornal Fatos e Not\u00edcias\",\"url\":\"https:\/\/jornalfatosenoticias.com.br\/\",\"logo\":{\"@type\":\"ImageObject\",\"inLanguage\":\"pt-BR\",\"@id\":\"https:\/\/jornalfatosenoticias.com.br\/#\/schema\/logo\/image\/\",\"url\":\"https:\/\/jornalfatosenoticias.com.br\/wp-content\/uploads\/2020\/02\/logo120.png\",\"contentUrl\":\"https:\/\/jornalfatosenoticias.com.br\/wp-content\/uploads\/2020\/02\/logo120.png\",\"width\":1227,\"height\":120,\"caption\":\"Jornal Fatos e Not\u00edcias\"},\"image\":{\"@id\":\"https:\/\/jornalfatosenoticias.com.br\/#\/schema\/logo\/image\/\"}},{\"@type\":\"Person\",\"@id\":\"https:\/\/jornalfatosenoticias.com.br\/#\/schema\/person\/d63837fa13ac8666eb9e74e0985d6f81\",\"name\":\"Luzimara Fernandes\",\"image\":{\"@type\":\"ImageObject\",\"inLanguage\":\"pt-BR\",\"@id\":\"https:\/\/jornalfatosenoticias.com.br\/#\/schema\/person\/image\/\",\"url\":\"https:\/\/jornalfatosenoticias.com.br\/wp-content\/uploads\/2025\/05\/EU_portal.jpg\",\"contentUrl\":\"https:\/\/jornalfatosenoticias.com.br\/wp-content\/uploads\/2025\/05\/EU_portal.jpg\",\"caption\":\"Luzimara Fernandes\"},\"description\":\"Jornalista MTB 2358-ES\",\"sameAs\":[\"https:\/\/jornalfatosenoticias.com.br\"],\"url\":\"https:\/\/jornalfatosenoticias.com.br\/index.php\/author\/luzimara\/\"}]}<\/script>\n<!-- \/ Yoast SEO plugin. -->","yoast_head_json":{"title":"Lo Manh Hung: a hist\u00f3ria do mais jovem fotojornalista da Guerra do Vietn\u00e3 - Jornal Fatos e Not\u00edcias","robots":{"index":"index","follow":"follow","max-snippet":"max-snippet:-1","max-image-preview":"max-image-preview:large","max-video-preview":"max-video-preview:-1"},"canonical":"https:\/\/jornalfatosenoticias.com.br\/index.php\/2025\/08\/18\/lo-manh-hung-a-historia-do-mais-jovem-fotojornalista-da-guerra-do-vietna\/","og_locale":"pt_BR","og_type":"article","og_title":"Lo Manh Hung: a hist\u00f3ria do mais jovem fotojornalista da Guerra do Vietn\u00e3 - Jornal Fatos e Not\u00edcias","og_description":"Com apenas 12 anos, Lo Manh Hung surpreendeu o mundo ao fotografar a Guerra do Vietn\u00e3, tornando-se o mais jovem fotojornalista a registrar o conflito Por Giovanna Gomes Enquanto a maioria das crian\u00e7as\u00a0tentava escapar dos horrores da guerra, um garoto franzino com uma c\u00e2mera pendurada no pesco\u00e7o corria na dire\u00e7\u00e3o oposta. Com apenas 12 anos,\u00a0Lo [&hellip;]","og_url":"https:\/\/jornalfatosenoticias.com.br\/index.php\/2025\/08\/18\/lo-manh-hung-a-historia-do-mais-jovem-fotojornalista-da-guerra-do-vietna\/","og_site_name":"Jornal Fatos e Not\u00edcias","article_published_time":"2025-08-18T12:26:37+00:00","article_modified_time":"2025-08-18T12:26:39+00:00","og_image":[{"width":1000,"height":562,"url":"https:\/\/jornalfatosenoticias.com.br\/wp-content\/uploads\/2025\/08\/Lo-Manh-Hung-Guerra-do-Vietna_gettyimages.jpg","type":"image\/jpeg"}],"author":"Luzimara Fernandes","twitter_card":"summary_large_image","twitter_misc":{"Escrito por":"Luzimara Fernandes","Est. tempo de leitura":"3 minutos"},"schema":{"@context":"https:\/\/schema.org","@graph":[{"@type":"Article","@id":"https:\/\/jornalfatosenoticias.com.br\/index.php\/2025\/08\/18\/lo-manh-hung-a-historia-do-mais-jovem-fotojornalista-da-guerra-do-vietna\/#article","isPartOf":{"@id":"https:\/\/jornalfatosenoticias.com.br\/index.php\/2025\/08\/18\/lo-manh-hung-a-historia-do-mais-jovem-fotojornalista-da-guerra-do-vietna\/"},"author":{"name":"Luzimara Fernandes","@id":"https:\/\/jornalfatosenoticias.com.br\/#\/schema\/person\/d63837fa13ac8666eb9e74e0985d6f81"},"headline":"Lo Manh Hung: a hist\u00f3ria do mais jovem fotojornalista da Guerra do Vietn\u00e3","datePublished":"2025-08-18T12:26:37+00:00","dateModified":"2025-08-18T12:26:39+00:00","mainEntityOfPage":{"@id":"https:\/\/jornalfatosenoticias.com.br\/index.php\/2025\/08\/18\/lo-manh-hung-a-historia-do-mais-jovem-fotojornalista-da-guerra-do-vietna\/"},"wordCount":670,"commentCount":0,"publisher":{"@id":"https:\/\/jornalfatosenoticias.com.br\/#organization"},"image":{"@id":"https:\/\/jornalfatosenoticias.com.br\/index.php\/2025\/08\/18\/lo-manh-hung-a-historia-do-mais-jovem-fotojornalista-da-guerra-do-vietna\/#primaryimage"},"thumbnailUrl":"https:\/\/jornalfatosenoticias.com.br\/wp-content\/uploads\/2025\/08\/Lo-Manh-Hung-Guerra-do-Vietna_gettyimages.jpg","keywords":["fot\u00f3grafo","fotojornalista","guerra","Guerra do Vietn\u00e3","mais jovem","menino","Vietn\u00e3"],"articleSection":["Cultura"],"inLanguage":"pt-BR","potentialAction":[{"@type":"CommentAction","name":"Comment","target":["https:\/\/jornalfatosenoticias.com.br\/index.php\/2025\/08\/18\/lo-manh-hung-a-historia-do-mais-jovem-fotojornalista-da-guerra-do-vietna\/#respond"]}]},{"@type":"WebPage","@id":"https:\/\/jornalfatosenoticias.com.br\/index.php\/2025\/08\/18\/lo-manh-hung-a-historia-do-mais-jovem-fotojornalista-da-guerra-do-vietna\/","url":"https:\/\/jornalfatosenoticias.com.br\/index.php\/2025\/08\/18\/lo-manh-hung-a-historia-do-mais-jovem-fotojornalista-da-guerra-do-vietna\/","name":"Lo Manh Hung: a hist\u00f3ria do mais jovem fotojornalista da Guerra do Vietn\u00e3 - Jornal Fatos e Not\u00edcias","isPartOf":{"@id":"https:\/\/jornalfatosenoticias.com.br\/#website"},"primaryImageOfPage":{"@id":"https:\/\/jornalfatosenoticias.com.br\/index.php\/2025\/08\/18\/lo-manh-hung-a-historia-do-mais-jovem-fotojornalista-da-guerra-do-vietna\/#primaryimage"},"image":{"@id":"https:\/\/jornalfatosenoticias.com.br\/index.php\/2025\/08\/18\/lo-manh-hung-a-historia-do-mais-jovem-fotojornalista-da-guerra-do-vietna\/#primaryimage"},"thumbnailUrl":"https:\/\/jornalfatosenoticias.com.br\/wp-content\/uploads\/2025\/08\/Lo-Manh-Hung-Guerra-do-Vietna_gettyimages.jpg","datePublished":"2025-08-18T12:26:37+00:00","dateModified":"2025-08-18T12:26:39+00:00","breadcrumb":{"@id":"https:\/\/jornalfatosenoticias.com.br\/index.php\/2025\/08\/18\/lo-manh-hung-a-historia-do-mais-jovem-fotojornalista-da-guerra-do-vietna\/#breadcrumb"},"inLanguage":"pt-BR","potentialAction":[{"@type":"ReadAction","target":["https:\/\/jornalfatosenoticias.com.br\/index.php\/2025\/08\/18\/lo-manh-hung-a-historia-do-mais-jovem-fotojornalista-da-guerra-do-vietna\/"]}]},{"@type":"ImageObject","inLanguage":"pt-BR","@id":"https:\/\/jornalfatosenoticias.com.br\/index.php\/2025\/08\/18\/lo-manh-hung-a-historia-do-mais-jovem-fotojornalista-da-guerra-do-vietna\/#primaryimage","url":"https:\/\/jornalfatosenoticias.com.br\/wp-content\/uploads\/2025\/08\/Lo-Manh-Hung-Guerra-do-Vietna_gettyimages.jpg","contentUrl":"https:\/\/jornalfatosenoticias.com.br\/wp-content\/uploads\/2025\/08\/Lo-Manh-Hung-Guerra-do-Vietna_gettyimages.jpg","width":1000,"height":562},{"@type":"BreadcrumbList","@id":"https:\/\/jornalfatosenoticias.com.br\/index.php\/2025\/08\/18\/lo-manh-hung-a-historia-do-mais-jovem-fotojornalista-da-guerra-do-vietna\/#breadcrumb","itemListElement":[{"@type":"ListItem","position":1,"name":"In\u00edcio","item":"https:\/\/jornalfatosenoticias.com.br\/"},{"@type":"ListItem","position":2,"name":"Lo Manh Hung: a hist\u00f3ria do mais jovem fotojornalista da Guerra do Vietn\u00e3"}]},{"@type":"WebSite","@id":"https:\/\/jornalfatosenoticias.com.br\/#website","url":"https:\/\/jornalfatosenoticias.com.br\/","name":"Jornal Fatos e Not\u00edcias","description":"Not\u00edcias em geral","publisher":{"@id":"https:\/\/jornalfatosenoticias.com.br\/#organization"},"potentialAction":[{"@type":"SearchAction","target":{"@type":"EntryPoint","urlTemplate":"https:\/\/jornalfatosenoticias.com.br\/?s={search_term_string}"},"query-input":{"@type":"PropertyValueSpecification","valueRequired":true,"valueName":"search_term_string"}}],"inLanguage":"pt-BR"},{"@type":"Organization","@id":"https:\/\/jornalfatosenoticias.com.br\/#organization","name":"Jornal Fatos e Not\u00edcias","url":"https:\/\/jornalfatosenoticias.com.br\/","logo":{"@type":"ImageObject","inLanguage":"pt-BR","@id":"https:\/\/jornalfatosenoticias.com.br\/#\/schema\/logo\/image\/","url":"https:\/\/jornalfatosenoticias.com.br\/wp-content\/uploads\/2020\/02\/logo120.png","contentUrl":"https:\/\/jornalfatosenoticias.com.br\/wp-content\/uploads\/2020\/02\/logo120.png","width":1227,"height":120,"caption":"Jornal Fatos e Not\u00edcias"},"image":{"@id":"https:\/\/jornalfatosenoticias.com.br\/#\/schema\/logo\/image\/"}},{"@type":"Person","@id":"https:\/\/jornalfatosenoticias.com.br\/#\/schema\/person\/d63837fa13ac8666eb9e74e0985d6f81","name":"Luzimara Fernandes","image":{"@type":"ImageObject","inLanguage":"pt-BR","@id":"https:\/\/jornalfatosenoticias.com.br\/#\/schema\/person\/image\/","url":"https:\/\/jornalfatosenoticias.com.br\/wp-content\/uploads\/2025\/05\/EU_portal.jpg","contentUrl":"https:\/\/jornalfatosenoticias.com.br\/wp-content\/uploads\/2025\/05\/EU_portal.jpg","caption":"Luzimara Fernandes"},"description":"Jornalista MTB 2358-ES","sameAs":["https:\/\/jornalfatosenoticias.com.br"],"url":"https:\/\/jornalfatosenoticias.com.br\/index.php\/author\/luzimara\/"}]}},"cc_featured_image_caption":{"caption_text":"(Foto: Getty Imagens) ","source_text":"","source_url":""},"jetpack_featured_media_url":"https:\/\/jornalfatosenoticias.com.br\/wp-content\/uploads\/2025\/08\/Lo-Manh-Hung-Guerra-do-Vietna_gettyimages.jpg","_links":{"self":[{"href":"https:\/\/jornalfatosenoticias.com.br\/index.php\/wp-json\/wp\/v2\/posts\/61289","targetHints":{"allow":["GET"]}}],"collection":[{"href":"https:\/\/jornalfatosenoticias.com.br\/index.php\/wp-json\/wp\/v2\/posts"}],"about":[{"href":"https:\/\/jornalfatosenoticias.com.br\/index.php\/wp-json\/wp\/v2\/types\/post"}],"author":[{"embeddable":true,"href":"https:\/\/jornalfatosenoticias.com.br\/index.php\/wp-json\/wp\/v2\/users\/2"}],"replies":[{"embeddable":true,"href":"https:\/\/jornalfatosenoticias.com.br\/index.php\/wp-json\/wp\/v2\/comments?post=61289"}],"version-history":[{"count":0,"href":"https:\/\/jornalfatosenoticias.com.br\/index.php\/wp-json\/wp\/v2\/posts\/61289\/revisions"}],"wp:featuredmedia":[{"embeddable":true,"href":"https:\/\/jornalfatosenoticias.com.br\/index.php\/wp-json\/wp\/v2\/media\/61290"}],"wp:attachment":[{"href":"https:\/\/jornalfatosenoticias.com.br\/index.php\/wp-json\/wp\/v2\/media?parent=61289"}],"wp:term":[{"taxonomy":"category","embeddable":true,"href":"https:\/\/jornalfatosenoticias.com.br\/index.php\/wp-json\/wp\/v2\/categories?post=61289"},{"taxonomy":"post_tag","embeddable":true,"href":"https:\/\/jornalfatosenoticias.com.br\/index.php\/wp-json\/wp\/v2\/tags?post=61289"}],"curies":[{"name":"wp","href":"https:\/\/api.w.org\/{rel}","templated":true}]}}