{"id":61298,"date":"2025-08-18T10:08:56","date_gmt":"2025-08-18T13:08:56","guid":{"rendered":"https:\/\/jornalfatosenoticias.com.br\/?p=61298"},"modified":"2025-08-18T10:08:57","modified_gmt":"2025-08-18T13:08:57","slug":"sol-e-saude-ossea-o-papel-da-vitamina-d-magnesio-e-calcio-na-prevencao-da-osteoporose","status":"publish","type":"post","link":"https:\/\/jornalfatosenoticias.com.br\/index.php\/2025\/08\/18\/sol-e-saude-ossea-o-papel-da-vitamina-d-magnesio-e-calcio-na-prevencao-da-osteoporose\/","title":{"rendered":"Sol e sa\u00fade \u00f3ssea: o papel da vitamina D, magn\u00e9sio e c\u00e1lcio na preven\u00e7\u00e3o da osteoporose"},"content":{"rendered":"\n<p><em><span class=\"has-inline-color has-black-color\">Entenda a sinergia entre esses nutrientes essenciais e como um estilo de vida consciente pode fortalecer seus ossos e prevenir doen\u00e7as cr\u00f4nicas<\/span><\/em><\/p>\n\n\n\n<p><span class=\"has-inline-color has-black-color\">Por <strong><a href=\"https:\/\/www.bonsfluidos.com.br\/author\/isabella-bisordi\">Isabella Bisordi<\/a><\/strong><\/span><\/p>\n\n\n\n<div class=\"wp-block-image\"><figure class=\"aligncenter size-large\"><a href=\"https:\/\/mizu.com.br\/\"><img loading=\"lazy\" decoding=\"async\" width=\"729\" height=\"90\" src=\"https:\/\/jornalfatosenoticias.com.br\/wp-content\/uploads\/2020\/02\/Logo_Mizu.png\" alt=\"\" class=\"wp-image-1441\" srcset=\"https:\/\/jornalfatosenoticias.com.br\/wp-content\/uploads\/2020\/02\/Logo_Mizu.png 729w, https:\/\/jornalfatosenoticias.com.br\/wp-content\/uploads\/2020\/02\/Logo_Mizu-300x37.png 300w\" sizes=\"auto, (max-width: 729px) 100vw, 729px\" \/><\/a><\/figure><\/div>\n\n\n\n<p>A vitamina D \u00e9 amplamente conhecida por sua rela\u00e7\u00e3o com a sa\u00fade <a href=\"https:\/\/www.bonsfluidos.com.br\/no-prato\/essas-frutas-secas-regulam-a-glicose-e-favorecem-a-saude-ossea.phtml\">\u00f3ssea<\/a>, mas sua atua\u00e7\u00e3o n\u00e3o \u00e9 solit\u00e1ria. Para que ela exer\u00e7a seu papel fundamental, \u00e9 necess\u00e1ria uma orquestra de nutrientes, em que o c\u00e1lcio e o magn\u00e9sio desempenham pap\u00e9is cruciais. A defici\u00eancia de um desses componentes pode comprometer a efic\u00e1cia dos outros, tornando os ossos mais fr\u00e1geis e aumentando o risco de <a href=\"https:\/\/www.bonsfluidos.com.br\/bem-estar\/como-a-pratica-de-pilates-ajuda-a-prevenir-a-osteoporose.phtml\">osteoporose<\/a>, uma doen\u00e7a silenciosa que afeta a densidade \u00f3ssea e torna o indiv\u00edduo mais suscet\u00edvel a fraturas. Compreender essa sinergia \u00e9 o passo mais importante para construir e manter uma estrutura \u00f3ssea forte ao longo da vida.<br>A vitamina D atua como um horm\u00f4nio no corpo, sendo essencial para a absor\u00e7\u00e3o do c\u00e1lcio no <a href=\"https:\/\/www.bonsfluidos.com.br\/saude\/como-o-funcionamento-do-intestino-afeta-nosso-humor-entenda.phtml\">intestino<\/a>. Sem n\u00edveis adequados de vitamina D, mesmo que a ingest\u00e3o de c\u00e1lcio seja alta, o corpo n\u00e3o consegue absorver e utilizar esse mineral de forma eficiente. <\/p>\n\n\n\n<div class=\"wp-block-image\"><figure class=\"aligncenter size-large is-resized\"><a href=\"https:\/\/www.controlsystems.com.br\/\"><img loading=\"lazy\" decoding=\"async\" src=\"https:\/\/jornalfatosenoticias.com.br\/wp-content\/uploads\/2020\/02\/CONTROL-CS.jpg\" alt=\"\" class=\"wp-image-44991\" width=\"281\" height=\"337\" srcset=\"https:\/\/jornalfatosenoticias.com.br\/wp-content\/uploads\/2020\/02\/CONTROL-CS.jpg 834w, https:\/\/jornalfatosenoticias.com.br\/wp-content\/uploads\/2020\/02\/CONTROL-CS-250x300.jpg 250w, https:\/\/jornalfatosenoticias.com.br\/wp-content\/uploads\/2020\/02\/CONTROL-CS-768x921.jpg 768w\" sizes=\"auto, (max-width: 281px) 100vw, 281px\" \/><\/a><\/figure><\/div>\n\n\n\n<p>O magn\u00e9sio, por sua vez, \u00e9 um cofator para a ativa\u00e7\u00e3o da vitamina D e \u00e9 fundamental para a regula\u00e7\u00e3o do metabolismo do c\u00e1lcio, atuando em mais de 300 rea\u00e7\u00f5es enzim\u00e1ticas no corpo. Em outras palavras, a vitamina D abre a porta para o c\u00e1lcio, e o magn\u00e9sio garante que o processo aconte\u00e7a corretamente.<\/p>\n\n\n\n<div class=\"wp-block-image\"><figure class=\"aligncenter size-large is-resized\"><a href=\"https:\/\/hotelmarquetti.com.br\/\"><img loading=\"lazy\" decoding=\"async\" src=\"https:\/\/jornalfatosenoticias.com.br\/wp-content\/uploads\/2020\/02\/LOGO-MQ-1024x680.jpg\" alt=\"\" class=\"wp-image-58299\" width=\"306\" height=\"203\" srcset=\"https:\/\/jornalfatosenoticias.com.br\/wp-content\/uploads\/2020\/02\/LOGO-MQ-1024x680.jpg 1024w, https:\/\/jornalfatosenoticias.com.br\/wp-content\/uploads\/2020\/02\/LOGO-MQ-300x199.jpg 300w, https:\/\/jornalfatosenoticias.com.br\/wp-content\/uploads\/2020\/02\/LOGO-MQ-768x510.jpg 768w, https:\/\/jornalfatosenoticias.com.br\/wp-content\/uploads\/2020\/02\/LOGO-MQ-1536x1020.jpg 1536w, https:\/\/jornalfatosenoticias.com.br\/wp-content\/uploads\/2020\/02\/LOGO-MQ-2048x1360.jpg 2048w\" sizes=\"auto, (max-width: 306px) 100vw, 306px\" \/><\/a><\/figure><\/div>\n\n\n\n<h3 class=\"wp-block-heading\"><span class=\"has-inline-color has-vivid-cyan-blue-color\">Cada um desses elementos desempenha uma fun\u00e7\u00e3o espec\u00edfica e complementar:<\/span><\/h3>\n\n\n\n<ol class=\"wp-block-list\"><li><strong>Vitamina D: o regente da absor\u00e7\u00e3o<br><\/strong>Nossa principal fonte de vitamina D \u00e9 a exposi\u00e7\u00e3o \u00e0 luz solar. Quando a pele \u00e9 exposta aos raios UVB, ela produz vitamina D, que \u00e9 ent\u00e3o convertida em sua forma ativa. Sua falta prejudica a absor\u00e7\u00e3o de c\u00e1lcio, levando o corpo a retir\u00e1-lo dos ossos para manter os n\u00edveis de c\u00e1lcio no sangue, enfraquecendo a densidade <a href=\"https:\/\/www.bonsfluidos.com.br\/bem-estar\/calcio-alem-do-leite-as-melhores-fontes-vegetais-para-ossos-fortes.phtml\">\u00f3ssea<\/a> ao longo do tempo.<\/li><li><strong>C\u00e1lcio: o material de constru\u00e7\u00e3o<br><\/strong>O c\u00e1lcio \u00e9 o principal mineral que comp\u00f5e os ossos. Cerca de 99% do c\u00e1lcio do nosso corpo est\u00e1 armazenado nos ossos e <a href=\"https:\/\/www.bonsfluidos.com.br\/bem-estar\/saiba-quais-os-principais-erros-ao-escovar-os-dentes.phtml\">dentes<\/a>. A ingest\u00e3o adequada de c\u00e1lcio ao longo da vida \u00e9 crucial para a forma\u00e7\u00e3o e manuten\u00e7\u00e3o da massa \u00f3ssea.<\/li><li><strong>Magn\u00e9sio: o cofator essencial<br><\/strong>O magn\u00e9sio \u00e9 vital para a ativa\u00e7\u00e3o da vitamina D no f\u00edgado e nos rins. Sem <a href=\"https:\/\/www.bonsfluidos.com.br\/saude\/o-que-e-o-magnesio-e-como-ele-impacta-nossa-saude-especialistas-de-harvard-esclarecem.phtml\">magn\u00e9sio<\/a>, a vitamina D permanece inativa e n\u00e3o consegue cumprir sua fun\u00e7\u00e3o de absorver c\u00e1lcio. Al\u00e9m disso, o magn\u00e9sio ajuda a regular o paratorm\u00f4nio, horm\u00f4nio que gerencia os n\u00edveis de c\u00e1lcio e fosfato no sangue, e \u00e9 crucial para a sa\u00fade muscular, o que indiretamente ajuda a manter o peso e a for\u00e7a, protegendo os ossos.<\/li><\/ol>\n\n\n\n<div class=\"wp-block-image\"><figure class=\"aligncenter size-large is-resized\"><a href=\"https:\/\/panper.com.br\/\"><img loading=\"lazy\" decoding=\"async\" src=\"https:\/\/jornalfatosenoticias.com.br\/wp-content\/uploads\/2023\/03\/logo-Panper_portal.jpg\" alt=\"\" class=\"wp-image-40208\" width=\"299\" height=\"207\" srcset=\"https:\/\/jornalfatosenoticias.com.br\/wp-content\/uploads\/2023\/03\/logo-Panper_portal.jpg 400w, https:\/\/jornalfatosenoticias.com.br\/wp-content\/uploads\/2023\/03\/logo-Panper_portal-300x208.jpg 300w\" sizes=\"auto, (max-width: 299px) 100vw, 299px\" \/><\/a><\/figure><\/div>\n\n\n\n<p><strong><span class=\"has-inline-color has-vivid-cyan-blue-color\">Como garantir a sinergia perfeita no seu dia a dia<br><\/span>\u2705<\/strong> <strong>Exposi\u00e7\u00e3o consciente ao Sol: <\/strong>dedique de 10 a 20 minutos por dia para a <a href=\"https:\/\/www.bonsfluidos.com.br\/bem-estar\/como-lidar-com-a-pele-apos-a-exposicao-ao-sol-confira-dicas-de-especialistas.phtml\">exposi\u00e7\u00e3o solar<\/a> direta (sem protetor solar), de prefer\u00eancia nos bra\u00e7os e pernas, em hor\u00e1rios de menor intensidade de raios UV, como pela manh\u00e3 ou no final da tarde;<br>\u2705 <strong>Dieta rica em c\u00e1lcio:<\/strong> inclua em sua dieta latic\u00ednios (leite, iogurte, queijo), <a href=\"https:\/\/www.bonsfluidos.com.br\/saude\/consumir-vegetais-pode-resultar-em-menor-risco-de-desenvolver-cancer-de-mama.phtml\">vegetais<\/a> de folhas escuras (br\u00f3colis, couve), am\u00eandoas e sementes de gergelim;<br>\u2705 <strong>Fontes de magn\u00e9sio:<\/strong> o magn\u00e9sio \u00e9 abundante em vegetais de folhas verdes, sementes (ab\u00f3bora, chia), nozes, peixes gordurosos e <a href=\"https:\/\/www.bonsfluidos.com.br\/no-prato\/estudo-descobre-novo-beneficio-do-chocolate-amargo-para-a-saude-veja-qual-e.phtml\">chocolate amargo<\/a>;<\/p>\n\n\n\n<div class=\"wp-block-image\"><figure class=\"aligncenter size-large is-resized\"><a href=\"https:\/\/www.instagram.com\/rcradiadores\/\"><img loading=\"lazy\" decoding=\"async\" src=\"https:\/\/jornalfatosenoticias.com.br\/wp-content\/uploads\/2022\/10\/RC_800x750_page-0001.jpg\" alt=\"\" class=\"wp-image-35338\" width=\"290\" height=\"272\" srcset=\"https:\/\/jornalfatosenoticias.com.br\/wp-content\/uploads\/2022\/10\/RC_800x750_page-0001.jpg 400w, https:\/\/jornalfatosenoticias.com.br\/wp-content\/uploads\/2022\/10\/RC_800x750_page-0001-300x281.jpg 300w\" sizes=\"auto, (max-width: 290px) 100vw, 290px\" \/><\/a><\/figure><\/div>\n\n\n\n<p>\u2705 <strong>Suplementa\u00e7\u00e3o combinada: <\/strong>em muitos casos, especialmente para grupos de risco, como idosos ou pessoas com baixa exposi\u00e7\u00e3o solar, a suplementa\u00e7\u00e3o de vitamina D \u00e9 necess\u00e1ria. A dosagem e a necessidade devem ser avaliadas por um profissional de sa\u00fade, que pode recomendar a inclus\u00e3o de c\u00e1lcio e <a href=\"https:\/\/www.bonsfluidos.com.br\/no-prato\/qual-e-a-funcao-do-magnesio-no-corpo.phtml\">magn\u00e9sio<\/a> para uma abordagem mais completa;<\/p>\n\n\n\n<div class=\"wp-block-image\"><figure class=\"aligncenter size-large is-resized\"><a href=\"https:\/\/www.instagram.com\/serra4x4cambioautomatico\/\"><img loading=\"lazy\" decoding=\"async\" src=\"https:\/\/jornalfatosenoticias.com.br\/wp-content\/uploads\/2024\/08\/Serra-4x4-1-886x1024.jpg\" alt=\"\" class=\"wp-image-53632\" width=\"259\" height=\"299\" srcset=\"https:\/\/jornalfatosenoticias.com.br\/wp-content\/uploads\/2024\/08\/Serra-4x4-1-886x1024.jpg 886w, https:\/\/jornalfatosenoticias.com.br\/wp-content\/uploads\/2024\/08\/Serra-4x4-1-260x300.jpg 260w, https:\/\/jornalfatosenoticias.com.br\/wp-content\/uploads\/2024\/08\/Serra-4x4-1-768x888.jpg 768w, https:\/\/jornalfatosenoticias.com.br\/wp-content\/uploads\/2024\/08\/Serra-4x4-1.jpg 1181w\" sizes=\"auto, (max-width: 259px) 100vw, 259px\" \/><\/a><\/figure><\/div>\n\n\n\n<p>\u2705 <strong>Exerc\u00edcio de peso:<\/strong> atividades como caminhada, corrida, <a href=\"https:\/\/www.bonsfluidos.com.br\/saude\/musculacao-e-aliada-no-combate-a-depressao-em-idosos-diz-estudo.phtml\">muscula\u00e7\u00e3o<\/a> e dan\u00e7a estimulam o crescimento \u00f3sseo e ajudam a aumentar a densidade \u00f3ssea.<br>Cuidar da sa\u00fade dos ossos \u00e9 um investimento para o futuro. Ao entender a rela\u00e7\u00e3o entre a vitamina D, o c\u00e1lcio e o magn\u00e9sio, voc\u00ea adota uma abordagem mais completa e eficaz para prevenir a <a href=\"https:\/\/www.bonsfluidos.com.br\/bem-estar\/avanco-na-saude-sus-libera-novo-medicamento-para-osteoporose.phtml\">osteoporose<\/a> e garantir a for\u00e7a e a vitalidade do seu corpo por muitos anos.<\/p>\n\n\n\n<div class=\"wp-block-image\"><figure class=\"aligncenter size-large is-resized\"><a href=\"https:\/\/www.facebook.com\/vetor.vix\/\"><img loading=\"lazy\" decoding=\"async\" src=\"https:\/\/jornalfatosenoticias.com.br\/wp-content\/uploads\/2023\/09\/vetorvix1024_1.jpg\" alt=\"\" class=\"wp-image-44868\" width=\"543\" height=\"144\" srcset=\"https:\/\/jornalfatosenoticias.com.br\/wp-content\/uploads\/2023\/09\/vetorvix1024_1.jpg 1024w, https:\/\/jornalfatosenoticias.com.br\/wp-content\/uploads\/2023\/09\/vetorvix1024_1-300x80.jpg 300w, https:\/\/jornalfatosenoticias.com.br\/wp-content\/uploads\/2023\/09\/vetorvix1024_1-768x205.jpg 768w\" sizes=\"auto, (max-width: 543px) 100vw, 543px\" \/><\/a><\/figure><\/div>\n\n\n\n<p><strong>Fonte: <a href=\"https:\/\/www.bonsfluidos.com.br\/bem-estar\/sol-e-saude-ossea-o-papel-da-vitamina-d-magnesio-e-calcio-na-prevencao-da-osteoporose.phtml\">Bons Fluidos<\/a><\/strong><\/p>\n","protected":false},"excerpt":{"rendered":"<p>Entenda a sinergia entre esses nutrientes essenciais e como um estilo de vida consciente pode fortalecer seus ossos e prevenir doen\u00e7as cr\u00f4nicas Por Isabella Bisordi A vitamina D \u00e9 amplamente conhecida por sua rela\u00e7\u00e3o com a sa\u00fade \u00f3ssea, mas sua atua\u00e7\u00e3o n\u00e3o \u00e9 solit\u00e1ria. Para que ela exer\u00e7a seu papel fundamental, \u00e9 necess\u00e1ria uma orquestra [&hellip;]<\/p>\n","protected":false},"author":2,"featured_media":61299,"comment_status":"open","ping_status":"open","sticky":false,"template":"","format":"standard","meta":{"footnotes":""},"categories":[42],"tags":[385,22206,2586,13766,3327,20249,7953],"class_list":["post-61298","post","type-post","status-publish","format-standard","has-post-thumbnail","hentry","category-bem-estar","tag-bem-estar","tag-calcio","tag-envelhecimento","tag-magnesio","tag-osteoporose","tag-saude-ossea","tag-vitamina-d"],"yoast_head":"<!-- This site is optimized with the Yoast SEO plugin v26.5 - https:\/\/yoast.com\/wordpress\/plugins\/seo\/ -->\n<title>Sol e sa\u00fade \u00f3ssea: o papel da vitamina D, magn\u00e9sio e c\u00e1lcio na preven\u00e7\u00e3o da osteoporose - Jornal Fatos e Not\u00edcias<\/title>\n<meta name=\"robots\" content=\"index, follow, max-snippet:-1, max-image-preview:large, max-video-preview:-1\" \/>\n<link rel=\"canonical\" href=\"https:\/\/jornalfatosenoticias.com.br\/index.php\/2025\/08\/18\/sol-e-saude-ossea-o-papel-da-vitamina-d-magnesio-e-calcio-na-prevencao-da-osteoporose\/\" \/>\n<meta property=\"og:locale\" content=\"pt_BR\" \/>\n<meta property=\"og:type\" content=\"article\" \/>\n<meta property=\"og:title\" content=\"Sol e sa\u00fade \u00f3ssea: o papel da vitamina D, magn\u00e9sio e c\u00e1lcio na preven\u00e7\u00e3o da osteoporose - Jornal Fatos e Not\u00edcias\" \/>\n<meta property=\"og:description\" content=\"Entenda a sinergia entre esses nutrientes essenciais e como um estilo de vida consciente pode fortalecer seus ossos e prevenir doen\u00e7as cr\u00f4nicas Por Isabella Bisordi A vitamina D \u00e9 amplamente conhecida por sua rela\u00e7\u00e3o com a sa\u00fade \u00f3ssea, mas sua atua\u00e7\u00e3o n\u00e3o \u00e9 solit\u00e1ria. Para que ela exer\u00e7a seu papel fundamental, \u00e9 necess\u00e1ria uma orquestra [&hellip;]\" \/>\n<meta property=\"og:url\" content=\"https:\/\/jornalfatosenoticias.com.br\/index.php\/2025\/08\/18\/sol-e-saude-ossea-o-papel-da-vitamina-d-magnesio-e-calcio-na-prevencao-da-osteoporose\/\" \/>\n<meta property=\"og:site_name\" content=\"Jornal Fatos e Not\u00edcias\" \/>\n<meta property=\"article:published_time\" content=\"2025-08-18T13:08:56+00:00\" \/>\n<meta property=\"article:modified_time\" content=\"2025-08-18T13:08:57+00:00\" \/>\n<meta property=\"og:image\" content=\"https:\/\/jornalfatosenoticias.com.br\/wp-content\/uploads\/2025\/08\/sol-e-vitamina-d_istock.jpg\" \/>\n\t<meta property=\"og:image:width\" content=\"612\" \/>\n\t<meta property=\"og:image:height\" content=\"408\" \/>\n\t<meta property=\"og:image:type\" content=\"image\/jpeg\" \/>\n<meta name=\"author\" content=\"Luzimara Fernandes\" \/>\n<meta name=\"twitter:card\" content=\"summary_large_image\" \/>\n<meta name=\"twitter:label1\" content=\"Escrito por\" \/>\n\t<meta name=\"twitter:data1\" content=\"Luzimara Fernandes\" \/>\n\t<meta name=\"twitter:label2\" content=\"Est. tempo de leitura\" \/>\n\t<meta name=\"twitter:data2\" content=\"4 minutos\" \/>\n<script type=\"application\/ld+json\" class=\"yoast-schema-graph\">{\"@context\":\"https:\/\/schema.org\",\"@graph\":[{\"@type\":\"Article\",\"@id\":\"https:\/\/jornalfatosenoticias.com.br\/index.php\/2025\/08\/18\/sol-e-saude-ossea-o-papel-da-vitamina-d-magnesio-e-calcio-na-prevencao-da-osteoporose\/#article\",\"isPartOf\":{\"@id\":\"https:\/\/jornalfatosenoticias.com.br\/index.php\/2025\/08\/18\/sol-e-saude-ossea-o-papel-da-vitamina-d-magnesio-e-calcio-na-prevencao-da-osteoporose\/\"},\"author\":{\"name\":\"Luzimara Fernandes\",\"@id\":\"https:\/\/jornalfatosenoticias.com.br\/#\/schema\/person\/d63837fa13ac8666eb9e74e0985d6f81\"},\"headline\":\"Sol e sa\u00fade \u00f3ssea: o papel da vitamina D, magn\u00e9sio e c\u00e1lcio na preven\u00e7\u00e3o da osteoporose\",\"datePublished\":\"2025-08-18T13:08:56+00:00\",\"dateModified\":\"2025-08-18T13:08:57+00:00\",\"mainEntityOfPage\":{\"@id\":\"https:\/\/jornalfatosenoticias.com.br\/index.php\/2025\/08\/18\/sol-e-saude-ossea-o-papel-da-vitamina-d-magnesio-e-calcio-na-prevencao-da-osteoporose\/\"},\"wordCount\":743,\"commentCount\":0,\"publisher\":{\"@id\":\"https:\/\/jornalfatosenoticias.com.br\/#organization\"},\"image\":{\"@id\":\"https:\/\/jornalfatosenoticias.com.br\/index.php\/2025\/08\/18\/sol-e-saude-ossea-o-papel-da-vitamina-d-magnesio-e-calcio-na-prevencao-da-osteoporose\/#primaryimage\"},\"thumbnailUrl\":\"https:\/\/jornalfatosenoticias.com.br\/wp-content\/uploads\/2025\/08\/sol-e-vitamina-d_istock.jpg\",\"keywords\":[\"bem-estar\",\"c\u00e1lcio\",\"envelhecimento\",\"magn\u00e9sio\",\"osteoporose\",\"sa\u00fade \u00f3ssea\",\"vitamina D\"],\"articleSection\":[\"Bem-estar\"],\"inLanguage\":\"pt-BR\",\"potentialAction\":[{\"@type\":\"CommentAction\",\"name\":\"Comment\",\"target\":[\"https:\/\/jornalfatosenoticias.com.br\/index.php\/2025\/08\/18\/sol-e-saude-ossea-o-papel-da-vitamina-d-magnesio-e-calcio-na-prevencao-da-osteoporose\/#respond\"]}]},{\"@type\":\"WebPage\",\"@id\":\"https:\/\/jornalfatosenoticias.com.br\/index.php\/2025\/08\/18\/sol-e-saude-ossea-o-papel-da-vitamina-d-magnesio-e-calcio-na-prevencao-da-osteoporose\/\",\"url\":\"https:\/\/jornalfatosenoticias.com.br\/index.php\/2025\/08\/18\/sol-e-saude-ossea-o-papel-da-vitamina-d-magnesio-e-calcio-na-prevencao-da-osteoporose\/\",\"name\":\"Sol e sa\u00fade \u00f3ssea: o papel da vitamina D, magn\u00e9sio e c\u00e1lcio na preven\u00e7\u00e3o da osteoporose - Jornal Fatos e Not\u00edcias\",\"isPartOf\":{\"@id\":\"https:\/\/jornalfatosenoticias.com.br\/#website\"},\"primaryImageOfPage\":{\"@id\":\"https:\/\/jornalfatosenoticias.com.br\/index.php\/2025\/08\/18\/sol-e-saude-ossea-o-papel-da-vitamina-d-magnesio-e-calcio-na-prevencao-da-osteoporose\/#primaryimage\"},\"image\":{\"@id\":\"https:\/\/jornalfatosenoticias.com.br\/index.php\/2025\/08\/18\/sol-e-saude-ossea-o-papel-da-vitamina-d-magnesio-e-calcio-na-prevencao-da-osteoporose\/#primaryimage\"},\"thumbnailUrl\":\"https:\/\/jornalfatosenoticias.com.br\/wp-content\/uploads\/2025\/08\/sol-e-vitamina-d_istock.jpg\",\"datePublished\":\"2025-08-18T13:08:56+00:00\",\"dateModified\":\"2025-08-18T13:08:57+00:00\",\"breadcrumb\":{\"@id\":\"https:\/\/jornalfatosenoticias.com.br\/index.php\/2025\/08\/18\/sol-e-saude-ossea-o-papel-da-vitamina-d-magnesio-e-calcio-na-prevencao-da-osteoporose\/#breadcrumb\"},\"inLanguage\":\"pt-BR\",\"potentialAction\":[{\"@type\":\"ReadAction\",\"target\":[\"https:\/\/jornalfatosenoticias.com.br\/index.php\/2025\/08\/18\/sol-e-saude-ossea-o-papel-da-vitamina-d-magnesio-e-calcio-na-prevencao-da-osteoporose\/\"]}]},{\"@type\":\"ImageObject\",\"inLanguage\":\"pt-BR\",\"@id\":\"https:\/\/jornalfatosenoticias.com.br\/index.php\/2025\/08\/18\/sol-e-saude-ossea-o-papel-da-vitamina-d-magnesio-e-calcio-na-prevencao-da-osteoporose\/#primaryimage\",\"url\":\"https:\/\/jornalfatosenoticias.com.br\/wp-content\/uploads\/2025\/08\/sol-e-vitamina-d_istock.jpg\",\"contentUrl\":\"https:\/\/jornalfatosenoticias.com.br\/wp-content\/uploads\/2025\/08\/sol-e-vitamina-d_istock.jpg\",\"width\":612,\"height\":408,\"caption\":\"Silhouette of a dreamer girl looking hopeful at the horizon\"},{\"@type\":\"BreadcrumbList\",\"@id\":\"https:\/\/jornalfatosenoticias.com.br\/index.php\/2025\/08\/18\/sol-e-saude-ossea-o-papel-da-vitamina-d-magnesio-e-calcio-na-prevencao-da-osteoporose\/#breadcrumb\",\"itemListElement\":[{\"@type\":\"ListItem\",\"position\":1,\"name\":\"In\u00edcio\",\"item\":\"https:\/\/jornalfatosenoticias.com.br\/\"},{\"@type\":\"ListItem\",\"position\":2,\"name\":\"Sol e sa\u00fade \u00f3ssea: o papel da vitamina D, magn\u00e9sio e c\u00e1lcio na preven\u00e7\u00e3o da osteoporose\"}]},{\"@type\":\"WebSite\",\"@id\":\"https:\/\/jornalfatosenoticias.com.br\/#website\",\"url\":\"https:\/\/jornalfatosenoticias.com.br\/\",\"name\":\"Jornal Fatos e Not\u00edcias\",\"description\":\"Not\u00edcias em geral\",\"publisher\":{\"@id\":\"https:\/\/jornalfatosenoticias.com.br\/#organization\"},\"potentialAction\":[{\"@type\":\"SearchAction\",\"target\":{\"@type\":\"EntryPoint\",\"urlTemplate\":\"https:\/\/jornalfatosenoticias.com.br\/?s={search_term_string}\"},\"query-input\":{\"@type\":\"PropertyValueSpecification\",\"valueRequired\":true,\"valueName\":\"search_term_string\"}}],\"inLanguage\":\"pt-BR\"},{\"@type\":\"Organization\",\"@id\":\"https:\/\/jornalfatosenoticias.com.br\/#organization\",\"name\":\"Jornal Fatos e Not\u00edcias\",\"url\":\"https:\/\/jornalfatosenoticias.com.br\/\",\"logo\":{\"@type\":\"ImageObject\",\"inLanguage\":\"pt-BR\",\"@id\":\"https:\/\/jornalfatosenoticias.com.br\/#\/schema\/logo\/image\/\",\"url\":\"https:\/\/jornalfatosenoticias.com.br\/wp-content\/uploads\/2020\/02\/logo120.png\",\"contentUrl\":\"https:\/\/jornalfatosenoticias.com.br\/wp-content\/uploads\/2020\/02\/logo120.png\",\"width\":1227,\"height\":120,\"caption\":\"Jornal Fatos e Not\u00edcias\"},\"image\":{\"@id\":\"https:\/\/jornalfatosenoticias.com.br\/#\/schema\/logo\/image\/\"}},{\"@type\":\"Person\",\"@id\":\"https:\/\/jornalfatosenoticias.com.br\/#\/schema\/person\/d63837fa13ac8666eb9e74e0985d6f81\",\"name\":\"Luzimara Fernandes\",\"image\":{\"@type\":\"ImageObject\",\"inLanguage\":\"pt-BR\",\"@id\":\"https:\/\/jornalfatosenoticias.com.br\/#\/schema\/person\/image\/\",\"url\":\"https:\/\/jornalfatosenoticias.com.br\/wp-content\/uploads\/2025\/05\/EU_portal.jpg\",\"contentUrl\":\"https:\/\/jornalfatosenoticias.com.br\/wp-content\/uploads\/2025\/05\/EU_portal.jpg\",\"caption\":\"Luzimara Fernandes\"},\"description\":\"Jornalista MTB 2358-ES\",\"sameAs\":[\"https:\/\/jornalfatosenoticias.com.br\"],\"url\":\"https:\/\/jornalfatosenoticias.com.br\/index.php\/author\/luzimara\/\"}]}<\/script>\n<!-- \/ Yoast SEO plugin. -->","yoast_head_json":{"title":"Sol e sa\u00fade \u00f3ssea: o papel da vitamina D, magn\u00e9sio e c\u00e1lcio na preven\u00e7\u00e3o da osteoporose - Jornal Fatos e Not\u00edcias","robots":{"index":"index","follow":"follow","max-snippet":"max-snippet:-1","max-image-preview":"max-image-preview:large","max-video-preview":"max-video-preview:-1"},"canonical":"https:\/\/jornalfatosenoticias.com.br\/index.php\/2025\/08\/18\/sol-e-saude-ossea-o-papel-da-vitamina-d-magnesio-e-calcio-na-prevencao-da-osteoporose\/","og_locale":"pt_BR","og_type":"article","og_title":"Sol e sa\u00fade \u00f3ssea: o papel da vitamina D, magn\u00e9sio e c\u00e1lcio na preven\u00e7\u00e3o da osteoporose - Jornal Fatos e Not\u00edcias","og_description":"Entenda a sinergia entre esses nutrientes essenciais e como um estilo de vida consciente pode fortalecer seus ossos e prevenir doen\u00e7as cr\u00f4nicas Por Isabella Bisordi A vitamina D \u00e9 amplamente conhecida por sua rela\u00e7\u00e3o com a sa\u00fade \u00f3ssea, mas sua atua\u00e7\u00e3o n\u00e3o \u00e9 solit\u00e1ria. Para que ela exer\u00e7a seu papel fundamental, \u00e9 necess\u00e1ria uma orquestra [&hellip;]","og_url":"https:\/\/jornalfatosenoticias.com.br\/index.php\/2025\/08\/18\/sol-e-saude-ossea-o-papel-da-vitamina-d-magnesio-e-calcio-na-prevencao-da-osteoporose\/","og_site_name":"Jornal Fatos e Not\u00edcias","article_published_time":"2025-08-18T13:08:56+00:00","article_modified_time":"2025-08-18T13:08:57+00:00","og_image":[{"width":612,"height":408,"url":"https:\/\/jornalfatosenoticias.com.br\/wp-content\/uploads\/2025\/08\/sol-e-vitamina-d_istock.jpg","type":"image\/jpeg"}],"author":"Luzimara Fernandes","twitter_card":"summary_large_image","twitter_misc":{"Escrito por":"Luzimara Fernandes","Est. tempo de leitura":"4 minutos"},"schema":{"@context":"https:\/\/schema.org","@graph":[{"@type":"Article","@id":"https:\/\/jornalfatosenoticias.com.br\/index.php\/2025\/08\/18\/sol-e-saude-ossea-o-papel-da-vitamina-d-magnesio-e-calcio-na-prevencao-da-osteoporose\/#article","isPartOf":{"@id":"https:\/\/jornalfatosenoticias.com.br\/index.php\/2025\/08\/18\/sol-e-saude-ossea-o-papel-da-vitamina-d-magnesio-e-calcio-na-prevencao-da-osteoporose\/"},"author":{"name":"Luzimara Fernandes","@id":"https:\/\/jornalfatosenoticias.com.br\/#\/schema\/person\/d63837fa13ac8666eb9e74e0985d6f81"},"headline":"Sol e sa\u00fade \u00f3ssea: o papel da vitamina D, magn\u00e9sio e c\u00e1lcio na preven\u00e7\u00e3o da osteoporose","datePublished":"2025-08-18T13:08:56+00:00","dateModified":"2025-08-18T13:08:57+00:00","mainEntityOfPage":{"@id":"https:\/\/jornalfatosenoticias.com.br\/index.php\/2025\/08\/18\/sol-e-saude-ossea-o-papel-da-vitamina-d-magnesio-e-calcio-na-prevencao-da-osteoporose\/"},"wordCount":743,"commentCount":0,"publisher":{"@id":"https:\/\/jornalfatosenoticias.com.br\/#organization"},"image":{"@id":"https:\/\/jornalfatosenoticias.com.br\/index.php\/2025\/08\/18\/sol-e-saude-ossea-o-papel-da-vitamina-d-magnesio-e-calcio-na-prevencao-da-osteoporose\/#primaryimage"},"thumbnailUrl":"https:\/\/jornalfatosenoticias.com.br\/wp-content\/uploads\/2025\/08\/sol-e-vitamina-d_istock.jpg","keywords":["bem-estar","c\u00e1lcio","envelhecimento","magn\u00e9sio","osteoporose","sa\u00fade \u00f3ssea","vitamina D"],"articleSection":["Bem-estar"],"inLanguage":"pt-BR","potentialAction":[{"@type":"CommentAction","name":"Comment","target":["https:\/\/jornalfatosenoticias.com.br\/index.php\/2025\/08\/18\/sol-e-saude-ossea-o-papel-da-vitamina-d-magnesio-e-calcio-na-prevencao-da-osteoporose\/#respond"]}]},{"@type":"WebPage","@id":"https:\/\/jornalfatosenoticias.com.br\/index.php\/2025\/08\/18\/sol-e-saude-ossea-o-papel-da-vitamina-d-magnesio-e-calcio-na-prevencao-da-osteoporose\/","url":"https:\/\/jornalfatosenoticias.com.br\/index.php\/2025\/08\/18\/sol-e-saude-ossea-o-papel-da-vitamina-d-magnesio-e-calcio-na-prevencao-da-osteoporose\/","name":"Sol e sa\u00fade \u00f3ssea: o papel da vitamina D, magn\u00e9sio e c\u00e1lcio na preven\u00e7\u00e3o da osteoporose - Jornal Fatos e Not\u00edcias","isPartOf":{"@id":"https:\/\/jornalfatosenoticias.com.br\/#website"},"primaryImageOfPage":{"@id":"https:\/\/jornalfatosenoticias.com.br\/index.php\/2025\/08\/18\/sol-e-saude-ossea-o-papel-da-vitamina-d-magnesio-e-calcio-na-prevencao-da-osteoporose\/#primaryimage"},"image":{"@id":"https:\/\/jornalfatosenoticias.com.br\/index.php\/2025\/08\/18\/sol-e-saude-ossea-o-papel-da-vitamina-d-magnesio-e-calcio-na-prevencao-da-osteoporose\/#primaryimage"},"thumbnailUrl":"https:\/\/jornalfatosenoticias.com.br\/wp-content\/uploads\/2025\/08\/sol-e-vitamina-d_istock.jpg","datePublished":"2025-08-18T13:08:56+00:00","dateModified":"2025-08-18T13:08:57+00:00","breadcrumb":{"@id":"https:\/\/jornalfatosenoticias.com.br\/index.php\/2025\/08\/18\/sol-e-saude-ossea-o-papel-da-vitamina-d-magnesio-e-calcio-na-prevencao-da-osteoporose\/#breadcrumb"},"inLanguage":"pt-BR","potentialAction":[{"@type":"ReadAction","target":["https:\/\/jornalfatosenoticias.com.br\/index.php\/2025\/08\/18\/sol-e-saude-ossea-o-papel-da-vitamina-d-magnesio-e-calcio-na-prevencao-da-osteoporose\/"]}]},{"@type":"ImageObject","inLanguage":"pt-BR","@id":"https:\/\/jornalfatosenoticias.com.br\/index.php\/2025\/08\/18\/sol-e-saude-ossea-o-papel-da-vitamina-d-magnesio-e-calcio-na-prevencao-da-osteoporose\/#primaryimage","url":"https:\/\/jornalfatosenoticias.com.br\/wp-content\/uploads\/2025\/08\/sol-e-vitamina-d_istock.jpg","contentUrl":"https:\/\/jornalfatosenoticias.com.br\/wp-content\/uploads\/2025\/08\/sol-e-vitamina-d_istock.jpg","width":612,"height":408,"caption":"Silhouette of a dreamer girl looking hopeful at the horizon"},{"@type":"BreadcrumbList","@id":"https:\/\/jornalfatosenoticias.com.br\/index.php\/2025\/08\/18\/sol-e-saude-ossea-o-papel-da-vitamina-d-magnesio-e-calcio-na-prevencao-da-osteoporose\/#breadcrumb","itemListElement":[{"@type":"ListItem","position":1,"name":"In\u00edcio","item":"https:\/\/jornalfatosenoticias.com.br\/"},{"@type":"ListItem","position":2,"name":"Sol e sa\u00fade \u00f3ssea: o papel da vitamina D, magn\u00e9sio e c\u00e1lcio na preven\u00e7\u00e3o da osteoporose"}]},{"@type":"WebSite","@id":"https:\/\/jornalfatosenoticias.com.br\/#website","url":"https:\/\/jornalfatosenoticias.com.br\/","name":"Jornal Fatos e Not\u00edcias","description":"Not\u00edcias em geral","publisher":{"@id":"https:\/\/jornalfatosenoticias.com.br\/#organization"},"potentialAction":[{"@type":"SearchAction","target":{"@type":"EntryPoint","urlTemplate":"https:\/\/jornalfatosenoticias.com.br\/?s={search_term_string}"},"query-input":{"@type":"PropertyValueSpecification","valueRequired":true,"valueName":"search_term_string"}}],"inLanguage":"pt-BR"},{"@type":"Organization","@id":"https:\/\/jornalfatosenoticias.com.br\/#organization","name":"Jornal Fatos e Not\u00edcias","url":"https:\/\/jornalfatosenoticias.com.br\/","logo":{"@type":"ImageObject","inLanguage":"pt-BR","@id":"https:\/\/jornalfatosenoticias.com.br\/#\/schema\/logo\/image\/","url":"https:\/\/jornalfatosenoticias.com.br\/wp-content\/uploads\/2020\/02\/logo120.png","contentUrl":"https:\/\/jornalfatosenoticias.com.br\/wp-content\/uploads\/2020\/02\/logo120.png","width":1227,"height":120,"caption":"Jornal Fatos e Not\u00edcias"},"image":{"@id":"https:\/\/jornalfatosenoticias.com.br\/#\/schema\/logo\/image\/"}},{"@type":"Person","@id":"https:\/\/jornalfatosenoticias.com.br\/#\/schema\/person\/d63837fa13ac8666eb9e74e0985d6f81","name":"Luzimara Fernandes","image":{"@type":"ImageObject","inLanguage":"pt-BR","@id":"https:\/\/jornalfatosenoticias.com.br\/#\/schema\/person\/image\/","url":"https:\/\/jornalfatosenoticias.com.br\/wp-content\/uploads\/2025\/05\/EU_portal.jpg","contentUrl":"https:\/\/jornalfatosenoticias.com.br\/wp-content\/uploads\/2025\/05\/EU_portal.jpg","caption":"Luzimara Fernandes"},"description":"Jornalista MTB 2358-ES","sameAs":["https:\/\/jornalfatosenoticias.com.br"],"url":"https:\/\/jornalfatosenoticias.com.br\/index.php\/author\/luzimara\/"}]}},"cc_featured_image_caption":{"caption_text":"(Foto: iStock) ","source_text":"","source_url":""},"jetpack_featured_media_url":"https:\/\/jornalfatosenoticias.com.br\/wp-content\/uploads\/2025\/08\/sol-e-vitamina-d_istock.jpg","_links":{"self":[{"href":"https:\/\/jornalfatosenoticias.com.br\/index.php\/wp-json\/wp\/v2\/posts\/61298","targetHints":{"allow":["GET"]}}],"collection":[{"href":"https:\/\/jornalfatosenoticias.com.br\/index.php\/wp-json\/wp\/v2\/posts"}],"about":[{"href":"https:\/\/jornalfatosenoticias.com.br\/index.php\/wp-json\/wp\/v2\/types\/post"}],"author":[{"embeddable":true,"href":"https:\/\/jornalfatosenoticias.com.br\/index.php\/wp-json\/wp\/v2\/users\/2"}],"replies":[{"embeddable":true,"href":"https:\/\/jornalfatosenoticias.com.br\/index.php\/wp-json\/wp\/v2\/comments?post=61298"}],"version-history":[{"count":0,"href":"https:\/\/jornalfatosenoticias.com.br\/index.php\/wp-json\/wp\/v2\/posts\/61298\/revisions"}],"wp:featuredmedia":[{"embeddable":true,"href":"https:\/\/jornalfatosenoticias.com.br\/index.php\/wp-json\/wp\/v2\/media\/61299"}],"wp:attachment":[{"href":"https:\/\/jornalfatosenoticias.com.br\/index.php\/wp-json\/wp\/v2\/media?parent=61298"}],"wp:term":[{"taxonomy":"category","embeddable":true,"href":"https:\/\/jornalfatosenoticias.com.br\/index.php\/wp-json\/wp\/v2\/categories?post=61298"},{"taxonomy":"post_tag","embeddable":true,"href":"https:\/\/jornalfatosenoticias.com.br\/index.php\/wp-json\/wp\/v2\/tags?post=61298"}],"curies":[{"name":"wp","href":"https:\/\/api.w.org\/{rel}","templated":true}]}}