{"id":61301,"date":"2025-08-18T10:21:30","date_gmt":"2025-08-18T13:21:30","guid":{"rendered":"https:\/\/jornalfatosenoticias.com.br\/?p=61301"},"modified":"2025-08-18T10:21:32","modified_gmt":"2025-08-18T13:21:32","slug":"seis-sinais-de-que-seu-filho-nao-sabe-lidar-com-frustracoes","status":"publish","type":"post","link":"https:\/\/jornalfatosenoticias.com.br\/index.php\/2025\/08\/18\/seis-sinais-de-que-seu-filho-nao-sabe-lidar-com-frustracoes\/","title":{"rendered":"Seis sinais de que seu filho n\u00e3o sabe lidar com frustra\u00e7\u00f5es"},"content":{"rendered":"\n<p><em><span class=\"has-inline-color has-black-color\">Se as crian\u00e7as n\u00e3o aprenderem a lidar com frustra\u00e7\u00f5es, n\u00e3o conseguir\u00e3o adquirir habilidades socioemocionais \u2014 importantes para o desenvolvimento infantil<\/span><\/em><\/p>\n\n\n\n<p><span class=\"has-inline-color has-black-color\">Por <strong><a href=\"https:\/\/revistacrescer.globo.com\/autores\/amanda-moraes\/\">Amanda Moraes<\/a>\/<a href=\"https:\/\/revistacrescer.globo.com\/autores\/amanda-oliveira\/\">Amanda Oliveira<\/a><\/strong><\/span><\/p>\n\n\n\n<div class=\"wp-block-image\"><figure class=\"aligncenter size-large\"><a href=\"https:\/\/mizu.com.br\/\"><img loading=\"lazy\" decoding=\"async\" width=\"729\" height=\"90\" src=\"https:\/\/jornalfatosenoticias.com.br\/wp-content\/uploads\/2020\/02\/Logo_Mizu.png\" alt=\"\" class=\"wp-image-1441\" srcset=\"https:\/\/jornalfatosenoticias.com.br\/wp-content\/uploads\/2020\/02\/Logo_Mizu.png 729w, https:\/\/jornalfatosenoticias.com.br\/wp-content\/uploads\/2020\/02\/Logo_Mizu-300x37.png 300w\" sizes=\"auto, (max-width: 729px) 100vw, 729px\" \/><\/a><\/figure><\/div>\n\n\n\n<p>Ningu\u00e9m gosta de frustrar os filhos, mas, em alguns momentos, \u00e9 inevit\u00e1vel e, mais do que isso, \u00e9 necess\u00e1rio. Afinal, as crian\u00e7as precisam aprender que nem sempre as coisas sair\u00e3o da forma como imaginam<a class=\"\" href=\"https:\/\/revistacrescer.globo.com\/criancas\/comportamento\/noticia\/2025\/03\/seu-filho-esta-sempre-frustrado-veja-como-lidar-sem-piorar-a-situacao.ghtml\">. <\/a><strong><a class=\"\" href=\"https:\/\/revistacrescer.globo.com\/criancas\/comportamento\/noticia\/2025\/03\/seu-filho-esta-sempre-frustrado-veja-como-lidar-sem-piorar-a-situacao.ghtml\">A frustra\u00e7\u00e3o faz parte da vida<\/a>,<\/strong> por isso, \u00e9 importante que os pequenos saibam lidar com ela para desenvolverem\u00a0<strong><a class=\"\" href=\"https:\/\/revistacrescer.globo.com\/Colunistas\/Elisama-Santos-Entre-lacos\/noticia\/2022\/09\/elisama-santos-habilidades-socioemocionais-nas-criancas.html\">habilidades socioemocionais<\/a>.<\/strong> Se os pais dizem &#8220;sim&#8221; para tudo ou protegem as crian\u00e7as demais, acabam impedindo que elas adquiram essa habilidade t\u00e3o importante. Com o tempo, isso pode gerar comportamentos dif\u00edceis. Veja os sinais de que a crian\u00e7a n\u00e3o est\u00e1 sabendo lidar com frustra\u00e7\u00f5es e como ajud\u00e1-la!<\/p>\n\n\n\n<div class=\"wp-block-image\"><figure class=\"aligncenter size-large\"><a href=\"https:\/\/www.cesconetto.com.br\/\"><img loading=\"lazy\" decoding=\"async\" width=\"300\" height=\"250\" src=\"https:\/\/jornalfatosenoticias.com.br\/wp-content\/uploads\/2020\/02\/Banner-2.png\" alt=\"\" class=\"wp-image-43787\"\/><\/a><\/figure><\/div>\n\n\n\n<p><strong><span class=\"has-inline-color has-vivid-purple-color\">1. Birras e choros persistentes<br><\/span><\/strong>Sem aprender a aceitar o \u201cn\u00e3o\u201d ou <strong><a class=\"\" href=\"https:\/\/revistacrescer.globo.com\/criancas\/comportamento\/noticia\/2025\/07\/7-atitudes-dos-pais-que-criam-criancas-sem-limites.ghtml\">respeitar limites<\/a>,<\/strong> a crian\u00e7a pode desenvolver comportamentos impulsivos, como\u00a0<a class=\"\" href=\"https:\/\/revistacrescer.globo.com\/criancas\/comportamento\/noticia\/2024\/02\/6-atitudes-para-lidar-com-a-birra-do-seu-filho.ghtml\"><strong>birras persistentes<\/strong><\/a> ou intoler\u00e2ncia a cr\u00edticas, dificultando sua adapta\u00e7\u00e3o a ambientes estruturados, como a escola ou, no futuro, o trabalho. A crian\u00e7a tamb\u00e9m pode ter explos\u00f5es de raiva, desproporcionais \u00e0 situa\u00e7\u00e3o.<\/p>\n\n\n\n<div class=\"wp-block-image\"><figure class=\"aligncenter size-large is-resized\"><a href=\"https:\/\/www.instagram.com\/gruposei\/\"><img loading=\"lazy\" decoding=\"async\" src=\"https:\/\/jornalfatosenoticias.com.br\/wp-content\/uploads\/2022\/07\/Logo-Grupo-SEI.jpg\" alt=\"\" class=\"wp-image-31973\" width=\"350\" height=\"184\" srcset=\"https:\/\/jornalfatosenoticias.com.br\/wp-content\/uploads\/2022\/07\/Logo-Grupo-SEI.jpg 713w, https:\/\/jornalfatosenoticias.com.br\/wp-content\/uploads\/2022\/07\/Logo-Grupo-SEI-300x158.jpg 300w\" sizes=\"auto, (max-width: 350px) 100vw, 350px\" \/><\/a><\/figure><\/div>\n\n\n\n<p><strong><span class=\"has-inline-color has-vivid-purple-color\">2. Falta de empatia<br><\/span><\/strong>Outro sinal \u00e9 a <strong><a class=\"\" href=\"https:\/\/revistacrescer.globo.com\/Criancas\/Comportamento\/noticia\/2018\/12\/como-ensinar-seu-filho-ter-mais-empatia.html\">falta de empatia<\/a><\/strong>. Sem a pr\u00e1tica de considerar os sentimentos alheios, as crian\u00e7as podem enfrentar conflitos frequentes com amigos, professores ou familiares, j\u00e1 que n\u00e3o internalizaram a import\u00e2ncia de respeitar perspectivas diferentes. Na vida adulta, esse comportamento tamb\u00e9m pode se traduzir em dificuldades em manter relacionamentos saud\u00e1veis.<\/p>\n\n\n\n<div class=\"wp-block-image\"><figure class=\"aligncenter size-large is-resized\"><a href=\"https:\/\/www.ithbrasil.com.br\/\"><img loading=\"lazy\" decoding=\"async\" src=\"https:\/\/jornalfatosenoticias.com.br\/wp-content\/uploads\/2023\/08\/ITH.jpeg\" alt=\"\" class=\"wp-image-44638\" width=\"271\" height=\"220\" srcset=\"https:\/\/jornalfatosenoticias.com.br\/wp-content\/uploads\/2023\/08\/ITH.jpeg 800w, https:\/\/jornalfatosenoticias.com.br\/wp-content\/uploads\/2023\/08\/ITH-300x244.jpeg 300w, https:\/\/jornalfatosenoticias.com.br\/wp-content\/uploads\/2023\/08\/ITH-768x624.jpeg 768w\" sizes=\"auto, (max-width: 271px) 100vw, 271px\" \/><\/a><\/figure><\/div>\n\n\n\n<p><strong><span class=\"has-inline-color has-vivid-purple-color\">3. Dificuldade em superar desafios sozinho<br><\/span><\/strong>O filho tamb\u00e9m pode ter dificuldade em <strong><a class=\"\" href=\"https:\/\/revistacrescer.globo.com\/criancas\/saude\/noticia\/2023\/03\/entenda-como-superar-os-desafios-da-hora-de-dormir-e-melhorar-a-qualidade-do-sono-das-criancas.ghtml\">superar desafios<\/a><\/strong> sozinho e alcan\u00e7ar objetivos que requerem persist\u00eancia. Diante do primeiro obst\u00e1culo, tende a desistir, se irritar ou pedir ajuda imediata, em vez de tentar encontrar solu\u00e7\u00f5es por conta pr\u00f3pria.<\/p>\n\n\n\n<div class=\"wp-block-image\"><figure class=\"aligncenter size-large is-resized\"><a href=\"https:\/\/hotelmarquetti.com.br\/\"><img loading=\"lazy\" decoding=\"async\" src=\"https:\/\/jornalfatosenoticias.com.br\/wp-content\/uploads\/2020\/02\/LOGO-MQ-1024x680.jpg\" alt=\"\" class=\"wp-image-58299\" width=\"338\" height=\"224\" srcset=\"https:\/\/jornalfatosenoticias.com.br\/wp-content\/uploads\/2020\/02\/LOGO-MQ-1024x680.jpg 1024w, https:\/\/jornalfatosenoticias.com.br\/wp-content\/uploads\/2020\/02\/LOGO-MQ-300x199.jpg 300w, https:\/\/jornalfatosenoticias.com.br\/wp-content\/uploads\/2020\/02\/LOGO-MQ-768x510.jpg 768w, https:\/\/jornalfatosenoticias.com.br\/wp-content\/uploads\/2020\/02\/LOGO-MQ-1536x1020.jpg 1536w, https:\/\/jornalfatosenoticias.com.br\/wp-content\/uploads\/2020\/02\/LOGO-MQ-2048x1360.jpg 2048w\" sizes=\"auto, (max-width: 338px) 100vw, 338px\" \/><\/a><\/figure><\/div>\n\n\n\n<p><strong><span class=\"has-inline-color has-vivid-purple-color\">4. Dificuldade em seguir normas sociais<br><\/span><\/strong>Crian\u00e7as que n\u00e3o aprendem a respeitar limites frequentemente enfrentam dificuldades para seguir normas sociais e respeitar figuras de autoridade, o que pode gerar barreiras em ambientes que demandam disciplina e colabora\u00e7\u00e3o.<\/p>\n\n\n\n<div class=\"wp-block-image\"><figure class=\"aligncenter size-large\"><a href=\"http:\/\/www.ferrarimaquinas.com.br\/\"><img loading=\"lazy\" decoding=\"async\" width=\"300\" height=\"250\" src=\"https:\/\/jornalfatosenoticias.com.br\/wp-content\/uploads\/2022\/02\/FERRARI_MAQUINAS-E-FERRAMENTAS2.jpg\" alt=\"\" class=\"wp-image-27860\"\/><\/a><\/figure><\/div>\n\n\n\n<p><strong><span class=\"has-inline-color has-vivid-purple-color\">5. Isolamento ou recusa em interagir<br><\/span><\/strong>Algumas crian\u00e7as, diante de situa\u00e7\u00f5es frustrantes, n\u00e3o explodem ou fazem birra \u2014 elas se fecham. Podem preferir ficar sozinhas, recusar convites para brincar e evitar atividades em grupo por medo de falhar ou de n\u00e3o serem bem-sucedidas.<\/p>\n\n\n\n<div class=\"wp-block-image\"><figure class=\"aligncenter size-large is-resized\"><a href=\"https:\/\/www.facebook.com\/profile.php?id=100069289606145\"><img loading=\"lazy\" decoding=\"async\" src=\"https:\/\/jornalfatosenoticias.com.br\/wp-content\/uploads\/2024\/11\/Guaitolini-Contabilidade-1024x714.jpeg\" alt=\"\" class=\"wp-image-55808\" width=\"299\" height=\"208\" srcset=\"https:\/\/jornalfatosenoticias.com.br\/wp-content\/uploads\/2024\/11\/Guaitolini-Contabilidade-1024x714.jpeg 1024w, https:\/\/jornalfatosenoticias.com.br\/wp-content\/uploads\/2024\/11\/Guaitolini-Contabilidade-300x209.jpeg 300w, https:\/\/jornalfatosenoticias.com.br\/wp-content\/uploads\/2024\/11\/Guaitolini-Contabilidade-768x535.jpeg 768w, https:\/\/jornalfatosenoticias.com.br\/wp-content\/uploads\/2024\/11\/Guaitolini-Contabilidade.jpeg 1280w\" sizes=\"auto, (max-width: 299px) 100vw, 299px\" \/><\/a><\/figure><\/div>\n\n\n\n<p><strong><span class=\"has-inline-color has-vivid-purple-color\">6. Baixa autoestima<br><\/span><\/strong>Quando os filhos n\u00e3o sabem lidar com a frustra\u00e7\u00e3o, sua <strong><a class=\"\" href=\"https:\/\/revistacrescer.globo.com\/maes-e-pais\/comportamento\/noticia\/2025\/02\/6-atitudes-dos-pais-que-afetam-a-autoestima-dos-filhos.ghtml\">autoestima pode ser abalada<\/a><\/strong>. Em vez de enxergar os erros como parte do aprendizado, ela come\u00e7a a se definir por eles. Frases como \u201ceu nunca consigo\u201d, \u201ceu sou burro\u201d ou \u201ceu sou ruim nisso\u201d s\u00e3o alertas importantes. Elas mostram que a crian\u00e7a est\u00e1 internalizando a frustra\u00e7\u00e3o de forma negativa, o que pode afetar sua autoconfian\u00e7a e desmotiv\u00e1-la a tentar de novo.<\/p>\n\n\n\n<div class=\"wp-block-image\"><figure class=\"aligncenter size-large is-resized\"><a href=\"https:\/\/www.instagram.com\/esteio.churrascaria\/\"><img loading=\"lazy\" decoding=\"async\" src=\"https:\/\/jornalfatosenoticias.com.br\/wp-content\/uploads\/2022\/02\/LOGO-ESTEIO-1024x730.png\" alt=\"\" class=\"wp-image-27942\" width=\"309\" height=\"220\" srcset=\"https:\/\/jornalfatosenoticias.com.br\/wp-content\/uploads\/2022\/02\/LOGO-ESTEIO-1024x730.png 1024w, https:\/\/jornalfatosenoticias.com.br\/wp-content\/uploads\/2022\/02\/LOGO-ESTEIO-300x214.png 300w, https:\/\/jornalfatosenoticias.com.br\/wp-content\/uploads\/2022\/02\/LOGO-ESTEIO-768x548.png 768w, https:\/\/jornalfatosenoticias.com.br\/wp-content\/uploads\/2022\/02\/LOGO-ESTEIO.png 1123w\" sizes=\"auto, (max-width: 309px) 100vw, 309px\" \/><\/a><\/figure><\/div>\n\n\n\n<p><strong><span class=\"has-inline-color has-vivid-purple-color\">Como ajudar?<br><\/span><span class=\"has-inline-color has-black-color\"><span style=\"text-decoration: underline;\">Existem algumas maneiras de ajudar seu filho a lidar com a frustra\u00e7\u00e3o:<br><\/span><\/span><\/strong>\u2705 <strong>T\u00e9cnicas de respira\u00e7\u00e3o guiada:<\/strong> mudar o foco do problema promove o desenvolvimento de autocontrole.<br>\u2705 <strong>Refor\u00e7ar o esfor\u00e7o e n\u00e3o somente o resultado,<\/strong> al\u00e9m de normalizar erros como parte do aprendizado, ajuda na constru\u00e7\u00e3o da toler\u00e2ncia \u00e0 frustra\u00e7\u00e3o.<br>\u2705 <strong>Estimule a busca por solu\u00e7\u00f5es:<\/strong> pergunte: \u201co que voc\u00ea acha que pode fazer para melhorar a situa\u00e7\u00e3o?\u201d.<br>\u2705 <strong>D\u00ea exemplo: <\/strong>mostre como voc\u00ea lida com sua pr\u00f3pria frustra\u00e7\u00e3o no dia a dia.<br>\u2705 Vale destacar que a frustra\u00e7\u00e3o faz parte do desenvolvimento infantil, mas quando as rea\u00e7\u00f5es s\u00e3o excessivas, frequentes e impactam o bem-estar emocional, social ou escolar da crian\u00e7a, \u00e9 recomend\u00e1vel buscar avalia\u00e7\u00e3o psicol\u00f3gica.<\/p>\n\n\n\n<div class=\"wp-block-image\"><figure class=\"aligncenter size-large is-resized\"><a href=\"https:\/\/www.facebook.com\/vetor.vix\/\"><img loading=\"lazy\" decoding=\"async\" src=\"https:\/\/jornalfatosenoticias.com.br\/wp-content\/uploads\/2023\/09\/vetorvix1024_1.jpg\" alt=\"\" class=\"wp-image-44868\" width=\"561\" height=\"149\" srcset=\"https:\/\/jornalfatosenoticias.com.br\/wp-content\/uploads\/2023\/09\/vetorvix1024_1.jpg 1024w, https:\/\/jornalfatosenoticias.com.br\/wp-content\/uploads\/2023\/09\/vetorvix1024_1-300x80.jpg 300w, https:\/\/jornalfatosenoticias.com.br\/wp-content\/uploads\/2023\/09\/vetorvix1024_1-768x205.jpg 768w\" sizes=\"auto, (max-width: 561px) 100vw, 561px\" \/><\/a><\/figure><\/div>\n\n\n\n<p><strong>Fonte: <a href=\"https:\/\/revistacrescer.globo.com\/criancas\/comportamento\/noticia\/2025\/07\/6-sinais-de-que-seu-filho-nao-sabe-lidar-com-frustracoes.ghtml\">Crescer<\/a><\/strong><\/p>\n","protected":false},"excerpt":{"rendered":"<p>Se as crian\u00e7as n\u00e3o aprenderem a lidar com frustra\u00e7\u00f5es, n\u00e3o conseguir\u00e3o adquirir habilidades socioemocionais \u2014 importantes para o desenvolvimento infantil Por Amanda Moraes\/Amanda Oliveira Ningu\u00e9m gosta de frustrar os filhos, mas, em alguns momentos, \u00e9 inevit\u00e1vel e, mais do que isso, \u00e9 necess\u00e1rio. Afinal, as crian\u00e7as precisam aprender que nem sempre as coisas sair\u00e3o da [&hellip;]<\/p>\n","protected":false},"author":2,"featured_media":61302,"comment_status":"open","ping_status":"open","sticky":false,"template":"","format":"standard","meta":{"footnotes":""},"categories":[2522,7],"tags":[1049,6795,670,1042,27925,12114],"class_list":["post-61301","post","type-post","status-publish","format-standard","has-post-thumbnail","hentry","category-comportamento","category-educacao","tag-autoestima","tag-birra","tag-criancas","tag-desenvolvimento-infantil","tag-frustracoes","tag-habilidades-socioemocionais"],"yoast_head":"<!-- This site is optimized with the Yoast SEO plugin v26.5 - https:\/\/yoast.com\/wordpress\/plugins\/seo\/ -->\n<title>Seis sinais de que seu filho n\u00e3o sabe lidar com frustra\u00e7\u00f5es - Jornal Fatos e Not\u00edcias<\/title>\n<meta name=\"robots\" content=\"index, follow, max-snippet:-1, max-image-preview:large, max-video-preview:-1\" \/>\n<link rel=\"canonical\" href=\"https:\/\/jornalfatosenoticias.com.br\/index.php\/2025\/08\/18\/seis-sinais-de-que-seu-filho-nao-sabe-lidar-com-frustracoes\/\" \/>\n<meta property=\"og:locale\" content=\"pt_BR\" \/>\n<meta property=\"og:type\" content=\"article\" \/>\n<meta property=\"og:title\" content=\"Seis sinais de que seu filho n\u00e3o sabe lidar com frustra\u00e7\u00f5es - Jornal Fatos e Not\u00edcias\" \/>\n<meta property=\"og:description\" content=\"Se as crian\u00e7as n\u00e3o aprenderem a lidar com frustra\u00e7\u00f5es, n\u00e3o conseguir\u00e3o adquirir habilidades socioemocionais \u2014 importantes para o desenvolvimento infantil Por Amanda Moraes\/Amanda Oliveira Ningu\u00e9m gosta de frustrar os filhos, mas, em alguns momentos, \u00e9 inevit\u00e1vel e, mais do que isso, \u00e9 necess\u00e1rio. Afinal, as crian\u00e7as precisam aprender que nem sempre as coisas sair\u00e3o da [&hellip;]\" \/>\n<meta property=\"og:url\" content=\"https:\/\/jornalfatosenoticias.com.br\/index.php\/2025\/08\/18\/seis-sinais-de-que-seu-filho-nao-sabe-lidar-com-frustracoes\/\" \/>\n<meta property=\"og:site_name\" content=\"Jornal Fatos e Not\u00edcias\" \/>\n<meta property=\"article:published_time\" content=\"2025-08-18T13:21:30+00:00\" \/>\n<meta property=\"article:modified_time\" content=\"2025-08-18T13:21:32+00:00\" \/>\n<meta property=\"og:image\" content=\"https:\/\/jornalfatosenoticias.com.br\/wp-content\/uploads\/2025\/08\/frustracao-infnatil_freepik.jpg\" \/>\n\t<meta property=\"og:image:width\" content=\"1000\" \/>\n\t<meta property=\"og:image:height\" content=\"728\" \/>\n\t<meta property=\"og:image:type\" content=\"image\/jpeg\" \/>\n<meta name=\"author\" content=\"Luzimara Fernandes\" \/>\n<meta name=\"twitter:card\" content=\"summary_large_image\" \/>\n<meta name=\"twitter:label1\" content=\"Escrito por\" \/>\n\t<meta name=\"twitter:data1\" content=\"Luzimara Fernandes\" \/>\n\t<meta name=\"twitter:label2\" content=\"Est. tempo de leitura\" \/>\n\t<meta name=\"twitter:data2\" content=\"3 minutos\" \/>\n<script type=\"application\/ld+json\" class=\"yoast-schema-graph\">{\"@context\":\"https:\/\/schema.org\",\"@graph\":[{\"@type\":\"Article\",\"@id\":\"https:\/\/jornalfatosenoticias.com.br\/index.php\/2025\/08\/18\/seis-sinais-de-que-seu-filho-nao-sabe-lidar-com-frustracoes\/#article\",\"isPartOf\":{\"@id\":\"https:\/\/jornalfatosenoticias.com.br\/index.php\/2025\/08\/18\/seis-sinais-de-que-seu-filho-nao-sabe-lidar-com-frustracoes\/\"},\"author\":{\"name\":\"Luzimara Fernandes\",\"@id\":\"https:\/\/jornalfatosenoticias.com.br\/#\/schema\/person\/d63837fa13ac8666eb9e74e0985d6f81\"},\"headline\":\"Seis sinais de que seu filho n\u00e3o sabe lidar com frustra\u00e7\u00f5es\",\"datePublished\":\"2025-08-18T13:21:30+00:00\",\"dateModified\":\"2025-08-18T13:21:32+00:00\",\"mainEntityOfPage\":{\"@id\":\"https:\/\/jornalfatosenoticias.com.br\/index.php\/2025\/08\/18\/seis-sinais-de-que-seu-filho-nao-sabe-lidar-com-frustracoes\/\"},\"wordCount\":619,\"commentCount\":0,\"publisher\":{\"@id\":\"https:\/\/jornalfatosenoticias.com.br\/#organization\"},\"image\":{\"@id\":\"https:\/\/jornalfatosenoticias.com.br\/index.php\/2025\/08\/18\/seis-sinais-de-que-seu-filho-nao-sabe-lidar-com-frustracoes\/#primaryimage\"},\"thumbnailUrl\":\"https:\/\/jornalfatosenoticias.com.br\/wp-content\/uploads\/2025\/08\/frustracao-infnatil_freepik.jpg\",\"keywords\":[\"autoestima\",\"birra\",\"crian\u00e7as\",\"desenvolvimento infantil\",\"frustra\u00e7\u00f5es\",\"habilidades socioemocionais\"],\"articleSection\":[\"Comportamento &amp; Equil\u00edbrio\",\"Educa\u00e7\u00e3o\"],\"inLanguage\":\"pt-BR\",\"potentialAction\":[{\"@type\":\"CommentAction\",\"name\":\"Comment\",\"target\":[\"https:\/\/jornalfatosenoticias.com.br\/index.php\/2025\/08\/18\/seis-sinais-de-que-seu-filho-nao-sabe-lidar-com-frustracoes\/#respond\"]}]},{\"@type\":\"WebPage\",\"@id\":\"https:\/\/jornalfatosenoticias.com.br\/index.php\/2025\/08\/18\/seis-sinais-de-que-seu-filho-nao-sabe-lidar-com-frustracoes\/\",\"url\":\"https:\/\/jornalfatosenoticias.com.br\/index.php\/2025\/08\/18\/seis-sinais-de-que-seu-filho-nao-sabe-lidar-com-frustracoes\/\",\"name\":\"Seis sinais de que seu filho n\u00e3o sabe lidar com frustra\u00e7\u00f5es - Jornal Fatos e Not\u00edcias\",\"isPartOf\":{\"@id\":\"https:\/\/jornalfatosenoticias.com.br\/#website\"},\"primaryImageOfPage\":{\"@id\":\"https:\/\/jornalfatosenoticias.com.br\/index.php\/2025\/08\/18\/seis-sinais-de-que-seu-filho-nao-sabe-lidar-com-frustracoes\/#primaryimage\"},\"image\":{\"@id\":\"https:\/\/jornalfatosenoticias.com.br\/index.php\/2025\/08\/18\/seis-sinais-de-que-seu-filho-nao-sabe-lidar-com-frustracoes\/#primaryimage\"},\"thumbnailUrl\":\"https:\/\/jornalfatosenoticias.com.br\/wp-content\/uploads\/2025\/08\/frustracao-infnatil_freepik.jpg\",\"datePublished\":\"2025-08-18T13:21:30+00:00\",\"dateModified\":\"2025-08-18T13:21:32+00:00\",\"breadcrumb\":{\"@id\":\"https:\/\/jornalfatosenoticias.com.br\/index.php\/2025\/08\/18\/seis-sinais-de-que-seu-filho-nao-sabe-lidar-com-frustracoes\/#breadcrumb\"},\"inLanguage\":\"pt-BR\",\"potentialAction\":[{\"@type\":\"ReadAction\",\"target\":[\"https:\/\/jornalfatosenoticias.com.br\/index.php\/2025\/08\/18\/seis-sinais-de-que-seu-filho-nao-sabe-lidar-com-frustracoes\/\"]}]},{\"@type\":\"ImageObject\",\"inLanguage\":\"pt-BR\",\"@id\":\"https:\/\/jornalfatosenoticias.com.br\/index.php\/2025\/08\/18\/seis-sinais-de-que-seu-filho-nao-sabe-lidar-com-frustracoes\/#primaryimage\",\"url\":\"https:\/\/jornalfatosenoticias.com.br\/wp-content\/uploads\/2025\/08\/frustracao-infnatil_freepik.jpg\",\"contentUrl\":\"https:\/\/jornalfatosenoticias.com.br\/wp-content\/uploads\/2025\/08\/frustracao-infnatil_freepik.jpg\",\"width\":1000,\"height\":728,\"caption\":\"ill little boy in green t-shirt feeling unwell having strong headache touching head standing over white background\"},{\"@type\":\"BreadcrumbList\",\"@id\":\"https:\/\/jornalfatosenoticias.com.br\/index.php\/2025\/08\/18\/seis-sinais-de-que-seu-filho-nao-sabe-lidar-com-frustracoes\/#breadcrumb\",\"itemListElement\":[{\"@type\":\"ListItem\",\"position\":1,\"name\":\"In\u00edcio\",\"item\":\"https:\/\/jornalfatosenoticias.com.br\/\"},{\"@type\":\"ListItem\",\"position\":2,\"name\":\"Seis sinais de que seu filho n\u00e3o sabe lidar com frustra\u00e7\u00f5es\"}]},{\"@type\":\"WebSite\",\"@id\":\"https:\/\/jornalfatosenoticias.com.br\/#website\",\"url\":\"https:\/\/jornalfatosenoticias.com.br\/\",\"name\":\"Jornal Fatos e Not\u00edcias\",\"description\":\"Not\u00edcias em geral\",\"publisher\":{\"@id\":\"https:\/\/jornalfatosenoticias.com.br\/#organization\"},\"potentialAction\":[{\"@type\":\"SearchAction\",\"target\":{\"@type\":\"EntryPoint\",\"urlTemplate\":\"https:\/\/jornalfatosenoticias.com.br\/?s={search_term_string}\"},\"query-input\":{\"@type\":\"PropertyValueSpecification\",\"valueRequired\":true,\"valueName\":\"search_term_string\"}}],\"inLanguage\":\"pt-BR\"},{\"@type\":\"Organization\",\"@id\":\"https:\/\/jornalfatosenoticias.com.br\/#organization\",\"name\":\"Jornal Fatos e Not\u00edcias\",\"url\":\"https:\/\/jornalfatosenoticias.com.br\/\",\"logo\":{\"@type\":\"ImageObject\",\"inLanguage\":\"pt-BR\",\"@id\":\"https:\/\/jornalfatosenoticias.com.br\/#\/schema\/logo\/image\/\",\"url\":\"https:\/\/jornalfatosenoticias.com.br\/wp-content\/uploads\/2020\/02\/logo120.png\",\"contentUrl\":\"https:\/\/jornalfatosenoticias.com.br\/wp-content\/uploads\/2020\/02\/logo120.png\",\"width\":1227,\"height\":120,\"caption\":\"Jornal Fatos e Not\u00edcias\"},\"image\":{\"@id\":\"https:\/\/jornalfatosenoticias.com.br\/#\/schema\/logo\/image\/\"}},{\"@type\":\"Person\",\"@id\":\"https:\/\/jornalfatosenoticias.com.br\/#\/schema\/person\/d63837fa13ac8666eb9e74e0985d6f81\",\"name\":\"Luzimara Fernandes\",\"image\":{\"@type\":\"ImageObject\",\"inLanguage\":\"pt-BR\",\"@id\":\"https:\/\/jornalfatosenoticias.com.br\/#\/schema\/person\/image\/\",\"url\":\"https:\/\/jornalfatosenoticias.com.br\/wp-content\/uploads\/2025\/05\/EU_portal.jpg\",\"contentUrl\":\"https:\/\/jornalfatosenoticias.com.br\/wp-content\/uploads\/2025\/05\/EU_portal.jpg\",\"caption\":\"Luzimara Fernandes\"},\"description\":\"Jornalista MTB 2358-ES\",\"sameAs\":[\"https:\/\/jornalfatosenoticias.com.br\"],\"url\":\"https:\/\/jornalfatosenoticias.com.br\/index.php\/author\/luzimara\/\"}]}<\/script>\n<!-- \/ Yoast SEO plugin. -->","yoast_head_json":{"title":"Seis sinais de que seu filho n\u00e3o sabe lidar com frustra\u00e7\u00f5es - Jornal Fatos e Not\u00edcias","robots":{"index":"index","follow":"follow","max-snippet":"max-snippet:-1","max-image-preview":"max-image-preview:large","max-video-preview":"max-video-preview:-1"},"canonical":"https:\/\/jornalfatosenoticias.com.br\/index.php\/2025\/08\/18\/seis-sinais-de-que-seu-filho-nao-sabe-lidar-com-frustracoes\/","og_locale":"pt_BR","og_type":"article","og_title":"Seis sinais de que seu filho n\u00e3o sabe lidar com frustra\u00e7\u00f5es - Jornal Fatos e Not\u00edcias","og_description":"Se as crian\u00e7as n\u00e3o aprenderem a lidar com frustra\u00e7\u00f5es, n\u00e3o conseguir\u00e3o adquirir habilidades socioemocionais \u2014 importantes para o desenvolvimento infantil Por Amanda Moraes\/Amanda Oliveira Ningu\u00e9m gosta de frustrar os filhos, mas, em alguns momentos, \u00e9 inevit\u00e1vel e, mais do que isso, \u00e9 necess\u00e1rio. Afinal, as crian\u00e7as precisam aprender que nem sempre as coisas sair\u00e3o da [&hellip;]","og_url":"https:\/\/jornalfatosenoticias.com.br\/index.php\/2025\/08\/18\/seis-sinais-de-que-seu-filho-nao-sabe-lidar-com-frustracoes\/","og_site_name":"Jornal Fatos e Not\u00edcias","article_published_time":"2025-08-18T13:21:30+00:00","article_modified_time":"2025-08-18T13:21:32+00:00","og_image":[{"width":1000,"height":728,"url":"https:\/\/jornalfatosenoticias.com.br\/wp-content\/uploads\/2025\/08\/frustracao-infnatil_freepik.jpg","type":"image\/jpeg"}],"author":"Luzimara Fernandes","twitter_card":"summary_large_image","twitter_misc":{"Escrito por":"Luzimara Fernandes","Est. tempo de leitura":"3 minutos"},"schema":{"@context":"https:\/\/schema.org","@graph":[{"@type":"Article","@id":"https:\/\/jornalfatosenoticias.com.br\/index.php\/2025\/08\/18\/seis-sinais-de-que-seu-filho-nao-sabe-lidar-com-frustracoes\/#article","isPartOf":{"@id":"https:\/\/jornalfatosenoticias.com.br\/index.php\/2025\/08\/18\/seis-sinais-de-que-seu-filho-nao-sabe-lidar-com-frustracoes\/"},"author":{"name":"Luzimara Fernandes","@id":"https:\/\/jornalfatosenoticias.com.br\/#\/schema\/person\/d63837fa13ac8666eb9e74e0985d6f81"},"headline":"Seis sinais de que seu filho n\u00e3o sabe lidar com frustra\u00e7\u00f5es","datePublished":"2025-08-18T13:21:30+00:00","dateModified":"2025-08-18T13:21:32+00:00","mainEntityOfPage":{"@id":"https:\/\/jornalfatosenoticias.com.br\/index.php\/2025\/08\/18\/seis-sinais-de-que-seu-filho-nao-sabe-lidar-com-frustracoes\/"},"wordCount":619,"commentCount":0,"publisher":{"@id":"https:\/\/jornalfatosenoticias.com.br\/#organization"},"image":{"@id":"https:\/\/jornalfatosenoticias.com.br\/index.php\/2025\/08\/18\/seis-sinais-de-que-seu-filho-nao-sabe-lidar-com-frustracoes\/#primaryimage"},"thumbnailUrl":"https:\/\/jornalfatosenoticias.com.br\/wp-content\/uploads\/2025\/08\/frustracao-infnatil_freepik.jpg","keywords":["autoestima","birra","crian\u00e7as","desenvolvimento infantil","frustra\u00e7\u00f5es","habilidades socioemocionais"],"articleSection":["Comportamento &amp; Equil\u00edbrio","Educa\u00e7\u00e3o"],"inLanguage":"pt-BR","potentialAction":[{"@type":"CommentAction","name":"Comment","target":["https:\/\/jornalfatosenoticias.com.br\/index.php\/2025\/08\/18\/seis-sinais-de-que-seu-filho-nao-sabe-lidar-com-frustracoes\/#respond"]}]},{"@type":"WebPage","@id":"https:\/\/jornalfatosenoticias.com.br\/index.php\/2025\/08\/18\/seis-sinais-de-que-seu-filho-nao-sabe-lidar-com-frustracoes\/","url":"https:\/\/jornalfatosenoticias.com.br\/index.php\/2025\/08\/18\/seis-sinais-de-que-seu-filho-nao-sabe-lidar-com-frustracoes\/","name":"Seis sinais de que seu filho n\u00e3o sabe lidar com frustra\u00e7\u00f5es - Jornal Fatos e Not\u00edcias","isPartOf":{"@id":"https:\/\/jornalfatosenoticias.com.br\/#website"},"primaryImageOfPage":{"@id":"https:\/\/jornalfatosenoticias.com.br\/index.php\/2025\/08\/18\/seis-sinais-de-que-seu-filho-nao-sabe-lidar-com-frustracoes\/#primaryimage"},"image":{"@id":"https:\/\/jornalfatosenoticias.com.br\/index.php\/2025\/08\/18\/seis-sinais-de-que-seu-filho-nao-sabe-lidar-com-frustracoes\/#primaryimage"},"thumbnailUrl":"https:\/\/jornalfatosenoticias.com.br\/wp-content\/uploads\/2025\/08\/frustracao-infnatil_freepik.jpg","datePublished":"2025-08-18T13:21:30+00:00","dateModified":"2025-08-18T13:21:32+00:00","breadcrumb":{"@id":"https:\/\/jornalfatosenoticias.com.br\/index.php\/2025\/08\/18\/seis-sinais-de-que-seu-filho-nao-sabe-lidar-com-frustracoes\/#breadcrumb"},"inLanguage":"pt-BR","potentialAction":[{"@type":"ReadAction","target":["https:\/\/jornalfatosenoticias.com.br\/index.php\/2025\/08\/18\/seis-sinais-de-que-seu-filho-nao-sabe-lidar-com-frustracoes\/"]}]},{"@type":"ImageObject","inLanguage":"pt-BR","@id":"https:\/\/jornalfatosenoticias.com.br\/index.php\/2025\/08\/18\/seis-sinais-de-que-seu-filho-nao-sabe-lidar-com-frustracoes\/#primaryimage","url":"https:\/\/jornalfatosenoticias.com.br\/wp-content\/uploads\/2025\/08\/frustracao-infnatil_freepik.jpg","contentUrl":"https:\/\/jornalfatosenoticias.com.br\/wp-content\/uploads\/2025\/08\/frustracao-infnatil_freepik.jpg","width":1000,"height":728,"caption":"ill little boy in green t-shirt feeling unwell having strong headache touching head standing over white background"},{"@type":"BreadcrumbList","@id":"https:\/\/jornalfatosenoticias.com.br\/index.php\/2025\/08\/18\/seis-sinais-de-que-seu-filho-nao-sabe-lidar-com-frustracoes\/#breadcrumb","itemListElement":[{"@type":"ListItem","position":1,"name":"In\u00edcio","item":"https:\/\/jornalfatosenoticias.com.br\/"},{"@type":"ListItem","position":2,"name":"Seis sinais de que seu filho n\u00e3o sabe lidar com frustra\u00e7\u00f5es"}]},{"@type":"WebSite","@id":"https:\/\/jornalfatosenoticias.com.br\/#website","url":"https:\/\/jornalfatosenoticias.com.br\/","name":"Jornal Fatos e Not\u00edcias","description":"Not\u00edcias em geral","publisher":{"@id":"https:\/\/jornalfatosenoticias.com.br\/#organization"},"potentialAction":[{"@type":"SearchAction","target":{"@type":"EntryPoint","urlTemplate":"https:\/\/jornalfatosenoticias.com.br\/?s={search_term_string}"},"query-input":{"@type":"PropertyValueSpecification","valueRequired":true,"valueName":"search_term_string"}}],"inLanguage":"pt-BR"},{"@type":"Organization","@id":"https:\/\/jornalfatosenoticias.com.br\/#organization","name":"Jornal Fatos e Not\u00edcias","url":"https:\/\/jornalfatosenoticias.com.br\/","logo":{"@type":"ImageObject","inLanguage":"pt-BR","@id":"https:\/\/jornalfatosenoticias.com.br\/#\/schema\/logo\/image\/","url":"https:\/\/jornalfatosenoticias.com.br\/wp-content\/uploads\/2020\/02\/logo120.png","contentUrl":"https:\/\/jornalfatosenoticias.com.br\/wp-content\/uploads\/2020\/02\/logo120.png","width":1227,"height":120,"caption":"Jornal Fatos e Not\u00edcias"},"image":{"@id":"https:\/\/jornalfatosenoticias.com.br\/#\/schema\/logo\/image\/"}},{"@type":"Person","@id":"https:\/\/jornalfatosenoticias.com.br\/#\/schema\/person\/d63837fa13ac8666eb9e74e0985d6f81","name":"Luzimara Fernandes","image":{"@type":"ImageObject","inLanguage":"pt-BR","@id":"https:\/\/jornalfatosenoticias.com.br\/#\/schema\/person\/image\/","url":"https:\/\/jornalfatosenoticias.com.br\/wp-content\/uploads\/2025\/05\/EU_portal.jpg","contentUrl":"https:\/\/jornalfatosenoticias.com.br\/wp-content\/uploads\/2025\/05\/EU_portal.jpg","caption":"Luzimara Fernandes"},"description":"Jornalista MTB 2358-ES","sameAs":["https:\/\/jornalfatosenoticias.com.br"],"url":"https:\/\/jornalfatosenoticias.com.br\/index.php\/author\/luzimara\/"}]}},"cc_featured_image_caption":{"caption_text":"(Foto: Freepik)  ","source_text":"","source_url":""},"jetpack_featured_media_url":"https:\/\/jornalfatosenoticias.com.br\/wp-content\/uploads\/2025\/08\/frustracao-infnatil_freepik.jpg","_links":{"self":[{"href":"https:\/\/jornalfatosenoticias.com.br\/index.php\/wp-json\/wp\/v2\/posts\/61301","targetHints":{"allow":["GET"]}}],"collection":[{"href":"https:\/\/jornalfatosenoticias.com.br\/index.php\/wp-json\/wp\/v2\/posts"}],"about":[{"href":"https:\/\/jornalfatosenoticias.com.br\/index.php\/wp-json\/wp\/v2\/types\/post"}],"author":[{"embeddable":true,"href":"https:\/\/jornalfatosenoticias.com.br\/index.php\/wp-json\/wp\/v2\/users\/2"}],"replies":[{"embeddable":true,"href":"https:\/\/jornalfatosenoticias.com.br\/index.php\/wp-json\/wp\/v2\/comments?post=61301"}],"version-history":[{"count":0,"href":"https:\/\/jornalfatosenoticias.com.br\/index.php\/wp-json\/wp\/v2\/posts\/61301\/revisions"}],"wp:featuredmedia":[{"embeddable":true,"href":"https:\/\/jornalfatosenoticias.com.br\/index.php\/wp-json\/wp\/v2\/media\/61302"}],"wp:attachment":[{"href":"https:\/\/jornalfatosenoticias.com.br\/index.php\/wp-json\/wp\/v2\/media?parent=61301"}],"wp:term":[{"taxonomy":"category","embeddable":true,"href":"https:\/\/jornalfatosenoticias.com.br\/index.php\/wp-json\/wp\/v2\/categories?post=61301"},{"taxonomy":"post_tag","embeddable":true,"href":"https:\/\/jornalfatosenoticias.com.br\/index.php\/wp-json\/wp\/v2\/tags?post=61301"}],"curies":[{"name":"wp","href":"https:\/\/api.w.org\/{rel}","templated":true}]}}