{"id":61307,"date":"2025-08-18T10:39:46","date_gmt":"2025-08-18T13:39:46","guid":{"rendered":"https:\/\/jornalfatosenoticias.com.br\/?p=61307"},"modified":"2025-08-18T10:39:49","modified_gmt":"2025-08-18T13:39:49","slug":"medicos-reforcam-que-uso-de-anabolizantes-eleva-risco-cardiovascular-em-jovens","status":"publish","type":"post","link":"https:\/\/jornalfatosenoticias.com.br\/index.php\/2025\/08\/18\/medicos-reforcam-que-uso-de-anabolizantes-eleva-risco-cardiovascular-em-jovens\/","title":{"rendered":"M\u00e9dicos refor\u00e7am que uso de anabolizantes eleva risco cardiovascular em jovens"},"content":{"rendered":"\n<p><em><span class=\"has-inline-color has-black-color\">Subst\u00e2ncias prejudicam colesterol e podem causar infarto precoce mesmo em pessoas saud\u00e1veis<\/span><\/em><\/p>\n\n\n\n<p><span class=\"has-inline-color has-black-color\">Por <strong><a href=\"https:\/\/olhardigital.com.br\/author\/leandro-costa\/\">Leandro Costa Criscuolo<\/a><\/strong><\/span><\/p>\n\n\n\n<div class=\"wp-block-image\"><figure class=\"aligncenter size-large\"><a href=\"https:\/\/mizu.com.br\/\"><img loading=\"lazy\" decoding=\"async\" width=\"729\" height=\"90\" src=\"https:\/\/jornalfatosenoticias.com.br\/wp-content\/uploads\/2020\/02\/Logo_Mizu.png\" alt=\"\" class=\"wp-image-1441\" srcset=\"https:\/\/jornalfatosenoticias.com.br\/wp-content\/uploads\/2020\/02\/Logo_Mizu.png 729w, https:\/\/jornalfatosenoticias.com.br\/wp-content\/uploads\/2020\/02\/Logo_Mizu-300x37.png 300w\" sizes=\"auto, (max-width: 729px) 100vw, 729px\" \/><\/a><\/figure><\/div>\n\n\n\n<p>No <strong>Dia Mundial de Combate ao Colesterol, <\/strong>celebrado em 8 de agosto, a <strong>Sociedade Brasileira de Endocrinologia e Metabologia (SBEM)<\/strong> alerta para os riscos cardiovasculares crescentes causados pelo uso indiscriminado de anabolizantes, principalmente entre jovens. Anabolizantes s\u00e3o subst\u00e2ncias semelhantes \u00e0 <strong><a href=\"https:\/\/olhardigital.com.br\/tag\/testosterona\/\" target=\"_blank\" rel=\"noreferrer noopener\">testosterona<\/a><\/strong> usadas para aumentar a massa muscular e melhorar o desempenho esportivo ou a est\u00e9tica.<br>Contudo, eles reduzem o colesterol HDL (\u201cbom\u201d), elevam o LDL (\u201cruim\u201d) e provocam resist\u00eancia \u00e0 insulina e ac\u00famulo de gordura visceral \u2014 fatores que comp\u00f5em a s\u00edndrome metab\u00f3lica, aumentando o risco de doen\u00e7as card\u00edacas.<\/p>\n\n\n\n<div class=\"wp-block-image\"><figure class=\"aligncenter size-large is-resized\"><a href=\"https:\/\/www.instagram.com\/esteio.churrascaria\/\"><img loading=\"lazy\" decoding=\"async\" src=\"https:\/\/jornalfatosenoticias.com.br\/wp-content\/uploads\/2022\/02\/LOGO-ESTEIO-1024x730.png\" alt=\"\" class=\"wp-image-27942\" width=\"347\" height=\"247\" srcset=\"https:\/\/jornalfatosenoticias.com.br\/wp-content\/uploads\/2022\/02\/LOGO-ESTEIO-1024x730.png 1024w, https:\/\/jornalfatosenoticias.com.br\/wp-content\/uploads\/2022\/02\/LOGO-ESTEIO-300x214.png 300w, https:\/\/jornalfatosenoticias.com.br\/wp-content\/uploads\/2022\/02\/LOGO-ESTEIO-768x548.png 768w, https:\/\/jornalfatosenoticias.com.br\/wp-content\/uploads\/2022\/02\/LOGO-ESTEIO.png 1123w\" sizes=\"auto, (max-width: 347px) 100vw, 347px\" \/><\/a><\/figure><\/div>\n\n\n\n<p>Um estudo recente com 92 fisiculturistas amadores mostrou que o uso combinado de anabolizantes, insulina e horm\u00f4nio do crescimento causa altera\u00e7\u00f5es negativas no perfil lip\u00eddico e fun\u00e7\u00f5es hep\u00e1ticas, elevando riscos mesmo em jovens saud\u00e1veis. Outra revis\u00e3o cient\u00edfica confirmou esses efeitos e destacou que, mesmo ap\u00f3s interromper o uso, os impactos hormonais e inflamat\u00f3rios podem persistir.<\/p>\n\n\n\n<div class=\"wp-block-image\"><figure class=\"aligncenter size-large is-resized\"><a href=\"https:\/\/hotelmarquetti.com.br\/\"><img loading=\"lazy\" decoding=\"async\" src=\"https:\/\/jornalfatosenoticias.com.br\/wp-content\/uploads\/2020\/02\/LOGO-MQ-1024x680.jpg\" alt=\"\" class=\"wp-image-58299\" width=\"323\" height=\"214\" srcset=\"https:\/\/jornalfatosenoticias.com.br\/wp-content\/uploads\/2020\/02\/LOGO-MQ-1024x680.jpg 1024w, https:\/\/jornalfatosenoticias.com.br\/wp-content\/uploads\/2020\/02\/LOGO-MQ-300x199.jpg 300w, https:\/\/jornalfatosenoticias.com.br\/wp-content\/uploads\/2020\/02\/LOGO-MQ-768x510.jpg 768w, https:\/\/jornalfatosenoticias.com.br\/wp-content\/uploads\/2020\/02\/LOGO-MQ-1536x1020.jpg 1536w, https:\/\/jornalfatosenoticias.com.br\/wp-content\/uploads\/2020\/02\/LOGO-MQ-2048x1360.jpg 2048w\" sizes=\"auto, (max-width: 323px) 100vw, 323px\" \/><\/a><\/figure><\/div>\n\n\n\n<p>Segundo a SBEM, cerca de 6,4% dos homens j\u00e1 usaram anabolizantes, percentual maior entre frequentadores de academia. H\u00e1 relatos de infartos precoces em usu\u00e1rios jovens sem hist\u00f3rico familiar. A campanha de 2025 da SBEM refor\u00e7a a necessidade de informa\u00e7\u00f5es confi\u00e1veis e acompanhamento m\u00e9dico para decis\u00f5es sobre sa\u00fade cardiovascular.<\/p>\n\n\n\n<div class=\"wp-block-image\"><figure class=\"aligncenter size-large is-resized\"><a href=\"https:\/\/www.facebook.com\/postobkr\/?locale=pt_BR\"><img loading=\"lazy\" decoding=\"async\" src=\"https:\/\/jornalfatosenoticias.com.br\/wp-content\/uploads\/2023\/08\/BKR-1024x1021.jpg\" alt=\"\" class=\"wp-image-44494\" width=\"275\" height=\"274\" srcset=\"https:\/\/jornalfatosenoticias.com.br\/wp-content\/uploads\/2023\/08\/BKR-1024x1021.jpg 1024w, https:\/\/jornalfatosenoticias.com.br\/wp-content\/uploads\/2023\/08\/BKR-300x300.jpg 300w, https:\/\/jornalfatosenoticias.com.br\/wp-content\/uploads\/2023\/08\/BKR-150x150.jpg 150w, https:\/\/jornalfatosenoticias.com.br\/wp-content\/uploads\/2023\/08\/BKR-768x766.jpg 768w, https:\/\/jornalfatosenoticias.com.br\/wp-content\/uploads\/2023\/08\/BKR.jpg 1080w\" sizes=\"auto, (max-width: 275px) 100vw, 275px\" \/><\/a><\/figure><\/div>\n\n\n\n<p>Em 2023, o Conselho Federal de Medicina proibiu a prescri\u00e7\u00e3o de esteroides anabolizantes para fins est\u00e9ticos ou de desempenho, citando falta de comprova\u00e7\u00e3o cient\u00edfica e riscos graves, como hipertrofia card\u00edaca, infarto, doen\u00e7as hep\u00e1ticas, transtornos mentais e dist\u00farbios end\u00f3crinos. A mat\u00e9ria original foi publicada na <strong><em><a href=\"https:\/\/agenciabrasil.ebc.com.br\/saude\/noticia\/2025-08\/uso-de-anabolizantes-altera-colesterol-e-aumenta-risco-de-infarto\" target=\"_blank\" rel=\"noreferrer noopener\">Ag\u00eancia Brasil<\/a><\/em>.<\/strong><\/p>\n\n\n\n<div class=\"wp-block-image\"><figure class=\"aligncenter size-large is-resized\"><a href=\"https:\/\/www.instagram.com\/restaurantepegoretti\/\"><img loading=\"lazy\" decoding=\"async\" src=\"https:\/\/jornalfatosenoticias.com.br\/wp-content\/uploads\/2023\/12\/pegoretti-logo-pdf-1024x389.jpg\" alt=\"\" class=\"wp-image-47536\" width=\"506\" height=\"192\" srcset=\"https:\/\/jornalfatosenoticias.com.br\/wp-content\/uploads\/2023\/12\/pegoretti-logo-pdf-1024x389.jpg 1024w, https:\/\/jornalfatosenoticias.com.br\/wp-content\/uploads\/2023\/12\/pegoretti-logo-pdf-300x114.jpg 300w, https:\/\/jornalfatosenoticias.com.br\/wp-content\/uploads\/2023\/12\/pegoretti-logo-pdf-768x291.jpg 768w, https:\/\/jornalfatosenoticias.com.br\/wp-content\/uploads\/2023\/12\/pegoretti-logo-pdf.jpg 1120w\" sizes=\"auto, (max-width: 506px) 100vw, 506px\" \/><\/a><\/figure><\/div>\n\n\n\n<p><strong>Fonte: <a href=\"https:\/\/olhardigital.com.br\/2025\/08\/08\/medicina-e-saude\/medicos-reforcam-uso-de-anabolizantes-eleva-risco-cardiovascular-em-jovens\/\">Olhar Digital<\/a><\/strong><\/p>\n","protected":false},"excerpt":{"rendered":"<p>Subst\u00e2ncias prejudicam colesterol e podem causar infarto precoce mesmo em pessoas saud\u00e1veis Por Leandro Costa Criscuolo No Dia Mundial de Combate ao Colesterol, celebrado em 8 de agosto, a Sociedade Brasileira de Endocrinologia e Metabologia (SBEM) alerta para os riscos cardiovasculares crescentes causados pelo uso indiscriminado de anabolizantes, principalmente entre jovens. Anabolizantes s\u00e3o subst\u00e2ncias semelhantes [&hellip;]<\/p>\n","protected":false},"author":2,"featured_media":61308,"comment_status":"open","ping_status":"open","sticky":false,"template":"","format":"standard","meta":{"footnotes":""},"categories":[11],"tags":[9907,838,11426,5747,11063,27933,8122],"class_list":["post-61307","post","type-post","status-publish","format-standard","has-post-thumbnail","hentry","category-saude","tag-anabolizantes","tag-colesterol","tag-doenca-cardiovascular","tag-hormonios","tag-infarto","tag-risco-cardiovascular","tag-testosterona"],"yoast_head":"<!-- This site is optimized with the Yoast SEO plugin v26.5 - https:\/\/yoast.com\/wordpress\/plugins\/seo\/ -->\n<title>M\u00e9dicos refor\u00e7am que uso de anabolizantes eleva risco cardiovascular em jovens - Jornal Fatos e Not\u00edcias<\/title>\n<meta name=\"robots\" content=\"index, follow, max-snippet:-1, max-image-preview:large, max-video-preview:-1\" \/>\n<link rel=\"canonical\" href=\"https:\/\/jornalfatosenoticias.com.br\/index.php\/2025\/08\/18\/medicos-reforcam-que-uso-de-anabolizantes-eleva-risco-cardiovascular-em-jovens\/\" \/>\n<meta property=\"og:locale\" content=\"pt_BR\" \/>\n<meta property=\"og:type\" content=\"article\" \/>\n<meta property=\"og:title\" content=\"M\u00e9dicos refor\u00e7am que uso de anabolizantes eleva risco cardiovascular em jovens - Jornal Fatos e Not\u00edcias\" \/>\n<meta property=\"og:description\" content=\"Subst\u00e2ncias prejudicam colesterol e podem causar infarto precoce mesmo em pessoas saud\u00e1veis Por Leandro Costa Criscuolo No Dia Mundial de Combate ao Colesterol, celebrado em 8 de agosto, a Sociedade Brasileira de Endocrinologia e Metabologia (SBEM) alerta para os riscos cardiovasculares crescentes causados pelo uso indiscriminado de anabolizantes, principalmente entre jovens. Anabolizantes s\u00e3o subst\u00e2ncias semelhantes [&hellip;]\" \/>\n<meta property=\"og:url\" content=\"https:\/\/jornalfatosenoticias.com.br\/index.php\/2025\/08\/18\/medicos-reforcam-que-uso-de-anabolizantes-eleva-risco-cardiovascular-em-jovens\/\" \/>\n<meta property=\"og:site_name\" content=\"Jornal Fatos e Not\u00edcias\" \/>\n<meta property=\"article:published_time\" content=\"2025-08-18T13:39:46+00:00\" \/>\n<meta property=\"article:modified_time\" content=\"2025-08-18T13:39:49+00:00\" \/>\n<meta property=\"og:image\" content=\"https:\/\/jornalfatosenoticias.com.br\/wp-content\/uploads\/2025\/08\/uso-de-anabolizantes_freepik.jpg\" \/>\n\t<meta property=\"og:image:width\" content=\"1000\" \/>\n\t<meta property=\"og:image:height\" content=\"666\" \/>\n\t<meta property=\"og:image:type\" content=\"image\/jpeg\" \/>\n<meta name=\"author\" content=\"Luzimara Fernandes\" \/>\n<meta name=\"twitter:card\" content=\"summary_large_image\" \/>\n<meta name=\"twitter:label1\" content=\"Escrito por\" \/>\n\t<meta name=\"twitter:data1\" content=\"Luzimara Fernandes\" \/>\n\t<meta name=\"twitter:label2\" content=\"Est. tempo de leitura\" \/>\n\t<meta name=\"twitter:data2\" content=\"1 minuto\" \/>\n<script type=\"application\/ld+json\" class=\"yoast-schema-graph\">{\"@context\":\"https:\/\/schema.org\",\"@graph\":[{\"@type\":\"Article\",\"@id\":\"https:\/\/jornalfatosenoticias.com.br\/index.php\/2025\/08\/18\/medicos-reforcam-que-uso-de-anabolizantes-eleva-risco-cardiovascular-em-jovens\/#article\",\"isPartOf\":{\"@id\":\"https:\/\/jornalfatosenoticias.com.br\/index.php\/2025\/08\/18\/medicos-reforcam-que-uso-de-anabolizantes-eleva-risco-cardiovascular-em-jovens\/\"},\"author\":{\"name\":\"Luzimara Fernandes\",\"@id\":\"https:\/\/jornalfatosenoticias.com.br\/#\/schema\/person\/d63837fa13ac8666eb9e74e0985d6f81\"},\"headline\":\"M\u00e9dicos refor\u00e7am que uso de anabolizantes eleva risco cardiovascular em jovens\",\"datePublished\":\"2025-08-18T13:39:46+00:00\",\"dateModified\":\"2025-08-18T13:39:49+00:00\",\"mainEntityOfPage\":{\"@id\":\"https:\/\/jornalfatosenoticias.com.br\/index.php\/2025\/08\/18\/medicos-reforcam-que-uso-de-anabolizantes-eleva-risco-cardiovascular-em-jovens\/\"},\"wordCount\":303,\"commentCount\":0,\"publisher\":{\"@id\":\"https:\/\/jornalfatosenoticias.com.br\/#organization\"},\"image\":{\"@id\":\"https:\/\/jornalfatosenoticias.com.br\/index.php\/2025\/08\/18\/medicos-reforcam-que-uso-de-anabolizantes-eleva-risco-cardiovascular-em-jovens\/#primaryimage\"},\"thumbnailUrl\":\"https:\/\/jornalfatosenoticias.com.br\/wp-content\/uploads\/2025\/08\/uso-de-anabolizantes_freepik.jpg\",\"keywords\":[\"anabolizantes\",\"colesterol\",\"doen\u00e7a cardiovascular\",\"horm\u00f4nios\",\"infarto\",\"risco cardiovascular\",\"testosterona\"],\"articleSection\":[\"Sa\u00fade\"],\"inLanguage\":\"pt-BR\",\"potentialAction\":[{\"@type\":\"CommentAction\",\"name\":\"Comment\",\"target\":[\"https:\/\/jornalfatosenoticias.com.br\/index.php\/2025\/08\/18\/medicos-reforcam-que-uso-de-anabolizantes-eleva-risco-cardiovascular-em-jovens\/#respond\"]}]},{\"@type\":\"WebPage\",\"@id\":\"https:\/\/jornalfatosenoticias.com.br\/index.php\/2025\/08\/18\/medicos-reforcam-que-uso-de-anabolizantes-eleva-risco-cardiovascular-em-jovens\/\",\"url\":\"https:\/\/jornalfatosenoticias.com.br\/index.php\/2025\/08\/18\/medicos-reforcam-que-uso-de-anabolizantes-eleva-risco-cardiovascular-em-jovens\/\",\"name\":\"M\u00e9dicos refor\u00e7am que uso de anabolizantes eleva risco cardiovascular em jovens - Jornal Fatos e Not\u00edcias\",\"isPartOf\":{\"@id\":\"https:\/\/jornalfatosenoticias.com.br\/#website\"},\"primaryImageOfPage\":{\"@id\":\"https:\/\/jornalfatosenoticias.com.br\/index.php\/2025\/08\/18\/medicos-reforcam-que-uso-de-anabolizantes-eleva-risco-cardiovascular-em-jovens\/#primaryimage\"},\"image\":{\"@id\":\"https:\/\/jornalfatosenoticias.com.br\/index.php\/2025\/08\/18\/medicos-reforcam-que-uso-de-anabolizantes-eleva-risco-cardiovascular-em-jovens\/#primaryimage\"},\"thumbnailUrl\":\"https:\/\/jornalfatosenoticias.com.br\/wp-content\/uploads\/2025\/08\/uso-de-anabolizantes_freepik.jpg\",\"datePublished\":\"2025-08-18T13:39:46+00:00\",\"dateModified\":\"2025-08-18T13:39:49+00:00\",\"breadcrumb\":{\"@id\":\"https:\/\/jornalfatosenoticias.com.br\/index.php\/2025\/08\/18\/medicos-reforcam-que-uso-de-anabolizantes-eleva-risco-cardiovascular-em-jovens\/#breadcrumb\"},\"inLanguage\":\"pt-BR\",\"potentialAction\":[{\"@type\":\"ReadAction\",\"target\":[\"https:\/\/jornalfatosenoticias.com.br\/index.php\/2025\/08\/18\/medicos-reforcam-que-uso-de-anabolizantes-eleva-risco-cardiovascular-em-jovens\/\"]}]},{\"@type\":\"ImageObject\",\"inLanguage\":\"pt-BR\",\"@id\":\"https:\/\/jornalfatosenoticias.com.br\/index.php\/2025\/08\/18\/medicos-reforcam-que-uso-de-anabolizantes-eleva-risco-cardiovascular-em-jovens\/#primaryimage\",\"url\":\"https:\/\/jornalfatosenoticias.com.br\/wp-content\/uploads\/2025\/08\/uso-de-anabolizantes_freepik.jpg\",\"contentUrl\":\"https:\/\/jornalfatosenoticias.com.br\/wp-content\/uploads\/2025\/08\/uso-de-anabolizantes_freepik.jpg\",\"width\":1000,\"height\":666},{\"@type\":\"BreadcrumbList\",\"@id\":\"https:\/\/jornalfatosenoticias.com.br\/index.php\/2025\/08\/18\/medicos-reforcam-que-uso-de-anabolizantes-eleva-risco-cardiovascular-em-jovens\/#breadcrumb\",\"itemListElement\":[{\"@type\":\"ListItem\",\"position\":1,\"name\":\"In\u00edcio\",\"item\":\"https:\/\/jornalfatosenoticias.com.br\/\"},{\"@type\":\"ListItem\",\"position\":2,\"name\":\"M\u00e9dicos refor\u00e7am que uso de anabolizantes eleva risco cardiovascular em jovens\"}]},{\"@type\":\"WebSite\",\"@id\":\"https:\/\/jornalfatosenoticias.com.br\/#website\",\"url\":\"https:\/\/jornalfatosenoticias.com.br\/\",\"name\":\"Jornal Fatos e Not\u00edcias\",\"description\":\"Not\u00edcias em geral\",\"publisher\":{\"@id\":\"https:\/\/jornalfatosenoticias.com.br\/#organization\"},\"potentialAction\":[{\"@type\":\"SearchAction\",\"target\":{\"@type\":\"EntryPoint\",\"urlTemplate\":\"https:\/\/jornalfatosenoticias.com.br\/?s={search_term_string}\"},\"query-input\":{\"@type\":\"PropertyValueSpecification\",\"valueRequired\":true,\"valueName\":\"search_term_string\"}}],\"inLanguage\":\"pt-BR\"},{\"@type\":\"Organization\",\"@id\":\"https:\/\/jornalfatosenoticias.com.br\/#organization\",\"name\":\"Jornal Fatos e Not\u00edcias\",\"url\":\"https:\/\/jornalfatosenoticias.com.br\/\",\"logo\":{\"@type\":\"ImageObject\",\"inLanguage\":\"pt-BR\",\"@id\":\"https:\/\/jornalfatosenoticias.com.br\/#\/schema\/logo\/image\/\",\"url\":\"https:\/\/jornalfatosenoticias.com.br\/wp-content\/uploads\/2020\/02\/logo120.png\",\"contentUrl\":\"https:\/\/jornalfatosenoticias.com.br\/wp-content\/uploads\/2020\/02\/logo120.png\",\"width\":1227,\"height\":120,\"caption\":\"Jornal Fatos e Not\u00edcias\"},\"image\":{\"@id\":\"https:\/\/jornalfatosenoticias.com.br\/#\/schema\/logo\/image\/\"}},{\"@type\":\"Person\",\"@id\":\"https:\/\/jornalfatosenoticias.com.br\/#\/schema\/person\/d63837fa13ac8666eb9e74e0985d6f81\",\"name\":\"Luzimara Fernandes\",\"image\":{\"@type\":\"ImageObject\",\"inLanguage\":\"pt-BR\",\"@id\":\"https:\/\/jornalfatosenoticias.com.br\/#\/schema\/person\/image\/\",\"url\":\"https:\/\/jornalfatosenoticias.com.br\/wp-content\/uploads\/2025\/05\/EU_portal.jpg\",\"contentUrl\":\"https:\/\/jornalfatosenoticias.com.br\/wp-content\/uploads\/2025\/05\/EU_portal.jpg\",\"caption\":\"Luzimara Fernandes\"},\"description\":\"Jornalista MTB 2358-ES\",\"sameAs\":[\"https:\/\/jornalfatosenoticias.com.br\"],\"url\":\"https:\/\/jornalfatosenoticias.com.br\/index.php\/author\/luzimara\/\"}]}<\/script>\n<!-- \/ Yoast SEO plugin. -->","yoast_head_json":{"title":"M\u00e9dicos refor\u00e7am que uso de anabolizantes eleva risco cardiovascular em jovens - Jornal Fatos e Not\u00edcias","robots":{"index":"index","follow":"follow","max-snippet":"max-snippet:-1","max-image-preview":"max-image-preview:large","max-video-preview":"max-video-preview:-1"},"canonical":"https:\/\/jornalfatosenoticias.com.br\/index.php\/2025\/08\/18\/medicos-reforcam-que-uso-de-anabolizantes-eleva-risco-cardiovascular-em-jovens\/","og_locale":"pt_BR","og_type":"article","og_title":"M\u00e9dicos refor\u00e7am que uso de anabolizantes eleva risco cardiovascular em jovens - Jornal Fatos e Not\u00edcias","og_description":"Subst\u00e2ncias prejudicam colesterol e podem causar infarto precoce mesmo em pessoas saud\u00e1veis Por Leandro Costa Criscuolo No Dia Mundial de Combate ao Colesterol, celebrado em 8 de agosto, a Sociedade Brasileira de Endocrinologia e Metabologia (SBEM) alerta para os riscos cardiovasculares crescentes causados pelo uso indiscriminado de anabolizantes, principalmente entre jovens. Anabolizantes s\u00e3o subst\u00e2ncias semelhantes [&hellip;]","og_url":"https:\/\/jornalfatosenoticias.com.br\/index.php\/2025\/08\/18\/medicos-reforcam-que-uso-de-anabolizantes-eleva-risco-cardiovascular-em-jovens\/","og_site_name":"Jornal Fatos e Not\u00edcias","article_published_time":"2025-08-18T13:39:46+00:00","article_modified_time":"2025-08-18T13:39:49+00:00","og_image":[{"width":1000,"height":666,"url":"https:\/\/jornalfatosenoticias.com.br\/wp-content\/uploads\/2025\/08\/uso-de-anabolizantes_freepik.jpg","type":"image\/jpeg"}],"author":"Luzimara Fernandes","twitter_card":"summary_large_image","twitter_misc":{"Escrito por":"Luzimara Fernandes","Est. tempo de leitura":"1 minuto"},"schema":{"@context":"https:\/\/schema.org","@graph":[{"@type":"Article","@id":"https:\/\/jornalfatosenoticias.com.br\/index.php\/2025\/08\/18\/medicos-reforcam-que-uso-de-anabolizantes-eleva-risco-cardiovascular-em-jovens\/#article","isPartOf":{"@id":"https:\/\/jornalfatosenoticias.com.br\/index.php\/2025\/08\/18\/medicos-reforcam-que-uso-de-anabolizantes-eleva-risco-cardiovascular-em-jovens\/"},"author":{"name":"Luzimara Fernandes","@id":"https:\/\/jornalfatosenoticias.com.br\/#\/schema\/person\/d63837fa13ac8666eb9e74e0985d6f81"},"headline":"M\u00e9dicos refor\u00e7am que uso de anabolizantes eleva risco cardiovascular em jovens","datePublished":"2025-08-18T13:39:46+00:00","dateModified":"2025-08-18T13:39:49+00:00","mainEntityOfPage":{"@id":"https:\/\/jornalfatosenoticias.com.br\/index.php\/2025\/08\/18\/medicos-reforcam-que-uso-de-anabolizantes-eleva-risco-cardiovascular-em-jovens\/"},"wordCount":303,"commentCount":0,"publisher":{"@id":"https:\/\/jornalfatosenoticias.com.br\/#organization"},"image":{"@id":"https:\/\/jornalfatosenoticias.com.br\/index.php\/2025\/08\/18\/medicos-reforcam-que-uso-de-anabolizantes-eleva-risco-cardiovascular-em-jovens\/#primaryimage"},"thumbnailUrl":"https:\/\/jornalfatosenoticias.com.br\/wp-content\/uploads\/2025\/08\/uso-de-anabolizantes_freepik.jpg","keywords":["anabolizantes","colesterol","doen\u00e7a cardiovascular","horm\u00f4nios","infarto","risco cardiovascular","testosterona"],"articleSection":["Sa\u00fade"],"inLanguage":"pt-BR","potentialAction":[{"@type":"CommentAction","name":"Comment","target":["https:\/\/jornalfatosenoticias.com.br\/index.php\/2025\/08\/18\/medicos-reforcam-que-uso-de-anabolizantes-eleva-risco-cardiovascular-em-jovens\/#respond"]}]},{"@type":"WebPage","@id":"https:\/\/jornalfatosenoticias.com.br\/index.php\/2025\/08\/18\/medicos-reforcam-que-uso-de-anabolizantes-eleva-risco-cardiovascular-em-jovens\/","url":"https:\/\/jornalfatosenoticias.com.br\/index.php\/2025\/08\/18\/medicos-reforcam-que-uso-de-anabolizantes-eleva-risco-cardiovascular-em-jovens\/","name":"M\u00e9dicos refor\u00e7am que uso de anabolizantes eleva risco cardiovascular em jovens - Jornal Fatos e Not\u00edcias","isPartOf":{"@id":"https:\/\/jornalfatosenoticias.com.br\/#website"},"primaryImageOfPage":{"@id":"https:\/\/jornalfatosenoticias.com.br\/index.php\/2025\/08\/18\/medicos-reforcam-que-uso-de-anabolizantes-eleva-risco-cardiovascular-em-jovens\/#primaryimage"},"image":{"@id":"https:\/\/jornalfatosenoticias.com.br\/index.php\/2025\/08\/18\/medicos-reforcam-que-uso-de-anabolizantes-eleva-risco-cardiovascular-em-jovens\/#primaryimage"},"thumbnailUrl":"https:\/\/jornalfatosenoticias.com.br\/wp-content\/uploads\/2025\/08\/uso-de-anabolizantes_freepik.jpg","datePublished":"2025-08-18T13:39:46+00:00","dateModified":"2025-08-18T13:39:49+00:00","breadcrumb":{"@id":"https:\/\/jornalfatosenoticias.com.br\/index.php\/2025\/08\/18\/medicos-reforcam-que-uso-de-anabolizantes-eleva-risco-cardiovascular-em-jovens\/#breadcrumb"},"inLanguage":"pt-BR","potentialAction":[{"@type":"ReadAction","target":["https:\/\/jornalfatosenoticias.com.br\/index.php\/2025\/08\/18\/medicos-reforcam-que-uso-de-anabolizantes-eleva-risco-cardiovascular-em-jovens\/"]}]},{"@type":"ImageObject","inLanguage":"pt-BR","@id":"https:\/\/jornalfatosenoticias.com.br\/index.php\/2025\/08\/18\/medicos-reforcam-que-uso-de-anabolizantes-eleva-risco-cardiovascular-em-jovens\/#primaryimage","url":"https:\/\/jornalfatosenoticias.com.br\/wp-content\/uploads\/2025\/08\/uso-de-anabolizantes_freepik.jpg","contentUrl":"https:\/\/jornalfatosenoticias.com.br\/wp-content\/uploads\/2025\/08\/uso-de-anabolizantes_freepik.jpg","width":1000,"height":666},{"@type":"BreadcrumbList","@id":"https:\/\/jornalfatosenoticias.com.br\/index.php\/2025\/08\/18\/medicos-reforcam-que-uso-de-anabolizantes-eleva-risco-cardiovascular-em-jovens\/#breadcrumb","itemListElement":[{"@type":"ListItem","position":1,"name":"In\u00edcio","item":"https:\/\/jornalfatosenoticias.com.br\/"},{"@type":"ListItem","position":2,"name":"M\u00e9dicos refor\u00e7am que uso de anabolizantes eleva risco cardiovascular em jovens"}]},{"@type":"WebSite","@id":"https:\/\/jornalfatosenoticias.com.br\/#website","url":"https:\/\/jornalfatosenoticias.com.br\/","name":"Jornal Fatos e Not\u00edcias","description":"Not\u00edcias em geral","publisher":{"@id":"https:\/\/jornalfatosenoticias.com.br\/#organization"},"potentialAction":[{"@type":"SearchAction","target":{"@type":"EntryPoint","urlTemplate":"https:\/\/jornalfatosenoticias.com.br\/?s={search_term_string}"},"query-input":{"@type":"PropertyValueSpecification","valueRequired":true,"valueName":"search_term_string"}}],"inLanguage":"pt-BR"},{"@type":"Organization","@id":"https:\/\/jornalfatosenoticias.com.br\/#organization","name":"Jornal Fatos e Not\u00edcias","url":"https:\/\/jornalfatosenoticias.com.br\/","logo":{"@type":"ImageObject","inLanguage":"pt-BR","@id":"https:\/\/jornalfatosenoticias.com.br\/#\/schema\/logo\/image\/","url":"https:\/\/jornalfatosenoticias.com.br\/wp-content\/uploads\/2020\/02\/logo120.png","contentUrl":"https:\/\/jornalfatosenoticias.com.br\/wp-content\/uploads\/2020\/02\/logo120.png","width":1227,"height":120,"caption":"Jornal Fatos e Not\u00edcias"},"image":{"@id":"https:\/\/jornalfatosenoticias.com.br\/#\/schema\/logo\/image\/"}},{"@type":"Person","@id":"https:\/\/jornalfatosenoticias.com.br\/#\/schema\/person\/d63837fa13ac8666eb9e74e0985d6f81","name":"Luzimara Fernandes","image":{"@type":"ImageObject","inLanguage":"pt-BR","@id":"https:\/\/jornalfatosenoticias.com.br\/#\/schema\/person\/image\/","url":"https:\/\/jornalfatosenoticias.com.br\/wp-content\/uploads\/2025\/05\/EU_portal.jpg","contentUrl":"https:\/\/jornalfatosenoticias.com.br\/wp-content\/uploads\/2025\/05\/EU_portal.jpg","caption":"Luzimara Fernandes"},"description":"Jornalista MTB 2358-ES","sameAs":["https:\/\/jornalfatosenoticias.com.br"],"url":"https:\/\/jornalfatosenoticias.com.br\/index.php\/author\/luzimara\/"}]}},"cc_featured_image_caption":{"caption_text":"(Foto: Freepik)","source_text":"","source_url":""},"jetpack_featured_media_url":"https:\/\/jornalfatosenoticias.com.br\/wp-content\/uploads\/2025\/08\/uso-de-anabolizantes_freepik.jpg","_links":{"self":[{"href":"https:\/\/jornalfatosenoticias.com.br\/index.php\/wp-json\/wp\/v2\/posts\/61307","targetHints":{"allow":["GET"]}}],"collection":[{"href":"https:\/\/jornalfatosenoticias.com.br\/index.php\/wp-json\/wp\/v2\/posts"}],"about":[{"href":"https:\/\/jornalfatosenoticias.com.br\/index.php\/wp-json\/wp\/v2\/types\/post"}],"author":[{"embeddable":true,"href":"https:\/\/jornalfatosenoticias.com.br\/index.php\/wp-json\/wp\/v2\/users\/2"}],"replies":[{"embeddable":true,"href":"https:\/\/jornalfatosenoticias.com.br\/index.php\/wp-json\/wp\/v2\/comments?post=61307"}],"version-history":[{"count":0,"href":"https:\/\/jornalfatosenoticias.com.br\/index.php\/wp-json\/wp\/v2\/posts\/61307\/revisions"}],"wp:featuredmedia":[{"embeddable":true,"href":"https:\/\/jornalfatosenoticias.com.br\/index.php\/wp-json\/wp\/v2\/media\/61308"}],"wp:attachment":[{"href":"https:\/\/jornalfatosenoticias.com.br\/index.php\/wp-json\/wp\/v2\/media?parent=61307"}],"wp:term":[{"taxonomy":"category","embeddable":true,"href":"https:\/\/jornalfatosenoticias.com.br\/index.php\/wp-json\/wp\/v2\/categories?post=61307"},{"taxonomy":"post_tag","embeddable":true,"href":"https:\/\/jornalfatosenoticias.com.br\/index.php\/wp-json\/wp\/v2\/tags?post=61307"}],"curies":[{"name":"wp","href":"https:\/\/api.w.org\/{rel}","templated":true}]}}