{"id":61310,"date":"2025-08-18T11:07:28","date_gmt":"2025-08-18T14:07:28","guid":{"rendered":"https:\/\/jornalfatosenoticias.com.br\/?p=61310"},"modified":"2025-08-18T11:07:29","modified_gmt":"2025-08-18T14:07:29","slug":"em-entrevista-ao-washington-post-moraes-desafia-sancoes-e-afirma-que-nao-vai-recuar-um-milimetro","status":"publish","type":"post","link":"https:\/\/jornalfatosenoticias.com.br\/index.php\/2025\/08\/18\/em-entrevista-ao-washington-post-moraes-desafia-sancoes-e-afirma-que-nao-vai-recuar-um-milimetro\/","title":{"rendered":"Em entrevista ao Washington Post, Moraes desafia san\u00e7\u00f5es e afirma que n\u00e3o vai \u201crecuar um mil\u00edmetro\u201d"},"content":{"rendered":"\n<p><em><span class=\"has-inline-color has-black-color\">Alexandre de Moraes concedeu entrevista ao jornal americano The Washington Post<\/span><\/em><\/p>\n\n\n\n<p><span class=\"has-inline-color has-black-color\">Por <strong><a href=\"https:\/\/www.gazetadopovo.com.br\/autor\/john-lucas\/\">John Lucas<\/a><\/strong><\/span><\/p>\n\n\n\n<div class=\"wp-block-image\"><figure class=\"aligncenter size-large\"><a href=\"https:\/\/mizu.com.br\/\"><img loading=\"lazy\" decoding=\"async\" width=\"729\" height=\"90\" src=\"https:\/\/jornalfatosenoticias.com.br\/wp-content\/uploads\/2020\/02\/Logo_Mizu.png\" alt=\"\" class=\"wp-image-1441\" srcset=\"https:\/\/jornalfatosenoticias.com.br\/wp-content\/uploads\/2020\/02\/Logo_Mizu.png 729w, https:\/\/jornalfatosenoticias.com.br\/wp-content\/uploads\/2020\/02\/Logo_Mizu-300x37.png 300w\" sizes=\"auto, (max-width: 729px) 100vw, 729px\" \/><\/a><\/figure><\/div>\n\n\n\n<p>O jornal americano <em>The Washington Post<\/em> publicou, nesta segunda-feira (18), uma entrevista com o ministro do Supremo Tribunal Federal (STF) Alexandre de Moraes. Alvo de san\u00e7\u00f5es do governo de Donald Trump, dos EUA, e de cr\u00edticas da oposi\u00e7\u00e3o no Brasil, o magistrado reiterou na entrevista que seguir\u00e1 conduzindo os processos contra o ex-presidente Jair Bolsonaro e seus apoiadores, sem abrir espa\u00e7o para recuos.<\/p>\n\n\n\n<blockquote class=\"wp-block-quote is-layout-flow wp-block-quote-is-layout-flow\"><p><span class=\"has-inline-color has-luminous-vivid-orange-color\">N\u00e3o existe a menor possibilidade de recuar nem um mil\u00edmetro\u201d, afirmou Moraes. \u201cReceberemos a acusa\u00e7\u00e3o, analisaremos as provas, e quem tiver que ser condenado ser\u00e1 condenado; quem tiver que ser absolvido ser\u00e1 absolvido\u201d, disse ele.<\/span><\/p><\/blockquote>\n\n\n\n<div class=\"wp-block-image\"><figure class=\"aligncenter size-large\"><a href=\"https:\/\/www.cesconetto.com.br\/\"><img loading=\"lazy\" decoding=\"async\" width=\"300\" height=\"250\" src=\"https:\/\/jornalfatosenoticias.com.br\/wp-content\/uploads\/2022\/02\/Banner-2.png\" alt=\"\" class=\"wp-image-27877\"\/><\/a><\/figure><\/div>\n\n\n\n<p>A entrevista foi publicada em meio ao aumento da press\u00e3o de Washington contra Moraes. O governo Trump classificou a atua\u00e7\u00e3o do ministro no Brasil como persegui\u00e7\u00e3o pol\u00edtica e respondeu com medidas in\u00e9ditas: aplica\u00e7\u00e3o de tarifa de 50% sobre produtos brasileiros, cancelamento de seu visto e de aliados na Corte, e san\u00e7\u00f5es individuais contra Moraes sob a Lei Magnitsky, usadas contra violadores de direitos humanos. Na entrevista, Moraes minimizou as restri\u00e7\u00f5es e disse estar atuando para \u201cdefender a democracia do Brasil\u201d. <em>\u201cN\u00e3o h\u00e1 como recuar do que devemos fazer. Digo isso com completa tranquilidade\u201d,<\/em> disse.<\/p>\n\n\n\n<div class=\"wp-block-image\"><figure class=\"aligncenter size-large is-resized\"><a href=\"https:\/\/www.controlsystems.com.br\/\"><img loading=\"lazy\" decoding=\"async\" src=\"https:\/\/jornalfatosenoticias.com.br\/wp-content\/uploads\/2020\/02\/CONTROL-CS.jpg\" alt=\"\" class=\"wp-image-44991\" width=\"295\" height=\"354\" srcset=\"https:\/\/jornalfatosenoticias.com.br\/wp-content\/uploads\/2020\/02\/CONTROL-CS.jpg 834w, https:\/\/jornalfatosenoticias.com.br\/wp-content\/uploads\/2020\/02\/CONTROL-CS-250x300.jpg 250w, https:\/\/jornalfatosenoticias.com.br\/wp-content\/uploads\/2020\/02\/CONTROL-CS-768x921.jpg 768w\" sizes=\"auto, (max-width: 295px) 100vw, 295px\" \/><\/a><\/figure><\/div>\n\n\n\n<p>Segundo o Washington Post, Moraes, \u201cempoderado pelo Supremo Tribunal Federal para investigar amea\u00e7as digitais, verbais e f\u00edsicas contra a ordem democr\u00e1tica no Brasil, tornou-se uma autoridade nacional por conta pr\u00f3pria, bem como uma figura \u00fanica no cen\u00e1rio global: um xerife da democracia\u201d. <\/p>\n\n\n\n<div class=\"wp-block-image\"><figure class=\"aligncenter size-large is-resized\"><a href=\"https:\/\/www.instagram.com\/gruposei\/\"><img loading=\"lazy\" decoding=\"async\" src=\"https:\/\/jornalfatosenoticias.com.br\/wp-content\/uploads\/2022\/07\/Logo-Grupo-SEI.jpg\" alt=\"\" class=\"wp-image-31973\" width=\"371\" height=\"195\" srcset=\"https:\/\/jornalfatosenoticias.com.br\/wp-content\/uploads\/2022\/07\/Logo-Grupo-SEI.jpg 713w, https:\/\/jornalfatosenoticias.com.br\/wp-content\/uploads\/2022\/07\/Logo-Grupo-SEI-300x158.jpg 300w\" sizes=\"auto, (max-width: 371px) 100vw, 371px\" \/><\/a><\/figure><\/div>\n\n\n\n<p>O jornal lembrou que Moraes suspendeu plataformas de redes sociais no Brasil \u2014 como o X, o que o levou a um embate contra Elon Musk, dono da plataforma, que chegou a cham\u00e1-lo de \u201cDarth Vader do Brasil\u201d. A entrevista tamb\u00e9m citou que o ministro ordenou a pris\u00e3o de parlamentares e o afastamento do governador do Distrito Federal, Ibaneis Rocha (MDB), ap\u00f3s os atos de 8 de janeiro de 2023.<\/p>\n\n\n\n<div class=\"wp-block-image\"><figure class=\"aligncenter size-large is-resized\"><a href=\"https:\/\/www.instagram.com\/serra4x4cambioautomatico\/\"><img loading=\"lazy\" decoding=\"async\" src=\"https:\/\/jornalfatosenoticias.com.br\/wp-content\/uploads\/2024\/08\/Serra-4x4-1-886x1024.jpg\" alt=\"\" class=\"wp-image-53632\" width=\"284\" height=\"328\" srcset=\"https:\/\/jornalfatosenoticias.com.br\/wp-content\/uploads\/2024\/08\/Serra-4x4-1-886x1024.jpg 886w, https:\/\/jornalfatosenoticias.com.br\/wp-content\/uploads\/2024\/08\/Serra-4x4-1-260x300.jpg 260w, https:\/\/jornalfatosenoticias.com.br\/wp-content\/uploads\/2024\/08\/Serra-4x4-1-768x888.jpg 768w, https:\/\/jornalfatosenoticias.com.br\/wp-content\/uploads\/2024\/08\/Serra-4x4-1.jpg 1181w\" sizes=\"auto, (max-width: 284px) 100vw, 284px\" \/><\/a><\/figure><\/div>\n\n\n\n<p>O Post entrevistou 12 amigos e colegas atuais e antigos do ministro, muitos deles em condi\u00e7\u00e3o de anonimato, para mostrar ao p\u00fablico como Moraes se tornou o \u201cjurista mais poderoso da hist\u00f3ria do Brasil\u201d. Muitos defenderam a postura de Moraes, mas outros alertaram para os abusos. Entre os cr\u00edticos est\u00e1 o ex-ministro do STF Marco Aur\u00e9lio Mello, que declarou ao Post estar \u201ctriste\u201d com o que classificou como a \u201cdeteriora\u00e7\u00e3o da institui\u00e7\u00e3o\u201d diante da atua\u00e7\u00e3o do colega. \u201cA hist\u00f3ria \u00e9 implac\u00e1vel. Ela acerta as contas depois\u201d, lembrou Marco Aur\u00e9lio Mello.<br>Ao Post, Moraes discordou da vis\u00e3o de seu ex-colega na Corte, afirmando que o Brasil foi contaminado pela \u201cdoen\u00e7a do autoritarismo\u201d e que era seu dever aplicar a \u201cvacina\u201d.<\/p>\n\n\n\n<div class=\"wp-block-image\"><figure class=\"aligncenter size-large is-resized\"><a href=\"https:\/\/www.facebook.com\/profile.php?id=100069289606145\"><img loading=\"lazy\" decoding=\"async\" src=\"https:\/\/jornalfatosenoticias.com.br\/wp-content\/uploads\/2024\/11\/Guaitolini-Contabilidade-1024x714.jpeg\" alt=\"\" class=\"wp-image-55808\" width=\"343\" height=\"239\" srcset=\"https:\/\/jornalfatosenoticias.com.br\/wp-content\/uploads\/2024\/11\/Guaitolini-Contabilidade-1024x714.jpeg 1024w, https:\/\/jornalfatosenoticias.com.br\/wp-content\/uploads\/2024\/11\/Guaitolini-Contabilidade-300x209.jpeg 300w, https:\/\/jornalfatosenoticias.com.br\/wp-content\/uploads\/2024\/11\/Guaitolini-Contabilidade-768x535.jpeg 768w, https:\/\/jornalfatosenoticias.com.br\/wp-content\/uploads\/2024\/11\/Guaitolini-Contabilidade.jpeg 1280w\" sizes=\"auto, (max-width: 343px) 100vw, 343px\" \/><\/a><\/figure><\/div>\n\n\n\n<p><strong><span class=\"has-inline-color has-black-color\">Inqu\u00e9rito das fake news<br><\/span><\/strong>O jornal tamb\u00e9m lembrou a abertura do inqu\u00e9rito 4781, o chamado \u201cinqu\u00e9rito das fake news\u201d, em 2019. Segundo o Post, a decis\u00e3o do ent\u00e3o presidente do STF, ministro Dias Toffoli, de entregar a Moraes a condu\u00e7\u00e3o das investiga\u00e7\u00f5es representou um rompimento com a tradi\u00e7\u00e3o da Corte, que normalmente n\u00e3o abre seus pr\u00f3prios inqu\u00e9ritos e distribui os casos por sorteio.<\/p>\n\n\n\n<div class=\"wp-block-image\"><figure class=\"aligncenter size-large is-resized\"><a href=\"https:\/\/www.instagram.com\/rcradiadores\/\"><img loading=\"lazy\" decoding=\"async\" src=\"https:\/\/jornalfatosenoticias.com.br\/wp-content\/uploads\/2022\/10\/RC_800x750_page-0001.jpg\" alt=\"\" class=\"wp-image-35338\" width=\"309\" height=\"290\" srcset=\"https:\/\/jornalfatosenoticias.com.br\/wp-content\/uploads\/2022\/10\/RC_800x750_page-0001.jpg 400w, https:\/\/jornalfatosenoticias.com.br\/wp-content\/uploads\/2022\/10\/RC_800x750_page-0001-300x281.jpg 300w\" sizes=\"auto, (max-width: 309px) 100vw, 309px\" \/><\/a><\/figure><\/div>\n\n\n\n<p>A reportagem lembrou que a medida foi aprovada por ampla maioria no STF \u2014 10 votos a 1 \u2014 sob o argumento de que era necess\u00e1rio proteger a Corte diante de \u201camea\u00e7as e campanhas de desinforma\u00e7\u00e3o\u201d. Um funcion\u00e1rio do STF, ouvido de forma an\u00f4nima pelo jornal, disse que \u201cse o tribunal n\u00e3o tivesse um instrumento para se defender \u2014 se dependesse apenas da pol\u00edcia ou do Minist\u00e9rio P\u00fablico \u2014 estaria frito\u201d.<\/p>\n\n\n\n<div class=\"wp-block-image\"><figure class=\"aligncenter size-large\"><a href=\"http:\/\/www.ferrarimaquinas.com.br\/\"><img loading=\"lazy\" decoding=\"async\" width=\"300\" height=\"250\" src=\"https:\/\/jornalfatosenoticias.com.br\/wp-content\/uploads\/2022\/02\/FERRARI_MAQUINAS-E-FERRAMENTAS2.jpg\" alt=\"\" class=\"wp-image-27860\"\/><\/a><\/figure><\/div>\n\n\n\n<blockquote class=\"wp-block-quote is-layout-flow wp-block-quote-is-layout-flow\"><p><span class=\"has-inline-color has-luminous-vivid-orange-color\">O \u00fanico voto contr\u00e1rio foi do ent\u00e3o ministro Marco Aur\u00e9lio Mello, que criticou a abertura do inqu\u00e9rito. \u201cFoi uma investiga\u00e7\u00e3o que, na minha vis\u00e3o, foi mal iniciada&#8221;, disse.<\/span><\/p><\/blockquote>\n\n\n\n<div class=\"wp-block-image\"><figure class=\"aligncenter size-large is-resized\"><a href=\"https:\/\/www.instagram.com\/restaurantepegoretti\/\"><img loading=\"lazy\" decoding=\"async\" src=\"https:\/\/jornalfatosenoticias.com.br\/wp-content\/uploads\/2023\/12\/pegoretti-logo-pdf-1024x389.jpg\" alt=\"\" class=\"wp-image-47536\" width=\"556\" height=\"211\" srcset=\"https:\/\/jornalfatosenoticias.com.br\/wp-content\/uploads\/2023\/12\/pegoretti-logo-pdf-1024x389.jpg 1024w, https:\/\/jornalfatosenoticias.com.br\/wp-content\/uploads\/2023\/12\/pegoretti-logo-pdf-300x114.jpg 300w, https:\/\/jornalfatosenoticias.com.br\/wp-content\/uploads\/2023\/12\/pegoretti-logo-pdf-768x291.jpg 768w, https:\/\/jornalfatosenoticias.com.br\/wp-content\/uploads\/2023\/12\/pegoretti-logo-pdf.jpg 1120w\" sizes=\"auto, (max-width: 556px) 100vw, 556px\" \/><\/a><\/figure><\/div>\n\n\n\n<p>Segundo o Post, a partir desse inqu\u00e9rito Moraes ampliou gradualmente seu poder. Passou a determinar bloqueios de contas de apoiadores de Bolsonaro nas redes sociais, ordenar opera\u00e7\u00f5es policiais contra influenciadores e at\u00e9 prender parlamentares acusados de \u201cataques \u00e0s institui\u00e7\u00f5es\u201d. O jornal lembrou que, para cr\u00edticos, o inqu\u00e9rito, que deveria ser tempor\u00e1rio e restrito, nunca foi encerrado.<\/p>\n\n\n\n<div class=\"wp-block-image\"><figure class=\"aligncenter size-large is-resized\"><a href=\"https:\/\/www.facebook.com\/postobkr\/?locale=pt_BR\"><img loading=\"lazy\" decoding=\"async\" src=\"https:\/\/jornalfatosenoticias.com.br\/wp-content\/uploads\/2023\/08\/BKR-1024x1021.jpg\" alt=\"\" class=\"wp-image-44494\" width=\"280\" height=\"279\" srcset=\"https:\/\/jornalfatosenoticias.com.br\/wp-content\/uploads\/2023\/08\/BKR-1024x1021.jpg 1024w, https:\/\/jornalfatosenoticias.com.br\/wp-content\/uploads\/2023\/08\/BKR-300x300.jpg 300w, https:\/\/jornalfatosenoticias.com.br\/wp-content\/uploads\/2023\/08\/BKR-150x150.jpg 150w, https:\/\/jornalfatosenoticias.com.br\/wp-content\/uploads\/2023\/08\/BKR-768x766.jpg 768w, https:\/\/jornalfatosenoticias.com.br\/wp-content\/uploads\/2023\/08\/BKR.jpg 1080w\" sizes=\"auto, (max-width: 280px) 100vw, 280px\" \/><\/a><\/figure><\/div>\n\n\n\n<blockquote class=\"wp-block-quote is-layout-flow wp-block-quote-is-layout-flow\"><p><span class=\"has-inline-color has-luminous-vivid-orange-color\">A investiga\u00e7\u00e3o deveria ser limitada no tempo e no escopo. Mas nunca acabou, e ningu\u00e9m mais o questiona\u201d, disse ao Post um funcion\u00e1rio do STF sob condi\u00e7\u00e3o de anonimato.<\/span><\/p><\/blockquote>\n\n\n\n<div class=\"wp-block-image\"><figure class=\"aligncenter size-large is-resized\"><a href=\"https:\/\/hotelmarquetti.com.br\/\"><img loading=\"lazy\" decoding=\"async\" src=\"https:\/\/jornalfatosenoticias.com.br\/wp-content\/uploads\/2020\/02\/LOGO-MQ-1024x680.jpg\" alt=\"\" class=\"wp-image-58299\" width=\"345\" height=\"229\" srcset=\"https:\/\/jornalfatosenoticias.com.br\/wp-content\/uploads\/2020\/02\/LOGO-MQ-1024x680.jpg 1024w, https:\/\/jornalfatosenoticias.com.br\/wp-content\/uploads\/2020\/02\/LOGO-MQ-300x199.jpg 300w, https:\/\/jornalfatosenoticias.com.br\/wp-content\/uploads\/2020\/02\/LOGO-MQ-768x510.jpg 768w, https:\/\/jornalfatosenoticias.com.br\/wp-content\/uploads\/2020\/02\/LOGO-MQ-1536x1020.jpg 1536w, https:\/\/jornalfatosenoticias.com.br\/wp-content\/uploads\/2020\/02\/LOGO-MQ-2048x1360.jpg 2048w\" sizes=\"auto, (max-width: 345px) 100vw, 345px\" \/><\/a><\/figure><\/div>\n\n\n\n<p><strong><span class=\"has-inline-color has-black-color\">Excesso de poder<br><\/span><\/strong>O Post ressaltou que, ao assumir o inqu\u00e9rito das \u201cfake news\u201d, Moraes teve \u00e0 disposi\u00e7\u00e3o ferramentas que a Suprema Corte dos Estados Unidos n\u00e3o possui, como acesso direto \u00e0 Pol\u00edcia Federal. Na entrevista, Moraes comparou os contextos hist\u00f3ricos de Brasil e EUA. \u201cEu entendo que, para a cultura americana, \u00e9 mais dif\u00edcil compreender a fragilidade da democracia porque nunca houve um golpe l\u00e1. Mas o Brasil teve anos de ditadura sob Get\u00falio Vargas, outros 20 anos de ditadura militar e in\u00fameras tentativas de golpe. Quando voc\u00ea \u00e9 mais atacado por uma doen\u00e7a, forma anticorpos mais fortes e busca uma vacina preventiva\u201d, disse o ministro.<\/p>\n\n\n\n<div class=\"wp-block-image\"><figure class=\"aligncenter size-large is-resized\"><a href=\"https:\/\/hotelmarquetti.com.br\/\"><img loading=\"lazy\" decoding=\"async\" src=\"https:\/\/jornalfatosenoticias.com.br\/wp-content\/uploads\/2024\/09\/Legis-Juris-Consultoria_logo.jpg\" alt=\"\" class=\"wp-image-53915\" width=\"542\" height=\"227\" srcset=\"https:\/\/jornalfatosenoticias.com.br\/wp-content\/uploads\/2024\/09\/Legis-Juris-Consultoria_logo.jpg 969w, https:\/\/jornalfatosenoticias.com.br\/wp-content\/uploads\/2024\/09\/Legis-Juris-Consultoria_logo-300x126.jpg 300w, https:\/\/jornalfatosenoticias.com.br\/wp-content\/uploads\/2024\/09\/Legis-Juris-Consultoria_logo-768x322.jpg 768w\" sizes=\"auto, (max-width: 542px) 100vw, 542px\" \/><\/a><\/figure><\/div>\n\n\n\n<p>O jornal tamb\u00e9m detalhou a trajet\u00f3ria pessoal de Moraes, mostrando sua ambi\u00e7\u00e3o desde os tempos de promotor em S\u00e3o Paulo e seu desejo declarado de chegar ao Supremo. Na entrevista, Moraes minimizou as cr\u00edticas pelo excesso de poder. O ministro disse que mais de 700 decis\u00f5es suas foram revistas pelo STF e que \u201cn\u00e3o perdeu nenhuma\u201d.<\/p>\n\n\n\n<div class=\"wp-block-image\"><figure class=\"aligncenter size-large is-resized\"><a href=\"https:\/\/panper.com.br\/\"><img loading=\"lazy\" decoding=\"async\" src=\"https:\/\/jornalfatosenoticias.com.br\/wp-content\/uploads\/2023\/03\/logo-Panper_portal.jpg\" alt=\"\" class=\"wp-image-40208\" width=\"349\" height=\"242\" srcset=\"https:\/\/jornalfatosenoticias.com.br\/wp-content\/uploads\/2023\/03\/logo-Panper_portal.jpg 400w, https:\/\/jornalfatosenoticias.com.br\/wp-content\/uploads\/2023\/03\/logo-Panper_portal-300x208.jpg 300w\" sizes=\"auto, (max-width: 349px) 100vw, 349px\" \/><\/a><\/figure><\/div>\n\n\n\n<p>A reportagem destacou ainda que, ap\u00f3s a derrota de Bolsonaro nas elei\u00e7\u00f5es de 2022, Moraes esteve \u00e0 frente dos processos que o tornaram ineleg\u00edvel por oito anos e das investiga\u00e7\u00f5es que acusam o ex-presidente de planejar um golpe militar e at\u00e9 a morte de advers\u00e1rios pol\u00edticos. Questionado sobre essas acusa\u00e7\u00f5es, Moraes afirmou que \u201ceste \u00e9 um devido processo legal. Cento e setenta e nove testemunhas j\u00e1 foram ouvidas\u201d.<\/p>\n\n\n\n<div class=\"wp-block-image\"><figure class=\"aligncenter size-large is-resized\"><a href=\"https:\/\/www.facebook.com\/vetor.vix\/\"><img loading=\"lazy\" decoding=\"async\" src=\"https:\/\/jornalfatosenoticias.com.br\/wp-content\/uploads\/2023\/09\/vetorvix1024_1.jpg\" alt=\"\" class=\"wp-image-44868\" width=\"535\" height=\"142\" srcset=\"https:\/\/jornalfatosenoticias.com.br\/wp-content\/uploads\/2023\/09\/vetorvix1024_1.jpg 1024w, https:\/\/jornalfatosenoticias.com.br\/wp-content\/uploads\/2023\/09\/vetorvix1024_1-300x80.jpg 300w, https:\/\/jornalfatosenoticias.com.br\/wp-content\/uploads\/2023\/09\/vetorvix1024_1-768x205.jpg 768w\" sizes=\"auto, (max-width: 535px) 100vw, 535px\" \/><\/a><\/figure><\/div>\n\n\n\n<p>Na entrevista, Moraes disse que, apesar das san\u00e7\u00f5es e cr\u00edticas, n\u00e3o v\u00ea os Estados Unidos como inimigos. O Post cita que no gabinete do ministro h\u00e1 trechos da Declara\u00e7\u00e3o de Independ\u00eancia dos EUA e da Constitui\u00e7\u00e3o americana. \u201cTodo constitucionalista tem grande admira\u00e7\u00e3o pelos Estados Unidos\u201d, afirmou Moraes na entrevista. Para ele, a tens\u00e3o atual entre EUA e Brasil \u00e9 fruto de \u201cdesinforma\u00e7\u00e3o\u201d.<\/p>\n\n\n\n<div class=\"wp-block-image\"><figure class=\"aligncenter size-large is-resized\"><a href=\"https:\/\/www.instagram.com\/esteio.churrascaria\/\"><img loading=\"lazy\" decoding=\"async\" src=\"https:\/\/jornalfatosenoticias.com.br\/wp-content\/uploads\/2022\/02\/LOGO-ESTEIO-1024x730.png\" alt=\"\" class=\"wp-image-27942\" width=\"358\" height=\"255\" srcset=\"https:\/\/jornalfatosenoticias.com.br\/wp-content\/uploads\/2022\/02\/LOGO-ESTEIO-1024x730.png 1024w, https:\/\/jornalfatosenoticias.com.br\/wp-content\/uploads\/2022\/02\/LOGO-ESTEIO-300x214.png 300w, https:\/\/jornalfatosenoticias.com.br\/wp-content\/uploads\/2022\/02\/LOGO-ESTEIO-768x548.png 768w, https:\/\/jornalfatosenoticias.com.br\/wp-content\/uploads\/2022\/02\/LOGO-ESTEIO.png 1123w\" sizes=\"auto, (max-width: 358px) 100vw, 358px\" \/><\/a><\/figure><\/div>\n\n\n\n<blockquote class=\"wp-block-quote is-layout-flow wp-block-quote-is-layout-flow\"><p><span class=\"has-inline-color has-luminous-vivid-orange-color\">Essas falsas narrativas acabaram envenenando a rela\u00e7\u00e3o \u2014 falsas narrativas apoiadas por desinforma\u00e7\u00e3o espalhada por essas pessoas nas redes sociais\u201d, disse. No encerramento da entrevista, Moraes reconheceu que as san\u00e7\u00f5es e restri\u00e7\u00f5es pessoais n\u00e3o s\u00e3o f\u00e1ceis de enfrentar. \u201c\u00c9 agrad\u00e1vel passar por isso? Claro que n\u00e3o \u00e9 agrad\u00e1vel\u201d. Mas completou reafirmando que n\u00e3o ir\u00e1 ceder: \u201cenquanto houver necessidade, a investiga\u00e7\u00e3o continuar\u00e1\u201d.<\/span><\/p><\/blockquote>\n\n\n\n<div class=\"wp-block-image\"><figure class=\"aligncenter size-large is-resized\"><a href=\"https:\/\/www.ithbrasil.com.br\/\"><img loading=\"lazy\" decoding=\"async\" src=\"https:\/\/jornalfatosenoticias.com.br\/wp-content\/uploads\/2023\/08\/ITH.jpeg\" alt=\"\" class=\"wp-image-44638\" width=\"281\" height=\"228\" srcset=\"https:\/\/jornalfatosenoticias.com.br\/wp-content\/uploads\/2023\/08\/ITH.jpeg 800w, https:\/\/jornalfatosenoticias.com.br\/wp-content\/uploads\/2023\/08\/ITH-300x244.jpeg 300w, https:\/\/jornalfatosenoticias.com.br\/wp-content\/uploads\/2023\/08\/ITH-768x624.jpeg 768w\" sizes=\"auto, (max-width: 281px) 100vw, 281px\" \/><\/a><\/figure><\/div>\n\n\n\n<p><strong>Fonte: <a href=\"https:\/\/www.gazetadopovo.com.br\/mundo\/em-entrevista-ao-washington-post-moraes-desafia-sancoes-e-afirma-que-nao-vai-recuar-um-milimetro\/\">Gazeta do Povo<\/a><\/strong><\/p>\n","protected":false},"excerpt":{"rendered":"<p>Alexandre de Moraes concedeu entrevista ao jornal americano The Washington Post Por John Lucas O jornal americano The Washington Post publicou, nesta segunda-feira (18), uma entrevista com o ministro do Supremo Tribunal Federal (STF) Alexandre de Moraes. Alvo de san\u00e7\u00f5es do governo de Donald Trump, dos EUA, e de cr\u00edticas da oposi\u00e7\u00e3o no Brasil, o [&hellip;]<\/p>\n","protected":false},"author":2,"featured_media":53489,"comment_status":"open","ping_status":"open","sticky":false,"template":"","format":"standard","meta":{"footnotes":""},"categories":[5],"tags":[13889,1244,732,27214,16935,294],"class_list":["post-61310","post","type-post","status-publish","format-standard","has-post-thumbnail","hentry","category-geral","tag-alexandre-de-moraes","tag-ditadura","tag-fake-news","tag-lei-magnitsky","tag-liberdade-de-expressao","tag-stf"],"yoast_head":"<!-- This site is optimized with the Yoast SEO plugin v26.5 - https:\/\/yoast.com\/wordpress\/plugins\/seo\/ -->\n<title>Em entrevista ao Washington Post, Moraes desafia san\u00e7\u00f5es e afirma que n\u00e3o vai \u201crecuar um mil\u00edmetro\u201d - Jornal Fatos e Not\u00edcias<\/title>\n<meta name=\"robots\" content=\"index, follow, max-snippet:-1, max-image-preview:large, max-video-preview:-1\" \/>\n<link rel=\"canonical\" href=\"https:\/\/jornalfatosenoticias.com.br\/index.php\/2025\/08\/18\/em-entrevista-ao-washington-post-moraes-desafia-sancoes-e-afirma-que-nao-vai-recuar-um-milimetro\/\" \/>\n<meta property=\"og:locale\" content=\"pt_BR\" \/>\n<meta property=\"og:type\" content=\"article\" \/>\n<meta property=\"og:title\" content=\"Em entrevista ao Washington Post, Moraes desafia san\u00e7\u00f5es e afirma que n\u00e3o vai \u201crecuar um mil\u00edmetro\u201d - Jornal Fatos e Not\u00edcias\" \/>\n<meta property=\"og:description\" content=\"Alexandre de Moraes concedeu entrevista ao jornal americano The Washington Post Por John Lucas O jornal americano The Washington Post publicou, nesta segunda-feira (18), uma entrevista com o ministro do Supremo Tribunal Federal (STF) Alexandre de Moraes. Alvo de san\u00e7\u00f5es do governo de Donald Trump, dos EUA, e de cr\u00edticas da oposi\u00e7\u00e3o no Brasil, o [&hellip;]\" \/>\n<meta property=\"og:url\" content=\"https:\/\/jornalfatosenoticias.com.br\/index.php\/2025\/08\/18\/em-entrevista-ao-washington-post-moraes-desafia-sancoes-e-afirma-que-nao-vai-recuar-um-milimetro\/\" \/>\n<meta property=\"og:site_name\" content=\"Jornal Fatos e Not\u00edcias\" \/>\n<meta property=\"article:published_time\" content=\"2025-08-18T14:07:28+00:00\" \/>\n<meta property=\"article:modified_time\" content=\"2025-08-18T14:07:29+00:00\" \/>\n<meta property=\"og:image\" content=\"https:\/\/jornalfatosenoticias.com.br\/wp-content\/uploads\/2024\/08\/xandao.jpg\" \/>\n\t<meta property=\"og:image:width\" content=\"960\" \/>\n\t<meta property=\"og:image:height\" content=\"540\" \/>\n\t<meta property=\"og:image:type\" content=\"image\/jpeg\" \/>\n<meta name=\"author\" content=\"Luzimara Fernandes\" \/>\n<meta name=\"twitter:card\" content=\"summary_large_image\" \/>\n<meta name=\"twitter:label1\" content=\"Escrito por\" \/>\n\t<meta name=\"twitter:data1\" content=\"Luzimara Fernandes\" \/>\n\t<meta name=\"twitter:label2\" content=\"Est. tempo de leitura\" \/>\n\t<meta name=\"twitter:data2\" content=\"6 minutos\" \/>\n<script type=\"application\/ld+json\" class=\"yoast-schema-graph\">{\"@context\":\"https:\/\/schema.org\",\"@graph\":[{\"@type\":\"Article\",\"@id\":\"https:\/\/jornalfatosenoticias.com.br\/index.php\/2025\/08\/18\/em-entrevista-ao-washington-post-moraes-desafia-sancoes-e-afirma-que-nao-vai-recuar-um-milimetro\/#article\",\"isPartOf\":{\"@id\":\"https:\/\/jornalfatosenoticias.com.br\/index.php\/2025\/08\/18\/em-entrevista-ao-washington-post-moraes-desafia-sancoes-e-afirma-que-nao-vai-recuar-um-milimetro\/\"},\"author\":{\"name\":\"Luzimara Fernandes\",\"@id\":\"https:\/\/jornalfatosenoticias.com.br\/#\/schema\/person\/d63837fa13ac8666eb9e74e0985d6f81\"},\"headline\":\"Em entrevista ao Washington Post, Moraes desafia san\u00e7\u00f5es e afirma que n\u00e3o vai \u201crecuar um mil\u00edmetro\u201d\",\"datePublished\":\"2025-08-18T14:07:28+00:00\",\"dateModified\":\"2025-08-18T14:07:29+00:00\",\"mainEntityOfPage\":{\"@id\":\"https:\/\/jornalfatosenoticias.com.br\/index.php\/2025\/08\/18\/em-entrevista-ao-washington-post-moraes-desafia-sancoes-e-afirma-que-nao-vai-recuar-um-milimetro\/\"},\"wordCount\":1152,\"commentCount\":0,\"publisher\":{\"@id\":\"https:\/\/jornalfatosenoticias.com.br\/#organization\"},\"image\":{\"@id\":\"https:\/\/jornalfatosenoticias.com.br\/index.php\/2025\/08\/18\/em-entrevista-ao-washington-post-moraes-desafia-sancoes-e-afirma-que-nao-vai-recuar-um-milimetro\/#primaryimage\"},\"thumbnailUrl\":\"https:\/\/jornalfatosenoticias.com.br\/wp-content\/uploads\/2024\/08\/xandao.jpg\",\"keywords\":[\"Alexandre de Moraes\",\"ditadura\",\"fake news\",\"Lei Magnitsky\",\"liberdade de express\u00e3o\",\"STF\"],\"articleSection\":[\"Geral\"],\"inLanguage\":\"pt-BR\",\"potentialAction\":[{\"@type\":\"CommentAction\",\"name\":\"Comment\",\"target\":[\"https:\/\/jornalfatosenoticias.com.br\/index.php\/2025\/08\/18\/em-entrevista-ao-washington-post-moraes-desafia-sancoes-e-afirma-que-nao-vai-recuar-um-milimetro\/#respond\"]}]},{\"@type\":\"WebPage\",\"@id\":\"https:\/\/jornalfatosenoticias.com.br\/index.php\/2025\/08\/18\/em-entrevista-ao-washington-post-moraes-desafia-sancoes-e-afirma-que-nao-vai-recuar-um-milimetro\/\",\"url\":\"https:\/\/jornalfatosenoticias.com.br\/index.php\/2025\/08\/18\/em-entrevista-ao-washington-post-moraes-desafia-sancoes-e-afirma-que-nao-vai-recuar-um-milimetro\/\",\"name\":\"Em entrevista ao Washington Post, Moraes desafia san\u00e7\u00f5es e afirma que n\u00e3o vai \u201crecuar um mil\u00edmetro\u201d - Jornal Fatos e Not\u00edcias\",\"isPartOf\":{\"@id\":\"https:\/\/jornalfatosenoticias.com.br\/#website\"},\"primaryImageOfPage\":{\"@id\":\"https:\/\/jornalfatosenoticias.com.br\/index.php\/2025\/08\/18\/em-entrevista-ao-washington-post-moraes-desafia-sancoes-e-afirma-que-nao-vai-recuar-um-milimetro\/#primaryimage\"},\"image\":{\"@id\":\"https:\/\/jornalfatosenoticias.com.br\/index.php\/2025\/08\/18\/em-entrevista-ao-washington-post-moraes-desafia-sancoes-e-afirma-que-nao-vai-recuar-um-milimetro\/#primaryimage\"},\"thumbnailUrl\":\"https:\/\/jornalfatosenoticias.com.br\/wp-content\/uploads\/2024\/08\/xandao.jpg\",\"datePublished\":\"2025-08-18T14:07:28+00:00\",\"dateModified\":\"2025-08-18T14:07:29+00:00\",\"breadcrumb\":{\"@id\":\"https:\/\/jornalfatosenoticias.com.br\/index.php\/2025\/08\/18\/em-entrevista-ao-washington-post-moraes-desafia-sancoes-e-afirma-que-nao-vai-recuar-um-milimetro\/#breadcrumb\"},\"inLanguage\":\"pt-BR\",\"potentialAction\":[{\"@type\":\"ReadAction\",\"target\":[\"https:\/\/jornalfatosenoticias.com.br\/index.php\/2025\/08\/18\/em-entrevista-ao-washington-post-moraes-desafia-sancoes-e-afirma-que-nao-vai-recuar-um-milimetro\/\"]}]},{\"@type\":\"ImageObject\",\"inLanguage\":\"pt-BR\",\"@id\":\"https:\/\/jornalfatosenoticias.com.br\/index.php\/2025\/08\/18\/em-entrevista-ao-washington-post-moraes-desafia-sancoes-e-afirma-que-nao-vai-recuar-um-milimetro\/#primaryimage\",\"url\":\"https:\/\/jornalfatosenoticias.com.br\/wp-content\/uploads\/2024\/08\/xandao.jpg\",\"contentUrl\":\"https:\/\/jornalfatosenoticias.com.br\/wp-content\/uploads\/2024\/08\/xandao.jpg\",\"width\":960,\"height\":540},{\"@type\":\"BreadcrumbList\",\"@id\":\"https:\/\/jornalfatosenoticias.com.br\/index.php\/2025\/08\/18\/em-entrevista-ao-washington-post-moraes-desafia-sancoes-e-afirma-que-nao-vai-recuar-um-milimetro\/#breadcrumb\",\"itemListElement\":[{\"@type\":\"ListItem\",\"position\":1,\"name\":\"In\u00edcio\",\"item\":\"https:\/\/jornalfatosenoticias.com.br\/\"},{\"@type\":\"ListItem\",\"position\":2,\"name\":\"Em entrevista ao Washington Post, Moraes desafia san\u00e7\u00f5es e afirma que n\u00e3o vai \u201crecuar um mil\u00edmetro\u201d\"}]},{\"@type\":\"WebSite\",\"@id\":\"https:\/\/jornalfatosenoticias.com.br\/#website\",\"url\":\"https:\/\/jornalfatosenoticias.com.br\/\",\"name\":\"Jornal Fatos e Not\u00edcias\",\"description\":\"Not\u00edcias em geral\",\"publisher\":{\"@id\":\"https:\/\/jornalfatosenoticias.com.br\/#organization\"},\"potentialAction\":[{\"@type\":\"SearchAction\",\"target\":{\"@type\":\"EntryPoint\",\"urlTemplate\":\"https:\/\/jornalfatosenoticias.com.br\/?s={search_term_string}\"},\"query-input\":{\"@type\":\"PropertyValueSpecification\",\"valueRequired\":true,\"valueName\":\"search_term_string\"}}],\"inLanguage\":\"pt-BR\"},{\"@type\":\"Organization\",\"@id\":\"https:\/\/jornalfatosenoticias.com.br\/#organization\",\"name\":\"Jornal Fatos e Not\u00edcias\",\"url\":\"https:\/\/jornalfatosenoticias.com.br\/\",\"logo\":{\"@type\":\"ImageObject\",\"inLanguage\":\"pt-BR\",\"@id\":\"https:\/\/jornalfatosenoticias.com.br\/#\/schema\/logo\/image\/\",\"url\":\"https:\/\/jornalfatosenoticias.com.br\/wp-content\/uploads\/2020\/02\/logo120.png\",\"contentUrl\":\"https:\/\/jornalfatosenoticias.com.br\/wp-content\/uploads\/2020\/02\/logo120.png\",\"width\":1227,\"height\":120,\"caption\":\"Jornal Fatos e Not\u00edcias\"},\"image\":{\"@id\":\"https:\/\/jornalfatosenoticias.com.br\/#\/schema\/logo\/image\/\"}},{\"@type\":\"Person\",\"@id\":\"https:\/\/jornalfatosenoticias.com.br\/#\/schema\/person\/d63837fa13ac8666eb9e74e0985d6f81\",\"name\":\"Luzimara Fernandes\",\"image\":{\"@type\":\"ImageObject\",\"inLanguage\":\"pt-BR\",\"@id\":\"https:\/\/jornalfatosenoticias.com.br\/#\/schema\/person\/image\/\",\"url\":\"https:\/\/jornalfatosenoticias.com.br\/wp-content\/uploads\/2025\/05\/EU_portal.jpg\",\"contentUrl\":\"https:\/\/jornalfatosenoticias.com.br\/wp-content\/uploads\/2025\/05\/EU_portal.jpg\",\"caption\":\"Luzimara Fernandes\"},\"description\":\"Jornalista MTB 2358-ES\",\"sameAs\":[\"https:\/\/jornalfatosenoticias.com.br\"],\"url\":\"https:\/\/jornalfatosenoticias.com.br\/index.php\/author\/luzimara\/\"}]}<\/script>\n<!-- \/ Yoast SEO plugin. -->","yoast_head_json":{"title":"Em entrevista ao Washington Post, Moraes desafia san\u00e7\u00f5es e afirma que n\u00e3o vai \u201crecuar um mil\u00edmetro\u201d - Jornal Fatos e Not\u00edcias","robots":{"index":"index","follow":"follow","max-snippet":"max-snippet:-1","max-image-preview":"max-image-preview:large","max-video-preview":"max-video-preview:-1"},"canonical":"https:\/\/jornalfatosenoticias.com.br\/index.php\/2025\/08\/18\/em-entrevista-ao-washington-post-moraes-desafia-sancoes-e-afirma-que-nao-vai-recuar-um-milimetro\/","og_locale":"pt_BR","og_type":"article","og_title":"Em entrevista ao Washington Post, Moraes desafia san\u00e7\u00f5es e afirma que n\u00e3o vai \u201crecuar um mil\u00edmetro\u201d - Jornal Fatos e Not\u00edcias","og_description":"Alexandre de Moraes concedeu entrevista ao jornal americano The Washington Post Por John Lucas O jornal americano The Washington Post publicou, nesta segunda-feira (18), uma entrevista com o ministro do Supremo Tribunal Federal (STF) Alexandre de Moraes. Alvo de san\u00e7\u00f5es do governo de Donald Trump, dos EUA, e de cr\u00edticas da oposi\u00e7\u00e3o no Brasil, o [&hellip;]","og_url":"https:\/\/jornalfatosenoticias.com.br\/index.php\/2025\/08\/18\/em-entrevista-ao-washington-post-moraes-desafia-sancoes-e-afirma-que-nao-vai-recuar-um-milimetro\/","og_site_name":"Jornal Fatos e Not\u00edcias","article_published_time":"2025-08-18T14:07:28+00:00","article_modified_time":"2025-08-18T14:07:29+00:00","og_image":[{"width":960,"height":540,"url":"https:\/\/jornalfatosenoticias.com.br\/wp-content\/uploads\/2024\/08\/xandao.jpg","type":"image\/jpeg"}],"author":"Luzimara Fernandes","twitter_card":"summary_large_image","twitter_misc":{"Escrito por":"Luzimara Fernandes","Est. tempo de leitura":"6 minutos"},"schema":{"@context":"https:\/\/schema.org","@graph":[{"@type":"Article","@id":"https:\/\/jornalfatosenoticias.com.br\/index.php\/2025\/08\/18\/em-entrevista-ao-washington-post-moraes-desafia-sancoes-e-afirma-que-nao-vai-recuar-um-milimetro\/#article","isPartOf":{"@id":"https:\/\/jornalfatosenoticias.com.br\/index.php\/2025\/08\/18\/em-entrevista-ao-washington-post-moraes-desafia-sancoes-e-afirma-que-nao-vai-recuar-um-milimetro\/"},"author":{"name":"Luzimara Fernandes","@id":"https:\/\/jornalfatosenoticias.com.br\/#\/schema\/person\/d63837fa13ac8666eb9e74e0985d6f81"},"headline":"Em entrevista ao Washington Post, Moraes desafia san\u00e7\u00f5es e afirma que n\u00e3o vai \u201crecuar um mil\u00edmetro\u201d","datePublished":"2025-08-18T14:07:28+00:00","dateModified":"2025-08-18T14:07:29+00:00","mainEntityOfPage":{"@id":"https:\/\/jornalfatosenoticias.com.br\/index.php\/2025\/08\/18\/em-entrevista-ao-washington-post-moraes-desafia-sancoes-e-afirma-que-nao-vai-recuar-um-milimetro\/"},"wordCount":1152,"commentCount":0,"publisher":{"@id":"https:\/\/jornalfatosenoticias.com.br\/#organization"},"image":{"@id":"https:\/\/jornalfatosenoticias.com.br\/index.php\/2025\/08\/18\/em-entrevista-ao-washington-post-moraes-desafia-sancoes-e-afirma-que-nao-vai-recuar-um-milimetro\/#primaryimage"},"thumbnailUrl":"https:\/\/jornalfatosenoticias.com.br\/wp-content\/uploads\/2024\/08\/xandao.jpg","keywords":["Alexandre de Moraes","ditadura","fake news","Lei Magnitsky","liberdade de express\u00e3o","STF"],"articleSection":["Geral"],"inLanguage":"pt-BR","potentialAction":[{"@type":"CommentAction","name":"Comment","target":["https:\/\/jornalfatosenoticias.com.br\/index.php\/2025\/08\/18\/em-entrevista-ao-washington-post-moraes-desafia-sancoes-e-afirma-que-nao-vai-recuar-um-milimetro\/#respond"]}]},{"@type":"WebPage","@id":"https:\/\/jornalfatosenoticias.com.br\/index.php\/2025\/08\/18\/em-entrevista-ao-washington-post-moraes-desafia-sancoes-e-afirma-que-nao-vai-recuar-um-milimetro\/","url":"https:\/\/jornalfatosenoticias.com.br\/index.php\/2025\/08\/18\/em-entrevista-ao-washington-post-moraes-desafia-sancoes-e-afirma-que-nao-vai-recuar-um-milimetro\/","name":"Em entrevista ao Washington Post, Moraes desafia san\u00e7\u00f5es e afirma que n\u00e3o vai \u201crecuar um mil\u00edmetro\u201d - Jornal Fatos e Not\u00edcias","isPartOf":{"@id":"https:\/\/jornalfatosenoticias.com.br\/#website"},"primaryImageOfPage":{"@id":"https:\/\/jornalfatosenoticias.com.br\/index.php\/2025\/08\/18\/em-entrevista-ao-washington-post-moraes-desafia-sancoes-e-afirma-que-nao-vai-recuar-um-milimetro\/#primaryimage"},"image":{"@id":"https:\/\/jornalfatosenoticias.com.br\/index.php\/2025\/08\/18\/em-entrevista-ao-washington-post-moraes-desafia-sancoes-e-afirma-que-nao-vai-recuar-um-milimetro\/#primaryimage"},"thumbnailUrl":"https:\/\/jornalfatosenoticias.com.br\/wp-content\/uploads\/2024\/08\/xandao.jpg","datePublished":"2025-08-18T14:07:28+00:00","dateModified":"2025-08-18T14:07:29+00:00","breadcrumb":{"@id":"https:\/\/jornalfatosenoticias.com.br\/index.php\/2025\/08\/18\/em-entrevista-ao-washington-post-moraes-desafia-sancoes-e-afirma-que-nao-vai-recuar-um-milimetro\/#breadcrumb"},"inLanguage":"pt-BR","potentialAction":[{"@type":"ReadAction","target":["https:\/\/jornalfatosenoticias.com.br\/index.php\/2025\/08\/18\/em-entrevista-ao-washington-post-moraes-desafia-sancoes-e-afirma-que-nao-vai-recuar-um-milimetro\/"]}]},{"@type":"ImageObject","inLanguage":"pt-BR","@id":"https:\/\/jornalfatosenoticias.com.br\/index.php\/2025\/08\/18\/em-entrevista-ao-washington-post-moraes-desafia-sancoes-e-afirma-que-nao-vai-recuar-um-milimetro\/#primaryimage","url":"https:\/\/jornalfatosenoticias.com.br\/wp-content\/uploads\/2024\/08\/xandao.jpg","contentUrl":"https:\/\/jornalfatosenoticias.com.br\/wp-content\/uploads\/2024\/08\/xandao.jpg","width":960,"height":540},{"@type":"BreadcrumbList","@id":"https:\/\/jornalfatosenoticias.com.br\/index.php\/2025\/08\/18\/em-entrevista-ao-washington-post-moraes-desafia-sancoes-e-afirma-que-nao-vai-recuar-um-milimetro\/#breadcrumb","itemListElement":[{"@type":"ListItem","position":1,"name":"In\u00edcio","item":"https:\/\/jornalfatosenoticias.com.br\/"},{"@type":"ListItem","position":2,"name":"Em entrevista ao Washington Post, Moraes desafia san\u00e7\u00f5es e afirma que n\u00e3o vai \u201crecuar um mil\u00edmetro\u201d"}]},{"@type":"WebSite","@id":"https:\/\/jornalfatosenoticias.com.br\/#website","url":"https:\/\/jornalfatosenoticias.com.br\/","name":"Jornal Fatos e Not\u00edcias","description":"Not\u00edcias em geral","publisher":{"@id":"https:\/\/jornalfatosenoticias.com.br\/#organization"},"potentialAction":[{"@type":"SearchAction","target":{"@type":"EntryPoint","urlTemplate":"https:\/\/jornalfatosenoticias.com.br\/?s={search_term_string}"},"query-input":{"@type":"PropertyValueSpecification","valueRequired":true,"valueName":"search_term_string"}}],"inLanguage":"pt-BR"},{"@type":"Organization","@id":"https:\/\/jornalfatosenoticias.com.br\/#organization","name":"Jornal Fatos e Not\u00edcias","url":"https:\/\/jornalfatosenoticias.com.br\/","logo":{"@type":"ImageObject","inLanguage":"pt-BR","@id":"https:\/\/jornalfatosenoticias.com.br\/#\/schema\/logo\/image\/","url":"https:\/\/jornalfatosenoticias.com.br\/wp-content\/uploads\/2020\/02\/logo120.png","contentUrl":"https:\/\/jornalfatosenoticias.com.br\/wp-content\/uploads\/2020\/02\/logo120.png","width":1227,"height":120,"caption":"Jornal Fatos e Not\u00edcias"},"image":{"@id":"https:\/\/jornalfatosenoticias.com.br\/#\/schema\/logo\/image\/"}},{"@type":"Person","@id":"https:\/\/jornalfatosenoticias.com.br\/#\/schema\/person\/d63837fa13ac8666eb9e74e0985d6f81","name":"Luzimara Fernandes","image":{"@type":"ImageObject","inLanguage":"pt-BR","@id":"https:\/\/jornalfatosenoticias.com.br\/#\/schema\/person\/image\/","url":"https:\/\/jornalfatosenoticias.com.br\/wp-content\/uploads\/2025\/05\/EU_portal.jpg","contentUrl":"https:\/\/jornalfatosenoticias.com.br\/wp-content\/uploads\/2025\/05\/EU_portal.jpg","caption":"Luzimara Fernandes"},"description":"Jornalista MTB 2358-ES","sameAs":["https:\/\/jornalfatosenoticias.com.br"],"url":"https:\/\/jornalfatosenoticias.com.br\/index.php\/author\/luzimara\/"}]}},"cc_featured_image_caption":{"caption_text":"(Foto: Getty Images)  ","source_text":"","source_url":""},"jetpack_featured_media_url":"https:\/\/jornalfatosenoticias.com.br\/wp-content\/uploads\/2024\/08\/xandao.jpg","_links":{"self":[{"href":"https:\/\/jornalfatosenoticias.com.br\/index.php\/wp-json\/wp\/v2\/posts\/61310","targetHints":{"allow":["GET"]}}],"collection":[{"href":"https:\/\/jornalfatosenoticias.com.br\/index.php\/wp-json\/wp\/v2\/posts"}],"about":[{"href":"https:\/\/jornalfatosenoticias.com.br\/index.php\/wp-json\/wp\/v2\/types\/post"}],"author":[{"embeddable":true,"href":"https:\/\/jornalfatosenoticias.com.br\/index.php\/wp-json\/wp\/v2\/users\/2"}],"replies":[{"embeddable":true,"href":"https:\/\/jornalfatosenoticias.com.br\/index.php\/wp-json\/wp\/v2\/comments?post=61310"}],"version-history":[{"count":0,"href":"https:\/\/jornalfatosenoticias.com.br\/index.php\/wp-json\/wp\/v2\/posts\/61310\/revisions"}],"wp:featuredmedia":[{"embeddable":true,"href":"https:\/\/jornalfatosenoticias.com.br\/index.php\/wp-json\/wp\/v2\/media\/53489"}],"wp:attachment":[{"href":"https:\/\/jornalfatosenoticias.com.br\/index.php\/wp-json\/wp\/v2\/media?parent=61310"}],"wp:term":[{"taxonomy":"category","embeddable":true,"href":"https:\/\/jornalfatosenoticias.com.br\/index.php\/wp-json\/wp\/v2\/categories?post=61310"},{"taxonomy":"post_tag","embeddable":true,"href":"https:\/\/jornalfatosenoticias.com.br\/index.php\/wp-json\/wp\/v2\/tags?post=61310"}],"curies":[{"name":"wp","href":"https:\/\/api.w.org\/{rel}","templated":true}]}}