{"id":61312,"date":"2025-08-18T12:42:19","date_gmt":"2025-08-18T15:42:19","guid":{"rendered":"https:\/\/jornalfatosenoticias.com.br\/?p=61312"},"modified":"2025-08-18T12:42:22","modified_gmt":"2025-08-18T15:42:22","slug":"mais-uma-promessa-eleitoral-de-lula-falha-e-feminicidio-e-violencia-sexual-batem-recorde","status":"publish","type":"post","link":"https:\/\/jornalfatosenoticias.com.br\/index.php\/2025\/08\/18\/mais-uma-promessa-eleitoral-de-lula-falha-e-feminicidio-e-violencia-sexual-batem-recorde\/","title":{"rendered":"Mais uma promessa eleitoral de Lula falha e feminic\u00eddio e viol\u00eancia sexual batem recorde"},"content":{"rendered":"\n<p><em><span class=\"has-inline-color has-black-color\">Promessa eleitoral de Lula falha, e feminic\u00eddio e viol\u00eancia sexual contra mulheres batem recorde no Brasil<\/span><\/em><\/p>\n\n\n\n<p><span class=\"has-inline-color has-black-color\">Por <strong><a href=\"https:\/\/www.gazetadopovo.com.br\/autor\/bruno-sznajderman\/\">Bruno Sznajderman<\/a><\/strong><\/span><\/p>\n\n\n\n<div class=\"wp-block-image\"><figure class=\"aligncenter size-large\"><a href=\"https:\/\/mizu.com.br\/\"><img loading=\"lazy\" decoding=\"async\" width=\"729\" height=\"90\" src=\"https:\/\/jornalfatosenoticias.com.br\/wp-content\/uploads\/2020\/02\/Logo_Mizu.png\" alt=\"\" class=\"wp-image-1441\" srcset=\"https:\/\/jornalfatosenoticias.com.br\/wp-content\/uploads\/2020\/02\/Logo_Mizu.png 729w, https:\/\/jornalfatosenoticias.com.br\/wp-content\/uploads\/2020\/02\/Logo_Mizu-300x37.png 300w\" sizes=\"auto, (max-width: 729px) 100vw, 729px\" \/><\/a><\/figure><\/div>\n\n\n\n<p>Sob a gest\u00e3o Lula (PT), o Brasil registrou, em 2024, aumento recorde nos casos de feminic\u00eddio, al\u00e9m de crescimento em outros crimes contra mulheres, como stalking (+18,2%), viol\u00eancia psicol\u00f3gica (+6,3%) e tentativa de feminic\u00eddio (+19%). Os dados constam da 19.\u00aa Edi\u00e7\u00e3o do Anu\u00e1rio Brasileiro de Seguran\u00e7a P\u00fablica, divulgada no fim de julho.<br>O total de 1.492 mulheres assassinadas no ano passado (0,7% a mais do que 2023) n\u00e3o s\u00f3 constitui um novo recorde como acentua a dificuldade da gest\u00e3o petista em frear os \u00edndices de viol\u00eancia contra a mulher. A bandeira da seguran\u00e7a das mulheres foi uma das prioridades da campanha de Lula no per\u00edodo eleitoral de 2022 \u2014 assim como outras promessas direcionadas ao p\u00fablico feminino, como equidade salarial e maior presen\u00e7a do g\u00eanero em cargos de alto escal\u00e3o.<\/p>\n\n\n\n<div class=\"wp-block-image\"><figure class=\"aligncenter size-large\"><a href=\"https:\/\/www.cesconetto.com.br\/\"><img loading=\"lazy\" decoding=\"async\" width=\"300\" height=\"250\" src=\"https:\/\/jornalfatosenoticias.com.br\/wp-content\/uploads\/2022\/02\/Banner-2.png\" alt=\"\" class=\"wp-image-27877\"\/><\/a><\/figure><\/div>\n\n\n\n<p>Crimes de viol\u00eancia sexual, como estupro, estupro de vulner\u00e1vel, ass\u00e9dio sexual, importuna\u00e7\u00e3o sexual e pornografia tamb\u00e9m registraram aumento. As pr\u00e1ticas j\u00e1 haviam crescido em 2023, primeiro ano da volta de Lula \u00e0 presid\u00eancia. Na ocasi\u00e3o, foram contabilizados 1.463 feminic\u00eddios (mais de 1% a mais em compara\u00e7\u00e3o ao ano anterior), representando, \u00e0 \u00e9poca, o maior n\u00famero desde que a lei contra o feminic\u00eddio foi criada, em 2015. Para Luiz Fernando Ramos Aguiar, especialista em seguran\u00e7a p\u00fablica e tenente-coronel da Pol\u00edcia Militar do Distrito Federal (PMDF), a falta de a\u00e7\u00f5es do governo no combate \u00e0 criminalidade ultrapassa a quest\u00e3o de g\u00eanero.<\/p>\n\n\n\n<div class=\"wp-block-image\"><figure class=\"aligncenter size-large is-resized\"><a href=\"https:\/\/www.controlsystems.com.br\/\"><img loading=\"lazy\" decoding=\"async\" src=\"https:\/\/jornalfatosenoticias.com.br\/wp-content\/uploads\/2020\/02\/CONTROL-CS.jpg\" alt=\"\" class=\"wp-image-44991\" width=\"275\" height=\"330\" srcset=\"https:\/\/jornalfatosenoticias.com.br\/wp-content\/uploads\/2020\/02\/CONTROL-CS.jpg 834w, https:\/\/jornalfatosenoticias.com.br\/wp-content\/uploads\/2020\/02\/CONTROL-CS-250x300.jpg 250w, https:\/\/jornalfatosenoticias.com.br\/wp-content\/uploads\/2020\/02\/CONTROL-CS-768x921.jpg 768w\" sizes=\"auto, (max-width: 275px) 100vw, 275px\" \/><\/a><\/figure><\/div>\n\n\n\n<blockquote class=\"wp-block-quote is-layout-flow wp-block-quote-is-layout-flow\"><p><span class=\"has-inline-color has-luminous-vivid-orange-color\">N\u00e3o existe, por parte do governo federal, nenhuma iniciativa significativa no combate \u00e0 criminalidade. E os casos de viol\u00eancia contra mulheres s\u00e3o apenas um reflexo disso. O foco do governo, no campo da seguran\u00e7a p\u00fablica, tem sido essencialmente pol\u00edtico, como, por exemplo, a insist\u00eancia na PEC da seguran\u00e7a p\u00fablica&#8221;.<\/span><\/p><\/blockquote>\n\n\n\n<div class=\"wp-block-image\"><figure class=\"aligncenter size-large is-resized\"><a href=\"https:\/\/www.instagram.com\/restaurantepegoretti\/\"><img loading=\"lazy\" decoding=\"async\" src=\"https:\/\/jornalfatosenoticias.com.br\/wp-content\/uploads\/2023\/12\/pegoretti-logo-pdf-1024x389.jpg\" alt=\"\" class=\"wp-image-47536\" width=\"530\" height=\"201\" srcset=\"https:\/\/jornalfatosenoticias.com.br\/wp-content\/uploads\/2023\/12\/pegoretti-logo-pdf-1024x389.jpg 1024w, https:\/\/jornalfatosenoticias.com.br\/wp-content\/uploads\/2023\/12\/pegoretti-logo-pdf-300x114.jpg 300w, https:\/\/jornalfatosenoticias.com.br\/wp-content\/uploads\/2023\/12\/pegoretti-logo-pdf-768x291.jpg 768w, https:\/\/jornalfatosenoticias.com.br\/wp-content\/uploads\/2023\/12\/pegoretti-logo-pdf.jpg 1120w\" sizes=\"auto, (max-width: 530px) 100vw, 530px\" \/><\/a><\/figure><\/div>\n\n\n\n<p>A PEC citada pelo tenente-coronel tem o objetivo de reestruturar o sistema de seguran\u00e7a p\u00fablica, mas enfrenta alta rejei\u00e7\u00e3o por ser considerada prejudicial \u00e0 autonomia dos estados e \u00e0 efici\u00eancia das for\u00e7as de seguran\u00e7a.<\/p>\n\n\n\n<h3 class=\"wp-block-heading\"><span class=\"has-inline-color has-black-color\">Do proselitismo de Lula \u00e0 vida real<\/span><\/h3>\n\n\n\n<div class=\"wp-block-image\"><figure class=\"aligncenter size-large is-resized\"><a href=\"https:\/\/www.facebook.com\/profile.php?id=100069289606145\"><img loading=\"lazy\" decoding=\"async\" src=\"https:\/\/jornalfatosenoticias.com.br\/wp-content\/uploads\/2024\/11\/Guaitolini-Contabilidade-1024x714.jpeg\" alt=\"\" class=\"wp-image-55808\" width=\"390\" height=\"272\" srcset=\"https:\/\/jornalfatosenoticias.com.br\/wp-content\/uploads\/2024\/11\/Guaitolini-Contabilidade-1024x714.jpeg 1024w, https:\/\/jornalfatosenoticias.com.br\/wp-content\/uploads\/2024\/11\/Guaitolini-Contabilidade-300x209.jpeg 300w, https:\/\/jornalfatosenoticias.com.br\/wp-content\/uploads\/2024\/11\/Guaitolini-Contabilidade-768x535.jpeg 768w, https:\/\/jornalfatosenoticias.com.br\/wp-content\/uploads\/2024\/11\/Guaitolini-Contabilidade.jpeg 1280w\" sizes=\"auto, (max-width: 390px) 100vw, 390px\" \/><\/a><\/figure><\/div>\n\n\n\n<blockquote class=\"wp-block-quote is-layout-flow wp-block-quote-is-layout-flow\"><p><span class=\"has-inline-color has-luminous-vivid-orange-color\">Duas semanas antes do segundo turno eleitoral, Lula prometeu: &#8220;n\u00f3s vamos ser muito duros no combate \u00e0 viol\u00eancia contra a mulher&#8221;. A ret\u00f3rica adotada pelo petista continuou ao longo do mandato, entre declara\u00e7\u00f5es de guerra contra a viol\u00eancia de g\u00eanero e gafes, como quando o petista, ao comentar uma pesquisa que apontava aumento da viol\u00eancia contra a mulher ap\u00f3s jogos de futebol, afirmou: &#8220;se o cara \u00e9 corinthiano, tudo bem&#8221;.<\/span><\/p><\/blockquote>\n\n\n\n<div class=\"wp-block-image\"><figure class=\"aligncenter size-large is-resized\"><a href=\"https:\/\/legisjuris.com.br\/\"><img loading=\"lazy\" decoding=\"async\" src=\"https:\/\/jornalfatosenoticias.com.br\/wp-content\/uploads\/2024\/09\/Legis-Juris-Consultoria_logo.jpg\" alt=\"\" class=\"wp-image-53915\" width=\"511\" height=\"214\" srcset=\"https:\/\/jornalfatosenoticias.com.br\/wp-content\/uploads\/2024\/09\/Legis-Juris-Consultoria_logo.jpg 969w, https:\/\/jornalfatosenoticias.com.br\/wp-content\/uploads\/2024\/09\/Legis-Juris-Consultoria_logo-300x126.jpg 300w, https:\/\/jornalfatosenoticias.com.br\/wp-content\/uploads\/2024\/09\/Legis-Juris-Consultoria_logo-768x322.jpg 768w\" sizes=\"auto, (max-width: 511px) 100vw, 511px\" \/><\/a><\/figure><\/div>\n\n\n\n<p>No entanto, o enfrentamento \u00e0 criminalidade acabou ficando mais no discurso e em acenos para a ala identit\u00e1ria, e as a\u00e7\u00f5es federais parecem n\u00e3o ter surtido o efeito desejado. Promessa de campanha, no segundo dia de governo Lula instituiu o Minist\u00e9rio das Mulheres. A pasta, entretanto, parece ter gerado mais dor de cabe\u00e7a ao petista do que resultados efetivos, principalmente ap\u00f3s den\u00fancias feitas pela Controladoria-Geral da Uni\u00e3o (CGU), envolvendo casos de ass\u00e9dio moral atribu\u00eddos \u00e0 ministra das Mulheres, Cida Gon\u00e7alves. Ela acabou sendo exonerada em maio deste ano, e M\u00e1rcia Lopes, assistente social e professora, assumiu a pasta.<\/p>\n\n\n\n<div class=\"wp-block-image\"><figure class=\"aligncenter size-large is-resized\"><a href=\"https:\/\/www.instagram.com\/serra4x4cambioautomatico\/\"><img loading=\"lazy\" decoding=\"async\" src=\"https:\/\/jornalfatosenoticias.com.br\/wp-content\/uploads\/2024\/08\/Serra-4x4-1-886x1024.jpg\" alt=\"\" class=\"wp-image-53632\" width=\"282\" height=\"326\" srcset=\"https:\/\/jornalfatosenoticias.com.br\/wp-content\/uploads\/2024\/08\/Serra-4x4-1-886x1024.jpg 886w, https:\/\/jornalfatosenoticias.com.br\/wp-content\/uploads\/2024\/08\/Serra-4x4-1-260x300.jpg 260w, https:\/\/jornalfatosenoticias.com.br\/wp-content\/uploads\/2024\/08\/Serra-4x4-1-768x888.jpg 768w, https:\/\/jornalfatosenoticias.com.br\/wp-content\/uploads\/2024\/08\/Serra-4x4-1.jpg 1181w\" sizes=\"auto, (max-width: 282px) 100vw, 282px\" \/><\/a><\/figure><\/div>\n\n\n\n<p>O programa Mulher Viver sem Viol\u00eancia, lan\u00e7ado em mar\u00e7o de 2023 pelo Minist\u00e9rio das Mulheres, foi outra aposta do governo para a \u00e1rea. O programa em quest\u00e3o visou o aprimoramento da Central de Atendimento \u00e0 Mulher (Ligue 180), com a cria\u00e7\u00e3o de unidades m\u00f3veis para atendimento em locais sem oferta de servi\u00e7os especializados e a promo\u00e7\u00e3o de campanhas de conscientiza\u00e7\u00e3o.<\/p>\n\n\n\n<div class=\"wp-block-image\"><figure class=\"aligncenter size-large is-resized\"><a href=\"https:\/\/panper.com.br\/\"><img loading=\"lazy\" decoding=\"async\" src=\"https:\/\/jornalfatosenoticias.com.br\/wp-content\/uploads\/2023\/03\/logo-Panper_portal.jpg\" alt=\"\" class=\"wp-image-40208\" width=\"332\" height=\"230\" srcset=\"https:\/\/jornalfatosenoticias.com.br\/wp-content\/uploads\/2023\/03\/logo-Panper_portal.jpg 400w, https:\/\/jornalfatosenoticias.com.br\/wp-content\/uploads\/2023\/03\/logo-Panper_portal-300x208.jpg 300w\" sizes=\"auto, (max-width: 332px) 100vw, 332px\" \/><\/a><\/figure><\/div>\n\n\n\n<p>Em outra via, o governo instituiu o Pacto Nacional de Preven\u00e7\u00e3o aos Feminic\u00eddios, medida que tinha como objetivo &#8220;prevenir todas as formas de discrimina\u00e7\u00e3o, misoginia e viol\u00eancia de g\u00eanero contra mulheres e meninas. No entanto, as medidas para combater o feminic\u00eddio n\u00e3o surtiram o efeito esperado, e a criminalidade contra as mulheres aumentou.<\/p>\n\n\n\n<div class=\"wp-block-image\"><figure class=\"aligncenter size-large is-resized\"><a href=\"https:\/\/www.instagram.com\/gruposei\/\"><img loading=\"lazy\" decoding=\"async\" src=\"https:\/\/jornalfatosenoticias.com.br\/wp-content\/uploads\/2022\/07\/Logo-Grupo-SEI.jpg\" alt=\"\" class=\"wp-image-31973\" width=\"366\" height=\"192\" srcset=\"https:\/\/jornalfatosenoticias.com.br\/wp-content\/uploads\/2022\/07\/Logo-Grupo-SEI.jpg 713w, https:\/\/jornalfatosenoticias.com.br\/wp-content\/uploads\/2022\/07\/Logo-Grupo-SEI-300x158.jpg 300w\" sizes=\"auto, (max-width: 366px) 100vw, 366px\" \/><\/a><\/figure><\/div>\n\n\n\n<p><strong><span class=\"has-inline-color has-black-color\">Medidas contra feminic\u00eddio s\u00e3o p\u00f3s-agress\u00e3o e n\u00e3o surtiram efeito<br><\/span><\/strong>Para especialistas, as a\u00e7\u00f5es federais implementadas s\u00e3o de car\u00e1ter assistencialista e voltadas apenas para o momento ap\u00f3s a agress\u00e3o. \u00c0 Gazeta do Povo, Fabricio Rebelo, jurista e coordenador do Centro de Pesquisa em Direito e Seguran\u00e7a (Cepedes), afirmou que as medidas implementadas para combate \u00e0 viol\u00eancia contra mulheres s\u00e3o apenas assistenciais e quase sempre vinculadas ao momento posterior \u00e0 agress\u00e3o.<\/p>\n\n\n\n<div class=\"wp-block-image\"><figure class=\"aligncenter size-large is-resized\"><a href=\"https:\/\/www.instagram.com\/esteio.churrascaria\/\"><img loading=\"lazy\" decoding=\"async\" src=\"https:\/\/jornalfatosenoticias.com.br\/wp-content\/uploads\/2022\/02\/LOGO-ESTEIO-1024x730.png\" alt=\"\" class=\"wp-image-27942\" width=\"306\" height=\"218\" srcset=\"https:\/\/jornalfatosenoticias.com.br\/wp-content\/uploads\/2022\/02\/LOGO-ESTEIO-1024x730.png 1024w, https:\/\/jornalfatosenoticias.com.br\/wp-content\/uploads\/2022\/02\/LOGO-ESTEIO-300x214.png 300w, https:\/\/jornalfatosenoticias.com.br\/wp-content\/uploads\/2022\/02\/LOGO-ESTEIO-768x548.png 768w, https:\/\/jornalfatosenoticias.com.br\/wp-content\/uploads\/2022\/02\/LOGO-ESTEIO.png 1123w\" sizes=\"auto, (max-width: 306px) 100vw, 306px\" \/><\/a><\/figure><\/div>\n\n\n\n<blockquote class=\"wp-block-quote is-layout-flow wp-block-quote-is-layout-flow\"><p><span class=\"has-inline-color has-luminous-vivid-orange-color\">Faltam, por exemplo, a\u00e7\u00f5es ligadas \u00e0 autoprote\u00e7\u00e3o da mulher, como a possibilidade de acesso a meios eficazes para que se defendam de agress\u00f5es, especialmente as de natureza criminal comum\u201d, declarou.<\/span><\/p><\/blockquote>\n\n\n\n<div class=\"wp-block-image\"><figure class=\"aligncenter size-large is-resized\"><a href=\"https:\/\/www.instagram.com\/rcradiadores\/\"><img loading=\"lazy\" decoding=\"async\" src=\"https:\/\/jornalfatosenoticias.com.br\/wp-content\/uploads\/2022\/10\/RC_800x750_page-0001.jpg\" alt=\"\" class=\"wp-image-35338\" width=\"305\" height=\"286\" srcset=\"https:\/\/jornalfatosenoticias.com.br\/wp-content\/uploads\/2022\/10\/RC_800x750_page-0001.jpg 400w, https:\/\/jornalfatosenoticias.com.br\/wp-content\/uploads\/2022\/10\/RC_800x750_page-0001-300x281.jpg 300w\" sizes=\"auto, (max-width: 305px) 100vw, 305px\" \/><\/a><\/figure><\/div>\n\n\n\n<p>O tenente-coronel Luiz Fernando Aguiar argumenta que as medidas adotadas s\u00e3o &#8220;programas com nomes bonitos&#8221; e &#8220;efetividade duvidosa&#8221;, e os discursos s\u00e3o voltados \u00e0 ala ideol\u00f3gica. <em>&#8220;Tanto no que se refere \u00e0 criminalidade geral quanto \u00e0 viol\u00eancia contra a mulher, as a\u00e7\u00f5es est\u00e3o muito mais alinhadas a pol\u00edticas lenientes ou no m\u00e1ximo paliativas&#8221;.<\/em><\/p>\n\n\n\n<div class=\"wp-block-image\"><figure class=\"aligncenter size-large\"><a href=\"http:\/\/www.ferrarimaquinas.com.br\/\"><img loading=\"lazy\" decoding=\"async\" width=\"300\" height=\"250\" src=\"https:\/\/jornalfatosenoticias.com.br\/wp-content\/uploads\/2022\/02\/FERRARI_MAQUINAS-E-FERRAMENTAS2.jpg\" alt=\"\" class=\"wp-image-27860\"\/><\/a><\/figure><\/div>\n\n\n\n<p><strong><span class=\"has-inline-color has-black-color\">Sem admitir erros, culpa ficou para o Bolsonaro<br><\/span><\/strong>Embora o governo venha evitando comentar publicamente os \u00edndices de viol\u00eancia dom\u00e9stica e feminic\u00eddio, h\u00e1 meses integrantes da gest\u00e3o v\u00eam atribuindo as estat\u00edsticas \u00e0s pol\u00edticas armamentistas adotadas pelo governo Bolsonaro. Ainda no primeiro ano de governo, em confer\u00eancia sobre o enfrentamento \u00e0 viol\u00eancia contra a mulher, Janja da Silva, e a ministra da Mulher \u00e0 \u00e9poca, Cida Gon\u00e7alves, relacionaram os \u00edndices de feminic\u00eddio \u00e0 pol\u00edtica armamentista da gest\u00e3o anterior.<\/p>\n\n\n\n<div class=\"wp-block-image\"><figure class=\"aligncenter size-large is-resized\"><a href=\"https:\/\/hotelmarquetti.com.br\/\"><img loading=\"lazy\" decoding=\"async\" src=\"https:\/\/jornalfatosenoticias.com.br\/wp-content\/uploads\/2020\/02\/LOGO-MQ-1024x680.jpg\" alt=\"\" class=\"wp-image-58299\" width=\"327\" height=\"217\" srcset=\"https:\/\/jornalfatosenoticias.com.br\/wp-content\/uploads\/2020\/02\/LOGO-MQ-1024x680.jpg 1024w, https:\/\/jornalfatosenoticias.com.br\/wp-content\/uploads\/2020\/02\/LOGO-MQ-300x199.jpg 300w, https:\/\/jornalfatosenoticias.com.br\/wp-content\/uploads\/2020\/02\/LOGO-MQ-768x510.jpg 768w, https:\/\/jornalfatosenoticias.com.br\/wp-content\/uploads\/2020\/02\/LOGO-MQ-1536x1020.jpg 1536w, https:\/\/jornalfatosenoticias.com.br\/wp-content\/uploads\/2020\/02\/LOGO-MQ-2048x1360.jpg 2048w\" sizes=\"auto, (max-width: 327px) 100vw, 327px\" \/><\/a><\/figure><\/div>\n\n\n\n<p>A mulher de lula afirmou, sem apresentar embasamento, que existe uma &#8220;rela\u00e7\u00e3o direta no n\u00famero de feminic\u00eddios com o aumento do porte de armas banalizado no Brasil&#8221;. &#8220;As armas est\u00e3o dentro das casas das mulheres&#8221;, afirmou. A ex-ministra concordou com Janja e, tamb\u00e9m sem citar fontes, disse que &#8220;seis anos atr\u00e1s, o \u00edndice de mortes das mulheres era por arma branca, isto \u00e9, faca, machado&#8221;. Para ela, a &#8220;banaliza\u00e7\u00e3o da quest\u00e3o das armas&#8221; somado a &#8220;intoler\u00e2ncia, aumento do \u00f3dio, desrespeito que n\u00f3s estamos vivendo nesses \u00faltimos seis anos [\u00e9poca do ex-presidente Michel Temer e Jair Bolsonaro] tem-se o aumento do feminic\u00eddio&#8221;.<\/p>\n\n\n\n<div class=\"wp-block-image\"><figure class=\"aligncenter size-large is-resized\"><a href=\"https:\/\/www.facebook.com\/vetor.vix\/\"><img loading=\"lazy\" decoding=\"async\" src=\"https:\/\/jornalfatosenoticias.com.br\/wp-content\/uploads\/2023\/09\/vetorvix1024_1.jpg\" alt=\"\" class=\"wp-image-44868\" width=\"561\" height=\"149\" srcset=\"https:\/\/jornalfatosenoticias.com.br\/wp-content\/uploads\/2023\/09\/vetorvix1024_1.jpg 1024w, https:\/\/jornalfatosenoticias.com.br\/wp-content\/uploads\/2023\/09\/vetorvix1024_1-300x80.jpg 300w, https:\/\/jornalfatosenoticias.com.br\/wp-content\/uploads\/2023\/09\/vetorvix1024_1-768x205.jpg 768w\" sizes=\"auto, (max-width: 561px) 100vw, 561px\" \/><\/a><\/figure><\/div>\n\n\n\n<p>Entretanto, mesmo ap\u00f3s o decreto federal assinado por Lula em agosto de 2023, que restringiu a compra de armas, a viol\u00eancia contra a mulher continuou a subir no pa\u00eds. Foram 82% a menos de novos registros de armas comparado ao ano anterior, chegando ao menor patamar desde 2004. Mesmo assim, Janja manteve a argumenta\u00e7\u00e3o em novas manifesta\u00e7\u00f5es p\u00fablicas.<\/p>\n\n\n\n<div class=\"wp-block-image\"><figure class=\"aligncenter size-large is-resized\"><a href=\"https:\/\/www.facebook.com\/postobkr\/?locale=pt_BR\"><img loading=\"lazy\" decoding=\"async\" src=\"https:\/\/jornalfatosenoticias.com.br\/wp-content\/uploads\/2023\/08\/BKR-1024x1021.jpg\" alt=\"\" class=\"wp-image-44494\" width=\"305\" height=\"304\" srcset=\"https:\/\/jornalfatosenoticias.com.br\/wp-content\/uploads\/2023\/08\/BKR-1024x1021.jpg 1024w, https:\/\/jornalfatosenoticias.com.br\/wp-content\/uploads\/2023\/08\/BKR-300x300.jpg 300w, https:\/\/jornalfatosenoticias.com.br\/wp-content\/uploads\/2023\/08\/BKR-150x150.jpg 150w, https:\/\/jornalfatosenoticias.com.br\/wp-content\/uploads\/2023\/08\/BKR-768x766.jpg 768w, https:\/\/jornalfatosenoticias.com.br\/wp-content\/uploads\/2023\/08\/BKR.jpg 1080w\" sizes=\"auto, (max-width: 305px) 100vw, 305px\" \/><\/a><\/figure><\/div>\n\n\n\n<blockquote class=\"wp-block-quote is-layout-flow wp-block-quote-is-layout-flow\"><p><span class=\"has-inline-color has-luminous-vivid-orange-color\">Para o tenente-coronel, n\u00e3o h\u00e1 qualquer evid\u00eancia dessa correla\u00e7\u00e3o, que \u00e9, segundo ele, &#8220;uma cortina de fuma\u00e7a para desviar o foco da atual gest\u00e3o&#8221;. &#8220;O atual governo j\u00e1 est\u00e1 em seu terceiro ano, tempo mais do que suficiente para ter revertido qualquer pol\u00edtica que julgasse falha. Ou o governo se omitiu nessa tarefa, permitindo que pol\u00edticas ineficientes se mantivessem, ou ent\u00e3o n\u00e3o conseguiu desenvolver e implementar pol\u00edticas e estrat\u00e9gias adequadas para o enfrentamento da viol\u00eancia contra mulher&#8221;.<\/span><\/p><\/blockquote>\n\n\n\n<div class=\"wp-block-image\"><figure class=\"aligncenter size-large\"><img loading=\"lazy\" decoding=\"async\" width=\"1000\" height=\"598\" src=\"https:\/\/jornalfatosenoticias.com.br\/wp-content\/uploads\/2025\/08\/violence-against-women_pexels.jpg\" alt=\"\" class=\"wp-image-61313\" srcset=\"https:\/\/jornalfatosenoticias.com.br\/wp-content\/uploads\/2025\/08\/violence-against-women_pexels.jpg 1000w, https:\/\/jornalfatosenoticias.com.br\/wp-content\/uploads\/2025\/08\/violence-against-women_pexels-300x179.jpg 300w, https:\/\/jornalfatosenoticias.com.br\/wp-content\/uploads\/2025\/08\/violence-against-women_pexels-768x459.jpg 768w\" sizes=\"auto, (max-width: 1000px) 100vw, 1000px\" \/><figcaption><em><span class=\"has-inline-color has-black-color\">Viol\u00eancia contra a mulher (Foto: Pexels)<\/span><\/em><\/figcaption><\/figure><\/div>\n\n\n\n<p><strong><span class=\"has-inline-color has-black-color\">PT \u00e9 contra endurecimento penal e outras medidas que poderiam reduzir feminic\u00eddio<br><\/span><\/strong>Se por um lado o governo busca desculpas e discursos para acenar ao eleitorado feminino, no Congresso Nacional a bancada governista tenta frear pol\u00edticas de endurecimento penal \u2014 o que poderia aumentar a responsabiliza\u00e7\u00e3o dos agressores e reduzir crimes contra mulheres. Esse \u00e9 o caso do Projeto de Lei 1.112\/2023, aprovado na C\u00e2mara em julho, que exige do condenado por crime hediondo \u2014 homic\u00eddio, estupro, latroc\u00ednio, entre outros \u2014 cumprimento de 80% da pena em regime fechado. O projeto recebeu o voto contr\u00e1rio da maioria dos deputados do Partido dos Trabalhadores.<\/p>\n\n\n\n<div class=\"wp-block-image\"><figure class=\"aligncenter size-large\"><a href=\"https:\/\/www.cesconetto.com.br\/\"><img loading=\"lazy\" decoding=\"async\" width=\"300\" height=\"250\" src=\"https:\/\/jornalfatosenoticias.com.br\/wp-content\/uploads\/2022\/02\/Banner-2.png\" alt=\"\" class=\"wp-image-27877\"\/><\/a><\/figure><\/div>\n\n\n\n<blockquote class=\"wp-block-quote is-layout-flow wp-block-quote-is-layout-flow\"><p><span class=\"has-inline-color has-luminous-vivid-orange-color\">Que guerra \u00e9 essa contra o feminic\u00eddio que n\u00e3o consegue mirar suas armas contra estupradores? Protegem o estuprador em nome da prote\u00e7\u00e3o das garantias fundamentais, mas ignoram as mulheres que tiveram suas vidas destru\u00eddas&#8221;, questiona Aguiar.<\/span><\/p><\/blockquote>\n\n\n\n<div class=\"wp-block-image\"><figure class=\"aligncenter size-large is-resized\"><a href=\"https:\/\/www.instagram.com\/restaurantepegoretti\/\"><img loading=\"lazy\" decoding=\"async\" src=\"https:\/\/jornalfatosenoticias.com.br\/wp-content\/uploads\/2023\/12\/pegoretti-logo-pdf-1024x389.jpg\" alt=\"\" class=\"wp-image-47536\" width=\"511\" height=\"194\" srcset=\"https:\/\/jornalfatosenoticias.com.br\/wp-content\/uploads\/2023\/12\/pegoretti-logo-pdf-1024x389.jpg 1024w, https:\/\/jornalfatosenoticias.com.br\/wp-content\/uploads\/2023\/12\/pegoretti-logo-pdf-300x114.jpg 300w, https:\/\/jornalfatosenoticias.com.br\/wp-content\/uploads\/2023\/12\/pegoretti-logo-pdf-768x291.jpg 768w, https:\/\/jornalfatosenoticias.com.br\/wp-content\/uploads\/2023\/12\/pegoretti-logo-pdf.jpg 1120w\" sizes=\"auto, (max-width: 511px) 100vw, 511px\" \/><\/a><\/figure><\/div>\n\n\n\n<p>Outro projeto tramitando no Legislativo que poderia reduzir a viol\u00eancia contra as mulheres, mas que igualmente enfrenta resist\u00eancia de parlamentares de esquerda \u00e9 a castra\u00e7\u00e3o qu\u00edmica volunt\u00e1ria como exig\u00eancia para a liberdade condicional de condenados pelo crime de estupro. Somado ao procedimento, o texto tamb\u00e9m prev\u00ea endurecimento de penas de crimes voltados \u00e0 viol\u00eancia sexual \u2014 tendo agravante para casos em que crian\u00e7as e adolescentes sejam v\u00edtimas. Aprovado na comiss\u00e3o de Constitui\u00e7\u00e3o e Justi\u00e7a (CCJ), a proposta recebeu a negativa de parlamentares do PT.<\/p>\n\n\n\n<div class=\"wp-block-image\"><figure class=\"aligncenter size-large is-resized\"><a href=\"https:\/\/www.controlsystems.com.br\/\"><img loading=\"lazy\" decoding=\"async\" src=\"https:\/\/jornalfatosenoticias.com.br\/wp-content\/uploads\/2020\/02\/CONTROL-CS.jpg\" alt=\"\" class=\"wp-image-44991\" width=\"274\" height=\"329\" srcset=\"https:\/\/jornalfatosenoticias.com.br\/wp-content\/uploads\/2020\/02\/CONTROL-CS.jpg 834w, https:\/\/jornalfatosenoticias.com.br\/wp-content\/uploads\/2020\/02\/CONTROL-CS-250x300.jpg 250w, https:\/\/jornalfatosenoticias.com.br\/wp-content\/uploads\/2020\/02\/CONTROL-CS-768x921.jpg 768w\" sizes=\"auto, (max-width: 274px) 100vw, 274px\" \/><\/a><\/figure><\/div>\n\n\n\n<blockquote class=\"wp-block-quote is-layout-flow wp-block-quote-is-layout-flow\"><p><span class=\"has-inline-color has-luminous-vivid-orange-color\">N\u00e3o tem uma a\u00e7\u00e3o relevante para reduzir crime nenhum&#8221;, aponta o soci\u00f3logo e escritor de seguran\u00e7a p\u00fablica, Eduardo Matos de Alencar. &#8220;Ao contr\u00e1rio, o recado p\u00fablico que o governo d\u00e1 \u00e9 muito favor\u00e1vel \u00e0 criminalidade, \u00e0 marginalidade. Ent\u00e3o n\u00e3o \u00e9 um governo que discute impunidade, investimento em pol\u00edcia ou redu\u00e7\u00e3o de homic\u00eddios&#8221;, critica.<\/span><\/p><\/blockquote>\n\n\n\n<div class=\"wp-block-image\"><figure class=\"aligncenter size-large is-resized\"><a href=\"https:\/\/www.instagram.com\/gruposei\/\"><img loading=\"lazy\" decoding=\"async\" src=\"https:\/\/jornalfatosenoticias.com.br\/wp-content\/uploads\/2022\/07\/Logo-Grupo-SEI.jpg\" alt=\"\" class=\"wp-image-31973\" width=\"349\" height=\"183\" srcset=\"https:\/\/jornalfatosenoticias.com.br\/wp-content\/uploads\/2022\/07\/Logo-Grupo-SEI.jpg 713w, https:\/\/jornalfatosenoticias.com.br\/wp-content\/uploads\/2022\/07\/Logo-Grupo-SEI-300x158.jpg 300w\" sizes=\"auto, (max-width: 349px) 100vw, 349px\" \/><\/a><\/figure><\/div>\n\n\n\n<p><strong>Fonte: <a href=\"https:\/\/www.gazetadopovo.com.br\/vida-e-cidadania\/bandeira-lula-mulheres-feminicidio-e-violencia-sexual-batem-recorde\/\">Gazeta do Povo<\/a><\/strong><\/p>\n","protected":false},"excerpt":{"rendered":"<p>Promessa eleitoral de Lula falha, e feminic\u00eddio e viol\u00eancia sexual contra mulheres batem recorde no Brasil Por Bruno Sznajderman Sob a gest\u00e3o Lula (PT), o Brasil registrou, em 2024, aumento recorde nos casos de feminic\u00eddio, al\u00e9m de crescimento em outros crimes contra mulheres, como stalking (+18,2%), viol\u00eancia psicol\u00f3gica (+6,3%) e tentativa de feminic\u00eddio (+19%). Os [&hellip;]<\/p>\n","protected":false},"author":2,"featured_media":61314,"comment_status":"open","ping_status":"open","sticky":false,"template":"","format":"standard","meta":{"footnotes":""},"categories":[10],"tags":[27934,4100,860,18997,7580,18998,17435,22873,4101,327,4808],"class_list":["post-61312","post","type-post","status-publish","format-standard","has-post-thumbnail","hentry","category-politica","tag-cida-goncalves","tag-criminalidade","tag-governo-federal","tag-janja","tag-lula","tag-partido-dos-trabalhadores-pt","tag-porte-de-armas","tag-psol","tag-seguranca-publica","tag-violencia-contra-a-mulher","tag-violencia-sexual"],"yoast_head":"<!-- This site is optimized with the Yoast SEO plugin v26.5 - https:\/\/yoast.com\/wordpress\/plugins\/seo\/ -->\n<title>Mais uma promessa eleitoral de Lula falha e feminic\u00eddio e viol\u00eancia sexual batem recorde - Jornal Fatos e Not\u00edcias<\/title>\n<meta name=\"robots\" content=\"index, follow, max-snippet:-1, max-image-preview:large, max-video-preview:-1\" \/>\n<link rel=\"canonical\" href=\"https:\/\/jornalfatosenoticias.com.br\/index.php\/2025\/08\/18\/mais-uma-promessa-eleitoral-de-lula-falha-e-feminicidio-e-violencia-sexual-batem-recorde\/\" \/>\n<meta property=\"og:locale\" content=\"pt_BR\" \/>\n<meta property=\"og:type\" content=\"article\" \/>\n<meta property=\"og:title\" content=\"Mais uma promessa eleitoral de Lula falha e feminic\u00eddio e viol\u00eancia sexual batem recorde - Jornal Fatos e Not\u00edcias\" \/>\n<meta property=\"og:description\" content=\"Promessa eleitoral de Lula falha, e feminic\u00eddio e viol\u00eancia sexual contra mulheres batem recorde no Brasil Por Bruno Sznajderman Sob a gest\u00e3o Lula (PT), o Brasil registrou, em 2024, aumento recorde nos casos de feminic\u00eddio, al\u00e9m de crescimento em outros crimes contra mulheres, como stalking (+18,2%), viol\u00eancia psicol\u00f3gica (+6,3%) e tentativa de feminic\u00eddio (+19%). Os [&hellip;]\" \/>\n<meta property=\"og:url\" content=\"https:\/\/jornalfatosenoticias.com.br\/index.php\/2025\/08\/18\/mais-uma-promessa-eleitoral-de-lula-falha-e-feminicidio-e-violencia-sexual-batem-recorde\/\" \/>\n<meta property=\"og:site_name\" content=\"Jornal Fatos e Not\u00edcias\" \/>\n<meta property=\"article:published_time\" content=\"2025-08-18T15:42:19+00:00\" \/>\n<meta property=\"article:modified_time\" content=\"2025-08-18T15:42:22+00:00\" \/>\n<meta property=\"og:image\" content=\"https:\/\/jornalfatosenoticias.com.br\/wp-content\/uploads\/2025\/08\/feminicidios-governo-lula_gettyimages.jpg\" \/>\n\t<meta property=\"og:image:width\" content=\"612\" \/>\n\t<meta property=\"og:image:height\" content=\"407\" \/>\n\t<meta property=\"og:image:type\" content=\"image\/jpeg\" \/>\n<meta name=\"author\" content=\"Luzimara Fernandes\" \/>\n<meta name=\"twitter:card\" content=\"summary_large_image\" \/>\n<meta name=\"twitter:label1\" content=\"Escrito por\" \/>\n\t<meta name=\"twitter:data1\" content=\"Luzimara Fernandes\" \/>\n\t<meta name=\"twitter:label2\" content=\"Est. tempo de leitura\" \/>\n\t<meta name=\"twitter:data2\" content=\"8 minutos\" \/>\n<script type=\"application\/ld+json\" class=\"yoast-schema-graph\">{\"@context\":\"https:\/\/schema.org\",\"@graph\":[{\"@type\":\"Article\",\"@id\":\"https:\/\/jornalfatosenoticias.com.br\/index.php\/2025\/08\/18\/mais-uma-promessa-eleitoral-de-lula-falha-e-feminicidio-e-violencia-sexual-batem-recorde\/#article\",\"isPartOf\":{\"@id\":\"https:\/\/jornalfatosenoticias.com.br\/index.php\/2025\/08\/18\/mais-uma-promessa-eleitoral-de-lula-falha-e-feminicidio-e-violencia-sexual-batem-recorde\/\"},\"author\":{\"name\":\"Luzimara Fernandes\",\"@id\":\"https:\/\/jornalfatosenoticias.com.br\/#\/schema\/person\/d63837fa13ac8666eb9e74e0985d6f81\"},\"headline\":\"Mais uma promessa eleitoral de Lula falha e feminic\u00eddio e viol\u00eancia sexual batem recorde\",\"datePublished\":\"2025-08-18T15:42:19+00:00\",\"dateModified\":\"2025-08-18T15:42:22+00:00\",\"mainEntityOfPage\":{\"@id\":\"https:\/\/jornalfatosenoticias.com.br\/index.php\/2025\/08\/18\/mais-uma-promessa-eleitoral-de-lula-falha-e-feminicidio-e-violencia-sexual-batem-recorde\/\"},\"wordCount\":1524,\"commentCount\":0,\"publisher\":{\"@id\":\"https:\/\/jornalfatosenoticias.com.br\/#organization\"},\"image\":{\"@id\":\"https:\/\/jornalfatosenoticias.com.br\/index.php\/2025\/08\/18\/mais-uma-promessa-eleitoral-de-lula-falha-e-feminicidio-e-violencia-sexual-batem-recorde\/#primaryimage\"},\"thumbnailUrl\":\"https:\/\/jornalfatosenoticias.com.br\/wp-content\/uploads\/2025\/08\/feminicidios-governo-lula_gettyimages.jpg\",\"keywords\":[\"Cida Gon\u00e7alves\",\"criminalidade\",\"governo federal\",\"Janja\",\"Lula\",\"Partido dos Trabalhadores (PT)\",\"porte de armas\",\"PSOL\",\"seguran\u00e7a p\u00fablica\",\"viol\u00eancia contra a mulher\",\"Viol\u00eancia Sexual\"],\"articleSection\":[\"Pol\u00edtica\"],\"inLanguage\":\"pt-BR\",\"potentialAction\":[{\"@type\":\"CommentAction\",\"name\":\"Comment\",\"target\":[\"https:\/\/jornalfatosenoticias.com.br\/index.php\/2025\/08\/18\/mais-uma-promessa-eleitoral-de-lula-falha-e-feminicidio-e-violencia-sexual-batem-recorde\/#respond\"]}]},{\"@type\":\"WebPage\",\"@id\":\"https:\/\/jornalfatosenoticias.com.br\/index.php\/2025\/08\/18\/mais-uma-promessa-eleitoral-de-lula-falha-e-feminicidio-e-violencia-sexual-batem-recorde\/\",\"url\":\"https:\/\/jornalfatosenoticias.com.br\/index.php\/2025\/08\/18\/mais-uma-promessa-eleitoral-de-lula-falha-e-feminicidio-e-violencia-sexual-batem-recorde\/\",\"name\":\"Mais uma promessa eleitoral de Lula falha e feminic\u00eddio e viol\u00eancia sexual batem recorde - Jornal Fatos e Not\u00edcias\",\"isPartOf\":{\"@id\":\"https:\/\/jornalfatosenoticias.com.br\/#website\"},\"primaryImageOfPage\":{\"@id\":\"https:\/\/jornalfatosenoticias.com.br\/index.php\/2025\/08\/18\/mais-uma-promessa-eleitoral-de-lula-falha-e-feminicidio-e-violencia-sexual-batem-recorde\/#primaryimage\"},\"image\":{\"@id\":\"https:\/\/jornalfatosenoticias.com.br\/index.php\/2025\/08\/18\/mais-uma-promessa-eleitoral-de-lula-falha-e-feminicidio-e-violencia-sexual-batem-recorde\/#primaryimage\"},\"thumbnailUrl\":\"https:\/\/jornalfatosenoticias.com.br\/wp-content\/uploads\/2025\/08\/feminicidios-governo-lula_gettyimages.jpg\",\"datePublished\":\"2025-08-18T15:42:19+00:00\",\"dateModified\":\"2025-08-18T15:42:22+00:00\",\"breadcrumb\":{\"@id\":\"https:\/\/jornalfatosenoticias.com.br\/index.php\/2025\/08\/18\/mais-uma-promessa-eleitoral-de-lula-falha-e-feminicidio-e-violencia-sexual-batem-recorde\/#breadcrumb\"},\"inLanguage\":\"pt-BR\",\"potentialAction\":[{\"@type\":\"ReadAction\",\"target\":[\"https:\/\/jornalfatosenoticias.com.br\/index.php\/2025\/08\/18\/mais-uma-promessa-eleitoral-de-lula-falha-e-feminicidio-e-violencia-sexual-batem-recorde\/\"]}]},{\"@type\":\"ImageObject\",\"inLanguage\":\"pt-BR\",\"@id\":\"https:\/\/jornalfatosenoticias.com.br\/index.php\/2025\/08\/18\/mais-uma-promessa-eleitoral-de-lula-falha-e-feminicidio-e-violencia-sexual-batem-recorde\/#primaryimage\",\"url\":\"https:\/\/jornalfatosenoticias.com.br\/wp-content\/uploads\/2025\/08\/feminicidios-governo-lula_gettyimages.jpg\",\"contentUrl\":\"https:\/\/jornalfatosenoticias.com.br\/wp-content\/uploads\/2025\/08\/feminicidios-governo-lula_gettyimages.jpg\",\"width\":612,\"height\":407,\"caption\":\"Brazil's President Luiz Inacio Lula da Silva signs a decree for Bill 976\/2022, which provides a special pension to children orphaned by the crime of femicide, on Tuesday, October 31, 2023 at the Planalto Palace in Brasilia, Brazil. (Photo by Ton Molina\/NurPhoto via Getty Images)\"},{\"@type\":\"BreadcrumbList\",\"@id\":\"https:\/\/jornalfatosenoticias.com.br\/index.php\/2025\/08\/18\/mais-uma-promessa-eleitoral-de-lula-falha-e-feminicidio-e-violencia-sexual-batem-recorde\/#breadcrumb\",\"itemListElement\":[{\"@type\":\"ListItem\",\"position\":1,\"name\":\"In\u00edcio\",\"item\":\"https:\/\/jornalfatosenoticias.com.br\/\"},{\"@type\":\"ListItem\",\"position\":2,\"name\":\"Mais uma promessa eleitoral de Lula falha e feminic\u00eddio e viol\u00eancia sexual batem recorde\"}]},{\"@type\":\"WebSite\",\"@id\":\"https:\/\/jornalfatosenoticias.com.br\/#website\",\"url\":\"https:\/\/jornalfatosenoticias.com.br\/\",\"name\":\"Jornal Fatos e Not\u00edcias\",\"description\":\"Not\u00edcias em geral\",\"publisher\":{\"@id\":\"https:\/\/jornalfatosenoticias.com.br\/#organization\"},\"potentialAction\":[{\"@type\":\"SearchAction\",\"target\":{\"@type\":\"EntryPoint\",\"urlTemplate\":\"https:\/\/jornalfatosenoticias.com.br\/?s={search_term_string}\"},\"query-input\":{\"@type\":\"PropertyValueSpecification\",\"valueRequired\":true,\"valueName\":\"search_term_string\"}}],\"inLanguage\":\"pt-BR\"},{\"@type\":\"Organization\",\"@id\":\"https:\/\/jornalfatosenoticias.com.br\/#organization\",\"name\":\"Jornal Fatos e Not\u00edcias\",\"url\":\"https:\/\/jornalfatosenoticias.com.br\/\",\"logo\":{\"@type\":\"ImageObject\",\"inLanguage\":\"pt-BR\",\"@id\":\"https:\/\/jornalfatosenoticias.com.br\/#\/schema\/logo\/image\/\",\"url\":\"https:\/\/jornalfatosenoticias.com.br\/wp-content\/uploads\/2020\/02\/logo120.png\",\"contentUrl\":\"https:\/\/jornalfatosenoticias.com.br\/wp-content\/uploads\/2020\/02\/logo120.png\",\"width\":1227,\"height\":120,\"caption\":\"Jornal Fatos e Not\u00edcias\"},\"image\":{\"@id\":\"https:\/\/jornalfatosenoticias.com.br\/#\/schema\/logo\/image\/\"}},{\"@type\":\"Person\",\"@id\":\"https:\/\/jornalfatosenoticias.com.br\/#\/schema\/person\/d63837fa13ac8666eb9e74e0985d6f81\",\"name\":\"Luzimara Fernandes\",\"image\":{\"@type\":\"ImageObject\",\"inLanguage\":\"pt-BR\",\"@id\":\"https:\/\/jornalfatosenoticias.com.br\/#\/schema\/person\/image\/\",\"url\":\"https:\/\/jornalfatosenoticias.com.br\/wp-content\/uploads\/2025\/05\/EU_portal.jpg\",\"contentUrl\":\"https:\/\/jornalfatosenoticias.com.br\/wp-content\/uploads\/2025\/05\/EU_portal.jpg\",\"caption\":\"Luzimara Fernandes\"},\"description\":\"Jornalista MTB 2358-ES\",\"sameAs\":[\"https:\/\/jornalfatosenoticias.com.br\"],\"url\":\"https:\/\/jornalfatosenoticias.com.br\/index.php\/author\/luzimara\/\"}]}<\/script>\n<!-- \/ Yoast SEO plugin. -->","yoast_head_json":{"title":"Mais uma promessa eleitoral de Lula falha e feminic\u00eddio e viol\u00eancia sexual batem recorde - Jornal Fatos e Not\u00edcias","robots":{"index":"index","follow":"follow","max-snippet":"max-snippet:-1","max-image-preview":"max-image-preview:large","max-video-preview":"max-video-preview:-1"},"canonical":"https:\/\/jornalfatosenoticias.com.br\/index.php\/2025\/08\/18\/mais-uma-promessa-eleitoral-de-lula-falha-e-feminicidio-e-violencia-sexual-batem-recorde\/","og_locale":"pt_BR","og_type":"article","og_title":"Mais uma promessa eleitoral de Lula falha e feminic\u00eddio e viol\u00eancia sexual batem recorde - Jornal Fatos e Not\u00edcias","og_description":"Promessa eleitoral de Lula falha, e feminic\u00eddio e viol\u00eancia sexual contra mulheres batem recorde no Brasil Por Bruno Sznajderman Sob a gest\u00e3o Lula (PT), o Brasil registrou, em 2024, aumento recorde nos casos de feminic\u00eddio, al\u00e9m de crescimento em outros crimes contra mulheres, como stalking (+18,2%), viol\u00eancia psicol\u00f3gica (+6,3%) e tentativa de feminic\u00eddio (+19%). Os [&hellip;]","og_url":"https:\/\/jornalfatosenoticias.com.br\/index.php\/2025\/08\/18\/mais-uma-promessa-eleitoral-de-lula-falha-e-feminicidio-e-violencia-sexual-batem-recorde\/","og_site_name":"Jornal Fatos e Not\u00edcias","article_published_time":"2025-08-18T15:42:19+00:00","article_modified_time":"2025-08-18T15:42:22+00:00","og_image":[{"width":612,"height":407,"url":"https:\/\/jornalfatosenoticias.com.br\/wp-content\/uploads\/2025\/08\/feminicidios-governo-lula_gettyimages.jpg","type":"image\/jpeg"}],"author":"Luzimara Fernandes","twitter_card":"summary_large_image","twitter_misc":{"Escrito por":"Luzimara Fernandes","Est. tempo de leitura":"8 minutos"},"schema":{"@context":"https:\/\/schema.org","@graph":[{"@type":"Article","@id":"https:\/\/jornalfatosenoticias.com.br\/index.php\/2025\/08\/18\/mais-uma-promessa-eleitoral-de-lula-falha-e-feminicidio-e-violencia-sexual-batem-recorde\/#article","isPartOf":{"@id":"https:\/\/jornalfatosenoticias.com.br\/index.php\/2025\/08\/18\/mais-uma-promessa-eleitoral-de-lula-falha-e-feminicidio-e-violencia-sexual-batem-recorde\/"},"author":{"name":"Luzimara Fernandes","@id":"https:\/\/jornalfatosenoticias.com.br\/#\/schema\/person\/d63837fa13ac8666eb9e74e0985d6f81"},"headline":"Mais uma promessa eleitoral de Lula falha e feminic\u00eddio e viol\u00eancia sexual batem recorde","datePublished":"2025-08-18T15:42:19+00:00","dateModified":"2025-08-18T15:42:22+00:00","mainEntityOfPage":{"@id":"https:\/\/jornalfatosenoticias.com.br\/index.php\/2025\/08\/18\/mais-uma-promessa-eleitoral-de-lula-falha-e-feminicidio-e-violencia-sexual-batem-recorde\/"},"wordCount":1524,"commentCount":0,"publisher":{"@id":"https:\/\/jornalfatosenoticias.com.br\/#organization"},"image":{"@id":"https:\/\/jornalfatosenoticias.com.br\/index.php\/2025\/08\/18\/mais-uma-promessa-eleitoral-de-lula-falha-e-feminicidio-e-violencia-sexual-batem-recorde\/#primaryimage"},"thumbnailUrl":"https:\/\/jornalfatosenoticias.com.br\/wp-content\/uploads\/2025\/08\/feminicidios-governo-lula_gettyimages.jpg","keywords":["Cida Gon\u00e7alves","criminalidade","governo federal","Janja","Lula","Partido dos Trabalhadores (PT)","porte de armas","PSOL","seguran\u00e7a p\u00fablica","viol\u00eancia contra a mulher","Viol\u00eancia Sexual"],"articleSection":["Pol\u00edtica"],"inLanguage":"pt-BR","potentialAction":[{"@type":"CommentAction","name":"Comment","target":["https:\/\/jornalfatosenoticias.com.br\/index.php\/2025\/08\/18\/mais-uma-promessa-eleitoral-de-lula-falha-e-feminicidio-e-violencia-sexual-batem-recorde\/#respond"]}]},{"@type":"WebPage","@id":"https:\/\/jornalfatosenoticias.com.br\/index.php\/2025\/08\/18\/mais-uma-promessa-eleitoral-de-lula-falha-e-feminicidio-e-violencia-sexual-batem-recorde\/","url":"https:\/\/jornalfatosenoticias.com.br\/index.php\/2025\/08\/18\/mais-uma-promessa-eleitoral-de-lula-falha-e-feminicidio-e-violencia-sexual-batem-recorde\/","name":"Mais uma promessa eleitoral de Lula falha e feminic\u00eddio e viol\u00eancia sexual batem recorde - Jornal Fatos e Not\u00edcias","isPartOf":{"@id":"https:\/\/jornalfatosenoticias.com.br\/#website"},"primaryImageOfPage":{"@id":"https:\/\/jornalfatosenoticias.com.br\/index.php\/2025\/08\/18\/mais-uma-promessa-eleitoral-de-lula-falha-e-feminicidio-e-violencia-sexual-batem-recorde\/#primaryimage"},"image":{"@id":"https:\/\/jornalfatosenoticias.com.br\/index.php\/2025\/08\/18\/mais-uma-promessa-eleitoral-de-lula-falha-e-feminicidio-e-violencia-sexual-batem-recorde\/#primaryimage"},"thumbnailUrl":"https:\/\/jornalfatosenoticias.com.br\/wp-content\/uploads\/2025\/08\/feminicidios-governo-lula_gettyimages.jpg","datePublished":"2025-08-18T15:42:19+00:00","dateModified":"2025-08-18T15:42:22+00:00","breadcrumb":{"@id":"https:\/\/jornalfatosenoticias.com.br\/index.php\/2025\/08\/18\/mais-uma-promessa-eleitoral-de-lula-falha-e-feminicidio-e-violencia-sexual-batem-recorde\/#breadcrumb"},"inLanguage":"pt-BR","potentialAction":[{"@type":"ReadAction","target":["https:\/\/jornalfatosenoticias.com.br\/index.php\/2025\/08\/18\/mais-uma-promessa-eleitoral-de-lula-falha-e-feminicidio-e-violencia-sexual-batem-recorde\/"]}]},{"@type":"ImageObject","inLanguage":"pt-BR","@id":"https:\/\/jornalfatosenoticias.com.br\/index.php\/2025\/08\/18\/mais-uma-promessa-eleitoral-de-lula-falha-e-feminicidio-e-violencia-sexual-batem-recorde\/#primaryimage","url":"https:\/\/jornalfatosenoticias.com.br\/wp-content\/uploads\/2025\/08\/feminicidios-governo-lula_gettyimages.jpg","contentUrl":"https:\/\/jornalfatosenoticias.com.br\/wp-content\/uploads\/2025\/08\/feminicidios-governo-lula_gettyimages.jpg","width":612,"height":407,"caption":"Brazil's President Luiz Inacio Lula da Silva signs a decree for Bill 976\/2022, which provides a special pension to children orphaned by the crime of femicide, on Tuesday, October 31, 2023 at the Planalto Palace in Brasilia, Brazil. (Photo by Ton Molina\/NurPhoto via Getty Images)"},{"@type":"BreadcrumbList","@id":"https:\/\/jornalfatosenoticias.com.br\/index.php\/2025\/08\/18\/mais-uma-promessa-eleitoral-de-lula-falha-e-feminicidio-e-violencia-sexual-batem-recorde\/#breadcrumb","itemListElement":[{"@type":"ListItem","position":1,"name":"In\u00edcio","item":"https:\/\/jornalfatosenoticias.com.br\/"},{"@type":"ListItem","position":2,"name":"Mais uma promessa eleitoral de Lula falha e feminic\u00eddio e viol\u00eancia sexual batem recorde"}]},{"@type":"WebSite","@id":"https:\/\/jornalfatosenoticias.com.br\/#website","url":"https:\/\/jornalfatosenoticias.com.br\/","name":"Jornal Fatos e Not\u00edcias","description":"Not\u00edcias em geral","publisher":{"@id":"https:\/\/jornalfatosenoticias.com.br\/#organization"},"potentialAction":[{"@type":"SearchAction","target":{"@type":"EntryPoint","urlTemplate":"https:\/\/jornalfatosenoticias.com.br\/?s={search_term_string}"},"query-input":{"@type":"PropertyValueSpecification","valueRequired":true,"valueName":"search_term_string"}}],"inLanguage":"pt-BR"},{"@type":"Organization","@id":"https:\/\/jornalfatosenoticias.com.br\/#organization","name":"Jornal Fatos e Not\u00edcias","url":"https:\/\/jornalfatosenoticias.com.br\/","logo":{"@type":"ImageObject","inLanguage":"pt-BR","@id":"https:\/\/jornalfatosenoticias.com.br\/#\/schema\/logo\/image\/","url":"https:\/\/jornalfatosenoticias.com.br\/wp-content\/uploads\/2020\/02\/logo120.png","contentUrl":"https:\/\/jornalfatosenoticias.com.br\/wp-content\/uploads\/2020\/02\/logo120.png","width":1227,"height":120,"caption":"Jornal Fatos e Not\u00edcias"},"image":{"@id":"https:\/\/jornalfatosenoticias.com.br\/#\/schema\/logo\/image\/"}},{"@type":"Person","@id":"https:\/\/jornalfatosenoticias.com.br\/#\/schema\/person\/d63837fa13ac8666eb9e74e0985d6f81","name":"Luzimara Fernandes","image":{"@type":"ImageObject","inLanguage":"pt-BR","@id":"https:\/\/jornalfatosenoticias.com.br\/#\/schema\/person\/image\/","url":"https:\/\/jornalfatosenoticias.com.br\/wp-content\/uploads\/2025\/05\/EU_portal.jpg","contentUrl":"https:\/\/jornalfatosenoticias.com.br\/wp-content\/uploads\/2025\/05\/EU_portal.jpg","caption":"Luzimara Fernandes"},"description":"Jornalista MTB 2358-ES","sameAs":["https:\/\/jornalfatosenoticias.com.br"],"url":"https:\/\/jornalfatosenoticias.com.br\/index.php\/author\/luzimara\/"}]}},"cc_featured_image_caption":{"caption_text":"(Foto: Getty Images)","source_text":"","source_url":""},"jetpack_featured_media_url":"https:\/\/jornalfatosenoticias.com.br\/wp-content\/uploads\/2025\/08\/feminicidios-governo-lula_gettyimages.jpg","_links":{"self":[{"href":"https:\/\/jornalfatosenoticias.com.br\/index.php\/wp-json\/wp\/v2\/posts\/61312","targetHints":{"allow":["GET"]}}],"collection":[{"href":"https:\/\/jornalfatosenoticias.com.br\/index.php\/wp-json\/wp\/v2\/posts"}],"about":[{"href":"https:\/\/jornalfatosenoticias.com.br\/index.php\/wp-json\/wp\/v2\/types\/post"}],"author":[{"embeddable":true,"href":"https:\/\/jornalfatosenoticias.com.br\/index.php\/wp-json\/wp\/v2\/users\/2"}],"replies":[{"embeddable":true,"href":"https:\/\/jornalfatosenoticias.com.br\/index.php\/wp-json\/wp\/v2\/comments?post=61312"}],"version-history":[{"count":0,"href":"https:\/\/jornalfatosenoticias.com.br\/index.php\/wp-json\/wp\/v2\/posts\/61312\/revisions"}],"wp:featuredmedia":[{"embeddable":true,"href":"https:\/\/jornalfatosenoticias.com.br\/index.php\/wp-json\/wp\/v2\/media\/61314"}],"wp:attachment":[{"href":"https:\/\/jornalfatosenoticias.com.br\/index.php\/wp-json\/wp\/v2\/media?parent=61312"}],"wp:term":[{"taxonomy":"category","embeddable":true,"href":"https:\/\/jornalfatosenoticias.com.br\/index.php\/wp-json\/wp\/v2\/categories?post=61312"},{"taxonomy":"post_tag","embeddable":true,"href":"https:\/\/jornalfatosenoticias.com.br\/index.php\/wp-json\/wp\/v2\/tags?post=61312"}],"curies":[{"name":"wp","href":"https:\/\/api.w.org\/{rel}","templated":true}]}}