{"id":61337,"date":"2025-08-20T14:18:08","date_gmt":"2025-08-20T17:18:08","guid":{"rendered":"https:\/\/jornalfatosenoticias.com.br\/?p=61337"},"modified":"2025-08-20T14:18:09","modified_gmt":"2025-08-20T17:18:09","slug":"james-webb-descobre-300-objetos-de-brilho-tao-intenso-que-desafiam-a-ciencia","status":"publish","type":"post","link":"https:\/\/jornalfatosenoticias.com.br\/index.php\/2025\/08\/20\/james-webb-descobre-300-objetos-de-brilho-tao-intenso-que-desafiam-a-ciencia\/","title":{"rendered":"James Webb descobre 300 objetos de brilho t\u00e3o intenso que desafiam a ci\u00eancia"},"content":{"rendered":"\n<p><em><span class=\"has-inline-color has-black-color\">Objetos descobertos pelo James Webb no in\u00edcio do Universo brilham muito mais do que os modelos atuais preveem para gal\u00e1xias t\u00e3o antigas<\/span><\/em><\/p>\n\n\n\n<p><span class=\"has-inline-color has-black-color\">Por <strong><a href=\"https:\/\/olhardigital.com.br\/author\/flavia-correia\/\">Flavia Correia<\/a><\/strong><\/span><\/p>\n\n\n\n<div class=\"wp-block-image\"><figure class=\"aligncenter size-large is-resized\"><a href=\"https:\/\/www.facebook.com\/vetor.vix\/\"><img loading=\"lazy\" decoding=\"async\" src=\"https:\/\/jornalfatosenoticias.com.br\/wp-content\/uploads\/2023\/09\/vetorvix1024_1.jpg\" alt=\"\" class=\"wp-image-44868\" width=\"554\" height=\"147\" srcset=\"https:\/\/jornalfatosenoticias.com.br\/wp-content\/uploads\/2023\/09\/vetorvix1024_1.jpg 1024w, https:\/\/jornalfatosenoticias.com.br\/wp-content\/uploads\/2023\/09\/vetorvix1024_1-300x80.jpg 300w, https:\/\/jornalfatosenoticias.com.br\/wp-content\/uploads\/2023\/09\/vetorvix1024_1-768x205.jpg 768w\" sizes=\"auto, (max-width: 554px) 100vw, 554px\" \/><\/a><\/figure><\/div>\n\n\n\n<p>Usando imagens de campo profundo do Telesc\u00f3pio Espacial James Webb (JWST), da <strong><a href=\"https:\/\/olhardigital.com.br\/2025\/08\/07\/ciencia-e-espaco\/nasa-divulga-uma-das-fotos-panoramicas-mais-nitidas-ja-tiradas-de-marte\/\" target=\"_blank\" rel=\"noreferrer noopener\">Nasa<\/a>,<\/strong> pesquisadores da Universidade do Missouri, nos EUA, identificaram 300 objetos excepcionalmente brilhantes no\u00a0<a href=\"https:\/\/olhardigital.com.br\/2025\/08\/08\/ciencia-e-espaco\/este-e-o-buraco-negro-mais-antigo-e-distante-do-universo\/\" target=\"_blank\" rel=\"noreferrer noopener\"><strong>Universo\u00a0<\/strong><\/a>primordial. A descoberta foi publicada no peri\u00f3dico cient\u00edfico\u00a0<a href=\"https:\/\/iopscience.iop.org\/article\/10.3847\/1538-4357\/addbe0\" target=\"_blank\" rel=\"noreferrer noopener\"><em><strong>The Astrophysical Journal.<\/strong><\/em><\/a><br>Embora possam ser gal\u00e1xias, os cientistas ainda n\u00e3o sabem ao certo. Gal\u00e1xias formadas logo ap\u00f3s o <strong><a href=\"https:\/\/olhardigital.com.br\/2024\/10\/04\/ciencia-e-espaco\/luz-cansada-desafia-o-big-bang-e-a-expansao-do-universo\/\" target=\"_blank\" rel=\"noreferrer noopener\">Big Bang<\/a><\/strong> deveriam ser fracas e pequenas, limitadas pela velocidade de forma\u00e7\u00e3o de estrelas. No entanto, esses objetos brilham muito mais do que os modelos atuais preveem. <\/p>\n\n\n\n<div class=\"wp-block-image\"><figure class=\"aligncenter size-large\"><a href=\"http:\/\/www.ferrarimaquinas.com.br\/\"><img loading=\"lazy\" decoding=\"async\" width=\"300\" height=\"250\" src=\"https:\/\/jornalfatosenoticias.com.br\/wp-content\/uploads\/2022\/02\/FERRARI_MAQUINAS-E-FERRAMENTAS2.jpg\" alt=\"\" class=\"wp-image-27860\"\/><\/a><\/figure><\/div>\n\n\n\n<blockquote class=\"wp-block-quote is-layout-flow wp-block-quote-is-layout-flow\"><p><span class=\"has-inline-color has-luminous-vivid-orange-color\">Se mesmo alguns desses objetos forem o que pensamos, nossa descoberta poder\u00e1 desafiar ideias atuais sobre a forma\u00e7\u00e3o das primeiras gal\u00e1xias\u201d, disse Haojing Yan, coautor do estudo, em um <strong><a href=\"https:\/\/showme.missouri.edu\/2025\/early-galaxies-or-something-else-mizzou-scientists-uncover-mysterious-objects-in-the-universe\/\" target=\"_blank\" rel=\"noreferrer noopener\">comunicado<\/a>.<\/strong><\/span><\/p><\/blockquote>\n\n\n\n<div class=\"wp-block-image\"><figure class=\"aligncenter size-large is-resized\"><a href=\"https:\/\/www.instagram.com\/gruposei\/\"><img loading=\"lazy\" decoding=\"async\" src=\"https:\/\/jornalfatosenoticias.com.br\/wp-content\/uploads\/2022\/07\/Logo-Grupo-SEI.jpg\" alt=\"\" class=\"wp-image-31973\" width=\"372\" height=\"195\" srcset=\"https:\/\/jornalfatosenoticias.com.br\/wp-content\/uploads\/2022\/07\/Logo-Grupo-SEI.jpg 713w, https:\/\/jornalfatosenoticias.com.br\/wp-content\/uploads\/2022\/07\/Logo-Grupo-SEI-300x158.jpg 300w\" sizes=\"auto, (max-width: 372px) 100vw, 372px\" \/><\/a><\/figure><\/div>\n\n\n\n<p>Para localiz\u00e1-los, a equipe usou a t\u00e9cnica de <em>\u201cdropout\u201d,<\/em> que identifica objetos que aparecem em luz vermelha, mas somem em azul. Isso indica que est\u00e3o muito distantes, mostrando o Universo como ele era h\u00e1 mais de 13 bilh\u00f5es de anos. A dist\u00e2ncia foi estimada analisando o brilho em diferentes comprimentos de onda, revelando idade, massa e desvio para o vermelho. Os instrumentos de infravermelho do JWST foram essenciais, pois s\u00e3o capazes de detectar a luz que viaja por bilh\u00f5es de anos-luz.<\/p>\n\n\n\n<div class=\"wp-block-image\"><figure class=\"aligncenter size-large is-resized\"><a href=\"https:\/\/www.controlsystems.com.br\/\"><img loading=\"lazy\" decoding=\"async\" src=\"https:\/\/jornalfatosenoticias.com.br\/wp-content\/uploads\/2020\/02\/CONTROL-CS.jpg\" alt=\"\" class=\"wp-image-44991\" width=\"241\" height=\"288\" srcset=\"https:\/\/jornalfatosenoticias.com.br\/wp-content\/uploads\/2020\/02\/CONTROL-CS.jpg 834w, https:\/\/jornalfatosenoticias.com.br\/wp-content\/uploads\/2020\/02\/CONTROL-CS-250x300.jpg 250w, https:\/\/jornalfatosenoticias.com.br\/wp-content\/uploads\/2020\/02\/CONTROL-CS-768x921.jpg 768w\" sizes=\"auto, (max-width: 241px) 100vw, 241px\" \/><\/a><\/figure><\/div>\n\n\n\n<blockquote class=\"wp-block-quote is-layout-flow wp-block-quote-is-layout-flow\"><p><span class=\"has-inline-color has-luminous-vivid-orange-color\">\u00c0 medida que a luz dessas gal\u00e1xias viaja pelo espa\u00e7o, ela se alonga, passando da luz vis\u00edvel para o infravermelho\u201d, explicou Yan. Esse alongamento, chamado desvio para o vermelho, indica a dist\u00e2ncia e aproxima\u00e7\u00e3o ao in\u00edcio do Universo. <\/span><\/p><\/blockquote>\n\n\n\n<div class=\"wp-block-image\"><figure class=\"aligncenter size-large is-resized\"><a href=\"https:\/\/panper.com.br\/\"><img loading=\"lazy\" decoding=\"async\" src=\"https:\/\/jornalfatosenoticias.com.br\/wp-content\/uploads\/2023\/03\/logo-Panper_portal.jpg\" alt=\"\" class=\"wp-image-40208\" width=\"310\" height=\"215\" srcset=\"https:\/\/jornalfatosenoticias.com.br\/wp-content\/uploads\/2023\/03\/logo-Panper_portal.jpg 400w, https:\/\/jornalfatosenoticias.com.br\/wp-content\/uploads\/2023\/03\/logo-Panper_portal-300x208.jpg 300w\" sizes=\"auto, (max-width: 310px) 100vw, 310px\" \/><\/a><\/figure><\/div>\n\n\n\n<p>O pr\u00f3ximo passo da equipe \u00e9 fazer observa\u00e7\u00f5es espectrosc\u00f3picas focadas nos objetos mais brilhantes. Confirmar que s\u00e3o gal\u00e1xias primitivas ajudar\u00e1 a entender como as primeiras estruturas c\u00f3smicas se formaram e evolu\u00edram, somando-se \u00e0s descobertas revolucion\u00e1rias do JWST desde 2022.<\/p>\n\n\n\n<div class=\"wp-block-image\"><figure class=\"aligncenter size-large is-resized\"><a href=\"https:\/\/www.instagram.com\/serra4x4cambioautomatico\/\"><img loading=\"lazy\" decoding=\"async\" src=\"https:\/\/jornalfatosenoticias.com.br\/wp-content\/uploads\/2024\/08\/Serra-4x4-1-886x1024.jpg\" alt=\"\" class=\"wp-image-53632\" width=\"260\" height=\"300\" srcset=\"https:\/\/jornalfatosenoticias.com.br\/wp-content\/uploads\/2024\/08\/Serra-4x4-1-886x1024.jpg 886w, https:\/\/jornalfatosenoticias.com.br\/wp-content\/uploads\/2024\/08\/Serra-4x4-1-260x300.jpg 260w, https:\/\/jornalfatosenoticias.com.br\/wp-content\/uploads\/2024\/08\/Serra-4x4-1-768x888.jpg 768w, https:\/\/jornalfatosenoticias.com.br\/wp-content\/uploads\/2024\/08\/Serra-4x4-1.jpg 1181w\" sizes=\"auto, (max-width: 260px) 100vw, 260px\" \/><\/a><\/figure><\/div>\n\n\n\n<p>Outra descoberta recente envolvendo o observat\u00f3rio espacial mais moderno de todos os tempos trouxe \u00e0 tona uma gal\u00e1xia do in\u00edcio do Universo em um formato inusitado. A combina\u00e7\u00e3o de dados do JWST e do Atacama Large Millimeter\/submillimeter Array (ALMA), rede de radiotelesc\u00f3pios que fica no Chile, permitiu a pesquisadores encontrar uma gal\u00e1xia com cerca de 15 aglomerados compactos de forma\u00e7\u00e3o de estrelas, que surgiu apenas 930 milh\u00f5es de anos ap\u00f3s o Big Bang. A disposi\u00e7\u00e3o desses aglomerados como uma esp\u00e9cie de cacho de uvas deu o nome curioso de \u201cUvas C\u00f3smicas\u201d \u00e0 gal\u00e1xia. Saiba mais detalhes <strong><a href=\"https:\/\/olhardigital.com.br\/2025\/08\/13\/ciencia-e-espaco\/lente-gravitacional-revela-uvas-cosmicas-do-inicio-do-universo\/\" target=\"_blank\" rel=\"noreferrer noopener\">aqui<\/a>.<\/strong><\/p>\n\n\n\n<div class=\"wp-block-image\"><figure class=\"aligncenter size-large is-resized\"><a href=\"https:\/\/legisjuris.com.br\/\"><img loading=\"lazy\" decoding=\"async\" src=\"https:\/\/jornalfatosenoticias.com.br\/wp-content\/uploads\/2024\/09\/Legis-Juris-Consultoria_logo.jpg\" alt=\"\" class=\"wp-image-53915\" width=\"470\" height=\"197\" srcset=\"https:\/\/jornalfatosenoticias.com.br\/wp-content\/uploads\/2024\/09\/Legis-Juris-Consultoria_logo.jpg 969w, https:\/\/jornalfatosenoticias.com.br\/wp-content\/uploads\/2024\/09\/Legis-Juris-Consultoria_logo-300x126.jpg 300w, https:\/\/jornalfatosenoticias.com.br\/wp-content\/uploads\/2024\/09\/Legis-Juris-Consultoria_logo-768x322.jpg 768w\" sizes=\"auto, (max-width: 470px) 100vw, 470px\" \/><\/a><\/figure><\/div>\n\n\n\n<p><strong>Fonte: <a href=\"https:\/\/olhardigital.com.br\/2025\/08\/15\/ciencia-e-espaco\/james-webb-descobre-300-objetos-de-brilho-tao-intenso-que-desafiam-a-ciencia\/\">Olhar Digital<\/a><\/strong><\/p>\n","protected":false},"excerpt":{"rendered":"<p>Objetos descobertos pelo James Webb no in\u00edcio do Universo brilham muito mais do que os modelos atuais preveem para gal\u00e1xias t\u00e3o antigas Por Flavia Correia Usando imagens de campo profundo do Telesc\u00f3pio Espacial James Webb (JWST), da Nasa, pesquisadores da Universidade do Missouri, nos EUA, identificaram 300 objetos excepcionalmente brilhantes no\u00a0Universo\u00a0primordial. A descoberta foi publicada [&hellip;]<\/p>\n","protected":false},"author":2,"featured_media":61338,"comment_status":"open","ping_status":"open","sticky":false,"template":"","format":"standard","meta":{"footnotes":""},"categories":[2],"tags":[789,15159,14074,1384],"class_list":["post-61337","post","type-post","status-publish","format-standard","has-post-thumbnail","hentry","category-ciencia","tag-galaxias","tag-james-webb","tag-telescopio-espacial-james-webb","tag-universo"],"yoast_head":"<!-- This site is optimized with the Yoast SEO plugin v26.5 - https:\/\/yoast.com\/wordpress\/plugins\/seo\/ -->\n<title>James Webb descobre 300 objetos de brilho t\u00e3o intenso que desafiam a ci\u00eancia - Jornal Fatos e Not\u00edcias<\/title>\n<meta name=\"robots\" content=\"index, follow, max-snippet:-1, max-image-preview:large, max-video-preview:-1\" \/>\n<link rel=\"canonical\" href=\"https:\/\/jornalfatosenoticias.com.br\/index.php\/2025\/08\/20\/james-webb-descobre-300-objetos-de-brilho-tao-intenso-que-desafiam-a-ciencia\/\" \/>\n<meta property=\"og:locale\" content=\"pt_BR\" \/>\n<meta property=\"og:type\" content=\"article\" \/>\n<meta property=\"og:title\" content=\"James Webb descobre 300 objetos de brilho t\u00e3o intenso que desafiam a ci\u00eancia - Jornal Fatos e Not\u00edcias\" \/>\n<meta property=\"og:description\" content=\"Objetos descobertos pelo James Webb no in\u00edcio do Universo brilham muito mais do que os modelos atuais preveem para gal\u00e1xias t\u00e3o antigas Por Flavia Correia Usando imagens de campo profundo do Telesc\u00f3pio Espacial James Webb (JWST), da Nasa, pesquisadores da Universidade do Missouri, nos EUA, identificaram 300 objetos excepcionalmente brilhantes no\u00a0Universo\u00a0primordial. A descoberta foi publicada [&hellip;]\" \/>\n<meta property=\"og:url\" content=\"https:\/\/jornalfatosenoticias.com.br\/index.php\/2025\/08\/20\/james-webb-descobre-300-objetos-de-brilho-tao-intenso-que-desafiam-a-ciencia\/\" \/>\n<meta property=\"og:site_name\" content=\"Jornal Fatos e Not\u00edcias\" \/>\n<meta property=\"article:published_time\" content=\"2025-08-20T17:18:08+00:00\" \/>\n<meta property=\"article:modified_time\" content=\"2025-08-20T17:18:09+00:00\" \/>\n<meta property=\"og:image\" content=\"https:\/\/jornalfatosenoticias.com.br\/wp-content\/uploads\/2025\/08\/300-objetos-brilhantes-james-webb-nasa.jpg\" \/>\n\t<meta property=\"og:image:width\" content=\"1000\" \/>\n\t<meta property=\"og:image:height\" content=\"562\" \/>\n\t<meta property=\"og:image:type\" content=\"image\/jpeg\" \/>\n<meta name=\"author\" content=\"Luzimara Fernandes\" \/>\n<meta name=\"twitter:card\" content=\"summary_large_image\" \/>\n<meta name=\"twitter:label1\" content=\"Escrito por\" \/>\n\t<meta name=\"twitter:data1\" content=\"Luzimara Fernandes\" \/>\n\t<meta name=\"twitter:label2\" content=\"Est. tempo de leitura\" \/>\n\t<meta name=\"twitter:data2\" content=\"2 minutos\" \/>\n<script type=\"application\/ld+json\" class=\"yoast-schema-graph\">{\"@context\":\"https:\/\/schema.org\",\"@graph\":[{\"@type\":\"Article\",\"@id\":\"https:\/\/jornalfatosenoticias.com.br\/index.php\/2025\/08\/20\/james-webb-descobre-300-objetos-de-brilho-tao-intenso-que-desafiam-a-ciencia\/#article\",\"isPartOf\":{\"@id\":\"https:\/\/jornalfatosenoticias.com.br\/index.php\/2025\/08\/20\/james-webb-descobre-300-objetos-de-brilho-tao-intenso-que-desafiam-a-ciencia\/\"},\"author\":{\"name\":\"Luzimara Fernandes\",\"@id\":\"https:\/\/jornalfatosenoticias.com.br\/#\/schema\/person\/d63837fa13ac8666eb9e74e0985d6f81\"},\"headline\":\"James Webb descobre 300 objetos de brilho t\u00e3o intenso que desafiam a ci\u00eancia\",\"datePublished\":\"2025-08-20T17:18:08+00:00\",\"dateModified\":\"2025-08-20T17:18:09+00:00\",\"mainEntityOfPage\":{\"@id\":\"https:\/\/jornalfatosenoticias.com.br\/index.php\/2025\/08\/20\/james-webb-descobre-300-objetos-de-brilho-tao-intenso-que-desafiam-a-ciencia\/\"},\"wordCount\":447,\"commentCount\":0,\"publisher\":{\"@id\":\"https:\/\/jornalfatosenoticias.com.br\/#organization\"},\"image\":{\"@id\":\"https:\/\/jornalfatosenoticias.com.br\/index.php\/2025\/08\/20\/james-webb-descobre-300-objetos-de-brilho-tao-intenso-que-desafiam-a-ciencia\/#primaryimage\"},\"thumbnailUrl\":\"https:\/\/jornalfatosenoticias.com.br\/wp-content\/uploads\/2025\/08\/300-objetos-brilhantes-james-webb-nasa.jpg\",\"keywords\":[\"gal\u00e1xias\",\"James Webb\",\"Telesc\u00f3pio Espacial James Webb\",\"Universo\"],\"articleSection\":[\"Ci\u00eancia\"],\"inLanguage\":\"pt-BR\",\"potentialAction\":[{\"@type\":\"CommentAction\",\"name\":\"Comment\",\"target\":[\"https:\/\/jornalfatosenoticias.com.br\/index.php\/2025\/08\/20\/james-webb-descobre-300-objetos-de-brilho-tao-intenso-que-desafiam-a-ciencia\/#respond\"]}]},{\"@type\":\"WebPage\",\"@id\":\"https:\/\/jornalfatosenoticias.com.br\/index.php\/2025\/08\/20\/james-webb-descobre-300-objetos-de-brilho-tao-intenso-que-desafiam-a-ciencia\/\",\"url\":\"https:\/\/jornalfatosenoticias.com.br\/index.php\/2025\/08\/20\/james-webb-descobre-300-objetos-de-brilho-tao-intenso-que-desafiam-a-ciencia\/\",\"name\":\"James Webb descobre 300 objetos de brilho t\u00e3o intenso que desafiam a ci\u00eancia - Jornal Fatos e Not\u00edcias\",\"isPartOf\":{\"@id\":\"https:\/\/jornalfatosenoticias.com.br\/#website\"},\"primaryImageOfPage\":{\"@id\":\"https:\/\/jornalfatosenoticias.com.br\/index.php\/2025\/08\/20\/james-webb-descobre-300-objetos-de-brilho-tao-intenso-que-desafiam-a-ciencia\/#primaryimage\"},\"image\":{\"@id\":\"https:\/\/jornalfatosenoticias.com.br\/index.php\/2025\/08\/20\/james-webb-descobre-300-objetos-de-brilho-tao-intenso-que-desafiam-a-ciencia\/#primaryimage\"},\"thumbnailUrl\":\"https:\/\/jornalfatosenoticias.com.br\/wp-content\/uploads\/2025\/08\/300-objetos-brilhantes-james-webb-nasa.jpg\",\"datePublished\":\"2025-08-20T17:18:08+00:00\",\"dateModified\":\"2025-08-20T17:18:09+00:00\",\"breadcrumb\":{\"@id\":\"https:\/\/jornalfatosenoticias.com.br\/index.php\/2025\/08\/20\/james-webb-descobre-300-objetos-de-brilho-tao-intenso-que-desafiam-a-ciencia\/#breadcrumb\"},\"inLanguage\":\"pt-BR\",\"potentialAction\":[{\"@type\":\"ReadAction\",\"target\":[\"https:\/\/jornalfatosenoticias.com.br\/index.php\/2025\/08\/20\/james-webb-descobre-300-objetos-de-brilho-tao-intenso-que-desafiam-a-ciencia\/\"]}]},{\"@type\":\"ImageObject\",\"inLanguage\":\"pt-BR\",\"@id\":\"https:\/\/jornalfatosenoticias.com.br\/index.php\/2025\/08\/20\/james-webb-descobre-300-objetos-de-brilho-tao-intenso-que-desafiam-a-ciencia\/#primaryimage\",\"url\":\"https:\/\/jornalfatosenoticias.com.br\/wp-content\/uploads\/2025\/08\/300-objetos-brilhantes-james-webb-nasa.jpg\",\"contentUrl\":\"https:\/\/jornalfatosenoticias.com.br\/wp-content\/uploads\/2025\/08\/300-objetos-brilhantes-james-webb-nasa.jpg\",\"width\":1000,\"height\":562},{\"@type\":\"BreadcrumbList\",\"@id\":\"https:\/\/jornalfatosenoticias.com.br\/index.php\/2025\/08\/20\/james-webb-descobre-300-objetos-de-brilho-tao-intenso-que-desafiam-a-ciencia\/#breadcrumb\",\"itemListElement\":[{\"@type\":\"ListItem\",\"position\":1,\"name\":\"In\u00edcio\",\"item\":\"https:\/\/jornalfatosenoticias.com.br\/\"},{\"@type\":\"ListItem\",\"position\":2,\"name\":\"James Webb descobre 300 objetos de brilho t\u00e3o intenso que desafiam a ci\u00eancia\"}]},{\"@type\":\"WebSite\",\"@id\":\"https:\/\/jornalfatosenoticias.com.br\/#website\",\"url\":\"https:\/\/jornalfatosenoticias.com.br\/\",\"name\":\"Jornal Fatos e Not\u00edcias\",\"description\":\"Not\u00edcias em geral\",\"publisher\":{\"@id\":\"https:\/\/jornalfatosenoticias.com.br\/#organization\"},\"potentialAction\":[{\"@type\":\"SearchAction\",\"target\":{\"@type\":\"EntryPoint\",\"urlTemplate\":\"https:\/\/jornalfatosenoticias.com.br\/?s={search_term_string}\"},\"query-input\":{\"@type\":\"PropertyValueSpecification\",\"valueRequired\":true,\"valueName\":\"search_term_string\"}}],\"inLanguage\":\"pt-BR\"},{\"@type\":\"Organization\",\"@id\":\"https:\/\/jornalfatosenoticias.com.br\/#organization\",\"name\":\"Jornal Fatos e Not\u00edcias\",\"url\":\"https:\/\/jornalfatosenoticias.com.br\/\",\"logo\":{\"@type\":\"ImageObject\",\"inLanguage\":\"pt-BR\",\"@id\":\"https:\/\/jornalfatosenoticias.com.br\/#\/schema\/logo\/image\/\",\"url\":\"https:\/\/jornalfatosenoticias.com.br\/wp-content\/uploads\/2020\/02\/logo120.png\",\"contentUrl\":\"https:\/\/jornalfatosenoticias.com.br\/wp-content\/uploads\/2020\/02\/logo120.png\",\"width\":1227,\"height\":120,\"caption\":\"Jornal Fatos e Not\u00edcias\"},\"image\":{\"@id\":\"https:\/\/jornalfatosenoticias.com.br\/#\/schema\/logo\/image\/\"}},{\"@type\":\"Person\",\"@id\":\"https:\/\/jornalfatosenoticias.com.br\/#\/schema\/person\/d63837fa13ac8666eb9e74e0985d6f81\",\"name\":\"Luzimara Fernandes\",\"image\":{\"@type\":\"ImageObject\",\"inLanguage\":\"pt-BR\",\"@id\":\"https:\/\/jornalfatosenoticias.com.br\/#\/schema\/person\/image\/\",\"url\":\"https:\/\/jornalfatosenoticias.com.br\/wp-content\/uploads\/2025\/05\/EU_portal.jpg\",\"contentUrl\":\"https:\/\/jornalfatosenoticias.com.br\/wp-content\/uploads\/2025\/05\/EU_portal.jpg\",\"caption\":\"Luzimara Fernandes\"},\"description\":\"Jornalista MTB 2358-ES\",\"sameAs\":[\"https:\/\/jornalfatosenoticias.com.br\"],\"url\":\"https:\/\/jornalfatosenoticias.com.br\/index.php\/author\/luzimara\/\"}]}<\/script>\n<!-- \/ Yoast SEO plugin. -->","yoast_head_json":{"title":"James Webb descobre 300 objetos de brilho t\u00e3o intenso que desafiam a ci\u00eancia - Jornal Fatos e Not\u00edcias","robots":{"index":"index","follow":"follow","max-snippet":"max-snippet:-1","max-image-preview":"max-image-preview:large","max-video-preview":"max-video-preview:-1"},"canonical":"https:\/\/jornalfatosenoticias.com.br\/index.php\/2025\/08\/20\/james-webb-descobre-300-objetos-de-brilho-tao-intenso-que-desafiam-a-ciencia\/","og_locale":"pt_BR","og_type":"article","og_title":"James Webb descobre 300 objetos de brilho t\u00e3o intenso que desafiam a ci\u00eancia - Jornal Fatos e Not\u00edcias","og_description":"Objetos descobertos pelo James Webb no in\u00edcio do Universo brilham muito mais do que os modelos atuais preveem para gal\u00e1xias t\u00e3o antigas Por Flavia Correia Usando imagens de campo profundo do Telesc\u00f3pio Espacial James Webb (JWST), da Nasa, pesquisadores da Universidade do Missouri, nos EUA, identificaram 300 objetos excepcionalmente brilhantes no\u00a0Universo\u00a0primordial. A descoberta foi publicada [&hellip;]","og_url":"https:\/\/jornalfatosenoticias.com.br\/index.php\/2025\/08\/20\/james-webb-descobre-300-objetos-de-brilho-tao-intenso-que-desafiam-a-ciencia\/","og_site_name":"Jornal Fatos e Not\u00edcias","article_published_time":"2025-08-20T17:18:08+00:00","article_modified_time":"2025-08-20T17:18:09+00:00","og_image":[{"width":1000,"height":562,"url":"https:\/\/jornalfatosenoticias.com.br\/wp-content\/uploads\/2025\/08\/300-objetos-brilhantes-james-webb-nasa.jpg","type":"image\/jpeg"}],"author":"Luzimara Fernandes","twitter_card":"summary_large_image","twitter_misc":{"Escrito por":"Luzimara Fernandes","Est. tempo de leitura":"2 minutos"},"schema":{"@context":"https:\/\/schema.org","@graph":[{"@type":"Article","@id":"https:\/\/jornalfatosenoticias.com.br\/index.php\/2025\/08\/20\/james-webb-descobre-300-objetos-de-brilho-tao-intenso-que-desafiam-a-ciencia\/#article","isPartOf":{"@id":"https:\/\/jornalfatosenoticias.com.br\/index.php\/2025\/08\/20\/james-webb-descobre-300-objetos-de-brilho-tao-intenso-que-desafiam-a-ciencia\/"},"author":{"name":"Luzimara Fernandes","@id":"https:\/\/jornalfatosenoticias.com.br\/#\/schema\/person\/d63837fa13ac8666eb9e74e0985d6f81"},"headline":"James Webb descobre 300 objetos de brilho t\u00e3o intenso que desafiam a ci\u00eancia","datePublished":"2025-08-20T17:18:08+00:00","dateModified":"2025-08-20T17:18:09+00:00","mainEntityOfPage":{"@id":"https:\/\/jornalfatosenoticias.com.br\/index.php\/2025\/08\/20\/james-webb-descobre-300-objetos-de-brilho-tao-intenso-que-desafiam-a-ciencia\/"},"wordCount":447,"commentCount":0,"publisher":{"@id":"https:\/\/jornalfatosenoticias.com.br\/#organization"},"image":{"@id":"https:\/\/jornalfatosenoticias.com.br\/index.php\/2025\/08\/20\/james-webb-descobre-300-objetos-de-brilho-tao-intenso-que-desafiam-a-ciencia\/#primaryimage"},"thumbnailUrl":"https:\/\/jornalfatosenoticias.com.br\/wp-content\/uploads\/2025\/08\/300-objetos-brilhantes-james-webb-nasa.jpg","keywords":["gal\u00e1xias","James Webb","Telesc\u00f3pio Espacial James Webb","Universo"],"articleSection":["Ci\u00eancia"],"inLanguage":"pt-BR","potentialAction":[{"@type":"CommentAction","name":"Comment","target":["https:\/\/jornalfatosenoticias.com.br\/index.php\/2025\/08\/20\/james-webb-descobre-300-objetos-de-brilho-tao-intenso-que-desafiam-a-ciencia\/#respond"]}]},{"@type":"WebPage","@id":"https:\/\/jornalfatosenoticias.com.br\/index.php\/2025\/08\/20\/james-webb-descobre-300-objetos-de-brilho-tao-intenso-que-desafiam-a-ciencia\/","url":"https:\/\/jornalfatosenoticias.com.br\/index.php\/2025\/08\/20\/james-webb-descobre-300-objetos-de-brilho-tao-intenso-que-desafiam-a-ciencia\/","name":"James Webb descobre 300 objetos de brilho t\u00e3o intenso que desafiam a ci\u00eancia - Jornal Fatos e Not\u00edcias","isPartOf":{"@id":"https:\/\/jornalfatosenoticias.com.br\/#website"},"primaryImageOfPage":{"@id":"https:\/\/jornalfatosenoticias.com.br\/index.php\/2025\/08\/20\/james-webb-descobre-300-objetos-de-brilho-tao-intenso-que-desafiam-a-ciencia\/#primaryimage"},"image":{"@id":"https:\/\/jornalfatosenoticias.com.br\/index.php\/2025\/08\/20\/james-webb-descobre-300-objetos-de-brilho-tao-intenso-que-desafiam-a-ciencia\/#primaryimage"},"thumbnailUrl":"https:\/\/jornalfatosenoticias.com.br\/wp-content\/uploads\/2025\/08\/300-objetos-brilhantes-james-webb-nasa.jpg","datePublished":"2025-08-20T17:18:08+00:00","dateModified":"2025-08-20T17:18:09+00:00","breadcrumb":{"@id":"https:\/\/jornalfatosenoticias.com.br\/index.php\/2025\/08\/20\/james-webb-descobre-300-objetos-de-brilho-tao-intenso-que-desafiam-a-ciencia\/#breadcrumb"},"inLanguage":"pt-BR","potentialAction":[{"@type":"ReadAction","target":["https:\/\/jornalfatosenoticias.com.br\/index.php\/2025\/08\/20\/james-webb-descobre-300-objetos-de-brilho-tao-intenso-que-desafiam-a-ciencia\/"]}]},{"@type":"ImageObject","inLanguage":"pt-BR","@id":"https:\/\/jornalfatosenoticias.com.br\/index.php\/2025\/08\/20\/james-webb-descobre-300-objetos-de-brilho-tao-intenso-que-desafiam-a-ciencia\/#primaryimage","url":"https:\/\/jornalfatosenoticias.com.br\/wp-content\/uploads\/2025\/08\/300-objetos-brilhantes-james-webb-nasa.jpg","contentUrl":"https:\/\/jornalfatosenoticias.com.br\/wp-content\/uploads\/2025\/08\/300-objetos-brilhantes-james-webb-nasa.jpg","width":1000,"height":562},{"@type":"BreadcrumbList","@id":"https:\/\/jornalfatosenoticias.com.br\/index.php\/2025\/08\/20\/james-webb-descobre-300-objetos-de-brilho-tao-intenso-que-desafiam-a-ciencia\/#breadcrumb","itemListElement":[{"@type":"ListItem","position":1,"name":"In\u00edcio","item":"https:\/\/jornalfatosenoticias.com.br\/"},{"@type":"ListItem","position":2,"name":"James Webb descobre 300 objetos de brilho t\u00e3o intenso que desafiam a ci\u00eancia"}]},{"@type":"WebSite","@id":"https:\/\/jornalfatosenoticias.com.br\/#website","url":"https:\/\/jornalfatosenoticias.com.br\/","name":"Jornal Fatos e Not\u00edcias","description":"Not\u00edcias em geral","publisher":{"@id":"https:\/\/jornalfatosenoticias.com.br\/#organization"},"potentialAction":[{"@type":"SearchAction","target":{"@type":"EntryPoint","urlTemplate":"https:\/\/jornalfatosenoticias.com.br\/?s={search_term_string}"},"query-input":{"@type":"PropertyValueSpecification","valueRequired":true,"valueName":"search_term_string"}}],"inLanguage":"pt-BR"},{"@type":"Organization","@id":"https:\/\/jornalfatosenoticias.com.br\/#organization","name":"Jornal Fatos e Not\u00edcias","url":"https:\/\/jornalfatosenoticias.com.br\/","logo":{"@type":"ImageObject","inLanguage":"pt-BR","@id":"https:\/\/jornalfatosenoticias.com.br\/#\/schema\/logo\/image\/","url":"https:\/\/jornalfatosenoticias.com.br\/wp-content\/uploads\/2020\/02\/logo120.png","contentUrl":"https:\/\/jornalfatosenoticias.com.br\/wp-content\/uploads\/2020\/02\/logo120.png","width":1227,"height":120,"caption":"Jornal Fatos e Not\u00edcias"},"image":{"@id":"https:\/\/jornalfatosenoticias.com.br\/#\/schema\/logo\/image\/"}},{"@type":"Person","@id":"https:\/\/jornalfatosenoticias.com.br\/#\/schema\/person\/d63837fa13ac8666eb9e74e0985d6f81","name":"Luzimara Fernandes","image":{"@type":"ImageObject","inLanguage":"pt-BR","@id":"https:\/\/jornalfatosenoticias.com.br\/#\/schema\/person\/image\/","url":"https:\/\/jornalfatosenoticias.com.br\/wp-content\/uploads\/2025\/05\/EU_portal.jpg","contentUrl":"https:\/\/jornalfatosenoticias.com.br\/wp-content\/uploads\/2025\/05\/EU_portal.jpg","caption":"Luzimara Fernandes"},"description":"Jornalista MTB 2358-ES","sameAs":["https:\/\/jornalfatosenoticias.com.br"],"url":"https:\/\/jornalfatosenoticias.com.br\/index.php\/author\/luzimara\/"}]}},"cc_featured_image_caption":{"caption_text":"(Foto: Nasa)  ","source_text":"","source_url":""},"jetpack_featured_media_url":"https:\/\/jornalfatosenoticias.com.br\/wp-content\/uploads\/2025\/08\/300-objetos-brilhantes-james-webb-nasa.jpg","_links":{"self":[{"href":"https:\/\/jornalfatosenoticias.com.br\/index.php\/wp-json\/wp\/v2\/posts\/61337","targetHints":{"allow":["GET"]}}],"collection":[{"href":"https:\/\/jornalfatosenoticias.com.br\/index.php\/wp-json\/wp\/v2\/posts"}],"about":[{"href":"https:\/\/jornalfatosenoticias.com.br\/index.php\/wp-json\/wp\/v2\/types\/post"}],"author":[{"embeddable":true,"href":"https:\/\/jornalfatosenoticias.com.br\/index.php\/wp-json\/wp\/v2\/users\/2"}],"replies":[{"embeddable":true,"href":"https:\/\/jornalfatosenoticias.com.br\/index.php\/wp-json\/wp\/v2\/comments?post=61337"}],"version-history":[{"count":0,"href":"https:\/\/jornalfatosenoticias.com.br\/index.php\/wp-json\/wp\/v2\/posts\/61337\/revisions"}],"wp:featuredmedia":[{"embeddable":true,"href":"https:\/\/jornalfatosenoticias.com.br\/index.php\/wp-json\/wp\/v2\/media\/61338"}],"wp:attachment":[{"href":"https:\/\/jornalfatosenoticias.com.br\/index.php\/wp-json\/wp\/v2\/media?parent=61337"}],"wp:term":[{"taxonomy":"category","embeddable":true,"href":"https:\/\/jornalfatosenoticias.com.br\/index.php\/wp-json\/wp\/v2\/categories?post=61337"},{"taxonomy":"post_tag","embeddable":true,"href":"https:\/\/jornalfatosenoticias.com.br\/index.php\/wp-json\/wp\/v2\/tags?post=61337"}],"curies":[{"name":"wp","href":"https:\/\/api.w.org\/{rel}","templated":true}]}}